{"id":3932,"date":"2025-03-17T15:56:56","date_gmt":"2025-03-17T14:56:56","guid":{"rendered":"https:\/\/www.strassenweb.de\/nachrichten\/5-schluesseltrends-die-designer-im-jahr-2025-teilen\/"},"modified":"2025-03-17T15:56:57","modified_gmt":"2025-03-17T14:56:57","slug":"5-schluesseltrends-die-designer-im-jahr-2025-teilen","status":"publish","type":"post","link":"https:\/\/www.strassenweb.de\/nachrichten\/5-schluesseltrends-die-designer-im-jahr-2025-teilen\/","title":{"rendered":"5 Schl\u00fcsseltrends, die Designer im Jahr 2025 teilen"},"content":{"rendered":"<p><\/p>\n<div id=\"article-body\" class=\"article__body \">\n<p>Die faszinierendsten Designtrends sind diejenigen, die unter Designer eine Debatte f\u00fchren. Manchmal liegt es daran, dass sie alles widersprechen, was wir \u00fcber das Dekor wussten. Manchmal liegt es daran, dass sie so retro sind, dass sie Menschen an \u00c4sthetik erinnern, die sie lieber vergessen w\u00fcrden. Und manchmal ist es nur eine Frage des pers\u00f6nlichen Geschmacks.<\/p>\n<div id=\"ad-unit-1\" class=\"ad-unit\"><\/div>\n<p>Die diesj\u00e4hrigen Innenarchitekturtrends sind voller kontroverser Ideen. Es gibt ein metallisches Finish, das viele Leute dazu gebracht hat, die K\u00f6pfe dar\u00fcber zu kratzen, wie man es benutzt, einige Dattelk\u00fcchentrends, die zur\u00fcck in H\u00e4user sickern, und einige potenziell unpraktische Aussehen, die niemand sicher ist, ob sie sich verpflichten.<\/p>\n<aside class=\"hawk-base\" data-block-type=\"embed\" data-render-type=\"fte\" data-skip=\"dealsy\" data-widget-type=\"seasonal\">\n<div class=\"hawk-master-widget-hawk-base-wrapper\"><\/div>\n<\/aside>\n<p>Diese f\u00fcnf Trends, die Designer teilen, sind die wichtigsten Looks, die derzeit die hitzigsten Gespr\u00e4che f\u00fchren, und wir sind immer noch als Kollektiv trainieren, wenn sie kleben werden.<\/p>\n<div id=\"desktop-in-article\" class=\"in-article ad-unit\">\n<div id=\"desktop-taboola-mid-article\"><\/div>\n<\/div>\n<div id=\"mobile-in-article\" class=\"in-article ad-unit\">\n<div id=\"mobile-taboola-mid-article\"><\/div>\n<\/div>\n<h3 class=\"article-body__section\" id=\"section-1-chrome-faucets\"><span>1. Chromarmaturen<\/span><\/h3>\n<figure class=\"van-image-figure inline-layout \" data-bordeaux-image-check>\n<div class=\"image-full-width-wrapper\">\n<div class=\"image-widthsetter\" style=\"max-width:2000px;\"><\/div>\n<\/div>\n<\/figure>\n<p>Mit dem Aufstieg von Chrome als gro\u00dfer neuer Designtrend im Jahr 2025 braucht es einige Designer, um sie um ihn herum zu bringen &#8211; Brass hat so lange dominiert.<\/p>\n<div class=\"van_vid_carousel\">\n<div class=\"van_vid_carousel__padding\">\n<div class=\"van_vid_carousel__container\"><\/div>\n<\/div>\n<\/div>\n<p>&#8222;Wir versuchen, von Gold zu treten und anderen Metallen eine Chance zu geben&#8220;, sagt Monica Santayana, Mitbegr\u00fcnderin des in Miami ans\u00e4ssigen Studios Moniomi. &#8222;Aber gealtertes Messing ist etwas tiefer, und wir wenden uns immer in seine W\u00e4rme.&#8220;<\/p>\n<div id=\"ad-unit-2\" class=\"ad-unit\"><\/div>\n<p>Andererseits sieht der in New York ans\u00e4ssige Designer Sarah Tract den Wert eines Chromaucet. &#8222;Mein Instinkt war es, Messing f\u00fcr diesen Pulverraum (oben) zu kleben, was besonders bei den Gr\u00fcns erwartet wird&#8220;, sagt sie. \u201eAber es w\u00fcrde sich so anf\u00fchlen, als h\u00e4tte Chrome seinen Moment wieder und wir wollten uns nicht super traditionell f\u00fchlen. Ich liebe es tats\u00e4chlich, dass das Chrom gegen dieses sehr gemusterte Tapete verschwindet, w\u00e4hrend Messing hervorgegangen w\u00e4re. Das f\u00fchlt sich moderner an. &#8218;<\/p>\n<h3 class=\"article-body__section\" id=\"section-2-black-countertops\"><span>2. Schwarze Arbeitsplatten<\/span><\/h3>\n<figure class=\"van-image-figure inline-layout \" data-bordeaux-image-check>\n<div class=\"image-full-width-wrapper\">\n<div class=\"image-widthsetter\" style=\"max-width:2400px;\"><\/div>\n<\/div>\n<\/figure>\n<p>Schwarze Arbeitsplatten sind im Jahr 2025 ein zur\u00fcckkehrender K\u00fcchentrend und beginnen jetzt auch in Badezimmern und Pulverzimmern zu sehen. Es ist eine gro\u00dfe Kehrtwende von den Wei\u00dfen und Cremes, die jahrelang dominiert sind, und ist ein Look, den Designer immer noch nur vorsichtig umarmen.<\/p>\n<p>&#8222;Ich denke, viele Menschen sind von den gl\u00e4nzenden schwarzen Arbeitsplatten der Vergangenheit gezeichnet&#8220;, sagt Sarah Tract. \u201eAber sie k\u00f6nnen richtig verwendet werden, wenn sie sich wirklich kokonieren k\u00f6nnen. Ich mag sie besonders in Pulverr\u00e4umen, die klein sind und nicht viel nat\u00fcrliches Licht bekommen. Eine schwarze Arbeitsplatte hier kann sich wirklich dramatisch anf\u00fchlen. &#8218;<\/p>\n<h3 class=\"article-body__section\" id=\"section-3-fluted-kitchen-cabinetry-and-islands\"><span>3.. Geriffelte K\u00fcchenschr\u00e4nke und Inseln<\/span><\/h3>\n<figure class=\"van-image-figure inline-layout \" data-bordeaux-image-check>\n<div class=\"image-full-width-wrapper\">\n<div class=\"image-widthsetter\" style=\"max-width:2400px;\"><\/div>\n<\/div>\n<\/figure>\n<p>Ein gro\u00dfer Design -Trend in den letzten Jahren, geriffelte K\u00fccheninseln und Schrankfronten sehen das Licht wundersch\u00f6n. &#8222;Sie funktionieren gut in monochromen R\u00e4umen, um die Textur zu schichten&#8220;, sagt Sarah Tract.<\/p>\n<p>Aber sie sind nicht f\u00fcr jedermann. &#8222;Die Grooves fangen Essen, die fallen gelassen werden&#8220;, sagt der in Santa Fe ans\u00e4ssige Designerin Heather French von French und French Interiors mit ihrem praktischen Kopf. \u00bbSie gehen nicht gut ab, als sich auch Staub in den K\u00e4mmen niederlassen. Ich habe festgestellt, dass Sie die gleiche W\u00e4rme aus dem Hinzuf\u00fcgen eines Vintage oder gefundenen M\u00f6belst\u00fccks erhalten k\u00f6nnen, das Charakter auf andere Weise bietet. &#8218;<\/p>\n<h3 class=\"article-body__section\" id=\"section-4-floral-prints\"><span>4. Blumendrucke<\/span><\/h3>\n<figure class=\"van-image-figure inline-layout \" data-bordeaux-image-check>\n<div class=\"image-full-width-wrapper\">\n<div class=\"image-widthsetter\" style=\"max-width:2000px;\"><\/div>\n<\/div>\n<\/figure>\n<p>Blumen kommen wieder in Mode. Ja, p\u00fcnktlich zum Fr\u00fchlingsdekor. Bahnbrechend, wissen wir. Aber nicht jeder Designer entscheidet sich daf\u00fcr, sie zu verwenden.<\/p>\n<p>&#8222;Ich wollte ein organisches Motiv f\u00fcr mein j\u00fcngstes Pariser Projekt&#8220;, sagt der Designer Olga Ashby. &#8222;Aber Blumen h\u00e4tten sich zu h\u00fcbsch gef\u00fchlt, nicht raffiniert genug.&#8220; Sie w\u00e4hlte stattdessen eine Wandbedeckung mit einem einzigartigen Muster.<\/p>\n<p>Designer, die Blumen m\u00f6gen, entdecken jedoch, dass Stoffh\u00e4user den Look mit neuen Ans\u00e4tzen aktualisieren. &#8222;Ich liebe Blumen&#8220;, sagt Sarah Tract, die dieses sehr moderne Schlafzimmer oben mit seinem blumigen Kopfteil und dem Bettrahmen geschaffen hat.<\/p>\n<p>&#8222;Aber es gibt eine feine Linie zwischen einem bisschen chintzy und in eine moderne Richtung&#8220;, f\u00fcgt sie hinzu. &#8222;Dieser Stoff stammt von Schumacher, und der wei\u00dfe Hintergrund und der wei\u00dfe Raum zwischen jeder Blume verleihen Raum zum Atmen und einer Luftigkeit, die sie davon abh\u00e4lt, sich so schwer und altmodisch zu f\u00fchlen.&#8220;<\/p>\n<h3 class=\"article-body__section\" id=\"section-5-gray-walls\"><span>5. graue W\u00e4nde<\/span><\/h3>\n<figure class=\"van-image-figure inline-layout \" data-bordeaux-image-check>\n<div class=\"image-full-width-wrapper\">\n<div class=\"image-widthsetter\" style=\"max-width:2000px;\"><\/div>\n<\/div>\n<\/figure>\n<p>&#8222;Die Leute ziehen sich vom Dekorieren mit Grau ab, und ich kann nicht so tun, als w\u00e4re ich entt\u00e4uscht dar\u00fcber&#8220;, sagt Joa Studholme, Farbkurator von Farrow und Ball. &#8222;Wir alle wollen jetzt reichere Farbt\u00f6ne, T\u00f6ne, die sich vertrauter und warmer anf\u00fchlen und Ihre Schultern fallen lassen, wenn Sie in den Raum gehen.&#8220;<\/p>\n<p>Und w\u00e4hrend sich viele Farbtrends von 2025 momentan um mutig gef\u00e4rbte W\u00e4nde drehen, feiert Grey ein Comeback &#8211; solange es warm oder mehr beige im Ton ist.<\/p>\n<p>&#8222;Wir wollten uns eigentlich in das Grau f\u00fcr diesen Esszimmer lehnen&#8220;, sagt Sarah Tract. &#8218;Der Rest der Wohnung ist sehr neutral und die Oxblood -Essst\u00fchle sind ungef\u00e4hr das Wagemotivierte Ding. Die W\u00e4nde grau zu halten, war ein Weg, sie mit dem Rest des Dekors zu harmonisieren. &#8218;<\/p>\n<hr>\n<p>Diese f\u00fcnf Trends m\u00f6gen Designer teilen, aber sie sind alle wichtige Looks f\u00fcr 2025 und k\u00f6nnen sich vorstellen, dass wir den Rest des Jahres immer mehr von ihnen sehen werden. Welche Trends teilen Ihre Meinung in diesem Jahr bisher?<\/p>\n<\/div>\n","protected":false},"excerpt":{"rendered":"<p>Die faszinierendsten Designtrends sind diejenigen, die unter Designer eine Debatte f\u00fchren. Manchmal liegt es daran, dass sie alles widersprechen, was wir \u00fcber das Dekor wussten.<\/p>\n","protected":false},"author":1,"featured_media":3933,"comment_status":"closed","ping_status":"","sticky":false,"template":"","format":"standard","meta":{"footnotes":""},"categories":[118],"tags":[216,9,384,6017,1866],"class_list":["post-3932","post","type-post","status-publish","format-standard","has-post-thumbnail","hentry","category-haus-garten","tag-designer","tag-die","tag-jahr","tag-schluesseltrends","tag-teilen","generate-columns","tablet-grid-50","mobile-grid-100","grid-parent","grid-50"],"yoast_head":"<!-- This site is optimized with the Yoast SEO plugin v27.3 - https:\/\/yoast.com\/product\/yoast-seo-wordpress\/ -->\n<title>5 Schl\u00fcsseltrends, die Designer im Jahr 2025 teilen - Nachrichten - Stra\u00dfenweb<\/title>\n<meta name=\"robots\" content=\"index, follow, max-snippet:-1, max-image-preview:large, max-video-preview:-1\" \/>\n<link rel=\"canonical\" href=\"https:\/\/www.strassenweb.de\/nachrichten\/5-schluesseltrends-die-designer-im-jahr-2025-teilen\/\" \/>\n<meta property=\"og:locale\" content=\"de_DE\" \/>\n<meta property=\"og:type\" content=\"article\" \/>\n<meta property=\"og:title\" content=\"5 Schl\u00fcsseltrends, die Designer im Jahr 2025 teilen - Nachrichten - Stra\u00dfenweb\" \/>\n<meta property=\"og:description\" content=\"Die faszinierendsten Designtrends sind diejenigen, die unter Designer eine Debatte f\u00fchren. Manchmal liegt es daran, dass sie alles widersprechen, was wir \u00fcber das Dekor wussten.\" \/>\n<meta property=\"og:url\" content=\"https:\/\/www.strassenweb.de\/nachrichten\/5-schluesseltrends-die-designer-im-jahr-2025-teilen\/\" \/>\n<meta property=\"og:site_name\" content=\"Stra\u00dfenweb\" \/>\n<meta property=\"article:publisher\" content=\"https:\/\/www.facebook.com\/strassenweb\/\" \/>\n<meta property=\"article:published_time\" content=\"2025-03-17T14:56:56+00:00\" \/>\n<meta property=\"article:modified_time\" content=\"2025-03-17T14:56:57+00:00\" \/>\n<meta property=\"og:image\" content=\"https:\/\/www.strassenweb.de\/nachrichten\/wp-content\/uploads\/2025\/03\/5-Schluesseltrends-die-Designer-im-Jahr-2025-teilen.jpg\" \/>\n\t<meta property=\"og:image:width\" content=\"1200\" \/>\n\t<meta property=\"og:image:height\" content=\"675\" \/>\n\t<meta property=\"og:image:type\" content=\"image\/jpeg\" \/>\n<meta name=\"author\" content=\"Robert Hoffmann\" \/>\n<meta name=\"twitter:card\" content=\"summary_large_image\" \/>\n<meta name=\"twitter:label1\" content=\"Verfasst von\" \/>\n\t<meta name=\"twitter:data1\" content=\"Robert Hoffmann\" \/>\n\t<meta name=\"twitter:label2\" content=\"Gesch\u00e4tzte Lesezeit\" \/>\n\t<meta name=\"twitter:data2\" content=\"4\u00a0Minuten\" \/>\n<script type=\"application\/ld+json\" class=\"yoast-schema-graph\">{\"@context\":\"https:\\\/\\\/schema.org\",\"@graph\":[{\"@type\":\"Article\",\"@id\":\"https:\\\/\\\/www.strassenweb.de\\\/nachrichten\\\/5-schluesseltrends-die-designer-im-jahr-2025-teilen\\\/#article\",\"isPartOf\":{\"@id\":\"https:\\\/\\\/www.strassenweb.de\\\/nachrichten\\\/5-schluesseltrends-die-designer-im-jahr-2025-teilen\\\/\"},\"author\":{\"name\":\"Robert Hoffmann\",\"@id\":\"https:\\\/\\\/www.strassenweb.de\\\/nachrichten\\\/#\\\/schema\\\/person\\\/87c9c9067f1211da429a744dc5a5aa41\"},\"headline\":\"5 Schl\u00fcsseltrends, die Designer im Jahr 2025 teilen\",\"datePublished\":\"2025-03-17T14:56:56+00:00\",\"dateModified\":\"2025-03-17T14:56:57+00:00\",\"mainEntityOfPage\":{\"@id\":\"https:\\\/\\\/www.strassenweb.de\\\/nachrichten\\\/5-schluesseltrends-die-designer-im-jahr-2025-teilen\\\/\"},\"wordCount\":873,\"publisher\":{\"@id\":\"https:\\\/\\\/www.strassenweb.de\\\/nachrichten\\\/#organization\"},\"image\":{\"@id\":\"https:\\\/\\\/www.strassenweb.de\\\/nachrichten\\\/5-schluesseltrends-die-designer-im-jahr-2025-teilen\\\/#primaryimage\"},\"thumbnailUrl\":\"https:\\\/\\\/www.strassenweb.de\\\/nachrichten\\\/wp-content\\\/uploads\\\/2025\\\/03\\\/5-Schluesseltrends-die-Designer-im-Jahr-2025-teilen.jpg\",\"keywords\":[\"Designer\",\"die\",\"Jahr\",\"Schl\u00fcsseltrends\",\"teilen\"],\"articleSection\":[\"Haus &amp; Garten\"],\"inLanguage\":\"de\"},{\"@type\":\"WebPage\",\"@id\":\"https:\\\/\\\/www.strassenweb.de\\\/nachrichten\\\/5-schluesseltrends-die-designer-im-jahr-2025-teilen\\\/\",\"url\":\"https:\\\/\\\/www.strassenweb.de\\\/nachrichten\\\/5-schluesseltrends-die-designer-im-jahr-2025-teilen\\\/\",\"name\":\"5 Schl\u00fcsseltrends, die Designer im Jahr 2025 teilen - Nachrichten - Stra\u00dfenweb\",\"isPartOf\":{\"@id\":\"https:\\\/\\\/www.strassenweb.de\\\/nachrichten\\\/#website\"},\"primaryImageOfPage\":{\"@id\":\"https:\\\/\\\/www.strassenweb.de\\\/nachrichten\\\/5-schluesseltrends-die-designer-im-jahr-2025-teilen\\\/#primaryimage\"},\"image\":{\"@id\":\"https:\\\/\\\/www.strassenweb.de\\\/nachrichten\\\/5-schluesseltrends-die-designer-im-jahr-2025-teilen\\\/#primaryimage\"},\"thumbnailUrl\":\"https:\\\/\\\/www.strassenweb.de\\\/nachrichten\\\/wp-content\\\/uploads\\\/2025\\\/03\\\/5-Schluesseltrends-die-Designer-im-Jahr-2025-teilen.jpg\",\"datePublished\":\"2025-03-17T14:56:56+00:00\",\"dateModified\":\"2025-03-17T14:56:57+00:00\",\"breadcrumb\":{\"@id\":\"https:\\\/\\\/www.strassenweb.de\\\/nachrichten\\\/5-schluesseltrends-die-designer-im-jahr-2025-teilen\\\/#breadcrumb\"},\"inLanguage\":\"de\",\"potentialAction\":[{\"@type\":\"ReadAction\",\"target\":[\"https:\\\/\\\/www.strassenweb.de\\\/nachrichten\\\/5-schluesseltrends-die-designer-im-jahr-2025-teilen\\\/\"]}]},{\"@type\":\"ImageObject\",\"inLanguage\":\"de\",\"@id\":\"https:\\\/\\\/www.strassenweb.de\\\/nachrichten\\\/5-schluesseltrends-die-designer-im-jahr-2025-teilen\\\/#primaryimage\",\"url\":\"https:\\\/\\\/www.strassenweb.de\\\/nachrichten\\\/wp-content\\\/uploads\\\/2025\\\/03\\\/5-Schluesseltrends-die-Designer-im-Jahr-2025-teilen.jpg\",\"contentUrl\":\"https:\\\/\\\/www.strassenweb.de\\\/nachrichten\\\/wp-content\\\/uploads\\\/2025\\\/03\\\/5-Schluesseltrends-die-Designer-im-Jahr-2025-teilen.jpg\",\"width\":1200,\"height\":675,\"caption\":\"5 Schl\u00fcsseltrends, die Designer im Jahr 2025 teilen\"},{\"@type\":\"BreadcrumbList\",\"@id\":\"https:\\\/\\\/www.strassenweb.de\\\/nachrichten\\\/5-schluesseltrends-die-designer-im-jahr-2025-teilen\\\/#breadcrumb\",\"itemListElement\":[{\"@type\":\"ListItem\",\"position\":1,\"name\":\"Home\",\"item\":\"https:\\\/\\\/www.strassenweb.de\\\/nachrichten\\\/\"},{\"@type\":\"ListItem\",\"position\":2,\"name\":\"5 Schl\u00fcsseltrends, die Designer im Jahr 2025 teilen\"}]},{\"@type\":\"WebSite\",\"@id\":\"https:\\\/\\\/www.strassenweb.de\\\/nachrichten\\\/#website\",\"url\":\"https:\\\/\\\/www.strassenweb.de\\\/nachrichten\\\/\",\"name\":\"Stra\u00dfenweb\",\"description\":\"Stra\u00dfenverzeichnis f\u00fcr Deutschland\",\"publisher\":{\"@id\":\"https:\\\/\\\/www.strassenweb.de\\\/nachrichten\\\/#organization\"},\"potentialAction\":[{\"@type\":\"SearchAction\",\"target\":{\"@type\":\"EntryPoint\",\"urlTemplate\":\"https:\\\/\\\/www.strassenweb.de\\\/nachrichten\\\/?s={search_term_string}\"},\"query-input\":{\"@type\":\"PropertyValueSpecification\",\"valueRequired\":true,\"valueName\":\"search_term_string\"}}],\"inLanguage\":\"de\"},{\"@type\":\"Organization\",\"@id\":\"https:\\\/\\\/www.strassenweb.de\\\/nachrichten\\\/#organization\",\"name\":\"Stra\u00dfenweb\",\"url\":\"https:\\\/\\\/www.strassenweb.de\\\/nachrichten\\\/\",\"logo\":{\"@type\":\"ImageObject\",\"inLanguage\":\"de\",\"@id\":\"https:\\\/\\\/www.strassenweb.de\\\/nachrichten\\\/#\\\/schema\\\/logo\\\/image\\\/\",\"url\":\"https:\\\/\\\/www.strassenweb.de\\\/nachrichten\\\/wp-content\\\/uploads\\\/2024\\\/09\\\/cropped-favicon.png\",\"contentUrl\":\"https:\\\/\\\/www.strassenweb.de\\\/nachrichten\\\/wp-content\\\/uploads\\\/2024\\\/09\\\/cropped-favicon.png\",\"width\":512,\"height\":512,\"caption\":\"Stra\u00dfenweb\"},\"image\":{\"@id\":\"https:\\\/\\\/www.strassenweb.de\\\/nachrichten\\\/#\\\/schema\\\/logo\\\/image\\\/\"},\"sameAs\":[\"https:\\\/\\\/www.facebook.com\\\/strassenweb\\\/\"]},{\"@type\":\"Person\",\"@id\":\"https:\\\/\\\/www.strassenweb.de\\\/nachrichten\\\/#\\\/schema\\\/person\\\/87c9c9067f1211da429a744dc5a5aa41\",\"name\":\"Robert Hoffmann\",\"image\":{\"@type\":\"ImageObject\",\"inLanguage\":\"de\",\"@id\":\"https:\\\/\\\/www.strassenweb.de\\\/nachrichten\\\/wp-content\\\/uploads\\\/2024\\\/09\\\/strassenweb-150x150.jpg\",\"url\":\"https:\\\/\\\/www.strassenweb.de\\\/nachrichten\\\/wp-content\\\/uploads\\\/2024\\\/09\\\/strassenweb-150x150.jpg\",\"contentUrl\":\"https:\\\/\\\/www.strassenweb.de\\\/nachrichten\\\/wp-content\\\/uploads\\\/2024\\\/09\\\/strassenweb-150x150.jpg\",\"caption\":\"Robert Hoffmann\"},\"description\":\"Ich hei\u00dfe Robert Hoffmann und ich bin ein leidenschaftlicher Verfechter von \u00d6kologie und Biodiversit\u00e4t. Seit meiner Kindheit in den W\u00e4ldern Bayerns f\u00fchle ich mich mit der Natur verbunden und bin entschlossen, sie zu sch\u00fctzen. Heute widme ich mein Leben der Sensibilisierung anderer f\u00fcr die Bedeutung des Umweltschutzes f\u00fcr zuk\u00fcnftige Generationen.\",\"sameAs\":[\"https:\\\/\\\/www.strassenweb.de\\\/\"]}]}<\/script>\n<!-- \/ Yoast SEO plugin. -->","yoast_head_json":{"title":"5 Schl\u00fcsseltrends, die Designer im Jahr 2025 teilen - Nachrichten - Stra\u00dfenweb","robots":{"index":"index","follow":"follow","max-snippet":"max-snippet:-1","max-image-preview":"max-image-preview:large","max-video-preview":"max-video-preview:-1"},"canonical":"https:\/\/www.strassenweb.de\/nachrichten\/5-schluesseltrends-die-designer-im-jahr-2025-teilen\/","og_locale":"de_DE","og_type":"article","og_title":"5 Schl\u00fcsseltrends, die Designer im Jahr 2025 teilen - Nachrichten - Stra\u00dfenweb","og_description":"Die faszinierendsten Designtrends sind diejenigen, die unter Designer eine Debatte f\u00fchren. Manchmal liegt es daran, dass sie alles widersprechen, was wir \u00fcber das Dekor wussten.","og_url":"https:\/\/www.strassenweb.de\/nachrichten\/5-schluesseltrends-die-designer-im-jahr-2025-teilen\/","og_site_name":"Stra\u00dfenweb","article_publisher":"https:\/\/www.facebook.com\/strassenweb\/","article_published_time":"2025-03-17T14:56:56+00:00","article_modified_time":"2025-03-17T14:56:57+00:00","og_image":[{"width":1200,"height":675,"url":"https:\/\/www.strassenweb.de\/nachrichten\/wp-content\/uploads\/2025\/03\/5-Schluesseltrends-die-Designer-im-Jahr-2025-teilen.jpg","type":"image\/jpeg"}],"author":"Robert Hoffmann","twitter_card":"summary_large_image","twitter_misc":{"Verfasst von":"Robert Hoffmann","Gesch\u00e4tzte Lesezeit":"4\u00a0Minuten"},"schema":{"@context":"https:\/\/schema.org","@graph":[{"@type":"Article","@id":"https:\/\/www.strassenweb.de\/nachrichten\/5-schluesseltrends-die-designer-im-jahr-2025-teilen\/#article","isPartOf":{"@id":"https:\/\/www.strassenweb.de\/nachrichten\/5-schluesseltrends-die-designer-im-jahr-2025-teilen\/"},"author":{"name":"Robert Hoffmann","@id":"https:\/\/www.strassenweb.de\/nachrichten\/#\/schema\/person\/87c9c9067f1211da429a744dc5a5aa41"},"headline":"5 Schl\u00fcsseltrends, die Designer im Jahr 2025 teilen","datePublished":"2025-03-17T14:56:56+00:00","dateModified":"2025-03-17T14:56:57+00:00","mainEntityOfPage":{"@id":"https:\/\/www.strassenweb.de\/nachrichten\/5-schluesseltrends-die-designer-im-jahr-2025-teilen\/"},"wordCount":873,"publisher":{"@id":"https:\/\/www.strassenweb.de\/nachrichten\/#organization"},"image":{"@id":"https:\/\/www.strassenweb.de\/nachrichten\/5-schluesseltrends-die-designer-im-jahr-2025-teilen\/#primaryimage"},"thumbnailUrl":"https:\/\/www.strassenweb.de\/nachrichten\/wp-content\/uploads\/2025\/03\/5-Schluesseltrends-die-Designer-im-Jahr-2025-teilen.jpg","keywords":["Designer","die","Jahr","Schl\u00fcsseltrends","teilen"],"articleSection":["Haus &amp; Garten"],"inLanguage":"de"},{"@type":"WebPage","@id":"https:\/\/www.strassenweb.de\/nachrichten\/5-schluesseltrends-die-designer-im-jahr-2025-teilen\/","url":"https:\/\/www.strassenweb.de\/nachrichten\/5-schluesseltrends-die-designer-im-jahr-2025-teilen\/","name":"5 Schl\u00fcsseltrends, die Designer im Jahr 2025 teilen - Nachrichten - Stra\u00dfenweb","isPartOf":{"@id":"https:\/\/www.strassenweb.de\/nachrichten\/#website"},"primaryImageOfPage":{"@id":"https:\/\/www.strassenweb.de\/nachrichten\/5-schluesseltrends-die-designer-im-jahr-2025-teilen\/#primaryimage"},"image":{"@id":"https:\/\/www.strassenweb.de\/nachrichten\/5-schluesseltrends-die-designer-im-jahr-2025-teilen\/#primaryimage"},"thumbnailUrl":"https:\/\/www.strassenweb.de\/nachrichten\/wp-content\/uploads\/2025\/03\/5-Schluesseltrends-die-Designer-im-Jahr-2025-teilen.jpg","datePublished":"2025-03-17T14:56:56+00:00","dateModified":"2025-03-17T14:56:57+00:00","breadcrumb":{"@id":"https:\/\/www.strassenweb.de\/nachrichten\/5-schluesseltrends-die-designer-im-jahr-2025-teilen\/#breadcrumb"},"inLanguage":"de","potentialAction":[{"@type":"ReadAction","target":["https:\/\/www.strassenweb.de\/nachrichten\/5-schluesseltrends-die-designer-im-jahr-2025-teilen\/"]}]},{"@type":"ImageObject","inLanguage":"de","@id":"https:\/\/www.strassenweb.de\/nachrichten\/5-schluesseltrends-die-designer-im-jahr-2025-teilen\/#primaryimage","url":"https:\/\/www.strassenweb.de\/nachrichten\/wp-content\/uploads\/2025\/03\/5-Schluesseltrends-die-Designer-im-Jahr-2025-teilen.jpg","contentUrl":"https:\/\/www.strassenweb.de\/nachrichten\/wp-content\/uploads\/2025\/03\/5-Schluesseltrends-die-Designer-im-Jahr-2025-teilen.jpg","width":1200,"height":675,"caption":"5 Schl\u00fcsseltrends, die Designer im Jahr 2025 teilen"},{"@type":"BreadcrumbList","@id":"https:\/\/www.strassenweb.de\/nachrichten\/5-schluesseltrends-die-designer-im-jahr-2025-teilen\/#breadcrumb","itemListElement":[{"@type":"ListItem","position":1,"name":"Home","item":"https:\/\/www.strassenweb.de\/nachrichten\/"},{"@type":"ListItem","position":2,"name":"5 Schl\u00fcsseltrends, die Designer im Jahr 2025 teilen"}]},{"@type":"WebSite","@id":"https:\/\/www.strassenweb.de\/nachrichten\/#website","url":"https:\/\/www.strassenweb.de\/nachrichten\/","name":"Stra\u00dfenweb","description":"Stra\u00dfenverzeichnis f\u00fcr Deutschland","publisher":{"@id":"https:\/\/www.strassenweb.de\/nachrichten\/#organization"},"potentialAction":[{"@type":"SearchAction","target":{"@type":"EntryPoint","urlTemplate":"https:\/\/www.strassenweb.de\/nachrichten\/?s={search_term_string}"},"query-input":{"@type":"PropertyValueSpecification","valueRequired":true,"valueName":"search_term_string"}}],"inLanguage":"de"},{"@type":"Organization","@id":"https:\/\/www.strassenweb.de\/nachrichten\/#organization","name":"Stra\u00dfenweb","url":"https:\/\/www.strassenweb.de\/nachrichten\/","logo":{"@type":"ImageObject","inLanguage":"de","@id":"https:\/\/www.strassenweb.de\/nachrichten\/#\/schema\/logo\/image\/","url":"https:\/\/www.strassenweb.de\/nachrichten\/wp-content\/uploads\/2024\/09\/cropped-favicon.png","contentUrl":"https:\/\/www.strassenweb.de\/nachrichten\/wp-content\/uploads\/2024\/09\/cropped-favicon.png","width":512,"height":512,"caption":"Stra\u00dfenweb"},"image":{"@id":"https:\/\/www.strassenweb.de\/nachrichten\/#\/schema\/logo\/image\/"},"sameAs":["https:\/\/www.facebook.com\/strassenweb\/"]},{"@type":"Person","@id":"https:\/\/www.strassenweb.de\/nachrichten\/#\/schema\/person\/87c9c9067f1211da429a744dc5a5aa41","name":"Robert Hoffmann","image":{"@type":"ImageObject","inLanguage":"de","@id":"https:\/\/www.strassenweb.de\/nachrichten\/wp-content\/uploads\/2024\/09\/strassenweb-150x150.jpg","url":"https:\/\/www.strassenweb.de\/nachrichten\/wp-content\/uploads\/2024\/09\/strassenweb-150x150.jpg","contentUrl":"https:\/\/www.strassenweb.de\/nachrichten\/wp-content\/uploads\/2024\/09\/strassenweb-150x150.jpg","caption":"Robert Hoffmann"},"description":"Ich hei\u00dfe Robert Hoffmann und ich bin ein leidenschaftlicher Verfechter von \u00d6kologie und Biodiversit\u00e4t. Seit meiner Kindheit in den W\u00e4ldern Bayerns f\u00fchle ich mich mit der Natur verbunden und bin entschlossen, sie zu sch\u00fctzen. Heute widme ich mein Leben der Sensibilisierung anderer f\u00fcr die Bedeutung des Umweltschutzes f\u00fcr zuk\u00fcnftige Generationen.","sameAs":["https:\/\/www.strassenweb.de\/"]}]}},"_links":{"self":[{"href":"https:\/\/www.strassenweb.de\/nachrichten\/wp-json\/wp\/v2\/posts\/3932","targetHints":{"allow":["GET"]}}],"collection":[{"href":"https:\/\/www.strassenweb.de\/nachrichten\/wp-json\/wp\/v2\/posts"}],"about":[{"href":"https:\/\/www.strassenweb.de\/nachrichten\/wp-json\/wp\/v2\/types\/post"}],"author":[{"embeddable":true,"href":"https:\/\/www.strassenweb.de\/nachrichten\/wp-json\/wp\/v2\/users\/1"}],"replies":[{"embeddable":true,"href":"https:\/\/www.strassenweb.de\/nachrichten\/wp-json\/wp\/v2\/comments?post=3932"}],"version-history":[{"count":0,"href":"https:\/\/www.strassenweb.de\/nachrichten\/wp-json\/wp\/v2\/posts\/3932\/revisions"}],"wp:featuredmedia":[{"embeddable":true,"href":"https:\/\/www.strassenweb.de\/nachrichten\/wp-json\/wp\/v2\/media\/3933"}],"wp:attachment":[{"href":"https:\/\/www.strassenweb.de\/nachrichten\/wp-json\/wp\/v2\/media?parent=3932"}],"wp:term":[{"taxonomy":"category","embeddable":true,"href":"https:\/\/www.strassenweb.de\/nachrichten\/wp-json\/wp\/v2\/categories?post=3932"},{"taxonomy":"post_tag","embeddable":true,"href":"https:\/\/www.strassenweb.de\/nachrichten\/wp-json\/wp\/v2\/tags?post=3932"}],"curies":[{"name":"wp","href":"https:\/\/api.w.org\/{rel}","templated":true}]}}