{"id":3929,"date":"2025-03-17T12:39:57","date_gmt":"2025-03-17T11:39:57","guid":{"rendered":"https:\/\/www.strassenweb.de\/nachrichten\/die-world-sustainability-organisation-startet-die-carbon-offset-kampagne-fuer-eine-zukunft-mit-null-impact\/"},"modified":"2025-03-17T12:39:57","modified_gmt":"2025-03-17T11:39:57","slug":"die-world-sustainability-organisation-startet-die-carbon-offset-kampagne-fuer-eine-zukunft-mit-null-impact","status":"publish","type":"post","link":"https:\/\/www.strassenweb.de\/nachrichten\/die-world-sustainability-organisation-startet-die-carbon-offset-kampagne-fuer-eine-zukunft-mit-null-impact\/","title":{"rendered":"Die World Sustainability-Organisation startet die Carbon-Offset-Kampagne f\u00fcr eine Zukunft mit Null-Impact"},"content":{"rendered":"<p>Die World Sustainability Organization (WSO) ist stolz darauf, die Einf\u00fchrung der Carbon -Offset -Kampagne bekannt zu geben, eine innovative Initiative zur Bek\u00e4mpfung der globalen Klimakrise und bei der Unterst\u00fctzung von Unternehmen und Organisationen bei der Reduzierung ihres \u00f6kologischen Fu\u00dfabdrucks. Angesichts der steigenden globalen Temperaturen und zunehmend schwerwiegenderen Folgen des Klimawandels ist diese Initiative einen konkreten Schritt in Richtung einer nachhaltigen Zukunft.<\/p>\n<p><strong>Die Klimaherausforderung<\/strong><\/p>\n<p>Die menschlichen Aktivit\u00e4ten haben seit der industriellen Revolution zum exponentiellen Anstieg der Treibhausgasemissionen in der Atmosph\u00e4re beigetragen. Laut dem IPCC 2023-Bericht hat die globale Durchschnittstemperatur die vorindustriellen Werte (1850-1900) um 1,1 \u00b0 C bereits \u00fcberschritten, was zu verheerenden Effekten wie extremen Wetterereignissen, steigenden Meeresspiegel, Schmelzgletschern und Verlust nat\u00fcrlicher Lebensr\u00e4ume f\u00fchrte.<\/p>\n<p><strong>WSOs Initiative<\/strong><\/p>\n<p>In Zusammenarbeit mit First, einem f\u00fchrenden Partner bei der Bewertung von CO2 -Emissionen, bietet die Carbon -Offset -Kampagne Unternehmen ein umfassendes Programm, um ihre Emissionen zu verringern und auszugleichen. Durch einen strukturierten und personalisierten Ansatz k\u00f6nnen Unternehmen in der Lage sein:<\/p>\n<p>&#8211; F\u00fchren Sie eine detaillierte Bewertung ihres CO2 -Fu\u00dfabdrucks durch.<\/p>\n<p>&#8211; Entwickeln Sie Strategien, um die Emissionen nach M\u00f6glichkeit zu reduzieren.<\/p>\n<p>&#8211; Offset Restemissionen durch Wiederaufforstungsprojekte und andere Offset -Initiativen.<\/p>\n<p>Die Teilnahme an der Carbon -Offset -Kampagne erm\u00f6glicht es Unternehmen, das WSO -Logo \u201eCarbon -Neutral\u201c zu erhalten, ihren Wald zu erstellen und einen personalisierten Impact -Bericht zu erhalten. Diese Schritte zeigen ein konkretes Engagement f\u00fcr die Umwelt, verbessern den Ruf der Unternehmen und stimmen die Organisation mit den SDGS (Sustainable Development Targets Sustainable Development) aus.<\/p>\n<p><strong>Offset -Projekte<\/strong><\/p>\n<p>Die Emissionen werden durch konkrete Projekte wie folgt ausgeglichen:<\/p>\n<p>Save the Forests -Kampagne: B\u00e4ume und W\u00e4lder spielen eine entscheidende Rolle bei der Absorption von CO2. Auf Wiederauffortigungsaktivit\u00e4ten umfassen lokale Gemeinden in Mali, Senegal, Tansania, Uganda, Kenia und Indonesien und bieten Besch\u00e4ftigungsm\u00f6glichkeiten f\u00fcr die \u00dcberwachung und Pflanzung.<\/p>\n<p>Save the Seegrass Campaign: Seegraswiesen absorbieren CO2 schneller als terrestrische W\u00e4lder. Wir unterst\u00fctzen den Sea Ranger Service, eine Initiative zur Wiederherstellung von 1 Million Hektar Marine -Biodiversit\u00e4t in sechs europ\u00e4ischen L\u00e4ndern bis 2040 und der Ausbildung junger Menschen f\u00fcr Karrieren der See.<\/p>\n<p><strong>Warum beitreten?<\/strong><\/p>\n<p>Die Teilnahme an der Carbon -Offset -Initiative bietet zahlreiche Vorteile, darunter:<\/p>\n<p>&#8211; Reduzierung der Umweltauswirkungen des Unternehmens.<\/p>\n<p>&#8211; Positionierung als f\u00fchrender Anbieter f\u00fcr Nachhaltigkeit.<\/p>\n<p>&#8211; Mehr Vertrauen und Anerkennung von Kunden, Partnern und Investoren erhalten.<\/p>\n<p>\u201c<em>W\u00e4hrend Kohlenstoffversassung nicht die ultimative L\u00f6sung f\u00fcr den Klimawandel ist, kann es ein entscheidender erster Schritt in Richtung einer nachhaltigeren Zukunft sein<\/em>&#8220; <strong>sagte Paolo Bray, Gr\u00fcnder und Direktor der World Sustainability Organization<\/strong>. \u201c<em>Unser Programm bietet Unternehmen die erforderlichen Instrumente, um sich auf diese wichtige Transformationsreise zu begeben<\/em>\u201c.<\/p>\n<p><strong>Wie man teilnimmt<\/strong><\/p>\n<p>Weitere Informationen zur Carbon -Offset -Kampagne und zur Beurteilung Ihres CO2 -Fu\u00dfabdrucks erhalten Sie unter wso unter info@worldsustainabilityFoundation.org.<\/p>\n<p><strong>World Sustainability Organization<\/strong><\/p>\n<p>Die World Sustainability Organization f\u00f6rdert die Umweltvertr\u00e4glichkeit durch Zertifizierungen, Initiativen und innovative Projekte. Wir wollen das Bewusstsein sch\u00e4rfen und Unternehmen und Einzelpersonen auf ihrem Weg zu einer nachhaltigen Zukunft unterst\u00fctzen.<\/p>\n","protected":false},"excerpt":{"rendered":"<p>Die World Sustainability Organization (WSO) ist stolz darauf, die Einf\u00fchrung der Carbon -Offset -Kampagne bekannt zu geben, eine innovative Initiative zur Bek\u00e4mpfung der globalen Klimakrise<\/p>\n","protected":false},"author":1,"featured_media":3930,"comment_status":"closed","ping_status":"","sticky":false,"template":"","format":"standard","meta":{"footnotes":""},"categories":[101],"tags":[6015,9,74,55,146,6016,2908,6014,1085,1228],"class_list":["post-3929","post","type-post","status-publish","format-standard","has-post-thumbnail","hentry","category-oekologie","tag-carbonoffsetkampagne","tag-die","tag-eine","tag-fuer","tag-mit","tag-nullimpact","tag-startet","tag-sustainabilityorganisation","tag-world","tag-zukunft","generate-columns","tablet-grid-50","mobile-grid-100","grid-parent","grid-50"],"yoast_head":"<!-- This site is optimized with the Yoast SEO plugin v27.3 - https:\/\/yoast.com\/product\/yoast-seo-wordpress\/ -->\n<title>Die World Sustainability-Organisation startet die Carbon-Offset-Kampagne f\u00fcr eine Zukunft mit Null-Impact - Nachrichten - Stra\u00dfenweb<\/title>\n<meta name=\"robots\" content=\"index, follow, max-snippet:-1, max-image-preview:large, max-video-preview:-1\" \/>\n<link rel=\"canonical\" href=\"https:\/\/www.strassenweb.de\/nachrichten\/die-world-sustainability-organisation-startet-die-carbon-offset-kampagne-fuer-eine-zukunft-mit-null-impact\/\" \/>\n<meta property=\"og:locale\" content=\"de_DE\" \/>\n<meta property=\"og:type\" content=\"article\" \/>\n<meta property=\"og:title\" content=\"Die World Sustainability-Organisation startet die Carbon-Offset-Kampagne f\u00fcr eine Zukunft mit Null-Impact - Nachrichten - Stra\u00dfenweb\" \/>\n<meta property=\"og:description\" content=\"Die World Sustainability Organization (WSO) ist stolz darauf, die Einf\u00fchrung der Carbon -Offset -Kampagne bekannt zu geben, eine innovative Initiative zur Bek\u00e4mpfung der globalen Klimakrise\" \/>\n<meta property=\"og:url\" content=\"https:\/\/www.strassenweb.de\/nachrichten\/die-world-sustainability-organisation-startet-die-carbon-offset-kampagne-fuer-eine-zukunft-mit-null-impact\/\" \/>\n<meta property=\"og:site_name\" content=\"Stra\u00dfenweb\" \/>\n<meta property=\"article:publisher\" content=\"https:\/\/www.facebook.com\/strassenweb\/\" \/>\n<meta property=\"article:published_time\" content=\"2025-03-17T11:39:57+00:00\" \/>\n<meta property=\"og:image\" content=\"https:\/\/www.strassenweb.de\/nachrichten\/wp-content\/uploads\/2025\/03\/Die-World-Sustainability-Organisation-startet-die-Carbon-Offset-Kampagne-fuer-eine-Zukunft-mit.j.jpeg\" \/>\n\t<meta property=\"og:image:width\" content=\"900\" \/>\n\t<meta property=\"og:image:height\" content=\"506\" \/>\n\t<meta property=\"og:image:type\" content=\"image\/jpeg\" \/>\n<meta name=\"author\" content=\"Robert Hoffmann\" \/>\n<meta name=\"twitter:card\" content=\"summary_large_image\" \/>\n<meta name=\"twitter:label1\" content=\"Verfasst von\" \/>\n\t<meta name=\"twitter:data1\" content=\"Robert Hoffmann\" \/>\n\t<meta name=\"twitter:label2\" content=\"Gesch\u00e4tzte Lesezeit\" \/>\n\t<meta name=\"twitter:data2\" content=\"3\u00a0Minuten\" \/>\n<script type=\"application\/ld+json\" class=\"yoast-schema-graph\">{\"@context\":\"https:\\\/\\\/schema.org\",\"@graph\":[{\"@type\":\"Article\",\"@id\":\"https:\\\/\\\/www.strassenweb.de\\\/nachrichten\\\/die-world-sustainability-organisation-startet-die-carbon-offset-kampagne-fuer-eine-zukunft-mit-null-impact\\\/#article\",\"isPartOf\":{\"@id\":\"https:\\\/\\\/www.strassenweb.de\\\/nachrichten\\\/die-world-sustainability-organisation-startet-die-carbon-offset-kampagne-fuer-eine-zukunft-mit-null-impact\\\/\"},\"author\":{\"name\":\"Robert Hoffmann\",\"@id\":\"https:\\\/\\\/www.strassenweb.de\\\/nachrichten\\\/#\\\/schema\\\/person\\\/87c9c9067f1211da429a744dc5a5aa41\"},\"headline\":\"Die World Sustainability-Organisation startet die Carbon-Offset-Kampagne f\u00fcr eine Zukunft mit Null-Impact\",\"datePublished\":\"2025-03-17T11:39:57+00:00\",\"mainEntityOfPage\":{\"@id\":\"https:\\\/\\\/www.strassenweb.de\\\/nachrichten\\\/die-world-sustainability-organisation-startet-die-carbon-offset-kampagne-fuer-eine-zukunft-mit-null-impact\\\/\"},\"wordCount\":518,\"publisher\":{\"@id\":\"https:\\\/\\\/www.strassenweb.de\\\/nachrichten\\\/#organization\"},\"image\":{\"@id\":\"https:\\\/\\\/www.strassenweb.de\\\/nachrichten\\\/die-world-sustainability-organisation-startet-die-carbon-offset-kampagne-fuer-eine-zukunft-mit-null-impact\\\/#primaryimage\"},\"thumbnailUrl\":\"https:\\\/\\\/www.strassenweb.de\\\/nachrichten\\\/wp-content\\\/uploads\\\/2025\\\/03\\\/Die-World-Sustainability-Organisation-startet-die-Carbon-Offset-Kampagne-fuer-eine-Zukunft-mit.j.jpeg\",\"keywords\":[\"CarbonOffsetKampagne\",\"die\",\"eine\",\"f\u00fcr\",\"mit\",\"NullImpact\",\"startet\",\"SustainabilityOrganisation\",\"World\",\"Zukunft\"],\"articleSection\":[\"\u00d6kologie\"],\"inLanguage\":\"de\"},{\"@type\":\"WebPage\",\"@id\":\"https:\\\/\\\/www.strassenweb.de\\\/nachrichten\\\/die-world-sustainability-organisation-startet-die-carbon-offset-kampagne-fuer-eine-zukunft-mit-null-impact\\\/\",\"url\":\"https:\\\/\\\/www.strassenweb.de\\\/nachrichten\\\/die-world-sustainability-organisation-startet-die-carbon-offset-kampagne-fuer-eine-zukunft-mit-null-impact\\\/\",\"name\":\"Die World Sustainability-Organisation startet die Carbon-Offset-Kampagne f\u00fcr eine Zukunft mit Null-Impact - Nachrichten - Stra\u00dfenweb\",\"isPartOf\":{\"@id\":\"https:\\\/\\\/www.strassenweb.de\\\/nachrichten\\\/#website\"},\"primaryImageOfPage\":{\"@id\":\"https:\\\/\\\/www.strassenweb.de\\\/nachrichten\\\/die-world-sustainability-organisation-startet-die-carbon-offset-kampagne-fuer-eine-zukunft-mit-null-impact\\\/#primaryimage\"},\"image\":{\"@id\":\"https:\\\/\\\/www.strassenweb.de\\\/nachrichten\\\/die-world-sustainability-organisation-startet-die-carbon-offset-kampagne-fuer-eine-zukunft-mit-null-impact\\\/#primaryimage\"},\"thumbnailUrl\":\"https:\\\/\\\/www.strassenweb.de\\\/nachrichten\\\/wp-content\\\/uploads\\\/2025\\\/03\\\/Die-World-Sustainability-Organisation-startet-die-Carbon-Offset-Kampagne-fuer-eine-Zukunft-mit.j.jpeg\",\"datePublished\":\"2025-03-17T11:39:57+00:00\",\"breadcrumb\":{\"@id\":\"https:\\\/\\\/www.strassenweb.de\\\/nachrichten\\\/die-world-sustainability-organisation-startet-die-carbon-offset-kampagne-fuer-eine-zukunft-mit-null-impact\\\/#breadcrumb\"},\"inLanguage\":\"de\",\"potentialAction\":[{\"@type\":\"ReadAction\",\"target\":[\"https:\\\/\\\/www.strassenweb.de\\\/nachrichten\\\/die-world-sustainability-organisation-startet-die-carbon-offset-kampagne-fuer-eine-zukunft-mit-null-impact\\\/\"]}]},{\"@type\":\"ImageObject\",\"inLanguage\":\"de\",\"@id\":\"https:\\\/\\\/www.strassenweb.de\\\/nachrichten\\\/die-world-sustainability-organisation-startet-die-carbon-offset-kampagne-fuer-eine-zukunft-mit-null-impact\\\/#primaryimage\",\"url\":\"https:\\\/\\\/www.strassenweb.de\\\/nachrichten\\\/wp-content\\\/uploads\\\/2025\\\/03\\\/Die-World-Sustainability-Organisation-startet-die-Carbon-Offset-Kampagne-fuer-eine-Zukunft-mit.j.jpeg\",\"contentUrl\":\"https:\\\/\\\/www.strassenweb.de\\\/nachrichten\\\/wp-content\\\/uploads\\\/2025\\\/03\\\/Die-World-Sustainability-Organisation-startet-die-Carbon-Offset-Kampagne-fuer-eine-Zukunft-mit.j.jpeg\",\"width\":900,\"height\":506,\"caption\":\"The World Sustainability Organization Launches the Carbon Offset Campaign for a Zero-Impact Future\"},{\"@type\":\"BreadcrumbList\",\"@id\":\"https:\\\/\\\/www.strassenweb.de\\\/nachrichten\\\/die-world-sustainability-organisation-startet-die-carbon-offset-kampagne-fuer-eine-zukunft-mit-null-impact\\\/#breadcrumb\",\"itemListElement\":[{\"@type\":\"ListItem\",\"position\":1,\"name\":\"Home\",\"item\":\"https:\\\/\\\/www.strassenweb.de\\\/nachrichten\\\/\"},{\"@type\":\"ListItem\",\"position\":2,\"name\":\"Die World Sustainability-Organisation startet die Carbon-Offset-Kampagne f\u00fcr eine Zukunft mit Null-Impact\"}]},{\"@type\":\"WebSite\",\"@id\":\"https:\\\/\\\/www.strassenweb.de\\\/nachrichten\\\/#website\",\"url\":\"https:\\\/\\\/www.strassenweb.de\\\/nachrichten\\\/\",\"name\":\"Stra\u00dfenweb\",\"description\":\"Stra\u00dfenverzeichnis f\u00fcr Deutschland\",\"publisher\":{\"@id\":\"https:\\\/\\\/www.strassenweb.de\\\/nachrichten\\\/#organization\"},\"potentialAction\":[{\"@type\":\"SearchAction\",\"target\":{\"@type\":\"EntryPoint\",\"urlTemplate\":\"https:\\\/\\\/www.strassenweb.de\\\/nachrichten\\\/?s={search_term_string}\"},\"query-input\":{\"@type\":\"PropertyValueSpecification\",\"valueRequired\":true,\"valueName\":\"search_term_string\"}}],\"inLanguage\":\"de\"},{\"@type\":\"Organization\",\"@id\":\"https:\\\/\\\/www.strassenweb.de\\\/nachrichten\\\/#organization\",\"name\":\"Stra\u00dfenweb\",\"url\":\"https:\\\/\\\/www.strassenweb.de\\\/nachrichten\\\/\",\"logo\":{\"@type\":\"ImageObject\",\"inLanguage\":\"de\",\"@id\":\"https:\\\/\\\/www.strassenweb.de\\\/nachrichten\\\/#\\\/schema\\\/logo\\\/image\\\/\",\"url\":\"https:\\\/\\\/www.strassenweb.de\\\/nachrichten\\\/wp-content\\\/uploads\\\/2024\\\/09\\\/cropped-favicon.png\",\"contentUrl\":\"https:\\\/\\\/www.strassenweb.de\\\/nachrichten\\\/wp-content\\\/uploads\\\/2024\\\/09\\\/cropped-favicon.png\",\"width\":512,\"height\":512,\"caption\":\"Stra\u00dfenweb\"},\"image\":{\"@id\":\"https:\\\/\\\/www.strassenweb.de\\\/nachrichten\\\/#\\\/schema\\\/logo\\\/image\\\/\"},\"sameAs\":[\"https:\\\/\\\/www.facebook.com\\\/strassenweb\\\/\"]},{\"@type\":\"Person\",\"@id\":\"https:\\\/\\\/www.strassenweb.de\\\/nachrichten\\\/#\\\/schema\\\/person\\\/87c9c9067f1211da429a744dc5a5aa41\",\"name\":\"Robert Hoffmann\",\"image\":{\"@type\":\"ImageObject\",\"inLanguage\":\"de\",\"@id\":\"https:\\\/\\\/www.strassenweb.de\\\/nachrichten\\\/wp-content\\\/uploads\\\/2024\\\/09\\\/strassenweb-150x150.jpg\",\"url\":\"https:\\\/\\\/www.strassenweb.de\\\/nachrichten\\\/wp-content\\\/uploads\\\/2024\\\/09\\\/strassenweb-150x150.jpg\",\"contentUrl\":\"https:\\\/\\\/www.strassenweb.de\\\/nachrichten\\\/wp-content\\\/uploads\\\/2024\\\/09\\\/strassenweb-150x150.jpg\",\"caption\":\"Robert Hoffmann\"},\"description\":\"Ich hei\u00dfe Robert Hoffmann und ich bin ein leidenschaftlicher Verfechter von \u00d6kologie und Biodiversit\u00e4t. Seit meiner Kindheit in den W\u00e4ldern Bayerns f\u00fchle ich mich mit der Natur verbunden und bin entschlossen, sie zu sch\u00fctzen. Heute widme ich mein Leben der Sensibilisierung anderer f\u00fcr die Bedeutung des Umweltschutzes f\u00fcr zuk\u00fcnftige Generationen.\",\"sameAs\":[\"https:\\\/\\\/www.strassenweb.de\\\/\"]}]}<\/script>\n<!-- \/ Yoast SEO plugin. -->","yoast_head_json":{"title":"Die World Sustainability-Organisation startet die Carbon-Offset-Kampagne f\u00fcr eine Zukunft mit Null-Impact - Nachrichten - Stra\u00dfenweb","robots":{"index":"index","follow":"follow","max-snippet":"max-snippet:-1","max-image-preview":"max-image-preview:large","max-video-preview":"max-video-preview:-1"},"canonical":"https:\/\/www.strassenweb.de\/nachrichten\/die-world-sustainability-organisation-startet-die-carbon-offset-kampagne-fuer-eine-zukunft-mit-null-impact\/","og_locale":"de_DE","og_type":"article","og_title":"Die World Sustainability-Organisation startet die Carbon-Offset-Kampagne f\u00fcr eine Zukunft mit Null-Impact - Nachrichten - Stra\u00dfenweb","og_description":"Die World Sustainability Organization (WSO) ist stolz darauf, die Einf\u00fchrung der Carbon -Offset -Kampagne bekannt zu geben, eine innovative Initiative zur Bek\u00e4mpfung der globalen Klimakrise","og_url":"https:\/\/www.strassenweb.de\/nachrichten\/die-world-sustainability-organisation-startet-die-carbon-offset-kampagne-fuer-eine-zukunft-mit-null-impact\/","og_site_name":"Stra\u00dfenweb","article_publisher":"https:\/\/www.facebook.com\/strassenweb\/","article_published_time":"2025-03-17T11:39:57+00:00","og_image":[{"width":900,"height":506,"url":"https:\/\/www.strassenweb.de\/nachrichten\/wp-content\/uploads\/2025\/03\/Die-World-Sustainability-Organisation-startet-die-Carbon-Offset-Kampagne-fuer-eine-Zukunft-mit.j.jpeg","type":"image\/jpeg"}],"author":"Robert Hoffmann","twitter_card":"summary_large_image","twitter_misc":{"Verfasst von":"Robert Hoffmann","Gesch\u00e4tzte Lesezeit":"3\u00a0Minuten"},"schema":{"@context":"https:\/\/schema.org","@graph":[{"@type":"Article","@id":"https:\/\/www.strassenweb.de\/nachrichten\/die-world-sustainability-organisation-startet-die-carbon-offset-kampagne-fuer-eine-zukunft-mit-null-impact\/#article","isPartOf":{"@id":"https:\/\/www.strassenweb.de\/nachrichten\/die-world-sustainability-organisation-startet-die-carbon-offset-kampagne-fuer-eine-zukunft-mit-null-impact\/"},"author":{"name":"Robert Hoffmann","@id":"https:\/\/www.strassenweb.de\/nachrichten\/#\/schema\/person\/87c9c9067f1211da429a744dc5a5aa41"},"headline":"Die World Sustainability-Organisation startet die Carbon-Offset-Kampagne f\u00fcr eine Zukunft mit Null-Impact","datePublished":"2025-03-17T11:39:57+00:00","mainEntityOfPage":{"@id":"https:\/\/www.strassenweb.de\/nachrichten\/die-world-sustainability-organisation-startet-die-carbon-offset-kampagne-fuer-eine-zukunft-mit-null-impact\/"},"wordCount":518,"publisher":{"@id":"https:\/\/www.strassenweb.de\/nachrichten\/#organization"},"image":{"@id":"https:\/\/www.strassenweb.de\/nachrichten\/die-world-sustainability-organisation-startet-die-carbon-offset-kampagne-fuer-eine-zukunft-mit-null-impact\/#primaryimage"},"thumbnailUrl":"https:\/\/www.strassenweb.de\/nachrichten\/wp-content\/uploads\/2025\/03\/Die-World-Sustainability-Organisation-startet-die-Carbon-Offset-Kampagne-fuer-eine-Zukunft-mit.j.jpeg","keywords":["CarbonOffsetKampagne","die","eine","f\u00fcr","mit","NullImpact","startet","SustainabilityOrganisation","World","Zukunft"],"articleSection":["\u00d6kologie"],"inLanguage":"de"},{"@type":"WebPage","@id":"https:\/\/www.strassenweb.de\/nachrichten\/die-world-sustainability-organisation-startet-die-carbon-offset-kampagne-fuer-eine-zukunft-mit-null-impact\/","url":"https:\/\/www.strassenweb.de\/nachrichten\/die-world-sustainability-organisation-startet-die-carbon-offset-kampagne-fuer-eine-zukunft-mit-null-impact\/","name":"Die World Sustainability-Organisation startet die Carbon-Offset-Kampagne f\u00fcr eine Zukunft mit Null-Impact - Nachrichten - Stra\u00dfenweb","isPartOf":{"@id":"https:\/\/www.strassenweb.de\/nachrichten\/#website"},"primaryImageOfPage":{"@id":"https:\/\/www.strassenweb.de\/nachrichten\/die-world-sustainability-organisation-startet-die-carbon-offset-kampagne-fuer-eine-zukunft-mit-null-impact\/#primaryimage"},"image":{"@id":"https:\/\/www.strassenweb.de\/nachrichten\/die-world-sustainability-organisation-startet-die-carbon-offset-kampagne-fuer-eine-zukunft-mit-null-impact\/#primaryimage"},"thumbnailUrl":"https:\/\/www.strassenweb.de\/nachrichten\/wp-content\/uploads\/2025\/03\/Die-World-Sustainability-Organisation-startet-die-Carbon-Offset-Kampagne-fuer-eine-Zukunft-mit.j.jpeg","datePublished":"2025-03-17T11:39:57+00:00","breadcrumb":{"@id":"https:\/\/www.strassenweb.de\/nachrichten\/die-world-sustainability-organisation-startet-die-carbon-offset-kampagne-fuer-eine-zukunft-mit-null-impact\/#breadcrumb"},"inLanguage":"de","potentialAction":[{"@type":"ReadAction","target":["https:\/\/www.strassenweb.de\/nachrichten\/die-world-sustainability-organisation-startet-die-carbon-offset-kampagne-fuer-eine-zukunft-mit-null-impact\/"]}]},{"@type":"ImageObject","inLanguage":"de","@id":"https:\/\/www.strassenweb.de\/nachrichten\/die-world-sustainability-organisation-startet-die-carbon-offset-kampagne-fuer-eine-zukunft-mit-null-impact\/#primaryimage","url":"https:\/\/www.strassenweb.de\/nachrichten\/wp-content\/uploads\/2025\/03\/Die-World-Sustainability-Organisation-startet-die-Carbon-Offset-Kampagne-fuer-eine-Zukunft-mit.j.jpeg","contentUrl":"https:\/\/www.strassenweb.de\/nachrichten\/wp-content\/uploads\/2025\/03\/Die-World-Sustainability-Organisation-startet-die-Carbon-Offset-Kampagne-fuer-eine-Zukunft-mit.j.jpeg","width":900,"height":506,"caption":"The World Sustainability Organization Launches the Carbon Offset Campaign for a Zero-Impact Future"},{"@type":"BreadcrumbList","@id":"https:\/\/www.strassenweb.de\/nachrichten\/die-world-sustainability-organisation-startet-die-carbon-offset-kampagne-fuer-eine-zukunft-mit-null-impact\/#breadcrumb","itemListElement":[{"@type":"ListItem","position":1,"name":"Home","item":"https:\/\/www.strassenweb.de\/nachrichten\/"},{"@type":"ListItem","position":2,"name":"Die World Sustainability-Organisation startet die Carbon-Offset-Kampagne f\u00fcr eine Zukunft mit Null-Impact"}]},{"@type":"WebSite","@id":"https:\/\/www.strassenweb.de\/nachrichten\/#website","url":"https:\/\/www.strassenweb.de\/nachrichten\/","name":"Stra\u00dfenweb","description":"Stra\u00dfenverzeichnis f\u00fcr Deutschland","publisher":{"@id":"https:\/\/www.strassenweb.de\/nachrichten\/#organization"},"potentialAction":[{"@type":"SearchAction","target":{"@type":"EntryPoint","urlTemplate":"https:\/\/www.strassenweb.de\/nachrichten\/?s={search_term_string}"},"query-input":{"@type":"PropertyValueSpecification","valueRequired":true,"valueName":"search_term_string"}}],"inLanguage":"de"},{"@type":"Organization","@id":"https:\/\/www.strassenweb.de\/nachrichten\/#organization","name":"Stra\u00dfenweb","url":"https:\/\/www.strassenweb.de\/nachrichten\/","logo":{"@type":"ImageObject","inLanguage":"de","@id":"https:\/\/www.strassenweb.de\/nachrichten\/#\/schema\/logo\/image\/","url":"https:\/\/www.strassenweb.de\/nachrichten\/wp-content\/uploads\/2024\/09\/cropped-favicon.png","contentUrl":"https:\/\/www.strassenweb.de\/nachrichten\/wp-content\/uploads\/2024\/09\/cropped-favicon.png","width":512,"height":512,"caption":"Stra\u00dfenweb"},"image":{"@id":"https:\/\/www.strassenweb.de\/nachrichten\/#\/schema\/logo\/image\/"},"sameAs":["https:\/\/www.facebook.com\/strassenweb\/"]},{"@type":"Person","@id":"https:\/\/www.strassenweb.de\/nachrichten\/#\/schema\/person\/87c9c9067f1211da429a744dc5a5aa41","name":"Robert Hoffmann","image":{"@type":"ImageObject","inLanguage":"de","@id":"https:\/\/www.strassenweb.de\/nachrichten\/wp-content\/uploads\/2024\/09\/strassenweb-150x150.jpg","url":"https:\/\/www.strassenweb.de\/nachrichten\/wp-content\/uploads\/2024\/09\/strassenweb-150x150.jpg","contentUrl":"https:\/\/www.strassenweb.de\/nachrichten\/wp-content\/uploads\/2024\/09\/strassenweb-150x150.jpg","caption":"Robert Hoffmann"},"description":"Ich hei\u00dfe Robert Hoffmann und ich bin ein leidenschaftlicher Verfechter von \u00d6kologie und Biodiversit\u00e4t. Seit meiner Kindheit in den W\u00e4ldern Bayerns f\u00fchle ich mich mit der Natur verbunden und bin entschlossen, sie zu sch\u00fctzen. Heute widme ich mein Leben der Sensibilisierung anderer f\u00fcr die Bedeutung des Umweltschutzes f\u00fcr zuk\u00fcnftige Generationen.","sameAs":["https:\/\/www.strassenweb.de\/"]}]}},"_links":{"self":[{"href":"https:\/\/www.strassenweb.de\/nachrichten\/wp-json\/wp\/v2\/posts\/3929","targetHints":{"allow":["GET"]}}],"collection":[{"href":"https:\/\/www.strassenweb.de\/nachrichten\/wp-json\/wp\/v2\/posts"}],"about":[{"href":"https:\/\/www.strassenweb.de\/nachrichten\/wp-json\/wp\/v2\/types\/post"}],"author":[{"embeddable":true,"href":"https:\/\/www.strassenweb.de\/nachrichten\/wp-json\/wp\/v2\/users\/1"}],"replies":[{"embeddable":true,"href":"https:\/\/www.strassenweb.de\/nachrichten\/wp-json\/wp\/v2\/comments?post=3929"}],"version-history":[{"count":0,"href":"https:\/\/www.strassenweb.de\/nachrichten\/wp-json\/wp\/v2\/posts\/3929\/revisions"}],"wp:featuredmedia":[{"embeddable":true,"href":"https:\/\/www.strassenweb.de\/nachrichten\/wp-json\/wp\/v2\/media\/3930"}],"wp:attachment":[{"href":"https:\/\/www.strassenweb.de\/nachrichten\/wp-json\/wp\/v2\/media?parent=3929"}],"wp:term":[{"taxonomy":"category","embeddable":true,"href":"https:\/\/www.strassenweb.de\/nachrichten\/wp-json\/wp\/v2\/categories?post=3929"},{"taxonomy":"post_tag","embeddable":true,"href":"https:\/\/www.strassenweb.de\/nachrichten\/wp-json\/wp\/v2\/tags?post=3929"}],"curies":[{"name":"wp","href":"https:\/\/api.w.org\/{rel}","templated":true}]}}