{"id":3924,"date":"2025-03-17T07:42:57","date_gmt":"2025-03-17T06:42:57","guid":{"rendered":"https:\/\/www.strassenweb.de\/nachrichten\/die-wichtigsten-ikea-stuecke-die-ich-seit-einem-jahrzehnt-nicht-verabredet-habe\/"},"modified":"2025-03-17T07:42:57","modified_gmt":"2025-03-17T06:42:57","slug":"die-wichtigsten-ikea-stuecke-die-ich-seit-einem-jahrzehnt-nicht-verabredet-habe","status":"publish","type":"post","link":"https:\/\/www.strassenweb.de\/nachrichten\/die-wichtigsten-ikea-stuecke-die-ich-seit-einem-jahrzehnt-nicht-verabredet-habe\/","title":{"rendered":"Die wichtigsten IKEA -St\u00fccke, die ich seit einem Jahrzehnt nicht verabredet habe"},"content":{"rendered":"<p><\/p>\n<div id=\"article-body\" class=\"article__body \">\n<p>Als ich vor 20 Jahren anfing, \u00fcber Design zu schreiben, hatte ich keine Ahnung, was mein eigener Geschmack war, und sehr wenig Geld, um irgendetwas zu kaufen. Und so waren Reisen nach IKEA unerl\u00e4sslich, um meine erste Wohnung mit den St\u00fccken zu liefern, die ich brauchte, damit es sich wie zu Hause anf\u00fchlte.<\/p>\n<div id=\"ad-unit-1\" class=\"ad-unit\"><\/div>\n<p>Viele von ihnen wurden seitdem an Deponien verkauft, verschenkt oder &#8211; besch\u00e4mend -. Es gab einen massiven Couchtisch aus Holzeffekt, von dem ich dachte, dass er meiner Wohnung aus den 1960er Jahren ein wenig oder rustikaler hausgemachtes Homespun-Charme verleihen w\u00fcrde, aber in der Tat nur das Licht und das Gef\u00fchl des Luftflusses ausgesaugt hat. Aber ein paar St\u00fccke sind bei mir geblieben und sahen so frisch und relevant aus wie damals. Au\u00dferdem sind es alle IKEA -St\u00fccke, die teurer aussehen als der sehr kleine Betrag, den ich vor Jahren f\u00fcr sie bezahlt habe.<\/p>\n<aside class=\"hawk-base\" data-block-type=\"embed\" data-render-type=\"fte\" data-skip=\"dealsy\" data-widget-type=\"seasonal\">\n<div class=\"hawk-master-widget-hawk-base-wrapper\"><\/div>\n<\/aside>\n<p>Sie sind mit mir zu neuen H\u00e4usern gekommen, haben die St\u00fccke um sie herum ein Upgrade gesehen, um einige Designernamen und handwerkliche Arbeiten zu enthalten, aber sie haben ihre eigenen und ertragen.<\/p>\n<div id=\"desktop-in-article\" class=\"in-article ad-unit\">\n<div id=\"desktop-taboola-mid-article\"><\/div>\n<\/div>\n<div id=\"mobile-in-article\" class=\"in-article ad-unit\">\n<div id=\"mobile-taboola-mid-article\"><\/div>\n<\/div>\n<p>Ich habe im vergangenen Herbst das Haus umgezogen und habe die meisten meiner gr\u00f6\u00dferen St\u00fccke auf Lager und wartete darauf, dass mein n\u00e4chster Ort fertig ist, w\u00e4hrend ich in einem vorl\u00e4ufigen Haus miete. Und das sind die IKEA -St\u00fccke, die wieder mit mir kommen, die zum x -ten Mal gepackt wurden und an den neuen Ort zu gegebener Zeit enth\u00fcllt werden und irgendwie nie zu treffen sind.<\/p>\n<div class=\"van_vid_carousel\">\n<div class=\"van_vid_carousel__padding\">\n<div class=\"van_vid_carousel__container\"><\/div>\n<\/div>\n<\/div>\n<h3 class=\"article-body__section\" id=\"section-1-billy-bookcase\"><span>1. Billy B\u00fccherregal<\/span><\/h3>\n<figure class=\"van-image-figure inline-layout \" data-bordeaux-image-check>\n<div class=\"image-full-width-wrapper\">\n<div class=\"image-widthsetter\" style=\"max-width:2000px;\"><\/div>\n<\/div>\n<\/figure>\n<p>Ich habe seit zwei Jahrzehnten mein Billy -B\u00fccherregal. Ich habe es 2005 f\u00fcr meine erste Wohnung gekauft. Ich bekam die dunkle Holzfurnierversion. Es passte zu dem Aussehen, den ich damals hatte, und malt es dann ein Jahr sp\u00e4ter ein brillantes Wei\u00df, als ich mein Wohnzimmer erfrischte.<\/p>\n<div id=\"ad-unit-2\" class=\"ad-unit\"><\/div>\n<p>Es war dieser einfache Ikea -Hack, der das St\u00fcck rettete, seine schwere Walnussfarbe war zu dunkel f\u00fcr meinen Geschmack, der sich um diese Zeit schnell entwickelte. Aber der Holzfassungsbillys hat mehr Korn als die in Wei\u00df erh\u00e4ltlichen, und die Textur ist leichter in einer leichteren Farbe zu sehen. Der Billy steht nun auf abgerundeten Holzf\u00fc\u00dfen von Amazon, ebenfalls wei\u00df gestrichen, mit B\u00fcchern in einigen Quadraten und Objets in anderen. Es kommt mit mir zu f\u00fcnf H\u00e4usern und wird auf den n\u00e4chsten kommen.<\/p>\n<p><strong><\/strong><strong>Kaufen Sie den Billy hier<\/strong><\/p>\n<h3 class=\"article-body__section\" id=\"section-2-poaeng-armchair\"><span>2 POANG Sessel<\/span><\/h3>\n<figure class=\"van-image-figure inline-layout \" data-bordeaux-image-check>\n<div class=\"image-full-width-wrapper\">\n<div class=\"image-widthsetter\" style=\"max-width:2000px;\"><\/div>\n<\/div>\n<\/figure>\n<p>Dies sollte ein Stopgap -Kauf sein, etwas, das ich in die Ecke meines Home Office einbringen konnte, bis es aufger\u00fcstet werden konnte. Aber es war so bequem und die Art und Weise, wie es genau die richtige Menge an Geben und Flexibilit\u00e4t hat, dass es dich zu halten scheint, dass es geblieben ist.<\/p>\n<p>Kollegen sind sehr daran gew\u00f6hnt, dass ich Videoanrufe davon entgegennehme.<\/p>\n<p>H\u00e4tte ich mich f\u00fcr die blasse Farbe gegangen, denke ich, h\u00e4tte es nicht so gut gealtert, aber das Gelb ist ein st\u00e4ndig fr\u00f6hlicher Farbton, der es im letzten Jahrzehnt mehr als dauerhaft hat, es ist ein Lieblingsst\u00fcck geworden. Oh, und meine Katze liebt es auch, sich darin zu rollen. Wie ist das f\u00fcr eine Best\u00e4tigung?<\/p>\n<p><strong><\/strong><strong>Kaufen Sie hier den Poauer<\/strong><\/p>\n<h3 class=\"article-body__section\" id=\"section-3-bestaa-sideboard\"><span>3. Best\u00e5 Sideboard<\/span><\/h3>\n<figure class=\"van-image-figure inline-layout \" data-bordeaux-image-check>\n<div class=\"image-full-width-wrapper\">\n<div class=\"image-widthsetter\" style=\"max-width:2000px;\"><\/div>\n<\/div>\n<\/figure>\n<p>Mein Best \u00c5 hat so viele Leben gehabt. Es begann seine Verwendung neben meinem Esstisch in meiner ersten Wohnung mit Tellern, Bettw\u00e4sche, Glaswaren und etwas M\u00fcll, den ich vor der Sicht verstecken wollte.<\/p>\n<p>Dann ging es in mein Schlafzimmer, so dass der Fernseher am Ende meines Bettes dar\u00fcber sitzen konnte. F\u00fcr eine Weile lebte es in einer Nische vor einem Badezimmer in meinem n\u00e4chsten Haus mit Handt\u00fcchern. Und jetzt sitzt meine Haustierschlange darauf, n\u00fctzliche Dateien und Designb\u00fccher, die darunter gespeichert sind.<\/p>\n<p>Es ist ein klassisches St\u00fcck M\u00f6bel, das das verk\u00f6rpert, was IKEA immer so gut gemacht hat: Nicht-Schuhst\u00fccke, die sich fast in Sichtweite verstecken, sich unauff\u00e4llig in den Hintergrund einf\u00fcgen und genau das tun, was Sie brauchen. Neben farbenfrohen oder strukturierteren Designs war es schon immer eine Art visueller Pause, ein \u00e4sthetischer Atem frischer Luft.<\/p>\n<p><strong><\/strong><strong>Kaufen Sie hier die besten ein<\/strong><\/p>\n<h3 class=\"article-body__section\" id=\"section-4-roedalm-frames\"><span>4. R\u00f6dalm Frames<\/span><\/h3>\n<figure class=\"van-image-figure inline-layout \" data-bordeaux-image-check>\n<div class=\"image-full-width-wrapper\">\n<div class=\"image-widthsetter\" style=\"max-width:2000px;\"><\/div>\n<\/div>\n<\/figure>\n<p>Ich habe bereits dar\u00fcber geschrieben, wie ich keinen Bilderrahmen von irgendwo anders als IKEA kaufen w\u00fcrde, und meine vertrauensw\u00fcrdige Sammlung von R\u00f6dalms, die viel l\u00e4nger als ein Jahrzehnt zur\u00fcckaltert, ist ein Beweis daf\u00fcr, warum. Sie kosteten mich fast nichts, sie kamen mit Reittieren, die das, was in ihnen ist, teurer aussehen, und sie dauern bis heute.<\/p>\n<p>Was sich in ihnen befindet, hat sich nat\u00fcrlich ver\u00e4ndert. Ich habe einige Art -Deco -Drucke von alten Magazin -Covers aktualisiert, um jetzt grafische Zeichnungen des K\u00fcnstlers Yaoyao Ma Van als zu sein &#8211; aber die Rahmen selbst sind weiterhin nicht das Hauptaugenmerk, sodass alles in ihnen leuchten kann.<\/p>\n<p><strong><\/strong><strong>Kaufen Sie den R\u00f6dalm hier ein<\/strong><\/p>\n<h3 class=\"article-body__section\" id=\"section-5-orreslaett-buster-chair\"><span>5. Orresl\u00e4tt\/Buster Stuhl<\/span><\/h3>\n<figure class=\"van-image-figure inline-layout \" data-bordeaux-image-check>\n<div class=\"image-full-width-wrapper\">\n<div class=\"image-widthsetter\" style=\"max-width:2000px;\"><\/div>\n<\/div>\n<\/figure>\n<p>Es gibt eine Ecke des Internets, die praktisch klassisches IKEA -Design fetischisiert. Stillgelegte St\u00fccke werden Seiten und Seiten \u00fcber sie geschrieben, deren Einfachheit und dauerhafter Stil analysiert.<\/p>\n<p>Ich habe einmal ein St\u00fcck f\u00fcr eine Zeitung dar\u00fcber geschrieben, warum die Leute diese seltenen IKEA -Klassiker so sehr geliebt und das Kaninchenloch selbst gefallen, einen Vintage -Buster -Stuhl aufsp\u00fcrten und bezahlen &#8230; sagen wir einfach, mehr als 150 Dollar daf\u00fcr.<\/p>\n<p>Das ist alles ziemlich \u00e4rgerlich, denn dieses Design von 1959 wurde k\u00fcrzlich f\u00fcr 149 US-Dollar wieder eingef\u00fchrt und in Orresl\u00e4tt umbenannt. Aber die Gr\u00fcnde, warum ich darauf gefallen bin. Es kippt immer noch im rechten Winkel, dass es Sie zum Entspannen zwingt. Es umfasst Sie immer noch mit genau der richtigen Menge Platz, um ein Kissen hinzuzuf\u00fcgen und Ihre F\u00fc\u00dfe zusammenzurollen. Es ist immer noch ein perfektes Beispiel daf\u00fcr, wie gut Design nicht versch\u00f6nern muss, um hervorzuheben und geliebt zu werden. Ich verehre meinen Buster, und die Orresl\u00e4tt -Wiederbelebung macht es stolz.<\/p>\n<p><strong><\/strong><strong>Kaufen Sie das Orresl\u00e4tt hier<\/strong><\/p>\n<hr>\n<p>Ich schaue immer noch auf IKEA, wie ich High-End-Marken f\u00fcr Trend und Designinspiration mache. Es mag billig und fr\u00f6hlich sein, aber die Designer hinter den St\u00fccken wissen, was sie tun, und jetzt kaufe ich achtsamer ein, als ich es vielleicht in den vergangenen Jahrzehnten getan habe.<\/p>\n<\/div>\n","protected":false},"excerpt":{"rendered":"<p>Als ich vor 20 Jahren anfing, \u00fcber Design zu schreiben, hatte ich keine Ahnung, was mein eigener Geschmack war, und sehr wenig Geld, um irgendetwas<\/p>\n","protected":false},"author":1,"featured_media":3125,"comment_status":"closed","ping_status":"","sticky":false,"template":"","format":"standard","meta":{"footnotes":""},"categories":[118],"tags":[9,22,823,129,4603,4825,61,836,1596,6008,1583],"class_list":["post-3924","post","type-post","status-publish","format-standard","has-post-thumbnail","hentry","category-haus-garten","tag-die","tag-einem","tag-habe","tag-ich","tag-ikea","tag-jahrzehnt","tag-nicht","tag-seit","tag-stuecke","tag-verabredet","tag-wichtigsten","generate-columns","tablet-grid-50","mobile-grid-100","grid-parent","grid-50"],"yoast_head":"<!-- This site is optimized with the Yoast SEO plugin v27.3 - https:\/\/yoast.com\/product\/yoast-seo-wordpress\/ -->\n<title>Die wichtigsten IKEA -St\u00fccke, die ich seit einem Jahrzehnt nicht verabredet habe - Nachrichten - Stra\u00dfenweb<\/title>\n<meta name=\"robots\" content=\"index, follow, max-snippet:-1, max-image-preview:large, max-video-preview:-1\" \/>\n<link rel=\"canonical\" href=\"https:\/\/www.strassenweb.de\/nachrichten\/die-wichtigsten-ikea-stuecke-die-ich-seit-einem-jahrzehnt-nicht-verabredet-habe\/\" \/>\n<meta property=\"og:locale\" content=\"de_DE\" \/>\n<meta property=\"og:type\" content=\"article\" \/>\n<meta property=\"og:title\" content=\"Die wichtigsten IKEA -St\u00fccke, die ich seit einem Jahrzehnt nicht verabredet habe - Nachrichten - Stra\u00dfenweb\" \/>\n<meta property=\"og:description\" content=\"Als ich vor 20 Jahren anfing, \u00fcber Design zu schreiben, hatte ich keine Ahnung, was mein eigener Geschmack war, und sehr wenig Geld, um irgendetwas\" \/>\n<meta property=\"og:url\" content=\"https:\/\/www.strassenweb.de\/nachrichten\/die-wichtigsten-ikea-stuecke-die-ich-seit-einem-jahrzehnt-nicht-verabredet-habe\/\" \/>\n<meta property=\"og:site_name\" content=\"Stra\u00dfenweb\" \/>\n<meta property=\"article:publisher\" content=\"https:\/\/www.facebook.com\/strassenweb\/\" \/>\n<meta property=\"article:published_time\" content=\"2025-03-17T06:42:57+00:00\" \/>\n<meta property=\"og:image\" content=\"https:\/\/www.strassenweb.de\/nachrichten\/wp-content\/uploads\/2025\/02\/Ein-einfacher-Ueberlebensleitfaden-eines-Innenausstattung-zum-Einkaufen-bei-IKEA.jpg\" \/>\n\t<meta property=\"og:image:width\" content=\"1200\" \/>\n\t<meta property=\"og:image:height\" content=\"675\" \/>\n\t<meta property=\"og:image:type\" content=\"image\/jpeg\" \/>\n<meta name=\"author\" content=\"Robert Hoffmann\" \/>\n<meta name=\"twitter:card\" content=\"summary_large_image\" \/>\n<meta name=\"twitter:label1\" content=\"Verfasst von\" \/>\n\t<meta name=\"twitter:data1\" content=\"Robert Hoffmann\" \/>\n\t<meta name=\"twitter:label2\" content=\"Gesch\u00e4tzte Lesezeit\" \/>\n\t<meta name=\"twitter:data2\" content=\"5\u00a0Minuten\" \/>\n<script type=\"application\/ld+json\" class=\"yoast-schema-graph\">{\"@context\":\"https:\\\/\\\/schema.org\",\"@graph\":[{\"@type\":\"Article\",\"@id\":\"https:\\\/\\\/www.strassenweb.de\\\/nachrichten\\\/die-wichtigsten-ikea-stuecke-die-ich-seit-einem-jahrzehnt-nicht-verabredet-habe\\\/#article\",\"isPartOf\":{\"@id\":\"https:\\\/\\\/www.strassenweb.de\\\/nachrichten\\\/die-wichtigsten-ikea-stuecke-die-ich-seit-einem-jahrzehnt-nicht-verabredet-habe\\\/\"},\"author\":{\"name\":\"Robert Hoffmann\",\"@id\":\"https:\\\/\\\/www.strassenweb.de\\\/nachrichten\\\/#\\\/schema\\\/person\\\/87c9c9067f1211da429a744dc5a5aa41\"},\"headline\":\"Die wichtigsten IKEA -St\u00fccke, die ich seit einem Jahrzehnt nicht verabredet habe\",\"datePublished\":\"2025-03-17T06:42:57+00:00\",\"mainEntityOfPage\":{\"@id\":\"https:\\\/\\\/www.strassenweb.de\\\/nachrichten\\\/die-wichtigsten-ikea-stuecke-die-ich-seit-einem-jahrzehnt-nicht-verabredet-habe\\\/\"},\"wordCount\":1069,\"publisher\":{\"@id\":\"https:\\\/\\\/www.strassenweb.de\\\/nachrichten\\\/#organization\"},\"image\":{\"@id\":\"https:\\\/\\\/www.strassenweb.de\\\/nachrichten\\\/die-wichtigsten-ikea-stuecke-die-ich-seit-einem-jahrzehnt-nicht-verabredet-habe\\\/#primaryimage\"},\"thumbnailUrl\":\"https:\\\/\\\/www.strassenweb.de\\\/nachrichten\\\/wp-content\\\/uploads\\\/2025\\\/02\\\/Ein-einfacher-Ueberlebensleitfaden-eines-Innenausstattung-zum-Einkaufen-bei-IKEA.jpg\",\"keywords\":[\"die\",\"einem\",\"habe\",\"ich\",\"IKEA\",\"Jahrzehnt\",\"nicht\",\"seit\",\"St\u00fccke\",\"verabredet\",\"wichtigsten\"],\"articleSection\":[\"Haus &amp; Garten\"],\"inLanguage\":\"de\"},{\"@type\":\"WebPage\",\"@id\":\"https:\\\/\\\/www.strassenweb.de\\\/nachrichten\\\/die-wichtigsten-ikea-stuecke-die-ich-seit-einem-jahrzehnt-nicht-verabredet-habe\\\/\",\"url\":\"https:\\\/\\\/www.strassenweb.de\\\/nachrichten\\\/die-wichtigsten-ikea-stuecke-die-ich-seit-einem-jahrzehnt-nicht-verabredet-habe\\\/\",\"name\":\"Die wichtigsten IKEA -St\u00fccke, die ich seit einem Jahrzehnt nicht verabredet habe - Nachrichten - Stra\u00dfenweb\",\"isPartOf\":{\"@id\":\"https:\\\/\\\/www.strassenweb.de\\\/nachrichten\\\/#website\"},\"primaryImageOfPage\":{\"@id\":\"https:\\\/\\\/www.strassenweb.de\\\/nachrichten\\\/die-wichtigsten-ikea-stuecke-die-ich-seit-einem-jahrzehnt-nicht-verabredet-habe\\\/#primaryimage\"},\"image\":{\"@id\":\"https:\\\/\\\/www.strassenweb.de\\\/nachrichten\\\/die-wichtigsten-ikea-stuecke-die-ich-seit-einem-jahrzehnt-nicht-verabredet-habe\\\/#primaryimage\"},\"thumbnailUrl\":\"https:\\\/\\\/www.strassenweb.de\\\/nachrichten\\\/wp-content\\\/uploads\\\/2025\\\/02\\\/Ein-einfacher-Ueberlebensleitfaden-eines-Innenausstattung-zum-Einkaufen-bei-IKEA.jpg\",\"datePublished\":\"2025-03-17T06:42:57+00:00\",\"breadcrumb\":{\"@id\":\"https:\\\/\\\/www.strassenweb.de\\\/nachrichten\\\/die-wichtigsten-ikea-stuecke-die-ich-seit-einem-jahrzehnt-nicht-verabredet-habe\\\/#breadcrumb\"},\"inLanguage\":\"de\",\"potentialAction\":[{\"@type\":\"ReadAction\",\"target\":[\"https:\\\/\\\/www.strassenweb.de\\\/nachrichten\\\/die-wichtigsten-ikea-stuecke-die-ich-seit-einem-jahrzehnt-nicht-verabredet-habe\\\/\"]}]},{\"@type\":\"ImageObject\",\"inLanguage\":\"de\",\"@id\":\"https:\\\/\\\/www.strassenweb.de\\\/nachrichten\\\/die-wichtigsten-ikea-stuecke-die-ich-seit-einem-jahrzehnt-nicht-verabredet-habe\\\/#primaryimage\",\"url\":\"https:\\\/\\\/www.strassenweb.de\\\/nachrichten\\\/wp-content\\\/uploads\\\/2025\\\/02\\\/Ein-einfacher-Ueberlebensleitfaden-eines-Innenausstattung-zum-Einkaufen-bei-IKEA.jpg\",\"contentUrl\":\"https:\\\/\\\/www.strassenweb.de\\\/nachrichten\\\/wp-content\\\/uploads\\\/2025\\\/02\\\/Ein-einfacher-Ueberlebensleitfaden-eines-Innenausstattung-zum-Einkaufen-bei-IKEA.jpg\",\"width\":1200,\"height\":675,\"caption\":\"Ein einfacher \u00dcberlebensleitfaden eines Innenausstattung zum Einkaufen bei IKEA - einschlie\u00dflich der Abschnitte, die Sie einkaufen sollen und welche Sie vermeiden sollten\"},{\"@type\":\"BreadcrumbList\",\"@id\":\"https:\\\/\\\/www.strassenweb.de\\\/nachrichten\\\/die-wichtigsten-ikea-stuecke-die-ich-seit-einem-jahrzehnt-nicht-verabredet-habe\\\/#breadcrumb\",\"itemListElement\":[{\"@type\":\"ListItem\",\"position\":1,\"name\":\"Home\",\"item\":\"https:\\\/\\\/www.strassenweb.de\\\/nachrichten\\\/\"},{\"@type\":\"ListItem\",\"position\":2,\"name\":\"Die wichtigsten IKEA -St\u00fccke, die ich seit einem Jahrzehnt nicht verabredet habe\"}]},{\"@type\":\"WebSite\",\"@id\":\"https:\\\/\\\/www.strassenweb.de\\\/nachrichten\\\/#website\",\"url\":\"https:\\\/\\\/www.strassenweb.de\\\/nachrichten\\\/\",\"name\":\"Stra\u00dfenweb\",\"description\":\"Stra\u00dfenverzeichnis f\u00fcr Deutschland\",\"publisher\":{\"@id\":\"https:\\\/\\\/www.strassenweb.de\\\/nachrichten\\\/#organization\"},\"potentialAction\":[{\"@type\":\"SearchAction\",\"target\":{\"@type\":\"EntryPoint\",\"urlTemplate\":\"https:\\\/\\\/www.strassenweb.de\\\/nachrichten\\\/?s={search_term_string}\"},\"query-input\":{\"@type\":\"PropertyValueSpecification\",\"valueRequired\":true,\"valueName\":\"search_term_string\"}}],\"inLanguage\":\"de\"},{\"@type\":\"Organization\",\"@id\":\"https:\\\/\\\/www.strassenweb.de\\\/nachrichten\\\/#organization\",\"name\":\"Stra\u00dfenweb\",\"url\":\"https:\\\/\\\/www.strassenweb.de\\\/nachrichten\\\/\",\"logo\":{\"@type\":\"ImageObject\",\"inLanguage\":\"de\",\"@id\":\"https:\\\/\\\/www.strassenweb.de\\\/nachrichten\\\/#\\\/schema\\\/logo\\\/image\\\/\",\"url\":\"https:\\\/\\\/www.strassenweb.de\\\/nachrichten\\\/wp-content\\\/uploads\\\/2024\\\/09\\\/cropped-favicon.png\",\"contentUrl\":\"https:\\\/\\\/www.strassenweb.de\\\/nachrichten\\\/wp-content\\\/uploads\\\/2024\\\/09\\\/cropped-favicon.png\",\"width\":512,\"height\":512,\"caption\":\"Stra\u00dfenweb\"},\"image\":{\"@id\":\"https:\\\/\\\/www.strassenweb.de\\\/nachrichten\\\/#\\\/schema\\\/logo\\\/image\\\/\"},\"sameAs\":[\"https:\\\/\\\/www.facebook.com\\\/strassenweb\\\/\"]},{\"@type\":\"Person\",\"@id\":\"https:\\\/\\\/www.strassenweb.de\\\/nachrichten\\\/#\\\/schema\\\/person\\\/87c9c9067f1211da429a744dc5a5aa41\",\"name\":\"Robert Hoffmann\",\"image\":{\"@type\":\"ImageObject\",\"inLanguage\":\"de\",\"@id\":\"https:\\\/\\\/www.strassenweb.de\\\/nachrichten\\\/wp-content\\\/uploads\\\/2024\\\/09\\\/strassenweb-150x150.jpg\",\"url\":\"https:\\\/\\\/www.strassenweb.de\\\/nachrichten\\\/wp-content\\\/uploads\\\/2024\\\/09\\\/strassenweb-150x150.jpg\",\"contentUrl\":\"https:\\\/\\\/www.strassenweb.de\\\/nachrichten\\\/wp-content\\\/uploads\\\/2024\\\/09\\\/strassenweb-150x150.jpg\",\"caption\":\"Robert Hoffmann\"},\"description\":\"Ich hei\u00dfe Robert Hoffmann und ich bin ein leidenschaftlicher Verfechter von \u00d6kologie und Biodiversit\u00e4t. Seit meiner Kindheit in den W\u00e4ldern Bayerns f\u00fchle ich mich mit der Natur verbunden und bin entschlossen, sie zu sch\u00fctzen. Heute widme ich mein Leben der Sensibilisierung anderer f\u00fcr die Bedeutung des Umweltschutzes f\u00fcr zuk\u00fcnftige Generationen.\",\"sameAs\":[\"https:\\\/\\\/www.strassenweb.de\\\/\"]}]}<\/script>\n<!-- \/ Yoast SEO plugin. -->","yoast_head_json":{"title":"Die wichtigsten IKEA -St\u00fccke, die ich seit einem Jahrzehnt nicht verabredet habe - Nachrichten - Stra\u00dfenweb","robots":{"index":"index","follow":"follow","max-snippet":"max-snippet:-1","max-image-preview":"max-image-preview:large","max-video-preview":"max-video-preview:-1"},"canonical":"https:\/\/www.strassenweb.de\/nachrichten\/die-wichtigsten-ikea-stuecke-die-ich-seit-einem-jahrzehnt-nicht-verabredet-habe\/","og_locale":"de_DE","og_type":"article","og_title":"Die wichtigsten IKEA -St\u00fccke, die ich seit einem Jahrzehnt nicht verabredet habe - Nachrichten - Stra\u00dfenweb","og_description":"Als ich vor 20 Jahren anfing, \u00fcber Design zu schreiben, hatte ich keine Ahnung, was mein eigener Geschmack war, und sehr wenig Geld, um irgendetwas","og_url":"https:\/\/www.strassenweb.de\/nachrichten\/die-wichtigsten-ikea-stuecke-die-ich-seit-einem-jahrzehnt-nicht-verabredet-habe\/","og_site_name":"Stra\u00dfenweb","article_publisher":"https:\/\/www.facebook.com\/strassenweb\/","article_published_time":"2025-03-17T06:42:57+00:00","og_image":[{"width":1200,"height":675,"url":"https:\/\/www.strassenweb.de\/nachrichten\/wp-content\/uploads\/2025\/02\/Ein-einfacher-Ueberlebensleitfaden-eines-Innenausstattung-zum-Einkaufen-bei-IKEA.jpg","type":"image\/jpeg"}],"author":"Robert Hoffmann","twitter_card":"summary_large_image","twitter_misc":{"Verfasst von":"Robert Hoffmann","Gesch\u00e4tzte Lesezeit":"5\u00a0Minuten"},"schema":{"@context":"https:\/\/schema.org","@graph":[{"@type":"Article","@id":"https:\/\/www.strassenweb.de\/nachrichten\/die-wichtigsten-ikea-stuecke-die-ich-seit-einem-jahrzehnt-nicht-verabredet-habe\/#article","isPartOf":{"@id":"https:\/\/www.strassenweb.de\/nachrichten\/die-wichtigsten-ikea-stuecke-die-ich-seit-einem-jahrzehnt-nicht-verabredet-habe\/"},"author":{"name":"Robert Hoffmann","@id":"https:\/\/www.strassenweb.de\/nachrichten\/#\/schema\/person\/87c9c9067f1211da429a744dc5a5aa41"},"headline":"Die wichtigsten IKEA -St\u00fccke, die ich seit einem Jahrzehnt nicht verabredet habe","datePublished":"2025-03-17T06:42:57+00:00","mainEntityOfPage":{"@id":"https:\/\/www.strassenweb.de\/nachrichten\/die-wichtigsten-ikea-stuecke-die-ich-seit-einem-jahrzehnt-nicht-verabredet-habe\/"},"wordCount":1069,"publisher":{"@id":"https:\/\/www.strassenweb.de\/nachrichten\/#organization"},"image":{"@id":"https:\/\/www.strassenweb.de\/nachrichten\/die-wichtigsten-ikea-stuecke-die-ich-seit-einem-jahrzehnt-nicht-verabredet-habe\/#primaryimage"},"thumbnailUrl":"https:\/\/www.strassenweb.de\/nachrichten\/wp-content\/uploads\/2025\/02\/Ein-einfacher-Ueberlebensleitfaden-eines-Innenausstattung-zum-Einkaufen-bei-IKEA.jpg","keywords":["die","einem","habe","ich","IKEA","Jahrzehnt","nicht","seit","St\u00fccke","verabredet","wichtigsten"],"articleSection":["Haus &amp; Garten"],"inLanguage":"de"},{"@type":"WebPage","@id":"https:\/\/www.strassenweb.de\/nachrichten\/die-wichtigsten-ikea-stuecke-die-ich-seit-einem-jahrzehnt-nicht-verabredet-habe\/","url":"https:\/\/www.strassenweb.de\/nachrichten\/die-wichtigsten-ikea-stuecke-die-ich-seit-einem-jahrzehnt-nicht-verabredet-habe\/","name":"Die wichtigsten IKEA -St\u00fccke, die ich seit einem Jahrzehnt nicht verabredet habe - Nachrichten - Stra\u00dfenweb","isPartOf":{"@id":"https:\/\/www.strassenweb.de\/nachrichten\/#website"},"primaryImageOfPage":{"@id":"https:\/\/www.strassenweb.de\/nachrichten\/die-wichtigsten-ikea-stuecke-die-ich-seit-einem-jahrzehnt-nicht-verabredet-habe\/#primaryimage"},"image":{"@id":"https:\/\/www.strassenweb.de\/nachrichten\/die-wichtigsten-ikea-stuecke-die-ich-seit-einem-jahrzehnt-nicht-verabredet-habe\/#primaryimage"},"thumbnailUrl":"https:\/\/www.strassenweb.de\/nachrichten\/wp-content\/uploads\/2025\/02\/Ein-einfacher-Ueberlebensleitfaden-eines-Innenausstattung-zum-Einkaufen-bei-IKEA.jpg","datePublished":"2025-03-17T06:42:57+00:00","breadcrumb":{"@id":"https:\/\/www.strassenweb.de\/nachrichten\/die-wichtigsten-ikea-stuecke-die-ich-seit-einem-jahrzehnt-nicht-verabredet-habe\/#breadcrumb"},"inLanguage":"de","potentialAction":[{"@type":"ReadAction","target":["https:\/\/www.strassenweb.de\/nachrichten\/die-wichtigsten-ikea-stuecke-die-ich-seit-einem-jahrzehnt-nicht-verabredet-habe\/"]}]},{"@type":"ImageObject","inLanguage":"de","@id":"https:\/\/www.strassenweb.de\/nachrichten\/die-wichtigsten-ikea-stuecke-die-ich-seit-einem-jahrzehnt-nicht-verabredet-habe\/#primaryimage","url":"https:\/\/www.strassenweb.de\/nachrichten\/wp-content\/uploads\/2025\/02\/Ein-einfacher-Ueberlebensleitfaden-eines-Innenausstattung-zum-Einkaufen-bei-IKEA.jpg","contentUrl":"https:\/\/www.strassenweb.de\/nachrichten\/wp-content\/uploads\/2025\/02\/Ein-einfacher-Ueberlebensleitfaden-eines-Innenausstattung-zum-Einkaufen-bei-IKEA.jpg","width":1200,"height":675,"caption":"Ein einfacher \u00dcberlebensleitfaden eines Innenausstattung zum Einkaufen bei IKEA - einschlie\u00dflich der Abschnitte, die Sie einkaufen sollen und welche Sie vermeiden sollten"},{"@type":"BreadcrumbList","@id":"https:\/\/www.strassenweb.de\/nachrichten\/die-wichtigsten-ikea-stuecke-die-ich-seit-einem-jahrzehnt-nicht-verabredet-habe\/#breadcrumb","itemListElement":[{"@type":"ListItem","position":1,"name":"Home","item":"https:\/\/www.strassenweb.de\/nachrichten\/"},{"@type":"ListItem","position":2,"name":"Die wichtigsten IKEA -St\u00fccke, die ich seit einem Jahrzehnt nicht verabredet habe"}]},{"@type":"WebSite","@id":"https:\/\/www.strassenweb.de\/nachrichten\/#website","url":"https:\/\/www.strassenweb.de\/nachrichten\/","name":"Stra\u00dfenweb","description":"Stra\u00dfenverzeichnis f\u00fcr Deutschland","publisher":{"@id":"https:\/\/www.strassenweb.de\/nachrichten\/#organization"},"potentialAction":[{"@type":"SearchAction","target":{"@type":"EntryPoint","urlTemplate":"https:\/\/www.strassenweb.de\/nachrichten\/?s={search_term_string}"},"query-input":{"@type":"PropertyValueSpecification","valueRequired":true,"valueName":"search_term_string"}}],"inLanguage":"de"},{"@type":"Organization","@id":"https:\/\/www.strassenweb.de\/nachrichten\/#organization","name":"Stra\u00dfenweb","url":"https:\/\/www.strassenweb.de\/nachrichten\/","logo":{"@type":"ImageObject","inLanguage":"de","@id":"https:\/\/www.strassenweb.de\/nachrichten\/#\/schema\/logo\/image\/","url":"https:\/\/www.strassenweb.de\/nachrichten\/wp-content\/uploads\/2024\/09\/cropped-favicon.png","contentUrl":"https:\/\/www.strassenweb.de\/nachrichten\/wp-content\/uploads\/2024\/09\/cropped-favicon.png","width":512,"height":512,"caption":"Stra\u00dfenweb"},"image":{"@id":"https:\/\/www.strassenweb.de\/nachrichten\/#\/schema\/logo\/image\/"},"sameAs":["https:\/\/www.facebook.com\/strassenweb\/"]},{"@type":"Person","@id":"https:\/\/www.strassenweb.de\/nachrichten\/#\/schema\/person\/87c9c9067f1211da429a744dc5a5aa41","name":"Robert Hoffmann","image":{"@type":"ImageObject","inLanguage":"de","@id":"https:\/\/www.strassenweb.de\/nachrichten\/wp-content\/uploads\/2024\/09\/strassenweb-150x150.jpg","url":"https:\/\/www.strassenweb.de\/nachrichten\/wp-content\/uploads\/2024\/09\/strassenweb-150x150.jpg","contentUrl":"https:\/\/www.strassenweb.de\/nachrichten\/wp-content\/uploads\/2024\/09\/strassenweb-150x150.jpg","caption":"Robert Hoffmann"},"description":"Ich hei\u00dfe Robert Hoffmann und ich bin ein leidenschaftlicher Verfechter von \u00d6kologie und Biodiversit\u00e4t. Seit meiner Kindheit in den W\u00e4ldern Bayerns f\u00fchle ich mich mit der Natur verbunden und bin entschlossen, sie zu sch\u00fctzen. Heute widme ich mein Leben der Sensibilisierung anderer f\u00fcr die Bedeutung des Umweltschutzes f\u00fcr zuk\u00fcnftige Generationen.","sameAs":["https:\/\/www.strassenweb.de\/"]}]}},"_links":{"self":[{"href":"https:\/\/www.strassenweb.de\/nachrichten\/wp-json\/wp\/v2\/posts\/3924","targetHints":{"allow":["GET"]}}],"collection":[{"href":"https:\/\/www.strassenweb.de\/nachrichten\/wp-json\/wp\/v2\/posts"}],"about":[{"href":"https:\/\/www.strassenweb.de\/nachrichten\/wp-json\/wp\/v2\/types\/post"}],"author":[{"embeddable":true,"href":"https:\/\/www.strassenweb.de\/nachrichten\/wp-json\/wp\/v2\/users\/1"}],"replies":[{"embeddable":true,"href":"https:\/\/www.strassenweb.de\/nachrichten\/wp-json\/wp\/v2\/comments?post=3924"}],"version-history":[{"count":0,"href":"https:\/\/www.strassenweb.de\/nachrichten\/wp-json\/wp\/v2\/posts\/3924\/revisions"}],"wp:featuredmedia":[{"embeddable":true,"href":"https:\/\/www.strassenweb.de\/nachrichten\/wp-json\/wp\/v2\/media\/3125"}],"wp:attachment":[{"href":"https:\/\/www.strassenweb.de\/nachrichten\/wp-json\/wp\/v2\/media?parent=3924"}],"wp:term":[{"taxonomy":"category","embeddable":true,"href":"https:\/\/www.strassenweb.de\/nachrichten\/wp-json\/wp\/v2\/categories?post=3924"},{"taxonomy":"post_tag","embeddable":true,"href":"https:\/\/www.strassenweb.de\/nachrichten\/wp-json\/wp\/v2\/tags?post=3924"}],"curies":[{"name":"wp","href":"https:\/\/api.w.org\/{rel}","templated":true}]}}