{"id":3915,"date":"2025-03-16T19:39:32","date_gmt":"2025-03-16T18:39:32","guid":{"rendered":"https:\/\/www.strassenweb.de\/nachrichten\/ricky-gervais-dekoriert-geschmackvoll-mit-weiss-bis-zum-eingangsausgang-experten-sagen-sein-heller-raum-sei-eindeutig-mit-absicht-gestaltet\/"},"modified":"2025-03-16T19:39:32","modified_gmt":"2025-03-16T18:39:32","slug":"ricky-gervais-dekoriert-geschmackvoll-mit-weiss-bis-zum-eingangsausgang-experten-sagen-sein-heller-raum-sei-eindeutig-mit-absicht-gestaltet","status":"publish","type":"post","link":"https:\/\/www.strassenweb.de\/nachrichten\/ricky-gervais-dekoriert-geschmackvoll-mit-weiss-bis-zum-eingangsausgang-experten-sagen-sein-heller-raum-sei-eindeutig-mit-absicht-gestaltet\/","title":{"rendered":"Ricky Gervais dekoriert geschmackvoll mit Wei\u00df bis zum Eingangsausgang &#8211; Experten sagen, sein heller Raum sei eindeutig mit Absicht gestaltet"},"content":{"rendered":"<p><\/p>\n<div id=\"article-body\" class=\"article__body \">\n<p>Ricky Gervais mag ein kontroverser Charakter sein, aber der Geschmack des Komikers in Innenr\u00e4umen ist weitaus weniger spaltend. Das britische Multi-Hyphenate bietet seinen Instagram-Followern h\u00e4ufig einen Blick in sein Haus an (oft nach dem Aufenthaltsort seiner Internet-ber\u00fchmten Katze, Gurken), und eine k\u00fcrzliche Aufnahme seines weitl\u00e4ufigen Eingangs beweist, dass der Schauspieler-Streik-Comedian trotz seiner bescheidenen Persona eine Vorliebe f\u00fcr Luxusdesign hat.<\/p>\n<div id=\"ad-unit-1\" class=\"ad-unit\"><\/div>\n<p>Was die High-End-Innenr\u00e4ume angeht, macht Ricky&#8217;s Eingang einen sofortigen luxuri\u00f6sen Eindruck. Der weitl\u00e4ufige Raum verf\u00fcgt \u00fcber eine riesige Marmortreppe, knusprige wei\u00dfe W\u00e4nde und einen hohen Glanzboden und nicht viel in Bezug auf Dekor, M\u00f6bel oder Accessoires. Der minimalistische Raum k\u00f6nnte f\u00fcr die meisten von uns ein Pfeifentraum sein, aber wir k\u00f6nnen viel daraus lernen, insbesondere die Einfachheit des Farbschemas.<\/p>\n<aside class=\"hawk-base\" data-block-type=\"embed\" data-render-type=\"fte\" data-skip=\"dealsy\" data-widget-type=\"seasonal\">\n<div class=\"hawk-master-widget-hawk-base-wrapper\"><\/div>\n<\/aside>\n<p>Auf den ersten Blick mag es wie eine milde und uninspirierende Eingangsidee aussehen, aber bei n\u00e4herer Betrachtung ist das subtile Schema eindeutig mit Absicht gestaltet. Die hellwei\u00dfe Palette erzeugt einen luxuri\u00f6sen ersten Eindruck, aber die wenigen dekorativen Details \u00fcber den Raum binden den Raum wirklich zusammen, insbesondere die Zugabe von Kunstwerken, die Farbtaschen in den Raum bringen. Wenn Sie mit Wei\u00df dekorieren m\u00f6chten und gleichzeitig viel visuelles Interesse bieten, lassen Sie Rickys Raum Ihre Blaupause sein.<\/p>\n<div id=\"desktop-in-article\" class=\"in-article ad-unit\">\n<div id=\"desktop-taboola-mid-article\"><\/div>\n<\/div>\n<div id=\"mobile-in-article\" class=\"in-article ad-unit\">\n<div id=\"mobile-taboola-mid-article\"><\/div>\n<\/div>\n<div class=\"instagram-embed\">\n<blockquote class=\"instagram-media\" data-instgrm-captioned data-instgrm-version=\"6\" style=\"width:99.375%; width:-webkit-calc(100% - 2px); width:calc(100% - 2px);\">\n<p>Ein Beitrag, der von Ricky Gervais (@rickygervais) geteilt wird<\/p>\n<p>Ein Foto von on <\/p>\n<\/blockquote>\n<\/div>\n<p>Wenn es um wirkungsvolle R\u00e4ume geht, gibt es nur wenige Dinge, die so atemberaubend sind wie ein weitl\u00e4ufiger wei\u00dfer Eingang. Wenn sich der Platz zul\u00e4sst, ist es ein viel respektierter Look unter den Designern. F\u00fcgen Sie subtile nuancierte Farbt\u00f6ne wie Ricky hinzu, und Sie haben ein Rezept f\u00fcr einen spektakul\u00e4r stilvollen Raum.<\/p>\n<div class=\"van_vid_carousel\">\n<div class=\"van_vid_carousel__padding\">\n<div class=\"van_vid_carousel__container\"><\/div>\n<\/div>\n<\/div>\n<p>Dieser Eingang ist ein Beweis daf\u00fcr, dass das Dekorieren mit Wei\u00df alles andere als langweilig ist. &#8222;Einige m\u00f6gen sagen, Ricky nimmt hier hellwei\u00df auf das \u00c4u\u00dferste von Stark und Steril, aber ich habe das Gef\u00fchl, dass der wundersch\u00f6ne schlanke Boden mit absolut keine N\u00e4hte eine atemberaubende Erg\u00e4nzung zu jedem Raum ist&#8220;, sagt Isy Jackson, Inhaber von Cheltenham Interiors. &#8222;Er verwendet eine sch\u00f6ne, rein wei\u00dfe Palette, doch es ist extravagant in der Wahl mit hohem gl\u00e4nzendem Boden und das kontrastierende schwarze Gitterdesign der Treppengel\u00e4nder, diese beiden monochrom kontrastierenden Elemente im Design.&#8220;<\/p>\n<div id=\"ad-unit-2\" class=\"ad-unit\"><\/div>\n<div class=\"instagram-embed\">\n<blockquote class=\"instagram-media\" data-instgrm-captioned data-instgrm-version=\"6\" style=\"width:99.375%; width:-webkit-calc(100% - 2px); width:calc(100% - 2px);\">\n<p>Ein Beitrag, der von Ricky Gervais (@rickygervais) geteilt wird<\/p>\n<p>Ein Foto von on <\/p>\n<\/blockquote>\n<\/div>\n<p>Innenarchitekt und Lackspezialist Tila Lee stellt auch die subtilere Verwendung von Farbe im gesamten Raum fest. Etwas kontraintuitiv behauptet sie, dass reine wei\u00dfe W\u00e4nde tats\u00e4chlich der beste Ort sind, um Farbe zu pr\u00e4sentieren. &#8222;In diesem Raum springen die W\u00e4nde jeden anderen Farbton von ihnen ab und erzeugen Illusionen der Untert\u00f6ne in der Kunst an den W\u00e4nden&#8220;, sagt sie. &#8222;Kombinieren Sie das mit dem gl\u00e4nzenden wei\u00dfen Boden, und Sie erhalten wirklich einen verspiegelten Effekt, der die sehr minimalen Farben zeigt und die meist leere Schiefer gl\u00e4nzt.&#8220;<\/p>\n<p>Wenn es um die Auswahl eines Farbschemas geht, ist es immer eine gute Idee, ein paar Farbt\u00f6ne in Ihrem Lieblingsdekor oder Accessoires auszuw\u00e4hlen, um den Rest Ihres Raums zu planen. W\u00e4hrend Rickys Eingangseingang auf die minimalistischere Seite f\u00e4llt, bringen die in seinen blau -braunen Kunstwerken enthaltenen Farbspritzer gerade genug Variation in das Bild und schaffen eine zusammenh\u00e4ngende Palette, die den Raum miteinander verheiratet.<\/p>\n<div id=\"slice-container-newsletterForm-articleInbodyContent-SNDJmrVtcZdsfPaA78RqL3\" class=\"slice-container newsletter-inbodyContent-slice newsletterForm-articleInbodyContent-SNDJmrVtcZdsfPaA78RqL3 slice-container-newsletterForm\"><\/div>\n<p>&#8222;Die neutrale Farbe in den Treppenhausw\u00e4nden zieht sich \u00e4hnlich wie die neutrale Farbe der blauen Kunst, und das Holz im Gel\u00e4nder passt ganz \u00e4hnlich wie das Holz in der T\u00fcr&#8220;, erkl\u00e4rt Tila. &#8222;Dies schafft genug Wiederholung, um das minimal dekorierte Raum in seinem Design sehr zusammengezogen und beabsichtigt zu machen.&#8220;<\/p>\n<div class=\"product-container hero-product-container product-block-no-wrap\"><\/div>\n<p>Wenn Sie sich nicht entschieden haben, ob Sie mit Wei\u00df dekorieren m\u00f6chten oder nicht, lassen Sie Rickys Eingangseingang eine Quelle der Inspiration anbieten. Im Gegensatz zur Meinung k\u00f6nnen helle wei\u00dfe W\u00e4nde mit nur einem paar Farben einen gro\u00dfen visuellen Einfluss bewirken und beweisen, dass manchmal weniger wirklich mehr ist.<\/p>\n<hr>\n<\/div>\n<p><script async src=\"\/\/www.instagram.com\/embed.js\"><\/script><\/p>\n","protected":false},"excerpt":{"rendered":"<p>Ricky Gervais mag ein kontroverser Charakter sein, aber der Geschmack des Komikers in Innenr\u00e4umen ist weitaus weniger spaltend. Das britische Multi-Hyphenate bietet seinen Instagram-Followern h\u00e4ufig<\/p>\n","protected":false},"author":1,"featured_media":3916,"comment_status":"closed","ping_status":"","sticky":false,"template":"","format":"standard","meta":{"footnotes":""},"categories":[118],"tags":[1324,180,195,2116,6000,667,5998,5999,6001,1856,146,182,5997,284,1249,306,482,67],"class_list":["post-3915","post","type-post","status-publish","format-standard","has-post-thumbnail","hentry","category-haus-garten","tag-absicht","tag-bis","tag-dekoriert","tag-eindeutig","tag-eingangsausgang","tag-experten","tag-gervais","tag-geschmackvoll","tag-gestaltet","tag-heller","tag-mit","tag-raum","tag-ricky","tag-sagen","tag-sei","tag-sein","tag-weiss","tag-zum","generate-columns","tablet-grid-50","mobile-grid-100","grid-parent","grid-50"],"yoast_head":"<!-- This site is optimized with the Yoast SEO plugin v27.3 - https:\/\/yoast.com\/product\/yoast-seo-wordpress\/ -->\n<title>Ricky Gervais dekoriert geschmackvoll mit Wei\u00df bis zum Eingangsausgang - Experten sagen, sein heller Raum sei eindeutig mit Absicht gestaltet - Nachrichten - Stra\u00dfenweb<\/title>\n<meta name=\"robots\" content=\"index, follow, max-snippet:-1, max-image-preview:large, max-video-preview:-1\" \/>\n<link rel=\"canonical\" href=\"https:\/\/www.strassenweb.de\/nachrichten\/ricky-gervais-dekoriert-geschmackvoll-mit-weiss-bis-zum-eingangsausgang-experten-sagen-sein-heller-raum-sei-eindeutig-mit-absicht-gestaltet\/\" \/>\n<meta property=\"og:locale\" content=\"de_DE\" \/>\n<meta property=\"og:type\" content=\"article\" \/>\n<meta property=\"og:title\" content=\"Ricky Gervais dekoriert geschmackvoll mit Wei\u00df bis zum Eingangsausgang - Experten sagen, sein heller Raum sei eindeutig mit Absicht gestaltet - Nachrichten - Stra\u00dfenweb\" \/>\n<meta property=\"og:description\" content=\"Ricky Gervais mag ein kontroverser Charakter sein, aber der Geschmack des Komikers in Innenr\u00e4umen ist weitaus weniger spaltend. Das britische Multi-Hyphenate bietet seinen Instagram-Followern h\u00e4ufig\" \/>\n<meta property=\"og:url\" content=\"https:\/\/www.strassenweb.de\/nachrichten\/ricky-gervais-dekoriert-geschmackvoll-mit-weiss-bis-zum-eingangsausgang-experten-sagen-sein-heller-raum-sei-eindeutig-mit-absicht-gestaltet\/\" \/>\n<meta property=\"og:site_name\" content=\"Stra\u00dfenweb\" \/>\n<meta property=\"article:publisher\" content=\"https:\/\/www.facebook.com\/strassenweb\/\" \/>\n<meta property=\"article:published_time\" content=\"2025-03-16T18:39:32+00:00\" \/>\n<meta property=\"og:image\" content=\"https:\/\/www.strassenweb.de\/nachrichten\/wp-content\/uploads\/2025\/03\/Ricky-Gervais-dekoriert-geschmackvoll-mit-Weiss-bis-zum-Eingangsausgang.jpg\" \/>\n\t<meta property=\"og:image:width\" content=\"1200\" \/>\n\t<meta property=\"og:image:height\" content=\"675\" \/>\n\t<meta property=\"og:image:type\" content=\"image\/jpeg\" \/>\n<meta name=\"author\" content=\"Robert Hoffmann\" \/>\n<meta name=\"twitter:card\" content=\"summary_large_image\" \/>\n<meta name=\"twitter:label1\" content=\"Verfasst von\" \/>\n\t<meta name=\"twitter:data1\" content=\"Robert Hoffmann\" \/>\n\t<meta name=\"twitter:label2\" content=\"Gesch\u00e4tzte Lesezeit\" \/>\n\t<meta name=\"twitter:data2\" content=\"3\u00a0Minuten\" \/>\n<script type=\"application\/ld+json\" class=\"yoast-schema-graph\">{\"@context\":\"https:\\\/\\\/schema.org\",\"@graph\":[{\"@type\":\"Article\",\"@id\":\"https:\\\/\\\/www.strassenweb.de\\\/nachrichten\\\/ricky-gervais-dekoriert-geschmackvoll-mit-weiss-bis-zum-eingangsausgang-experten-sagen-sein-heller-raum-sei-eindeutig-mit-absicht-gestaltet\\\/#article\",\"isPartOf\":{\"@id\":\"https:\\\/\\\/www.strassenweb.de\\\/nachrichten\\\/ricky-gervais-dekoriert-geschmackvoll-mit-weiss-bis-zum-eingangsausgang-experten-sagen-sein-heller-raum-sei-eindeutig-mit-absicht-gestaltet\\\/\"},\"author\":{\"name\":\"Robert Hoffmann\",\"@id\":\"https:\\\/\\\/www.strassenweb.de\\\/nachrichten\\\/#\\\/schema\\\/person\\\/87c9c9067f1211da429a744dc5a5aa41\"},\"headline\":\"Ricky Gervais dekoriert geschmackvoll mit Wei\u00df bis zum Eingangsausgang &#8211; Experten sagen, sein heller Raum sei eindeutig mit Absicht gestaltet\",\"datePublished\":\"2025-03-16T18:39:32+00:00\",\"mainEntityOfPage\":{\"@id\":\"https:\\\/\\\/www.strassenweb.de\\\/nachrichten\\\/ricky-gervais-dekoriert-geschmackvoll-mit-weiss-bis-zum-eingangsausgang-experten-sagen-sein-heller-raum-sei-eindeutig-mit-absicht-gestaltet\\\/\"},\"wordCount\":693,\"publisher\":{\"@id\":\"https:\\\/\\\/www.strassenweb.de\\\/nachrichten\\\/#organization\"},\"image\":{\"@id\":\"https:\\\/\\\/www.strassenweb.de\\\/nachrichten\\\/ricky-gervais-dekoriert-geschmackvoll-mit-weiss-bis-zum-eingangsausgang-experten-sagen-sein-heller-raum-sei-eindeutig-mit-absicht-gestaltet\\\/#primaryimage\"},\"thumbnailUrl\":\"https:\\\/\\\/www.strassenweb.de\\\/nachrichten\\\/wp-content\\\/uploads\\\/2025\\\/03\\\/Ricky-Gervais-dekoriert-geschmackvoll-mit-Weiss-bis-zum-Eingangsausgang.jpg\",\"keywords\":[\"Absicht\",\"bis\",\"dekoriert\",\"eindeutig\",\"Eingangsausgang\",\"Experten\",\"Gervais\",\"geschmackvoll\",\"gestaltet\",\"heller\",\"mit\",\"Raum\",\"Ricky\",\"sagen\",\"sei\",\"sein\",\"wei\u00df\",\"zum\"],\"articleSection\":[\"Haus &amp; Garten\"],\"inLanguage\":\"de\"},{\"@type\":\"WebPage\",\"@id\":\"https:\\\/\\\/www.strassenweb.de\\\/nachrichten\\\/ricky-gervais-dekoriert-geschmackvoll-mit-weiss-bis-zum-eingangsausgang-experten-sagen-sein-heller-raum-sei-eindeutig-mit-absicht-gestaltet\\\/\",\"url\":\"https:\\\/\\\/www.strassenweb.de\\\/nachrichten\\\/ricky-gervais-dekoriert-geschmackvoll-mit-weiss-bis-zum-eingangsausgang-experten-sagen-sein-heller-raum-sei-eindeutig-mit-absicht-gestaltet\\\/\",\"name\":\"Ricky Gervais dekoriert geschmackvoll mit Wei\u00df bis zum Eingangsausgang - Experten sagen, sein heller Raum sei eindeutig mit Absicht gestaltet - Nachrichten - Stra\u00dfenweb\",\"isPartOf\":{\"@id\":\"https:\\\/\\\/www.strassenweb.de\\\/nachrichten\\\/#website\"},\"primaryImageOfPage\":{\"@id\":\"https:\\\/\\\/www.strassenweb.de\\\/nachrichten\\\/ricky-gervais-dekoriert-geschmackvoll-mit-weiss-bis-zum-eingangsausgang-experten-sagen-sein-heller-raum-sei-eindeutig-mit-absicht-gestaltet\\\/#primaryimage\"},\"image\":{\"@id\":\"https:\\\/\\\/www.strassenweb.de\\\/nachrichten\\\/ricky-gervais-dekoriert-geschmackvoll-mit-weiss-bis-zum-eingangsausgang-experten-sagen-sein-heller-raum-sei-eindeutig-mit-absicht-gestaltet\\\/#primaryimage\"},\"thumbnailUrl\":\"https:\\\/\\\/www.strassenweb.de\\\/nachrichten\\\/wp-content\\\/uploads\\\/2025\\\/03\\\/Ricky-Gervais-dekoriert-geschmackvoll-mit-Weiss-bis-zum-Eingangsausgang.jpg\",\"datePublished\":\"2025-03-16T18:39:32+00:00\",\"breadcrumb\":{\"@id\":\"https:\\\/\\\/www.strassenweb.de\\\/nachrichten\\\/ricky-gervais-dekoriert-geschmackvoll-mit-weiss-bis-zum-eingangsausgang-experten-sagen-sein-heller-raum-sei-eindeutig-mit-absicht-gestaltet\\\/#breadcrumb\"},\"inLanguage\":\"de\",\"potentialAction\":[{\"@type\":\"ReadAction\",\"target\":[\"https:\\\/\\\/www.strassenweb.de\\\/nachrichten\\\/ricky-gervais-dekoriert-geschmackvoll-mit-weiss-bis-zum-eingangsausgang-experten-sagen-sein-heller-raum-sei-eindeutig-mit-absicht-gestaltet\\\/\"]}]},{\"@type\":\"ImageObject\",\"inLanguage\":\"de\",\"@id\":\"https:\\\/\\\/www.strassenweb.de\\\/nachrichten\\\/ricky-gervais-dekoriert-geschmackvoll-mit-weiss-bis-zum-eingangsausgang-experten-sagen-sein-heller-raum-sei-eindeutig-mit-absicht-gestaltet\\\/#primaryimage\",\"url\":\"https:\\\/\\\/www.strassenweb.de\\\/nachrichten\\\/wp-content\\\/uploads\\\/2025\\\/03\\\/Ricky-Gervais-dekoriert-geschmackvoll-mit-Weiss-bis-zum-Eingangsausgang.jpg\",\"contentUrl\":\"https:\\\/\\\/www.strassenweb.de\\\/nachrichten\\\/wp-content\\\/uploads\\\/2025\\\/03\\\/Ricky-Gervais-dekoriert-geschmackvoll-mit-Weiss-bis-zum-Eingangsausgang.jpg\",\"width\":1200,\"height\":675,\"caption\":\"Ricky Gervais dekoriert geschmackvoll mit Wei\u00df bis zum Eingangsausgang - Experten sagen, sein heller Raum sei eindeutig mit Absicht gestaltet\"},{\"@type\":\"BreadcrumbList\",\"@id\":\"https:\\\/\\\/www.strassenweb.de\\\/nachrichten\\\/ricky-gervais-dekoriert-geschmackvoll-mit-weiss-bis-zum-eingangsausgang-experten-sagen-sein-heller-raum-sei-eindeutig-mit-absicht-gestaltet\\\/#breadcrumb\",\"itemListElement\":[{\"@type\":\"ListItem\",\"position\":1,\"name\":\"Home\",\"item\":\"https:\\\/\\\/www.strassenweb.de\\\/nachrichten\\\/\"},{\"@type\":\"ListItem\",\"position\":2,\"name\":\"Ricky Gervais dekoriert geschmackvoll mit Wei\u00df bis zum Eingangsausgang &#8211; Experten sagen, sein heller Raum sei eindeutig mit Absicht gestaltet\"}]},{\"@type\":\"WebSite\",\"@id\":\"https:\\\/\\\/www.strassenweb.de\\\/nachrichten\\\/#website\",\"url\":\"https:\\\/\\\/www.strassenweb.de\\\/nachrichten\\\/\",\"name\":\"Stra\u00dfenweb\",\"description\":\"Stra\u00dfenverzeichnis f\u00fcr Deutschland\",\"publisher\":{\"@id\":\"https:\\\/\\\/www.strassenweb.de\\\/nachrichten\\\/#organization\"},\"potentialAction\":[{\"@type\":\"SearchAction\",\"target\":{\"@type\":\"EntryPoint\",\"urlTemplate\":\"https:\\\/\\\/www.strassenweb.de\\\/nachrichten\\\/?s={search_term_string}\"},\"query-input\":{\"@type\":\"PropertyValueSpecification\",\"valueRequired\":true,\"valueName\":\"search_term_string\"}}],\"inLanguage\":\"de\"},{\"@type\":\"Organization\",\"@id\":\"https:\\\/\\\/www.strassenweb.de\\\/nachrichten\\\/#organization\",\"name\":\"Stra\u00dfenweb\",\"url\":\"https:\\\/\\\/www.strassenweb.de\\\/nachrichten\\\/\",\"logo\":{\"@type\":\"ImageObject\",\"inLanguage\":\"de\",\"@id\":\"https:\\\/\\\/www.strassenweb.de\\\/nachrichten\\\/#\\\/schema\\\/logo\\\/image\\\/\",\"url\":\"https:\\\/\\\/www.strassenweb.de\\\/nachrichten\\\/wp-content\\\/uploads\\\/2024\\\/09\\\/cropped-favicon.png\",\"contentUrl\":\"https:\\\/\\\/www.strassenweb.de\\\/nachrichten\\\/wp-content\\\/uploads\\\/2024\\\/09\\\/cropped-favicon.png\",\"width\":512,\"height\":512,\"caption\":\"Stra\u00dfenweb\"},\"image\":{\"@id\":\"https:\\\/\\\/www.strassenweb.de\\\/nachrichten\\\/#\\\/schema\\\/logo\\\/image\\\/\"},\"sameAs\":[\"https:\\\/\\\/www.facebook.com\\\/strassenweb\\\/\"]},{\"@type\":\"Person\",\"@id\":\"https:\\\/\\\/www.strassenweb.de\\\/nachrichten\\\/#\\\/schema\\\/person\\\/87c9c9067f1211da429a744dc5a5aa41\",\"name\":\"Robert Hoffmann\",\"image\":{\"@type\":\"ImageObject\",\"inLanguage\":\"de\",\"@id\":\"https:\\\/\\\/www.strassenweb.de\\\/nachrichten\\\/wp-content\\\/uploads\\\/2024\\\/09\\\/strassenweb-150x150.jpg\",\"url\":\"https:\\\/\\\/www.strassenweb.de\\\/nachrichten\\\/wp-content\\\/uploads\\\/2024\\\/09\\\/strassenweb-150x150.jpg\",\"contentUrl\":\"https:\\\/\\\/www.strassenweb.de\\\/nachrichten\\\/wp-content\\\/uploads\\\/2024\\\/09\\\/strassenweb-150x150.jpg\",\"caption\":\"Robert Hoffmann\"},\"description\":\"Ich hei\u00dfe Robert Hoffmann und ich bin ein leidenschaftlicher Verfechter von \u00d6kologie und Biodiversit\u00e4t. Seit meiner Kindheit in den W\u00e4ldern Bayerns f\u00fchle ich mich mit der Natur verbunden und bin entschlossen, sie zu sch\u00fctzen. Heute widme ich mein Leben der Sensibilisierung anderer f\u00fcr die Bedeutung des Umweltschutzes f\u00fcr zuk\u00fcnftige Generationen.\",\"sameAs\":[\"https:\\\/\\\/www.strassenweb.de\\\/\"]}]}<\/script>\n<!-- \/ Yoast SEO plugin. -->","yoast_head_json":{"title":"Ricky Gervais dekoriert geschmackvoll mit Wei\u00df bis zum Eingangsausgang - Experten sagen, sein heller Raum sei eindeutig mit Absicht gestaltet - Nachrichten - Stra\u00dfenweb","robots":{"index":"index","follow":"follow","max-snippet":"max-snippet:-1","max-image-preview":"max-image-preview:large","max-video-preview":"max-video-preview:-1"},"canonical":"https:\/\/www.strassenweb.de\/nachrichten\/ricky-gervais-dekoriert-geschmackvoll-mit-weiss-bis-zum-eingangsausgang-experten-sagen-sein-heller-raum-sei-eindeutig-mit-absicht-gestaltet\/","og_locale":"de_DE","og_type":"article","og_title":"Ricky Gervais dekoriert geschmackvoll mit Wei\u00df bis zum Eingangsausgang - Experten sagen, sein heller Raum sei eindeutig mit Absicht gestaltet - Nachrichten - Stra\u00dfenweb","og_description":"Ricky Gervais mag ein kontroverser Charakter sein, aber der Geschmack des Komikers in Innenr\u00e4umen ist weitaus weniger spaltend. Das britische Multi-Hyphenate bietet seinen Instagram-Followern h\u00e4ufig","og_url":"https:\/\/www.strassenweb.de\/nachrichten\/ricky-gervais-dekoriert-geschmackvoll-mit-weiss-bis-zum-eingangsausgang-experten-sagen-sein-heller-raum-sei-eindeutig-mit-absicht-gestaltet\/","og_site_name":"Stra\u00dfenweb","article_publisher":"https:\/\/www.facebook.com\/strassenweb\/","article_published_time":"2025-03-16T18:39:32+00:00","og_image":[{"width":1200,"height":675,"url":"https:\/\/www.strassenweb.de\/nachrichten\/wp-content\/uploads\/2025\/03\/Ricky-Gervais-dekoriert-geschmackvoll-mit-Weiss-bis-zum-Eingangsausgang.jpg","type":"image\/jpeg"}],"author":"Robert Hoffmann","twitter_card":"summary_large_image","twitter_misc":{"Verfasst von":"Robert Hoffmann","Gesch\u00e4tzte Lesezeit":"3\u00a0Minuten"},"schema":{"@context":"https:\/\/schema.org","@graph":[{"@type":"Article","@id":"https:\/\/www.strassenweb.de\/nachrichten\/ricky-gervais-dekoriert-geschmackvoll-mit-weiss-bis-zum-eingangsausgang-experten-sagen-sein-heller-raum-sei-eindeutig-mit-absicht-gestaltet\/#article","isPartOf":{"@id":"https:\/\/www.strassenweb.de\/nachrichten\/ricky-gervais-dekoriert-geschmackvoll-mit-weiss-bis-zum-eingangsausgang-experten-sagen-sein-heller-raum-sei-eindeutig-mit-absicht-gestaltet\/"},"author":{"name":"Robert Hoffmann","@id":"https:\/\/www.strassenweb.de\/nachrichten\/#\/schema\/person\/87c9c9067f1211da429a744dc5a5aa41"},"headline":"Ricky Gervais dekoriert geschmackvoll mit Wei\u00df bis zum Eingangsausgang &#8211; Experten sagen, sein heller Raum sei eindeutig mit Absicht gestaltet","datePublished":"2025-03-16T18:39:32+00:00","mainEntityOfPage":{"@id":"https:\/\/www.strassenweb.de\/nachrichten\/ricky-gervais-dekoriert-geschmackvoll-mit-weiss-bis-zum-eingangsausgang-experten-sagen-sein-heller-raum-sei-eindeutig-mit-absicht-gestaltet\/"},"wordCount":693,"publisher":{"@id":"https:\/\/www.strassenweb.de\/nachrichten\/#organization"},"image":{"@id":"https:\/\/www.strassenweb.de\/nachrichten\/ricky-gervais-dekoriert-geschmackvoll-mit-weiss-bis-zum-eingangsausgang-experten-sagen-sein-heller-raum-sei-eindeutig-mit-absicht-gestaltet\/#primaryimage"},"thumbnailUrl":"https:\/\/www.strassenweb.de\/nachrichten\/wp-content\/uploads\/2025\/03\/Ricky-Gervais-dekoriert-geschmackvoll-mit-Weiss-bis-zum-Eingangsausgang.jpg","keywords":["Absicht","bis","dekoriert","eindeutig","Eingangsausgang","Experten","Gervais","geschmackvoll","gestaltet","heller","mit","Raum","Ricky","sagen","sei","sein","wei\u00df","zum"],"articleSection":["Haus &amp; Garten"],"inLanguage":"de"},{"@type":"WebPage","@id":"https:\/\/www.strassenweb.de\/nachrichten\/ricky-gervais-dekoriert-geschmackvoll-mit-weiss-bis-zum-eingangsausgang-experten-sagen-sein-heller-raum-sei-eindeutig-mit-absicht-gestaltet\/","url":"https:\/\/www.strassenweb.de\/nachrichten\/ricky-gervais-dekoriert-geschmackvoll-mit-weiss-bis-zum-eingangsausgang-experten-sagen-sein-heller-raum-sei-eindeutig-mit-absicht-gestaltet\/","name":"Ricky Gervais dekoriert geschmackvoll mit Wei\u00df bis zum Eingangsausgang - Experten sagen, sein heller Raum sei eindeutig mit Absicht gestaltet - Nachrichten - Stra\u00dfenweb","isPartOf":{"@id":"https:\/\/www.strassenweb.de\/nachrichten\/#website"},"primaryImageOfPage":{"@id":"https:\/\/www.strassenweb.de\/nachrichten\/ricky-gervais-dekoriert-geschmackvoll-mit-weiss-bis-zum-eingangsausgang-experten-sagen-sein-heller-raum-sei-eindeutig-mit-absicht-gestaltet\/#primaryimage"},"image":{"@id":"https:\/\/www.strassenweb.de\/nachrichten\/ricky-gervais-dekoriert-geschmackvoll-mit-weiss-bis-zum-eingangsausgang-experten-sagen-sein-heller-raum-sei-eindeutig-mit-absicht-gestaltet\/#primaryimage"},"thumbnailUrl":"https:\/\/www.strassenweb.de\/nachrichten\/wp-content\/uploads\/2025\/03\/Ricky-Gervais-dekoriert-geschmackvoll-mit-Weiss-bis-zum-Eingangsausgang.jpg","datePublished":"2025-03-16T18:39:32+00:00","breadcrumb":{"@id":"https:\/\/www.strassenweb.de\/nachrichten\/ricky-gervais-dekoriert-geschmackvoll-mit-weiss-bis-zum-eingangsausgang-experten-sagen-sein-heller-raum-sei-eindeutig-mit-absicht-gestaltet\/#breadcrumb"},"inLanguage":"de","potentialAction":[{"@type":"ReadAction","target":["https:\/\/www.strassenweb.de\/nachrichten\/ricky-gervais-dekoriert-geschmackvoll-mit-weiss-bis-zum-eingangsausgang-experten-sagen-sein-heller-raum-sei-eindeutig-mit-absicht-gestaltet\/"]}]},{"@type":"ImageObject","inLanguage":"de","@id":"https:\/\/www.strassenweb.de\/nachrichten\/ricky-gervais-dekoriert-geschmackvoll-mit-weiss-bis-zum-eingangsausgang-experten-sagen-sein-heller-raum-sei-eindeutig-mit-absicht-gestaltet\/#primaryimage","url":"https:\/\/www.strassenweb.de\/nachrichten\/wp-content\/uploads\/2025\/03\/Ricky-Gervais-dekoriert-geschmackvoll-mit-Weiss-bis-zum-Eingangsausgang.jpg","contentUrl":"https:\/\/www.strassenweb.de\/nachrichten\/wp-content\/uploads\/2025\/03\/Ricky-Gervais-dekoriert-geschmackvoll-mit-Weiss-bis-zum-Eingangsausgang.jpg","width":1200,"height":675,"caption":"Ricky Gervais dekoriert geschmackvoll mit Wei\u00df bis zum Eingangsausgang - Experten sagen, sein heller Raum sei eindeutig mit Absicht gestaltet"},{"@type":"BreadcrumbList","@id":"https:\/\/www.strassenweb.de\/nachrichten\/ricky-gervais-dekoriert-geschmackvoll-mit-weiss-bis-zum-eingangsausgang-experten-sagen-sein-heller-raum-sei-eindeutig-mit-absicht-gestaltet\/#breadcrumb","itemListElement":[{"@type":"ListItem","position":1,"name":"Home","item":"https:\/\/www.strassenweb.de\/nachrichten\/"},{"@type":"ListItem","position":2,"name":"Ricky Gervais dekoriert geschmackvoll mit Wei\u00df bis zum Eingangsausgang &#8211; Experten sagen, sein heller Raum sei eindeutig mit Absicht gestaltet"}]},{"@type":"WebSite","@id":"https:\/\/www.strassenweb.de\/nachrichten\/#website","url":"https:\/\/www.strassenweb.de\/nachrichten\/","name":"Stra\u00dfenweb","description":"Stra\u00dfenverzeichnis f\u00fcr Deutschland","publisher":{"@id":"https:\/\/www.strassenweb.de\/nachrichten\/#organization"},"potentialAction":[{"@type":"SearchAction","target":{"@type":"EntryPoint","urlTemplate":"https:\/\/www.strassenweb.de\/nachrichten\/?s={search_term_string}"},"query-input":{"@type":"PropertyValueSpecification","valueRequired":true,"valueName":"search_term_string"}}],"inLanguage":"de"},{"@type":"Organization","@id":"https:\/\/www.strassenweb.de\/nachrichten\/#organization","name":"Stra\u00dfenweb","url":"https:\/\/www.strassenweb.de\/nachrichten\/","logo":{"@type":"ImageObject","inLanguage":"de","@id":"https:\/\/www.strassenweb.de\/nachrichten\/#\/schema\/logo\/image\/","url":"https:\/\/www.strassenweb.de\/nachrichten\/wp-content\/uploads\/2024\/09\/cropped-favicon.png","contentUrl":"https:\/\/www.strassenweb.de\/nachrichten\/wp-content\/uploads\/2024\/09\/cropped-favicon.png","width":512,"height":512,"caption":"Stra\u00dfenweb"},"image":{"@id":"https:\/\/www.strassenweb.de\/nachrichten\/#\/schema\/logo\/image\/"},"sameAs":["https:\/\/www.facebook.com\/strassenweb\/"]},{"@type":"Person","@id":"https:\/\/www.strassenweb.de\/nachrichten\/#\/schema\/person\/87c9c9067f1211da429a744dc5a5aa41","name":"Robert Hoffmann","image":{"@type":"ImageObject","inLanguage":"de","@id":"https:\/\/www.strassenweb.de\/nachrichten\/wp-content\/uploads\/2024\/09\/strassenweb-150x150.jpg","url":"https:\/\/www.strassenweb.de\/nachrichten\/wp-content\/uploads\/2024\/09\/strassenweb-150x150.jpg","contentUrl":"https:\/\/www.strassenweb.de\/nachrichten\/wp-content\/uploads\/2024\/09\/strassenweb-150x150.jpg","caption":"Robert Hoffmann"},"description":"Ich hei\u00dfe Robert Hoffmann und ich bin ein leidenschaftlicher Verfechter von \u00d6kologie und Biodiversit\u00e4t. Seit meiner Kindheit in den W\u00e4ldern Bayerns f\u00fchle ich mich mit der Natur verbunden und bin entschlossen, sie zu sch\u00fctzen. Heute widme ich mein Leben der Sensibilisierung anderer f\u00fcr die Bedeutung des Umweltschutzes f\u00fcr zuk\u00fcnftige Generationen.","sameAs":["https:\/\/www.strassenweb.de\/"]}]}},"_links":{"self":[{"href":"https:\/\/www.strassenweb.de\/nachrichten\/wp-json\/wp\/v2\/posts\/3915","targetHints":{"allow":["GET"]}}],"collection":[{"href":"https:\/\/www.strassenweb.de\/nachrichten\/wp-json\/wp\/v2\/posts"}],"about":[{"href":"https:\/\/www.strassenweb.de\/nachrichten\/wp-json\/wp\/v2\/types\/post"}],"author":[{"embeddable":true,"href":"https:\/\/www.strassenweb.de\/nachrichten\/wp-json\/wp\/v2\/users\/1"}],"replies":[{"embeddable":true,"href":"https:\/\/www.strassenweb.de\/nachrichten\/wp-json\/wp\/v2\/comments?post=3915"}],"version-history":[{"count":0,"href":"https:\/\/www.strassenweb.de\/nachrichten\/wp-json\/wp\/v2\/posts\/3915\/revisions"}],"wp:featuredmedia":[{"embeddable":true,"href":"https:\/\/www.strassenweb.de\/nachrichten\/wp-json\/wp\/v2\/media\/3916"}],"wp:attachment":[{"href":"https:\/\/www.strassenweb.de\/nachrichten\/wp-json\/wp\/v2\/media?parent=3915"}],"wp:term":[{"taxonomy":"category","embeddable":true,"href":"https:\/\/www.strassenweb.de\/nachrichten\/wp-json\/wp\/v2\/categories?post=3915"},{"taxonomy":"post_tag","embeddable":true,"href":"https:\/\/www.strassenweb.de\/nachrichten\/wp-json\/wp\/v2\/tags?post=3915"}],"curies":[{"name":"wp","href":"https:\/\/api.w.org\/{rel}","templated":true}]}}