{"id":3907,"date":"2025-03-16T07:40:36","date_gmt":"2025-03-16T06:40:36","guid":{"rendered":"https:\/\/www.strassenweb.de\/nachrichten\/die-neue-gartenkollektion-von-martha-stewart-kostet-bei-18-us\/"},"modified":"2025-03-16T07:40:36","modified_gmt":"2025-03-16T06:40:36","slug":"die-neue-gartenkollektion-von-martha-stewart-kostet-bei-18-us","status":"publish","type":"post","link":"https:\/\/www.strassenweb.de\/nachrichten\/die-neue-gartenkollektion-von-martha-stewart-kostet-bei-18-us\/","title":{"rendered":"Die neue Gartenkollektion von Martha Stewart kostet bei 18 US"},"content":{"rendered":"<p><\/p>\n<div id=\"article-body\" class=\"article__body \">\n<p>Wenn es um Gartenexperten geht, ist niemand besser qualifiziert als Martha Stewart. Die H\u00e4user von Doyenne hat Dutzende jahrelanger Erfahrung und die G\u00e4rten ihrer H\u00e4user in New York, Connecticut und Maine auf die n\u00e4chste Stufe. Jetzt macht sie diese F\u00e4higkeiten f\u00fcr jeden zug\u00e4nglich, der ihren neuen QVC -Start hat.<\/p>\n<div id=\"ad-unit-1\" class=\"ad-unit\"><\/div>\n<p>Martha Stewart teilt ihre Gartenideen in Form von 13 neuen Gartenwerkzeugen, Taschen und Pflanzgef\u00e4\u00dfen, die ihren zeitlosen Stil nachahmen. Bei hochwertigen Produkten und vern\u00fcnftigen Preisen sind viele der St\u00fccke wie ihre charakteristischen Faux Bois-Pflanzer bereits ausverkauft. Die Kollektion enth\u00e4lt alles, was Sie brauchen, um Ihren Garten im Fr\u00fchling und Sommer zu erh\u00f6hen.<\/p>\n<aside class=\"hawk-base\" data-block-type=\"embed\" data-render-type=\"fte\" data-skip=\"dealsy\" data-widget-type=\"seasonal\">\n<div class=\"hawk-master-widget-hawk-base-wrapper\"><\/div>\n<\/aside>\n<p>Es ist die perfekte Inspiration f\u00fcr Ihre Fr\u00fchlingsgarten -Checkliste. &#8222;Ich hatte schon immer eine wunderbare Beziehung zu QVC, in der ich in der Pressemitteilung f\u00fcr die Sammlung unterrichten und durch Geschichten und Produkte inspirieren kann&#8220;, erkl\u00e4rt Martha Stewart. &#8218;Jede dieser neuen Sammlungen spiegelt meine Leidenschaften und meinen pers\u00f6nlichen Stil wider. Ich freue mich darauf, diese neuen Angebote an den QVC-Kunden zu bringen und sie mit sch\u00f6nen, n\u00fctzlichen und gut gemachten Produkten zu inspirieren. &#8218;<\/p>\n<div id=\"desktop-in-article\" class=\"in-article ad-unit\">\n<div id=\"desktop-taboola-mid-article\"><\/div>\n<\/div>\n<div id=\"mobile-in-article\" class=\"in-article ad-unit\">\n<div id=\"mobile-taboola-mid-article\"><\/div>\n<\/div>\n<div class=\"product-container hero-product-container product-block-no-wrap\"><\/div>\n<hr>\n<p>Wenn Sie Ihre Gartenwerkzeuge lieben, sind Sie viel wahrscheinlicher, dass Sie dort rauskommen und sich in den Boden lassen. Marthas Grundst\u00fccke sind der perfekte Ausgangspunkt.<\/p>\n<div class=\"van_vid_carousel\">\n<div class=\"van_vid_carousel__padding\">\n<div class=\"van_vid_carousel__container\"><\/div>\n<\/div>\n<\/div>\n<hr>\n<div id=\"slice-container-newsletterForm-articleInbodyContent-cmy33MuFXnRg7gndJV5WFi\" class=\"slice-container newsletter-inbodyContent-slice newsletterForm-articleInbodyContent-cmy33MuFXnRg7gndJV5WFi slice-container-newsletterForm\"><\/div>\n<div id=\"ad-unit-2\" class=\"ad-unit\"><\/div>\n<\/div>\n","protected":false},"excerpt":{"rendered":"<p>Wenn es um Gartenexperten geht, ist niemand besser qualifiziert als Martha Stewart. Die H\u00e4user von Doyenne hat Dutzende jahrelanger Erfahrung und die G\u00e4rten ihrer H\u00e4user<\/p>\n","protected":false},"author":1,"featured_media":3908,"comment_status":"closed","ping_status":"","sticky":false,"template":"","format":"standard","meta":{"footnotes":""},"categories":[118],"tags":[152,9,5988,1474,2894,108,3131,21],"class_list":["post-3907","post","type-post","status-publish","format-standard","has-post-thumbnail","hentry","category-haus-garten","tag-bei","tag-die","tag-gartenkollektion","tag-kostet","tag-martha","tag-neue","tag-stewart","tag-von","generate-columns","tablet-grid-50","mobile-grid-100","grid-parent","grid-50"],"yoast_head":"<!-- This site is optimized with the Yoast SEO plugin v27.3 - https:\/\/yoast.com\/product\/yoast-seo-wordpress\/ -->\n<title>Die neue Gartenkollektion von Martha Stewart kostet bei 18 US - Nachrichten - Stra\u00dfenweb<\/title>\n<meta name=\"robots\" content=\"index, follow, max-snippet:-1, max-image-preview:large, max-video-preview:-1\" \/>\n<link rel=\"canonical\" href=\"https:\/\/www.strassenweb.de\/nachrichten\/die-neue-gartenkollektion-von-martha-stewart-kostet-bei-18-us\/\" \/>\n<meta property=\"og:locale\" content=\"de_DE\" \/>\n<meta property=\"og:type\" content=\"article\" \/>\n<meta property=\"og:title\" content=\"Die neue Gartenkollektion von Martha Stewart kostet bei 18 US - Nachrichten - Stra\u00dfenweb\" \/>\n<meta property=\"og:description\" content=\"Wenn es um Gartenexperten geht, ist niemand besser qualifiziert als Martha Stewart. Die H\u00e4user von Doyenne hat Dutzende jahrelanger Erfahrung und die G\u00e4rten ihrer H\u00e4user\" \/>\n<meta property=\"og:url\" content=\"https:\/\/www.strassenweb.de\/nachrichten\/die-neue-gartenkollektion-von-martha-stewart-kostet-bei-18-us\/\" \/>\n<meta property=\"og:site_name\" content=\"Stra\u00dfenweb\" \/>\n<meta property=\"article:publisher\" content=\"https:\/\/www.facebook.com\/strassenweb\/\" \/>\n<meta property=\"article:published_time\" content=\"2025-03-16T06:40:36+00:00\" \/>\n<meta property=\"og:image\" content=\"https:\/\/www.strassenweb.de\/nachrichten\/wp-content\/uploads\/2025\/03\/Die-neue-Gartenkollektion-von-Martha-Stewart-kostet-bei-18-US.jpg\" \/>\n\t<meta property=\"og:image:width\" content=\"1200\" \/>\n\t<meta property=\"og:image:height\" content=\"675\" \/>\n\t<meta property=\"og:image:type\" content=\"image\/jpeg\" \/>\n<meta name=\"author\" content=\"Robert Hoffmann\" \/>\n<meta name=\"twitter:card\" content=\"summary_large_image\" \/>\n<meta name=\"twitter:label1\" content=\"Verfasst von\" \/>\n\t<meta name=\"twitter:data1\" content=\"Robert Hoffmann\" \/>\n\t<meta name=\"twitter:label2\" content=\"Gesch\u00e4tzte Lesezeit\" \/>\n\t<meta name=\"twitter:data2\" content=\"1\u00a0Minute\" \/>\n<script type=\"application\/ld+json\" class=\"yoast-schema-graph\">{\"@context\":\"https:\\\/\\\/schema.org\",\"@graph\":[{\"@type\":\"Article\",\"@id\":\"https:\\\/\\\/www.strassenweb.de\\\/nachrichten\\\/die-neue-gartenkollektion-von-martha-stewart-kostet-bei-18-us\\\/#article\",\"isPartOf\":{\"@id\":\"https:\\\/\\\/www.strassenweb.de\\\/nachrichten\\\/die-neue-gartenkollektion-von-martha-stewart-kostet-bei-18-us\\\/\"},\"author\":{\"name\":\"Robert Hoffmann\",\"@id\":\"https:\\\/\\\/www.strassenweb.de\\\/nachrichten\\\/#\\\/schema\\\/person\\\/87c9c9067f1211da429a744dc5a5aa41\"},\"headline\":\"Die neue Gartenkollektion von Martha Stewart kostet bei 18 US\",\"datePublished\":\"2025-03-16T06:40:36+00:00\",\"mainEntityOfPage\":{\"@id\":\"https:\\\/\\\/www.strassenweb.de\\\/nachrichten\\\/die-neue-gartenkollektion-von-martha-stewart-kostet-bei-18-us\\\/\"},\"wordCount\":228,\"publisher\":{\"@id\":\"https:\\\/\\\/www.strassenweb.de\\\/nachrichten\\\/#organization\"},\"image\":{\"@id\":\"https:\\\/\\\/www.strassenweb.de\\\/nachrichten\\\/die-neue-gartenkollektion-von-martha-stewart-kostet-bei-18-us\\\/#primaryimage\"},\"thumbnailUrl\":\"https:\\\/\\\/www.strassenweb.de\\\/nachrichten\\\/wp-content\\\/uploads\\\/2025\\\/03\\\/Die-neue-Gartenkollektion-von-Martha-Stewart-kostet-bei-18-US.jpg\",\"keywords\":[\"Bei\",\"die\",\"Gartenkollektion\",\"kostet\",\"Martha\",\"Neue\",\"Stewart\",\"von\"],\"articleSection\":[\"Haus &amp; Garten\"],\"inLanguage\":\"de\"},{\"@type\":\"WebPage\",\"@id\":\"https:\\\/\\\/www.strassenweb.de\\\/nachrichten\\\/die-neue-gartenkollektion-von-martha-stewart-kostet-bei-18-us\\\/\",\"url\":\"https:\\\/\\\/www.strassenweb.de\\\/nachrichten\\\/die-neue-gartenkollektion-von-martha-stewart-kostet-bei-18-us\\\/\",\"name\":\"Die neue Gartenkollektion von Martha Stewart kostet bei 18 US - Nachrichten - Stra\u00dfenweb\",\"isPartOf\":{\"@id\":\"https:\\\/\\\/www.strassenweb.de\\\/nachrichten\\\/#website\"},\"primaryImageOfPage\":{\"@id\":\"https:\\\/\\\/www.strassenweb.de\\\/nachrichten\\\/die-neue-gartenkollektion-von-martha-stewart-kostet-bei-18-us\\\/#primaryimage\"},\"image\":{\"@id\":\"https:\\\/\\\/www.strassenweb.de\\\/nachrichten\\\/die-neue-gartenkollektion-von-martha-stewart-kostet-bei-18-us\\\/#primaryimage\"},\"thumbnailUrl\":\"https:\\\/\\\/www.strassenweb.de\\\/nachrichten\\\/wp-content\\\/uploads\\\/2025\\\/03\\\/Die-neue-Gartenkollektion-von-Martha-Stewart-kostet-bei-18-US.jpg\",\"datePublished\":\"2025-03-16T06:40:36+00:00\",\"breadcrumb\":{\"@id\":\"https:\\\/\\\/www.strassenweb.de\\\/nachrichten\\\/die-neue-gartenkollektion-von-martha-stewart-kostet-bei-18-us\\\/#breadcrumb\"},\"inLanguage\":\"de\",\"potentialAction\":[{\"@type\":\"ReadAction\",\"target\":[\"https:\\\/\\\/www.strassenweb.de\\\/nachrichten\\\/die-neue-gartenkollektion-von-martha-stewart-kostet-bei-18-us\\\/\"]}]},{\"@type\":\"ImageObject\",\"inLanguage\":\"de\",\"@id\":\"https:\\\/\\\/www.strassenweb.de\\\/nachrichten\\\/die-neue-gartenkollektion-von-martha-stewart-kostet-bei-18-us\\\/#primaryimage\",\"url\":\"https:\\\/\\\/www.strassenweb.de\\\/nachrichten\\\/wp-content\\\/uploads\\\/2025\\\/03\\\/Die-neue-Gartenkollektion-von-Martha-Stewart-kostet-bei-18-US.jpg\",\"contentUrl\":\"https:\\\/\\\/www.strassenweb.de\\\/nachrichten\\\/wp-content\\\/uploads\\\/2025\\\/03\\\/Die-neue-Gartenkollektion-von-Martha-Stewart-kostet-bei-18-US.jpg\",\"width\":1200,\"height\":675,\"caption\":\"Die neue Gartenkollektion von Martha Stewart kostet bei 18 US\"},{\"@type\":\"BreadcrumbList\",\"@id\":\"https:\\\/\\\/www.strassenweb.de\\\/nachrichten\\\/die-neue-gartenkollektion-von-martha-stewart-kostet-bei-18-us\\\/#breadcrumb\",\"itemListElement\":[{\"@type\":\"ListItem\",\"position\":1,\"name\":\"Home\",\"item\":\"https:\\\/\\\/www.strassenweb.de\\\/nachrichten\\\/\"},{\"@type\":\"ListItem\",\"position\":2,\"name\":\"Die neue Gartenkollektion von Martha Stewart kostet bei 18 US\"}]},{\"@type\":\"WebSite\",\"@id\":\"https:\\\/\\\/www.strassenweb.de\\\/nachrichten\\\/#website\",\"url\":\"https:\\\/\\\/www.strassenweb.de\\\/nachrichten\\\/\",\"name\":\"Stra\u00dfenweb\",\"description\":\"Stra\u00dfenverzeichnis f\u00fcr Deutschland\",\"publisher\":{\"@id\":\"https:\\\/\\\/www.strassenweb.de\\\/nachrichten\\\/#organization\"},\"potentialAction\":[{\"@type\":\"SearchAction\",\"target\":{\"@type\":\"EntryPoint\",\"urlTemplate\":\"https:\\\/\\\/www.strassenweb.de\\\/nachrichten\\\/?s={search_term_string}\"},\"query-input\":{\"@type\":\"PropertyValueSpecification\",\"valueRequired\":true,\"valueName\":\"search_term_string\"}}],\"inLanguage\":\"de\"},{\"@type\":\"Organization\",\"@id\":\"https:\\\/\\\/www.strassenweb.de\\\/nachrichten\\\/#organization\",\"name\":\"Stra\u00dfenweb\",\"url\":\"https:\\\/\\\/www.strassenweb.de\\\/nachrichten\\\/\",\"logo\":{\"@type\":\"ImageObject\",\"inLanguage\":\"de\",\"@id\":\"https:\\\/\\\/www.strassenweb.de\\\/nachrichten\\\/#\\\/schema\\\/logo\\\/image\\\/\",\"url\":\"https:\\\/\\\/www.strassenweb.de\\\/nachrichten\\\/wp-content\\\/uploads\\\/2024\\\/09\\\/cropped-favicon.png\",\"contentUrl\":\"https:\\\/\\\/www.strassenweb.de\\\/nachrichten\\\/wp-content\\\/uploads\\\/2024\\\/09\\\/cropped-favicon.png\",\"width\":512,\"height\":512,\"caption\":\"Stra\u00dfenweb\"},\"image\":{\"@id\":\"https:\\\/\\\/www.strassenweb.de\\\/nachrichten\\\/#\\\/schema\\\/logo\\\/image\\\/\"},\"sameAs\":[\"https:\\\/\\\/www.facebook.com\\\/strassenweb\\\/\"]},{\"@type\":\"Person\",\"@id\":\"https:\\\/\\\/www.strassenweb.de\\\/nachrichten\\\/#\\\/schema\\\/person\\\/87c9c9067f1211da429a744dc5a5aa41\",\"name\":\"Robert Hoffmann\",\"image\":{\"@type\":\"ImageObject\",\"inLanguage\":\"de\",\"@id\":\"https:\\\/\\\/www.strassenweb.de\\\/nachrichten\\\/wp-content\\\/uploads\\\/2024\\\/09\\\/strassenweb-150x150.jpg\",\"url\":\"https:\\\/\\\/www.strassenweb.de\\\/nachrichten\\\/wp-content\\\/uploads\\\/2024\\\/09\\\/strassenweb-150x150.jpg\",\"contentUrl\":\"https:\\\/\\\/www.strassenweb.de\\\/nachrichten\\\/wp-content\\\/uploads\\\/2024\\\/09\\\/strassenweb-150x150.jpg\",\"caption\":\"Robert Hoffmann\"},\"description\":\"Ich hei\u00dfe Robert Hoffmann und ich bin ein leidenschaftlicher Verfechter von \u00d6kologie und Biodiversit\u00e4t. Seit meiner Kindheit in den W\u00e4ldern Bayerns f\u00fchle ich mich mit der Natur verbunden und bin entschlossen, sie zu sch\u00fctzen. Heute widme ich mein Leben der Sensibilisierung anderer f\u00fcr die Bedeutung des Umweltschutzes f\u00fcr zuk\u00fcnftige Generationen.\",\"sameAs\":[\"https:\\\/\\\/www.strassenweb.de\\\/\"]}]}<\/script>\n<!-- \/ Yoast SEO plugin. -->","yoast_head_json":{"title":"Die neue Gartenkollektion von Martha Stewart kostet bei 18 US - Nachrichten - Stra\u00dfenweb","robots":{"index":"index","follow":"follow","max-snippet":"max-snippet:-1","max-image-preview":"max-image-preview:large","max-video-preview":"max-video-preview:-1"},"canonical":"https:\/\/www.strassenweb.de\/nachrichten\/die-neue-gartenkollektion-von-martha-stewart-kostet-bei-18-us\/","og_locale":"de_DE","og_type":"article","og_title":"Die neue Gartenkollektion von Martha Stewart kostet bei 18 US - Nachrichten - Stra\u00dfenweb","og_description":"Wenn es um Gartenexperten geht, ist niemand besser qualifiziert als Martha Stewart. Die H\u00e4user von Doyenne hat Dutzende jahrelanger Erfahrung und die G\u00e4rten ihrer H\u00e4user","og_url":"https:\/\/www.strassenweb.de\/nachrichten\/die-neue-gartenkollektion-von-martha-stewart-kostet-bei-18-us\/","og_site_name":"Stra\u00dfenweb","article_publisher":"https:\/\/www.facebook.com\/strassenweb\/","article_published_time":"2025-03-16T06:40:36+00:00","og_image":[{"width":1200,"height":675,"url":"https:\/\/www.strassenweb.de\/nachrichten\/wp-content\/uploads\/2025\/03\/Die-neue-Gartenkollektion-von-Martha-Stewart-kostet-bei-18-US.jpg","type":"image\/jpeg"}],"author":"Robert Hoffmann","twitter_card":"summary_large_image","twitter_misc":{"Verfasst von":"Robert Hoffmann","Gesch\u00e4tzte Lesezeit":"1\u00a0Minute"},"schema":{"@context":"https:\/\/schema.org","@graph":[{"@type":"Article","@id":"https:\/\/www.strassenweb.de\/nachrichten\/die-neue-gartenkollektion-von-martha-stewart-kostet-bei-18-us\/#article","isPartOf":{"@id":"https:\/\/www.strassenweb.de\/nachrichten\/die-neue-gartenkollektion-von-martha-stewart-kostet-bei-18-us\/"},"author":{"name":"Robert Hoffmann","@id":"https:\/\/www.strassenweb.de\/nachrichten\/#\/schema\/person\/87c9c9067f1211da429a744dc5a5aa41"},"headline":"Die neue Gartenkollektion von Martha Stewart kostet bei 18 US","datePublished":"2025-03-16T06:40:36+00:00","mainEntityOfPage":{"@id":"https:\/\/www.strassenweb.de\/nachrichten\/die-neue-gartenkollektion-von-martha-stewart-kostet-bei-18-us\/"},"wordCount":228,"publisher":{"@id":"https:\/\/www.strassenweb.de\/nachrichten\/#organization"},"image":{"@id":"https:\/\/www.strassenweb.de\/nachrichten\/die-neue-gartenkollektion-von-martha-stewart-kostet-bei-18-us\/#primaryimage"},"thumbnailUrl":"https:\/\/www.strassenweb.de\/nachrichten\/wp-content\/uploads\/2025\/03\/Die-neue-Gartenkollektion-von-Martha-Stewart-kostet-bei-18-US.jpg","keywords":["Bei","die","Gartenkollektion","kostet","Martha","Neue","Stewart","von"],"articleSection":["Haus &amp; Garten"],"inLanguage":"de"},{"@type":"WebPage","@id":"https:\/\/www.strassenweb.de\/nachrichten\/die-neue-gartenkollektion-von-martha-stewart-kostet-bei-18-us\/","url":"https:\/\/www.strassenweb.de\/nachrichten\/die-neue-gartenkollektion-von-martha-stewart-kostet-bei-18-us\/","name":"Die neue Gartenkollektion von Martha Stewart kostet bei 18 US - Nachrichten - Stra\u00dfenweb","isPartOf":{"@id":"https:\/\/www.strassenweb.de\/nachrichten\/#website"},"primaryImageOfPage":{"@id":"https:\/\/www.strassenweb.de\/nachrichten\/die-neue-gartenkollektion-von-martha-stewart-kostet-bei-18-us\/#primaryimage"},"image":{"@id":"https:\/\/www.strassenweb.de\/nachrichten\/die-neue-gartenkollektion-von-martha-stewart-kostet-bei-18-us\/#primaryimage"},"thumbnailUrl":"https:\/\/www.strassenweb.de\/nachrichten\/wp-content\/uploads\/2025\/03\/Die-neue-Gartenkollektion-von-Martha-Stewart-kostet-bei-18-US.jpg","datePublished":"2025-03-16T06:40:36+00:00","breadcrumb":{"@id":"https:\/\/www.strassenweb.de\/nachrichten\/die-neue-gartenkollektion-von-martha-stewart-kostet-bei-18-us\/#breadcrumb"},"inLanguage":"de","potentialAction":[{"@type":"ReadAction","target":["https:\/\/www.strassenweb.de\/nachrichten\/die-neue-gartenkollektion-von-martha-stewart-kostet-bei-18-us\/"]}]},{"@type":"ImageObject","inLanguage":"de","@id":"https:\/\/www.strassenweb.de\/nachrichten\/die-neue-gartenkollektion-von-martha-stewart-kostet-bei-18-us\/#primaryimage","url":"https:\/\/www.strassenweb.de\/nachrichten\/wp-content\/uploads\/2025\/03\/Die-neue-Gartenkollektion-von-Martha-Stewart-kostet-bei-18-US.jpg","contentUrl":"https:\/\/www.strassenweb.de\/nachrichten\/wp-content\/uploads\/2025\/03\/Die-neue-Gartenkollektion-von-Martha-Stewart-kostet-bei-18-US.jpg","width":1200,"height":675,"caption":"Die neue Gartenkollektion von Martha Stewart kostet bei 18 US"},{"@type":"BreadcrumbList","@id":"https:\/\/www.strassenweb.de\/nachrichten\/die-neue-gartenkollektion-von-martha-stewart-kostet-bei-18-us\/#breadcrumb","itemListElement":[{"@type":"ListItem","position":1,"name":"Home","item":"https:\/\/www.strassenweb.de\/nachrichten\/"},{"@type":"ListItem","position":2,"name":"Die neue Gartenkollektion von Martha Stewart kostet bei 18 US"}]},{"@type":"WebSite","@id":"https:\/\/www.strassenweb.de\/nachrichten\/#website","url":"https:\/\/www.strassenweb.de\/nachrichten\/","name":"Stra\u00dfenweb","description":"Stra\u00dfenverzeichnis f\u00fcr Deutschland","publisher":{"@id":"https:\/\/www.strassenweb.de\/nachrichten\/#organization"},"potentialAction":[{"@type":"SearchAction","target":{"@type":"EntryPoint","urlTemplate":"https:\/\/www.strassenweb.de\/nachrichten\/?s={search_term_string}"},"query-input":{"@type":"PropertyValueSpecification","valueRequired":true,"valueName":"search_term_string"}}],"inLanguage":"de"},{"@type":"Organization","@id":"https:\/\/www.strassenweb.de\/nachrichten\/#organization","name":"Stra\u00dfenweb","url":"https:\/\/www.strassenweb.de\/nachrichten\/","logo":{"@type":"ImageObject","inLanguage":"de","@id":"https:\/\/www.strassenweb.de\/nachrichten\/#\/schema\/logo\/image\/","url":"https:\/\/www.strassenweb.de\/nachrichten\/wp-content\/uploads\/2024\/09\/cropped-favicon.png","contentUrl":"https:\/\/www.strassenweb.de\/nachrichten\/wp-content\/uploads\/2024\/09\/cropped-favicon.png","width":512,"height":512,"caption":"Stra\u00dfenweb"},"image":{"@id":"https:\/\/www.strassenweb.de\/nachrichten\/#\/schema\/logo\/image\/"},"sameAs":["https:\/\/www.facebook.com\/strassenweb\/"]},{"@type":"Person","@id":"https:\/\/www.strassenweb.de\/nachrichten\/#\/schema\/person\/87c9c9067f1211da429a744dc5a5aa41","name":"Robert Hoffmann","image":{"@type":"ImageObject","inLanguage":"de","@id":"https:\/\/www.strassenweb.de\/nachrichten\/wp-content\/uploads\/2024\/09\/strassenweb-150x150.jpg","url":"https:\/\/www.strassenweb.de\/nachrichten\/wp-content\/uploads\/2024\/09\/strassenweb-150x150.jpg","contentUrl":"https:\/\/www.strassenweb.de\/nachrichten\/wp-content\/uploads\/2024\/09\/strassenweb-150x150.jpg","caption":"Robert Hoffmann"},"description":"Ich hei\u00dfe Robert Hoffmann und ich bin ein leidenschaftlicher Verfechter von \u00d6kologie und Biodiversit\u00e4t. Seit meiner Kindheit in den W\u00e4ldern Bayerns f\u00fchle ich mich mit der Natur verbunden und bin entschlossen, sie zu sch\u00fctzen. Heute widme ich mein Leben der Sensibilisierung anderer f\u00fcr die Bedeutung des Umweltschutzes f\u00fcr zuk\u00fcnftige Generationen.","sameAs":["https:\/\/www.strassenweb.de\/"]}]}},"_links":{"self":[{"href":"https:\/\/www.strassenweb.de\/nachrichten\/wp-json\/wp\/v2\/posts\/3907","targetHints":{"allow":["GET"]}}],"collection":[{"href":"https:\/\/www.strassenweb.de\/nachrichten\/wp-json\/wp\/v2\/posts"}],"about":[{"href":"https:\/\/www.strassenweb.de\/nachrichten\/wp-json\/wp\/v2\/types\/post"}],"author":[{"embeddable":true,"href":"https:\/\/www.strassenweb.de\/nachrichten\/wp-json\/wp\/v2\/users\/1"}],"replies":[{"embeddable":true,"href":"https:\/\/www.strassenweb.de\/nachrichten\/wp-json\/wp\/v2\/comments?post=3907"}],"version-history":[{"count":0,"href":"https:\/\/www.strassenweb.de\/nachrichten\/wp-json\/wp\/v2\/posts\/3907\/revisions"}],"wp:featuredmedia":[{"embeddable":true,"href":"https:\/\/www.strassenweb.de\/nachrichten\/wp-json\/wp\/v2\/media\/3908"}],"wp:attachment":[{"href":"https:\/\/www.strassenweb.de\/nachrichten\/wp-json\/wp\/v2\/media?parent=3907"}],"wp:term":[{"taxonomy":"category","embeddable":true,"href":"https:\/\/www.strassenweb.de\/nachrichten\/wp-json\/wp\/v2\/categories?post=3907"},{"taxonomy":"post_tag","embeddable":true,"href":"https:\/\/www.strassenweb.de\/nachrichten\/wp-json\/wp\/v2\/tags?post=3907"}],"curies":[{"name":"wp","href":"https:\/\/api.w.org\/{rel}","templated":true}]}}