{"id":3905,"date":"2025-03-16T03:39:54","date_gmt":"2025-03-16T02:39:54","guid":{"rendered":"https:\/\/www.strassenweb.de\/nachrichten\/ich-hasste-diese-sofa-farbe-bis-ich-es-in-victoria-beckhams-schlafzimmer-gesehen-habe-und-jetzt-kann-ich-nicht-aufhoeren-an-pistaziengruen-zu-denken-wie-ich-den-aufregendsten-farbtrend-von-2025\/"},"modified":"2025-03-16T03:39:54","modified_gmt":"2025-03-16T02:39:54","slug":"ich-hasste-diese-sofa-farbe-bis-ich-es-in-victoria-beckhams-schlafzimmer-gesehen-habe-und-jetzt-kann-ich-nicht-aufhoeren-an-pistaziengruen-zu-denken-wie-ich-den-aufregendsten-farbtrend-von-2025","status":"publish","type":"post","link":"https:\/\/www.strassenweb.de\/nachrichten\/ich-hasste-diese-sofa-farbe-bis-ich-es-in-victoria-beckhams-schlafzimmer-gesehen-habe-und-jetzt-kann-ich-nicht-aufhoeren-an-pistaziengruen-zu-denken-wie-ich-den-aufregendsten-farbtrend-von-2025\/","title":{"rendered":"Ich hasste diese Sofa -Farbe, bis ich es in Victoria Beckhams Schlafzimmer gesehen habe, und jetzt kann ich nicht aufh\u00f6ren, an Pistaziengr\u00fcn zu denken &#8211; wie ich den aufregendsten Farbtrend von 2025 wiederhole"},"content":{"rendered":"<p><\/p>\n<div id=\"article-body\" class=\"article__body \">\n<p>Die kulinarische Welt hat uns seit langem fantastische Farbtrends zum Thema mit Essen zum Thema Cherry Red und Avocado bis Lachsrosa und Buttergelb-mit scheinbar keinem Ende in Sichtweite.<\/p>\n<div id=\"ad-unit-1\" class=\"ad-unit\"><\/div>\n<p>Pistachio Green ist der neueste Farbtrend, der im Fr\u00fchjahr und Sommer 2025 die Dekorationsagenden auf den Dekorationsagenden einstellt. Es ist bereits ein fester Favorit unter Designern, Dekorateuren und sogar einigen unserer Lieblings-Prominenten f\u00fcr A-Liste.<\/p>\n<aside class=\"hawk-base\" data-block-type=\"embed\" data-render-type=\"fte\" data-skip=\"dealsy\" data-widget-type=\"seasonal\">\n<div class=\"hawk-master-widget-hawk-base-wrapper\"><\/div>\n<\/aside>\n<p>Zunehmend sehen wir, wie sein Einfluss mit vielen stilvollen Interpretationen von Pistaziengr\u00fcn -Dekor in Innenarchitektur Trends einbringt. Es ist raffinierter als Limettengr\u00fcn und heller und heller als die d\u00fcstere blaugr\u00fcne Blaugr\u00fcn. Diese druckvolle Farbe ist eine schnelle M\u00f6glichkeit, in fast \u00fcberall in Ihrem Zuhause einen raffinierten Farbspritzer hinzuzuf\u00fcgen, und obwohl sie das ganze Jahr \u00fcber eine hervorragende Farbauswahl ist, scheint es jetzt eine gute Zeit, um mit Gr\u00fcn zu dekorieren.<\/p>\n<div id=\"desktop-in-article\" class=\"in-article ad-unit\">\n<div id=\"desktop-taboola-mid-article\"><\/div>\n<\/div>\n<div id=\"mobile-in-article\" class=\"in-article ad-unit\">\n<div id=\"mobile-taboola-mid-article\"><\/div>\n<\/div>\n<p>Die angesehene Modedesignerin Victoria Beckham hat immer ihren Finger am Puls, wenn es um die hei\u00dfesten Trends geht, also nicht \u00fcberraschend, erstere, der erstere also nicht \u00fcberraschend <em>Gew\u00fcrzm\u00e4dchen <\/em>Hat den gefragtesten Farbtrend in ihrer Umkleidekabine verwendet.<\/p>\n<div class=\"van_vid_carousel\">\n<div class=\"van_vid_carousel__padding\">\n<div class=\"van_vid_carousel__container\"><\/div>\n<\/div>\n<\/div>\n<p>Auf den ersten Blick habe ich diese Farbe zun\u00e4chst verabscheut. Als Liebhaber von Green Room -Ideen und Limette war Pistachio einer meiner am wenigsten favoriten aller gr\u00fcnen Farbt\u00f6ne im Farbspektrum, aber nachdem ich die vielen Designer- und Main Street -Angebote erh\u00e4ltlich gesehen habe, bin ich \u00fcberzeugt. Ja, Pistaziengr\u00fcn hat mein Herz gestohlen.<\/p>\n<div id=\"ad-unit-2\" class=\"ad-unit\"><\/div>\n<div class=\"instagram-embed\">\n<blockquote class=\"instagram-media\" data-instgrm-captioned data-instgrm-version=\"6\" style=\"width:99.375%; width:-webkit-calc(100% - 2px); width:calc(100% - 2px);\">\n<p>Ein Beitrag, der von Victoria Beckham (@victoriabeckham) geteilt wird<\/p>\n<p>Ein Foto von on <\/p>\n<\/blockquote>\n<\/div>\n<h3 class=\"article-body__section\" id=\"section-shop-the-look\"><span>Kaufen Sie den Look ein<\/span><\/h3>\n<div class=\"product-container hero-product-container product-block-no-wrap\"><\/div>\n<hr>\n<p>Noch nicht \u00fcberzeugt, diese k\u00f6stliche Farbe in Ihrem Zuhause auszuprobieren? Pistaziengr\u00fcn ist vielleicht nicht die erste Farbe, die Sie bei der Dekoration eines Raumes betrachten, aber es sollte sein.<\/p>\n<p>Diese ausgewogene, erdige Farbe kann uns zur Natur zur\u00fcck in die Natur bringen oder ein Gef\u00fchl von Luxus vermitteln. Dekorieren Sie zun\u00e4chst mit kleineren Akzenten und f\u00fchren Sie im Laufe der Zeit allm\u00e4hlich mehr ein.<\/p>\n<div id=\"slice-container-newsletterForm-articleInbodyContent-nPCxWgsCKbtbZdUzBWgtNJ\" class=\"slice-container newsletter-inbodyContent-slice newsletterForm-articleInbodyContent-nPCxWgsCKbtbZdUzBWgtNJ slice-container-newsletterForm\"><\/div>\n<p>Neben den stimmungsverhinderten Eigenschaften wird Pistaziengr\u00fcn von Innenarchitekten wegen seiner Vielseitigkeit geliebt. Aufregend und doch ruhig, es funktioniert in jedem Raum und kann mit so vielen Farben kombiniert werden. Die weichen T\u00f6ne von Pistazien machen es zu einem tollen Farbton, mit unkonventionellen Farbpaarungen zu experimentieren-f\u00fcr mich ist das perfekte Match ein weiterer Feinschmecker-Auberginen.<\/p>\n<p>Dieser untersch\u00e4tzte und ach so coole Pistaziengr\u00fcn-Farbton hat endlich seinen wohlverdienten Moment im Rampenlicht-und ich denke, es ist hier, um zu bleiben.<\/p>\n<\/div>\n<p><script async src=\"\/\/www.instagram.com\/embed.js\"><\/script><\/p>\n","protected":false},"excerpt":{"rendered":"<p>Die kulinarische Welt hat uns seit langem fantastische Farbtrends zum Thema mit Essen zum Thema Cherry Red und Avocado bis Lachsrosa und Buttergelb-mit scheinbar keinem<\/p>\n","protected":false},"author":1,"featured_media":2251,"comment_status":"closed","ping_status":"","sticky":false,"template":"","format":"standard","meta":{"footnotes":""},"categories":[118],"tags":[2030,5986,2824,180,78,502,143,1202,2771,1905,823,5984,129,1272,781,61,5985,866,2806,37,515,21,26,5987],"class_list":["post-3905","post","type-post","status-publish","format-standard","has-post-thumbnail","hentry","category-haus-garten","tag-aufhoeren","tag-aufregendsten","tag-beckhams","tag-bis","tag-den","tag-denken","tag-diese","tag-farbe","tag-farbtrend","tag-gesehen","tag-habe","tag-hasste","tag-ich","tag-jetzt","tag-kann","tag-nicht","tag-pistaziengruen","tag-schlafzimmer","tag-sofa","tag-und","tag-victoria","tag-von","tag-wie","tag-wiederhole","generate-columns","tablet-grid-50","mobile-grid-100","grid-parent","grid-50"],"yoast_head":"<!-- This site is optimized with the Yoast SEO plugin v27.3 - https:\/\/yoast.com\/product\/yoast-seo-wordpress\/ -->\n<title>Ich hasste diese Sofa -Farbe, bis ich es in Victoria Beckhams Schlafzimmer gesehen habe, und jetzt kann ich nicht aufh\u00f6ren, an Pistaziengr\u00fcn zu denken - wie ich den aufregendsten Farbtrend von 2025 wiederhole - Nachrichten - Stra\u00dfenweb<\/title>\n<meta name=\"robots\" content=\"index, follow, max-snippet:-1, max-image-preview:large, max-video-preview:-1\" \/>\n<link rel=\"canonical\" href=\"https:\/\/www.strassenweb.de\/nachrichten\/ich-hasste-diese-sofa-farbe-bis-ich-es-in-victoria-beckhams-schlafzimmer-gesehen-habe-und-jetzt-kann-ich-nicht-aufhoeren-an-pistaziengruen-zu-denken-wie-ich-den-aufregendsten-farbtrend-von-2025\/\" \/>\n<meta property=\"og:locale\" content=\"de_DE\" \/>\n<meta property=\"og:type\" content=\"article\" \/>\n<meta property=\"og:title\" content=\"Ich hasste diese Sofa -Farbe, bis ich es in Victoria Beckhams Schlafzimmer gesehen habe, und jetzt kann ich nicht aufh\u00f6ren, an Pistaziengr\u00fcn zu denken - wie ich den aufregendsten Farbtrend von 2025 wiederhole - Nachrichten - Stra\u00dfenweb\" \/>\n<meta property=\"og:description\" content=\"Die kulinarische Welt hat uns seit langem fantastische Farbtrends zum Thema mit Essen zum Thema Cherry Red und Avocado bis Lachsrosa und Buttergelb-mit scheinbar keinem\" \/>\n<meta property=\"og:url\" content=\"https:\/\/www.strassenweb.de\/nachrichten\/ich-hasste-diese-sofa-farbe-bis-ich-es-in-victoria-beckhams-schlafzimmer-gesehen-habe-und-jetzt-kann-ich-nicht-aufhoeren-an-pistaziengruen-zu-denken-wie-ich-den-aufregendsten-farbtrend-von-2025\/\" \/>\n<meta property=\"og:site_name\" content=\"Stra\u00dfenweb\" \/>\n<meta property=\"article:publisher\" content=\"https:\/\/www.facebook.com\/strassenweb\/\" \/>\n<meta property=\"article:published_time\" content=\"2025-03-16T02:39:54+00:00\" \/>\n<meta property=\"og:image\" content=\"https:\/\/www.strassenweb.de\/nachrichten\/wp-content\/uploads\/2024\/12\/Victoria-Beckham-nutzt-ein-gruenes-Sofa-um-einen-trendigen-Blickfang.jpg\" \/>\n\t<meta property=\"og:image:width\" content=\"1200\" \/>\n\t<meta property=\"og:image:height\" content=\"675\" \/>\n\t<meta property=\"og:image:type\" content=\"image\/jpeg\" \/>\n<meta name=\"author\" content=\"Robert Hoffmann\" \/>\n<meta name=\"twitter:card\" content=\"summary_large_image\" \/>\n<meta name=\"twitter:label1\" content=\"Verfasst von\" \/>\n\t<meta name=\"twitter:data1\" content=\"Robert Hoffmann\" \/>\n\t<meta name=\"twitter:label2\" content=\"Gesch\u00e4tzte Lesezeit\" \/>\n\t<meta name=\"twitter:data2\" content=\"2\u00a0Minuten\" \/>\n<script type=\"application\/ld+json\" class=\"yoast-schema-graph\">{\"@context\":\"https:\\\/\\\/schema.org\",\"@graph\":[{\"@type\":\"Article\",\"@id\":\"https:\\\/\\\/www.strassenweb.de\\\/nachrichten\\\/ich-hasste-diese-sofa-farbe-bis-ich-es-in-victoria-beckhams-schlafzimmer-gesehen-habe-und-jetzt-kann-ich-nicht-aufhoeren-an-pistaziengruen-zu-denken-wie-ich-den-aufregendsten-farbtrend-von-2025\\\/#article\",\"isPartOf\":{\"@id\":\"https:\\\/\\\/www.strassenweb.de\\\/nachrichten\\\/ich-hasste-diese-sofa-farbe-bis-ich-es-in-victoria-beckhams-schlafzimmer-gesehen-habe-und-jetzt-kann-ich-nicht-aufhoeren-an-pistaziengruen-zu-denken-wie-ich-den-aufregendsten-farbtrend-von-2025\\\/\"},\"author\":{\"name\":\"Robert Hoffmann\",\"@id\":\"https:\\\/\\\/www.strassenweb.de\\\/nachrichten\\\/#\\\/schema\\\/person\\\/87c9c9067f1211da429a744dc5a5aa41\"},\"headline\":\"Ich hasste diese Sofa -Farbe, bis ich es in Victoria Beckhams Schlafzimmer gesehen habe, und jetzt kann ich nicht aufh\u00f6ren, an Pistaziengr\u00fcn zu denken &#8211; wie ich den aufregendsten Farbtrend von 2025 wiederhole\",\"datePublished\":\"2025-03-16T02:39:54+00:00\",\"mainEntityOfPage\":{\"@id\":\"https:\\\/\\\/www.strassenweb.de\\\/nachrichten\\\/ich-hasste-diese-sofa-farbe-bis-ich-es-in-victoria-beckhams-schlafzimmer-gesehen-habe-und-jetzt-kann-ich-nicht-aufhoeren-an-pistaziengruen-zu-denken-wie-ich-den-aufregendsten-farbtrend-von-2025\\\/\"},\"wordCount\":440,\"publisher\":{\"@id\":\"https:\\\/\\\/www.strassenweb.de\\\/nachrichten\\\/#organization\"},\"image\":{\"@id\":\"https:\\\/\\\/www.strassenweb.de\\\/nachrichten\\\/ich-hasste-diese-sofa-farbe-bis-ich-es-in-victoria-beckhams-schlafzimmer-gesehen-habe-und-jetzt-kann-ich-nicht-aufhoeren-an-pistaziengruen-zu-denken-wie-ich-den-aufregendsten-farbtrend-von-2025\\\/#primaryimage\"},\"thumbnailUrl\":\"https:\\\/\\\/www.strassenweb.de\\\/nachrichten\\\/wp-content\\\/uploads\\\/2024\\\/12\\\/Victoria-Beckham-nutzt-ein-gruenes-Sofa-um-einen-trendigen-Blickfang.jpg\",\"keywords\":[\"aufh\u00f6ren\",\"aufregendsten\",\"Beckhams\",\"bis\",\"den\",\"denken\",\"diese\",\"Farbe\",\"Farbtrend\",\"gesehen\",\"habe\",\"hasste\",\"ich\",\"jetzt\",\"kann\",\"nicht\",\"Pistaziengr\u00fcn\",\"Schlafzimmer\",\"Sofa\",\"und\",\"Victoria\",\"von\",\"Wie\",\"wiederhole\"],\"articleSection\":[\"Haus &amp; Garten\"],\"inLanguage\":\"de\"},{\"@type\":\"WebPage\",\"@id\":\"https:\\\/\\\/www.strassenweb.de\\\/nachrichten\\\/ich-hasste-diese-sofa-farbe-bis-ich-es-in-victoria-beckhams-schlafzimmer-gesehen-habe-und-jetzt-kann-ich-nicht-aufhoeren-an-pistaziengruen-zu-denken-wie-ich-den-aufregendsten-farbtrend-von-2025\\\/\",\"url\":\"https:\\\/\\\/www.strassenweb.de\\\/nachrichten\\\/ich-hasste-diese-sofa-farbe-bis-ich-es-in-victoria-beckhams-schlafzimmer-gesehen-habe-und-jetzt-kann-ich-nicht-aufhoeren-an-pistaziengruen-zu-denken-wie-ich-den-aufregendsten-farbtrend-von-2025\\\/\",\"name\":\"Ich hasste diese Sofa -Farbe, bis ich es in Victoria Beckhams Schlafzimmer gesehen habe, und jetzt kann ich nicht aufh\u00f6ren, an Pistaziengr\u00fcn zu denken - wie ich den aufregendsten Farbtrend von 2025 wiederhole - Nachrichten - Stra\u00dfenweb\",\"isPartOf\":{\"@id\":\"https:\\\/\\\/www.strassenweb.de\\\/nachrichten\\\/#website\"},\"primaryImageOfPage\":{\"@id\":\"https:\\\/\\\/www.strassenweb.de\\\/nachrichten\\\/ich-hasste-diese-sofa-farbe-bis-ich-es-in-victoria-beckhams-schlafzimmer-gesehen-habe-und-jetzt-kann-ich-nicht-aufhoeren-an-pistaziengruen-zu-denken-wie-ich-den-aufregendsten-farbtrend-von-2025\\\/#primaryimage\"},\"image\":{\"@id\":\"https:\\\/\\\/www.strassenweb.de\\\/nachrichten\\\/ich-hasste-diese-sofa-farbe-bis-ich-es-in-victoria-beckhams-schlafzimmer-gesehen-habe-und-jetzt-kann-ich-nicht-aufhoeren-an-pistaziengruen-zu-denken-wie-ich-den-aufregendsten-farbtrend-von-2025\\\/#primaryimage\"},\"thumbnailUrl\":\"https:\\\/\\\/www.strassenweb.de\\\/nachrichten\\\/wp-content\\\/uploads\\\/2024\\\/12\\\/Victoria-Beckham-nutzt-ein-gruenes-Sofa-um-einen-trendigen-Blickfang.jpg\",\"datePublished\":\"2025-03-16T02:39:54+00:00\",\"breadcrumb\":{\"@id\":\"https:\\\/\\\/www.strassenweb.de\\\/nachrichten\\\/ich-hasste-diese-sofa-farbe-bis-ich-es-in-victoria-beckhams-schlafzimmer-gesehen-habe-und-jetzt-kann-ich-nicht-aufhoeren-an-pistaziengruen-zu-denken-wie-ich-den-aufregendsten-farbtrend-von-2025\\\/#breadcrumb\"},\"inLanguage\":\"de\",\"potentialAction\":[{\"@type\":\"ReadAction\",\"target\":[\"https:\\\/\\\/www.strassenweb.de\\\/nachrichten\\\/ich-hasste-diese-sofa-farbe-bis-ich-es-in-victoria-beckhams-schlafzimmer-gesehen-habe-und-jetzt-kann-ich-nicht-aufhoeren-an-pistaziengruen-zu-denken-wie-ich-den-aufregendsten-farbtrend-von-2025\\\/\"]}]},{\"@type\":\"ImageObject\",\"inLanguage\":\"de\",\"@id\":\"https:\\\/\\\/www.strassenweb.de\\\/nachrichten\\\/ich-hasste-diese-sofa-farbe-bis-ich-es-in-victoria-beckhams-schlafzimmer-gesehen-habe-und-jetzt-kann-ich-nicht-aufhoeren-an-pistaziengruen-zu-denken-wie-ich-den-aufregendsten-farbtrend-von-2025\\\/#primaryimage\",\"url\":\"https:\\\/\\\/www.strassenweb.de\\\/nachrichten\\\/wp-content\\\/uploads\\\/2024\\\/12\\\/Victoria-Beckham-nutzt-ein-gruenes-Sofa-um-einen-trendigen-Blickfang.jpg\",\"contentUrl\":\"https:\\\/\\\/www.strassenweb.de\\\/nachrichten\\\/wp-content\\\/uploads\\\/2024\\\/12\\\/Victoria-Beckham-nutzt-ein-gruenes-Sofa-um-einen-trendigen-Blickfang.jpg\",\"width\":1200,\"height\":675,\"caption\":\"Victoria Beckham nutzt ein gr\u00fcnes Sofa, um einen trendigen Blickfang in ihrem Ankleidezimmer zu schaffen \u2013 Designer sagen, es sei \u00fcberraschend einfach zu stylen\"},{\"@type\":\"BreadcrumbList\",\"@id\":\"https:\\\/\\\/www.strassenweb.de\\\/nachrichten\\\/ich-hasste-diese-sofa-farbe-bis-ich-es-in-victoria-beckhams-schlafzimmer-gesehen-habe-und-jetzt-kann-ich-nicht-aufhoeren-an-pistaziengruen-zu-denken-wie-ich-den-aufregendsten-farbtrend-von-2025\\\/#breadcrumb\",\"itemListElement\":[{\"@type\":\"ListItem\",\"position\":1,\"name\":\"Home\",\"item\":\"https:\\\/\\\/www.strassenweb.de\\\/nachrichten\\\/\"},{\"@type\":\"ListItem\",\"position\":2,\"name\":\"Ich hasste diese Sofa -Farbe, bis ich es in Victoria Beckhams Schlafzimmer gesehen habe, und jetzt kann ich nicht aufh\u00f6ren, an Pistaziengr\u00fcn zu denken &#8211; wie ich den aufregendsten Farbtrend von 2025 wiederhole\"}]},{\"@type\":\"WebSite\",\"@id\":\"https:\\\/\\\/www.strassenweb.de\\\/nachrichten\\\/#website\",\"url\":\"https:\\\/\\\/www.strassenweb.de\\\/nachrichten\\\/\",\"name\":\"Stra\u00dfenweb\",\"description\":\"Stra\u00dfenverzeichnis f\u00fcr Deutschland\",\"publisher\":{\"@id\":\"https:\\\/\\\/www.strassenweb.de\\\/nachrichten\\\/#organization\"},\"potentialAction\":[{\"@type\":\"SearchAction\",\"target\":{\"@type\":\"EntryPoint\",\"urlTemplate\":\"https:\\\/\\\/www.strassenweb.de\\\/nachrichten\\\/?s={search_term_string}\"},\"query-input\":{\"@type\":\"PropertyValueSpecification\",\"valueRequired\":true,\"valueName\":\"search_term_string\"}}],\"inLanguage\":\"de\"},{\"@type\":\"Organization\",\"@id\":\"https:\\\/\\\/www.strassenweb.de\\\/nachrichten\\\/#organization\",\"name\":\"Stra\u00dfenweb\",\"url\":\"https:\\\/\\\/www.strassenweb.de\\\/nachrichten\\\/\",\"logo\":{\"@type\":\"ImageObject\",\"inLanguage\":\"de\",\"@id\":\"https:\\\/\\\/www.strassenweb.de\\\/nachrichten\\\/#\\\/schema\\\/logo\\\/image\\\/\",\"url\":\"https:\\\/\\\/www.strassenweb.de\\\/nachrichten\\\/wp-content\\\/uploads\\\/2024\\\/09\\\/cropped-favicon.png\",\"contentUrl\":\"https:\\\/\\\/www.strassenweb.de\\\/nachrichten\\\/wp-content\\\/uploads\\\/2024\\\/09\\\/cropped-favicon.png\",\"width\":512,\"height\":512,\"caption\":\"Stra\u00dfenweb\"},\"image\":{\"@id\":\"https:\\\/\\\/www.strassenweb.de\\\/nachrichten\\\/#\\\/schema\\\/logo\\\/image\\\/\"},\"sameAs\":[\"https:\\\/\\\/www.facebook.com\\\/strassenweb\\\/\"]},{\"@type\":\"Person\",\"@id\":\"https:\\\/\\\/www.strassenweb.de\\\/nachrichten\\\/#\\\/schema\\\/person\\\/87c9c9067f1211da429a744dc5a5aa41\",\"name\":\"Robert Hoffmann\",\"image\":{\"@type\":\"ImageObject\",\"inLanguage\":\"de\",\"@id\":\"https:\\\/\\\/www.strassenweb.de\\\/nachrichten\\\/wp-content\\\/uploads\\\/2024\\\/09\\\/strassenweb-150x150.jpg\",\"url\":\"https:\\\/\\\/www.strassenweb.de\\\/nachrichten\\\/wp-content\\\/uploads\\\/2024\\\/09\\\/strassenweb-150x150.jpg\",\"contentUrl\":\"https:\\\/\\\/www.strassenweb.de\\\/nachrichten\\\/wp-content\\\/uploads\\\/2024\\\/09\\\/strassenweb-150x150.jpg\",\"caption\":\"Robert Hoffmann\"},\"description\":\"Ich hei\u00dfe Robert Hoffmann und ich bin ein leidenschaftlicher Verfechter von \u00d6kologie und Biodiversit\u00e4t. Seit meiner Kindheit in den W\u00e4ldern Bayerns f\u00fchle ich mich mit der Natur verbunden und bin entschlossen, sie zu sch\u00fctzen. Heute widme ich mein Leben der Sensibilisierung anderer f\u00fcr die Bedeutung des Umweltschutzes f\u00fcr zuk\u00fcnftige Generationen.\",\"sameAs\":[\"https:\\\/\\\/www.strassenweb.de\\\/\"]}]}<\/script>\n<!-- \/ Yoast SEO plugin. -->","yoast_head_json":{"title":"Ich hasste diese Sofa -Farbe, bis ich es in Victoria Beckhams Schlafzimmer gesehen habe, und jetzt kann ich nicht aufh\u00f6ren, an Pistaziengr\u00fcn zu denken - wie ich den aufregendsten Farbtrend von 2025 wiederhole - Nachrichten - Stra\u00dfenweb","robots":{"index":"index","follow":"follow","max-snippet":"max-snippet:-1","max-image-preview":"max-image-preview:large","max-video-preview":"max-video-preview:-1"},"canonical":"https:\/\/www.strassenweb.de\/nachrichten\/ich-hasste-diese-sofa-farbe-bis-ich-es-in-victoria-beckhams-schlafzimmer-gesehen-habe-und-jetzt-kann-ich-nicht-aufhoeren-an-pistaziengruen-zu-denken-wie-ich-den-aufregendsten-farbtrend-von-2025\/","og_locale":"de_DE","og_type":"article","og_title":"Ich hasste diese Sofa -Farbe, bis ich es in Victoria Beckhams Schlafzimmer gesehen habe, und jetzt kann ich nicht aufh\u00f6ren, an Pistaziengr\u00fcn zu denken - wie ich den aufregendsten Farbtrend von 2025 wiederhole - Nachrichten - Stra\u00dfenweb","og_description":"Die kulinarische Welt hat uns seit langem fantastische Farbtrends zum Thema mit Essen zum Thema Cherry Red und Avocado bis Lachsrosa und Buttergelb-mit scheinbar keinem","og_url":"https:\/\/www.strassenweb.de\/nachrichten\/ich-hasste-diese-sofa-farbe-bis-ich-es-in-victoria-beckhams-schlafzimmer-gesehen-habe-und-jetzt-kann-ich-nicht-aufhoeren-an-pistaziengruen-zu-denken-wie-ich-den-aufregendsten-farbtrend-von-2025\/","og_site_name":"Stra\u00dfenweb","article_publisher":"https:\/\/www.facebook.com\/strassenweb\/","article_published_time":"2025-03-16T02:39:54+00:00","og_image":[{"width":1200,"height":675,"url":"https:\/\/www.strassenweb.de\/nachrichten\/wp-content\/uploads\/2024\/12\/Victoria-Beckham-nutzt-ein-gruenes-Sofa-um-einen-trendigen-Blickfang.jpg","type":"image\/jpeg"}],"author":"Robert Hoffmann","twitter_card":"summary_large_image","twitter_misc":{"Verfasst von":"Robert Hoffmann","Gesch\u00e4tzte Lesezeit":"2\u00a0Minuten"},"schema":{"@context":"https:\/\/schema.org","@graph":[{"@type":"Article","@id":"https:\/\/www.strassenweb.de\/nachrichten\/ich-hasste-diese-sofa-farbe-bis-ich-es-in-victoria-beckhams-schlafzimmer-gesehen-habe-und-jetzt-kann-ich-nicht-aufhoeren-an-pistaziengruen-zu-denken-wie-ich-den-aufregendsten-farbtrend-von-2025\/#article","isPartOf":{"@id":"https:\/\/www.strassenweb.de\/nachrichten\/ich-hasste-diese-sofa-farbe-bis-ich-es-in-victoria-beckhams-schlafzimmer-gesehen-habe-und-jetzt-kann-ich-nicht-aufhoeren-an-pistaziengruen-zu-denken-wie-ich-den-aufregendsten-farbtrend-von-2025\/"},"author":{"name":"Robert Hoffmann","@id":"https:\/\/www.strassenweb.de\/nachrichten\/#\/schema\/person\/87c9c9067f1211da429a744dc5a5aa41"},"headline":"Ich hasste diese Sofa -Farbe, bis ich es in Victoria Beckhams Schlafzimmer gesehen habe, und jetzt kann ich nicht aufh\u00f6ren, an Pistaziengr\u00fcn zu denken &#8211; wie ich den aufregendsten Farbtrend von 2025 wiederhole","datePublished":"2025-03-16T02:39:54+00:00","mainEntityOfPage":{"@id":"https:\/\/www.strassenweb.de\/nachrichten\/ich-hasste-diese-sofa-farbe-bis-ich-es-in-victoria-beckhams-schlafzimmer-gesehen-habe-und-jetzt-kann-ich-nicht-aufhoeren-an-pistaziengruen-zu-denken-wie-ich-den-aufregendsten-farbtrend-von-2025\/"},"wordCount":440,"publisher":{"@id":"https:\/\/www.strassenweb.de\/nachrichten\/#organization"},"image":{"@id":"https:\/\/www.strassenweb.de\/nachrichten\/ich-hasste-diese-sofa-farbe-bis-ich-es-in-victoria-beckhams-schlafzimmer-gesehen-habe-und-jetzt-kann-ich-nicht-aufhoeren-an-pistaziengruen-zu-denken-wie-ich-den-aufregendsten-farbtrend-von-2025\/#primaryimage"},"thumbnailUrl":"https:\/\/www.strassenweb.de\/nachrichten\/wp-content\/uploads\/2024\/12\/Victoria-Beckham-nutzt-ein-gruenes-Sofa-um-einen-trendigen-Blickfang.jpg","keywords":["aufh\u00f6ren","aufregendsten","Beckhams","bis","den","denken","diese","Farbe","Farbtrend","gesehen","habe","hasste","ich","jetzt","kann","nicht","Pistaziengr\u00fcn","Schlafzimmer","Sofa","und","Victoria","von","Wie","wiederhole"],"articleSection":["Haus &amp; Garten"],"inLanguage":"de"},{"@type":"WebPage","@id":"https:\/\/www.strassenweb.de\/nachrichten\/ich-hasste-diese-sofa-farbe-bis-ich-es-in-victoria-beckhams-schlafzimmer-gesehen-habe-und-jetzt-kann-ich-nicht-aufhoeren-an-pistaziengruen-zu-denken-wie-ich-den-aufregendsten-farbtrend-von-2025\/","url":"https:\/\/www.strassenweb.de\/nachrichten\/ich-hasste-diese-sofa-farbe-bis-ich-es-in-victoria-beckhams-schlafzimmer-gesehen-habe-und-jetzt-kann-ich-nicht-aufhoeren-an-pistaziengruen-zu-denken-wie-ich-den-aufregendsten-farbtrend-von-2025\/","name":"Ich hasste diese Sofa -Farbe, bis ich es in Victoria Beckhams Schlafzimmer gesehen habe, und jetzt kann ich nicht aufh\u00f6ren, an Pistaziengr\u00fcn zu denken - wie ich den aufregendsten Farbtrend von 2025 wiederhole - Nachrichten - Stra\u00dfenweb","isPartOf":{"@id":"https:\/\/www.strassenweb.de\/nachrichten\/#website"},"primaryImageOfPage":{"@id":"https:\/\/www.strassenweb.de\/nachrichten\/ich-hasste-diese-sofa-farbe-bis-ich-es-in-victoria-beckhams-schlafzimmer-gesehen-habe-und-jetzt-kann-ich-nicht-aufhoeren-an-pistaziengruen-zu-denken-wie-ich-den-aufregendsten-farbtrend-von-2025\/#primaryimage"},"image":{"@id":"https:\/\/www.strassenweb.de\/nachrichten\/ich-hasste-diese-sofa-farbe-bis-ich-es-in-victoria-beckhams-schlafzimmer-gesehen-habe-und-jetzt-kann-ich-nicht-aufhoeren-an-pistaziengruen-zu-denken-wie-ich-den-aufregendsten-farbtrend-von-2025\/#primaryimage"},"thumbnailUrl":"https:\/\/www.strassenweb.de\/nachrichten\/wp-content\/uploads\/2024\/12\/Victoria-Beckham-nutzt-ein-gruenes-Sofa-um-einen-trendigen-Blickfang.jpg","datePublished":"2025-03-16T02:39:54+00:00","breadcrumb":{"@id":"https:\/\/www.strassenweb.de\/nachrichten\/ich-hasste-diese-sofa-farbe-bis-ich-es-in-victoria-beckhams-schlafzimmer-gesehen-habe-und-jetzt-kann-ich-nicht-aufhoeren-an-pistaziengruen-zu-denken-wie-ich-den-aufregendsten-farbtrend-von-2025\/#breadcrumb"},"inLanguage":"de","potentialAction":[{"@type":"ReadAction","target":["https:\/\/www.strassenweb.de\/nachrichten\/ich-hasste-diese-sofa-farbe-bis-ich-es-in-victoria-beckhams-schlafzimmer-gesehen-habe-und-jetzt-kann-ich-nicht-aufhoeren-an-pistaziengruen-zu-denken-wie-ich-den-aufregendsten-farbtrend-von-2025\/"]}]},{"@type":"ImageObject","inLanguage":"de","@id":"https:\/\/www.strassenweb.de\/nachrichten\/ich-hasste-diese-sofa-farbe-bis-ich-es-in-victoria-beckhams-schlafzimmer-gesehen-habe-und-jetzt-kann-ich-nicht-aufhoeren-an-pistaziengruen-zu-denken-wie-ich-den-aufregendsten-farbtrend-von-2025\/#primaryimage","url":"https:\/\/www.strassenweb.de\/nachrichten\/wp-content\/uploads\/2024\/12\/Victoria-Beckham-nutzt-ein-gruenes-Sofa-um-einen-trendigen-Blickfang.jpg","contentUrl":"https:\/\/www.strassenweb.de\/nachrichten\/wp-content\/uploads\/2024\/12\/Victoria-Beckham-nutzt-ein-gruenes-Sofa-um-einen-trendigen-Blickfang.jpg","width":1200,"height":675,"caption":"Victoria Beckham nutzt ein gr\u00fcnes Sofa, um einen trendigen Blickfang in ihrem Ankleidezimmer zu schaffen \u2013 Designer sagen, es sei \u00fcberraschend einfach zu stylen"},{"@type":"BreadcrumbList","@id":"https:\/\/www.strassenweb.de\/nachrichten\/ich-hasste-diese-sofa-farbe-bis-ich-es-in-victoria-beckhams-schlafzimmer-gesehen-habe-und-jetzt-kann-ich-nicht-aufhoeren-an-pistaziengruen-zu-denken-wie-ich-den-aufregendsten-farbtrend-von-2025\/#breadcrumb","itemListElement":[{"@type":"ListItem","position":1,"name":"Home","item":"https:\/\/www.strassenweb.de\/nachrichten\/"},{"@type":"ListItem","position":2,"name":"Ich hasste diese Sofa -Farbe, bis ich es in Victoria Beckhams Schlafzimmer gesehen habe, und jetzt kann ich nicht aufh\u00f6ren, an Pistaziengr\u00fcn zu denken &#8211; wie ich den aufregendsten Farbtrend von 2025 wiederhole"}]},{"@type":"WebSite","@id":"https:\/\/www.strassenweb.de\/nachrichten\/#website","url":"https:\/\/www.strassenweb.de\/nachrichten\/","name":"Stra\u00dfenweb","description":"Stra\u00dfenverzeichnis f\u00fcr Deutschland","publisher":{"@id":"https:\/\/www.strassenweb.de\/nachrichten\/#organization"},"potentialAction":[{"@type":"SearchAction","target":{"@type":"EntryPoint","urlTemplate":"https:\/\/www.strassenweb.de\/nachrichten\/?s={search_term_string}"},"query-input":{"@type":"PropertyValueSpecification","valueRequired":true,"valueName":"search_term_string"}}],"inLanguage":"de"},{"@type":"Organization","@id":"https:\/\/www.strassenweb.de\/nachrichten\/#organization","name":"Stra\u00dfenweb","url":"https:\/\/www.strassenweb.de\/nachrichten\/","logo":{"@type":"ImageObject","inLanguage":"de","@id":"https:\/\/www.strassenweb.de\/nachrichten\/#\/schema\/logo\/image\/","url":"https:\/\/www.strassenweb.de\/nachrichten\/wp-content\/uploads\/2024\/09\/cropped-favicon.png","contentUrl":"https:\/\/www.strassenweb.de\/nachrichten\/wp-content\/uploads\/2024\/09\/cropped-favicon.png","width":512,"height":512,"caption":"Stra\u00dfenweb"},"image":{"@id":"https:\/\/www.strassenweb.de\/nachrichten\/#\/schema\/logo\/image\/"},"sameAs":["https:\/\/www.facebook.com\/strassenweb\/"]},{"@type":"Person","@id":"https:\/\/www.strassenweb.de\/nachrichten\/#\/schema\/person\/87c9c9067f1211da429a744dc5a5aa41","name":"Robert Hoffmann","image":{"@type":"ImageObject","inLanguage":"de","@id":"https:\/\/www.strassenweb.de\/nachrichten\/wp-content\/uploads\/2024\/09\/strassenweb-150x150.jpg","url":"https:\/\/www.strassenweb.de\/nachrichten\/wp-content\/uploads\/2024\/09\/strassenweb-150x150.jpg","contentUrl":"https:\/\/www.strassenweb.de\/nachrichten\/wp-content\/uploads\/2024\/09\/strassenweb-150x150.jpg","caption":"Robert Hoffmann"},"description":"Ich hei\u00dfe Robert Hoffmann und ich bin ein leidenschaftlicher Verfechter von \u00d6kologie und Biodiversit\u00e4t. Seit meiner Kindheit in den W\u00e4ldern Bayerns f\u00fchle ich mich mit der Natur verbunden und bin entschlossen, sie zu sch\u00fctzen. Heute widme ich mein Leben der Sensibilisierung anderer f\u00fcr die Bedeutung des Umweltschutzes f\u00fcr zuk\u00fcnftige Generationen.","sameAs":["https:\/\/www.strassenweb.de\/"]}]}},"_links":{"self":[{"href":"https:\/\/www.strassenweb.de\/nachrichten\/wp-json\/wp\/v2\/posts\/3905","targetHints":{"allow":["GET"]}}],"collection":[{"href":"https:\/\/www.strassenweb.de\/nachrichten\/wp-json\/wp\/v2\/posts"}],"about":[{"href":"https:\/\/www.strassenweb.de\/nachrichten\/wp-json\/wp\/v2\/types\/post"}],"author":[{"embeddable":true,"href":"https:\/\/www.strassenweb.de\/nachrichten\/wp-json\/wp\/v2\/users\/1"}],"replies":[{"embeddable":true,"href":"https:\/\/www.strassenweb.de\/nachrichten\/wp-json\/wp\/v2\/comments?post=3905"}],"version-history":[{"count":0,"href":"https:\/\/www.strassenweb.de\/nachrichten\/wp-json\/wp\/v2\/posts\/3905\/revisions"}],"wp:featuredmedia":[{"embeddable":true,"href":"https:\/\/www.strassenweb.de\/nachrichten\/wp-json\/wp\/v2\/media\/2251"}],"wp:attachment":[{"href":"https:\/\/www.strassenweb.de\/nachrichten\/wp-json\/wp\/v2\/media?parent=3905"}],"wp:term":[{"taxonomy":"category","embeddable":true,"href":"https:\/\/www.strassenweb.de\/nachrichten\/wp-json\/wp\/v2\/categories?post=3905"},{"taxonomy":"post_tag","embeddable":true,"href":"https:\/\/www.strassenweb.de\/nachrichten\/wp-json\/wp\/v2\/tags?post=3905"}],"curies":[{"name":"wp","href":"https:\/\/api.w.org\/{rel}","templated":true}]}}