{"id":390,"date":"2024-09-28T19:41:14","date_gmt":"2024-09-28T17:41:14","guid":{"rendered":"https:\/\/www.strassenweb.de\/nachrichten\/wie-kann-man-einer-kueche-struktur-verleihen-die-kueche-dieses-designers-ist-ein-beispiel-fuer-das-hinzufuegen-taktiler-akzente\/"},"modified":"2024-09-28T19:41:15","modified_gmt":"2024-09-28T17:41:15","slug":"wie-kann-man-einer-kueche-struktur-verleihen-die-kueche-dieses-designers-ist-ein-beispiel-fuer-das-hinzufuegen-taktiler-akzente","status":"publish","type":"post","link":"https:\/\/www.strassenweb.de\/nachrichten\/wie-kann-man-einer-kueche-struktur-verleihen-die-kueche-dieses-designers-ist-ein-beispiel-fuer-das-hinzufuegen-taktiler-akzente\/","title":{"rendered":"Wie kann man einer K\u00fcche Struktur verleihen? Die K\u00fcche dieses Designers ist ein Beispiel f\u00fcr das Hinzuf\u00fcgen taktiler Akzente"},"content":{"rendered":"<p><\/p>\n<div id=\"article-body\" class=\"article__body \">\n<p>K\u00fcchen m\u00fcssen nat\u00fcrlich sehr praktische R\u00e4ume sein. Sie m\u00fcssen multifunktional, praktisch und hygienisch sein \u2013 alles Eigenschaften, die nicht oft mit Weichheit und W\u00e4rme in Verbindung gebracht werden. Da sich jedoch die K\u00fcchentrends \u00e4ndern und wir K\u00fcchen schaffen m\u00f6chten, die sich wie gem\u00fctlichere, wohnlichere R\u00e4ume anf\u00fchlen, gibt es eine einfache Antwort auf die Balance zwischen einem praktischen Arbeitsraum und einem einladenderen, charaktervolleren: Textur.<\/p>\n<div id=\"ad-unit-1\" class=\"ad-unit\"><\/div>\n<p>Und wo immer m\u00f6glich Textur hinzuzuf\u00fcgen, war das Hauptaugenmerk dieses K\u00fcchenprojekts von Marie Flanigan, das zuf\u00e4llig auch ihr eigenes Zuhause ist. Hier erz\u00e4hlt sie uns, warum Textur beim K\u00fcchendesign so wichtig ist und wie sie sie auf unterschiedliche Weise in diesen Raum gebracht hat.<\/p>\n<p>\u201eAls ich meine K\u00fcche entwarf, wollte ich einen Raum voller Texturen schaffen, in dem weiche und harte Oberfl\u00e4chen zusammenarbeiten, um eine perfekte Balance aus Eleganz und W\u00e4rme zu erreichen\u201c, beginnt Marie. \u201eDie Textur wurde in vielerlei Hinsicht zum bestimmenden Element, das der K\u00fcche ein haptisches und einladendes Gef\u00fchl gab \u2013 ein Raum, der nicht nur funktional, sondern auch durchdacht mit vielen Details ausgestattet ist.\u201c<\/p>\n<div id=\"desktop-in-article\" class=\"in-article ad-unit\">\n<div id=\"desktop-taboola-mid-article\"><\/div>\n<\/div>\n<div id=\"mobile-in-article\" class=\"in-article ad-unit\">\n<div id=\"mobile-taboola-mid-article\"><\/div>\n<\/div>\n<figure class=\"van-image-figure inline-layout \" data-bordeaux-image-check>\n<div class=\"image-full-width-wrapper\">\n<div class=\"image-widthsetter\" style=\"max-width:2400px;\"><\/div>\n<\/div>\n<\/figure>\n<p>\u201eDas Fundament der K\u00fcche sind die ma\u00dfgeschneiderten Paloma-Kalksteinb\u00f6den. Diese B\u00f6den wurden aufgrund ihrer nat\u00fcrlichen, abgenutzten Textur ausgew\u00e4hlt und verleihen dem Raum sofort Charakter und ein Gef\u00fchl der Erdung. Das French Quarter-Finish f\u00fcgt eine subtile Rauheit hinzu, die dem Raum ein historisches Flair verleiht und ihm Tiefe und F\u00fclle verleiht. \u201eDieser strukturierte Stein verleiht der K\u00fcche eine erdende Wirkung und verleiht ihr ein Gef\u00fchl von Dauerhaftigkeit und Haltbarkeit \u2013 Schl\u00fcsselqualit\u00e4ten f\u00fcr einen Raum, der als Mittelpunkt des t\u00e4glichen Lebens unserer Familie dient.\u201c<\/p>\n<div class=\"van_vid_carousel\">\n<div class=\"van_vid_carousel__padding\">\n<div class=\"van_vid_carousel__container\"><\/div>\n<\/div>\n<\/div>\n<aside class=\"hawk-nest\" data-render-type=\"fte\" data-skip=\"dealsy\" data-widget-type=\"seasonal\">\n<div class=\"hawk-master-widget-hawk-base-wrapper\"><\/div>\n<\/aside>\n<p>\u201eErg\u00e4nzt werden die strukturierten K\u00fcchenb\u00f6den durch die Michelangelo Arebescado Dolomite-Arbeitsplatten. Dieser polierte Stein mit seiner weichen Maserung sorgt f\u00fcr eine raffiniertere Textur. Obwohl sich die Oberfl\u00e4che glatt anf\u00fchlt, sorgt die nat\u00fcrliche Bewegung innerhalb der Maserung f\u00fcr zus\u00e4tzliche optische Tiefe und schafft einen sch\u00f6nen Kontrast zum raueren Stein darunter. Zusammen bilden die Kalksteinb\u00f6den und Dolomit-Arbeitsplatten einen harmonischen Dialog zwischen rauen und glatten Oberfl\u00e4chen, die sich gegenseitig erg\u00e4nzen, um die Textur im gesamten Raum auszugleichen.<\/p>\n<div id=\"ad-unit-2\" class=\"ad-unit\"><\/div>\n<figure class=\"van-image-figure inline-layout \" data-bordeaux-image-check>\n<div class=\"image-full-width-wrapper\">\n<div class=\"image-widthsetter\" style=\"max-width:2000px;\"><\/div>\n<\/div>\n<\/figure>\n<p>\u201eDie K\u00fcchenm\u00f6bel sind ein weiteres wichtiges Strukturelement. Die nat\u00fcrliche Maserung des Holzes besteht aus gebeizter Wei\u00dfeiche und sorgt f\u00fcr eine haptische Qualit\u00e4t, die f\u00fcr W\u00e4rme und F\u00fclle sorgt. Die glatte, matte Oberfl\u00e4che der Eiche bietet eine visuelle Weichheit, die einen Kontrast zum k\u00fchlen, polierten Stein der Arbeitsplatten bildet. Gleichzeitig erg\u00e4nzen die Erdt\u00f6ne der M\u00f6bel die Kalksteinb\u00f6den und sorgen f\u00fcr einen kontinuierlichen Fluss nat\u00fcrlicher Materialien im gesamten Raum. \u201eDie M\u00f6bel aus Eichenholz schlie\u00dfen die L\u00fccke zwischen h\u00e4rteren Elementen wie Stein und weicheren, organischeren Materialien und sorgen f\u00fcr visuelle und haptische W\u00e4rme.\u201c<\/p>\n<figure class=\"van-image-figure inline-layout \" data-bordeaux-image-check>\n<div class=\"image-full-width-wrapper\">\n<div class=\"image-widthsetter\" style=\"max-width:2000px;\"><\/div>\n<\/div>\n<\/figure>\n<p>\u201eUm den harten Oberfl\u00e4chen noch mehr entgegenzuwirken, habe ich durch die Verwendung gewebter Materialien weichere Texturen eingebracht. Die ma\u00dfgeschneiderten Grasgeflecht-Farbt\u00f6ne sind eine meiner Lieblingserg\u00e4nzungen und verleihen dem Raum eine organische, erdige Textur, die das Gesamtbild weicher macht. Ihr leicht unregelm\u00e4\u00dfiges Gewebe f\u00fcgt eine Schicht Unvollkommenheit hinzu und verleiht dem Raum ein Gef\u00fchl von Leichtigkeit und Komfort. Auch die Art und Weise, wie die Schirme das Licht filtern, tr\u00e4gt zur einladenden Atmosph\u00e4re bei und sorgt f\u00fcr ein sanftes Licht, das einen sch\u00f6nen Kontrast zu den strukturierteren Linien der Schr\u00e4nke und Arbeitsplatten bildet.\u201c<\/p>\n<p>\u201eDie Farbe der Sherwin Williams Greek Villa an den W\u00e4nden dient als beruhigender, neutraler Hintergrund und unterstreicht die geschichteten Texturen in der gesamten K\u00fcche, ohne um Aufmerksamkeit zu konkurrieren.\u201c \u201eDieses Cremewei\u00df schafft eine ruhige Atmosph\u00e4re und l\u00e4sst die nat\u00fcrlichen Holzt\u00f6ne und Steinoberfl\u00e4chen erstrahlen.\u201c<\/p>\n<figure class=\"van-image-figure inline-layout \" data-bordeaux-image-check>\n<div class=\"image-full-width-wrapper\">\n<div class=\"image-widthsetter\" style=\"max-width:2400px;\"><\/div>\n<\/div>\n<\/figure>\n<p>\u201eNat\u00fcrliche Elemente waren der Schl\u00fcssel, um dem Raum Struktur zu verleihen.\u201c Die Leuchten, wie zum Beispiel meine eigenen Reese-Pendelleuchten und Rigby-Wandleuchten, kombinieren Messing mit nat\u00fcrlicher Eiche und sorgen so f\u00fcr eine zus\u00e4tzliche haptische Note. \u201eDas Eichenholz in den Wandleuchten verbindet sich mit den Schr\u00e4nken, w\u00e4hrend das Messing einen eleganten, polierten Kontrast schafft, der die Hardware- und Wasserhahnauswahl widerspiegelt.\u201c<\/p>\n<p>\u201eSelbst die kleinsten Details, wie die hellbronzenen Schrankgriffe, wurden unter Ber\u00fccksichtigung der Textur ausgew\u00e4hlt. Ihre handgefertigte Oberfl\u00e4che verleiht dem Raum eine handwerkliche Atmosph\u00e4re und verleiht den M\u00f6beln Charakter und Tiefe. Gepaart mit dem nat\u00fcrlichen Holz und der sanften K\u00fcchenbeleuchtung bereichern diese Elemente die gesamte strukturelle Erz\u00e4hlung des Raums.\u201c<\/p>\n<p>\u201eW\u00e4hrend die \u00c4sthetik im Vordergrund stand, wurde die Praktikabilit\u00e4t nie geopfert. Die Kalksteinb\u00f6den sind langlebig und perfekt f\u00fcr das Familienleben, w\u00e4hrend die glatten Dolomit-Arbeitsplatten Eleganz bieten, ohne die Pflegeleichtigkeit zu beeintr\u00e4chtigen. Die geflochtenen Farbt\u00f6ne und die warmen Eichenholzm\u00f6bel verleihen der K\u00fcche ein gem\u00fctliches und einladendes Gef\u00fchl und schaffen einen komfortablen Raum sowohl f\u00fcr ruhige Familienessen als auch f\u00fcr die Bewirtung von G\u00e4sten.<\/p>\n<figure class=\"van-image-figure inline-layout \" data-bordeaux-image-check>\n<div class=\"image-full-width-wrapper\">\n<div class=\"image-widthsetter\" style=\"max-width:2000px;\"><\/div>\n<\/div>\n<\/figure>\n<p>\u201eDurch die durchdachte Schichtung von Texturen durch harte Oberfl\u00e4chen wie Stein und Holz und weichere Elemente wie Stoff und Beleuchtung wird die K\u00fcche zu einem Raum, der sich sowohl luxuri\u00f6s als auch bewohnt anf\u00fchlt. \u201eJede Oberfl\u00e4che und jedes Detail wirken zusammen, um ein haptisches Erlebnis zu schaffen, das das wahre Herz unseres Zuhauses widerspiegelt.\u201c<\/p>\n<\/div>\n","protected":false},"excerpt":{"rendered":"<p>K\u00fcchen m\u00fcssen nat\u00fcrlich sehr praktische R\u00e4ume sein. Sie m\u00fcssen multifunktional, praktisch und hygienisch sein \u2013 alles Eigenschaften, die nicht oft mit Weichheit und W\u00e4rme in<\/p>\n","protected":false},"author":1,"featured_media":391,"comment_status":"closed","ping_status":"","sticky":false,"template":"","format":"standard","meta":{"footnotes":""},"categories":[118],"tags":[788,785,112,784,9,531,43,303,55,786,15,781,468,134,782,787,783,26],"class_list":["post-390","post","type-post","status-publish","format-standard","has-post-thumbnail","hentry","category-haus-garten","tag-akzente","tag-beispiel","tag-das","tag-designers","tag-die","tag-dieses","tag-ein","tag-einer","tag-fuer","tag-hinzufuegen","tag-ist","tag-kann","tag-kueche","tag-man","tag-struktur","tag-taktiler","tag-verleihen","tag-wie","generate-columns","tablet-grid-50","mobile-grid-100","grid-parent","grid-50"],"yoast_head":"<!-- This site is optimized with the Yoast SEO plugin v27.3 - https:\/\/yoast.com\/product\/yoast-seo-wordpress\/ -->\n<title>Wie kann man einer K\u00fcche Struktur verleihen? Die K\u00fcche dieses Designers ist ein Beispiel f\u00fcr das Hinzuf\u00fcgen taktiler Akzente - Nachrichten - Stra\u00dfenweb<\/title>\n<meta name=\"robots\" content=\"index, follow, max-snippet:-1, max-image-preview:large, max-video-preview:-1\" \/>\n<link rel=\"canonical\" href=\"https:\/\/www.strassenweb.de\/nachrichten\/wie-kann-man-einer-kueche-struktur-verleihen-die-kueche-dieses-designers-ist-ein-beispiel-fuer-das-hinzufuegen-taktiler-akzente\/\" \/>\n<meta property=\"og:locale\" content=\"de_DE\" \/>\n<meta property=\"og:type\" content=\"article\" \/>\n<meta property=\"og:title\" content=\"Wie kann man einer K\u00fcche Struktur verleihen? Die K\u00fcche dieses Designers ist ein Beispiel f\u00fcr das Hinzuf\u00fcgen taktiler Akzente - Nachrichten - Stra\u00dfenweb\" \/>\n<meta property=\"og:description\" content=\"K\u00fcchen m\u00fcssen nat\u00fcrlich sehr praktische R\u00e4ume sein. Sie m\u00fcssen multifunktional, praktisch und hygienisch sein \u2013 alles Eigenschaften, die nicht oft mit Weichheit und W\u00e4rme in\" \/>\n<meta property=\"og:url\" content=\"https:\/\/www.strassenweb.de\/nachrichten\/wie-kann-man-einer-kueche-struktur-verleihen-die-kueche-dieses-designers-ist-ein-beispiel-fuer-das-hinzufuegen-taktiler-akzente\/\" \/>\n<meta property=\"og:site_name\" content=\"Stra\u00dfenweb\" \/>\n<meta property=\"article:publisher\" content=\"https:\/\/www.facebook.com\/strassenweb\/\" \/>\n<meta property=\"article:published_time\" content=\"2024-09-28T17:41:14+00:00\" \/>\n<meta property=\"article:modified_time\" content=\"2024-09-28T17:41:15+00:00\" \/>\n<meta property=\"og:image\" content=\"https:\/\/www.strassenweb.de\/nachrichten\/wp-content\/uploads\/2024\/09\/Wie-kann-man-einer-Kueche-Struktur-verleihen-Die-Kueche-dieses.jpg\" \/>\n\t<meta property=\"og:image:width\" content=\"1200\" \/>\n\t<meta property=\"og:image:height\" content=\"675\" \/>\n\t<meta property=\"og:image:type\" content=\"image\/jpeg\" \/>\n<meta name=\"author\" content=\"Robert Hoffmann\" \/>\n<meta name=\"twitter:card\" content=\"summary_large_image\" \/>\n<meta name=\"twitter:label1\" content=\"Verfasst von\" \/>\n\t<meta name=\"twitter:data1\" content=\"Robert Hoffmann\" \/>\n\t<meta name=\"twitter:label2\" content=\"Gesch\u00e4tzte Lesezeit\" \/>\n\t<meta name=\"twitter:data2\" content=\"4\u00a0Minuten\" \/>\n<script type=\"application\/ld+json\" class=\"yoast-schema-graph\">{\"@context\":\"https:\\\/\\\/schema.org\",\"@graph\":[{\"@type\":\"Article\",\"@id\":\"https:\\\/\\\/www.strassenweb.de\\\/nachrichten\\\/wie-kann-man-einer-kueche-struktur-verleihen-die-kueche-dieses-designers-ist-ein-beispiel-fuer-das-hinzufuegen-taktiler-akzente\\\/#article\",\"isPartOf\":{\"@id\":\"https:\\\/\\\/www.strassenweb.de\\\/nachrichten\\\/wie-kann-man-einer-kueche-struktur-verleihen-die-kueche-dieses-designers-ist-ein-beispiel-fuer-das-hinzufuegen-taktiler-akzente\\\/\"},\"author\":{\"name\":\"Robert Hoffmann\",\"@id\":\"https:\\\/\\\/www.strassenweb.de\\\/nachrichten\\\/#\\\/schema\\\/person\\\/87c9c9067f1211da429a744dc5a5aa41\"},\"headline\":\"Wie kann man einer K\u00fcche Struktur verleihen? Die K\u00fcche dieses Designers ist ein Beispiel f\u00fcr das Hinzuf\u00fcgen taktiler Akzente\",\"datePublished\":\"2024-09-28T17:41:14+00:00\",\"dateModified\":\"2024-09-28T17:41:15+00:00\",\"mainEntityOfPage\":{\"@id\":\"https:\\\/\\\/www.strassenweb.de\\\/nachrichten\\\/wie-kann-man-einer-kueche-struktur-verleihen-die-kueche-dieses-designers-ist-ein-beispiel-fuer-das-hinzufuegen-taktiler-akzente\\\/\"},\"wordCount\":918,\"publisher\":{\"@id\":\"https:\\\/\\\/www.strassenweb.de\\\/nachrichten\\\/#organization\"},\"image\":{\"@id\":\"https:\\\/\\\/www.strassenweb.de\\\/nachrichten\\\/wie-kann-man-einer-kueche-struktur-verleihen-die-kueche-dieses-designers-ist-ein-beispiel-fuer-das-hinzufuegen-taktiler-akzente\\\/#primaryimage\"},\"thumbnailUrl\":\"https:\\\/\\\/www.strassenweb.de\\\/nachrichten\\\/wp-content\\\/uploads\\\/2024\\\/09\\\/Wie-kann-man-einer-Kueche-Struktur-verleihen-Die-Kueche-dieses.jpg\",\"keywords\":[\"Akzente\",\"Beispiel\",\"das\",\"Designers\",\"die\",\"dieses\",\"ein\",\"einer\",\"f\u00fcr\",\"Hinzuf\u00fcgen\",\"ist\",\"kann\",\"K\u00fcche\",\"man\",\"Struktur\",\"taktiler\",\"verleihen\",\"Wie\"],\"articleSection\":[\"Haus &amp; Garten\"],\"inLanguage\":\"de\"},{\"@type\":\"WebPage\",\"@id\":\"https:\\\/\\\/www.strassenweb.de\\\/nachrichten\\\/wie-kann-man-einer-kueche-struktur-verleihen-die-kueche-dieses-designers-ist-ein-beispiel-fuer-das-hinzufuegen-taktiler-akzente\\\/\",\"url\":\"https:\\\/\\\/www.strassenweb.de\\\/nachrichten\\\/wie-kann-man-einer-kueche-struktur-verleihen-die-kueche-dieses-designers-ist-ein-beispiel-fuer-das-hinzufuegen-taktiler-akzente\\\/\",\"name\":\"Wie kann man einer K\u00fcche Struktur verleihen? Die K\u00fcche dieses Designers ist ein Beispiel f\u00fcr das Hinzuf\u00fcgen taktiler Akzente - Nachrichten - Stra\u00dfenweb\",\"isPartOf\":{\"@id\":\"https:\\\/\\\/www.strassenweb.de\\\/nachrichten\\\/#website\"},\"primaryImageOfPage\":{\"@id\":\"https:\\\/\\\/www.strassenweb.de\\\/nachrichten\\\/wie-kann-man-einer-kueche-struktur-verleihen-die-kueche-dieses-designers-ist-ein-beispiel-fuer-das-hinzufuegen-taktiler-akzente\\\/#primaryimage\"},\"image\":{\"@id\":\"https:\\\/\\\/www.strassenweb.de\\\/nachrichten\\\/wie-kann-man-einer-kueche-struktur-verleihen-die-kueche-dieses-designers-ist-ein-beispiel-fuer-das-hinzufuegen-taktiler-akzente\\\/#primaryimage\"},\"thumbnailUrl\":\"https:\\\/\\\/www.strassenweb.de\\\/nachrichten\\\/wp-content\\\/uploads\\\/2024\\\/09\\\/Wie-kann-man-einer-Kueche-Struktur-verleihen-Die-Kueche-dieses.jpg\",\"datePublished\":\"2024-09-28T17:41:14+00:00\",\"dateModified\":\"2024-09-28T17:41:15+00:00\",\"breadcrumb\":{\"@id\":\"https:\\\/\\\/www.strassenweb.de\\\/nachrichten\\\/wie-kann-man-einer-kueche-struktur-verleihen-die-kueche-dieses-designers-ist-ein-beispiel-fuer-das-hinzufuegen-taktiler-akzente\\\/#breadcrumb\"},\"inLanguage\":\"de\",\"potentialAction\":[{\"@type\":\"ReadAction\",\"target\":[\"https:\\\/\\\/www.strassenweb.de\\\/nachrichten\\\/wie-kann-man-einer-kueche-struktur-verleihen-die-kueche-dieses-designers-ist-ein-beispiel-fuer-das-hinzufuegen-taktiler-akzente\\\/\"]}]},{\"@type\":\"ImageObject\",\"inLanguage\":\"de\",\"@id\":\"https:\\\/\\\/www.strassenweb.de\\\/nachrichten\\\/wie-kann-man-einer-kueche-struktur-verleihen-die-kueche-dieses-designers-ist-ein-beispiel-fuer-das-hinzufuegen-taktiler-akzente\\\/#primaryimage\",\"url\":\"https:\\\/\\\/www.strassenweb.de\\\/nachrichten\\\/wp-content\\\/uploads\\\/2024\\\/09\\\/Wie-kann-man-einer-Kueche-Struktur-verleihen-Die-Kueche-dieses.jpg\",\"contentUrl\":\"https:\\\/\\\/www.strassenweb.de\\\/nachrichten\\\/wp-content\\\/uploads\\\/2024\\\/09\\\/Wie-kann-man-einer-Kueche-Struktur-verleihen-Die-Kueche-dieses.jpg\",\"width\":1200,\"height\":675,\"caption\":\"Wie kann man einer K\u00fcche Struktur verleihen? Die K\u00fcche dieses Designers ist ein Beispiel f\u00fcr das Hinzuf\u00fcgen taktiler Akzente\"},{\"@type\":\"BreadcrumbList\",\"@id\":\"https:\\\/\\\/www.strassenweb.de\\\/nachrichten\\\/wie-kann-man-einer-kueche-struktur-verleihen-die-kueche-dieses-designers-ist-ein-beispiel-fuer-das-hinzufuegen-taktiler-akzente\\\/#breadcrumb\",\"itemListElement\":[{\"@type\":\"ListItem\",\"position\":1,\"name\":\"Home\",\"item\":\"https:\\\/\\\/www.strassenweb.de\\\/nachrichten\\\/\"},{\"@type\":\"ListItem\",\"position\":2,\"name\":\"Wie kann man einer K\u00fcche Struktur verleihen? Die K\u00fcche dieses Designers ist ein Beispiel f\u00fcr das Hinzuf\u00fcgen taktiler Akzente\"}]},{\"@type\":\"WebSite\",\"@id\":\"https:\\\/\\\/www.strassenweb.de\\\/nachrichten\\\/#website\",\"url\":\"https:\\\/\\\/www.strassenweb.de\\\/nachrichten\\\/\",\"name\":\"Stra\u00dfenweb\",\"description\":\"Stra\u00dfenverzeichnis f\u00fcr Deutschland\",\"publisher\":{\"@id\":\"https:\\\/\\\/www.strassenweb.de\\\/nachrichten\\\/#organization\"},\"potentialAction\":[{\"@type\":\"SearchAction\",\"target\":{\"@type\":\"EntryPoint\",\"urlTemplate\":\"https:\\\/\\\/www.strassenweb.de\\\/nachrichten\\\/?s={search_term_string}\"},\"query-input\":{\"@type\":\"PropertyValueSpecification\",\"valueRequired\":true,\"valueName\":\"search_term_string\"}}],\"inLanguage\":\"de\"},{\"@type\":\"Organization\",\"@id\":\"https:\\\/\\\/www.strassenweb.de\\\/nachrichten\\\/#organization\",\"name\":\"Stra\u00dfenweb\",\"url\":\"https:\\\/\\\/www.strassenweb.de\\\/nachrichten\\\/\",\"logo\":{\"@type\":\"ImageObject\",\"inLanguage\":\"de\",\"@id\":\"https:\\\/\\\/www.strassenweb.de\\\/nachrichten\\\/#\\\/schema\\\/logo\\\/image\\\/\",\"url\":\"https:\\\/\\\/www.strassenweb.de\\\/nachrichten\\\/wp-content\\\/uploads\\\/2024\\\/09\\\/cropped-favicon.png\",\"contentUrl\":\"https:\\\/\\\/www.strassenweb.de\\\/nachrichten\\\/wp-content\\\/uploads\\\/2024\\\/09\\\/cropped-favicon.png\",\"width\":512,\"height\":512,\"caption\":\"Stra\u00dfenweb\"},\"image\":{\"@id\":\"https:\\\/\\\/www.strassenweb.de\\\/nachrichten\\\/#\\\/schema\\\/logo\\\/image\\\/\"},\"sameAs\":[\"https:\\\/\\\/www.facebook.com\\\/strassenweb\\\/\"]},{\"@type\":\"Person\",\"@id\":\"https:\\\/\\\/www.strassenweb.de\\\/nachrichten\\\/#\\\/schema\\\/person\\\/87c9c9067f1211da429a744dc5a5aa41\",\"name\":\"Robert Hoffmann\",\"image\":{\"@type\":\"ImageObject\",\"inLanguage\":\"de\",\"@id\":\"https:\\\/\\\/www.strassenweb.de\\\/nachrichten\\\/wp-content\\\/uploads\\\/2024\\\/09\\\/strassenweb-150x150.jpg\",\"url\":\"https:\\\/\\\/www.strassenweb.de\\\/nachrichten\\\/wp-content\\\/uploads\\\/2024\\\/09\\\/strassenweb-150x150.jpg\",\"contentUrl\":\"https:\\\/\\\/www.strassenweb.de\\\/nachrichten\\\/wp-content\\\/uploads\\\/2024\\\/09\\\/strassenweb-150x150.jpg\",\"caption\":\"Robert Hoffmann\"},\"description\":\"Ich hei\u00dfe Robert Hoffmann und ich bin ein leidenschaftlicher Verfechter von \u00d6kologie und Biodiversit\u00e4t. Seit meiner Kindheit in den W\u00e4ldern Bayerns f\u00fchle ich mich mit der Natur verbunden und bin entschlossen, sie zu sch\u00fctzen. Heute widme ich mein Leben der Sensibilisierung anderer f\u00fcr die Bedeutung des Umweltschutzes f\u00fcr zuk\u00fcnftige Generationen.\",\"sameAs\":[\"https:\\\/\\\/www.strassenweb.de\\\/\"]}]}<\/script>\n<!-- \/ Yoast SEO plugin. -->","yoast_head_json":{"title":"Wie kann man einer K\u00fcche Struktur verleihen? Die K\u00fcche dieses Designers ist ein Beispiel f\u00fcr das Hinzuf\u00fcgen taktiler Akzente - Nachrichten - Stra\u00dfenweb","robots":{"index":"index","follow":"follow","max-snippet":"max-snippet:-1","max-image-preview":"max-image-preview:large","max-video-preview":"max-video-preview:-1"},"canonical":"https:\/\/www.strassenweb.de\/nachrichten\/wie-kann-man-einer-kueche-struktur-verleihen-die-kueche-dieses-designers-ist-ein-beispiel-fuer-das-hinzufuegen-taktiler-akzente\/","og_locale":"de_DE","og_type":"article","og_title":"Wie kann man einer K\u00fcche Struktur verleihen? Die K\u00fcche dieses Designers ist ein Beispiel f\u00fcr das Hinzuf\u00fcgen taktiler Akzente - Nachrichten - Stra\u00dfenweb","og_description":"K\u00fcchen m\u00fcssen nat\u00fcrlich sehr praktische R\u00e4ume sein. Sie m\u00fcssen multifunktional, praktisch und hygienisch sein \u2013 alles Eigenschaften, die nicht oft mit Weichheit und W\u00e4rme in","og_url":"https:\/\/www.strassenweb.de\/nachrichten\/wie-kann-man-einer-kueche-struktur-verleihen-die-kueche-dieses-designers-ist-ein-beispiel-fuer-das-hinzufuegen-taktiler-akzente\/","og_site_name":"Stra\u00dfenweb","article_publisher":"https:\/\/www.facebook.com\/strassenweb\/","article_published_time":"2024-09-28T17:41:14+00:00","article_modified_time":"2024-09-28T17:41:15+00:00","og_image":[{"width":1200,"height":675,"url":"https:\/\/www.strassenweb.de\/nachrichten\/wp-content\/uploads\/2024\/09\/Wie-kann-man-einer-Kueche-Struktur-verleihen-Die-Kueche-dieses.jpg","type":"image\/jpeg"}],"author":"Robert Hoffmann","twitter_card":"summary_large_image","twitter_misc":{"Verfasst von":"Robert Hoffmann","Gesch\u00e4tzte Lesezeit":"4\u00a0Minuten"},"schema":{"@context":"https:\/\/schema.org","@graph":[{"@type":"Article","@id":"https:\/\/www.strassenweb.de\/nachrichten\/wie-kann-man-einer-kueche-struktur-verleihen-die-kueche-dieses-designers-ist-ein-beispiel-fuer-das-hinzufuegen-taktiler-akzente\/#article","isPartOf":{"@id":"https:\/\/www.strassenweb.de\/nachrichten\/wie-kann-man-einer-kueche-struktur-verleihen-die-kueche-dieses-designers-ist-ein-beispiel-fuer-das-hinzufuegen-taktiler-akzente\/"},"author":{"name":"Robert Hoffmann","@id":"https:\/\/www.strassenweb.de\/nachrichten\/#\/schema\/person\/87c9c9067f1211da429a744dc5a5aa41"},"headline":"Wie kann man einer K\u00fcche Struktur verleihen? Die K\u00fcche dieses Designers ist ein Beispiel f\u00fcr das Hinzuf\u00fcgen taktiler Akzente","datePublished":"2024-09-28T17:41:14+00:00","dateModified":"2024-09-28T17:41:15+00:00","mainEntityOfPage":{"@id":"https:\/\/www.strassenweb.de\/nachrichten\/wie-kann-man-einer-kueche-struktur-verleihen-die-kueche-dieses-designers-ist-ein-beispiel-fuer-das-hinzufuegen-taktiler-akzente\/"},"wordCount":918,"publisher":{"@id":"https:\/\/www.strassenweb.de\/nachrichten\/#organization"},"image":{"@id":"https:\/\/www.strassenweb.de\/nachrichten\/wie-kann-man-einer-kueche-struktur-verleihen-die-kueche-dieses-designers-ist-ein-beispiel-fuer-das-hinzufuegen-taktiler-akzente\/#primaryimage"},"thumbnailUrl":"https:\/\/www.strassenweb.de\/nachrichten\/wp-content\/uploads\/2024\/09\/Wie-kann-man-einer-Kueche-Struktur-verleihen-Die-Kueche-dieses.jpg","keywords":["Akzente","Beispiel","das","Designers","die","dieses","ein","einer","f\u00fcr","Hinzuf\u00fcgen","ist","kann","K\u00fcche","man","Struktur","taktiler","verleihen","Wie"],"articleSection":["Haus &amp; Garten"],"inLanguage":"de"},{"@type":"WebPage","@id":"https:\/\/www.strassenweb.de\/nachrichten\/wie-kann-man-einer-kueche-struktur-verleihen-die-kueche-dieses-designers-ist-ein-beispiel-fuer-das-hinzufuegen-taktiler-akzente\/","url":"https:\/\/www.strassenweb.de\/nachrichten\/wie-kann-man-einer-kueche-struktur-verleihen-die-kueche-dieses-designers-ist-ein-beispiel-fuer-das-hinzufuegen-taktiler-akzente\/","name":"Wie kann man einer K\u00fcche Struktur verleihen? Die K\u00fcche dieses Designers ist ein Beispiel f\u00fcr das Hinzuf\u00fcgen taktiler Akzente - Nachrichten - Stra\u00dfenweb","isPartOf":{"@id":"https:\/\/www.strassenweb.de\/nachrichten\/#website"},"primaryImageOfPage":{"@id":"https:\/\/www.strassenweb.de\/nachrichten\/wie-kann-man-einer-kueche-struktur-verleihen-die-kueche-dieses-designers-ist-ein-beispiel-fuer-das-hinzufuegen-taktiler-akzente\/#primaryimage"},"image":{"@id":"https:\/\/www.strassenweb.de\/nachrichten\/wie-kann-man-einer-kueche-struktur-verleihen-die-kueche-dieses-designers-ist-ein-beispiel-fuer-das-hinzufuegen-taktiler-akzente\/#primaryimage"},"thumbnailUrl":"https:\/\/www.strassenweb.de\/nachrichten\/wp-content\/uploads\/2024\/09\/Wie-kann-man-einer-Kueche-Struktur-verleihen-Die-Kueche-dieses.jpg","datePublished":"2024-09-28T17:41:14+00:00","dateModified":"2024-09-28T17:41:15+00:00","breadcrumb":{"@id":"https:\/\/www.strassenweb.de\/nachrichten\/wie-kann-man-einer-kueche-struktur-verleihen-die-kueche-dieses-designers-ist-ein-beispiel-fuer-das-hinzufuegen-taktiler-akzente\/#breadcrumb"},"inLanguage":"de","potentialAction":[{"@type":"ReadAction","target":["https:\/\/www.strassenweb.de\/nachrichten\/wie-kann-man-einer-kueche-struktur-verleihen-die-kueche-dieses-designers-ist-ein-beispiel-fuer-das-hinzufuegen-taktiler-akzente\/"]}]},{"@type":"ImageObject","inLanguage":"de","@id":"https:\/\/www.strassenweb.de\/nachrichten\/wie-kann-man-einer-kueche-struktur-verleihen-die-kueche-dieses-designers-ist-ein-beispiel-fuer-das-hinzufuegen-taktiler-akzente\/#primaryimage","url":"https:\/\/www.strassenweb.de\/nachrichten\/wp-content\/uploads\/2024\/09\/Wie-kann-man-einer-Kueche-Struktur-verleihen-Die-Kueche-dieses.jpg","contentUrl":"https:\/\/www.strassenweb.de\/nachrichten\/wp-content\/uploads\/2024\/09\/Wie-kann-man-einer-Kueche-Struktur-verleihen-Die-Kueche-dieses.jpg","width":1200,"height":675,"caption":"Wie kann man einer K\u00fcche Struktur verleihen? Die K\u00fcche dieses Designers ist ein Beispiel f\u00fcr das Hinzuf\u00fcgen taktiler Akzente"},{"@type":"BreadcrumbList","@id":"https:\/\/www.strassenweb.de\/nachrichten\/wie-kann-man-einer-kueche-struktur-verleihen-die-kueche-dieses-designers-ist-ein-beispiel-fuer-das-hinzufuegen-taktiler-akzente\/#breadcrumb","itemListElement":[{"@type":"ListItem","position":1,"name":"Home","item":"https:\/\/www.strassenweb.de\/nachrichten\/"},{"@type":"ListItem","position":2,"name":"Wie kann man einer K\u00fcche Struktur verleihen? Die K\u00fcche dieses Designers ist ein Beispiel f\u00fcr das Hinzuf\u00fcgen taktiler Akzente"}]},{"@type":"WebSite","@id":"https:\/\/www.strassenweb.de\/nachrichten\/#website","url":"https:\/\/www.strassenweb.de\/nachrichten\/","name":"Stra\u00dfenweb","description":"Stra\u00dfenverzeichnis f\u00fcr Deutschland","publisher":{"@id":"https:\/\/www.strassenweb.de\/nachrichten\/#organization"},"potentialAction":[{"@type":"SearchAction","target":{"@type":"EntryPoint","urlTemplate":"https:\/\/www.strassenweb.de\/nachrichten\/?s={search_term_string}"},"query-input":{"@type":"PropertyValueSpecification","valueRequired":true,"valueName":"search_term_string"}}],"inLanguage":"de"},{"@type":"Organization","@id":"https:\/\/www.strassenweb.de\/nachrichten\/#organization","name":"Stra\u00dfenweb","url":"https:\/\/www.strassenweb.de\/nachrichten\/","logo":{"@type":"ImageObject","inLanguage":"de","@id":"https:\/\/www.strassenweb.de\/nachrichten\/#\/schema\/logo\/image\/","url":"https:\/\/www.strassenweb.de\/nachrichten\/wp-content\/uploads\/2024\/09\/cropped-favicon.png","contentUrl":"https:\/\/www.strassenweb.de\/nachrichten\/wp-content\/uploads\/2024\/09\/cropped-favicon.png","width":512,"height":512,"caption":"Stra\u00dfenweb"},"image":{"@id":"https:\/\/www.strassenweb.de\/nachrichten\/#\/schema\/logo\/image\/"},"sameAs":["https:\/\/www.facebook.com\/strassenweb\/"]},{"@type":"Person","@id":"https:\/\/www.strassenweb.de\/nachrichten\/#\/schema\/person\/87c9c9067f1211da429a744dc5a5aa41","name":"Robert Hoffmann","image":{"@type":"ImageObject","inLanguage":"de","@id":"https:\/\/www.strassenweb.de\/nachrichten\/wp-content\/uploads\/2024\/09\/strassenweb-150x150.jpg","url":"https:\/\/www.strassenweb.de\/nachrichten\/wp-content\/uploads\/2024\/09\/strassenweb-150x150.jpg","contentUrl":"https:\/\/www.strassenweb.de\/nachrichten\/wp-content\/uploads\/2024\/09\/strassenweb-150x150.jpg","caption":"Robert Hoffmann"},"description":"Ich hei\u00dfe Robert Hoffmann und ich bin ein leidenschaftlicher Verfechter von \u00d6kologie und Biodiversit\u00e4t. Seit meiner Kindheit in den W\u00e4ldern Bayerns f\u00fchle ich mich mit der Natur verbunden und bin entschlossen, sie zu sch\u00fctzen. Heute widme ich mein Leben der Sensibilisierung anderer f\u00fcr die Bedeutung des Umweltschutzes f\u00fcr zuk\u00fcnftige Generationen.","sameAs":["https:\/\/www.strassenweb.de\/"]}]}},"_links":{"self":[{"href":"https:\/\/www.strassenweb.de\/nachrichten\/wp-json\/wp\/v2\/posts\/390","targetHints":{"allow":["GET"]}}],"collection":[{"href":"https:\/\/www.strassenweb.de\/nachrichten\/wp-json\/wp\/v2\/posts"}],"about":[{"href":"https:\/\/www.strassenweb.de\/nachrichten\/wp-json\/wp\/v2\/types\/post"}],"author":[{"embeddable":true,"href":"https:\/\/www.strassenweb.de\/nachrichten\/wp-json\/wp\/v2\/users\/1"}],"replies":[{"embeddable":true,"href":"https:\/\/www.strassenweb.de\/nachrichten\/wp-json\/wp\/v2\/comments?post=390"}],"version-history":[{"count":0,"href":"https:\/\/www.strassenweb.de\/nachrichten\/wp-json\/wp\/v2\/posts\/390\/revisions"}],"wp:featuredmedia":[{"embeddable":true,"href":"https:\/\/www.strassenweb.de\/nachrichten\/wp-json\/wp\/v2\/media\/391"}],"wp:attachment":[{"href":"https:\/\/www.strassenweb.de\/nachrichten\/wp-json\/wp\/v2\/media?parent=390"}],"wp:term":[{"taxonomy":"category","embeddable":true,"href":"https:\/\/www.strassenweb.de\/nachrichten\/wp-json\/wp\/v2\/categories?post=390"},{"taxonomy":"post_tag","embeddable":true,"href":"https:\/\/www.strassenweb.de\/nachrichten\/wp-json\/wp\/v2\/tags?post=390"}],"curies":[{"name":"wp","href":"https:\/\/api.w.org\/{rel}","templated":true}]}}