{"id":3878,"date":"2025-03-14T15:40:02","date_gmt":"2025-03-14T14:40:02","guid":{"rendered":"https:\/\/www.strassenweb.de\/nachrichten\/este-haims-haus-in-la-ist-eine-meisterklasse-in-geschichteten-neutralen-und-warmen-erdigen-toenen-touren-sie-den-raum-der-ein-wahres-spiegelbild-ihrer-kunstfeier-ist\/"},"modified":"2025-03-14T15:40:02","modified_gmt":"2025-03-14T14:40:02","slug":"este-haims-haus-in-la-ist-eine-meisterklasse-in-geschichteten-neutralen-und-warmen-erdigen-toenen-touren-sie-den-raum-der-ein-wahres-spiegelbild-ihrer-kunstfeier-ist","status":"publish","type":"post","link":"https:\/\/www.strassenweb.de\/nachrichten\/este-haims-haus-in-la-ist-eine-meisterklasse-in-geschichteten-neutralen-und-warmen-erdigen-toenen-touren-sie-den-raum-der-ein-wahres-spiegelbild-ihrer-kunstfeier-ist\/","title":{"rendered":"Este Haims Haus in La ist eine Meisterklasse in geschichteten Neutralen und warmen, erdigen T\u00f6nen &#8211; touren Sie den Raum, der ein \u201ewahres Spiegelbild ihrer Kunstfeier\u201c ist."},"content":{"rendered":"<p><\/p>\n<div id=\"article-body\" class=\"article__body \">\n<p>Manchmal f\u00fchlt sich ein Haus wie ein Spiegelbild der Menschen an, die dort leben. Dies ist sicherlich in Este Haims Haus in Los Angeles der Fall, das sich mit skulpturalen Formen, warmen Neutralen und einladenden Texturen befasst.<\/p>\n<div id=\"ad-unit-1\" class=\"ad-unit\"><\/div>\n<p>Die California Casual Apartment des Musiker wurde in Zusammenarbeit mit Lulu und Georgia entworfen. Es ist beeindruckt von gem\u00fctlichen Cremes, Br\u00e4ueln und Braunen, die durch gekr\u00fcmmte M\u00f6bel integriert sind. Es f\u00fchlt sich an wie die Art von Raum, in dem Sie eine Tasse Tee und eine Wurfdecke schnappen und sich bequem machen m\u00f6chten.<\/p>\n<p>Jenna Kincaid, VP von Brand Creative, die im Haus arbeitete <em>H\u00e4user &#038; G\u00e4rten<\/em>: &#8218;Von Anfang an hatte Este eine klare Vision &#8211; sie wollte ein Zuhause, das sich wie ein wahres Spiegelbild ihrer Kunst anf\u00fchlte und die mutige Energie ihrer Musik mit dem ruhigen, gem\u00fctlichen Gef\u00fchl ihres Raums ausgleichen. Wir haben eng mit ihr zusammengearbeitet, um eine Palette von geschichteten Neutralen und warmen, erdigen T\u00f6nen zu entwickeln, die dieses Gef\u00fchl m\u00fcheloser Harmonie erzeugen. Jede Textur, von Pl\u00fcsch -Polster bis hin zu nat\u00fcrlichen Holzfl\u00e4chen, wurde ausgew\u00e4hlt, um sowohl Tiefe als auch Komfort in ihr Zuhause zu bringen. &#8218; Es ist eine Meisterklasse bei der Dekoration mit Neutralen.<\/p>\n<div id=\"desktop-in-article\" class=\"in-article ad-unit\">\n<div id=\"desktop-taboola-mid-article\"><\/div>\n<\/div>\n<div id=\"mobile-in-article\" class=\"in-article ad-unit\">\n<div id=\"mobile-taboola-mid-article\"><\/div>\n<\/div>\n<figure class=\"van-image-figure inline-layout \" data-bordeaux-image-check>\n<div class=\"image-full-width-wrapper\">\n<div class=\"image-widthsetter\" style=\"max-width:2000px;\"><\/div>\n<\/div>\n<\/figure>\n<h3 class=\"article-body__section\" id=\"section-shop-the-look\"><span>Kaufen Sie den Look ein<\/span><\/h3>\n<aside class=\"hawk-base\" data-block-type=\"embed\" data-render-type=\"fte\" data-skip=\"dealsy\" data-widget-type=\"seasonal\">\n<div class=\"hawk-master-widget-hawk-base-wrapper\"><\/div>\n<\/aside>\n<p>Wenn Sie das Aussehen von Este Haims Zuhause lieben, haben Sie Gl\u00fcck. Es ist einfach, all ihre M\u00f6bel in Lulu und Georgia einzukaufen. Hier sind einige unserer Lieblings -Picks.<\/p>\n<div class=\"van_vid_carousel\">\n<div class=\"van_vid_carousel__padding\">\n<div class=\"van_vid_carousel__container\"><\/div>\n<\/div>\n<\/div>\n<div class=\"product-container hero-product-container product-block-no-wrap\"><\/div>\n<figure class=\"van-image-figure inline-layout \" data-bordeaux-image-check>\n<div class=\"image-full-width-wrapper\">\n<div class=\"image-widthsetter\" style=\"max-width:2000px;\"><\/div>\n<\/div>\n<\/figure>\n<p>Die Zimmer f\u00fchlen sich sofort als Produkt des organischen modernen Designs auff\u00e4llig und entspannt an. Jenna erkl\u00e4rt: &#8222;Este treibt skulpturale, Statement-Making-St\u00fccke, aber sie wollte auch einen Raum, der sich einladend, gelebt und organisch anf\u00fchlte.&#8220;<\/p>\n<div id=\"ad-unit-2\" class=\"ad-unit\"><\/div>\n<figure class=\"van-image-figure inline-layout \" data-bordeaux-image-check>\n<div class=\"image-full-width-wrapper\">\n<div class=\"image-widthsetter\" style=\"max-width:2000px;\"><\/div>\n<\/div>\n<\/figure>\n<figure class=\"van-image-figure inline-layout \" data-bordeaux-image-check>\n<div class=\"image-full-width-wrapper\">\n<div class=\"image-widthsetter\" style=\"max-width:2000px;\"><\/div>\n<\/div>\n<\/figure>\n<figure class=\"van-image-figure inline-layout \" data-bordeaux-image-check>\n<div class=\"image-full-width-wrapper\">\n<div class=\"image-widthsetter\" style=\"max-width:2000px;\"><\/div>\n<\/div>\n<\/figure>\n<p>Sie f\u00e4hrt fort: \u201eWir beugten uns in interessante Formen und weiche, taktile Materialien, um dieses Gleichgewicht zu treffen-gekr\u00fcmmte Silhouetten, reiche Textilien und mit Vintage inspirierte Elemente, die das Zuhause zeitlos und deutlich in ihren f\u00fchlen. Es ging darum, einen Raum zu schaffen, in dem sie sich nahtlos aufladen, kreieren und unterhalten konnte. &#8218;<\/p>\n<figure class=\"van-image-figure inline-layout \" data-bordeaux-image-check>\n<div class=\"image-full-width-wrapper\">\n<div class=\"image-widthsetter\" style=\"max-width:2000px;\"><\/div>\n<\/div>\n<\/figure>\n<figure class=\"van-image-figure inline-layout \" data-bordeaux-image-check>\n<div class=\"image-full-width-wrapper\">\n<div class=\"image-widthsetter\" style=\"max-width:2000px;\"><\/div>\n<\/div>\n<\/figure>\n<figure class=\"van-image-figure inline-layout \" data-bordeaux-image-check>\n<div class=\"image-full-width-wrapper\">\n<div class=\"image-widthsetter\" style=\"max-width:2000px;\"><\/div>\n<\/div>\n<\/figure>\n<p>Der Speisesaal ist einer meiner Lieblingsr\u00e4ume und integriert nat\u00fcrliche Materialien in einen Hauch von Dunkelheit. Es f\u00fchlt sich an wie die Art von Raum, in dem Sie arbeiten, essen oder nur Zeit verbringen k\u00f6nnen.<\/p>\n<div id=\"slice-container-newsletterForm-articleInbodyContent-DJkY4tG2Z8vKZScBZdxhYM\" class=\"slice-container newsletter-inbodyContent-slice newsletterForm-articleInbodyContent-DJkY4tG2Z8vKZScBZdxhYM slice-container-newsletterForm\"><\/div>\n<figure class=\"van-image-figure inline-layout \" data-bordeaux-image-check>\n<div class=\"image-full-width-wrapper\">\n<div class=\"image-widthsetter\" style=\"max-width:2000px;\"><\/div>\n<\/div>\n<\/figure>\n<hr>\n<p>Mit den richtigen Formen, Texturen und Farben kann zu Hause ein Heiligtum sein, das eine warme Reflexion von Ihnen ist.<\/p>\n<hr>\n<\/div>\n","protected":false},"excerpt":{"rendered":"<p>Manchmal f\u00fchlt sich ein Haus wie ein Spiegelbild der Menschen an, die dort leben. Dies ist sicherlich in Este Haims Haus in Los Angeles der<\/p>\n","protected":false},"author":1,"featured_media":3879,"comment_status":"closed","ping_status":"","sticky":false,"template":"","format":"standard","meta":{"footnotes":""},"categories":[118],"tags":[78,81,43,74,1413,5942,5944,5943,125,11,15,5948,1449,1021,182,165,5947,5945,5380,37,5946,636],"class_list":["post-3878","post","type-post","status-publish","format-standard","has-post-thumbnail","hentry","category-haus-garten","tag-den","tag-der","tag-ein","tag-eine","tag-erdigen","tag-este","tag-geschichteten","tag-haims","tag-haus","tag-ihrer","tag-ist","tag-kunstfeier","tag-meisterklasse","tag-neutralen","tag-raum","tag-sie","tag-spiegelbild","tag-toenen","tag-touren","tag-und","tag-wahres","tag-waermen","generate-columns","tablet-grid-50","mobile-grid-100","grid-parent","grid-50"],"yoast_head":"<!-- This site is optimized with the Yoast SEO plugin v27.3 - https:\/\/yoast.com\/product\/yoast-seo-wordpress\/ -->\n<title>Este Haims Haus in La ist eine Meisterklasse in geschichteten Neutralen und warmen, erdigen T\u00f6nen - touren Sie den Raum, der ein \u201ewahres Spiegelbild ihrer Kunstfeier\u201c ist. - Nachrichten - Stra\u00dfenweb<\/title>\n<meta name=\"robots\" content=\"index, follow, max-snippet:-1, max-image-preview:large, max-video-preview:-1\" \/>\n<link rel=\"canonical\" href=\"https:\/\/www.strassenweb.de\/nachrichten\/este-haims-haus-in-la-ist-eine-meisterklasse-in-geschichteten-neutralen-und-warmen-erdigen-toenen-touren-sie-den-raum-der-ein-wahres-spiegelbild-ihrer-kunstfeier-ist\/\" \/>\n<meta property=\"og:locale\" content=\"de_DE\" \/>\n<meta property=\"og:type\" content=\"article\" \/>\n<meta property=\"og:title\" content=\"Este Haims Haus in La ist eine Meisterklasse in geschichteten Neutralen und warmen, erdigen T\u00f6nen - touren Sie den Raum, der ein \u201ewahres Spiegelbild ihrer Kunstfeier\u201c ist. - Nachrichten - Stra\u00dfenweb\" \/>\n<meta property=\"og:description\" content=\"Manchmal f\u00fchlt sich ein Haus wie ein Spiegelbild der Menschen an, die dort leben. Dies ist sicherlich in Este Haims Haus in Los Angeles der\" \/>\n<meta property=\"og:url\" content=\"https:\/\/www.strassenweb.de\/nachrichten\/este-haims-haus-in-la-ist-eine-meisterklasse-in-geschichteten-neutralen-und-warmen-erdigen-toenen-touren-sie-den-raum-der-ein-wahres-spiegelbild-ihrer-kunstfeier-ist\/\" \/>\n<meta property=\"og:site_name\" content=\"Stra\u00dfenweb\" \/>\n<meta property=\"article:publisher\" content=\"https:\/\/www.facebook.com\/strassenweb\/\" \/>\n<meta property=\"article:published_time\" content=\"2025-03-14T14:40:02+00:00\" \/>\n<meta property=\"og:image\" content=\"https:\/\/www.strassenweb.de\/nachrichten\/wp-content\/uploads\/2025\/03\/Este-Haims-Haus-in-La-ist-eine-Meisterklasse-in-geschichteten.jpg\" \/>\n\t<meta property=\"og:image:width\" content=\"1200\" \/>\n\t<meta property=\"og:image:height\" content=\"675\" \/>\n\t<meta property=\"og:image:type\" content=\"image\/jpeg\" \/>\n<meta name=\"author\" content=\"Robert Hoffmann\" \/>\n<meta name=\"twitter:card\" content=\"summary_large_image\" \/>\n<meta name=\"twitter:label1\" content=\"Verfasst von\" \/>\n\t<meta name=\"twitter:data1\" content=\"Robert Hoffmann\" \/>\n\t<meta name=\"twitter:label2\" content=\"Gesch\u00e4tzte Lesezeit\" \/>\n\t<meta name=\"twitter:data2\" content=\"2\u00a0Minuten\" \/>\n<script type=\"application\/ld+json\" class=\"yoast-schema-graph\">{\"@context\":\"https:\\\/\\\/schema.org\",\"@graph\":[{\"@type\":\"Article\",\"@id\":\"https:\\\/\\\/www.strassenweb.de\\\/nachrichten\\\/este-haims-haus-in-la-ist-eine-meisterklasse-in-geschichteten-neutralen-und-warmen-erdigen-toenen-touren-sie-den-raum-der-ein-wahres-spiegelbild-ihrer-kunstfeier-ist\\\/#article\",\"isPartOf\":{\"@id\":\"https:\\\/\\\/www.strassenweb.de\\\/nachrichten\\\/este-haims-haus-in-la-ist-eine-meisterklasse-in-geschichteten-neutralen-und-warmen-erdigen-toenen-touren-sie-den-raum-der-ein-wahres-spiegelbild-ihrer-kunstfeier-ist\\\/\"},\"author\":{\"name\":\"Robert Hoffmann\",\"@id\":\"https:\\\/\\\/www.strassenweb.de\\\/nachrichten\\\/#\\\/schema\\\/person\\\/87c9c9067f1211da429a744dc5a5aa41\"},\"headline\":\"Este Haims Haus in La ist eine Meisterklasse in geschichteten Neutralen und warmen, erdigen T\u00f6nen &#8211; touren Sie den Raum, der ein \u201ewahres Spiegelbild ihrer Kunstfeier\u201c ist.\",\"datePublished\":\"2025-03-14T14:40:02+00:00\",\"mainEntityOfPage\":{\"@id\":\"https:\\\/\\\/www.strassenweb.de\\\/nachrichten\\\/este-haims-haus-in-la-ist-eine-meisterklasse-in-geschichteten-neutralen-und-warmen-erdigen-toenen-touren-sie-den-raum-der-ein-wahres-spiegelbild-ihrer-kunstfeier-ist\\\/\"},\"wordCount\":429,\"publisher\":{\"@id\":\"https:\\\/\\\/www.strassenweb.de\\\/nachrichten\\\/#organization\"},\"image\":{\"@id\":\"https:\\\/\\\/www.strassenweb.de\\\/nachrichten\\\/este-haims-haus-in-la-ist-eine-meisterklasse-in-geschichteten-neutralen-und-warmen-erdigen-toenen-touren-sie-den-raum-der-ein-wahres-spiegelbild-ihrer-kunstfeier-ist\\\/#primaryimage\"},\"thumbnailUrl\":\"https:\\\/\\\/www.strassenweb.de\\\/nachrichten\\\/wp-content\\\/uploads\\\/2025\\\/03\\\/Este-Haims-Haus-in-La-ist-eine-Meisterklasse-in-geschichteten.jpg\",\"keywords\":[\"den\",\"der\",\"ein\",\"eine\",\"erdigen\",\"Este\",\"geschichteten\",\"Haims\",\"Haus\",\"ihrer\",\"ist\",\"Kunstfeier\",\"Meisterklasse\",\"neutralen\",\"Raum\",\"Sie\",\"Spiegelbild\",\"T\u00f6nen\",\"Touren\",\"und\",\"wahres\",\"w\u00e4rmen\"],\"articleSection\":[\"Haus &amp; Garten\"],\"inLanguage\":\"de\"},{\"@type\":\"WebPage\",\"@id\":\"https:\\\/\\\/www.strassenweb.de\\\/nachrichten\\\/este-haims-haus-in-la-ist-eine-meisterklasse-in-geschichteten-neutralen-und-warmen-erdigen-toenen-touren-sie-den-raum-der-ein-wahres-spiegelbild-ihrer-kunstfeier-ist\\\/\",\"url\":\"https:\\\/\\\/www.strassenweb.de\\\/nachrichten\\\/este-haims-haus-in-la-ist-eine-meisterklasse-in-geschichteten-neutralen-und-warmen-erdigen-toenen-touren-sie-den-raum-der-ein-wahres-spiegelbild-ihrer-kunstfeier-ist\\\/\",\"name\":\"Este Haims Haus in La ist eine Meisterklasse in geschichteten Neutralen und warmen, erdigen T\u00f6nen - touren Sie den Raum, der ein \u201ewahres Spiegelbild ihrer Kunstfeier\u201c ist. - Nachrichten - Stra\u00dfenweb\",\"isPartOf\":{\"@id\":\"https:\\\/\\\/www.strassenweb.de\\\/nachrichten\\\/#website\"},\"primaryImageOfPage\":{\"@id\":\"https:\\\/\\\/www.strassenweb.de\\\/nachrichten\\\/este-haims-haus-in-la-ist-eine-meisterklasse-in-geschichteten-neutralen-und-warmen-erdigen-toenen-touren-sie-den-raum-der-ein-wahres-spiegelbild-ihrer-kunstfeier-ist\\\/#primaryimage\"},\"image\":{\"@id\":\"https:\\\/\\\/www.strassenweb.de\\\/nachrichten\\\/este-haims-haus-in-la-ist-eine-meisterklasse-in-geschichteten-neutralen-und-warmen-erdigen-toenen-touren-sie-den-raum-der-ein-wahres-spiegelbild-ihrer-kunstfeier-ist\\\/#primaryimage\"},\"thumbnailUrl\":\"https:\\\/\\\/www.strassenweb.de\\\/nachrichten\\\/wp-content\\\/uploads\\\/2025\\\/03\\\/Este-Haims-Haus-in-La-ist-eine-Meisterklasse-in-geschichteten.jpg\",\"datePublished\":\"2025-03-14T14:40:02+00:00\",\"breadcrumb\":{\"@id\":\"https:\\\/\\\/www.strassenweb.de\\\/nachrichten\\\/este-haims-haus-in-la-ist-eine-meisterklasse-in-geschichteten-neutralen-und-warmen-erdigen-toenen-touren-sie-den-raum-der-ein-wahres-spiegelbild-ihrer-kunstfeier-ist\\\/#breadcrumb\"},\"inLanguage\":\"de\",\"potentialAction\":[{\"@type\":\"ReadAction\",\"target\":[\"https:\\\/\\\/www.strassenweb.de\\\/nachrichten\\\/este-haims-haus-in-la-ist-eine-meisterklasse-in-geschichteten-neutralen-und-warmen-erdigen-toenen-touren-sie-den-raum-der-ein-wahres-spiegelbild-ihrer-kunstfeier-ist\\\/\"]}]},{\"@type\":\"ImageObject\",\"inLanguage\":\"de\",\"@id\":\"https:\\\/\\\/www.strassenweb.de\\\/nachrichten\\\/este-haims-haus-in-la-ist-eine-meisterklasse-in-geschichteten-neutralen-und-warmen-erdigen-toenen-touren-sie-den-raum-der-ein-wahres-spiegelbild-ihrer-kunstfeier-ist\\\/#primaryimage\",\"url\":\"https:\\\/\\\/www.strassenweb.de\\\/nachrichten\\\/wp-content\\\/uploads\\\/2025\\\/03\\\/Este-Haims-Haus-in-La-ist-eine-Meisterklasse-in-geschichteten.jpg\",\"contentUrl\":\"https:\\\/\\\/www.strassenweb.de\\\/nachrichten\\\/wp-content\\\/uploads\\\/2025\\\/03\\\/Este-Haims-Haus-in-La-ist-eine-Meisterklasse-in-geschichteten.jpg\",\"width\":1200,\"height\":675,\"caption\":\"Este Haims Haus in La ist eine Meisterklasse in geschichteten Neutralen und warmen, erdigen T\u00f6nen - touren Sie den Raum, der ein \u201ewahres Spiegelbild ihrer Kunstfeier\u201c ist.\"},{\"@type\":\"BreadcrumbList\",\"@id\":\"https:\\\/\\\/www.strassenweb.de\\\/nachrichten\\\/este-haims-haus-in-la-ist-eine-meisterklasse-in-geschichteten-neutralen-und-warmen-erdigen-toenen-touren-sie-den-raum-der-ein-wahres-spiegelbild-ihrer-kunstfeier-ist\\\/#breadcrumb\",\"itemListElement\":[{\"@type\":\"ListItem\",\"position\":1,\"name\":\"Home\",\"item\":\"https:\\\/\\\/www.strassenweb.de\\\/nachrichten\\\/\"},{\"@type\":\"ListItem\",\"position\":2,\"name\":\"Este Haims Haus in La ist eine Meisterklasse in geschichteten Neutralen und warmen, erdigen T\u00f6nen &#8211; touren Sie den Raum, der ein \u201ewahres Spiegelbild ihrer Kunstfeier\u201c ist.\"}]},{\"@type\":\"WebSite\",\"@id\":\"https:\\\/\\\/www.strassenweb.de\\\/nachrichten\\\/#website\",\"url\":\"https:\\\/\\\/www.strassenweb.de\\\/nachrichten\\\/\",\"name\":\"Stra\u00dfenweb\",\"description\":\"Stra\u00dfenverzeichnis f\u00fcr Deutschland\",\"publisher\":{\"@id\":\"https:\\\/\\\/www.strassenweb.de\\\/nachrichten\\\/#organization\"},\"potentialAction\":[{\"@type\":\"SearchAction\",\"target\":{\"@type\":\"EntryPoint\",\"urlTemplate\":\"https:\\\/\\\/www.strassenweb.de\\\/nachrichten\\\/?s={search_term_string}\"},\"query-input\":{\"@type\":\"PropertyValueSpecification\",\"valueRequired\":true,\"valueName\":\"search_term_string\"}}],\"inLanguage\":\"de\"},{\"@type\":\"Organization\",\"@id\":\"https:\\\/\\\/www.strassenweb.de\\\/nachrichten\\\/#organization\",\"name\":\"Stra\u00dfenweb\",\"url\":\"https:\\\/\\\/www.strassenweb.de\\\/nachrichten\\\/\",\"logo\":{\"@type\":\"ImageObject\",\"inLanguage\":\"de\",\"@id\":\"https:\\\/\\\/www.strassenweb.de\\\/nachrichten\\\/#\\\/schema\\\/logo\\\/image\\\/\",\"url\":\"https:\\\/\\\/www.strassenweb.de\\\/nachrichten\\\/wp-content\\\/uploads\\\/2024\\\/09\\\/cropped-favicon.png\",\"contentUrl\":\"https:\\\/\\\/www.strassenweb.de\\\/nachrichten\\\/wp-content\\\/uploads\\\/2024\\\/09\\\/cropped-favicon.png\",\"width\":512,\"height\":512,\"caption\":\"Stra\u00dfenweb\"},\"image\":{\"@id\":\"https:\\\/\\\/www.strassenweb.de\\\/nachrichten\\\/#\\\/schema\\\/logo\\\/image\\\/\"},\"sameAs\":[\"https:\\\/\\\/www.facebook.com\\\/strassenweb\\\/\"]},{\"@type\":\"Person\",\"@id\":\"https:\\\/\\\/www.strassenweb.de\\\/nachrichten\\\/#\\\/schema\\\/person\\\/87c9c9067f1211da429a744dc5a5aa41\",\"name\":\"Robert Hoffmann\",\"image\":{\"@type\":\"ImageObject\",\"inLanguage\":\"de\",\"@id\":\"https:\\\/\\\/www.strassenweb.de\\\/nachrichten\\\/wp-content\\\/uploads\\\/2024\\\/09\\\/strassenweb-150x150.jpg\",\"url\":\"https:\\\/\\\/www.strassenweb.de\\\/nachrichten\\\/wp-content\\\/uploads\\\/2024\\\/09\\\/strassenweb-150x150.jpg\",\"contentUrl\":\"https:\\\/\\\/www.strassenweb.de\\\/nachrichten\\\/wp-content\\\/uploads\\\/2024\\\/09\\\/strassenweb-150x150.jpg\",\"caption\":\"Robert Hoffmann\"},\"description\":\"Ich hei\u00dfe Robert Hoffmann und ich bin ein leidenschaftlicher Verfechter von \u00d6kologie und Biodiversit\u00e4t. Seit meiner Kindheit in den W\u00e4ldern Bayerns f\u00fchle ich mich mit der Natur verbunden und bin entschlossen, sie zu sch\u00fctzen. Heute widme ich mein Leben der Sensibilisierung anderer f\u00fcr die Bedeutung des Umweltschutzes f\u00fcr zuk\u00fcnftige Generationen.\",\"sameAs\":[\"https:\\\/\\\/www.strassenweb.de\\\/\"]}]}<\/script>\n<!-- \/ Yoast SEO plugin. -->","yoast_head_json":{"title":"Este Haims Haus in La ist eine Meisterklasse in geschichteten Neutralen und warmen, erdigen T\u00f6nen - touren Sie den Raum, der ein \u201ewahres Spiegelbild ihrer Kunstfeier\u201c ist. - Nachrichten - Stra\u00dfenweb","robots":{"index":"index","follow":"follow","max-snippet":"max-snippet:-1","max-image-preview":"max-image-preview:large","max-video-preview":"max-video-preview:-1"},"canonical":"https:\/\/www.strassenweb.de\/nachrichten\/este-haims-haus-in-la-ist-eine-meisterklasse-in-geschichteten-neutralen-und-warmen-erdigen-toenen-touren-sie-den-raum-der-ein-wahres-spiegelbild-ihrer-kunstfeier-ist\/","og_locale":"de_DE","og_type":"article","og_title":"Este Haims Haus in La ist eine Meisterklasse in geschichteten Neutralen und warmen, erdigen T\u00f6nen - touren Sie den Raum, der ein \u201ewahres Spiegelbild ihrer Kunstfeier\u201c ist. - Nachrichten - Stra\u00dfenweb","og_description":"Manchmal f\u00fchlt sich ein Haus wie ein Spiegelbild der Menschen an, die dort leben. Dies ist sicherlich in Este Haims Haus in Los Angeles der","og_url":"https:\/\/www.strassenweb.de\/nachrichten\/este-haims-haus-in-la-ist-eine-meisterklasse-in-geschichteten-neutralen-und-warmen-erdigen-toenen-touren-sie-den-raum-der-ein-wahres-spiegelbild-ihrer-kunstfeier-ist\/","og_site_name":"Stra\u00dfenweb","article_publisher":"https:\/\/www.facebook.com\/strassenweb\/","article_published_time":"2025-03-14T14:40:02+00:00","og_image":[{"width":1200,"height":675,"url":"https:\/\/www.strassenweb.de\/nachrichten\/wp-content\/uploads\/2025\/03\/Este-Haims-Haus-in-La-ist-eine-Meisterklasse-in-geschichteten.jpg","type":"image\/jpeg"}],"author":"Robert Hoffmann","twitter_card":"summary_large_image","twitter_misc":{"Verfasst von":"Robert Hoffmann","Gesch\u00e4tzte Lesezeit":"2\u00a0Minuten"},"schema":{"@context":"https:\/\/schema.org","@graph":[{"@type":"Article","@id":"https:\/\/www.strassenweb.de\/nachrichten\/este-haims-haus-in-la-ist-eine-meisterklasse-in-geschichteten-neutralen-und-warmen-erdigen-toenen-touren-sie-den-raum-der-ein-wahres-spiegelbild-ihrer-kunstfeier-ist\/#article","isPartOf":{"@id":"https:\/\/www.strassenweb.de\/nachrichten\/este-haims-haus-in-la-ist-eine-meisterklasse-in-geschichteten-neutralen-und-warmen-erdigen-toenen-touren-sie-den-raum-der-ein-wahres-spiegelbild-ihrer-kunstfeier-ist\/"},"author":{"name":"Robert Hoffmann","@id":"https:\/\/www.strassenweb.de\/nachrichten\/#\/schema\/person\/87c9c9067f1211da429a744dc5a5aa41"},"headline":"Este Haims Haus in La ist eine Meisterklasse in geschichteten Neutralen und warmen, erdigen T\u00f6nen &#8211; touren Sie den Raum, der ein \u201ewahres Spiegelbild ihrer Kunstfeier\u201c ist.","datePublished":"2025-03-14T14:40:02+00:00","mainEntityOfPage":{"@id":"https:\/\/www.strassenweb.de\/nachrichten\/este-haims-haus-in-la-ist-eine-meisterklasse-in-geschichteten-neutralen-und-warmen-erdigen-toenen-touren-sie-den-raum-der-ein-wahres-spiegelbild-ihrer-kunstfeier-ist\/"},"wordCount":429,"publisher":{"@id":"https:\/\/www.strassenweb.de\/nachrichten\/#organization"},"image":{"@id":"https:\/\/www.strassenweb.de\/nachrichten\/este-haims-haus-in-la-ist-eine-meisterklasse-in-geschichteten-neutralen-und-warmen-erdigen-toenen-touren-sie-den-raum-der-ein-wahres-spiegelbild-ihrer-kunstfeier-ist\/#primaryimage"},"thumbnailUrl":"https:\/\/www.strassenweb.de\/nachrichten\/wp-content\/uploads\/2025\/03\/Este-Haims-Haus-in-La-ist-eine-Meisterklasse-in-geschichteten.jpg","keywords":["den","der","ein","eine","erdigen","Este","geschichteten","Haims","Haus","ihrer","ist","Kunstfeier","Meisterklasse","neutralen","Raum","Sie","Spiegelbild","T\u00f6nen","Touren","und","wahres","w\u00e4rmen"],"articleSection":["Haus &amp; Garten"],"inLanguage":"de"},{"@type":"WebPage","@id":"https:\/\/www.strassenweb.de\/nachrichten\/este-haims-haus-in-la-ist-eine-meisterklasse-in-geschichteten-neutralen-und-warmen-erdigen-toenen-touren-sie-den-raum-der-ein-wahres-spiegelbild-ihrer-kunstfeier-ist\/","url":"https:\/\/www.strassenweb.de\/nachrichten\/este-haims-haus-in-la-ist-eine-meisterklasse-in-geschichteten-neutralen-und-warmen-erdigen-toenen-touren-sie-den-raum-der-ein-wahres-spiegelbild-ihrer-kunstfeier-ist\/","name":"Este Haims Haus in La ist eine Meisterklasse in geschichteten Neutralen und warmen, erdigen T\u00f6nen - touren Sie den Raum, der ein \u201ewahres Spiegelbild ihrer Kunstfeier\u201c ist. - Nachrichten - Stra\u00dfenweb","isPartOf":{"@id":"https:\/\/www.strassenweb.de\/nachrichten\/#website"},"primaryImageOfPage":{"@id":"https:\/\/www.strassenweb.de\/nachrichten\/este-haims-haus-in-la-ist-eine-meisterklasse-in-geschichteten-neutralen-und-warmen-erdigen-toenen-touren-sie-den-raum-der-ein-wahres-spiegelbild-ihrer-kunstfeier-ist\/#primaryimage"},"image":{"@id":"https:\/\/www.strassenweb.de\/nachrichten\/este-haims-haus-in-la-ist-eine-meisterklasse-in-geschichteten-neutralen-und-warmen-erdigen-toenen-touren-sie-den-raum-der-ein-wahres-spiegelbild-ihrer-kunstfeier-ist\/#primaryimage"},"thumbnailUrl":"https:\/\/www.strassenweb.de\/nachrichten\/wp-content\/uploads\/2025\/03\/Este-Haims-Haus-in-La-ist-eine-Meisterklasse-in-geschichteten.jpg","datePublished":"2025-03-14T14:40:02+00:00","breadcrumb":{"@id":"https:\/\/www.strassenweb.de\/nachrichten\/este-haims-haus-in-la-ist-eine-meisterklasse-in-geschichteten-neutralen-und-warmen-erdigen-toenen-touren-sie-den-raum-der-ein-wahres-spiegelbild-ihrer-kunstfeier-ist\/#breadcrumb"},"inLanguage":"de","potentialAction":[{"@type":"ReadAction","target":["https:\/\/www.strassenweb.de\/nachrichten\/este-haims-haus-in-la-ist-eine-meisterklasse-in-geschichteten-neutralen-und-warmen-erdigen-toenen-touren-sie-den-raum-der-ein-wahres-spiegelbild-ihrer-kunstfeier-ist\/"]}]},{"@type":"ImageObject","inLanguage":"de","@id":"https:\/\/www.strassenweb.de\/nachrichten\/este-haims-haus-in-la-ist-eine-meisterklasse-in-geschichteten-neutralen-und-warmen-erdigen-toenen-touren-sie-den-raum-der-ein-wahres-spiegelbild-ihrer-kunstfeier-ist\/#primaryimage","url":"https:\/\/www.strassenweb.de\/nachrichten\/wp-content\/uploads\/2025\/03\/Este-Haims-Haus-in-La-ist-eine-Meisterklasse-in-geschichteten.jpg","contentUrl":"https:\/\/www.strassenweb.de\/nachrichten\/wp-content\/uploads\/2025\/03\/Este-Haims-Haus-in-La-ist-eine-Meisterklasse-in-geschichteten.jpg","width":1200,"height":675,"caption":"Este Haims Haus in La ist eine Meisterklasse in geschichteten Neutralen und warmen, erdigen T\u00f6nen - touren Sie den Raum, der ein \u201ewahres Spiegelbild ihrer Kunstfeier\u201c ist."},{"@type":"BreadcrumbList","@id":"https:\/\/www.strassenweb.de\/nachrichten\/este-haims-haus-in-la-ist-eine-meisterklasse-in-geschichteten-neutralen-und-warmen-erdigen-toenen-touren-sie-den-raum-der-ein-wahres-spiegelbild-ihrer-kunstfeier-ist\/#breadcrumb","itemListElement":[{"@type":"ListItem","position":1,"name":"Home","item":"https:\/\/www.strassenweb.de\/nachrichten\/"},{"@type":"ListItem","position":2,"name":"Este Haims Haus in La ist eine Meisterklasse in geschichteten Neutralen und warmen, erdigen T\u00f6nen &#8211; touren Sie den Raum, der ein \u201ewahres Spiegelbild ihrer Kunstfeier\u201c ist."}]},{"@type":"WebSite","@id":"https:\/\/www.strassenweb.de\/nachrichten\/#website","url":"https:\/\/www.strassenweb.de\/nachrichten\/","name":"Stra\u00dfenweb","description":"Stra\u00dfenverzeichnis f\u00fcr Deutschland","publisher":{"@id":"https:\/\/www.strassenweb.de\/nachrichten\/#organization"},"potentialAction":[{"@type":"SearchAction","target":{"@type":"EntryPoint","urlTemplate":"https:\/\/www.strassenweb.de\/nachrichten\/?s={search_term_string}"},"query-input":{"@type":"PropertyValueSpecification","valueRequired":true,"valueName":"search_term_string"}}],"inLanguage":"de"},{"@type":"Organization","@id":"https:\/\/www.strassenweb.de\/nachrichten\/#organization","name":"Stra\u00dfenweb","url":"https:\/\/www.strassenweb.de\/nachrichten\/","logo":{"@type":"ImageObject","inLanguage":"de","@id":"https:\/\/www.strassenweb.de\/nachrichten\/#\/schema\/logo\/image\/","url":"https:\/\/www.strassenweb.de\/nachrichten\/wp-content\/uploads\/2024\/09\/cropped-favicon.png","contentUrl":"https:\/\/www.strassenweb.de\/nachrichten\/wp-content\/uploads\/2024\/09\/cropped-favicon.png","width":512,"height":512,"caption":"Stra\u00dfenweb"},"image":{"@id":"https:\/\/www.strassenweb.de\/nachrichten\/#\/schema\/logo\/image\/"},"sameAs":["https:\/\/www.facebook.com\/strassenweb\/"]},{"@type":"Person","@id":"https:\/\/www.strassenweb.de\/nachrichten\/#\/schema\/person\/87c9c9067f1211da429a744dc5a5aa41","name":"Robert Hoffmann","image":{"@type":"ImageObject","inLanguage":"de","@id":"https:\/\/www.strassenweb.de\/nachrichten\/wp-content\/uploads\/2024\/09\/strassenweb-150x150.jpg","url":"https:\/\/www.strassenweb.de\/nachrichten\/wp-content\/uploads\/2024\/09\/strassenweb-150x150.jpg","contentUrl":"https:\/\/www.strassenweb.de\/nachrichten\/wp-content\/uploads\/2024\/09\/strassenweb-150x150.jpg","caption":"Robert Hoffmann"},"description":"Ich hei\u00dfe Robert Hoffmann und ich bin ein leidenschaftlicher Verfechter von \u00d6kologie und Biodiversit\u00e4t. Seit meiner Kindheit in den W\u00e4ldern Bayerns f\u00fchle ich mich mit der Natur verbunden und bin entschlossen, sie zu sch\u00fctzen. Heute widme ich mein Leben der Sensibilisierung anderer f\u00fcr die Bedeutung des Umweltschutzes f\u00fcr zuk\u00fcnftige Generationen.","sameAs":["https:\/\/www.strassenweb.de\/"]}]}},"_links":{"self":[{"href":"https:\/\/www.strassenweb.de\/nachrichten\/wp-json\/wp\/v2\/posts\/3878","targetHints":{"allow":["GET"]}}],"collection":[{"href":"https:\/\/www.strassenweb.de\/nachrichten\/wp-json\/wp\/v2\/posts"}],"about":[{"href":"https:\/\/www.strassenweb.de\/nachrichten\/wp-json\/wp\/v2\/types\/post"}],"author":[{"embeddable":true,"href":"https:\/\/www.strassenweb.de\/nachrichten\/wp-json\/wp\/v2\/users\/1"}],"replies":[{"embeddable":true,"href":"https:\/\/www.strassenweb.de\/nachrichten\/wp-json\/wp\/v2\/comments?post=3878"}],"version-history":[{"count":0,"href":"https:\/\/www.strassenweb.de\/nachrichten\/wp-json\/wp\/v2\/posts\/3878\/revisions"}],"wp:featuredmedia":[{"embeddable":true,"href":"https:\/\/www.strassenweb.de\/nachrichten\/wp-json\/wp\/v2\/media\/3879"}],"wp:attachment":[{"href":"https:\/\/www.strassenweb.de\/nachrichten\/wp-json\/wp\/v2\/media?parent=3878"}],"wp:term":[{"taxonomy":"category","embeddable":true,"href":"https:\/\/www.strassenweb.de\/nachrichten\/wp-json\/wp\/v2\/categories?post=3878"},{"taxonomy":"post_tag","embeddable":true,"href":"https:\/\/www.strassenweb.de\/nachrichten\/wp-json\/wp\/v2\/tags?post=3878"}],"curies":[{"name":"wp","href":"https:\/\/api.w.org\/{rel}","templated":true}]}}