{"id":387,"date":"2024-09-28T16:40:09","date_gmt":"2024-09-28T14:40:09","guid":{"rendered":"https:\/\/www.strassenweb.de\/nachrichten\/ist-mein-haus-fuer-sonnenkollektoren-geeignet\/"},"modified":"2024-09-28T16:40:09","modified_gmt":"2024-09-28T14:40:09","slug":"ist-mein-haus-fuer-sonnenkollektoren-geeignet","status":"publish","type":"post","link":"https:\/\/www.strassenweb.de\/nachrichten\/ist-mein-haus-fuer-sonnenkollektoren-geeignet\/","title":{"rendered":"Ist mein Haus f\u00fcr Sonnenkollektoren geeignet?"},"content":{"rendered":"<div style=\"\" data-v-74ea4584=\"\"><!--(--><!--)--><\/div>\n<div style=\"\" data-v-74ea4584=\"\"><!--(--><\/p>\n<div class=\"wordpress-paragraph\" style=\"--25ab227a:left;\" data-v-c0f9f52b=\"\">\n<p>Bevor Sie mit der Installation einer Solaranlage beginnen, m\u00fcssen Sie zun\u00e4chst pr\u00fcfen, ob die Bedingungen auf Ihrem Dach einige notwendige Anforderungen erf\u00fcllen. Um gen\u00fcgend Strom f\u00fcr den Hausgebrauch zu erzeugen oder ihn \u00fcber Systeme wie die Smart Export Guarantee (SEG) weiterzuverkaufen, ben\u00f6tigen Sie mehrere Panels. Daher m\u00f6chten Sie sicherstellen, dass Ihr Dach robust und ger\u00e4umig genug f\u00fcr die Installation ist und ihnen langfristig standh\u00e4lt. <\/p>\n<\/div>\n<div class=\"wordpress-paragraph\" style=\"--25ab227a:left;\" data-v-c0f9f52b=\"\">\n<p>Aber das ist noch nicht alles, es werden auch noch mehrere andere Faktoren eine Rolle spielen. Aus diesem Grund haben wir diesen Leitfaden zusammengestellt, der die wichtigsten Punkte beschreibt, damit Sie wissen, dass Ihr Zuhause f\u00fcr den Solarbetrieb bereit ist.<\/p>\n<\/div>\n<div class=\"wordpress-paragraph\" style=\"--25ab227a:left;\" data-v-c0f9f52b=\"\">\n<p>Die Vorteile der Umstellung auf Solarenergie sind unbestreitbar, von der Reduzierung Ihres CO2-Fu\u00dfabdrucks bis hin zur Einsparung von Geld bei Ihren Stromrechnungen. Wenn Sie die Installation von Solarmodulen in Betracht ziehen, ist es wichtig sicherzustellen, dass Ihr Zuhause daf\u00fcr geeignet ist und welche Module am besten geeignet sind. <\/p>\n<\/div>\n<div class=\"wordpress-paragraph\" style=\"--25ab227a:left;\" data-v-c0f9f52b=\"\">\n<p>Unser Leitfaden hilft Ihnen herauszufinden, ob Ihr Dach die notwendigen Anforderungen f\u00fcr eine erfolgreiche Solarmodulinstallation erf\u00fcllt. Wenn Sie bereit sind, fordern Sie bis zu drei Angebote f\u00fcr Solarmodule an, um sie zu vergleichen und das beste Angebot auszuw\u00e4hlen. Alles beginnt damit, dass Sie auf die Schaltfl\u00e4che unten klicken und ein 30-sek\u00fcndiges Solarformular ausf\u00fcllen.<\/p>\n<\/div>\n<div class=\"cta-block\" style=\"background-image:linear-gradient(to right, #deeefa, #deeefa);--1554cd56:#000;--4f2215c8:#c3e0f3;--147220ca:rgb(68 68 68);--7b28d34a:rgb(255, 111, 0);--09347c9a:#ffffff;--3bc782e2:rgb(148, 148, 148);--67e53659:#deeefa;--e9b1b55c:#deeefa;--5c587492:#3daee2;--454f35ba:#535456;--20c6ad50:#000;--10fda644:#c3e0f3;--e8a5e7c6:rgb(68 68 68);--143b308c:rgb(255, 111, 0);--33169ddc:#ffffff;--947f57de:rgb(148, 148, 148);--388c8c7a:#5f6265;--224b6ae2:#fff;--90c71118:rgb(var(--base-400));--4c846620:rgb(var(--base-200));--70bbd5b2:rgb(var(--base-200));\" data-v-94877ae5=\"\"><\/div>\n<\/p>\n<h2 class=\"wp-block-heading\" id=\"is-my-roof-suitable-for-solar-panels\">Ist mein Dach f\u00fcr Solarmodule geeignet?<\/h2>\n<div class=\"wordpress-paragraph\" style=\"--25ab227a:left;\" data-v-c0f9f52b=\"\">\n<p>Die Position der Sonnenkollektoren im Verh\u00e4ltnis zur Sonne, einschlie\u00dflich <strong>den Winkel und die Richtung, in die sie blicken<\/strong>muss sorgf\u00e4ltig bedacht werden, um sicherzustellen, dass sie den ganzen Tag \u00fcber so lange wie m\u00f6glich direkter Sonneneinstrahlung ausgesetzt sind. <\/p>\n<\/div>\n<div class=\"wordpress-image\">\n<figure class=\"wp-block-image aligncenter\"><\/figure>\n<\/div>\n<div class=\"wordpress-paragraph\" style=\"--25ab227a:left;\" data-v-c0f9f52b=\"\">\n<p>Ihr Dach erf\u00fcllt diese spezifischen Anforderungen m\u00f6glicherweise nicht. Am wichtigsten ist jedoch, dass Ihre neuen Solarmodule genug Strom erzeugen k\u00f6nnen, um Ihr Haus oder einen gr\u00f6\u00dferen Teil davon mit Strom zu versorgen. Es ist auch sehr gut m\u00f6glich, Flachdach-Solarmodule zu installieren und eine sehr hohe Rendite zu erzielen. Eine nicht optimale Dachneigung ist also nicht sch\u00e4dlich.<\/p>\n<\/div>\n<div class=\"wordpress-paragraph\" style=\"--25ab227a:left;\" data-v-c0f9f52b=\"\">\n<p>Die Verbesserung Ihrer Dachbedingungen ist der Schl\u00fcssel zur Sicherstellung einer schnellen Kapitalrendite. Solarpanel-Installateure k\u00f6nnen Sie auf der Grundlage ihrer professionellen Einsch\u00e4tzung \u00fcber M\u00f6glichkeiten beraten, dies zu erreichen. <\/p>\n<\/div>\n<div class=\"wordpress-paragraph\" style=\"--25ab227a:left;\" data-v-c0f9f52b=\"\">\n<p>Ma\u00dfgeschneiderte Beratung durch lokale Installateure ist von entscheidender Bedeutung, da Ihr Standort zu den Einsparungen beitr\u00e4gt, die Ihr System Ihnen bringen kann. In Schottland und Nordengland ist dies beispielsweise der Fall <strong>weniger Tageslicht in den Wintermonaten<\/strong> Daher sollten Sie sicherstellen, dass Ihr neues System das verf\u00fcgbare Sonnenlicht optimal nutzen kann, indem Sie Ihr Dach entsprechend konditionieren. <\/p>\n<\/div>\n<p><!--)--><\/div>\n<div style=\"\" data-v-74ea4584=\"\"><!--(--><\/p>\n<h3 class=\"wp-block-heading\">Woher wei\u00df ich, ob mein Dach stark genug f\u00fcr Sonnenkollektoren ist?<\/h3>\n<div class=\"wordpress-paragraph\" style=\"--25ab227a:left;\" data-v-c0f9f52b=\"\">\n<p>Eventuelle strukturelle Sch\u00e4den an Ihrem Dach m\u00fcssen vor der Installation eines neuen Solarpanelsystems behoben werden, um eine reibungslose Installation zu gew\u00e4hrleisten und das neue System \u00fcber l\u00e4ngere Zeit hinweg zu unterst\u00fctzen. Das Gewicht von Solarmodulen sollte sich nicht negativ auf ein gut gepflegtes Dach auswirken. Tats\u00e4chlich k\u00f6nnten die Paneele es tats\u00e4chlich sch\u00fctzen, indem sie Schutz vor nat\u00fcrlicher Abnutzung, beispielsweise durch raue Wetterbedingungen, bieten. <\/p>\n<\/div>\n<div class=\"wordpress-paragraph\" style=\"--25ab227a:left;\" data-v-c0f9f52b=\"\">\n<p>Obwohl die meisten D\u00e4cher bis zu 40 Jahre halten, ist das Dach umso weniger f\u00fcr die Installation von Solarmodulen geeignet, je \u00e4lter es ist. Dies liegt daran, dass es sich mit der Zeit nat\u00fcrlich verschlechtert und m\u00f6glicherweise zu schwach ist, um eine Reihe von Solarmodulen zu tragen. Dar\u00fcber hinaus h\u00e4ngt das Gewicht der Solarmodule davon ab, wie viele Solarmodule Sie ben\u00f6tigen und von der Marke des Herstellers.<\/p>\n<\/div>\n<div class=\"wordpress-paragraph\" style=\"--25ab227a:left;\" data-v-c0f9f52b=\"\">\n<p>Daher ist es wichtig, abzusch\u00e4tzen, wie viel Ihr Dach aushalten kann. Wie bisher kann ein professioneller Installateur den Zustand Ihres Daches \u00fcberpr\u00fcfen und empfehlen, ob zun\u00e4chst Austausch, Anpassungen und Reparaturen durchgef\u00fchrt werden k\u00f6nnen.<\/p>\n<\/div>\n<h2 class=\"wp-block-heading\" id=\"whats-the-best-roof-material-for-solar-panels\">Was ist das beste Dachmaterial f\u00fcr Solarmodule?<\/h2>\n<div class=\"wordpress-paragraph\" style=\"--25ab227a:left;\" data-v-c0f9f52b=\"\">\n<p><strong>Die g\u00e4ngigsten Dachmaterialien halten einer Solaranlage stand<\/strong>. Diese Materialien haben jedoch jeweils unterschiedliche Auswirkungen auf die Installationskosten. D\u00e4cher aus Holz eignen sich nicht f\u00fcr Solarpaneele und Installateure werden aufgrund der erh\u00f6hten Gefahr eines Elektrobrands wahrscheinlich davon abraten. <\/p>\n<\/div>\n<div class=\"wordpress-image\">\n<figure class=\"wp-block-image aligncenter\"><img decoding=\"async\" src=\"https:\/\/www.strassenweb.de\/nachrichten\/wp-content\/uploads\/2024\/09\/1727534409_503_Ist-mein-Haus-fuer-Sonnenkollektoren-geeignet.png\" alt=\"Ist mein Dach f\u00fcr Solarmodule geeignet?\" class=\"wp-image-62673\"><\/figure>\n<\/div>\n<h3 class=\"wp-block-heading\">Asphaltschindeln <\/h3>\n<div class=\"wordpress-paragraph\" style=\"--25ab227a:left;\" data-v-c0f9f52b=\"\">\n<p>Dies ist eine der h\u00e4ufigsten Arten von Dachmaterialien im Vereinigten K\u00f6nigreich. Dieses robuste Verbundmaterial ist auch <strong>die beste Option f\u00fcr die Installation von Solarmodulen<\/strong>. Solarmodule k\u00f6nnen einfach befestigt werden, indem L\u00f6cher durch die Schindeln in die Dachfundamente gebohrt werden, um Halterungen anzubringen, auf denen die Solarmodule befestigt werden. Metallbleche decken au\u00dferdem die Stelle rund um die Bohrl\u00f6cher ab, um Leckagen durch das Dach zu verhindern. <\/p>\n<\/div>\n<h3 class=\"wp-block-heading\">Metall<\/h3>\n<div class=\"wordpress-paragraph\" style=\"--25ab227a:left;\" data-v-c0f9f52b=\"\">\n<p>Metalld\u00e4cher sind au\u00dferdem sehr gut mit Solarmodulen kompatibel und erm\u00f6glichen eine einfache und schnelle Installation. Dieses langlebige, recycelte Material erm\u00f6glicht es, die Halterungen direkt an N\u00e4hten zu befestigen, ohne sie durchbohren zu m\u00fcssen, wodurch sie auslaufsicher sind.<\/p>\n<\/div>\n<div class=\"wordpress-paragraph\" style=\"--25ab227a:left;\" data-v-c0f9f52b=\"\">\n<p>F\u00fcr den zus\u00e4tzlichen Vorteil sorgen vor allem Stehfalze, die \u00fcber den Rand der fl\u00e4chigen Metallpaneele hinausragen <strong>Dadurch k\u00f6nnen die Paneele gekippt werden<\/strong> Dadurch sind sie das ganze Jahr \u00fcber st\u00e4rker der Sonne ausgesetzt.<\/p>\n<\/div>\n<h3 class=\"wp-block-heading\">Fliesen <\/h3>\n<div class=\"wordpress-paragraph\" style=\"--25ab227a:left;\" data-v-c0f9f52b=\"\">\n<p>Dies sind auch im gesamten Vereinigten K\u00f6nigreich g\u00e4ngige Dachmaterialien, die typischerweise aus Ton oder Beton hergestellt werden. Sie halten l\u00e4nger als Verbundschindeln und sind widerstandsf\u00e4higer gegen Undichtigkeiten, da sie auf dem Dach befestigt werden. Aufgrund der Komplexit\u00e4t und des damit verbundenen Risikos k\u00f6nnte die Installation einer Solaranlage auf dieser Anlage jedoch kostspieliger sein. <\/p>\n<\/div>\n<div class=\"wordpress-paragraph\" style=\"--25ab227a:left;\" data-v-c0f9f52b=\"\">\n<p>Das liegt daran, dass diese Fliesen in der Regel spr\u00f6der sind, insbesondere solche aus Ton. Daher ist es nicht so einfach, sie durchzubohren, sondern die Installateure m\u00fcssen die Ziegel entfernen und die Halterungen an den Sparren im Dach befestigen. Anschlie\u00dfend werden die Fliesen zur\u00fcckgelegt und die Schienen k\u00f6nnen mit den Halterungen verbunden werden. <\/p>\n<\/div>\n<h3 class=\"wp-block-heading\">Teer und Kies<\/h3>\n<div class=\"wordpress-paragraph\" style=\"--25ab227a:left;\" data-v-c0f9f52b=\"\">\n<p>Dieses Material kommt am h\u00e4ufigsten bei Flachd\u00e4chern vor. Dies ist weiterhin f\u00fcr Solarmodule geeignet, da diese D\u00e4cher aus Schichten aus hei\u00dfem Teer oder Kies mit Schichten aus Asphalt oder Dachpappe bestehen. Dies bietet eine stabile Grundlage f\u00fcr Solarmodule.<\/p>\n<\/div>\n<div class=\"wordpress-paragraph\" style=\"--25ab227a:left;\" data-v-c0f9f52b=\"\">\n<p>Alternativ k\u00f6nnen die Paneele an Schlackenbl\u00f6cken befestigt werden, die auf der ebenen Fl\u00e4che liegen. Das System erfordert jedoch noch zus\u00e4tzliche Halterungen, damit es einem Winkel von 30\u201340 Grad gerecht wird, was die Gesamtkosten erh\u00f6ht. <\/p>\n<\/div>\n<h2 class=\"wp-block-heading\" id=\"best-direction-for-solar-panels-in-the-UK\">Beste Ausrichtung f\u00fcr Solarmodule in Gro\u00dfbritannien<\/h2>\n<div class=\"wordpress-paragraph\" style=\"--25ab227a:left;\" data-v-c0f9f52b=\"\">\n<p>Die Ausrichtung Ihrer Solarmodule hat direkten Einfluss darauf, wie viel Strom sie erzeugen k\u00f6nnen. Obwohl nach S\u00fcden ausgerichtete Sonnenkollektoren bei 30\u201340 Grad in Gro\u00dfbritannien optimal sind, um das ganze Jahr \u00fcber die meiste Energie zu gewinnen, deckt Ihr System m\u00f6glicherweise trotzdem Ihren Strombedarf, wenn es in eine andere Richtung ausgerichtet ist.<\/p>\n<\/div>\n<div class=\"wordpress-paragraph\" style=\"--25ab227a:left;\" data-v-c0f9f52b=\"\">\n<p>Der Winkel Ihrer Panels ist wichtig, da sie f\u00fcr einen m\u00f6glichst effizienten Betrieb m\u00f6glichst senkrecht zum Licht stehen m\u00fcssen. Hier kommen Montagesysteme ins Spiel, um die Paneele so zu neigen, dass sie dem Licht begegnen. Andernfalls muss bei besonders steilen D\u00e4chern die Paneele m\u00f6glichst flach zum Dach platziert werden. <\/p>\n<\/div>\n<div class=\"wordpress-paragraph\" style=\"--25ab227a:left;\" data-v-c0f9f52b=\"\">\n<p>Um Ihre Solarkapazit\u00e4t noch weiter zu maximieren, k\u00f6nnen Sie den Winkel der Module je nach Jahreszeit anpassen. Dies ist notwendig, da die Sonne in den Wintermonaten tiefer steht und die Paneele daher in einem steileren Winkel (ca. 60 Grad) als in den Sommermonaten positioniert werden m\u00fcssten, um ihr direkt zugewandt zu sein. Dies ist m\u00f6glicherweise nicht erforderlich, wenn Ihr System gen\u00fcgend Energie produziert, insbesondere wenn durch die Winkelverstellung Schatten auf den Paneelen entstehen. <\/p>\n<\/div>\n<h3 class=\"wp-block-heading\">Nach S\u00fcden ausgerichtete Solarmodule in Gro\u00dfbritannien<\/h3>\n<div class=\"wordpress-paragraph\" style=\"--25ab227a:left;\" data-v-c0f9f52b=\"\">\n<p>Wenn Ihr Dach nach S\u00fcden ausgerichtet ist, ist dies der Fall <strong>ger\u00fcstet f\u00fcr maximale Solarstromausbeute,<\/strong> Dies gibt Ihnen die M\u00f6glichkeit, Ihr Zuhause zu elektrifizieren und ein Einkommen zu generieren.<\/p>\n<\/div>\n<div class=\"wordpress-paragraph\" style=\"--25ab227a:left;\" data-v-c0f9f52b=\"\">\n<p>Mit einem nach S\u00fcden ausgerichteten Dach k\u00f6nnen Sie Ihre Solaranlage optimal nutzen, da die Module den ganzen Tag \u00fcber mit Licht in Ber\u00fchrung kommen. Daher k\u00f6nnen sie mehr Energie umwandeln als andere Richtungen. Mit dieser optimalen Stromerzeugung k\u00f6nnte Ihr System je nach Gr\u00f6\u00dfe des Systems j\u00e4hrliche Einsparungen von bis zu 915 \u00a3 bringen. Mehr dazu finden Sie in unserem Artikel \u201eLohnt sich eine Solaranlage?\u201c F\u00fchrung.<\/p>\n<\/div>\n<div class=\"wordpress-paragraph\" style=\"--25ab227a:left;\" data-v-c0f9f52b=\"\">\n<p>Neben dem Verkauf des \u00fcbersch\u00fcssigen Stroms an das \u00f6rtliche Stromnetz k\u00f6nnten Sie die Kosten Ihrer Solaranlage-Investition nach 15 Jahren amortisieren. Installateure beraten Sie \u00fcber das spezifische Potenzial Ihres Hauses. GreenMatch kann Ihnen dabei helfen, indem es Sie mit bis zu drei lokalen Installateuren verbindet, die Ihnen Angebote basierend auf der Gr\u00f6\u00dfe Ihrer Solaranlage unterbreiten k\u00f6nnen. <\/p>\n<\/div>\n<div class=\"cta-block\" style=\"background-image:linear-gradient(to right, #deeefa, #deeefa);--1554cd56:#000;--4f2215c8:#c3e0f3;--147220ca:rgb(68 68 68);--7b28d34a:rgb(255, 111, 0);--09347c9a:#ffffff;--3bc782e2:rgb(148, 148, 148);--67e53659:#deeefa;--e9b1b55c:#deeefa;--5c587492:#3daee2;--454f35ba:#535456;--20c6ad50:#000;--10fda644:#c3e0f3;--e8a5e7c6:rgb(68 68 68);--143b308c:rgb(255, 111, 0);--33169ddc:#ffffff;--947f57de:rgb(148, 148, 148);--388c8c7a:#5f6265;--224b6ae2:#fff;--90c71118:rgb(var(--base-400));--4c846620:rgb(var(--base-200));--70bbd5b2:rgb(var(--base-200));\" data-v-94877ae5=\"\"><\/div>\n<\/p>\n<h3 class=\"wp-block-heading\">Nach Osten oder Westen ausgerichtete Solarmodule in Gro\u00dfbritannien<\/h3>\n<div class=\"wordpress-paragraph\" style=\"--25ab227a:left;\" data-v-c0f9f52b=\"\">\n<p>Da die Sonne von Ost nach West auf- und untergeht, k\u00f6nnen solche Solarmodule je nach Verbrauch immer noch ausreichend Strom erzeugen. <\/p>\n<\/div>\n<div class=\"wordpress-paragraph\" style=\"--25ab227a:left;\" data-v-c0f9f52b=\"\">\n<p>Allerdings erzeugen nach Osten und Westen ausgerichtete Systeme bis zu 20 % weniger Strom als nach S\u00fcden ausgerichtete Systeme und bis zu 10 %, wenn es sich um ein nach S\u00fcdosten oder S\u00fcdwesten ausgerichtetes System handelt. Dies ist fast die volle Kapazit\u00e4t und wird m\u00f6glicherweise noch einen betr\u00e4chtlichen Teil Ihres Bedarfs decken. <\/p>\n<\/div>\n<div class=\"wordpress-paragraph\" style=\"--25ab227a:left;\" data-v-c0f9f52b=\"\">\n<p>Ein Installateur empfiehlt m\u00f6glicherweise einen Solarbatteriespeicher, um Ihr System zu sichern und den erzeugten Strom zum optimalen Zeitpunkt f\u00fcr die sp\u00e4tere Nutzung zu speichern. Abh\u00e4ngig vom Platz auf Ihrem Dach m\u00f6chten Sie m\u00f6glicherweise auch zus\u00e4tzliche Paneele in Betracht ziehen, um die Stromerzeugung Ihres Systems zu erh\u00f6hen. <\/p>\n<\/div>\n<h3 class=\"wp-block-heading\">Nach Norden ausgerichtete Solarmodule in Gro\u00dfbritannien <\/h3>\n<div class=\"wordpress-paragraph\" style=\"--25ab227a:left;\" data-v-c0f9f52b=\"\">\n<p>Im Vereinigten K\u00f6nigreich sind D\u00e4cher nach Norden ausgerichtet <strong>die schlechteste Option f\u00fcr die Ausrichtung von Solarmodulen<\/strong> da sie von der Sonne abgewandt sind. Mit Ihrem Solarpanel-System w\u00fcrden Sie immer noch Geld sparen, aber deutlich weniger als mit alternativen Richtungen.<\/p>\n<\/div>\n<div class=\"wordpress-paragraph\" style=\"--25ab227a:left;\" data-v-c0f9f52b=\"\">\n<p>Auch nach Norden ausgerichtete Paneele k\u00f6nnten den Installationsprozess erschweren und verl\u00e4ngern, da die Montage der Paneele an der Dachschr\u00e4ge zus\u00e4tzlichen Arbeitsaufwand erfordern w\u00fcrde, damit sie etwas mehr Licht einfangen k\u00f6nnen. In diesem Fall k\u00f6nnten Sie stattdessen \u00fcber ein Freilandsystem nachdenken. <\/p>\n<\/div>\n<h2 class=\"wp-block-heading\" id=\"solar-panels-on-shaded-roof\">Sonnenkollektoren auf schattigem Dach<\/h2>\n<div class=\"wordpress-paragraph\" style=\"--25ab227a:left;\" data-v-c0f9f52b=\"\">\n<p>Es ist wichtig, dass Ihr System den ganzen Tag \u00fcber unbeschattet bleibt. Daher beeintr\u00e4chtigen verschattete D\u00e4cher oder der Schattenwurf von B\u00e4umen oder benachbarten Geb\u00e4uden die Gesamttauglichkeit Ihres Hauses.<\/p>\n<\/div>\n<div class=\"wordpress-paragraph\" style=\"--25ab227a:left;\" data-v-c0f9f52b=\"\">\n<p>Ihr System wird auch bei diffusem oder ein- und ausgeschaltetem Schatten weiterhin funktionieren, jedoch nicht mit voller Kapazit\u00e4t, und die langfristige Effizienz des Solarmoduls wird dadurch beeintr\u00e4chtigt. Dar\u00fcber hinaus a<strong>Die Ausgabe des gesamten Systems wird durch eine einzelne schattierte Zelle beeinflusst.<\/strong> <\/p>\n<\/div>\n<div class=\"wordpress-paragraph\" style=\"--25ab227a:left;\" data-v-c0f9f52b=\"\">\n<p>Aber Sie sollten die Hoffnung noch nicht verlieren. Sie k\u00f6nnen DC-Optimierer (Gleichstrom) einbauen, die den Energiefluss durch die \u00fcbrigen Module ausgleichen, indem sie die beeintr\u00e4chtigten Module im Wesentlichen umgehen. Allerdings k\u00f6nnten die Kosten und die Leistung der Optimierer selbst deren Vorteile \u00fcberwiegen. Sie sollten einen Installateur konsultieren, um sicherzugehen, dass sie f\u00fcr Ihr System von Nutzen sind. <\/p>\n<\/div>\n<div class=\"wordpress-paragraph\" style=\"--25ab227a:left;\" data-v-c0f9f52b=\"\">\n<p>Sie k\u00f6nnen sich auch daf\u00fcr entscheiden, Einzelzellen-Mikrowechselrichter anzuschlie\u00dfen, die den Energiestrom einer einzelnen Zelle umwandeln, anstatt wie bei typischen String-Wechselrichtern alle zusammen. Daher arbeitet jedes Panel unabh\u00e4ngig und die Panels, die nicht durch Schatten beeintr\u00e4chtigt werden, arbeiten mit voller Kapazit\u00e4t. <\/p>\n<\/div>\n<div class=\"wordpress-paragraph\" style=\"--25ab227a:left;\" data-v-c0f9f52b=\"\">\n<p>Wie in diesem Leitfaden bereits erw\u00e4hnt, l\u00e4sst sich die Solarkapazit\u00e4t Ihres Hauses am besten absch\u00e4tzen, indem Sie sich an lokale Installateure wenden, die professionelle Einsch\u00e4tzungen vornehmen k\u00f6nnen. Ein Fachmann k\u00f6nnte Sie beispielsweise beraten, wenn Sie sich f\u00fcr die Installation von Solarmodulen in einem Naturschutzgebiet entscheiden.<\/p>\n<\/div>\n<div class=\"wordpress-paragraph\" style=\"--25ab227a:left;\" data-v-c0f9f52b=\"\">\n<p>Sie m\u00f6chten jedoch nicht auf wettbewerbsf\u00e4hige Preise verzichten. Vergleichen Sie daher unbedingt die Tarife mehrerer lokaler Installateure. <\/p>\n<\/div>\n<div class=\"cta-block\" style=\"background-image:linear-gradient(to right, #deeefa, #deeefa);--1554cd56:#000;--4f2215c8:#c3e0f3;--147220ca:rgb(68 68 68);--7b28d34a:rgb(255, 111, 0);--09347c9a:#ffffff;--3bc782e2:rgb(148, 148, 148);--67e53659:#deeefa;--e9b1b55c:#deeefa;--5c587492:#3daee2;--454f35ba:#535456;--20c6ad50:#000;--10fda644:#c3e0f3;--e8a5e7c6:rgb(68 68 68);--143b308c:rgb(255, 111, 0);--33169ddc:#ffffff;--947f57de:rgb(148, 148, 148);--388c8c7a:#5f6265;--224b6ae2:#fff;--90c71118:rgb(var(--base-400));--4c846620:rgb(var(--base-200));--70bbd5b2:rgb(var(--base-200));\" data-v-94877ae5=\"\"><\/div>\n<p><!--(--><!--(--><!--)--><!--)--><!--)--><\/div>\n","protected":false},"excerpt":{"rendered":"<p>Bevor Sie mit der Installation einer Solaranlage beginnen, m\u00fcssen Sie zun\u00e4chst pr\u00fcfen, ob die Bedingungen auf Ihrem Dach einige notwendige Anforderungen erf\u00fcllen. Um gen\u00fcgend Strom<\/p>\n","protected":false},"author":1,"featured_media":388,"comment_status":"closed","ping_status":"","sticky":false,"template":"","format":"standard","meta":{"footnotes":""},"categories":[87],"tags":[55,780,125,15,778,779],"class_list":["post-387","post","type-post","status-publish","format-standard","has-post-thumbnail","hentry","category-energie","tag-fuer","tag-geeignet","tag-haus","tag-ist","tag-mein","tag-sonnenkollektoren","generate-columns","tablet-grid-50","mobile-grid-100","grid-parent","grid-50"],"yoast_head":"<!-- This site is optimized with the Yoast SEO plugin v27.3 - https:\/\/yoast.com\/product\/yoast-seo-wordpress\/ -->\n<title>Ist mein Haus f\u00fcr Sonnenkollektoren geeignet? - Nachrichten - Stra\u00dfenweb<\/title>\n<meta name=\"robots\" content=\"index, follow, max-snippet:-1, max-image-preview:large, max-video-preview:-1\" \/>\n<link rel=\"canonical\" href=\"https:\/\/www.strassenweb.de\/nachrichten\/ist-mein-haus-fuer-sonnenkollektoren-geeignet\/\" \/>\n<meta property=\"og:locale\" content=\"de_DE\" \/>\n<meta property=\"og:type\" content=\"article\" \/>\n<meta property=\"og:title\" content=\"Ist mein Haus f\u00fcr Sonnenkollektoren geeignet? - Nachrichten - Stra\u00dfenweb\" \/>\n<meta property=\"og:description\" content=\"Bevor Sie mit der Installation einer Solaranlage beginnen, m\u00fcssen Sie zun\u00e4chst pr\u00fcfen, ob die Bedingungen auf Ihrem Dach einige notwendige Anforderungen erf\u00fcllen. Um gen\u00fcgend Strom\" \/>\n<meta property=\"og:url\" content=\"https:\/\/www.strassenweb.de\/nachrichten\/ist-mein-haus-fuer-sonnenkollektoren-geeignet\/\" \/>\n<meta property=\"og:site_name\" content=\"Stra\u00dfenweb\" \/>\n<meta property=\"article:publisher\" content=\"https:\/\/www.facebook.com\/strassenweb\/\" \/>\n<meta property=\"article:published_time\" content=\"2024-09-28T14:40:09+00:00\" \/>\n<meta property=\"og:image\" content=\"https:\/\/www.strassenweb.de\/nachrichten\/wp-content\/uploads\/2024\/09\/Ist-mein-Haus-fuer-Sonnenkollektoren-geeignet.jpeg\" \/>\n\t<meta property=\"og:image:width\" content=\"500\" \/>\n\t<meta property=\"og:image:height\" content=\"334\" \/>\n\t<meta property=\"og:image:type\" content=\"image\/jpeg\" \/>\n<meta name=\"author\" content=\"Robert Hoffmann\" \/>\n<meta name=\"twitter:card\" content=\"summary_large_image\" \/>\n<meta name=\"twitter:label1\" content=\"Verfasst von\" \/>\n\t<meta name=\"twitter:data1\" content=\"Robert Hoffmann\" \/>\n\t<meta name=\"twitter:label2\" content=\"Gesch\u00e4tzte Lesezeit\" \/>\n\t<meta name=\"twitter:data2\" content=\"9\u00a0Minuten\" \/>\n<script type=\"application\/ld+json\" class=\"yoast-schema-graph\">{\"@context\":\"https:\\\/\\\/schema.org\",\"@graph\":[{\"@type\":\"Article\",\"@id\":\"https:\\\/\\\/www.strassenweb.de\\\/nachrichten\\\/ist-mein-haus-fuer-sonnenkollektoren-geeignet\\\/#article\",\"isPartOf\":{\"@id\":\"https:\\\/\\\/www.strassenweb.de\\\/nachrichten\\\/ist-mein-haus-fuer-sonnenkollektoren-geeignet\\\/\"},\"author\":{\"name\":\"Robert Hoffmann\",\"@id\":\"https:\\\/\\\/www.strassenweb.de\\\/nachrichten\\\/#\\\/schema\\\/person\\\/87c9c9067f1211da429a744dc5a5aa41\"},\"headline\":\"Ist mein Haus f\u00fcr Sonnenkollektoren geeignet?\",\"datePublished\":\"2024-09-28T14:40:09+00:00\",\"mainEntityOfPage\":{\"@id\":\"https:\\\/\\\/www.strassenweb.de\\\/nachrichten\\\/ist-mein-haus-fuer-sonnenkollektoren-geeignet\\\/\"},\"wordCount\":1896,\"publisher\":{\"@id\":\"https:\\\/\\\/www.strassenweb.de\\\/nachrichten\\\/#organization\"},\"image\":{\"@id\":\"https:\\\/\\\/www.strassenweb.de\\\/nachrichten\\\/ist-mein-haus-fuer-sonnenkollektoren-geeignet\\\/#primaryimage\"},\"thumbnailUrl\":\"https:\\\/\\\/www.strassenweb.de\\\/nachrichten\\\/wp-content\\\/uploads\\\/2024\\\/09\\\/Ist-mein-Haus-fuer-Sonnenkollektoren-geeignet.jpeg\",\"keywords\":[\"f\u00fcr\",\"geeignet\",\"Haus\",\"ist\",\"mein\",\"Sonnenkollektoren\"],\"articleSection\":[\"Energie\"],\"inLanguage\":\"de\"},{\"@type\":\"WebPage\",\"@id\":\"https:\\\/\\\/www.strassenweb.de\\\/nachrichten\\\/ist-mein-haus-fuer-sonnenkollektoren-geeignet\\\/\",\"url\":\"https:\\\/\\\/www.strassenweb.de\\\/nachrichten\\\/ist-mein-haus-fuer-sonnenkollektoren-geeignet\\\/\",\"name\":\"Ist mein Haus f\u00fcr Sonnenkollektoren geeignet? - Nachrichten - Stra\u00dfenweb\",\"isPartOf\":{\"@id\":\"https:\\\/\\\/www.strassenweb.de\\\/nachrichten\\\/#website\"},\"primaryImageOfPage\":{\"@id\":\"https:\\\/\\\/www.strassenweb.de\\\/nachrichten\\\/ist-mein-haus-fuer-sonnenkollektoren-geeignet\\\/#primaryimage\"},\"image\":{\"@id\":\"https:\\\/\\\/www.strassenweb.de\\\/nachrichten\\\/ist-mein-haus-fuer-sonnenkollektoren-geeignet\\\/#primaryimage\"},\"thumbnailUrl\":\"https:\\\/\\\/www.strassenweb.de\\\/nachrichten\\\/wp-content\\\/uploads\\\/2024\\\/09\\\/Ist-mein-Haus-fuer-Sonnenkollektoren-geeignet.jpeg\",\"datePublished\":\"2024-09-28T14:40:09+00:00\",\"breadcrumb\":{\"@id\":\"https:\\\/\\\/www.strassenweb.de\\\/nachrichten\\\/ist-mein-haus-fuer-sonnenkollektoren-geeignet\\\/#breadcrumb\"},\"inLanguage\":\"de\",\"potentialAction\":[{\"@type\":\"ReadAction\",\"target\":[\"https:\\\/\\\/www.strassenweb.de\\\/nachrichten\\\/ist-mein-haus-fuer-sonnenkollektoren-geeignet\\\/\"]}]},{\"@type\":\"ImageObject\",\"inLanguage\":\"de\",\"@id\":\"https:\\\/\\\/www.strassenweb.de\\\/nachrichten\\\/ist-mein-haus-fuer-sonnenkollektoren-geeignet\\\/#primaryimage\",\"url\":\"https:\\\/\\\/www.strassenweb.de\\\/nachrichten\\\/wp-content\\\/uploads\\\/2024\\\/09\\\/Ist-mein-Haus-fuer-Sonnenkollektoren-geeignet.jpeg\",\"contentUrl\":\"https:\\\/\\\/www.strassenweb.de\\\/nachrichten\\\/wp-content\\\/uploads\\\/2024\\\/09\\\/Ist-mein-Haus-fuer-Sonnenkollektoren-geeignet.jpeg\",\"width\":500,\"height\":334,\"caption\":\"Ist mein Haus f\u00fcr Sonnenkollektoren geeignet?\"},{\"@type\":\"BreadcrumbList\",\"@id\":\"https:\\\/\\\/www.strassenweb.de\\\/nachrichten\\\/ist-mein-haus-fuer-sonnenkollektoren-geeignet\\\/#breadcrumb\",\"itemListElement\":[{\"@type\":\"ListItem\",\"position\":1,\"name\":\"Home\",\"item\":\"https:\\\/\\\/www.strassenweb.de\\\/nachrichten\\\/\"},{\"@type\":\"ListItem\",\"position\":2,\"name\":\"Ist mein Haus f\u00fcr Sonnenkollektoren geeignet?\"}]},{\"@type\":\"WebSite\",\"@id\":\"https:\\\/\\\/www.strassenweb.de\\\/nachrichten\\\/#website\",\"url\":\"https:\\\/\\\/www.strassenweb.de\\\/nachrichten\\\/\",\"name\":\"Stra\u00dfenweb\",\"description\":\"Stra\u00dfenverzeichnis f\u00fcr Deutschland\",\"publisher\":{\"@id\":\"https:\\\/\\\/www.strassenweb.de\\\/nachrichten\\\/#organization\"},\"potentialAction\":[{\"@type\":\"SearchAction\",\"target\":{\"@type\":\"EntryPoint\",\"urlTemplate\":\"https:\\\/\\\/www.strassenweb.de\\\/nachrichten\\\/?s={search_term_string}\"},\"query-input\":{\"@type\":\"PropertyValueSpecification\",\"valueRequired\":true,\"valueName\":\"search_term_string\"}}],\"inLanguage\":\"de\"},{\"@type\":\"Organization\",\"@id\":\"https:\\\/\\\/www.strassenweb.de\\\/nachrichten\\\/#organization\",\"name\":\"Stra\u00dfenweb\",\"url\":\"https:\\\/\\\/www.strassenweb.de\\\/nachrichten\\\/\",\"logo\":{\"@type\":\"ImageObject\",\"inLanguage\":\"de\",\"@id\":\"https:\\\/\\\/www.strassenweb.de\\\/nachrichten\\\/#\\\/schema\\\/logo\\\/image\\\/\",\"url\":\"https:\\\/\\\/www.strassenweb.de\\\/nachrichten\\\/wp-content\\\/uploads\\\/2024\\\/09\\\/cropped-favicon.png\",\"contentUrl\":\"https:\\\/\\\/www.strassenweb.de\\\/nachrichten\\\/wp-content\\\/uploads\\\/2024\\\/09\\\/cropped-favicon.png\",\"width\":512,\"height\":512,\"caption\":\"Stra\u00dfenweb\"},\"image\":{\"@id\":\"https:\\\/\\\/www.strassenweb.de\\\/nachrichten\\\/#\\\/schema\\\/logo\\\/image\\\/\"},\"sameAs\":[\"https:\\\/\\\/www.facebook.com\\\/strassenweb\\\/\"]},{\"@type\":\"Person\",\"@id\":\"https:\\\/\\\/www.strassenweb.de\\\/nachrichten\\\/#\\\/schema\\\/person\\\/87c9c9067f1211da429a744dc5a5aa41\",\"name\":\"Robert Hoffmann\",\"image\":{\"@type\":\"ImageObject\",\"inLanguage\":\"de\",\"@id\":\"https:\\\/\\\/www.strassenweb.de\\\/nachrichten\\\/wp-content\\\/uploads\\\/2024\\\/09\\\/strassenweb-150x150.jpg\",\"url\":\"https:\\\/\\\/www.strassenweb.de\\\/nachrichten\\\/wp-content\\\/uploads\\\/2024\\\/09\\\/strassenweb-150x150.jpg\",\"contentUrl\":\"https:\\\/\\\/www.strassenweb.de\\\/nachrichten\\\/wp-content\\\/uploads\\\/2024\\\/09\\\/strassenweb-150x150.jpg\",\"caption\":\"Robert Hoffmann\"},\"description\":\"Ich hei\u00dfe Robert Hoffmann und ich bin ein leidenschaftlicher Verfechter von \u00d6kologie und Biodiversit\u00e4t. Seit meiner Kindheit in den W\u00e4ldern Bayerns f\u00fchle ich mich mit der Natur verbunden und bin entschlossen, sie zu sch\u00fctzen. Heute widme ich mein Leben der Sensibilisierung anderer f\u00fcr die Bedeutung des Umweltschutzes f\u00fcr zuk\u00fcnftige Generationen.\",\"sameAs\":[\"https:\\\/\\\/www.strassenweb.de\\\/\"]}]}<\/script>\n<!-- \/ Yoast SEO plugin. -->","yoast_head_json":{"title":"Ist mein Haus f\u00fcr Sonnenkollektoren geeignet? - Nachrichten - Stra\u00dfenweb","robots":{"index":"index","follow":"follow","max-snippet":"max-snippet:-1","max-image-preview":"max-image-preview:large","max-video-preview":"max-video-preview:-1"},"canonical":"https:\/\/www.strassenweb.de\/nachrichten\/ist-mein-haus-fuer-sonnenkollektoren-geeignet\/","og_locale":"de_DE","og_type":"article","og_title":"Ist mein Haus f\u00fcr Sonnenkollektoren geeignet? - Nachrichten - Stra\u00dfenweb","og_description":"Bevor Sie mit der Installation einer Solaranlage beginnen, m\u00fcssen Sie zun\u00e4chst pr\u00fcfen, ob die Bedingungen auf Ihrem Dach einige notwendige Anforderungen erf\u00fcllen. Um gen\u00fcgend Strom","og_url":"https:\/\/www.strassenweb.de\/nachrichten\/ist-mein-haus-fuer-sonnenkollektoren-geeignet\/","og_site_name":"Stra\u00dfenweb","article_publisher":"https:\/\/www.facebook.com\/strassenweb\/","article_published_time":"2024-09-28T14:40:09+00:00","og_image":[{"width":500,"height":334,"url":"https:\/\/www.strassenweb.de\/nachrichten\/wp-content\/uploads\/2024\/09\/Ist-mein-Haus-fuer-Sonnenkollektoren-geeignet.jpeg","type":"image\/jpeg"}],"author":"Robert Hoffmann","twitter_card":"summary_large_image","twitter_misc":{"Verfasst von":"Robert Hoffmann","Gesch\u00e4tzte Lesezeit":"9\u00a0Minuten"},"schema":{"@context":"https:\/\/schema.org","@graph":[{"@type":"Article","@id":"https:\/\/www.strassenweb.de\/nachrichten\/ist-mein-haus-fuer-sonnenkollektoren-geeignet\/#article","isPartOf":{"@id":"https:\/\/www.strassenweb.de\/nachrichten\/ist-mein-haus-fuer-sonnenkollektoren-geeignet\/"},"author":{"name":"Robert Hoffmann","@id":"https:\/\/www.strassenweb.de\/nachrichten\/#\/schema\/person\/87c9c9067f1211da429a744dc5a5aa41"},"headline":"Ist mein Haus f\u00fcr Sonnenkollektoren geeignet?","datePublished":"2024-09-28T14:40:09+00:00","mainEntityOfPage":{"@id":"https:\/\/www.strassenweb.de\/nachrichten\/ist-mein-haus-fuer-sonnenkollektoren-geeignet\/"},"wordCount":1896,"publisher":{"@id":"https:\/\/www.strassenweb.de\/nachrichten\/#organization"},"image":{"@id":"https:\/\/www.strassenweb.de\/nachrichten\/ist-mein-haus-fuer-sonnenkollektoren-geeignet\/#primaryimage"},"thumbnailUrl":"https:\/\/www.strassenweb.de\/nachrichten\/wp-content\/uploads\/2024\/09\/Ist-mein-Haus-fuer-Sonnenkollektoren-geeignet.jpeg","keywords":["f\u00fcr","geeignet","Haus","ist","mein","Sonnenkollektoren"],"articleSection":["Energie"],"inLanguage":"de"},{"@type":"WebPage","@id":"https:\/\/www.strassenweb.de\/nachrichten\/ist-mein-haus-fuer-sonnenkollektoren-geeignet\/","url":"https:\/\/www.strassenweb.de\/nachrichten\/ist-mein-haus-fuer-sonnenkollektoren-geeignet\/","name":"Ist mein Haus f\u00fcr Sonnenkollektoren geeignet? - Nachrichten - Stra\u00dfenweb","isPartOf":{"@id":"https:\/\/www.strassenweb.de\/nachrichten\/#website"},"primaryImageOfPage":{"@id":"https:\/\/www.strassenweb.de\/nachrichten\/ist-mein-haus-fuer-sonnenkollektoren-geeignet\/#primaryimage"},"image":{"@id":"https:\/\/www.strassenweb.de\/nachrichten\/ist-mein-haus-fuer-sonnenkollektoren-geeignet\/#primaryimage"},"thumbnailUrl":"https:\/\/www.strassenweb.de\/nachrichten\/wp-content\/uploads\/2024\/09\/Ist-mein-Haus-fuer-Sonnenkollektoren-geeignet.jpeg","datePublished":"2024-09-28T14:40:09+00:00","breadcrumb":{"@id":"https:\/\/www.strassenweb.de\/nachrichten\/ist-mein-haus-fuer-sonnenkollektoren-geeignet\/#breadcrumb"},"inLanguage":"de","potentialAction":[{"@type":"ReadAction","target":["https:\/\/www.strassenweb.de\/nachrichten\/ist-mein-haus-fuer-sonnenkollektoren-geeignet\/"]}]},{"@type":"ImageObject","inLanguage":"de","@id":"https:\/\/www.strassenweb.de\/nachrichten\/ist-mein-haus-fuer-sonnenkollektoren-geeignet\/#primaryimage","url":"https:\/\/www.strassenweb.de\/nachrichten\/wp-content\/uploads\/2024\/09\/Ist-mein-Haus-fuer-Sonnenkollektoren-geeignet.jpeg","contentUrl":"https:\/\/www.strassenweb.de\/nachrichten\/wp-content\/uploads\/2024\/09\/Ist-mein-Haus-fuer-Sonnenkollektoren-geeignet.jpeg","width":500,"height":334,"caption":"Ist mein Haus f\u00fcr Sonnenkollektoren geeignet?"},{"@type":"BreadcrumbList","@id":"https:\/\/www.strassenweb.de\/nachrichten\/ist-mein-haus-fuer-sonnenkollektoren-geeignet\/#breadcrumb","itemListElement":[{"@type":"ListItem","position":1,"name":"Home","item":"https:\/\/www.strassenweb.de\/nachrichten\/"},{"@type":"ListItem","position":2,"name":"Ist mein Haus f\u00fcr Sonnenkollektoren geeignet?"}]},{"@type":"WebSite","@id":"https:\/\/www.strassenweb.de\/nachrichten\/#website","url":"https:\/\/www.strassenweb.de\/nachrichten\/","name":"Stra\u00dfenweb","description":"Stra\u00dfenverzeichnis f\u00fcr Deutschland","publisher":{"@id":"https:\/\/www.strassenweb.de\/nachrichten\/#organization"},"potentialAction":[{"@type":"SearchAction","target":{"@type":"EntryPoint","urlTemplate":"https:\/\/www.strassenweb.de\/nachrichten\/?s={search_term_string}"},"query-input":{"@type":"PropertyValueSpecification","valueRequired":true,"valueName":"search_term_string"}}],"inLanguage":"de"},{"@type":"Organization","@id":"https:\/\/www.strassenweb.de\/nachrichten\/#organization","name":"Stra\u00dfenweb","url":"https:\/\/www.strassenweb.de\/nachrichten\/","logo":{"@type":"ImageObject","inLanguage":"de","@id":"https:\/\/www.strassenweb.de\/nachrichten\/#\/schema\/logo\/image\/","url":"https:\/\/www.strassenweb.de\/nachrichten\/wp-content\/uploads\/2024\/09\/cropped-favicon.png","contentUrl":"https:\/\/www.strassenweb.de\/nachrichten\/wp-content\/uploads\/2024\/09\/cropped-favicon.png","width":512,"height":512,"caption":"Stra\u00dfenweb"},"image":{"@id":"https:\/\/www.strassenweb.de\/nachrichten\/#\/schema\/logo\/image\/"},"sameAs":["https:\/\/www.facebook.com\/strassenweb\/"]},{"@type":"Person","@id":"https:\/\/www.strassenweb.de\/nachrichten\/#\/schema\/person\/87c9c9067f1211da429a744dc5a5aa41","name":"Robert Hoffmann","image":{"@type":"ImageObject","inLanguage":"de","@id":"https:\/\/www.strassenweb.de\/nachrichten\/wp-content\/uploads\/2024\/09\/strassenweb-150x150.jpg","url":"https:\/\/www.strassenweb.de\/nachrichten\/wp-content\/uploads\/2024\/09\/strassenweb-150x150.jpg","contentUrl":"https:\/\/www.strassenweb.de\/nachrichten\/wp-content\/uploads\/2024\/09\/strassenweb-150x150.jpg","caption":"Robert Hoffmann"},"description":"Ich hei\u00dfe Robert Hoffmann und ich bin ein leidenschaftlicher Verfechter von \u00d6kologie und Biodiversit\u00e4t. Seit meiner Kindheit in den W\u00e4ldern Bayerns f\u00fchle ich mich mit der Natur verbunden und bin entschlossen, sie zu sch\u00fctzen. Heute widme ich mein Leben der Sensibilisierung anderer f\u00fcr die Bedeutung des Umweltschutzes f\u00fcr zuk\u00fcnftige Generationen.","sameAs":["https:\/\/www.strassenweb.de\/"]}]}},"_links":{"self":[{"href":"https:\/\/www.strassenweb.de\/nachrichten\/wp-json\/wp\/v2\/posts\/387","targetHints":{"allow":["GET"]}}],"collection":[{"href":"https:\/\/www.strassenweb.de\/nachrichten\/wp-json\/wp\/v2\/posts"}],"about":[{"href":"https:\/\/www.strassenweb.de\/nachrichten\/wp-json\/wp\/v2\/types\/post"}],"author":[{"embeddable":true,"href":"https:\/\/www.strassenweb.de\/nachrichten\/wp-json\/wp\/v2\/users\/1"}],"replies":[{"embeddable":true,"href":"https:\/\/www.strassenweb.de\/nachrichten\/wp-json\/wp\/v2\/comments?post=387"}],"version-history":[{"count":0,"href":"https:\/\/www.strassenweb.de\/nachrichten\/wp-json\/wp\/v2\/posts\/387\/revisions"}],"wp:featuredmedia":[{"embeddable":true,"href":"https:\/\/www.strassenweb.de\/nachrichten\/wp-json\/wp\/v2\/media\/388"}],"wp:attachment":[{"href":"https:\/\/www.strassenweb.de\/nachrichten\/wp-json\/wp\/v2\/media?parent=387"}],"wp:term":[{"taxonomy":"category","embeddable":true,"href":"https:\/\/www.strassenweb.de\/nachrichten\/wp-json\/wp\/v2\/categories?post=387"},{"taxonomy":"post_tag","embeddable":true,"href":"https:\/\/www.strassenweb.de\/nachrichten\/wp-json\/wp\/v2\/tags?post=387"}],"curies":[{"name":"wp","href":"https:\/\/api.w.org\/{rel}","templated":true}]}}