{"id":381,"date":"2024-09-28T15:11:37","date_gmt":"2024-09-28T13:11:37","guid":{"rendered":"https:\/\/www.strassenweb.de\/nachrichten\/wintergartentrends-5-moeglichkeiten-ihren-garten-fuer-die-kaelteste-jahreszeit-fit-zu-machen\/"},"modified":"2024-09-28T15:11:38","modified_gmt":"2024-09-28T13:11:38","slug":"wintergartentrends-5-moeglichkeiten-ihren-garten-fuer-die-kaelteste-jahreszeit-fit-zu-machen","status":"publish","type":"post","link":"https:\/\/www.strassenweb.de\/nachrichten\/wintergartentrends-5-moeglichkeiten-ihren-garten-fuer-die-kaelteste-jahreszeit-fit-zu-machen\/","title":{"rendered":"Wintergartentrends \u2013 5 M\u00f6glichkeiten, Ihren Garten f\u00fcr die k\u00e4lteste Jahreszeit fit zu machen"},"content":{"rendered":"<p><\/p>\n<div id=\"article-body\" class=\"article__body \">\n<p>Die Ruhezeit im Garten kann auf ihre Art wirklich sch\u00f6n sein. W\u00e4hrend bei den Pflanzen nicht viel aktives Wachstum stattfindet, k\u00f6nnen frostbedeckte kahle St\u00e4ngel und das Auftauchen winterlicher Wildtiere dennoch f\u00fcr Aufregung in Ihrem Garten sorgen.<\/p>\n<div id=\"ad-unit-1\" class=\"ad-unit\"><\/div>\n<p>Vielleicht haben Sie Ihren Wintergarten bereits geplant, als Sie dar\u00fcber nachgedacht haben, was auf Ihrer Wintergarten-Checkliste ansteht, aber angesichts der \u00fcberw\u00e4ltigenden Zahl an M\u00f6glichkeiten, die Sie in dieser Zeit erreichen k\u00f6nnen, vergessen Sie nicht, auch an einige \u00e4sthetischere Aspekte zu denken .<\/p>\n<p>Von Containerg\u00e4rten bis hin zu skulpturalen Elementen haben Gartendesign-Experten ihre besten Wintergartentrends f\u00fcr die Saison 2024\/25 geteilt und wir haben sie hier zusammengestellt, damit Sie sie erkunden k\u00f6nnen.<\/p>\n<div id=\"desktop-in-article\" class=\"in-article ad-unit\">\n<div id=\"desktop-taboola-mid-article\"><\/div>\n<\/div>\n<div id=\"mobile-in-article\" class=\"in-article ad-unit\">\n<div id=\"mobile-taboola-mid-article\"><\/div>\n<\/div>\n<figure class=\"van-image-figure inline-layout \" data-bordeaux-image-check>\n<div class=\"image-full-width-wrapper\">\n<div class=\"image-widthsetter\" style=\"max-width:2400px;\"><\/div>\n<\/div>\n<\/figure>\n<h3 class=\"article-body__section\" id=\"section-5-winter-garden-trends-for-the-2024-25-season\"><span>5 Wintergarten-Trends f\u00fcr die Saison 2024\/25<\/span><\/h3>\n<aside class=\"hawk-nest\" data-render-type=\"fte\" data-skip=\"dealsy\" data-widget-type=\"seasonal\">\n<div class=\"hawk-master-widget-hawk-base-wrapper\"><\/div>\n<\/aside>\n<p>Bei der Gestaltung Ihrer winterlichen Au\u00dfenlandschaft ist es wichtig, dass Sie Ihre Pflanzen auch bei raueren Wetterbedingungen nicht aus den Augen verlieren. Achten Sie darauf, Fehler im Wintergarten zu vermeiden, ganz gleich, welchen der folgenden Trends Sie dieses Jahr verfolgen.<\/p>\n<div class=\"van_vid_carousel\">\n<div class=\"van_vid_carousel__padding\">\n<div class=\"van_vid_carousel__container\"><\/div>\n<\/div>\n<\/div>\n<h2 id=\"1-infuse-some-scent-into-your-yard-3\">1. Bringen Sie etwas Duft in Ihren Garten<\/h2>\n<figure class=\"van-image-figure inline-layout \" data-bordeaux-image-check>\n<div class=\"image-full-width-wrapper\">\n<div class=\"image-widthsetter\" style=\"max-width:2400px;\"><\/div>\n<\/div>\n<\/figure>\n<p>Wenn Sie einen duftenden Garten lieben, werden Sie froh sein zu erfahren, dass es im Winter viele bl\u00fchende Str\u00e4ucher gibt, die einzigartige und g\u00f6ttliche D\u00fcfte f\u00fcr die k\u00e4lteste Jahreszeit bieten.<\/p>\n<div id=\"ad-unit-2\" class=\"ad-unit\"><\/div>\n<p>Die Einbeziehung von Winterblumen als Duftspender ist eine gro\u00dfartige M\u00f6glichkeit, Ihren Garten aufzuwerten, wo es sonst an den \u00fcppigen Bl\u00fcten des Fr\u00fchlings und Sommers mangelt. Wenn Sie duftende Winterblumen in der N\u00e4he Ihres Hauses platzieren, k\u00f6nnen Sie Ihren Wintergarten sogar genie\u00dfen, indem Sie einfach das Fenster \u00f6ffnen.<\/p>\n<p>&#8218;Wintergei\u00dfblatt (<em>Lonicera fragrantissima<\/em>\u201e) ist eines der besten Gei\u00dfbl\u00e4tter und eine meiner ersten Wahlen f\u00fcr den Winter\u201c, sagt er <u>Mary Jane Duford<\/u> von zu Hause f\u00fcr die Ernte. \u201eEs ist ein \u00fcberraschend robuster Bl\u00fctenstrauch, der in Zentral- und S\u00fcdchina beheimatet ist.\u201c \u201eDie Bl\u00fcten haben einen zitronenartigen Duft und bl\u00fchen im Sp\u00e4twinter\u201c, f\u00fcgt sie hinzu.<\/p>\n<p>Diese oben fotografierten Winterbl\u00fcher sind in den US-Winterh\u00e4rtezonen 4 bis 8 winterhart. Sie sind bei einer Reihe von Lieferanten erh\u00e4ltlich, darunter auch bei dieser lebenden Wintergei\u00dfblattpflanze von Amazon.<\/p>\n<p>\u201eDie sich ausbreitende Angewohnheit bedeutet, dass sie mechanisch entfernt werden muss, wenn sie au\u00dfer Kontrolle ger\u00e4t\u201c, bemerkt Mary. \u201eWo Wintergei\u00dfblatt invasiv ist, ist die einheimische Pflanze Carolina Jessamine (<em>Gelsemium sempervirens<\/em>) ist eine h\u00e4ufig empfohlene Alternative\u201c, f\u00fcgt sie hinzu.<\/p>\n<h2 id=\"2-incorporate-colorful-stems-in-your-winter-landscape-3\">2. Integrieren Sie bunte St\u00e4ngel in Ihre Winterlandschaft<\/h2>\n<figure class=\"van-image-figure inline-layout \" data-bordeaux-image-check>\n<div class=\"image-full-width-wrapper\">\n<div class=\"image-widthsetter\" style=\"max-width:2000px;\"><\/div>\n<\/div>\n<\/figure>\n<p>Ihr Wintergarten muss nicht trostlos sein, denn es gibt viele Pflanzen mit attraktiver Winterrinde, die Ihren Raum mit lebendigen Farbt\u00f6nen erhellen k\u00f6nnen.<\/p>\n<p>Hartriegel oder Cornus f\u00e4llt mir vielleicht als erstes ein, mit seinen ikonischen roten und orangefarbenen Stielen. Es gibt eine gro\u00dfe Auswahl an einheimischen Hartriegelb\u00e4umen, von denen viele auch im Fr\u00fchling eine wundersch\u00f6ne Bl\u00fcte bieten.<\/p>\n<p>\u201eIch liebe es, den \u201aIvory Halo\u2018-Hartriegel zu verwenden, weil die Zweige nach dem Laubfall ein tiefes, wundersch\u00f6nes Rot annehmen, wenn das Wetter k\u00e4lter wird\u201c, sagt der Gartendesigner <u>Laura Janney<\/u>. \u201eAu\u00dferdem beginnt der Stamm des Maisrindenahorns oder \u201aSenkaki\u2018 in einem roten Farbton zu leuchten, sobald die Bl\u00e4tter fertig sind zu fallen\u201c, f\u00fcgt sie hinzu.<\/p>\n<p>Sie k\u00f6nnen bunte St\u00e4ngel auf vielf\u00e4ltige Weise verwenden, beispielsweise indem Sie sie zu Skulpturen zusammenflechten. Oder Sie k\u00f6nnen sie in Ihren Rabatten platzieren, damit sie durchscheinen, nachdem alles andere abgestorben ist.<\/p>\n<p>Finden Sie den Hartriegel \u201eIvy Halo\u201c bei Nature Hills.<\/p>\n<h2 id=\"3-embrace-the-beauty-of-seedheads-3\">3. Genie\u00dfen Sie die Sch\u00f6nheit der Samenk\u00f6pfe<\/h2>\n<figure class=\"van-image-figure inline-layout \" data-bordeaux-image-check>\n<div class=\"image-full-width-wrapper\">\n<div class=\"image-widthsetter\" style=\"max-width:2000px;\"><\/div>\n<\/div>\n<\/figure>\n<p>Pflanzen f\u00fcr Samenk\u00f6pfe erfreuen sich schon seit einiger Zeit gro\u00dfer Beliebtheit. Sie dienen so vielen Zwecken, sei es zum Sammeln von Samen oder als Nahrungsquelle f\u00fcr Wildtiere im Winter.<\/p>\n<p>\u201eAnstatt Ihre Stauden am Ende der Saison zur\u00fcckzuschneiden, sollten Sie mit der Reinigung Ihres Gartens bis zum Fr\u00fchjahr warten\u201c, sagt Laura. \u201eViele verbl\u00fchte Stauden wie Sonnenhut, Rudbeckia und Astern sind im Winter, wenn andere Nahrungsquellen knapp sind, bei V\u00f6geln beliebt\u201c, erkl\u00e4rt sie.<\/p>\n<p>Wenn der Frost kommt, wird die \u00c4sthetik der Samenk\u00f6pfe noch verst\u00e4rkt. \u201eBesonders die verbl\u00fchten Bl\u00fcten des Sonnenhuts sorgen im Winter f\u00fcr eine interessante Textur, wobei der Frost ihre einzigartige Form definiert\u201c, sagt Laura.<\/p>\n<p>Dies ist eine gro\u00dfartige M\u00f6glichkeit, V\u00f6geln im Winter zu helfen und V\u00f6gel im Winter zu f\u00fcttern. Wenn Sie dies m\u00f6chten, schneiden Sie die Stauden erst im zeitigen Fr\u00fchjahr zur\u00fcck, bevor Ihre Pflanzen wieder aktiv wachsen.<\/p>\n<h2 id=\"4-add-sculptural-interest-with-topiary-3\">4. F\u00fcgen Sie skulpturales Interesse mit Formschnitt hinzu<\/h2>\n<figure class=\"van-image-figure inline-layout \" data-bordeaux-image-check>\n<div class=\"image-full-width-wrapper\">\n<div class=\"image-widthsetter\" style=\"max-width:2000px;\"><\/div>\n<\/div>\n<\/figure>\n<p>Formschnitt ist ein weiteres seit langem beliebtes Element im Wintergarten und wird verwendet, um der Landschaft skulpturales Interesse zu verleihen. Es wird erwartet, dass es auch in diesem Winter einer der wichtigsten Trends sein wird, da der Honest Communications Home and Garden Trends Report 2025 feststellt, dass die \u00dcbernahme von Formschnitten gefeiert wird. Das Sch\u00f6ne an Formschnitten ist, dass Sie sie ganz individuell an Ihre \u00c4sthetik anpassen k\u00f6nnen.<\/p>\n<p>Am besten schneiden Sie Formschnitte vor dem Winter, um sicherzustellen, dass die Gesundheit Ihrer Pflanzen nicht beeintr\u00e4chtigt wird. Eventuell m\u00fcssen Sie ihn zu Beginn des Herbstes zur\u00fcckschneiden, um ihn aufzur\u00e4umen, aber Sie sollten darauf abzielen, Ihren Formschnitt im Sommer in Form zu bringen.<\/p>\n<p>Es gibt auch eine gro\u00dfe Auswahl an Pflanzen f\u00fcr Formschnitte. \u201ePflanzen, die sich gut f\u00fcr ganzj\u00e4hrige Formschnitte eignen, sind im Allgemeinen immergr\u00fcne Pflanzen mit dichtem Laub\u201c, sagt Mary Jan Duford. \u201eImmergr\u00fcne Str\u00e4ucher wie Buchsbaum, Eibe und Stechpalme sind klassische Optionen, um der Landschaft etwas Struktur zu verleihen\u201c, f\u00fcgt sie hinzu.<\/p>\n<p>Die Verwendung von immergr\u00fcnen Pflanzen f\u00fcr Formschnitte bedeutet auch, dass sie anstelle von B\u00e4umen, die im Winter ihr Laub verloren haben, gr\u00fcne H\u00f6he schaffen k\u00f6nnen. Au\u00dferdem kann Frost, genau wie bei Samenk\u00f6pfen, die Form Ihres Formschnitts noch mehr betonen.<\/p>\n<p>Pyramiden- und Kugelformen sind gute Ausgangspunkte, wenn Sie Formschnitt noch nie ausprobiert haben. Diese Gartenspaliere von Amazon k\u00f6nnen eine gute Alternative sein, damit Sie durch den Anbau von Winterkletterpflanzen den Formschnitt-Look erzielen k\u00f6nnen.<\/p>\n<h2 id=\"5-use-greenery-for-winter-containers-3\">5. Verwenden Sie Gr\u00fcnpflanzen f\u00fcr Wintercontainer<\/h2>\n<figure class=\"van-image-figure inline-layout \" data-bordeaux-image-check>\n<div class=\"image-full-width-wrapper\">\n<div class=\"image-widthsetter\" style=\"max-width:2400px;\"><\/div>\n<\/div>\n<\/figure>\n<p>Vielleicht haben Sie sich bereits die Trends im Containergarten f\u00fcr das kommende Jahr angesehen, aber Sie m\u00fcssen Ihre Blument\u00f6pfe nicht am Ende des Sommers wegr\u00e4umen \u2013 im Winter gibt es noch viel Verwendung f\u00fcr sie.<\/p>\n<p>\u201eDer beste Weg, Ihrer Veranda oder Haust\u00fcr im Winter Farbe und Magie zu verleihen, sind Wintercontainer\u201c, sagt Laura.<\/p>\n<p>Ganz gleich, ob Sie einen Blumenkasten f\u00fcr den Winter anlegen oder sich auch in der k\u00e4ltesten Jahreszeit an Ihren Pflanzgef\u00e4\u00dfen f\u00fcr den Herbst erfreuen m\u00f6chten, Container haben in einem Wintergarten viel zu bieten. Sie bieten unterschiedliche Schwerpunkte und k\u00f6nnen mit auff\u00e4lligen Displays die Essenz der Saison einfangen.<\/p>\n<p>\u201eIch empfehle die Verwendung verschiedener frischer Gr\u00fcnpflanzen wie Zeder, Balsam und, mein Favorit, Magnolienst\u00e4ngel.\u201c Versuchen Sie, Elemente wie Lotusbl\u00fcten, Eukalyptus oder Beeren zu integrieren, um einen nat\u00fcrlichen und dennoch festlichen Look zu erzielen\u201c, schl\u00e4gt Laura vor.<\/p>\n<p>W\u00e4hrend Ihre Beh\u00e4lter im Fr\u00fchling und Sommer normalerweise mit Blumen erstrahlen, geht es im Winter darum, das Beste aus Laub und Winterbeeren herauszuholen.<\/p>\n<h3 class=\"article-body__section\" id=\"section-faqs\"><span>FAQs<\/span><\/h3>\n<h2 id=\"when-should-i-plant-my-winter-garden-3\">Wann sollte ich meinen Wintergarten bepflanzen?<\/h2>\n<p>Dies h\u00e4ngt alles davon ab, was genau Sie in Ihrem Garten f\u00fcr die Wintersaison erreichen m\u00f6chten. Wenn Sie viele immergr\u00fcne Str\u00e4ucher und B\u00e4ume haben m\u00f6chten, pflanzen Sie sie am besten im Herbst oder Fr\u00fchling, damit sie lange vor dem Frost Zeit haben, sich zu etablieren. Winterbl\u00fchende Stauden werden ebenfalls am besten im Herbst vor dem Frost gepflanzt. Dies kann auch ein guter Zeitpunkt sein, Ihre Sommerbeh\u00e4lter f\u00fcr Herbst und Winter aufzupeppen. Am besten recherchieren Sie nach Anleitungen f\u00fcr die spezifischen Pflanzen, die Sie anbauen m\u00f6chten.<\/p>\n<hr>\n<p>Den Winterwettervorhersagen des Farmers&#8216; Almanac zufolge wird es in der Saison 2024\/25 in den USA wahrscheinlich einen nassen und schneereichen Winter geben. Es lohnt sich also, schon jetzt mit den Vorbereitungen f\u00fcr Ihren Wintergarten zu beginnen. Jeder dieser Trends kann an Ihren Stil, Ihr lokales Klima und Ihre Gartenumgebung angepasst werden \u2013 beispielsweise indem Sie sich f\u00fcr winterbl\u00fchende Str\u00e4ucher als Schattenspender entscheiden.<\/p>\n<\/div>\n<p><script async src=\"\/\/www.instagram.com\/embed.js\"><\/script><\/p>\n","protected":false},"excerpt":{"rendered":"<p>Die Ruhezeit im Garten kann auf ihre Art wirklich sch\u00f6n sein. W\u00e4hrend bei den Pflanzen nicht viel aktives Wachstum stattfindet, k\u00f6nnen frostbedeckte kahle St\u00e4ngel und<\/p>\n","protected":false},"author":1,"featured_media":382,"comment_status":"closed","ping_status":"","sticky":false,"template":"","format":"standard","meta":{"footnotes":""},"categories":[118],"tags":[9,773,55,320,325,772,771,410,119,770],"class_list":["post-381","post","type-post","status-publish","format-standard","has-post-thumbnail","hentry","category-haus-garten","tag-die","tag-fit","tag-fuer","tag-garten","tag-ihren","tag-jahreszeit","tag-kaelteste","tag-machen","tag-moeglichkeiten","tag-wintergartentrends","generate-columns","tablet-grid-50","mobile-grid-100","grid-parent","grid-50"],"yoast_head":"<!-- This site is optimized with the Yoast SEO plugin v27.3 - https:\/\/yoast.com\/product\/yoast-seo-wordpress\/ -->\n<title>Wintergartentrends \u2013 5 M\u00f6glichkeiten, Ihren Garten f\u00fcr die k\u00e4lteste Jahreszeit fit zu machen - Nachrichten - Stra\u00dfenweb<\/title>\n<meta name=\"robots\" content=\"index, follow, max-snippet:-1, max-image-preview:large, max-video-preview:-1\" \/>\n<link rel=\"canonical\" href=\"https:\/\/www.strassenweb.de\/nachrichten\/wintergartentrends-5-moeglichkeiten-ihren-garten-fuer-die-kaelteste-jahreszeit-fit-zu-machen\/\" \/>\n<meta property=\"og:locale\" content=\"de_DE\" \/>\n<meta property=\"og:type\" content=\"article\" \/>\n<meta property=\"og:title\" content=\"Wintergartentrends \u2013 5 M\u00f6glichkeiten, Ihren Garten f\u00fcr die k\u00e4lteste Jahreszeit fit zu machen - Nachrichten - Stra\u00dfenweb\" \/>\n<meta property=\"og:description\" content=\"Die Ruhezeit im Garten kann auf ihre Art wirklich sch\u00f6n sein. W\u00e4hrend bei den Pflanzen nicht viel aktives Wachstum stattfindet, k\u00f6nnen frostbedeckte kahle St\u00e4ngel und\" \/>\n<meta property=\"og:url\" content=\"https:\/\/www.strassenweb.de\/nachrichten\/wintergartentrends-5-moeglichkeiten-ihren-garten-fuer-die-kaelteste-jahreszeit-fit-zu-machen\/\" \/>\n<meta property=\"og:site_name\" content=\"Stra\u00dfenweb\" \/>\n<meta property=\"article:publisher\" content=\"https:\/\/www.facebook.com\/strassenweb\/\" \/>\n<meta property=\"article:published_time\" content=\"2024-09-28T13:11:37+00:00\" \/>\n<meta property=\"article:modified_time\" content=\"2024-09-28T13:11:38+00:00\" \/>\n<meta property=\"og:image\" content=\"https:\/\/www.strassenweb.de\/nachrichten\/wp-content\/uploads\/2024\/09\/Wintergartentrends-\u2013-5-Moeglichkeiten-Ihren-Garten-fuer-die-kaelteste-Jahreszeit.jpg\" \/>\n\t<meta property=\"og:image:width\" content=\"1200\" \/>\n\t<meta property=\"og:image:height\" content=\"675\" \/>\n\t<meta property=\"og:image:type\" content=\"image\/jpeg\" \/>\n<meta name=\"author\" content=\"Robert Hoffmann\" \/>\n<meta name=\"twitter:card\" content=\"summary_large_image\" \/>\n<meta name=\"twitter:label1\" content=\"Verfasst von\" \/>\n\t<meta name=\"twitter:data1\" content=\"Robert Hoffmann\" \/>\n\t<meta name=\"twitter:label2\" content=\"Gesch\u00e4tzte Lesezeit\" \/>\n\t<meta name=\"twitter:data2\" content=\"7\u00a0Minuten\" \/>\n<script type=\"application\/ld+json\" class=\"yoast-schema-graph\">{\"@context\":\"https:\\\/\\\/schema.org\",\"@graph\":[{\"@type\":\"Article\",\"@id\":\"https:\\\/\\\/www.strassenweb.de\\\/nachrichten\\\/wintergartentrends-5-moeglichkeiten-ihren-garten-fuer-die-kaelteste-jahreszeit-fit-zu-machen\\\/#article\",\"isPartOf\":{\"@id\":\"https:\\\/\\\/www.strassenweb.de\\\/nachrichten\\\/wintergartentrends-5-moeglichkeiten-ihren-garten-fuer-die-kaelteste-jahreszeit-fit-zu-machen\\\/\"},\"author\":{\"name\":\"Robert Hoffmann\",\"@id\":\"https:\\\/\\\/www.strassenweb.de\\\/nachrichten\\\/#\\\/schema\\\/person\\\/87c9c9067f1211da429a744dc5a5aa41\"},\"headline\":\"Wintergartentrends \u2013 5 M\u00f6glichkeiten, Ihren Garten f\u00fcr die k\u00e4lteste Jahreszeit fit zu machen\",\"datePublished\":\"2024-09-28T13:11:37+00:00\",\"dateModified\":\"2024-09-28T13:11:38+00:00\",\"mainEntityOfPage\":{\"@id\":\"https:\\\/\\\/www.strassenweb.de\\\/nachrichten\\\/wintergartentrends-5-moeglichkeiten-ihren-garten-fuer-die-kaelteste-jahreszeit-fit-zu-machen\\\/\"},\"wordCount\":1374,\"publisher\":{\"@id\":\"https:\\\/\\\/www.strassenweb.de\\\/nachrichten\\\/#organization\"},\"image\":{\"@id\":\"https:\\\/\\\/www.strassenweb.de\\\/nachrichten\\\/wintergartentrends-5-moeglichkeiten-ihren-garten-fuer-die-kaelteste-jahreszeit-fit-zu-machen\\\/#primaryimage\"},\"thumbnailUrl\":\"https:\\\/\\\/www.strassenweb.de\\\/nachrichten\\\/wp-content\\\/uploads\\\/2024\\\/09\\\/Wintergartentrends-\u2013-5-Moeglichkeiten-Ihren-Garten-fuer-die-kaelteste-Jahreszeit.jpg\",\"keywords\":[\"die\",\"fit\",\"f\u00fcr\",\"Garten\",\"ihren\",\"Jahreszeit\",\"k\u00e4lteste\",\"machen\",\"M\u00f6glichkeiten\",\"Wintergartentrends\"],\"articleSection\":[\"Haus &amp; Garten\"],\"inLanguage\":\"de\"},{\"@type\":\"WebPage\",\"@id\":\"https:\\\/\\\/www.strassenweb.de\\\/nachrichten\\\/wintergartentrends-5-moeglichkeiten-ihren-garten-fuer-die-kaelteste-jahreszeit-fit-zu-machen\\\/\",\"url\":\"https:\\\/\\\/www.strassenweb.de\\\/nachrichten\\\/wintergartentrends-5-moeglichkeiten-ihren-garten-fuer-die-kaelteste-jahreszeit-fit-zu-machen\\\/\",\"name\":\"Wintergartentrends \u2013 5 M\u00f6glichkeiten, Ihren Garten f\u00fcr die k\u00e4lteste Jahreszeit fit zu machen - Nachrichten - Stra\u00dfenweb\",\"isPartOf\":{\"@id\":\"https:\\\/\\\/www.strassenweb.de\\\/nachrichten\\\/#website\"},\"primaryImageOfPage\":{\"@id\":\"https:\\\/\\\/www.strassenweb.de\\\/nachrichten\\\/wintergartentrends-5-moeglichkeiten-ihren-garten-fuer-die-kaelteste-jahreszeit-fit-zu-machen\\\/#primaryimage\"},\"image\":{\"@id\":\"https:\\\/\\\/www.strassenweb.de\\\/nachrichten\\\/wintergartentrends-5-moeglichkeiten-ihren-garten-fuer-die-kaelteste-jahreszeit-fit-zu-machen\\\/#primaryimage\"},\"thumbnailUrl\":\"https:\\\/\\\/www.strassenweb.de\\\/nachrichten\\\/wp-content\\\/uploads\\\/2024\\\/09\\\/Wintergartentrends-\u2013-5-Moeglichkeiten-Ihren-Garten-fuer-die-kaelteste-Jahreszeit.jpg\",\"datePublished\":\"2024-09-28T13:11:37+00:00\",\"dateModified\":\"2024-09-28T13:11:38+00:00\",\"breadcrumb\":{\"@id\":\"https:\\\/\\\/www.strassenweb.de\\\/nachrichten\\\/wintergartentrends-5-moeglichkeiten-ihren-garten-fuer-die-kaelteste-jahreszeit-fit-zu-machen\\\/#breadcrumb\"},\"inLanguage\":\"de\",\"potentialAction\":[{\"@type\":\"ReadAction\",\"target\":[\"https:\\\/\\\/www.strassenweb.de\\\/nachrichten\\\/wintergartentrends-5-moeglichkeiten-ihren-garten-fuer-die-kaelteste-jahreszeit-fit-zu-machen\\\/\"]}]},{\"@type\":\"ImageObject\",\"inLanguage\":\"de\",\"@id\":\"https:\\\/\\\/www.strassenweb.de\\\/nachrichten\\\/wintergartentrends-5-moeglichkeiten-ihren-garten-fuer-die-kaelteste-jahreszeit-fit-zu-machen\\\/#primaryimage\",\"url\":\"https:\\\/\\\/www.strassenweb.de\\\/nachrichten\\\/wp-content\\\/uploads\\\/2024\\\/09\\\/Wintergartentrends-\u2013-5-Moeglichkeiten-Ihren-Garten-fuer-die-kaelteste-Jahreszeit.jpg\",\"contentUrl\":\"https:\\\/\\\/www.strassenweb.de\\\/nachrichten\\\/wp-content\\\/uploads\\\/2024\\\/09\\\/Wintergartentrends-\u2013-5-Moeglichkeiten-Ihren-Garten-fuer-die-kaelteste-Jahreszeit.jpg\",\"width\":1200,\"height\":675,\"caption\":\"Wintergartentrends \u2013 5 M\u00f6glichkeiten, Ihren Garten f\u00fcr die k\u00e4lteste Jahreszeit fit zu machen\"},{\"@type\":\"BreadcrumbList\",\"@id\":\"https:\\\/\\\/www.strassenweb.de\\\/nachrichten\\\/wintergartentrends-5-moeglichkeiten-ihren-garten-fuer-die-kaelteste-jahreszeit-fit-zu-machen\\\/#breadcrumb\",\"itemListElement\":[{\"@type\":\"ListItem\",\"position\":1,\"name\":\"Home\",\"item\":\"https:\\\/\\\/www.strassenweb.de\\\/nachrichten\\\/\"},{\"@type\":\"ListItem\",\"position\":2,\"name\":\"Wintergartentrends \u2013 5 M\u00f6glichkeiten, Ihren Garten f\u00fcr die k\u00e4lteste Jahreszeit fit zu machen\"}]},{\"@type\":\"WebSite\",\"@id\":\"https:\\\/\\\/www.strassenweb.de\\\/nachrichten\\\/#website\",\"url\":\"https:\\\/\\\/www.strassenweb.de\\\/nachrichten\\\/\",\"name\":\"Stra\u00dfenweb\",\"description\":\"Stra\u00dfenverzeichnis f\u00fcr Deutschland\",\"publisher\":{\"@id\":\"https:\\\/\\\/www.strassenweb.de\\\/nachrichten\\\/#organization\"},\"potentialAction\":[{\"@type\":\"SearchAction\",\"target\":{\"@type\":\"EntryPoint\",\"urlTemplate\":\"https:\\\/\\\/www.strassenweb.de\\\/nachrichten\\\/?s={search_term_string}\"},\"query-input\":{\"@type\":\"PropertyValueSpecification\",\"valueRequired\":true,\"valueName\":\"search_term_string\"}}],\"inLanguage\":\"de\"},{\"@type\":\"Organization\",\"@id\":\"https:\\\/\\\/www.strassenweb.de\\\/nachrichten\\\/#organization\",\"name\":\"Stra\u00dfenweb\",\"url\":\"https:\\\/\\\/www.strassenweb.de\\\/nachrichten\\\/\",\"logo\":{\"@type\":\"ImageObject\",\"inLanguage\":\"de\",\"@id\":\"https:\\\/\\\/www.strassenweb.de\\\/nachrichten\\\/#\\\/schema\\\/logo\\\/image\\\/\",\"url\":\"https:\\\/\\\/www.strassenweb.de\\\/nachrichten\\\/wp-content\\\/uploads\\\/2024\\\/09\\\/cropped-favicon.png\",\"contentUrl\":\"https:\\\/\\\/www.strassenweb.de\\\/nachrichten\\\/wp-content\\\/uploads\\\/2024\\\/09\\\/cropped-favicon.png\",\"width\":512,\"height\":512,\"caption\":\"Stra\u00dfenweb\"},\"image\":{\"@id\":\"https:\\\/\\\/www.strassenweb.de\\\/nachrichten\\\/#\\\/schema\\\/logo\\\/image\\\/\"},\"sameAs\":[\"https:\\\/\\\/www.facebook.com\\\/strassenweb\\\/\"]},{\"@type\":\"Person\",\"@id\":\"https:\\\/\\\/www.strassenweb.de\\\/nachrichten\\\/#\\\/schema\\\/person\\\/87c9c9067f1211da429a744dc5a5aa41\",\"name\":\"Robert Hoffmann\",\"image\":{\"@type\":\"ImageObject\",\"inLanguage\":\"de\",\"@id\":\"https:\\\/\\\/www.strassenweb.de\\\/nachrichten\\\/wp-content\\\/uploads\\\/2024\\\/09\\\/strassenweb-150x150.jpg\",\"url\":\"https:\\\/\\\/www.strassenweb.de\\\/nachrichten\\\/wp-content\\\/uploads\\\/2024\\\/09\\\/strassenweb-150x150.jpg\",\"contentUrl\":\"https:\\\/\\\/www.strassenweb.de\\\/nachrichten\\\/wp-content\\\/uploads\\\/2024\\\/09\\\/strassenweb-150x150.jpg\",\"caption\":\"Robert Hoffmann\"},\"description\":\"Ich hei\u00dfe Robert Hoffmann und ich bin ein leidenschaftlicher Verfechter von \u00d6kologie und Biodiversit\u00e4t. Seit meiner Kindheit in den W\u00e4ldern Bayerns f\u00fchle ich mich mit der Natur verbunden und bin entschlossen, sie zu sch\u00fctzen. Heute widme ich mein Leben der Sensibilisierung anderer f\u00fcr die Bedeutung des Umweltschutzes f\u00fcr zuk\u00fcnftige Generationen.\",\"sameAs\":[\"https:\\\/\\\/www.strassenweb.de\\\/\"]}]}<\/script>\n<!-- \/ Yoast SEO plugin. -->","yoast_head_json":{"title":"Wintergartentrends \u2013 5 M\u00f6glichkeiten, Ihren Garten f\u00fcr die k\u00e4lteste Jahreszeit fit zu machen - Nachrichten - Stra\u00dfenweb","robots":{"index":"index","follow":"follow","max-snippet":"max-snippet:-1","max-image-preview":"max-image-preview:large","max-video-preview":"max-video-preview:-1"},"canonical":"https:\/\/www.strassenweb.de\/nachrichten\/wintergartentrends-5-moeglichkeiten-ihren-garten-fuer-die-kaelteste-jahreszeit-fit-zu-machen\/","og_locale":"de_DE","og_type":"article","og_title":"Wintergartentrends \u2013 5 M\u00f6glichkeiten, Ihren Garten f\u00fcr die k\u00e4lteste Jahreszeit fit zu machen - Nachrichten - Stra\u00dfenweb","og_description":"Die Ruhezeit im Garten kann auf ihre Art wirklich sch\u00f6n sein. W\u00e4hrend bei den Pflanzen nicht viel aktives Wachstum stattfindet, k\u00f6nnen frostbedeckte kahle St\u00e4ngel und","og_url":"https:\/\/www.strassenweb.de\/nachrichten\/wintergartentrends-5-moeglichkeiten-ihren-garten-fuer-die-kaelteste-jahreszeit-fit-zu-machen\/","og_site_name":"Stra\u00dfenweb","article_publisher":"https:\/\/www.facebook.com\/strassenweb\/","article_published_time":"2024-09-28T13:11:37+00:00","article_modified_time":"2024-09-28T13:11:38+00:00","og_image":[{"width":1200,"height":675,"url":"https:\/\/www.strassenweb.de\/nachrichten\/wp-content\/uploads\/2024\/09\/Wintergartentrends-\u2013-5-Moeglichkeiten-Ihren-Garten-fuer-die-kaelteste-Jahreszeit.jpg","type":"image\/jpeg"}],"author":"Robert Hoffmann","twitter_card":"summary_large_image","twitter_misc":{"Verfasst von":"Robert Hoffmann","Gesch\u00e4tzte Lesezeit":"7\u00a0Minuten"},"schema":{"@context":"https:\/\/schema.org","@graph":[{"@type":"Article","@id":"https:\/\/www.strassenweb.de\/nachrichten\/wintergartentrends-5-moeglichkeiten-ihren-garten-fuer-die-kaelteste-jahreszeit-fit-zu-machen\/#article","isPartOf":{"@id":"https:\/\/www.strassenweb.de\/nachrichten\/wintergartentrends-5-moeglichkeiten-ihren-garten-fuer-die-kaelteste-jahreszeit-fit-zu-machen\/"},"author":{"name":"Robert Hoffmann","@id":"https:\/\/www.strassenweb.de\/nachrichten\/#\/schema\/person\/87c9c9067f1211da429a744dc5a5aa41"},"headline":"Wintergartentrends \u2013 5 M\u00f6glichkeiten, Ihren Garten f\u00fcr die k\u00e4lteste Jahreszeit fit zu machen","datePublished":"2024-09-28T13:11:37+00:00","dateModified":"2024-09-28T13:11:38+00:00","mainEntityOfPage":{"@id":"https:\/\/www.strassenweb.de\/nachrichten\/wintergartentrends-5-moeglichkeiten-ihren-garten-fuer-die-kaelteste-jahreszeit-fit-zu-machen\/"},"wordCount":1374,"publisher":{"@id":"https:\/\/www.strassenweb.de\/nachrichten\/#organization"},"image":{"@id":"https:\/\/www.strassenweb.de\/nachrichten\/wintergartentrends-5-moeglichkeiten-ihren-garten-fuer-die-kaelteste-jahreszeit-fit-zu-machen\/#primaryimage"},"thumbnailUrl":"https:\/\/www.strassenweb.de\/nachrichten\/wp-content\/uploads\/2024\/09\/Wintergartentrends-\u2013-5-Moeglichkeiten-Ihren-Garten-fuer-die-kaelteste-Jahreszeit.jpg","keywords":["die","fit","f\u00fcr","Garten","ihren","Jahreszeit","k\u00e4lteste","machen","M\u00f6glichkeiten","Wintergartentrends"],"articleSection":["Haus &amp; Garten"],"inLanguage":"de"},{"@type":"WebPage","@id":"https:\/\/www.strassenweb.de\/nachrichten\/wintergartentrends-5-moeglichkeiten-ihren-garten-fuer-die-kaelteste-jahreszeit-fit-zu-machen\/","url":"https:\/\/www.strassenweb.de\/nachrichten\/wintergartentrends-5-moeglichkeiten-ihren-garten-fuer-die-kaelteste-jahreszeit-fit-zu-machen\/","name":"Wintergartentrends \u2013 5 M\u00f6glichkeiten, Ihren Garten f\u00fcr die k\u00e4lteste Jahreszeit fit zu machen - Nachrichten - Stra\u00dfenweb","isPartOf":{"@id":"https:\/\/www.strassenweb.de\/nachrichten\/#website"},"primaryImageOfPage":{"@id":"https:\/\/www.strassenweb.de\/nachrichten\/wintergartentrends-5-moeglichkeiten-ihren-garten-fuer-die-kaelteste-jahreszeit-fit-zu-machen\/#primaryimage"},"image":{"@id":"https:\/\/www.strassenweb.de\/nachrichten\/wintergartentrends-5-moeglichkeiten-ihren-garten-fuer-die-kaelteste-jahreszeit-fit-zu-machen\/#primaryimage"},"thumbnailUrl":"https:\/\/www.strassenweb.de\/nachrichten\/wp-content\/uploads\/2024\/09\/Wintergartentrends-\u2013-5-Moeglichkeiten-Ihren-Garten-fuer-die-kaelteste-Jahreszeit.jpg","datePublished":"2024-09-28T13:11:37+00:00","dateModified":"2024-09-28T13:11:38+00:00","breadcrumb":{"@id":"https:\/\/www.strassenweb.de\/nachrichten\/wintergartentrends-5-moeglichkeiten-ihren-garten-fuer-die-kaelteste-jahreszeit-fit-zu-machen\/#breadcrumb"},"inLanguage":"de","potentialAction":[{"@type":"ReadAction","target":["https:\/\/www.strassenweb.de\/nachrichten\/wintergartentrends-5-moeglichkeiten-ihren-garten-fuer-die-kaelteste-jahreszeit-fit-zu-machen\/"]}]},{"@type":"ImageObject","inLanguage":"de","@id":"https:\/\/www.strassenweb.de\/nachrichten\/wintergartentrends-5-moeglichkeiten-ihren-garten-fuer-die-kaelteste-jahreszeit-fit-zu-machen\/#primaryimage","url":"https:\/\/www.strassenweb.de\/nachrichten\/wp-content\/uploads\/2024\/09\/Wintergartentrends-\u2013-5-Moeglichkeiten-Ihren-Garten-fuer-die-kaelteste-Jahreszeit.jpg","contentUrl":"https:\/\/www.strassenweb.de\/nachrichten\/wp-content\/uploads\/2024\/09\/Wintergartentrends-\u2013-5-Moeglichkeiten-Ihren-Garten-fuer-die-kaelteste-Jahreszeit.jpg","width":1200,"height":675,"caption":"Wintergartentrends \u2013 5 M\u00f6glichkeiten, Ihren Garten f\u00fcr die k\u00e4lteste Jahreszeit fit zu machen"},{"@type":"BreadcrumbList","@id":"https:\/\/www.strassenweb.de\/nachrichten\/wintergartentrends-5-moeglichkeiten-ihren-garten-fuer-die-kaelteste-jahreszeit-fit-zu-machen\/#breadcrumb","itemListElement":[{"@type":"ListItem","position":1,"name":"Home","item":"https:\/\/www.strassenweb.de\/nachrichten\/"},{"@type":"ListItem","position":2,"name":"Wintergartentrends \u2013 5 M\u00f6glichkeiten, Ihren Garten f\u00fcr die k\u00e4lteste Jahreszeit fit zu machen"}]},{"@type":"WebSite","@id":"https:\/\/www.strassenweb.de\/nachrichten\/#website","url":"https:\/\/www.strassenweb.de\/nachrichten\/","name":"Stra\u00dfenweb","description":"Stra\u00dfenverzeichnis f\u00fcr Deutschland","publisher":{"@id":"https:\/\/www.strassenweb.de\/nachrichten\/#organization"},"potentialAction":[{"@type":"SearchAction","target":{"@type":"EntryPoint","urlTemplate":"https:\/\/www.strassenweb.de\/nachrichten\/?s={search_term_string}"},"query-input":{"@type":"PropertyValueSpecification","valueRequired":true,"valueName":"search_term_string"}}],"inLanguage":"de"},{"@type":"Organization","@id":"https:\/\/www.strassenweb.de\/nachrichten\/#organization","name":"Stra\u00dfenweb","url":"https:\/\/www.strassenweb.de\/nachrichten\/","logo":{"@type":"ImageObject","inLanguage":"de","@id":"https:\/\/www.strassenweb.de\/nachrichten\/#\/schema\/logo\/image\/","url":"https:\/\/www.strassenweb.de\/nachrichten\/wp-content\/uploads\/2024\/09\/cropped-favicon.png","contentUrl":"https:\/\/www.strassenweb.de\/nachrichten\/wp-content\/uploads\/2024\/09\/cropped-favicon.png","width":512,"height":512,"caption":"Stra\u00dfenweb"},"image":{"@id":"https:\/\/www.strassenweb.de\/nachrichten\/#\/schema\/logo\/image\/"},"sameAs":["https:\/\/www.facebook.com\/strassenweb\/"]},{"@type":"Person","@id":"https:\/\/www.strassenweb.de\/nachrichten\/#\/schema\/person\/87c9c9067f1211da429a744dc5a5aa41","name":"Robert Hoffmann","image":{"@type":"ImageObject","inLanguage":"de","@id":"https:\/\/www.strassenweb.de\/nachrichten\/wp-content\/uploads\/2024\/09\/strassenweb-150x150.jpg","url":"https:\/\/www.strassenweb.de\/nachrichten\/wp-content\/uploads\/2024\/09\/strassenweb-150x150.jpg","contentUrl":"https:\/\/www.strassenweb.de\/nachrichten\/wp-content\/uploads\/2024\/09\/strassenweb-150x150.jpg","caption":"Robert Hoffmann"},"description":"Ich hei\u00dfe Robert Hoffmann und ich bin ein leidenschaftlicher Verfechter von \u00d6kologie und Biodiversit\u00e4t. Seit meiner Kindheit in den W\u00e4ldern Bayerns f\u00fchle ich mich mit der Natur verbunden und bin entschlossen, sie zu sch\u00fctzen. Heute widme ich mein Leben der Sensibilisierung anderer f\u00fcr die Bedeutung des Umweltschutzes f\u00fcr zuk\u00fcnftige Generationen.","sameAs":["https:\/\/www.strassenweb.de\/"]}]}},"_links":{"self":[{"href":"https:\/\/www.strassenweb.de\/nachrichten\/wp-json\/wp\/v2\/posts\/381","targetHints":{"allow":["GET"]}}],"collection":[{"href":"https:\/\/www.strassenweb.de\/nachrichten\/wp-json\/wp\/v2\/posts"}],"about":[{"href":"https:\/\/www.strassenweb.de\/nachrichten\/wp-json\/wp\/v2\/types\/post"}],"author":[{"embeddable":true,"href":"https:\/\/www.strassenweb.de\/nachrichten\/wp-json\/wp\/v2\/users\/1"}],"replies":[{"embeddable":true,"href":"https:\/\/www.strassenweb.de\/nachrichten\/wp-json\/wp\/v2\/comments?post=381"}],"version-history":[{"count":0,"href":"https:\/\/www.strassenweb.de\/nachrichten\/wp-json\/wp\/v2\/posts\/381\/revisions"}],"wp:featuredmedia":[{"embeddable":true,"href":"https:\/\/www.strassenweb.de\/nachrichten\/wp-json\/wp\/v2\/media\/382"}],"wp:attachment":[{"href":"https:\/\/www.strassenweb.de\/nachrichten\/wp-json\/wp\/v2\/media?parent=381"}],"wp:term":[{"taxonomy":"category","embeddable":true,"href":"https:\/\/www.strassenweb.de\/nachrichten\/wp-json\/wp\/v2\/categories?post=381"},{"taxonomy":"post_tag","embeddable":true,"href":"https:\/\/www.strassenweb.de\/nachrichten\/wp-json\/wp\/v2\/tags?post=381"}],"curies":[{"name":"wp","href":"https:\/\/api.w.org\/{rel}","templated":true}]}}