{"id":3791,"date":"2025-03-11T04:39:19","date_gmt":"2025-03-11T03:39:19","guid":{"rendered":"https:\/\/www.strassenweb.de\/nachrichten\/frauen-und-maedchen-sind-an-vorderster-front-des-klimawandels-aber-ihre-geschichten-sind-selten-zu-hoeren\/"},"modified":"2025-03-11T04:39:20","modified_gmt":"2025-03-11T03:39:20","slug":"frauen-und-maedchen-sind-an-vorderster-front-des-klimawandels-aber-ihre-geschichten-sind-selten-zu-hoeren","status":"publish","type":"post","link":"https:\/\/www.strassenweb.de\/nachrichten\/frauen-und-maedchen-sind-an-vorderster-front-des-klimawandels-aber-ihre-geschichten-sind-selten-zu-hoeren\/","title":{"rendered":"Frauen und M\u00e4dchen sind an vorderster Front des Klimawandels &#8211; aber ihre Geschichten sind selten zu h\u00f6ren"},"content":{"rendered":"<p>Frauen und M\u00e4dchen sind von der Klimakrise unverh\u00e4ltnism\u00e4\u00dfig betroffen. Es ist wahrscheinlicher, dass sie aufgrund von \u00dcberschwemmungen, D\u00fcrren, Hitzewellen, Luftverschmutzung, Waldbr\u00e4nden und anderen Umweltkatastrophen h\u00e4ufiger auf gesundheitlichen Konsequenzen leiden.<\/p>\n<p>Gleichzeitig sind Frauen auch f\u00fcr die Sicherung von Nahrung, Wasser und Energie f\u00fcr den Rest ihrer Familien verantwortlich. Wenn extremes Wetter diese Ressourcen knapp macht, sind ihr Leben und ihren Lebensunterhalt gef\u00e4hrdet.<\/p>\n<p>Trotz alledem sind Frauen in der Klimawandel und der Umweltberichterstattung alarmierend unterrepr\u00e4sentiert. Eine globale Analyse des gemeinn\u00fctzigen Mediendiversit\u00e4tsinstituts ergab, dass nur jede von vier Quellen, die in Online-Nachrichten \u00fcber Klimawandel zwischen 2017 und 2021 ver\u00f6ffentlicht wurden, Frauen waren. Das bedeutet, dass die Geschichten \u00fcber den Klimawandel haupts\u00e4chlich durch die Augen und Erfahrungen der Menschen sind.<\/p>\n<p>Ich untersuche, wie die Medien Umweltfragen in autorit\u00e4ren L\u00e4ndern wie dem Iran und im gesamten Nahen Osten und in Nordafrika behandeln, einem der klimafarbensten Regionen der Welt, die extremer Hitze, Wasserknappheit sowie Sand- und Staubst\u00fcrme ausgesetzt sind.<\/p>\n<p>Im Rahmen der Forschung f\u00fcr meine k\u00fcrzlich abgeschlossene Doktorarbeit habe ich festgestellt, dass Frauen selten als Quellen in Nachrichten \u00fcber den Klimawandel und die Umweltverschlechterung zitiert werden und diejenigen, die sprechen, h\u00e4ufig bedroht sind.<\/p>\n<h2 class=\"wp-block-heading\">Nicht genug Frauen &#8218;in Aufzeichnung&#8216;<\/h2>\n<p>Es ist bereits schwierig, Quellen in autorit\u00e4ren L\u00e4ndern zu finden, aber es ist noch schwieriger, Frauen zu finden, die bereit sind, ihre Aussagen mit Journalisten zu teilen.<\/p>\n<p>Im Iran werden Umweltfragen stark politisiert. Die Er\u00f6rterung von Wasserknappheit oder Luftverschmutzung kann als Kritik an der Regierung interpretiert werden. Jeder, der mit einem Journalisten spricht, kann Einsch\u00fcchterung, Verhaftung oder sogar Tod erwarten. Nat\u00fcrlich z\u00f6gern viele Quellen zu reden. Aber f\u00fcr Frauen sind die Barrieren noch gr\u00f6\u00dfer.<\/p>\n<p>Im Jahr 2024 berichtete ich \u00fcber eine Hitzewelle im Iran, bei der die Temperaturen in einigen Provinzen 50 \u00b0 C \u00fcberstieg. Durch Gespr\u00e4che von \u201eOff-the-Record\u201c erfuhr ich, dass die extreme Hitze dazu f\u00fchrte, dass Frauen Hitzestroke, Menstruationsprobleme und sogar Fehlgeburten leiden.<\/p>\n<p>Als ich die Medienberichterstattung analysierte, wurde dies kaum erw\u00e4hnt. Die meisten Artikel konzentrierten sich darauf, wie die Regierung Schulen und B\u00fcros schlie\u00dfen musste.<\/p>\n<p>Ich wandte mich an Frauen in verschiedenen Teilen des Iran, darunter M\u00fctter, Studenten und Mediziner. Einige sprachen anonym mit mir, aber selbst Frauen in F\u00fchrungspositionen innerhalb des Regierung oder des Umweltsektors w\u00fcrden nicht aus Angst vor einer Reaktion des staatlichen Geheimdienstapparats sprechen.<\/p>\n<p>Dies ist ein Muster, das ich w\u00e4hrend meiner Forschung und Berichterstattung gesehen habe. Wenn Frauen nicht sicher sprechen k\u00f6nnen, bleiben ihre K\u00e4mpfe unsichtbar.<\/p>\n<h2 class=\"wp-block-heading\">Frauen sind f\u00fchrend, aber wo ist die Berichterstattung?<\/h2>\n<p>Hier ist die Ironie: W\u00e4hrend Frauen in der Klimaberichterstattung fehlen, f\u00fchren sie tats\u00e4chlich viele Umweltanstrengungen an. Es gibt Hinweise darauf, dass Frauen beispielsweise h\u00e4ufiger als M\u00e4nner sich freiwillig f\u00fcr \u00f6kologische Zwecke freiwillig melden oder umweltfreundlich handeln. L\u00e4nder mit mehr Frauen in der politischen F\u00fchrung haben in der Regel eine st\u00e4rkere Klimapolitik.<\/p>\n<p>Es gibt jedoch auch ein Ungleichgewicht in der Berichterstattung \u00fcber Frauen \u00fcber Frauen. Zum Beispiel wurde der schwedische Aktivist Greta Thunberg in Medien anerkannt, die haupts\u00e4chlich in wohlhabenderen L\u00e4ndern in Europa, Nordamerika und Australasien konsumiert werden (was oft als globaler Norden bezeichnet wird). Aber in Asien, Afrika und Lateinamerika (oft als globaler S\u00fcden bezeichnet), in dem der Klimawandel am h\u00e4rtesten trifft, habe ich festgestellt, dass Frauen, die die Umweltbewegungen f\u00fchren, selten die gleiche Aufmerksamkeit erhalten.<\/p>\n<p>Dies trotz der Tatsache gibt es in diesem Teil der Welt zahlreiche Umweltf\u00fchrerinnen. Im Iran wurden Wildtiere und Naturschutzaktivisten Niloufar Bayani und Sepideh Kashani \u00fcber sechs Jahre lang inhaftiert und gefoltert, nachdem sie durch den Geheimdienst des Islamischen Revolutionsgardenkorps f\u00e4lschlicherweise der Spionage beschuldigt worden waren.<\/p>\n<p>Ihre Arbeit war dem Schutz des iranischen Umfelds gewidmet, insbesondere dem von der Kritik gef\u00e4hrdeten asiatischen Geparden, wodurch die Risiken hervorgehoben wurden, mit denen diejenigen, die sich f\u00fcr die Erhaltung der Naturschutzversuche einsetzen, ausgesetzt sind. Bayani schrieb ein Manifest \u00fcber die Klimakrise und gebildete Frauen in Teherans ber\u00fcchtigten Evin-Gef\u00e4ngnis im Jahr 2023, als sie noch eine jahrzehntelange Haftstrafe verb\u00fc\u00dfte.<\/p>\n<p>Eine andere Frau, Julia Kabera aus Ruanda, setzt sich f\u00fcr das Verbot von Plastikt\u00fcten und Einwendungskunststoffe ein und besuchte globale Vertragsverhandlungen zur Bek\u00e4mpfung von Plastikm\u00fcll und zur K\u00fcrzung der globalen Produktion. Diese Frauen und ihre Arbeit und Opfer fehlen h\u00e4ufig in der Berichterstattung \u00fcber die Umwelt in der Medien.<\/p>\n<p>Meine Doktorarbeit zur Umweltberichterstattung im Nahen Osten und in Nordafrika, die andere Arbeiten in diesem Gebiet widerspiegeln, ergab, dass Frauen h\u00e4ufig als Opfer von Klimakatastrophen als Experten, F\u00fchrungskr\u00e4ften oder L\u00f6sungsmachern dargestellt werden. Frauen im globalen Norden werden h\u00e4ufiger in Diskussionen \u00fcber Klimapolitik, Aktivismus oder Forschung einbezogen als in ihren Kollegen im globalen S\u00fcden.<\/p>\n<p>Wenn die Medien die Perspektiven von Frauen \u00fcbersehen, die Krisen durchleben, vermissen wir ihre Ideen und Erfahrung. Infolgedessen spiegeln die Umweltrichtlinien m\u00f6glicherweise nicht die Breite des Problems wider oder erf\u00fcllen die Bed\u00fcrfnisse der am st\u00e4rksten betroffenen Personen.<\/p>\n<p>Wenn Frauen st\u00e4rker vom Klimawandel betroffen sind und den Kampf f\u00fchren, warum f\u00fchren sie dann nicht auch das Gespr\u00e4ch in den Medien?<\/p>\n<hr class=\"wp-block-separator has-alpha-channel-opacity\">\n<p>Sanam Mahoozi, PhD -Kandidat f\u00fcr Journalismus, <em>City St George&#8217;s, Universit\u00e4t von London<\/em><\/p>\n<p>  wird aus dem Gespr\u00e4ch unter einer Creative Commons -Lizenz neu ver\u00f6ffentlicht.<\/p>\n","protected":false},"excerpt":{"rendered":"<p>Frauen und M\u00e4dchen sind von der Klimakrise unverh\u00e4ltnism\u00e4\u00dfig betroffen. Es ist wahrscheinlicher, dass sie aufgrund von \u00dcberschwemmungen, D\u00fcrren, Hitzewellen, Luftverschmutzung, Waldbr\u00e4nden und anderen Umweltkatastrophen h\u00e4ufiger<\/p>\n","protected":false},"author":1,"featured_media":3792,"comment_status":"closed","ping_status":"","sticky":false,"template":"","format":"standard","meta":{"footnotes":""},"categories":[101],"tags":[357,281,56,5833,5835,2329,225,5834,5831,5836,58,37,5832],"class_list":["post-3791","post","type-post","status-publish","format-standard","has-post-thumbnail","hentry","category-oekologie","tag-aber","tag-des","tag-frauen","tag-front","tag-geschichten","tag-hoeren","tag-ihre","tag-klimawandels","tag-maedchen","tag-selten","tag-sind","tag-und","tag-vorderster","generate-columns","tablet-grid-50","mobile-grid-100","grid-parent","grid-50"],"yoast_head":"<!-- This site is optimized with the Yoast SEO plugin v27.3 - https:\/\/yoast.com\/product\/yoast-seo-wordpress\/ -->\n<title>Frauen und M\u00e4dchen sind an vorderster Front des Klimawandels - aber ihre Geschichten sind selten zu h\u00f6ren - Nachrichten - Stra\u00dfenweb<\/title>\n<meta name=\"robots\" content=\"index, follow, max-snippet:-1, max-image-preview:large, max-video-preview:-1\" \/>\n<link rel=\"canonical\" href=\"https:\/\/www.strassenweb.de\/nachrichten\/frauen-und-maedchen-sind-an-vorderster-front-des-klimawandels-aber-ihre-geschichten-sind-selten-zu-hoeren\/\" \/>\n<meta property=\"og:locale\" content=\"de_DE\" \/>\n<meta property=\"og:type\" content=\"article\" \/>\n<meta property=\"og:title\" content=\"Frauen und M\u00e4dchen sind an vorderster Front des Klimawandels - aber ihre Geschichten sind selten zu h\u00f6ren - Nachrichten - Stra\u00dfenweb\" \/>\n<meta property=\"og:description\" content=\"Frauen und M\u00e4dchen sind von der Klimakrise unverh\u00e4ltnism\u00e4\u00dfig betroffen. Es ist wahrscheinlicher, dass sie aufgrund von \u00dcberschwemmungen, D\u00fcrren, Hitzewellen, Luftverschmutzung, Waldbr\u00e4nden und anderen Umweltkatastrophen h\u00e4ufiger\" \/>\n<meta property=\"og:url\" content=\"https:\/\/www.strassenweb.de\/nachrichten\/frauen-und-maedchen-sind-an-vorderster-front-des-klimawandels-aber-ihre-geschichten-sind-selten-zu-hoeren\/\" \/>\n<meta property=\"og:site_name\" content=\"Stra\u00dfenweb\" \/>\n<meta property=\"article:publisher\" content=\"https:\/\/www.facebook.com\/strassenweb\/\" \/>\n<meta property=\"article:published_time\" content=\"2025-03-11T03:39:19+00:00\" \/>\n<meta property=\"article:modified_time\" content=\"2025-03-11T03:39:20+00:00\" \/>\n<meta property=\"og:image\" content=\"https:\/\/www.strassenweb.de\/nachrichten\/wp-content\/uploads\/2025\/03\/Frauen-und-Maedchen-sind-an-vorderster-Front-des-Klimawandels.jpg\" \/>\n\t<meta property=\"og:image:width\" content=\"900\" \/>\n\t<meta property=\"og:image:height\" content=\"600\" \/>\n\t<meta property=\"og:image:type\" content=\"image\/jpeg\" \/>\n<meta name=\"author\" content=\"Robert Hoffmann\" \/>\n<meta name=\"twitter:card\" content=\"summary_large_image\" \/>\n<meta name=\"twitter:label1\" content=\"Verfasst von\" \/>\n\t<meta name=\"twitter:data1\" content=\"Robert Hoffmann\" \/>\n\t<meta name=\"twitter:label2\" content=\"Gesch\u00e4tzte Lesezeit\" \/>\n\t<meta name=\"twitter:data2\" content=\"4\u00a0Minuten\" \/>\n<script type=\"application\/ld+json\" class=\"yoast-schema-graph\">{\"@context\":\"https:\\\/\\\/schema.org\",\"@graph\":[{\"@type\":\"Article\",\"@id\":\"https:\\\/\\\/www.strassenweb.de\\\/nachrichten\\\/frauen-und-maedchen-sind-an-vorderster-front-des-klimawandels-aber-ihre-geschichten-sind-selten-zu-hoeren\\\/#article\",\"isPartOf\":{\"@id\":\"https:\\\/\\\/www.strassenweb.de\\\/nachrichten\\\/frauen-und-maedchen-sind-an-vorderster-front-des-klimawandels-aber-ihre-geschichten-sind-selten-zu-hoeren\\\/\"},\"author\":{\"name\":\"Robert Hoffmann\",\"@id\":\"https:\\\/\\\/www.strassenweb.de\\\/nachrichten\\\/#\\\/schema\\\/person\\\/87c9c9067f1211da429a744dc5a5aa41\"},\"headline\":\"Frauen und M\u00e4dchen sind an vorderster Front des Klimawandels &#8211; aber ihre Geschichten sind selten zu h\u00f6ren\",\"datePublished\":\"2025-03-11T03:39:19+00:00\",\"dateModified\":\"2025-03-11T03:39:20+00:00\",\"mainEntityOfPage\":{\"@id\":\"https:\\\/\\\/www.strassenweb.de\\\/nachrichten\\\/frauen-und-maedchen-sind-an-vorderster-front-des-klimawandels-aber-ihre-geschichten-sind-selten-zu-hoeren\\\/\"},\"wordCount\":916,\"publisher\":{\"@id\":\"https:\\\/\\\/www.strassenweb.de\\\/nachrichten\\\/#organization\"},\"image\":{\"@id\":\"https:\\\/\\\/www.strassenweb.de\\\/nachrichten\\\/frauen-und-maedchen-sind-an-vorderster-front-des-klimawandels-aber-ihre-geschichten-sind-selten-zu-hoeren\\\/#primaryimage\"},\"thumbnailUrl\":\"https:\\\/\\\/www.strassenweb.de\\\/nachrichten\\\/wp-content\\\/uploads\\\/2025\\\/03\\\/Frauen-und-Maedchen-sind-an-vorderster-Front-des-Klimawandels.jpg\",\"keywords\":[\"aber\",\"des\",\"Frauen\",\"Front\",\"Geschichten\",\"h\u00f6ren\",\"ihre\",\"Klimawandels\",\"M\u00e4dchen\",\"selten\",\"sind\",\"und\",\"vorderster\"],\"articleSection\":[\"\u00d6kologie\"],\"inLanguage\":\"de\"},{\"@type\":\"WebPage\",\"@id\":\"https:\\\/\\\/www.strassenweb.de\\\/nachrichten\\\/frauen-und-maedchen-sind-an-vorderster-front-des-klimawandels-aber-ihre-geschichten-sind-selten-zu-hoeren\\\/\",\"url\":\"https:\\\/\\\/www.strassenweb.de\\\/nachrichten\\\/frauen-und-maedchen-sind-an-vorderster-front-des-klimawandels-aber-ihre-geschichten-sind-selten-zu-hoeren\\\/\",\"name\":\"Frauen und M\u00e4dchen sind an vorderster Front des Klimawandels - aber ihre Geschichten sind selten zu h\u00f6ren - Nachrichten - Stra\u00dfenweb\",\"isPartOf\":{\"@id\":\"https:\\\/\\\/www.strassenweb.de\\\/nachrichten\\\/#website\"},\"primaryImageOfPage\":{\"@id\":\"https:\\\/\\\/www.strassenweb.de\\\/nachrichten\\\/frauen-und-maedchen-sind-an-vorderster-front-des-klimawandels-aber-ihre-geschichten-sind-selten-zu-hoeren\\\/#primaryimage\"},\"image\":{\"@id\":\"https:\\\/\\\/www.strassenweb.de\\\/nachrichten\\\/frauen-und-maedchen-sind-an-vorderster-front-des-klimawandels-aber-ihre-geschichten-sind-selten-zu-hoeren\\\/#primaryimage\"},\"thumbnailUrl\":\"https:\\\/\\\/www.strassenweb.de\\\/nachrichten\\\/wp-content\\\/uploads\\\/2025\\\/03\\\/Frauen-und-Maedchen-sind-an-vorderster-Front-des-Klimawandels.jpg\",\"datePublished\":\"2025-03-11T03:39:19+00:00\",\"dateModified\":\"2025-03-11T03:39:20+00:00\",\"breadcrumb\":{\"@id\":\"https:\\\/\\\/www.strassenweb.de\\\/nachrichten\\\/frauen-und-maedchen-sind-an-vorderster-front-des-klimawandels-aber-ihre-geschichten-sind-selten-zu-hoeren\\\/#breadcrumb\"},\"inLanguage\":\"de\",\"potentialAction\":[{\"@type\":\"ReadAction\",\"target\":[\"https:\\\/\\\/www.strassenweb.de\\\/nachrichten\\\/frauen-und-maedchen-sind-an-vorderster-front-des-klimawandels-aber-ihre-geschichten-sind-selten-zu-hoeren\\\/\"]}]},{\"@type\":\"ImageObject\",\"inLanguage\":\"de\",\"@id\":\"https:\\\/\\\/www.strassenweb.de\\\/nachrichten\\\/frauen-und-maedchen-sind-an-vorderster-front-des-klimawandels-aber-ihre-geschichten-sind-selten-zu-hoeren\\\/#primaryimage\",\"url\":\"https:\\\/\\\/www.strassenweb.de\\\/nachrichten\\\/wp-content\\\/uploads\\\/2025\\\/03\\\/Frauen-und-Maedchen-sind-an-vorderster-Front-des-Klimawandels.jpg\",\"contentUrl\":\"https:\\\/\\\/www.strassenweb.de\\\/nachrichten\\\/wp-content\\\/uploads\\\/2025\\\/03\\\/Frauen-und-Maedchen-sind-an-vorderster-Front-des-Klimawandels.jpg\",\"width\":900,\"height\":600,\"caption\":\"Women and girls are on the frontline of climate change \u2013 but their stories are seldom\u00a0heard\"},{\"@type\":\"BreadcrumbList\",\"@id\":\"https:\\\/\\\/www.strassenweb.de\\\/nachrichten\\\/frauen-und-maedchen-sind-an-vorderster-front-des-klimawandels-aber-ihre-geschichten-sind-selten-zu-hoeren\\\/#breadcrumb\",\"itemListElement\":[{\"@type\":\"ListItem\",\"position\":1,\"name\":\"Home\",\"item\":\"https:\\\/\\\/www.strassenweb.de\\\/nachrichten\\\/\"},{\"@type\":\"ListItem\",\"position\":2,\"name\":\"Frauen und M\u00e4dchen sind an vorderster Front des Klimawandels &#8211; aber ihre Geschichten sind selten zu h\u00f6ren\"}]},{\"@type\":\"WebSite\",\"@id\":\"https:\\\/\\\/www.strassenweb.de\\\/nachrichten\\\/#website\",\"url\":\"https:\\\/\\\/www.strassenweb.de\\\/nachrichten\\\/\",\"name\":\"Stra\u00dfenweb\",\"description\":\"Stra\u00dfenverzeichnis f\u00fcr Deutschland\",\"publisher\":{\"@id\":\"https:\\\/\\\/www.strassenweb.de\\\/nachrichten\\\/#organization\"},\"potentialAction\":[{\"@type\":\"SearchAction\",\"target\":{\"@type\":\"EntryPoint\",\"urlTemplate\":\"https:\\\/\\\/www.strassenweb.de\\\/nachrichten\\\/?s={search_term_string}\"},\"query-input\":{\"@type\":\"PropertyValueSpecification\",\"valueRequired\":true,\"valueName\":\"search_term_string\"}}],\"inLanguage\":\"de\"},{\"@type\":\"Organization\",\"@id\":\"https:\\\/\\\/www.strassenweb.de\\\/nachrichten\\\/#organization\",\"name\":\"Stra\u00dfenweb\",\"url\":\"https:\\\/\\\/www.strassenweb.de\\\/nachrichten\\\/\",\"logo\":{\"@type\":\"ImageObject\",\"inLanguage\":\"de\",\"@id\":\"https:\\\/\\\/www.strassenweb.de\\\/nachrichten\\\/#\\\/schema\\\/logo\\\/image\\\/\",\"url\":\"https:\\\/\\\/www.strassenweb.de\\\/nachrichten\\\/wp-content\\\/uploads\\\/2024\\\/09\\\/cropped-favicon.png\",\"contentUrl\":\"https:\\\/\\\/www.strassenweb.de\\\/nachrichten\\\/wp-content\\\/uploads\\\/2024\\\/09\\\/cropped-favicon.png\",\"width\":512,\"height\":512,\"caption\":\"Stra\u00dfenweb\"},\"image\":{\"@id\":\"https:\\\/\\\/www.strassenweb.de\\\/nachrichten\\\/#\\\/schema\\\/logo\\\/image\\\/\"},\"sameAs\":[\"https:\\\/\\\/www.facebook.com\\\/strassenweb\\\/\"]},{\"@type\":\"Person\",\"@id\":\"https:\\\/\\\/www.strassenweb.de\\\/nachrichten\\\/#\\\/schema\\\/person\\\/87c9c9067f1211da429a744dc5a5aa41\",\"name\":\"Robert Hoffmann\",\"image\":{\"@type\":\"ImageObject\",\"inLanguage\":\"de\",\"@id\":\"https:\\\/\\\/www.strassenweb.de\\\/nachrichten\\\/wp-content\\\/uploads\\\/2024\\\/09\\\/strassenweb-150x150.jpg\",\"url\":\"https:\\\/\\\/www.strassenweb.de\\\/nachrichten\\\/wp-content\\\/uploads\\\/2024\\\/09\\\/strassenweb-150x150.jpg\",\"contentUrl\":\"https:\\\/\\\/www.strassenweb.de\\\/nachrichten\\\/wp-content\\\/uploads\\\/2024\\\/09\\\/strassenweb-150x150.jpg\",\"caption\":\"Robert Hoffmann\"},\"description\":\"Ich hei\u00dfe Robert Hoffmann und ich bin ein leidenschaftlicher Verfechter von \u00d6kologie und Biodiversit\u00e4t. Seit meiner Kindheit in den W\u00e4ldern Bayerns f\u00fchle ich mich mit der Natur verbunden und bin entschlossen, sie zu sch\u00fctzen. Heute widme ich mein Leben der Sensibilisierung anderer f\u00fcr die Bedeutung des Umweltschutzes f\u00fcr zuk\u00fcnftige Generationen.\",\"sameAs\":[\"https:\\\/\\\/www.strassenweb.de\\\/\"]}]}<\/script>\n<!-- \/ Yoast SEO plugin. -->","yoast_head_json":{"title":"Frauen und M\u00e4dchen sind an vorderster Front des Klimawandels - aber ihre Geschichten sind selten zu h\u00f6ren - Nachrichten - Stra\u00dfenweb","robots":{"index":"index","follow":"follow","max-snippet":"max-snippet:-1","max-image-preview":"max-image-preview:large","max-video-preview":"max-video-preview:-1"},"canonical":"https:\/\/www.strassenweb.de\/nachrichten\/frauen-und-maedchen-sind-an-vorderster-front-des-klimawandels-aber-ihre-geschichten-sind-selten-zu-hoeren\/","og_locale":"de_DE","og_type":"article","og_title":"Frauen und M\u00e4dchen sind an vorderster Front des Klimawandels - aber ihre Geschichten sind selten zu h\u00f6ren - Nachrichten - Stra\u00dfenweb","og_description":"Frauen und M\u00e4dchen sind von der Klimakrise unverh\u00e4ltnism\u00e4\u00dfig betroffen. Es ist wahrscheinlicher, dass sie aufgrund von \u00dcberschwemmungen, D\u00fcrren, Hitzewellen, Luftverschmutzung, Waldbr\u00e4nden und anderen Umweltkatastrophen h\u00e4ufiger","og_url":"https:\/\/www.strassenweb.de\/nachrichten\/frauen-und-maedchen-sind-an-vorderster-front-des-klimawandels-aber-ihre-geschichten-sind-selten-zu-hoeren\/","og_site_name":"Stra\u00dfenweb","article_publisher":"https:\/\/www.facebook.com\/strassenweb\/","article_published_time":"2025-03-11T03:39:19+00:00","article_modified_time":"2025-03-11T03:39:20+00:00","og_image":[{"width":900,"height":600,"url":"https:\/\/www.strassenweb.de\/nachrichten\/wp-content\/uploads\/2025\/03\/Frauen-und-Maedchen-sind-an-vorderster-Front-des-Klimawandels.jpg","type":"image\/jpeg"}],"author":"Robert Hoffmann","twitter_card":"summary_large_image","twitter_misc":{"Verfasst von":"Robert Hoffmann","Gesch\u00e4tzte Lesezeit":"4\u00a0Minuten"},"schema":{"@context":"https:\/\/schema.org","@graph":[{"@type":"Article","@id":"https:\/\/www.strassenweb.de\/nachrichten\/frauen-und-maedchen-sind-an-vorderster-front-des-klimawandels-aber-ihre-geschichten-sind-selten-zu-hoeren\/#article","isPartOf":{"@id":"https:\/\/www.strassenweb.de\/nachrichten\/frauen-und-maedchen-sind-an-vorderster-front-des-klimawandels-aber-ihre-geschichten-sind-selten-zu-hoeren\/"},"author":{"name":"Robert Hoffmann","@id":"https:\/\/www.strassenweb.de\/nachrichten\/#\/schema\/person\/87c9c9067f1211da429a744dc5a5aa41"},"headline":"Frauen und M\u00e4dchen sind an vorderster Front des Klimawandels &#8211; aber ihre Geschichten sind selten zu h\u00f6ren","datePublished":"2025-03-11T03:39:19+00:00","dateModified":"2025-03-11T03:39:20+00:00","mainEntityOfPage":{"@id":"https:\/\/www.strassenweb.de\/nachrichten\/frauen-und-maedchen-sind-an-vorderster-front-des-klimawandels-aber-ihre-geschichten-sind-selten-zu-hoeren\/"},"wordCount":916,"publisher":{"@id":"https:\/\/www.strassenweb.de\/nachrichten\/#organization"},"image":{"@id":"https:\/\/www.strassenweb.de\/nachrichten\/frauen-und-maedchen-sind-an-vorderster-front-des-klimawandels-aber-ihre-geschichten-sind-selten-zu-hoeren\/#primaryimage"},"thumbnailUrl":"https:\/\/www.strassenweb.de\/nachrichten\/wp-content\/uploads\/2025\/03\/Frauen-und-Maedchen-sind-an-vorderster-Front-des-Klimawandels.jpg","keywords":["aber","des","Frauen","Front","Geschichten","h\u00f6ren","ihre","Klimawandels","M\u00e4dchen","selten","sind","und","vorderster"],"articleSection":["\u00d6kologie"],"inLanguage":"de"},{"@type":"WebPage","@id":"https:\/\/www.strassenweb.de\/nachrichten\/frauen-und-maedchen-sind-an-vorderster-front-des-klimawandels-aber-ihre-geschichten-sind-selten-zu-hoeren\/","url":"https:\/\/www.strassenweb.de\/nachrichten\/frauen-und-maedchen-sind-an-vorderster-front-des-klimawandels-aber-ihre-geschichten-sind-selten-zu-hoeren\/","name":"Frauen und M\u00e4dchen sind an vorderster Front des Klimawandels - aber ihre Geschichten sind selten zu h\u00f6ren - Nachrichten - Stra\u00dfenweb","isPartOf":{"@id":"https:\/\/www.strassenweb.de\/nachrichten\/#website"},"primaryImageOfPage":{"@id":"https:\/\/www.strassenweb.de\/nachrichten\/frauen-und-maedchen-sind-an-vorderster-front-des-klimawandels-aber-ihre-geschichten-sind-selten-zu-hoeren\/#primaryimage"},"image":{"@id":"https:\/\/www.strassenweb.de\/nachrichten\/frauen-und-maedchen-sind-an-vorderster-front-des-klimawandels-aber-ihre-geschichten-sind-selten-zu-hoeren\/#primaryimage"},"thumbnailUrl":"https:\/\/www.strassenweb.de\/nachrichten\/wp-content\/uploads\/2025\/03\/Frauen-und-Maedchen-sind-an-vorderster-Front-des-Klimawandels.jpg","datePublished":"2025-03-11T03:39:19+00:00","dateModified":"2025-03-11T03:39:20+00:00","breadcrumb":{"@id":"https:\/\/www.strassenweb.de\/nachrichten\/frauen-und-maedchen-sind-an-vorderster-front-des-klimawandels-aber-ihre-geschichten-sind-selten-zu-hoeren\/#breadcrumb"},"inLanguage":"de","potentialAction":[{"@type":"ReadAction","target":["https:\/\/www.strassenweb.de\/nachrichten\/frauen-und-maedchen-sind-an-vorderster-front-des-klimawandels-aber-ihre-geschichten-sind-selten-zu-hoeren\/"]}]},{"@type":"ImageObject","inLanguage":"de","@id":"https:\/\/www.strassenweb.de\/nachrichten\/frauen-und-maedchen-sind-an-vorderster-front-des-klimawandels-aber-ihre-geschichten-sind-selten-zu-hoeren\/#primaryimage","url":"https:\/\/www.strassenweb.de\/nachrichten\/wp-content\/uploads\/2025\/03\/Frauen-und-Maedchen-sind-an-vorderster-Front-des-Klimawandels.jpg","contentUrl":"https:\/\/www.strassenweb.de\/nachrichten\/wp-content\/uploads\/2025\/03\/Frauen-und-Maedchen-sind-an-vorderster-Front-des-Klimawandels.jpg","width":900,"height":600,"caption":"Women and girls are on the frontline of climate change \u2013 but their stories are seldom\u00a0heard"},{"@type":"BreadcrumbList","@id":"https:\/\/www.strassenweb.de\/nachrichten\/frauen-und-maedchen-sind-an-vorderster-front-des-klimawandels-aber-ihre-geschichten-sind-selten-zu-hoeren\/#breadcrumb","itemListElement":[{"@type":"ListItem","position":1,"name":"Home","item":"https:\/\/www.strassenweb.de\/nachrichten\/"},{"@type":"ListItem","position":2,"name":"Frauen und M\u00e4dchen sind an vorderster Front des Klimawandels &#8211; aber ihre Geschichten sind selten zu h\u00f6ren"}]},{"@type":"WebSite","@id":"https:\/\/www.strassenweb.de\/nachrichten\/#website","url":"https:\/\/www.strassenweb.de\/nachrichten\/","name":"Stra\u00dfenweb","description":"Stra\u00dfenverzeichnis f\u00fcr Deutschland","publisher":{"@id":"https:\/\/www.strassenweb.de\/nachrichten\/#organization"},"potentialAction":[{"@type":"SearchAction","target":{"@type":"EntryPoint","urlTemplate":"https:\/\/www.strassenweb.de\/nachrichten\/?s={search_term_string}"},"query-input":{"@type":"PropertyValueSpecification","valueRequired":true,"valueName":"search_term_string"}}],"inLanguage":"de"},{"@type":"Organization","@id":"https:\/\/www.strassenweb.de\/nachrichten\/#organization","name":"Stra\u00dfenweb","url":"https:\/\/www.strassenweb.de\/nachrichten\/","logo":{"@type":"ImageObject","inLanguage":"de","@id":"https:\/\/www.strassenweb.de\/nachrichten\/#\/schema\/logo\/image\/","url":"https:\/\/www.strassenweb.de\/nachrichten\/wp-content\/uploads\/2024\/09\/cropped-favicon.png","contentUrl":"https:\/\/www.strassenweb.de\/nachrichten\/wp-content\/uploads\/2024\/09\/cropped-favicon.png","width":512,"height":512,"caption":"Stra\u00dfenweb"},"image":{"@id":"https:\/\/www.strassenweb.de\/nachrichten\/#\/schema\/logo\/image\/"},"sameAs":["https:\/\/www.facebook.com\/strassenweb\/"]},{"@type":"Person","@id":"https:\/\/www.strassenweb.de\/nachrichten\/#\/schema\/person\/87c9c9067f1211da429a744dc5a5aa41","name":"Robert Hoffmann","image":{"@type":"ImageObject","inLanguage":"de","@id":"https:\/\/www.strassenweb.de\/nachrichten\/wp-content\/uploads\/2024\/09\/strassenweb-150x150.jpg","url":"https:\/\/www.strassenweb.de\/nachrichten\/wp-content\/uploads\/2024\/09\/strassenweb-150x150.jpg","contentUrl":"https:\/\/www.strassenweb.de\/nachrichten\/wp-content\/uploads\/2024\/09\/strassenweb-150x150.jpg","caption":"Robert Hoffmann"},"description":"Ich hei\u00dfe Robert Hoffmann und ich bin ein leidenschaftlicher Verfechter von \u00d6kologie und Biodiversit\u00e4t. Seit meiner Kindheit in den W\u00e4ldern Bayerns f\u00fchle ich mich mit der Natur verbunden und bin entschlossen, sie zu sch\u00fctzen. Heute widme ich mein Leben der Sensibilisierung anderer f\u00fcr die Bedeutung des Umweltschutzes f\u00fcr zuk\u00fcnftige Generationen.","sameAs":["https:\/\/www.strassenweb.de\/"]}]}},"_links":{"self":[{"href":"https:\/\/www.strassenweb.de\/nachrichten\/wp-json\/wp\/v2\/posts\/3791","targetHints":{"allow":["GET"]}}],"collection":[{"href":"https:\/\/www.strassenweb.de\/nachrichten\/wp-json\/wp\/v2\/posts"}],"about":[{"href":"https:\/\/www.strassenweb.de\/nachrichten\/wp-json\/wp\/v2\/types\/post"}],"author":[{"embeddable":true,"href":"https:\/\/www.strassenweb.de\/nachrichten\/wp-json\/wp\/v2\/users\/1"}],"replies":[{"embeddable":true,"href":"https:\/\/www.strassenweb.de\/nachrichten\/wp-json\/wp\/v2\/comments?post=3791"}],"version-history":[{"count":0,"href":"https:\/\/www.strassenweb.de\/nachrichten\/wp-json\/wp\/v2\/posts\/3791\/revisions"}],"wp:featuredmedia":[{"embeddable":true,"href":"https:\/\/www.strassenweb.de\/nachrichten\/wp-json\/wp\/v2\/media\/3792"}],"wp:attachment":[{"href":"https:\/\/www.strassenweb.de\/nachrichten\/wp-json\/wp\/v2\/media?parent=3791"}],"wp:term":[{"taxonomy":"category","embeddable":true,"href":"https:\/\/www.strassenweb.de\/nachrichten\/wp-json\/wp\/v2\/categories?post=3791"},{"taxonomy":"post_tag","embeddable":true,"href":"https:\/\/www.strassenweb.de\/nachrichten\/wp-json\/wp\/v2\/tags?post=3791"}],"curies":[{"name":"wp","href":"https:\/\/api.w.org\/{rel}","templated":true}]}}