{"id":3782,"date":"2025-03-10T23:39:36","date_gmt":"2025-03-10T22:39:36","guid":{"rendered":"https:\/\/www.strassenweb.de\/nachrichten\/tom-brady-verwendet-offene-regale-um-eine-ecke-seiner-kueche-in-eine-mini-ausstellung-zu-verbessern-es-ist-eine-persoenliche-art-farbe-in-einen-neutralen-raum-einzufuehren\/"},"modified":"2025-03-10T23:39:37","modified_gmt":"2025-03-10T22:39:37","slug":"tom-brady-verwendet-offene-regale-um-eine-ecke-seiner-kueche-in-eine-mini-ausstellung-zu-verbessern-es-ist-eine-persoenliche-art-farbe-in-einen-neutralen-raum-einzufuehren","status":"publish","type":"post","link":"https:\/\/www.strassenweb.de\/nachrichten\/tom-brady-verwendet-offene-regale-um-eine-ecke-seiner-kueche-in-eine-mini-ausstellung-zu-verbessern-es-ist-eine-persoenliche-art-farbe-in-einen-neutralen-raum-einzufuehren\/","title":{"rendered":"Tom Brady verwendet offene Regale, um eine Ecke seiner K\u00fcche in eine Mini -Ausstellung zu verbessern &#8211; es ist eine pers\u00f6nliche Art, Farbe in einen neutralen Raum einzuf\u00fchren"},"content":{"rendered":"<p><\/p>\n<div id=\"article-body\" class=\"article__body \">\n<p>Wenn uns die letzten Jahre etwas gelehrt haben, dann sind funktionale R\u00e4ume wie K\u00fcchen genauso w\u00fcrdig wie der Rest von H\u00e4usern. Vorbei sind die Tage steriler K\u00fcchen ohne Sitzgelegenheiten oder dekorative Details. Diese R\u00e4ume sollten so viel dar\u00fcber sagen, wer wir wie unser Wohnzimmer oder Schlafzimmer sind, und Tom Bradys K\u00fcche tut genau das (wenn auch subtil).<\/p>\n<div id=\"ad-unit-1\" class=\"ad-unit\"><\/div>\n<p>Der Quarterback ist kein Unbekannter, um den Followern auf Instagram einen Blick in sein Haus zu geben. W\u00e4hrend er k\u00fcrzlich einen Protein -Shake in einem Video reparierte, gab er uns einen Einblick in seine beruhigende neutrale K\u00fcche. Rohes Holzkabinen und Steinplatten erzeugen eine zur\u00fcckhaltende Palette, beweist der Fu\u00dfballspieler zu einem minimalistischeren Design. Und doch bietet eine Reihe von absichtlich kuratierten offenen Regalen einen winzigen Farbtupfer im ansonsten neutralen Raum und necken gerade genug \u00fcber Tom, um uns zu erraten.<\/p>\n<aside class=\"hawk-base\" data-block-type=\"embed\" data-render-type=\"fte\" data-skip=\"dealsy\" data-widget-type=\"seasonal\">\n<div class=\"hawk-master-widget-hawk-base-wrapper\"><\/div>\n<\/aside>\n<p>Eine der gr\u00f6\u00dften K\u00fcchentrends in den letzten Jahren und Open Kitchen -Regalideen ist eine gro\u00dfartige M\u00f6glichkeit, um diesem praktischen Teil des Hauses Charakter und visuelles Interesse zu vermitteln. Wenn Sie W\u00e4rme und Farbe in Ihre K\u00fcche bringen m\u00f6chten, ermutigen Sie einen Trick -Designer, Sie zu adoptieren zu k\u00f6nnen. Hier ist der Grund.<\/p>\n<div id=\"desktop-in-article\" class=\"in-article ad-unit\">\n<div id=\"desktop-taboola-mid-article\"><\/div>\n<\/div>\n<div id=\"mobile-in-article\" class=\"in-article ad-unit\">\n<div id=\"mobile-taboola-mid-article\"><\/div>\n<\/div>\n<div class=\"instagram-embed\">\n<blockquote class=\"instagram-media\" data-instgrm-captioned data-instgrm-version=\"6\" style=\"width:99.375%; width:-webkit-calc(100% - 2px); width:calc(100% - 2px);\">\n<p>Ein Beitrag, der von Tom Brady (@tombrady) geteilt wurde<\/p>\n<p>Ein Foto von on <\/p>\n<\/blockquote>\n<\/div>\n<p>Anstatt alles hinter geschlossenen Schrankt\u00fcren zu verbergen, bietet offenes Regalen unserem Dekor die M\u00f6glichkeit zu gl\u00e4nzen und hilft, einer K\u00fcche, die keine hat, Charakter zu verleihen.<\/p>\n<div class=\"van_vid_carousel\">\n<div class=\"van_vid_carousel__padding\">\n<div class=\"van_vid_carousel__container\"><\/div>\n<\/div>\n<\/div>\n<p>Toms Ecke &#8211; eingebettet neben seinen vertikalen Schr\u00e4nken &#8211; schl\u00e4gt die perfekte Balance in seiner minimalistischen K\u00fcche. Das kuratierte Display ist weit entfernt von Regalen im rustikalen H\u00fctten-Core-Stil. Stattdessen basiert das Styling mit dem R\u00fcckenbetrieb auf einfache wei\u00dfe Steinware mit nur ein paar Kochb\u00fcchern, die in den unteren Regalen gestapelt sind. Als Betrachter locken sie uns ein. Ist Tom ein Fan von Anthony Bourdain oder mehr Teil eines barf\u00fc\u00dfigen Contessa -Rezepts?<\/p>\n<div id=\"ad-unit-2\" class=\"ad-unit\"><\/div>\n<p>Wie Designerin Elana Mendelson hervorhebt, verbindet Toms Regale Funktionalit\u00e4t mit einer pers\u00f6nlichen Note. &#8222;Es bringt W\u00e4rme, Pers\u00f6nlichkeit und einen willkommenen Farbtupfer in seine ansonsten neutrale K\u00fcche&#8220;, sagt sie. &#8218;Dieser Ansatz l\u00e4sst den Raum nicht nur einladender anf\u00fchlen, sondern verst\u00e4rkt auch die Idee, dass K\u00fcchen nicht nur zum Kochen sind. Sie sind f\u00fcr das Leben. &#8218;<\/p>\n<figure class=\"van-image-figure inline-layout \" data-bordeaux-image-check>\n<div class=\"image-full-width-wrapper\">\n<div class=\"image-widthsetter\" style=\"max-width:2000px;\"><\/div>\n<\/div>\n<\/figure>\n<p>In Bezug auf die Lagerung von K\u00fcchenspeichern ist offener Regale ein Beweis daf\u00fcr, dass das kleinste St\u00fcck nachdenklicher Dekor einen langen Weg gehen kann. &#8222;Tom Bradys K\u00fcche verwandelt eine praktische Aufbewahrungsl\u00f6sung in eine Ausstellung von Pers\u00f6nlichkeit und Farbe&#8220;, erkl\u00e4rt Nina Lichtenstein, Innenarchitektin. \u201eIndem Brady einige Dinge ausgestellt hat, hat er seine K\u00fcche in mehr als einen funktionalen Bereich verwandelt. Es ist ein Raum, der sich in den B\u00fcchern, die die Regale verleihen und darauf warten, ihre eigenen Geschichten zu erz\u00e4hlen, in den Regalen gelebt, pers\u00f6nlich und voller Charakter. &#8218;<\/p>\n<div id=\"slice-container-newsletterForm-articleInbodyContent-evsPfc5tKiosaw6WfZvQGX\" class=\"slice-container newsletter-inbodyContent-slice newsletterForm-articleInbodyContent-evsPfc5tKiosaw6WfZvQGX slice-container-newsletterForm\"><\/div>\n<div class=\"product-container hero-product-container product-block-no-wrap\"><\/div>\n<p>Wenn sich Ihre K\u00fcche immer ein wenig kalt und unpers\u00f6nlich gef\u00fchlt hat, sollten Sie eine kleine Ecke einiger offener Regale wie Toms widmen. Alles, was es braucht, sind ein paar dekorative Gegenst\u00e4nde und Zubeh\u00f6r, um Haufen Pers\u00f6nlichkeit in eine K\u00fcche zu verleihen.<\/p>\n<hr>\n<\/div>\n<p><script async src=\"\/\/www.instagram.com\/embed.js\"><\/script><\/p>\n","protected":false},"excerpt":{"rendered":"<p>Wenn uns die letzten Jahre etwas gelehrt haben, dann sind funktionale R\u00e4ume wie K\u00fcchen genauso w\u00fcrdig wie der Rest von H\u00e4usern. Vorbei sind die Tage<\/p>\n","protected":false},"author":1,"featured_media":3783,"comment_status":"closed","ping_status":"","sticky":false,"template":"","format":"standard","meta":{"footnotes":""},"categories":[118],"tags":[188,5822,5819,5820,74,166,5824,1202,15,468,5821,1021,3643,5823,182,2911,239,4528,2792,207],"class_list":["post-3782","post","type-post","status-publish","format-standard","has-post-thumbnail","hentry","category-haus-garten","tag-art","tag-ausstellung","tag-brady","tag-ecke","tag-eine","tag-einen","tag-einzufuehren","tag-farbe","tag-ist","tag-kueche","tag-mini","tag-neutralen","tag-offene","tag-persoenliche","tag-raum","tag-regale","tag-seiner","tag-tom","tag-verbessern","tag-verwendet","generate-columns","tablet-grid-50","mobile-grid-100","grid-parent","grid-50"],"yoast_head":"<!-- This site is optimized with the Yoast SEO plugin v27.3 - https:\/\/yoast.com\/product\/yoast-seo-wordpress\/ -->\n<title>Tom Brady verwendet offene Regale, um eine Ecke seiner K\u00fcche in eine Mini -Ausstellung zu verbessern - es ist eine pers\u00f6nliche Art, Farbe in einen neutralen Raum einzuf\u00fchren - Nachrichten - Stra\u00dfenweb<\/title>\n<meta name=\"robots\" content=\"index, follow, max-snippet:-1, max-image-preview:large, max-video-preview:-1\" \/>\n<link rel=\"canonical\" href=\"https:\/\/www.strassenweb.de\/nachrichten\/tom-brady-verwendet-offene-regale-um-eine-ecke-seiner-kueche-in-eine-mini-ausstellung-zu-verbessern-es-ist-eine-persoenliche-art-farbe-in-einen-neutralen-raum-einzufuehren\/\" \/>\n<meta property=\"og:locale\" content=\"de_DE\" \/>\n<meta property=\"og:type\" content=\"article\" \/>\n<meta property=\"og:title\" content=\"Tom Brady verwendet offene Regale, um eine Ecke seiner K\u00fcche in eine Mini -Ausstellung zu verbessern - es ist eine pers\u00f6nliche Art, Farbe in einen neutralen Raum einzuf\u00fchren - Nachrichten - Stra\u00dfenweb\" \/>\n<meta property=\"og:description\" content=\"Wenn uns die letzten Jahre etwas gelehrt haben, dann sind funktionale R\u00e4ume wie K\u00fcchen genauso w\u00fcrdig wie der Rest von H\u00e4usern. Vorbei sind die Tage\" \/>\n<meta property=\"og:url\" content=\"https:\/\/www.strassenweb.de\/nachrichten\/tom-brady-verwendet-offene-regale-um-eine-ecke-seiner-kueche-in-eine-mini-ausstellung-zu-verbessern-es-ist-eine-persoenliche-art-farbe-in-einen-neutralen-raum-einzufuehren\/\" \/>\n<meta property=\"og:site_name\" content=\"Stra\u00dfenweb\" \/>\n<meta property=\"article:publisher\" content=\"https:\/\/www.facebook.com\/strassenweb\/\" \/>\n<meta property=\"article:published_time\" content=\"2025-03-10T22:39:36+00:00\" \/>\n<meta property=\"article:modified_time\" content=\"2025-03-10T22:39:37+00:00\" \/>\n<meta property=\"og:image\" content=\"https:\/\/www.strassenweb.de\/nachrichten\/wp-content\/uploads\/2025\/03\/Tom-Brady-verwendet-offene-Regale-um-eine-Ecke-seiner-Kueche.jpg\" \/>\n\t<meta property=\"og:image:width\" content=\"1200\" \/>\n\t<meta property=\"og:image:height\" content=\"675\" \/>\n\t<meta property=\"og:image:type\" content=\"image\/jpeg\" \/>\n<meta name=\"author\" content=\"Robert Hoffmann\" \/>\n<meta name=\"twitter:card\" content=\"summary_large_image\" \/>\n<meta name=\"twitter:label1\" content=\"Verfasst von\" \/>\n\t<meta name=\"twitter:data1\" content=\"Robert Hoffmann\" \/>\n\t<meta name=\"twitter:label2\" content=\"Gesch\u00e4tzte Lesezeit\" \/>\n\t<meta name=\"twitter:data2\" content=\"3\u00a0Minuten\" \/>\n<script type=\"application\/ld+json\" class=\"yoast-schema-graph\">{\"@context\":\"https:\\\/\\\/schema.org\",\"@graph\":[{\"@type\":\"Article\",\"@id\":\"https:\\\/\\\/www.strassenweb.de\\\/nachrichten\\\/tom-brady-verwendet-offene-regale-um-eine-ecke-seiner-kueche-in-eine-mini-ausstellung-zu-verbessern-es-ist-eine-persoenliche-art-farbe-in-einen-neutralen-raum-einzufuehren\\\/#article\",\"isPartOf\":{\"@id\":\"https:\\\/\\\/www.strassenweb.de\\\/nachrichten\\\/tom-brady-verwendet-offene-regale-um-eine-ecke-seiner-kueche-in-eine-mini-ausstellung-zu-verbessern-es-ist-eine-persoenliche-art-farbe-in-einen-neutralen-raum-einzufuehren\\\/\"},\"author\":{\"name\":\"Robert Hoffmann\",\"@id\":\"https:\\\/\\\/www.strassenweb.de\\\/nachrichten\\\/#\\\/schema\\\/person\\\/87c9c9067f1211da429a744dc5a5aa41\"},\"headline\":\"Tom Brady verwendet offene Regale, um eine Ecke seiner K\u00fcche in eine Mini -Ausstellung zu verbessern &#8211; es ist eine pers\u00f6nliche Art, Farbe in einen neutralen Raum einzuf\u00fchren\",\"datePublished\":\"2025-03-10T22:39:36+00:00\",\"dateModified\":\"2025-03-10T22:39:37+00:00\",\"mainEntityOfPage\":{\"@id\":\"https:\\\/\\\/www.strassenweb.de\\\/nachrichten\\\/tom-brady-verwendet-offene-regale-um-eine-ecke-seiner-kueche-in-eine-mini-ausstellung-zu-verbessern-es-ist-eine-persoenliche-art-farbe-in-einen-neutralen-raum-einzufuehren\\\/\"},\"wordCount\":574,\"publisher\":{\"@id\":\"https:\\\/\\\/www.strassenweb.de\\\/nachrichten\\\/#organization\"},\"image\":{\"@id\":\"https:\\\/\\\/www.strassenweb.de\\\/nachrichten\\\/tom-brady-verwendet-offene-regale-um-eine-ecke-seiner-kueche-in-eine-mini-ausstellung-zu-verbessern-es-ist-eine-persoenliche-art-farbe-in-einen-neutralen-raum-einzufuehren\\\/#primaryimage\"},\"thumbnailUrl\":\"https:\\\/\\\/www.strassenweb.de\\\/nachrichten\\\/wp-content\\\/uploads\\\/2025\\\/03\\\/Tom-Brady-verwendet-offene-Regale-um-eine-Ecke-seiner-Kueche.jpg\",\"keywords\":[\"Art\",\"Ausstellung\",\"Brady\",\"Ecke\",\"eine\",\"einen\",\"einzuf\u00fchren\",\"Farbe\",\"ist\",\"K\u00fcche\",\"Mini\",\"neutralen\",\"offene\",\"pers\u00f6nliche\",\"Raum\",\"Regale\",\"seiner\",\"Tom\",\"verbessern\",\"verwendet\"],\"articleSection\":[\"Haus &amp; Garten\"],\"inLanguage\":\"de\"},{\"@type\":\"WebPage\",\"@id\":\"https:\\\/\\\/www.strassenweb.de\\\/nachrichten\\\/tom-brady-verwendet-offene-regale-um-eine-ecke-seiner-kueche-in-eine-mini-ausstellung-zu-verbessern-es-ist-eine-persoenliche-art-farbe-in-einen-neutralen-raum-einzufuehren\\\/\",\"url\":\"https:\\\/\\\/www.strassenweb.de\\\/nachrichten\\\/tom-brady-verwendet-offene-regale-um-eine-ecke-seiner-kueche-in-eine-mini-ausstellung-zu-verbessern-es-ist-eine-persoenliche-art-farbe-in-einen-neutralen-raum-einzufuehren\\\/\",\"name\":\"Tom Brady verwendet offene Regale, um eine Ecke seiner K\u00fcche in eine Mini -Ausstellung zu verbessern - es ist eine pers\u00f6nliche Art, Farbe in einen neutralen Raum einzuf\u00fchren - Nachrichten - Stra\u00dfenweb\",\"isPartOf\":{\"@id\":\"https:\\\/\\\/www.strassenweb.de\\\/nachrichten\\\/#website\"},\"primaryImageOfPage\":{\"@id\":\"https:\\\/\\\/www.strassenweb.de\\\/nachrichten\\\/tom-brady-verwendet-offene-regale-um-eine-ecke-seiner-kueche-in-eine-mini-ausstellung-zu-verbessern-es-ist-eine-persoenliche-art-farbe-in-einen-neutralen-raum-einzufuehren\\\/#primaryimage\"},\"image\":{\"@id\":\"https:\\\/\\\/www.strassenweb.de\\\/nachrichten\\\/tom-brady-verwendet-offene-regale-um-eine-ecke-seiner-kueche-in-eine-mini-ausstellung-zu-verbessern-es-ist-eine-persoenliche-art-farbe-in-einen-neutralen-raum-einzufuehren\\\/#primaryimage\"},\"thumbnailUrl\":\"https:\\\/\\\/www.strassenweb.de\\\/nachrichten\\\/wp-content\\\/uploads\\\/2025\\\/03\\\/Tom-Brady-verwendet-offene-Regale-um-eine-Ecke-seiner-Kueche.jpg\",\"datePublished\":\"2025-03-10T22:39:36+00:00\",\"dateModified\":\"2025-03-10T22:39:37+00:00\",\"breadcrumb\":{\"@id\":\"https:\\\/\\\/www.strassenweb.de\\\/nachrichten\\\/tom-brady-verwendet-offene-regale-um-eine-ecke-seiner-kueche-in-eine-mini-ausstellung-zu-verbessern-es-ist-eine-persoenliche-art-farbe-in-einen-neutralen-raum-einzufuehren\\\/#breadcrumb\"},\"inLanguage\":\"de\",\"potentialAction\":[{\"@type\":\"ReadAction\",\"target\":[\"https:\\\/\\\/www.strassenweb.de\\\/nachrichten\\\/tom-brady-verwendet-offene-regale-um-eine-ecke-seiner-kueche-in-eine-mini-ausstellung-zu-verbessern-es-ist-eine-persoenliche-art-farbe-in-einen-neutralen-raum-einzufuehren\\\/\"]}]},{\"@type\":\"ImageObject\",\"inLanguage\":\"de\",\"@id\":\"https:\\\/\\\/www.strassenweb.de\\\/nachrichten\\\/tom-brady-verwendet-offene-regale-um-eine-ecke-seiner-kueche-in-eine-mini-ausstellung-zu-verbessern-es-ist-eine-persoenliche-art-farbe-in-einen-neutralen-raum-einzufuehren\\\/#primaryimage\",\"url\":\"https:\\\/\\\/www.strassenweb.de\\\/nachrichten\\\/wp-content\\\/uploads\\\/2025\\\/03\\\/Tom-Brady-verwendet-offene-Regale-um-eine-Ecke-seiner-Kueche.jpg\",\"contentUrl\":\"https:\\\/\\\/www.strassenweb.de\\\/nachrichten\\\/wp-content\\\/uploads\\\/2025\\\/03\\\/Tom-Brady-verwendet-offene-Regale-um-eine-Ecke-seiner-Kueche.jpg\",\"width\":1200,\"height\":675,\"caption\":\"Tom Brady verwendet offene Regale, um eine Ecke seiner K\u00fcche in eine Mini -Ausstellung zu verbessern - es ist eine pers\u00f6nliche Art, Farbe in einen neutralen Raum einzuf\u00fchren\"},{\"@type\":\"BreadcrumbList\",\"@id\":\"https:\\\/\\\/www.strassenweb.de\\\/nachrichten\\\/tom-brady-verwendet-offene-regale-um-eine-ecke-seiner-kueche-in-eine-mini-ausstellung-zu-verbessern-es-ist-eine-persoenliche-art-farbe-in-einen-neutralen-raum-einzufuehren\\\/#breadcrumb\",\"itemListElement\":[{\"@type\":\"ListItem\",\"position\":1,\"name\":\"Home\",\"item\":\"https:\\\/\\\/www.strassenweb.de\\\/nachrichten\\\/\"},{\"@type\":\"ListItem\",\"position\":2,\"name\":\"Tom Brady verwendet offene Regale, um eine Ecke seiner K\u00fcche in eine Mini -Ausstellung zu verbessern &#8211; es ist eine pers\u00f6nliche Art, Farbe in einen neutralen Raum einzuf\u00fchren\"}]},{\"@type\":\"WebSite\",\"@id\":\"https:\\\/\\\/www.strassenweb.de\\\/nachrichten\\\/#website\",\"url\":\"https:\\\/\\\/www.strassenweb.de\\\/nachrichten\\\/\",\"name\":\"Stra\u00dfenweb\",\"description\":\"Stra\u00dfenverzeichnis f\u00fcr Deutschland\",\"publisher\":{\"@id\":\"https:\\\/\\\/www.strassenweb.de\\\/nachrichten\\\/#organization\"},\"potentialAction\":[{\"@type\":\"SearchAction\",\"target\":{\"@type\":\"EntryPoint\",\"urlTemplate\":\"https:\\\/\\\/www.strassenweb.de\\\/nachrichten\\\/?s={search_term_string}\"},\"query-input\":{\"@type\":\"PropertyValueSpecification\",\"valueRequired\":true,\"valueName\":\"search_term_string\"}}],\"inLanguage\":\"de\"},{\"@type\":\"Organization\",\"@id\":\"https:\\\/\\\/www.strassenweb.de\\\/nachrichten\\\/#organization\",\"name\":\"Stra\u00dfenweb\",\"url\":\"https:\\\/\\\/www.strassenweb.de\\\/nachrichten\\\/\",\"logo\":{\"@type\":\"ImageObject\",\"inLanguage\":\"de\",\"@id\":\"https:\\\/\\\/www.strassenweb.de\\\/nachrichten\\\/#\\\/schema\\\/logo\\\/image\\\/\",\"url\":\"https:\\\/\\\/www.strassenweb.de\\\/nachrichten\\\/wp-content\\\/uploads\\\/2024\\\/09\\\/cropped-favicon.png\",\"contentUrl\":\"https:\\\/\\\/www.strassenweb.de\\\/nachrichten\\\/wp-content\\\/uploads\\\/2024\\\/09\\\/cropped-favicon.png\",\"width\":512,\"height\":512,\"caption\":\"Stra\u00dfenweb\"},\"image\":{\"@id\":\"https:\\\/\\\/www.strassenweb.de\\\/nachrichten\\\/#\\\/schema\\\/logo\\\/image\\\/\"},\"sameAs\":[\"https:\\\/\\\/www.facebook.com\\\/strassenweb\\\/\"]},{\"@type\":\"Person\",\"@id\":\"https:\\\/\\\/www.strassenweb.de\\\/nachrichten\\\/#\\\/schema\\\/person\\\/87c9c9067f1211da429a744dc5a5aa41\",\"name\":\"Robert Hoffmann\",\"image\":{\"@type\":\"ImageObject\",\"inLanguage\":\"de\",\"@id\":\"https:\\\/\\\/www.strassenweb.de\\\/nachrichten\\\/wp-content\\\/uploads\\\/2024\\\/09\\\/strassenweb-150x150.jpg\",\"url\":\"https:\\\/\\\/www.strassenweb.de\\\/nachrichten\\\/wp-content\\\/uploads\\\/2024\\\/09\\\/strassenweb-150x150.jpg\",\"contentUrl\":\"https:\\\/\\\/www.strassenweb.de\\\/nachrichten\\\/wp-content\\\/uploads\\\/2024\\\/09\\\/strassenweb-150x150.jpg\",\"caption\":\"Robert Hoffmann\"},\"description\":\"Ich hei\u00dfe Robert Hoffmann und ich bin ein leidenschaftlicher Verfechter von \u00d6kologie und Biodiversit\u00e4t. Seit meiner Kindheit in den W\u00e4ldern Bayerns f\u00fchle ich mich mit der Natur verbunden und bin entschlossen, sie zu sch\u00fctzen. Heute widme ich mein Leben der Sensibilisierung anderer f\u00fcr die Bedeutung des Umweltschutzes f\u00fcr zuk\u00fcnftige Generationen.\",\"sameAs\":[\"https:\\\/\\\/www.strassenweb.de\\\/\"]}]}<\/script>\n<!-- \/ Yoast SEO plugin. -->","yoast_head_json":{"title":"Tom Brady verwendet offene Regale, um eine Ecke seiner K\u00fcche in eine Mini -Ausstellung zu verbessern - es ist eine pers\u00f6nliche Art, Farbe in einen neutralen Raum einzuf\u00fchren - Nachrichten - Stra\u00dfenweb","robots":{"index":"index","follow":"follow","max-snippet":"max-snippet:-1","max-image-preview":"max-image-preview:large","max-video-preview":"max-video-preview:-1"},"canonical":"https:\/\/www.strassenweb.de\/nachrichten\/tom-brady-verwendet-offene-regale-um-eine-ecke-seiner-kueche-in-eine-mini-ausstellung-zu-verbessern-es-ist-eine-persoenliche-art-farbe-in-einen-neutralen-raum-einzufuehren\/","og_locale":"de_DE","og_type":"article","og_title":"Tom Brady verwendet offene Regale, um eine Ecke seiner K\u00fcche in eine Mini -Ausstellung zu verbessern - es ist eine pers\u00f6nliche Art, Farbe in einen neutralen Raum einzuf\u00fchren - Nachrichten - Stra\u00dfenweb","og_description":"Wenn uns die letzten Jahre etwas gelehrt haben, dann sind funktionale R\u00e4ume wie K\u00fcchen genauso w\u00fcrdig wie der Rest von H\u00e4usern. Vorbei sind die Tage","og_url":"https:\/\/www.strassenweb.de\/nachrichten\/tom-brady-verwendet-offene-regale-um-eine-ecke-seiner-kueche-in-eine-mini-ausstellung-zu-verbessern-es-ist-eine-persoenliche-art-farbe-in-einen-neutralen-raum-einzufuehren\/","og_site_name":"Stra\u00dfenweb","article_publisher":"https:\/\/www.facebook.com\/strassenweb\/","article_published_time":"2025-03-10T22:39:36+00:00","article_modified_time":"2025-03-10T22:39:37+00:00","og_image":[{"width":1200,"height":675,"url":"https:\/\/www.strassenweb.de\/nachrichten\/wp-content\/uploads\/2025\/03\/Tom-Brady-verwendet-offene-Regale-um-eine-Ecke-seiner-Kueche.jpg","type":"image\/jpeg"}],"author":"Robert Hoffmann","twitter_card":"summary_large_image","twitter_misc":{"Verfasst von":"Robert Hoffmann","Gesch\u00e4tzte Lesezeit":"3\u00a0Minuten"},"schema":{"@context":"https:\/\/schema.org","@graph":[{"@type":"Article","@id":"https:\/\/www.strassenweb.de\/nachrichten\/tom-brady-verwendet-offene-regale-um-eine-ecke-seiner-kueche-in-eine-mini-ausstellung-zu-verbessern-es-ist-eine-persoenliche-art-farbe-in-einen-neutralen-raum-einzufuehren\/#article","isPartOf":{"@id":"https:\/\/www.strassenweb.de\/nachrichten\/tom-brady-verwendet-offene-regale-um-eine-ecke-seiner-kueche-in-eine-mini-ausstellung-zu-verbessern-es-ist-eine-persoenliche-art-farbe-in-einen-neutralen-raum-einzufuehren\/"},"author":{"name":"Robert Hoffmann","@id":"https:\/\/www.strassenweb.de\/nachrichten\/#\/schema\/person\/87c9c9067f1211da429a744dc5a5aa41"},"headline":"Tom Brady verwendet offene Regale, um eine Ecke seiner K\u00fcche in eine Mini -Ausstellung zu verbessern &#8211; es ist eine pers\u00f6nliche Art, Farbe in einen neutralen Raum einzuf\u00fchren","datePublished":"2025-03-10T22:39:36+00:00","dateModified":"2025-03-10T22:39:37+00:00","mainEntityOfPage":{"@id":"https:\/\/www.strassenweb.de\/nachrichten\/tom-brady-verwendet-offene-regale-um-eine-ecke-seiner-kueche-in-eine-mini-ausstellung-zu-verbessern-es-ist-eine-persoenliche-art-farbe-in-einen-neutralen-raum-einzufuehren\/"},"wordCount":574,"publisher":{"@id":"https:\/\/www.strassenweb.de\/nachrichten\/#organization"},"image":{"@id":"https:\/\/www.strassenweb.de\/nachrichten\/tom-brady-verwendet-offene-regale-um-eine-ecke-seiner-kueche-in-eine-mini-ausstellung-zu-verbessern-es-ist-eine-persoenliche-art-farbe-in-einen-neutralen-raum-einzufuehren\/#primaryimage"},"thumbnailUrl":"https:\/\/www.strassenweb.de\/nachrichten\/wp-content\/uploads\/2025\/03\/Tom-Brady-verwendet-offene-Regale-um-eine-Ecke-seiner-Kueche.jpg","keywords":["Art","Ausstellung","Brady","Ecke","eine","einen","einzuf\u00fchren","Farbe","ist","K\u00fcche","Mini","neutralen","offene","pers\u00f6nliche","Raum","Regale","seiner","Tom","verbessern","verwendet"],"articleSection":["Haus &amp; Garten"],"inLanguage":"de"},{"@type":"WebPage","@id":"https:\/\/www.strassenweb.de\/nachrichten\/tom-brady-verwendet-offene-regale-um-eine-ecke-seiner-kueche-in-eine-mini-ausstellung-zu-verbessern-es-ist-eine-persoenliche-art-farbe-in-einen-neutralen-raum-einzufuehren\/","url":"https:\/\/www.strassenweb.de\/nachrichten\/tom-brady-verwendet-offene-regale-um-eine-ecke-seiner-kueche-in-eine-mini-ausstellung-zu-verbessern-es-ist-eine-persoenliche-art-farbe-in-einen-neutralen-raum-einzufuehren\/","name":"Tom Brady verwendet offene Regale, um eine Ecke seiner K\u00fcche in eine Mini -Ausstellung zu verbessern - es ist eine pers\u00f6nliche Art, Farbe in einen neutralen Raum einzuf\u00fchren - Nachrichten - Stra\u00dfenweb","isPartOf":{"@id":"https:\/\/www.strassenweb.de\/nachrichten\/#website"},"primaryImageOfPage":{"@id":"https:\/\/www.strassenweb.de\/nachrichten\/tom-brady-verwendet-offene-regale-um-eine-ecke-seiner-kueche-in-eine-mini-ausstellung-zu-verbessern-es-ist-eine-persoenliche-art-farbe-in-einen-neutralen-raum-einzufuehren\/#primaryimage"},"image":{"@id":"https:\/\/www.strassenweb.de\/nachrichten\/tom-brady-verwendet-offene-regale-um-eine-ecke-seiner-kueche-in-eine-mini-ausstellung-zu-verbessern-es-ist-eine-persoenliche-art-farbe-in-einen-neutralen-raum-einzufuehren\/#primaryimage"},"thumbnailUrl":"https:\/\/www.strassenweb.de\/nachrichten\/wp-content\/uploads\/2025\/03\/Tom-Brady-verwendet-offene-Regale-um-eine-Ecke-seiner-Kueche.jpg","datePublished":"2025-03-10T22:39:36+00:00","dateModified":"2025-03-10T22:39:37+00:00","breadcrumb":{"@id":"https:\/\/www.strassenweb.de\/nachrichten\/tom-brady-verwendet-offene-regale-um-eine-ecke-seiner-kueche-in-eine-mini-ausstellung-zu-verbessern-es-ist-eine-persoenliche-art-farbe-in-einen-neutralen-raum-einzufuehren\/#breadcrumb"},"inLanguage":"de","potentialAction":[{"@type":"ReadAction","target":["https:\/\/www.strassenweb.de\/nachrichten\/tom-brady-verwendet-offene-regale-um-eine-ecke-seiner-kueche-in-eine-mini-ausstellung-zu-verbessern-es-ist-eine-persoenliche-art-farbe-in-einen-neutralen-raum-einzufuehren\/"]}]},{"@type":"ImageObject","inLanguage":"de","@id":"https:\/\/www.strassenweb.de\/nachrichten\/tom-brady-verwendet-offene-regale-um-eine-ecke-seiner-kueche-in-eine-mini-ausstellung-zu-verbessern-es-ist-eine-persoenliche-art-farbe-in-einen-neutralen-raum-einzufuehren\/#primaryimage","url":"https:\/\/www.strassenweb.de\/nachrichten\/wp-content\/uploads\/2025\/03\/Tom-Brady-verwendet-offene-Regale-um-eine-Ecke-seiner-Kueche.jpg","contentUrl":"https:\/\/www.strassenweb.de\/nachrichten\/wp-content\/uploads\/2025\/03\/Tom-Brady-verwendet-offene-Regale-um-eine-Ecke-seiner-Kueche.jpg","width":1200,"height":675,"caption":"Tom Brady verwendet offene Regale, um eine Ecke seiner K\u00fcche in eine Mini -Ausstellung zu verbessern - es ist eine pers\u00f6nliche Art, Farbe in einen neutralen Raum einzuf\u00fchren"},{"@type":"BreadcrumbList","@id":"https:\/\/www.strassenweb.de\/nachrichten\/tom-brady-verwendet-offene-regale-um-eine-ecke-seiner-kueche-in-eine-mini-ausstellung-zu-verbessern-es-ist-eine-persoenliche-art-farbe-in-einen-neutralen-raum-einzufuehren\/#breadcrumb","itemListElement":[{"@type":"ListItem","position":1,"name":"Home","item":"https:\/\/www.strassenweb.de\/nachrichten\/"},{"@type":"ListItem","position":2,"name":"Tom Brady verwendet offene Regale, um eine Ecke seiner K\u00fcche in eine Mini -Ausstellung zu verbessern &#8211; es ist eine pers\u00f6nliche Art, Farbe in einen neutralen Raum einzuf\u00fchren"}]},{"@type":"WebSite","@id":"https:\/\/www.strassenweb.de\/nachrichten\/#website","url":"https:\/\/www.strassenweb.de\/nachrichten\/","name":"Stra\u00dfenweb","description":"Stra\u00dfenverzeichnis f\u00fcr Deutschland","publisher":{"@id":"https:\/\/www.strassenweb.de\/nachrichten\/#organization"},"potentialAction":[{"@type":"SearchAction","target":{"@type":"EntryPoint","urlTemplate":"https:\/\/www.strassenweb.de\/nachrichten\/?s={search_term_string}"},"query-input":{"@type":"PropertyValueSpecification","valueRequired":true,"valueName":"search_term_string"}}],"inLanguage":"de"},{"@type":"Organization","@id":"https:\/\/www.strassenweb.de\/nachrichten\/#organization","name":"Stra\u00dfenweb","url":"https:\/\/www.strassenweb.de\/nachrichten\/","logo":{"@type":"ImageObject","inLanguage":"de","@id":"https:\/\/www.strassenweb.de\/nachrichten\/#\/schema\/logo\/image\/","url":"https:\/\/www.strassenweb.de\/nachrichten\/wp-content\/uploads\/2024\/09\/cropped-favicon.png","contentUrl":"https:\/\/www.strassenweb.de\/nachrichten\/wp-content\/uploads\/2024\/09\/cropped-favicon.png","width":512,"height":512,"caption":"Stra\u00dfenweb"},"image":{"@id":"https:\/\/www.strassenweb.de\/nachrichten\/#\/schema\/logo\/image\/"},"sameAs":["https:\/\/www.facebook.com\/strassenweb\/"]},{"@type":"Person","@id":"https:\/\/www.strassenweb.de\/nachrichten\/#\/schema\/person\/87c9c9067f1211da429a744dc5a5aa41","name":"Robert Hoffmann","image":{"@type":"ImageObject","inLanguage":"de","@id":"https:\/\/www.strassenweb.de\/nachrichten\/wp-content\/uploads\/2024\/09\/strassenweb-150x150.jpg","url":"https:\/\/www.strassenweb.de\/nachrichten\/wp-content\/uploads\/2024\/09\/strassenweb-150x150.jpg","contentUrl":"https:\/\/www.strassenweb.de\/nachrichten\/wp-content\/uploads\/2024\/09\/strassenweb-150x150.jpg","caption":"Robert Hoffmann"},"description":"Ich hei\u00dfe Robert Hoffmann und ich bin ein leidenschaftlicher Verfechter von \u00d6kologie und Biodiversit\u00e4t. Seit meiner Kindheit in den W\u00e4ldern Bayerns f\u00fchle ich mich mit der Natur verbunden und bin entschlossen, sie zu sch\u00fctzen. Heute widme ich mein Leben der Sensibilisierung anderer f\u00fcr die Bedeutung des Umweltschutzes f\u00fcr zuk\u00fcnftige Generationen.","sameAs":["https:\/\/www.strassenweb.de\/"]}]}},"_links":{"self":[{"href":"https:\/\/www.strassenweb.de\/nachrichten\/wp-json\/wp\/v2\/posts\/3782","targetHints":{"allow":["GET"]}}],"collection":[{"href":"https:\/\/www.strassenweb.de\/nachrichten\/wp-json\/wp\/v2\/posts"}],"about":[{"href":"https:\/\/www.strassenweb.de\/nachrichten\/wp-json\/wp\/v2\/types\/post"}],"author":[{"embeddable":true,"href":"https:\/\/www.strassenweb.de\/nachrichten\/wp-json\/wp\/v2\/users\/1"}],"replies":[{"embeddable":true,"href":"https:\/\/www.strassenweb.de\/nachrichten\/wp-json\/wp\/v2\/comments?post=3782"}],"version-history":[{"count":0,"href":"https:\/\/www.strassenweb.de\/nachrichten\/wp-json\/wp\/v2\/posts\/3782\/revisions"}],"wp:featuredmedia":[{"embeddable":true,"href":"https:\/\/www.strassenweb.de\/nachrichten\/wp-json\/wp\/v2\/media\/3783"}],"wp:attachment":[{"href":"https:\/\/www.strassenweb.de\/nachrichten\/wp-json\/wp\/v2\/media?parent=3782"}],"wp:term":[{"taxonomy":"category","embeddable":true,"href":"https:\/\/www.strassenweb.de\/nachrichten\/wp-json\/wp\/v2\/categories?post=3782"},{"taxonomy":"post_tag","embeddable":true,"href":"https:\/\/www.strassenweb.de\/nachrichten\/wp-json\/wp\/v2\/tags?post=3782"}],"curies":[{"name":"wp","href":"https:\/\/api.w.org\/{rel}","templated":true}]}}