{"id":3764,"date":"2025-03-10T11:39:30","date_gmt":"2025-03-10T10:39:30","guid":{"rendered":"https:\/\/www.strassenweb.de\/nachrichten\/die-de-nimes-von-farrow-ball-ist-zeitlos-und-flexibel-in-jedem-raum-hier-wird-mit-dieser-gedaempften-blauen-farbe-dekoriert\/"},"modified":"2025-03-10T11:39:30","modified_gmt":"2025-03-10T10:39:30","slug":"die-de-nimes-von-farrow-ball-ist-zeitlos-und-flexibel-in-jedem-raum-hier-wird-mit-dieser-gedaempften-blauen-farbe-dekoriert","status":"publish","type":"post","link":"https:\/\/www.strassenweb.de\/nachrichten\/die-de-nimes-von-farrow-ball-ist-zeitlos-und-flexibel-in-jedem-raum-hier-wird-mit-dieser-gedaempften-blauen-farbe-dekoriert\/","title":{"rendered":"Die De -Nimes von Farrow &#038; Ball ist &#8222;zeitlos und flexibel in jedem Raum&#8220; &#8211; hier wird mit dieser ged\u00e4mpften blauen Farbe dekoriert"},"content":{"rendered":"<p><\/p>\n<div id=\"article-body\" class=\"article__body \">\n<p>Blaue Farben geh\u00f6ren zu den zeitlossten und vielseitigsten, von hoch entwickelter Marineblues bis hin zu beruhigendem blassen Blues, und die De -Nimes von Farrow &#038; Ball ist die neueste, die uns \u00fcberzeugt.<\/p>\n<div id=\"ad-unit-1\" class=\"ad-unit\"><\/div>\n<p>Im wahren Farrow &#038; Ball Style f\u00fchlt sich De Nimes dank seiner ged\u00e4mpften Oberfl\u00e4che und grau-down-T\u00f6ne unglaublich lebenswert. Ob in modernen H\u00e4usern oder traditionellem, diese blaue Farbe f\u00fcgt Tiefe und Interesse hinzu, w\u00e4hrend sie eine zur\u00fcckhaltende Qualit\u00e4t aufrechterhalten.<\/p>\n<aside class=\"hawk-base\" data-block-type=\"embed\" data-render-type=\"fte\" data-skip=\"dealsy\" data-widget-type=\"seasonal\">\n<div class=\"hawk-master-widget-hawk-base-wrapper\"><\/div>\n<\/aside>\n<p>Wenn Sie Ihrem Zuhause mehr Farbe als neutrale Farbt\u00f6ne hinzuf\u00fcgen m\u00f6chten, aber nicht zu mutig sind, ist de Nimes eine gro\u00dfartige Wahl. Im Folgenden erkl\u00e4ren wir alles, was Sie \u00fcber dieses weiche Blau wissen m\u00fcssen, bevor Sie es in Ihr Schema einbeziehen.<\/p>\n<div id=\"desktop-in-article\" class=\"in-article ad-unit\">\n<div id=\"desktop-taboola-mid-article\"><\/div>\n<\/div>\n<div id=\"mobile-in-article\" class=\"in-article ad-unit\">\n<div id=\"mobile-taboola-mid-article\"><\/div>\n<\/div>\n<h2 id=\"what-color-is-farrow-ball-s-de-nimes-3\">Welche Farbe hat die De -Nimes von Farrow &#038; Ball?<\/h2>\n<p>&#8222;De Nimes, unser&#8220; graustes &#8222;Blues, hat eine raffinierte Zur\u00fcckhaltung und ist f\u00fcr eine moderne oder traditionelle Sensibilit\u00e4t wunderbar flexibel&#8220;, erkl\u00e4rt Patrick O&#8217;Donnell, Markenbotschafter bei Farrow &#038; Ball.<\/p>\n<div class=\"van_vid_carousel\">\n<div class=\"van_vid_carousel__padding\">\n<div class=\"van_vid_carousel__container\"><\/div>\n<\/div>\n<\/div>\n<p>DE Nimes lebenswert und ged\u00e4mpft und sorgt f\u00fcr eine zeitlose Farbfarbe, die die R\u00e4ume nicht mit Farbe \u00fcberw\u00e4ltigt, aber subtile Tiefe erh\u00f6ht. Wie Patrick erw\u00e4hnt, verleihen seine grauen T\u00f6ne mehr neutrale Qualit\u00e4t, was bedeutet, wenn Sie jemand sind, der nicht zu mutig mit Ihren Zimmerfarben Ideen eingehen m\u00f6chte, ist de Nimes eine fehlgeschlagene Wahl.<\/p>\n<div id=\"ad-unit-2\" class=\"ad-unit\"><\/div>\n<p>&#8222;De Nimes ist ein sehr eleganter und sch\u00f6ner Ton mit einer Tiefenschicht&#8220;, erkl\u00e4rt die Innenarchitektin Natalia Miyar. &#8218;Das tiefe Blau-Grau ist zeitlos und flexibel f\u00fcr jeden Raum oder sogar f\u00fcr M\u00f6bel und architektonische Formteile. Es ist launisch und raffiniert, und die Art und Weise, wie es nat\u00fcrliche Elemente wie Holz erg\u00e4nzt, ist besonders interessant &#8211; es verbessert die W\u00e4rme des Holzes. Es kann eine beruhigende, aber einladende Atmosph\u00e4re schaffen, die sich ideal f\u00fcr R\u00e4ume ideal f\u00fcr diese besondere Balance erfordern. &#8218;<\/p>\n<h2 id=\"how-to-decorate-with-de-nimes-3\">Wie man mit nimes dekoriert<\/h2>\n<p>Da De Nimes ged\u00e4mpft und mit Grau vorgezogen ist, ist es vielseitig, in allen m\u00f6glichen R\u00e4umen, von K\u00fcchen bis zu Badezimmern, zu verwenden, wie unten erl\u00e4utert.<\/p>\n<h3 class=\"article-body__section\" id=\"section-1-use-de-nimes-in-a-kitchen\"><span>1. Verwenden Sie de Nimes in einer K\u00fcche<\/span><\/h3>\n<figure class=\"van-image-figure inline-layout \" data-bordeaux-image-check>\n<div class=\"image-full-width-wrapper\">\n<div class=\"image-widthsetter\" style=\"max-width:2400px;\"><\/div>\n<\/div>\n<\/figure>\n<p>Wenn Sie mit Ihren K\u00fcchenfarben ein bisschen dunkler werden m\u00f6chten, trifft de Nimes eine stilvolle Wahl. &#8222;Es sieht gut in K\u00fcchenschr\u00e4nken aus, ohne sich wie nur eine andere blaue K\u00fcche zu f\u00fchlen, besonders wenn sie mit einem schmutzigen Wei\u00df an Ihren W\u00e4nden wie Old White kombiniert&#8220;, r\u00e4t Patrick.<\/p>\n<p>W\u00e4hrend die K\u00fcchen der Marine in den letzten Jahren viel Anziehungskraft gesehen haben, k\u00f6nnen Farben wie De -Nimes, die als ged\u00e4mpft gelesen wurden, mehr zeitlos aussehen. &#8222;Es ist eine raffinierte Alternative zu Navy, die etwas mehr Weichheit und Vielseitigkeit bietet&#8220;, f\u00fcgt Designer Jessika Gatewood von Gatewood Designs hinzu.<\/p>\n<figure class=\"van-image-figure inline-layout \" data-bordeaux-image-check>\n<div class=\"image-full-width-wrapper\">\n<div class=\"image-widthsetter\" style=\"max-width:2400px;\"><\/div>\n<\/div>\n<\/figure>\n<p>W\u00e4hrend sich De Nimes f\u00fcr Land- und Bauernhausk\u00fcchen anf\u00fchlt, kann es in modernen K\u00fcchen genauso gut funktionieren. Hier verwendete der Innenarchitekt Bambi A&#8217;Lynn Bratton von Bambi A&#8217;lynn Innenarchitektur diese anspruchsvolle blaue Farbe auf der K\u00fccheninsel und verleiht dem ansonsten wei\u00dfen Schema Interesse und Farbe.<\/p>\n<h3 class=\"article-body__section\" id=\"section-2-add-warmth-by-pairing-it-with-pink\"><span>2. F\u00fcgen Sie W\u00e4rme hinzu, indem Sie es mit Pink kombinieren<\/span><\/h3>\n<figure class=\"van-image-figure inline-layout \" data-bordeaux-image-check>\n<div class=\"image-full-width-wrapper\">\n<div class=\"image-widthsetter\" style=\"max-width:2000px;\"><\/div>\n<\/div>\n<\/figure>\n<p>Da De Nimes graue Untert\u00f6ne enth\u00e4lt und ihm eine verhaltene Qualit\u00e4t gibt, m\u00f6chten Sie m\u00f6glicherweise Ihrem Farbschema W\u00e4rme verleihen. Eine M\u00f6glichkeit, dies zu tun, besteht darin, dem Raum w\u00e4rmende rosa oder rote T\u00f6ne hinzuzuf\u00fcgen, egal ob das durch Dekor oder eine kontrastierende Farbfarbe, wie Patrick unten vorschl\u00e4gt:<\/p>\n<p>\u00bbGeben Sie ihm ein frischeres Gef\u00fchl, indem Sie sich mit dem ged\u00e4mpften Rosa von Calamin und einem sauberen Wei\u00df wie Wevet f\u00fcr Decken und Trimmen kombinieren. Es arbeitet auch als Leckerbissen f\u00fcr ein kleines, einladendes Studium oder Innenministerium, in dem seine dunkleren Notizen dazu beitragen, den Geist zu fokussieren. Tragen Sie einfach starkes Wei\u00df auf die Verkleidung auf, werfen Sie jedoch Akzente von Weinrot auf Polsterung, um nicht zu d\u00fcster zu f\u00fchlen. &#8218;<\/p>\n<h3 class=\"article-body__section\" id=\"section-3-create-a-cozy-bathroom\"><span>3. Erstellen Sie ein gem\u00fctliches Badezimmer<\/span><\/h3>\n<figure class=\"van-image-figure inline-layout \" data-bordeaux-image-check>\n<div class=\"image-full-width-wrapper\">\n<div class=\"image-widthsetter\" style=\"max-width:2000px;\"><\/div>\n<\/div>\n<\/figure>\n<p>So oft sind die Badezimmer mit hellen neutralen Farben wie Wei\u00dfen und beige T\u00f6nen dekoriert. W\u00e4hrend diese Farben dazu beitragen k\u00f6nnen, dass sich die Dinge beruhigend und luftig f\u00fchlen, ist es eine gro\u00dfartige M\u00f6glichkeit, die W\u00e4nde mehr Farbe zu verleihen, um ein gem\u00fctliches, designorientiertes Badezimmer zu schaffen.<\/p>\n<p>Hier wird es verwendet, um das Badezimmer zu f\u00e4rben, was zu einem zusammenh\u00e4ngenden und erhebenden Raum f\u00fchrt. &#8222;Kombiniert mit nat\u00fcrlichen Materialien wie Holz und Leder, verbessert es das Gesamtdesign&#8220;, f\u00fcgt Designerin Laura Lubin von Ellerlie Interiors hinzu.<\/p>\n<hr>\n<p>Wie werden Sie mit den Nimes von Farrow &#038; Ball dekorieren? Egal, ob Sie es mutig mit farblich tapferen Ideen oder sparsamer als Akzentfarbe verwenden, diese ged\u00e4mpfte blaue Farbe verleiht Ihrem Zuhause ein Gef\u00fchl der Zeitlosigkeit.<\/p>\n<\/div>\n","protected":false},"excerpt":{"rendered":"<p>Blaue Farben geh\u00f6ren zu den zeitlossten und vielseitigsten, von hoch entwickelter Marineblues bis hin zu beruhigendem blassen Blues, und die De -Nimes von Farrow &#038;<\/p>\n","protected":false},"author":1,"featured_media":3765,"comment_status":"closed","ping_status":"","sticky":false,"template":"","format":"standard","meta":{"footnotes":""},"categories":[118],"tags":[1784,2078,195,9,1554,1202,1783,5798,218,163,15,963,146,5797,182,37,21,71,3271],"class_list":["post-3764","post","type-post","status-publish","format-standard","has-post-thumbnail","hentry","category-haus-garten","tag-ball","tag-blauen","tag-dekoriert","tag-die","tag-dieser","tag-farbe","tag-farrow","tag-flexibel","tag-gedaempften","tag-hier","tag-ist","tag-jedem","tag-mit","tag-nimes","tag-raum","tag-und","tag-von","tag-wird","tag-zeitlos","generate-columns","tablet-grid-50","mobile-grid-100","grid-parent","grid-50"],"yoast_head":"<!-- This site is optimized with the Yoast SEO plugin v27.3 - https:\/\/yoast.com\/product\/yoast-seo-wordpress\/ -->\n<title>Die De -Nimes von Farrow &amp; Ball ist &quot;zeitlos und flexibel in jedem Raum&quot; - hier wird mit dieser ged\u00e4mpften blauen Farbe dekoriert - Nachrichten - Stra\u00dfenweb<\/title>\n<meta name=\"robots\" content=\"index, follow, max-snippet:-1, max-image-preview:large, max-video-preview:-1\" \/>\n<link rel=\"canonical\" href=\"https:\/\/www.strassenweb.de\/nachrichten\/die-de-nimes-von-farrow-ball-ist-zeitlos-und-flexibel-in-jedem-raum-hier-wird-mit-dieser-gedaempften-blauen-farbe-dekoriert\/\" \/>\n<meta property=\"og:locale\" content=\"de_DE\" \/>\n<meta property=\"og:type\" content=\"article\" \/>\n<meta property=\"og:title\" content=\"Die De -Nimes von Farrow &amp; Ball ist &quot;zeitlos und flexibel in jedem Raum&quot; - hier wird mit dieser ged\u00e4mpften blauen Farbe dekoriert - Nachrichten - Stra\u00dfenweb\" \/>\n<meta property=\"og:description\" content=\"Blaue Farben geh\u00f6ren zu den zeitlossten und vielseitigsten, von hoch entwickelter Marineblues bis hin zu beruhigendem blassen Blues, und die De -Nimes von Farrow &#038;\" \/>\n<meta property=\"og:url\" content=\"https:\/\/www.strassenweb.de\/nachrichten\/die-de-nimes-von-farrow-ball-ist-zeitlos-und-flexibel-in-jedem-raum-hier-wird-mit-dieser-gedaempften-blauen-farbe-dekoriert\/\" \/>\n<meta property=\"og:site_name\" content=\"Stra\u00dfenweb\" \/>\n<meta property=\"article:publisher\" content=\"https:\/\/www.facebook.com\/strassenweb\/\" \/>\n<meta property=\"article:published_time\" content=\"2025-03-10T10:39:30+00:00\" \/>\n<meta property=\"og:image\" content=\"https:\/\/www.strassenweb.de\/nachrichten\/wp-content\/uploads\/2025\/03\/Die-De-Nimes-von-Farrow-Ball-ist-zeitlos-und.jpg\" \/>\n\t<meta property=\"og:image:width\" content=\"1200\" \/>\n\t<meta property=\"og:image:height\" content=\"1440\" \/>\n\t<meta property=\"og:image:type\" content=\"image\/jpeg\" \/>\n<meta name=\"author\" content=\"Robert Hoffmann\" \/>\n<meta name=\"twitter:card\" content=\"summary_large_image\" \/>\n<meta name=\"twitter:label1\" content=\"Verfasst von\" \/>\n\t<meta name=\"twitter:data1\" content=\"Robert Hoffmann\" \/>\n\t<meta name=\"twitter:label2\" content=\"Gesch\u00e4tzte Lesezeit\" \/>\n\t<meta name=\"twitter:data2\" content=\"4\u00a0Minuten\" \/>\n<script type=\"application\/ld+json\" class=\"yoast-schema-graph\">{\"@context\":\"https:\\\/\\\/schema.org\",\"@graph\":[{\"@type\":\"Article\",\"@id\":\"https:\\\/\\\/www.strassenweb.de\\\/nachrichten\\\/die-de-nimes-von-farrow-ball-ist-zeitlos-und-flexibel-in-jedem-raum-hier-wird-mit-dieser-gedaempften-blauen-farbe-dekoriert\\\/#article\",\"isPartOf\":{\"@id\":\"https:\\\/\\\/www.strassenweb.de\\\/nachrichten\\\/die-de-nimes-von-farrow-ball-ist-zeitlos-und-flexibel-in-jedem-raum-hier-wird-mit-dieser-gedaempften-blauen-farbe-dekoriert\\\/\"},\"author\":{\"name\":\"Robert Hoffmann\",\"@id\":\"https:\\\/\\\/www.strassenweb.de\\\/nachrichten\\\/#\\\/schema\\\/person\\\/87c9c9067f1211da429a744dc5a5aa41\"},\"headline\":\"Die De -Nimes von Farrow &#038; Ball ist &#8222;zeitlos und flexibel in jedem Raum&#8220; &#8211; hier wird mit dieser ged\u00e4mpften blauen Farbe dekoriert\",\"datePublished\":\"2025-03-10T10:39:30+00:00\",\"mainEntityOfPage\":{\"@id\":\"https:\\\/\\\/www.strassenweb.de\\\/nachrichten\\\/die-de-nimes-von-farrow-ball-ist-zeitlos-und-flexibel-in-jedem-raum-hier-wird-mit-dieser-gedaempften-blauen-farbe-dekoriert\\\/\"},\"wordCount\":839,\"publisher\":{\"@id\":\"https:\\\/\\\/www.strassenweb.de\\\/nachrichten\\\/#organization\"},\"image\":{\"@id\":\"https:\\\/\\\/www.strassenweb.de\\\/nachrichten\\\/die-de-nimes-von-farrow-ball-ist-zeitlos-und-flexibel-in-jedem-raum-hier-wird-mit-dieser-gedaempften-blauen-farbe-dekoriert\\\/#primaryimage\"},\"thumbnailUrl\":\"https:\\\/\\\/www.strassenweb.de\\\/nachrichten\\\/wp-content\\\/uploads\\\/2025\\\/03\\\/Die-De-Nimes-von-Farrow-Ball-ist-zeitlos-und.jpg\",\"keywords\":[\"Ball\",\"blauen\",\"dekoriert\",\"die\",\"dieser\",\"Farbe\",\"Farrow\",\"flexibel\",\"ged\u00e4mpften\",\"hier\",\"ist\",\"jedem\",\"mit\",\"Nimes\",\"Raum\",\"und\",\"von\",\"wird\",\"zeitlos\"],\"articleSection\":[\"Haus &amp; Garten\"],\"inLanguage\":\"de\"},{\"@type\":\"WebPage\",\"@id\":\"https:\\\/\\\/www.strassenweb.de\\\/nachrichten\\\/die-de-nimes-von-farrow-ball-ist-zeitlos-und-flexibel-in-jedem-raum-hier-wird-mit-dieser-gedaempften-blauen-farbe-dekoriert\\\/\",\"url\":\"https:\\\/\\\/www.strassenweb.de\\\/nachrichten\\\/die-de-nimes-von-farrow-ball-ist-zeitlos-und-flexibel-in-jedem-raum-hier-wird-mit-dieser-gedaempften-blauen-farbe-dekoriert\\\/\",\"name\":\"Die De -Nimes von Farrow & Ball ist \\\"zeitlos und flexibel in jedem Raum\\\" - hier wird mit dieser ged\u00e4mpften blauen Farbe dekoriert - Nachrichten - Stra\u00dfenweb\",\"isPartOf\":{\"@id\":\"https:\\\/\\\/www.strassenweb.de\\\/nachrichten\\\/#website\"},\"primaryImageOfPage\":{\"@id\":\"https:\\\/\\\/www.strassenweb.de\\\/nachrichten\\\/die-de-nimes-von-farrow-ball-ist-zeitlos-und-flexibel-in-jedem-raum-hier-wird-mit-dieser-gedaempften-blauen-farbe-dekoriert\\\/#primaryimage\"},\"image\":{\"@id\":\"https:\\\/\\\/www.strassenweb.de\\\/nachrichten\\\/die-de-nimes-von-farrow-ball-ist-zeitlos-und-flexibel-in-jedem-raum-hier-wird-mit-dieser-gedaempften-blauen-farbe-dekoriert\\\/#primaryimage\"},\"thumbnailUrl\":\"https:\\\/\\\/www.strassenweb.de\\\/nachrichten\\\/wp-content\\\/uploads\\\/2025\\\/03\\\/Die-De-Nimes-von-Farrow-Ball-ist-zeitlos-und.jpg\",\"datePublished\":\"2025-03-10T10:39:30+00:00\",\"breadcrumb\":{\"@id\":\"https:\\\/\\\/www.strassenweb.de\\\/nachrichten\\\/die-de-nimes-von-farrow-ball-ist-zeitlos-und-flexibel-in-jedem-raum-hier-wird-mit-dieser-gedaempften-blauen-farbe-dekoriert\\\/#breadcrumb\"},\"inLanguage\":\"de\",\"potentialAction\":[{\"@type\":\"ReadAction\",\"target\":[\"https:\\\/\\\/www.strassenweb.de\\\/nachrichten\\\/die-de-nimes-von-farrow-ball-ist-zeitlos-und-flexibel-in-jedem-raum-hier-wird-mit-dieser-gedaempften-blauen-farbe-dekoriert\\\/\"]}]},{\"@type\":\"ImageObject\",\"inLanguage\":\"de\",\"@id\":\"https:\\\/\\\/www.strassenweb.de\\\/nachrichten\\\/die-de-nimes-von-farrow-ball-ist-zeitlos-und-flexibel-in-jedem-raum-hier-wird-mit-dieser-gedaempften-blauen-farbe-dekoriert\\\/#primaryimage\",\"url\":\"https:\\\/\\\/www.strassenweb.de\\\/nachrichten\\\/wp-content\\\/uploads\\\/2025\\\/03\\\/Die-De-Nimes-von-Farrow-Ball-ist-zeitlos-und.jpg\",\"contentUrl\":\"https:\\\/\\\/www.strassenweb.de\\\/nachrichten\\\/wp-content\\\/uploads\\\/2025\\\/03\\\/Die-De-Nimes-von-Farrow-Ball-ist-zeitlos-und.jpg\",\"width\":1200,\"height\":1440,\"caption\":\"Die De -Nimes von Farrow & Ball ist \\\"zeitlos und flexibel in jedem Raum\\\" - hier wird mit dieser ged\u00e4mpften blauen Farbe dekoriert\"},{\"@type\":\"BreadcrumbList\",\"@id\":\"https:\\\/\\\/www.strassenweb.de\\\/nachrichten\\\/die-de-nimes-von-farrow-ball-ist-zeitlos-und-flexibel-in-jedem-raum-hier-wird-mit-dieser-gedaempften-blauen-farbe-dekoriert\\\/#breadcrumb\",\"itemListElement\":[{\"@type\":\"ListItem\",\"position\":1,\"name\":\"Home\",\"item\":\"https:\\\/\\\/www.strassenweb.de\\\/nachrichten\\\/\"},{\"@type\":\"ListItem\",\"position\":2,\"name\":\"Die De -Nimes von Farrow &#038; Ball ist &#8222;zeitlos und flexibel in jedem Raum&#8220; &#8211; hier wird mit dieser ged\u00e4mpften blauen Farbe dekoriert\"}]},{\"@type\":\"WebSite\",\"@id\":\"https:\\\/\\\/www.strassenweb.de\\\/nachrichten\\\/#website\",\"url\":\"https:\\\/\\\/www.strassenweb.de\\\/nachrichten\\\/\",\"name\":\"Stra\u00dfenweb\",\"description\":\"Stra\u00dfenverzeichnis f\u00fcr Deutschland\",\"publisher\":{\"@id\":\"https:\\\/\\\/www.strassenweb.de\\\/nachrichten\\\/#organization\"},\"potentialAction\":[{\"@type\":\"SearchAction\",\"target\":{\"@type\":\"EntryPoint\",\"urlTemplate\":\"https:\\\/\\\/www.strassenweb.de\\\/nachrichten\\\/?s={search_term_string}\"},\"query-input\":{\"@type\":\"PropertyValueSpecification\",\"valueRequired\":true,\"valueName\":\"search_term_string\"}}],\"inLanguage\":\"de\"},{\"@type\":\"Organization\",\"@id\":\"https:\\\/\\\/www.strassenweb.de\\\/nachrichten\\\/#organization\",\"name\":\"Stra\u00dfenweb\",\"url\":\"https:\\\/\\\/www.strassenweb.de\\\/nachrichten\\\/\",\"logo\":{\"@type\":\"ImageObject\",\"inLanguage\":\"de\",\"@id\":\"https:\\\/\\\/www.strassenweb.de\\\/nachrichten\\\/#\\\/schema\\\/logo\\\/image\\\/\",\"url\":\"https:\\\/\\\/www.strassenweb.de\\\/nachrichten\\\/wp-content\\\/uploads\\\/2024\\\/09\\\/cropped-favicon.png\",\"contentUrl\":\"https:\\\/\\\/www.strassenweb.de\\\/nachrichten\\\/wp-content\\\/uploads\\\/2024\\\/09\\\/cropped-favicon.png\",\"width\":512,\"height\":512,\"caption\":\"Stra\u00dfenweb\"},\"image\":{\"@id\":\"https:\\\/\\\/www.strassenweb.de\\\/nachrichten\\\/#\\\/schema\\\/logo\\\/image\\\/\"},\"sameAs\":[\"https:\\\/\\\/www.facebook.com\\\/strassenweb\\\/\"]},{\"@type\":\"Person\",\"@id\":\"https:\\\/\\\/www.strassenweb.de\\\/nachrichten\\\/#\\\/schema\\\/person\\\/87c9c9067f1211da429a744dc5a5aa41\",\"name\":\"Robert Hoffmann\",\"image\":{\"@type\":\"ImageObject\",\"inLanguage\":\"de\",\"@id\":\"https:\\\/\\\/www.strassenweb.de\\\/nachrichten\\\/wp-content\\\/uploads\\\/2024\\\/09\\\/strassenweb-150x150.jpg\",\"url\":\"https:\\\/\\\/www.strassenweb.de\\\/nachrichten\\\/wp-content\\\/uploads\\\/2024\\\/09\\\/strassenweb-150x150.jpg\",\"contentUrl\":\"https:\\\/\\\/www.strassenweb.de\\\/nachrichten\\\/wp-content\\\/uploads\\\/2024\\\/09\\\/strassenweb-150x150.jpg\",\"caption\":\"Robert Hoffmann\"},\"description\":\"Ich hei\u00dfe Robert Hoffmann und ich bin ein leidenschaftlicher Verfechter von \u00d6kologie und Biodiversit\u00e4t. Seit meiner Kindheit in den W\u00e4ldern Bayerns f\u00fchle ich mich mit der Natur verbunden und bin entschlossen, sie zu sch\u00fctzen. Heute widme ich mein Leben der Sensibilisierung anderer f\u00fcr die Bedeutung des Umweltschutzes f\u00fcr zuk\u00fcnftige Generationen.\",\"sameAs\":[\"https:\\\/\\\/www.strassenweb.de\\\/\"]}]}<\/script>\n<!-- \/ Yoast SEO plugin. -->","yoast_head_json":{"title":"Die De -Nimes von Farrow & Ball ist \"zeitlos und flexibel in jedem Raum\" - hier wird mit dieser ged\u00e4mpften blauen Farbe dekoriert - Nachrichten - Stra\u00dfenweb","robots":{"index":"index","follow":"follow","max-snippet":"max-snippet:-1","max-image-preview":"max-image-preview:large","max-video-preview":"max-video-preview:-1"},"canonical":"https:\/\/www.strassenweb.de\/nachrichten\/die-de-nimes-von-farrow-ball-ist-zeitlos-und-flexibel-in-jedem-raum-hier-wird-mit-dieser-gedaempften-blauen-farbe-dekoriert\/","og_locale":"de_DE","og_type":"article","og_title":"Die De -Nimes von Farrow & Ball ist \"zeitlos und flexibel in jedem Raum\" - hier wird mit dieser ged\u00e4mpften blauen Farbe dekoriert - Nachrichten - Stra\u00dfenweb","og_description":"Blaue Farben geh\u00f6ren zu den zeitlossten und vielseitigsten, von hoch entwickelter Marineblues bis hin zu beruhigendem blassen Blues, und die De -Nimes von Farrow &#038;","og_url":"https:\/\/www.strassenweb.de\/nachrichten\/die-de-nimes-von-farrow-ball-ist-zeitlos-und-flexibel-in-jedem-raum-hier-wird-mit-dieser-gedaempften-blauen-farbe-dekoriert\/","og_site_name":"Stra\u00dfenweb","article_publisher":"https:\/\/www.facebook.com\/strassenweb\/","article_published_time":"2025-03-10T10:39:30+00:00","og_image":[{"width":1200,"height":1440,"url":"https:\/\/www.strassenweb.de\/nachrichten\/wp-content\/uploads\/2025\/03\/Die-De-Nimes-von-Farrow-Ball-ist-zeitlos-und.jpg","type":"image\/jpeg"}],"author":"Robert Hoffmann","twitter_card":"summary_large_image","twitter_misc":{"Verfasst von":"Robert Hoffmann","Gesch\u00e4tzte Lesezeit":"4\u00a0Minuten"},"schema":{"@context":"https:\/\/schema.org","@graph":[{"@type":"Article","@id":"https:\/\/www.strassenweb.de\/nachrichten\/die-de-nimes-von-farrow-ball-ist-zeitlos-und-flexibel-in-jedem-raum-hier-wird-mit-dieser-gedaempften-blauen-farbe-dekoriert\/#article","isPartOf":{"@id":"https:\/\/www.strassenweb.de\/nachrichten\/die-de-nimes-von-farrow-ball-ist-zeitlos-und-flexibel-in-jedem-raum-hier-wird-mit-dieser-gedaempften-blauen-farbe-dekoriert\/"},"author":{"name":"Robert Hoffmann","@id":"https:\/\/www.strassenweb.de\/nachrichten\/#\/schema\/person\/87c9c9067f1211da429a744dc5a5aa41"},"headline":"Die De -Nimes von Farrow &#038; Ball ist &#8222;zeitlos und flexibel in jedem Raum&#8220; &#8211; hier wird mit dieser ged\u00e4mpften blauen Farbe dekoriert","datePublished":"2025-03-10T10:39:30+00:00","mainEntityOfPage":{"@id":"https:\/\/www.strassenweb.de\/nachrichten\/die-de-nimes-von-farrow-ball-ist-zeitlos-und-flexibel-in-jedem-raum-hier-wird-mit-dieser-gedaempften-blauen-farbe-dekoriert\/"},"wordCount":839,"publisher":{"@id":"https:\/\/www.strassenweb.de\/nachrichten\/#organization"},"image":{"@id":"https:\/\/www.strassenweb.de\/nachrichten\/die-de-nimes-von-farrow-ball-ist-zeitlos-und-flexibel-in-jedem-raum-hier-wird-mit-dieser-gedaempften-blauen-farbe-dekoriert\/#primaryimage"},"thumbnailUrl":"https:\/\/www.strassenweb.de\/nachrichten\/wp-content\/uploads\/2025\/03\/Die-De-Nimes-von-Farrow-Ball-ist-zeitlos-und.jpg","keywords":["Ball","blauen","dekoriert","die","dieser","Farbe","Farrow","flexibel","ged\u00e4mpften","hier","ist","jedem","mit","Nimes","Raum","und","von","wird","zeitlos"],"articleSection":["Haus &amp; Garten"],"inLanguage":"de"},{"@type":"WebPage","@id":"https:\/\/www.strassenweb.de\/nachrichten\/die-de-nimes-von-farrow-ball-ist-zeitlos-und-flexibel-in-jedem-raum-hier-wird-mit-dieser-gedaempften-blauen-farbe-dekoriert\/","url":"https:\/\/www.strassenweb.de\/nachrichten\/die-de-nimes-von-farrow-ball-ist-zeitlos-und-flexibel-in-jedem-raum-hier-wird-mit-dieser-gedaempften-blauen-farbe-dekoriert\/","name":"Die De -Nimes von Farrow & Ball ist \"zeitlos und flexibel in jedem Raum\" - hier wird mit dieser ged\u00e4mpften blauen Farbe dekoriert - Nachrichten - Stra\u00dfenweb","isPartOf":{"@id":"https:\/\/www.strassenweb.de\/nachrichten\/#website"},"primaryImageOfPage":{"@id":"https:\/\/www.strassenweb.de\/nachrichten\/die-de-nimes-von-farrow-ball-ist-zeitlos-und-flexibel-in-jedem-raum-hier-wird-mit-dieser-gedaempften-blauen-farbe-dekoriert\/#primaryimage"},"image":{"@id":"https:\/\/www.strassenweb.de\/nachrichten\/die-de-nimes-von-farrow-ball-ist-zeitlos-und-flexibel-in-jedem-raum-hier-wird-mit-dieser-gedaempften-blauen-farbe-dekoriert\/#primaryimage"},"thumbnailUrl":"https:\/\/www.strassenweb.de\/nachrichten\/wp-content\/uploads\/2025\/03\/Die-De-Nimes-von-Farrow-Ball-ist-zeitlos-und.jpg","datePublished":"2025-03-10T10:39:30+00:00","breadcrumb":{"@id":"https:\/\/www.strassenweb.de\/nachrichten\/die-de-nimes-von-farrow-ball-ist-zeitlos-und-flexibel-in-jedem-raum-hier-wird-mit-dieser-gedaempften-blauen-farbe-dekoriert\/#breadcrumb"},"inLanguage":"de","potentialAction":[{"@type":"ReadAction","target":["https:\/\/www.strassenweb.de\/nachrichten\/die-de-nimes-von-farrow-ball-ist-zeitlos-und-flexibel-in-jedem-raum-hier-wird-mit-dieser-gedaempften-blauen-farbe-dekoriert\/"]}]},{"@type":"ImageObject","inLanguage":"de","@id":"https:\/\/www.strassenweb.de\/nachrichten\/die-de-nimes-von-farrow-ball-ist-zeitlos-und-flexibel-in-jedem-raum-hier-wird-mit-dieser-gedaempften-blauen-farbe-dekoriert\/#primaryimage","url":"https:\/\/www.strassenweb.de\/nachrichten\/wp-content\/uploads\/2025\/03\/Die-De-Nimes-von-Farrow-Ball-ist-zeitlos-und.jpg","contentUrl":"https:\/\/www.strassenweb.de\/nachrichten\/wp-content\/uploads\/2025\/03\/Die-De-Nimes-von-Farrow-Ball-ist-zeitlos-und.jpg","width":1200,"height":1440,"caption":"Die De -Nimes von Farrow & Ball ist \"zeitlos und flexibel in jedem Raum\" - hier wird mit dieser ged\u00e4mpften blauen Farbe dekoriert"},{"@type":"BreadcrumbList","@id":"https:\/\/www.strassenweb.de\/nachrichten\/die-de-nimes-von-farrow-ball-ist-zeitlos-und-flexibel-in-jedem-raum-hier-wird-mit-dieser-gedaempften-blauen-farbe-dekoriert\/#breadcrumb","itemListElement":[{"@type":"ListItem","position":1,"name":"Home","item":"https:\/\/www.strassenweb.de\/nachrichten\/"},{"@type":"ListItem","position":2,"name":"Die De -Nimes von Farrow &#038; Ball ist &#8222;zeitlos und flexibel in jedem Raum&#8220; &#8211; hier wird mit dieser ged\u00e4mpften blauen Farbe dekoriert"}]},{"@type":"WebSite","@id":"https:\/\/www.strassenweb.de\/nachrichten\/#website","url":"https:\/\/www.strassenweb.de\/nachrichten\/","name":"Stra\u00dfenweb","description":"Stra\u00dfenverzeichnis f\u00fcr Deutschland","publisher":{"@id":"https:\/\/www.strassenweb.de\/nachrichten\/#organization"},"potentialAction":[{"@type":"SearchAction","target":{"@type":"EntryPoint","urlTemplate":"https:\/\/www.strassenweb.de\/nachrichten\/?s={search_term_string}"},"query-input":{"@type":"PropertyValueSpecification","valueRequired":true,"valueName":"search_term_string"}}],"inLanguage":"de"},{"@type":"Organization","@id":"https:\/\/www.strassenweb.de\/nachrichten\/#organization","name":"Stra\u00dfenweb","url":"https:\/\/www.strassenweb.de\/nachrichten\/","logo":{"@type":"ImageObject","inLanguage":"de","@id":"https:\/\/www.strassenweb.de\/nachrichten\/#\/schema\/logo\/image\/","url":"https:\/\/www.strassenweb.de\/nachrichten\/wp-content\/uploads\/2024\/09\/cropped-favicon.png","contentUrl":"https:\/\/www.strassenweb.de\/nachrichten\/wp-content\/uploads\/2024\/09\/cropped-favicon.png","width":512,"height":512,"caption":"Stra\u00dfenweb"},"image":{"@id":"https:\/\/www.strassenweb.de\/nachrichten\/#\/schema\/logo\/image\/"},"sameAs":["https:\/\/www.facebook.com\/strassenweb\/"]},{"@type":"Person","@id":"https:\/\/www.strassenweb.de\/nachrichten\/#\/schema\/person\/87c9c9067f1211da429a744dc5a5aa41","name":"Robert Hoffmann","image":{"@type":"ImageObject","inLanguage":"de","@id":"https:\/\/www.strassenweb.de\/nachrichten\/wp-content\/uploads\/2024\/09\/strassenweb-150x150.jpg","url":"https:\/\/www.strassenweb.de\/nachrichten\/wp-content\/uploads\/2024\/09\/strassenweb-150x150.jpg","contentUrl":"https:\/\/www.strassenweb.de\/nachrichten\/wp-content\/uploads\/2024\/09\/strassenweb-150x150.jpg","caption":"Robert Hoffmann"},"description":"Ich hei\u00dfe Robert Hoffmann und ich bin ein leidenschaftlicher Verfechter von \u00d6kologie und Biodiversit\u00e4t. Seit meiner Kindheit in den W\u00e4ldern Bayerns f\u00fchle ich mich mit der Natur verbunden und bin entschlossen, sie zu sch\u00fctzen. Heute widme ich mein Leben der Sensibilisierung anderer f\u00fcr die Bedeutung des Umweltschutzes f\u00fcr zuk\u00fcnftige Generationen.","sameAs":["https:\/\/www.strassenweb.de\/"]}]}},"_links":{"self":[{"href":"https:\/\/www.strassenweb.de\/nachrichten\/wp-json\/wp\/v2\/posts\/3764","targetHints":{"allow":["GET"]}}],"collection":[{"href":"https:\/\/www.strassenweb.de\/nachrichten\/wp-json\/wp\/v2\/posts"}],"about":[{"href":"https:\/\/www.strassenweb.de\/nachrichten\/wp-json\/wp\/v2\/types\/post"}],"author":[{"embeddable":true,"href":"https:\/\/www.strassenweb.de\/nachrichten\/wp-json\/wp\/v2\/users\/1"}],"replies":[{"embeddable":true,"href":"https:\/\/www.strassenweb.de\/nachrichten\/wp-json\/wp\/v2\/comments?post=3764"}],"version-history":[{"count":0,"href":"https:\/\/www.strassenweb.de\/nachrichten\/wp-json\/wp\/v2\/posts\/3764\/revisions"}],"wp:featuredmedia":[{"embeddable":true,"href":"https:\/\/www.strassenweb.de\/nachrichten\/wp-json\/wp\/v2\/media\/3765"}],"wp:attachment":[{"href":"https:\/\/www.strassenweb.de\/nachrichten\/wp-json\/wp\/v2\/media?parent=3764"}],"wp:term":[{"taxonomy":"category","embeddable":true,"href":"https:\/\/www.strassenweb.de\/nachrichten\/wp-json\/wp\/v2\/categories?post=3764"},{"taxonomy":"post_tag","embeddable":true,"href":"https:\/\/www.strassenweb.de\/nachrichten\/wp-json\/wp\/v2\/tags?post=3764"}],"curies":[{"name":"wp","href":"https:\/\/api.w.org\/{rel}","templated":true}]}}