{"id":3746,"date":"2025-03-09T11:39:14","date_gmt":"2025-03-09T10:39:14","guid":{"rendered":"https:\/\/www.strassenweb.de\/nachrichten\/diese-virale-eitelkeit-von-urban-outfitters-hat-mich-ueberzeugt-dass-2025-das-jahr-ist-um-den-schminktisch-zurueckzubringen\/"},"modified":"2025-03-09T11:39:14","modified_gmt":"2025-03-09T10:39:14","slug":"diese-virale-eitelkeit-von-urban-outfitters-hat-mich-ueberzeugt-dass-2025-das-jahr-ist-um-den-schminktisch-zurueckzubringen","status":"publish","type":"post","link":"https:\/\/www.strassenweb.de\/nachrichten\/diese-virale-eitelkeit-von-urban-outfitters-hat-mich-ueberzeugt-dass-2025-das-jahr-ist-um-den-schminktisch-zurueckzubringen\/","title":{"rendered":"Diese virale Eitelkeit von Urban Outfitters hat mich \u00fcberzeugt, dass 2025 das Jahr ist, um den Schminktisch zur\u00fcckzubringen"},"content":{"rendered":"<p><\/p>\n<div id=\"article-body\" class=\"article__body \">\n<p>Der bescheidene Schminktisch oder die Eitelkeit hat sich in modernen H\u00e4usern in Anspruch genommen. Vielleicht aufgrund der Beliebtheit ganzer Umkleidekabinen oder palastartigen Badezimmerb\u00e4der, die voll ausgestattet sind, um sich vorzubereiten &#8211; oder unsere Schlafzimmer werden scheinbar immer kleiner.<\/p>\n<div id=\"ad-unit-1\" class=\"ad-unit\"><\/div>\n<p>Aber ein Raum hat etwas so skurriles und absolut glamour\u00f6ses Raum, der sich nur der Eitelkeit gewidmet hat. Ein Ort, um Ihr Make-up, Ihre Hautpflege und Ihr Haar zu machen, erm\u00f6glicht es Ihnen, eine kleine Ecke Ihres Schlafzimmers ausschlie\u00dflich zur Selbstversorgung herauszuholen.<\/p>\n<p>Der Jane Mirror Vanity &#038; Stool Set von Urban Outfitters; Mit seiner modernen Silhouette, versteckten Spiegel und kompaktem Design der Mitte des Jahrhunderts f\u00fchlt sich eine frische Version eines alten Klassiker an. Und ich war nicht nur ich, der sich davon angezogen hatte &#8211; diese virale Eitelkeit hat mich immer wieder zum Nachdenken gebracht: Ist es Zeit f\u00fcr die R\u00fcckkehr des Schminktischs?<\/p>\n<div id=\"desktop-in-article\" class=\"in-article ad-unit\">\n<div id=\"desktop-taboola-mid-article\"><\/div>\n<\/div>\n<div id=\"mobile-in-article\" class=\"in-article ad-unit\">\n<div id=\"mobile-taboola-mid-article\"><\/div>\n<\/div>\n<figure class=\"van-image-figure inline-layout \" data-bordeaux-image-check>\n<div class=\"image-full-width-wrapper\">\n<div class=\"image-widthsetter\" style=\"max-width:2000px;\"><\/div>\n<\/div>\n<\/figure>\n<p>Was macht das so besonders? Zum einen ist die Jane -Eitelkeit kompakt. Dieser kompakte Schminktisch ist perfekt f\u00fcr kleine Schlafzimmer wie Mine und ist zylindrisch mit einem kleinen gebogenen Stuhl, der bequem darunter blockiert, um Platz in Ihrem Schlafzimmer zu befreien, wenn sie nicht verwendet werden.<\/p>\n<div class=\"van_vid_carousel\">\n<div class=\"van_vid_carousel__padding\">\n<div class=\"van_vid_carousel__container\"><\/div>\n<\/div>\n<\/div>\n<aside class=\"hawk-base\" data-block-type=\"embed\" data-render-type=\"fte\" data-skip=\"dealsy\" data-widget-type=\"seasonal\">\n<div class=\"hawk-master-widget-hawk-base-wrapper\"><\/div>\n<\/aside>\n<p>Nat\u00fcrlich geht es bei einem Schminktisch nicht nur um Make -up oder Hautpflege &#8211; es geht um Ritual, Routine und einen sch\u00f6nen Ort, um den Tag zu beginnen und zu beenden -, ist sicherlich praktisch. Heben Sie einfach das Holzoberteil hoch, um einen versteckten Spiegel und ein eingebautes Fach f\u00fcr die Aufbewahrung von Make-up, Haarzubeh\u00f6r und allgemeine Unordnung zu enth\u00fcllen.<\/p>\n<div id=\"ad-unit-2\" class=\"ad-unit\"><\/div>\n<p>In vier erdigen Farben erh\u00e4ltlich &#8211; dunkelgr\u00fcn, himmelblau, oxblood und rosrosa &#8211; ist dieses Schlafzimmerm\u00f6belst\u00fcck weich in Farbton, Form und Ber\u00fchrung. Und dank seiner modernen \u00c4sthetik der Mitte des Jahrhunderts passt sie perfekt in Schlafzimmer, nach denen sich Vintage-Stil und Flair sehnen.<\/p>\n<p>Egal, ob Sie Ihre Haare stylen oder einfach vor Beginn des Tages einen friedlichen Moment genie\u00dfen, ein Eitelkeitstisch l\u00e4dt Sie ein, sich zu verlangsamen und sich den kleinen Dingen zu g\u00f6nnen. Wenn dieses Virusst\u00fcck ein Hinweis aufweist, k\u00f6nnte 2025 nur das Jahr sein, in dem wir alle die Freude, sich fertig zu machen, zur\u00fcckerhalten.<\/p>\n<div id=\"slice-container-newsletterForm-articleInbodyContent-NQLaGn4YLn4sHsXnDTHppn\" class=\"slice-container newsletter-inbodyContent-slice newsletterForm-articleInbodyContent-NQLaGn4YLn4sHsXnDTHppn slice-container-newsletterForm\"><\/div>\n<h3 class=\"article-body__section\" id=\"section-shop-urban-outfitters-compact-vanities\"><span>Kaufen Sie die kompakten Waschtischen von Urban Outfitters ein<\/span><\/h3>\n<div class=\"product-container hero-product-container product-block-no-wrap\"><\/div>\n<\/div>\n","protected":false},"excerpt":{"rendered":"<p>Der bescheidene Schminktisch oder die Eitelkeit hat sich in modernen H\u00e4usern in Anspruch genommen. Vielleicht aufgrund der Beliebtheit ganzer Umkleidekabinen oder palastartigen Badezimmerb\u00e4der, die voll<\/p>\n","protected":false},"author":1,"featured_media":3747,"comment_status":"closed","ping_status":"","sticky":false,"template":"","format":"standard","meta":{"footnotes":""},"categories":[118],"tags":[112,51,78,143,5785,189,15,384,1122,5787,5788,4512,5786,4272,21,5538],"class_list":["post-3746","post","type-post","status-publish","format-standard","has-post-thumbnail","hentry","category-haus-garten","tag-das","tag-dass","tag-den","tag-diese","tag-eitelkeit","tag-hat","tag-ist","tag-jahr","tag-mich","tag-outfitters","tag-schminktisch","tag-ueberzeugt","tag-urban","tag-virale","tag-von","tag-zurueckzubringen","generate-columns","tablet-grid-50","mobile-grid-100","grid-parent","grid-50"],"yoast_head":"<!-- This site is optimized with the Yoast SEO plugin v27.3 - https:\/\/yoast.com\/product\/yoast-seo-wordpress\/ -->\n<title>Diese virale Eitelkeit von Urban Outfitters hat mich \u00fcberzeugt, dass 2025 das Jahr ist, um den Schminktisch zur\u00fcckzubringen - Nachrichten - Stra\u00dfenweb<\/title>\n<meta name=\"robots\" content=\"index, follow, max-snippet:-1, max-image-preview:large, max-video-preview:-1\" \/>\n<link rel=\"canonical\" href=\"https:\/\/www.strassenweb.de\/nachrichten\/diese-virale-eitelkeit-von-urban-outfitters-hat-mich-ueberzeugt-dass-2025-das-jahr-ist-um-den-schminktisch-zurueckzubringen\/\" \/>\n<meta property=\"og:locale\" content=\"de_DE\" \/>\n<meta property=\"og:type\" content=\"article\" \/>\n<meta property=\"og:title\" content=\"Diese virale Eitelkeit von Urban Outfitters hat mich \u00fcberzeugt, dass 2025 das Jahr ist, um den Schminktisch zur\u00fcckzubringen - Nachrichten - Stra\u00dfenweb\" \/>\n<meta property=\"og:description\" content=\"Der bescheidene Schminktisch oder die Eitelkeit hat sich in modernen H\u00e4usern in Anspruch genommen. Vielleicht aufgrund der Beliebtheit ganzer Umkleidekabinen oder palastartigen Badezimmerb\u00e4der, die voll\" \/>\n<meta property=\"og:url\" content=\"https:\/\/www.strassenweb.de\/nachrichten\/diese-virale-eitelkeit-von-urban-outfitters-hat-mich-ueberzeugt-dass-2025-das-jahr-ist-um-den-schminktisch-zurueckzubringen\/\" \/>\n<meta property=\"og:site_name\" content=\"Stra\u00dfenweb\" \/>\n<meta property=\"article:publisher\" content=\"https:\/\/www.facebook.com\/strassenweb\/\" \/>\n<meta property=\"article:published_time\" content=\"2025-03-09T10:39:14+00:00\" \/>\n<meta property=\"og:image\" content=\"https:\/\/www.strassenweb.de\/nachrichten\/wp-content\/uploads\/2025\/03\/Diese-virale-Eitelkeit-von-Urban-Outfitters-hat-mich-ueberzeugt-dass.jpg\" \/>\n\t<meta property=\"og:image:width\" content=\"1200\" \/>\n\t<meta property=\"og:image:height\" content=\"675\" \/>\n\t<meta property=\"og:image:type\" content=\"image\/jpeg\" \/>\n<meta name=\"author\" content=\"Robert Hoffmann\" \/>\n<meta name=\"twitter:card\" content=\"summary_large_image\" \/>\n<meta name=\"twitter:label1\" content=\"Verfasst von\" \/>\n\t<meta name=\"twitter:data1\" content=\"Robert Hoffmann\" \/>\n\t<meta name=\"twitter:label2\" content=\"Gesch\u00e4tzte Lesezeit\" \/>\n\t<meta name=\"twitter:data2\" content=\"2\u00a0Minuten\" \/>\n<script type=\"application\/ld+json\" class=\"yoast-schema-graph\">{\"@context\":\"https:\\\/\\\/schema.org\",\"@graph\":[{\"@type\":\"Article\",\"@id\":\"https:\\\/\\\/www.strassenweb.de\\\/nachrichten\\\/diese-virale-eitelkeit-von-urban-outfitters-hat-mich-ueberzeugt-dass-2025-das-jahr-ist-um-den-schminktisch-zurueckzubringen\\\/#article\",\"isPartOf\":{\"@id\":\"https:\\\/\\\/www.strassenweb.de\\\/nachrichten\\\/diese-virale-eitelkeit-von-urban-outfitters-hat-mich-ueberzeugt-dass-2025-das-jahr-ist-um-den-schminktisch-zurueckzubringen\\\/\"},\"author\":{\"name\":\"Robert Hoffmann\",\"@id\":\"https:\\\/\\\/www.strassenweb.de\\\/nachrichten\\\/#\\\/schema\\\/person\\\/87c9c9067f1211da429a744dc5a5aa41\"},\"headline\":\"Diese virale Eitelkeit von Urban Outfitters hat mich \u00fcberzeugt, dass 2025 das Jahr ist, um den Schminktisch zur\u00fcckzubringen\",\"datePublished\":\"2025-03-09T10:39:14+00:00\",\"mainEntityOfPage\":{\"@id\":\"https:\\\/\\\/www.strassenweb.de\\\/nachrichten\\\/diese-virale-eitelkeit-von-urban-outfitters-hat-mich-ueberzeugt-dass-2025-das-jahr-ist-um-den-schminktisch-zurueckzubringen\\\/\"},\"wordCount\":394,\"publisher\":{\"@id\":\"https:\\\/\\\/www.strassenweb.de\\\/nachrichten\\\/#organization\"},\"image\":{\"@id\":\"https:\\\/\\\/www.strassenweb.de\\\/nachrichten\\\/diese-virale-eitelkeit-von-urban-outfitters-hat-mich-ueberzeugt-dass-2025-das-jahr-ist-um-den-schminktisch-zurueckzubringen\\\/#primaryimage\"},\"thumbnailUrl\":\"https:\\\/\\\/www.strassenweb.de\\\/nachrichten\\\/wp-content\\\/uploads\\\/2025\\\/03\\\/Diese-virale-Eitelkeit-von-Urban-Outfitters-hat-mich-ueberzeugt-dass.jpg\",\"keywords\":[\"das\",\"dass\",\"den\",\"diese\",\"Eitelkeit\",\"hat\",\"ist\",\"Jahr\",\"mich\",\"Outfitters\",\"Schminktisch\",\"\u00fcberzeugt\",\"Urban\",\"virale\",\"von\",\"zur\u00fcckzubringen\"],\"articleSection\":[\"Haus &amp; Garten\"],\"inLanguage\":\"de\"},{\"@type\":\"WebPage\",\"@id\":\"https:\\\/\\\/www.strassenweb.de\\\/nachrichten\\\/diese-virale-eitelkeit-von-urban-outfitters-hat-mich-ueberzeugt-dass-2025-das-jahr-ist-um-den-schminktisch-zurueckzubringen\\\/\",\"url\":\"https:\\\/\\\/www.strassenweb.de\\\/nachrichten\\\/diese-virale-eitelkeit-von-urban-outfitters-hat-mich-ueberzeugt-dass-2025-das-jahr-ist-um-den-schminktisch-zurueckzubringen\\\/\",\"name\":\"Diese virale Eitelkeit von Urban Outfitters hat mich \u00fcberzeugt, dass 2025 das Jahr ist, um den Schminktisch zur\u00fcckzubringen - Nachrichten - Stra\u00dfenweb\",\"isPartOf\":{\"@id\":\"https:\\\/\\\/www.strassenweb.de\\\/nachrichten\\\/#website\"},\"primaryImageOfPage\":{\"@id\":\"https:\\\/\\\/www.strassenweb.de\\\/nachrichten\\\/diese-virale-eitelkeit-von-urban-outfitters-hat-mich-ueberzeugt-dass-2025-das-jahr-ist-um-den-schminktisch-zurueckzubringen\\\/#primaryimage\"},\"image\":{\"@id\":\"https:\\\/\\\/www.strassenweb.de\\\/nachrichten\\\/diese-virale-eitelkeit-von-urban-outfitters-hat-mich-ueberzeugt-dass-2025-das-jahr-ist-um-den-schminktisch-zurueckzubringen\\\/#primaryimage\"},\"thumbnailUrl\":\"https:\\\/\\\/www.strassenweb.de\\\/nachrichten\\\/wp-content\\\/uploads\\\/2025\\\/03\\\/Diese-virale-Eitelkeit-von-Urban-Outfitters-hat-mich-ueberzeugt-dass.jpg\",\"datePublished\":\"2025-03-09T10:39:14+00:00\",\"breadcrumb\":{\"@id\":\"https:\\\/\\\/www.strassenweb.de\\\/nachrichten\\\/diese-virale-eitelkeit-von-urban-outfitters-hat-mich-ueberzeugt-dass-2025-das-jahr-ist-um-den-schminktisch-zurueckzubringen\\\/#breadcrumb\"},\"inLanguage\":\"de\",\"potentialAction\":[{\"@type\":\"ReadAction\",\"target\":[\"https:\\\/\\\/www.strassenweb.de\\\/nachrichten\\\/diese-virale-eitelkeit-von-urban-outfitters-hat-mich-ueberzeugt-dass-2025-das-jahr-ist-um-den-schminktisch-zurueckzubringen\\\/\"]}]},{\"@type\":\"ImageObject\",\"inLanguage\":\"de\",\"@id\":\"https:\\\/\\\/www.strassenweb.de\\\/nachrichten\\\/diese-virale-eitelkeit-von-urban-outfitters-hat-mich-ueberzeugt-dass-2025-das-jahr-ist-um-den-schminktisch-zurueckzubringen\\\/#primaryimage\",\"url\":\"https:\\\/\\\/www.strassenweb.de\\\/nachrichten\\\/wp-content\\\/uploads\\\/2025\\\/03\\\/Diese-virale-Eitelkeit-von-Urban-Outfitters-hat-mich-ueberzeugt-dass.jpg\",\"contentUrl\":\"https:\\\/\\\/www.strassenweb.de\\\/nachrichten\\\/wp-content\\\/uploads\\\/2025\\\/03\\\/Diese-virale-Eitelkeit-von-Urban-Outfitters-hat-mich-ueberzeugt-dass.jpg\",\"width\":1200,\"height\":675,\"caption\":\"Diese virale Eitelkeit von Urban Outfitters hat mich \u00fcberzeugt, dass 2025 das Jahr ist, um den Schminktisch zur\u00fcckzubringen\"},{\"@type\":\"BreadcrumbList\",\"@id\":\"https:\\\/\\\/www.strassenweb.de\\\/nachrichten\\\/diese-virale-eitelkeit-von-urban-outfitters-hat-mich-ueberzeugt-dass-2025-das-jahr-ist-um-den-schminktisch-zurueckzubringen\\\/#breadcrumb\",\"itemListElement\":[{\"@type\":\"ListItem\",\"position\":1,\"name\":\"Home\",\"item\":\"https:\\\/\\\/www.strassenweb.de\\\/nachrichten\\\/\"},{\"@type\":\"ListItem\",\"position\":2,\"name\":\"Diese virale Eitelkeit von Urban Outfitters hat mich \u00fcberzeugt, dass 2025 das Jahr ist, um den Schminktisch zur\u00fcckzubringen\"}]},{\"@type\":\"WebSite\",\"@id\":\"https:\\\/\\\/www.strassenweb.de\\\/nachrichten\\\/#website\",\"url\":\"https:\\\/\\\/www.strassenweb.de\\\/nachrichten\\\/\",\"name\":\"Stra\u00dfenweb\",\"description\":\"Stra\u00dfenverzeichnis f\u00fcr Deutschland\",\"publisher\":{\"@id\":\"https:\\\/\\\/www.strassenweb.de\\\/nachrichten\\\/#organization\"},\"potentialAction\":[{\"@type\":\"SearchAction\",\"target\":{\"@type\":\"EntryPoint\",\"urlTemplate\":\"https:\\\/\\\/www.strassenweb.de\\\/nachrichten\\\/?s={search_term_string}\"},\"query-input\":{\"@type\":\"PropertyValueSpecification\",\"valueRequired\":true,\"valueName\":\"search_term_string\"}}],\"inLanguage\":\"de\"},{\"@type\":\"Organization\",\"@id\":\"https:\\\/\\\/www.strassenweb.de\\\/nachrichten\\\/#organization\",\"name\":\"Stra\u00dfenweb\",\"url\":\"https:\\\/\\\/www.strassenweb.de\\\/nachrichten\\\/\",\"logo\":{\"@type\":\"ImageObject\",\"inLanguage\":\"de\",\"@id\":\"https:\\\/\\\/www.strassenweb.de\\\/nachrichten\\\/#\\\/schema\\\/logo\\\/image\\\/\",\"url\":\"https:\\\/\\\/www.strassenweb.de\\\/nachrichten\\\/wp-content\\\/uploads\\\/2024\\\/09\\\/cropped-favicon.png\",\"contentUrl\":\"https:\\\/\\\/www.strassenweb.de\\\/nachrichten\\\/wp-content\\\/uploads\\\/2024\\\/09\\\/cropped-favicon.png\",\"width\":512,\"height\":512,\"caption\":\"Stra\u00dfenweb\"},\"image\":{\"@id\":\"https:\\\/\\\/www.strassenweb.de\\\/nachrichten\\\/#\\\/schema\\\/logo\\\/image\\\/\"},\"sameAs\":[\"https:\\\/\\\/www.facebook.com\\\/strassenweb\\\/\"]},{\"@type\":\"Person\",\"@id\":\"https:\\\/\\\/www.strassenweb.de\\\/nachrichten\\\/#\\\/schema\\\/person\\\/87c9c9067f1211da429a744dc5a5aa41\",\"name\":\"Robert Hoffmann\",\"image\":{\"@type\":\"ImageObject\",\"inLanguage\":\"de\",\"@id\":\"https:\\\/\\\/www.strassenweb.de\\\/nachrichten\\\/wp-content\\\/uploads\\\/2024\\\/09\\\/strassenweb-150x150.jpg\",\"url\":\"https:\\\/\\\/www.strassenweb.de\\\/nachrichten\\\/wp-content\\\/uploads\\\/2024\\\/09\\\/strassenweb-150x150.jpg\",\"contentUrl\":\"https:\\\/\\\/www.strassenweb.de\\\/nachrichten\\\/wp-content\\\/uploads\\\/2024\\\/09\\\/strassenweb-150x150.jpg\",\"caption\":\"Robert Hoffmann\"},\"description\":\"Ich hei\u00dfe Robert Hoffmann und ich bin ein leidenschaftlicher Verfechter von \u00d6kologie und Biodiversit\u00e4t. Seit meiner Kindheit in den W\u00e4ldern Bayerns f\u00fchle ich mich mit der Natur verbunden und bin entschlossen, sie zu sch\u00fctzen. Heute widme ich mein Leben der Sensibilisierung anderer f\u00fcr die Bedeutung des Umweltschutzes f\u00fcr zuk\u00fcnftige Generationen.\",\"sameAs\":[\"https:\\\/\\\/www.strassenweb.de\\\/\"]}]}<\/script>\n<!-- \/ Yoast SEO plugin. -->","yoast_head_json":{"title":"Diese virale Eitelkeit von Urban Outfitters hat mich \u00fcberzeugt, dass 2025 das Jahr ist, um den Schminktisch zur\u00fcckzubringen - Nachrichten - Stra\u00dfenweb","robots":{"index":"index","follow":"follow","max-snippet":"max-snippet:-1","max-image-preview":"max-image-preview:large","max-video-preview":"max-video-preview:-1"},"canonical":"https:\/\/www.strassenweb.de\/nachrichten\/diese-virale-eitelkeit-von-urban-outfitters-hat-mich-ueberzeugt-dass-2025-das-jahr-ist-um-den-schminktisch-zurueckzubringen\/","og_locale":"de_DE","og_type":"article","og_title":"Diese virale Eitelkeit von Urban Outfitters hat mich \u00fcberzeugt, dass 2025 das Jahr ist, um den Schminktisch zur\u00fcckzubringen - Nachrichten - Stra\u00dfenweb","og_description":"Der bescheidene Schminktisch oder die Eitelkeit hat sich in modernen H\u00e4usern in Anspruch genommen. Vielleicht aufgrund der Beliebtheit ganzer Umkleidekabinen oder palastartigen Badezimmerb\u00e4der, die voll","og_url":"https:\/\/www.strassenweb.de\/nachrichten\/diese-virale-eitelkeit-von-urban-outfitters-hat-mich-ueberzeugt-dass-2025-das-jahr-ist-um-den-schminktisch-zurueckzubringen\/","og_site_name":"Stra\u00dfenweb","article_publisher":"https:\/\/www.facebook.com\/strassenweb\/","article_published_time":"2025-03-09T10:39:14+00:00","og_image":[{"width":1200,"height":675,"url":"https:\/\/www.strassenweb.de\/nachrichten\/wp-content\/uploads\/2025\/03\/Diese-virale-Eitelkeit-von-Urban-Outfitters-hat-mich-ueberzeugt-dass.jpg","type":"image\/jpeg"}],"author":"Robert Hoffmann","twitter_card":"summary_large_image","twitter_misc":{"Verfasst von":"Robert Hoffmann","Gesch\u00e4tzte Lesezeit":"2\u00a0Minuten"},"schema":{"@context":"https:\/\/schema.org","@graph":[{"@type":"Article","@id":"https:\/\/www.strassenweb.de\/nachrichten\/diese-virale-eitelkeit-von-urban-outfitters-hat-mich-ueberzeugt-dass-2025-das-jahr-ist-um-den-schminktisch-zurueckzubringen\/#article","isPartOf":{"@id":"https:\/\/www.strassenweb.de\/nachrichten\/diese-virale-eitelkeit-von-urban-outfitters-hat-mich-ueberzeugt-dass-2025-das-jahr-ist-um-den-schminktisch-zurueckzubringen\/"},"author":{"name":"Robert Hoffmann","@id":"https:\/\/www.strassenweb.de\/nachrichten\/#\/schema\/person\/87c9c9067f1211da429a744dc5a5aa41"},"headline":"Diese virale Eitelkeit von Urban Outfitters hat mich \u00fcberzeugt, dass 2025 das Jahr ist, um den Schminktisch zur\u00fcckzubringen","datePublished":"2025-03-09T10:39:14+00:00","mainEntityOfPage":{"@id":"https:\/\/www.strassenweb.de\/nachrichten\/diese-virale-eitelkeit-von-urban-outfitters-hat-mich-ueberzeugt-dass-2025-das-jahr-ist-um-den-schminktisch-zurueckzubringen\/"},"wordCount":394,"publisher":{"@id":"https:\/\/www.strassenweb.de\/nachrichten\/#organization"},"image":{"@id":"https:\/\/www.strassenweb.de\/nachrichten\/diese-virale-eitelkeit-von-urban-outfitters-hat-mich-ueberzeugt-dass-2025-das-jahr-ist-um-den-schminktisch-zurueckzubringen\/#primaryimage"},"thumbnailUrl":"https:\/\/www.strassenweb.de\/nachrichten\/wp-content\/uploads\/2025\/03\/Diese-virale-Eitelkeit-von-Urban-Outfitters-hat-mich-ueberzeugt-dass.jpg","keywords":["das","dass","den","diese","Eitelkeit","hat","ist","Jahr","mich","Outfitters","Schminktisch","\u00fcberzeugt","Urban","virale","von","zur\u00fcckzubringen"],"articleSection":["Haus &amp; Garten"],"inLanguage":"de"},{"@type":"WebPage","@id":"https:\/\/www.strassenweb.de\/nachrichten\/diese-virale-eitelkeit-von-urban-outfitters-hat-mich-ueberzeugt-dass-2025-das-jahr-ist-um-den-schminktisch-zurueckzubringen\/","url":"https:\/\/www.strassenweb.de\/nachrichten\/diese-virale-eitelkeit-von-urban-outfitters-hat-mich-ueberzeugt-dass-2025-das-jahr-ist-um-den-schminktisch-zurueckzubringen\/","name":"Diese virale Eitelkeit von Urban Outfitters hat mich \u00fcberzeugt, dass 2025 das Jahr ist, um den Schminktisch zur\u00fcckzubringen - Nachrichten - Stra\u00dfenweb","isPartOf":{"@id":"https:\/\/www.strassenweb.de\/nachrichten\/#website"},"primaryImageOfPage":{"@id":"https:\/\/www.strassenweb.de\/nachrichten\/diese-virale-eitelkeit-von-urban-outfitters-hat-mich-ueberzeugt-dass-2025-das-jahr-ist-um-den-schminktisch-zurueckzubringen\/#primaryimage"},"image":{"@id":"https:\/\/www.strassenweb.de\/nachrichten\/diese-virale-eitelkeit-von-urban-outfitters-hat-mich-ueberzeugt-dass-2025-das-jahr-ist-um-den-schminktisch-zurueckzubringen\/#primaryimage"},"thumbnailUrl":"https:\/\/www.strassenweb.de\/nachrichten\/wp-content\/uploads\/2025\/03\/Diese-virale-Eitelkeit-von-Urban-Outfitters-hat-mich-ueberzeugt-dass.jpg","datePublished":"2025-03-09T10:39:14+00:00","breadcrumb":{"@id":"https:\/\/www.strassenweb.de\/nachrichten\/diese-virale-eitelkeit-von-urban-outfitters-hat-mich-ueberzeugt-dass-2025-das-jahr-ist-um-den-schminktisch-zurueckzubringen\/#breadcrumb"},"inLanguage":"de","potentialAction":[{"@type":"ReadAction","target":["https:\/\/www.strassenweb.de\/nachrichten\/diese-virale-eitelkeit-von-urban-outfitters-hat-mich-ueberzeugt-dass-2025-das-jahr-ist-um-den-schminktisch-zurueckzubringen\/"]}]},{"@type":"ImageObject","inLanguage":"de","@id":"https:\/\/www.strassenweb.de\/nachrichten\/diese-virale-eitelkeit-von-urban-outfitters-hat-mich-ueberzeugt-dass-2025-das-jahr-ist-um-den-schminktisch-zurueckzubringen\/#primaryimage","url":"https:\/\/www.strassenweb.de\/nachrichten\/wp-content\/uploads\/2025\/03\/Diese-virale-Eitelkeit-von-Urban-Outfitters-hat-mich-ueberzeugt-dass.jpg","contentUrl":"https:\/\/www.strassenweb.de\/nachrichten\/wp-content\/uploads\/2025\/03\/Diese-virale-Eitelkeit-von-Urban-Outfitters-hat-mich-ueberzeugt-dass.jpg","width":1200,"height":675,"caption":"Diese virale Eitelkeit von Urban Outfitters hat mich \u00fcberzeugt, dass 2025 das Jahr ist, um den Schminktisch zur\u00fcckzubringen"},{"@type":"BreadcrumbList","@id":"https:\/\/www.strassenweb.de\/nachrichten\/diese-virale-eitelkeit-von-urban-outfitters-hat-mich-ueberzeugt-dass-2025-das-jahr-ist-um-den-schminktisch-zurueckzubringen\/#breadcrumb","itemListElement":[{"@type":"ListItem","position":1,"name":"Home","item":"https:\/\/www.strassenweb.de\/nachrichten\/"},{"@type":"ListItem","position":2,"name":"Diese virale Eitelkeit von Urban Outfitters hat mich \u00fcberzeugt, dass 2025 das Jahr ist, um den Schminktisch zur\u00fcckzubringen"}]},{"@type":"WebSite","@id":"https:\/\/www.strassenweb.de\/nachrichten\/#website","url":"https:\/\/www.strassenweb.de\/nachrichten\/","name":"Stra\u00dfenweb","description":"Stra\u00dfenverzeichnis f\u00fcr Deutschland","publisher":{"@id":"https:\/\/www.strassenweb.de\/nachrichten\/#organization"},"potentialAction":[{"@type":"SearchAction","target":{"@type":"EntryPoint","urlTemplate":"https:\/\/www.strassenweb.de\/nachrichten\/?s={search_term_string}"},"query-input":{"@type":"PropertyValueSpecification","valueRequired":true,"valueName":"search_term_string"}}],"inLanguage":"de"},{"@type":"Organization","@id":"https:\/\/www.strassenweb.de\/nachrichten\/#organization","name":"Stra\u00dfenweb","url":"https:\/\/www.strassenweb.de\/nachrichten\/","logo":{"@type":"ImageObject","inLanguage":"de","@id":"https:\/\/www.strassenweb.de\/nachrichten\/#\/schema\/logo\/image\/","url":"https:\/\/www.strassenweb.de\/nachrichten\/wp-content\/uploads\/2024\/09\/cropped-favicon.png","contentUrl":"https:\/\/www.strassenweb.de\/nachrichten\/wp-content\/uploads\/2024\/09\/cropped-favicon.png","width":512,"height":512,"caption":"Stra\u00dfenweb"},"image":{"@id":"https:\/\/www.strassenweb.de\/nachrichten\/#\/schema\/logo\/image\/"},"sameAs":["https:\/\/www.facebook.com\/strassenweb\/"]},{"@type":"Person","@id":"https:\/\/www.strassenweb.de\/nachrichten\/#\/schema\/person\/87c9c9067f1211da429a744dc5a5aa41","name":"Robert Hoffmann","image":{"@type":"ImageObject","inLanguage":"de","@id":"https:\/\/www.strassenweb.de\/nachrichten\/wp-content\/uploads\/2024\/09\/strassenweb-150x150.jpg","url":"https:\/\/www.strassenweb.de\/nachrichten\/wp-content\/uploads\/2024\/09\/strassenweb-150x150.jpg","contentUrl":"https:\/\/www.strassenweb.de\/nachrichten\/wp-content\/uploads\/2024\/09\/strassenweb-150x150.jpg","caption":"Robert Hoffmann"},"description":"Ich hei\u00dfe Robert Hoffmann und ich bin ein leidenschaftlicher Verfechter von \u00d6kologie und Biodiversit\u00e4t. Seit meiner Kindheit in den W\u00e4ldern Bayerns f\u00fchle ich mich mit der Natur verbunden und bin entschlossen, sie zu sch\u00fctzen. Heute widme ich mein Leben der Sensibilisierung anderer f\u00fcr die Bedeutung des Umweltschutzes f\u00fcr zuk\u00fcnftige Generationen.","sameAs":["https:\/\/www.strassenweb.de\/"]}]}},"_links":{"self":[{"href":"https:\/\/www.strassenweb.de\/nachrichten\/wp-json\/wp\/v2\/posts\/3746","targetHints":{"allow":["GET"]}}],"collection":[{"href":"https:\/\/www.strassenweb.de\/nachrichten\/wp-json\/wp\/v2\/posts"}],"about":[{"href":"https:\/\/www.strassenweb.de\/nachrichten\/wp-json\/wp\/v2\/types\/post"}],"author":[{"embeddable":true,"href":"https:\/\/www.strassenweb.de\/nachrichten\/wp-json\/wp\/v2\/users\/1"}],"replies":[{"embeddable":true,"href":"https:\/\/www.strassenweb.de\/nachrichten\/wp-json\/wp\/v2\/comments?post=3746"}],"version-history":[{"count":0,"href":"https:\/\/www.strassenweb.de\/nachrichten\/wp-json\/wp\/v2\/posts\/3746\/revisions"}],"wp:featuredmedia":[{"embeddable":true,"href":"https:\/\/www.strassenweb.de\/nachrichten\/wp-json\/wp\/v2\/media\/3747"}],"wp:attachment":[{"href":"https:\/\/www.strassenweb.de\/nachrichten\/wp-json\/wp\/v2\/media?parent=3746"}],"wp:term":[{"taxonomy":"category","embeddable":true,"href":"https:\/\/www.strassenweb.de\/nachrichten\/wp-json\/wp\/v2\/categories?post=3746"},{"taxonomy":"post_tag","embeddable":true,"href":"https:\/\/www.strassenweb.de\/nachrichten\/wp-json\/wp\/v2\/tags?post=3746"}],"curies":[{"name":"wp","href":"https:\/\/api.w.org\/{rel}","templated":true}]}}