{"id":3743,"date":"2025-03-09T07:39:50","date_gmt":"2025-03-09T06:39:50","guid":{"rendered":"https:\/\/www.strassenweb.de\/nachrichten\/meine-kleine-kueche-fuehlt-sich-kalt-und-unpersoenlich-an-aber-innenarchitekten-sagen-dass-diese-dinge-es-sofort-gemuetlich-anfuehlen-werden\/"},"modified":"2025-03-09T07:39:50","modified_gmt":"2025-03-09T06:39:50","slug":"meine-kleine-kueche-fuehlt-sich-kalt-und-unpersoenlich-an-aber-innenarchitekten-sagen-dass-diese-dinge-es-sofort-gemuetlich-anfuehlen-werden","status":"publish","type":"post","link":"https:\/\/www.strassenweb.de\/nachrichten\/meine-kleine-kueche-fuehlt-sich-kalt-und-unpersoenlich-an-aber-innenarchitekten-sagen-dass-diese-dinge-es-sofort-gemuetlich-anfuehlen-werden\/","title":{"rendered":"Meine kleine K\u00fcche f\u00fchlt sich kalt und unpers\u00f6nlich an &#8211; aber Innenarchitekten sagen, dass diese Dinge es sofort gem\u00fctlich anf\u00fchlen werden"},"content":{"rendered":"<p><\/p>\n<div id=\"article-body\" class=\"article__body \">\n<p>Ich verbringe viel Zeit in meiner K\u00fcche, aber in letzter Zeit fehlt es nicht zu heimelndem Reiz. Es ist eine kleine Galeere mit begrenztem Arbeitsplattenraum, daher wurden im Laufe der Zeit alle Dekor -St\u00fccke an anderer Stelle bewegt, um die funktionaleren Bed\u00fcrfnisse zu priorisieren.<\/p>\n<div id=\"ad-unit-1\" class=\"ad-unit\"><\/div>\n<p>Aber es f\u00fchlt sich kalt und unpers\u00f6nlich an &#8211; etwas, das ich wirklich so schnell wie m\u00f6glich reparieren m\u00f6chte. Ich bin der Ansicht, dass Ihre kleinen K\u00fcchenideen genauso gem\u00fctlich und charakteristisch sein sollten wie andere Wohnr\u00e4ume, aber wie k\u00f6nnen Sie es am besten tun?<\/p>\n<aside class=\"hawk-base\" data-block-type=\"embed\" data-render-type=\"fte\" data-skip=\"dealsy\" data-widget-type=\"seasonal\">\n<div class=\"hawk-master-widget-hawk-base-wrapper\"><\/div>\n<\/aside>\n<p>Ich habe Innenarchitekten um ihre besten Ratschl\u00e4ge gebeten, wie man eine K\u00fcche gem\u00fctlich f\u00fchlt, und ihre Ideen haben das Erscheinungsbild und das Gef\u00fchl meines kleinen Schemas komplett ver\u00e4ndert. Hier ist alles, was sie f\u00fcr ein gem\u00fctliches Update vorgeschlagen haben.<\/p>\n<div id=\"desktop-in-article\" class=\"in-article ad-unit\">\n<div id=\"desktop-taboola-mid-article\"><\/div>\n<\/div>\n<div id=\"mobile-in-article\" class=\"in-article ad-unit\">\n<div id=\"mobile-taboola-mid-article\"><\/div>\n<\/div>\n<h2 id=\"easy-ways-to-make-a-small-kitchen-feel-cozier-3\">Einfache M\u00f6glichkeiten, eine kleine K\u00fcche gem\u00fctlicher zu machen<\/h2>\n<p>F\u00fcr die meisten von uns ist die K\u00fcche das Herz des Hauses. Es sind wichtige R\u00e4ume, die die gleiche Aufmerksamkeit haben sollten wie in jedem anderen Raum-umso mehr, wenn Sie eine offene K\u00fcche mit offenem Plan haben. Aber es gibt so viele einfache M\u00f6glichkeiten, W\u00e4rme und Charakter in Ihren Raum zu bringen, ohne vollst\u00e4ndig neu zu dekorieren. Und es hat sicherlich f\u00fcr mich funktioniert.<\/p>\n<div class=\"van_vid_carousel\">\n<div class=\"van_vid_carousel__padding\">\n<div class=\"van_vid_carousel__container\"><\/div>\n<\/div>\n<\/div>\n<h3 class=\"article-body__section\" id=\"section-1-introduce-curated-open-shelves\"><span>1. Einf\u00fchrung von kuratierten offenen Regalen<\/span><\/h3>\n<figure class=\"van-image-figure inline-layout \" data-bordeaux-image-check>\n<div class=\"image-full-width-wrapper\">\n<div class=\"image-widthsetter\" style=\"max-width:2000px;\"><\/div>\n<\/div>\n<\/figure>\n<p>Immer wenn ich mit Designern \u00fcber ein kleines K\u00fcchendesign spreche, ist es am h\u00e4ufigsten, ein paar obere Schr\u00e4nke f\u00fcr offene Regale auszutauschen, um den Raum zu \u00f6ffnen und den nat\u00fcrlichen Lichtfilter durch den Raum zu filtern.<\/p>\n<div id=\"ad-unit-2\" class=\"ad-unit\"><\/div>\n<p>Offene Regale sind aber auch eine gro\u00dfartige M\u00f6glichkeit, ein kleines System gem\u00fctlich und personalisiert zu machen &#8211; und es geht um kuratierte Displays. &#8222;Das Hinzuf\u00fcgen von Pers\u00f6nlichkeit zu kleinen R\u00e4umen sorgt immer f\u00fcr einen Sieg und l\u00e4sst sie sich gem\u00fctlich f\u00fchlen&#8220;, sagt Sallie Lord von Greyhunt Interiors.<\/p>\n<p>&#8222;Aus dem Hinzuf\u00fcgen eines charmanten Lichts \u00fcber das Waschbecken bis hin zu Styling -Regalen mit Gegenst\u00e4nden, die funktional sind, aber auch eine kleine Geschichte \u00fcber Sie und das, was Sie lieben, k\u00f6nnen Sie die perfekte personalisierte, gem\u00fctliche K\u00fcche schaffen&#8220;, erkl\u00e4rt sie.<\/p>\n<div class=\"product-container hero-product-container product-block-no-wrap\"><\/div>\n<h3 class=\"article-body__section\" id=\"section-2-layer-different-lighting-styles\"><span>2. Verschiedene Beleuchtungsstile<\/span><\/h3>\n<figure class=\"van-image-figure inline-layout \" data-bordeaux-image-check>\n<div class=\"image-full-width-wrapper\">\n<div class=\"image-widthsetter\" style=\"max-width:2000px;\"><\/div>\n<\/div>\n<\/figure>\n<p>Das Hinzuf\u00fcgen eines Lichts \u00fcber die Sp\u00fcle ist nicht die einzige M\u00f6glichkeit, mit Beleuchtung ein Gef\u00fchl der Gem\u00fctlichkeit zu erzeugen. Designer ermutigen die Menschen, ihre K\u00fcchenbeleuchtung in diesem Jahr f\u00fcr ein gem\u00fctlicheres Design zu schichten. Und es ist etwas, das ich meinem eigenen Raum hinzuf\u00fcgen m\u00f6chte.<\/p>\n<p>Das einzige Licht in meiner K\u00fcche kommt von Deckenlichtern und Fenstern. Aber um eine w\u00e4rmere, gem\u00fctliche Atmosph\u00e4re einzubeziehen, habe ich ihren Rat genommen und Lampen in meine K\u00fcche eingef\u00fchrt.<\/p>\n<p>Es k\u00f6nnte als kontroverse K\u00fcchen -Arbeitsplatte -Beleuchtungstrend begonnen haben, aber niemand kann den Unterschied leugnen, den es macht. Ich habe meine zu gem\u00fctlichen Ecken und in der Fensterbank hinzugef\u00fcgt, und es hat einen gro\u00dfen Unterschied gemacht.<\/p>\n<p>Und im Geiste der Schichtung m\u00f6chte ich auch eine Unterkabinettsbeleuchtung f\u00fcr die funktionaleren Bed\u00fcrfnisse meines Raumes hinzuf\u00fcgen.<\/p>\n<div class=\"product-container hero-product-container product-block-no-wrap\"><\/div>\n<h3 class=\"article-body__section\" id=\"section-3-focus-on-fabrics\"><span>3.. Konzentrieren Sie sich auf Stoffe<\/span><\/h3>\n<figure class=\"van-image-figure inline-layout \" data-bordeaux-image-check>\n<div class=\"image-full-width-wrapper\">\n<div class=\"image-widthsetter\" style=\"max-width:2000px;\"><\/div>\n<\/div>\n<\/figure>\n<p>Ich gebe zu, eine Funktion, die ich wirklich \u00fcbersehen habe, sind die Stoffe in meiner K\u00fcche. Abgesehen von einem Geschirrtuch und einem Ofenhandschuh, der an meinem Ofen hing, gibt es wirklich keine anderen Textilien in meinem Raum. Es ist nicht \u00fcberraschend, dass ich mich \u00e4ndern muss, wenn ich m\u00f6chte, dass sich meine K\u00fcche gem\u00fctlicher f\u00fchlt.<\/p>\n<p>\u201eIch w\u00fcrde zun\u00e4chst Fensterbehandlungen und Polsterst\u00fchle hinzuf\u00fcgen. Stoff macht die Dinge immer gem\u00fctlich \u201c, sagt der Innenarchitekt Jamie Gauker. Meine K\u00fcchenfensterbehandlungen sind derzeit h\u00f6lzern, aber wenn Sie sie gegen etwas Weichlicheres austauschen, erw\u00e4rmen Sie meinen Raum sofort.<\/p>\n<p>In \u00e4hnlicher Weise habe ich mich urspr\u00fcnglich f\u00fcr schwarze Barhocker entschieden, damit sie sich fast nahtlos unter meiner Fr\u00fchst\u00fccksbar verstecken konnten (in der Hoffnung, die Illusion eines gr\u00f6\u00dferen Raums zu geben), aber ich habe sie schlie\u00dflich durch gepolsterte Alternativen ersetzt und ich liebe es, wie sie aussehen!<\/p>\n<div class=\"product-container hero-product-container product-block-no-wrap\"><\/div>\n<h3 class=\"article-body__section\" id=\"section-4-elevate-the-finishing-touches\"><span>4. Heben Sie den letzten Schliff an<\/span><\/h3>\n<figure class=\"van-image-figure inline-layout \" data-bordeaux-image-check>\n<div class=\"image-full-width-wrapper\">\n<div class=\"image-widthsetter\" style=\"max-width:2000px;\"><\/div>\n<\/div>\n<\/figure>\n<p>Dekor ist immer der Ende, der ein Schema miteinander verbindet und ein pers\u00f6nlicheres Gef\u00fchl verleiht. Wie ich bereits erw\u00e4hnte, wurden die wenigen Dekor -St\u00fccke, die einst in meiner K\u00fcche lebten, anderswo bewegt. Es ist also der perfekte Zeitpunkt, um meine Accessorise zu \u00fcberdenken.<\/p>\n<p>\u201eEin insgesamt fertiges Aussehen zu haben, wird immer Komfort schaffen. Tapeten, Teppiche, Schrankhardware, Beleuchtung und Kunst verleihen den letzten Schliff \u201c, sagt Jamie. Das Layout und Design meiner K\u00fcche erm\u00f6glichen keine Tapeten, aber Teppiche und Kunst sind einfache St\u00fccke, die Sie vorstellen k\u00f6nnen.<\/p>\n<p>Ein L\u00e4ufer hat die dunklen K\u00fcchenbodenfliesen sofort aufgehellt und zus\u00e4tzliche W\u00e4rme unter den F\u00fc\u00dfen hinzugef\u00fcgt. Aber es sind die Kunstwerke, die meinem Raum wirklich ein einzigartigeres Finish hinzugef\u00fcgt haben. Sie haben nicht nur den leeren Wandraum gef\u00fcllt, sondern Kunst ist wirklich zum Gespr\u00e4chsthema des Designs geworden.<\/p>\n<div class=\"product-container hero-product-container product-block-no-wrap\"><\/div>\n<hr>\n<p>Mit so vielen sch\u00f6nen Ideen, um Ihre kleine K\u00fcche von kalt und ungebunden zu warm und gem\u00fctlich zu verwandeln, gibt es keinen Grund, warum sich Ihr Raum unpers\u00f6nlich anf\u00fchlen sollte. F\u00fcr mich hat das Hinzuf\u00fcgen einer dekorativen Lampe, das Legen eines Teppichs und die Einf\u00fchrung pers\u00f6nlicher Kunst in meiner kleinen K\u00fcche einen gro\u00dfen Unterschied gemacht &#8211; ich verbringe bereits mehr Zeit damit, au\u00dferhalb des Kochens!<\/p>\n<\/div>\n","protected":false},"excerpt":{"rendered":"<p>Ich verbringe viel Zeit in meiner K\u00fcche, aber in letzter Zeit fehlt es nicht zu heimelndem Reiz. Es ist eine kleine Galeere mit begrenztem Arbeitsplattenraum,<\/p>\n","protected":false},"author":1,"featured_media":3744,"comment_status":"closed","ping_status":"","sticky":false,"template":"","format":"standard","meta":{"footnotes":""},"categories":[118],"tags":[357,5347,51,143,466,5302,934,717,5783,1672,468,1054,284,142,197,37,5784,27],"class_list":["post-3743","post","type-post","status-publish","format-standard","has-post-thumbnail","hentry","category-haus-garten","tag-aber","tag-anfuehlen","tag-dass","tag-diese","tag-dinge","tag-fuehlt","tag-gemuetlich","tag-innenarchitekten","tag-kalt","tag-kleine","tag-kueche","tag-meine","tag-sagen","tag-sich","tag-sofort","tag-und","tag-unpersoenlich","tag-werden","generate-columns","tablet-grid-50","mobile-grid-100","grid-parent","grid-50"],"yoast_head":"<!-- This site is optimized with the Yoast SEO plugin v27.3 - https:\/\/yoast.com\/product\/yoast-seo-wordpress\/ -->\n<title>Meine kleine K\u00fcche f\u00fchlt sich kalt und unpers\u00f6nlich an - aber Innenarchitekten sagen, dass diese Dinge es sofort gem\u00fctlich anf\u00fchlen werden - Nachrichten - Stra\u00dfenweb<\/title>\n<meta name=\"robots\" content=\"index, follow, max-snippet:-1, max-image-preview:large, max-video-preview:-1\" \/>\n<link rel=\"canonical\" href=\"https:\/\/www.strassenweb.de\/nachrichten\/meine-kleine-kueche-fuehlt-sich-kalt-und-unpersoenlich-an-aber-innenarchitekten-sagen-dass-diese-dinge-es-sofort-gemuetlich-anfuehlen-werden\/\" \/>\n<meta property=\"og:locale\" content=\"de_DE\" \/>\n<meta property=\"og:type\" content=\"article\" \/>\n<meta property=\"og:title\" content=\"Meine kleine K\u00fcche f\u00fchlt sich kalt und unpers\u00f6nlich an - aber Innenarchitekten sagen, dass diese Dinge es sofort gem\u00fctlich anf\u00fchlen werden - Nachrichten - Stra\u00dfenweb\" \/>\n<meta property=\"og:description\" content=\"Ich verbringe viel Zeit in meiner K\u00fcche, aber in letzter Zeit fehlt es nicht zu heimelndem Reiz. Es ist eine kleine Galeere mit begrenztem Arbeitsplattenraum,\" \/>\n<meta property=\"og:url\" content=\"https:\/\/www.strassenweb.de\/nachrichten\/meine-kleine-kueche-fuehlt-sich-kalt-und-unpersoenlich-an-aber-innenarchitekten-sagen-dass-diese-dinge-es-sofort-gemuetlich-anfuehlen-werden\/\" \/>\n<meta property=\"og:site_name\" content=\"Stra\u00dfenweb\" \/>\n<meta property=\"article:publisher\" content=\"https:\/\/www.facebook.com\/strassenweb\/\" \/>\n<meta property=\"article:published_time\" content=\"2025-03-09T06:39:50+00:00\" \/>\n<meta property=\"og:image\" content=\"https:\/\/www.strassenweb.de\/nachrichten\/wp-content\/uploads\/2025\/03\/Meine-kleine-Kueche-fuehlt-sich-kalt-und-unpersoenlich-an.jpg\" \/>\n\t<meta property=\"og:image:width\" content=\"1200\" \/>\n\t<meta property=\"og:image:height\" content=\"675\" \/>\n\t<meta property=\"og:image:type\" content=\"image\/jpeg\" \/>\n<meta name=\"author\" content=\"Robert Hoffmann\" \/>\n<meta name=\"twitter:card\" content=\"summary_large_image\" \/>\n<meta name=\"twitter:label1\" content=\"Verfasst von\" \/>\n\t<meta name=\"twitter:data1\" content=\"Robert Hoffmann\" \/>\n\t<meta name=\"twitter:label2\" content=\"Gesch\u00e4tzte Lesezeit\" \/>\n\t<meta name=\"twitter:data2\" content=\"5\u00a0Minuten\" \/>\n<script type=\"application\/ld+json\" class=\"yoast-schema-graph\">{\"@context\":\"https:\\\/\\\/schema.org\",\"@graph\":[{\"@type\":\"Article\",\"@id\":\"https:\\\/\\\/www.strassenweb.de\\\/nachrichten\\\/meine-kleine-kueche-fuehlt-sich-kalt-und-unpersoenlich-an-aber-innenarchitekten-sagen-dass-diese-dinge-es-sofort-gemuetlich-anfuehlen-werden\\\/#article\",\"isPartOf\":{\"@id\":\"https:\\\/\\\/www.strassenweb.de\\\/nachrichten\\\/meine-kleine-kueche-fuehlt-sich-kalt-und-unpersoenlich-an-aber-innenarchitekten-sagen-dass-diese-dinge-es-sofort-gemuetlich-anfuehlen-werden\\\/\"},\"author\":{\"name\":\"Robert Hoffmann\",\"@id\":\"https:\\\/\\\/www.strassenweb.de\\\/nachrichten\\\/#\\\/schema\\\/person\\\/87c9c9067f1211da429a744dc5a5aa41\"},\"headline\":\"Meine kleine K\u00fcche f\u00fchlt sich kalt und unpers\u00f6nlich an &#8211; aber Innenarchitekten sagen, dass diese Dinge es sofort gem\u00fctlich anf\u00fchlen werden\",\"datePublished\":\"2025-03-09T06:39:50+00:00\",\"mainEntityOfPage\":{\"@id\":\"https:\\\/\\\/www.strassenweb.de\\\/nachrichten\\\/meine-kleine-kueche-fuehlt-sich-kalt-und-unpersoenlich-an-aber-innenarchitekten-sagen-dass-diese-dinge-es-sofort-gemuetlich-anfuehlen-werden\\\/\"},\"wordCount\":955,\"publisher\":{\"@id\":\"https:\\\/\\\/www.strassenweb.de\\\/nachrichten\\\/#organization\"},\"image\":{\"@id\":\"https:\\\/\\\/www.strassenweb.de\\\/nachrichten\\\/meine-kleine-kueche-fuehlt-sich-kalt-und-unpersoenlich-an-aber-innenarchitekten-sagen-dass-diese-dinge-es-sofort-gemuetlich-anfuehlen-werden\\\/#primaryimage\"},\"thumbnailUrl\":\"https:\\\/\\\/www.strassenweb.de\\\/nachrichten\\\/wp-content\\\/uploads\\\/2025\\\/03\\\/Meine-kleine-Kueche-fuehlt-sich-kalt-und-unpersoenlich-an.jpg\",\"keywords\":[\"aber\",\"anf\u00fchlen\",\"dass\",\"diese\",\"Dinge\",\"F\u00fchlt\",\"gem\u00fctlich\",\"Innenarchitekten\",\"kalt\",\"kleine\",\"K\u00fcche\",\"meine\",\"sagen\",\"sich\",\"sofort\",\"und\",\"unpers\u00f6nlich\",\"werden\"],\"articleSection\":[\"Haus &amp; Garten\"],\"inLanguage\":\"de\"},{\"@type\":\"WebPage\",\"@id\":\"https:\\\/\\\/www.strassenweb.de\\\/nachrichten\\\/meine-kleine-kueche-fuehlt-sich-kalt-und-unpersoenlich-an-aber-innenarchitekten-sagen-dass-diese-dinge-es-sofort-gemuetlich-anfuehlen-werden\\\/\",\"url\":\"https:\\\/\\\/www.strassenweb.de\\\/nachrichten\\\/meine-kleine-kueche-fuehlt-sich-kalt-und-unpersoenlich-an-aber-innenarchitekten-sagen-dass-diese-dinge-es-sofort-gemuetlich-anfuehlen-werden\\\/\",\"name\":\"Meine kleine K\u00fcche f\u00fchlt sich kalt und unpers\u00f6nlich an - aber Innenarchitekten sagen, dass diese Dinge es sofort gem\u00fctlich anf\u00fchlen werden - Nachrichten - Stra\u00dfenweb\",\"isPartOf\":{\"@id\":\"https:\\\/\\\/www.strassenweb.de\\\/nachrichten\\\/#website\"},\"primaryImageOfPage\":{\"@id\":\"https:\\\/\\\/www.strassenweb.de\\\/nachrichten\\\/meine-kleine-kueche-fuehlt-sich-kalt-und-unpersoenlich-an-aber-innenarchitekten-sagen-dass-diese-dinge-es-sofort-gemuetlich-anfuehlen-werden\\\/#primaryimage\"},\"image\":{\"@id\":\"https:\\\/\\\/www.strassenweb.de\\\/nachrichten\\\/meine-kleine-kueche-fuehlt-sich-kalt-und-unpersoenlich-an-aber-innenarchitekten-sagen-dass-diese-dinge-es-sofort-gemuetlich-anfuehlen-werden\\\/#primaryimage\"},\"thumbnailUrl\":\"https:\\\/\\\/www.strassenweb.de\\\/nachrichten\\\/wp-content\\\/uploads\\\/2025\\\/03\\\/Meine-kleine-Kueche-fuehlt-sich-kalt-und-unpersoenlich-an.jpg\",\"datePublished\":\"2025-03-09T06:39:50+00:00\",\"breadcrumb\":{\"@id\":\"https:\\\/\\\/www.strassenweb.de\\\/nachrichten\\\/meine-kleine-kueche-fuehlt-sich-kalt-und-unpersoenlich-an-aber-innenarchitekten-sagen-dass-diese-dinge-es-sofort-gemuetlich-anfuehlen-werden\\\/#breadcrumb\"},\"inLanguage\":\"de\",\"potentialAction\":[{\"@type\":\"ReadAction\",\"target\":[\"https:\\\/\\\/www.strassenweb.de\\\/nachrichten\\\/meine-kleine-kueche-fuehlt-sich-kalt-und-unpersoenlich-an-aber-innenarchitekten-sagen-dass-diese-dinge-es-sofort-gemuetlich-anfuehlen-werden\\\/\"]}]},{\"@type\":\"ImageObject\",\"inLanguage\":\"de\",\"@id\":\"https:\\\/\\\/www.strassenweb.de\\\/nachrichten\\\/meine-kleine-kueche-fuehlt-sich-kalt-und-unpersoenlich-an-aber-innenarchitekten-sagen-dass-diese-dinge-es-sofort-gemuetlich-anfuehlen-werden\\\/#primaryimage\",\"url\":\"https:\\\/\\\/www.strassenweb.de\\\/nachrichten\\\/wp-content\\\/uploads\\\/2025\\\/03\\\/Meine-kleine-Kueche-fuehlt-sich-kalt-und-unpersoenlich-an.jpg\",\"contentUrl\":\"https:\\\/\\\/www.strassenweb.de\\\/nachrichten\\\/wp-content\\\/uploads\\\/2025\\\/03\\\/Meine-kleine-Kueche-fuehlt-sich-kalt-und-unpersoenlich-an.jpg\",\"width\":1200,\"height\":675,\"caption\":\"Meine kleine K\u00fcche f\u00fchlt sich kalt und unpers\u00f6nlich an - aber Innenarchitekten sagen, dass diese Dinge es sofort gem\u00fctlich anf\u00fchlen werden\"},{\"@type\":\"BreadcrumbList\",\"@id\":\"https:\\\/\\\/www.strassenweb.de\\\/nachrichten\\\/meine-kleine-kueche-fuehlt-sich-kalt-und-unpersoenlich-an-aber-innenarchitekten-sagen-dass-diese-dinge-es-sofort-gemuetlich-anfuehlen-werden\\\/#breadcrumb\",\"itemListElement\":[{\"@type\":\"ListItem\",\"position\":1,\"name\":\"Home\",\"item\":\"https:\\\/\\\/www.strassenweb.de\\\/nachrichten\\\/\"},{\"@type\":\"ListItem\",\"position\":2,\"name\":\"Meine kleine K\u00fcche f\u00fchlt sich kalt und unpers\u00f6nlich an &#8211; aber Innenarchitekten sagen, dass diese Dinge es sofort gem\u00fctlich anf\u00fchlen werden\"}]},{\"@type\":\"WebSite\",\"@id\":\"https:\\\/\\\/www.strassenweb.de\\\/nachrichten\\\/#website\",\"url\":\"https:\\\/\\\/www.strassenweb.de\\\/nachrichten\\\/\",\"name\":\"Stra\u00dfenweb\",\"description\":\"Stra\u00dfenverzeichnis f\u00fcr Deutschland\",\"publisher\":{\"@id\":\"https:\\\/\\\/www.strassenweb.de\\\/nachrichten\\\/#organization\"},\"potentialAction\":[{\"@type\":\"SearchAction\",\"target\":{\"@type\":\"EntryPoint\",\"urlTemplate\":\"https:\\\/\\\/www.strassenweb.de\\\/nachrichten\\\/?s={search_term_string}\"},\"query-input\":{\"@type\":\"PropertyValueSpecification\",\"valueRequired\":true,\"valueName\":\"search_term_string\"}}],\"inLanguage\":\"de\"},{\"@type\":\"Organization\",\"@id\":\"https:\\\/\\\/www.strassenweb.de\\\/nachrichten\\\/#organization\",\"name\":\"Stra\u00dfenweb\",\"url\":\"https:\\\/\\\/www.strassenweb.de\\\/nachrichten\\\/\",\"logo\":{\"@type\":\"ImageObject\",\"inLanguage\":\"de\",\"@id\":\"https:\\\/\\\/www.strassenweb.de\\\/nachrichten\\\/#\\\/schema\\\/logo\\\/image\\\/\",\"url\":\"https:\\\/\\\/www.strassenweb.de\\\/nachrichten\\\/wp-content\\\/uploads\\\/2024\\\/09\\\/cropped-favicon.png\",\"contentUrl\":\"https:\\\/\\\/www.strassenweb.de\\\/nachrichten\\\/wp-content\\\/uploads\\\/2024\\\/09\\\/cropped-favicon.png\",\"width\":512,\"height\":512,\"caption\":\"Stra\u00dfenweb\"},\"image\":{\"@id\":\"https:\\\/\\\/www.strassenweb.de\\\/nachrichten\\\/#\\\/schema\\\/logo\\\/image\\\/\"},\"sameAs\":[\"https:\\\/\\\/www.facebook.com\\\/strassenweb\\\/\"]},{\"@type\":\"Person\",\"@id\":\"https:\\\/\\\/www.strassenweb.de\\\/nachrichten\\\/#\\\/schema\\\/person\\\/87c9c9067f1211da429a744dc5a5aa41\",\"name\":\"Robert Hoffmann\",\"image\":{\"@type\":\"ImageObject\",\"inLanguage\":\"de\",\"@id\":\"https:\\\/\\\/www.strassenweb.de\\\/nachrichten\\\/wp-content\\\/uploads\\\/2024\\\/09\\\/strassenweb-150x150.jpg\",\"url\":\"https:\\\/\\\/www.strassenweb.de\\\/nachrichten\\\/wp-content\\\/uploads\\\/2024\\\/09\\\/strassenweb-150x150.jpg\",\"contentUrl\":\"https:\\\/\\\/www.strassenweb.de\\\/nachrichten\\\/wp-content\\\/uploads\\\/2024\\\/09\\\/strassenweb-150x150.jpg\",\"caption\":\"Robert Hoffmann\"},\"description\":\"Ich hei\u00dfe Robert Hoffmann und ich bin ein leidenschaftlicher Verfechter von \u00d6kologie und Biodiversit\u00e4t. Seit meiner Kindheit in den W\u00e4ldern Bayerns f\u00fchle ich mich mit der Natur verbunden und bin entschlossen, sie zu sch\u00fctzen. Heute widme ich mein Leben der Sensibilisierung anderer f\u00fcr die Bedeutung des Umweltschutzes f\u00fcr zuk\u00fcnftige Generationen.\",\"sameAs\":[\"https:\\\/\\\/www.strassenweb.de\\\/\"]}]}<\/script>\n<!-- \/ Yoast SEO plugin. -->","yoast_head_json":{"title":"Meine kleine K\u00fcche f\u00fchlt sich kalt und unpers\u00f6nlich an - aber Innenarchitekten sagen, dass diese Dinge es sofort gem\u00fctlich anf\u00fchlen werden - Nachrichten - Stra\u00dfenweb","robots":{"index":"index","follow":"follow","max-snippet":"max-snippet:-1","max-image-preview":"max-image-preview:large","max-video-preview":"max-video-preview:-1"},"canonical":"https:\/\/www.strassenweb.de\/nachrichten\/meine-kleine-kueche-fuehlt-sich-kalt-und-unpersoenlich-an-aber-innenarchitekten-sagen-dass-diese-dinge-es-sofort-gemuetlich-anfuehlen-werden\/","og_locale":"de_DE","og_type":"article","og_title":"Meine kleine K\u00fcche f\u00fchlt sich kalt und unpers\u00f6nlich an - aber Innenarchitekten sagen, dass diese Dinge es sofort gem\u00fctlich anf\u00fchlen werden - Nachrichten - Stra\u00dfenweb","og_description":"Ich verbringe viel Zeit in meiner K\u00fcche, aber in letzter Zeit fehlt es nicht zu heimelndem Reiz. Es ist eine kleine Galeere mit begrenztem Arbeitsplattenraum,","og_url":"https:\/\/www.strassenweb.de\/nachrichten\/meine-kleine-kueche-fuehlt-sich-kalt-und-unpersoenlich-an-aber-innenarchitekten-sagen-dass-diese-dinge-es-sofort-gemuetlich-anfuehlen-werden\/","og_site_name":"Stra\u00dfenweb","article_publisher":"https:\/\/www.facebook.com\/strassenweb\/","article_published_time":"2025-03-09T06:39:50+00:00","og_image":[{"width":1200,"height":675,"url":"https:\/\/www.strassenweb.de\/nachrichten\/wp-content\/uploads\/2025\/03\/Meine-kleine-Kueche-fuehlt-sich-kalt-und-unpersoenlich-an.jpg","type":"image\/jpeg"}],"author":"Robert Hoffmann","twitter_card":"summary_large_image","twitter_misc":{"Verfasst von":"Robert Hoffmann","Gesch\u00e4tzte Lesezeit":"5\u00a0Minuten"},"schema":{"@context":"https:\/\/schema.org","@graph":[{"@type":"Article","@id":"https:\/\/www.strassenweb.de\/nachrichten\/meine-kleine-kueche-fuehlt-sich-kalt-und-unpersoenlich-an-aber-innenarchitekten-sagen-dass-diese-dinge-es-sofort-gemuetlich-anfuehlen-werden\/#article","isPartOf":{"@id":"https:\/\/www.strassenweb.de\/nachrichten\/meine-kleine-kueche-fuehlt-sich-kalt-und-unpersoenlich-an-aber-innenarchitekten-sagen-dass-diese-dinge-es-sofort-gemuetlich-anfuehlen-werden\/"},"author":{"name":"Robert Hoffmann","@id":"https:\/\/www.strassenweb.de\/nachrichten\/#\/schema\/person\/87c9c9067f1211da429a744dc5a5aa41"},"headline":"Meine kleine K\u00fcche f\u00fchlt sich kalt und unpers\u00f6nlich an &#8211; aber Innenarchitekten sagen, dass diese Dinge es sofort gem\u00fctlich anf\u00fchlen werden","datePublished":"2025-03-09T06:39:50+00:00","mainEntityOfPage":{"@id":"https:\/\/www.strassenweb.de\/nachrichten\/meine-kleine-kueche-fuehlt-sich-kalt-und-unpersoenlich-an-aber-innenarchitekten-sagen-dass-diese-dinge-es-sofort-gemuetlich-anfuehlen-werden\/"},"wordCount":955,"publisher":{"@id":"https:\/\/www.strassenweb.de\/nachrichten\/#organization"},"image":{"@id":"https:\/\/www.strassenweb.de\/nachrichten\/meine-kleine-kueche-fuehlt-sich-kalt-und-unpersoenlich-an-aber-innenarchitekten-sagen-dass-diese-dinge-es-sofort-gemuetlich-anfuehlen-werden\/#primaryimage"},"thumbnailUrl":"https:\/\/www.strassenweb.de\/nachrichten\/wp-content\/uploads\/2025\/03\/Meine-kleine-Kueche-fuehlt-sich-kalt-und-unpersoenlich-an.jpg","keywords":["aber","anf\u00fchlen","dass","diese","Dinge","F\u00fchlt","gem\u00fctlich","Innenarchitekten","kalt","kleine","K\u00fcche","meine","sagen","sich","sofort","und","unpers\u00f6nlich","werden"],"articleSection":["Haus &amp; Garten"],"inLanguage":"de"},{"@type":"WebPage","@id":"https:\/\/www.strassenweb.de\/nachrichten\/meine-kleine-kueche-fuehlt-sich-kalt-und-unpersoenlich-an-aber-innenarchitekten-sagen-dass-diese-dinge-es-sofort-gemuetlich-anfuehlen-werden\/","url":"https:\/\/www.strassenweb.de\/nachrichten\/meine-kleine-kueche-fuehlt-sich-kalt-und-unpersoenlich-an-aber-innenarchitekten-sagen-dass-diese-dinge-es-sofort-gemuetlich-anfuehlen-werden\/","name":"Meine kleine K\u00fcche f\u00fchlt sich kalt und unpers\u00f6nlich an - aber Innenarchitekten sagen, dass diese Dinge es sofort gem\u00fctlich anf\u00fchlen werden - Nachrichten - Stra\u00dfenweb","isPartOf":{"@id":"https:\/\/www.strassenweb.de\/nachrichten\/#website"},"primaryImageOfPage":{"@id":"https:\/\/www.strassenweb.de\/nachrichten\/meine-kleine-kueche-fuehlt-sich-kalt-und-unpersoenlich-an-aber-innenarchitekten-sagen-dass-diese-dinge-es-sofort-gemuetlich-anfuehlen-werden\/#primaryimage"},"image":{"@id":"https:\/\/www.strassenweb.de\/nachrichten\/meine-kleine-kueche-fuehlt-sich-kalt-und-unpersoenlich-an-aber-innenarchitekten-sagen-dass-diese-dinge-es-sofort-gemuetlich-anfuehlen-werden\/#primaryimage"},"thumbnailUrl":"https:\/\/www.strassenweb.de\/nachrichten\/wp-content\/uploads\/2025\/03\/Meine-kleine-Kueche-fuehlt-sich-kalt-und-unpersoenlich-an.jpg","datePublished":"2025-03-09T06:39:50+00:00","breadcrumb":{"@id":"https:\/\/www.strassenweb.de\/nachrichten\/meine-kleine-kueche-fuehlt-sich-kalt-und-unpersoenlich-an-aber-innenarchitekten-sagen-dass-diese-dinge-es-sofort-gemuetlich-anfuehlen-werden\/#breadcrumb"},"inLanguage":"de","potentialAction":[{"@type":"ReadAction","target":["https:\/\/www.strassenweb.de\/nachrichten\/meine-kleine-kueche-fuehlt-sich-kalt-und-unpersoenlich-an-aber-innenarchitekten-sagen-dass-diese-dinge-es-sofort-gemuetlich-anfuehlen-werden\/"]}]},{"@type":"ImageObject","inLanguage":"de","@id":"https:\/\/www.strassenweb.de\/nachrichten\/meine-kleine-kueche-fuehlt-sich-kalt-und-unpersoenlich-an-aber-innenarchitekten-sagen-dass-diese-dinge-es-sofort-gemuetlich-anfuehlen-werden\/#primaryimage","url":"https:\/\/www.strassenweb.de\/nachrichten\/wp-content\/uploads\/2025\/03\/Meine-kleine-Kueche-fuehlt-sich-kalt-und-unpersoenlich-an.jpg","contentUrl":"https:\/\/www.strassenweb.de\/nachrichten\/wp-content\/uploads\/2025\/03\/Meine-kleine-Kueche-fuehlt-sich-kalt-und-unpersoenlich-an.jpg","width":1200,"height":675,"caption":"Meine kleine K\u00fcche f\u00fchlt sich kalt und unpers\u00f6nlich an - aber Innenarchitekten sagen, dass diese Dinge es sofort gem\u00fctlich anf\u00fchlen werden"},{"@type":"BreadcrumbList","@id":"https:\/\/www.strassenweb.de\/nachrichten\/meine-kleine-kueche-fuehlt-sich-kalt-und-unpersoenlich-an-aber-innenarchitekten-sagen-dass-diese-dinge-es-sofort-gemuetlich-anfuehlen-werden\/#breadcrumb","itemListElement":[{"@type":"ListItem","position":1,"name":"Home","item":"https:\/\/www.strassenweb.de\/nachrichten\/"},{"@type":"ListItem","position":2,"name":"Meine kleine K\u00fcche f\u00fchlt sich kalt und unpers\u00f6nlich an &#8211; aber Innenarchitekten sagen, dass diese Dinge es sofort gem\u00fctlich anf\u00fchlen werden"}]},{"@type":"WebSite","@id":"https:\/\/www.strassenweb.de\/nachrichten\/#website","url":"https:\/\/www.strassenweb.de\/nachrichten\/","name":"Stra\u00dfenweb","description":"Stra\u00dfenverzeichnis f\u00fcr Deutschland","publisher":{"@id":"https:\/\/www.strassenweb.de\/nachrichten\/#organization"},"potentialAction":[{"@type":"SearchAction","target":{"@type":"EntryPoint","urlTemplate":"https:\/\/www.strassenweb.de\/nachrichten\/?s={search_term_string}"},"query-input":{"@type":"PropertyValueSpecification","valueRequired":true,"valueName":"search_term_string"}}],"inLanguage":"de"},{"@type":"Organization","@id":"https:\/\/www.strassenweb.de\/nachrichten\/#organization","name":"Stra\u00dfenweb","url":"https:\/\/www.strassenweb.de\/nachrichten\/","logo":{"@type":"ImageObject","inLanguage":"de","@id":"https:\/\/www.strassenweb.de\/nachrichten\/#\/schema\/logo\/image\/","url":"https:\/\/www.strassenweb.de\/nachrichten\/wp-content\/uploads\/2024\/09\/cropped-favicon.png","contentUrl":"https:\/\/www.strassenweb.de\/nachrichten\/wp-content\/uploads\/2024\/09\/cropped-favicon.png","width":512,"height":512,"caption":"Stra\u00dfenweb"},"image":{"@id":"https:\/\/www.strassenweb.de\/nachrichten\/#\/schema\/logo\/image\/"},"sameAs":["https:\/\/www.facebook.com\/strassenweb\/"]},{"@type":"Person","@id":"https:\/\/www.strassenweb.de\/nachrichten\/#\/schema\/person\/87c9c9067f1211da429a744dc5a5aa41","name":"Robert Hoffmann","image":{"@type":"ImageObject","inLanguage":"de","@id":"https:\/\/www.strassenweb.de\/nachrichten\/wp-content\/uploads\/2024\/09\/strassenweb-150x150.jpg","url":"https:\/\/www.strassenweb.de\/nachrichten\/wp-content\/uploads\/2024\/09\/strassenweb-150x150.jpg","contentUrl":"https:\/\/www.strassenweb.de\/nachrichten\/wp-content\/uploads\/2024\/09\/strassenweb-150x150.jpg","caption":"Robert Hoffmann"},"description":"Ich hei\u00dfe Robert Hoffmann und ich bin ein leidenschaftlicher Verfechter von \u00d6kologie und Biodiversit\u00e4t. Seit meiner Kindheit in den W\u00e4ldern Bayerns f\u00fchle ich mich mit der Natur verbunden und bin entschlossen, sie zu sch\u00fctzen. Heute widme ich mein Leben der Sensibilisierung anderer f\u00fcr die Bedeutung des Umweltschutzes f\u00fcr zuk\u00fcnftige Generationen.","sameAs":["https:\/\/www.strassenweb.de\/"]}]}},"_links":{"self":[{"href":"https:\/\/www.strassenweb.de\/nachrichten\/wp-json\/wp\/v2\/posts\/3743","targetHints":{"allow":["GET"]}}],"collection":[{"href":"https:\/\/www.strassenweb.de\/nachrichten\/wp-json\/wp\/v2\/posts"}],"about":[{"href":"https:\/\/www.strassenweb.de\/nachrichten\/wp-json\/wp\/v2\/types\/post"}],"author":[{"embeddable":true,"href":"https:\/\/www.strassenweb.de\/nachrichten\/wp-json\/wp\/v2\/users\/1"}],"replies":[{"embeddable":true,"href":"https:\/\/www.strassenweb.de\/nachrichten\/wp-json\/wp\/v2\/comments?post=3743"}],"version-history":[{"count":0,"href":"https:\/\/www.strassenweb.de\/nachrichten\/wp-json\/wp\/v2\/posts\/3743\/revisions"}],"wp:featuredmedia":[{"embeddable":true,"href":"https:\/\/www.strassenweb.de\/nachrichten\/wp-json\/wp\/v2\/media\/3744"}],"wp:attachment":[{"href":"https:\/\/www.strassenweb.de\/nachrichten\/wp-json\/wp\/v2\/media?parent=3743"}],"wp:term":[{"taxonomy":"category","embeddable":true,"href":"https:\/\/www.strassenweb.de\/nachrichten\/wp-json\/wp\/v2\/categories?post=3743"},{"taxonomy":"post_tag","embeddable":true,"href":"https:\/\/www.strassenweb.de\/nachrichten\/wp-json\/wp\/v2\/tags?post=3743"}],"curies":[{"name":"wp","href":"https:\/\/api.w.org\/{rel}","templated":true}]}}