{"id":3737,"date":"2025-03-08T23:42:15","date_gmt":"2025-03-08T22:42:15","guid":{"rendered":"https:\/\/www.strassenweb.de\/nachrichten\/das-badezimmer-von-mindy-kaling-verwendet-eine-gekippte-akzentwand-als-mittelpunkt-es-ist-richtig-im-trend-fuer-2025\/"},"modified":"2025-03-08T23:42:16","modified_gmt":"2025-03-08T22:42:16","slug":"das-badezimmer-von-mindy-kaling-verwendet-eine-gekippte-akzentwand-als-mittelpunkt-es-ist-richtig-im-trend-fuer-2025","status":"publish","type":"post","link":"https:\/\/www.strassenweb.de\/nachrichten\/das-badezimmer-von-mindy-kaling-verwendet-eine-gekippte-akzentwand-als-mittelpunkt-es-ist-richtig-im-trend-fuer-2025\/","title":{"rendered":"Das Badezimmer von Mindy Kaling verwendet eine gekippte Akzentwand als Mittelpunkt &#8211; es ist richtig im Trend f\u00fcr 2025"},"content":{"rendered":"<p><\/p>\n<div id=\"article-body\" class=\"article__body \">\n<p>Die Auswahl der Badezimmerfliesen ist entscheidend, um das Aussehen und Gef\u00fchl eines Raums zu bestimmen. Von Farbe bis Ende kann eine Fliese stark zum Stil und dem Ambiente beitragen.<\/p>\n<div id=\"ad-unit-1\" class=\"ad-unit\"><\/div>\n<p>Wir lassen uns von Mindy Kalings Badezimmer -Fliesenidee inspirieren. Anstatt Kacheln auf den Boden zu legen, hat sie sich f\u00fcr eine Aussage entschieden, Akzentwand neben ihrer wei\u00dfen, Clawfoot -Wanne. Die fraglichen Fliesen sind ein wundersch\u00f6ner, beruhigender blauer Farbton, der die knusprige wei\u00dfe Wanne herrlich kontrastiert.<\/p>\n<aside class=\"hawk-base\" data-block-type=\"embed\" data-render-type=\"fte\" data-skip=\"dealsy\" data-widget-type=\"seasonal\">\n<div class=\"hawk-master-widget-hawk-base-wrapper\"><\/div>\n<\/aside>\n<p>W\u00e4hrend wir weiterhin sehen, wie der Kachel tr\u00e4nkte Trend von der K\u00fcche bis zum Wohnzimmer erscheint, nehmen wir Hinweise auf Mindy und \u00fcberlegen, wie wir ein Badezimmer mit einer fliegenden Akzentwand stylen k\u00f6nnen.<\/p>\n<div id=\"desktop-in-article\" class=\"in-article ad-unit\">\n<div id=\"desktop-taboola-mid-article\"><\/div>\n<\/div>\n<div id=\"mobile-in-article\" class=\"in-article ad-unit\">\n<div id=\"mobile-taboola-mid-article\"><\/div>\n<\/div>\n<div class=\"instagram-embed\">\n<blockquote class=\"instagram-media\" data-instgrm-captioned data-instgrm-version=\"6\" style=\"width:99.375%; width:-webkit-calc(100% - 2px); width:calc(100% - 2px);\">\n<p>Ein Beitrag von Mindy Kaling (@mindykaling) geteilt<\/p>\n<p>Ein Foto von on <\/p>\n<\/blockquote>\n<\/div>\n<h3 class=\"article-body__section\" id=\"section-shop-the-blue-and-white-bathroom-edit\"><span>Kaufen Sie das blaue und wei\u00dfe Badezimmer ein. Bearbeiten Sie<\/span><\/h3>\n<div class=\"product-container hero-product-container product-block-no-wrap\"><\/div>\n<p>Laut Experten ist die Verwendung von Fliesen eine gro\u00dfartige M\u00f6glichkeit, um den gr\u00f6\u00dferen Trend der Einf\u00fchrung nat\u00fcrlicher Materialien im Haushalt zu nutzen.<\/p>\n<div class=\"van_vid_carousel\">\n<div class=\"van_vid_carousel__padding\">\n<div class=\"van_vid_carousel__container\"><\/div>\n<\/div>\n<\/div>\n<p>Mike Whitfield, Interiors -Experte bei <u>Lussgo<\/u> erkl\u00e4rt: \u201eDie Verwendung verschiedener nat\u00fcrlicher Materialien in einem Badezimmer ist aufgrund des Zusammenspiels verschiedener Texturen sehr w\u00fcnschenswert. Das Kombinieren von Materialien wie Holz und Stein erzeugt eine reichhaltige, geschichtete \u00c4sthetik, die klassischen Luxus ausstrahlt. &#8218;<\/p>\n<div id=\"ad-unit-2\" class=\"ad-unit\"><\/div>\n<p>Er f\u00e4hrt fort, &#8218;kontrastierende Texturen bringt Tiefe und Charakter in einen Raum und verhindert, dass er sich flach oder eine Dimension anf\u00fchlt. Eine Kombination von Materialien in einem Badezimmer wie einem matten wei\u00dfen Steinbad gegen eine Wand aus Travertinfliesen kann sicherstellen, dass ein Badezimmer Interesse hat und sich einladend anf\u00fchlt. &#8218;<\/p>\n<p>Mindys Badezimmer entspricht Mikes Rat und stellt eine farbenfrohe Fliese gegen ein mattes wei\u00dfes Bad gegen\u00fcber. Die kontrastierenden Farben in Kombination mit den gemischten Materialien sorgen f\u00fcr eine visuell ansprechende Mischung, die die Farbpalette f\u00fcr den Raum einstellen kann.<\/p>\n<div id=\"slice-container-newsletterForm-articleInbodyContent-htqj4gMhtM9GuqLq8Ygs3X\" class=\"slice-container newsletter-inbodyContent-slice newsletterForm-articleInbodyContent-htqj4gMhtM9GuqLq8Ygs3X slice-container-newsletterForm\"><\/div>\n<p>&#8222;\u00dcber \u00c4sthetik hinaus verbessert das Mischen mehrerer nat\u00fcrlicher Elemente das sensorische Erlebnis eines Badezimmers, insbesondere wenn verschiedene Elemente unterschiedlich beendet werden&#8220;, erkl\u00e4rt Mike. &#8222;Die Kombination polierter und mattes Oberfl\u00e4chen beispielsweise hilft, kontrastierende T\u00f6ne und Texturen hinzuzuf\u00fcgen, und kann einen bestimmten Gegenstand oder einen bestimmten Bereich des Raumes abheben, wobei die beiden Oberfl\u00e4chen kombiniert werden, um ein weiches, zur\u00fcckhaltendes Erscheinungsbild zu erzeugen.&#8220;<\/p>\n<p>Das Fliesen einer Wand ist auch eine gro\u00dfartige Alternative zum Lackieren und f\u00fcgt dem Badezimmer eine Texturschicht hinzu. Gehen Sie noch einen Schritt weiter, indem Sie mit unerwarteten M\u00f6rtelfarben experimentieren, die mit anderen Zubeh\u00f6r im Raum koordinieren k\u00f6nnen.<\/p>\n<figure class=\"van-image-figure inline-layout \" data-bordeaux-image-check>\n<div class=\"image-full-width-wrapper\">\n<div class=\"image-widthsetter\" style=\"max-width:2000px;\"><\/div>\n<\/div>\n<\/figure>\n<hr>\n<p>Fliesen Akzentw\u00e4nde sind fantastische M\u00f6glichkeiten, um ein Badezimmer sowohl Farbe als auch Textur zu infundieren, w\u00e4hrend sie einen dauerhaften Trend f\u00fcr 2025 nutzen.<\/p>\n<hr>\n<\/div>\n<p><script async src=\"\/\/www.instagram.com\/embed.js\"><\/script><\/p>\n","protected":false},"excerpt":{"rendered":"<p>Die Auswahl der Badezimmerfliesen ist entscheidend, um das Aussehen und Gef\u00fchl eines Raums zu bestimmen. Von Farbe bis Ende kann eine Fliese stark zum Stil<\/p>\n","protected":false},"author":1,"featured_media":3738,"comment_status":"closed","ping_status":"","sticky":false,"template":"","format":"standard","meta":{"footnotes":""},"categories":[118],"tags":[5782,935,2411,112,74,55,5781,15,5780,5779,1486,2775,504,207,21],"class_list":["post-3737","post","type-post","status-publish","format-standard","has-post-thumbnail","hentry","category-haus-garten","tag-akzentwand","tag-als","tag-badezimmer","tag-das","tag-eine","tag-fuer","tag-gekippte","tag-ist","tag-kaling","tag-mindy","tag-mittelpunkt","tag-richtig","tag-trend","tag-verwendet","tag-von","generate-columns","tablet-grid-50","mobile-grid-100","grid-parent","grid-50"],"yoast_head":"<!-- This site is optimized with the Yoast SEO plugin v27.3 - https:\/\/yoast.com\/product\/yoast-seo-wordpress\/ -->\n<title>Das Badezimmer von Mindy Kaling verwendet eine gekippte Akzentwand als Mittelpunkt - es ist richtig im Trend f\u00fcr 2025 - Nachrichten - Stra\u00dfenweb<\/title>\n<meta name=\"robots\" content=\"index, follow, max-snippet:-1, max-image-preview:large, max-video-preview:-1\" \/>\n<link rel=\"canonical\" href=\"https:\/\/www.strassenweb.de\/nachrichten\/das-badezimmer-von-mindy-kaling-verwendet-eine-gekippte-akzentwand-als-mittelpunkt-es-ist-richtig-im-trend-fuer-2025\/\" \/>\n<meta property=\"og:locale\" content=\"de_DE\" \/>\n<meta property=\"og:type\" content=\"article\" \/>\n<meta property=\"og:title\" content=\"Das Badezimmer von Mindy Kaling verwendet eine gekippte Akzentwand als Mittelpunkt - es ist richtig im Trend f\u00fcr 2025 - Nachrichten - Stra\u00dfenweb\" \/>\n<meta property=\"og:description\" content=\"Die Auswahl der Badezimmerfliesen ist entscheidend, um das Aussehen und Gef\u00fchl eines Raums zu bestimmen. Von Farbe bis Ende kann eine Fliese stark zum Stil\" \/>\n<meta property=\"og:url\" content=\"https:\/\/www.strassenweb.de\/nachrichten\/das-badezimmer-von-mindy-kaling-verwendet-eine-gekippte-akzentwand-als-mittelpunkt-es-ist-richtig-im-trend-fuer-2025\/\" \/>\n<meta property=\"og:site_name\" content=\"Stra\u00dfenweb\" \/>\n<meta property=\"article:publisher\" content=\"https:\/\/www.facebook.com\/strassenweb\/\" \/>\n<meta property=\"article:published_time\" content=\"2025-03-08T22:42:15+00:00\" \/>\n<meta property=\"article:modified_time\" content=\"2025-03-08T22:42:16+00:00\" \/>\n<meta property=\"og:image\" content=\"https:\/\/www.strassenweb.de\/nachrichten\/wp-content\/uploads\/2025\/03\/Das-Badezimmer-von-Mindy-Kaling-verwendet-eine-gekippte-Akzentwand-als.jpg\" \/>\n\t<meta property=\"og:image:width\" content=\"1200\" \/>\n\t<meta property=\"og:image:height\" content=\"675\" \/>\n\t<meta property=\"og:image:type\" content=\"image\/jpeg\" \/>\n<meta name=\"author\" content=\"Robert Hoffmann\" \/>\n<meta name=\"twitter:card\" content=\"summary_large_image\" \/>\n<meta name=\"twitter:label1\" content=\"Verfasst von\" \/>\n\t<meta name=\"twitter:data1\" content=\"Robert Hoffmann\" \/>\n\t<meta name=\"twitter:label2\" content=\"Gesch\u00e4tzte Lesezeit\" \/>\n\t<meta name=\"twitter:data2\" content=\"2\u00a0Minuten\" \/>\n<script type=\"application\/ld+json\" class=\"yoast-schema-graph\">{\"@context\":\"https:\\\/\\\/schema.org\",\"@graph\":[{\"@type\":\"Article\",\"@id\":\"https:\\\/\\\/www.strassenweb.de\\\/nachrichten\\\/das-badezimmer-von-mindy-kaling-verwendet-eine-gekippte-akzentwand-als-mittelpunkt-es-ist-richtig-im-trend-fuer-2025\\\/#article\",\"isPartOf\":{\"@id\":\"https:\\\/\\\/www.strassenweb.de\\\/nachrichten\\\/das-badezimmer-von-mindy-kaling-verwendet-eine-gekippte-akzentwand-als-mittelpunkt-es-ist-richtig-im-trend-fuer-2025\\\/\"},\"author\":{\"name\":\"Robert Hoffmann\",\"@id\":\"https:\\\/\\\/www.strassenweb.de\\\/nachrichten\\\/#\\\/schema\\\/person\\\/87c9c9067f1211da429a744dc5a5aa41\"},\"headline\":\"Das Badezimmer von Mindy Kaling verwendet eine gekippte Akzentwand als Mittelpunkt &#8211; es ist richtig im Trend f\u00fcr 2025\",\"datePublished\":\"2025-03-08T22:42:15+00:00\",\"dateModified\":\"2025-03-08T22:42:16+00:00\",\"mainEntityOfPage\":{\"@id\":\"https:\\\/\\\/www.strassenweb.de\\\/nachrichten\\\/das-badezimmer-von-mindy-kaling-verwendet-eine-gekippte-akzentwand-als-mittelpunkt-es-ist-richtig-im-trend-fuer-2025\\\/\"},\"wordCount\":461,\"publisher\":{\"@id\":\"https:\\\/\\\/www.strassenweb.de\\\/nachrichten\\\/#organization\"},\"image\":{\"@id\":\"https:\\\/\\\/www.strassenweb.de\\\/nachrichten\\\/das-badezimmer-von-mindy-kaling-verwendet-eine-gekippte-akzentwand-als-mittelpunkt-es-ist-richtig-im-trend-fuer-2025\\\/#primaryimage\"},\"thumbnailUrl\":\"https:\\\/\\\/www.strassenweb.de\\\/nachrichten\\\/wp-content\\\/uploads\\\/2025\\\/03\\\/Das-Badezimmer-von-Mindy-Kaling-verwendet-eine-gekippte-Akzentwand-als.jpg\",\"keywords\":[\"Akzentwand\",\"als\",\"Badezimmer\",\"das\",\"eine\",\"f\u00fcr\",\"gekippte\",\"ist\",\"Kaling\",\"Mindy\",\"Mittelpunkt\",\"richtig\",\"Trend\",\"verwendet\",\"von\"],\"articleSection\":[\"Haus &amp; Garten\"],\"inLanguage\":\"de\"},{\"@type\":\"WebPage\",\"@id\":\"https:\\\/\\\/www.strassenweb.de\\\/nachrichten\\\/das-badezimmer-von-mindy-kaling-verwendet-eine-gekippte-akzentwand-als-mittelpunkt-es-ist-richtig-im-trend-fuer-2025\\\/\",\"url\":\"https:\\\/\\\/www.strassenweb.de\\\/nachrichten\\\/das-badezimmer-von-mindy-kaling-verwendet-eine-gekippte-akzentwand-als-mittelpunkt-es-ist-richtig-im-trend-fuer-2025\\\/\",\"name\":\"Das Badezimmer von Mindy Kaling verwendet eine gekippte Akzentwand als Mittelpunkt - es ist richtig im Trend f\u00fcr 2025 - Nachrichten - Stra\u00dfenweb\",\"isPartOf\":{\"@id\":\"https:\\\/\\\/www.strassenweb.de\\\/nachrichten\\\/#website\"},\"primaryImageOfPage\":{\"@id\":\"https:\\\/\\\/www.strassenweb.de\\\/nachrichten\\\/das-badezimmer-von-mindy-kaling-verwendet-eine-gekippte-akzentwand-als-mittelpunkt-es-ist-richtig-im-trend-fuer-2025\\\/#primaryimage\"},\"image\":{\"@id\":\"https:\\\/\\\/www.strassenweb.de\\\/nachrichten\\\/das-badezimmer-von-mindy-kaling-verwendet-eine-gekippte-akzentwand-als-mittelpunkt-es-ist-richtig-im-trend-fuer-2025\\\/#primaryimage\"},\"thumbnailUrl\":\"https:\\\/\\\/www.strassenweb.de\\\/nachrichten\\\/wp-content\\\/uploads\\\/2025\\\/03\\\/Das-Badezimmer-von-Mindy-Kaling-verwendet-eine-gekippte-Akzentwand-als.jpg\",\"datePublished\":\"2025-03-08T22:42:15+00:00\",\"dateModified\":\"2025-03-08T22:42:16+00:00\",\"breadcrumb\":{\"@id\":\"https:\\\/\\\/www.strassenweb.de\\\/nachrichten\\\/das-badezimmer-von-mindy-kaling-verwendet-eine-gekippte-akzentwand-als-mittelpunkt-es-ist-richtig-im-trend-fuer-2025\\\/#breadcrumb\"},\"inLanguage\":\"de\",\"potentialAction\":[{\"@type\":\"ReadAction\",\"target\":[\"https:\\\/\\\/www.strassenweb.de\\\/nachrichten\\\/das-badezimmer-von-mindy-kaling-verwendet-eine-gekippte-akzentwand-als-mittelpunkt-es-ist-richtig-im-trend-fuer-2025\\\/\"]}]},{\"@type\":\"ImageObject\",\"inLanguage\":\"de\",\"@id\":\"https:\\\/\\\/www.strassenweb.de\\\/nachrichten\\\/das-badezimmer-von-mindy-kaling-verwendet-eine-gekippte-akzentwand-als-mittelpunkt-es-ist-richtig-im-trend-fuer-2025\\\/#primaryimage\",\"url\":\"https:\\\/\\\/www.strassenweb.de\\\/nachrichten\\\/wp-content\\\/uploads\\\/2025\\\/03\\\/Das-Badezimmer-von-Mindy-Kaling-verwendet-eine-gekippte-Akzentwand-als.jpg\",\"contentUrl\":\"https:\\\/\\\/www.strassenweb.de\\\/nachrichten\\\/wp-content\\\/uploads\\\/2025\\\/03\\\/Das-Badezimmer-von-Mindy-Kaling-verwendet-eine-gekippte-Akzentwand-als.jpg\",\"width\":1200,\"height\":675,\"caption\":\"Das Badezimmer von Mindy Kaling verwendet eine gekippte Akzentwand als Mittelpunkt - es ist richtig im Trend f\u00fcr 2025\"},{\"@type\":\"BreadcrumbList\",\"@id\":\"https:\\\/\\\/www.strassenweb.de\\\/nachrichten\\\/das-badezimmer-von-mindy-kaling-verwendet-eine-gekippte-akzentwand-als-mittelpunkt-es-ist-richtig-im-trend-fuer-2025\\\/#breadcrumb\",\"itemListElement\":[{\"@type\":\"ListItem\",\"position\":1,\"name\":\"Home\",\"item\":\"https:\\\/\\\/www.strassenweb.de\\\/nachrichten\\\/\"},{\"@type\":\"ListItem\",\"position\":2,\"name\":\"Das Badezimmer von Mindy Kaling verwendet eine gekippte Akzentwand als Mittelpunkt &#8211; es ist richtig im Trend f\u00fcr 2025\"}]},{\"@type\":\"WebSite\",\"@id\":\"https:\\\/\\\/www.strassenweb.de\\\/nachrichten\\\/#website\",\"url\":\"https:\\\/\\\/www.strassenweb.de\\\/nachrichten\\\/\",\"name\":\"Stra\u00dfenweb\",\"description\":\"Stra\u00dfenverzeichnis f\u00fcr Deutschland\",\"publisher\":{\"@id\":\"https:\\\/\\\/www.strassenweb.de\\\/nachrichten\\\/#organization\"},\"potentialAction\":[{\"@type\":\"SearchAction\",\"target\":{\"@type\":\"EntryPoint\",\"urlTemplate\":\"https:\\\/\\\/www.strassenweb.de\\\/nachrichten\\\/?s={search_term_string}\"},\"query-input\":{\"@type\":\"PropertyValueSpecification\",\"valueRequired\":true,\"valueName\":\"search_term_string\"}}],\"inLanguage\":\"de\"},{\"@type\":\"Organization\",\"@id\":\"https:\\\/\\\/www.strassenweb.de\\\/nachrichten\\\/#organization\",\"name\":\"Stra\u00dfenweb\",\"url\":\"https:\\\/\\\/www.strassenweb.de\\\/nachrichten\\\/\",\"logo\":{\"@type\":\"ImageObject\",\"inLanguage\":\"de\",\"@id\":\"https:\\\/\\\/www.strassenweb.de\\\/nachrichten\\\/#\\\/schema\\\/logo\\\/image\\\/\",\"url\":\"https:\\\/\\\/www.strassenweb.de\\\/nachrichten\\\/wp-content\\\/uploads\\\/2024\\\/09\\\/cropped-favicon.png\",\"contentUrl\":\"https:\\\/\\\/www.strassenweb.de\\\/nachrichten\\\/wp-content\\\/uploads\\\/2024\\\/09\\\/cropped-favicon.png\",\"width\":512,\"height\":512,\"caption\":\"Stra\u00dfenweb\"},\"image\":{\"@id\":\"https:\\\/\\\/www.strassenweb.de\\\/nachrichten\\\/#\\\/schema\\\/logo\\\/image\\\/\"},\"sameAs\":[\"https:\\\/\\\/www.facebook.com\\\/strassenweb\\\/\"]},{\"@type\":\"Person\",\"@id\":\"https:\\\/\\\/www.strassenweb.de\\\/nachrichten\\\/#\\\/schema\\\/person\\\/87c9c9067f1211da429a744dc5a5aa41\",\"name\":\"Robert Hoffmann\",\"image\":{\"@type\":\"ImageObject\",\"inLanguage\":\"de\",\"@id\":\"https:\\\/\\\/www.strassenweb.de\\\/nachrichten\\\/wp-content\\\/uploads\\\/2024\\\/09\\\/strassenweb-150x150.jpg\",\"url\":\"https:\\\/\\\/www.strassenweb.de\\\/nachrichten\\\/wp-content\\\/uploads\\\/2024\\\/09\\\/strassenweb-150x150.jpg\",\"contentUrl\":\"https:\\\/\\\/www.strassenweb.de\\\/nachrichten\\\/wp-content\\\/uploads\\\/2024\\\/09\\\/strassenweb-150x150.jpg\",\"caption\":\"Robert Hoffmann\"},\"description\":\"Ich hei\u00dfe Robert Hoffmann und ich bin ein leidenschaftlicher Verfechter von \u00d6kologie und Biodiversit\u00e4t. Seit meiner Kindheit in den W\u00e4ldern Bayerns f\u00fchle ich mich mit der Natur verbunden und bin entschlossen, sie zu sch\u00fctzen. Heute widme ich mein Leben der Sensibilisierung anderer f\u00fcr die Bedeutung des Umweltschutzes f\u00fcr zuk\u00fcnftige Generationen.\",\"sameAs\":[\"https:\\\/\\\/www.strassenweb.de\\\/\"]}]}<\/script>\n<!-- \/ Yoast SEO plugin. -->","yoast_head_json":{"title":"Das Badezimmer von Mindy Kaling verwendet eine gekippte Akzentwand als Mittelpunkt - es ist richtig im Trend f\u00fcr 2025 - Nachrichten - Stra\u00dfenweb","robots":{"index":"index","follow":"follow","max-snippet":"max-snippet:-1","max-image-preview":"max-image-preview:large","max-video-preview":"max-video-preview:-1"},"canonical":"https:\/\/www.strassenweb.de\/nachrichten\/das-badezimmer-von-mindy-kaling-verwendet-eine-gekippte-akzentwand-als-mittelpunkt-es-ist-richtig-im-trend-fuer-2025\/","og_locale":"de_DE","og_type":"article","og_title":"Das Badezimmer von Mindy Kaling verwendet eine gekippte Akzentwand als Mittelpunkt - es ist richtig im Trend f\u00fcr 2025 - Nachrichten - Stra\u00dfenweb","og_description":"Die Auswahl der Badezimmerfliesen ist entscheidend, um das Aussehen und Gef\u00fchl eines Raums zu bestimmen. Von Farbe bis Ende kann eine Fliese stark zum Stil","og_url":"https:\/\/www.strassenweb.de\/nachrichten\/das-badezimmer-von-mindy-kaling-verwendet-eine-gekippte-akzentwand-als-mittelpunkt-es-ist-richtig-im-trend-fuer-2025\/","og_site_name":"Stra\u00dfenweb","article_publisher":"https:\/\/www.facebook.com\/strassenweb\/","article_published_time":"2025-03-08T22:42:15+00:00","article_modified_time":"2025-03-08T22:42:16+00:00","og_image":[{"width":1200,"height":675,"url":"https:\/\/www.strassenweb.de\/nachrichten\/wp-content\/uploads\/2025\/03\/Das-Badezimmer-von-Mindy-Kaling-verwendet-eine-gekippte-Akzentwand-als.jpg","type":"image\/jpeg"}],"author":"Robert Hoffmann","twitter_card":"summary_large_image","twitter_misc":{"Verfasst von":"Robert Hoffmann","Gesch\u00e4tzte Lesezeit":"2\u00a0Minuten"},"schema":{"@context":"https:\/\/schema.org","@graph":[{"@type":"Article","@id":"https:\/\/www.strassenweb.de\/nachrichten\/das-badezimmer-von-mindy-kaling-verwendet-eine-gekippte-akzentwand-als-mittelpunkt-es-ist-richtig-im-trend-fuer-2025\/#article","isPartOf":{"@id":"https:\/\/www.strassenweb.de\/nachrichten\/das-badezimmer-von-mindy-kaling-verwendet-eine-gekippte-akzentwand-als-mittelpunkt-es-ist-richtig-im-trend-fuer-2025\/"},"author":{"name":"Robert Hoffmann","@id":"https:\/\/www.strassenweb.de\/nachrichten\/#\/schema\/person\/87c9c9067f1211da429a744dc5a5aa41"},"headline":"Das Badezimmer von Mindy Kaling verwendet eine gekippte Akzentwand als Mittelpunkt &#8211; es ist richtig im Trend f\u00fcr 2025","datePublished":"2025-03-08T22:42:15+00:00","dateModified":"2025-03-08T22:42:16+00:00","mainEntityOfPage":{"@id":"https:\/\/www.strassenweb.de\/nachrichten\/das-badezimmer-von-mindy-kaling-verwendet-eine-gekippte-akzentwand-als-mittelpunkt-es-ist-richtig-im-trend-fuer-2025\/"},"wordCount":461,"publisher":{"@id":"https:\/\/www.strassenweb.de\/nachrichten\/#organization"},"image":{"@id":"https:\/\/www.strassenweb.de\/nachrichten\/das-badezimmer-von-mindy-kaling-verwendet-eine-gekippte-akzentwand-als-mittelpunkt-es-ist-richtig-im-trend-fuer-2025\/#primaryimage"},"thumbnailUrl":"https:\/\/www.strassenweb.de\/nachrichten\/wp-content\/uploads\/2025\/03\/Das-Badezimmer-von-Mindy-Kaling-verwendet-eine-gekippte-Akzentwand-als.jpg","keywords":["Akzentwand","als","Badezimmer","das","eine","f\u00fcr","gekippte","ist","Kaling","Mindy","Mittelpunkt","richtig","Trend","verwendet","von"],"articleSection":["Haus &amp; Garten"],"inLanguage":"de"},{"@type":"WebPage","@id":"https:\/\/www.strassenweb.de\/nachrichten\/das-badezimmer-von-mindy-kaling-verwendet-eine-gekippte-akzentwand-als-mittelpunkt-es-ist-richtig-im-trend-fuer-2025\/","url":"https:\/\/www.strassenweb.de\/nachrichten\/das-badezimmer-von-mindy-kaling-verwendet-eine-gekippte-akzentwand-als-mittelpunkt-es-ist-richtig-im-trend-fuer-2025\/","name":"Das Badezimmer von Mindy Kaling verwendet eine gekippte Akzentwand als Mittelpunkt - es ist richtig im Trend f\u00fcr 2025 - Nachrichten - Stra\u00dfenweb","isPartOf":{"@id":"https:\/\/www.strassenweb.de\/nachrichten\/#website"},"primaryImageOfPage":{"@id":"https:\/\/www.strassenweb.de\/nachrichten\/das-badezimmer-von-mindy-kaling-verwendet-eine-gekippte-akzentwand-als-mittelpunkt-es-ist-richtig-im-trend-fuer-2025\/#primaryimage"},"image":{"@id":"https:\/\/www.strassenweb.de\/nachrichten\/das-badezimmer-von-mindy-kaling-verwendet-eine-gekippte-akzentwand-als-mittelpunkt-es-ist-richtig-im-trend-fuer-2025\/#primaryimage"},"thumbnailUrl":"https:\/\/www.strassenweb.de\/nachrichten\/wp-content\/uploads\/2025\/03\/Das-Badezimmer-von-Mindy-Kaling-verwendet-eine-gekippte-Akzentwand-als.jpg","datePublished":"2025-03-08T22:42:15+00:00","dateModified":"2025-03-08T22:42:16+00:00","breadcrumb":{"@id":"https:\/\/www.strassenweb.de\/nachrichten\/das-badezimmer-von-mindy-kaling-verwendet-eine-gekippte-akzentwand-als-mittelpunkt-es-ist-richtig-im-trend-fuer-2025\/#breadcrumb"},"inLanguage":"de","potentialAction":[{"@type":"ReadAction","target":["https:\/\/www.strassenweb.de\/nachrichten\/das-badezimmer-von-mindy-kaling-verwendet-eine-gekippte-akzentwand-als-mittelpunkt-es-ist-richtig-im-trend-fuer-2025\/"]}]},{"@type":"ImageObject","inLanguage":"de","@id":"https:\/\/www.strassenweb.de\/nachrichten\/das-badezimmer-von-mindy-kaling-verwendet-eine-gekippte-akzentwand-als-mittelpunkt-es-ist-richtig-im-trend-fuer-2025\/#primaryimage","url":"https:\/\/www.strassenweb.de\/nachrichten\/wp-content\/uploads\/2025\/03\/Das-Badezimmer-von-Mindy-Kaling-verwendet-eine-gekippte-Akzentwand-als.jpg","contentUrl":"https:\/\/www.strassenweb.de\/nachrichten\/wp-content\/uploads\/2025\/03\/Das-Badezimmer-von-Mindy-Kaling-verwendet-eine-gekippte-Akzentwand-als.jpg","width":1200,"height":675,"caption":"Das Badezimmer von Mindy Kaling verwendet eine gekippte Akzentwand als Mittelpunkt - es ist richtig im Trend f\u00fcr 2025"},{"@type":"BreadcrumbList","@id":"https:\/\/www.strassenweb.de\/nachrichten\/das-badezimmer-von-mindy-kaling-verwendet-eine-gekippte-akzentwand-als-mittelpunkt-es-ist-richtig-im-trend-fuer-2025\/#breadcrumb","itemListElement":[{"@type":"ListItem","position":1,"name":"Home","item":"https:\/\/www.strassenweb.de\/nachrichten\/"},{"@type":"ListItem","position":2,"name":"Das Badezimmer von Mindy Kaling verwendet eine gekippte Akzentwand als Mittelpunkt &#8211; es ist richtig im Trend f\u00fcr 2025"}]},{"@type":"WebSite","@id":"https:\/\/www.strassenweb.de\/nachrichten\/#website","url":"https:\/\/www.strassenweb.de\/nachrichten\/","name":"Stra\u00dfenweb","description":"Stra\u00dfenverzeichnis f\u00fcr Deutschland","publisher":{"@id":"https:\/\/www.strassenweb.de\/nachrichten\/#organization"},"potentialAction":[{"@type":"SearchAction","target":{"@type":"EntryPoint","urlTemplate":"https:\/\/www.strassenweb.de\/nachrichten\/?s={search_term_string}"},"query-input":{"@type":"PropertyValueSpecification","valueRequired":true,"valueName":"search_term_string"}}],"inLanguage":"de"},{"@type":"Organization","@id":"https:\/\/www.strassenweb.de\/nachrichten\/#organization","name":"Stra\u00dfenweb","url":"https:\/\/www.strassenweb.de\/nachrichten\/","logo":{"@type":"ImageObject","inLanguage":"de","@id":"https:\/\/www.strassenweb.de\/nachrichten\/#\/schema\/logo\/image\/","url":"https:\/\/www.strassenweb.de\/nachrichten\/wp-content\/uploads\/2024\/09\/cropped-favicon.png","contentUrl":"https:\/\/www.strassenweb.de\/nachrichten\/wp-content\/uploads\/2024\/09\/cropped-favicon.png","width":512,"height":512,"caption":"Stra\u00dfenweb"},"image":{"@id":"https:\/\/www.strassenweb.de\/nachrichten\/#\/schema\/logo\/image\/"},"sameAs":["https:\/\/www.facebook.com\/strassenweb\/"]},{"@type":"Person","@id":"https:\/\/www.strassenweb.de\/nachrichten\/#\/schema\/person\/87c9c9067f1211da429a744dc5a5aa41","name":"Robert Hoffmann","image":{"@type":"ImageObject","inLanguage":"de","@id":"https:\/\/www.strassenweb.de\/nachrichten\/wp-content\/uploads\/2024\/09\/strassenweb-150x150.jpg","url":"https:\/\/www.strassenweb.de\/nachrichten\/wp-content\/uploads\/2024\/09\/strassenweb-150x150.jpg","contentUrl":"https:\/\/www.strassenweb.de\/nachrichten\/wp-content\/uploads\/2024\/09\/strassenweb-150x150.jpg","caption":"Robert Hoffmann"},"description":"Ich hei\u00dfe Robert Hoffmann und ich bin ein leidenschaftlicher Verfechter von \u00d6kologie und Biodiversit\u00e4t. Seit meiner Kindheit in den W\u00e4ldern Bayerns f\u00fchle ich mich mit der Natur verbunden und bin entschlossen, sie zu sch\u00fctzen. Heute widme ich mein Leben der Sensibilisierung anderer f\u00fcr die Bedeutung des Umweltschutzes f\u00fcr zuk\u00fcnftige Generationen.","sameAs":["https:\/\/www.strassenweb.de\/"]}]}},"_links":{"self":[{"href":"https:\/\/www.strassenweb.de\/nachrichten\/wp-json\/wp\/v2\/posts\/3737","targetHints":{"allow":["GET"]}}],"collection":[{"href":"https:\/\/www.strassenweb.de\/nachrichten\/wp-json\/wp\/v2\/posts"}],"about":[{"href":"https:\/\/www.strassenweb.de\/nachrichten\/wp-json\/wp\/v2\/types\/post"}],"author":[{"embeddable":true,"href":"https:\/\/www.strassenweb.de\/nachrichten\/wp-json\/wp\/v2\/users\/1"}],"replies":[{"embeddable":true,"href":"https:\/\/www.strassenweb.de\/nachrichten\/wp-json\/wp\/v2\/comments?post=3737"}],"version-history":[{"count":0,"href":"https:\/\/www.strassenweb.de\/nachrichten\/wp-json\/wp\/v2\/posts\/3737\/revisions"}],"wp:featuredmedia":[{"embeddable":true,"href":"https:\/\/www.strassenweb.de\/nachrichten\/wp-json\/wp\/v2\/media\/3738"}],"wp:attachment":[{"href":"https:\/\/www.strassenweb.de\/nachrichten\/wp-json\/wp\/v2\/media?parent=3737"}],"wp:term":[{"taxonomy":"category","embeddable":true,"href":"https:\/\/www.strassenweb.de\/nachrichten\/wp-json\/wp\/v2\/categories?post=3737"},{"taxonomy":"post_tag","embeddable":true,"href":"https:\/\/www.strassenweb.de\/nachrichten\/wp-json\/wp\/v2\/tags?post=3737"}],"curies":[{"name":"wp","href":"https:\/\/api.w.org\/{rel}","templated":true}]}}