{"id":3672,"date":"2025-03-05T07:39:34","date_gmt":"2025-03-05T06:39:34","guid":{"rendered":"https:\/\/www.strassenweb.de\/nachrichten\/amanda-seyfrieds-wohnzimmersitze-ist-perfekt-arrangiert-um-das-gespraech-zu-foerdern-designer-lieben-ihren-zusammenhaengenden-sozialen-aufbau\/"},"modified":"2025-03-05T07:39:35","modified_gmt":"2025-03-05T06:39:35","slug":"amanda-seyfrieds-wohnzimmersitze-ist-perfekt-arrangiert-um-das-gespraech-zu-foerdern-designer-lieben-ihren-zusammenhaengenden-sozialen-aufbau","status":"publish","type":"post","link":"https:\/\/www.strassenweb.de\/nachrichten\/amanda-seyfrieds-wohnzimmersitze-ist-perfekt-arrangiert-um-das-gespraech-zu-foerdern-designer-lieben-ihren-zusammenhaengenden-sozialen-aufbau\/","title":{"rendered":"Amanda Seyfrieds Wohnzimmersitze ist perfekt arrangiert, um das Gespr\u00e4ch zu f\u00f6rdern-Designer lieben ihren zusammenh\u00e4ngenden, sozialen Aufbau"},"content":{"rendered":"<p><\/p>\n<div id=\"article-body\" class=\"article__body \">\n<p>Es ist kein Geheimnis, dass die Promi -Welt hektisch ist &#8211; f\u00fcr bemerkenswerte Figuren ist es von entscheidender Bedeutung, ein Haus zu schaffen, das entspannend und dennoch sozial engagiert ist. Das New Yorker Haus von Amanda Seyfried ist die perfekte Blaupause.<\/p>\n<div id=\"ad-unit-1\" class=\"ad-unit\"><\/div>\n<p>Der Raum entworfen von der angesehenen Studio-Generalversammlung, zeigt herrlich hohe, gew\u00f6lbte Fenster mit h\u00f6lzernen Swing-Toor-Fensterl\u00e4den f\u00fcr zus\u00e4tzliche Privatsph\u00e4re sowie eine F\u00fclle von charakteristischen Sofa-Sitzgelegenheiten, die sich um einen kreisf\u00f6rmigen Couchtisch konzentrieren. Amandas Wohnzimmer ist die perfekte Mischung aus abgelegenen und stilvollen, von denen eine Person nur als Raum f\u00fcr eine Aufholjagd mit Familie und Freunden tr\u00e4umen kann.<\/p>\n<aside class=\"hawk-base\" data-block-type=\"embed\" data-render-type=\"fte\" data-skip=\"dealsy\" data-widget-type=\"seasonal\">\n<div class=\"hawk-master-widget-hawk-base-wrapper\"><\/div>\n<\/aside>\n<p>Das Geheimnis? Die Kombination aus unauff\u00e4lligem Design, bei dem sich der Raum zur\u00fcckgezogen f\u00fchlt, aber nicht W\u00e4rme fehlt, und die Verwendung eines einfachen Hacks f\u00fcr Wohnzimmer, bei dem Sitzgelegenheiten in das ideale Format platziert werden, um Gespr\u00e4che zu f\u00f6rdern. Es ist einfacher, in Ihrem Haus umzusetzen, als Sie vielleicht zuerst denken, und mit nur wenigen ausgew\u00e4hlten Teilen kann es auch atemberaubend aussehen.<\/p>\n<div id=\"desktop-in-article\" class=\"in-article ad-unit\">\n<div id=\"desktop-taboola-mid-article\"><\/div>\n<\/div>\n<div id=\"mobile-in-article\" class=\"in-article ad-unit\">\n<div id=\"mobile-taboola-mid-article\"><\/div>\n<\/div>\n<div class=\"instagram-embed\">\n<blockquote class=\"instagram-media\" data-instgrm-captioned data-instgrm-version=\"6\" style=\"width:99.375%; width:-webkit-calc(100% - 2px); width:calc(100% - 2px);\">\n<p>Ein von General Assembly (@gen_assembly) geteiltes Beitrag<\/p>\n<p>Ein Foto von on <\/p>\n<\/blockquote>\n<\/div>\n<p>Amandas Wohnzimmer &#8211; kuratiert von Colin King (im obigen Bild) innenstile Stylistin &#8211; ist subtil in zwei Abschnitte unterteilt: einen Sitzbereich und eine Miniaturbibliothek mit B\u00fcchern, die in viele verschiedene Richtungen ausgesetzt sind.<\/p>\n<div class=\"van_vid_carousel\">\n<div class=\"van_vid_carousel__padding\">\n<div class=\"van_vid_carousel__container\"><\/div>\n<\/div>\n<\/div>\n<p>In dieser Entwurfsarbeit findet eine klassische Ausstellung von Spiegelung statt: Die B\u00fccher auf der Regale sind in eine Reihe von Richtungen, \u00e4hnlich der Platzierung der M\u00f6bel und verankert ein etwas asymmetrisches Bild als Norm im Raum. In Kombination mit der Art und Weise, wie der gr\u00f6\u00dfte Stuhl des Sitzbereichs (der staubige blaue) in den Couchtisch und vom Rest des Raums entfernt ist, wird eine Konversationsdeck gebildet, in der Ablenkungen begrenzt sind.<\/p>\n<div id=\"ad-unit-2\" class=\"ad-unit\"><\/div>\n<p>Mike Durbridge, CEO von Andrew Martin, erkl\u00e4rt: \u201eDas Ecksofa definiert nat\u00fcrlich den Sitzbereich und schafft ein Geh\u00e4usegef\u00fchl, w\u00e4hrend der Raum offen und flie\u00dfend bleibt. Das gegen\u00fcberliegende gegen\u00fcber einem runden Couchtisch ist ein einfaches, organisches Layout gew\u00e4hrleistet, das das Gespr\u00e4ch f\u00f6rdert und gleichzeitig ein entspanntes Gef\u00fchl beibeh\u00e4lt. &#8218;<\/p>\n<p>Die Verwendung einer Vielzahl von farbigen Sitzpl\u00e4tzen mit \u00e4hnlicher Form und Stil veranlasst die G\u00e4ste weiter, sich zu unterhalten, da der Raum visuell anregend aussieht und wiederum einladend ist, Teil davon zu sein.<\/p>\n<div id=\"slice-container-newsletterForm-articleInbodyContent-b53AGMJAGVHTmsFBvzoM9H\" class=\"slice-container newsletter-inbodyContent-slice newsletterForm-articleInbodyContent-b53AGMJAGVHTmsFBvzoM9H slice-container-newsletterForm\"><\/div>\n<p>&#8222;Die Sitzung der Wohnzimmer verleihen mit Sicherheit W\u00e4rme und Charakter&#8220;, sagt Durbridge. &#8218;Der Kontrast zwischen dem blaugrauen Sofa und den senfr\u00fcckten Sesseln bringt Tiefe, w\u00e4hrend die Mischung aus neutralen und reichen T\u00f6nen das Gleichgewicht verleiht. Es ist ein Schema, das sich sowohl zeitlos als auch einladend anf\u00fchlt. &#8218;<\/p>\n<h2 id=\"shop-the-look-3\">Kaufen Sie den Look ein<\/h2>\n<hr>\n<div class=\"product-container hero-product-container product-block-no-wrap\"><\/div>\n<p>Wenn Sie in Ihrem eigenen Zuhause, selbst in einem kleinen Wohnzimmer, konversative Sitzpl\u00e4tze schaffen m\u00f6chten, besteht die wichtigste Erkenntnisse darin, das Layout Ihrer St\u00fchle zu ber\u00fccksichtigen, dar\u00fcber nachzudenken, wo Sie einen engagierten Sitzbereich in einem Raum entwickeln und die Art der Sitzpl\u00e4tze variieren k\u00f6nnen, die Sie verwenden. Denken Sie dar\u00fcber nach &#8211; so viele gem\u00fctliche Caf\u00e9s enthalten Sofas, harte St\u00fchle, Einzelsitze und mehr, und die Leute bleiben dort, um stundenlang zu plaudern.<\/p>\n<hr>\n<\/div>\n<p><script async src=\"\/\/www.instagram.com\/embed.js\"><\/script><\/p>\n","protected":false},"excerpt":{"rendered":"<p>Es ist kein Geheimnis, dass die Promi -Welt hektisch ist &#8211; f\u00fcr bemerkenswerte Figuren ist es von entscheidender Bedeutung, ein Haus zu schaffen, das entspannend<\/p>\n","protected":false},"author":1,"featured_media":1605,"comment_status":"closed","ping_status":"","sticky":false,"template":"","format":"standard","meta":{"footnotes":""},"categories":[118],"tags":[2944,5710,5715,112,5712,5711,325,15,217,393,2945,5714,5709,5713],"class_list":["post-3672","post","type-post","status-publish","format-standard","has-post-thumbnail","hentry","category-haus-garten","tag-amanda","tag-arrangiert","tag-aufbau","tag-das","tag-foerderndesigner","tag-gespraech","tag-ihren","tag-ist","tag-lieben","tag-perfekt","tag-seyfrieds","tag-sozialen","tag-wohnzimmersitze","tag-zusammenhaengenden","generate-columns","tablet-grid-50","mobile-grid-100","grid-parent","grid-50"],"yoast_head":"<!-- This site is optimized with the Yoast SEO plugin v27.3 - https:\/\/yoast.com\/product\/yoast-seo-wordpress\/ -->\n<title>Amanda Seyfrieds Wohnzimmersitze ist perfekt arrangiert, um das Gespr\u00e4ch zu f\u00f6rdern-Designer lieben ihren zusammenh\u00e4ngenden, sozialen Aufbau - Nachrichten - Stra\u00dfenweb<\/title>\n<meta name=\"robots\" content=\"index, follow, max-snippet:-1, max-image-preview:large, max-video-preview:-1\" \/>\n<link rel=\"canonical\" href=\"https:\/\/www.strassenweb.de\/nachrichten\/amanda-seyfrieds-wohnzimmersitze-ist-perfekt-arrangiert-um-das-gespraech-zu-foerdern-designer-lieben-ihren-zusammenhaengenden-sozialen-aufbau\/\" \/>\n<meta property=\"og:locale\" content=\"de_DE\" \/>\n<meta property=\"og:type\" content=\"article\" \/>\n<meta property=\"og:title\" content=\"Amanda Seyfrieds Wohnzimmersitze ist perfekt arrangiert, um das Gespr\u00e4ch zu f\u00f6rdern-Designer lieben ihren zusammenh\u00e4ngenden, sozialen Aufbau - Nachrichten - Stra\u00dfenweb\" \/>\n<meta property=\"og:description\" content=\"Es ist kein Geheimnis, dass die Promi -Welt hektisch ist &#8211; f\u00fcr bemerkenswerte Figuren ist es von entscheidender Bedeutung, ein Haus zu schaffen, das entspannend\" \/>\n<meta property=\"og:url\" content=\"https:\/\/www.strassenweb.de\/nachrichten\/amanda-seyfrieds-wohnzimmersitze-ist-perfekt-arrangiert-um-das-gespraech-zu-foerdern-designer-lieben-ihren-zusammenhaengenden-sozialen-aufbau\/\" \/>\n<meta property=\"og:site_name\" content=\"Stra\u00dfenweb\" \/>\n<meta property=\"article:publisher\" content=\"https:\/\/www.facebook.com\/strassenweb\/\" \/>\n<meta property=\"article:published_time\" content=\"2025-03-05T06:39:34+00:00\" \/>\n<meta property=\"article:modified_time\" content=\"2025-03-05T06:39:35+00:00\" \/>\n<meta property=\"og:image\" content=\"https:\/\/www.strassenweb.de\/nachrichten\/wp-content\/uploads\/2024\/11\/Amanda-Seyfrieds-Schlafzimmer-im-skandinavischen-Stil-ist-eine-Meisterklasse-in.jpg\" \/>\n\t<meta property=\"og:image:width\" content=\"1200\" \/>\n\t<meta property=\"og:image:height\" content=\"675\" \/>\n\t<meta property=\"og:image:type\" content=\"image\/jpeg\" \/>\n<meta name=\"author\" content=\"Robert Hoffmann\" \/>\n<meta name=\"twitter:card\" content=\"summary_large_image\" \/>\n<meta name=\"twitter:label1\" content=\"Verfasst von\" \/>\n\t<meta name=\"twitter:data1\" content=\"Robert Hoffmann\" \/>\n\t<meta name=\"twitter:label2\" content=\"Gesch\u00e4tzte Lesezeit\" \/>\n\t<meta name=\"twitter:data2\" content=\"3\u00a0Minuten\" \/>\n<script type=\"application\/ld+json\" class=\"yoast-schema-graph\">{\"@context\":\"https:\\\/\\\/schema.org\",\"@graph\":[{\"@type\":\"Article\",\"@id\":\"https:\\\/\\\/www.strassenweb.de\\\/nachrichten\\\/amanda-seyfrieds-wohnzimmersitze-ist-perfekt-arrangiert-um-das-gespraech-zu-foerdern-designer-lieben-ihren-zusammenhaengenden-sozialen-aufbau\\\/#article\",\"isPartOf\":{\"@id\":\"https:\\\/\\\/www.strassenweb.de\\\/nachrichten\\\/amanda-seyfrieds-wohnzimmersitze-ist-perfekt-arrangiert-um-das-gespraech-zu-foerdern-designer-lieben-ihren-zusammenhaengenden-sozialen-aufbau\\\/\"},\"author\":{\"name\":\"Robert Hoffmann\",\"@id\":\"https:\\\/\\\/www.strassenweb.de\\\/nachrichten\\\/#\\\/schema\\\/person\\\/87c9c9067f1211da429a744dc5a5aa41\"},\"headline\":\"Amanda Seyfrieds Wohnzimmersitze ist perfekt arrangiert, um das Gespr\u00e4ch zu f\u00f6rdern-Designer lieben ihren zusammenh\u00e4ngenden, sozialen Aufbau\",\"datePublished\":\"2025-03-05T06:39:34+00:00\",\"dateModified\":\"2025-03-05T06:39:35+00:00\",\"mainEntityOfPage\":{\"@id\":\"https:\\\/\\\/www.strassenweb.de\\\/nachrichten\\\/amanda-seyfrieds-wohnzimmersitze-ist-perfekt-arrangiert-um-das-gespraech-zu-foerdern-designer-lieben-ihren-zusammenhaengenden-sozialen-aufbau\\\/\"},\"wordCount\":552,\"publisher\":{\"@id\":\"https:\\\/\\\/www.strassenweb.de\\\/nachrichten\\\/#organization\"},\"image\":{\"@id\":\"https:\\\/\\\/www.strassenweb.de\\\/nachrichten\\\/amanda-seyfrieds-wohnzimmersitze-ist-perfekt-arrangiert-um-das-gespraech-zu-foerdern-designer-lieben-ihren-zusammenhaengenden-sozialen-aufbau\\\/#primaryimage\"},\"thumbnailUrl\":\"https:\\\/\\\/www.strassenweb.de\\\/nachrichten\\\/wp-content\\\/uploads\\\/2024\\\/11\\\/Amanda-Seyfrieds-Schlafzimmer-im-skandinavischen-Stil-ist-eine-Meisterklasse-in.jpg\",\"keywords\":[\"Amanda\",\"arrangiert\",\"Aufbau\",\"das\",\"f\u00f6rdernDesigner\",\"Gespr\u00e4ch\",\"ihren\",\"ist\",\"lieben\",\"perfekt\",\"Seyfrieds\",\"sozialen\",\"Wohnzimmersitze\",\"zusammenh\u00e4ngenden\"],\"articleSection\":[\"Haus &amp; Garten\"],\"inLanguage\":\"de\"},{\"@type\":\"WebPage\",\"@id\":\"https:\\\/\\\/www.strassenweb.de\\\/nachrichten\\\/amanda-seyfrieds-wohnzimmersitze-ist-perfekt-arrangiert-um-das-gespraech-zu-foerdern-designer-lieben-ihren-zusammenhaengenden-sozialen-aufbau\\\/\",\"url\":\"https:\\\/\\\/www.strassenweb.de\\\/nachrichten\\\/amanda-seyfrieds-wohnzimmersitze-ist-perfekt-arrangiert-um-das-gespraech-zu-foerdern-designer-lieben-ihren-zusammenhaengenden-sozialen-aufbau\\\/\",\"name\":\"Amanda Seyfrieds Wohnzimmersitze ist perfekt arrangiert, um das Gespr\u00e4ch zu f\u00f6rdern-Designer lieben ihren zusammenh\u00e4ngenden, sozialen Aufbau - Nachrichten - Stra\u00dfenweb\",\"isPartOf\":{\"@id\":\"https:\\\/\\\/www.strassenweb.de\\\/nachrichten\\\/#website\"},\"primaryImageOfPage\":{\"@id\":\"https:\\\/\\\/www.strassenweb.de\\\/nachrichten\\\/amanda-seyfrieds-wohnzimmersitze-ist-perfekt-arrangiert-um-das-gespraech-zu-foerdern-designer-lieben-ihren-zusammenhaengenden-sozialen-aufbau\\\/#primaryimage\"},\"image\":{\"@id\":\"https:\\\/\\\/www.strassenweb.de\\\/nachrichten\\\/amanda-seyfrieds-wohnzimmersitze-ist-perfekt-arrangiert-um-das-gespraech-zu-foerdern-designer-lieben-ihren-zusammenhaengenden-sozialen-aufbau\\\/#primaryimage\"},\"thumbnailUrl\":\"https:\\\/\\\/www.strassenweb.de\\\/nachrichten\\\/wp-content\\\/uploads\\\/2024\\\/11\\\/Amanda-Seyfrieds-Schlafzimmer-im-skandinavischen-Stil-ist-eine-Meisterklasse-in.jpg\",\"datePublished\":\"2025-03-05T06:39:34+00:00\",\"dateModified\":\"2025-03-05T06:39:35+00:00\",\"breadcrumb\":{\"@id\":\"https:\\\/\\\/www.strassenweb.de\\\/nachrichten\\\/amanda-seyfrieds-wohnzimmersitze-ist-perfekt-arrangiert-um-das-gespraech-zu-foerdern-designer-lieben-ihren-zusammenhaengenden-sozialen-aufbau\\\/#breadcrumb\"},\"inLanguage\":\"de\",\"potentialAction\":[{\"@type\":\"ReadAction\",\"target\":[\"https:\\\/\\\/www.strassenweb.de\\\/nachrichten\\\/amanda-seyfrieds-wohnzimmersitze-ist-perfekt-arrangiert-um-das-gespraech-zu-foerdern-designer-lieben-ihren-zusammenhaengenden-sozialen-aufbau\\\/\"]}]},{\"@type\":\"ImageObject\",\"inLanguage\":\"de\",\"@id\":\"https:\\\/\\\/www.strassenweb.de\\\/nachrichten\\\/amanda-seyfrieds-wohnzimmersitze-ist-perfekt-arrangiert-um-das-gespraech-zu-foerdern-designer-lieben-ihren-zusammenhaengenden-sozialen-aufbau\\\/#primaryimage\",\"url\":\"https:\\\/\\\/www.strassenweb.de\\\/nachrichten\\\/wp-content\\\/uploads\\\/2024\\\/11\\\/Amanda-Seyfrieds-Schlafzimmer-im-skandinavischen-Stil-ist-eine-Meisterklasse-in.jpg\",\"contentUrl\":\"https:\\\/\\\/www.strassenweb.de\\\/nachrichten\\\/wp-content\\\/uploads\\\/2024\\\/11\\\/Amanda-Seyfrieds-Schlafzimmer-im-skandinavischen-Stil-ist-eine-Meisterklasse-in.jpg\",\"width\":1200,\"height\":675,\"caption\":\"Amanda Seyfrieds Schlafzimmer im skandinavischen Stil ist eine Meisterklasse in Neutralt\u00f6nen \u2013 Designer sagen, dass seine Farben einen guten Schlaf f\u00f6rdern\"},{\"@type\":\"BreadcrumbList\",\"@id\":\"https:\\\/\\\/www.strassenweb.de\\\/nachrichten\\\/amanda-seyfrieds-wohnzimmersitze-ist-perfekt-arrangiert-um-das-gespraech-zu-foerdern-designer-lieben-ihren-zusammenhaengenden-sozialen-aufbau\\\/#breadcrumb\",\"itemListElement\":[{\"@type\":\"ListItem\",\"position\":1,\"name\":\"Home\",\"item\":\"https:\\\/\\\/www.strassenweb.de\\\/nachrichten\\\/\"},{\"@type\":\"ListItem\",\"position\":2,\"name\":\"Amanda Seyfrieds Wohnzimmersitze ist perfekt arrangiert, um das Gespr\u00e4ch zu f\u00f6rdern-Designer lieben ihren zusammenh\u00e4ngenden, sozialen Aufbau\"}]},{\"@type\":\"WebSite\",\"@id\":\"https:\\\/\\\/www.strassenweb.de\\\/nachrichten\\\/#website\",\"url\":\"https:\\\/\\\/www.strassenweb.de\\\/nachrichten\\\/\",\"name\":\"Stra\u00dfenweb\",\"description\":\"Stra\u00dfenverzeichnis f\u00fcr Deutschland\",\"publisher\":{\"@id\":\"https:\\\/\\\/www.strassenweb.de\\\/nachrichten\\\/#organization\"},\"potentialAction\":[{\"@type\":\"SearchAction\",\"target\":{\"@type\":\"EntryPoint\",\"urlTemplate\":\"https:\\\/\\\/www.strassenweb.de\\\/nachrichten\\\/?s={search_term_string}\"},\"query-input\":{\"@type\":\"PropertyValueSpecification\",\"valueRequired\":true,\"valueName\":\"search_term_string\"}}],\"inLanguage\":\"de\"},{\"@type\":\"Organization\",\"@id\":\"https:\\\/\\\/www.strassenweb.de\\\/nachrichten\\\/#organization\",\"name\":\"Stra\u00dfenweb\",\"url\":\"https:\\\/\\\/www.strassenweb.de\\\/nachrichten\\\/\",\"logo\":{\"@type\":\"ImageObject\",\"inLanguage\":\"de\",\"@id\":\"https:\\\/\\\/www.strassenweb.de\\\/nachrichten\\\/#\\\/schema\\\/logo\\\/image\\\/\",\"url\":\"https:\\\/\\\/www.strassenweb.de\\\/nachrichten\\\/wp-content\\\/uploads\\\/2024\\\/09\\\/cropped-favicon.png\",\"contentUrl\":\"https:\\\/\\\/www.strassenweb.de\\\/nachrichten\\\/wp-content\\\/uploads\\\/2024\\\/09\\\/cropped-favicon.png\",\"width\":512,\"height\":512,\"caption\":\"Stra\u00dfenweb\"},\"image\":{\"@id\":\"https:\\\/\\\/www.strassenweb.de\\\/nachrichten\\\/#\\\/schema\\\/logo\\\/image\\\/\"},\"sameAs\":[\"https:\\\/\\\/www.facebook.com\\\/strassenweb\\\/\"]},{\"@type\":\"Person\",\"@id\":\"https:\\\/\\\/www.strassenweb.de\\\/nachrichten\\\/#\\\/schema\\\/person\\\/87c9c9067f1211da429a744dc5a5aa41\",\"name\":\"Robert Hoffmann\",\"image\":{\"@type\":\"ImageObject\",\"inLanguage\":\"de\",\"@id\":\"https:\\\/\\\/www.strassenweb.de\\\/nachrichten\\\/wp-content\\\/uploads\\\/2024\\\/09\\\/strassenweb-150x150.jpg\",\"url\":\"https:\\\/\\\/www.strassenweb.de\\\/nachrichten\\\/wp-content\\\/uploads\\\/2024\\\/09\\\/strassenweb-150x150.jpg\",\"contentUrl\":\"https:\\\/\\\/www.strassenweb.de\\\/nachrichten\\\/wp-content\\\/uploads\\\/2024\\\/09\\\/strassenweb-150x150.jpg\",\"caption\":\"Robert Hoffmann\"},\"description\":\"Ich hei\u00dfe Robert Hoffmann und ich bin ein leidenschaftlicher Verfechter von \u00d6kologie und Biodiversit\u00e4t. Seit meiner Kindheit in den W\u00e4ldern Bayerns f\u00fchle ich mich mit der Natur verbunden und bin entschlossen, sie zu sch\u00fctzen. Heute widme ich mein Leben der Sensibilisierung anderer f\u00fcr die Bedeutung des Umweltschutzes f\u00fcr zuk\u00fcnftige Generationen.\",\"sameAs\":[\"https:\\\/\\\/www.strassenweb.de\\\/\"]}]}<\/script>\n<!-- \/ Yoast SEO plugin. -->","yoast_head_json":{"title":"Amanda Seyfrieds Wohnzimmersitze ist perfekt arrangiert, um das Gespr\u00e4ch zu f\u00f6rdern-Designer lieben ihren zusammenh\u00e4ngenden, sozialen Aufbau - Nachrichten - Stra\u00dfenweb","robots":{"index":"index","follow":"follow","max-snippet":"max-snippet:-1","max-image-preview":"max-image-preview:large","max-video-preview":"max-video-preview:-1"},"canonical":"https:\/\/www.strassenweb.de\/nachrichten\/amanda-seyfrieds-wohnzimmersitze-ist-perfekt-arrangiert-um-das-gespraech-zu-foerdern-designer-lieben-ihren-zusammenhaengenden-sozialen-aufbau\/","og_locale":"de_DE","og_type":"article","og_title":"Amanda Seyfrieds Wohnzimmersitze ist perfekt arrangiert, um das Gespr\u00e4ch zu f\u00f6rdern-Designer lieben ihren zusammenh\u00e4ngenden, sozialen Aufbau - Nachrichten - Stra\u00dfenweb","og_description":"Es ist kein Geheimnis, dass die Promi -Welt hektisch ist &#8211; f\u00fcr bemerkenswerte Figuren ist es von entscheidender Bedeutung, ein Haus zu schaffen, das entspannend","og_url":"https:\/\/www.strassenweb.de\/nachrichten\/amanda-seyfrieds-wohnzimmersitze-ist-perfekt-arrangiert-um-das-gespraech-zu-foerdern-designer-lieben-ihren-zusammenhaengenden-sozialen-aufbau\/","og_site_name":"Stra\u00dfenweb","article_publisher":"https:\/\/www.facebook.com\/strassenweb\/","article_published_time":"2025-03-05T06:39:34+00:00","article_modified_time":"2025-03-05T06:39:35+00:00","og_image":[{"width":1200,"height":675,"url":"https:\/\/www.strassenweb.de\/nachrichten\/wp-content\/uploads\/2024\/11\/Amanda-Seyfrieds-Schlafzimmer-im-skandinavischen-Stil-ist-eine-Meisterklasse-in.jpg","type":"image\/jpeg"}],"author":"Robert Hoffmann","twitter_card":"summary_large_image","twitter_misc":{"Verfasst von":"Robert Hoffmann","Gesch\u00e4tzte Lesezeit":"3\u00a0Minuten"},"schema":{"@context":"https:\/\/schema.org","@graph":[{"@type":"Article","@id":"https:\/\/www.strassenweb.de\/nachrichten\/amanda-seyfrieds-wohnzimmersitze-ist-perfekt-arrangiert-um-das-gespraech-zu-foerdern-designer-lieben-ihren-zusammenhaengenden-sozialen-aufbau\/#article","isPartOf":{"@id":"https:\/\/www.strassenweb.de\/nachrichten\/amanda-seyfrieds-wohnzimmersitze-ist-perfekt-arrangiert-um-das-gespraech-zu-foerdern-designer-lieben-ihren-zusammenhaengenden-sozialen-aufbau\/"},"author":{"name":"Robert Hoffmann","@id":"https:\/\/www.strassenweb.de\/nachrichten\/#\/schema\/person\/87c9c9067f1211da429a744dc5a5aa41"},"headline":"Amanda Seyfrieds Wohnzimmersitze ist perfekt arrangiert, um das Gespr\u00e4ch zu f\u00f6rdern-Designer lieben ihren zusammenh\u00e4ngenden, sozialen Aufbau","datePublished":"2025-03-05T06:39:34+00:00","dateModified":"2025-03-05T06:39:35+00:00","mainEntityOfPage":{"@id":"https:\/\/www.strassenweb.de\/nachrichten\/amanda-seyfrieds-wohnzimmersitze-ist-perfekt-arrangiert-um-das-gespraech-zu-foerdern-designer-lieben-ihren-zusammenhaengenden-sozialen-aufbau\/"},"wordCount":552,"publisher":{"@id":"https:\/\/www.strassenweb.de\/nachrichten\/#organization"},"image":{"@id":"https:\/\/www.strassenweb.de\/nachrichten\/amanda-seyfrieds-wohnzimmersitze-ist-perfekt-arrangiert-um-das-gespraech-zu-foerdern-designer-lieben-ihren-zusammenhaengenden-sozialen-aufbau\/#primaryimage"},"thumbnailUrl":"https:\/\/www.strassenweb.de\/nachrichten\/wp-content\/uploads\/2024\/11\/Amanda-Seyfrieds-Schlafzimmer-im-skandinavischen-Stil-ist-eine-Meisterklasse-in.jpg","keywords":["Amanda","arrangiert","Aufbau","das","f\u00f6rdernDesigner","Gespr\u00e4ch","ihren","ist","lieben","perfekt","Seyfrieds","sozialen","Wohnzimmersitze","zusammenh\u00e4ngenden"],"articleSection":["Haus &amp; Garten"],"inLanguage":"de"},{"@type":"WebPage","@id":"https:\/\/www.strassenweb.de\/nachrichten\/amanda-seyfrieds-wohnzimmersitze-ist-perfekt-arrangiert-um-das-gespraech-zu-foerdern-designer-lieben-ihren-zusammenhaengenden-sozialen-aufbau\/","url":"https:\/\/www.strassenweb.de\/nachrichten\/amanda-seyfrieds-wohnzimmersitze-ist-perfekt-arrangiert-um-das-gespraech-zu-foerdern-designer-lieben-ihren-zusammenhaengenden-sozialen-aufbau\/","name":"Amanda Seyfrieds Wohnzimmersitze ist perfekt arrangiert, um das Gespr\u00e4ch zu f\u00f6rdern-Designer lieben ihren zusammenh\u00e4ngenden, sozialen Aufbau - Nachrichten - Stra\u00dfenweb","isPartOf":{"@id":"https:\/\/www.strassenweb.de\/nachrichten\/#website"},"primaryImageOfPage":{"@id":"https:\/\/www.strassenweb.de\/nachrichten\/amanda-seyfrieds-wohnzimmersitze-ist-perfekt-arrangiert-um-das-gespraech-zu-foerdern-designer-lieben-ihren-zusammenhaengenden-sozialen-aufbau\/#primaryimage"},"image":{"@id":"https:\/\/www.strassenweb.de\/nachrichten\/amanda-seyfrieds-wohnzimmersitze-ist-perfekt-arrangiert-um-das-gespraech-zu-foerdern-designer-lieben-ihren-zusammenhaengenden-sozialen-aufbau\/#primaryimage"},"thumbnailUrl":"https:\/\/www.strassenweb.de\/nachrichten\/wp-content\/uploads\/2024\/11\/Amanda-Seyfrieds-Schlafzimmer-im-skandinavischen-Stil-ist-eine-Meisterklasse-in.jpg","datePublished":"2025-03-05T06:39:34+00:00","dateModified":"2025-03-05T06:39:35+00:00","breadcrumb":{"@id":"https:\/\/www.strassenweb.de\/nachrichten\/amanda-seyfrieds-wohnzimmersitze-ist-perfekt-arrangiert-um-das-gespraech-zu-foerdern-designer-lieben-ihren-zusammenhaengenden-sozialen-aufbau\/#breadcrumb"},"inLanguage":"de","potentialAction":[{"@type":"ReadAction","target":["https:\/\/www.strassenweb.de\/nachrichten\/amanda-seyfrieds-wohnzimmersitze-ist-perfekt-arrangiert-um-das-gespraech-zu-foerdern-designer-lieben-ihren-zusammenhaengenden-sozialen-aufbau\/"]}]},{"@type":"ImageObject","inLanguage":"de","@id":"https:\/\/www.strassenweb.de\/nachrichten\/amanda-seyfrieds-wohnzimmersitze-ist-perfekt-arrangiert-um-das-gespraech-zu-foerdern-designer-lieben-ihren-zusammenhaengenden-sozialen-aufbau\/#primaryimage","url":"https:\/\/www.strassenweb.de\/nachrichten\/wp-content\/uploads\/2024\/11\/Amanda-Seyfrieds-Schlafzimmer-im-skandinavischen-Stil-ist-eine-Meisterklasse-in.jpg","contentUrl":"https:\/\/www.strassenweb.de\/nachrichten\/wp-content\/uploads\/2024\/11\/Amanda-Seyfrieds-Schlafzimmer-im-skandinavischen-Stil-ist-eine-Meisterklasse-in.jpg","width":1200,"height":675,"caption":"Amanda Seyfrieds Schlafzimmer im skandinavischen Stil ist eine Meisterklasse in Neutralt\u00f6nen \u2013 Designer sagen, dass seine Farben einen guten Schlaf f\u00f6rdern"},{"@type":"BreadcrumbList","@id":"https:\/\/www.strassenweb.de\/nachrichten\/amanda-seyfrieds-wohnzimmersitze-ist-perfekt-arrangiert-um-das-gespraech-zu-foerdern-designer-lieben-ihren-zusammenhaengenden-sozialen-aufbau\/#breadcrumb","itemListElement":[{"@type":"ListItem","position":1,"name":"Home","item":"https:\/\/www.strassenweb.de\/nachrichten\/"},{"@type":"ListItem","position":2,"name":"Amanda Seyfrieds Wohnzimmersitze ist perfekt arrangiert, um das Gespr\u00e4ch zu f\u00f6rdern-Designer lieben ihren zusammenh\u00e4ngenden, sozialen Aufbau"}]},{"@type":"WebSite","@id":"https:\/\/www.strassenweb.de\/nachrichten\/#website","url":"https:\/\/www.strassenweb.de\/nachrichten\/","name":"Stra\u00dfenweb","description":"Stra\u00dfenverzeichnis f\u00fcr Deutschland","publisher":{"@id":"https:\/\/www.strassenweb.de\/nachrichten\/#organization"},"potentialAction":[{"@type":"SearchAction","target":{"@type":"EntryPoint","urlTemplate":"https:\/\/www.strassenweb.de\/nachrichten\/?s={search_term_string}"},"query-input":{"@type":"PropertyValueSpecification","valueRequired":true,"valueName":"search_term_string"}}],"inLanguage":"de"},{"@type":"Organization","@id":"https:\/\/www.strassenweb.de\/nachrichten\/#organization","name":"Stra\u00dfenweb","url":"https:\/\/www.strassenweb.de\/nachrichten\/","logo":{"@type":"ImageObject","inLanguage":"de","@id":"https:\/\/www.strassenweb.de\/nachrichten\/#\/schema\/logo\/image\/","url":"https:\/\/www.strassenweb.de\/nachrichten\/wp-content\/uploads\/2024\/09\/cropped-favicon.png","contentUrl":"https:\/\/www.strassenweb.de\/nachrichten\/wp-content\/uploads\/2024\/09\/cropped-favicon.png","width":512,"height":512,"caption":"Stra\u00dfenweb"},"image":{"@id":"https:\/\/www.strassenweb.de\/nachrichten\/#\/schema\/logo\/image\/"},"sameAs":["https:\/\/www.facebook.com\/strassenweb\/"]},{"@type":"Person","@id":"https:\/\/www.strassenweb.de\/nachrichten\/#\/schema\/person\/87c9c9067f1211da429a744dc5a5aa41","name":"Robert Hoffmann","image":{"@type":"ImageObject","inLanguage":"de","@id":"https:\/\/www.strassenweb.de\/nachrichten\/wp-content\/uploads\/2024\/09\/strassenweb-150x150.jpg","url":"https:\/\/www.strassenweb.de\/nachrichten\/wp-content\/uploads\/2024\/09\/strassenweb-150x150.jpg","contentUrl":"https:\/\/www.strassenweb.de\/nachrichten\/wp-content\/uploads\/2024\/09\/strassenweb-150x150.jpg","caption":"Robert Hoffmann"},"description":"Ich hei\u00dfe Robert Hoffmann und ich bin ein leidenschaftlicher Verfechter von \u00d6kologie und Biodiversit\u00e4t. Seit meiner Kindheit in den W\u00e4ldern Bayerns f\u00fchle ich mich mit der Natur verbunden und bin entschlossen, sie zu sch\u00fctzen. Heute widme ich mein Leben der Sensibilisierung anderer f\u00fcr die Bedeutung des Umweltschutzes f\u00fcr zuk\u00fcnftige Generationen.","sameAs":["https:\/\/www.strassenweb.de\/"]}]}},"_links":{"self":[{"href":"https:\/\/www.strassenweb.de\/nachrichten\/wp-json\/wp\/v2\/posts\/3672","targetHints":{"allow":["GET"]}}],"collection":[{"href":"https:\/\/www.strassenweb.de\/nachrichten\/wp-json\/wp\/v2\/posts"}],"about":[{"href":"https:\/\/www.strassenweb.de\/nachrichten\/wp-json\/wp\/v2\/types\/post"}],"author":[{"embeddable":true,"href":"https:\/\/www.strassenweb.de\/nachrichten\/wp-json\/wp\/v2\/users\/1"}],"replies":[{"embeddable":true,"href":"https:\/\/www.strassenweb.de\/nachrichten\/wp-json\/wp\/v2\/comments?post=3672"}],"version-history":[{"count":0,"href":"https:\/\/www.strassenweb.de\/nachrichten\/wp-json\/wp\/v2\/posts\/3672\/revisions"}],"wp:featuredmedia":[{"embeddable":true,"href":"https:\/\/www.strassenweb.de\/nachrichten\/wp-json\/wp\/v2\/media\/1605"}],"wp:attachment":[{"href":"https:\/\/www.strassenweb.de\/nachrichten\/wp-json\/wp\/v2\/media?parent=3672"}],"wp:term":[{"taxonomy":"category","embeddable":true,"href":"https:\/\/www.strassenweb.de\/nachrichten\/wp-json\/wp\/v2\/categories?post=3672"},{"taxonomy":"post_tag","embeddable":true,"href":"https:\/\/www.strassenweb.de\/nachrichten\/wp-json\/wp\/v2\/tags?post=3672"}],"curies":[{"name":"wp","href":"https:\/\/api.w.org\/{rel}","templated":true}]}}