{"id":3634,"date":"2025-03-03T03:40:31","date_gmt":"2025-03-03T02:40:31","guid":{"rendered":"https:\/\/www.strassenweb.de\/nachrichten\/vergessen-sie-klassisch-blau-und-weiss-diese-komplementaere-farbkombination-bringt-drama-und-fuehlt-sich-perfekt-ausbalanciert\/"},"modified":"2025-03-03T03:40:31","modified_gmt":"2025-03-03T02:40:31","slug":"vergessen-sie-klassisch-blau-und-weiss-diese-komplementaere-farbkombination-bringt-drama-und-fuehlt-sich-perfekt-ausbalanciert","status":"publish","type":"post","link":"https:\/\/www.strassenweb.de\/nachrichten\/vergessen-sie-klassisch-blau-und-weiss-diese-komplementaere-farbkombination-bringt-drama-und-fuehlt-sich-perfekt-ausbalanciert\/","title":{"rendered":"Vergessen Sie klassisch Blau und Wei\u00df, diese komplement\u00e4re Farbkombination bringt Drama und f\u00fchlt sich perfekt ausbalanciert"},"content":{"rendered":"<p><\/p>\n<div id=\"article-body\" class=\"article__body \">\n<p>Wir alle kennen und lieben die klassischsten Farbkombinationen &#8211; blau und wei\u00df -, die sich von Natur aus beruhigend anf\u00fchlt und das K\u00fcstendekor nickt, aber manchmal kann dieses beruhigende Duo nicht gen\u00fcgend Lebendigkeit hinzuf\u00fcgen.<\/p>\n<div id=\"ad-unit-1\" class=\"ad-unit\"><\/div>\n<p>Wenn Sie also gerne Blue in Ihrem Zuhause verwenden, aber mit einer mutigen Farbkombination einen spielerischeren Look erzielen m\u00f6chten, sind Sie genau dann als Blau und Orange. Zwei komplement\u00e4re Farben (da sie sich gegenseitig auf dem Farbrad sitzen), wird das Dekorieren mit Blau und Orange immer gut zusammenarbeiten und einen ausgewogenen, aber mutigen Look erzielen.<\/p>\n<aside class=\"hawk-nest\" data-block-type=\"embed\" data-render-type=\"fte\" data-skip=\"dealsy\" data-widget-type=\"seasonal\">\n<div class=\"hawk-master-widget-hawk-base-wrapper\"><\/div>\n<\/aside>\n<p>W\u00e4hrend dies oft als mutige Farbkombination angesehen werden kann, k\u00f6nnen viel weichere und leichtere Interpretationen jedes Farbtons genauso funktionieren wie helle T\u00f6ne. Hier teilen wir alles, was Sie \u00fcber das Dekorieren mit Blau und Orange wissen m\u00fcssen &#8211; einem unserer Lieblingsfarbpaarungen f\u00fcr 2025.<\/p>\n<div id=\"desktop-in-article\" class=\"in-article ad-unit\">\n<div id=\"desktop-taboola-mid-article\"><\/div>\n<\/div>\n<div id=\"mobile-in-article\" class=\"in-article ad-unit\">\n<div id=\"mobile-taboola-mid-article\"><\/div>\n<\/div>\n<h2 id=\"why-do-blue-and-orange-work-well-together-3\">Warum funktionieren Blau und Orange gut zusammen? <\/h2>\n<figure class=\"van-image-figure inline-layout \" data-bordeaux-image-check>\n<div class=\"image-full-width-wrapper\">\n<div class=\"image-widthsetter\" style=\"max-width:2400px;\"><\/div>\n<\/div>\n<\/figure>\n<p>Bevor Sie mit Orange und Blau dekorieren, lohnt es sich, die Prinzipien komplement\u00e4rer Farbschemata zu verstehen, was diese beiden Farbt\u00f6ne zu einer Anlaufstelle macht. Im Folgenden gibt Tash Bradley, Direktor f\u00fcr Innenausstattung bei Lick and Color Psychologe, einen hilfreichen \u00dcberblick:<\/p>\n<div class=\"van_vid_carousel\">\n<div class=\"van_vid_carousel__padding\">\n<div class=\"van_vid_carousel__container\"><\/div>\n<\/div>\n<\/div>\n<p>&#8218;Komplement\u00e4re Farben Blau und Orange eignen sich perfekt, wenn Sie ein kleines Drama einbringen m\u00f6chten, aber auch sicher sind, dass es im Fleisch fantastisch aussieht. Dieses Schema wird manchmal als kontrastierend bezeichnet, aber da die Farben direkt gegen\u00fcber dem Farbrad entgegenstehen, sind sie immer noch einfach im Auge.<\/p>\n<div id=\"ad-unit-2\" class=\"ad-unit\"><\/div>\n<p>\u201eKomplement\u00e4re Paarungen enthalten von Natur aus immer ein cooles und ein warmes Farbsegment, das etwas mehr visuelles Interesse weckt. Blau ist k\u00fchl, Orange war warm. Sie arbeiten gut zusammen, weil die Intensit\u00e4t von Blue Tempern Orange und Orange verhindert, dass Blau zu kalt ist.<\/p>\n<p>&#8218;Aus der Sicht der Farbpsychologie haben Blau und Orange sehr unterschiedliche Eigenschaften. Blau ist geistig beruhigend und beruhigend, mit Ruhe verbunden und f\u00f6rdert Entspannung und ruhige Selbstreflexion. Im Gegensatz dazu ist orange physisch anregend und energisch, ruft W\u00e4rme und Begeisterung hervor und f\u00f6rdert die soziale Interaktion. Wenn sie zusammen verwendet werden, werden sie sich gegenseitig ausgleichen. Das Ergebnis ist eine Farbpaarung, die durch seine Reibung harmonisch ist. &#8218;<\/p>\n<figure class=\"van-image-figure inline-layout \" data-bordeaux-image-check>\n<div class=\"image-full-width-wrapper\">\n<div class=\"image-widthsetter\" style=\"max-width:2000px;\"><\/div>\n<\/div>\n<\/figure>\n<p>&#8222;Es kann viele veraltete Stigmen geben, die entgegengesetzte Farben umgeben, wobei der bekannte Ausdruck&#8220; Rot und Gr\u00fcn niemals zu sehen sein sollte &#8222;, wobei sich im Wesentlichen auf komplement\u00e4re Farben bezieht&#8220;, f\u00e4hrt Tash fort. &#8222;Aber indem Sie einfach die Intensit\u00e4t einw\u00e4hlen, finden Sie eine weitaus weniger Shouty -Kombination, mit der Sie leichter leben k\u00f6nnen.&#8220;<\/p>\n<p>&#8218;Zum Beispiel erzeugt Blue 01 mit Orange 02 ein schickes, weiches Retro -Gef\u00fchl. Orange 02 hat eine freudige Qualit\u00e4t, die beruhigend und ein reiches erdiges Gef\u00fchl aufgrund seiner warmen braunen Untert\u00f6ne ist. Blue bringt eine willkommene Frische mit sich, erkl\u00e4rt Tash.<\/p>\n<h2 id=\"how-to-decorate-with-blue-and-orange-3\">Wie man mit blau und orange dekoriert<\/h2>\n<p>Im Folgenden haben wir einige Innenschemata zusammengefasst, die Blau und Orange als Farbpaarung zeigen. Von weichen Variationen jedes Farbton bis hin zu mutigen T\u00f6nen gibt es M\u00f6glichkeiten, dieses Farb -Duo erfolgreich f\u00fcr viele Innenarchitekturstile zu kanalisieren.<\/p>\n<p>&#8222;Diese dynamische Paarung bringt sowohl W\u00e4rme als auch Energie und bietet einen auff\u00e4lligen Kontrast, der reich und doch harmonisch anf\u00fchlt&#8220;, erkl\u00e4rt die Innenarchitektin Natalia Miyar. &#8222;Durch das Spielen mit verschiedenen Farbt\u00f6nen &#8211; von weichen Korallen und Himmelblau bis hin zu tiefen Marine und verbranntem Orange &#8211; k\u00f6nnen Sie eine Reihe von Stimmungen erzielen, von frisch und luftig bis mutig und dramatisch.&#8220;<\/p>\n<h3 class=\"article-body__section\" id=\"section-1-keep-things-soft-with-sky-blue-and-peach\"><span>1. Halten Sie die Dinge weich mit Himmelblau und Pfirsich<\/span><\/h3>\n<figure class=\"van-image-figure inline-layout \" data-bordeaux-image-check>\n<div class=\"image-full-width-wrapper\">\n<div class=\"image-widthsetter\" style=\"max-width:2400px;\"><\/div>\n<\/div>\n<\/figure>\n<p>&#8222;Anstatt rein Blau und Orange zu verwenden, f\u00fcgt die Entscheidung f\u00fcr nuancierte Farbt\u00f6ne wie Sky Blue und Peach oder Deep Navy und Terrakotta &#8211; Raffinesse und ein Gef\u00fchl der Harmonie hinzu&#8220;, sagt die Innenarchitektin Sarah Hargrave vom Kollektiv.<\/p>\n<p>F\u00fcr einen ruhigen, aber dennoch interessanten Raum passen Sie weiche, ged\u00e4mpfte T\u00f6ne wie Puderblau mit warmem Aprikose oder staubigem Pfirsich. Diese Variationen behalten die Lebendigkeit der Kombination bei, mildern jedoch ihre Intensit\u00e4t und machen sie lebenswerter. Das Schichten von Mustern &#8211; wie ein Teppich mit beiden Farbt\u00f6nen oder gedruckten Wurfkissen &#8211; kann die Farben auf flie\u00dfendere Weise zusammenbinden \u201c, sagt Sarah.<\/p>\n<p>&#8222;Wenn Sie z\u00f6gern, gro\u00dfe Orangenbereiche zu verpflichten, verwenden Sie es in Akzenten wie Kunstwerken, Kissen oder anderen Dekorieren&#8220;, f\u00fcgt der Designer hinzu.<\/p>\n<h3 class=\"article-body__section\" id=\"section-2-create-an-uplifting-look-with-vibrant-hues\"><span>2. Erstellen Sie einen erhebenden Look mit lebendigen Farbt\u00f6nen<\/span><\/h3>\n<figure class=\"van-image-figure inline-layout \" data-bordeaux-image-check>\n<div class=\"image-full-width-wrapper\">\n<div class=\"image-widthsetter\" style=\"max-width:2000px;\"><\/div>\n<\/div>\n<\/figure>\n<p>Wenn Sie zu maximalistischen Farbideen hingezogen sind, ist es eine gro\u00dfartige M\u00f6glichkeit, sich f\u00fcr lebendige Blau- und Orange -T\u00f6ne zu entscheiden, um einen erhebenden Look zu erzielen. Hier kanalisiert der in Pittsburgh ans\u00e4ssige Innenarchitekt Betsy Wentz von Betsy Wentz Innenarchitektur eine hellblaue Wandbedeckung, die durch die leuchtend orangefarbenen Jalousien erg\u00e4nzt wird.<\/p>\n<p>W\u00e4hrend beide Farben f\u00fcr sich genommen lebendig und intensiv sind, arbeiten sie sich gegenseitig zwischen ihren jeweiligen warmen und k\u00fchlen T\u00f6nen, was zu einem harmonischen Raum f\u00fchrt.<\/p>\n<h3 class=\"article-body__section\" id=\"section-3-go-for-muted-tones-for-a-traditional-look\"><span>3.. Gehen Sie f\u00fcr ged\u00e4mpfte T\u00f6ne f\u00fcr einen traditionellen Look<\/span><\/h3>\n<figure class=\"van-image-figure inline-layout \" data-bordeaux-image-check>\n<div class=\"image-full-width-wrapper\">\n<div class=\"image-widthsetter\" style=\"max-width:2400px;\"><\/div>\n<\/div>\n<\/figure>\n<p>&#8222;F\u00fcr einen ausgefeilteren Look w\u00e4hlen Sie ged\u00e4mpfte oder abgeschw\u00e4chte Versionen jeder Farbe wie Dusty Blue mit Terrakotta und nicht helle Prim\u00e4rt\u00f6ne&#8220;, schl\u00e4gt Margaret Donaldson, Innenarchitektin in Charleston, und Gr\u00fcnder von MDI Luxus Design vor.<\/p>\n<p>&#8222;\u00dcberlegen Sie, ob Sie eine Farbe als dominierenden Farbton und die andere als Akzentfarbe verwenden-blaugr\u00fcne blaue Schr\u00e4nke mit einem Teppich mit einer Vielzahl von orangefarbenen T\u00f6nen oder einem weichen blauen Sofa mit Textilien aus rostfarbenen Kissen oder einem gem\u00fctlichen Wurf&#8220;, f\u00fcgt der Designer hinzu.<\/p>\n<h3 class=\"article-body__section\" id=\"section-4-limit-the-amount-of-orange-in-your-scheme\"><span>4. Begrenzen Sie die Orangenmenge in Ihrem Schema<\/span><\/h3>\n<figure class=\"van-image-figure inline-layout \" data-bordeaux-image-check>\n<div class=\"image-full-width-wrapper\">\n<div class=\"image-widthsetter\" style=\"max-width:2000px;\"><\/div>\n<\/div>\n<\/figure>\n<p>Wenn Sie mit dieser Farbkombination einen zur\u00fcckhaltenden Look beibehalten m\u00f6chten, w\u00e4hlen Sie Blau als Hauptfarbe in Ihrem Schema, wie z.<\/p>\n<p>Wie aus der unerwarteten roten Theorie nachgewiesen, kann Orange in \u00e4hnlicher Weise den gesamten Raum mit seiner Lebendigkeit heben, w\u00e4hrend nur ein Raut einen Raum erh\u00f6ht, w\u00e4hrend sie Energie bringt, um die k\u00fchlen Blau -T\u00f6ne auszugleichen.<\/p>\n<p>&#8222;F\u00fcr ein leichteres Schema, Farbn\u00e4ssennahrung mit Blue 01 &#8211; Malen Sie alles von Ihren W\u00e4nden und Umst\u00e4nden bis hin zu Ihren Decken und stellen Sie Orange als Akzent ein &#8211; egal, ob dies durch ein upcyceltes M\u00f6belst\u00fcck in Orange 02 oder ein erdiges gebranntes Orange -Sofa ist&#8220;, empfiehlt Tash Bradley.<\/p>\n<hr>\n<p>Wenn Sie in diesem Jahr mit Ihren Zimmerfarben mutiger werden m\u00f6chten, ist es ein gro\u00dfartiger Ort, um Blau mit Orange zu kombinieren. Von der Verwendung eines weichen Blaues als Hauptfarbe in Ihrem Schema und einem Hauch von ged\u00e4mpftem Orange f\u00fcr das Gleichgewicht; Um mit lebhaften orangefarbenen T\u00f6nen und tiefen Blues mutiger zu werden, k\u00f6nnen Sie sicher sein, dass diese beiden Farbt\u00f6ne gut zueinander funktionieren.<\/p>\n<\/div>\n","protected":false},"excerpt":{"rendered":"<p>Wir alle kennen und lieben die klassischsten Farbkombinationen &#8211; blau und wei\u00df -, die sich von Natur aus beruhigend anf\u00fchlt und das K\u00fcstendekor nickt, aber<\/p>\n","protected":false},"author":1,"featured_media":3635,"comment_status":"closed","ping_status":"","sticky":false,"template":"","format":"standard","meta":{"footnotes":""},"categories":[118],"tags":[394,5666,563,143,5668,2515,5302,5665,5667,393,142,165,37,1768,482],"class_list":["post-3634","post","type-post","status-publish","format-standard","has-post-thumbnail","hentry","category-haus-garten","tag-ausbalanciert","tag-blau","tag-bringt","tag-diese","tag-drama","tag-farbkombination","tag-fuehlt","tag-klassisch","tag-komplementaere","tag-perfekt","tag-sich","tag-sie","tag-und","tag-vergessen","tag-weiss","generate-columns","tablet-grid-50","mobile-grid-100","grid-parent","grid-50"],"yoast_head":"<!-- This site is optimized with the Yoast SEO plugin v27.3 - https:\/\/yoast.com\/product\/yoast-seo-wordpress\/ -->\n<title>Vergessen Sie klassisch Blau und Wei\u00df, diese komplement\u00e4re Farbkombination bringt Drama und f\u00fchlt sich perfekt ausbalanciert - Nachrichten - Stra\u00dfenweb<\/title>\n<meta name=\"robots\" content=\"index, follow, max-snippet:-1, max-image-preview:large, max-video-preview:-1\" \/>\n<link rel=\"canonical\" href=\"https:\/\/www.strassenweb.de\/nachrichten\/vergessen-sie-klassisch-blau-und-weiss-diese-komplementaere-farbkombination-bringt-drama-und-fuehlt-sich-perfekt-ausbalanciert\/\" \/>\n<meta property=\"og:locale\" content=\"de_DE\" \/>\n<meta property=\"og:type\" content=\"article\" \/>\n<meta property=\"og:title\" content=\"Vergessen Sie klassisch Blau und Wei\u00df, diese komplement\u00e4re Farbkombination bringt Drama und f\u00fchlt sich perfekt ausbalanciert - Nachrichten - Stra\u00dfenweb\" \/>\n<meta property=\"og:description\" content=\"Wir alle kennen und lieben die klassischsten Farbkombinationen &#8211; blau und wei\u00df -, die sich von Natur aus beruhigend anf\u00fchlt und das K\u00fcstendekor nickt, aber\" \/>\n<meta property=\"og:url\" content=\"https:\/\/www.strassenweb.de\/nachrichten\/vergessen-sie-klassisch-blau-und-weiss-diese-komplementaere-farbkombination-bringt-drama-und-fuehlt-sich-perfekt-ausbalanciert\/\" \/>\n<meta property=\"og:site_name\" content=\"Stra\u00dfenweb\" \/>\n<meta property=\"article:publisher\" content=\"https:\/\/www.facebook.com\/strassenweb\/\" \/>\n<meta property=\"article:published_time\" content=\"2025-03-03T02:40:31+00:00\" \/>\n<meta property=\"og:image\" content=\"https:\/\/www.strassenweb.de\/nachrichten\/wp-content\/uploads\/2025\/03\/Vergessen-Sie-klassisch-Blau-und-Weiss-diese-komplementaere-Farbkombination-bringt.jpg\" \/>\n\t<meta property=\"og:image:width\" content=\"1200\" \/>\n\t<meta property=\"og:image:height\" content=\"1440\" \/>\n\t<meta property=\"og:image:type\" content=\"image\/jpeg\" \/>\n<meta name=\"author\" content=\"Robert Hoffmann\" \/>\n<meta name=\"twitter:card\" content=\"summary_large_image\" \/>\n<meta name=\"twitter:label1\" content=\"Verfasst von\" \/>\n\t<meta name=\"twitter:data1\" content=\"Robert Hoffmann\" \/>\n\t<meta name=\"twitter:label2\" content=\"Gesch\u00e4tzte Lesezeit\" \/>\n\t<meta name=\"twitter:data2\" content=\"6\u00a0Minuten\" \/>\n<script type=\"application\/ld+json\" class=\"yoast-schema-graph\">{\"@context\":\"https:\\\/\\\/schema.org\",\"@graph\":[{\"@type\":\"Article\",\"@id\":\"https:\\\/\\\/www.strassenweb.de\\\/nachrichten\\\/vergessen-sie-klassisch-blau-und-weiss-diese-komplementaere-farbkombination-bringt-drama-und-fuehlt-sich-perfekt-ausbalanciert\\\/#article\",\"isPartOf\":{\"@id\":\"https:\\\/\\\/www.strassenweb.de\\\/nachrichten\\\/vergessen-sie-klassisch-blau-und-weiss-diese-komplementaere-farbkombination-bringt-drama-und-fuehlt-sich-perfekt-ausbalanciert\\\/\"},\"author\":{\"name\":\"Robert Hoffmann\",\"@id\":\"https:\\\/\\\/www.strassenweb.de\\\/nachrichten\\\/#\\\/schema\\\/person\\\/87c9c9067f1211da429a744dc5a5aa41\"},\"headline\":\"Vergessen Sie klassisch Blau und Wei\u00df, diese komplement\u00e4re Farbkombination bringt Drama und f\u00fchlt sich perfekt ausbalanciert\",\"datePublished\":\"2025-03-03T02:40:31+00:00\",\"mainEntityOfPage\":{\"@id\":\"https:\\\/\\\/www.strassenweb.de\\\/nachrichten\\\/vergessen-sie-klassisch-blau-und-weiss-diese-komplementaere-farbkombination-bringt-drama-und-fuehlt-sich-perfekt-ausbalanciert\\\/\"},\"wordCount\":1133,\"publisher\":{\"@id\":\"https:\\\/\\\/www.strassenweb.de\\\/nachrichten\\\/#organization\"},\"image\":{\"@id\":\"https:\\\/\\\/www.strassenweb.de\\\/nachrichten\\\/vergessen-sie-klassisch-blau-und-weiss-diese-komplementaere-farbkombination-bringt-drama-und-fuehlt-sich-perfekt-ausbalanciert\\\/#primaryimage\"},\"thumbnailUrl\":\"https:\\\/\\\/www.strassenweb.de\\\/nachrichten\\\/wp-content\\\/uploads\\\/2025\\\/03\\\/Vergessen-Sie-klassisch-Blau-und-Weiss-diese-komplementaere-Farbkombination-bringt.jpg\",\"keywords\":[\"ausbalanciert\",\"Blau\",\"bringt\",\"diese\",\"Drama\",\"Farbkombination\",\"F\u00fchlt\",\"klassisch\",\"komplement\u00e4re\",\"perfekt\",\"sich\",\"Sie\",\"und\",\"Vergessen\",\"wei\u00df\"],\"articleSection\":[\"Haus &amp; Garten\"],\"inLanguage\":\"de\"},{\"@type\":\"WebPage\",\"@id\":\"https:\\\/\\\/www.strassenweb.de\\\/nachrichten\\\/vergessen-sie-klassisch-blau-und-weiss-diese-komplementaere-farbkombination-bringt-drama-und-fuehlt-sich-perfekt-ausbalanciert\\\/\",\"url\":\"https:\\\/\\\/www.strassenweb.de\\\/nachrichten\\\/vergessen-sie-klassisch-blau-und-weiss-diese-komplementaere-farbkombination-bringt-drama-und-fuehlt-sich-perfekt-ausbalanciert\\\/\",\"name\":\"Vergessen Sie klassisch Blau und Wei\u00df, diese komplement\u00e4re Farbkombination bringt Drama und f\u00fchlt sich perfekt ausbalanciert - Nachrichten - Stra\u00dfenweb\",\"isPartOf\":{\"@id\":\"https:\\\/\\\/www.strassenweb.de\\\/nachrichten\\\/#website\"},\"primaryImageOfPage\":{\"@id\":\"https:\\\/\\\/www.strassenweb.de\\\/nachrichten\\\/vergessen-sie-klassisch-blau-und-weiss-diese-komplementaere-farbkombination-bringt-drama-und-fuehlt-sich-perfekt-ausbalanciert\\\/#primaryimage\"},\"image\":{\"@id\":\"https:\\\/\\\/www.strassenweb.de\\\/nachrichten\\\/vergessen-sie-klassisch-blau-und-weiss-diese-komplementaere-farbkombination-bringt-drama-und-fuehlt-sich-perfekt-ausbalanciert\\\/#primaryimage\"},\"thumbnailUrl\":\"https:\\\/\\\/www.strassenweb.de\\\/nachrichten\\\/wp-content\\\/uploads\\\/2025\\\/03\\\/Vergessen-Sie-klassisch-Blau-und-Weiss-diese-komplementaere-Farbkombination-bringt.jpg\",\"datePublished\":\"2025-03-03T02:40:31+00:00\",\"breadcrumb\":{\"@id\":\"https:\\\/\\\/www.strassenweb.de\\\/nachrichten\\\/vergessen-sie-klassisch-blau-und-weiss-diese-komplementaere-farbkombination-bringt-drama-und-fuehlt-sich-perfekt-ausbalanciert\\\/#breadcrumb\"},\"inLanguage\":\"de\",\"potentialAction\":[{\"@type\":\"ReadAction\",\"target\":[\"https:\\\/\\\/www.strassenweb.de\\\/nachrichten\\\/vergessen-sie-klassisch-blau-und-weiss-diese-komplementaere-farbkombination-bringt-drama-und-fuehlt-sich-perfekt-ausbalanciert\\\/\"]}]},{\"@type\":\"ImageObject\",\"inLanguage\":\"de\",\"@id\":\"https:\\\/\\\/www.strassenweb.de\\\/nachrichten\\\/vergessen-sie-klassisch-blau-und-weiss-diese-komplementaere-farbkombination-bringt-drama-und-fuehlt-sich-perfekt-ausbalanciert\\\/#primaryimage\",\"url\":\"https:\\\/\\\/www.strassenweb.de\\\/nachrichten\\\/wp-content\\\/uploads\\\/2025\\\/03\\\/Vergessen-Sie-klassisch-Blau-und-Weiss-diese-komplementaere-Farbkombination-bringt.jpg\",\"contentUrl\":\"https:\\\/\\\/www.strassenweb.de\\\/nachrichten\\\/wp-content\\\/uploads\\\/2025\\\/03\\\/Vergessen-Sie-klassisch-Blau-und-Weiss-diese-komplementaere-Farbkombination-bringt.jpg\",\"width\":1200,\"height\":1440,\"caption\":\"Vergessen Sie klassisch Blau und Wei\u00df, diese komplement\u00e4re Farbkombination bringt Drama und f\u00fchlt sich perfekt ausbalanciert\"},{\"@type\":\"BreadcrumbList\",\"@id\":\"https:\\\/\\\/www.strassenweb.de\\\/nachrichten\\\/vergessen-sie-klassisch-blau-und-weiss-diese-komplementaere-farbkombination-bringt-drama-und-fuehlt-sich-perfekt-ausbalanciert\\\/#breadcrumb\",\"itemListElement\":[{\"@type\":\"ListItem\",\"position\":1,\"name\":\"Home\",\"item\":\"https:\\\/\\\/www.strassenweb.de\\\/nachrichten\\\/\"},{\"@type\":\"ListItem\",\"position\":2,\"name\":\"Vergessen Sie klassisch Blau und Wei\u00df, diese komplement\u00e4re Farbkombination bringt Drama und f\u00fchlt sich perfekt ausbalanciert\"}]},{\"@type\":\"WebSite\",\"@id\":\"https:\\\/\\\/www.strassenweb.de\\\/nachrichten\\\/#website\",\"url\":\"https:\\\/\\\/www.strassenweb.de\\\/nachrichten\\\/\",\"name\":\"Stra\u00dfenweb\",\"description\":\"Stra\u00dfenverzeichnis f\u00fcr Deutschland\",\"publisher\":{\"@id\":\"https:\\\/\\\/www.strassenweb.de\\\/nachrichten\\\/#organization\"},\"potentialAction\":[{\"@type\":\"SearchAction\",\"target\":{\"@type\":\"EntryPoint\",\"urlTemplate\":\"https:\\\/\\\/www.strassenweb.de\\\/nachrichten\\\/?s={search_term_string}\"},\"query-input\":{\"@type\":\"PropertyValueSpecification\",\"valueRequired\":true,\"valueName\":\"search_term_string\"}}],\"inLanguage\":\"de\"},{\"@type\":\"Organization\",\"@id\":\"https:\\\/\\\/www.strassenweb.de\\\/nachrichten\\\/#organization\",\"name\":\"Stra\u00dfenweb\",\"url\":\"https:\\\/\\\/www.strassenweb.de\\\/nachrichten\\\/\",\"logo\":{\"@type\":\"ImageObject\",\"inLanguage\":\"de\",\"@id\":\"https:\\\/\\\/www.strassenweb.de\\\/nachrichten\\\/#\\\/schema\\\/logo\\\/image\\\/\",\"url\":\"https:\\\/\\\/www.strassenweb.de\\\/nachrichten\\\/wp-content\\\/uploads\\\/2024\\\/09\\\/cropped-favicon.png\",\"contentUrl\":\"https:\\\/\\\/www.strassenweb.de\\\/nachrichten\\\/wp-content\\\/uploads\\\/2024\\\/09\\\/cropped-favicon.png\",\"width\":512,\"height\":512,\"caption\":\"Stra\u00dfenweb\"},\"image\":{\"@id\":\"https:\\\/\\\/www.strassenweb.de\\\/nachrichten\\\/#\\\/schema\\\/logo\\\/image\\\/\"},\"sameAs\":[\"https:\\\/\\\/www.facebook.com\\\/strassenweb\\\/\"]},{\"@type\":\"Person\",\"@id\":\"https:\\\/\\\/www.strassenweb.de\\\/nachrichten\\\/#\\\/schema\\\/person\\\/87c9c9067f1211da429a744dc5a5aa41\",\"name\":\"Robert Hoffmann\",\"image\":{\"@type\":\"ImageObject\",\"inLanguage\":\"de\",\"@id\":\"https:\\\/\\\/www.strassenweb.de\\\/nachrichten\\\/wp-content\\\/uploads\\\/2024\\\/09\\\/strassenweb-150x150.jpg\",\"url\":\"https:\\\/\\\/www.strassenweb.de\\\/nachrichten\\\/wp-content\\\/uploads\\\/2024\\\/09\\\/strassenweb-150x150.jpg\",\"contentUrl\":\"https:\\\/\\\/www.strassenweb.de\\\/nachrichten\\\/wp-content\\\/uploads\\\/2024\\\/09\\\/strassenweb-150x150.jpg\",\"caption\":\"Robert Hoffmann\"},\"description\":\"Ich hei\u00dfe Robert Hoffmann und ich bin ein leidenschaftlicher Verfechter von \u00d6kologie und Biodiversit\u00e4t. Seit meiner Kindheit in den W\u00e4ldern Bayerns f\u00fchle ich mich mit der Natur verbunden und bin entschlossen, sie zu sch\u00fctzen. Heute widme ich mein Leben der Sensibilisierung anderer f\u00fcr die Bedeutung des Umweltschutzes f\u00fcr zuk\u00fcnftige Generationen.\",\"sameAs\":[\"https:\\\/\\\/www.strassenweb.de\\\/\"]}]}<\/script>\n<!-- \/ Yoast SEO plugin. -->","yoast_head_json":{"title":"Vergessen Sie klassisch Blau und Wei\u00df, diese komplement\u00e4re Farbkombination bringt Drama und f\u00fchlt sich perfekt ausbalanciert - Nachrichten - Stra\u00dfenweb","robots":{"index":"index","follow":"follow","max-snippet":"max-snippet:-1","max-image-preview":"max-image-preview:large","max-video-preview":"max-video-preview:-1"},"canonical":"https:\/\/www.strassenweb.de\/nachrichten\/vergessen-sie-klassisch-blau-und-weiss-diese-komplementaere-farbkombination-bringt-drama-und-fuehlt-sich-perfekt-ausbalanciert\/","og_locale":"de_DE","og_type":"article","og_title":"Vergessen Sie klassisch Blau und Wei\u00df, diese komplement\u00e4re Farbkombination bringt Drama und f\u00fchlt sich perfekt ausbalanciert - Nachrichten - Stra\u00dfenweb","og_description":"Wir alle kennen und lieben die klassischsten Farbkombinationen &#8211; blau und wei\u00df -, die sich von Natur aus beruhigend anf\u00fchlt und das K\u00fcstendekor nickt, aber","og_url":"https:\/\/www.strassenweb.de\/nachrichten\/vergessen-sie-klassisch-blau-und-weiss-diese-komplementaere-farbkombination-bringt-drama-und-fuehlt-sich-perfekt-ausbalanciert\/","og_site_name":"Stra\u00dfenweb","article_publisher":"https:\/\/www.facebook.com\/strassenweb\/","article_published_time":"2025-03-03T02:40:31+00:00","og_image":[{"width":1200,"height":1440,"url":"https:\/\/www.strassenweb.de\/nachrichten\/wp-content\/uploads\/2025\/03\/Vergessen-Sie-klassisch-Blau-und-Weiss-diese-komplementaere-Farbkombination-bringt.jpg","type":"image\/jpeg"}],"author":"Robert Hoffmann","twitter_card":"summary_large_image","twitter_misc":{"Verfasst von":"Robert Hoffmann","Gesch\u00e4tzte Lesezeit":"6\u00a0Minuten"},"schema":{"@context":"https:\/\/schema.org","@graph":[{"@type":"Article","@id":"https:\/\/www.strassenweb.de\/nachrichten\/vergessen-sie-klassisch-blau-und-weiss-diese-komplementaere-farbkombination-bringt-drama-und-fuehlt-sich-perfekt-ausbalanciert\/#article","isPartOf":{"@id":"https:\/\/www.strassenweb.de\/nachrichten\/vergessen-sie-klassisch-blau-und-weiss-diese-komplementaere-farbkombination-bringt-drama-und-fuehlt-sich-perfekt-ausbalanciert\/"},"author":{"name":"Robert Hoffmann","@id":"https:\/\/www.strassenweb.de\/nachrichten\/#\/schema\/person\/87c9c9067f1211da429a744dc5a5aa41"},"headline":"Vergessen Sie klassisch Blau und Wei\u00df, diese komplement\u00e4re Farbkombination bringt Drama und f\u00fchlt sich perfekt ausbalanciert","datePublished":"2025-03-03T02:40:31+00:00","mainEntityOfPage":{"@id":"https:\/\/www.strassenweb.de\/nachrichten\/vergessen-sie-klassisch-blau-und-weiss-diese-komplementaere-farbkombination-bringt-drama-und-fuehlt-sich-perfekt-ausbalanciert\/"},"wordCount":1133,"publisher":{"@id":"https:\/\/www.strassenweb.de\/nachrichten\/#organization"},"image":{"@id":"https:\/\/www.strassenweb.de\/nachrichten\/vergessen-sie-klassisch-blau-und-weiss-diese-komplementaere-farbkombination-bringt-drama-und-fuehlt-sich-perfekt-ausbalanciert\/#primaryimage"},"thumbnailUrl":"https:\/\/www.strassenweb.de\/nachrichten\/wp-content\/uploads\/2025\/03\/Vergessen-Sie-klassisch-Blau-und-Weiss-diese-komplementaere-Farbkombination-bringt.jpg","keywords":["ausbalanciert","Blau","bringt","diese","Drama","Farbkombination","F\u00fchlt","klassisch","komplement\u00e4re","perfekt","sich","Sie","und","Vergessen","wei\u00df"],"articleSection":["Haus &amp; Garten"],"inLanguage":"de"},{"@type":"WebPage","@id":"https:\/\/www.strassenweb.de\/nachrichten\/vergessen-sie-klassisch-blau-und-weiss-diese-komplementaere-farbkombination-bringt-drama-und-fuehlt-sich-perfekt-ausbalanciert\/","url":"https:\/\/www.strassenweb.de\/nachrichten\/vergessen-sie-klassisch-blau-und-weiss-diese-komplementaere-farbkombination-bringt-drama-und-fuehlt-sich-perfekt-ausbalanciert\/","name":"Vergessen Sie klassisch Blau und Wei\u00df, diese komplement\u00e4re Farbkombination bringt Drama und f\u00fchlt sich perfekt ausbalanciert - Nachrichten - Stra\u00dfenweb","isPartOf":{"@id":"https:\/\/www.strassenweb.de\/nachrichten\/#website"},"primaryImageOfPage":{"@id":"https:\/\/www.strassenweb.de\/nachrichten\/vergessen-sie-klassisch-blau-und-weiss-diese-komplementaere-farbkombination-bringt-drama-und-fuehlt-sich-perfekt-ausbalanciert\/#primaryimage"},"image":{"@id":"https:\/\/www.strassenweb.de\/nachrichten\/vergessen-sie-klassisch-blau-und-weiss-diese-komplementaere-farbkombination-bringt-drama-und-fuehlt-sich-perfekt-ausbalanciert\/#primaryimage"},"thumbnailUrl":"https:\/\/www.strassenweb.de\/nachrichten\/wp-content\/uploads\/2025\/03\/Vergessen-Sie-klassisch-Blau-und-Weiss-diese-komplementaere-Farbkombination-bringt.jpg","datePublished":"2025-03-03T02:40:31+00:00","breadcrumb":{"@id":"https:\/\/www.strassenweb.de\/nachrichten\/vergessen-sie-klassisch-blau-und-weiss-diese-komplementaere-farbkombination-bringt-drama-und-fuehlt-sich-perfekt-ausbalanciert\/#breadcrumb"},"inLanguage":"de","potentialAction":[{"@type":"ReadAction","target":["https:\/\/www.strassenweb.de\/nachrichten\/vergessen-sie-klassisch-blau-und-weiss-diese-komplementaere-farbkombination-bringt-drama-und-fuehlt-sich-perfekt-ausbalanciert\/"]}]},{"@type":"ImageObject","inLanguage":"de","@id":"https:\/\/www.strassenweb.de\/nachrichten\/vergessen-sie-klassisch-blau-und-weiss-diese-komplementaere-farbkombination-bringt-drama-und-fuehlt-sich-perfekt-ausbalanciert\/#primaryimage","url":"https:\/\/www.strassenweb.de\/nachrichten\/wp-content\/uploads\/2025\/03\/Vergessen-Sie-klassisch-Blau-und-Weiss-diese-komplementaere-Farbkombination-bringt.jpg","contentUrl":"https:\/\/www.strassenweb.de\/nachrichten\/wp-content\/uploads\/2025\/03\/Vergessen-Sie-klassisch-Blau-und-Weiss-diese-komplementaere-Farbkombination-bringt.jpg","width":1200,"height":1440,"caption":"Vergessen Sie klassisch Blau und Wei\u00df, diese komplement\u00e4re Farbkombination bringt Drama und f\u00fchlt sich perfekt ausbalanciert"},{"@type":"BreadcrumbList","@id":"https:\/\/www.strassenweb.de\/nachrichten\/vergessen-sie-klassisch-blau-und-weiss-diese-komplementaere-farbkombination-bringt-drama-und-fuehlt-sich-perfekt-ausbalanciert\/#breadcrumb","itemListElement":[{"@type":"ListItem","position":1,"name":"Home","item":"https:\/\/www.strassenweb.de\/nachrichten\/"},{"@type":"ListItem","position":2,"name":"Vergessen Sie klassisch Blau und Wei\u00df, diese komplement\u00e4re Farbkombination bringt Drama und f\u00fchlt sich perfekt ausbalanciert"}]},{"@type":"WebSite","@id":"https:\/\/www.strassenweb.de\/nachrichten\/#website","url":"https:\/\/www.strassenweb.de\/nachrichten\/","name":"Stra\u00dfenweb","description":"Stra\u00dfenverzeichnis f\u00fcr Deutschland","publisher":{"@id":"https:\/\/www.strassenweb.de\/nachrichten\/#organization"},"potentialAction":[{"@type":"SearchAction","target":{"@type":"EntryPoint","urlTemplate":"https:\/\/www.strassenweb.de\/nachrichten\/?s={search_term_string}"},"query-input":{"@type":"PropertyValueSpecification","valueRequired":true,"valueName":"search_term_string"}}],"inLanguage":"de"},{"@type":"Organization","@id":"https:\/\/www.strassenweb.de\/nachrichten\/#organization","name":"Stra\u00dfenweb","url":"https:\/\/www.strassenweb.de\/nachrichten\/","logo":{"@type":"ImageObject","inLanguage":"de","@id":"https:\/\/www.strassenweb.de\/nachrichten\/#\/schema\/logo\/image\/","url":"https:\/\/www.strassenweb.de\/nachrichten\/wp-content\/uploads\/2024\/09\/cropped-favicon.png","contentUrl":"https:\/\/www.strassenweb.de\/nachrichten\/wp-content\/uploads\/2024\/09\/cropped-favicon.png","width":512,"height":512,"caption":"Stra\u00dfenweb"},"image":{"@id":"https:\/\/www.strassenweb.de\/nachrichten\/#\/schema\/logo\/image\/"},"sameAs":["https:\/\/www.facebook.com\/strassenweb\/"]},{"@type":"Person","@id":"https:\/\/www.strassenweb.de\/nachrichten\/#\/schema\/person\/87c9c9067f1211da429a744dc5a5aa41","name":"Robert Hoffmann","image":{"@type":"ImageObject","inLanguage":"de","@id":"https:\/\/www.strassenweb.de\/nachrichten\/wp-content\/uploads\/2024\/09\/strassenweb-150x150.jpg","url":"https:\/\/www.strassenweb.de\/nachrichten\/wp-content\/uploads\/2024\/09\/strassenweb-150x150.jpg","contentUrl":"https:\/\/www.strassenweb.de\/nachrichten\/wp-content\/uploads\/2024\/09\/strassenweb-150x150.jpg","caption":"Robert Hoffmann"},"description":"Ich hei\u00dfe Robert Hoffmann und ich bin ein leidenschaftlicher Verfechter von \u00d6kologie und Biodiversit\u00e4t. Seit meiner Kindheit in den W\u00e4ldern Bayerns f\u00fchle ich mich mit der Natur verbunden und bin entschlossen, sie zu sch\u00fctzen. Heute widme ich mein Leben der Sensibilisierung anderer f\u00fcr die Bedeutung des Umweltschutzes f\u00fcr zuk\u00fcnftige Generationen.","sameAs":["https:\/\/www.strassenweb.de\/"]}]}},"_links":{"self":[{"href":"https:\/\/www.strassenweb.de\/nachrichten\/wp-json\/wp\/v2\/posts\/3634","targetHints":{"allow":["GET"]}}],"collection":[{"href":"https:\/\/www.strassenweb.de\/nachrichten\/wp-json\/wp\/v2\/posts"}],"about":[{"href":"https:\/\/www.strassenweb.de\/nachrichten\/wp-json\/wp\/v2\/types\/post"}],"author":[{"embeddable":true,"href":"https:\/\/www.strassenweb.de\/nachrichten\/wp-json\/wp\/v2\/users\/1"}],"replies":[{"embeddable":true,"href":"https:\/\/www.strassenweb.de\/nachrichten\/wp-json\/wp\/v2\/comments?post=3634"}],"version-history":[{"count":0,"href":"https:\/\/www.strassenweb.de\/nachrichten\/wp-json\/wp\/v2\/posts\/3634\/revisions"}],"wp:featuredmedia":[{"embeddable":true,"href":"https:\/\/www.strassenweb.de\/nachrichten\/wp-json\/wp\/v2\/media\/3635"}],"wp:attachment":[{"href":"https:\/\/www.strassenweb.de\/nachrichten\/wp-json\/wp\/v2\/media?parent=3634"}],"wp:term":[{"taxonomy":"category","embeddable":true,"href":"https:\/\/www.strassenweb.de\/nachrichten\/wp-json\/wp\/v2\/categories?post=3634"},{"taxonomy":"post_tag","embeddable":true,"href":"https:\/\/www.strassenweb.de\/nachrichten\/wp-json\/wp\/v2\/tags?post=3634"}],"curies":[{"name":"wp","href":"https:\/\/api.w.org\/{rel}","templated":true}]}}