{"id":3631,"date":"2025-03-02T23:42:39","date_gmt":"2025-03-02T22:42:39","guid":{"rendered":"https:\/\/www.strassenweb.de\/nachrichten\/colman-domingos-erdtoente-kueche-tippt-in-den-skandinavian-stil-2025-mit-geriffelten-schraenken-open-shelving-und-steinplatten-im-stil\/"},"modified":"2025-03-02T23:42:39","modified_gmt":"2025-03-02T22:42:39","slug":"colman-domingos-erdtoente-kueche-tippt-in-den-skandinavian-stil-2025-mit-geriffelten-schraenken-open-shelving-und-steinplatten-im-stil","status":"publish","type":"post","link":"https:\/\/www.strassenweb.de\/nachrichten\/colman-domingos-erdtoente-kueche-tippt-in-den-skandinavian-stil-2025-mit-geriffelten-schraenken-open-shelving-und-steinplatten-im-stil\/","title":{"rendered":"Colman Domingos erdt\u00f6nte K\u00fcche tippt in den Skandinavian-Stil 2025 mit geriffelten Schr\u00e4nken, Open-Shelving- und Steinplatten im Stil"},"content":{"rendered":"<p><\/p>\n<div id=\"article-body\" class=\"article__body \">\n<p>Durch die Integration nat\u00fcrlicher Materialien wie Holz f\u00fchlt sich Ihr Zuhause sofort ruhig und entspannend an. Es gibt viele Gedankenschulen, um dies am besten zu tun, aber die K\u00fcche von Colman Domingo k\u00f6nnte eine der besten sein, die wir je gesehen haben.<\/p>\n<div id=\"ad-unit-1\" class=\"ad-unit\"><\/div>\n<p>Ein H\u00f6hepunkt in der K\u00fcche des Schauspielers in einem k\u00fcrzlich in Instagram -Video enth\u00fcllten Holzschr\u00e4nke mit niedrigeren geriffelten Holzschr\u00e4nken, einem h\u00f6lzernen Backsplash und einer gew\u00f6lbten Holzdecke. Insgesamt tippt Colmans Einsatz von Holz in die Grunds\u00e4tze des skandinavischen K\u00fcchendesigns. Sein Designer hat die Gleichheit von Holz mit Sahnew\u00e4nden und dunklen Steinplatten ausgeglichen. Anstatt alle seine Gerichte in Schr\u00e4nken zu lagern, hat er seine Tassen f\u00fcr ein gem\u00fctliches, gelebte Gef\u00fchl in den Regalen verbreitet.<\/p>\n<aside class=\"hawk-nest\" data-block-type=\"embed\" data-render-type=\"fte\" data-skip=\"dealsy\" data-widget-type=\"seasonal\">\n<div class=\"hawk-master-widget-hawk-base-wrapper\"><\/div>\n<\/aside>\n<p>Nach Ansicht von Kenntnis steigt der Scandi-Stil wie Colman&#8217;s als Innenarchitektur von 2025. Bo Helberg, Design -Experte bei Scandinavian Brand String Furniture, erkl\u00e4rt: \u201eEs gibt nichts ansprechenderes, als ein warmes und gem\u00fctliches Gef\u00fchl im Haus zu schaffen. Wenn es um skandinavisches Design geht, gibt es oft ein gro\u00dfes Missverst\u00e4ndnis &#8211; \u201eMinimalismus\u201c. Obwohl es Parallelen gibt, wie z. B. die Fokussierung auf Funktion, saubere Linien und helle Farben. Aber skandinavisches Design ist mehr als nur ordentlich und notwendig. Ebenso wichtig wie die reine Funktion ist Sch\u00f6nheit, die sich von der nordischen Natur inspirieren l\u00e4sst. Ein Gef\u00fchl der ruhigen Eleganz, unabh\u00e4ngig von Objekt, Material oder Muster. &#8218;<\/p>\n<div id=\"desktop-in-article\" class=\"in-article ad-unit\">\n<div id=\"desktop-taboola-mid-article\"><\/div>\n<\/div>\n<div id=\"mobile-in-article\" class=\"in-article ad-unit\">\n<div id=\"mobile-taboola-mid-article\"><\/div>\n<\/div>\n<div class=\"instagram-embed\">\n<blockquote class=\"instagram-media\" data-instgrm-captioned data-instgrm-version=\"6\" style=\"width:99.375%; width:-webkit-calc(100% - 2px); width:calc(100% - 2px);\">\n<p>Ein Beitrag, der von Colman Domingo (@kingofbingo) geteilt wurde<\/p>\n<p>Ein Foto von on <\/p>\n<\/blockquote>\n<\/div>\n<h2 id=\"the-scandi-kitchen-accessories-edit-3\">Das Scandi-Kitchen-Zubeh\u00f6r bearbeiten<\/h2>\n<div class=\"product-container hero-product-container product-block-no-wrap\"><\/div>\n<p>Er f\u00e4hrt fort: \u201eWir haben gesehen, wie der globale Appell f\u00fcr skandinavisches Dekor weiter w\u00e4chst und w\u00e4chst. In unseren H\u00e4usern m\u00f6chten wir zunehmend nat\u00fcrliche Materialien und Texturen einbeziehen, um eine gem\u00fctliche W\u00e4rme zu schaffen, die uns mit der Natur und unserer Umgebung verbindet. Das skandinavische Design beinhaltet genau dieses, ein beruhigendes, ruhiges Gef\u00fchl im Haus, das eine \u00e4u\u00dferst zeitlose \u00c4sthetik bietet, die seit Generationen geliebt wird. &#8218;<\/p>\n<div class=\"van_vid_carousel\">\n<div class=\"van_vid_carousel__padding\">\n<div class=\"van_vid_carousel__container\"><\/div>\n<\/div>\n<\/div>\n<p>Die Popularit\u00e4t dieses Stils geht \u00fcber Material und Formen hinaus; Es ergibt sich auch aus der skandinavischen Design -Farbpalette. &#8222;In diesem Jahr haben wir einen Schwerpunkt auf nat\u00fcrlicher und Nachhaltigkeit im Design gesehen&#8220;, erkl\u00e4rt Hellberg. &#8222;Mit einer zunehmenden Mischung aus Retro und nat\u00fcrlichen Farben haben beige, warme Farbt\u00f6ne und verschiedene Gr\u00fcnt\u00f6ne in den Vordergrund, um dieses neutralere und grundlegende Farbschema zu betonen.&#8220;<\/p>\n<div id=\"ad-unit-2\" class=\"ad-unit\"><\/div>\n<p>Um diesen Trend in Ihr eigenes Zuhause zu nutzen, stellen Sie zun\u00e4chst nat\u00fcrliche Materialien ein. Hellberg empfiehlt: \u201eReiche Waln\u00fcsse und beruhigende Eichen sind eine wunderbare M\u00f6glichkeit, einen Hauch von au\u00dfen zu verleihen und ein w\u00e4rmendes, gem\u00fctliches Gef\u00fchl in dem Haus zu schaffen, das perfekt f\u00fcr die Herbstmonate ist. Erdige T\u00f6ne eignen sich perfekt, um einen Raum zu bereichern und ein beruhigendes Gef\u00fchl in ein Zuhause zu bringen. Egal, ob Sie mit Walnut und Oak oder einem subtileren Aussehen mit Asche ein reichhaltigeres Gef\u00fchl suchen, unsere vielseitigen Regalsysteme und Schr\u00e4nke sind f\u00fcr alle Stile und Gr\u00f6\u00dfen von R\u00e4umen ausgelegt, w\u00e4hrend Sie Ihre Kreativit\u00e4t mit etwas einzigartigem Individuum ausdr\u00fccken k\u00f6nnen. &#8218;<\/p>\n<hr>\n<p>Die skandinavische K\u00fcche von Colman Domingo ist die erste von vielen, die wir in diesem Jahr sehen werden. Obwohl es ein Trend ist, ist es seine unendlich zeitlose Natur.<\/p>\n<div id=\"slice-container-newsletterForm-articleInbodyContent-hHtzGioQb8EoZ7tD4F7jP3\" class=\"slice-container newsletter-inbodyContent-slice newsletterForm-articleInbodyContent-hHtzGioQb8EoZ7tD4F7jP3 slice-container-newsletterForm\"><\/div>\n<hr>\n<\/div>\n<p><script async src=\"\/\/www.instagram.com\/embed.js\"><\/script><\/p>\n","protected":false},"excerpt":{"rendered":"<p>Durch die Integration nat\u00fcrlicher Materialien wie Holz f\u00fchlt sich Ihr Zuhause sofort ruhig und entspannend an. Es gibt viele Gedankenschulen, um dies am besten zu<\/p>\n","protected":false},"author":1,"featured_media":3632,"comment_status":"closed","ping_status":"","sticky":false,"template":"","format":"standard","meta":{"footnotes":""},"categories":[118],"tags":[5656,78,5657,5658,5661,468,146,5663,5662,5660,5664,322,5659,37],"class_list":["post-3631","post","type-post","status-publish","format-standard","has-post-thumbnail","hentry","category-haus-garten","tag-colman","tag-den","tag-domingos","tag-erdtoente","tag-geriffelten","tag-kueche","tag-mit","tag-openshelving","tag-schraenken","tag-skandinavianstil","tag-steinplatten","tag-stil","tag-tippt","tag-und","generate-columns","tablet-grid-50","mobile-grid-100","grid-parent","grid-50"],"yoast_head":"<!-- This site is optimized with the Yoast SEO plugin v27.3 - https:\/\/yoast.com\/product\/yoast-seo-wordpress\/ -->\n<title>Colman Domingos erdt\u00f6nte K\u00fcche tippt in den Skandinavian-Stil 2025 mit geriffelten Schr\u00e4nken, Open-Shelving- und Steinplatten im Stil - Nachrichten - Stra\u00dfenweb<\/title>\n<meta name=\"robots\" content=\"index, follow, max-snippet:-1, max-image-preview:large, max-video-preview:-1\" \/>\n<link rel=\"canonical\" href=\"https:\/\/www.strassenweb.de\/nachrichten\/colman-domingos-erdtoente-kueche-tippt-in-den-skandinavian-stil-2025-mit-geriffelten-schraenken-open-shelving-und-steinplatten-im-stil\/\" \/>\n<meta property=\"og:locale\" content=\"de_DE\" \/>\n<meta property=\"og:type\" content=\"article\" \/>\n<meta property=\"og:title\" content=\"Colman Domingos erdt\u00f6nte K\u00fcche tippt in den Skandinavian-Stil 2025 mit geriffelten Schr\u00e4nken, Open-Shelving- und Steinplatten im Stil - Nachrichten - Stra\u00dfenweb\" \/>\n<meta property=\"og:description\" content=\"Durch die Integration nat\u00fcrlicher Materialien wie Holz f\u00fchlt sich Ihr Zuhause sofort ruhig und entspannend an. Es gibt viele Gedankenschulen, um dies am besten zu\" \/>\n<meta property=\"og:url\" content=\"https:\/\/www.strassenweb.de\/nachrichten\/colman-domingos-erdtoente-kueche-tippt-in-den-skandinavian-stil-2025-mit-geriffelten-schraenken-open-shelving-und-steinplatten-im-stil\/\" \/>\n<meta property=\"og:site_name\" content=\"Stra\u00dfenweb\" \/>\n<meta property=\"article:publisher\" content=\"https:\/\/www.facebook.com\/strassenweb\/\" \/>\n<meta property=\"article:published_time\" content=\"2025-03-02T22:42:39+00:00\" \/>\n<meta property=\"og:image\" content=\"https:\/\/www.strassenweb.de\/nachrichten\/wp-content\/uploads\/2025\/03\/Colman-Domingos-erdtoente-Kueche-tippt-in-den-Skandinavian-Stil-2025-mit.jpg\" \/>\n\t<meta property=\"og:image:width\" content=\"1200\" \/>\n\t<meta property=\"og:image:height\" content=\"675\" \/>\n\t<meta property=\"og:image:type\" content=\"image\/jpeg\" \/>\n<meta name=\"author\" content=\"Robert Hoffmann\" \/>\n<meta name=\"twitter:card\" content=\"summary_large_image\" \/>\n<meta name=\"twitter:label1\" content=\"Verfasst von\" \/>\n\t<meta name=\"twitter:data1\" content=\"Robert Hoffmann\" \/>\n\t<meta name=\"twitter:label2\" content=\"Gesch\u00e4tzte Lesezeit\" \/>\n\t<meta name=\"twitter:data2\" content=\"3\u00a0Minuten\" \/>\n<script type=\"application\/ld+json\" class=\"yoast-schema-graph\">{\"@context\":\"https:\\\/\\\/schema.org\",\"@graph\":[{\"@type\":\"Article\",\"@id\":\"https:\\\/\\\/www.strassenweb.de\\\/nachrichten\\\/colman-domingos-erdtoente-kueche-tippt-in-den-skandinavian-stil-2025-mit-geriffelten-schraenken-open-shelving-und-steinplatten-im-stil\\\/#article\",\"isPartOf\":{\"@id\":\"https:\\\/\\\/www.strassenweb.de\\\/nachrichten\\\/colman-domingos-erdtoente-kueche-tippt-in-den-skandinavian-stil-2025-mit-geriffelten-schraenken-open-shelving-und-steinplatten-im-stil\\\/\"},\"author\":{\"name\":\"Robert Hoffmann\",\"@id\":\"https:\\\/\\\/www.strassenweb.de\\\/nachrichten\\\/#\\\/schema\\\/person\\\/87c9c9067f1211da429a744dc5a5aa41\"},\"headline\":\"Colman Domingos erdt\u00f6nte K\u00fcche tippt in den Skandinavian-Stil 2025 mit geriffelten Schr\u00e4nken, Open-Shelving- und Steinplatten im Stil\",\"datePublished\":\"2025-03-02T22:42:39+00:00\",\"mainEntityOfPage\":{\"@id\":\"https:\\\/\\\/www.strassenweb.de\\\/nachrichten\\\/colman-domingos-erdtoente-kueche-tippt-in-den-skandinavian-stil-2025-mit-geriffelten-schraenken-open-shelving-und-steinplatten-im-stil\\\/\"},\"wordCount\":586,\"publisher\":{\"@id\":\"https:\\\/\\\/www.strassenweb.de\\\/nachrichten\\\/#organization\"},\"image\":{\"@id\":\"https:\\\/\\\/www.strassenweb.de\\\/nachrichten\\\/colman-domingos-erdtoente-kueche-tippt-in-den-skandinavian-stil-2025-mit-geriffelten-schraenken-open-shelving-und-steinplatten-im-stil\\\/#primaryimage\"},\"thumbnailUrl\":\"https:\\\/\\\/www.strassenweb.de\\\/nachrichten\\\/wp-content\\\/uploads\\\/2025\\\/03\\\/Colman-Domingos-erdtoente-Kueche-tippt-in-den-Skandinavian-Stil-2025-mit.jpg\",\"keywords\":[\"Colman\",\"den\",\"Domingos\",\"erdt\u00f6nte\",\"geriffelten\",\"K\u00fcche\",\"mit\",\"OpenShelving\",\"Schr\u00e4nken\",\"SkandinavianStil\",\"Steinplatten\",\"Stil\",\"tippt\",\"und\"],\"articleSection\":[\"Haus &amp; Garten\"],\"inLanguage\":\"de\"},{\"@type\":\"WebPage\",\"@id\":\"https:\\\/\\\/www.strassenweb.de\\\/nachrichten\\\/colman-domingos-erdtoente-kueche-tippt-in-den-skandinavian-stil-2025-mit-geriffelten-schraenken-open-shelving-und-steinplatten-im-stil\\\/\",\"url\":\"https:\\\/\\\/www.strassenweb.de\\\/nachrichten\\\/colman-domingos-erdtoente-kueche-tippt-in-den-skandinavian-stil-2025-mit-geriffelten-schraenken-open-shelving-und-steinplatten-im-stil\\\/\",\"name\":\"Colman Domingos erdt\u00f6nte K\u00fcche tippt in den Skandinavian-Stil 2025 mit geriffelten Schr\u00e4nken, Open-Shelving- und Steinplatten im Stil - Nachrichten - Stra\u00dfenweb\",\"isPartOf\":{\"@id\":\"https:\\\/\\\/www.strassenweb.de\\\/nachrichten\\\/#website\"},\"primaryImageOfPage\":{\"@id\":\"https:\\\/\\\/www.strassenweb.de\\\/nachrichten\\\/colman-domingos-erdtoente-kueche-tippt-in-den-skandinavian-stil-2025-mit-geriffelten-schraenken-open-shelving-und-steinplatten-im-stil\\\/#primaryimage\"},\"image\":{\"@id\":\"https:\\\/\\\/www.strassenweb.de\\\/nachrichten\\\/colman-domingos-erdtoente-kueche-tippt-in-den-skandinavian-stil-2025-mit-geriffelten-schraenken-open-shelving-und-steinplatten-im-stil\\\/#primaryimage\"},\"thumbnailUrl\":\"https:\\\/\\\/www.strassenweb.de\\\/nachrichten\\\/wp-content\\\/uploads\\\/2025\\\/03\\\/Colman-Domingos-erdtoente-Kueche-tippt-in-den-Skandinavian-Stil-2025-mit.jpg\",\"datePublished\":\"2025-03-02T22:42:39+00:00\",\"breadcrumb\":{\"@id\":\"https:\\\/\\\/www.strassenweb.de\\\/nachrichten\\\/colman-domingos-erdtoente-kueche-tippt-in-den-skandinavian-stil-2025-mit-geriffelten-schraenken-open-shelving-und-steinplatten-im-stil\\\/#breadcrumb\"},\"inLanguage\":\"de\",\"potentialAction\":[{\"@type\":\"ReadAction\",\"target\":[\"https:\\\/\\\/www.strassenweb.de\\\/nachrichten\\\/colman-domingos-erdtoente-kueche-tippt-in-den-skandinavian-stil-2025-mit-geriffelten-schraenken-open-shelving-und-steinplatten-im-stil\\\/\"]}]},{\"@type\":\"ImageObject\",\"inLanguage\":\"de\",\"@id\":\"https:\\\/\\\/www.strassenweb.de\\\/nachrichten\\\/colman-domingos-erdtoente-kueche-tippt-in-den-skandinavian-stil-2025-mit-geriffelten-schraenken-open-shelving-und-steinplatten-im-stil\\\/#primaryimage\",\"url\":\"https:\\\/\\\/www.strassenweb.de\\\/nachrichten\\\/wp-content\\\/uploads\\\/2025\\\/03\\\/Colman-Domingos-erdtoente-Kueche-tippt-in-den-Skandinavian-Stil-2025-mit.jpg\",\"contentUrl\":\"https:\\\/\\\/www.strassenweb.de\\\/nachrichten\\\/wp-content\\\/uploads\\\/2025\\\/03\\\/Colman-Domingos-erdtoente-Kueche-tippt-in-den-Skandinavian-Stil-2025-mit.jpg\",\"width\":1200,\"height\":675,\"caption\":\"Colman Domingos erdt\u00f6nte K\u00fcche tippt in den Skandinavian-Stil 2025 mit geriffelten Schr\u00e4nken, Open-Shelving- und Steinplatten im Stil\"},{\"@type\":\"BreadcrumbList\",\"@id\":\"https:\\\/\\\/www.strassenweb.de\\\/nachrichten\\\/colman-domingos-erdtoente-kueche-tippt-in-den-skandinavian-stil-2025-mit-geriffelten-schraenken-open-shelving-und-steinplatten-im-stil\\\/#breadcrumb\",\"itemListElement\":[{\"@type\":\"ListItem\",\"position\":1,\"name\":\"Home\",\"item\":\"https:\\\/\\\/www.strassenweb.de\\\/nachrichten\\\/\"},{\"@type\":\"ListItem\",\"position\":2,\"name\":\"Colman Domingos erdt\u00f6nte K\u00fcche tippt in den Skandinavian-Stil 2025 mit geriffelten Schr\u00e4nken, Open-Shelving- und Steinplatten im Stil\"}]},{\"@type\":\"WebSite\",\"@id\":\"https:\\\/\\\/www.strassenweb.de\\\/nachrichten\\\/#website\",\"url\":\"https:\\\/\\\/www.strassenweb.de\\\/nachrichten\\\/\",\"name\":\"Stra\u00dfenweb\",\"description\":\"Stra\u00dfenverzeichnis f\u00fcr Deutschland\",\"publisher\":{\"@id\":\"https:\\\/\\\/www.strassenweb.de\\\/nachrichten\\\/#organization\"},\"potentialAction\":[{\"@type\":\"SearchAction\",\"target\":{\"@type\":\"EntryPoint\",\"urlTemplate\":\"https:\\\/\\\/www.strassenweb.de\\\/nachrichten\\\/?s={search_term_string}\"},\"query-input\":{\"@type\":\"PropertyValueSpecification\",\"valueRequired\":true,\"valueName\":\"search_term_string\"}}],\"inLanguage\":\"de\"},{\"@type\":\"Organization\",\"@id\":\"https:\\\/\\\/www.strassenweb.de\\\/nachrichten\\\/#organization\",\"name\":\"Stra\u00dfenweb\",\"url\":\"https:\\\/\\\/www.strassenweb.de\\\/nachrichten\\\/\",\"logo\":{\"@type\":\"ImageObject\",\"inLanguage\":\"de\",\"@id\":\"https:\\\/\\\/www.strassenweb.de\\\/nachrichten\\\/#\\\/schema\\\/logo\\\/image\\\/\",\"url\":\"https:\\\/\\\/www.strassenweb.de\\\/nachrichten\\\/wp-content\\\/uploads\\\/2024\\\/09\\\/cropped-favicon.png\",\"contentUrl\":\"https:\\\/\\\/www.strassenweb.de\\\/nachrichten\\\/wp-content\\\/uploads\\\/2024\\\/09\\\/cropped-favicon.png\",\"width\":512,\"height\":512,\"caption\":\"Stra\u00dfenweb\"},\"image\":{\"@id\":\"https:\\\/\\\/www.strassenweb.de\\\/nachrichten\\\/#\\\/schema\\\/logo\\\/image\\\/\"},\"sameAs\":[\"https:\\\/\\\/www.facebook.com\\\/strassenweb\\\/\"]},{\"@type\":\"Person\",\"@id\":\"https:\\\/\\\/www.strassenweb.de\\\/nachrichten\\\/#\\\/schema\\\/person\\\/87c9c9067f1211da429a744dc5a5aa41\",\"name\":\"Robert Hoffmann\",\"image\":{\"@type\":\"ImageObject\",\"inLanguage\":\"de\",\"@id\":\"https:\\\/\\\/www.strassenweb.de\\\/nachrichten\\\/wp-content\\\/uploads\\\/2024\\\/09\\\/strassenweb-150x150.jpg\",\"url\":\"https:\\\/\\\/www.strassenweb.de\\\/nachrichten\\\/wp-content\\\/uploads\\\/2024\\\/09\\\/strassenweb-150x150.jpg\",\"contentUrl\":\"https:\\\/\\\/www.strassenweb.de\\\/nachrichten\\\/wp-content\\\/uploads\\\/2024\\\/09\\\/strassenweb-150x150.jpg\",\"caption\":\"Robert Hoffmann\"},\"description\":\"Ich hei\u00dfe Robert Hoffmann und ich bin ein leidenschaftlicher Verfechter von \u00d6kologie und Biodiversit\u00e4t. Seit meiner Kindheit in den W\u00e4ldern Bayerns f\u00fchle ich mich mit der Natur verbunden und bin entschlossen, sie zu sch\u00fctzen. Heute widme ich mein Leben der Sensibilisierung anderer f\u00fcr die Bedeutung des Umweltschutzes f\u00fcr zuk\u00fcnftige Generationen.\",\"sameAs\":[\"https:\\\/\\\/www.strassenweb.de\\\/\"]}]}<\/script>\n<!-- \/ Yoast SEO plugin. -->","yoast_head_json":{"title":"Colman Domingos erdt\u00f6nte K\u00fcche tippt in den Skandinavian-Stil 2025 mit geriffelten Schr\u00e4nken, Open-Shelving- und Steinplatten im Stil - Nachrichten - Stra\u00dfenweb","robots":{"index":"index","follow":"follow","max-snippet":"max-snippet:-1","max-image-preview":"max-image-preview:large","max-video-preview":"max-video-preview:-1"},"canonical":"https:\/\/www.strassenweb.de\/nachrichten\/colman-domingos-erdtoente-kueche-tippt-in-den-skandinavian-stil-2025-mit-geriffelten-schraenken-open-shelving-und-steinplatten-im-stil\/","og_locale":"de_DE","og_type":"article","og_title":"Colman Domingos erdt\u00f6nte K\u00fcche tippt in den Skandinavian-Stil 2025 mit geriffelten Schr\u00e4nken, Open-Shelving- und Steinplatten im Stil - Nachrichten - Stra\u00dfenweb","og_description":"Durch die Integration nat\u00fcrlicher Materialien wie Holz f\u00fchlt sich Ihr Zuhause sofort ruhig und entspannend an. Es gibt viele Gedankenschulen, um dies am besten zu","og_url":"https:\/\/www.strassenweb.de\/nachrichten\/colman-domingos-erdtoente-kueche-tippt-in-den-skandinavian-stil-2025-mit-geriffelten-schraenken-open-shelving-und-steinplatten-im-stil\/","og_site_name":"Stra\u00dfenweb","article_publisher":"https:\/\/www.facebook.com\/strassenweb\/","article_published_time":"2025-03-02T22:42:39+00:00","og_image":[{"width":1200,"height":675,"url":"https:\/\/www.strassenweb.de\/nachrichten\/wp-content\/uploads\/2025\/03\/Colman-Domingos-erdtoente-Kueche-tippt-in-den-Skandinavian-Stil-2025-mit.jpg","type":"image\/jpeg"}],"author":"Robert Hoffmann","twitter_card":"summary_large_image","twitter_misc":{"Verfasst von":"Robert Hoffmann","Gesch\u00e4tzte Lesezeit":"3\u00a0Minuten"},"schema":{"@context":"https:\/\/schema.org","@graph":[{"@type":"Article","@id":"https:\/\/www.strassenweb.de\/nachrichten\/colman-domingos-erdtoente-kueche-tippt-in-den-skandinavian-stil-2025-mit-geriffelten-schraenken-open-shelving-und-steinplatten-im-stil\/#article","isPartOf":{"@id":"https:\/\/www.strassenweb.de\/nachrichten\/colman-domingos-erdtoente-kueche-tippt-in-den-skandinavian-stil-2025-mit-geriffelten-schraenken-open-shelving-und-steinplatten-im-stil\/"},"author":{"name":"Robert Hoffmann","@id":"https:\/\/www.strassenweb.de\/nachrichten\/#\/schema\/person\/87c9c9067f1211da429a744dc5a5aa41"},"headline":"Colman Domingos erdt\u00f6nte K\u00fcche tippt in den Skandinavian-Stil 2025 mit geriffelten Schr\u00e4nken, Open-Shelving- und Steinplatten im Stil","datePublished":"2025-03-02T22:42:39+00:00","mainEntityOfPage":{"@id":"https:\/\/www.strassenweb.de\/nachrichten\/colman-domingos-erdtoente-kueche-tippt-in-den-skandinavian-stil-2025-mit-geriffelten-schraenken-open-shelving-und-steinplatten-im-stil\/"},"wordCount":586,"publisher":{"@id":"https:\/\/www.strassenweb.de\/nachrichten\/#organization"},"image":{"@id":"https:\/\/www.strassenweb.de\/nachrichten\/colman-domingos-erdtoente-kueche-tippt-in-den-skandinavian-stil-2025-mit-geriffelten-schraenken-open-shelving-und-steinplatten-im-stil\/#primaryimage"},"thumbnailUrl":"https:\/\/www.strassenweb.de\/nachrichten\/wp-content\/uploads\/2025\/03\/Colman-Domingos-erdtoente-Kueche-tippt-in-den-Skandinavian-Stil-2025-mit.jpg","keywords":["Colman","den","Domingos","erdt\u00f6nte","geriffelten","K\u00fcche","mit","OpenShelving","Schr\u00e4nken","SkandinavianStil","Steinplatten","Stil","tippt","und"],"articleSection":["Haus &amp; Garten"],"inLanguage":"de"},{"@type":"WebPage","@id":"https:\/\/www.strassenweb.de\/nachrichten\/colman-domingos-erdtoente-kueche-tippt-in-den-skandinavian-stil-2025-mit-geriffelten-schraenken-open-shelving-und-steinplatten-im-stil\/","url":"https:\/\/www.strassenweb.de\/nachrichten\/colman-domingos-erdtoente-kueche-tippt-in-den-skandinavian-stil-2025-mit-geriffelten-schraenken-open-shelving-und-steinplatten-im-stil\/","name":"Colman Domingos erdt\u00f6nte K\u00fcche tippt in den Skandinavian-Stil 2025 mit geriffelten Schr\u00e4nken, Open-Shelving- und Steinplatten im Stil - Nachrichten - Stra\u00dfenweb","isPartOf":{"@id":"https:\/\/www.strassenweb.de\/nachrichten\/#website"},"primaryImageOfPage":{"@id":"https:\/\/www.strassenweb.de\/nachrichten\/colman-domingos-erdtoente-kueche-tippt-in-den-skandinavian-stil-2025-mit-geriffelten-schraenken-open-shelving-und-steinplatten-im-stil\/#primaryimage"},"image":{"@id":"https:\/\/www.strassenweb.de\/nachrichten\/colman-domingos-erdtoente-kueche-tippt-in-den-skandinavian-stil-2025-mit-geriffelten-schraenken-open-shelving-und-steinplatten-im-stil\/#primaryimage"},"thumbnailUrl":"https:\/\/www.strassenweb.de\/nachrichten\/wp-content\/uploads\/2025\/03\/Colman-Domingos-erdtoente-Kueche-tippt-in-den-Skandinavian-Stil-2025-mit.jpg","datePublished":"2025-03-02T22:42:39+00:00","breadcrumb":{"@id":"https:\/\/www.strassenweb.de\/nachrichten\/colman-domingos-erdtoente-kueche-tippt-in-den-skandinavian-stil-2025-mit-geriffelten-schraenken-open-shelving-und-steinplatten-im-stil\/#breadcrumb"},"inLanguage":"de","potentialAction":[{"@type":"ReadAction","target":["https:\/\/www.strassenweb.de\/nachrichten\/colman-domingos-erdtoente-kueche-tippt-in-den-skandinavian-stil-2025-mit-geriffelten-schraenken-open-shelving-und-steinplatten-im-stil\/"]}]},{"@type":"ImageObject","inLanguage":"de","@id":"https:\/\/www.strassenweb.de\/nachrichten\/colman-domingos-erdtoente-kueche-tippt-in-den-skandinavian-stil-2025-mit-geriffelten-schraenken-open-shelving-und-steinplatten-im-stil\/#primaryimage","url":"https:\/\/www.strassenweb.de\/nachrichten\/wp-content\/uploads\/2025\/03\/Colman-Domingos-erdtoente-Kueche-tippt-in-den-Skandinavian-Stil-2025-mit.jpg","contentUrl":"https:\/\/www.strassenweb.de\/nachrichten\/wp-content\/uploads\/2025\/03\/Colman-Domingos-erdtoente-Kueche-tippt-in-den-Skandinavian-Stil-2025-mit.jpg","width":1200,"height":675,"caption":"Colman Domingos erdt\u00f6nte K\u00fcche tippt in den Skandinavian-Stil 2025 mit geriffelten Schr\u00e4nken, Open-Shelving- und Steinplatten im Stil"},{"@type":"BreadcrumbList","@id":"https:\/\/www.strassenweb.de\/nachrichten\/colman-domingos-erdtoente-kueche-tippt-in-den-skandinavian-stil-2025-mit-geriffelten-schraenken-open-shelving-und-steinplatten-im-stil\/#breadcrumb","itemListElement":[{"@type":"ListItem","position":1,"name":"Home","item":"https:\/\/www.strassenweb.de\/nachrichten\/"},{"@type":"ListItem","position":2,"name":"Colman Domingos erdt\u00f6nte K\u00fcche tippt in den Skandinavian-Stil 2025 mit geriffelten Schr\u00e4nken, Open-Shelving- und Steinplatten im Stil"}]},{"@type":"WebSite","@id":"https:\/\/www.strassenweb.de\/nachrichten\/#website","url":"https:\/\/www.strassenweb.de\/nachrichten\/","name":"Stra\u00dfenweb","description":"Stra\u00dfenverzeichnis f\u00fcr Deutschland","publisher":{"@id":"https:\/\/www.strassenweb.de\/nachrichten\/#organization"},"potentialAction":[{"@type":"SearchAction","target":{"@type":"EntryPoint","urlTemplate":"https:\/\/www.strassenweb.de\/nachrichten\/?s={search_term_string}"},"query-input":{"@type":"PropertyValueSpecification","valueRequired":true,"valueName":"search_term_string"}}],"inLanguage":"de"},{"@type":"Organization","@id":"https:\/\/www.strassenweb.de\/nachrichten\/#organization","name":"Stra\u00dfenweb","url":"https:\/\/www.strassenweb.de\/nachrichten\/","logo":{"@type":"ImageObject","inLanguage":"de","@id":"https:\/\/www.strassenweb.de\/nachrichten\/#\/schema\/logo\/image\/","url":"https:\/\/www.strassenweb.de\/nachrichten\/wp-content\/uploads\/2024\/09\/cropped-favicon.png","contentUrl":"https:\/\/www.strassenweb.de\/nachrichten\/wp-content\/uploads\/2024\/09\/cropped-favicon.png","width":512,"height":512,"caption":"Stra\u00dfenweb"},"image":{"@id":"https:\/\/www.strassenweb.de\/nachrichten\/#\/schema\/logo\/image\/"},"sameAs":["https:\/\/www.facebook.com\/strassenweb\/"]},{"@type":"Person","@id":"https:\/\/www.strassenweb.de\/nachrichten\/#\/schema\/person\/87c9c9067f1211da429a744dc5a5aa41","name":"Robert Hoffmann","image":{"@type":"ImageObject","inLanguage":"de","@id":"https:\/\/www.strassenweb.de\/nachrichten\/wp-content\/uploads\/2024\/09\/strassenweb-150x150.jpg","url":"https:\/\/www.strassenweb.de\/nachrichten\/wp-content\/uploads\/2024\/09\/strassenweb-150x150.jpg","contentUrl":"https:\/\/www.strassenweb.de\/nachrichten\/wp-content\/uploads\/2024\/09\/strassenweb-150x150.jpg","caption":"Robert Hoffmann"},"description":"Ich hei\u00dfe Robert Hoffmann und ich bin ein leidenschaftlicher Verfechter von \u00d6kologie und Biodiversit\u00e4t. Seit meiner Kindheit in den W\u00e4ldern Bayerns f\u00fchle ich mich mit der Natur verbunden und bin entschlossen, sie zu sch\u00fctzen. Heute widme ich mein Leben der Sensibilisierung anderer f\u00fcr die Bedeutung des Umweltschutzes f\u00fcr zuk\u00fcnftige Generationen.","sameAs":["https:\/\/www.strassenweb.de\/"]}]}},"_links":{"self":[{"href":"https:\/\/www.strassenweb.de\/nachrichten\/wp-json\/wp\/v2\/posts\/3631","targetHints":{"allow":["GET"]}}],"collection":[{"href":"https:\/\/www.strassenweb.de\/nachrichten\/wp-json\/wp\/v2\/posts"}],"about":[{"href":"https:\/\/www.strassenweb.de\/nachrichten\/wp-json\/wp\/v2\/types\/post"}],"author":[{"embeddable":true,"href":"https:\/\/www.strassenweb.de\/nachrichten\/wp-json\/wp\/v2\/users\/1"}],"replies":[{"embeddable":true,"href":"https:\/\/www.strassenweb.de\/nachrichten\/wp-json\/wp\/v2\/comments?post=3631"}],"version-history":[{"count":0,"href":"https:\/\/www.strassenweb.de\/nachrichten\/wp-json\/wp\/v2\/posts\/3631\/revisions"}],"wp:featuredmedia":[{"embeddable":true,"href":"https:\/\/www.strassenweb.de\/nachrichten\/wp-json\/wp\/v2\/media\/3632"}],"wp:attachment":[{"href":"https:\/\/www.strassenweb.de\/nachrichten\/wp-json\/wp\/v2\/media?parent=3631"}],"wp:term":[{"taxonomy":"category","embeddable":true,"href":"https:\/\/www.strassenweb.de\/nachrichten\/wp-json\/wp\/v2\/categories?post=3631"},{"taxonomy":"post_tag","embeddable":true,"href":"https:\/\/www.strassenweb.de\/nachrichten\/wp-json\/wp\/v2\/tags?post=3631"}],"curies":[{"name":"wp","href":"https:\/\/api.w.org\/{rel}","templated":true}]}}