{"id":3625,"date":"2025-03-02T15:44:57","date_gmt":"2025-03-02T14:44:57","guid":{"rendered":"https:\/\/www.strassenweb.de\/nachrichten\/adrien-brody-verwendet-einen-blauen-akzentstuhl-um-einen-der-glamouroessten-trends-von-2025-zu-perfektionieren-designer-sagen-dass-der-look-von-der-verschwenderischen-silber-screen-aera\/"},"modified":"2025-03-02T15:44:57","modified_gmt":"2025-03-02T14:44:57","slug":"adrien-brody-verwendet-einen-blauen-akzentstuhl-um-einen-der-glamouroessten-trends-von-2025-zu-perfektionieren-designer-sagen-dass-der-look-von-der-verschwenderischen-silber-screen-aera","status":"publish","type":"post","link":"https:\/\/www.strassenweb.de\/nachrichten\/adrien-brody-verwendet-einen-blauen-akzentstuhl-um-einen-der-glamouroessten-trends-von-2025-zu-perfektionieren-designer-sagen-dass-der-look-von-der-verschwenderischen-silber-screen-aera\/","title":{"rendered":"Adrien Brody verwendet einen blauen Akzentstuhl, um einen der glamour\u00f6ssten Trends von 2025 zu perfektionieren. Designer sagen, dass der Look von der \u201everschwenderischen Silber -Screen -\u00c4ra\u201c beeinflusst wird."},"content":{"rendered":"<p><\/p>\n<div id=\"article-body\" class=\"article__body \">\n<p>Wenn wir uns auf die Oscars schauen, k\u00f6nnen wir uns einen Moment Zeit f\u00fcr einen der gr\u00f6\u00dften Namen der Nacht nehmen: Adrien Brody.<\/p>\n<div id=\"ad-unit-1\" class=\"ad-unit\"><\/div>\n<p><em>Der Brutalist<\/em> Der Kandidat f\u00fcr Schauspieler und Oscar macht sp\u00e4ter am Abend Schlagzeilen auf dem roten Teppich des Dolby Theatre, aber wir geben zu, dass wir von den Details seines Hauses in New York City etwas mehr abgelenkt sind. Insbesondere wollten wir uns auf den blauen Akzentstuhl von Adrien konzentrieren-und wie er sich in einen immer beliebten Design-Trend einsetzt, der f\u00fcr einen Hollywood-Star so gut anscheinend erscheint.<\/p>\n<aside class=\"hawk-nest\" data-block-type=\"embed\" data-render-type=\"fte\" data-skip=\"dealsy\" data-widget-type=\"seasonal\">\n<div class=\"hawk-master-widget-hawk-base-wrapper\"><\/div>\n<\/aside>\n<p>W\u00e4hrend es sich vielleicht etwas unfair anf\u00fchlt, Art Deco Design als &#8222;Trend&#8220; zu bezeichnen, ist es nicht zu leugnen, dass diese \u00e4sthetische Art und Weise beeinflusst, wie wir in diesem Jahr \u00fcber Dekoration denken. Zunehmend stellen Designer fest, dass verschwenderische geometrische Drucke, Goldakzente und strukturelle Einrichtungsgegenst\u00e4nde eine Wiederbelebung sehen, da die Menschen zunehmend auf Luxus und Genuss gestalten. Der Akzentstuhl von Adrien Brody ist eine zur\u00fcckhaltende Wendung f\u00fcr den konventionellen Art -Deco -Stil &#8211; aber trotzdem in die \u00c4sthetik.<\/p>\n<div id=\"desktop-in-article\" class=\"in-article ad-unit\">\n<div id=\"desktop-taboola-mid-article\"><\/div>\n<\/div>\n<div id=\"mobile-in-article\" class=\"in-article ad-unit\">\n<div id=\"mobile-taboola-mid-article\"><\/div>\n<\/div>\n<div class=\"instagram-embed\">\n<blockquote class=\"instagram-media\" data-instgrm-captioned data-instgrm-version=\"6\" style=\"width:99.375%; width:-webkit-calc(100% - 2px); width:calc(100% - 2px);\">\n<p>Ein Beitrag, der von Adrien Brody (@adrienbody) geteilt wird<\/p>\n<p>Ein Foto von on <\/p>\n<\/blockquote>\n<\/div>\n<p>Vielleicht nicht \u00fcberraschend war, dass Adrien dem &#8222;Design-Trend&#8220; voraus war, da die Fans diesen Schuss aus einer Halloween-Vergangenheit bereits erkennen. Dies macht dies jedoch in der Gegenwart nicht weniger modisch. Tats\u00e4chlich, so Designer, hat es sich noch nie so aktuell angef\u00fchlt.<\/p>\n<div class=\"van_vid_carousel\">\n<div class=\"van_vid_carousel__padding\">\n<div class=\"van_vid_carousel__container\"><\/div>\n<\/div>\n<\/div>\n<p>&#8218;Glamorised by the lavish lifestyle of the Silver Screen era, which championed opulent materials and clean, modernist silhouettes, it&#8217;s no wonder that the Art Deco aesthetic has stood the test of time and continues to inspire the styling of the trendiest contemporary homes,&#8216; comments Kris Manalo, the creative lead at <u>Atkin &#038; Thymian.<\/u><\/p>\n<div id=\"ad-unit-2\" class=\"ad-unit\"><\/div>\n<p>Der offensichtlichste Weg, um den Look zu nutzen (wenn Ihr Raum es erlaubt), besteht darin, Adriens Beispiel zu folgen und in einen sch\u00f6nen Akzentstuhl zu investieren. Es ist am besten, mit Antiquit\u00e4ten Vintage zu gehen oder zu dekorieren, aber auch einige moderne Remakes sind atemberaubend. Um den Look weiter zu erh\u00f6hen, empfiehlt Kris, diese Aussage mit metallischen und gespiegelten Accessoires zu kombinieren, die eine luxuri\u00f6se &#8218;Roaring 20s&#8216; -\u00c4sthetik perfektionieren.<\/p>\n<p><em><strong>&#8220;<\/strong><\/em>Mit ein paar gut ausgew\u00e4hlten St\u00fccken kann jeder Raum einen Hauch von diesem zeitlosen Stil bekommen. Der Kubismus hatte einen starken Einfluss auf das Art -Deco -Design, wobei Drehumscheine w\u00e4hrend des gesamten Systems prominent waren. Um das Aussehen zu replizieren, gehen Sie f\u00fcr M\u00f6bel mit definierten Strukturlinien und scharfen Winkeln. Stellen Sie jedoch sicher, dass Sie symmetrische Motive integrieren. Symmetrie war ein wichtiger Eckpfeiler der Bewegung und eines der schmackhaftesten Merkmale \u201c, sagt sie.<\/p>\n<div id=\"slice-container-newsletterForm-articleInbodyContent-YPKPhuKojk4LVFo9wxiZq3\" class=\"slice-container newsletter-inbodyContent-slice newsletterForm-articleInbodyContent-YPKPhuKojk4LVFo9wxiZq3 slice-container-newsletterForm\"><\/div>\n<p>&#8218;Luxuri\u00f6se und reflektierende Materialien waren auch ein wesentlicher Bestandteil des Art -Deco -Stylings mit Metallic, Spiegel und Glasveredelungen. Ein Glas-Couchtisch mit einem Spiegelregal w\u00fcrde beispielsweise eine perfekte Erg\u00e4nzung zu einem Art-Deco-Wohnzimmer machen. Kombinieren Sie diese Materialien mit dramatischen Farben und Effekten wie Holzholz und Lack, um einen extravaganten, aber eleganten Look zu erzeugen. &#8218;<\/p>\n<div class=\"product-container hero-product-container product-block-no-wrap\"><\/div>\n<hr>\n<p>Es ist nicht \u00fcberraschend, dass Kris nicht ausschlie\u00dflich f\u00fcr die Wiederbelebung dieses Looks ist. Laura Hammett, Creative Director der Art Deco, wie der Art Deco -Stil 100 Jahre alt wird <u>ENEMOUS DESIGN STUDIO<\/u>f\u00fcgt hinzu: &#8222;Ich sehe, dass viel f\u00fchrendes Design durch historische Epochen informiert wird und Referenz und Inspiration von Zeiteneigenschaften, Architektur und Innenr\u00e4umen genommen wird.&#8220;<\/p>\n<p>\u201eIch liebe die Subtilit\u00e4t, mit der sie ausgef\u00fchrt wird, und ich denke, dies wird 2025 neue Trends pr\u00e4gen. Genau wie in der Mode sind auch Innenr\u00e4ume zyklisch. Dies tun wir auch in unserem Studio oft; Ich genie\u00dfe es, ein Art -Deco -Detail oder eine Anspielung auf die georgische Architektur in die Zeitgenosse zu bringen und es f\u00fcr ein modernes Zuhause relevant zu machen. &#8218;<\/p>\n<p>Ob Adrien Brody den Oscar mit nach Hause nimmt oder nicht, sein Gesp\u00fcr f\u00fcr Innenarchitektur ist in unseren Augen f\u00fcr sich preisgekr\u00f6nt.<\/p>\n<hr>\n<\/div>\n<p><script async src=\"\/\/www.instagram.com\/embed.js\"><\/script><\/p>\n","protected":false},"excerpt":{"rendered":"<p>Wenn wir uns auf die Oscars schauen, k\u00f6nnen wir uns einen Moment Zeit f\u00fcr einen der gr\u00f6\u00dften Namen der Nacht nehmen: Adrien Brody. Der Brutalist<\/p>\n","protected":false},"author":1,"featured_media":3626,"comment_status":"closed","ping_status":"","sticky":false,"template":"","format":"standard","meta":{"footnotes":""},"categories":[118],"tags":[5645,5228,5652,5050,2078,5646,51,81,216,166,5647,5648,284,5651,5650,1733,5649,207,21,71],"class_list":["post-3625","post","type-post","status-publish","format-standard","has-post-thumbnail","hentry","category-haus-garten","tag-adrien","tag-akzentstuhl","tag-aera","tag-beeinflusst","tag-blauen","tag-brody","tag-dass","tag-der","tag-designer","tag-einen","tag-glamouroessten","tag-perfektionieren","tag-sagen","tag-screen","tag-silber","tag-trends","tag-verschwenderischen","tag-verwendet","tag-von","tag-wird","generate-columns","tablet-grid-50","mobile-grid-100","grid-parent","grid-50"],"yoast_head":"<!-- This site is optimized with the Yoast SEO plugin v27.3 - https:\/\/yoast.com\/product\/yoast-seo-wordpress\/ -->\n<title>Adrien Brody verwendet einen blauen Akzentstuhl, um einen der glamour\u00f6ssten Trends von 2025 zu perfektionieren. Designer sagen, dass der Look von der \u201everschwenderischen Silber -Screen -\u00c4ra\u201c beeinflusst wird. - Nachrichten - Stra\u00dfenweb<\/title>\n<meta name=\"robots\" content=\"index, follow, max-snippet:-1, max-image-preview:large, max-video-preview:-1\" \/>\n<link rel=\"canonical\" href=\"https:\/\/www.strassenweb.de\/nachrichten\/adrien-brody-verwendet-einen-blauen-akzentstuhl-um-einen-der-glamouroessten-trends-von-2025-zu-perfektionieren-designer-sagen-dass-der-look-von-der-verschwenderischen-silber-screen-aera\/\" \/>\n<meta property=\"og:locale\" content=\"de_DE\" \/>\n<meta property=\"og:type\" content=\"article\" \/>\n<meta property=\"og:title\" content=\"Adrien Brody verwendet einen blauen Akzentstuhl, um einen der glamour\u00f6ssten Trends von 2025 zu perfektionieren. Designer sagen, dass der Look von der \u201everschwenderischen Silber -Screen -\u00c4ra\u201c beeinflusst wird. - Nachrichten - Stra\u00dfenweb\" \/>\n<meta property=\"og:description\" content=\"Wenn wir uns auf die Oscars schauen, k\u00f6nnen wir uns einen Moment Zeit f\u00fcr einen der gr\u00f6\u00dften Namen der Nacht nehmen: Adrien Brody. Der Brutalist\" \/>\n<meta property=\"og:url\" content=\"https:\/\/www.strassenweb.de\/nachrichten\/adrien-brody-verwendet-einen-blauen-akzentstuhl-um-einen-der-glamouroessten-trends-von-2025-zu-perfektionieren-designer-sagen-dass-der-look-von-der-verschwenderischen-silber-screen-aera\/\" \/>\n<meta property=\"og:site_name\" content=\"Stra\u00dfenweb\" \/>\n<meta property=\"article:publisher\" content=\"https:\/\/www.facebook.com\/strassenweb\/\" \/>\n<meta property=\"article:published_time\" content=\"2025-03-02T14:44:57+00:00\" \/>\n<meta property=\"og:image\" content=\"https:\/\/www.strassenweb.de\/nachrichten\/wp-content\/uploads\/2025\/03\/Adrien-Brody-verwendet-einen-blauen-Akzentstuhl-um-einen-der-glamouroessten.jpg\" \/>\n\t<meta property=\"og:image:width\" content=\"1200\" \/>\n\t<meta property=\"og:image:height\" content=\"675\" \/>\n\t<meta property=\"og:image:type\" content=\"image\/jpeg\" \/>\n<meta name=\"author\" content=\"Robert Hoffmann\" \/>\n<meta name=\"twitter:card\" content=\"summary_large_image\" \/>\n<meta name=\"twitter:label1\" content=\"Verfasst von\" \/>\n\t<meta name=\"twitter:data1\" content=\"Robert Hoffmann\" \/>\n\t<meta name=\"twitter:label2\" content=\"Gesch\u00e4tzte Lesezeit\" \/>\n\t<meta name=\"twitter:data2\" content=\"3\u00a0Minuten\" \/>\n<script type=\"application\/ld+json\" class=\"yoast-schema-graph\">{\"@context\":\"https:\\\/\\\/schema.org\",\"@graph\":[{\"@type\":\"Article\",\"@id\":\"https:\\\/\\\/www.strassenweb.de\\\/nachrichten\\\/adrien-brody-verwendet-einen-blauen-akzentstuhl-um-einen-der-glamouroessten-trends-von-2025-zu-perfektionieren-designer-sagen-dass-der-look-von-der-verschwenderischen-silber-screen-aera\\\/#article\",\"isPartOf\":{\"@id\":\"https:\\\/\\\/www.strassenweb.de\\\/nachrichten\\\/adrien-brody-verwendet-einen-blauen-akzentstuhl-um-einen-der-glamouroessten-trends-von-2025-zu-perfektionieren-designer-sagen-dass-der-look-von-der-verschwenderischen-silber-screen-aera\\\/\"},\"author\":{\"name\":\"Robert Hoffmann\",\"@id\":\"https:\\\/\\\/www.strassenweb.de\\\/nachrichten\\\/#\\\/schema\\\/person\\\/87c9c9067f1211da429a744dc5a5aa41\"},\"headline\":\"Adrien Brody verwendet einen blauen Akzentstuhl, um einen der glamour\u00f6ssten Trends von 2025 zu perfektionieren. Designer sagen, dass der Look von der \u201everschwenderischen Silber -Screen -\u00c4ra\u201c beeinflusst wird.\",\"datePublished\":\"2025-03-02T14:44:57+00:00\",\"mainEntityOfPage\":{\"@id\":\"https:\\\/\\\/www.strassenweb.de\\\/nachrichten\\\/adrien-brody-verwendet-einen-blauen-akzentstuhl-um-einen-der-glamouroessten-trends-von-2025-zu-perfektionieren-designer-sagen-dass-der-look-von-der-verschwenderischen-silber-screen-aera\\\/\"},\"wordCount\":680,\"publisher\":{\"@id\":\"https:\\\/\\\/www.strassenweb.de\\\/nachrichten\\\/#organization\"},\"image\":{\"@id\":\"https:\\\/\\\/www.strassenweb.de\\\/nachrichten\\\/adrien-brody-verwendet-einen-blauen-akzentstuhl-um-einen-der-glamouroessten-trends-von-2025-zu-perfektionieren-designer-sagen-dass-der-look-von-der-verschwenderischen-silber-screen-aera\\\/#primaryimage\"},\"thumbnailUrl\":\"https:\\\/\\\/www.strassenweb.de\\\/nachrichten\\\/wp-content\\\/uploads\\\/2025\\\/03\\\/Adrien-Brody-verwendet-einen-blauen-Akzentstuhl-um-einen-der-glamouroessten.jpg\",\"keywords\":[\"Adrien\",\"Akzentstuhl\",\"\u00c4ra\",\"Beeinflusst\",\"blauen\",\"Brody\",\"dass\",\"der\",\"Designer\",\"einen\",\"glamour\u00f6ssten\",\"perfektionieren\",\"sagen\",\"Screen\",\"Silber\",\"Trends\",\"verschwenderischen\",\"verwendet\",\"von\",\"wird\"],\"articleSection\":[\"Haus &amp; Garten\"],\"inLanguage\":\"de\"},{\"@type\":\"WebPage\",\"@id\":\"https:\\\/\\\/www.strassenweb.de\\\/nachrichten\\\/adrien-brody-verwendet-einen-blauen-akzentstuhl-um-einen-der-glamouroessten-trends-von-2025-zu-perfektionieren-designer-sagen-dass-der-look-von-der-verschwenderischen-silber-screen-aera\\\/\",\"url\":\"https:\\\/\\\/www.strassenweb.de\\\/nachrichten\\\/adrien-brody-verwendet-einen-blauen-akzentstuhl-um-einen-der-glamouroessten-trends-von-2025-zu-perfektionieren-designer-sagen-dass-der-look-von-der-verschwenderischen-silber-screen-aera\\\/\",\"name\":\"Adrien Brody verwendet einen blauen Akzentstuhl, um einen der glamour\u00f6ssten Trends von 2025 zu perfektionieren. Designer sagen, dass der Look von der \u201everschwenderischen Silber -Screen -\u00c4ra\u201c beeinflusst wird. - Nachrichten - Stra\u00dfenweb\",\"isPartOf\":{\"@id\":\"https:\\\/\\\/www.strassenweb.de\\\/nachrichten\\\/#website\"},\"primaryImageOfPage\":{\"@id\":\"https:\\\/\\\/www.strassenweb.de\\\/nachrichten\\\/adrien-brody-verwendet-einen-blauen-akzentstuhl-um-einen-der-glamouroessten-trends-von-2025-zu-perfektionieren-designer-sagen-dass-der-look-von-der-verschwenderischen-silber-screen-aera\\\/#primaryimage\"},\"image\":{\"@id\":\"https:\\\/\\\/www.strassenweb.de\\\/nachrichten\\\/adrien-brody-verwendet-einen-blauen-akzentstuhl-um-einen-der-glamouroessten-trends-von-2025-zu-perfektionieren-designer-sagen-dass-der-look-von-der-verschwenderischen-silber-screen-aera\\\/#primaryimage\"},\"thumbnailUrl\":\"https:\\\/\\\/www.strassenweb.de\\\/nachrichten\\\/wp-content\\\/uploads\\\/2025\\\/03\\\/Adrien-Brody-verwendet-einen-blauen-Akzentstuhl-um-einen-der-glamouroessten.jpg\",\"datePublished\":\"2025-03-02T14:44:57+00:00\",\"breadcrumb\":{\"@id\":\"https:\\\/\\\/www.strassenweb.de\\\/nachrichten\\\/adrien-brody-verwendet-einen-blauen-akzentstuhl-um-einen-der-glamouroessten-trends-von-2025-zu-perfektionieren-designer-sagen-dass-der-look-von-der-verschwenderischen-silber-screen-aera\\\/#breadcrumb\"},\"inLanguage\":\"de\",\"potentialAction\":[{\"@type\":\"ReadAction\",\"target\":[\"https:\\\/\\\/www.strassenweb.de\\\/nachrichten\\\/adrien-brody-verwendet-einen-blauen-akzentstuhl-um-einen-der-glamouroessten-trends-von-2025-zu-perfektionieren-designer-sagen-dass-der-look-von-der-verschwenderischen-silber-screen-aera\\\/\"]}]},{\"@type\":\"ImageObject\",\"inLanguage\":\"de\",\"@id\":\"https:\\\/\\\/www.strassenweb.de\\\/nachrichten\\\/adrien-brody-verwendet-einen-blauen-akzentstuhl-um-einen-der-glamouroessten-trends-von-2025-zu-perfektionieren-designer-sagen-dass-der-look-von-der-verschwenderischen-silber-screen-aera\\\/#primaryimage\",\"url\":\"https:\\\/\\\/www.strassenweb.de\\\/nachrichten\\\/wp-content\\\/uploads\\\/2025\\\/03\\\/Adrien-Brody-verwendet-einen-blauen-Akzentstuhl-um-einen-der-glamouroessten.jpg\",\"contentUrl\":\"https:\\\/\\\/www.strassenweb.de\\\/nachrichten\\\/wp-content\\\/uploads\\\/2025\\\/03\\\/Adrien-Brody-verwendet-einen-blauen-Akzentstuhl-um-einen-der-glamouroessten.jpg\",\"width\":1200,\"height\":675,\"caption\":\"Adrien Brody verwendet einen blauen Akzentstuhl, um einen der glamour\u00f6ssten Trends von 2025 zu perfektionieren. Designer sagen, dass der Look von der \u201everschwenderischen Silber -Screen -\u00c4ra\u201c beeinflusst wird.\"},{\"@type\":\"BreadcrumbList\",\"@id\":\"https:\\\/\\\/www.strassenweb.de\\\/nachrichten\\\/adrien-brody-verwendet-einen-blauen-akzentstuhl-um-einen-der-glamouroessten-trends-von-2025-zu-perfektionieren-designer-sagen-dass-der-look-von-der-verschwenderischen-silber-screen-aera\\\/#breadcrumb\",\"itemListElement\":[{\"@type\":\"ListItem\",\"position\":1,\"name\":\"Home\",\"item\":\"https:\\\/\\\/www.strassenweb.de\\\/nachrichten\\\/\"},{\"@type\":\"ListItem\",\"position\":2,\"name\":\"Adrien Brody verwendet einen blauen Akzentstuhl, um einen der glamour\u00f6ssten Trends von 2025 zu perfektionieren. Designer sagen, dass der Look von der \u201everschwenderischen Silber -Screen -\u00c4ra\u201c beeinflusst wird.\"}]},{\"@type\":\"WebSite\",\"@id\":\"https:\\\/\\\/www.strassenweb.de\\\/nachrichten\\\/#website\",\"url\":\"https:\\\/\\\/www.strassenweb.de\\\/nachrichten\\\/\",\"name\":\"Stra\u00dfenweb\",\"description\":\"Stra\u00dfenverzeichnis f\u00fcr Deutschland\",\"publisher\":{\"@id\":\"https:\\\/\\\/www.strassenweb.de\\\/nachrichten\\\/#organization\"},\"potentialAction\":[{\"@type\":\"SearchAction\",\"target\":{\"@type\":\"EntryPoint\",\"urlTemplate\":\"https:\\\/\\\/www.strassenweb.de\\\/nachrichten\\\/?s={search_term_string}\"},\"query-input\":{\"@type\":\"PropertyValueSpecification\",\"valueRequired\":true,\"valueName\":\"search_term_string\"}}],\"inLanguage\":\"de\"},{\"@type\":\"Organization\",\"@id\":\"https:\\\/\\\/www.strassenweb.de\\\/nachrichten\\\/#organization\",\"name\":\"Stra\u00dfenweb\",\"url\":\"https:\\\/\\\/www.strassenweb.de\\\/nachrichten\\\/\",\"logo\":{\"@type\":\"ImageObject\",\"inLanguage\":\"de\",\"@id\":\"https:\\\/\\\/www.strassenweb.de\\\/nachrichten\\\/#\\\/schema\\\/logo\\\/image\\\/\",\"url\":\"https:\\\/\\\/www.strassenweb.de\\\/nachrichten\\\/wp-content\\\/uploads\\\/2024\\\/09\\\/cropped-favicon.png\",\"contentUrl\":\"https:\\\/\\\/www.strassenweb.de\\\/nachrichten\\\/wp-content\\\/uploads\\\/2024\\\/09\\\/cropped-favicon.png\",\"width\":512,\"height\":512,\"caption\":\"Stra\u00dfenweb\"},\"image\":{\"@id\":\"https:\\\/\\\/www.strassenweb.de\\\/nachrichten\\\/#\\\/schema\\\/logo\\\/image\\\/\"},\"sameAs\":[\"https:\\\/\\\/www.facebook.com\\\/strassenweb\\\/\"]},{\"@type\":\"Person\",\"@id\":\"https:\\\/\\\/www.strassenweb.de\\\/nachrichten\\\/#\\\/schema\\\/person\\\/87c9c9067f1211da429a744dc5a5aa41\",\"name\":\"Robert Hoffmann\",\"image\":{\"@type\":\"ImageObject\",\"inLanguage\":\"de\",\"@id\":\"https:\\\/\\\/www.strassenweb.de\\\/nachrichten\\\/wp-content\\\/uploads\\\/2024\\\/09\\\/strassenweb-150x150.jpg\",\"url\":\"https:\\\/\\\/www.strassenweb.de\\\/nachrichten\\\/wp-content\\\/uploads\\\/2024\\\/09\\\/strassenweb-150x150.jpg\",\"contentUrl\":\"https:\\\/\\\/www.strassenweb.de\\\/nachrichten\\\/wp-content\\\/uploads\\\/2024\\\/09\\\/strassenweb-150x150.jpg\",\"caption\":\"Robert Hoffmann\"},\"description\":\"Ich hei\u00dfe Robert Hoffmann und ich bin ein leidenschaftlicher Verfechter von \u00d6kologie und Biodiversit\u00e4t. Seit meiner Kindheit in den W\u00e4ldern Bayerns f\u00fchle ich mich mit der Natur verbunden und bin entschlossen, sie zu sch\u00fctzen. Heute widme ich mein Leben der Sensibilisierung anderer f\u00fcr die Bedeutung des Umweltschutzes f\u00fcr zuk\u00fcnftige Generationen.\",\"sameAs\":[\"https:\\\/\\\/www.strassenweb.de\\\/\"]}]}<\/script>\n<!-- \/ Yoast SEO plugin. -->","yoast_head_json":{"title":"Adrien Brody verwendet einen blauen Akzentstuhl, um einen der glamour\u00f6ssten Trends von 2025 zu perfektionieren. Designer sagen, dass der Look von der \u201everschwenderischen Silber -Screen -\u00c4ra\u201c beeinflusst wird. - Nachrichten - Stra\u00dfenweb","robots":{"index":"index","follow":"follow","max-snippet":"max-snippet:-1","max-image-preview":"max-image-preview:large","max-video-preview":"max-video-preview:-1"},"canonical":"https:\/\/www.strassenweb.de\/nachrichten\/adrien-brody-verwendet-einen-blauen-akzentstuhl-um-einen-der-glamouroessten-trends-von-2025-zu-perfektionieren-designer-sagen-dass-der-look-von-der-verschwenderischen-silber-screen-aera\/","og_locale":"de_DE","og_type":"article","og_title":"Adrien Brody verwendet einen blauen Akzentstuhl, um einen der glamour\u00f6ssten Trends von 2025 zu perfektionieren. Designer sagen, dass der Look von der \u201everschwenderischen Silber -Screen -\u00c4ra\u201c beeinflusst wird. - Nachrichten - Stra\u00dfenweb","og_description":"Wenn wir uns auf die Oscars schauen, k\u00f6nnen wir uns einen Moment Zeit f\u00fcr einen der gr\u00f6\u00dften Namen der Nacht nehmen: Adrien Brody. Der Brutalist","og_url":"https:\/\/www.strassenweb.de\/nachrichten\/adrien-brody-verwendet-einen-blauen-akzentstuhl-um-einen-der-glamouroessten-trends-von-2025-zu-perfektionieren-designer-sagen-dass-der-look-von-der-verschwenderischen-silber-screen-aera\/","og_site_name":"Stra\u00dfenweb","article_publisher":"https:\/\/www.facebook.com\/strassenweb\/","article_published_time":"2025-03-02T14:44:57+00:00","og_image":[{"width":1200,"height":675,"url":"https:\/\/www.strassenweb.de\/nachrichten\/wp-content\/uploads\/2025\/03\/Adrien-Brody-verwendet-einen-blauen-Akzentstuhl-um-einen-der-glamouroessten.jpg","type":"image\/jpeg"}],"author":"Robert Hoffmann","twitter_card":"summary_large_image","twitter_misc":{"Verfasst von":"Robert Hoffmann","Gesch\u00e4tzte Lesezeit":"3\u00a0Minuten"},"schema":{"@context":"https:\/\/schema.org","@graph":[{"@type":"Article","@id":"https:\/\/www.strassenweb.de\/nachrichten\/adrien-brody-verwendet-einen-blauen-akzentstuhl-um-einen-der-glamouroessten-trends-von-2025-zu-perfektionieren-designer-sagen-dass-der-look-von-der-verschwenderischen-silber-screen-aera\/#article","isPartOf":{"@id":"https:\/\/www.strassenweb.de\/nachrichten\/adrien-brody-verwendet-einen-blauen-akzentstuhl-um-einen-der-glamouroessten-trends-von-2025-zu-perfektionieren-designer-sagen-dass-der-look-von-der-verschwenderischen-silber-screen-aera\/"},"author":{"name":"Robert Hoffmann","@id":"https:\/\/www.strassenweb.de\/nachrichten\/#\/schema\/person\/87c9c9067f1211da429a744dc5a5aa41"},"headline":"Adrien Brody verwendet einen blauen Akzentstuhl, um einen der glamour\u00f6ssten Trends von 2025 zu perfektionieren. Designer sagen, dass der Look von der \u201everschwenderischen Silber -Screen -\u00c4ra\u201c beeinflusst wird.","datePublished":"2025-03-02T14:44:57+00:00","mainEntityOfPage":{"@id":"https:\/\/www.strassenweb.de\/nachrichten\/adrien-brody-verwendet-einen-blauen-akzentstuhl-um-einen-der-glamouroessten-trends-von-2025-zu-perfektionieren-designer-sagen-dass-der-look-von-der-verschwenderischen-silber-screen-aera\/"},"wordCount":680,"publisher":{"@id":"https:\/\/www.strassenweb.de\/nachrichten\/#organization"},"image":{"@id":"https:\/\/www.strassenweb.de\/nachrichten\/adrien-brody-verwendet-einen-blauen-akzentstuhl-um-einen-der-glamouroessten-trends-von-2025-zu-perfektionieren-designer-sagen-dass-der-look-von-der-verschwenderischen-silber-screen-aera\/#primaryimage"},"thumbnailUrl":"https:\/\/www.strassenweb.de\/nachrichten\/wp-content\/uploads\/2025\/03\/Adrien-Brody-verwendet-einen-blauen-Akzentstuhl-um-einen-der-glamouroessten.jpg","keywords":["Adrien","Akzentstuhl","\u00c4ra","Beeinflusst","blauen","Brody","dass","der","Designer","einen","glamour\u00f6ssten","perfektionieren","sagen","Screen","Silber","Trends","verschwenderischen","verwendet","von","wird"],"articleSection":["Haus &amp; Garten"],"inLanguage":"de"},{"@type":"WebPage","@id":"https:\/\/www.strassenweb.de\/nachrichten\/adrien-brody-verwendet-einen-blauen-akzentstuhl-um-einen-der-glamouroessten-trends-von-2025-zu-perfektionieren-designer-sagen-dass-der-look-von-der-verschwenderischen-silber-screen-aera\/","url":"https:\/\/www.strassenweb.de\/nachrichten\/adrien-brody-verwendet-einen-blauen-akzentstuhl-um-einen-der-glamouroessten-trends-von-2025-zu-perfektionieren-designer-sagen-dass-der-look-von-der-verschwenderischen-silber-screen-aera\/","name":"Adrien Brody verwendet einen blauen Akzentstuhl, um einen der glamour\u00f6ssten Trends von 2025 zu perfektionieren. Designer sagen, dass der Look von der \u201everschwenderischen Silber -Screen -\u00c4ra\u201c beeinflusst wird. - Nachrichten - Stra\u00dfenweb","isPartOf":{"@id":"https:\/\/www.strassenweb.de\/nachrichten\/#website"},"primaryImageOfPage":{"@id":"https:\/\/www.strassenweb.de\/nachrichten\/adrien-brody-verwendet-einen-blauen-akzentstuhl-um-einen-der-glamouroessten-trends-von-2025-zu-perfektionieren-designer-sagen-dass-der-look-von-der-verschwenderischen-silber-screen-aera\/#primaryimage"},"image":{"@id":"https:\/\/www.strassenweb.de\/nachrichten\/adrien-brody-verwendet-einen-blauen-akzentstuhl-um-einen-der-glamouroessten-trends-von-2025-zu-perfektionieren-designer-sagen-dass-der-look-von-der-verschwenderischen-silber-screen-aera\/#primaryimage"},"thumbnailUrl":"https:\/\/www.strassenweb.de\/nachrichten\/wp-content\/uploads\/2025\/03\/Adrien-Brody-verwendet-einen-blauen-Akzentstuhl-um-einen-der-glamouroessten.jpg","datePublished":"2025-03-02T14:44:57+00:00","breadcrumb":{"@id":"https:\/\/www.strassenweb.de\/nachrichten\/adrien-brody-verwendet-einen-blauen-akzentstuhl-um-einen-der-glamouroessten-trends-von-2025-zu-perfektionieren-designer-sagen-dass-der-look-von-der-verschwenderischen-silber-screen-aera\/#breadcrumb"},"inLanguage":"de","potentialAction":[{"@type":"ReadAction","target":["https:\/\/www.strassenweb.de\/nachrichten\/adrien-brody-verwendet-einen-blauen-akzentstuhl-um-einen-der-glamouroessten-trends-von-2025-zu-perfektionieren-designer-sagen-dass-der-look-von-der-verschwenderischen-silber-screen-aera\/"]}]},{"@type":"ImageObject","inLanguage":"de","@id":"https:\/\/www.strassenweb.de\/nachrichten\/adrien-brody-verwendet-einen-blauen-akzentstuhl-um-einen-der-glamouroessten-trends-von-2025-zu-perfektionieren-designer-sagen-dass-der-look-von-der-verschwenderischen-silber-screen-aera\/#primaryimage","url":"https:\/\/www.strassenweb.de\/nachrichten\/wp-content\/uploads\/2025\/03\/Adrien-Brody-verwendet-einen-blauen-Akzentstuhl-um-einen-der-glamouroessten.jpg","contentUrl":"https:\/\/www.strassenweb.de\/nachrichten\/wp-content\/uploads\/2025\/03\/Adrien-Brody-verwendet-einen-blauen-Akzentstuhl-um-einen-der-glamouroessten.jpg","width":1200,"height":675,"caption":"Adrien Brody verwendet einen blauen Akzentstuhl, um einen der glamour\u00f6ssten Trends von 2025 zu perfektionieren. Designer sagen, dass der Look von der \u201everschwenderischen Silber -Screen -\u00c4ra\u201c beeinflusst wird."},{"@type":"BreadcrumbList","@id":"https:\/\/www.strassenweb.de\/nachrichten\/adrien-brody-verwendet-einen-blauen-akzentstuhl-um-einen-der-glamouroessten-trends-von-2025-zu-perfektionieren-designer-sagen-dass-der-look-von-der-verschwenderischen-silber-screen-aera\/#breadcrumb","itemListElement":[{"@type":"ListItem","position":1,"name":"Home","item":"https:\/\/www.strassenweb.de\/nachrichten\/"},{"@type":"ListItem","position":2,"name":"Adrien Brody verwendet einen blauen Akzentstuhl, um einen der glamour\u00f6ssten Trends von 2025 zu perfektionieren. Designer sagen, dass der Look von der \u201everschwenderischen Silber -Screen -\u00c4ra\u201c beeinflusst wird."}]},{"@type":"WebSite","@id":"https:\/\/www.strassenweb.de\/nachrichten\/#website","url":"https:\/\/www.strassenweb.de\/nachrichten\/","name":"Stra\u00dfenweb","description":"Stra\u00dfenverzeichnis f\u00fcr Deutschland","publisher":{"@id":"https:\/\/www.strassenweb.de\/nachrichten\/#organization"},"potentialAction":[{"@type":"SearchAction","target":{"@type":"EntryPoint","urlTemplate":"https:\/\/www.strassenweb.de\/nachrichten\/?s={search_term_string}"},"query-input":{"@type":"PropertyValueSpecification","valueRequired":true,"valueName":"search_term_string"}}],"inLanguage":"de"},{"@type":"Organization","@id":"https:\/\/www.strassenweb.de\/nachrichten\/#organization","name":"Stra\u00dfenweb","url":"https:\/\/www.strassenweb.de\/nachrichten\/","logo":{"@type":"ImageObject","inLanguage":"de","@id":"https:\/\/www.strassenweb.de\/nachrichten\/#\/schema\/logo\/image\/","url":"https:\/\/www.strassenweb.de\/nachrichten\/wp-content\/uploads\/2024\/09\/cropped-favicon.png","contentUrl":"https:\/\/www.strassenweb.de\/nachrichten\/wp-content\/uploads\/2024\/09\/cropped-favicon.png","width":512,"height":512,"caption":"Stra\u00dfenweb"},"image":{"@id":"https:\/\/www.strassenweb.de\/nachrichten\/#\/schema\/logo\/image\/"},"sameAs":["https:\/\/www.facebook.com\/strassenweb\/"]},{"@type":"Person","@id":"https:\/\/www.strassenweb.de\/nachrichten\/#\/schema\/person\/87c9c9067f1211da429a744dc5a5aa41","name":"Robert Hoffmann","image":{"@type":"ImageObject","inLanguage":"de","@id":"https:\/\/www.strassenweb.de\/nachrichten\/wp-content\/uploads\/2024\/09\/strassenweb-150x150.jpg","url":"https:\/\/www.strassenweb.de\/nachrichten\/wp-content\/uploads\/2024\/09\/strassenweb-150x150.jpg","contentUrl":"https:\/\/www.strassenweb.de\/nachrichten\/wp-content\/uploads\/2024\/09\/strassenweb-150x150.jpg","caption":"Robert Hoffmann"},"description":"Ich hei\u00dfe Robert Hoffmann und ich bin ein leidenschaftlicher Verfechter von \u00d6kologie und Biodiversit\u00e4t. Seit meiner Kindheit in den W\u00e4ldern Bayerns f\u00fchle ich mich mit der Natur verbunden und bin entschlossen, sie zu sch\u00fctzen. Heute widme ich mein Leben der Sensibilisierung anderer f\u00fcr die Bedeutung des Umweltschutzes f\u00fcr zuk\u00fcnftige Generationen.","sameAs":["https:\/\/www.strassenweb.de\/"]}]}},"_links":{"self":[{"href":"https:\/\/www.strassenweb.de\/nachrichten\/wp-json\/wp\/v2\/posts\/3625","targetHints":{"allow":["GET"]}}],"collection":[{"href":"https:\/\/www.strassenweb.de\/nachrichten\/wp-json\/wp\/v2\/posts"}],"about":[{"href":"https:\/\/www.strassenweb.de\/nachrichten\/wp-json\/wp\/v2\/types\/post"}],"author":[{"embeddable":true,"href":"https:\/\/www.strassenweb.de\/nachrichten\/wp-json\/wp\/v2\/users\/1"}],"replies":[{"embeddable":true,"href":"https:\/\/www.strassenweb.de\/nachrichten\/wp-json\/wp\/v2\/comments?post=3625"}],"version-history":[{"count":0,"href":"https:\/\/www.strassenweb.de\/nachrichten\/wp-json\/wp\/v2\/posts\/3625\/revisions"}],"wp:featuredmedia":[{"embeddable":true,"href":"https:\/\/www.strassenweb.de\/nachrichten\/wp-json\/wp\/v2\/media\/3626"}],"wp:attachment":[{"href":"https:\/\/www.strassenweb.de\/nachrichten\/wp-json\/wp\/v2\/media?parent=3625"}],"wp:term":[{"taxonomy":"category","embeddable":true,"href":"https:\/\/www.strassenweb.de\/nachrichten\/wp-json\/wp\/v2\/categories?post=3625"},{"taxonomy":"post_tag","embeddable":true,"href":"https:\/\/www.strassenweb.de\/nachrichten\/wp-json\/wp\/v2\/tags?post=3625"}],"curies":[{"name":"wp","href":"https:\/\/api.w.org\/{rel}","templated":true}]}}