{"id":3622,"date":"2025-03-02T11:39:20","date_gmt":"2025-03-02T10:39:20","guid":{"rendered":"https:\/\/www.strassenweb.de\/nachrichten\/6-pflanzen-die-im-fruehling-beschnitten-werden-koennen-schneiden-sie-diese-straeucher-und-stauden-zum-richtigen-zeitpunkt-im-jahr-2025-fuer-brillante-grenzen-in-diesem-jahr-zurueck\/"},"modified":"2025-03-02T11:39:20","modified_gmt":"2025-03-02T10:39:20","slug":"6-pflanzen-die-im-fruehling-beschnitten-werden-koennen-schneiden-sie-diese-straeucher-und-stauden-zum-richtigen-zeitpunkt-im-jahr-2025-fuer-brillante-grenzen-in-diesem-jahr-zurueck","status":"publish","type":"post","link":"https:\/\/www.strassenweb.de\/nachrichten\/6-pflanzen-die-im-fruehling-beschnitten-werden-koennen-schneiden-sie-diese-straeucher-und-stauden-zum-richtigen-zeitpunkt-im-jahr-2025-fuer-brillante-grenzen-in-diesem-jahr-zurueck\/","title":{"rendered":"6 Pflanzen, die im Fr\u00fchling beschnitten werden k\u00f6nnen &#8211; schneiden Sie diese Str\u00e4ucher und Stauden zum richtigen Zeitpunkt im Jahr 2025 f\u00fcr brillante Grenzen in diesem Jahr zur\u00fcck"},"content":{"rendered":"<p><\/p>\n<div id=\"article-body\" class=\"article__body \">\n<p>Der Fr\u00fchling ist der perfekte Zeitpunkt, um die \u00c4rmel hochzukrempeln und im Hof \u200b\u200bzur Arbeit zu gehen. Mit l\u00e4ngeren Tagen und steigenden Temperaturen steigen die Pflanzen in das Leben. Als ehemaliger G\u00e4rtner genie\u00dfe ich diese saisonale Verschiebung immer und beobachte, wie sich die Bl\u00e4tter entfaltet und Gl\u00fchbirnen nach monatelangem kaltem und dunklem Winterwetter bl\u00fchen.<\/p>\n<div id=\"ad-unit-1\" class=\"ad-unit\"><\/div>\n<p>Es ist nicht nur befriedigend, Ihre Werkzeuge abzuwischen und Ihrem Garten einen dringend ben\u00f6tigten Aufr\u00e4umen zu geben, sondern f\u00fcr die Gesundheit der Pflanzen. Doch w\u00e4hrend Sie vielleicht darauf bedacht sind, zu hacken, sollte nicht alles in Ihrem Garten zu dieser Jahreszeit beschnitten werden. Es ist entscheidend, zu wissen, was zu schneiden ist und was nicht im Fr\u00fchling zu schneiden ist. Schlie\u00dflich m\u00f6chten Sie nicht versehentlich einen Lila oder Forsythia kurz vor seiner Show-Aufstellung aussch\u00fctteln, oder?<\/p>\n<p>Nehmen Sie sich also einen Moment Zeit, um Ihre Hofarbeit f\u00fcr die Saison zu planen, bevor Sie nach den Beschneidungsscheren greifen. Einige Pflanzen gedeihen mit einem Fr\u00fchlingsabschnitt, w\u00e4hrend andere bis sp\u00e4ter im Jahr am besten \u00fcbrig bleiben. Hier untersuche ich sechs Gruppen von Pflanzen, die in dieser Saison auf Ihrer To-Do-Liste stehen sollten, und enth\u00fclle einige der Tools, die mir im Jahr 2025 bei meinen Gartenaufgaben helfen werden.<\/p>\n<div id=\"desktop-in-article\" class=\"in-article ad-unit\">\n<div id=\"desktop-taboola-mid-article\"><\/div>\n<\/div>\n<div id=\"mobile-in-article\" class=\"in-article ad-unit\">\n<div id=\"mobile-taboola-mid-article\"><\/div>\n<\/div>\n<figure class=\"van-image-figure inline-layout \" data-bordeaux-image-check>\n<div class=\"image-full-width-wrapper\">\n<div class=\"image-widthsetter\" style=\"max-width:2400px;\"><\/div>\n<\/div>\n<\/figure>\n<h2 id=\"6-plants-to-prune-in-spring-3\">6 Pflanzen, die im Fr\u00fchjahr beschnitten werden k\u00f6nnen<\/h2>\n<aside class=\"hawk-nest\" data-block-type=\"embed\" data-render-type=\"fte\" data-skip=\"dealsy\" data-widget-type=\"seasonal\">\n<div class=\"hawk-master-widget-hawk-base-wrapper\"><\/div>\n<\/aside>\n<p>Bevor Sie mit dem Beschneiden beginnen, ist es eine gute Idee zu lernen, wie man Gartenwerkzeuge reinigt. Geben Sie mit warmem Seifenwasser Ihren Schnittscheren und Secateurs eine gr\u00fcndliche Sp\u00fclung. Sch\u00e4rfen Sie die Stahlbl\u00e4tter und \u00d6l alle Holzgriffe, um das Beschneiden weitaus zu erleichtern und die Langlebigkeit Ihrer Lieblingswerkzeuge zu erh\u00f6hen.<\/p>\n<div class=\"van_vid_carousel\">\n<div class=\"van_vid_carousel__padding\">\n<div class=\"van_vid_carousel__container\"><\/div>\n<\/div>\n<\/div>\n<p>Wenn Sie ein wenig Zeit mit Reinigung und Sch\u00e4rfen verbringen, wird es dazu beitragen, Fehler zu vermeiden, wie z. B. gezackte Schnitte, die Sch\u00e4dlinge und Krankheiten einladen. Sobald Sie fertig sind, finden Sie hier sechs Pflanzen, die Sie im Fr\u00fchjahr mit Ihren sauberen, scharfen Werkzeugen beschneiden k\u00f6nnen.<\/p>\n<div id=\"ad-unit-2\" class=\"ad-unit\"><\/div>\n<h3 class=\"article-body__section\" id=\"section-1-winter-flowering-shrubs\"><span>1. Winterbl\u00fctenstr\u00e4ucher<\/span><\/h3>\n<figure class=\"van-image-figure inline-layout \" data-bordeaux-image-check>\n<div class=\"image-full-width-wrapper\">\n<div class=\"image-widthsetter\" style=\"max-width:2400px;\"><\/div>\n<\/div>\n<\/figure>\n<p>Viele winterbl\u00fchende Str\u00e4ucher profitieren vom Beschneiden, kurz nachdem ihre Blumen f\u00fcr das Jahr verblasst sind. Gute Beispiele f\u00fcr winterbl\u00fchende Str\u00e4ucher, die im Fr\u00fchling beschnitten werden k\u00f6nnen, sind Mahonia, Hexen Hasel und Camellien.<\/p>\n<p>Das Schneiden dieser Str\u00e4ucher nach der Bl\u00fcte gibt viel Zeit f\u00fcr das Wachstum, um sich im Fr\u00fchjahr und Sommer zu entwickeln, und dieses neue Wachstum wird die Blumen des n\u00e4chsten Jahres tragen.<\/p>\n<p>W\u00e4hrend das genaue Timing von Ihrem Klima und der US-amerikanischen Hardinit\u00e4tszone abh\u00e4ngt, werden die meisten Winterbl\u00fctenstr\u00e4ucher bis M\u00e4rz und April bl\u00fchen, obwohl in k\u00e4lteren Regionen einige Hexenhaseln und Mahonia-Pflanzen bis Mai weiter bl\u00fchen k\u00f6nnen. Sie werden wissen, wann die Zeit richtig ist, indem Sie die Pflanzen \u00fcberwachen und darauf warten, dass die endg\u00fcltige Blume f\u00e4llt.<\/p>\n<p>Beginnen Sie zun\u00e4chst tote, erkrankte und besch\u00e4digte St\u00e4ngel. Bei dickeren Zweigen ist dies einfacher, wenn eine scharfe Beschneidungss\u00e4ge auf ein gesundes Gelenk f\u00e4llt. Probieren Sie diese Fiskars -Schnitts\u00e4ge, die bei Amazon erh\u00e4ltlich ist und f\u00fcr einfache und sichere Transport- und Speicherlagerung faltbar ist.<\/p>\n<p>Entfernen Sie jedes Jahr nur ein kleines Wachstum, um Str\u00e4ucher und B\u00e4ume in ordentlicher und kompakter Form zu halten, obwohl Sie f\u00fcr langsamere Z\u00fcchter wie Hexenhazel -Pflanzen, wenn \u00fcberhaupt, nicht erheblich beschneiden m\u00fcssen.<\/p>\n<div class=\"product-container hero-product-container product-block-no-wrap\"><\/div>\n<h3 class=\"article-body__section\" id=\"section-2-summer-flowering-shrubs\"><span>2. Sommerbl\u00fctenstr\u00e4ucher<\/span><\/h3>\n<figure class=\"van-image-figure inline-layout \" data-bordeaux-image-check>\n<div class=\"image-full-width-wrapper\">\n<div class=\"image-widthsetter\" style=\"max-width:2000px;\"><\/div>\n<\/div>\n<\/figure>\n<p>Str\u00e4ucher, die im Sommer bl\u00fchen, bl\u00fchen normalerweise beim neuen Saisonwachstum, was bedeutet, dass sie im fr\u00fchen Fr\u00fchling &#8211; normalerweise um M\u00e4rz oder April &#8211; beschnitten werden k\u00f6nnen, ohne die diesj\u00e4hrigen Bl\u00fcten zu beeinflussen.<\/p>\n<p>Zu den Sommerbl\u00fctenstr\u00e4uchern, die im Fr\u00fchling geschnitten werden sollten, geh\u00f6ren Schmetterlingsbusch, Hardy Fuchsias, Spirea, Russian Sage, Hibiscus und Crepe Myrtle. Kr\u00e4ftige Erzeuger wie der Schmetterlingsbusch und Hibiskus profitieren zu diesem Zeitpunkt von der Beschneidung, um ihre Gewohnheit kompakt zu halten. Daher ist es wichtig, diese zu Ihrer Liste von Pflanzen zum Beschneiden im M\u00e4rz hinzuzuf\u00fcgen.<\/p>\n<p>Das Beschneiden im Fr\u00fchling, kurz bevor der Strauch wieder aktiv w\u00e4chst, verleiht der Pflanze viel Zeit, um ein starkes und gesundes neues Wachstum zu entwickeln. W\u00e4hrend es sich grausam anf\u00fchlt, viel Gr\u00fcn zu entfernen, erholen sich Ihre Pflanzen schnell und produzieren viel neues Wachstum, w\u00e4hrend die Fr\u00fchlingsrollen eingeschaltet sind.<\/p>\n<p>Beim Beschneiden kann es helfen, einen starken Gartenabfallsack zu haben, wie dieses 48-Gallonen-Modell, das von QVC erh\u00e4ltlich ist und zum Sammeln von Gartenausschnitten verwendet werden kann. Sobald Sie fertig sind, k\u00f6nnen Sie den Inhalt auf Ihrem Komposthaufen leeren.<\/p>\n<h3 class=\"article-body__section\" id=\"section-3-tender-shrubs\"><span>3. Tender Str\u00e4ucher<\/span><\/h3>\n<figure class=\"van-image-figure inline-layout \" data-bordeaux-image-check>\n<div class=\"image-full-width-wrapper\">\n<div class=\"image-widthsetter\" style=\"max-width:2400px;\"><\/div>\n<\/div>\n<\/figure>\n<p>Einige zarte Str\u00e4ucher, einschlie\u00dflich mediterraner Kr\u00e4uter, profitieren im Fr\u00fchjahr von einer leichten Pflaume, um das buschigere Wachstum zu f\u00f6rdern und zu verhindern, dass sie zu holz oder zu schr\u00e4g werden. W\u00e4hrend sie duftend bleiben, haben Holzlavendelpflanzen nicht die gleiche Anziehungskraft wie buschige, kompakte aromatische Kr\u00e4uter, so dass das rechtzeitige Beschneiden wichtig ist.<\/p>\n<p>Sobald die Frosts abgeschlossen sind und die milderen Fr\u00fchlingstemperaturen ankommen, werden zarte Str\u00e4ucher wie Cistus, Lavendel, Rosmarin, Myrtle und Santolina von ein wenig Aufmerksamkeit profitieren. In coolen Regionen, einschlie\u00dflich der US -amerikanischen Hardiness Zone 5, warnte ich G\u00e4rtner, bis sp\u00e4ter im Fr\u00fchjahr darauf zu warten, da ein sp\u00e4tkalter Schnappschuss oder Frost die Gefahr f\u00fcr k\u00fcrzlich beschnittene Tender Str\u00e4ucher bedeuten k\u00f6nnte.<\/p>\n<h3 class=\"article-body__section\" id=\"section-4-herbaceous-perennials-left-over-winter\"><span>4. Kr\u00e4uterige Stauden \u00fcbrig im Winter \u00fcbrig<\/span><\/h3>\n<figure class=\"van-image-figure inline-layout \" data-bordeaux-image-check>\n<div class=\"image-full-width-wrapper\">\n<div class=\"image-widthsetter\" style=\"max-width:2400px;\"><\/div>\n<\/div>\n<\/figure>\n<p>Viele G\u00e4rtner lassen die Stauden im Winter im Hintergrund, um Schutz f\u00fcr wild lebende Tiere zu bieten und dem Garten strukturelles Interesse zu verleihen. Die Bl\u00e4tter, St\u00e4ngel und getrocknete Samenk\u00f6pfe k\u00f6nnen viele Insekten und V\u00f6gel als Teil eines Wildtiergartens Lebensraum und Lebensmittel verleihen, und sie sehen auch im Winter Sonnenschein beeindruckend aus.<\/p>\n<p>Kr\u00e4uterne Stauden, einschlie\u00dflich Astern, Schwarz\u00e4ugigen, Hardy-Geranien und Penstemons k\u00f6nnen \u00fcber den Winter \u00fcbrig bleiben, obwohl es im fr\u00fchen Fr\u00fchling Zeit ist, alte St\u00e4ngel zu entfernen, um Platz f\u00fcr neues Wachstum zu machen.<\/p>\n<p>Zum Beispiel k\u00f6nnen der einheimische Blazing -Stern oder die Liatris \u00fcber den Winter \u00fcbrig werden, um den Garten zu beeintr\u00e4chtigen und das Interesse zu verleihen. Bis M\u00e4rz ist es jedoch an der Zeit, den Blazing -Stern zu beschneiden, der bereit ist, dass neue basale Triebe als Mercury steigt. Es ist daher wichtig, dass Sie Ihre Checkliste f\u00fcr die Checkliste f\u00fcr die Checkliste f\u00fcr die Checkliste f\u00fcr die Fr\u00fchlingsg\u00e4rtnerei hinzuf\u00fcgen.<\/p>\n<p>Wenn Sie dieses Jahr unbedingt in neue japanische Gartenwerkzeuge investieren m\u00f6chten, haben Sie dann als Schnell -Sichel nachgedacht? Vor vielen Jahren, als ich im l\u00e4ndlichen Wales arbeitete, wurde mir gezeigt, wie man Sickles benutzt, wenn man im fr\u00fchen Fr\u00fchling Stauden zur\u00fcckgreift. Mit einer scharfen, oft gebogenen Klinge k\u00f6nnen Sie leicht durch Stiele schneiden und schnell den Schneidvorgang beschleunigen. Probieren Sie diesen Keann Garden Sickle, der bei Amazon erh\u00e4ltlich ist.<\/p>\n<h3 class=\"article-body__section\" id=\"section-5-deciduous-grasses\"><span>5. Laubgr\u00e4ser<\/span><\/h3>\n<figure class=\"van-image-figure inline-layout \" data-bordeaux-image-check>\n<div class=\"image-full-width-wrapper\">\n<div class=\"image-widthsetter\" style=\"max-width:2400px;\"><\/div>\n<\/div>\n<\/figure>\n<p>Laubfeuchtigkeitsgr\u00e4ser sollten \u00fcber den Winter \u00fcbrig bleiben, um selbst w\u00e4hrend dieser kalten und dunklen Tage im Dezember und Januar Interesse zu gew\u00e4hrleisten. Einige der besten einheimischen Gr\u00e4ser, einschlie\u00dflich Little Bluestem, oder <em>Schizachyrium Scoparium<\/em>und kalifornischer Schwingel, oder <em>Festuca Californica<\/em>sollte stehen bleiben, zumal die Samenk\u00f6pfe f\u00fcr wild lebende Tiere vorteilhaft sind.<\/p>\n<p>Im Fr\u00fchling m\u00fcssen sie jedoch zur\u00fcckgeschnitten werden, damit ein frisches Wachstum ungehindert auftritt. Sie m\u00f6chten dies nach dem Risiko von Frosts tun, aber bevor die neuen Triebe aus der Basis auftauchen. Sammeln Sie einfach die St\u00e4ngel zusammen und schneiden Sie sie auf etwa 6 bis 12 Zoll von der Basis entfernt.<\/p>\n<p>Sobald Sie Ihr Grasbeschnitten abgeschlossen haben, ist es eine gute Idee, um die Basis Ihrer Ziergr\u00e4ser herum zu mulch, um ihnen einen Schub f\u00fcr die bevorstehende Vegetationsperiode zu verleihen. Jeder Mulch wird die Wasserretention in den warmen Sommermonaten verbessern. Probieren Sie diesen Kiefernrindenmulch, der bei Walmart erh\u00e4ltlich ist.<\/p>\n<h3 class=\"article-body__section\" id=\"section-6-shrubs-with-colorful-winter-stems\"><span>6. Str\u00e4ucher mit farbenfrohen Winterstielen<\/span><\/h3>\n<figure class=\"van-image-figure inline-layout \" data-bordeaux-image-check>\n<div class=\"image-full-width-wrapper\">\n<div class=\"image-widthsetter\" style=\"max-width:2400px;\"><\/div>\n<\/div>\n<\/figure>\n<p>Wenn Sie Str\u00e4ucher anbauen, die f\u00fcr ihre farbenfrohen Winterst\u00e4ngel wie Hartrogen und Weiden gesch\u00e4tzt werden, ist der fr\u00fche Fr\u00fchling an der Zeit, zu beschneiden. Diese Pflanzen entwickeln ihre hellste Farbe f\u00fcr das neue Wachstum. Daher f\u00f6rdert das Zur\u00fcckschneiden jedes Jahr die auff\u00e4lligste Ausstellung. Die Schnittzeiten h\u00e4ngen davon ab, wo Sie wohnen, aber normalerweise, Februar oder M\u00e4rz, ist ein guter Zeitpunkt, um dies zu tun.<\/p>\n<p>Wenn Sie lernen, wie man rote Zweighultholz beschnitten, folgen Sie der ein Drittel-Schnittregel, entfernen Sie nicht mehr als 30% der \u00e4ltesten St\u00e4ngel und schneiden Sie sie auf die Basis der Pflanze. Dies wird neue Dreharbeiten dazu ermutigen, w\u00e4hrend der Vegetationsperiode zu entstehen. Weiden k\u00f6nnen noch h\u00e4rter zur\u00fcckgeschnitten werden, und einige G\u00e4rtner entscheiden sich f\u00fcr Coppicing, was das gesamte Wachstum in der gesamten Fr\u00fchling zur\u00fcck auf den nahezu Bodenniveau senkte.<\/p>\n<p>Wenn Sie basales Wachstum oder Coppicing beschneiden, lohnt es sich, in ein extra dickes Gartenknien zu investieren, das von Walmart erh\u00e4ltlich ist und die Arbeit auf den Knien deutlich wohler macht.<\/p>\n<h3 class=\"article-body__section\" id=\"section-faqs\"><span>FAQs<\/span><\/h3>\n<h2 id=\"should-you-prune-roses-in-spring-3\">Sollten Sie Rosen im Fr\u00fchling beschneiden? <\/h2>\n<p>Ja, einige Rosenarten sind Pflanzen, die im Fr\u00fchling beschnitten werden k\u00f6nnen, obwohl dies nicht f\u00fcr alle Sorten gilt. Daher ist es am besten, Ihre Recherchen vor dem Hacken durchzuf\u00fchren, um zu vermeiden, dass Rosenbeschneidungsfehler gestellt werden. Strauch- oder Buschrosen k\u00f6nnen im Fr\u00fchling zur\u00fcckgeschnitten werden, w\u00e4hrend im Sommer streife Rosen geschnitten werden sollten und im Winter die Kletterrosen in der Regel beschnitten werden. \u00dcberpr\u00fcfen Sie, welche Rosensorten Sie wachsen lassen, und lesen Sie den richtigen Beschneidungsansatz im Freien im Freien.<\/p>\n<hr>\n<p>Bei der Vorbereitung eines Gartens f\u00fcr den Fr\u00fchling kann das Abschneiden und Beschneiden dazu beitragen, Platz f\u00fcr ein neues Wachstum zu machen. M\u00f6glicherweise planen Sie auch, Ihren Grenzen neue Arten hinzuzuf\u00fcgen, und der Fr\u00fchling ist der perfekte Zeitpunkt, um zu s\u00e4en und zu pflanzen, w\u00e4hrend der Boden feucht und mild ist. Weitere Informationen finden Sie in unserer Liste, was im M\u00e4rz anpflanzen ist, damit einige ungew\u00f6hnliche und neue Sorten in diesem Jahr wachsen k\u00f6nnen.<\/p>\n<\/div>\n","protected":false},"excerpt":{"rendered":"<p>Der Fr\u00fchling ist der perfekte Zeitpunkt, um die \u00c4rmel hochzukrempeln und im Hof \u200b\u200bzur Arbeit zu gehen. Mit l\u00e4ngeren Tagen und steigenden Temperaturen steigen die<\/p>\n","protected":false},"author":1,"featured_media":3623,"comment_status":"closed","ping_status":"","sticky":false,"template":"","format":"standard","meta":{"footnotes":""},"categories":[118],"tags":[4703,5644,9,143,32,2940,55,93,384,689,246,172,2031,165,1199,1008,37,27,1258,67,309],"class_list":["post-3622","post","type-post","status-publish","format-standard","has-post-thumbnail","hentry","category-haus-garten","tag-beschnitten","tag-brillante","tag-die","tag-diese","tag-diesem","tag-fruehling","tag-fuer","tag-grenzen","tag-jahr","tag-koennen","tag-pflanzen","tag-richtigen","tag-schneiden","tag-sie","tag-stauden","tag-straeucher","tag-und","tag-werden","tag-zeitpunkt","tag-zum","tag-zurueck","generate-columns","tablet-grid-50","mobile-grid-100","grid-parent","grid-50"],"yoast_head":"<!-- This site is optimized with the Yoast SEO plugin v27.3 - https:\/\/yoast.com\/product\/yoast-seo-wordpress\/ -->\n<title>6 Pflanzen, die im Fr\u00fchling beschnitten werden k\u00f6nnen - schneiden Sie diese Str\u00e4ucher und Stauden zum richtigen Zeitpunkt im Jahr 2025 f\u00fcr brillante Grenzen in diesem Jahr zur\u00fcck - Nachrichten - Stra\u00dfenweb<\/title>\n<meta name=\"robots\" content=\"index, follow, max-snippet:-1, max-image-preview:large, max-video-preview:-1\" \/>\n<link rel=\"canonical\" href=\"https:\/\/www.strassenweb.de\/nachrichten\/6-pflanzen-die-im-fruehling-beschnitten-werden-koennen-schneiden-sie-diese-straeucher-und-stauden-zum-richtigen-zeitpunkt-im-jahr-2025-fuer-brillante-grenzen-in-diesem-jahr-zurueck\/\" \/>\n<meta property=\"og:locale\" content=\"de_DE\" \/>\n<meta property=\"og:type\" content=\"article\" \/>\n<meta property=\"og:title\" content=\"6 Pflanzen, die im Fr\u00fchling beschnitten werden k\u00f6nnen - schneiden Sie diese Str\u00e4ucher und Stauden zum richtigen Zeitpunkt im Jahr 2025 f\u00fcr brillante Grenzen in diesem Jahr zur\u00fcck - Nachrichten - Stra\u00dfenweb\" \/>\n<meta property=\"og:description\" content=\"Der Fr\u00fchling ist der perfekte Zeitpunkt, um die \u00c4rmel hochzukrempeln und im Hof \u200b\u200bzur Arbeit zu gehen. Mit l\u00e4ngeren Tagen und steigenden Temperaturen steigen die\" \/>\n<meta property=\"og:url\" content=\"https:\/\/www.strassenweb.de\/nachrichten\/6-pflanzen-die-im-fruehling-beschnitten-werden-koennen-schneiden-sie-diese-straeucher-und-stauden-zum-richtigen-zeitpunkt-im-jahr-2025-fuer-brillante-grenzen-in-diesem-jahr-zurueck\/\" \/>\n<meta property=\"og:site_name\" content=\"Stra\u00dfenweb\" \/>\n<meta property=\"article:publisher\" content=\"https:\/\/www.facebook.com\/strassenweb\/\" \/>\n<meta property=\"article:published_time\" content=\"2025-03-02T10:39:20+00:00\" \/>\n<meta property=\"og:image\" content=\"https:\/\/www.strassenweb.de\/nachrichten\/wp-content\/uploads\/2025\/03\/6-Pflanzen-die-im-Fruehling-beschnitten-werden-koennen-schneiden.jpg\" \/>\n\t<meta property=\"og:image:width\" content=\"1200\" \/>\n\t<meta property=\"og:image:height\" content=\"1440\" \/>\n\t<meta property=\"og:image:type\" content=\"image\/jpeg\" \/>\n<meta name=\"author\" content=\"Robert Hoffmann\" \/>\n<meta name=\"twitter:card\" content=\"summary_large_image\" \/>\n<meta name=\"twitter:label1\" content=\"Verfasst von\" \/>\n\t<meta name=\"twitter:data1\" content=\"Robert Hoffmann\" \/>\n\t<meta name=\"twitter:label2\" content=\"Gesch\u00e4tzte Lesezeit\" \/>\n\t<meta name=\"twitter:data2\" content=\"8\u00a0Minuten\" \/>\n<script type=\"application\/ld+json\" class=\"yoast-schema-graph\">{\"@context\":\"https:\\\/\\\/schema.org\",\"@graph\":[{\"@type\":\"Article\",\"@id\":\"https:\\\/\\\/www.strassenweb.de\\\/nachrichten\\\/6-pflanzen-die-im-fruehling-beschnitten-werden-koennen-schneiden-sie-diese-straeucher-und-stauden-zum-richtigen-zeitpunkt-im-jahr-2025-fuer-brillante-grenzen-in-diesem-jahr-zurueck\\\/#article\",\"isPartOf\":{\"@id\":\"https:\\\/\\\/www.strassenweb.de\\\/nachrichten\\\/6-pflanzen-die-im-fruehling-beschnitten-werden-koennen-schneiden-sie-diese-straeucher-und-stauden-zum-richtigen-zeitpunkt-im-jahr-2025-fuer-brillante-grenzen-in-diesem-jahr-zurueck\\\/\"},\"author\":{\"name\":\"Robert Hoffmann\",\"@id\":\"https:\\\/\\\/www.strassenweb.de\\\/nachrichten\\\/#\\\/schema\\\/person\\\/87c9c9067f1211da429a744dc5a5aa41\"},\"headline\":\"6 Pflanzen, die im Fr\u00fchling beschnitten werden k\u00f6nnen &#8211; schneiden Sie diese Str\u00e4ucher und Stauden zum richtigen Zeitpunkt im Jahr 2025 f\u00fcr brillante Grenzen in diesem Jahr zur\u00fcck\",\"datePublished\":\"2025-03-02T10:39:20+00:00\",\"mainEntityOfPage\":{\"@id\":\"https:\\\/\\\/www.strassenweb.de\\\/nachrichten\\\/6-pflanzen-die-im-fruehling-beschnitten-werden-koennen-schneiden-sie-diese-straeucher-und-stauden-zum-richtigen-zeitpunkt-im-jahr-2025-fuer-brillante-grenzen-in-diesem-jahr-zurueck\\\/\"},\"wordCount\":1729,\"publisher\":{\"@id\":\"https:\\\/\\\/www.strassenweb.de\\\/nachrichten\\\/#organization\"},\"image\":{\"@id\":\"https:\\\/\\\/www.strassenweb.de\\\/nachrichten\\\/6-pflanzen-die-im-fruehling-beschnitten-werden-koennen-schneiden-sie-diese-straeucher-und-stauden-zum-richtigen-zeitpunkt-im-jahr-2025-fuer-brillante-grenzen-in-diesem-jahr-zurueck\\\/#primaryimage\"},\"thumbnailUrl\":\"https:\\\/\\\/www.strassenweb.de\\\/nachrichten\\\/wp-content\\\/uploads\\\/2025\\\/03\\\/6-Pflanzen-die-im-Fruehling-beschnitten-werden-koennen-schneiden.jpg\",\"keywords\":[\"beschnitten\",\"brillante\",\"die\",\"diese\",\"diesem\",\"Fr\u00fchling\",\"f\u00fcr\",\"Grenzen\",\"Jahr\",\"k\u00f6nnen\",\"Pflanzen\",\"richtigen\",\"schneiden\",\"Sie\",\"Stauden\",\"Str\u00e4ucher\",\"und\",\"werden\",\"Zeitpunkt\",\"zum\",\"zur\u00fcck\"],\"articleSection\":[\"Haus &amp; Garten\"],\"inLanguage\":\"de\"},{\"@type\":\"WebPage\",\"@id\":\"https:\\\/\\\/www.strassenweb.de\\\/nachrichten\\\/6-pflanzen-die-im-fruehling-beschnitten-werden-koennen-schneiden-sie-diese-straeucher-und-stauden-zum-richtigen-zeitpunkt-im-jahr-2025-fuer-brillante-grenzen-in-diesem-jahr-zurueck\\\/\",\"url\":\"https:\\\/\\\/www.strassenweb.de\\\/nachrichten\\\/6-pflanzen-die-im-fruehling-beschnitten-werden-koennen-schneiden-sie-diese-straeucher-und-stauden-zum-richtigen-zeitpunkt-im-jahr-2025-fuer-brillante-grenzen-in-diesem-jahr-zurueck\\\/\",\"name\":\"6 Pflanzen, die im Fr\u00fchling beschnitten werden k\u00f6nnen - schneiden Sie diese Str\u00e4ucher und Stauden zum richtigen Zeitpunkt im Jahr 2025 f\u00fcr brillante Grenzen in diesem Jahr zur\u00fcck - Nachrichten - Stra\u00dfenweb\",\"isPartOf\":{\"@id\":\"https:\\\/\\\/www.strassenweb.de\\\/nachrichten\\\/#website\"},\"primaryImageOfPage\":{\"@id\":\"https:\\\/\\\/www.strassenweb.de\\\/nachrichten\\\/6-pflanzen-die-im-fruehling-beschnitten-werden-koennen-schneiden-sie-diese-straeucher-und-stauden-zum-richtigen-zeitpunkt-im-jahr-2025-fuer-brillante-grenzen-in-diesem-jahr-zurueck\\\/#primaryimage\"},\"image\":{\"@id\":\"https:\\\/\\\/www.strassenweb.de\\\/nachrichten\\\/6-pflanzen-die-im-fruehling-beschnitten-werden-koennen-schneiden-sie-diese-straeucher-und-stauden-zum-richtigen-zeitpunkt-im-jahr-2025-fuer-brillante-grenzen-in-diesem-jahr-zurueck\\\/#primaryimage\"},\"thumbnailUrl\":\"https:\\\/\\\/www.strassenweb.de\\\/nachrichten\\\/wp-content\\\/uploads\\\/2025\\\/03\\\/6-Pflanzen-die-im-Fruehling-beschnitten-werden-koennen-schneiden.jpg\",\"datePublished\":\"2025-03-02T10:39:20+00:00\",\"breadcrumb\":{\"@id\":\"https:\\\/\\\/www.strassenweb.de\\\/nachrichten\\\/6-pflanzen-die-im-fruehling-beschnitten-werden-koennen-schneiden-sie-diese-straeucher-und-stauden-zum-richtigen-zeitpunkt-im-jahr-2025-fuer-brillante-grenzen-in-diesem-jahr-zurueck\\\/#breadcrumb\"},\"inLanguage\":\"de\",\"potentialAction\":[{\"@type\":\"ReadAction\",\"target\":[\"https:\\\/\\\/www.strassenweb.de\\\/nachrichten\\\/6-pflanzen-die-im-fruehling-beschnitten-werden-koennen-schneiden-sie-diese-straeucher-und-stauden-zum-richtigen-zeitpunkt-im-jahr-2025-fuer-brillante-grenzen-in-diesem-jahr-zurueck\\\/\"]}]},{\"@type\":\"ImageObject\",\"inLanguage\":\"de\",\"@id\":\"https:\\\/\\\/www.strassenweb.de\\\/nachrichten\\\/6-pflanzen-die-im-fruehling-beschnitten-werden-koennen-schneiden-sie-diese-straeucher-und-stauden-zum-richtigen-zeitpunkt-im-jahr-2025-fuer-brillante-grenzen-in-diesem-jahr-zurueck\\\/#primaryimage\",\"url\":\"https:\\\/\\\/www.strassenweb.de\\\/nachrichten\\\/wp-content\\\/uploads\\\/2025\\\/03\\\/6-Pflanzen-die-im-Fruehling-beschnitten-werden-koennen-schneiden.jpg\",\"contentUrl\":\"https:\\\/\\\/www.strassenweb.de\\\/nachrichten\\\/wp-content\\\/uploads\\\/2025\\\/03\\\/6-Pflanzen-die-im-Fruehling-beschnitten-werden-koennen-schneiden.jpg\",\"width\":1200,\"height\":1440,\"caption\":\"6 Pflanzen, die im Fr\u00fchling beschnitten werden k\u00f6nnen - schneiden Sie diese Str\u00e4ucher und Stauden zum richtigen Zeitpunkt im Jahr 2025 f\u00fcr brillante Grenzen in diesem Jahr zur\u00fcck\"},{\"@type\":\"BreadcrumbList\",\"@id\":\"https:\\\/\\\/www.strassenweb.de\\\/nachrichten\\\/6-pflanzen-die-im-fruehling-beschnitten-werden-koennen-schneiden-sie-diese-straeucher-und-stauden-zum-richtigen-zeitpunkt-im-jahr-2025-fuer-brillante-grenzen-in-diesem-jahr-zurueck\\\/#breadcrumb\",\"itemListElement\":[{\"@type\":\"ListItem\",\"position\":1,\"name\":\"Home\",\"item\":\"https:\\\/\\\/www.strassenweb.de\\\/nachrichten\\\/\"},{\"@type\":\"ListItem\",\"position\":2,\"name\":\"6 Pflanzen, die im Fr\u00fchling beschnitten werden k\u00f6nnen &#8211; schneiden Sie diese Str\u00e4ucher und Stauden zum richtigen Zeitpunkt im Jahr 2025 f\u00fcr brillante Grenzen in diesem Jahr zur\u00fcck\"}]},{\"@type\":\"WebSite\",\"@id\":\"https:\\\/\\\/www.strassenweb.de\\\/nachrichten\\\/#website\",\"url\":\"https:\\\/\\\/www.strassenweb.de\\\/nachrichten\\\/\",\"name\":\"Stra\u00dfenweb\",\"description\":\"Stra\u00dfenverzeichnis f\u00fcr Deutschland\",\"publisher\":{\"@id\":\"https:\\\/\\\/www.strassenweb.de\\\/nachrichten\\\/#organization\"},\"potentialAction\":[{\"@type\":\"SearchAction\",\"target\":{\"@type\":\"EntryPoint\",\"urlTemplate\":\"https:\\\/\\\/www.strassenweb.de\\\/nachrichten\\\/?s={search_term_string}\"},\"query-input\":{\"@type\":\"PropertyValueSpecification\",\"valueRequired\":true,\"valueName\":\"search_term_string\"}}],\"inLanguage\":\"de\"},{\"@type\":\"Organization\",\"@id\":\"https:\\\/\\\/www.strassenweb.de\\\/nachrichten\\\/#organization\",\"name\":\"Stra\u00dfenweb\",\"url\":\"https:\\\/\\\/www.strassenweb.de\\\/nachrichten\\\/\",\"logo\":{\"@type\":\"ImageObject\",\"inLanguage\":\"de\",\"@id\":\"https:\\\/\\\/www.strassenweb.de\\\/nachrichten\\\/#\\\/schema\\\/logo\\\/image\\\/\",\"url\":\"https:\\\/\\\/www.strassenweb.de\\\/nachrichten\\\/wp-content\\\/uploads\\\/2024\\\/09\\\/cropped-favicon.png\",\"contentUrl\":\"https:\\\/\\\/www.strassenweb.de\\\/nachrichten\\\/wp-content\\\/uploads\\\/2024\\\/09\\\/cropped-favicon.png\",\"width\":512,\"height\":512,\"caption\":\"Stra\u00dfenweb\"},\"image\":{\"@id\":\"https:\\\/\\\/www.strassenweb.de\\\/nachrichten\\\/#\\\/schema\\\/logo\\\/image\\\/\"},\"sameAs\":[\"https:\\\/\\\/www.facebook.com\\\/strassenweb\\\/\"]},{\"@type\":\"Person\",\"@id\":\"https:\\\/\\\/www.strassenweb.de\\\/nachrichten\\\/#\\\/schema\\\/person\\\/87c9c9067f1211da429a744dc5a5aa41\",\"name\":\"Robert Hoffmann\",\"image\":{\"@type\":\"ImageObject\",\"inLanguage\":\"de\",\"@id\":\"https:\\\/\\\/www.strassenweb.de\\\/nachrichten\\\/wp-content\\\/uploads\\\/2024\\\/09\\\/strassenweb-150x150.jpg\",\"url\":\"https:\\\/\\\/www.strassenweb.de\\\/nachrichten\\\/wp-content\\\/uploads\\\/2024\\\/09\\\/strassenweb-150x150.jpg\",\"contentUrl\":\"https:\\\/\\\/www.strassenweb.de\\\/nachrichten\\\/wp-content\\\/uploads\\\/2024\\\/09\\\/strassenweb-150x150.jpg\",\"caption\":\"Robert Hoffmann\"},\"description\":\"Ich hei\u00dfe Robert Hoffmann und ich bin ein leidenschaftlicher Verfechter von \u00d6kologie und Biodiversit\u00e4t. Seit meiner Kindheit in den W\u00e4ldern Bayerns f\u00fchle ich mich mit der Natur verbunden und bin entschlossen, sie zu sch\u00fctzen. Heute widme ich mein Leben der Sensibilisierung anderer f\u00fcr die Bedeutung des Umweltschutzes f\u00fcr zuk\u00fcnftige Generationen.\",\"sameAs\":[\"https:\\\/\\\/www.strassenweb.de\\\/\"]}]}<\/script>\n<!-- \/ Yoast SEO plugin. -->","yoast_head_json":{"title":"6 Pflanzen, die im Fr\u00fchling beschnitten werden k\u00f6nnen - schneiden Sie diese Str\u00e4ucher und Stauden zum richtigen Zeitpunkt im Jahr 2025 f\u00fcr brillante Grenzen in diesem Jahr zur\u00fcck - Nachrichten - Stra\u00dfenweb","robots":{"index":"index","follow":"follow","max-snippet":"max-snippet:-1","max-image-preview":"max-image-preview:large","max-video-preview":"max-video-preview:-1"},"canonical":"https:\/\/www.strassenweb.de\/nachrichten\/6-pflanzen-die-im-fruehling-beschnitten-werden-koennen-schneiden-sie-diese-straeucher-und-stauden-zum-richtigen-zeitpunkt-im-jahr-2025-fuer-brillante-grenzen-in-diesem-jahr-zurueck\/","og_locale":"de_DE","og_type":"article","og_title":"6 Pflanzen, die im Fr\u00fchling beschnitten werden k\u00f6nnen - schneiden Sie diese Str\u00e4ucher und Stauden zum richtigen Zeitpunkt im Jahr 2025 f\u00fcr brillante Grenzen in diesem Jahr zur\u00fcck - Nachrichten - Stra\u00dfenweb","og_description":"Der Fr\u00fchling ist der perfekte Zeitpunkt, um die \u00c4rmel hochzukrempeln und im Hof \u200b\u200bzur Arbeit zu gehen. Mit l\u00e4ngeren Tagen und steigenden Temperaturen steigen die","og_url":"https:\/\/www.strassenweb.de\/nachrichten\/6-pflanzen-die-im-fruehling-beschnitten-werden-koennen-schneiden-sie-diese-straeucher-und-stauden-zum-richtigen-zeitpunkt-im-jahr-2025-fuer-brillante-grenzen-in-diesem-jahr-zurueck\/","og_site_name":"Stra\u00dfenweb","article_publisher":"https:\/\/www.facebook.com\/strassenweb\/","article_published_time":"2025-03-02T10:39:20+00:00","og_image":[{"width":1200,"height":1440,"url":"https:\/\/www.strassenweb.de\/nachrichten\/wp-content\/uploads\/2025\/03\/6-Pflanzen-die-im-Fruehling-beschnitten-werden-koennen-schneiden.jpg","type":"image\/jpeg"}],"author":"Robert Hoffmann","twitter_card":"summary_large_image","twitter_misc":{"Verfasst von":"Robert Hoffmann","Gesch\u00e4tzte Lesezeit":"8\u00a0Minuten"},"schema":{"@context":"https:\/\/schema.org","@graph":[{"@type":"Article","@id":"https:\/\/www.strassenweb.de\/nachrichten\/6-pflanzen-die-im-fruehling-beschnitten-werden-koennen-schneiden-sie-diese-straeucher-und-stauden-zum-richtigen-zeitpunkt-im-jahr-2025-fuer-brillante-grenzen-in-diesem-jahr-zurueck\/#article","isPartOf":{"@id":"https:\/\/www.strassenweb.de\/nachrichten\/6-pflanzen-die-im-fruehling-beschnitten-werden-koennen-schneiden-sie-diese-straeucher-und-stauden-zum-richtigen-zeitpunkt-im-jahr-2025-fuer-brillante-grenzen-in-diesem-jahr-zurueck\/"},"author":{"name":"Robert Hoffmann","@id":"https:\/\/www.strassenweb.de\/nachrichten\/#\/schema\/person\/87c9c9067f1211da429a744dc5a5aa41"},"headline":"6 Pflanzen, die im Fr\u00fchling beschnitten werden k\u00f6nnen &#8211; schneiden Sie diese Str\u00e4ucher und Stauden zum richtigen Zeitpunkt im Jahr 2025 f\u00fcr brillante Grenzen in diesem Jahr zur\u00fcck","datePublished":"2025-03-02T10:39:20+00:00","mainEntityOfPage":{"@id":"https:\/\/www.strassenweb.de\/nachrichten\/6-pflanzen-die-im-fruehling-beschnitten-werden-koennen-schneiden-sie-diese-straeucher-und-stauden-zum-richtigen-zeitpunkt-im-jahr-2025-fuer-brillante-grenzen-in-diesem-jahr-zurueck\/"},"wordCount":1729,"publisher":{"@id":"https:\/\/www.strassenweb.de\/nachrichten\/#organization"},"image":{"@id":"https:\/\/www.strassenweb.de\/nachrichten\/6-pflanzen-die-im-fruehling-beschnitten-werden-koennen-schneiden-sie-diese-straeucher-und-stauden-zum-richtigen-zeitpunkt-im-jahr-2025-fuer-brillante-grenzen-in-diesem-jahr-zurueck\/#primaryimage"},"thumbnailUrl":"https:\/\/www.strassenweb.de\/nachrichten\/wp-content\/uploads\/2025\/03\/6-Pflanzen-die-im-Fruehling-beschnitten-werden-koennen-schneiden.jpg","keywords":["beschnitten","brillante","die","diese","diesem","Fr\u00fchling","f\u00fcr","Grenzen","Jahr","k\u00f6nnen","Pflanzen","richtigen","schneiden","Sie","Stauden","Str\u00e4ucher","und","werden","Zeitpunkt","zum","zur\u00fcck"],"articleSection":["Haus &amp; Garten"],"inLanguage":"de"},{"@type":"WebPage","@id":"https:\/\/www.strassenweb.de\/nachrichten\/6-pflanzen-die-im-fruehling-beschnitten-werden-koennen-schneiden-sie-diese-straeucher-und-stauden-zum-richtigen-zeitpunkt-im-jahr-2025-fuer-brillante-grenzen-in-diesem-jahr-zurueck\/","url":"https:\/\/www.strassenweb.de\/nachrichten\/6-pflanzen-die-im-fruehling-beschnitten-werden-koennen-schneiden-sie-diese-straeucher-und-stauden-zum-richtigen-zeitpunkt-im-jahr-2025-fuer-brillante-grenzen-in-diesem-jahr-zurueck\/","name":"6 Pflanzen, die im Fr\u00fchling beschnitten werden k\u00f6nnen - schneiden Sie diese Str\u00e4ucher und Stauden zum richtigen Zeitpunkt im Jahr 2025 f\u00fcr brillante Grenzen in diesem Jahr zur\u00fcck - Nachrichten - Stra\u00dfenweb","isPartOf":{"@id":"https:\/\/www.strassenweb.de\/nachrichten\/#website"},"primaryImageOfPage":{"@id":"https:\/\/www.strassenweb.de\/nachrichten\/6-pflanzen-die-im-fruehling-beschnitten-werden-koennen-schneiden-sie-diese-straeucher-und-stauden-zum-richtigen-zeitpunkt-im-jahr-2025-fuer-brillante-grenzen-in-diesem-jahr-zurueck\/#primaryimage"},"image":{"@id":"https:\/\/www.strassenweb.de\/nachrichten\/6-pflanzen-die-im-fruehling-beschnitten-werden-koennen-schneiden-sie-diese-straeucher-und-stauden-zum-richtigen-zeitpunkt-im-jahr-2025-fuer-brillante-grenzen-in-diesem-jahr-zurueck\/#primaryimage"},"thumbnailUrl":"https:\/\/www.strassenweb.de\/nachrichten\/wp-content\/uploads\/2025\/03\/6-Pflanzen-die-im-Fruehling-beschnitten-werden-koennen-schneiden.jpg","datePublished":"2025-03-02T10:39:20+00:00","breadcrumb":{"@id":"https:\/\/www.strassenweb.de\/nachrichten\/6-pflanzen-die-im-fruehling-beschnitten-werden-koennen-schneiden-sie-diese-straeucher-und-stauden-zum-richtigen-zeitpunkt-im-jahr-2025-fuer-brillante-grenzen-in-diesem-jahr-zurueck\/#breadcrumb"},"inLanguage":"de","potentialAction":[{"@type":"ReadAction","target":["https:\/\/www.strassenweb.de\/nachrichten\/6-pflanzen-die-im-fruehling-beschnitten-werden-koennen-schneiden-sie-diese-straeucher-und-stauden-zum-richtigen-zeitpunkt-im-jahr-2025-fuer-brillante-grenzen-in-diesem-jahr-zurueck\/"]}]},{"@type":"ImageObject","inLanguage":"de","@id":"https:\/\/www.strassenweb.de\/nachrichten\/6-pflanzen-die-im-fruehling-beschnitten-werden-koennen-schneiden-sie-diese-straeucher-und-stauden-zum-richtigen-zeitpunkt-im-jahr-2025-fuer-brillante-grenzen-in-diesem-jahr-zurueck\/#primaryimage","url":"https:\/\/www.strassenweb.de\/nachrichten\/wp-content\/uploads\/2025\/03\/6-Pflanzen-die-im-Fruehling-beschnitten-werden-koennen-schneiden.jpg","contentUrl":"https:\/\/www.strassenweb.de\/nachrichten\/wp-content\/uploads\/2025\/03\/6-Pflanzen-die-im-Fruehling-beschnitten-werden-koennen-schneiden.jpg","width":1200,"height":1440,"caption":"6 Pflanzen, die im Fr\u00fchling beschnitten werden k\u00f6nnen - schneiden Sie diese Str\u00e4ucher und Stauden zum richtigen Zeitpunkt im Jahr 2025 f\u00fcr brillante Grenzen in diesem Jahr zur\u00fcck"},{"@type":"BreadcrumbList","@id":"https:\/\/www.strassenweb.de\/nachrichten\/6-pflanzen-die-im-fruehling-beschnitten-werden-koennen-schneiden-sie-diese-straeucher-und-stauden-zum-richtigen-zeitpunkt-im-jahr-2025-fuer-brillante-grenzen-in-diesem-jahr-zurueck\/#breadcrumb","itemListElement":[{"@type":"ListItem","position":1,"name":"Home","item":"https:\/\/www.strassenweb.de\/nachrichten\/"},{"@type":"ListItem","position":2,"name":"6 Pflanzen, die im Fr\u00fchling beschnitten werden k\u00f6nnen &#8211; schneiden Sie diese Str\u00e4ucher und Stauden zum richtigen Zeitpunkt im Jahr 2025 f\u00fcr brillante Grenzen in diesem Jahr zur\u00fcck"}]},{"@type":"WebSite","@id":"https:\/\/www.strassenweb.de\/nachrichten\/#website","url":"https:\/\/www.strassenweb.de\/nachrichten\/","name":"Stra\u00dfenweb","description":"Stra\u00dfenverzeichnis f\u00fcr Deutschland","publisher":{"@id":"https:\/\/www.strassenweb.de\/nachrichten\/#organization"},"potentialAction":[{"@type":"SearchAction","target":{"@type":"EntryPoint","urlTemplate":"https:\/\/www.strassenweb.de\/nachrichten\/?s={search_term_string}"},"query-input":{"@type":"PropertyValueSpecification","valueRequired":true,"valueName":"search_term_string"}}],"inLanguage":"de"},{"@type":"Organization","@id":"https:\/\/www.strassenweb.de\/nachrichten\/#organization","name":"Stra\u00dfenweb","url":"https:\/\/www.strassenweb.de\/nachrichten\/","logo":{"@type":"ImageObject","inLanguage":"de","@id":"https:\/\/www.strassenweb.de\/nachrichten\/#\/schema\/logo\/image\/","url":"https:\/\/www.strassenweb.de\/nachrichten\/wp-content\/uploads\/2024\/09\/cropped-favicon.png","contentUrl":"https:\/\/www.strassenweb.de\/nachrichten\/wp-content\/uploads\/2024\/09\/cropped-favicon.png","width":512,"height":512,"caption":"Stra\u00dfenweb"},"image":{"@id":"https:\/\/www.strassenweb.de\/nachrichten\/#\/schema\/logo\/image\/"},"sameAs":["https:\/\/www.facebook.com\/strassenweb\/"]},{"@type":"Person","@id":"https:\/\/www.strassenweb.de\/nachrichten\/#\/schema\/person\/87c9c9067f1211da429a744dc5a5aa41","name":"Robert Hoffmann","image":{"@type":"ImageObject","inLanguage":"de","@id":"https:\/\/www.strassenweb.de\/nachrichten\/wp-content\/uploads\/2024\/09\/strassenweb-150x150.jpg","url":"https:\/\/www.strassenweb.de\/nachrichten\/wp-content\/uploads\/2024\/09\/strassenweb-150x150.jpg","contentUrl":"https:\/\/www.strassenweb.de\/nachrichten\/wp-content\/uploads\/2024\/09\/strassenweb-150x150.jpg","caption":"Robert Hoffmann"},"description":"Ich hei\u00dfe Robert Hoffmann und ich bin ein leidenschaftlicher Verfechter von \u00d6kologie und Biodiversit\u00e4t. Seit meiner Kindheit in den W\u00e4ldern Bayerns f\u00fchle ich mich mit der Natur verbunden und bin entschlossen, sie zu sch\u00fctzen. Heute widme ich mein Leben der Sensibilisierung anderer f\u00fcr die Bedeutung des Umweltschutzes f\u00fcr zuk\u00fcnftige Generationen.","sameAs":["https:\/\/www.strassenweb.de\/"]}]}},"_links":{"self":[{"href":"https:\/\/www.strassenweb.de\/nachrichten\/wp-json\/wp\/v2\/posts\/3622","targetHints":{"allow":["GET"]}}],"collection":[{"href":"https:\/\/www.strassenweb.de\/nachrichten\/wp-json\/wp\/v2\/posts"}],"about":[{"href":"https:\/\/www.strassenweb.de\/nachrichten\/wp-json\/wp\/v2\/types\/post"}],"author":[{"embeddable":true,"href":"https:\/\/www.strassenweb.de\/nachrichten\/wp-json\/wp\/v2\/users\/1"}],"replies":[{"embeddable":true,"href":"https:\/\/www.strassenweb.de\/nachrichten\/wp-json\/wp\/v2\/comments?post=3622"}],"version-history":[{"count":0,"href":"https:\/\/www.strassenweb.de\/nachrichten\/wp-json\/wp\/v2\/posts\/3622\/revisions"}],"wp:featuredmedia":[{"embeddable":true,"href":"https:\/\/www.strassenweb.de\/nachrichten\/wp-json\/wp\/v2\/media\/3623"}],"wp:attachment":[{"href":"https:\/\/www.strassenweb.de\/nachrichten\/wp-json\/wp\/v2\/media?parent=3622"}],"wp:term":[{"taxonomy":"category","embeddable":true,"href":"https:\/\/www.strassenweb.de\/nachrichten\/wp-json\/wp\/v2\/categories?post=3622"},{"taxonomy":"post_tag","embeddable":true,"href":"https:\/\/www.strassenweb.de\/nachrichten\/wp-json\/wp\/v2\/tags?post=3622"}],"curies":[{"name":"wp","href":"https:\/\/api.w.org\/{rel}","templated":true}]}}