{"id":3616,"date":"2025-03-02T03:40:38","date_gmt":"2025-03-02T02:40:38","guid":{"rendered":"https:\/\/www.strassenweb.de\/nachrichten\/sorry-pastelles-es-gibt-eine-neue-farbpalette-im-trend-fuer-den-fruehling-und-es-dreht-sich-alles-um-verspielte-und-gesaettigte-farbtoene\/"},"modified":"2025-03-02T03:40:39","modified_gmt":"2025-03-02T02:40:39","slug":"sorry-pastelles-es-gibt-eine-neue-farbpalette-im-trend-fuer-den-fruehling-und-es-dreht-sich-alles-um-verspielte-und-gesaettigte-farbtoene","status":"publish","type":"post","link":"https:\/\/www.strassenweb.de\/nachrichten\/sorry-pastelles-es-gibt-eine-neue-farbpalette-im-trend-fuer-den-fruehling-und-es-dreht-sich-alles-um-verspielte-und-gesaettigte-farbtoene\/","title":{"rendered":"Sorry Pastelles, es gibt eine neue Farbpalette im Trend f\u00fcr den Fr\u00fchling &#8211; und es dreht sich alles um verspielte und ges\u00e4ttigte Farbt\u00f6ne"},"content":{"rendered":"<p><\/p>\n<div id=\"article-body\" class=\"article__body \">\n<p>Pastellfarben sind oft die erste Farbgruppe, die uns in den Sinn f\u00e4llt, wenn sie an Fr\u00fchlingsfarben denken, aber im Jahr 2025 sehen wir w\u00e4rmer und ges\u00e4ttigtere T\u00f6ne in den Vordergrund.<\/p>\n<div id=\"ad-unit-1\" class=\"ad-unit\"><\/div>\n<p>In der Tat tauschen Designer einst geliebte blasse Pastellfarben gegen Freudenfarben aus, die R\u00e4umen f\u00fcr eine mutige Einstellung von Fr\u00fchlingsfarben Ideen f\u00fcr Lebendigkeit und Pers\u00f6nlichkeit verleihen. Hier untersuchen wir diesen aufstrebenden Farbtrend und teilen das Know -how der Designer in der Dekoration mit ges\u00e4ttigten T\u00f6nen, um diesem Fr\u00fchling das Leben zu Ihnen nach Hause zu bringen.<\/p>\n<aside class=\"hawk-nest\" data-block-type=\"embed\" data-render-type=\"fte\" data-skip=\"dealsy\" data-widget-type=\"seasonal\">\n<div class=\"hawk-master-widget-hawk-base-wrapper\"><\/div>\n<\/aside>\n<p>&#8222;Wir sehen eine Verschiebung von traditionellen blassen Pastellern zu reicheren, w\u00e4rmeren Mittelst\u00fccken, die sich einladender und raffinierter f\u00fchlen&#8220;, erkl\u00e4rt Designerin Sarah Hargrave vom Kollektiv. &#8218;Die Anziehungskraft dieser mittleren T\u00f6ne liegt in ihrer Vielseitigkeit. Sie arbeiten wunderbar in einer Reihe von Designstilen, von modernen bis hin zu vintage-inspirierten R\u00e4umen, und sie schichten sowohl mit Neutralen als auch mit tieferen, Erdungsfarben gut. &#8218;<\/p>\n<div id=\"desktop-in-article\" class=\"in-article ad-unit\">\n<div id=\"desktop-taboola-mid-article\"><\/div>\n<\/div>\n<div id=\"mobile-in-article\" class=\"in-article ad-unit\">\n<div id=\"mobile-taboola-mid-article\"><\/div>\n<\/div>\n<h2 id=\"richer-and-more-saturated-pastels-are-on-trend-for-spring-3\">Reichere und ges\u00e4ttigte Pastellfarben sind f\u00fcr den Fr\u00fchling im Trend<\/h2>\n<figure class=\"van-image-figure inline-layout \" data-bordeaux-image-check>\n<div class=\"image-full-width-wrapper\">\n<div class=\"image-widthsetter\" style=\"max-width:2400px;\"><\/div>\n<\/div><figcaption class=\"inline-layout \">\n<div class=\"caption-text\">\n<p>Farrow &#038; Ball&#8217;s Duster<\/p>\n<\/div>\n<\/figcaption><\/figure>\n<p>&#8222;Pastellfarben werden oft als weich, pudrig und vielleicht sogar ein bisschen zu s\u00fc\u00df angesehen &#8211; aber jetzt umfassen wir Versionen, die mehr Tiefe und Komplexit\u00e4t haben&#8220;, beobachtet die Designerin Tineke Triggs von Tineke Triggs Interiors. In letzter Zeit habe ich mittelgro\u00dfe Pastellfarbe f\u00fcr den Fr\u00fchling anstelle der typischen blassen Farbt\u00f6ne geliebt. Diese Farben bringen eine Frische, die sich etwas geerdeter und lebenswerter anf\u00fchlt. Denken Sie an butterartige Gelben, erdige Korallen und warme Lavender &#8211; T\u00f6ne, die immer noch als leicht und luftig lesen, aber einen Reichtum haben, der sie vielseitiger macht. &#8218;<\/p>\n<div class=\"van_vid_carousel\">\n<div class=\"van_vid_carousel__padding\">\n<div class=\"van_vid_carousel__container\"><\/div>\n<\/div>\n<\/div>\n<p>Diese Verschiebung in Richtung lebendigerer Farbt\u00f6ne anstelle von Pastellraumideen hat sich auch in Farbideen aufgetaucht. Farrow &#038; Ball Jas hat gerade neue Farben in seine Palette gesteckt, und w\u00e4hrend im wahren Farrow &#038; Ball -Stil jeder Farbton Zeitlosigkeit und Lebensf\u00e4higkeit bietet, sind ges\u00e4ttigte und w\u00e4rmende Farben durchgehend zu sehen, was sich besonders zu Hause f\u00fcr den Fr\u00fchling f\u00fchlt. Von der erhebenden gelben Farbe bis zum orange-braunen Hybrid-Marmelo zementiert diese Farbkollektion die Bewegung zu mutigen T\u00f6nen, die Eifer ins Haus bringen.<\/p>\n<div id=\"ad-unit-2\" class=\"ad-unit\"><\/div>\n<h2 id=\"how-to-decorate-with-bolder-tones-this-spring-3\">Wie man in diesem Fr\u00fchling mit mutigen T\u00f6nen dekoriert<\/h2>\n<p>Im Folgenden haben wir einige unserer Lieblings -Innenr\u00e4ume zusammengefasst, die eine reichhaltigere Sicht auf Pastellfarben f\u00fcr die Fr\u00fchlingsdekoration widerspiegeln, mit Tipps von Designern, wie man diesen Farbtrend stilvoll nutzt.<\/p>\n<h3 class=\"article-body__section\" id=\"section-1-color-drench-with-a-mid-tone-paint\"><span>1. Farbn\u00e4ssen Sienten Sie sich mit einer Mid-Tone-Farbe<\/span><\/h3>\n<figure class=\"van-image-figure inline-layout \" data-bordeaux-image-check>\n<div class=\"image-full-width-wrapper\">\n<div class=\"image-widthsetter\" style=\"max-width:2000px;\"><\/div>\n<\/div>\n<\/figure>\n<p>&#8222;Mehr ges\u00e4ttigte mittlere T\u00f6ne \u00fcbernehmen, weil die Leute erkennen, dass Farbe nicht etwas sein muss, vor dem man Angst haben muss&#8220;, sagt Designer Emma Kemper von Emma Beryl. &#8222;Pastellfarben waren ein sicherer Ansatz, um Farbe hinzuzuf\u00fcgen, da sie weicher und weniger einsch\u00fcchternd sind.&#8220;<\/p>\n<p>&#8218;Mid -T\u00f6ne sind immer noch ged\u00e4mpft, sodass sich ein Raum einkapseliger anf\u00fchlt. Sie haben das Gef\u00fchl, dass der Raum Sie umarmt. Wenn Sie einen Mittelmund verwenden m\u00f6chten, sollten Sie die Holzt\u00f6ne, die Sie verwenden m\u00f6chten, ber\u00fccksichtigen. Vergessen Sie auch nicht, in Betracht zu ziehen, die Decke zu malen und die gleiche Farbe zu schneiden, um den Raum vollst\u00e4ndig zu machen \u201c, sagt Emma.<\/p>\n<p>Farb-trenchierende Ideen sind nicht nur im Trend, sondern es ist auch ein Lacktrick, der sich mit weniger visuellen Unterbrechungen zusammenh\u00e4ngender anf\u00fchlt. Wie Emma vorschl\u00e4gt, funktioniert diese Technik besonders gut mit mittleren Tinten, um den Schwerpunkt Ihres Zimmers zu f\u00e4rben.<\/p>\n<h3 class=\"article-body__section\" id=\"section-2-pair-colorful-hues-with-natural-materials\"><span>2. Kombinieren Sie farbenfrohe Farbt\u00f6ne mit nat\u00fcrlichen Materialien<\/span><\/h3>\n<figure class=\"van-image-figure inline-layout \" data-bordeaux-image-check>\n<div class=\"image-full-width-wrapper\">\n<div class=\"image-widthsetter\" style=\"max-width:2000px;\"><\/div>\n<\/div>\n<\/figure>\n<p>Wenn Sie mit einem Aussage mitten in Ihrem Farbschema mutig sind, \u00e4hnlich wie die verspielten gr\u00fcnen W\u00e4nde in diesem farbenfrohen Wohnzimmer, enth\u00e4lt nat\u00fcrliche Materialien das Schema.<\/p>\n<p>&#8222;Um mittelgro\u00df in Ihr Haus einzubeziehen, sollten Sie sie an W\u00e4nden f\u00fcr ein gem\u00fctliches, aber frisches Gef\u00fchl verwenden oder sie durch Akzentm\u00f6bel, Textilien und Dekor vorstellen&#8220;, sagt Innenarchitektin Sarah Hargrave. &#8222;Wenn Sie diese reicheren Pastellfarben mit nat\u00fcrlichen Texturen wie Leinen, Holz und Rattan &#8211; kombinieren, k\u00f6nnen Sie ihre W\u00e4rme verbessern, w\u00e4hrend weiche Metallik wie Messing oder warme Nickel einen Hauch von Raffinesse verleihen.&#8220;<\/p>\n<h3 class=\"article-body__section\" id=\"section-3-go-for-a-statement-warm-blue-paint\"><span>3.. Gehen Sie f\u00fcr eine Aussage warme blaue Farbe<\/span><\/h3>\n<figure class=\"van-image-figure inline-layout \" data-bordeaux-image-check>\n<div class=\"image-full-width-wrapper\">\n<div class=\"image-widthsetter\" style=\"max-width:2000px;\"><\/div>\n<\/div>\n<\/figure>\n<p>Blaue Farben haben in den letzten Monaten viel Anziehungskraft gesehen, insbesondere w\u00e4rmere mittlere T\u00f6ne, die sich verspielt f\u00fchlen. Die richtige blaue Farbe ist eine gro\u00dfartige M\u00f6glichkeit, um jedem Raum Charakter und Farbe zu f\u00e4rben, aber es ist eine besonders gute Wahl f\u00fcr Badezimmerfarben -Ideen, wie hier zu sehen ist.<\/p>\n<p>&#8222;Dieses reichhaltige, warme Blau in einem M\u00e4dchenbad ist eine Verlagerung von eisig zu etwas geerdetterem und umh\u00fcllenderem&#8220;, erkl\u00e4rt die Innenarchitektin Caroline Kopp. &#8218;Diese w\u00e4rmeren, pigmentierteren Pastelle schaffen R\u00e4ume, die sich frisch und gem\u00fctlich anf\u00fchlen und niemals klinisch oder kindisch wie Standardpastelle sein k\u00f6nnen. Sie passen wundersch\u00f6n mit mittleren W\u00e4ldern und Marmor. &#8218;<\/p>\n<p>Einige unserer beliebtesten warmen blauen Farben sind Lick&#8217;s Blue 08 und Farrow &#038; Ball&#8217;s Yonder.<\/p>\n<h3 class=\"article-body__section\" id=\"section-4-pair-saturated-hues-with-dark-wood-tones\"><span>4. Kombinieren Sie ges\u00e4ttigte Farbt\u00f6ne mit dunklen Holzt\u00f6nen<\/span><\/h3>\n<figure class=\"van-image-figure inline-layout \" data-bordeaux-image-check>\n<div class=\"image-full-width-wrapper\">\n<div class=\"image-widthsetter\" style=\"max-width:2400px;\"><\/div>\n<\/div>\n<\/figure>\n<p>&#8222;Die Wandfarbe in diesem Esszimmer ist ein perfektes Beispiel f\u00fcr die Verschiebung, die wir zu reicheren, w\u00e4rmeren Pastellen sehen&#8220;, sagt Designer Tineke Triggs. &#8222;Es ist nicht zu ged\u00e4mpft, nicht zu mutig, sondern nur ges\u00e4ttigt genug, um sich raffiniert zu f\u00fchlen, w\u00e4hrend sie immer noch weich und einladend sind.&#8220;<\/p>\n<p>\u201eWenn Sie dar\u00fcber nachdenken, diese w\u00e4rmeren Pastelle in Ihren Raum einzubeziehen, m\u00fcssen einige Dinge im Auge behalten. Wenn Sie diese Farben mit Neutralen kombinieren, f\u00fchlen sie sich zu zuckerhaltig, w\u00e4hrend dunklere Holzt\u00f6ne, schwarze Akzente oder Messing (wie in diesem wundersch\u00f6nen Kronleuchter) dazu beitragen, die Farbe zu verankern und sie anspruchsvoller zu f\u00fchlen, f\u00e4hrt Tineke fort.<\/p>\n<p>&#8218;Eine mattgestrichelte Wand, gepaart mit lackierten M\u00f6beln oder nat\u00fcrlichen Textilien, h\u00e4lt den Raum dynamisch und geschichtet. Reichere Pastellfarben spielen wundersch\u00f6n mit tieferen Farbt\u00f6nen wie Forest Green, Marine oder sogar einem tiefen Merlot, um Tiefe und Interesse zu wecken. Haben Sie keine Angst, ein kleines Drama hinzuzuf\u00fcgen! &#8218; sagt Tineke.<\/p>\n<hr>\n<p>Das Austausch von blassen Pastellen gegen ges\u00e4ttigte T\u00f6ne ist eine wunderbare M\u00f6glichkeit, in diesem Fr\u00fchling mehr Aufregung zu Ihnen nach Hause zu bringen. Egal, ob Sie dies tun, indem Sie die Wandfarbe mit Farbe oder durch kleineres Dekor erfrischen, ein heller Farbe kann einen langen Weg bei der Umwandlung eines Raumes leisten.<\/p>\n<\/div>\n","protected":false},"excerpt":{"rendered":"<p>Pastellfarben sind oft die erste Farbgruppe, die uns in den Sinn f\u00e4llt, wenn sie an Fr\u00fchlingsfarben denken, aber im Jahr 2025 sehen wir w\u00e4rmer und<\/p>\n","protected":false},"author":1,"featured_media":3617,"comment_status":"closed","ping_status":"","sticky":false,"template":"","format":"standard","meta":{"footnotes":""},"categories":[118],"tags":[157,78,156,74,2469,162,2940,55,5641,53,108,5640,142,504,37,2279],"class_list":["post-3616","post","type-post","status-publish","format-standard","has-post-thumbnail","hentry","category-haus-garten","tag-alles","tag-den","tag-dreht","tag-eine","tag-farbpalette","tag-farbtoene","tag-fruehling","tag-fuer","tag-gesaettigte","tag-gibt","tag-neue","tag-pastelles","tag-sich","tag-trend","tag-und","tag-verspielte","generate-columns","tablet-grid-50","mobile-grid-100","grid-parent","grid-50"],"yoast_head":"<!-- This site is optimized with the Yoast SEO plugin v27.3 - https:\/\/yoast.com\/product\/yoast-seo-wordpress\/ -->\n<title>Sorry Pastelles, es gibt eine neue Farbpalette im Trend f\u00fcr den Fr\u00fchling - und es dreht sich alles um verspielte und ges\u00e4ttigte Farbt\u00f6ne - Nachrichten - Stra\u00dfenweb<\/title>\n<meta name=\"robots\" content=\"index, follow, max-snippet:-1, max-image-preview:large, max-video-preview:-1\" \/>\n<link rel=\"canonical\" href=\"https:\/\/www.strassenweb.de\/nachrichten\/sorry-pastelles-es-gibt-eine-neue-farbpalette-im-trend-fuer-den-fruehling-und-es-dreht-sich-alles-um-verspielte-und-gesaettigte-farbtoene\/\" \/>\n<meta property=\"og:locale\" content=\"de_DE\" \/>\n<meta property=\"og:type\" content=\"article\" \/>\n<meta property=\"og:title\" content=\"Sorry Pastelles, es gibt eine neue Farbpalette im Trend f\u00fcr den Fr\u00fchling - und es dreht sich alles um verspielte und ges\u00e4ttigte Farbt\u00f6ne - Nachrichten - Stra\u00dfenweb\" \/>\n<meta property=\"og:description\" content=\"Pastellfarben sind oft die erste Farbgruppe, die uns in den Sinn f\u00e4llt, wenn sie an Fr\u00fchlingsfarben denken, aber im Jahr 2025 sehen wir w\u00e4rmer und\" \/>\n<meta property=\"og:url\" content=\"https:\/\/www.strassenweb.de\/nachrichten\/sorry-pastelles-es-gibt-eine-neue-farbpalette-im-trend-fuer-den-fruehling-und-es-dreht-sich-alles-um-verspielte-und-gesaettigte-farbtoene\/\" \/>\n<meta property=\"og:site_name\" content=\"Stra\u00dfenweb\" \/>\n<meta property=\"article:publisher\" content=\"https:\/\/www.facebook.com\/strassenweb\/\" \/>\n<meta property=\"article:published_time\" content=\"2025-03-02T02:40:38+00:00\" \/>\n<meta property=\"article:modified_time\" content=\"2025-03-02T02:40:39+00:00\" \/>\n<meta property=\"og:image\" content=\"https:\/\/www.strassenweb.de\/nachrichten\/wp-content\/uploads\/2025\/03\/Sorry-Pastelles-es-gibt-eine-neue-Farbpalette-im-Trend-fuer.jpg\" \/>\n\t<meta property=\"og:image:width\" content=\"1200\" \/>\n\t<meta property=\"og:image:height\" content=\"1440\" \/>\n\t<meta property=\"og:image:type\" content=\"image\/jpeg\" \/>\n<meta name=\"author\" content=\"Robert Hoffmann\" \/>\n<meta name=\"twitter:card\" content=\"summary_large_image\" \/>\n<meta name=\"twitter:label1\" content=\"Verfasst von\" \/>\n\t<meta name=\"twitter:data1\" content=\"Robert Hoffmann\" \/>\n\t<meta name=\"twitter:label2\" content=\"Gesch\u00e4tzte Lesezeit\" \/>\n\t<meta name=\"twitter:data2\" content=\"5\u00a0Minuten\" \/>\n<script type=\"application\/ld+json\" class=\"yoast-schema-graph\">{\"@context\":\"https:\\\/\\\/schema.org\",\"@graph\":[{\"@type\":\"Article\",\"@id\":\"https:\\\/\\\/www.strassenweb.de\\\/nachrichten\\\/sorry-pastelles-es-gibt-eine-neue-farbpalette-im-trend-fuer-den-fruehling-und-es-dreht-sich-alles-um-verspielte-und-gesaettigte-farbtoene\\\/#article\",\"isPartOf\":{\"@id\":\"https:\\\/\\\/www.strassenweb.de\\\/nachrichten\\\/sorry-pastelles-es-gibt-eine-neue-farbpalette-im-trend-fuer-den-fruehling-und-es-dreht-sich-alles-um-verspielte-und-gesaettigte-farbtoene\\\/\"},\"author\":{\"name\":\"Robert Hoffmann\",\"@id\":\"https:\\\/\\\/www.strassenweb.de\\\/nachrichten\\\/#\\\/schema\\\/person\\\/87c9c9067f1211da429a744dc5a5aa41\"},\"headline\":\"Sorry Pastelles, es gibt eine neue Farbpalette im Trend f\u00fcr den Fr\u00fchling &#8211; und es dreht sich alles um verspielte und ges\u00e4ttigte Farbt\u00f6ne\",\"datePublished\":\"2025-03-02T02:40:38+00:00\",\"dateModified\":\"2025-03-02T02:40:39+00:00\",\"mainEntityOfPage\":{\"@id\":\"https:\\\/\\\/www.strassenweb.de\\\/nachrichten\\\/sorry-pastelles-es-gibt-eine-neue-farbpalette-im-trend-fuer-den-fruehling-und-es-dreht-sich-alles-um-verspielte-und-gesaettigte-farbtoene\\\/\"},\"wordCount\":1095,\"publisher\":{\"@id\":\"https:\\\/\\\/www.strassenweb.de\\\/nachrichten\\\/#organization\"},\"image\":{\"@id\":\"https:\\\/\\\/www.strassenweb.de\\\/nachrichten\\\/sorry-pastelles-es-gibt-eine-neue-farbpalette-im-trend-fuer-den-fruehling-und-es-dreht-sich-alles-um-verspielte-und-gesaettigte-farbtoene\\\/#primaryimage\"},\"thumbnailUrl\":\"https:\\\/\\\/www.strassenweb.de\\\/nachrichten\\\/wp-content\\\/uploads\\\/2025\\\/03\\\/Sorry-Pastelles-es-gibt-eine-neue-Farbpalette-im-Trend-fuer.jpg\",\"keywords\":[\"alles\",\"den\",\"dreht\",\"eine\",\"Farbpalette\",\"Farbt\u00f6ne\",\"Fr\u00fchling\",\"f\u00fcr\",\"ges\u00e4ttigte\",\"gibt\",\"Neue\",\"Pastelles\",\"sich\",\"Trend\",\"und\",\"verspielte\"],\"articleSection\":[\"Haus &amp; Garten\"],\"inLanguage\":\"de\"},{\"@type\":\"WebPage\",\"@id\":\"https:\\\/\\\/www.strassenweb.de\\\/nachrichten\\\/sorry-pastelles-es-gibt-eine-neue-farbpalette-im-trend-fuer-den-fruehling-und-es-dreht-sich-alles-um-verspielte-und-gesaettigte-farbtoene\\\/\",\"url\":\"https:\\\/\\\/www.strassenweb.de\\\/nachrichten\\\/sorry-pastelles-es-gibt-eine-neue-farbpalette-im-trend-fuer-den-fruehling-und-es-dreht-sich-alles-um-verspielte-und-gesaettigte-farbtoene\\\/\",\"name\":\"Sorry Pastelles, es gibt eine neue Farbpalette im Trend f\u00fcr den Fr\u00fchling - und es dreht sich alles um verspielte und ges\u00e4ttigte Farbt\u00f6ne - Nachrichten - Stra\u00dfenweb\",\"isPartOf\":{\"@id\":\"https:\\\/\\\/www.strassenweb.de\\\/nachrichten\\\/#website\"},\"primaryImageOfPage\":{\"@id\":\"https:\\\/\\\/www.strassenweb.de\\\/nachrichten\\\/sorry-pastelles-es-gibt-eine-neue-farbpalette-im-trend-fuer-den-fruehling-und-es-dreht-sich-alles-um-verspielte-und-gesaettigte-farbtoene\\\/#primaryimage\"},\"image\":{\"@id\":\"https:\\\/\\\/www.strassenweb.de\\\/nachrichten\\\/sorry-pastelles-es-gibt-eine-neue-farbpalette-im-trend-fuer-den-fruehling-und-es-dreht-sich-alles-um-verspielte-und-gesaettigte-farbtoene\\\/#primaryimage\"},\"thumbnailUrl\":\"https:\\\/\\\/www.strassenweb.de\\\/nachrichten\\\/wp-content\\\/uploads\\\/2025\\\/03\\\/Sorry-Pastelles-es-gibt-eine-neue-Farbpalette-im-Trend-fuer.jpg\",\"datePublished\":\"2025-03-02T02:40:38+00:00\",\"dateModified\":\"2025-03-02T02:40:39+00:00\",\"breadcrumb\":{\"@id\":\"https:\\\/\\\/www.strassenweb.de\\\/nachrichten\\\/sorry-pastelles-es-gibt-eine-neue-farbpalette-im-trend-fuer-den-fruehling-und-es-dreht-sich-alles-um-verspielte-und-gesaettigte-farbtoene\\\/#breadcrumb\"},\"inLanguage\":\"de\",\"potentialAction\":[{\"@type\":\"ReadAction\",\"target\":[\"https:\\\/\\\/www.strassenweb.de\\\/nachrichten\\\/sorry-pastelles-es-gibt-eine-neue-farbpalette-im-trend-fuer-den-fruehling-und-es-dreht-sich-alles-um-verspielte-und-gesaettigte-farbtoene\\\/\"]}]},{\"@type\":\"ImageObject\",\"inLanguage\":\"de\",\"@id\":\"https:\\\/\\\/www.strassenweb.de\\\/nachrichten\\\/sorry-pastelles-es-gibt-eine-neue-farbpalette-im-trend-fuer-den-fruehling-und-es-dreht-sich-alles-um-verspielte-und-gesaettigte-farbtoene\\\/#primaryimage\",\"url\":\"https:\\\/\\\/www.strassenweb.de\\\/nachrichten\\\/wp-content\\\/uploads\\\/2025\\\/03\\\/Sorry-Pastelles-es-gibt-eine-neue-Farbpalette-im-Trend-fuer.jpg\",\"contentUrl\":\"https:\\\/\\\/www.strassenweb.de\\\/nachrichten\\\/wp-content\\\/uploads\\\/2025\\\/03\\\/Sorry-Pastelles-es-gibt-eine-neue-Farbpalette-im-Trend-fuer.jpg\",\"width\":1200,\"height\":1440,\"caption\":\"Sorry Pastelles, es gibt eine neue Farbpalette im Trend f\u00fcr den Fr\u00fchling - und es dreht sich alles um verspielte und ges\u00e4ttigte Farbt\u00f6ne\"},{\"@type\":\"BreadcrumbList\",\"@id\":\"https:\\\/\\\/www.strassenweb.de\\\/nachrichten\\\/sorry-pastelles-es-gibt-eine-neue-farbpalette-im-trend-fuer-den-fruehling-und-es-dreht-sich-alles-um-verspielte-und-gesaettigte-farbtoene\\\/#breadcrumb\",\"itemListElement\":[{\"@type\":\"ListItem\",\"position\":1,\"name\":\"Home\",\"item\":\"https:\\\/\\\/www.strassenweb.de\\\/nachrichten\\\/\"},{\"@type\":\"ListItem\",\"position\":2,\"name\":\"Sorry Pastelles, es gibt eine neue Farbpalette im Trend f\u00fcr den Fr\u00fchling &#8211; und es dreht sich alles um verspielte und ges\u00e4ttigte Farbt\u00f6ne\"}]},{\"@type\":\"WebSite\",\"@id\":\"https:\\\/\\\/www.strassenweb.de\\\/nachrichten\\\/#website\",\"url\":\"https:\\\/\\\/www.strassenweb.de\\\/nachrichten\\\/\",\"name\":\"Stra\u00dfenweb\",\"description\":\"Stra\u00dfenverzeichnis f\u00fcr Deutschland\",\"publisher\":{\"@id\":\"https:\\\/\\\/www.strassenweb.de\\\/nachrichten\\\/#organization\"},\"potentialAction\":[{\"@type\":\"SearchAction\",\"target\":{\"@type\":\"EntryPoint\",\"urlTemplate\":\"https:\\\/\\\/www.strassenweb.de\\\/nachrichten\\\/?s={search_term_string}\"},\"query-input\":{\"@type\":\"PropertyValueSpecification\",\"valueRequired\":true,\"valueName\":\"search_term_string\"}}],\"inLanguage\":\"de\"},{\"@type\":\"Organization\",\"@id\":\"https:\\\/\\\/www.strassenweb.de\\\/nachrichten\\\/#organization\",\"name\":\"Stra\u00dfenweb\",\"url\":\"https:\\\/\\\/www.strassenweb.de\\\/nachrichten\\\/\",\"logo\":{\"@type\":\"ImageObject\",\"inLanguage\":\"de\",\"@id\":\"https:\\\/\\\/www.strassenweb.de\\\/nachrichten\\\/#\\\/schema\\\/logo\\\/image\\\/\",\"url\":\"https:\\\/\\\/www.strassenweb.de\\\/nachrichten\\\/wp-content\\\/uploads\\\/2024\\\/09\\\/cropped-favicon.png\",\"contentUrl\":\"https:\\\/\\\/www.strassenweb.de\\\/nachrichten\\\/wp-content\\\/uploads\\\/2024\\\/09\\\/cropped-favicon.png\",\"width\":512,\"height\":512,\"caption\":\"Stra\u00dfenweb\"},\"image\":{\"@id\":\"https:\\\/\\\/www.strassenweb.de\\\/nachrichten\\\/#\\\/schema\\\/logo\\\/image\\\/\"},\"sameAs\":[\"https:\\\/\\\/www.facebook.com\\\/strassenweb\\\/\"]},{\"@type\":\"Person\",\"@id\":\"https:\\\/\\\/www.strassenweb.de\\\/nachrichten\\\/#\\\/schema\\\/person\\\/87c9c9067f1211da429a744dc5a5aa41\",\"name\":\"Robert Hoffmann\",\"image\":{\"@type\":\"ImageObject\",\"inLanguage\":\"de\",\"@id\":\"https:\\\/\\\/www.strassenweb.de\\\/nachrichten\\\/wp-content\\\/uploads\\\/2024\\\/09\\\/strassenweb-150x150.jpg\",\"url\":\"https:\\\/\\\/www.strassenweb.de\\\/nachrichten\\\/wp-content\\\/uploads\\\/2024\\\/09\\\/strassenweb-150x150.jpg\",\"contentUrl\":\"https:\\\/\\\/www.strassenweb.de\\\/nachrichten\\\/wp-content\\\/uploads\\\/2024\\\/09\\\/strassenweb-150x150.jpg\",\"caption\":\"Robert Hoffmann\"},\"description\":\"Ich hei\u00dfe Robert Hoffmann und ich bin ein leidenschaftlicher Verfechter von \u00d6kologie und Biodiversit\u00e4t. Seit meiner Kindheit in den W\u00e4ldern Bayerns f\u00fchle ich mich mit der Natur verbunden und bin entschlossen, sie zu sch\u00fctzen. Heute widme ich mein Leben der Sensibilisierung anderer f\u00fcr die Bedeutung des Umweltschutzes f\u00fcr zuk\u00fcnftige Generationen.\",\"sameAs\":[\"https:\\\/\\\/www.strassenweb.de\\\/\"]}]}<\/script>\n<!-- \/ Yoast SEO plugin. -->","yoast_head_json":{"title":"Sorry Pastelles, es gibt eine neue Farbpalette im Trend f\u00fcr den Fr\u00fchling - und es dreht sich alles um verspielte und ges\u00e4ttigte Farbt\u00f6ne - Nachrichten - Stra\u00dfenweb","robots":{"index":"index","follow":"follow","max-snippet":"max-snippet:-1","max-image-preview":"max-image-preview:large","max-video-preview":"max-video-preview:-1"},"canonical":"https:\/\/www.strassenweb.de\/nachrichten\/sorry-pastelles-es-gibt-eine-neue-farbpalette-im-trend-fuer-den-fruehling-und-es-dreht-sich-alles-um-verspielte-und-gesaettigte-farbtoene\/","og_locale":"de_DE","og_type":"article","og_title":"Sorry Pastelles, es gibt eine neue Farbpalette im Trend f\u00fcr den Fr\u00fchling - und es dreht sich alles um verspielte und ges\u00e4ttigte Farbt\u00f6ne - Nachrichten - Stra\u00dfenweb","og_description":"Pastellfarben sind oft die erste Farbgruppe, die uns in den Sinn f\u00e4llt, wenn sie an Fr\u00fchlingsfarben denken, aber im Jahr 2025 sehen wir w\u00e4rmer und","og_url":"https:\/\/www.strassenweb.de\/nachrichten\/sorry-pastelles-es-gibt-eine-neue-farbpalette-im-trend-fuer-den-fruehling-und-es-dreht-sich-alles-um-verspielte-und-gesaettigte-farbtoene\/","og_site_name":"Stra\u00dfenweb","article_publisher":"https:\/\/www.facebook.com\/strassenweb\/","article_published_time":"2025-03-02T02:40:38+00:00","article_modified_time":"2025-03-02T02:40:39+00:00","og_image":[{"width":1200,"height":1440,"url":"https:\/\/www.strassenweb.de\/nachrichten\/wp-content\/uploads\/2025\/03\/Sorry-Pastelles-es-gibt-eine-neue-Farbpalette-im-Trend-fuer.jpg","type":"image\/jpeg"}],"author":"Robert Hoffmann","twitter_card":"summary_large_image","twitter_misc":{"Verfasst von":"Robert Hoffmann","Gesch\u00e4tzte Lesezeit":"5\u00a0Minuten"},"schema":{"@context":"https:\/\/schema.org","@graph":[{"@type":"Article","@id":"https:\/\/www.strassenweb.de\/nachrichten\/sorry-pastelles-es-gibt-eine-neue-farbpalette-im-trend-fuer-den-fruehling-und-es-dreht-sich-alles-um-verspielte-und-gesaettigte-farbtoene\/#article","isPartOf":{"@id":"https:\/\/www.strassenweb.de\/nachrichten\/sorry-pastelles-es-gibt-eine-neue-farbpalette-im-trend-fuer-den-fruehling-und-es-dreht-sich-alles-um-verspielte-und-gesaettigte-farbtoene\/"},"author":{"name":"Robert Hoffmann","@id":"https:\/\/www.strassenweb.de\/nachrichten\/#\/schema\/person\/87c9c9067f1211da429a744dc5a5aa41"},"headline":"Sorry Pastelles, es gibt eine neue Farbpalette im Trend f\u00fcr den Fr\u00fchling &#8211; und es dreht sich alles um verspielte und ges\u00e4ttigte Farbt\u00f6ne","datePublished":"2025-03-02T02:40:38+00:00","dateModified":"2025-03-02T02:40:39+00:00","mainEntityOfPage":{"@id":"https:\/\/www.strassenweb.de\/nachrichten\/sorry-pastelles-es-gibt-eine-neue-farbpalette-im-trend-fuer-den-fruehling-und-es-dreht-sich-alles-um-verspielte-und-gesaettigte-farbtoene\/"},"wordCount":1095,"publisher":{"@id":"https:\/\/www.strassenweb.de\/nachrichten\/#organization"},"image":{"@id":"https:\/\/www.strassenweb.de\/nachrichten\/sorry-pastelles-es-gibt-eine-neue-farbpalette-im-trend-fuer-den-fruehling-und-es-dreht-sich-alles-um-verspielte-und-gesaettigte-farbtoene\/#primaryimage"},"thumbnailUrl":"https:\/\/www.strassenweb.de\/nachrichten\/wp-content\/uploads\/2025\/03\/Sorry-Pastelles-es-gibt-eine-neue-Farbpalette-im-Trend-fuer.jpg","keywords":["alles","den","dreht","eine","Farbpalette","Farbt\u00f6ne","Fr\u00fchling","f\u00fcr","ges\u00e4ttigte","gibt","Neue","Pastelles","sich","Trend","und","verspielte"],"articleSection":["Haus &amp; Garten"],"inLanguage":"de"},{"@type":"WebPage","@id":"https:\/\/www.strassenweb.de\/nachrichten\/sorry-pastelles-es-gibt-eine-neue-farbpalette-im-trend-fuer-den-fruehling-und-es-dreht-sich-alles-um-verspielte-und-gesaettigte-farbtoene\/","url":"https:\/\/www.strassenweb.de\/nachrichten\/sorry-pastelles-es-gibt-eine-neue-farbpalette-im-trend-fuer-den-fruehling-und-es-dreht-sich-alles-um-verspielte-und-gesaettigte-farbtoene\/","name":"Sorry Pastelles, es gibt eine neue Farbpalette im Trend f\u00fcr den Fr\u00fchling - und es dreht sich alles um verspielte und ges\u00e4ttigte Farbt\u00f6ne - Nachrichten - Stra\u00dfenweb","isPartOf":{"@id":"https:\/\/www.strassenweb.de\/nachrichten\/#website"},"primaryImageOfPage":{"@id":"https:\/\/www.strassenweb.de\/nachrichten\/sorry-pastelles-es-gibt-eine-neue-farbpalette-im-trend-fuer-den-fruehling-und-es-dreht-sich-alles-um-verspielte-und-gesaettigte-farbtoene\/#primaryimage"},"image":{"@id":"https:\/\/www.strassenweb.de\/nachrichten\/sorry-pastelles-es-gibt-eine-neue-farbpalette-im-trend-fuer-den-fruehling-und-es-dreht-sich-alles-um-verspielte-und-gesaettigte-farbtoene\/#primaryimage"},"thumbnailUrl":"https:\/\/www.strassenweb.de\/nachrichten\/wp-content\/uploads\/2025\/03\/Sorry-Pastelles-es-gibt-eine-neue-Farbpalette-im-Trend-fuer.jpg","datePublished":"2025-03-02T02:40:38+00:00","dateModified":"2025-03-02T02:40:39+00:00","breadcrumb":{"@id":"https:\/\/www.strassenweb.de\/nachrichten\/sorry-pastelles-es-gibt-eine-neue-farbpalette-im-trend-fuer-den-fruehling-und-es-dreht-sich-alles-um-verspielte-und-gesaettigte-farbtoene\/#breadcrumb"},"inLanguage":"de","potentialAction":[{"@type":"ReadAction","target":["https:\/\/www.strassenweb.de\/nachrichten\/sorry-pastelles-es-gibt-eine-neue-farbpalette-im-trend-fuer-den-fruehling-und-es-dreht-sich-alles-um-verspielte-und-gesaettigte-farbtoene\/"]}]},{"@type":"ImageObject","inLanguage":"de","@id":"https:\/\/www.strassenweb.de\/nachrichten\/sorry-pastelles-es-gibt-eine-neue-farbpalette-im-trend-fuer-den-fruehling-und-es-dreht-sich-alles-um-verspielte-und-gesaettigte-farbtoene\/#primaryimage","url":"https:\/\/www.strassenweb.de\/nachrichten\/wp-content\/uploads\/2025\/03\/Sorry-Pastelles-es-gibt-eine-neue-Farbpalette-im-Trend-fuer.jpg","contentUrl":"https:\/\/www.strassenweb.de\/nachrichten\/wp-content\/uploads\/2025\/03\/Sorry-Pastelles-es-gibt-eine-neue-Farbpalette-im-Trend-fuer.jpg","width":1200,"height":1440,"caption":"Sorry Pastelles, es gibt eine neue Farbpalette im Trend f\u00fcr den Fr\u00fchling - und es dreht sich alles um verspielte und ges\u00e4ttigte Farbt\u00f6ne"},{"@type":"BreadcrumbList","@id":"https:\/\/www.strassenweb.de\/nachrichten\/sorry-pastelles-es-gibt-eine-neue-farbpalette-im-trend-fuer-den-fruehling-und-es-dreht-sich-alles-um-verspielte-und-gesaettigte-farbtoene\/#breadcrumb","itemListElement":[{"@type":"ListItem","position":1,"name":"Home","item":"https:\/\/www.strassenweb.de\/nachrichten\/"},{"@type":"ListItem","position":2,"name":"Sorry Pastelles, es gibt eine neue Farbpalette im Trend f\u00fcr den Fr\u00fchling &#8211; und es dreht sich alles um verspielte und ges\u00e4ttigte Farbt\u00f6ne"}]},{"@type":"WebSite","@id":"https:\/\/www.strassenweb.de\/nachrichten\/#website","url":"https:\/\/www.strassenweb.de\/nachrichten\/","name":"Stra\u00dfenweb","description":"Stra\u00dfenverzeichnis f\u00fcr Deutschland","publisher":{"@id":"https:\/\/www.strassenweb.de\/nachrichten\/#organization"},"potentialAction":[{"@type":"SearchAction","target":{"@type":"EntryPoint","urlTemplate":"https:\/\/www.strassenweb.de\/nachrichten\/?s={search_term_string}"},"query-input":{"@type":"PropertyValueSpecification","valueRequired":true,"valueName":"search_term_string"}}],"inLanguage":"de"},{"@type":"Organization","@id":"https:\/\/www.strassenweb.de\/nachrichten\/#organization","name":"Stra\u00dfenweb","url":"https:\/\/www.strassenweb.de\/nachrichten\/","logo":{"@type":"ImageObject","inLanguage":"de","@id":"https:\/\/www.strassenweb.de\/nachrichten\/#\/schema\/logo\/image\/","url":"https:\/\/www.strassenweb.de\/nachrichten\/wp-content\/uploads\/2024\/09\/cropped-favicon.png","contentUrl":"https:\/\/www.strassenweb.de\/nachrichten\/wp-content\/uploads\/2024\/09\/cropped-favicon.png","width":512,"height":512,"caption":"Stra\u00dfenweb"},"image":{"@id":"https:\/\/www.strassenweb.de\/nachrichten\/#\/schema\/logo\/image\/"},"sameAs":["https:\/\/www.facebook.com\/strassenweb\/"]},{"@type":"Person","@id":"https:\/\/www.strassenweb.de\/nachrichten\/#\/schema\/person\/87c9c9067f1211da429a744dc5a5aa41","name":"Robert Hoffmann","image":{"@type":"ImageObject","inLanguage":"de","@id":"https:\/\/www.strassenweb.de\/nachrichten\/wp-content\/uploads\/2024\/09\/strassenweb-150x150.jpg","url":"https:\/\/www.strassenweb.de\/nachrichten\/wp-content\/uploads\/2024\/09\/strassenweb-150x150.jpg","contentUrl":"https:\/\/www.strassenweb.de\/nachrichten\/wp-content\/uploads\/2024\/09\/strassenweb-150x150.jpg","caption":"Robert Hoffmann"},"description":"Ich hei\u00dfe Robert Hoffmann und ich bin ein leidenschaftlicher Verfechter von \u00d6kologie und Biodiversit\u00e4t. Seit meiner Kindheit in den W\u00e4ldern Bayerns f\u00fchle ich mich mit der Natur verbunden und bin entschlossen, sie zu sch\u00fctzen. Heute widme ich mein Leben der Sensibilisierung anderer f\u00fcr die Bedeutung des Umweltschutzes f\u00fcr zuk\u00fcnftige Generationen.","sameAs":["https:\/\/www.strassenweb.de\/"]}]}},"_links":{"self":[{"href":"https:\/\/www.strassenweb.de\/nachrichten\/wp-json\/wp\/v2\/posts\/3616","targetHints":{"allow":["GET"]}}],"collection":[{"href":"https:\/\/www.strassenweb.de\/nachrichten\/wp-json\/wp\/v2\/posts"}],"about":[{"href":"https:\/\/www.strassenweb.de\/nachrichten\/wp-json\/wp\/v2\/types\/post"}],"author":[{"embeddable":true,"href":"https:\/\/www.strassenweb.de\/nachrichten\/wp-json\/wp\/v2\/users\/1"}],"replies":[{"embeddable":true,"href":"https:\/\/www.strassenweb.de\/nachrichten\/wp-json\/wp\/v2\/comments?post=3616"}],"version-history":[{"count":0,"href":"https:\/\/www.strassenweb.de\/nachrichten\/wp-json\/wp\/v2\/posts\/3616\/revisions"}],"wp:featuredmedia":[{"embeddable":true,"href":"https:\/\/www.strassenweb.de\/nachrichten\/wp-json\/wp\/v2\/media\/3617"}],"wp:attachment":[{"href":"https:\/\/www.strassenweb.de\/nachrichten\/wp-json\/wp\/v2\/media?parent=3616"}],"wp:term":[{"taxonomy":"category","embeddable":true,"href":"https:\/\/www.strassenweb.de\/nachrichten\/wp-json\/wp\/v2\/categories?post=3616"},{"taxonomy":"post_tag","embeddable":true,"href":"https:\/\/www.strassenweb.de\/nachrichten\/wp-json\/wp\/v2\/tags?post=3616"}],"curies":[{"name":"wp","href":"https:\/\/api.w.org\/{rel}","templated":true}]}}