{"id":3596,"date":"2025-02-28T19:41:33","date_gmt":"2025-02-28T18:41:33","guid":{"rendered":"https:\/\/www.strassenweb.de\/nachrichten\/die-holzschraenke-von-demi-moores-haben-eine-charakteristische-aesthetik-mit-der-sie-sich-im-trend-auf-ewig-fuehlen-designer-sagen-dass-sie-sowohl-gemuetlich-als-auch-raffiniert-si\/"},"modified":"2025-02-28T19:41:34","modified_gmt":"2025-02-28T18:41:34","slug":"die-holzschraenke-von-demi-moores-haben-eine-charakteristische-aesthetik-mit-der-sie-sich-im-trend-auf-ewig-fuehlen-designer-sagen-dass-sie-sowohl-gemuetlich-als-auch-raffiniert-si","status":"publish","type":"post","link":"https:\/\/www.strassenweb.de\/nachrichten\/die-holzschraenke-von-demi-moores-haben-eine-charakteristische-aesthetik-mit-der-sie-sich-im-trend-auf-ewig-fuehlen-designer-sagen-dass-sie-sowohl-gemuetlich-als-auch-raffiniert-si\/","title":{"rendered":"Die Holzschr\u00e4nke von Demi Moores haben eine \u201echarakteristische \u00c4sthetik\u201c, mit der sie sich im Trend auf ewig f\u00fchlen-Designer sagen, dass sie sowohl gem\u00fctlich als auch raffiniert sind"},"content":{"rendered":"<p><\/p>\n<div id=\"article-body\" class=\"article__body \">\n<p>K\u00fcchenschr\u00e4nke sind Hauptziele f\u00fcr das Malerei, aber es kann tats\u00e4chlich eine eigene Aussage sein. Wir haben in rustikalen modernen H\u00e4usern immer wieder immer wieder mit Holzschr\u00e4nken gesehen, und jetzt hat sich Demi Moore den Reihen derjenigen angeschlossen, die sich f\u00fcr nat\u00fcrliche Schr\u00e4nke entscheiden.<\/p>\n<div id=\"ad-unit-1\" class=\"ad-unit\"><\/div>\n<p>Der Oscar-nominierte Schauspieler und Star von <em>Die Substanz <\/em>Sie teilte ein Foto ihrer K\u00fcche auf ihre Instagram-Seite, und wir konnten nicht anders, als die Holzschr\u00e4nke in ihrem Raum zu bemerken, und uns wiederum einige unbemalte Ideen f\u00fcr K\u00fcchenschrank.<\/p>\n<aside class=\"hawk-nest\" data-block-type=\"embed\" data-render-type=\"fte\" data-skip=\"dealsy\" data-widget-type=\"seasonal\">\n<div class=\"hawk-master-widget-hawk-base-wrapper\"><\/div>\n<\/aside>\n<p>Das nat\u00fcrliche Material verleiht dem Raum ein strukturelles Interesse und ein rustikales Element und kontrastiert das metallische Finish ihrer modernen Ger\u00e4te. Laut Experten sind die Vorteile der Einf\u00fchrung von Holzschr\u00e4nken reichlich.<\/p>\n<div id=\"desktop-in-article\" class=\"in-article ad-unit\">\n<div id=\"desktop-taboola-mid-article\"><\/div>\n<\/div>\n<div id=\"mobile-in-article\" class=\"in-article ad-unit\">\n<div id=\"mobile-taboola-mid-article\"><\/div>\n<\/div>\n<div class=\"instagram-embed\">\n<blockquote class=\"instagram-media\" data-instgrm-captioned data-instgrm-version=\"6\" style=\"width:99.375%; width:-webkit-calc(100% - 2px); width:calc(100% - 2px);\">\n<p>Ein Beitrag, der von Demi Moore (@Demimoore) geteilt wird<\/p>\n<p>Ein Foto von on <\/p>\n<\/blockquote>\n<\/div>\n<p>Zun\u00e4chst einmal tr\u00e4gt Wood zu einem Ambiente bei, das sowohl warm als auch einladend und schick ist.<\/p>\n<div class=\"van_vid_carousel\">\n<div class=\"van_vid_carousel__padding\">\n<div class=\"van_vid_carousel__container\"><\/div>\n<\/div>\n<\/div>\n<p>&#8222;Unbemalten Schr\u00e4nke haben einen einzigartigen Charme, der f\u00fcr nat\u00fcrliche Sch\u00f6nheit und zeitloses Design spricht&#8220;, sagt Designerin Nina Lichtenstein. Diese Schr\u00e4nke finden die rohe Eleganz von Holz und bieten eine unverwechselbare \u00c4sthetik, die jede K\u00fcche zu einem warmen und einladenden Raum macht. Ihr unverf\u00e4lschtes Finish erm\u00f6glicht das nat\u00fcrliche Getreide und die Textur des Holzes und schafft eine Atmosph\u00e4re, die sich sowohl gem\u00fctlich als auch raffiniert anf\u00fchlt. &#8218;<\/p>\n<div id=\"ad-unit-2\" class=\"ad-unit\"><\/div>\n<p>Abgesehen von ihrer Eleganz ist Holz ein robustes und praktisches Material, das Sie in die K\u00fcche einbeziehen k\u00f6nnen.<\/p>\n<p>&#8222;Ungelackte Schr\u00e4nke, oft mit einem Schutzdichtungsmittel, sind au\u00dfergew\u00f6hnlich langlebig&#8220;, erkl\u00e4rt Nina. \u201eIm Gegensatz zu bemalten Schr\u00e4nken sind sie im Laufe der Zeit weniger anf\u00e4llig f\u00fcr Abhaufen und Verschlei\u00df. Das nat\u00fcrliche Finish kann leicht mit \u00d6l oder Wachs erfrischt werden, wodurch seine Sch\u00f6nheit jahrelang aufrechterhalten wird. &#8218;<\/p>\n<div id=\"slice-container-newsletterForm-articleInbodyContent-q6itxTmqGxFdTno6VbEWyC\" class=\"slice-container newsletter-inbodyContent-slice newsletterForm-articleInbodyContent-q6itxTmqGxFdTno6VbEWyC slice-container-newsletterForm\"><\/div>\n<p>Dar\u00fcber hinaus wird Ihnen unabh\u00e4ngig von der Holzauswahl ein einzigartiges Erscheinungsbild garantiert.<\/p>\n<p>&#8222;Keine zwei Holzst\u00fccke sind genau gleich&#8220;, sagt Nina. &#8218;Die unterschiedlichen Muster und K\u00f6rner in unem gemalten Schr\u00e4nken verleihen Ihrer K\u00fcche Einzigartigkeit und machen sie wirklich einzigartig. Diese Individualit\u00e4t verleiht eine pers\u00f6nliche Note, die sich nicht replizieren kann. &#8218;<\/p>\n<p>Wir k\u00f6nnen sehen, dass Demi sich f\u00fcr einen mittleren Holzschatten entschieden hat, aber leichte W\u00e4sche eignen sich hervorragend f\u00fcr helle K\u00fcchen, w\u00e4hrend dunklere Eichen eine reichhaltige und fast launische Atmosph\u00e4re bieten.<\/p>\n<p>Denken Sie beim Stylen von unbemalten Schr\u00e4nken dar\u00fcber nach, andere nat\u00fcrliche Materialien einzuf\u00fchren, um alles zusammenzubinden (a la Holznagern). Alternativ kann Zubeh\u00f6r eine weitere Ebene der nat\u00fcrlichen Textur liefern.<\/p>\n<figure class=\"van-image-figure inline-layout \" data-bordeaux-image-check>\n<div class=\"image-full-width-wrapper\">\n<div class=\"image-widthsetter\" style=\"max-width:2000px;\"><\/div>\n<\/div>\n<\/figure>\n<p>\u201eBetrachten Sie die Arbeitsplatten von Naturstein- oder Metzgerblock, um das organische Gef\u00fchl zu verbessern, schl\u00e4gt Nina vor. &#8222;Ein U -Bahn -Fliesen -Backsplash in einem komplement\u00e4ren Ton kann einen Hauch von Moderne verleihen und gleichzeitig den Fokus auf die Schr\u00e4nke halten.&#8220;<\/p>\n<p>Sie f\u00e4hrt fort, \u201enat\u00fcrliche Elemente wie Topfkr\u00e4uter, Holzschneidebretter und gewebte K\u00f6rbe, um die erdige Atmosph\u00e4re zu verst\u00e4rken. Offenes Regale mit unbemaltem Holz kann Ihre bevorzugte Keramik und Glaswaren ausstellen und sowohl Funktionalit\u00e4t als auch Charme hinzuf\u00fcgen. &#8218;<\/p>\n<h2 id=\"shop-the-wood-kitchen-edit-3\">Kaufen Sie die Holzk\u00fcchenbearbeitung ein<\/h2>\n<div class=\"product-container hero-product-container product-block-no-wrap\"><\/div>\n<hr>\n<p>Versuchen Sie, neben Holzschr\u00e4nken mit kr\u00e4ftigen Farben zu experimentieren, um ein helles Aussehen zu erhalten, oder Neutrale f\u00fcr ein zur\u00fcckhaltendes, entspannendes Ambiente.<\/p>\n<hr>\n<\/div>\n<p><script async src=\"\/\/www.instagram.com\/embed.js\"><\/script><\/p>\n","protected":false},"excerpt":{"rendered":"<p>K\u00fcchenschr\u00e4nke sind Hauptziele f\u00fcr das Malerei, aber es kann tats\u00e4chlich eine eigene Aussage sein. Wir haben in rustikalen modernen H\u00e4usern immer wieder immer wieder mit<\/p>\n","protected":false},"author":1,"featured_media":3597,"comment_status":"closed","ping_status":"","sticky":false,"template":"","format":"standard","meta":{"footnotes":""},"categories":[118],"tags":[935,2884,436,46,5605,51,5604,81,9,74,5606,5607,934,469,5603,146,4622,3992,284,142,165,58,1434,504,21],"class_list":["post-3596","post","type-post","status-publish","format-standard","has-post-thumbnail","hentry","category-haus-garten","tag-als","tag-aesthetik","tag-auch","tag-auf","tag-charakteristische","tag-dass","tag-demi","tag-der","tag-die","tag-eine","tag-ewig","tag-fuehlendesigner","tag-gemuetlich","tag-haben","tag-holzschraenke","tag-mit","tag-moores","tag-raffiniert","tag-sagen","tag-sich","tag-sie","tag-sind","tag-sowohl","tag-trend","tag-von","generate-columns","tablet-grid-50","mobile-grid-100","grid-parent","grid-50"],"yoast_head":"<!-- This site is optimized with the Yoast SEO plugin v27.3 - https:\/\/yoast.com\/product\/yoast-seo-wordpress\/ -->\n<title>Die Holzschr\u00e4nke von Demi Moores haben eine \u201echarakteristische \u00c4sthetik\u201c, mit der sie sich im Trend auf ewig f\u00fchlen-Designer sagen, dass sie sowohl gem\u00fctlich als auch raffiniert sind - Nachrichten - Stra\u00dfenweb<\/title>\n<meta name=\"robots\" content=\"index, follow, max-snippet:-1, max-image-preview:large, max-video-preview:-1\" \/>\n<link rel=\"canonical\" href=\"https:\/\/www.strassenweb.de\/nachrichten\/die-holzschraenke-von-demi-moores-haben-eine-charakteristische-aesthetik-mit-der-sie-sich-im-trend-auf-ewig-fuehlen-designer-sagen-dass-sie-sowohl-gemuetlich-als-auch-raffiniert-si\/\" \/>\n<meta property=\"og:locale\" content=\"de_DE\" \/>\n<meta property=\"og:type\" content=\"article\" \/>\n<meta property=\"og:title\" content=\"Die Holzschr\u00e4nke von Demi Moores haben eine \u201echarakteristische \u00c4sthetik\u201c, mit der sie sich im Trend auf ewig f\u00fchlen-Designer sagen, dass sie sowohl gem\u00fctlich als auch raffiniert sind - Nachrichten - Stra\u00dfenweb\" \/>\n<meta property=\"og:description\" content=\"K\u00fcchenschr\u00e4nke sind Hauptziele f\u00fcr das Malerei, aber es kann tats\u00e4chlich eine eigene Aussage sein. Wir haben in rustikalen modernen H\u00e4usern immer wieder immer wieder mit\" \/>\n<meta property=\"og:url\" content=\"https:\/\/www.strassenweb.de\/nachrichten\/die-holzschraenke-von-demi-moores-haben-eine-charakteristische-aesthetik-mit-der-sie-sich-im-trend-auf-ewig-fuehlen-designer-sagen-dass-sie-sowohl-gemuetlich-als-auch-raffiniert-si\/\" \/>\n<meta property=\"og:site_name\" content=\"Stra\u00dfenweb\" \/>\n<meta property=\"article:publisher\" content=\"https:\/\/www.facebook.com\/strassenweb\/\" \/>\n<meta property=\"article:published_time\" content=\"2025-02-28T18:41:33+00:00\" \/>\n<meta property=\"article:modified_time\" content=\"2025-02-28T18:41:34+00:00\" \/>\n<meta property=\"og:image\" content=\"https:\/\/www.strassenweb.de\/nachrichten\/wp-content\/uploads\/2025\/02\/Die-Holzschraenke-von-Demi-Moores-haben-eine-\u201echarakteristische-Aesthetik-mit.jpg\" \/>\n\t<meta property=\"og:image:width\" content=\"1200\" \/>\n\t<meta property=\"og:image:height\" content=\"675\" \/>\n\t<meta property=\"og:image:type\" content=\"image\/jpeg\" \/>\n<meta name=\"author\" content=\"Robert Hoffmann\" \/>\n<meta name=\"twitter:card\" content=\"summary_large_image\" \/>\n<meta name=\"twitter:label1\" content=\"Verfasst von\" \/>\n\t<meta name=\"twitter:data1\" content=\"Robert Hoffmann\" \/>\n\t<meta name=\"twitter:label2\" content=\"Gesch\u00e4tzte Lesezeit\" \/>\n\t<meta name=\"twitter:data2\" content=\"3\u00a0Minuten\" \/>\n<script type=\"application\/ld+json\" class=\"yoast-schema-graph\">{\"@context\":\"https:\\\/\\\/schema.org\",\"@graph\":[{\"@type\":\"Article\",\"@id\":\"https:\\\/\\\/www.strassenweb.de\\\/nachrichten\\\/die-holzschraenke-von-demi-moores-haben-eine-charakteristische-aesthetik-mit-der-sie-sich-im-trend-auf-ewig-fuehlen-designer-sagen-dass-sie-sowohl-gemuetlich-als-auch-raffiniert-si\\\/#article\",\"isPartOf\":{\"@id\":\"https:\\\/\\\/www.strassenweb.de\\\/nachrichten\\\/die-holzschraenke-von-demi-moores-haben-eine-charakteristische-aesthetik-mit-der-sie-sich-im-trend-auf-ewig-fuehlen-designer-sagen-dass-sie-sowohl-gemuetlich-als-auch-raffiniert-si\\\/\"},\"author\":{\"name\":\"Robert Hoffmann\",\"@id\":\"https:\\\/\\\/www.strassenweb.de\\\/nachrichten\\\/#\\\/schema\\\/person\\\/87c9c9067f1211da429a744dc5a5aa41\"},\"headline\":\"Die Holzschr\u00e4nke von Demi Moores haben eine \u201echarakteristische \u00c4sthetik\u201c, mit der sie sich im Trend auf ewig f\u00fchlen-Designer sagen, dass sie sowohl gem\u00fctlich als auch raffiniert sind\",\"datePublished\":\"2025-02-28T18:41:33+00:00\",\"dateModified\":\"2025-02-28T18:41:34+00:00\",\"mainEntityOfPage\":{\"@id\":\"https:\\\/\\\/www.strassenweb.de\\\/nachrichten\\\/die-holzschraenke-von-demi-moores-haben-eine-charakteristische-aesthetik-mit-der-sie-sich-im-trend-auf-ewig-fuehlen-designer-sagen-dass-sie-sowohl-gemuetlich-als-auch-raffiniert-si\\\/\"},\"wordCount\":592,\"publisher\":{\"@id\":\"https:\\\/\\\/www.strassenweb.de\\\/nachrichten\\\/#organization\"},\"image\":{\"@id\":\"https:\\\/\\\/www.strassenweb.de\\\/nachrichten\\\/die-holzschraenke-von-demi-moores-haben-eine-charakteristische-aesthetik-mit-der-sie-sich-im-trend-auf-ewig-fuehlen-designer-sagen-dass-sie-sowohl-gemuetlich-als-auch-raffiniert-si\\\/#primaryimage\"},\"thumbnailUrl\":\"https:\\\/\\\/www.strassenweb.de\\\/nachrichten\\\/wp-content\\\/uploads\\\/2025\\\/02\\\/Die-Holzschraenke-von-Demi-Moores-haben-eine-\u201echarakteristische-Aesthetik-mit.jpg\",\"keywords\":[\"als\",\"\u00c4sthetik\",\"Auch\",\"auf\",\"charakteristische\",\"dass\",\"Demi\",\"der\",\"die\",\"eine\",\"ewig\",\"f\u00fchlenDesigner\",\"gem\u00fctlich\",\"haben\",\"Holzschr\u00e4nke\",\"mit\",\"Moores\",\"raffiniert\",\"sagen\",\"sich\",\"Sie\",\"sind\",\"sowohl\",\"Trend\",\"von\"],\"articleSection\":[\"Haus &amp; Garten\"],\"inLanguage\":\"de\"},{\"@type\":\"WebPage\",\"@id\":\"https:\\\/\\\/www.strassenweb.de\\\/nachrichten\\\/die-holzschraenke-von-demi-moores-haben-eine-charakteristische-aesthetik-mit-der-sie-sich-im-trend-auf-ewig-fuehlen-designer-sagen-dass-sie-sowohl-gemuetlich-als-auch-raffiniert-si\\\/\",\"url\":\"https:\\\/\\\/www.strassenweb.de\\\/nachrichten\\\/die-holzschraenke-von-demi-moores-haben-eine-charakteristische-aesthetik-mit-der-sie-sich-im-trend-auf-ewig-fuehlen-designer-sagen-dass-sie-sowohl-gemuetlich-als-auch-raffiniert-si\\\/\",\"name\":\"Die Holzschr\u00e4nke von Demi Moores haben eine \u201echarakteristische \u00c4sthetik\u201c, mit der sie sich im Trend auf ewig f\u00fchlen-Designer sagen, dass sie sowohl gem\u00fctlich als auch raffiniert sind - Nachrichten - Stra\u00dfenweb\",\"isPartOf\":{\"@id\":\"https:\\\/\\\/www.strassenweb.de\\\/nachrichten\\\/#website\"},\"primaryImageOfPage\":{\"@id\":\"https:\\\/\\\/www.strassenweb.de\\\/nachrichten\\\/die-holzschraenke-von-demi-moores-haben-eine-charakteristische-aesthetik-mit-der-sie-sich-im-trend-auf-ewig-fuehlen-designer-sagen-dass-sie-sowohl-gemuetlich-als-auch-raffiniert-si\\\/#primaryimage\"},\"image\":{\"@id\":\"https:\\\/\\\/www.strassenweb.de\\\/nachrichten\\\/die-holzschraenke-von-demi-moores-haben-eine-charakteristische-aesthetik-mit-der-sie-sich-im-trend-auf-ewig-fuehlen-designer-sagen-dass-sie-sowohl-gemuetlich-als-auch-raffiniert-si\\\/#primaryimage\"},\"thumbnailUrl\":\"https:\\\/\\\/www.strassenweb.de\\\/nachrichten\\\/wp-content\\\/uploads\\\/2025\\\/02\\\/Die-Holzschraenke-von-Demi-Moores-haben-eine-\u201echarakteristische-Aesthetik-mit.jpg\",\"datePublished\":\"2025-02-28T18:41:33+00:00\",\"dateModified\":\"2025-02-28T18:41:34+00:00\",\"breadcrumb\":{\"@id\":\"https:\\\/\\\/www.strassenweb.de\\\/nachrichten\\\/die-holzschraenke-von-demi-moores-haben-eine-charakteristische-aesthetik-mit-der-sie-sich-im-trend-auf-ewig-fuehlen-designer-sagen-dass-sie-sowohl-gemuetlich-als-auch-raffiniert-si\\\/#breadcrumb\"},\"inLanguage\":\"de\",\"potentialAction\":[{\"@type\":\"ReadAction\",\"target\":[\"https:\\\/\\\/www.strassenweb.de\\\/nachrichten\\\/die-holzschraenke-von-demi-moores-haben-eine-charakteristische-aesthetik-mit-der-sie-sich-im-trend-auf-ewig-fuehlen-designer-sagen-dass-sie-sowohl-gemuetlich-als-auch-raffiniert-si\\\/\"]}]},{\"@type\":\"ImageObject\",\"inLanguage\":\"de\",\"@id\":\"https:\\\/\\\/www.strassenweb.de\\\/nachrichten\\\/die-holzschraenke-von-demi-moores-haben-eine-charakteristische-aesthetik-mit-der-sie-sich-im-trend-auf-ewig-fuehlen-designer-sagen-dass-sie-sowohl-gemuetlich-als-auch-raffiniert-si\\\/#primaryimage\",\"url\":\"https:\\\/\\\/www.strassenweb.de\\\/nachrichten\\\/wp-content\\\/uploads\\\/2025\\\/02\\\/Die-Holzschraenke-von-Demi-Moores-haben-eine-\u201echarakteristische-Aesthetik-mit.jpg\",\"contentUrl\":\"https:\\\/\\\/www.strassenweb.de\\\/nachrichten\\\/wp-content\\\/uploads\\\/2025\\\/02\\\/Die-Holzschraenke-von-Demi-Moores-haben-eine-\u201echarakteristische-Aesthetik-mit.jpg\",\"width\":1200,\"height\":675,\"caption\":\"Die Holzschr\u00e4nke von Demi Moores haben eine \u201echarakteristische \u00c4sthetik\u201c, mit der sie sich im Trend auf ewig f\u00fchlen-Designer sagen, dass sie sowohl gem\u00fctlich als auch raffiniert sind\"},{\"@type\":\"BreadcrumbList\",\"@id\":\"https:\\\/\\\/www.strassenweb.de\\\/nachrichten\\\/die-holzschraenke-von-demi-moores-haben-eine-charakteristische-aesthetik-mit-der-sie-sich-im-trend-auf-ewig-fuehlen-designer-sagen-dass-sie-sowohl-gemuetlich-als-auch-raffiniert-si\\\/#breadcrumb\",\"itemListElement\":[{\"@type\":\"ListItem\",\"position\":1,\"name\":\"Home\",\"item\":\"https:\\\/\\\/www.strassenweb.de\\\/nachrichten\\\/\"},{\"@type\":\"ListItem\",\"position\":2,\"name\":\"Die Holzschr\u00e4nke von Demi Moores haben eine \u201echarakteristische \u00c4sthetik\u201c, mit der sie sich im Trend auf ewig f\u00fchlen-Designer sagen, dass sie sowohl gem\u00fctlich als auch raffiniert sind\"}]},{\"@type\":\"WebSite\",\"@id\":\"https:\\\/\\\/www.strassenweb.de\\\/nachrichten\\\/#website\",\"url\":\"https:\\\/\\\/www.strassenweb.de\\\/nachrichten\\\/\",\"name\":\"Stra\u00dfenweb\",\"description\":\"Stra\u00dfenverzeichnis f\u00fcr Deutschland\",\"publisher\":{\"@id\":\"https:\\\/\\\/www.strassenweb.de\\\/nachrichten\\\/#organization\"},\"potentialAction\":[{\"@type\":\"SearchAction\",\"target\":{\"@type\":\"EntryPoint\",\"urlTemplate\":\"https:\\\/\\\/www.strassenweb.de\\\/nachrichten\\\/?s={search_term_string}\"},\"query-input\":{\"@type\":\"PropertyValueSpecification\",\"valueRequired\":true,\"valueName\":\"search_term_string\"}}],\"inLanguage\":\"de\"},{\"@type\":\"Organization\",\"@id\":\"https:\\\/\\\/www.strassenweb.de\\\/nachrichten\\\/#organization\",\"name\":\"Stra\u00dfenweb\",\"url\":\"https:\\\/\\\/www.strassenweb.de\\\/nachrichten\\\/\",\"logo\":{\"@type\":\"ImageObject\",\"inLanguage\":\"de\",\"@id\":\"https:\\\/\\\/www.strassenweb.de\\\/nachrichten\\\/#\\\/schema\\\/logo\\\/image\\\/\",\"url\":\"https:\\\/\\\/www.strassenweb.de\\\/nachrichten\\\/wp-content\\\/uploads\\\/2024\\\/09\\\/cropped-favicon.png\",\"contentUrl\":\"https:\\\/\\\/www.strassenweb.de\\\/nachrichten\\\/wp-content\\\/uploads\\\/2024\\\/09\\\/cropped-favicon.png\",\"width\":512,\"height\":512,\"caption\":\"Stra\u00dfenweb\"},\"image\":{\"@id\":\"https:\\\/\\\/www.strassenweb.de\\\/nachrichten\\\/#\\\/schema\\\/logo\\\/image\\\/\"},\"sameAs\":[\"https:\\\/\\\/www.facebook.com\\\/strassenweb\\\/\"]},{\"@type\":\"Person\",\"@id\":\"https:\\\/\\\/www.strassenweb.de\\\/nachrichten\\\/#\\\/schema\\\/person\\\/87c9c9067f1211da429a744dc5a5aa41\",\"name\":\"Robert Hoffmann\",\"image\":{\"@type\":\"ImageObject\",\"inLanguage\":\"de\",\"@id\":\"https:\\\/\\\/www.strassenweb.de\\\/nachrichten\\\/wp-content\\\/uploads\\\/2024\\\/09\\\/strassenweb-150x150.jpg\",\"url\":\"https:\\\/\\\/www.strassenweb.de\\\/nachrichten\\\/wp-content\\\/uploads\\\/2024\\\/09\\\/strassenweb-150x150.jpg\",\"contentUrl\":\"https:\\\/\\\/www.strassenweb.de\\\/nachrichten\\\/wp-content\\\/uploads\\\/2024\\\/09\\\/strassenweb-150x150.jpg\",\"caption\":\"Robert Hoffmann\"},\"description\":\"Ich hei\u00dfe Robert Hoffmann und ich bin ein leidenschaftlicher Verfechter von \u00d6kologie und Biodiversit\u00e4t. Seit meiner Kindheit in den W\u00e4ldern Bayerns f\u00fchle ich mich mit der Natur verbunden und bin entschlossen, sie zu sch\u00fctzen. Heute widme ich mein Leben der Sensibilisierung anderer f\u00fcr die Bedeutung des Umweltschutzes f\u00fcr zuk\u00fcnftige Generationen.\",\"sameAs\":[\"https:\\\/\\\/www.strassenweb.de\\\/\"]}]}<\/script>\n<!-- \/ Yoast SEO plugin. -->","yoast_head_json":{"title":"Die Holzschr\u00e4nke von Demi Moores haben eine \u201echarakteristische \u00c4sthetik\u201c, mit der sie sich im Trend auf ewig f\u00fchlen-Designer sagen, dass sie sowohl gem\u00fctlich als auch raffiniert sind - Nachrichten - Stra\u00dfenweb","robots":{"index":"index","follow":"follow","max-snippet":"max-snippet:-1","max-image-preview":"max-image-preview:large","max-video-preview":"max-video-preview:-1"},"canonical":"https:\/\/www.strassenweb.de\/nachrichten\/die-holzschraenke-von-demi-moores-haben-eine-charakteristische-aesthetik-mit-der-sie-sich-im-trend-auf-ewig-fuehlen-designer-sagen-dass-sie-sowohl-gemuetlich-als-auch-raffiniert-si\/","og_locale":"de_DE","og_type":"article","og_title":"Die Holzschr\u00e4nke von Demi Moores haben eine \u201echarakteristische \u00c4sthetik\u201c, mit der sie sich im Trend auf ewig f\u00fchlen-Designer sagen, dass sie sowohl gem\u00fctlich als auch raffiniert sind - Nachrichten - Stra\u00dfenweb","og_description":"K\u00fcchenschr\u00e4nke sind Hauptziele f\u00fcr das Malerei, aber es kann tats\u00e4chlich eine eigene Aussage sein. Wir haben in rustikalen modernen H\u00e4usern immer wieder immer wieder mit","og_url":"https:\/\/www.strassenweb.de\/nachrichten\/die-holzschraenke-von-demi-moores-haben-eine-charakteristische-aesthetik-mit-der-sie-sich-im-trend-auf-ewig-fuehlen-designer-sagen-dass-sie-sowohl-gemuetlich-als-auch-raffiniert-si\/","og_site_name":"Stra\u00dfenweb","article_publisher":"https:\/\/www.facebook.com\/strassenweb\/","article_published_time":"2025-02-28T18:41:33+00:00","article_modified_time":"2025-02-28T18:41:34+00:00","og_image":[{"width":1200,"height":675,"url":"https:\/\/www.strassenweb.de\/nachrichten\/wp-content\/uploads\/2025\/02\/Die-Holzschraenke-von-Demi-Moores-haben-eine-\u201echarakteristische-Aesthetik-mit.jpg","type":"image\/jpeg"}],"author":"Robert Hoffmann","twitter_card":"summary_large_image","twitter_misc":{"Verfasst von":"Robert Hoffmann","Gesch\u00e4tzte Lesezeit":"3\u00a0Minuten"},"schema":{"@context":"https:\/\/schema.org","@graph":[{"@type":"Article","@id":"https:\/\/www.strassenweb.de\/nachrichten\/die-holzschraenke-von-demi-moores-haben-eine-charakteristische-aesthetik-mit-der-sie-sich-im-trend-auf-ewig-fuehlen-designer-sagen-dass-sie-sowohl-gemuetlich-als-auch-raffiniert-si\/#article","isPartOf":{"@id":"https:\/\/www.strassenweb.de\/nachrichten\/die-holzschraenke-von-demi-moores-haben-eine-charakteristische-aesthetik-mit-der-sie-sich-im-trend-auf-ewig-fuehlen-designer-sagen-dass-sie-sowohl-gemuetlich-als-auch-raffiniert-si\/"},"author":{"name":"Robert Hoffmann","@id":"https:\/\/www.strassenweb.de\/nachrichten\/#\/schema\/person\/87c9c9067f1211da429a744dc5a5aa41"},"headline":"Die Holzschr\u00e4nke von Demi Moores haben eine \u201echarakteristische \u00c4sthetik\u201c, mit der sie sich im Trend auf ewig f\u00fchlen-Designer sagen, dass sie sowohl gem\u00fctlich als auch raffiniert sind","datePublished":"2025-02-28T18:41:33+00:00","dateModified":"2025-02-28T18:41:34+00:00","mainEntityOfPage":{"@id":"https:\/\/www.strassenweb.de\/nachrichten\/die-holzschraenke-von-demi-moores-haben-eine-charakteristische-aesthetik-mit-der-sie-sich-im-trend-auf-ewig-fuehlen-designer-sagen-dass-sie-sowohl-gemuetlich-als-auch-raffiniert-si\/"},"wordCount":592,"publisher":{"@id":"https:\/\/www.strassenweb.de\/nachrichten\/#organization"},"image":{"@id":"https:\/\/www.strassenweb.de\/nachrichten\/die-holzschraenke-von-demi-moores-haben-eine-charakteristische-aesthetik-mit-der-sie-sich-im-trend-auf-ewig-fuehlen-designer-sagen-dass-sie-sowohl-gemuetlich-als-auch-raffiniert-si\/#primaryimage"},"thumbnailUrl":"https:\/\/www.strassenweb.de\/nachrichten\/wp-content\/uploads\/2025\/02\/Die-Holzschraenke-von-Demi-Moores-haben-eine-\u201echarakteristische-Aesthetik-mit.jpg","keywords":["als","\u00c4sthetik","Auch","auf","charakteristische","dass","Demi","der","die","eine","ewig","f\u00fchlenDesigner","gem\u00fctlich","haben","Holzschr\u00e4nke","mit","Moores","raffiniert","sagen","sich","Sie","sind","sowohl","Trend","von"],"articleSection":["Haus &amp; Garten"],"inLanguage":"de"},{"@type":"WebPage","@id":"https:\/\/www.strassenweb.de\/nachrichten\/die-holzschraenke-von-demi-moores-haben-eine-charakteristische-aesthetik-mit-der-sie-sich-im-trend-auf-ewig-fuehlen-designer-sagen-dass-sie-sowohl-gemuetlich-als-auch-raffiniert-si\/","url":"https:\/\/www.strassenweb.de\/nachrichten\/die-holzschraenke-von-demi-moores-haben-eine-charakteristische-aesthetik-mit-der-sie-sich-im-trend-auf-ewig-fuehlen-designer-sagen-dass-sie-sowohl-gemuetlich-als-auch-raffiniert-si\/","name":"Die Holzschr\u00e4nke von Demi Moores haben eine \u201echarakteristische \u00c4sthetik\u201c, mit der sie sich im Trend auf ewig f\u00fchlen-Designer sagen, dass sie sowohl gem\u00fctlich als auch raffiniert sind - Nachrichten - Stra\u00dfenweb","isPartOf":{"@id":"https:\/\/www.strassenweb.de\/nachrichten\/#website"},"primaryImageOfPage":{"@id":"https:\/\/www.strassenweb.de\/nachrichten\/die-holzschraenke-von-demi-moores-haben-eine-charakteristische-aesthetik-mit-der-sie-sich-im-trend-auf-ewig-fuehlen-designer-sagen-dass-sie-sowohl-gemuetlich-als-auch-raffiniert-si\/#primaryimage"},"image":{"@id":"https:\/\/www.strassenweb.de\/nachrichten\/die-holzschraenke-von-demi-moores-haben-eine-charakteristische-aesthetik-mit-der-sie-sich-im-trend-auf-ewig-fuehlen-designer-sagen-dass-sie-sowohl-gemuetlich-als-auch-raffiniert-si\/#primaryimage"},"thumbnailUrl":"https:\/\/www.strassenweb.de\/nachrichten\/wp-content\/uploads\/2025\/02\/Die-Holzschraenke-von-Demi-Moores-haben-eine-\u201echarakteristische-Aesthetik-mit.jpg","datePublished":"2025-02-28T18:41:33+00:00","dateModified":"2025-02-28T18:41:34+00:00","breadcrumb":{"@id":"https:\/\/www.strassenweb.de\/nachrichten\/die-holzschraenke-von-demi-moores-haben-eine-charakteristische-aesthetik-mit-der-sie-sich-im-trend-auf-ewig-fuehlen-designer-sagen-dass-sie-sowohl-gemuetlich-als-auch-raffiniert-si\/#breadcrumb"},"inLanguage":"de","potentialAction":[{"@type":"ReadAction","target":["https:\/\/www.strassenweb.de\/nachrichten\/die-holzschraenke-von-demi-moores-haben-eine-charakteristische-aesthetik-mit-der-sie-sich-im-trend-auf-ewig-fuehlen-designer-sagen-dass-sie-sowohl-gemuetlich-als-auch-raffiniert-si\/"]}]},{"@type":"ImageObject","inLanguage":"de","@id":"https:\/\/www.strassenweb.de\/nachrichten\/die-holzschraenke-von-demi-moores-haben-eine-charakteristische-aesthetik-mit-der-sie-sich-im-trend-auf-ewig-fuehlen-designer-sagen-dass-sie-sowohl-gemuetlich-als-auch-raffiniert-si\/#primaryimage","url":"https:\/\/www.strassenweb.de\/nachrichten\/wp-content\/uploads\/2025\/02\/Die-Holzschraenke-von-Demi-Moores-haben-eine-\u201echarakteristische-Aesthetik-mit.jpg","contentUrl":"https:\/\/www.strassenweb.de\/nachrichten\/wp-content\/uploads\/2025\/02\/Die-Holzschraenke-von-Demi-Moores-haben-eine-\u201echarakteristische-Aesthetik-mit.jpg","width":1200,"height":675,"caption":"Die Holzschr\u00e4nke von Demi Moores haben eine \u201echarakteristische \u00c4sthetik\u201c, mit der sie sich im Trend auf ewig f\u00fchlen-Designer sagen, dass sie sowohl gem\u00fctlich als auch raffiniert sind"},{"@type":"BreadcrumbList","@id":"https:\/\/www.strassenweb.de\/nachrichten\/die-holzschraenke-von-demi-moores-haben-eine-charakteristische-aesthetik-mit-der-sie-sich-im-trend-auf-ewig-fuehlen-designer-sagen-dass-sie-sowohl-gemuetlich-als-auch-raffiniert-si\/#breadcrumb","itemListElement":[{"@type":"ListItem","position":1,"name":"Home","item":"https:\/\/www.strassenweb.de\/nachrichten\/"},{"@type":"ListItem","position":2,"name":"Die Holzschr\u00e4nke von Demi Moores haben eine \u201echarakteristische \u00c4sthetik\u201c, mit der sie sich im Trend auf ewig f\u00fchlen-Designer sagen, dass sie sowohl gem\u00fctlich als auch raffiniert sind"}]},{"@type":"WebSite","@id":"https:\/\/www.strassenweb.de\/nachrichten\/#website","url":"https:\/\/www.strassenweb.de\/nachrichten\/","name":"Stra\u00dfenweb","description":"Stra\u00dfenverzeichnis f\u00fcr Deutschland","publisher":{"@id":"https:\/\/www.strassenweb.de\/nachrichten\/#organization"},"potentialAction":[{"@type":"SearchAction","target":{"@type":"EntryPoint","urlTemplate":"https:\/\/www.strassenweb.de\/nachrichten\/?s={search_term_string}"},"query-input":{"@type":"PropertyValueSpecification","valueRequired":true,"valueName":"search_term_string"}}],"inLanguage":"de"},{"@type":"Organization","@id":"https:\/\/www.strassenweb.de\/nachrichten\/#organization","name":"Stra\u00dfenweb","url":"https:\/\/www.strassenweb.de\/nachrichten\/","logo":{"@type":"ImageObject","inLanguage":"de","@id":"https:\/\/www.strassenweb.de\/nachrichten\/#\/schema\/logo\/image\/","url":"https:\/\/www.strassenweb.de\/nachrichten\/wp-content\/uploads\/2024\/09\/cropped-favicon.png","contentUrl":"https:\/\/www.strassenweb.de\/nachrichten\/wp-content\/uploads\/2024\/09\/cropped-favicon.png","width":512,"height":512,"caption":"Stra\u00dfenweb"},"image":{"@id":"https:\/\/www.strassenweb.de\/nachrichten\/#\/schema\/logo\/image\/"},"sameAs":["https:\/\/www.facebook.com\/strassenweb\/"]},{"@type":"Person","@id":"https:\/\/www.strassenweb.de\/nachrichten\/#\/schema\/person\/87c9c9067f1211da429a744dc5a5aa41","name":"Robert Hoffmann","image":{"@type":"ImageObject","inLanguage":"de","@id":"https:\/\/www.strassenweb.de\/nachrichten\/wp-content\/uploads\/2024\/09\/strassenweb-150x150.jpg","url":"https:\/\/www.strassenweb.de\/nachrichten\/wp-content\/uploads\/2024\/09\/strassenweb-150x150.jpg","contentUrl":"https:\/\/www.strassenweb.de\/nachrichten\/wp-content\/uploads\/2024\/09\/strassenweb-150x150.jpg","caption":"Robert Hoffmann"},"description":"Ich hei\u00dfe Robert Hoffmann und ich bin ein leidenschaftlicher Verfechter von \u00d6kologie und Biodiversit\u00e4t. Seit meiner Kindheit in den W\u00e4ldern Bayerns f\u00fchle ich mich mit der Natur verbunden und bin entschlossen, sie zu sch\u00fctzen. Heute widme ich mein Leben der Sensibilisierung anderer f\u00fcr die Bedeutung des Umweltschutzes f\u00fcr zuk\u00fcnftige Generationen.","sameAs":["https:\/\/www.strassenweb.de\/"]}]}},"_links":{"self":[{"href":"https:\/\/www.strassenweb.de\/nachrichten\/wp-json\/wp\/v2\/posts\/3596","targetHints":{"allow":["GET"]}}],"collection":[{"href":"https:\/\/www.strassenweb.de\/nachrichten\/wp-json\/wp\/v2\/posts"}],"about":[{"href":"https:\/\/www.strassenweb.de\/nachrichten\/wp-json\/wp\/v2\/types\/post"}],"author":[{"embeddable":true,"href":"https:\/\/www.strassenweb.de\/nachrichten\/wp-json\/wp\/v2\/users\/1"}],"replies":[{"embeddable":true,"href":"https:\/\/www.strassenweb.de\/nachrichten\/wp-json\/wp\/v2\/comments?post=3596"}],"version-history":[{"count":0,"href":"https:\/\/www.strassenweb.de\/nachrichten\/wp-json\/wp\/v2\/posts\/3596\/revisions"}],"wp:featuredmedia":[{"embeddable":true,"href":"https:\/\/www.strassenweb.de\/nachrichten\/wp-json\/wp\/v2\/media\/3597"}],"wp:attachment":[{"href":"https:\/\/www.strassenweb.de\/nachrichten\/wp-json\/wp\/v2\/media?parent=3596"}],"wp:term":[{"taxonomy":"category","embeddable":true,"href":"https:\/\/www.strassenweb.de\/nachrichten\/wp-json\/wp\/v2\/categories?post=3596"},{"taxonomy":"post_tag","embeddable":true,"href":"https:\/\/www.strassenweb.de\/nachrichten\/wp-json\/wp\/v2\/tags?post=3596"}],"curies":[{"name":"wp","href":"https:\/\/api.w.org\/{rel}","templated":true}]}}