{"id":3580,"date":"2025-02-27T23:54:03","date_gmt":"2025-02-27T22:54:03","guid":{"rendered":"https:\/\/www.strassenweb.de\/nachrichten\/was-ist-die-beste-lackierung-die-sie-mit-dunklen-farben-dekorieren-koennen-lackexperten-teilen-alles-was-sie-wissen-muessen\/"},"modified":"2025-02-27T23:54:04","modified_gmt":"2025-02-27T22:54:04","slug":"was-ist-die-beste-lackierung-die-sie-mit-dunklen-farben-dekorieren-koennen-lackexperten-teilen-alles-was-sie-wissen-muessen","status":"publish","type":"post","link":"https:\/\/www.strassenweb.de\/nachrichten\/was-ist-die-beste-lackierung-die-sie-mit-dunklen-farben-dekorieren-koennen-lackexperten-teilen-alles-was-sie-wissen-muessen\/","title":{"rendered":"Was ist die beste Lackierung, die Sie mit dunklen Farben dekorieren k\u00f6nnen? Lackexperten teilen alles, was Sie wissen m\u00fcssen"},"content":{"rendered":"<p><\/p>\n<div id=\"article-body\" class=\"article__body \">\n<p>Sie m\u00fcssen nicht nur die richtige Farbfarbe beim Dekorieren eines Raums ausw\u00e4hlen, sondern auch \u00fcberlegen, welches Lackier am besten ist. Und wenn es um die Dekoration mit dunklen Farben geht, k\u00f6nnen verschiedene Farben die Art und Weise, wie die Farbe erscheint, vollst\u00e4ndig ver\u00e4ndern.<\/p>\n<div id=\"ad-unit-1\" class=\"ad-unit\"><\/div>\n<p>&#8222;Bei der Auswahl eines Lackiervorgangs ist es wichtig, sowohl \u00fcber die leichte Reflexion als auch \u00fcber die Stimmung nachzudenken, die Sie einstellen m\u00f6chten&#8220;, erkl\u00e4rt Ruth Mottershead, Creative Director bei Little Greene. Von Ultra-Matte-Oberfl\u00e4chen, die einen launischen Look bis hin zu hochgl\u00e4nzenden Oberfl\u00e4chen erzeugen k\u00f6nnen, die Drama hinzuf\u00fcgen, verf\u00fcgt jedes Farbfinish auch mit unterschiedlichen praktischen Eigenschaften, die dazu beitragen sollten, Ihre Entscheidung zu informieren.<\/p>\n<aside class=\"hawk-nest\" data-block-type=\"embed\" data-render-type=\"fte\" data-skip=\"dealsy\" data-widget-type=\"seasonal\">\n<div class=\"hawk-master-widget-hawk-base-wrapper\"><\/div>\n<\/aside>\n<p>Und so haben wir uns um Farbspezialisten zu malen, die unten die besten Farben f\u00fcr dunkle Farben erkl\u00e4ren, um Ihnen mit allen bevorstehenden Farbideen etwas zu steuern.<\/p>\n<div id=\"desktop-in-article\" class=\"in-article ad-unit\">\n<div id=\"desktop-taboola-mid-article\"><\/div>\n<\/div>\n<div id=\"mobile-in-article\" class=\"in-article ad-unit\">\n<div id=\"mobile-taboola-mid-article\"><\/div>\n<\/div>\n<h3 class=\"article-body__section\" id=\"section-1-use-a-matte-finish-to-soften-dark-colors\"><span>1. Verwenden Sie ein mattes Finish, um dunkle Farben zu erweichen<\/span><\/h3>\n<figure class=\"van-image-figure inline-layout \" data-bordeaux-image-check>\n<div class=\"image-full-width-wrapper\">\n<div class=\"image-widthsetter\" style=\"max-width:2000px;\"><\/div>\n<\/div>\n<\/figure>\n<p>&#8222;Die Wahl zwischen Gloss und Matte h\u00e4ngt von dem Look ab, den Sie erreichen m\u00f6chten&#8220;, sagt Helen Shaw, Marketingdirektor (International) bei Benjamin Moore. &#8218;Die Gesamtstruktur eines matten Finishs verleiht den Innenr\u00e4umen luxuri\u00f6s und bietet ein fast kalkhaltiges Aussehen. Es ist eine besonders gute Auswahl an Finish f\u00fcr dunklere Farben, da es dazu beitr\u00e4gt, sie in einem Raum zu erweichen. &#8218;<\/p>\n<div class=\"van_vid_carousel\">\n<div class=\"van_vid_carousel__padding\">\n<div class=\"van_vid_carousel__container\"><\/div>\n<\/div>\n<\/div>\n<p>Die matten Oberfl\u00e4chen k\u00f6nnen nicht nur die reichen Farben dunkler Farben erweichen, sondern auch dazu beitragen, einen launischen Look zu erzielen, wenn dies die \u00c4sthetik ist, die Sie erstellen m\u00f6chten: \u201eMatte oder flache Oberfl\u00e4chen sind ideal, um eine launische und raffinierte Atmosph\u00e4re zu schaffen. Dieses Finish neigt dazu, Licht zu absorbieren, anstatt es zu reflektieren, was die dunkle Farbe verhalten und luxuri\u00f6ser anf\u00fchlt \u201c, erkl\u00e4rt Ashley McCollum, Color Expert bei Glidden.<\/p>\n<div id=\"ad-unit-2\" class=\"ad-unit\"><\/div>\n<p>\u00dcber den launischen, leicht erweichten Look von matten Oberfl\u00e4chen mit dunklen Farben lohnt es sich auch, ihre praktischen Eigenschaften zu ber\u00fccksichtigen. Matte Farben sind nicht am einfachsten zu reinigen. Sie sollten also dar\u00fcber nachdenken, in welchem \u200b\u200bRaum Sie sie benutzen. In Bereichen mit hohem Handel k\u00f6nnen Sie sich besser f\u00fcr ein h\u00f6heres Finish entscheiden, der leichter gereinigt werden kann. &#8218;Matt oder flach sind im Allgemeinen schwieriger zu reinigen. Decken und Feature -W\u00e4nde sind gro\u00dfartige M\u00f6glichkeiten f\u00fcr diese Art von Finish, f\u00fcgt Ashley hinzu.<\/p>\n<h3 class=\"article-body__section\" id=\"section-2-go-for-gloss-paints-to-add-drama\"><span>2. Gehen Sie f\u00fcr gl\u00e4nzende Farben, um Drama hinzuzuf\u00fcgen<\/span><\/h3>\n<figure class=\"van-image-figure inline-layout \" data-bordeaux-image-check>\n<div class=\"image-full-width-wrapper\">\n<div class=\"image-widthsetter\" style=\"max-width:2000px;\"><\/div>\n<\/div>\n<\/figure>\n<p>Am gegen\u00fcberliegenden Ende der Skala k\u00f6nnen Glanzfarben eine gro\u00dfartige M\u00f6glichkeit sein, Ihrem Schema ein Drama zu verleihen, wenn Sie mit dunklen Farben dekorieren.<\/p>\n<p>&#8222;Wenn es richtig verwendet wird, gibt es nichts Sch\u00f6neres, als sich f\u00fcr ein umfassendes Gloss-Finish zu entscheiden, um einem Raum ein Drama zu verleihen&#8220;, erkl\u00e4rt Helen Shaw. \u201eEinige Angst, dass das Hinzuf\u00fcgen einer dunklen Farbe zu einem Raum klaustrophobisch erscheinen wird, doch dunkle Farben absorbieren das Licht geschickt und lassen die Trennung zwischen den W\u00e4nden verschwommen. Dieser &#8222;verschwommene Kanten&#8220; -Effekt verleiht einem Raum Tiefe und Dimension, wodurch der Raum gr\u00f6\u00dfer erscheinen wird als so enger, wie manche m\u00f6gen. &#8222;<\/p>\n<p>Auch hier ist es wichtig, die praktische Seite Ihrer Lackierungen zu ber\u00fccksichtigen, wobei gl\u00e4nzende Farben eher Oberfl\u00e4chenunfehlern (obwohl leichter zu reinigen) zeigen, wie Helen erkl\u00e4rt: \u201eGlanzfl\u00e4chen sind anf\u00e4lliger f\u00fcr die Hervorhebung von Oberfl\u00e4chenblahien, insbesondere bei der Verwendung einer dunklen Farbe ist es wichtig, dies zu ber\u00fccksichtigen. Durch die Vorbereitung der Oberfl\u00e4che sicherzustellen, dass die Anwendung so makellos wie m\u00f6glich ist oder wenn Sie Oberfl\u00e4chen dekorieren, die unvermeidbare Unvollkommenheiten aufweisen, sollten Sie ein mattes Finish in Betracht ziehen, um diese besser zu maskieren. &#8218;<\/p>\n<p>&#8218;Night Owl ist ein zutiefst faszinierender Braunschon mit gr\u00fcnen Untert\u00f6nen, die einem Raum W\u00e4rme und Raffinesse verleihen. Wenn Sie diesen Farbton in einem gl\u00e4nzenden Finish verwenden, wird ein gem\u00fctlicher R\u00fcckzugsort erzeugt &#8211; nicht nur Reflexion und Dimension, sondern auch ein Gef\u00fchl des charakteristischen Luxus in Ihrem Raum schaffen \u201c, sagt Helen.<\/p>\n<h3 class=\"article-body__section\" id=\"section-3-use-eggshell-finishes-in-high-traffic-areas\"><span>3.. Verwenden Sie die Eierschalen-Oberfl\u00e4chen in Hochtildern in Bereichen<\/span><\/h3>\n<figure class=\"van-image-figure inline-layout \" data-bordeaux-image-check>\n<div class=\"image-full-width-wrapper\">\n<div class=\"image-widthsetter\" style=\"max-width:2000px;\"><\/div>\n<\/div>\n<\/figure>\n<p>F\u00fcr ein gl\u00fcckliches Medium zwischen matten und gl\u00e4nzenden Oberfl\u00e4chen liefern die Eierschalenfarbe mehr Glanz als Matt, sind aber nicht so dramatisch wie Glanz.<\/p>\n<p>Erika Woelel, VP of Color and Creative Services bei Behr, erkl\u00e4rt, dass Eierschalen-Oberfl\u00e4chen sowohl f\u00fcr R\u00e4ume mit schlechten Lichtverh\u00e4ltnissen als auch mit hohen Handeln eine gute Wahl sind: Gebiete mit hohem Handel:<\/p>\n<p>\u201eWenn Sie dunkle Farben in einem Raum mit begrenztem nat\u00fcrlichen Licht verwenden, kann die Auswahl einer Farbe mit einem leichten Glanz helfen, den Raum aufzuhellen, indem Sie das Licht reflektieren. Eierschalen-Oberfl\u00e4chen eignen sich hervorragend f\u00fcr Hochverkehrsbereiche wie Flure oder K\u00fcchen, die Haltbarkeit und einfaches Reinigen bieten. Ein halbgl\u00e4nzendes Finish wie Behr Ultra\u00ae Interior Paint &#038; Primer eignet sich auch hervorragend zum Hervorheben von Details wie Trimm, Form oder integriertem Regalen, wenn sie mit dunklen Farben kombiniert werden. &#8218;<\/p>\n<h3 class=\"article-body__section\" id=\"section-4-add-depth-to-dark-colors-with-a-satin-finish\"><span>4. F\u00fcgen Sie dunkle Farben mit einem Satin -Finish Tiefe hinzu<\/span><\/h3>\n<figure class=\"van-image-figure inline-layout \" data-bordeaux-image-check>\n<div class=\"image-full-width-wrapper\">\n<div class=\"image-widthsetter\" style=\"max-width:2000px;\"><\/div>\n<\/div>\n<\/figure>\n<p>Eine weitere Option f\u00fcr Ihre Lackierung beim Dekorieren mit dunklen Farben ist Satin, der einen subtilen Glanz bietet. Hier wird Little Green&#8217;s Dock Blue in der Badewanne im &#8218;intelligenten Satin&#8216; -Finish verwendet.<\/p>\n<p>&#8222;Satin hat ein glattes und samtiges Finish mit einem Hauch von Glanz, der dazu beitragen kann, die Tiefe der dunklen Farben zu verbessern&#8220;, erkl\u00e4rt Ashley McCollum. \u201eEs reflektiert mehr leichte als Eierschalen, wodurch sich R\u00e4ume lebhafter anf\u00fchlen, ohne Unvollkommenheiten zu \u00fcberbetonieren. Es ist auch einfach, sich zu wischen, sodass es f\u00fcr hochvertr\u00e4gliche Bereiche wie K\u00fcchen, Flure, Eing\u00e4nge, Badezimmer und Kinderzimmer hervorragend ist. &#8218;<\/p>\n<h3 class=\"article-body__section\" id=\"section-5-decorate-with-gloss-and-matte-finishes-to-add-interest\"><span>5. Dekorieren Sie mit Glanz und matten Oberfl\u00e4chen, um Interesse zu verleihen<\/span><\/h3>\n<figure class=\"van-image-figure inline-layout \" data-bordeaux-image-check>\n<div class=\"image-full-width-wrapper\">\n<div class=\"image-widthsetter\" style=\"max-width:2000px;\"><\/div>\n<\/div>\n<\/figure>\n<p>Um Ihrem dunklen Farbschema Interesse zu verleihen, mischen Sie verschiedene Farben in einem Raum. Auf diese Weise k\u00f6nnen Sie f\u00fcr jeden Bereich das beste Finish aus praktischer Sicht verwenden und gleichzeitig das Designinteresse durch unterschiedliche Glanzniveaus hinzuf\u00fcgen. W\u00e4hrend Sie auch verschiedene Farben in Ihrem Schema mischen k\u00f6nnen, ist es eine einfache M\u00f6glichkeit, die Dinge koh\u00e4rent zu halten.<\/p>\n<p>\u201eF\u00fcr ein anspruchsvolles und langlebiges Schema versuchen Sie, Glanz- und Matte -Oberfl\u00e4chen zu kombinieren. Malen Sie beispielsweise den Bereich unter einer Dado-Schiene in Glanz mit einem mattem, mattem Ende. Dies wird nicht nur ein praktisches Finish liefern, sondern diese kontrastierenden Glanzniveaus werden auch Konstruktionsdetails liefern \u201c, sagt Ruth Mottershead von Little Greene.<\/p>\n<p>&#8218;Ein flaches mattes Finish wie&#8216; absolute Matt&#8216;-Emulsion hat eine subtile, niedrige Stufe von nur 2%, was zu einer weichen, kalkhaltigen Textur f\u00fchrt, die in dunkleren Farbt\u00f6nen wundersch\u00f6n funktioniert. Dies schafft ein raffiniertes, atmosph\u00e4risches Gef\u00fchl, ideal f\u00fcr einen gem\u00fctlichen und intimen Raum. Im Gegensatz dazu bietet ein luxuri\u00f6ses Gloss -Finish wie &#8222;Intelligent Gloss&#8220; einen sehr reflektierenden Glanz von 80%, der mehr Licht zur\u00fcck in den Raum reflektiert &#8222;, f\u00fcgt Ruth hinzu.<\/p>\n<hr>\n<p>Neben der \u00e4sthetischen Attraktivit\u00e4t jedes Farbvorgangs sollten Sie auch \u00fcber ihre praktischen Aspekte nachdenken. Gloss -Oberfl\u00e4chen sind im Allgemeinen leichter zu reinigen (zeigen jedoch leichter Wandmangel) und schaffen einen dramatischen, raffinierten Look. W\u00e4hrend matte Oberfl\u00e4chen schwieriger zu reinigen sein k\u00f6nnen und ein weicheres, ged\u00e4mpftes Aussehen mit dunklen Farben bieten k\u00f6nnen.<\/p>\n<\/div>\n","protected":false},"excerpt":{"rendered":"<p>Sie m\u00fcssen nicht nur die richtige Farbfarbe beim Dekorieren eines Raums ausw\u00e4hlen, sondern auch \u00fcberlegen, welches Lackier am besten ist. Und wenn es um die<\/p>\n","protected":false},"author":1,"featured_media":3581,"comment_status":"closed","ping_status":"","sticky":false,"template":"","format":"standard","meta":{"footnotes":""},"categories":[118],"tags":[157,201,1126,9,181,874,15,689,5584,5583,146,594,165,1866,2774],"class_list":["post-3580","post","type-post","status-publish","format-standard","has-post-thumbnail","hentry","category-haus-garten","tag-alles","tag-beste","tag-dekorieren","tag-die","tag-dunklen","tag-farben","tag-ist","tag-koennen","tag-lackexperten","tag-lackierung","tag-mit","tag-muessen","tag-sie","tag-teilen","tag-wissen","generate-columns","tablet-grid-50","mobile-grid-100","grid-parent","grid-50"],"yoast_head":"<!-- This site is optimized with the Yoast SEO plugin v27.3 - https:\/\/yoast.com\/product\/yoast-seo-wordpress\/ -->\n<title>Was ist die beste Lackierung, die Sie mit dunklen Farben dekorieren k\u00f6nnen? Lackexperten teilen alles, was Sie wissen m\u00fcssen - Nachrichten - Stra\u00dfenweb<\/title>\n<meta name=\"robots\" content=\"index, follow, max-snippet:-1, max-image-preview:large, max-video-preview:-1\" \/>\n<link rel=\"canonical\" href=\"https:\/\/www.strassenweb.de\/nachrichten\/was-ist-die-beste-lackierung-die-sie-mit-dunklen-farben-dekorieren-koennen-lackexperten-teilen-alles-was-sie-wissen-muessen\/\" \/>\n<meta property=\"og:locale\" content=\"de_DE\" \/>\n<meta property=\"og:type\" content=\"article\" \/>\n<meta property=\"og:title\" content=\"Was ist die beste Lackierung, die Sie mit dunklen Farben dekorieren k\u00f6nnen? Lackexperten teilen alles, was Sie wissen m\u00fcssen - Nachrichten - Stra\u00dfenweb\" \/>\n<meta property=\"og:description\" content=\"Sie m\u00fcssen nicht nur die richtige Farbfarbe beim Dekorieren eines Raums ausw\u00e4hlen, sondern auch \u00fcberlegen, welches Lackier am besten ist. Und wenn es um die\" \/>\n<meta property=\"og:url\" content=\"https:\/\/www.strassenweb.de\/nachrichten\/was-ist-die-beste-lackierung-die-sie-mit-dunklen-farben-dekorieren-koennen-lackexperten-teilen-alles-was-sie-wissen-muessen\/\" \/>\n<meta property=\"og:site_name\" content=\"Stra\u00dfenweb\" \/>\n<meta property=\"article:publisher\" content=\"https:\/\/www.facebook.com\/strassenweb\/\" \/>\n<meta property=\"article:published_time\" content=\"2025-02-27T22:54:03+00:00\" \/>\n<meta property=\"article:modified_time\" content=\"2025-02-27T22:54:04+00:00\" \/>\n<meta property=\"og:image\" content=\"https:\/\/www.strassenweb.de\/nachrichten\/wp-content\/uploads\/2025\/02\/Was-ist-die-beste-Lackierung-die-Sie-mit-dunklen-Farben.jpg\" \/>\n\t<meta property=\"og:image:width\" content=\"1200\" \/>\n\t<meta property=\"og:image:height\" content=\"1440\" \/>\n\t<meta property=\"og:image:type\" content=\"image\/jpeg\" \/>\n<meta name=\"author\" content=\"Robert Hoffmann\" \/>\n<meta name=\"twitter:card\" content=\"summary_large_image\" \/>\n<meta name=\"twitter:label1\" content=\"Verfasst von\" \/>\n\t<meta name=\"twitter:data1\" content=\"Robert Hoffmann\" \/>\n\t<meta name=\"twitter:label2\" content=\"Gesch\u00e4tzte Lesezeit\" \/>\n\t<meta name=\"twitter:data2\" content=\"6\u00a0Minuten\" \/>\n<script type=\"application\/ld+json\" class=\"yoast-schema-graph\">{\"@context\":\"https:\\\/\\\/schema.org\",\"@graph\":[{\"@type\":\"Article\",\"@id\":\"https:\\\/\\\/www.strassenweb.de\\\/nachrichten\\\/was-ist-die-beste-lackierung-die-sie-mit-dunklen-farben-dekorieren-koennen-lackexperten-teilen-alles-was-sie-wissen-muessen\\\/#article\",\"isPartOf\":{\"@id\":\"https:\\\/\\\/www.strassenweb.de\\\/nachrichten\\\/was-ist-die-beste-lackierung-die-sie-mit-dunklen-farben-dekorieren-koennen-lackexperten-teilen-alles-was-sie-wissen-muessen\\\/\"},\"author\":{\"name\":\"Robert Hoffmann\",\"@id\":\"https:\\\/\\\/www.strassenweb.de\\\/nachrichten\\\/#\\\/schema\\\/person\\\/87c9c9067f1211da429a744dc5a5aa41\"},\"headline\":\"Was ist die beste Lackierung, die Sie mit dunklen Farben dekorieren k\u00f6nnen? Lackexperten teilen alles, was Sie wissen m\u00fcssen\",\"datePublished\":\"2025-02-27T22:54:03+00:00\",\"dateModified\":\"2025-02-27T22:54:04+00:00\",\"mainEntityOfPage\":{\"@id\":\"https:\\\/\\\/www.strassenweb.de\\\/nachrichten\\\/was-ist-die-beste-lackierung-die-sie-mit-dunklen-farben-dekorieren-koennen-lackexperten-teilen-alles-was-sie-wissen-muessen\\\/\"},\"wordCount\":1222,\"publisher\":{\"@id\":\"https:\\\/\\\/www.strassenweb.de\\\/nachrichten\\\/#organization\"},\"image\":{\"@id\":\"https:\\\/\\\/www.strassenweb.de\\\/nachrichten\\\/was-ist-die-beste-lackierung-die-sie-mit-dunklen-farben-dekorieren-koennen-lackexperten-teilen-alles-was-sie-wissen-muessen\\\/#primaryimage\"},\"thumbnailUrl\":\"https:\\\/\\\/www.strassenweb.de\\\/nachrichten\\\/wp-content\\\/uploads\\\/2025\\\/02\\\/Was-ist-die-beste-Lackierung-die-Sie-mit-dunklen-Farben.jpg\",\"keywords\":[\"alles\",\"beste\",\"dekorieren\",\"die\",\"dunklen\",\"Farben\",\"ist\",\"k\u00f6nnen\",\"Lackexperten\",\"Lackierung\",\"mit\",\"m\u00fcssen\",\"Sie\",\"teilen\",\"wissen\"],\"articleSection\":[\"Haus &amp; Garten\"],\"inLanguage\":\"de\"},{\"@type\":\"WebPage\",\"@id\":\"https:\\\/\\\/www.strassenweb.de\\\/nachrichten\\\/was-ist-die-beste-lackierung-die-sie-mit-dunklen-farben-dekorieren-koennen-lackexperten-teilen-alles-was-sie-wissen-muessen\\\/\",\"url\":\"https:\\\/\\\/www.strassenweb.de\\\/nachrichten\\\/was-ist-die-beste-lackierung-die-sie-mit-dunklen-farben-dekorieren-koennen-lackexperten-teilen-alles-was-sie-wissen-muessen\\\/\",\"name\":\"Was ist die beste Lackierung, die Sie mit dunklen Farben dekorieren k\u00f6nnen? Lackexperten teilen alles, was Sie wissen m\u00fcssen - Nachrichten - Stra\u00dfenweb\",\"isPartOf\":{\"@id\":\"https:\\\/\\\/www.strassenweb.de\\\/nachrichten\\\/#website\"},\"primaryImageOfPage\":{\"@id\":\"https:\\\/\\\/www.strassenweb.de\\\/nachrichten\\\/was-ist-die-beste-lackierung-die-sie-mit-dunklen-farben-dekorieren-koennen-lackexperten-teilen-alles-was-sie-wissen-muessen\\\/#primaryimage\"},\"image\":{\"@id\":\"https:\\\/\\\/www.strassenweb.de\\\/nachrichten\\\/was-ist-die-beste-lackierung-die-sie-mit-dunklen-farben-dekorieren-koennen-lackexperten-teilen-alles-was-sie-wissen-muessen\\\/#primaryimage\"},\"thumbnailUrl\":\"https:\\\/\\\/www.strassenweb.de\\\/nachrichten\\\/wp-content\\\/uploads\\\/2025\\\/02\\\/Was-ist-die-beste-Lackierung-die-Sie-mit-dunklen-Farben.jpg\",\"datePublished\":\"2025-02-27T22:54:03+00:00\",\"dateModified\":\"2025-02-27T22:54:04+00:00\",\"breadcrumb\":{\"@id\":\"https:\\\/\\\/www.strassenweb.de\\\/nachrichten\\\/was-ist-die-beste-lackierung-die-sie-mit-dunklen-farben-dekorieren-koennen-lackexperten-teilen-alles-was-sie-wissen-muessen\\\/#breadcrumb\"},\"inLanguage\":\"de\",\"potentialAction\":[{\"@type\":\"ReadAction\",\"target\":[\"https:\\\/\\\/www.strassenweb.de\\\/nachrichten\\\/was-ist-die-beste-lackierung-die-sie-mit-dunklen-farben-dekorieren-koennen-lackexperten-teilen-alles-was-sie-wissen-muessen\\\/\"]}]},{\"@type\":\"ImageObject\",\"inLanguage\":\"de\",\"@id\":\"https:\\\/\\\/www.strassenweb.de\\\/nachrichten\\\/was-ist-die-beste-lackierung-die-sie-mit-dunklen-farben-dekorieren-koennen-lackexperten-teilen-alles-was-sie-wissen-muessen\\\/#primaryimage\",\"url\":\"https:\\\/\\\/www.strassenweb.de\\\/nachrichten\\\/wp-content\\\/uploads\\\/2025\\\/02\\\/Was-ist-die-beste-Lackierung-die-Sie-mit-dunklen-Farben.jpg\",\"contentUrl\":\"https:\\\/\\\/www.strassenweb.de\\\/nachrichten\\\/wp-content\\\/uploads\\\/2025\\\/02\\\/Was-ist-die-beste-Lackierung-die-Sie-mit-dunklen-Farben.jpg\",\"width\":1200,\"height\":1440,\"caption\":\"Was ist die beste Lackierung, die Sie mit dunklen Farben dekorieren k\u00f6nnen? Lackexperten teilen alles, was Sie wissen m\u00fcssen\"},{\"@type\":\"BreadcrumbList\",\"@id\":\"https:\\\/\\\/www.strassenweb.de\\\/nachrichten\\\/was-ist-die-beste-lackierung-die-sie-mit-dunklen-farben-dekorieren-koennen-lackexperten-teilen-alles-was-sie-wissen-muessen\\\/#breadcrumb\",\"itemListElement\":[{\"@type\":\"ListItem\",\"position\":1,\"name\":\"Home\",\"item\":\"https:\\\/\\\/www.strassenweb.de\\\/nachrichten\\\/\"},{\"@type\":\"ListItem\",\"position\":2,\"name\":\"Was ist die beste Lackierung, die Sie mit dunklen Farben dekorieren k\u00f6nnen? Lackexperten teilen alles, was Sie wissen m\u00fcssen\"}]},{\"@type\":\"WebSite\",\"@id\":\"https:\\\/\\\/www.strassenweb.de\\\/nachrichten\\\/#website\",\"url\":\"https:\\\/\\\/www.strassenweb.de\\\/nachrichten\\\/\",\"name\":\"Stra\u00dfenweb\",\"description\":\"Stra\u00dfenverzeichnis f\u00fcr Deutschland\",\"publisher\":{\"@id\":\"https:\\\/\\\/www.strassenweb.de\\\/nachrichten\\\/#organization\"},\"potentialAction\":[{\"@type\":\"SearchAction\",\"target\":{\"@type\":\"EntryPoint\",\"urlTemplate\":\"https:\\\/\\\/www.strassenweb.de\\\/nachrichten\\\/?s={search_term_string}\"},\"query-input\":{\"@type\":\"PropertyValueSpecification\",\"valueRequired\":true,\"valueName\":\"search_term_string\"}}],\"inLanguage\":\"de\"},{\"@type\":\"Organization\",\"@id\":\"https:\\\/\\\/www.strassenweb.de\\\/nachrichten\\\/#organization\",\"name\":\"Stra\u00dfenweb\",\"url\":\"https:\\\/\\\/www.strassenweb.de\\\/nachrichten\\\/\",\"logo\":{\"@type\":\"ImageObject\",\"inLanguage\":\"de\",\"@id\":\"https:\\\/\\\/www.strassenweb.de\\\/nachrichten\\\/#\\\/schema\\\/logo\\\/image\\\/\",\"url\":\"https:\\\/\\\/www.strassenweb.de\\\/nachrichten\\\/wp-content\\\/uploads\\\/2024\\\/09\\\/cropped-favicon.png\",\"contentUrl\":\"https:\\\/\\\/www.strassenweb.de\\\/nachrichten\\\/wp-content\\\/uploads\\\/2024\\\/09\\\/cropped-favicon.png\",\"width\":512,\"height\":512,\"caption\":\"Stra\u00dfenweb\"},\"image\":{\"@id\":\"https:\\\/\\\/www.strassenweb.de\\\/nachrichten\\\/#\\\/schema\\\/logo\\\/image\\\/\"},\"sameAs\":[\"https:\\\/\\\/www.facebook.com\\\/strassenweb\\\/\"]},{\"@type\":\"Person\",\"@id\":\"https:\\\/\\\/www.strassenweb.de\\\/nachrichten\\\/#\\\/schema\\\/person\\\/87c9c9067f1211da429a744dc5a5aa41\",\"name\":\"Robert Hoffmann\",\"image\":{\"@type\":\"ImageObject\",\"inLanguage\":\"de\",\"@id\":\"https:\\\/\\\/www.strassenweb.de\\\/nachrichten\\\/wp-content\\\/uploads\\\/2024\\\/09\\\/strassenweb-150x150.jpg\",\"url\":\"https:\\\/\\\/www.strassenweb.de\\\/nachrichten\\\/wp-content\\\/uploads\\\/2024\\\/09\\\/strassenweb-150x150.jpg\",\"contentUrl\":\"https:\\\/\\\/www.strassenweb.de\\\/nachrichten\\\/wp-content\\\/uploads\\\/2024\\\/09\\\/strassenweb-150x150.jpg\",\"caption\":\"Robert Hoffmann\"},\"description\":\"Ich hei\u00dfe Robert Hoffmann und ich bin ein leidenschaftlicher Verfechter von \u00d6kologie und Biodiversit\u00e4t. Seit meiner Kindheit in den W\u00e4ldern Bayerns f\u00fchle ich mich mit der Natur verbunden und bin entschlossen, sie zu sch\u00fctzen. Heute widme ich mein Leben der Sensibilisierung anderer f\u00fcr die Bedeutung des Umweltschutzes f\u00fcr zuk\u00fcnftige Generationen.\",\"sameAs\":[\"https:\\\/\\\/www.strassenweb.de\\\/\"]}]}<\/script>\n<!-- \/ Yoast SEO plugin. -->","yoast_head_json":{"title":"Was ist die beste Lackierung, die Sie mit dunklen Farben dekorieren k\u00f6nnen? Lackexperten teilen alles, was Sie wissen m\u00fcssen - Nachrichten - Stra\u00dfenweb","robots":{"index":"index","follow":"follow","max-snippet":"max-snippet:-1","max-image-preview":"max-image-preview:large","max-video-preview":"max-video-preview:-1"},"canonical":"https:\/\/www.strassenweb.de\/nachrichten\/was-ist-die-beste-lackierung-die-sie-mit-dunklen-farben-dekorieren-koennen-lackexperten-teilen-alles-was-sie-wissen-muessen\/","og_locale":"de_DE","og_type":"article","og_title":"Was ist die beste Lackierung, die Sie mit dunklen Farben dekorieren k\u00f6nnen? Lackexperten teilen alles, was Sie wissen m\u00fcssen - Nachrichten - Stra\u00dfenweb","og_description":"Sie m\u00fcssen nicht nur die richtige Farbfarbe beim Dekorieren eines Raums ausw\u00e4hlen, sondern auch \u00fcberlegen, welches Lackier am besten ist. Und wenn es um die","og_url":"https:\/\/www.strassenweb.de\/nachrichten\/was-ist-die-beste-lackierung-die-sie-mit-dunklen-farben-dekorieren-koennen-lackexperten-teilen-alles-was-sie-wissen-muessen\/","og_site_name":"Stra\u00dfenweb","article_publisher":"https:\/\/www.facebook.com\/strassenweb\/","article_published_time":"2025-02-27T22:54:03+00:00","article_modified_time":"2025-02-27T22:54:04+00:00","og_image":[{"width":1200,"height":1440,"url":"https:\/\/www.strassenweb.de\/nachrichten\/wp-content\/uploads\/2025\/02\/Was-ist-die-beste-Lackierung-die-Sie-mit-dunklen-Farben.jpg","type":"image\/jpeg"}],"author":"Robert Hoffmann","twitter_card":"summary_large_image","twitter_misc":{"Verfasst von":"Robert Hoffmann","Gesch\u00e4tzte Lesezeit":"6\u00a0Minuten"},"schema":{"@context":"https:\/\/schema.org","@graph":[{"@type":"Article","@id":"https:\/\/www.strassenweb.de\/nachrichten\/was-ist-die-beste-lackierung-die-sie-mit-dunklen-farben-dekorieren-koennen-lackexperten-teilen-alles-was-sie-wissen-muessen\/#article","isPartOf":{"@id":"https:\/\/www.strassenweb.de\/nachrichten\/was-ist-die-beste-lackierung-die-sie-mit-dunklen-farben-dekorieren-koennen-lackexperten-teilen-alles-was-sie-wissen-muessen\/"},"author":{"name":"Robert Hoffmann","@id":"https:\/\/www.strassenweb.de\/nachrichten\/#\/schema\/person\/87c9c9067f1211da429a744dc5a5aa41"},"headline":"Was ist die beste Lackierung, die Sie mit dunklen Farben dekorieren k\u00f6nnen? Lackexperten teilen alles, was Sie wissen m\u00fcssen","datePublished":"2025-02-27T22:54:03+00:00","dateModified":"2025-02-27T22:54:04+00:00","mainEntityOfPage":{"@id":"https:\/\/www.strassenweb.de\/nachrichten\/was-ist-die-beste-lackierung-die-sie-mit-dunklen-farben-dekorieren-koennen-lackexperten-teilen-alles-was-sie-wissen-muessen\/"},"wordCount":1222,"publisher":{"@id":"https:\/\/www.strassenweb.de\/nachrichten\/#organization"},"image":{"@id":"https:\/\/www.strassenweb.de\/nachrichten\/was-ist-die-beste-lackierung-die-sie-mit-dunklen-farben-dekorieren-koennen-lackexperten-teilen-alles-was-sie-wissen-muessen\/#primaryimage"},"thumbnailUrl":"https:\/\/www.strassenweb.de\/nachrichten\/wp-content\/uploads\/2025\/02\/Was-ist-die-beste-Lackierung-die-Sie-mit-dunklen-Farben.jpg","keywords":["alles","beste","dekorieren","die","dunklen","Farben","ist","k\u00f6nnen","Lackexperten","Lackierung","mit","m\u00fcssen","Sie","teilen","wissen"],"articleSection":["Haus &amp; Garten"],"inLanguage":"de"},{"@type":"WebPage","@id":"https:\/\/www.strassenweb.de\/nachrichten\/was-ist-die-beste-lackierung-die-sie-mit-dunklen-farben-dekorieren-koennen-lackexperten-teilen-alles-was-sie-wissen-muessen\/","url":"https:\/\/www.strassenweb.de\/nachrichten\/was-ist-die-beste-lackierung-die-sie-mit-dunklen-farben-dekorieren-koennen-lackexperten-teilen-alles-was-sie-wissen-muessen\/","name":"Was ist die beste Lackierung, die Sie mit dunklen Farben dekorieren k\u00f6nnen? Lackexperten teilen alles, was Sie wissen m\u00fcssen - Nachrichten - Stra\u00dfenweb","isPartOf":{"@id":"https:\/\/www.strassenweb.de\/nachrichten\/#website"},"primaryImageOfPage":{"@id":"https:\/\/www.strassenweb.de\/nachrichten\/was-ist-die-beste-lackierung-die-sie-mit-dunklen-farben-dekorieren-koennen-lackexperten-teilen-alles-was-sie-wissen-muessen\/#primaryimage"},"image":{"@id":"https:\/\/www.strassenweb.de\/nachrichten\/was-ist-die-beste-lackierung-die-sie-mit-dunklen-farben-dekorieren-koennen-lackexperten-teilen-alles-was-sie-wissen-muessen\/#primaryimage"},"thumbnailUrl":"https:\/\/www.strassenweb.de\/nachrichten\/wp-content\/uploads\/2025\/02\/Was-ist-die-beste-Lackierung-die-Sie-mit-dunklen-Farben.jpg","datePublished":"2025-02-27T22:54:03+00:00","dateModified":"2025-02-27T22:54:04+00:00","breadcrumb":{"@id":"https:\/\/www.strassenweb.de\/nachrichten\/was-ist-die-beste-lackierung-die-sie-mit-dunklen-farben-dekorieren-koennen-lackexperten-teilen-alles-was-sie-wissen-muessen\/#breadcrumb"},"inLanguage":"de","potentialAction":[{"@type":"ReadAction","target":["https:\/\/www.strassenweb.de\/nachrichten\/was-ist-die-beste-lackierung-die-sie-mit-dunklen-farben-dekorieren-koennen-lackexperten-teilen-alles-was-sie-wissen-muessen\/"]}]},{"@type":"ImageObject","inLanguage":"de","@id":"https:\/\/www.strassenweb.de\/nachrichten\/was-ist-die-beste-lackierung-die-sie-mit-dunklen-farben-dekorieren-koennen-lackexperten-teilen-alles-was-sie-wissen-muessen\/#primaryimage","url":"https:\/\/www.strassenweb.de\/nachrichten\/wp-content\/uploads\/2025\/02\/Was-ist-die-beste-Lackierung-die-Sie-mit-dunklen-Farben.jpg","contentUrl":"https:\/\/www.strassenweb.de\/nachrichten\/wp-content\/uploads\/2025\/02\/Was-ist-die-beste-Lackierung-die-Sie-mit-dunklen-Farben.jpg","width":1200,"height":1440,"caption":"Was ist die beste Lackierung, die Sie mit dunklen Farben dekorieren k\u00f6nnen? Lackexperten teilen alles, was Sie wissen m\u00fcssen"},{"@type":"BreadcrumbList","@id":"https:\/\/www.strassenweb.de\/nachrichten\/was-ist-die-beste-lackierung-die-sie-mit-dunklen-farben-dekorieren-koennen-lackexperten-teilen-alles-was-sie-wissen-muessen\/#breadcrumb","itemListElement":[{"@type":"ListItem","position":1,"name":"Home","item":"https:\/\/www.strassenweb.de\/nachrichten\/"},{"@type":"ListItem","position":2,"name":"Was ist die beste Lackierung, die Sie mit dunklen Farben dekorieren k\u00f6nnen? Lackexperten teilen alles, was Sie wissen m\u00fcssen"}]},{"@type":"WebSite","@id":"https:\/\/www.strassenweb.de\/nachrichten\/#website","url":"https:\/\/www.strassenweb.de\/nachrichten\/","name":"Stra\u00dfenweb","description":"Stra\u00dfenverzeichnis f\u00fcr Deutschland","publisher":{"@id":"https:\/\/www.strassenweb.de\/nachrichten\/#organization"},"potentialAction":[{"@type":"SearchAction","target":{"@type":"EntryPoint","urlTemplate":"https:\/\/www.strassenweb.de\/nachrichten\/?s={search_term_string}"},"query-input":{"@type":"PropertyValueSpecification","valueRequired":true,"valueName":"search_term_string"}}],"inLanguage":"de"},{"@type":"Organization","@id":"https:\/\/www.strassenweb.de\/nachrichten\/#organization","name":"Stra\u00dfenweb","url":"https:\/\/www.strassenweb.de\/nachrichten\/","logo":{"@type":"ImageObject","inLanguage":"de","@id":"https:\/\/www.strassenweb.de\/nachrichten\/#\/schema\/logo\/image\/","url":"https:\/\/www.strassenweb.de\/nachrichten\/wp-content\/uploads\/2024\/09\/cropped-favicon.png","contentUrl":"https:\/\/www.strassenweb.de\/nachrichten\/wp-content\/uploads\/2024\/09\/cropped-favicon.png","width":512,"height":512,"caption":"Stra\u00dfenweb"},"image":{"@id":"https:\/\/www.strassenweb.de\/nachrichten\/#\/schema\/logo\/image\/"},"sameAs":["https:\/\/www.facebook.com\/strassenweb\/"]},{"@type":"Person","@id":"https:\/\/www.strassenweb.de\/nachrichten\/#\/schema\/person\/87c9c9067f1211da429a744dc5a5aa41","name":"Robert Hoffmann","image":{"@type":"ImageObject","inLanguage":"de","@id":"https:\/\/www.strassenweb.de\/nachrichten\/wp-content\/uploads\/2024\/09\/strassenweb-150x150.jpg","url":"https:\/\/www.strassenweb.de\/nachrichten\/wp-content\/uploads\/2024\/09\/strassenweb-150x150.jpg","contentUrl":"https:\/\/www.strassenweb.de\/nachrichten\/wp-content\/uploads\/2024\/09\/strassenweb-150x150.jpg","caption":"Robert Hoffmann"},"description":"Ich hei\u00dfe Robert Hoffmann und ich bin ein leidenschaftlicher Verfechter von \u00d6kologie und Biodiversit\u00e4t. Seit meiner Kindheit in den W\u00e4ldern Bayerns f\u00fchle ich mich mit der Natur verbunden und bin entschlossen, sie zu sch\u00fctzen. Heute widme ich mein Leben der Sensibilisierung anderer f\u00fcr die Bedeutung des Umweltschutzes f\u00fcr zuk\u00fcnftige Generationen.","sameAs":["https:\/\/www.strassenweb.de\/"]}]}},"_links":{"self":[{"href":"https:\/\/www.strassenweb.de\/nachrichten\/wp-json\/wp\/v2\/posts\/3580","targetHints":{"allow":["GET"]}}],"collection":[{"href":"https:\/\/www.strassenweb.de\/nachrichten\/wp-json\/wp\/v2\/posts"}],"about":[{"href":"https:\/\/www.strassenweb.de\/nachrichten\/wp-json\/wp\/v2\/types\/post"}],"author":[{"embeddable":true,"href":"https:\/\/www.strassenweb.de\/nachrichten\/wp-json\/wp\/v2\/users\/1"}],"replies":[{"embeddable":true,"href":"https:\/\/www.strassenweb.de\/nachrichten\/wp-json\/wp\/v2\/comments?post=3580"}],"version-history":[{"count":0,"href":"https:\/\/www.strassenweb.de\/nachrichten\/wp-json\/wp\/v2\/posts\/3580\/revisions"}],"wp:featuredmedia":[{"embeddable":true,"href":"https:\/\/www.strassenweb.de\/nachrichten\/wp-json\/wp\/v2\/media\/3581"}],"wp:attachment":[{"href":"https:\/\/www.strassenweb.de\/nachrichten\/wp-json\/wp\/v2\/media?parent=3580"}],"wp:term":[{"taxonomy":"category","embeddable":true,"href":"https:\/\/www.strassenweb.de\/nachrichten\/wp-json\/wp\/v2\/categories?post=3580"},{"taxonomy":"post_tag","embeddable":true,"href":"https:\/\/www.strassenweb.de\/nachrichten\/wp-json\/wp\/v2\/tags?post=3580"}],"curies":[{"name":"wp","href":"https:\/\/api.w.org\/{rel}","templated":true}]}}