{"id":3542,"date":"2025-02-26T03:46:54","date_gmt":"2025-02-26T02:46:54","guid":{"rendered":"https:\/\/www.strassenweb.de\/nachrichten\/das-blumensofa-von-glenn-close-macht-einen-sofortigen-schwerpunkt-in-ihrem-weissen-wohnzimmer-ihr-aussehen-ist-fuer-2025-im-trend-und-leichter-zu-stylen-als-sie-vielleicht-denken\/"},"modified":"2025-02-26T03:46:54","modified_gmt":"2025-02-26T02:46:54","slug":"das-blumensofa-von-glenn-close-macht-einen-sofortigen-schwerpunkt-in-ihrem-weissen-wohnzimmer-ihr-aussehen-ist-fuer-2025-im-trend-und-leichter-zu-stylen-als-sie-vielleicht-denken","status":"publish","type":"post","link":"https:\/\/www.strassenweb.de\/nachrichten\/das-blumensofa-von-glenn-close-macht-einen-sofortigen-schwerpunkt-in-ihrem-weissen-wohnzimmer-ihr-aussehen-ist-fuer-2025-im-trend-und-leichter-zu-stylen-als-sie-vielleicht-denken\/","title":{"rendered":"Das Blumensofa von Glenn Close macht einen sofortigen Schwerpunkt in ihrem wei\u00dfen Wohnzimmer &#8211; ihr Aussehen ist f\u00fcr 2025 im Trend (und leichter zu stylen, als Sie vielleicht denken)"},"content":{"rendered":"<p><\/p>\n<div id=\"article-body\" class=\"article__body \">\n<p>Ein Statement -Sofa wird schnell zu einer unserer bevorzugten M\u00f6glichkeiten, mit mutigem Design zu experimentieren, zumal Fr\u00fchlingszoll n\u00e4her ist und wir saisonal angemessene Muster in das Haus einbeziehen k\u00f6nnen.<\/p>\n<div id=\"ad-unit-1\" class=\"ad-unit\"><\/div>\n<p>Glenn Close ist mit einigen Design -Inspirationen f\u00fchrend, laut einem Beitrag, der auf ihrer Instagram -Seite ihrer Blumencouch geteilt wurde. Das beige Sofa ist mit rosa Blumen und lila Trauben akzentuiert und verleiht dem wei\u00df gestrichenen Raum etwas Farbe.<\/p>\n<aside class=\"hawk-nest\" data-block-type=\"embed\" data-render-type=\"fte\" data-skip=\"dealsy\" data-widget-type=\"seasonal\">\n<div class=\"hawk-master-widget-hawk-base-wrapper\"><\/div>\n<\/aside>\n<p>W\u00e4hrend Blumen und der Fr\u00fchling synonym sind, stellt sich heraus ; \u00dcber Blumenstr\u00e4u\u00dfe hinaus ist es ein todsicherer Weg, einen Raum aufzuhellen-wie in Glenns Raum gezeigt wird, um floralgedruckte M\u00f6bel in das Haus zu integrieren.<\/p>\n<div id=\"desktop-in-article\" class=\"in-article ad-unit\">\n<div id=\"desktop-taboola-mid-article\"><\/div>\n<\/div>\n<div id=\"mobile-in-article\" class=\"in-article ad-unit\">\n<div id=\"mobile-taboola-mid-article\"><\/div>\n<\/div>\n<div class=\"instagram-embed\">\n<blockquote class=\"instagram-media\" data-instgrm-captioned data-instgrm-version=\"6\" style=\"width:99.375%; width:-webkit-calc(100% - 2px); width:calc(100% - 2px);\">\n<p>Ein Beitrag, der von The Real Glenn Close (@Glennclose) geteilt wird<\/p>\n<p>Ein Foto von on <\/p>\n<\/blockquote>\n<\/div>\n<p>&#8222;Blumen- und botanische Motive machen ein gro\u00dfartiges Comeback&#8220;, sagt Johanna Constantinou, Experte f\u00fcr Innenrends. &#8218;Von Hintergrundbildern \u00fcber Polsterung verleihen gro\u00df angelegte botanische Drucke den Innenr\u00e4umen einen Hauch von Natur und Lebendigkeit. Wenn Sie diese Drucke mit neutralen T\u00f6nen kombinieren, bleibt sie der Schwerpunkt, ohne den Raum zu \u00fcberw\u00e4ltigen. &#8218;<\/p>\n<div class=\"van_vid_carousel\">\n<div class=\"van_vid_carousel__padding\">\n<div class=\"van_vid_carousel__container\"><\/div>\n<\/div>\n<\/div>\n<p>Sie f\u00e4hrt fort: \u201eDer Schl\u00fcssel zur Einbeziehung mutiger botanischer Drucke ist das Gleichgewicht. Wenn Sie sie mit neutralen Hintergr\u00fcnden und minimalistischen Dekorelementen einsetzen, bleiben sie eher ein Akzent als ein \u00fcberw\u00e4ltigendes Merkmal. Sie k\u00f6nnen auch mit Teppichen mit botanischem Thema und strukturierten Teppichen experimentieren und nahtlos inspirierte Drucke mit funktionalem Design integrieren. &#8218;<\/p>\n<div id=\"ad-unit-2\" class=\"ad-unit\"><\/div>\n<p>Wir k\u00f6nnen sehen, dass das die <em>T\u00f6dliche Anziehung<\/em> Die Schauspielerin hat sich f\u00fcr wei\u00dfe Farbe an ihrer Backsteinmauer entschieden, den Raum aufhellt und einen sauberen, einfachen Hintergrund f\u00fcr das Blumenzimmerdekor f\u00fcr die Mittelpunkte bietet.<\/p>\n<figure class=\"van-image-figure inline-layout \" data-bordeaux-image-check>\n<div class=\"image-full-width-wrapper\">\n<div class=\"image-widthsetter\" style=\"max-width:2000px;\"><\/div>\n<\/div>\n<\/figure>\n<p>Blumenm\u00f6bel nutzen auch einen weiteren Trend; nach den letzten Fersen <em>Bridget Jones <\/em>Film, Designer ermutigen uns, mit dem Stil \u201eFazzled English Woman\u201c in unseren H\u00e4usern zu experimentieren.<\/p>\n<div id=\"slice-container-newsletterForm-articleInbodyContent-BqrHFse9qjyKMYnFD9mmNc\" class=\"slice-container newsletter-inbodyContent-slice newsletterForm-articleInbodyContent-BqrHFse9qjyKMYnFD9mmNc slice-container-newsletterForm\"><\/div>\n<p>&#8222;Anstatt koh\u00e4rente M\u00f6bel zu haben, geht es bei der \u00e4sthetischen \u00c4sthetik der englischen Frau nur um Nicht\u00fcbereinstimmung mit verschiedenen Drucken und Farben f\u00fcr einen unvollkommenen Look&#8220;, sagt Rhiannon Masters, Innenarchitektin und Brand -Head of Brand im Ferkel im Bett. \u201eDenken Sie an Samtsofas und gestreifte Sessel mit Vintage -Erg\u00e4nzungen wie leicht abgenutzten Sideboards oder B\u00fccherregalen, die Sie in Ihrem \u00f6rtlichen Antiquit\u00e4tengesch\u00e4ft finden. Bridget Jones ist ein gro\u00dfer Fan von zusammenst\u00f6\u00dfigen Farben, wie durch die leuchtend gelben K\u00fcchenw\u00e4nde mit lebendigen gr\u00fcnen Fliesen in ihrem neuen, aber gleicherma\u00dfen exzentrischen Haus in Hampstead Heath zu sehen sind.<\/p>\n<p>Obwohl Glenns W\u00e4nde wei\u00df sind, hat sie neben ihrem Statement -Sofa immer noch ein eklektisches Dekor, darunter ein gro\u00dfes, gerahmtes Kunstwerk, das dar\u00fcber h\u00e4ngt, und einer Felsstatue auf ihrem Mantel in der N\u00e4he.<\/p>\n<h2 id=\"shop-the-statement-sofa-edit-3\">Kaufen Sie das Statement Sofa Edit ein<\/h2>\n<div class=\"product-container hero-product-container product-block-no-wrap\"><\/div>\n<hr>\n<p>Versuchen Sie, eine Farbe aus einem Blumensofa mit anderen Akzenten im Raum zu koordinieren, beispielsweise eine Farbe, einen Teppich oder sogar einen frischen Strau\u00df auf dem Couchtisch. Wir sind uns fast sicher, dass Glenn Close und Bridget Jones zustimmen w\u00fcrden.<\/p>\n<hr>\n<\/div>\n<p><script async src=\"\/\/www.instagram.com\/embed.js\"><\/script><\/p>\n","protected":false},"excerpt":{"rendered":"<p>Ein Statement -Sofa wird schnell zu einer unserer bevorzugten M\u00f6glichkeiten, mit mutigem Design zu experimentieren, zumal Fr\u00fchlingszoll n\u00e4her ist und wir saisonal angemessene Muster in<\/p>\n","protected":false},"author":1,"featured_media":3543,"comment_status":"closed","ping_status":"","sticky":false,"template":"","format":"standard","meta":{"footnotes":""},"categories":[118],"tags":[935,1562,5514,5449,112,502,166,55,5515,170,534,15,5518,939,5517,165,5516,2161,504,37,1480,21,2930,1229],"class_list":["post-3542","post","type-post","status-publish","format-standard","has-post-thumbnail","hentry","category-haus-garten","tag-als","tag-aussehen","tag-blumensofa","tag-close","tag-das","tag-denken","tag-einen","tag-fuer","tag-glenn","tag-ihr","tag-ihrem","tag-ist","tag-leichter","tag-macht","tag-schwerpunkt","tag-sie","tag-sofortigen","tag-stylen","tag-trend","tag-und","tag-vielleicht","tag-von","tag-weissen","tag-wohnzimmer","generate-columns","tablet-grid-50","mobile-grid-100","grid-parent","grid-50"],"yoast_head":"<!-- This site is optimized with the Yoast SEO plugin v27.3 - https:\/\/yoast.com\/product\/yoast-seo-wordpress\/ -->\n<title>Das Blumensofa von Glenn Close macht einen sofortigen Schwerpunkt in ihrem wei\u00dfen Wohnzimmer - ihr Aussehen ist f\u00fcr 2025 im Trend (und leichter zu stylen, als Sie vielleicht denken) - Nachrichten - Stra\u00dfenweb<\/title>\n<meta name=\"robots\" content=\"index, follow, max-snippet:-1, max-image-preview:large, max-video-preview:-1\" \/>\n<link rel=\"canonical\" href=\"https:\/\/www.strassenweb.de\/nachrichten\/das-blumensofa-von-glenn-close-macht-einen-sofortigen-schwerpunkt-in-ihrem-weissen-wohnzimmer-ihr-aussehen-ist-fuer-2025-im-trend-und-leichter-zu-stylen-als-sie-vielleicht-denken\/\" \/>\n<meta property=\"og:locale\" content=\"de_DE\" \/>\n<meta property=\"og:type\" content=\"article\" \/>\n<meta property=\"og:title\" content=\"Das Blumensofa von Glenn Close macht einen sofortigen Schwerpunkt in ihrem wei\u00dfen Wohnzimmer - ihr Aussehen ist f\u00fcr 2025 im Trend (und leichter zu stylen, als Sie vielleicht denken) - Nachrichten - Stra\u00dfenweb\" \/>\n<meta property=\"og:description\" content=\"Ein Statement -Sofa wird schnell zu einer unserer bevorzugten M\u00f6glichkeiten, mit mutigem Design zu experimentieren, zumal Fr\u00fchlingszoll n\u00e4her ist und wir saisonal angemessene Muster in\" \/>\n<meta property=\"og:url\" content=\"https:\/\/www.strassenweb.de\/nachrichten\/das-blumensofa-von-glenn-close-macht-einen-sofortigen-schwerpunkt-in-ihrem-weissen-wohnzimmer-ihr-aussehen-ist-fuer-2025-im-trend-und-leichter-zu-stylen-als-sie-vielleicht-denken\/\" \/>\n<meta property=\"og:site_name\" content=\"Stra\u00dfenweb\" \/>\n<meta property=\"article:publisher\" content=\"https:\/\/www.facebook.com\/strassenweb\/\" \/>\n<meta property=\"article:published_time\" content=\"2025-02-26T02:46:54+00:00\" \/>\n<meta property=\"og:image\" content=\"https:\/\/www.strassenweb.de\/nachrichten\/wp-content\/uploads\/2025\/02\/Das-Blumensofa-von-Glenn-Close-macht-einen-sofortigen-Schwerpunkt-in.jpg\" \/>\n\t<meta property=\"og:image:width\" content=\"1200\" \/>\n\t<meta property=\"og:image:height\" content=\"675\" \/>\n\t<meta property=\"og:image:type\" content=\"image\/jpeg\" \/>\n<meta name=\"author\" content=\"Robert Hoffmann\" \/>\n<meta name=\"twitter:card\" content=\"summary_large_image\" \/>\n<meta name=\"twitter:label1\" content=\"Verfasst von\" \/>\n\t<meta name=\"twitter:data1\" content=\"Robert Hoffmann\" \/>\n\t<meta name=\"twitter:label2\" content=\"Gesch\u00e4tzte Lesezeit\" \/>\n\t<meta name=\"twitter:data2\" content=\"2\u00a0Minuten\" \/>\n<script type=\"application\/ld+json\" class=\"yoast-schema-graph\">{\"@context\":\"https:\\\/\\\/schema.org\",\"@graph\":[{\"@type\":\"Article\",\"@id\":\"https:\\\/\\\/www.strassenweb.de\\\/nachrichten\\\/das-blumensofa-von-glenn-close-macht-einen-sofortigen-schwerpunkt-in-ihrem-weissen-wohnzimmer-ihr-aussehen-ist-fuer-2025-im-trend-und-leichter-zu-stylen-als-sie-vielleicht-denken\\\/#article\",\"isPartOf\":{\"@id\":\"https:\\\/\\\/www.strassenweb.de\\\/nachrichten\\\/das-blumensofa-von-glenn-close-macht-einen-sofortigen-schwerpunkt-in-ihrem-weissen-wohnzimmer-ihr-aussehen-ist-fuer-2025-im-trend-und-leichter-zu-stylen-als-sie-vielleicht-denken\\\/\"},\"author\":{\"name\":\"Robert Hoffmann\",\"@id\":\"https:\\\/\\\/www.strassenweb.de\\\/nachrichten\\\/#\\\/schema\\\/person\\\/87c9c9067f1211da429a744dc5a5aa41\"},\"headline\":\"Das Blumensofa von Glenn Close macht einen sofortigen Schwerpunkt in ihrem wei\u00dfen Wohnzimmer &#8211; ihr Aussehen ist f\u00fcr 2025 im Trend (und leichter zu stylen, als Sie vielleicht denken)\",\"datePublished\":\"2025-02-26T02:46:54+00:00\",\"mainEntityOfPage\":{\"@id\":\"https:\\\/\\\/www.strassenweb.de\\\/nachrichten\\\/das-blumensofa-von-glenn-close-macht-einen-sofortigen-schwerpunkt-in-ihrem-weissen-wohnzimmer-ihr-aussehen-ist-fuer-2025-im-trend-und-leichter-zu-stylen-als-sie-vielleicht-denken\\\/\"},\"wordCount\":530,\"publisher\":{\"@id\":\"https:\\\/\\\/www.strassenweb.de\\\/nachrichten\\\/#organization\"},\"image\":{\"@id\":\"https:\\\/\\\/www.strassenweb.de\\\/nachrichten\\\/das-blumensofa-von-glenn-close-macht-einen-sofortigen-schwerpunkt-in-ihrem-weissen-wohnzimmer-ihr-aussehen-ist-fuer-2025-im-trend-und-leichter-zu-stylen-als-sie-vielleicht-denken\\\/#primaryimage\"},\"thumbnailUrl\":\"https:\\\/\\\/www.strassenweb.de\\\/nachrichten\\\/wp-content\\\/uploads\\\/2025\\\/02\\\/Das-Blumensofa-von-Glenn-Close-macht-einen-sofortigen-Schwerpunkt-in.jpg\",\"keywords\":[\"als\",\"aussehen\",\"Blumensofa\",\"close\",\"das\",\"denken\",\"einen\",\"f\u00fcr\",\"Glenn\",\"Ihr\",\"ihrem\",\"ist\",\"leichter\",\"macht\",\"Schwerpunkt\",\"Sie\",\"sofortigen\",\"Stylen\",\"Trend\",\"und\",\"vielleicht\",\"von\",\"wei\u00dfen\",\"Wohnzimmer\"],\"articleSection\":[\"Haus &amp; Garten\"],\"inLanguage\":\"de\"},{\"@type\":\"WebPage\",\"@id\":\"https:\\\/\\\/www.strassenweb.de\\\/nachrichten\\\/das-blumensofa-von-glenn-close-macht-einen-sofortigen-schwerpunkt-in-ihrem-weissen-wohnzimmer-ihr-aussehen-ist-fuer-2025-im-trend-und-leichter-zu-stylen-als-sie-vielleicht-denken\\\/\",\"url\":\"https:\\\/\\\/www.strassenweb.de\\\/nachrichten\\\/das-blumensofa-von-glenn-close-macht-einen-sofortigen-schwerpunkt-in-ihrem-weissen-wohnzimmer-ihr-aussehen-ist-fuer-2025-im-trend-und-leichter-zu-stylen-als-sie-vielleicht-denken\\\/\",\"name\":\"Das Blumensofa von Glenn Close macht einen sofortigen Schwerpunkt in ihrem wei\u00dfen Wohnzimmer - ihr Aussehen ist f\u00fcr 2025 im Trend (und leichter zu stylen, als Sie vielleicht denken) - Nachrichten - Stra\u00dfenweb\",\"isPartOf\":{\"@id\":\"https:\\\/\\\/www.strassenweb.de\\\/nachrichten\\\/#website\"},\"primaryImageOfPage\":{\"@id\":\"https:\\\/\\\/www.strassenweb.de\\\/nachrichten\\\/das-blumensofa-von-glenn-close-macht-einen-sofortigen-schwerpunkt-in-ihrem-weissen-wohnzimmer-ihr-aussehen-ist-fuer-2025-im-trend-und-leichter-zu-stylen-als-sie-vielleicht-denken\\\/#primaryimage\"},\"image\":{\"@id\":\"https:\\\/\\\/www.strassenweb.de\\\/nachrichten\\\/das-blumensofa-von-glenn-close-macht-einen-sofortigen-schwerpunkt-in-ihrem-weissen-wohnzimmer-ihr-aussehen-ist-fuer-2025-im-trend-und-leichter-zu-stylen-als-sie-vielleicht-denken\\\/#primaryimage\"},\"thumbnailUrl\":\"https:\\\/\\\/www.strassenweb.de\\\/nachrichten\\\/wp-content\\\/uploads\\\/2025\\\/02\\\/Das-Blumensofa-von-Glenn-Close-macht-einen-sofortigen-Schwerpunkt-in.jpg\",\"datePublished\":\"2025-02-26T02:46:54+00:00\",\"breadcrumb\":{\"@id\":\"https:\\\/\\\/www.strassenweb.de\\\/nachrichten\\\/das-blumensofa-von-glenn-close-macht-einen-sofortigen-schwerpunkt-in-ihrem-weissen-wohnzimmer-ihr-aussehen-ist-fuer-2025-im-trend-und-leichter-zu-stylen-als-sie-vielleicht-denken\\\/#breadcrumb\"},\"inLanguage\":\"de\",\"potentialAction\":[{\"@type\":\"ReadAction\",\"target\":[\"https:\\\/\\\/www.strassenweb.de\\\/nachrichten\\\/das-blumensofa-von-glenn-close-macht-einen-sofortigen-schwerpunkt-in-ihrem-weissen-wohnzimmer-ihr-aussehen-ist-fuer-2025-im-trend-und-leichter-zu-stylen-als-sie-vielleicht-denken\\\/\"]}]},{\"@type\":\"ImageObject\",\"inLanguage\":\"de\",\"@id\":\"https:\\\/\\\/www.strassenweb.de\\\/nachrichten\\\/das-blumensofa-von-glenn-close-macht-einen-sofortigen-schwerpunkt-in-ihrem-weissen-wohnzimmer-ihr-aussehen-ist-fuer-2025-im-trend-und-leichter-zu-stylen-als-sie-vielleicht-denken\\\/#primaryimage\",\"url\":\"https:\\\/\\\/www.strassenweb.de\\\/nachrichten\\\/wp-content\\\/uploads\\\/2025\\\/02\\\/Das-Blumensofa-von-Glenn-Close-macht-einen-sofortigen-Schwerpunkt-in.jpg\",\"contentUrl\":\"https:\\\/\\\/www.strassenweb.de\\\/nachrichten\\\/wp-content\\\/uploads\\\/2025\\\/02\\\/Das-Blumensofa-von-Glenn-Close-macht-einen-sofortigen-Schwerpunkt-in.jpg\",\"width\":1200,\"height\":675,\"caption\":\"Das Blumensofa von Glenn Close macht einen sofortigen Schwerpunkt in ihrem wei\u00dfen Wohnzimmer - ihr Aussehen ist f\u00fcr 2025 im Trend (und leichter zu stylen, als Sie vielleicht denken)\"},{\"@type\":\"BreadcrumbList\",\"@id\":\"https:\\\/\\\/www.strassenweb.de\\\/nachrichten\\\/das-blumensofa-von-glenn-close-macht-einen-sofortigen-schwerpunkt-in-ihrem-weissen-wohnzimmer-ihr-aussehen-ist-fuer-2025-im-trend-und-leichter-zu-stylen-als-sie-vielleicht-denken\\\/#breadcrumb\",\"itemListElement\":[{\"@type\":\"ListItem\",\"position\":1,\"name\":\"Home\",\"item\":\"https:\\\/\\\/www.strassenweb.de\\\/nachrichten\\\/\"},{\"@type\":\"ListItem\",\"position\":2,\"name\":\"Das Blumensofa von Glenn Close macht einen sofortigen Schwerpunkt in ihrem wei\u00dfen Wohnzimmer &#8211; ihr Aussehen ist f\u00fcr 2025 im Trend (und leichter zu stylen, als Sie vielleicht denken)\"}]},{\"@type\":\"WebSite\",\"@id\":\"https:\\\/\\\/www.strassenweb.de\\\/nachrichten\\\/#website\",\"url\":\"https:\\\/\\\/www.strassenweb.de\\\/nachrichten\\\/\",\"name\":\"Stra\u00dfenweb\",\"description\":\"Stra\u00dfenverzeichnis f\u00fcr Deutschland\",\"publisher\":{\"@id\":\"https:\\\/\\\/www.strassenweb.de\\\/nachrichten\\\/#organization\"},\"potentialAction\":[{\"@type\":\"SearchAction\",\"target\":{\"@type\":\"EntryPoint\",\"urlTemplate\":\"https:\\\/\\\/www.strassenweb.de\\\/nachrichten\\\/?s={search_term_string}\"},\"query-input\":{\"@type\":\"PropertyValueSpecification\",\"valueRequired\":true,\"valueName\":\"search_term_string\"}}],\"inLanguage\":\"de\"},{\"@type\":\"Organization\",\"@id\":\"https:\\\/\\\/www.strassenweb.de\\\/nachrichten\\\/#organization\",\"name\":\"Stra\u00dfenweb\",\"url\":\"https:\\\/\\\/www.strassenweb.de\\\/nachrichten\\\/\",\"logo\":{\"@type\":\"ImageObject\",\"inLanguage\":\"de\",\"@id\":\"https:\\\/\\\/www.strassenweb.de\\\/nachrichten\\\/#\\\/schema\\\/logo\\\/image\\\/\",\"url\":\"https:\\\/\\\/www.strassenweb.de\\\/nachrichten\\\/wp-content\\\/uploads\\\/2024\\\/09\\\/cropped-favicon.png\",\"contentUrl\":\"https:\\\/\\\/www.strassenweb.de\\\/nachrichten\\\/wp-content\\\/uploads\\\/2024\\\/09\\\/cropped-favicon.png\",\"width\":512,\"height\":512,\"caption\":\"Stra\u00dfenweb\"},\"image\":{\"@id\":\"https:\\\/\\\/www.strassenweb.de\\\/nachrichten\\\/#\\\/schema\\\/logo\\\/image\\\/\"},\"sameAs\":[\"https:\\\/\\\/www.facebook.com\\\/strassenweb\\\/\"]},{\"@type\":\"Person\",\"@id\":\"https:\\\/\\\/www.strassenweb.de\\\/nachrichten\\\/#\\\/schema\\\/person\\\/87c9c9067f1211da429a744dc5a5aa41\",\"name\":\"Robert Hoffmann\",\"image\":{\"@type\":\"ImageObject\",\"inLanguage\":\"de\",\"@id\":\"https:\\\/\\\/www.strassenweb.de\\\/nachrichten\\\/wp-content\\\/uploads\\\/2024\\\/09\\\/strassenweb-150x150.jpg\",\"url\":\"https:\\\/\\\/www.strassenweb.de\\\/nachrichten\\\/wp-content\\\/uploads\\\/2024\\\/09\\\/strassenweb-150x150.jpg\",\"contentUrl\":\"https:\\\/\\\/www.strassenweb.de\\\/nachrichten\\\/wp-content\\\/uploads\\\/2024\\\/09\\\/strassenweb-150x150.jpg\",\"caption\":\"Robert Hoffmann\"},\"description\":\"Ich hei\u00dfe Robert Hoffmann und ich bin ein leidenschaftlicher Verfechter von \u00d6kologie und Biodiversit\u00e4t. Seit meiner Kindheit in den W\u00e4ldern Bayerns f\u00fchle ich mich mit der Natur verbunden und bin entschlossen, sie zu sch\u00fctzen. Heute widme ich mein Leben der Sensibilisierung anderer f\u00fcr die Bedeutung des Umweltschutzes f\u00fcr zuk\u00fcnftige Generationen.\",\"sameAs\":[\"https:\\\/\\\/www.strassenweb.de\\\/\"]}]}<\/script>\n<!-- \/ Yoast SEO plugin. -->","yoast_head_json":{"title":"Das Blumensofa von Glenn Close macht einen sofortigen Schwerpunkt in ihrem wei\u00dfen Wohnzimmer - ihr Aussehen ist f\u00fcr 2025 im Trend (und leichter zu stylen, als Sie vielleicht denken) - Nachrichten - Stra\u00dfenweb","robots":{"index":"index","follow":"follow","max-snippet":"max-snippet:-1","max-image-preview":"max-image-preview:large","max-video-preview":"max-video-preview:-1"},"canonical":"https:\/\/www.strassenweb.de\/nachrichten\/das-blumensofa-von-glenn-close-macht-einen-sofortigen-schwerpunkt-in-ihrem-weissen-wohnzimmer-ihr-aussehen-ist-fuer-2025-im-trend-und-leichter-zu-stylen-als-sie-vielleicht-denken\/","og_locale":"de_DE","og_type":"article","og_title":"Das Blumensofa von Glenn Close macht einen sofortigen Schwerpunkt in ihrem wei\u00dfen Wohnzimmer - ihr Aussehen ist f\u00fcr 2025 im Trend (und leichter zu stylen, als Sie vielleicht denken) - Nachrichten - Stra\u00dfenweb","og_description":"Ein Statement -Sofa wird schnell zu einer unserer bevorzugten M\u00f6glichkeiten, mit mutigem Design zu experimentieren, zumal Fr\u00fchlingszoll n\u00e4her ist und wir saisonal angemessene Muster in","og_url":"https:\/\/www.strassenweb.de\/nachrichten\/das-blumensofa-von-glenn-close-macht-einen-sofortigen-schwerpunkt-in-ihrem-weissen-wohnzimmer-ihr-aussehen-ist-fuer-2025-im-trend-und-leichter-zu-stylen-als-sie-vielleicht-denken\/","og_site_name":"Stra\u00dfenweb","article_publisher":"https:\/\/www.facebook.com\/strassenweb\/","article_published_time":"2025-02-26T02:46:54+00:00","og_image":[{"width":1200,"height":675,"url":"https:\/\/www.strassenweb.de\/nachrichten\/wp-content\/uploads\/2025\/02\/Das-Blumensofa-von-Glenn-Close-macht-einen-sofortigen-Schwerpunkt-in.jpg","type":"image\/jpeg"}],"author":"Robert Hoffmann","twitter_card":"summary_large_image","twitter_misc":{"Verfasst von":"Robert Hoffmann","Gesch\u00e4tzte Lesezeit":"2\u00a0Minuten"},"schema":{"@context":"https:\/\/schema.org","@graph":[{"@type":"Article","@id":"https:\/\/www.strassenweb.de\/nachrichten\/das-blumensofa-von-glenn-close-macht-einen-sofortigen-schwerpunkt-in-ihrem-weissen-wohnzimmer-ihr-aussehen-ist-fuer-2025-im-trend-und-leichter-zu-stylen-als-sie-vielleicht-denken\/#article","isPartOf":{"@id":"https:\/\/www.strassenweb.de\/nachrichten\/das-blumensofa-von-glenn-close-macht-einen-sofortigen-schwerpunkt-in-ihrem-weissen-wohnzimmer-ihr-aussehen-ist-fuer-2025-im-trend-und-leichter-zu-stylen-als-sie-vielleicht-denken\/"},"author":{"name":"Robert Hoffmann","@id":"https:\/\/www.strassenweb.de\/nachrichten\/#\/schema\/person\/87c9c9067f1211da429a744dc5a5aa41"},"headline":"Das Blumensofa von Glenn Close macht einen sofortigen Schwerpunkt in ihrem wei\u00dfen Wohnzimmer &#8211; ihr Aussehen ist f\u00fcr 2025 im Trend (und leichter zu stylen, als Sie vielleicht denken)","datePublished":"2025-02-26T02:46:54+00:00","mainEntityOfPage":{"@id":"https:\/\/www.strassenweb.de\/nachrichten\/das-blumensofa-von-glenn-close-macht-einen-sofortigen-schwerpunkt-in-ihrem-weissen-wohnzimmer-ihr-aussehen-ist-fuer-2025-im-trend-und-leichter-zu-stylen-als-sie-vielleicht-denken\/"},"wordCount":530,"publisher":{"@id":"https:\/\/www.strassenweb.de\/nachrichten\/#organization"},"image":{"@id":"https:\/\/www.strassenweb.de\/nachrichten\/das-blumensofa-von-glenn-close-macht-einen-sofortigen-schwerpunkt-in-ihrem-weissen-wohnzimmer-ihr-aussehen-ist-fuer-2025-im-trend-und-leichter-zu-stylen-als-sie-vielleicht-denken\/#primaryimage"},"thumbnailUrl":"https:\/\/www.strassenweb.de\/nachrichten\/wp-content\/uploads\/2025\/02\/Das-Blumensofa-von-Glenn-Close-macht-einen-sofortigen-Schwerpunkt-in.jpg","keywords":["als","aussehen","Blumensofa","close","das","denken","einen","f\u00fcr","Glenn","Ihr","ihrem","ist","leichter","macht","Schwerpunkt","Sie","sofortigen","Stylen","Trend","und","vielleicht","von","wei\u00dfen","Wohnzimmer"],"articleSection":["Haus &amp; Garten"],"inLanguage":"de"},{"@type":"WebPage","@id":"https:\/\/www.strassenweb.de\/nachrichten\/das-blumensofa-von-glenn-close-macht-einen-sofortigen-schwerpunkt-in-ihrem-weissen-wohnzimmer-ihr-aussehen-ist-fuer-2025-im-trend-und-leichter-zu-stylen-als-sie-vielleicht-denken\/","url":"https:\/\/www.strassenweb.de\/nachrichten\/das-blumensofa-von-glenn-close-macht-einen-sofortigen-schwerpunkt-in-ihrem-weissen-wohnzimmer-ihr-aussehen-ist-fuer-2025-im-trend-und-leichter-zu-stylen-als-sie-vielleicht-denken\/","name":"Das Blumensofa von Glenn Close macht einen sofortigen Schwerpunkt in ihrem wei\u00dfen Wohnzimmer - ihr Aussehen ist f\u00fcr 2025 im Trend (und leichter zu stylen, als Sie vielleicht denken) - Nachrichten - Stra\u00dfenweb","isPartOf":{"@id":"https:\/\/www.strassenweb.de\/nachrichten\/#website"},"primaryImageOfPage":{"@id":"https:\/\/www.strassenweb.de\/nachrichten\/das-blumensofa-von-glenn-close-macht-einen-sofortigen-schwerpunkt-in-ihrem-weissen-wohnzimmer-ihr-aussehen-ist-fuer-2025-im-trend-und-leichter-zu-stylen-als-sie-vielleicht-denken\/#primaryimage"},"image":{"@id":"https:\/\/www.strassenweb.de\/nachrichten\/das-blumensofa-von-glenn-close-macht-einen-sofortigen-schwerpunkt-in-ihrem-weissen-wohnzimmer-ihr-aussehen-ist-fuer-2025-im-trend-und-leichter-zu-stylen-als-sie-vielleicht-denken\/#primaryimage"},"thumbnailUrl":"https:\/\/www.strassenweb.de\/nachrichten\/wp-content\/uploads\/2025\/02\/Das-Blumensofa-von-Glenn-Close-macht-einen-sofortigen-Schwerpunkt-in.jpg","datePublished":"2025-02-26T02:46:54+00:00","breadcrumb":{"@id":"https:\/\/www.strassenweb.de\/nachrichten\/das-blumensofa-von-glenn-close-macht-einen-sofortigen-schwerpunkt-in-ihrem-weissen-wohnzimmer-ihr-aussehen-ist-fuer-2025-im-trend-und-leichter-zu-stylen-als-sie-vielleicht-denken\/#breadcrumb"},"inLanguage":"de","potentialAction":[{"@type":"ReadAction","target":["https:\/\/www.strassenweb.de\/nachrichten\/das-blumensofa-von-glenn-close-macht-einen-sofortigen-schwerpunkt-in-ihrem-weissen-wohnzimmer-ihr-aussehen-ist-fuer-2025-im-trend-und-leichter-zu-stylen-als-sie-vielleicht-denken\/"]}]},{"@type":"ImageObject","inLanguage":"de","@id":"https:\/\/www.strassenweb.de\/nachrichten\/das-blumensofa-von-glenn-close-macht-einen-sofortigen-schwerpunkt-in-ihrem-weissen-wohnzimmer-ihr-aussehen-ist-fuer-2025-im-trend-und-leichter-zu-stylen-als-sie-vielleicht-denken\/#primaryimage","url":"https:\/\/www.strassenweb.de\/nachrichten\/wp-content\/uploads\/2025\/02\/Das-Blumensofa-von-Glenn-Close-macht-einen-sofortigen-Schwerpunkt-in.jpg","contentUrl":"https:\/\/www.strassenweb.de\/nachrichten\/wp-content\/uploads\/2025\/02\/Das-Blumensofa-von-Glenn-Close-macht-einen-sofortigen-Schwerpunkt-in.jpg","width":1200,"height":675,"caption":"Das Blumensofa von Glenn Close macht einen sofortigen Schwerpunkt in ihrem wei\u00dfen Wohnzimmer - ihr Aussehen ist f\u00fcr 2025 im Trend (und leichter zu stylen, als Sie vielleicht denken)"},{"@type":"BreadcrumbList","@id":"https:\/\/www.strassenweb.de\/nachrichten\/das-blumensofa-von-glenn-close-macht-einen-sofortigen-schwerpunkt-in-ihrem-weissen-wohnzimmer-ihr-aussehen-ist-fuer-2025-im-trend-und-leichter-zu-stylen-als-sie-vielleicht-denken\/#breadcrumb","itemListElement":[{"@type":"ListItem","position":1,"name":"Home","item":"https:\/\/www.strassenweb.de\/nachrichten\/"},{"@type":"ListItem","position":2,"name":"Das Blumensofa von Glenn Close macht einen sofortigen Schwerpunkt in ihrem wei\u00dfen Wohnzimmer &#8211; ihr Aussehen ist f\u00fcr 2025 im Trend (und leichter zu stylen, als Sie vielleicht denken)"}]},{"@type":"WebSite","@id":"https:\/\/www.strassenweb.de\/nachrichten\/#website","url":"https:\/\/www.strassenweb.de\/nachrichten\/","name":"Stra\u00dfenweb","description":"Stra\u00dfenverzeichnis f\u00fcr Deutschland","publisher":{"@id":"https:\/\/www.strassenweb.de\/nachrichten\/#organization"},"potentialAction":[{"@type":"SearchAction","target":{"@type":"EntryPoint","urlTemplate":"https:\/\/www.strassenweb.de\/nachrichten\/?s={search_term_string}"},"query-input":{"@type":"PropertyValueSpecification","valueRequired":true,"valueName":"search_term_string"}}],"inLanguage":"de"},{"@type":"Organization","@id":"https:\/\/www.strassenweb.de\/nachrichten\/#organization","name":"Stra\u00dfenweb","url":"https:\/\/www.strassenweb.de\/nachrichten\/","logo":{"@type":"ImageObject","inLanguage":"de","@id":"https:\/\/www.strassenweb.de\/nachrichten\/#\/schema\/logo\/image\/","url":"https:\/\/www.strassenweb.de\/nachrichten\/wp-content\/uploads\/2024\/09\/cropped-favicon.png","contentUrl":"https:\/\/www.strassenweb.de\/nachrichten\/wp-content\/uploads\/2024\/09\/cropped-favicon.png","width":512,"height":512,"caption":"Stra\u00dfenweb"},"image":{"@id":"https:\/\/www.strassenweb.de\/nachrichten\/#\/schema\/logo\/image\/"},"sameAs":["https:\/\/www.facebook.com\/strassenweb\/"]},{"@type":"Person","@id":"https:\/\/www.strassenweb.de\/nachrichten\/#\/schema\/person\/87c9c9067f1211da429a744dc5a5aa41","name":"Robert Hoffmann","image":{"@type":"ImageObject","inLanguage":"de","@id":"https:\/\/www.strassenweb.de\/nachrichten\/wp-content\/uploads\/2024\/09\/strassenweb-150x150.jpg","url":"https:\/\/www.strassenweb.de\/nachrichten\/wp-content\/uploads\/2024\/09\/strassenweb-150x150.jpg","contentUrl":"https:\/\/www.strassenweb.de\/nachrichten\/wp-content\/uploads\/2024\/09\/strassenweb-150x150.jpg","caption":"Robert Hoffmann"},"description":"Ich hei\u00dfe Robert Hoffmann und ich bin ein leidenschaftlicher Verfechter von \u00d6kologie und Biodiversit\u00e4t. Seit meiner Kindheit in den W\u00e4ldern Bayerns f\u00fchle ich mich mit der Natur verbunden und bin entschlossen, sie zu sch\u00fctzen. Heute widme ich mein Leben der Sensibilisierung anderer f\u00fcr die Bedeutung des Umweltschutzes f\u00fcr zuk\u00fcnftige Generationen.","sameAs":["https:\/\/www.strassenweb.de\/"]}]}},"_links":{"self":[{"href":"https:\/\/www.strassenweb.de\/nachrichten\/wp-json\/wp\/v2\/posts\/3542","targetHints":{"allow":["GET"]}}],"collection":[{"href":"https:\/\/www.strassenweb.de\/nachrichten\/wp-json\/wp\/v2\/posts"}],"about":[{"href":"https:\/\/www.strassenweb.de\/nachrichten\/wp-json\/wp\/v2\/types\/post"}],"author":[{"embeddable":true,"href":"https:\/\/www.strassenweb.de\/nachrichten\/wp-json\/wp\/v2\/users\/1"}],"replies":[{"embeddable":true,"href":"https:\/\/www.strassenweb.de\/nachrichten\/wp-json\/wp\/v2\/comments?post=3542"}],"version-history":[{"count":0,"href":"https:\/\/www.strassenweb.de\/nachrichten\/wp-json\/wp\/v2\/posts\/3542\/revisions"}],"wp:featuredmedia":[{"embeddable":true,"href":"https:\/\/www.strassenweb.de\/nachrichten\/wp-json\/wp\/v2\/media\/3543"}],"wp:attachment":[{"href":"https:\/\/www.strassenweb.de\/nachrichten\/wp-json\/wp\/v2\/media?parent=3542"}],"wp:term":[{"taxonomy":"category","embeddable":true,"href":"https:\/\/www.strassenweb.de\/nachrichten\/wp-json\/wp\/v2\/categories?post=3542"},{"taxonomy":"post_tag","embeddable":true,"href":"https:\/\/www.strassenweb.de\/nachrichten\/wp-json\/wp\/v2\/tags?post=3542"}],"curies":[{"name":"wp","href":"https:\/\/api.w.org\/{rel}","templated":true}]}}