{"id":3511,"date":"2025-02-24T12:47:46","date_gmt":"2025-02-24T11:47:46","guid":{"rendered":"https:\/\/www.strassenweb.de\/nachrichten\/die-weigerung-des-ersten-ministers-die-wiedereinfuehrung-von-lynx-ausserhalb-des-schrittes-mit-der-oeffentlichen-meinung-zu-beruecksichtigen\/"},"modified":"2025-02-24T12:47:47","modified_gmt":"2025-02-24T11:47:47","slug":"die-weigerung-des-ersten-ministers-die-wiedereinfuehrung-von-lynx-ausserhalb-des-schrittes-mit-der-oeffentlichen-meinung-zu-beruecksichtigen","status":"publish","type":"post","link":"https:\/\/www.strassenweb.de\/nachrichten\/die-weigerung-des-ersten-ministers-die-wiedereinfuehrung-von-lynx-ausserhalb-des-schrittes-mit-der-oeffentlichen-meinung-zu-beruecksichtigen\/","title":{"rendered":"Die Weigerung des ersten Ministers, die Wiedereinf\u00fchrung von Lynx &#8222;au\u00dferhalb des Schrittes&#8220; mit der \u00f6ffentlichen Meinung zu ber\u00fccksichtigen"},"content":{"rendered":"<p>Die Ver\u00f6ffentlichung einer neuen Meinungsumfrage zeigt, dass die \u00f6ffentliche Unterst\u00fctzung f\u00fcr die Wiedereinf\u00fchrung von Lynx in Schottland steigern wird. <\/p>\n<p>Die Umfrage f\u00e4llt mit einem offenen Brief zusammen, der an den ersten Minister gesendet wurde, der von 20 Organisationen unterst\u00fctzt wurde, die John Swinneys Urteil bei der Abweisung der R\u00fcckkehr von Luchs aus der Hand in Frage stellen.<\/p>\n<p>Eine von Survation im Januar f\u00fcr die Lynx zu Scotland -Partnerschaft durchgef\u00fchrte Meinungsumfrage zeigt, dass die Unterst\u00fctzung f\u00fcr die R\u00fcckkehr von Lynx nach Schottland auf 61% gestiegen ist &#8211; ein Anstieg von neun Punkten seit der letzten solchen Umfrage im Jahr 2020, vor allem aufgrund des zunehmenden \u00f6ffentlichen Bewusstseins aufgrund des zunehmenden \u00f6ffentlichen Bewusstseins der Art und ihrer Vorteile. Nur 13% der Befragten waren abgelehnt &#8211; ein R\u00fcckgang von sechs Punkten.<\/p>\n<p>Steve Micklewright, Gesch\u00e4ftsf\u00fchrer von Trees for Life, einer der beteiligten Wohlt\u00e4tigkeitsorganisationen, sagte: \u201eDiese Umfrage zeigt, dass eine wachsende Anzahl von Schotten dazu f\u00fchren m\u00f6chte, dass Luchs wieder eingef\u00fchrt wird und versteht, dass die Vorteile ihrer R\u00fcckkehr alle Probleme \u00fcberwiegt, die sie verursachen k\u00f6nnten. <\/p>\n<p>&#8222;Eine sorgf\u00e4ltig verwaltete Lynx -Wiedereinf\u00fchrung w\u00fcrde die nat\u00fcrliche und st\u00e4rkere Welt in Schottland machen und f\u00fcr die biologische Vielfalt, die Widerstandsf\u00e4higkeit der Klima und den wirtschaftlichen Wohlstand gr\u00f6\u00dfere Vorteile bieten.&#8220;<\/p>\n<p>Lynx ist eine \u201eKeystone -Art\u201c, die eine wichtige Rolle bei der Aufrechterhaltung von Systemen f\u00fcr gesunde Leben spielen, und die Artenvielfalt wird durch ihre Abwesenheit negativ beeinflusst. Untersuchungen zeigen, dass das Highlands den Lebensraum hat, um rund 250 Luchs nachhaltig zu unterst\u00fctzen. Die Wiedereinf\u00fchrung der Art w\u00fcrde die Genehmigung der schottischen Regierung nach Lebensraumbewertungen und einer vollst\u00e4ndigen \u00f6ffentlichen Konsultation erfordern.<\/p>\n<p>Der Luchs ist eine schwer fassbare, waldbewohnende Katze in Labradorgr\u00f6\u00dfe, die haupts\u00e4chlich Hirsche anzieht und keine Bedrohung f\u00fcr den Menschen darstellt. Luchs wurde in Schottland aufgrund von Jagd und Verlust des Lebensraums im Mittelalter zum Aussterben getrieben. Sie erholen sich in ganz Europa mit Hilfe erfolgreicher, gut geplanter Wiedereinf\u00fchrung.<\/p>\n<p>Der offene Brief an den Ersten Minister stellt sein Urteil in Frage zur Abweisung von Lynx Wiedereinf\u00fchrung bei der j\u00fcngsten National Farmers Union Scotland Conference. Auf der Konferenz sagte Swinney: &#8222;Meine Regierung wird in Schottland nicht wieder in Schottland oder in einer anderen gro\u00dfen fleischfressenden Spezies wieder eingef\u00fchrt.&#8220;<\/p>\n<p>Der Brief in Frage stellt das Engagement des ersten Ministers zur Bek\u00e4mpfung des Naturnotfalls und unterstreicht die Umwelt-, Klima- und wirtschaftlichen Vorteile von wieder eingef\u00fchrten Arten.<\/p>\n<p>Die Unterzeichner fragen, warum Schottland nicht mit Lynx leben kann, wenn andere L\u00e4nder mit viel herausfordernden Tieren wie L\u00f6wen und Tigern zusammenarbeiten. Es wird auch die umfangreiche und langfristige Arbeit des Lynx in die Scotland-Partnerschaft hervorgehoben, um die Anliegen der Stakeholder zu verstehen und wie potenzielle Probleme behandelt werden k\u00f6nnten. <\/p>\n<p>Peter Cairns, Leiter des Rewilding in Schottland: Das Gesamtbild sagte: \u201eDie Aufgabe von Luchs in den Cairngorms im letzten Monat war r\u00fccksichtslos, und solche Handlungen sind sicherlich nicht der Weg, um die R\u00fcckkehr einer verlorenen Spezies nach Schottland zu erreichen. Aber keiner von uns kann verstehen, warum dies den ersten Minister dazu veranlasst hat, einen Vorschlag zur\u00fcckzugeben, der diese wichtige Art auf vern\u00fcnftige und gut verwaltete Weise wieder einf\u00fchren k\u00f6nnte.<\/p>\n<p>\u201eIn Anbetracht der steigenden Unterst\u00fctzung f\u00fcr die R\u00fcckkehr von Lynx und den Anstrengungen, um sicherzustellen, dass dies ordnungsgem\u00e4\u00df im Einklang mit bew\u00e4hrten Verfahren erfolgt, erscheint der erste Minister nicht mit der \u00f6ffentlichen Meinung, und wir fordern ihn auf, seine Position zu \u00fcberdenken. \u201d<\/p>\n<p>Die Partner von Lynx zu Scotland sind Schottland: The Big Picture, B\u00e4ume for Life und das Lifescape -Projekt. Weitere Informationen finden Sie unter www.scotlandbigpicture.com\/lynx-to-scotland.<\/p>\n<p>: \u00a9 ScotlandBigPicture.com<\/p>\n","protected":false},"excerpt":{"rendered":"<p>Die Ver\u00f6ffentlichung einer neuen Meinungsumfrage zeigt, dass die \u00f6ffentliche Unterst\u00fctzung f\u00fcr die Wiedereinf\u00fchrung von Lynx in Schottland steigern wird. Die Umfrage f\u00e4llt mit einem offenen<\/p>\n","protected":false},"author":1,"featured_media":3512,"comment_status":"closed","ping_status":"","sticky":false,"template":"","format":"standard","meta":{"footnotes":""},"categories":[101],"tags":[3290,5468,81,281,9,1189,4350,3369,5464,146,5467,5466,21,5463,5465],"class_list":["post-3511","post","type-post","status-publish","format-standard","has-post-thumbnail","hentry","category-oekologie","tag-ausserhalb","tag-beruecksichtigen","tag-der","tag-des","tag-die","tag-ersten","tag-lynx","tag-meinung","tag-ministers","tag-mit","tag-oeffentlichen","tag-schrittes","tag-von","tag-weigerung","tag-wiedereinfuehrung","generate-columns","tablet-grid-50","mobile-grid-100","grid-parent","grid-50"],"yoast_head":"<!-- This site is optimized with the Yoast SEO plugin v27.3 - https:\/\/yoast.com\/product\/yoast-seo-wordpress\/ -->\n<title>Die Weigerung des ersten Ministers, die Wiedereinf\u00fchrung von Lynx &quot;au\u00dferhalb des Schrittes&quot; mit der \u00f6ffentlichen Meinung zu ber\u00fccksichtigen - Nachrichten - Stra\u00dfenweb<\/title>\n<meta name=\"robots\" content=\"index, follow, max-snippet:-1, max-image-preview:large, max-video-preview:-1\" \/>\n<link rel=\"canonical\" href=\"https:\/\/www.strassenweb.de\/nachrichten\/die-weigerung-des-ersten-ministers-die-wiedereinfuehrung-von-lynx-ausserhalb-des-schrittes-mit-der-oeffentlichen-meinung-zu-beruecksichtigen\/\" \/>\n<meta property=\"og:locale\" content=\"de_DE\" \/>\n<meta property=\"og:type\" content=\"article\" \/>\n<meta property=\"og:title\" content=\"Die Weigerung des ersten Ministers, die Wiedereinf\u00fchrung von Lynx &quot;au\u00dferhalb des Schrittes&quot; mit der \u00f6ffentlichen Meinung zu ber\u00fccksichtigen - Nachrichten - Stra\u00dfenweb\" \/>\n<meta property=\"og:description\" content=\"Die Ver\u00f6ffentlichung einer neuen Meinungsumfrage zeigt, dass die \u00f6ffentliche Unterst\u00fctzung f\u00fcr die Wiedereinf\u00fchrung von Lynx in Schottland steigern wird. Die Umfrage f\u00e4llt mit einem offenen\" \/>\n<meta property=\"og:url\" content=\"https:\/\/www.strassenweb.de\/nachrichten\/die-weigerung-des-ersten-ministers-die-wiedereinfuehrung-von-lynx-ausserhalb-des-schrittes-mit-der-oeffentlichen-meinung-zu-beruecksichtigen\/\" \/>\n<meta property=\"og:site_name\" content=\"Stra\u00dfenweb\" \/>\n<meta property=\"article:publisher\" content=\"https:\/\/www.facebook.com\/strassenweb\/\" \/>\n<meta property=\"article:published_time\" content=\"2025-02-24T11:47:46+00:00\" \/>\n<meta property=\"article:modified_time\" content=\"2025-02-24T11:47:47+00:00\" \/>\n<meta property=\"og:image\" content=\"https:\/\/www.strassenweb.de\/nachrichten\/wp-content\/uploads\/2025\/02\/Die-Weigerung-des-ersten-Ministers-die-Wiedereinfuehrung-von-Lynx-ausserhalb.-European-l.jpeg\" \/>\n\t<meta property=\"og:image:width\" content=\"900\" \/>\n\t<meta property=\"og:image:height\" content=\"599\" \/>\n\t<meta property=\"og:image:type\" content=\"image\/jpeg\" \/>\n<meta name=\"author\" content=\"Robert Hoffmann\" \/>\n<meta name=\"twitter:card\" content=\"summary_large_image\" \/>\n<meta name=\"twitter:label1\" content=\"Verfasst von\" \/>\n\t<meta name=\"twitter:data1\" content=\"Robert Hoffmann\" \/>\n\t<meta name=\"twitter:label2\" content=\"Gesch\u00e4tzte Lesezeit\" \/>\n\t<meta name=\"twitter:data2\" content=\"3\u00a0Minuten\" \/>\n<script type=\"application\/ld+json\" class=\"yoast-schema-graph\">{\"@context\":\"https:\\\/\\\/schema.org\",\"@graph\":[{\"@type\":\"Article\",\"@id\":\"https:\\\/\\\/www.strassenweb.de\\\/nachrichten\\\/die-weigerung-des-ersten-ministers-die-wiedereinfuehrung-von-lynx-ausserhalb-des-schrittes-mit-der-oeffentlichen-meinung-zu-beruecksichtigen\\\/#article\",\"isPartOf\":{\"@id\":\"https:\\\/\\\/www.strassenweb.de\\\/nachrichten\\\/die-weigerung-des-ersten-ministers-die-wiedereinfuehrung-von-lynx-ausserhalb-des-schrittes-mit-der-oeffentlichen-meinung-zu-beruecksichtigen\\\/\"},\"author\":{\"name\":\"Robert Hoffmann\",\"@id\":\"https:\\\/\\\/www.strassenweb.de\\\/nachrichten\\\/#\\\/schema\\\/person\\\/87c9c9067f1211da429a744dc5a5aa41\"},\"headline\":\"Die Weigerung des ersten Ministers, die Wiedereinf\u00fchrung von Lynx &#8222;au\u00dferhalb des Schrittes&#8220; mit der \u00f6ffentlichen Meinung zu ber\u00fccksichtigen\",\"datePublished\":\"2025-02-24T11:47:46+00:00\",\"dateModified\":\"2025-02-24T11:47:47+00:00\",\"mainEntityOfPage\":{\"@id\":\"https:\\\/\\\/www.strassenweb.de\\\/nachrichten\\\/die-weigerung-des-ersten-ministers-die-wiedereinfuehrung-von-lynx-ausserhalb-des-schrittes-mit-der-oeffentlichen-meinung-zu-beruecksichtigen\\\/\"},\"wordCount\":649,\"publisher\":{\"@id\":\"https:\\\/\\\/www.strassenweb.de\\\/nachrichten\\\/#organization\"},\"image\":{\"@id\":\"https:\\\/\\\/www.strassenweb.de\\\/nachrichten\\\/die-weigerung-des-ersten-ministers-die-wiedereinfuehrung-von-lynx-ausserhalb-des-schrittes-mit-der-oeffentlichen-meinung-zu-beruecksichtigen\\\/#primaryimage\"},\"thumbnailUrl\":\"https:\\\/\\\/www.strassenweb.de\\\/nachrichten\\\/wp-content\\\/uploads\\\/2025\\\/02\\\/Die-Weigerung-des-ersten-Ministers-die-Wiedereinfuehrung-von-Lynx-ausserhalb.-European-l.jpeg\",\"keywords\":[\"au\u00dferhalb\",\"ber\u00fccksichtigen\",\"der\",\"des\",\"die\",\"ersten\",\"Lynx\",\"Meinung\",\"Ministers\",\"mit\",\"\u00f6ffentlichen\",\"Schrittes\",\"von\",\"Weigerung\",\"Wiedereinf\u00fchrung\"],\"articleSection\":[\"\u00d6kologie\"],\"inLanguage\":\"de\"},{\"@type\":\"WebPage\",\"@id\":\"https:\\\/\\\/www.strassenweb.de\\\/nachrichten\\\/die-weigerung-des-ersten-ministers-die-wiedereinfuehrung-von-lynx-ausserhalb-des-schrittes-mit-der-oeffentlichen-meinung-zu-beruecksichtigen\\\/\",\"url\":\"https:\\\/\\\/www.strassenweb.de\\\/nachrichten\\\/die-weigerung-des-ersten-ministers-die-wiedereinfuehrung-von-lynx-ausserhalb-des-schrittes-mit-der-oeffentlichen-meinung-zu-beruecksichtigen\\\/\",\"name\":\"Die Weigerung des ersten Ministers, die Wiedereinf\u00fchrung von Lynx \\\"au\u00dferhalb des Schrittes\\\" mit der \u00f6ffentlichen Meinung zu ber\u00fccksichtigen - Nachrichten - Stra\u00dfenweb\",\"isPartOf\":{\"@id\":\"https:\\\/\\\/www.strassenweb.de\\\/nachrichten\\\/#website\"},\"primaryImageOfPage\":{\"@id\":\"https:\\\/\\\/www.strassenweb.de\\\/nachrichten\\\/die-weigerung-des-ersten-ministers-die-wiedereinfuehrung-von-lynx-ausserhalb-des-schrittes-mit-der-oeffentlichen-meinung-zu-beruecksichtigen\\\/#primaryimage\"},\"image\":{\"@id\":\"https:\\\/\\\/www.strassenweb.de\\\/nachrichten\\\/die-weigerung-des-ersten-ministers-die-wiedereinfuehrung-von-lynx-ausserhalb-des-schrittes-mit-der-oeffentlichen-meinung-zu-beruecksichtigen\\\/#primaryimage\"},\"thumbnailUrl\":\"https:\\\/\\\/www.strassenweb.de\\\/nachrichten\\\/wp-content\\\/uploads\\\/2025\\\/02\\\/Die-Weigerung-des-ersten-Ministers-die-Wiedereinfuehrung-von-Lynx-ausserhalb.-European-l.jpeg\",\"datePublished\":\"2025-02-24T11:47:46+00:00\",\"dateModified\":\"2025-02-24T11:47:47+00:00\",\"breadcrumb\":{\"@id\":\"https:\\\/\\\/www.strassenweb.de\\\/nachrichten\\\/die-weigerung-des-ersten-ministers-die-wiedereinfuehrung-von-lynx-ausserhalb-des-schrittes-mit-der-oeffentlichen-meinung-zu-beruecksichtigen\\\/#breadcrumb\"},\"inLanguage\":\"de\",\"potentialAction\":[{\"@type\":\"ReadAction\",\"target\":[\"https:\\\/\\\/www.strassenweb.de\\\/nachrichten\\\/die-weigerung-des-ersten-ministers-die-wiedereinfuehrung-von-lynx-ausserhalb-des-schrittes-mit-der-oeffentlichen-meinung-zu-beruecksichtigen\\\/\"]}]},{\"@type\":\"ImageObject\",\"inLanguage\":\"de\",\"@id\":\"https:\\\/\\\/www.strassenweb.de\\\/nachrichten\\\/die-weigerung-des-ersten-ministers-die-wiedereinfuehrung-von-lynx-ausserhalb-des-schrittes-mit-der-oeffentlichen-meinung-zu-beruecksichtigen\\\/#primaryimage\",\"url\":\"https:\\\/\\\/www.strassenweb.de\\\/nachrichten\\\/wp-content\\\/uploads\\\/2025\\\/02\\\/Die-Weigerung-des-ersten-Ministers-die-Wiedereinfuehrung-von-Lynx-ausserhalb.-European-l.jpeg\",\"contentUrl\":\"https:\\\/\\\/www.strassenweb.de\\\/nachrichten\\\/wp-content\\\/uploads\\\/2025\\\/02\\\/Die-Weigerung-des-ersten-Ministers-die-Wiedereinfuehrung-von-Lynx-ausserhalb.-European-l.jpeg\",\"width\":900,\"height\":599,\"caption\":\"First Minister\u2019s refusal to consider lynx reintroduction \u2018out of step\u2019 with public opinion. European lynx (Felis lynx) adult female walking through woodland, Norway.\"},{\"@type\":\"BreadcrumbList\",\"@id\":\"https:\\\/\\\/www.strassenweb.de\\\/nachrichten\\\/die-weigerung-des-ersten-ministers-die-wiedereinfuehrung-von-lynx-ausserhalb-des-schrittes-mit-der-oeffentlichen-meinung-zu-beruecksichtigen\\\/#breadcrumb\",\"itemListElement\":[{\"@type\":\"ListItem\",\"position\":1,\"name\":\"Home\",\"item\":\"https:\\\/\\\/www.strassenweb.de\\\/nachrichten\\\/\"},{\"@type\":\"ListItem\",\"position\":2,\"name\":\"Die Weigerung des ersten Ministers, die Wiedereinf\u00fchrung von Lynx &#8222;au\u00dferhalb des Schrittes&#8220; mit der \u00f6ffentlichen Meinung zu ber\u00fccksichtigen\"}]},{\"@type\":\"WebSite\",\"@id\":\"https:\\\/\\\/www.strassenweb.de\\\/nachrichten\\\/#website\",\"url\":\"https:\\\/\\\/www.strassenweb.de\\\/nachrichten\\\/\",\"name\":\"Stra\u00dfenweb\",\"description\":\"Stra\u00dfenverzeichnis f\u00fcr Deutschland\",\"publisher\":{\"@id\":\"https:\\\/\\\/www.strassenweb.de\\\/nachrichten\\\/#organization\"},\"potentialAction\":[{\"@type\":\"SearchAction\",\"target\":{\"@type\":\"EntryPoint\",\"urlTemplate\":\"https:\\\/\\\/www.strassenweb.de\\\/nachrichten\\\/?s={search_term_string}\"},\"query-input\":{\"@type\":\"PropertyValueSpecification\",\"valueRequired\":true,\"valueName\":\"search_term_string\"}}],\"inLanguage\":\"de\"},{\"@type\":\"Organization\",\"@id\":\"https:\\\/\\\/www.strassenweb.de\\\/nachrichten\\\/#organization\",\"name\":\"Stra\u00dfenweb\",\"url\":\"https:\\\/\\\/www.strassenweb.de\\\/nachrichten\\\/\",\"logo\":{\"@type\":\"ImageObject\",\"inLanguage\":\"de\",\"@id\":\"https:\\\/\\\/www.strassenweb.de\\\/nachrichten\\\/#\\\/schema\\\/logo\\\/image\\\/\",\"url\":\"https:\\\/\\\/www.strassenweb.de\\\/nachrichten\\\/wp-content\\\/uploads\\\/2024\\\/09\\\/cropped-favicon.png\",\"contentUrl\":\"https:\\\/\\\/www.strassenweb.de\\\/nachrichten\\\/wp-content\\\/uploads\\\/2024\\\/09\\\/cropped-favicon.png\",\"width\":512,\"height\":512,\"caption\":\"Stra\u00dfenweb\"},\"image\":{\"@id\":\"https:\\\/\\\/www.strassenweb.de\\\/nachrichten\\\/#\\\/schema\\\/logo\\\/image\\\/\"},\"sameAs\":[\"https:\\\/\\\/www.facebook.com\\\/strassenweb\\\/\"]},{\"@type\":\"Person\",\"@id\":\"https:\\\/\\\/www.strassenweb.de\\\/nachrichten\\\/#\\\/schema\\\/person\\\/87c9c9067f1211da429a744dc5a5aa41\",\"name\":\"Robert Hoffmann\",\"image\":{\"@type\":\"ImageObject\",\"inLanguage\":\"de\",\"@id\":\"https:\\\/\\\/www.strassenweb.de\\\/nachrichten\\\/wp-content\\\/uploads\\\/2024\\\/09\\\/strassenweb-150x150.jpg\",\"url\":\"https:\\\/\\\/www.strassenweb.de\\\/nachrichten\\\/wp-content\\\/uploads\\\/2024\\\/09\\\/strassenweb-150x150.jpg\",\"contentUrl\":\"https:\\\/\\\/www.strassenweb.de\\\/nachrichten\\\/wp-content\\\/uploads\\\/2024\\\/09\\\/strassenweb-150x150.jpg\",\"caption\":\"Robert Hoffmann\"},\"description\":\"Ich hei\u00dfe Robert Hoffmann und ich bin ein leidenschaftlicher Verfechter von \u00d6kologie und Biodiversit\u00e4t. Seit meiner Kindheit in den W\u00e4ldern Bayerns f\u00fchle ich mich mit der Natur verbunden und bin entschlossen, sie zu sch\u00fctzen. Heute widme ich mein Leben der Sensibilisierung anderer f\u00fcr die Bedeutung des Umweltschutzes f\u00fcr zuk\u00fcnftige Generationen.\",\"sameAs\":[\"https:\\\/\\\/www.strassenweb.de\\\/\"]}]}<\/script>\n<!-- \/ Yoast SEO plugin. -->","yoast_head_json":{"title":"Die Weigerung des ersten Ministers, die Wiedereinf\u00fchrung von Lynx \"au\u00dferhalb des Schrittes\" mit der \u00f6ffentlichen Meinung zu ber\u00fccksichtigen - Nachrichten - Stra\u00dfenweb","robots":{"index":"index","follow":"follow","max-snippet":"max-snippet:-1","max-image-preview":"max-image-preview:large","max-video-preview":"max-video-preview:-1"},"canonical":"https:\/\/www.strassenweb.de\/nachrichten\/die-weigerung-des-ersten-ministers-die-wiedereinfuehrung-von-lynx-ausserhalb-des-schrittes-mit-der-oeffentlichen-meinung-zu-beruecksichtigen\/","og_locale":"de_DE","og_type":"article","og_title":"Die Weigerung des ersten Ministers, die Wiedereinf\u00fchrung von Lynx \"au\u00dferhalb des Schrittes\" mit der \u00f6ffentlichen Meinung zu ber\u00fccksichtigen - Nachrichten - Stra\u00dfenweb","og_description":"Die Ver\u00f6ffentlichung einer neuen Meinungsumfrage zeigt, dass die \u00f6ffentliche Unterst\u00fctzung f\u00fcr die Wiedereinf\u00fchrung von Lynx in Schottland steigern wird. Die Umfrage f\u00e4llt mit einem offenen","og_url":"https:\/\/www.strassenweb.de\/nachrichten\/die-weigerung-des-ersten-ministers-die-wiedereinfuehrung-von-lynx-ausserhalb-des-schrittes-mit-der-oeffentlichen-meinung-zu-beruecksichtigen\/","og_site_name":"Stra\u00dfenweb","article_publisher":"https:\/\/www.facebook.com\/strassenweb\/","article_published_time":"2025-02-24T11:47:46+00:00","article_modified_time":"2025-02-24T11:47:47+00:00","og_image":[{"width":900,"height":599,"url":"https:\/\/www.strassenweb.de\/nachrichten\/wp-content\/uploads\/2025\/02\/Die-Weigerung-des-ersten-Ministers-die-Wiedereinfuehrung-von-Lynx-ausserhalb.-European-l.jpeg","type":"image\/jpeg"}],"author":"Robert Hoffmann","twitter_card":"summary_large_image","twitter_misc":{"Verfasst von":"Robert Hoffmann","Gesch\u00e4tzte Lesezeit":"3\u00a0Minuten"},"schema":{"@context":"https:\/\/schema.org","@graph":[{"@type":"Article","@id":"https:\/\/www.strassenweb.de\/nachrichten\/die-weigerung-des-ersten-ministers-die-wiedereinfuehrung-von-lynx-ausserhalb-des-schrittes-mit-der-oeffentlichen-meinung-zu-beruecksichtigen\/#article","isPartOf":{"@id":"https:\/\/www.strassenweb.de\/nachrichten\/die-weigerung-des-ersten-ministers-die-wiedereinfuehrung-von-lynx-ausserhalb-des-schrittes-mit-der-oeffentlichen-meinung-zu-beruecksichtigen\/"},"author":{"name":"Robert Hoffmann","@id":"https:\/\/www.strassenweb.de\/nachrichten\/#\/schema\/person\/87c9c9067f1211da429a744dc5a5aa41"},"headline":"Die Weigerung des ersten Ministers, die Wiedereinf\u00fchrung von Lynx &#8222;au\u00dferhalb des Schrittes&#8220; mit der \u00f6ffentlichen Meinung zu ber\u00fccksichtigen","datePublished":"2025-02-24T11:47:46+00:00","dateModified":"2025-02-24T11:47:47+00:00","mainEntityOfPage":{"@id":"https:\/\/www.strassenweb.de\/nachrichten\/die-weigerung-des-ersten-ministers-die-wiedereinfuehrung-von-lynx-ausserhalb-des-schrittes-mit-der-oeffentlichen-meinung-zu-beruecksichtigen\/"},"wordCount":649,"publisher":{"@id":"https:\/\/www.strassenweb.de\/nachrichten\/#organization"},"image":{"@id":"https:\/\/www.strassenweb.de\/nachrichten\/die-weigerung-des-ersten-ministers-die-wiedereinfuehrung-von-lynx-ausserhalb-des-schrittes-mit-der-oeffentlichen-meinung-zu-beruecksichtigen\/#primaryimage"},"thumbnailUrl":"https:\/\/www.strassenweb.de\/nachrichten\/wp-content\/uploads\/2025\/02\/Die-Weigerung-des-ersten-Ministers-die-Wiedereinfuehrung-von-Lynx-ausserhalb.-European-l.jpeg","keywords":["au\u00dferhalb","ber\u00fccksichtigen","der","des","die","ersten","Lynx","Meinung","Ministers","mit","\u00f6ffentlichen","Schrittes","von","Weigerung","Wiedereinf\u00fchrung"],"articleSection":["\u00d6kologie"],"inLanguage":"de"},{"@type":"WebPage","@id":"https:\/\/www.strassenweb.de\/nachrichten\/die-weigerung-des-ersten-ministers-die-wiedereinfuehrung-von-lynx-ausserhalb-des-schrittes-mit-der-oeffentlichen-meinung-zu-beruecksichtigen\/","url":"https:\/\/www.strassenweb.de\/nachrichten\/die-weigerung-des-ersten-ministers-die-wiedereinfuehrung-von-lynx-ausserhalb-des-schrittes-mit-der-oeffentlichen-meinung-zu-beruecksichtigen\/","name":"Die Weigerung des ersten Ministers, die Wiedereinf\u00fchrung von Lynx \"au\u00dferhalb des Schrittes\" mit der \u00f6ffentlichen Meinung zu ber\u00fccksichtigen - Nachrichten - Stra\u00dfenweb","isPartOf":{"@id":"https:\/\/www.strassenweb.de\/nachrichten\/#website"},"primaryImageOfPage":{"@id":"https:\/\/www.strassenweb.de\/nachrichten\/die-weigerung-des-ersten-ministers-die-wiedereinfuehrung-von-lynx-ausserhalb-des-schrittes-mit-der-oeffentlichen-meinung-zu-beruecksichtigen\/#primaryimage"},"image":{"@id":"https:\/\/www.strassenweb.de\/nachrichten\/die-weigerung-des-ersten-ministers-die-wiedereinfuehrung-von-lynx-ausserhalb-des-schrittes-mit-der-oeffentlichen-meinung-zu-beruecksichtigen\/#primaryimage"},"thumbnailUrl":"https:\/\/www.strassenweb.de\/nachrichten\/wp-content\/uploads\/2025\/02\/Die-Weigerung-des-ersten-Ministers-die-Wiedereinfuehrung-von-Lynx-ausserhalb.-European-l.jpeg","datePublished":"2025-02-24T11:47:46+00:00","dateModified":"2025-02-24T11:47:47+00:00","breadcrumb":{"@id":"https:\/\/www.strassenweb.de\/nachrichten\/die-weigerung-des-ersten-ministers-die-wiedereinfuehrung-von-lynx-ausserhalb-des-schrittes-mit-der-oeffentlichen-meinung-zu-beruecksichtigen\/#breadcrumb"},"inLanguage":"de","potentialAction":[{"@type":"ReadAction","target":["https:\/\/www.strassenweb.de\/nachrichten\/die-weigerung-des-ersten-ministers-die-wiedereinfuehrung-von-lynx-ausserhalb-des-schrittes-mit-der-oeffentlichen-meinung-zu-beruecksichtigen\/"]}]},{"@type":"ImageObject","inLanguage":"de","@id":"https:\/\/www.strassenweb.de\/nachrichten\/die-weigerung-des-ersten-ministers-die-wiedereinfuehrung-von-lynx-ausserhalb-des-schrittes-mit-der-oeffentlichen-meinung-zu-beruecksichtigen\/#primaryimage","url":"https:\/\/www.strassenweb.de\/nachrichten\/wp-content\/uploads\/2025\/02\/Die-Weigerung-des-ersten-Ministers-die-Wiedereinfuehrung-von-Lynx-ausserhalb.-European-l.jpeg","contentUrl":"https:\/\/www.strassenweb.de\/nachrichten\/wp-content\/uploads\/2025\/02\/Die-Weigerung-des-ersten-Ministers-die-Wiedereinfuehrung-von-Lynx-ausserhalb.-European-l.jpeg","width":900,"height":599,"caption":"First Minister\u2019s refusal to consider lynx reintroduction \u2018out of step\u2019 with public opinion. European lynx (Felis lynx) adult female walking through woodland, Norway."},{"@type":"BreadcrumbList","@id":"https:\/\/www.strassenweb.de\/nachrichten\/die-weigerung-des-ersten-ministers-die-wiedereinfuehrung-von-lynx-ausserhalb-des-schrittes-mit-der-oeffentlichen-meinung-zu-beruecksichtigen\/#breadcrumb","itemListElement":[{"@type":"ListItem","position":1,"name":"Home","item":"https:\/\/www.strassenweb.de\/nachrichten\/"},{"@type":"ListItem","position":2,"name":"Die Weigerung des ersten Ministers, die Wiedereinf\u00fchrung von Lynx &#8222;au\u00dferhalb des Schrittes&#8220; mit der \u00f6ffentlichen Meinung zu ber\u00fccksichtigen"}]},{"@type":"WebSite","@id":"https:\/\/www.strassenweb.de\/nachrichten\/#website","url":"https:\/\/www.strassenweb.de\/nachrichten\/","name":"Stra\u00dfenweb","description":"Stra\u00dfenverzeichnis f\u00fcr Deutschland","publisher":{"@id":"https:\/\/www.strassenweb.de\/nachrichten\/#organization"},"potentialAction":[{"@type":"SearchAction","target":{"@type":"EntryPoint","urlTemplate":"https:\/\/www.strassenweb.de\/nachrichten\/?s={search_term_string}"},"query-input":{"@type":"PropertyValueSpecification","valueRequired":true,"valueName":"search_term_string"}}],"inLanguage":"de"},{"@type":"Organization","@id":"https:\/\/www.strassenweb.de\/nachrichten\/#organization","name":"Stra\u00dfenweb","url":"https:\/\/www.strassenweb.de\/nachrichten\/","logo":{"@type":"ImageObject","inLanguage":"de","@id":"https:\/\/www.strassenweb.de\/nachrichten\/#\/schema\/logo\/image\/","url":"https:\/\/www.strassenweb.de\/nachrichten\/wp-content\/uploads\/2024\/09\/cropped-favicon.png","contentUrl":"https:\/\/www.strassenweb.de\/nachrichten\/wp-content\/uploads\/2024\/09\/cropped-favicon.png","width":512,"height":512,"caption":"Stra\u00dfenweb"},"image":{"@id":"https:\/\/www.strassenweb.de\/nachrichten\/#\/schema\/logo\/image\/"},"sameAs":["https:\/\/www.facebook.com\/strassenweb\/"]},{"@type":"Person","@id":"https:\/\/www.strassenweb.de\/nachrichten\/#\/schema\/person\/87c9c9067f1211da429a744dc5a5aa41","name":"Robert Hoffmann","image":{"@type":"ImageObject","inLanguage":"de","@id":"https:\/\/www.strassenweb.de\/nachrichten\/wp-content\/uploads\/2024\/09\/strassenweb-150x150.jpg","url":"https:\/\/www.strassenweb.de\/nachrichten\/wp-content\/uploads\/2024\/09\/strassenweb-150x150.jpg","contentUrl":"https:\/\/www.strassenweb.de\/nachrichten\/wp-content\/uploads\/2024\/09\/strassenweb-150x150.jpg","caption":"Robert Hoffmann"},"description":"Ich hei\u00dfe Robert Hoffmann und ich bin ein leidenschaftlicher Verfechter von \u00d6kologie und Biodiversit\u00e4t. Seit meiner Kindheit in den W\u00e4ldern Bayerns f\u00fchle ich mich mit der Natur verbunden und bin entschlossen, sie zu sch\u00fctzen. Heute widme ich mein Leben der Sensibilisierung anderer f\u00fcr die Bedeutung des Umweltschutzes f\u00fcr zuk\u00fcnftige Generationen.","sameAs":["https:\/\/www.strassenweb.de\/"]}]}},"_links":{"self":[{"href":"https:\/\/www.strassenweb.de\/nachrichten\/wp-json\/wp\/v2\/posts\/3511","targetHints":{"allow":["GET"]}}],"collection":[{"href":"https:\/\/www.strassenweb.de\/nachrichten\/wp-json\/wp\/v2\/posts"}],"about":[{"href":"https:\/\/www.strassenweb.de\/nachrichten\/wp-json\/wp\/v2\/types\/post"}],"author":[{"embeddable":true,"href":"https:\/\/www.strassenweb.de\/nachrichten\/wp-json\/wp\/v2\/users\/1"}],"replies":[{"embeddable":true,"href":"https:\/\/www.strassenweb.de\/nachrichten\/wp-json\/wp\/v2\/comments?post=3511"}],"version-history":[{"count":0,"href":"https:\/\/www.strassenweb.de\/nachrichten\/wp-json\/wp\/v2\/posts\/3511\/revisions"}],"wp:featuredmedia":[{"embeddable":true,"href":"https:\/\/www.strassenweb.de\/nachrichten\/wp-json\/wp\/v2\/media\/3512"}],"wp:attachment":[{"href":"https:\/\/www.strassenweb.de\/nachrichten\/wp-json\/wp\/v2\/media?parent=3511"}],"wp:term":[{"taxonomy":"category","embeddable":true,"href":"https:\/\/www.strassenweb.de\/nachrichten\/wp-json\/wp\/v2\/categories?post=3511"},{"taxonomy":"post_tag","embeddable":true,"href":"https:\/\/www.strassenweb.de\/nachrichten\/wp-json\/wp\/v2\/tags?post=3511"}],"curies":[{"name":"wp","href":"https:\/\/api.w.org\/{rel}","templated":true}]}}