{"id":348,"date":"2024-09-27T22:50:16","date_gmt":"2024-09-27T20:50:16","guid":{"rendered":"https:\/\/www.strassenweb.de\/nachrichten\/sollten-nachttische-immer-zusammenpassen-innenarchitekten-darueber-ob-sie-die-dinge-durcheinander-bringen-oder-symmetrisch-halten-sollen\/"},"modified":"2024-09-27T22:50:17","modified_gmt":"2024-09-27T20:50:17","slug":"sollten-nachttische-immer-zusammenpassen-innenarchitekten-darueber-ob-sie-die-dinge-durcheinander-bringen-oder-symmetrisch-halten-sollen","status":"publish","type":"post","link":"https:\/\/www.strassenweb.de\/nachrichten\/sollten-nachttische-immer-zusammenpassen-innenarchitekten-darueber-ob-sie-die-dinge-durcheinander-bringen-oder-symmetrisch-halten-sollen\/","title":{"rendered":"Sollten Nachttische immer zusammenpassen? Innenarchitekten dar\u00fcber, ob sie die Dinge durcheinander bringen oder symmetrisch halten sollen"},"content":{"rendered":"<p><\/p>\n<div id=\"article-body\" class=\"article__body \">\n<p>Nachdem man sich so viele Jahre nur auf traditionelle passende Nachttische beschr\u00e4nkte, erlebten Nachttische im letzten Jahrzehnt eine Art Renaissance. Es kommt immer h\u00e4ufiger vor, dass man einzelne St\u00fccke und nicht zusammenpassende M\u00f6bel sieht, die sich dennoch in die bestehende Kultur und Atmosph\u00e4re des Schlafzimmers einf\u00fcgen.<\/p>\n<div id=\"ad-unit-1\" class=\"ad-unit\"><\/div>\n<p>Das hei\u00dft nat\u00fcrlich nicht, dass passende Nachttische keinen Platz mehr haben. Es kommt darauf an, die richtige Passform f\u00fcr Ihr pers\u00f6nliches Anliegen zu w\u00e4hlen <u>Schlafzimmergestaltung<\/u>. Und in vielen Situationen k\u00f6nnen passende Tische eine Erfolgsformel sein.<\/p>\n<aside class=\"hawk-nest\" data-render-type=\"fte\" data-skip=\"dealsy\" data-widget-type=\"seasonal\">\n<div class=\"hawk-master-widget-hawk-base-wrapper\"><\/div>\n<\/aside>\n<p>Bei so vielen <u>Ideen f\u00fcr Nachttische<\/u> Allerdings kann es schwierig sein, zu entscheiden, ob man sie kombinieren oder kombinieren soll. Gl\u00fccklicherweise waren unsere Innenarchitekturexperten vor Ort, um uns ihre Meinung zur Auswahl zu \u00e4u\u00dfern.<\/p>\n<div id=\"desktop-in-article\" class=\"in-article ad-unit\">\n<div id=\"desktop-taboola-mid-article\"><\/div>\n<\/div>\n<div id=\"mobile-in-article\" class=\"in-article ad-unit\">\n<div id=\"mobile-taboola-mid-article\"><\/div>\n<\/div>\n<h3 class=\"article-body__section\" id=\"section-should-bedside-tables-always-match\"><span>Sollten Nachttische immer zusammenpassen?<\/span><\/h3>\n<figure class=\"van-image-figure inline-layout \" data-bordeaux-image-check>\n<div class=\"image-full-width-wrapper\">\n<div class=\"image-widthsetter\" style=\"max-width:2000px;\"><\/div>\n<\/div>\n<\/figure>\n<p>Kurz gesagt, nein \u2013 Nachttische sollten nicht immer zusammenpassen, so wie Sarah Latham <u>Latham Interiors<\/u> sagt: \u201eNicht zusammenpassende Nachttische schaffen einen lustigen Find-Look und verleihen einem Raum Charakter.\u201c<\/p>\n<div class=\"van_vid_carousel\">\n<div class=\"van_vid_carousel__padding\">\n<div class=\"van_vid_carousel__container\"><\/div>\n<\/div>\n<\/div>\n<p>Aber wie bei allen Dingen <u>Innenarchitektur<\/u>Integrit\u00e4t und pers\u00f6nliche Vision sind der Schl\u00fcssel. Wenn Sie sich entscheiden, die Dinge durcheinander zu bringen, seien Sie mutig! \u201eGestaltungsregeln k\u00f6nnen ver\u00e4ndert werden, und letztendlich ist es Ihre Pers\u00f6nlichkeit, die Ihrem Schlafzimmer das Gef\u00fchl gibt, vollst\u00e4ndig zu sein\u201c, sagt Nick Cryer <u>Berkeley Place<\/u>. \u201eDer Stilmix ist zwar abwechslungsreich, spiegelt aber Ihren individuellen Geschmack wider und schafft einen Raum, der sich einzigartig anf\u00fchlt.\u201c<\/p>\n<div id=\"ad-unit-2\" class=\"ad-unit\"><\/div>\n<p>\u201eNachttische sind in einem Schlafzimmer unverzichtbar, aber das bedeutet nicht, dass sie identisch sein m\u00fcssen.\u201c Auch wenn es nat\u00fcrlich erscheinen mag, sich f\u00fcr passende Nachttische zu entscheiden, kann die Kombination und Kombination von Nachttischen Ihrem Raum eine neue Dimension verleihen und ihm eine pers\u00f6nlichere und dynamischere Atmosph\u00e4re verleihen. Durch die Auswahl verschiedener Stile k\u00f6nnen die Nachttische den Ton und Charakter Ihres Schlafraums bestimmen.\u201c<\/p>\n<h3 class=\"article-body__section\" id=\"section-think-about-balance\"><span>Denken Sie an das Gleichgewicht<\/span><\/h3>\n<figure class=\"van-image-figure inline-layout \" data-bordeaux-image-check>\n<div class=\"image-full-width-wrapper\">\n<div class=\"image-widthsetter\" style=\"max-width:2000px;\"><\/div>\n<\/div>\n<\/figure>\n<p>Erfolgreich <u>Innenraumgestaltung<\/u> verleiht einem Raum Ausgewogenheit und Harmonie, und Sie k\u00f6nnen dies auch auf Ihre Nachttische \u00fcbertragen. Ganz gleich, ob Sie Ihre Tische aufeinander abstimmen oder verschiedene Stile miteinander kombinieren m\u00f6chten, Sie m\u00f6chten keine st\u00f6renden Aspekte in Ihrem Schlafzimmer schaffen. \u201eDer Schl\u00fcssel ist Balance\u201c, sagt Martin Waller, Gr\u00fcnder des globalen Designhauses <u>Andreas Martin<\/u>\u201eum sicherzustellen, dass die Nachttische zwar unterschiedlich sein k\u00f6nnen, aber dennoch die Gesamt\u00e4sthetik des Raums erg\u00e4nzen.\u201c \u201eLetztendlich geht es nicht darum, Regeln zu befolgen, sondern darum, eine Umgebung zu schaffen, die sich reichhaltig, vielschichtig und zutiefst pers\u00f6nlich anf\u00fchlt.\u201c<\/p>\n<figure class=\"van-image-figure inline-layout \" data-bordeaux-image-check>\n<div class=\"image-full-width-wrapper\">\n<div class=\"image-widthsetter\" style=\"max-width:2000px;\"><\/div>\n<\/div>\n<\/figure>\n<p>Auch die Stylistin Pippa Jameson h\u00e4lt es f\u00fcr wichtig, dass Nachttische zusammenarbeiten, um Ausgewogenheit und Haptik zu gew\u00e4hrleisten: \u201eNachttische sieht man beim Betreten eines Schlafzimmers selten zusammen, da die Leute normalerweise entweder von links oder von rechts eintreten.\u201c Aus diesem Grund ist es v\u00f6llig in Ordnung, dass sie sich unterscheiden, solange sich der Unterschied als beabsichtigt anf\u00fchlt.\u201c<\/p>\n<p>\u201eZum Beispiel k\u00f6nnen zwei Tische im Vintage-Stil fantastisch zusammen aussehen, auch wenn sie nicht identisch sind, solange sie sich irgendwie erg\u00e4nzen.\u201c Um die besten Ergebnisse zu erzielen, w\u00fcrde ich sicherstellen, dass die Tische \u00e4hnliche H\u00f6hen haben. Obwohl unterschiedliche Stile gerechtfertigt sind, ist die Beibehaltung der gleichen H\u00f6he f\u00fcr das Gleichgewicht wichtig.\u201c<\/p>\n<p>\u201eEbenso k\u00f6nnte in einem Raum im Boh\u00e8me-Stil ein bemalter Beistelltisch aus Holz neben einem anderen St\u00fcck gut funktionieren, wenn sie \u00e4hnliche Farben haben.\u201c Auch hier liegt der Schl\u00fcssel darin, die gleiche H\u00f6he, den gleichen Stil und die gleiche Gr\u00f6\u00dfe beizubehalten, um den Raum optisch und kompositorisch ausgewogen zu halten.\u201c<\/p>\n<h3 class=\"article-body__section\" id=\"section-don-t-forget-practicality\"><span>Vergessen Sie nicht die Praktikabilit\u00e4t<\/span><\/h3>\n<figure class=\"van-image-figure inline-layout \" data-bordeaux-image-check>\n<div class=\"image-full-width-wrapper\">\n<div class=\"image-widthsetter\" style=\"max-width:2000px;\"><\/div>\n<\/div>\n<\/figure>\n<p>\u201eW\u00e4hrend Sie in den Designprozess vertieft sind, vergessen Sie nicht, dass Nachttische einen praktischen Zweck erf\u00fcllen\u201c, erinnert Nick Cryer. \u201eSie sollten ausreichend Stauraum f\u00fcr Ihre pers\u00f6nlichen Gegenst\u00e4nde bieten und gleichzeitig daf\u00fcr sorgen, dass Unordnung nicht sichtbar ist, damit die einzigartige Sch\u00f6nheit Ihrer M\u00f6bel zur Geltung kommt.\u201c<\/p>\n<p>Shelby Van Daley von <u>Daley-Haus<\/u> sieht Funktionalit\u00e4t als eine bewusste Designentscheidung: \u201eWir lieben einen passenden, passenden Nachttisch-Moment, wenn Ihr Schlafzimmer asymmetrische Elemente wie ein Eckfenster hat.\u201c \u201eWir lieben die Designrichtung der Nachttische, die nicht die Show stiehlt, sondern einen ausgewogenen und praktischen Zweck bietet.\u201c<\/p>\n<p>Auch Praktikabilit\u00e4t und Funktionalit\u00e4t m\u00fcssen die Linien Ihres Schlafzimmers nicht beeintr\u00e4chtigen \u2013 unser Leitfaden dazu <u>DIY-Hacks, um Ihren Nachttisch funktionaler zu machen<\/u> Sie erhalten sch\u00f6ne M\u00f6bel, die dennoch ihren Zweck erf\u00fcllen.<\/p>\n<h3 class=\"article-body__section\" id=\"section-find-a-common-thread\"><span>Finden Sie einen roten Faden<\/span><\/h3>\n<figure class=\"van-image-figure inline-layout \" data-bordeaux-image-check>\n<div class=\"image-full-width-wrapper\">\n<div class=\"image-widthsetter\" style=\"max-width:1798px;\"><\/div>\n<\/div>\n<\/figure>\n<p>Dekorieren im Vintage-Stil liegt immer im Trend und Schlafzimmerm\u00f6bel geh\u00f6ren dazu <u>Designer empfehlen Ihnen, sparsam zu sein<\/u>. Wenn Sie jedoch vorhaben, Einzelst\u00fccke f\u00fcr Ihr Schlafzimmer zu verwenden, m\u00f6chten Sie dennoch M\u00f6bel haben, die zusammenpassen. Nick Cryer erkl\u00e4rt: \u201eSuchen Sie nach Details, die den Raum zusammenhalten.\u201c Ganz gleich, ob es sich um eine gemeinsame Farbe, ein gemeinsames Finish oder sogar um die Beschl\u00e4ge der M\u00f6bel handelt \u2013 ein gemeinsames Element kann einem Raum Zusammenhalt verleihen, selbst wenn die St\u00fccke sich in Gr\u00f6\u00dfe, Form oder Material unterscheiden.\u201c<\/p>\n<p>Designer Matt Dixon stimmt zu: \u201eEs scheint immer, dass die \u00fcberwiegende Mehrheit der Menschen m\u00f6chte, dass die Dinge in ihren H\u00e4usern zusammenpassen, und ich verstehe, dass dies zu einem zusammenh\u00e4ngenden, glatten Innenraum f\u00fchrt, aber ich glaube nicht, dass es so starr sein muss.\u201c Designepochen wurden schon immer von Designs vergangener Zeiten beeinflusst, daher bedeutet der passende Stil nicht, dass er zum Alter passen muss, was ein wenig Freiheit er\u00f6ffnet, komplement\u00e4re St\u00fccke aus verschiedenen Epochen mit \u00e4hnlichem Einfluss zu finden.\u201c<\/p>\n<p>\u201ePassende Nachttische zu mir sollten dieser entspannten Art folgen.\u201c Interessante St\u00fccke mit irgendeiner Verbindung, sei es Textur, Natur oder Farbe, k\u00f6nnen perfekt zusammenpassen und m\u00fcssen auf keinen Fall zusammenpassen. Sein Design. Viel Spass damit.&#8216;<\/p>\n<figure class=\"van-image-figure inline-layout \" data-bordeaux-image-check>\n<div class=\"image-full-width-wrapper\">\n<div class=\"image-widthsetter\" style=\"max-width:2000px;\"><\/div>\n<\/div>\n<\/figure>\n<p>Kathy Kuo, von <u>Kathy Kuo Zuhause<\/u> empfiehlt, aus Konsistenzgr\u00fcnden beim gleichen Designstil zu bleiben: \u201eSolange es mit Absicht geschieht, gibt es keinen Grund, Nachttische nicht zu kombinieren.\u201c Meine Empfehlung w\u00e4re, bei der Kombination von Nachttischen im gleichen allgemeinen Designstil zu bleiben.<\/p>\n<p>\u201eZum Beispiel, wenn Sie eine haben <u>Franz\u00f6sischer Landhausstil<\/u> Bett haben und die Nachttische kombinieren m\u00f6chten, entscheiden Sie sich f\u00fcr zwei Nachttische oder Beistelltische im franz\u00f6sischen Landhausstil. Vielleicht m\u00f6chten Sie auch in der gleichen Farbpalette bleiben und eine \u00e4hnliche H\u00f6he anstreben.\u201c<\/p>\n<p>Designerin Claire Garner fasst zusammen: \u201eWenn Sie sich f\u00fcr nicht zusammenpassende Tische entscheiden, ist es dennoch wichtig, ein Gef\u00fchl der Koh\u00e4renz aufrechtzuerhalten, indem Sie sicherstellen, dass sie einige gemeinsame Elemente aufweisen, wie etwa \u00e4hnliche Materialien, Farben oder H\u00f6hen.\u201c Auf diese Weise wirkt der Raum ausgeglichen, auch wenn die St\u00fccke selbst unterschiedlich sind.\u201c<\/p>\n<h3 class=\"article-body__section\" id=\"section-work-with-the-space-you-have\"><span>Arbeiten Sie mit dem Platz, den Sie haben<\/span><\/h3>\n<figure class=\"van-image-figure inline-layout \" data-bordeaux-image-check>\n<div class=\"image-full-width-wrapper\">\n<div class=\"image-widthsetter\" style=\"max-width:2000px;\"><\/div>\n<\/div>\n<\/figure>\n<p>Bei Schlafzimmern herrscht die Tendenz, zu denken, dass es eine Einheitsgr\u00f6\u00dfe gibt und wir die gleichen M\u00f6bel im Raum brauchen, unabh\u00e4ngig von Form und Gr\u00f6\u00dfe. Aber die Arbeit mit den Raumma\u00dfen macht es einfacher, einen zusammenh\u00e4ngenden Raum zu schaffen.<\/p>\n<p>Amy Youngblood, Gr\u00fcnderin von <u>Amy Youngblood Interiors<\/u> erkl\u00e4rt: \u201eNormalerweise mag ich es, wenn die Nachttische zusammenpassen, wenn auf beiden Seiten des Bettes ausreichend Platz ist, insbesondere bei einem Kingsize-Bett.\u201c \u201eIn F\u00e4llen, in denen der Raum ungew\u00f6hnlich gro\u00df ist oder das Bett nur von einer Person genutzt wird, funktioniert es gut, wenn man Beistelltische, die sich gegenseitig erg\u00e4nzen, mit den gr\u00f6\u00dferen auf der st\u00e4rker genutzten Seite kombiniert.\u201c<\/p>\n<p>Claire Garner teilt eine \u00e4hnliche Meinung: \u201eObwohl es keine feste Regel gibt, bevorzuge ich f\u00fcr meine Entw\u00fcrfe passende Nachttische, da ich denke, dass dadurch eine angenehme Symmetrie entsteht.\u201c Eine Ausnahme stellen wir dar, wenn wir mit dem Platz clever umgehen m\u00fcssen. In diesem Fall stellen wir oft einen Nachttisch auf der einen Seite und eine Kommode auf der anderen Seite ein.\u201c<\/p>\n<h3 class=\"article-body__section\" id=\"section-don-t-be-afraid-to-be-bold\"><span>Haben Sie keine Angst, mutig zu sein<\/span><\/h3>\n<figure class=\"van-image-figure inline-layout \" data-bordeaux-image-check>\n<div class=\"image-full-width-wrapper\">\n<div class=\"image-widthsetter\" style=\"max-width:2000px;\"><\/div>\n<\/div>\n<\/figure>\n<p>\u201eIch sage immer, dass Design subjektiv ist und es keine festen Regeln gibt\u201c, sagt Innenarchitektin <u>Matthew Williamson<\/u>. \u201ePassende Nachttische k\u00f6nnen einen symmetrischen und zusammenh\u00e4ngenden Look schaffen, aber auch eine subtile Asymmetrie hat eine Eleganz, die einen Raum zum Leben erwecken kann.\u201c \u201eEine durchdachte Kombination \u2013 vielleicht kann ein Nachttisch mit einer reichen, strukturierten Oberfl\u00e4che gepaart mit einem anderen in Holzoptik Tiefe und Charakter verleihen.\u201c<\/p>\n<p>Martin Waller stimmt zu: \u201eZusammenpassende Nachttische k\u00f6nnen sicherlich ein Gef\u00fchl der Harmonie erzeugen, aber die unerwartete Kombination verschiedener Stile, Texturen oder Epochen hat etwas wunderbar Faszinierendes.\u201c Durch diese Kontraste erwacht ein Raum zum Leben und spiegelt die einzigartige Pers\u00f6nlichkeit seines Besitzers wider. \u201eEine mutige Mischung k\u00f6nnte einen eleganten, modernen Tisch mit einem Vintage-St\u00fcck gegen\u00fcberstellen oder vielleicht Materialien wie Metall und Holz mischen.\u201c<\/p>\n<p>Wie Nick Cryer sagt: \u201eDie Entscheidung f\u00fcr nicht zueinander passende Nachttische ist eine mutige Entscheidung und zeigt, dass die Besitzer des Zimmers Menschen mit einem ausgepr\u00e4gten Sinn f\u00fcr Unabh\u00e4ngigkeit sind.\u201c Scheuen Sie sich nicht davor, Ihrem Raum Ihre eigene individuelle Note zu verleihen \u2013 die Wahl unpassender Nachttische ist ein guter Anfang.<\/p>\n<\/div>\n","protected":false},"excerpt":{"rendered":"<p>Nachdem man sich so viele Jahre nur auf traditionelle passende Nachttische beschr\u00e4nkte, erlebten Nachttische im letzten Jahrzehnt eine Art Renaissance. Es kommt immer h\u00e4ufiger vor,<\/p>\n","protected":false},"author":1,"featured_media":349,"comment_status":"closed","ping_status":"","sticky":false,"template":"","format":"standard","meta":{"footnotes":""},"categories":[118],"tags":[625,249,9,466,718,720,175,717,715,60,165,721,560,719,716],"class_list":["post-348","post","type-post","status-publish","format-standard","has-post-thumbnail","hentry","category-haus-garten","tag-bringen","tag-darueber","tag-die","tag-dinge","tag-durcheinander","tag-halten","tag-immer","tag-innenarchitekten","tag-nachttische","tag-oder","tag-sie","tag-sollen","tag-sollten","tag-symmetrisch","tag-zusammenpassen","generate-columns","tablet-grid-50","mobile-grid-100","grid-parent","grid-50"],"yoast_head":"<!-- This site is optimized with the Yoast SEO plugin v27.3 - https:\/\/yoast.com\/product\/yoast-seo-wordpress\/ -->\n<title>Sollten Nachttische immer zusammenpassen? Innenarchitekten dar\u00fcber, ob sie die Dinge durcheinander bringen oder symmetrisch halten sollen - Nachrichten - Stra\u00dfenweb<\/title>\n<meta name=\"robots\" content=\"index, follow, max-snippet:-1, max-image-preview:large, max-video-preview:-1\" \/>\n<link rel=\"canonical\" href=\"https:\/\/www.strassenweb.de\/nachrichten\/sollten-nachttische-immer-zusammenpassen-innenarchitekten-darueber-ob-sie-die-dinge-durcheinander-bringen-oder-symmetrisch-halten-sollen\/\" \/>\n<meta property=\"og:locale\" content=\"de_DE\" \/>\n<meta property=\"og:type\" content=\"article\" \/>\n<meta property=\"og:title\" content=\"Sollten Nachttische immer zusammenpassen? Innenarchitekten dar\u00fcber, ob sie die Dinge durcheinander bringen oder symmetrisch halten sollen - Nachrichten - Stra\u00dfenweb\" \/>\n<meta property=\"og:description\" content=\"Nachdem man sich so viele Jahre nur auf traditionelle passende Nachttische beschr\u00e4nkte, erlebten Nachttische im letzten Jahrzehnt eine Art Renaissance. Es kommt immer h\u00e4ufiger vor,\" \/>\n<meta property=\"og:url\" content=\"https:\/\/www.strassenweb.de\/nachrichten\/sollten-nachttische-immer-zusammenpassen-innenarchitekten-darueber-ob-sie-die-dinge-durcheinander-bringen-oder-symmetrisch-halten-sollen\/\" \/>\n<meta property=\"og:site_name\" content=\"Stra\u00dfenweb\" \/>\n<meta property=\"article:publisher\" content=\"https:\/\/www.facebook.com\/strassenweb\/\" \/>\n<meta property=\"article:published_time\" content=\"2024-09-27T20:50:16+00:00\" \/>\n<meta property=\"article:modified_time\" content=\"2024-09-27T20:50:17+00:00\" \/>\n<meta property=\"og:image\" content=\"https:\/\/www.strassenweb.de\/nachrichten\/wp-content\/uploads\/2024\/09\/Sollten-Nachttische-immer-zusammenpassen-Innenarchitekten-darueber-ob-sie-die-Dinge.jpg\" \/>\n\t<meta property=\"og:image:width\" content=\"1200\" \/>\n\t<meta property=\"og:image:height\" content=\"675\" \/>\n\t<meta property=\"og:image:type\" content=\"image\/jpeg\" \/>\n<meta name=\"author\" content=\"Robert Hoffmann\" \/>\n<meta name=\"twitter:card\" content=\"summary_large_image\" \/>\n<meta name=\"twitter:label1\" content=\"Verfasst von\" \/>\n\t<meta name=\"twitter:data1\" content=\"Robert Hoffmann\" \/>\n\t<meta name=\"twitter:label2\" content=\"Gesch\u00e4tzte Lesezeit\" \/>\n\t<meta name=\"twitter:data2\" content=\"7\u00a0Minuten\" \/>\n<script type=\"application\/ld+json\" class=\"yoast-schema-graph\">{\"@context\":\"https:\\\/\\\/schema.org\",\"@graph\":[{\"@type\":\"Article\",\"@id\":\"https:\\\/\\\/www.strassenweb.de\\\/nachrichten\\\/sollten-nachttische-immer-zusammenpassen-innenarchitekten-darueber-ob-sie-die-dinge-durcheinander-bringen-oder-symmetrisch-halten-sollen\\\/#article\",\"isPartOf\":{\"@id\":\"https:\\\/\\\/www.strassenweb.de\\\/nachrichten\\\/sollten-nachttische-immer-zusammenpassen-innenarchitekten-darueber-ob-sie-die-dinge-durcheinander-bringen-oder-symmetrisch-halten-sollen\\\/\"},\"author\":{\"name\":\"Robert Hoffmann\",\"@id\":\"https:\\\/\\\/www.strassenweb.de\\\/nachrichten\\\/#\\\/schema\\\/person\\\/87c9c9067f1211da429a744dc5a5aa41\"},\"headline\":\"Sollten Nachttische immer zusammenpassen? Innenarchitekten dar\u00fcber, ob sie die Dinge durcheinander bringen oder symmetrisch halten sollen\",\"datePublished\":\"2024-09-27T20:50:16+00:00\",\"dateModified\":\"2024-09-27T20:50:17+00:00\",\"mainEntityOfPage\":{\"@id\":\"https:\\\/\\\/www.strassenweb.de\\\/nachrichten\\\/sollten-nachttische-immer-zusammenpassen-innenarchitekten-darueber-ob-sie-die-dinge-durcheinander-bringen-oder-symmetrisch-halten-sollen\\\/\"},\"wordCount\":1501,\"publisher\":{\"@id\":\"https:\\\/\\\/www.strassenweb.de\\\/nachrichten\\\/#organization\"},\"image\":{\"@id\":\"https:\\\/\\\/www.strassenweb.de\\\/nachrichten\\\/sollten-nachttische-immer-zusammenpassen-innenarchitekten-darueber-ob-sie-die-dinge-durcheinander-bringen-oder-symmetrisch-halten-sollen\\\/#primaryimage\"},\"thumbnailUrl\":\"https:\\\/\\\/www.strassenweb.de\\\/nachrichten\\\/wp-content\\\/uploads\\\/2024\\\/09\\\/Sollten-Nachttische-immer-zusammenpassen-Innenarchitekten-darueber-ob-sie-die-Dinge.jpg\",\"keywords\":[\"bringen\",\"dar\u00fcber\",\"die\",\"Dinge\",\"durcheinander\",\"halten\",\"immer\",\"Innenarchitekten\",\"Nachttische\",\"oder\",\"Sie\",\"sollen\",\"sollten\",\"symmetrisch\",\"zusammenpassen\"],\"articleSection\":[\"Haus &amp; Garten\"],\"inLanguage\":\"de\"},{\"@type\":\"WebPage\",\"@id\":\"https:\\\/\\\/www.strassenweb.de\\\/nachrichten\\\/sollten-nachttische-immer-zusammenpassen-innenarchitekten-darueber-ob-sie-die-dinge-durcheinander-bringen-oder-symmetrisch-halten-sollen\\\/\",\"url\":\"https:\\\/\\\/www.strassenweb.de\\\/nachrichten\\\/sollten-nachttische-immer-zusammenpassen-innenarchitekten-darueber-ob-sie-die-dinge-durcheinander-bringen-oder-symmetrisch-halten-sollen\\\/\",\"name\":\"Sollten Nachttische immer zusammenpassen? Innenarchitekten dar\u00fcber, ob sie die Dinge durcheinander bringen oder symmetrisch halten sollen - Nachrichten - Stra\u00dfenweb\",\"isPartOf\":{\"@id\":\"https:\\\/\\\/www.strassenweb.de\\\/nachrichten\\\/#website\"},\"primaryImageOfPage\":{\"@id\":\"https:\\\/\\\/www.strassenweb.de\\\/nachrichten\\\/sollten-nachttische-immer-zusammenpassen-innenarchitekten-darueber-ob-sie-die-dinge-durcheinander-bringen-oder-symmetrisch-halten-sollen\\\/#primaryimage\"},\"image\":{\"@id\":\"https:\\\/\\\/www.strassenweb.de\\\/nachrichten\\\/sollten-nachttische-immer-zusammenpassen-innenarchitekten-darueber-ob-sie-die-dinge-durcheinander-bringen-oder-symmetrisch-halten-sollen\\\/#primaryimage\"},\"thumbnailUrl\":\"https:\\\/\\\/www.strassenweb.de\\\/nachrichten\\\/wp-content\\\/uploads\\\/2024\\\/09\\\/Sollten-Nachttische-immer-zusammenpassen-Innenarchitekten-darueber-ob-sie-die-Dinge.jpg\",\"datePublished\":\"2024-09-27T20:50:16+00:00\",\"dateModified\":\"2024-09-27T20:50:17+00:00\",\"breadcrumb\":{\"@id\":\"https:\\\/\\\/www.strassenweb.de\\\/nachrichten\\\/sollten-nachttische-immer-zusammenpassen-innenarchitekten-darueber-ob-sie-die-dinge-durcheinander-bringen-oder-symmetrisch-halten-sollen\\\/#breadcrumb\"},\"inLanguage\":\"de\",\"potentialAction\":[{\"@type\":\"ReadAction\",\"target\":[\"https:\\\/\\\/www.strassenweb.de\\\/nachrichten\\\/sollten-nachttische-immer-zusammenpassen-innenarchitekten-darueber-ob-sie-die-dinge-durcheinander-bringen-oder-symmetrisch-halten-sollen\\\/\"]}]},{\"@type\":\"ImageObject\",\"inLanguage\":\"de\",\"@id\":\"https:\\\/\\\/www.strassenweb.de\\\/nachrichten\\\/sollten-nachttische-immer-zusammenpassen-innenarchitekten-darueber-ob-sie-die-dinge-durcheinander-bringen-oder-symmetrisch-halten-sollen\\\/#primaryimage\",\"url\":\"https:\\\/\\\/www.strassenweb.de\\\/nachrichten\\\/wp-content\\\/uploads\\\/2024\\\/09\\\/Sollten-Nachttische-immer-zusammenpassen-Innenarchitekten-darueber-ob-sie-die-Dinge.jpg\",\"contentUrl\":\"https:\\\/\\\/www.strassenweb.de\\\/nachrichten\\\/wp-content\\\/uploads\\\/2024\\\/09\\\/Sollten-Nachttische-immer-zusammenpassen-Innenarchitekten-darueber-ob-sie-die-Dinge.jpg\",\"width\":1200,\"height\":675,\"caption\":\"Sollten Nachttische immer zusammenpassen? Innenarchitekten dar\u00fcber, ob sie die Dinge durcheinander bringen oder symmetrisch halten sollen\"},{\"@type\":\"BreadcrumbList\",\"@id\":\"https:\\\/\\\/www.strassenweb.de\\\/nachrichten\\\/sollten-nachttische-immer-zusammenpassen-innenarchitekten-darueber-ob-sie-die-dinge-durcheinander-bringen-oder-symmetrisch-halten-sollen\\\/#breadcrumb\",\"itemListElement\":[{\"@type\":\"ListItem\",\"position\":1,\"name\":\"Home\",\"item\":\"https:\\\/\\\/www.strassenweb.de\\\/nachrichten\\\/\"},{\"@type\":\"ListItem\",\"position\":2,\"name\":\"Sollten Nachttische immer zusammenpassen? Innenarchitekten dar\u00fcber, ob sie die Dinge durcheinander bringen oder symmetrisch halten sollen\"}]},{\"@type\":\"WebSite\",\"@id\":\"https:\\\/\\\/www.strassenweb.de\\\/nachrichten\\\/#website\",\"url\":\"https:\\\/\\\/www.strassenweb.de\\\/nachrichten\\\/\",\"name\":\"Stra\u00dfenweb\",\"description\":\"Stra\u00dfenverzeichnis f\u00fcr Deutschland\",\"publisher\":{\"@id\":\"https:\\\/\\\/www.strassenweb.de\\\/nachrichten\\\/#organization\"},\"potentialAction\":[{\"@type\":\"SearchAction\",\"target\":{\"@type\":\"EntryPoint\",\"urlTemplate\":\"https:\\\/\\\/www.strassenweb.de\\\/nachrichten\\\/?s={search_term_string}\"},\"query-input\":{\"@type\":\"PropertyValueSpecification\",\"valueRequired\":true,\"valueName\":\"search_term_string\"}}],\"inLanguage\":\"de\"},{\"@type\":\"Organization\",\"@id\":\"https:\\\/\\\/www.strassenweb.de\\\/nachrichten\\\/#organization\",\"name\":\"Stra\u00dfenweb\",\"url\":\"https:\\\/\\\/www.strassenweb.de\\\/nachrichten\\\/\",\"logo\":{\"@type\":\"ImageObject\",\"inLanguage\":\"de\",\"@id\":\"https:\\\/\\\/www.strassenweb.de\\\/nachrichten\\\/#\\\/schema\\\/logo\\\/image\\\/\",\"url\":\"https:\\\/\\\/www.strassenweb.de\\\/nachrichten\\\/wp-content\\\/uploads\\\/2024\\\/09\\\/cropped-favicon.png\",\"contentUrl\":\"https:\\\/\\\/www.strassenweb.de\\\/nachrichten\\\/wp-content\\\/uploads\\\/2024\\\/09\\\/cropped-favicon.png\",\"width\":512,\"height\":512,\"caption\":\"Stra\u00dfenweb\"},\"image\":{\"@id\":\"https:\\\/\\\/www.strassenweb.de\\\/nachrichten\\\/#\\\/schema\\\/logo\\\/image\\\/\"},\"sameAs\":[\"https:\\\/\\\/www.facebook.com\\\/strassenweb\\\/\"]},{\"@type\":\"Person\",\"@id\":\"https:\\\/\\\/www.strassenweb.de\\\/nachrichten\\\/#\\\/schema\\\/person\\\/87c9c9067f1211da429a744dc5a5aa41\",\"name\":\"Robert Hoffmann\",\"image\":{\"@type\":\"ImageObject\",\"inLanguage\":\"de\",\"@id\":\"https:\\\/\\\/www.strassenweb.de\\\/nachrichten\\\/wp-content\\\/uploads\\\/2024\\\/09\\\/strassenweb-150x150.jpg\",\"url\":\"https:\\\/\\\/www.strassenweb.de\\\/nachrichten\\\/wp-content\\\/uploads\\\/2024\\\/09\\\/strassenweb-150x150.jpg\",\"contentUrl\":\"https:\\\/\\\/www.strassenweb.de\\\/nachrichten\\\/wp-content\\\/uploads\\\/2024\\\/09\\\/strassenweb-150x150.jpg\",\"caption\":\"Robert Hoffmann\"},\"description\":\"Ich hei\u00dfe Robert Hoffmann und ich bin ein leidenschaftlicher Verfechter von \u00d6kologie und Biodiversit\u00e4t. Seit meiner Kindheit in den W\u00e4ldern Bayerns f\u00fchle ich mich mit der Natur verbunden und bin entschlossen, sie zu sch\u00fctzen. Heute widme ich mein Leben der Sensibilisierung anderer f\u00fcr die Bedeutung des Umweltschutzes f\u00fcr zuk\u00fcnftige Generationen.\",\"sameAs\":[\"https:\\\/\\\/www.strassenweb.de\\\/\"]}]}<\/script>\n<!-- \/ Yoast SEO plugin. -->","yoast_head_json":{"title":"Sollten Nachttische immer zusammenpassen? Innenarchitekten dar\u00fcber, ob sie die Dinge durcheinander bringen oder symmetrisch halten sollen - Nachrichten - Stra\u00dfenweb","robots":{"index":"index","follow":"follow","max-snippet":"max-snippet:-1","max-image-preview":"max-image-preview:large","max-video-preview":"max-video-preview:-1"},"canonical":"https:\/\/www.strassenweb.de\/nachrichten\/sollten-nachttische-immer-zusammenpassen-innenarchitekten-darueber-ob-sie-die-dinge-durcheinander-bringen-oder-symmetrisch-halten-sollen\/","og_locale":"de_DE","og_type":"article","og_title":"Sollten Nachttische immer zusammenpassen? Innenarchitekten dar\u00fcber, ob sie die Dinge durcheinander bringen oder symmetrisch halten sollen - Nachrichten - Stra\u00dfenweb","og_description":"Nachdem man sich so viele Jahre nur auf traditionelle passende Nachttische beschr\u00e4nkte, erlebten Nachttische im letzten Jahrzehnt eine Art Renaissance. Es kommt immer h\u00e4ufiger vor,","og_url":"https:\/\/www.strassenweb.de\/nachrichten\/sollten-nachttische-immer-zusammenpassen-innenarchitekten-darueber-ob-sie-die-dinge-durcheinander-bringen-oder-symmetrisch-halten-sollen\/","og_site_name":"Stra\u00dfenweb","article_publisher":"https:\/\/www.facebook.com\/strassenweb\/","article_published_time":"2024-09-27T20:50:16+00:00","article_modified_time":"2024-09-27T20:50:17+00:00","og_image":[{"width":1200,"height":675,"url":"https:\/\/www.strassenweb.de\/nachrichten\/wp-content\/uploads\/2024\/09\/Sollten-Nachttische-immer-zusammenpassen-Innenarchitekten-darueber-ob-sie-die-Dinge.jpg","type":"image\/jpeg"}],"author":"Robert Hoffmann","twitter_card":"summary_large_image","twitter_misc":{"Verfasst von":"Robert Hoffmann","Gesch\u00e4tzte Lesezeit":"7\u00a0Minuten"},"schema":{"@context":"https:\/\/schema.org","@graph":[{"@type":"Article","@id":"https:\/\/www.strassenweb.de\/nachrichten\/sollten-nachttische-immer-zusammenpassen-innenarchitekten-darueber-ob-sie-die-dinge-durcheinander-bringen-oder-symmetrisch-halten-sollen\/#article","isPartOf":{"@id":"https:\/\/www.strassenweb.de\/nachrichten\/sollten-nachttische-immer-zusammenpassen-innenarchitekten-darueber-ob-sie-die-dinge-durcheinander-bringen-oder-symmetrisch-halten-sollen\/"},"author":{"name":"Robert Hoffmann","@id":"https:\/\/www.strassenweb.de\/nachrichten\/#\/schema\/person\/87c9c9067f1211da429a744dc5a5aa41"},"headline":"Sollten Nachttische immer zusammenpassen? Innenarchitekten dar\u00fcber, ob sie die Dinge durcheinander bringen oder symmetrisch halten sollen","datePublished":"2024-09-27T20:50:16+00:00","dateModified":"2024-09-27T20:50:17+00:00","mainEntityOfPage":{"@id":"https:\/\/www.strassenweb.de\/nachrichten\/sollten-nachttische-immer-zusammenpassen-innenarchitekten-darueber-ob-sie-die-dinge-durcheinander-bringen-oder-symmetrisch-halten-sollen\/"},"wordCount":1501,"publisher":{"@id":"https:\/\/www.strassenweb.de\/nachrichten\/#organization"},"image":{"@id":"https:\/\/www.strassenweb.de\/nachrichten\/sollten-nachttische-immer-zusammenpassen-innenarchitekten-darueber-ob-sie-die-dinge-durcheinander-bringen-oder-symmetrisch-halten-sollen\/#primaryimage"},"thumbnailUrl":"https:\/\/www.strassenweb.de\/nachrichten\/wp-content\/uploads\/2024\/09\/Sollten-Nachttische-immer-zusammenpassen-Innenarchitekten-darueber-ob-sie-die-Dinge.jpg","keywords":["bringen","dar\u00fcber","die","Dinge","durcheinander","halten","immer","Innenarchitekten","Nachttische","oder","Sie","sollen","sollten","symmetrisch","zusammenpassen"],"articleSection":["Haus &amp; Garten"],"inLanguage":"de"},{"@type":"WebPage","@id":"https:\/\/www.strassenweb.de\/nachrichten\/sollten-nachttische-immer-zusammenpassen-innenarchitekten-darueber-ob-sie-die-dinge-durcheinander-bringen-oder-symmetrisch-halten-sollen\/","url":"https:\/\/www.strassenweb.de\/nachrichten\/sollten-nachttische-immer-zusammenpassen-innenarchitekten-darueber-ob-sie-die-dinge-durcheinander-bringen-oder-symmetrisch-halten-sollen\/","name":"Sollten Nachttische immer zusammenpassen? Innenarchitekten dar\u00fcber, ob sie die Dinge durcheinander bringen oder symmetrisch halten sollen - Nachrichten - Stra\u00dfenweb","isPartOf":{"@id":"https:\/\/www.strassenweb.de\/nachrichten\/#website"},"primaryImageOfPage":{"@id":"https:\/\/www.strassenweb.de\/nachrichten\/sollten-nachttische-immer-zusammenpassen-innenarchitekten-darueber-ob-sie-die-dinge-durcheinander-bringen-oder-symmetrisch-halten-sollen\/#primaryimage"},"image":{"@id":"https:\/\/www.strassenweb.de\/nachrichten\/sollten-nachttische-immer-zusammenpassen-innenarchitekten-darueber-ob-sie-die-dinge-durcheinander-bringen-oder-symmetrisch-halten-sollen\/#primaryimage"},"thumbnailUrl":"https:\/\/www.strassenweb.de\/nachrichten\/wp-content\/uploads\/2024\/09\/Sollten-Nachttische-immer-zusammenpassen-Innenarchitekten-darueber-ob-sie-die-Dinge.jpg","datePublished":"2024-09-27T20:50:16+00:00","dateModified":"2024-09-27T20:50:17+00:00","breadcrumb":{"@id":"https:\/\/www.strassenweb.de\/nachrichten\/sollten-nachttische-immer-zusammenpassen-innenarchitekten-darueber-ob-sie-die-dinge-durcheinander-bringen-oder-symmetrisch-halten-sollen\/#breadcrumb"},"inLanguage":"de","potentialAction":[{"@type":"ReadAction","target":["https:\/\/www.strassenweb.de\/nachrichten\/sollten-nachttische-immer-zusammenpassen-innenarchitekten-darueber-ob-sie-die-dinge-durcheinander-bringen-oder-symmetrisch-halten-sollen\/"]}]},{"@type":"ImageObject","inLanguage":"de","@id":"https:\/\/www.strassenweb.de\/nachrichten\/sollten-nachttische-immer-zusammenpassen-innenarchitekten-darueber-ob-sie-die-dinge-durcheinander-bringen-oder-symmetrisch-halten-sollen\/#primaryimage","url":"https:\/\/www.strassenweb.de\/nachrichten\/wp-content\/uploads\/2024\/09\/Sollten-Nachttische-immer-zusammenpassen-Innenarchitekten-darueber-ob-sie-die-Dinge.jpg","contentUrl":"https:\/\/www.strassenweb.de\/nachrichten\/wp-content\/uploads\/2024\/09\/Sollten-Nachttische-immer-zusammenpassen-Innenarchitekten-darueber-ob-sie-die-Dinge.jpg","width":1200,"height":675,"caption":"Sollten Nachttische immer zusammenpassen? Innenarchitekten dar\u00fcber, ob sie die Dinge durcheinander bringen oder symmetrisch halten sollen"},{"@type":"BreadcrumbList","@id":"https:\/\/www.strassenweb.de\/nachrichten\/sollten-nachttische-immer-zusammenpassen-innenarchitekten-darueber-ob-sie-die-dinge-durcheinander-bringen-oder-symmetrisch-halten-sollen\/#breadcrumb","itemListElement":[{"@type":"ListItem","position":1,"name":"Home","item":"https:\/\/www.strassenweb.de\/nachrichten\/"},{"@type":"ListItem","position":2,"name":"Sollten Nachttische immer zusammenpassen? Innenarchitekten dar\u00fcber, ob sie die Dinge durcheinander bringen oder symmetrisch halten sollen"}]},{"@type":"WebSite","@id":"https:\/\/www.strassenweb.de\/nachrichten\/#website","url":"https:\/\/www.strassenweb.de\/nachrichten\/","name":"Stra\u00dfenweb","description":"Stra\u00dfenverzeichnis f\u00fcr Deutschland","publisher":{"@id":"https:\/\/www.strassenweb.de\/nachrichten\/#organization"},"potentialAction":[{"@type":"SearchAction","target":{"@type":"EntryPoint","urlTemplate":"https:\/\/www.strassenweb.de\/nachrichten\/?s={search_term_string}"},"query-input":{"@type":"PropertyValueSpecification","valueRequired":true,"valueName":"search_term_string"}}],"inLanguage":"de"},{"@type":"Organization","@id":"https:\/\/www.strassenweb.de\/nachrichten\/#organization","name":"Stra\u00dfenweb","url":"https:\/\/www.strassenweb.de\/nachrichten\/","logo":{"@type":"ImageObject","inLanguage":"de","@id":"https:\/\/www.strassenweb.de\/nachrichten\/#\/schema\/logo\/image\/","url":"https:\/\/www.strassenweb.de\/nachrichten\/wp-content\/uploads\/2024\/09\/cropped-favicon.png","contentUrl":"https:\/\/www.strassenweb.de\/nachrichten\/wp-content\/uploads\/2024\/09\/cropped-favicon.png","width":512,"height":512,"caption":"Stra\u00dfenweb"},"image":{"@id":"https:\/\/www.strassenweb.de\/nachrichten\/#\/schema\/logo\/image\/"},"sameAs":["https:\/\/www.facebook.com\/strassenweb\/"]},{"@type":"Person","@id":"https:\/\/www.strassenweb.de\/nachrichten\/#\/schema\/person\/87c9c9067f1211da429a744dc5a5aa41","name":"Robert Hoffmann","image":{"@type":"ImageObject","inLanguage":"de","@id":"https:\/\/www.strassenweb.de\/nachrichten\/wp-content\/uploads\/2024\/09\/strassenweb-150x150.jpg","url":"https:\/\/www.strassenweb.de\/nachrichten\/wp-content\/uploads\/2024\/09\/strassenweb-150x150.jpg","contentUrl":"https:\/\/www.strassenweb.de\/nachrichten\/wp-content\/uploads\/2024\/09\/strassenweb-150x150.jpg","caption":"Robert Hoffmann"},"description":"Ich hei\u00dfe Robert Hoffmann und ich bin ein leidenschaftlicher Verfechter von \u00d6kologie und Biodiversit\u00e4t. Seit meiner Kindheit in den W\u00e4ldern Bayerns f\u00fchle ich mich mit der Natur verbunden und bin entschlossen, sie zu sch\u00fctzen. Heute widme ich mein Leben der Sensibilisierung anderer f\u00fcr die Bedeutung des Umweltschutzes f\u00fcr zuk\u00fcnftige Generationen.","sameAs":["https:\/\/www.strassenweb.de\/"]}]}},"_links":{"self":[{"href":"https:\/\/www.strassenweb.de\/nachrichten\/wp-json\/wp\/v2\/posts\/348","targetHints":{"allow":["GET"]}}],"collection":[{"href":"https:\/\/www.strassenweb.de\/nachrichten\/wp-json\/wp\/v2\/posts"}],"about":[{"href":"https:\/\/www.strassenweb.de\/nachrichten\/wp-json\/wp\/v2\/types\/post"}],"author":[{"embeddable":true,"href":"https:\/\/www.strassenweb.de\/nachrichten\/wp-json\/wp\/v2\/users\/1"}],"replies":[{"embeddable":true,"href":"https:\/\/www.strassenweb.de\/nachrichten\/wp-json\/wp\/v2\/comments?post=348"}],"version-history":[{"count":0,"href":"https:\/\/www.strassenweb.de\/nachrichten\/wp-json\/wp\/v2\/posts\/348\/revisions"}],"wp:featuredmedia":[{"embeddable":true,"href":"https:\/\/www.strassenweb.de\/nachrichten\/wp-json\/wp\/v2\/media\/349"}],"wp:attachment":[{"href":"https:\/\/www.strassenweb.de\/nachrichten\/wp-json\/wp\/v2\/media?parent=348"}],"wp:term":[{"taxonomy":"category","embeddable":true,"href":"https:\/\/www.strassenweb.de\/nachrichten\/wp-json\/wp\/v2\/categories?post=348"},{"taxonomy":"post_tag","embeddable":true,"href":"https:\/\/www.strassenweb.de\/nachrichten\/wp-json\/wp\/v2\/tags?post=348"}],"curies":[{"name":"wp","href":"https:\/\/api.w.org\/{rel}","templated":true}]}}