{"id":3475,"date":"2025-02-22T11:42:34","date_gmt":"2025-02-22T10:42:34","guid":{"rendered":"https:\/\/www.strassenweb.de\/nachrichten\/nate-berkus-gibt-mit-diesem-zeitlosen-diy-moebel-ein-zweites-leben-hier-ist-warum-er-es-liebt\/"},"modified":"2025-02-22T11:42:35","modified_gmt":"2025-02-22T10:42:35","slug":"nate-berkus-gibt-mit-diesem-zeitlosen-diy-moebel-ein-zweites-leben-hier-ist-warum-er-es-liebt","status":"publish","type":"post","link":"https:\/\/www.strassenweb.de\/nachrichten\/nate-berkus-gibt-mit-diesem-zeitlosen-diy-moebel-ein-zweites-leben-hier-ist-warum-er-es-liebt\/","title":{"rendered":"Nate Berkus gibt mit diesem zeitlosen DIY M\u00f6bel ein zweites Leben &#8211; hier ist, warum er es liebt"},"content":{"rendered":"<p><\/p>\n<div id=\"article-body\" class=\"article__body \">\n<p>Das Wiederholungsm\u00f6bel ist eine unserer Lieblingsmethoden, um alte, veraltete St\u00fccke ein zweites Leben zu geben. Anstatt alte M\u00f6bel loszuwerden oder einen Vintage -Fund weiterzugeben, der nicht ganz das Zeichen entspricht, erm\u00f6glicht die Wiederholung der kreativen Freiheit und der Personalisierung von M\u00f6beln, um sicherzustellen, dass sie einzigartig und nachdenklich gemacht ist.<\/p>\n<div id=\"ad-unit-1\" class=\"ad-unit\"><\/div>\n<p>Wie sich herausstellt, ist Nate Berkus eine Polsterung f\u00fcr Pro-Statements, nachdem er k\u00fcrzlich auf Instagram gezogen wurde, um seine Gedanken \u00fcber die DIY-Praxis zu teilen und wie es das Dekorieren mit Vintage-St\u00fccken mit jedem Stil funktionieren kann.<\/p>\n<aside class=\"hawk-nest\" data-block-type=\"embed\" data-render-type=\"fte\" data-skip=\"dealsy\" data-widget-type=\"seasonal\">\n<div class=\"hawk-master-widget-hawk-base-wrapper\"><\/div>\n<\/aside>\n<p>\u00bbEines der Dinge, die ich immer gerne tat, ist die Suche nach Vintage -M\u00f6beln online und dann zu Stoffen, die ich f\u00fcr besonders sch\u00f6n halte und diese Vintage -St\u00fccke abdecken oder wiedererlangt und sie dann entweder behalten oder verkaufen\u00ab, der anerkannte Designer Zust\u00e4nde im Clip.<\/p>\n<div id=\"desktop-in-article\" class=\"in-article ad-unit\">\n<div id=\"desktop-taboola-mid-article\"><\/div>\n<\/div>\n<div id=\"mobile-in-article\" class=\"in-article ad-unit\">\n<div id=\"mobile-taboola-mid-article\"><\/div>\n<\/div>\n<div class=\"instagram-embed\">\n<blockquote class=\"instagram-media\" data-instgrm-captioned data-instgrm-version=\"6\" style=\"width:99.375%; width:-webkit-calc(100% - 2px); width:calc(100% - 2px);\">\n<p>Ein Beitrag, der von Nate Berkus Lifestyle (@nateberkuslifestyle) geteilt wird<\/p>\n<p>Ein Foto von on <\/p>\n<\/blockquote>\n<\/div>\n<p>Nate kuratiert die neu gepolsterten St\u00fccke auf seiner eigenen Website und gab uns einen Einblick in die Antiquit\u00e4ten, die wir jetzt sammeln sollten.<\/p>\n<div class=\"van_vid_carousel\">\n<div class=\"van_vid_carousel__padding\">\n<div class=\"van_vid_carousel__container\"><\/div>\n<\/div>\n<\/div>\n<p>\u201eWenn Sie sehen m\u00f6chten, was ich vorhat, weil ich das viel mache, gehen Sie auf nateberkus.com, und Sie k\u00f6nnen alle Teile sehen, die ich neu gestaltet habe, Dinge, die ich online gefunden habe, Dinge, die wir nicht tun Habe mehr in unseren H\u00e4usern, aber es ist normalerweise ein alter Rahmen \u201c, erkl\u00e4rt Nate.<\/p>\n<div id=\"ad-unit-2\" class=\"ad-unit\"><\/div>\n<div class=\"instagram-embed\">\n<blockquote class=\"instagram-media\" data-instgrm-captioned data-instgrm-version=\"6\" style=\"width:99.375%; width:-webkit-calc(100% - 2px); width:calc(100% - 2px);\">\n<p>Ein Beitrag, der von Nate Berkus Lifestyle (@nateberkuslifestyle) geteilt wird<\/p>\n<p>Ein Foto von on <\/p>\n<\/blockquote>\n<\/div>\n<p>Seine St\u00fccke reichen von Tischen und St\u00fchlen bis hin zu Sofas und Osmanen. Einige unserer beliebtesten Beispiele sind ein Jean Michael Frank-Stil-Sessel und eine Ottomane um 1950 und ein dreiteiliges Sofa, das in den 70er-Jahren-inspirierten Zebra-Stoff (gelinde gesagt) gepolstert ist.<\/p>\n<p>&#8222;Wenn ich etwas ganz Besonderes finde, wie ein franz\u00f6sischer Stuhl mit einem dicken Eichenarm, werde ich es in einem Herren -Stoff tun&#8220;, erkl\u00e4rt Nate. &#8222;Ich liebe es, Leder zu verwenden, ich liebe es, Suedes zu verwenden, ich liebe es, eine Art grundlegende, wundersch\u00f6n konstruierte Stoffe zu verwenden, die in jedem Innenraum funktionieren, und es macht mir einfach Spa\u00df.&#8220;<\/p>\n<div id=\"slice-container-newsletterForm-articleInbodyContent-WR8onhQ3FcFgBgTx9HoANZ\" class=\"slice-container newsletter-inbodyContent-slice newsletterForm-articleInbodyContent-WR8onhQ3FcFgBgTx9HoANZ slice-container-newsletterForm\"><\/div>\n<p>Mit der Neupolsterung k\u00f6nnen Sie auch verschiedene Stile \u00fcber die Einf\u00fchrung neuer Materialien mischen und anpassen. Wenn Sie beispielsweise einen gestreiften oder floralen Stoff auf einen Hocker mit antiken Holzbeinen legen, k\u00f6nnen sie je nach Muster zeitgem\u00e4\u00dfer aussehen. Wenn Sie diese St\u00fccke in einem modernen Raum platzieren, f\u00fcgen sie au\u00dferdem einen einzigartigen Punkt des visuellen Interesses hinzu und wirken als subtile Statement-St\u00fccke mit ihren vielseitigen Details.<\/p>\n<p>Als Bonus ist das Neupolstering eine nachhaltige Praxis; Anstatt alte M\u00f6bel loszuwerden, erm\u00f6glicht der DIY -Prozess, die Langlebigkeit unserer M\u00f6bel zu erh\u00f6hen und gleichzeitig sanfter in der Umwelt zu sein. Und wenn Sie ein DIY -Anf\u00e4nger sind, gibt es viele erfahrene Neupolsterer, die in der Lage sind, einen tollen Job f\u00fcr Sie zu leisten.<\/p>\n<hr>\n<p>W\u00e4hrend Polsterung etwas Schlie\u00dfer und Zeit erfordert, um sicherzustellen, dass das Ergebnis ordentlich und poliert ist, ist zu wissen, dass Sie in der Lage sind, ein St\u00fcck in Ihre eigene Sicht zu \u00fcbergehen, sehr lohnend und die DIY sehr wert. Die Anpassungsm\u00f6glichkeiten sind endlos, wobei die Materialien vollst\u00e4ndig von der pers\u00f6nlichen Pr\u00e4ferenz abh\u00e4ngen.<\/p>\n<\/div>\n<p><script async src=\"\/\/www.instagram.com\/embed.js\"><\/script><\/p>\n","protected":false},"excerpt":{"rendered":"<p>Das Wiederholungsm\u00f6bel ist eine unserer Lieblingsmethoden, um alte, veraltete St\u00fccke ein zweites Leben zu geben. Anstatt alte M\u00f6bel loszuwerden oder einen Vintage -Fund weiterzugeben, der<\/p>\n","protected":false},"author":1,"featured_media":3476,"comment_status":"closed","ping_status":"","sticky":false,"template":"","format":"standard","meta":{"footnotes":""},"categories":[118],"tags":[5287,32,5418,43,53,163,15,1071,3321,146,1816,5286,744,2232,5419],"class_list":["post-3475","post","type-post","status-publish","format-standard","has-post-thumbnail","hentry","category-haus-garten","tag-berkus","tag-diesem","tag-diy","tag-ein","tag-gibt","tag-hier","tag-ist","tag-leben","tag-liebt","tag-mit","tag-moebel","tag-nate","tag-warum","tag-zeitlosen","tag-zweites","generate-columns","tablet-grid-50","mobile-grid-100","grid-parent","grid-50"],"yoast_head":"<!-- This site is optimized with the Yoast SEO plugin v27.3 - https:\/\/yoast.com\/product\/yoast-seo-wordpress\/ -->\n<title>Nate Berkus gibt mit diesem zeitlosen DIY M\u00f6bel ein zweites Leben - hier ist, warum er es liebt - Nachrichten - Stra\u00dfenweb<\/title>\n<meta name=\"robots\" content=\"index, follow, max-snippet:-1, max-image-preview:large, max-video-preview:-1\" \/>\n<link rel=\"canonical\" href=\"https:\/\/www.strassenweb.de\/nachrichten\/nate-berkus-gibt-mit-diesem-zeitlosen-diy-moebel-ein-zweites-leben-hier-ist-warum-er-es-liebt\/\" \/>\n<meta property=\"og:locale\" content=\"de_DE\" \/>\n<meta property=\"og:type\" content=\"article\" \/>\n<meta property=\"og:title\" content=\"Nate Berkus gibt mit diesem zeitlosen DIY M\u00f6bel ein zweites Leben - hier ist, warum er es liebt - Nachrichten - Stra\u00dfenweb\" \/>\n<meta property=\"og:description\" content=\"Das Wiederholungsm\u00f6bel ist eine unserer Lieblingsmethoden, um alte, veraltete St\u00fccke ein zweites Leben zu geben. Anstatt alte M\u00f6bel loszuwerden oder einen Vintage -Fund weiterzugeben, der\" \/>\n<meta property=\"og:url\" content=\"https:\/\/www.strassenweb.de\/nachrichten\/nate-berkus-gibt-mit-diesem-zeitlosen-diy-moebel-ein-zweites-leben-hier-ist-warum-er-es-liebt\/\" \/>\n<meta property=\"og:site_name\" content=\"Stra\u00dfenweb\" \/>\n<meta property=\"article:publisher\" content=\"https:\/\/www.facebook.com\/strassenweb\/\" \/>\n<meta property=\"article:published_time\" content=\"2025-02-22T10:42:34+00:00\" \/>\n<meta property=\"article:modified_time\" content=\"2025-02-22T10:42:35+00:00\" \/>\n<meta property=\"og:image\" content=\"https:\/\/www.strassenweb.de\/nachrichten\/wp-content\/uploads\/2025\/02\/Nate-Berkus-gibt-mit-diesem-zeitlosen-DIY-Moebel-ein-zweites.jpg\" \/>\n\t<meta property=\"og:image:width\" content=\"1200\" \/>\n\t<meta property=\"og:image:height\" content=\"675\" \/>\n\t<meta property=\"og:image:type\" content=\"image\/jpeg\" \/>\n<meta name=\"author\" content=\"Robert Hoffmann\" \/>\n<meta name=\"twitter:card\" content=\"summary_large_image\" \/>\n<meta name=\"twitter:label1\" content=\"Verfasst von\" \/>\n\t<meta name=\"twitter:data1\" content=\"Robert Hoffmann\" \/>\n\t<meta name=\"twitter:label2\" content=\"Gesch\u00e4tzte Lesezeit\" \/>\n\t<meta name=\"twitter:data2\" content=\"3\u00a0Minuten\" \/>\n<script type=\"application\/ld+json\" class=\"yoast-schema-graph\">{\"@context\":\"https:\\\/\\\/schema.org\",\"@graph\":[{\"@type\":\"Article\",\"@id\":\"https:\\\/\\\/www.strassenweb.de\\\/nachrichten\\\/nate-berkus-gibt-mit-diesem-zeitlosen-diy-moebel-ein-zweites-leben-hier-ist-warum-er-es-liebt\\\/#article\",\"isPartOf\":{\"@id\":\"https:\\\/\\\/www.strassenweb.de\\\/nachrichten\\\/nate-berkus-gibt-mit-diesem-zeitlosen-diy-moebel-ein-zweites-leben-hier-ist-warum-er-es-liebt\\\/\"},\"author\":{\"name\":\"Robert Hoffmann\",\"@id\":\"https:\\\/\\\/www.strassenweb.de\\\/nachrichten\\\/#\\\/schema\\\/person\\\/87c9c9067f1211da429a744dc5a5aa41\"},\"headline\":\"Nate Berkus gibt mit diesem zeitlosen DIY M\u00f6bel ein zweites Leben &#8211; hier ist, warum er es liebt\",\"datePublished\":\"2025-02-22T10:42:34+00:00\",\"dateModified\":\"2025-02-22T10:42:35+00:00\",\"mainEntityOfPage\":{\"@id\":\"https:\\\/\\\/www.strassenweb.de\\\/nachrichten\\\/nate-berkus-gibt-mit-diesem-zeitlosen-diy-moebel-ein-zweites-leben-hier-ist-warum-er-es-liebt\\\/\"},\"wordCount\":571,\"publisher\":{\"@id\":\"https:\\\/\\\/www.strassenweb.de\\\/nachrichten\\\/#organization\"},\"image\":{\"@id\":\"https:\\\/\\\/www.strassenweb.de\\\/nachrichten\\\/nate-berkus-gibt-mit-diesem-zeitlosen-diy-moebel-ein-zweites-leben-hier-ist-warum-er-es-liebt\\\/#primaryimage\"},\"thumbnailUrl\":\"https:\\\/\\\/www.strassenweb.de\\\/nachrichten\\\/wp-content\\\/uploads\\\/2025\\\/02\\\/Nate-Berkus-gibt-mit-diesem-zeitlosen-DIY-Moebel-ein-zweites.jpg\",\"keywords\":[\"Berkus\",\"diesem\",\"DIY\",\"ein\",\"gibt\",\"hier\",\"ist\",\"leben\",\"liebt\",\"mit\",\"M\u00f6bel\",\"Nate\",\"warum\",\"zeitlosen\",\"zweites\"],\"articleSection\":[\"Haus &amp; Garten\"],\"inLanguage\":\"de\"},{\"@type\":\"WebPage\",\"@id\":\"https:\\\/\\\/www.strassenweb.de\\\/nachrichten\\\/nate-berkus-gibt-mit-diesem-zeitlosen-diy-moebel-ein-zweites-leben-hier-ist-warum-er-es-liebt\\\/\",\"url\":\"https:\\\/\\\/www.strassenweb.de\\\/nachrichten\\\/nate-berkus-gibt-mit-diesem-zeitlosen-diy-moebel-ein-zweites-leben-hier-ist-warum-er-es-liebt\\\/\",\"name\":\"Nate Berkus gibt mit diesem zeitlosen DIY M\u00f6bel ein zweites Leben - hier ist, warum er es liebt - Nachrichten - Stra\u00dfenweb\",\"isPartOf\":{\"@id\":\"https:\\\/\\\/www.strassenweb.de\\\/nachrichten\\\/#website\"},\"primaryImageOfPage\":{\"@id\":\"https:\\\/\\\/www.strassenweb.de\\\/nachrichten\\\/nate-berkus-gibt-mit-diesem-zeitlosen-diy-moebel-ein-zweites-leben-hier-ist-warum-er-es-liebt\\\/#primaryimage\"},\"image\":{\"@id\":\"https:\\\/\\\/www.strassenweb.de\\\/nachrichten\\\/nate-berkus-gibt-mit-diesem-zeitlosen-diy-moebel-ein-zweites-leben-hier-ist-warum-er-es-liebt\\\/#primaryimage\"},\"thumbnailUrl\":\"https:\\\/\\\/www.strassenweb.de\\\/nachrichten\\\/wp-content\\\/uploads\\\/2025\\\/02\\\/Nate-Berkus-gibt-mit-diesem-zeitlosen-DIY-Moebel-ein-zweites.jpg\",\"datePublished\":\"2025-02-22T10:42:34+00:00\",\"dateModified\":\"2025-02-22T10:42:35+00:00\",\"breadcrumb\":{\"@id\":\"https:\\\/\\\/www.strassenweb.de\\\/nachrichten\\\/nate-berkus-gibt-mit-diesem-zeitlosen-diy-moebel-ein-zweites-leben-hier-ist-warum-er-es-liebt\\\/#breadcrumb\"},\"inLanguage\":\"de\",\"potentialAction\":[{\"@type\":\"ReadAction\",\"target\":[\"https:\\\/\\\/www.strassenweb.de\\\/nachrichten\\\/nate-berkus-gibt-mit-diesem-zeitlosen-diy-moebel-ein-zweites-leben-hier-ist-warum-er-es-liebt\\\/\"]}]},{\"@type\":\"ImageObject\",\"inLanguage\":\"de\",\"@id\":\"https:\\\/\\\/www.strassenweb.de\\\/nachrichten\\\/nate-berkus-gibt-mit-diesem-zeitlosen-diy-moebel-ein-zweites-leben-hier-ist-warum-er-es-liebt\\\/#primaryimage\",\"url\":\"https:\\\/\\\/www.strassenweb.de\\\/nachrichten\\\/wp-content\\\/uploads\\\/2025\\\/02\\\/Nate-Berkus-gibt-mit-diesem-zeitlosen-DIY-Moebel-ein-zweites.jpg\",\"contentUrl\":\"https:\\\/\\\/www.strassenweb.de\\\/nachrichten\\\/wp-content\\\/uploads\\\/2025\\\/02\\\/Nate-Berkus-gibt-mit-diesem-zeitlosen-DIY-Moebel-ein-zweites.jpg\",\"width\":1200,\"height\":675,\"caption\":\"Nate Berkus gibt mit diesem zeitlosen DIY M\u00f6bel ein zweites Leben - hier ist, warum er es liebt\"},{\"@type\":\"BreadcrumbList\",\"@id\":\"https:\\\/\\\/www.strassenweb.de\\\/nachrichten\\\/nate-berkus-gibt-mit-diesem-zeitlosen-diy-moebel-ein-zweites-leben-hier-ist-warum-er-es-liebt\\\/#breadcrumb\",\"itemListElement\":[{\"@type\":\"ListItem\",\"position\":1,\"name\":\"Home\",\"item\":\"https:\\\/\\\/www.strassenweb.de\\\/nachrichten\\\/\"},{\"@type\":\"ListItem\",\"position\":2,\"name\":\"Nate Berkus gibt mit diesem zeitlosen DIY M\u00f6bel ein zweites Leben &#8211; hier ist, warum er es liebt\"}]},{\"@type\":\"WebSite\",\"@id\":\"https:\\\/\\\/www.strassenweb.de\\\/nachrichten\\\/#website\",\"url\":\"https:\\\/\\\/www.strassenweb.de\\\/nachrichten\\\/\",\"name\":\"Stra\u00dfenweb\",\"description\":\"Stra\u00dfenverzeichnis f\u00fcr Deutschland\",\"publisher\":{\"@id\":\"https:\\\/\\\/www.strassenweb.de\\\/nachrichten\\\/#organization\"},\"potentialAction\":[{\"@type\":\"SearchAction\",\"target\":{\"@type\":\"EntryPoint\",\"urlTemplate\":\"https:\\\/\\\/www.strassenweb.de\\\/nachrichten\\\/?s={search_term_string}\"},\"query-input\":{\"@type\":\"PropertyValueSpecification\",\"valueRequired\":true,\"valueName\":\"search_term_string\"}}],\"inLanguage\":\"de\"},{\"@type\":\"Organization\",\"@id\":\"https:\\\/\\\/www.strassenweb.de\\\/nachrichten\\\/#organization\",\"name\":\"Stra\u00dfenweb\",\"url\":\"https:\\\/\\\/www.strassenweb.de\\\/nachrichten\\\/\",\"logo\":{\"@type\":\"ImageObject\",\"inLanguage\":\"de\",\"@id\":\"https:\\\/\\\/www.strassenweb.de\\\/nachrichten\\\/#\\\/schema\\\/logo\\\/image\\\/\",\"url\":\"https:\\\/\\\/www.strassenweb.de\\\/nachrichten\\\/wp-content\\\/uploads\\\/2024\\\/09\\\/cropped-favicon.png\",\"contentUrl\":\"https:\\\/\\\/www.strassenweb.de\\\/nachrichten\\\/wp-content\\\/uploads\\\/2024\\\/09\\\/cropped-favicon.png\",\"width\":512,\"height\":512,\"caption\":\"Stra\u00dfenweb\"},\"image\":{\"@id\":\"https:\\\/\\\/www.strassenweb.de\\\/nachrichten\\\/#\\\/schema\\\/logo\\\/image\\\/\"},\"sameAs\":[\"https:\\\/\\\/www.facebook.com\\\/strassenweb\\\/\"]},{\"@type\":\"Person\",\"@id\":\"https:\\\/\\\/www.strassenweb.de\\\/nachrichten\\\/#\\\/schema\\\/person\\\/87c9c9067f1211da429a744dc5a5aa41\",\"name\":\"Robert Hoffmann\",\"image\":{\"@type\":\"ImageObject\",\"inLanguage\":\"de\",\"@id\":\"https:\\\/\\\/www.strassenweb.de\\\/nachrichten\\\/wp-content\\\/uploads\\\/2024\\\/09\\\/strassenweb-150x150.jpg\",\"url\":\"https:\\\/\\\/www.strassenweb.de\\\/nachrichten\\\/wp-content\\\/uploads\\\/2024\\\/09\\\/strassenweb-150x150.jpg\",\"contentUrl\":\"https:\\\/\\\/www.strassenweb.de\\\/nachrichten\\\/wp-content\\\/uploads\\\/2024\\\/09\\\/strassenweb-150x150.jpg\",\"caption\":\"Robert Hoffmann\"},\"description\":\"Ich hei\u00dfe Robert Hoffmann und ich bin ein leidenschaftlicher Verfechter von \u00d6kologie und Biodiversit\u00e4t. Seit meiner Kindheit in den W\u00e4ldern Bayerns f\u00fchle ich mich mit der Natur verbunden und bin entschlossen, sie zu sch\u00fctzen. Heute widme ich mein Leben der Sensibilisierung anderer f\u00fcr die Bedeutung des Umweltschutzes f\u00fcr zuk\u00fcnftige Generationen.\",\"sameAs\":[\"https:\\\/\\\/www.strassenweb.de\\\/\"]}]}<\/script>\n<!-- \/ Yoast SEO plugin. -->","yoast_head_json":{"title":"Nate Berkus gibt mit diesem zeitlosen DIY M\u00f6bel ein zweites Leben - hier ist, warum er es liebt - Nachrichten - Stra\u00dfenweb","robots":{"index":"index","follow":"follow","max-snippet":"max-snippet:-1","max-image-preview":"max-image-preview:large","max-video-preview":"max-video-preview:-1"},"canonical":"https:\/\/www.strassenweb.de\/nachrichten\/nate-berkus-gibt-mit-diesem-zeitlosen-diy-moebel-ein-zweites-leben-hier-ist-warum-er-es-liebt\/","og_locale":"de_DE","og_type":"article","og_title":"Nate Berkus gibt mit diesem zeitlosen DIY M\u00f6bel ein zweites Leben - hier ist, warum er es liebt - Nachrichten - Stra\u00dfenweb","og_description":"Das Wiederholungsm\u00f6bel ist eine unserer Lieblingsmethoden, um alte, veraltete St\u00fccke ein zweites Leben zu geben. Anstatt alte M\u00f6bel loszuwerden oder einen Vintage -Fund weiterzugeben, der","og_url":"https:\/\/www.strassenweb.de\/nachrichten\/nate-berkus-gibt-mit-diesem-zeitlosen-diy-moebel-ein-zweites-leben-hier-ist-warum-er-es-liebt\/","og_site_name":"Stra\u00dfenweb","article_publisher":"https:\/\/www.facebook.com\/strassenweb\/","article_published_time":"2025-02-22T10:42:34+00:00","article_modified_time":"2025-02-22T10:42:35+00:00","og_image":[{"width":1200,"height":675,"url":"https:\/\/www.strassenweb.de\/nachrichten\/wp-content\/uploads\/2025\/02\/Nate-Berkus-gibt-mit-diesem-zeitlosen-DIY-Moebel-ein-zweites.jpg","type":"image\/jpeg"}],"author":"Robert Hoffmann","twitter_card":"summary_large_image","twitter_misc":{"Verfasst von":"Robert Hoffmann","Gesch\u00e4tzte Lesezeit":"3\u00a0Minuten"},"schema":{"@context":"https:\/\/schema.org","@graph":[{"@type":"Article","@id":"https:\/\/www.strassenweb.de\/nachrichten\/nate-berkus-gibt-mit-diesem-zeitlosen-diy-moebel-ein-zweites-leben-hier-ist-warum-er-es-liebt\/#article","isPartOf":{"@id":"https:\/\/www.strassenweb.de\/nachrichten\/nate-berkus-gibt-mit-diesem-zeitlosen-diy-moebel-ein-zweites-leben-hier-ist-warum-er-es-liebt\/"},"author":{"name":"Robert Hoffmann","@id":"https:\/\/www.strassenweb.de\/nachrichten\/#\/schema\/person\/87c9c9067f1211da429a744dc5a5aa41"},"headline":"Nate Berkus gibt mit diesem zeitlosen DIY M\u00f6bel ein zweites Leben &#8211; hier ist, warum er es liebt","datePublished":"2025-02-22T10:42:34+00:00","dateModified":"2025-02-22T10:42:35+00:00","mainEntityOfPage":{"@id":"https:\/\/www.strassenweb.de\/nachrichten\/nate-berkus-gibt-mit-diesem-zeitlosen-diy-moebel-ein-zweites-leben-hier-ist-warum-er-es-liebt\/"},"wordCount":571,"publisher":{"@id":"https:\/\/www.strassenweb.de\/nachrichten\/#organization"},"image":{"@id":"https:\/\/www.strassenweb.de\/nachrichten\/nate-berkus-gibt-mit-diesem-zeitlosen-diy-moebel-ein-zweites-leben-hier-ist-warum-er-es-liebt\/#primaryimage"},"thumbnailUrl":"https:\/\/www.strassenweb.de\/nachrichten\/wp-content\/uploads\/2025\/02\/Nate-Berkus-gibt-mit-diesem-zeitlosen-DIY-Moebel-ein-zweites.jpg","keywords":["Berkus","diesem","DIY","ein","gibt","hier","ist","leben","liebt","mit","M\u00f6bel","Nate","warum","zeitlosen","zweites"],"articleSection":["Haus &amp; Garten"],"inLanguage":"de"},{"@type":"WebPage","@id":"https:\/\/www.strassenweb.de\/nachrichten\/nate-berkus-gibt-mit-diesem-zeitlosen-diy-moebel-ein-zweites-leben-hier-ist-warum-er-es-liebt\/","url":"https:\/\/www.strassenweb.de\/nachrichten\/nate-berkus-gibt-mit-diesem-zeitlosen-diy-moebel-ein-zweites-leben-hier-ist-warum-er-es-liebt\/","name":"Nate Berkus gibt mit diesem zeitlosen DIY M\u00f6bel ein zweites Leben - hier ist, warum er es liebt - Nachrichten - Stra\u00dfenweb","isPartOf":{"@id":"https:\/\/www.strassenweb.de\/nachrichten\/#website"},"primaryImageOfPage":{"@id":"https:\/\/www.strassenweb.de\/nachrichten\/nate-berkus-gibt-mit-diesem-zeitlosen-diy-moebel-ein-zweites-leben-hier-ist-warum-er-es-liebt\/#primaryimage"},"image":{"@id":"https:\/\/www.strassenweb.de\/nachrichten\/nate-berkus-gibt-mit-diesem-zeitlosen-diy-moebel-ein-zweites-leben-hier-ist-warum-er-es-liebt\/#primaryimage"},"thumbnailUrl":"https:\/\/www.strassenweb.de\/nachrichten\/wp-content\/uploads\/2025\/02\/Nate-Berkus-gibt-mit-diesem-zeitlosen-DIY-Moebel-ein-zweites.jpg","datePublished":"2025-02-22T10:42:34+00:00","dateModified":"2025-02-22T10:42:35+00:00","breadcrumb":{"@id":"https:\/\/www.strassenweb.de\/nachrichten\/nate-berkus-gibt-mit-diesem-zeitlosen-diy-moebel-ein-zweites-leben-hier-ist-warum-er-es-liebt\/#breadcrumb"},"inLanguage":"de","potentialAction":[{"@type":"ReadAction","target":["https:\/\/www.strassenweb.de\/nachrichten\/nate-berkus-gibt-mit-diesem-zeitlosen-diy-moebel-ein-zweites-leben-hier-ist-warum-er-es-liebt\/"]}]},{"@type":"ImageObject","inLanguage":"de","@id":"https:\/\/www.strassenweb.de\/nachrichten\/nate-berkus-gibt-mit-diesem-zeitlosen-diy-moebel-ein-zweites-leben-hier-ist-warum-er-es-liebt\/#primaryimage","url":"https:\/\/www.strassenweb.de\/nachrichten\/wp-content\/uploads\/2025\/02\/Nate-Berkus-gibt-mit-diesem-zeitlosen-DIY-Moebel-ein-zweites.jpg","contentUrl":"https:\/\/www.strassenweb.de\/nachrichten\/wp-content\/uploads\/2025\/02\/Nate-Berkus-gibt-mit-diesem-zeitlosen-DIY-Moebel-ein-zweites.jpg","width":1200,"height":675,"caption":"Nate Berkus gibt mit diesem zeitlosen DIY M\u00f6bel ein zweites Leben - hier ist, warum er es liebt"},{"@type":"BreadcrumbList","@id":"https:\/\/www.strassenweb.de\/nachrichten\/nate-berkus-gibt-mit-diesem-zeitlosen-diy-moebel-ein-zweites-leben-hier-ist-warum-er-es-liebt\/#breadcrumb","itemListElement":[{"@type":"ListItem","position":1,"name":"Home","item":"https:\/\/www.strassenweb.de\/nachrichten\/"},{"@type":"ListItem","position":2,"name":"Nate Berkus gibt mit diesem zeitlosen DIY M\u00f6bel ein zweites Leben &#8211; hier ist, warum er es liebt"}]},{"@type":"WebSite","@id":"https:\/\/www.strassenweb.de\/nachrichten\/#website","url":"https:\/\/www.strassenweb.de\/nachrichten\/","name":"Stra\u00dfenweb","description":"Stra\u00dfenverzeichnis f\u00fcr Deutschland","publisher":{"@id":"https:\/\/www.strassenweb.de\/nachrichten\/#organization"},"potentialAction":[{"@type":"SearchAction","target":{"@type":"EntryPoint","urlTemplate":"https:\/\/www.strassenweb.de\/nachrichten\/?s={search_term_string}"},"query-input":{"@type":"PropertyValueSpecification","valueRequired":true,"valueName":"search_term_string"}}],"inLanguage":"de"},{"@type":"Organization","@id":"https:\/\/www.strassenweb.de\/nachrichten\/#organization","name":"Stra\u00dfenweb","url":"https:\/\/www.strassenweb.de\/nachrichten\/","logo":{"@type":"ImageObject","inLanguage":"de","@id":"https:\/\/www.strassenweb.de\/nachrichten\/#\/schema\/logo\/image\/","url":"https:\/\/www.strassenweb.de\/nachrichten\/wp-content\/uploads\/2024\/09\/cropped-favicon.png","contentUrl":"https:\/\/www.strassenweb.de\/nachrichten\/wp-content\/uploads\/2024\/09\/cropped-favicon.png","width":512,"height":512,"caption":"Stra\u00dfenweb"},"image":{"@id":"https:\/\/www.strassenweb.de\/nachrichten\/#\/schema\/logo\/image\/"},"sameAs":["https:\/\/www.facebook.com\/strassenweb\/"]},{"@type":"Person","@id":"https:\/\/www.strassenweb.de\/nachrichten\/#\/schema\/person\/87c9c9067f1211da429a744dc5a5aa41","name":"Robert Hoffmann","image":{"@type":"ImageObject","inLanguage":"de","@id":"https:\/\/www.strassenweb.de\/nachrichten\/wp-content\/uploads\/2024\/09\/strassenweb-150x150.jpg","url":"https:\/\/www.strassenweb.de\/nachrichten\/wp-content\/uploads\/2024\/09\/strassenweb-150x150.jpg","contentUrl":"https:\/\/www.strassenweb.de\/nachrichten\/wp-content\/uploads\/2024\/09\/strassenweb-150x150.jpg","caption":"Robert Hoffmann"},"description":"Ich hei\u00dfe Robert Hoffmann und ich bin ein leidenschaftlicher Verfechter von \u00d6kologie und Biodiversit\u00e4t. Seit meiner Kindheit in den W\u00e4ldern Bayerns f\u00fchle ich mich mit der Natur verbunden und bin entschlossen, sie zu sch\u00fctzen. Heute widme ich mein Leben der Sensibilisierung anderer f\u00fcr die Bedeutung des Umweltschutzes f\u00fcr zuk\u00fcnftige Generationen.","sameAs":["https:\/\/www.strassenweb.de\/"]}]}},"_links":{"self":[{"href":"https:\/\/www.strassenweb.de\/nachrichten\/wp-json\/wp\/v2\/posts\/3475","targetHints":{"allow":["GET"]}}],"collection":[{"href":"https:\/\/www.strassenweb.de\/nachrichten\/wp-json\/wp\/v2\/posts"}],"about":[{"href":"https:\/\/www.strassenweb.de\/nachrichten\/wp-json\/wp\/v2\/types\/post"}],"author":[{"embeddable":true,"href":"https:\/\/www.strassenweb.de\/nachrichten\/wp-json\/wp\/v2\/users\/1"}],"replies":[{"embeddable":true,"href":"https:\/\/www.strassenweb.de\/nachrichten\/wp-json\/wp\/v2\/comments?post=3475"}],"version-history":[{"count":0,"href":"https:\/\/www.strassenweb.de\/nachrichten\/wp-json\/wp\/v2\/posts\/3475\/revisions"}],"wp:featuredmedia":[{"embeddable":true,"href":"https:\/\/www.strassenweb.de\/nachrichten\/wp-json\/wp\/v2\/media\/3476"}],"wp:attachment":[{"href":"https:\/\/www.strassenweb.de\/nachrichten\/wp-json\/wp\/v2\/media?parent=3475"}],"wp:term":[{"taxonomy":"category","embeddable":true,"href":"https:\/\/www.strassenweb.de\/nachrichten\/wp-json\/wp\/v2\/categories?post=3475"},{"taxonomy":"post_tag","embeddable":true,"href":"https:\/\/www.strassenweb.de\/nachrichten\/wp-json\/wp\/v2\/tags?post=3475"}],"curies":[{"name":"wp","href":"https:\/\/api.w.org\/{rel}","templated":true}]}}