{"id":3472,"date":"2025-02-22T07:39:34","date_gmt":"2025-02-22T06:39:34","guid":{"rendered":"https:\/\/www.strassenweb.de\/nachrichten\/begrenzter-raum-muss-das-design-nicht-einschraenken-diese-3-herausragenden-kuechen-beweisen-wie-schoen-und-wirkungsvoller-intimere-raeume-sein-koennen\/"},"modified":"2025-02-22T07:39:35","modified_gmt":"2025-02-22T06:39:35","slug":"begrenzter-raum-muss-das-design-nicht-einschraenken-diese-3-herausragenden-kuechen-beweisen-wie-schoen-und-wirkungsvoller-intimere-raeume-sein-koennen","status":"publish","type":"post","link":"https:\/\/www.strassenweb.de\/nachrichten\/begrenzter-raum-muss-das-design-nicht-einschraenken-diese-3-herausragenden-kuechen-beweisen-wie-schoen-und-wirkungsvoller-intimere-raeume-sein-koennen\/","title":{"rendered":"Begrenzter Raum muss das Design nicht einschr\u00e4nken &#8211; diese 3 herausragenden K\u00fcchen beweisen, wie sch\u00f6n und wirkungsvoller intimere R\u00e4ume sein k\u00f6nnen"},"content":{"rendered":"<p><\/p>\n<div id=\"article-body\" class=\"article__body \">\n<p>Wenn es um K\u00fcchen geht, werden kleinere Systeme oft als Herausforderung angesehen. Der Fokus liegt h\u00e4ufig auf dem Raum, der nicht f\u00fcr Aufbewahrung oder Ger\u00e4te verf\u00fcgbar ist oder ob Platz f\u00fcr eine Insel vorhanden ist. Aber diese intimeren K\u00fcchen k\u00f6nnen einige der stilvollsten von allen sein.<\/p>\n<div id=\"ad-unit-1\" class=\"ad-unit\"><\/div>\n<p>Die Sch\u00f6nheit einer kleinen K\u00fcche ist die F\u00e4higkeit, mit weniger erwarteten Designs zu experimentieren. Sie bieten die perfekte Canvas, um gem\u00fctliche Pl\u00e4ne zu erstellen, mutige Farbauswahl auszu\u00fcben und sich auf die sch\u00f6nsten Details zu konzentrieren, die in einem gr\u00f6\u00dferen Raum m\u00f6glicherweise verloren gehen k\u00f6nnten.<\/p>\n<aside class=\"hawk-nest\" data-block-type=\"embed\" data-render-type=\"fte\" data-skip=\"dealsy\" data-widget-type=\"seasonal\">\n<div class=\"hawk-master-widget-hawk-base-wrapper\"><\/div>\n<\/aside>\n<p>Wenn Sie \u00fcberzeugend ben\u00f6tigen, sind diese 3 K\u00fcchenumbauten der Beweis, den Sie ben\u00f6tigen. Sie f\u00fchlen sich luxuri\u00f6s und stilvoll, selbst mit einem kleineren Fu\u00dfabdruck. Von einer launischen Galeerek\u00fcche bis zu einem eleganten Raum mit einer kleinen Insel sind diese Pl\u00e4ne voller Inspiration f\u00fcr Ihren eigenen Raum.<\/p>\n<div id=\"desktop-in-article\" class=\"in-article ad-unit\">\n<div id=\"desktop-taboola-mid-article\"><\/div>\n<\/div>\n<div id=\"mobile-in-article\" class=\"in-article ad-unit\">\n<div id=\"mobile-taboola-mid-article\"><\/div>\n<\/div>\n<h2 id=\"3-kitchen-designs-that-prove-small-schemes-can-be-just-as-beautiful-3\">3 K\u00fcchendesigns, die sich beweisen, kleine Programme k\u00f6nnen genauso sch\u00f6n sein<\/h2>\n<p>Jeder braucht ein bisschen Designer -Inspiration bei der Aktualisierung seiner K\u00fcche, egal ob es sich um einen vollst\u00e4ndigen Umbau oder ein kleines Update handelt. Unabh\u00e4ngig davon, ob Sie nach Farbideen oder Layout -Vorschl\u00e4gen suchen, diese 3 umgebauten kleinen K\u00fcchen werden mit Sicherheit viele Ideen ausl\u00f6sen.<\/p>\n<div class=\"van_vid_carousel\">\n<div class=\"van_vid_carousel__padding\">\n<div class=\"van_vid_carousel__container\"><\/div>\n<\/div>\n<\/div>\n<h3 class=\"article-body__section\" id=\"section-1-a-timeless-small-kitchen-by-marie-flanigan-interiors\"><span>1. Eine zeitlose kleine K\u00fcche von Marie Flanigan Interiors<\/span><\/h3>\n<figure class=\"van-image-figure inline-layout \" data-bordeaux-image-check>\n<div class=\"image-full-width-wrapper\">\n<div class=\"image-widthsetter\" style=\"max-width:2000px;\"><\/div>\n<\/div>\n<\/figure>\n<p>Es gibt ein weit verbreitetes Missverst\u00e4ndnis, dass kleinere R\u00e4ume keine K\u00fccheninsel enthalten k\u00f6nnen. Aber dieses Schema, ein kleines quadratisches Layout mit T\u00fcren an fast jeder Wand, beweist, dass das richtige Design eine umfasst, auch wenn es sich um eine kompaktere Alternative handelt.<\/p>\n<div id=\"ad-unit-2\" class=\"ad-unit\"><\/div>\n<p>&#8218;In einer kleineren K\u00fcche ist jeder Zentimeter wichtig &#8211; nicht nur in der Funktion, sondern auch in der Art und Weise, wie der Raum Sie sich f\u00fchlen. Unser Ziel war es, eine Atmosph\u00e4re zu erstellen, die sich luftig, einladend und intuitiv organisiert anf\u00fchlt \u201c, sagt Innenarchitektin Marie Flanigan.<\/p>\n<p>\u201eWir haben uns in ein Gef\u00fchl der Ruhe gelehnt, indem wir eine weiche, tonale Farbgeschichte priorisierten und Elemente integriert haben, die im Laufe der Zeit wundersch\u00f6n. Das Ergebnis ist eine K\u00fcche, die sich pers\u00f6nlich und warm anf\u00fchlt, ein Ort, der die Verbindung und Leichtigkeit in den t\u00e4glichen Ritualen f\u00f6rdert. &#8218;<\/p>\n<figure class=\"van-image-figure inline-layout \" data-bordeaux-image-check>\n<div class=\"image-full-width-wrapper\">\n<div class=\"image-widthsetter\" style=\"max-width:2000px;\"><\/div>\n<\/div>\n<\/figure>\n<p>Die sch\u00f6ne Auswahl an K\u00fcchenfarben hier verleiht die Illusion von gr\u00f6\u00dferem Raum und verleiht ein Gef\u00fchl von Luxus mit Scherz. Leichte Holzkabinen verleihen W\u00e4rme und Textur, ohne das Schema zu \u00fcberw\u00e4ltigen, w\u00e4hrend das Wei\u00df der Insel eine perfekte Paarung ist.<\/p>\n<p>&#8218;Diese K\u00fcche ist eine Studie in raffinierter Einfachheit &#8211; in der zeitlose Materialien eine moderne Sensibilit\u00e4t erf\u00fcllen. Wir nahmen eine warme, neutrale Palette an, die nat\u00fcrliche Texturen wie Ehrung Stein, Leichtholz und nicht angemessene Messing \u00fcberlagert, um einen Raum zu schaffen, der sich sowohl raffiniert als auch gelebt anf\u00fchlt. Jedes Detail wird ber\u00fccksichtigt, wobei der Schwerpunkt auf Handwerkskunst und Zur\u00fcckhaltung liegt, um sicherzustellen, dass das Design m\u00fchelos elegant und dennoch hochfunktionell bleibt. &#8218;<\/p>\n<figure class=\"van-image-figure inline-layout \" data-bordeaux-image-check>\n<div class=\"image-full-width-wrapper\">\n<div class=\"image-widthsetter\" style=\"max-width:2000px;\"><\/div>\n<\/div>\n<\/figure>\n<p>Es gibt so viele herausragende Funktionen im Raum. Es war wichtig, Statement -Design und elegante Akzente sorgf\u00e4ltig auszugleichen und gleichzeitig sicherzustellen, dass das System immer noch ein Gef\u00fchl der Ruhe und Gelassenheit hat, das sich im kompakteren Raum richtig anf\u00fchlt.<\/p>\n<p>&#8218;Die Sch\u00f6nheit dieser K\u00fcche liegt in ihren nachdenklichen Details. Eine benutzerdefinierte Reichweite verankert den Raum mit ruhiger St\u00e4rke, w\u00e4hrend handgew\u00e4hlte Steinplatten Tiefe und nat\u00fcrliche Bewegung bringen \u201c, erkl\u00e4rt Marie.<\/p>\n<p>\u201eOffene Regale wurden strategisch platziert, um die Lagerung mit Ausstellungsmomenten in Einklang zu bringen, sodass pers\u00f6nliche Details gl\u00e4nzen. Subtile Hardware -Auswahlm\u00f6glichkeiten und integrierte Ger\u00e4te stellen sicher, dass die Funktion die visuelle Harmonie niemals st\u00f6rt und beweist, dass auch in einem kompakten Fu\u00dfabdruck Luxus im Detail steht. &#8218;<\/p>\n<h3 class=\"article-body__section\" id=\"section-2-a-layered-galley-kitchen-by-pure-design\"><span>2. Eine geschichtete Galeerek\u00fcche von reinem Design<\/span><\/h3>\n<figure class=\"van-image-figure inline-layout \" data-bordeaux-image-check>\n<div class=\"image-full-width-wrapper\">\n<div class=\"image-widthsetter\" style=\"max-width:2000px;\"><\/div>\n<\/div>\n<\/figure>\n<p>Das Entwerfen einer K\u00fcche, die sich zwischen zwei angrenzenden R\u00e4umen befindet, kann schwierig sein. Sie m\u00fcssen sicherstellen, dass der Raum als K\u00fcche funktionsf\u00e4hig ist, hat aber auch gen\u00fcgend Fu\u00dfweg f\u00fcr Menschen, die sich zwischen den R\u00e4umen bewegen. Aber das Team von Pure Design hat den Brief mit diesem Raum genagelt.<\/p>\n<p>&#8218;Die Vision bestand darin, dieses Haus aus den 1950er Jahren als warmes, funktionales R\u00fcckzugsort f\u00fcr seinen neuen Besitzer und ihren 13-j\u00e4hrigen Sohn neu zu interpretieren. Wir verwandelten es in einen einladenden, leicht gef\u00fcllten Raum und mischten eine luftige, weibliche \u00c4sthetik im Obergeschoss f\u00fcr Mutter mit einem m\u00e4nnlichen Hafen unten f\u00fcr ihren Sohn \u201c, sagt Pr\u00e4sident und Hauptdesignerin Ami McKay.<\/p>\n<p>&#8218;In einer vollst\u00e4ndigen Renovierung wurden Smart Storage Solutions, Custom Millwork und ein offeneres Layout eingef\u00fchrt, einschlie\u00dflich eines neuen Puderraums im Hauptgeschoss. Bogen architektonische Merkmale, Wei\u00df-Eichen-Akzente und Schichtbeleuchtung bilden eine beruhigende, aber moderne Atmosph\u00e4re, was zu einem Haus f\u00fchrt, das sich sowohl nachdenklich gestaltet als auch zutiefst pers\u00f6nlich anf\u00fchlt. &#8218;<\/p>\n<p>Die neu umgebaute K\u00fcche ist weit entfernt von einem veralteten 50er -Jahre -Design. Es ist sauber, geschichtet und mit unerwarteten Details gef\u00fcllt. Der Raum wurde in den Essbereich ausgedehnt, um dringend ben\u00f6tigte Lagerung, Ger\u00e4te und eine gem\u00fctliche Speise-Ecke mit Bankett-Sitzgelegenheiten mehr Platz zu geben.<\/p>\n<figure class=\"van-image-figure inline-layout \" data-bordeaux-image-check>\n<div class=\"image-full-width-wrapper\">\n<div class=\"image-widthsetter\" style=\"max-width:2000px;\"><\/div>\n<\/div>\n<\/figure>\n<p>\u201eUm die \u00c4sthetik der K\u00fcche auszugleichen, haben wir zarte Kurven und anmutige Torb\u00f6gen f\u00fcr ein raffiniertes, einladendes Gef\u00fchl einbezogen. Erdige, nat\u00fcrliche T\u00f6ne mit subtilen Hinweisen auf Salbei und ged\u00e4mpfte Mauves, erg\u00e4nzt durch geb\u00fcrstete Messingakzente, verleihen den Raum mit einem weichen, weiblichen Ambiente \u201c, erkl\u00e4rt Ami.<\/p>\n<p>Die kurvenreichen Profile sind zu einem echten herausragenden Merkmal des Raums geworden, wodurch ein Gef\u00fchl der Zusammenhalt im gesamten Boden des Hauses geschaffen wird und ein weicheres und verspielteres Detail hinzugef\u00fcgt wird.<\/p>\n<p>Die gebogenen Linien flie\u00dfen im gesamten Erdgeschoss, einschlie\u00dflich K\u00fcchenfenster, T\u00fcren, schwimmenden Regalen, Kleiderschrankt\u00fcren, einem atemberaubenden Tambour-Holzf\u00e4cher in der K\u00fcche, der umliegenden Kamin mit Gipsbek\u00e4mpfung und einer dramatischen gew\u00f6lbten Dusche, in der Grundschule Bad. &#8218;<\/p>\n<p>Die Farbpalette ist auch der Schl\u00fcssel zum allgemeinen Erscheinungsbild dieser K\u00fcche. Blaue und wei\u00dfe Schr\u00e4nke f\u00fchlt sich frisch an und verleiht dem Raum ein leichtes, luftiges Gef\u00fchl. Wei\u00dfe Holzakzente bringen ein organischeres Finish und ein Gef\u00fchl der W\u00e4rme. Es ist ein wunderbares Beispiel daf\u00fcr, wie man eine kleine K\u00fcche entwirft, die leicht zwischen R\u00e4umen flie\u00dft.<\/p>\n<h3 class=\"article-body__section\" id=\"section-3-a-moody-small-kitchen-by-devol\"><span>3. Eine launische kleine K\u00fcche von Devol<\/span><\/h3>\n<figure class=\"van-image-figure inline-layout \" data-bordeaux-image-check>\n<div class=\"image-full-width-wrapper\">\n<div class=\"image-widthsetter\" style=\"max-width:2000px;\"><\/div>\n<\/div>\n<\/figure>\n<p>Eine der beliebtesten kleinen K\u00fcchenlayouts, eine Galeere kann schwierig zu gestalten sein, aber die Devol -K\u00fcche in dieser Notting Hill -Wohnung beweist, dass sich selbst das h\u00e4ufigste Layout luxuri\u00f6s und einzigartig anf\u00fchlen kann.<\/p>\n<p>Die auff\u00e4lligsten Merkmale im Raum sind die farbnahrungsmittel, stimmungsvollen gr\u00fcnen W\u00e4nde und Schr\u00e4nke, gepaart mit dem Statement Arabescato Marmor-Arbeitsplatten und Backsplash, ein mutiges Sch\u00fctzen im kleinen Raum und f\u00fcgt ein echtes Gef\u00fchl von Luxus hinzu.<\/p>\n<p>&#8222;Die K\u00fcche selbst ist nur vierzig Quadratmeter gro\u00df. Die Auswahl von Schr\u00e4nken aus unserer klassischen englischen Reichweite war eine kluge Wahl. Sie wurden entworfen und speziell f\u00fcr diese kleine, aber sehr gro\u00dfartig aussehende K\u00fcche gemacht&#8220;, sagt Helen Parker, Kreativdirektor bei DeVol K\u00fcchen.<\/p>\n<figure class=\"van-image-figure inline-layout \" data-bordeaux-image-check>\n<div class=\"image-full-width-wrapper\">\n<div class=\"image-widthsetter\" style=\"max-width:2400px;\"><\/div>\n<\/div>\n<\/figure>\n<p>&#8222;Wir haben schlanke offene Regale anstelle von Kastenwand und versteckten integrierten Ger\u00e4ten hinter bemalten T\u00fcren eingebaut, um einen unkomplizierten Raum zu gew\u00e4hrleisten, in dem sich leicht zu sein f\u00fchlte, aber immer noch so wie eine K\u00fcche fungierte.&#8220;<\/p>\n<p>Der Sp\u00fclenbereich wird zu einem echten Brennpunkt in der K\u00fcche. Wenn Sie die Marmor -Arbeitsplatten in den Backsplash und in ein schwimmendes Regal bringen, wird ein echtes Design -Statement erfasst und den Raum sofort aufgehellt.<\/p>\n<p>Das Regal bietet auch die M\u00f6glichkeit, Dekor anzuzeigen. Es gibt keinen Platz f\u00fcr die Arbeitsplatten. Keramik, Glaswaren und Blumenvasen f\u00fcllen das Regal, w\u00e4hrend Kunstwerke und Kerzen die Arbeitsplatte schm\u00fccken und dem Raum Pers\u00f6nlichkeit und Interesse verleihen.<\/p>\n<figure class=\"van-image-figure inline-layout \" data-bordeaux-image-check>\n<div class=\"image-full-width-wrapper\">\n<div class=\"image-widthsetter\" style=\"max-width:2000px;\"><\/div>\n<\/div>\n<\/figure>\n<p>Auf der gegen\u00fcberliegenden Seite der K\u00fcche befindet sich der Hauptkochraum mit Ofen und Kochfeld. Das Design hier wurde einfach und minimal gehalten, um die \u00dcberf\u00fcllung des Raums zu vermeiden und ihn zu besch\u00e4ftigt zu f\u00fchlen.<\/p>\n<p>Ein Bertazzoni-Kocher aus Edelstahl und ein passender Extraktor sind die einzigen Merkmale unter den Schr\u00e4nken, die im Gegensatz zu der in der K\u00fcche verwendeten warmen Hardware in einem k\u00fchleren Metall einmischen und ein subtil eklektisches Gef\u00fchl bieten.<\/p>\n<p>Es gibt immer noch eine Anspielung auf das allgemeine dekorative Element des Raumes mit einer Blumenvase und gerahmtem Kunstwerk, die sich an der Ecke oder auf der Arbeitsplatte befinden. Es ist ein Raum, der beweist, wie beeindruckend eine dunkle, launische Farbe in einer kleineren K\u00fcche sein kann &#8211; nur weil Ihre K\u00fcche kompakter ist, bedeutet dies nicht, dass Sie nicht luxuri\u00f6se Details einbeziehen k\u00f6nnen.<\/p>\n<hr>\n<p>Von kleinen quadratischen Schemata bis hin zu Galeere -Layouts gibt es so viele M\u00f6glichkeiten, eine kleine K\u00fcche zu entwerfen, die sich stilvoll, funktional und v\u00f6llig luxuri\u00f6s anf\u00fchlt. Es gibt so viele M\u00f6glichkeiten, Ihren Raum zu maximieren, unabh\u00e4ngig davon, ob Sie die besten Schrankstile f\u00fcr kleine K\u00fcchen einf\u00fchren oder Farbe verwenden und strategisch beendet sind.<\/p>\n<\/div>\n","protected":false},"excerpt":{"rendered":"<p>Wenn es um K\u00fcchen geht, werden kleinere Systeme oft als Herausforderung angesehen. Der Fokus liegt h\u00e4ufig auf dem Raum, der nicht f\u00fcr Aufbewahrung oder Ger\u00e4te<\/p>\n","protected":false},"author":1,"featured_media":3473,"comment_status":"closed","ping_status":"","sticky":false,"template":"","format":"standard","meta":{"footnotes":""},"categories":[118],"tags":[5413,2250,112,679,143,5414,5415,5417,689,992,141,61,182,1728,523,306,37,26,5416],"class_list":["post-3472","post","type-post","status-publish","format-standard","has-post-thumbnail","hentry","category-haus-garten","tag-begrenzter","tag-beweisen","tag-das","tag-design","tag-diese","tag-einschraenken","tag-herausragenden","tag-intimere","tag-koennen","tag-kuechen","tag-muss","tag-nicht","tag-raum","tag-raeume","tag-schon","tag-sein","tag-und","tag-wie","tag-wirkungsvoller","generate-columns","tablet-grid-50","mobile-grid-100","grid-parent","grid-50"],"yoast_head":"<!-- This site is optimized with the Yoast SEO plugin v27.3 - https:\/\/yoast.com\/product\/yoast-seo-wordpress\/ -->\n<title>Begrenzter Raum muss das Design nicht einschr\u00e4nken - diese 3 herausragenden K\u00fcchen beweisen, wie sch\u00f6n und wirkungsvoller intimere R\u00e4ume sein k\u00f6nnen - Nachrichten - Stra\u00dfenweb<\/title>\n<meta name=\"robots\" content=\"index, follow, max-snippet:-1, max-image-preview:large, max-video-preview:-1\" \/>\n<link rel=\"canonical\" href=\"https:\/\/www.strassenweb.de\/nachrichten\/begrenzter-raum-muss-das-design-nicht-einschraenken-diese-3-herausragenden-kuechen-beweisen-wie-schoen-und-wirkungsvoller-intimere-raeume-sein-koennen\/\" \/>\n<meta property=\"og:locale\" content=\"de_DE\" \/>\n<meta property=\"og:type\" content=\"article\" \/>\n<meta property=\"og:title\" content=\"Begrenzter Raum muss das Design nicht einschr\u00e4nken - diese 3 herausragenden K\u00fcchen beweisen, wie sch\u00f6n und wirkungsvoller intimere R\u00e4ume sein k\u00f6nnen - Nachrichten - Stra\u00dfenweb\" \/>\n<meta property=\"og:description\" content=\"Wenn es um K\u00fcchen geht, werden kleinere Systeme oft als Herausforderung angesehen. Der Fokus liegt h\u00e4ufig auf dem Raum, der nicht f\u00fcr Aufbewahrung oder Ger\u00e4te\" \/>\n<meta property=\"og:url\" content=\"https:\/\/www.strassenweb.de\/nachrichten\/begrenzter-raum-muss-das-design-nicht-einschraenken-diese-3-herausragenden-kuechen-beweisen-wie-schoen-und-wirkungsvoller-intimere-raeume-sein-koennen\/\" \/>\n<meta property=\"og:site_name\" content=\"Stra\u00dfenweb\" \/>\n<meta property=\"article:publisher\" content=\"https:\/\/www.facebook.com\/strassenweb\/\" \/>\n<meta property=\"article:published_time\" content=\"2025-02-22T06:39:34+00:00\" \/>\n<meta property=\"article:modified_time\" content=\"2025-02-22T06:39:35+00:00\" \/>\n<meta property=\"og:image\" content=\"https:\/\/www.strassenweb.de\/nachrichten\/wp-content\/uploads\/2025\/02\/Begrenzter-Raum-muss-das-Design-nicht-einschraenken-diese-3.jpg\" \/>\n\t<meta property=\"og:image:width\" content=\"1200\" \/>\n\t<meta property=\"og:image:height\" content=\"1440\" \/>\n\t<meta property=\"og:image:type\" content=\"image\/jpeg\" \/>\n<meta name=\"author\" content=\"Robert Hoffmann\" \/>\n<meta name=\"twitter:card\" content=\"summary_large_image\" \/>\n<meta name=\"twitter:label1\" content=\"Verfasst von\" \/>\n\t<meta name=\"twitter:data1\" content=\"Robert Hoffmann\" \/>\n\t<meta name=\"twitter:label2\" content=\"Gesch\u00e4tzte Lesezeit\" \/>\n\t<meta name=\"twitter:data2\" content=\"8\u00a0Minuten\" \/>\n<script type=\"application\/ld+json\" class=\"yoast-schema-graph\">{\"@context\":\"https:\\\/\\\/schema.org\",\"@graph\":[{\"@type\":\"Article\",\"@id\":\"https:\\\/\\\/www.strassenweb.de\\\/nachrichten\\\/begrenzter-raum-muss-das-design-nicht-einschraenken-diese-3-herausragenden-kuechen-beweisen-wie-schoen-und-wirkungsvoller-intimere-raeume-sein-koennen\\\/#article\",\"isPartOf\":{\"@id\":\"https:\\\/\\\/www.strassenweb.de\\\/nachrichten\\\/begrenzter-raum-muss-das-design-nicht-einschraenken-diese-3-herausragenden-kuechen-beweisen-wie-schoen-und-wirkungsvoller-intimere-raeume-sein-koennen\\\/\"},\"author\":{\"name\":\"Robert Hoffmann\",\"@id\":\"https:\\\/\\\/www.strassenweb.de\\\/nachrichten\\\/#\\\/schema\\\/person\\\/87c9c9067f1211da429a744dc5a5aa41\"},\"headline\":\"Begrenzter Raum muss das Design nicht einschr\u00e4nken &#8211; diese 3 herausragenden K\u00fcchen beweisen, wie sch\u00f6n und wirkungsvoller intimere R\u00e4ume sein k\u00f6nnen\",\"datePublished\":\"2025-02-22T06:39:34+00:00\",\"dateModified\":\"2025-02-22T06:39:35+00:00\",\"mainEntityOfPage\":{\"@id\":\"https:\\\/\\\/www.strassenweb.de\\\/nachrichten\\\/begrenzter-raum-muss-das-design-nicht-einschraenken-diese-3-herausragenden-kuechen-beweisen-wie-schoen-und-wirkungsvoller-intimere-raeume-sein-koennen\\\/\"},\"wordCount\":1574,\"publisher\":{\"@id\":\"https:\\\/\\\/www.strassenweb.de\\\/nachrichten\\\/#organization\"},\"image\":{\"@id\":\"https:\\\/\\\/www.strassenweb.de\\\/nachrichten\\\/begrenzter-raum-muss-das-design-nicht-einschraenken-diese-3-herausragenden-kuechen-beweisen-wie-schoen-und-wirkungsvoller-intimere-raeume-sein-koennen\\\/#primaryimage\"},\"thumbnailUrl\":\"https:\\\/\\\/www.strassenweb.de\\\/nachrichten\\\/wp-content\\\/uploads\\\/2025\\\/02\\\/Begrenzter-Raum-muss-das-Design-nicht-einschraenken-diese-3.jpg\",\"keywords\":[\"Begrenzter\",\"beweisen\",\"das\",\"Design\",\"diese\",\"einschr\u00e4nken\",\"herausragenden\",\"intimere\",\"k\u00f6nnen\",\"K\u00fcchen\",\"muss\",\"nicht\",\"Raum\",\"R\u00e4ume\",\"schon\",\"sein\",\"und\",\"Wie\",\"wirkungsvoller\"],\"articleSection\":[\"Haus &amp; Garten\"],\"inLanguage\":\"de\"},{\"@type\":\"WebPage\",\"@id\":\"https:\\\/\\\/www.strassenweb.de\\\/nachrichten\\\/begrenzter-raum-muss-das-design-nicht-einschraenken-diese-3-herausragenden-kuechen-beweisen-wie-schoen-und-wirkungsvoller-intimere-raeume-sein-koennen\\\/\",\"url\":\"https:\\\/\\\/www.strassenweb.de\\\/nachrichten\\\/begrenzter-raum-muss-das-design-nicht-einschraenken-diese-3-herausragenden-kuechen-beweisen-wie-schoen-und-wirkungsvoller-intimere-raeume-sein-koennen\\\/\",\"name\":\"Begrenzter Raum muss das Design nicht einschr\u00e4nken - diese 3 herausragenden K\u00fcchen beweisen, wie sch\u00f6n und wirkungsvoller intimere R\u00e4ume sein k\u00f6nnen - Nachrichten - Stra\u00dfenweb\",\"isPartOf\":{\"@id\":\"https:\\\/\\\/www.strassenweb.de\\\/nachrichten\\\/#website\"},\"primaryImageOfPage\":{\"@id\":\"https:\\\/\\\/www.strassenweb.de\\\/nachrichten\\\/begrenzter-raum-muss-das-design-nicht-einschraenken-diese-3-herausragenden-kuechen-beweisen-wie-schoen-und-wirkungsvoller-intimere-raeume-sein-koennen\\\/#primaryimage\"},\"image\":{\"@id\":\"https:\\\/\\\/www.strassenweb.de\\\/nachrichten\\\/begrenzter-raum-muss-das-design-nicht-einschraenken-diese-3-herausragenden-kuechen-beweisen-wie-schoen-und-wirkungsvoller-intimere-raeume-sein-koennen\\\/#primaryimage\"},\"thumbnailUrl\":\"https:\\\/\\\/www.strassenweb.de\\\/nachrichten\\\/wp-content\\\/uploads\\\/2025\\\/02\\\/Begrenzter-Raum-muss-das-Design-nicht-einschraenken-diese-3.jpg\",\"datePublished\":\"2025-02-22T06:39:34+00:00\",\"dateModified\":\"2025-02-22T06:39:35+00:00\",\"breadcrumb\":{\"@id\":\"https:\\\/\\\/www.strassenweb.de\\\/nachrichten\\\/begrenzter-raum-muss-das-design-nicht-einschraenken-diese-3-herausragenden-kuechen-beweisen-wie-schoen-und-wirkungsvoller-intimere-raeume-sein-koennen\\\/#breadcrumb\"},\"inLanguage\":\"de\",\"potentialAction\":[{\"@type\":\"ReadAction\",\"target\":[\"https:\\\/\\\/www.strassenweb.de\\\/nachrichten\\\/begrenzter-raum-muss-das-design-nicht-einschraenken-diese-3-herausragenden-kuechen-beweisen-wie-schoen-und-wirkungsvoller-intimere-raeume-sein-koennen\\\/\"]}]},{\"@type\":\"ImageObject\",\"inLanguage\":\"de\",\"@id\":\"https:\\\/\\\/www.strassenweb.de\\\/nachrichten\\\/begrenzter-raum-muss-das-design-nicht-einschraenken-diese-3-herausragenden-kuechen-beweisen-wie-schoen-und-wirkungsvoller-intimere-raeume-sein-koennen\\\/#primaryimage\",\"url\":\"https:\\\/\\\/www.strassenweb.de\\\/nachrichten\\\/wp-content\\\/uploads\\\/2025\\\/02\\\/Begrenzter-Raum-muss-das-Design-nicht-einschraenken-diese-3.jpg\",\"contentUrl\":\"https:\\\/\\\/www.strassenweb.de\\\/nachrichten\\\/wp-content\\\/uploads\\\/2025\\\/02\\\/Begrenzter-Raum-muss-das-Design-nicht-einschraenken-diese-3.jpg\",\"width\":1200,\"height\":1440,\"caption\":\"Begrenzter Raum muss das Design nicht einschr\u00e4nken - diese 3 herausragenden K\u00fcchen beweisen, wie sch\u00f6n und wirkungsvoller intimere R\u00e4ume sein k\u00f6nnen\"},{\"@type\":\"BreadcrumbList\",\"@id\":\"https:\\\/\\\/www.strassenweb.de\\\/nachrichten\\\/begrenzter-raum-muss-das-design-nicht-einschraenken-diese-3-herausragenden-kuechen-beweisen-wie-schoen-und-wirkungsvoller-intimere-raeume-sein-koennen\\\/#breadcrumb\",\"itemListElement\":[{\"@type\":\"ListItem\",\"position\":1,\"name\":\"Home\",\"item\":\"https:\\\/\\\/www.strassenweb.de\\\/nachrichten\\\/\"},{\"@type\":\"ListItem\",\"position\":2,\"name\":\"Begrenzter Raum muss das Design nicht einschr\u00e4nken &#8211; diese 3 herausragenden K\u00fcchen beweisen, wie sch\u00f6n und wirkungsvoller intimere R\u00e4ume sein k\u00f6nnen\"}]},{\"@type\":\"WebSite\",\"@id\":\"https:\\\/\\\/www.strassenweb.de\\\/nachrichten\\\/#website\",\"url\":\"https:\\\/\\\/www.strassenweb.de\\\/nachrichten\\\/\",\"name\":\"Stra\u00dfenweb\",\"description\":\"Stra\u00dfenverzeichnis f\u00fcr Deutschland\",\"publisher\":{\"@id\":\"https:\\\/\\\/www.strassenweb.de\\\/nachrichten\\\/#organization\"},\"potentialAction\":[{\"@type\":\"SearchAction\",\"target\":{\"@type\":\"EntryPoint\",\"urlTemplate\":\"https:\\\/\\\/www.strassenweb.de\\\/nachrichten\\\/?s={search_term_string}\"},\"query-input\":{\"@type\":\"PropertyValueSpecification\",\"valueRequired\":true,\"valueName\":\"search_term_string\"}}],\"inLanguage\":\"de\"},{\"@type\":\"Organization\",\"@id\":\"https:\\\/\\\/www.strassenweb.de\\\/nachrichten\\\/#organization\",\"name\":\"Stra\u00dfenweb\",\"url\":\"https:\\\/\\\/www.strassenweb.de\\\/nachrichten\\\/\",\"logo\":{\"@type\":\"ImageObject\",\"inLanguage\":\"de\",\"@id\":\"https:\\\/\\\/www.strassenweb.de\\\/nachrichten\\\/#\\\/schema\\\/logo\\\/image\\\/\",\"url\":\"https:\\\/\\\/www.strassenweb.de\\\/nachrichten\\\/wp-content\\\/uploads\\\/2024\\\/09\\\/cropped-favicon.png\",\"contentUrl\":\"https:\\\/\\\/www.strassenweb.de\\\/nachrichten\\\/wp-content\\\/uploads\\\/2024\\\/09\\\/cropped-favicon.png\",\"width\":512,\"height\":512,\"caption\":\"Stra\u00dfenweb\"},\"image\":{\"@id\":\"https:\\\/\\\/www.strassenweb.de\\\/nachrichten\\\/#\\\/schema\\\/logo\\\/image\\\/\"},\"sameAs\":[\"https:\\\/\\\/www.facebook.com\\\/strassenweb\\\/\"]},{\"@type\":\"Person\",\"@id\":\"https:\\\/\\\/www.strassenweb.de\\\/nachrichten\\\/#\\\/schema\\\/person\\\/87c9c9067f1211da429a744dc5a5aa41\",\"name\":\"Robert Hoffmann\",\"image\":{\"@type\":\"ImageObject\",\"inLanguage\":\"de\",\"@id\":\"https:\\\/\\\/www.strassenweb.de\\\/nachrichten\\\/wp-content\\\/uploads\\\/2024\\\/09\\\/strassenweb-150x150.jpg\",\"url\":\"https:\\\/\\\/www.strassenweb.de\\\/nachrichten\\\/wp-content\\\/uploads\\\/2024\\\/09\\\/strassenweb-150x150.jpg\",\"contentUrl\":\"https:\\\/\\\/www.strassenweb.de\\\/nachrichten\\\/wp-content\\\/uploads\\\/2024\\\/09\\\/strassenweb-150x150.jpg\",\"caption\":\"Robert Hoffmann\"},\"description\":\"Ich hei\u00dfe Robert Hoffmann und ich bin ein leidenschaftlicher Verfechter von \u00d6kologie und Biodiversit\u00e4t. Seit meiner Kindheit in den W\u00e4ldern Bayerns f\u00fchle ich mich mit der Natur verbunden und bin entschlossen, sie zu sch\u00fctzen. Heute widme ich mein Leben der Sensibilisierung anderer f\u00fcr die Bedeutung des Umweltschutzes f\u00fcr zuk\u00fcnftige Generationen.\",\"sameAs\":[\"https:\\\/\\\/www.strassenweb.de\\\/\"]}]}<\/script>\n<!-- \/ Yoast SEO plugin. -->","yoast_head_json":{"title":"Begrenzter Raum muss das Design nicht einschr\u00e4nken - diese 3 herausragenden K\u00fcchen beweisen, wie sch\u00f6n und wirkungsvoller intimere R\u00e4ume sein k\u00f6nnen - Nachrichten - Stra\u00dfenweb","robots":{"index":"index","follow":"follow","max-snippet":"max-snippet:-1","max-image-preview":"max-image-preview:large","max-video-preview":"max-video-preview:-1"},"canonical":"https:\/\/www.strassenweb.de\/nachrichten\/begrenzter-raum-muss-das-design-nicht-einschraenken-diese-3-herausragenden-kuechen-beweisen-wie-schoen-und-wirkungsvoller-intimere-raeume-sein-koennen\/","og_locale":"de_DE","og_type":"article","og_title":"Begrenzter Raum muss das Design nicht einschr\u00e4nken - diese 3 herausragenden K\u00fcchen beweisen, wie sch\u00f6n und wirkungsvoller intimere R\u00e4ume sein k\u00f6nnen - Nachrichten - Stra\u00dfenweb","og_description":"Wenn es um K\u00fcchen geht, werden kleinere Systeme oft als Herausforderung angesehen. Der Fokus liegt h\u00e4ufig auf dem Raum, der nicht f\u00fcr Aufbewahrung oder Ger\u00e4te","og_url":"https:\/\/www.strassenweb.de\/nachrichten\/begrenzter-raum-muss-das-design-nicht-einschraenken-diese-3-herausragenden-kuechen-beweisen-wie-schoen-und-wirkungsvoller-intimere-raeume-sein-koennen\/","og_site_name":"Stra\u00dfenweb","article_publisher":"https:\/\/www.facebook.com\/strassenweb\/","article_published_time":"2025-02-22T06:39:34+00:00","article_modified_time":"2025-02-22T06:39:35+00:00","og_image":[{"width":1200,"height":1440,"url":"https:\/\/www.strassenweb.de\/nachrichten\/wp-content\/uploads\/2025\/02\/Begrenzter-Raum-muss-das-Design-nicht-einschraenken-diese-3.jpg","type":"image\/jpeg"}],"author":"Robert Hoffmann","twitter_card":"summary_large_image","twitter_misc":{"Verfasst von":"Robert Hoffmann","Gesch\u00e4tzte Lesezeit":"8\u00a0Minuten"},"schema":{"@context":"https:\/\/schema.org","@graph":[{"@type":"Article","@id":"https:\/\/www.strassenweb.de\/nachrichten\/begrenzter-raum-muss-das-design-nicht-einschraenken-diese-3-herausragenden-kuechen-beweisen-wie-schoen-und-wirkungsvoller-intimere-raeume-sein-koennen\/#article","isPartOf":{"@id":"https:\/\/www.strassenweb.de\/nachrichten\/begrenzter-raum-muss-das-design-nicht-einschraenken-diese-3-herausragenden-kuechen-beweisen-wie-schoen-und-wirkungsvoller-intimere-raeume-sein-koennen\/"},"author":{"name":"Robert Hoffmann","@id":"https:\/\/www.strassenweb.de\/nachrichten\/#\/schema\/person\/87c9c9067f1211da429a744dc5a5aa41"},"headline":"Begrenzter Raum muss das Design nicht einschr\u00e4nken &#8211; diese 3 herausragenden K\u00fcchen beweisen, wie sch\u00f6n und wirkungsvoller intimere R\u00e4ume sein k\u00f6nnen","datePublished":"2025-02-22T06:39:34+00:00","dateModified":"2025-02-22T06:39:35+00:00","mainEntityOfPage":{"@id":"https:\/\/www.strassenweb.de\/nachrichten\/begrenzter-raum-muss-das-design-nicht-einschraenken-diese-3-herausragenden-kuechen-beweisen-wie-schoen-und-wirkungsvoller-intimere-raeume-sein-koennen\/"},"wordCount":1574,"publisher":{"@id":"https:\/\/www.strassenweb.de\/nachrichten\/#organization"},"image":{"@id":"https:\/\/www.strassenweb.de\/nachrichten\/begrenzter-raum-muss-das-design-nicht-einschraenken-diese-3-herausragenden-kuechen-beweisen-wie-schoen-und-wirkungsvoller-intimere-raeume-sein-koennen\/#primaryimage"},"thumbnailUrl":"https:\/\/www.strassenweb.de\/nachrichten\/wp-content\/uploads\/2025\/02\/Begrenzter-Raum-muss-das-Design-nicht-einschraenken-diese-3.jpg","keywords":["Begrenzter","beweisen","das","Design","diese","einschr\u00e4nken","herausragenden","intimere","k\u00f6nnen","K\u00fcchen","muss","nicht","Raum","R\u00e4ume","schon","sein","und","Wie","wirkungsvoller"],"articleSection":["Haus &amp; Garten"],"inLanguage":"de"},{"@type":"WebPage","@id":"https:\/\/www.strassenweb.de\/nachrichten\/begrenzter-raum-muss-das-design-nicht-einschraenken-diese-3-herausragenden-kuechen-beweisen-wie-schoen-und-wirkungsvoller-intimere-raeume-sein-koennen\/","url":"https:\/\/www.strassenweb.de\/nachrichten\/begrenzter-raum-muss-das-design-nicht-einschraenken-diese-3-herausragenden-kuechen-beweisen-wie-schoen-und-wirkungsvoller-intimere-raeume-sein-koennen\/","name":"Begrenzter Raum muss das Design nicht einschr\u00e4nken - diese 3 herausragenden K\u00fcchen beweisen, wie sch\u00f6n und wirkungsvoller intimere R\u00e4ume sein k\u00f6nnen - Nachrichten - Stra\u00dfenweb","isPartOf":{"@id":"https:\/\/www.strassenweb.de\/nachrichten\/#website"},"primaryImageOfPage":{"@id":"https:\/\/www.strassenweb.de\/nachrichten\/begrenzter-raum-muss-das-design-nicht-einschraenken-diese-3-herausragenden-kuechen-beweisen-wie-schoen-und-wirkungsvoller-intimere-raeume-sein-koennen\/#primaryimage"},"image":{"@id":"https:\/\/www.strassenweb.de\/nachrichten\/begrenzter-raum-muss-das-design-nicht-einschraenken-diese-3-herausragenden-kuechen-beweisen-wie-schoen-und-wirkungsvoller-intimere-raeume-sein-koennen\/#primaryimage"},"thumbnailUrl":"https:\/\/www.strassenweb.de\/nachrichten\/wp-content\/uploads\/2025\/02\/Begrenzter-Raum-muss-das-Design-nicht-einschraenken-diese-3.jpg","datePublished":"2025-02-22T06:39:34+00:00","dateModified":"2025-02-22T06:39:35+00:00","breadcrumb":{"@id":"https:\/\/www.strassenweb.de\/nachrichten\/begrenzter-raum-muss-das-design-nicht-einschraenken-diese-3-herausragenden-kuechen-beweisen-wie-schoen-und-wirkungsvoller-intimere-raeume-sein-koennen\/#breadcrumb"},"inLanguage":"de","potentialAction":[{"@type":"ReadAction","target":["https:\/\/www.strassenweb.de\/nachrichten\/begrenzter-raum-muss-das-design-nicht-einschraenken-diese-3-herausragenden-kuechen-beweisen-wie-schoen-und-wirkungsvoller-intimere-raeume-sein-koennen\/"]}]},{"@type":"ImageObject","inLanguage":"de","@id":"https:\/\/www.strassenweb.de\/nachrichten\/begrenzter-raum-muss-das-design-nicht-einschraenken-diese-3-herausragenden-kuechen-beweisen-wie-schoen-und-wirkungsvoller-intimere-raeume-sein-koennen\/#primaryimage","url":"https:\/\/www.strassenweb.de\/nachrichten\/wp-content\/uploads\/2025\/02\/Begrenzter-Raum-muss-das-Design-nicht-einschraenken-diese-3.jpg","contentUrl":"https:\/\/www.strassenweb.de\/nachrichten\/wp-content\/uploads\/2025\/02\/Begrenzter-Raum-muss-das-Design-nicht-einschraenken-diese-3.jpg","width":1200,"height":1440,"caption":"Begrenzter Raum muss das Design nicht einschr\u00e4nken - diese 3 herausragenden K\u00fcchen beweisen, wie sch\u00f6n und wirkungsvoller intimere R\u00e4ume sein k\u00f6nnen"},{"@type":"BreadcrumbList","@id":"https:\/\/www.strassenweb.de\/nachrichten\/begrenzter-raum-muss-das-design-nicht-einschraenken-diese-3-herausragenden-kuechen-beweisen-wie-schoen-und-wirkungsvoller-intimere-raeume-sein-koennen\/#breadcrumb","itemListElement":[{"@type":"ListItem","position":1,"name":"Home","item":"https:\/\/www.strassenweb.de\/nachrichten\/"},{"@type":"ListItem","position":2,"name":"Begrenzter Raum muss das Design nicht einschr\u00e4nken &#8211; diese 3 herausragenden K\u00fcchen beweisen, wie sch\u00f6n und wirkungsvoller intimere R\u00e4ume sein k\u00f6nnen"}]},{"@type":"WebSite","@id":"https:\/\/www.strassenweb.de\/nachrichten\/#website","url":"https:\/\/www.strassenweb.de\/nachrichten\/","name":"Stra\u00dfenweb","description":"Stra\u00dfenverzeichnis f\u00fcr Deutschland","publisher":{"@id":"https:\/\/www.strassenweb.de\/nachrichten\/#organization"},"potentialAction":[{"@type":"SearchAction","target":{"@type":"EntryPoint","urlTemplate":"https:\/\/www.strassenweb.de\/nachrichten\/?s={search_term_string}"},"query-input":{"@type":"PropertyValueSpecification","valueRequired":true,"valueName":"search_term_string"}}],"inLanguage":"de"},{"@type":"Organization","@id":"https:\/\/www.strassenweb.de\/nachrichten\/#organization","name":"Stra\u00dfenweb","url":"https:\/\/www.strassenweb.de\/nachrichten\/","logo":{"@type":"ImageObject","inLanguage":"de","@id":"https:\/\/www.strassenweb.de\/nachrichten\/#\/schema\/logo\/image\/","url":"https:\/\/www.strassenweb.de\/nachrichten\/wp-content\/uploads\/2024\/09\/cropped-favicon.png","contentUrl":"https:\/\/www.strassenweb.de\/nachrichten\/wp-content\/uploads\/2024\/09\/cropped-favicon.png","width":512,"height":512,"caption":"Stra\u00dfenweb"},"image":{"@id":"https:\/\/www.strassenweb.de\/nachrichten\/#\/schema\/logo\/image\/"},"sameAs":["https:\/\/www.facebook.com\/strassenweb\/"]},{"@type":"Person","@id":"https:\/\/www.strassenweb.de\/nachrichten\/#\/schema\/person\/87c9c9067f1211da429a744dc5a5aa41","name":"Robert Hoffmann","image":{"@type":"ImageObject","inLanguage":"de","@id":"https:\/\/www.strassenweb.de\/nachrichten\/wp-content\/uploads\/2024\/09\/strassenweb-150x150.jpg","url":"https:\/\/www.strassenweb.de\/nachrichten\/wp-content\/uploads\/2024\/09\/strassenweb-150x150.jpg","contentUrl":"https:\/\/www.strassenweb.de\/nachrichten\/wp-content\/uploads\/2024\/09\/strassenweb-150x150.jpg","caption":"Robert Hoffmann"},"description":"Ich hei\u00dfe Robert Hoffmann und ich bin ein leidenschaftlicher Verfechter von \u00d6kologie und Biodiversit\u00e4t. Seit meiner Kindheit in den W\u00e4ldern Bayerns f\u00fchle ich mich mit der Natur verbunden und bin entschlossen, sie zu sch\u00fctzen. Heute widme ich mein Leben der Sensibilisierung anderer f\u00fcr die Bedeutung des Umweltschutzes f\u00fcr zuk\u00fcnftige Generationen.","sameAs":["https:\/\/www.strassenweb.de\/"]}]}},"_links":{"self":[{"href":"https:\/\/www.strassenweb.de\/nachrichten\/wp-json\/wp\/v2\/posts\/3472","targetHints":{"allow":["GET"]}}],"collection":[{"href":"https:\/\/www.strassenweb.de\/nachrichten\/wp-json\/wp\/v2\/posts"}],"about":[{"href":"https:\/\/www.strassenweb.de\/nachrichten\/wp-json\/wp\/v2\/types\/post"}],"author":[{"embeddable":true,"href":"https:\/\/www.strassenweb.de\/nachrichten\/wp-json\/wp\/v2\/users\/1"}],"replies":[{"embeddable":true,"href":"https:\/\/www.strassenweb.de\/nachrichten\/wp-json\/wp\/v2\/comments?post=3472"}],"version-history":[{"count":0,"href":"https:\/\/www.strassenweb.de\/nachrichten\/wp-json\/wp\/v2\/posts\/3472\/revisions"}],"wp:featuredmedia":[{"embeddable":true,"href":"https:\/\/www.strassenweb.de\/nachrichten\/wp-json\/wp\/v2\/media\/3473"}],"wp:attachment":[{"href":"https:\/\/www.strassenweb.de\/nachrichten\/wp-json\/wp\/v2\/media?parent=3472"}],"wp:term":[{"taxonomy":"category","embeddable":true,"href":"https:\/\/www.strassenweb.de\/nachrichten\/wp-json\/wp\/v2\/categories?post=3472"},{"taxonomy":"post_tag","embeddable":true,"href":"https:\/\/www.strassenweb.de\/nachrichten\/wp-json\/wp\/v2\/tags?post=3472"}],"curies":[{"name":"wp","href":"https:\/\/api.w.org\/{rel}","templated":true}]}}