{"id":3439,"date":"2025-02-20T13:41:12","date_gmt":"2025-02-20T12:41:12","guid":{"rendered":"https:\/\/www.strassenweb.de\/nachrichten\/die-zukunft-der-geothermischen-energie\/"},"modified":"2025-02-20T13:41:13","modified_gmt":"2025-02-20T12:41:13","slug":"die-zukunft-der-geothermischen-energie","status":"publish","type":"post","link":"https:\/\/www.strassenweb.de\/nachrichten\/die-zukunft-der-geothermischen-energie\/","title":{"rendered":"Die Zukunft der geothermischen Energie"},"content":{"rendered":"<div style=\"\" data-v-30804b50=\"\"><!--(--><\/p>\n<h2>Geothermische Energie heute<\/h2>\n<div class=\"wordpress-paragraph\" style=\"--25ab227a:left;\" data-v-c0f9f52b=\"\">\n<p>Geothermische Energie &#8211; manchmal als eine der demokratischsten Quellen erneuerbarer Energien bezeichnet, da sie auf der ganzen Welt direkt unter der Erdoberfl\u00e4che vorhanden ist. Die W\u00e4rme von innen wird teilweise durch die W\u00e4rme aus dem Erdkern erzeugt, aber haupts\u00e4chlich durch den Zerfall von radioaktiven Materialien im Boden.<\/p>\n<\/div>\n<div class=\"wordpress-paragraph\" style=\"--25ab227a:left;\" data-v-c0f9f52b=\"\">\n<p>Die derzeitigen geothermischen W\u00e4rmepumpen und -systeme erreichen normalerweise eine Tiefe von etwa 120 Metern, wo die Temperaturen konstant und durch Wetterbedingungen oben nicht betroffen sind. Kaltes Wasser wird hineingepumpt, warmes Wasser herauskommt. Am Ende haben Sie die Energie f\u00fcr Heizung in H\u00e4usern und Industriekomplexen, Strom und erhitztem Wasser.<\/p>\n<\/div>\n<h2>Aber was ist, wenn Sie tiefer gehen?<\/h2>\n<div class=\"wordpress-paragraph\" style=\"--25ab227a:left;\" data-v-c0f9f52b=\"\">\n<p>Ein Forschungsteam, das Wissenschaftler aus verschiedenen Universit\u00e4ten und Forschungslabors in Norwegen kombiniert, beabsichtigt, weit \u00fcber diese 120 Meter hinauszugehen. Sie planen 5.000 Meter, 10.000 Meter und noch tiefer.<\/p>\n<\/div>\n<div class=\"wordpress-paragraph\" style=\"--25ab227a:left;\" data-v-c0f9f52b=\"\">\n<p>Der Grund daf\u00fcr ist, dass die Temperaturen in diesen Tiefen viel h\u00f6her sind und f\u00fcr ein geothermisches Energiesystem n\u00fctzlicher sind. Bei 5.000 Metern kann man 90 \u00b0 C (194 \u00b0 F) erwarten. Diese Temperaturen k\u00f6nnten zum Erhitzen von Wasser in einem Zyklus f\u00fcr die Energieerzeugung, Direkterw\u00e4rmung usw. verwendet werden.<\/p>\n<\/div>\n<h2>Noch hei\u00dfer!<\/h2>\n<div class=\"wordpress-paragraph\" style=\"--25ab227a:left;\" data-v-c0f9f52b=\"\">\n<p>Es ist auch m\u00f6glich, noch tiefer zu gehen, aber hier beginnen die Probleme. Wenn Sie Tiefen von bis zu 10.000 Metern erreichen, wird die W\u00e4rme- und Druckkombination immer intensiver. Zumindest werden 370 \u00b0 C (698 \u00b0 F) erreicht, wodurch der Gestein in weichere Formen verwandelt und nat\u00fcrliche Risse und Spalten zerkleinert wird. Metalle, Elektronik und andere Ger\u00e4te leiden ebenfalls viel oder h\u00f6ren einfach auf, bei diesen extremen Temperaturen zu arbeiten.<\/p>\n<\/div>\n<div class=\"wordpress-paragraph\" style=\"--25ab227a:left;\" data-v-c0f9f52b=\"\">\n<p>Obwohl diese Probleme es schwierig erscheinen lassen, glauben die norwegischen Wissenschaftler, die richtige L\u00f6sung zu haben. Ihr Vorteil ist das Wissen und die Erfahrung, die im Laufe der Jahre von der norwegischen \u00d6lindustrie gesammelt wurden. Da die Geologie unter Norwegen sehr schwierig ist, war der technische Fortschritt in den letzten 10 Jahren sehr gro\u00df.<br \/>Die \u00d6lunternehmen testen bereits Methoden f\u00fcr pr\u00e4zise Bohrungen und arbeiten in Tiefen von 10.000 bis 12.000 Metern, und die Wissenschaftler hoffen, durch diese Erkundungen neue Ideen und Methoden f\u00fcr ihre geothermischen W\u00e4rmepumpen zu erhalten. Bisher wurde von ihnen ein System mit geschlossenem Schleife bevorzugt (mit einem K\u00e4ltemittel, das durch ein Rohr in die Erde geschickt wird, das dann wieder erhitzt wird).<\/p>\n<\/div>\n<h2>Wird uns diese Energie in unserem Leben erreichen?<\/h2>\n<div class=\"wordpress-paragraph\" style=\"--25ab227a:left;\" data-v-c0f9f52b=\"\">\n<p>Obwohl das Erreichen solcher Bohrtiefen in Zukunft nach etwas weit entfernt klingen mag, erhalten sie zunehmend Interesse, da sie den L\u00e4ndern die M\u00f6glichkeit bieten, energetisch unabh\u00e4ngig und sauber zu sein. In Anbetracht dessen, dass die \u00d6lindustrie in \u00e4hnliche Tiefen geht, um jeden Tropfen fossiler Brennstoffe zu extrahieren, sollte es kein gro\u00dfer Aufwand sein, in die gleiche Tiefe zu gehen, um kostenlos Energie zu erhalten. Hoffentlich wird es nur eine Frage der Zeit sein, bis wir alle unsere Energie von einer erneuerbaren Quelle, m\u00f6glicherweise einer geothermischen Heizung, erhalten.<\/p>\n<\/div>\n<p><!--)--><\/div>\n","protected":false},"excerpt":{"rendered":"<p>Geothermische Energie heute Geothermische Energie &#8211; manchmal als eine der demokratischsten Quellen erneuerbarer Energien bezeichnet, da sie auf der ganzen Welt direkt unter der Erdoberfl\u00e4che<\/p>\n","protected":false},"author":1,"featured_media":3440,"comment_status":"closed","ping_status":"","sticky":false,"template":"","format":"standard","meta":{"footnotes":""},"categories":[87],"tags":[81,9,2009,5375,1228],"class_list":["post-3439","post","type-post","status-publish","format-standard","has-post-thumbnail","hentry","category-energie","tag-der","tag-die","tag-energie","tag-geothermischen","tag-zukunft","generate-columns","tablet-grid-50","mobile-grid-100","grid-parent","grid-50"],"yoast_head":"<!-- This site is optimized with the Yoast SEO plugin v27.3 - https:\/\/yoast.com\/product\/yoast-seo-wordpress\/ -->\n<title>Die Zukunft der geothermischen Energie - Nachrichten - Stra\u00dfenweb<\/title>\n<meta name=\"robots\" content=\"index, follow, max-snippet:-1, max-image-preview:large, max-video-preview:-1\" \/>\n<link rel=\"canonical\" href=\"https:\/\/www.strassenweb.de\/nachrichten\/die-zukunft-der-geothermischen-energie\/\" \/>\n<meta property=\"og:locale\" content=\"de_DE\" \/>\n<meta property=\"og:type\" content=\"article\" \/>\n<meta property=\"og:title\" content=\"Die Zukunft der geothermischen Energie - Nachrichten - Stra\u00dfenweb\" \/>\n<meta property=\"og:description\" content=\"Geothermische Energie heute Geothermische Energie &#8211; manchmal als eine der demokratischsten Quellen erneuerbarer Energien bezeichnet, da sie auf der ganzen Welt direkt unter der Erdoberfl\u00e4che\" \/>\n<meta property=\"og:url\" content=\"https:\/\/www.strassenweb.de\/nachrichten\/die-zukunft-der-geothermischen-energie\/\" \/>\n<meta property=\"og:site_name\" content=\"Stra\u00dfenweb\" \/>\n<meta property=\"article:publisher\" content=\"https:\/\/www.facebook.com\/strassenweb\/\" \/>\n<meta property=\"article:published_time\" content=\"2025-02-20T12:41:12+00:00\" \/>\n<meta property=\"article:modified_time\" content=\"2025-02-20T12:41:13+00:00\" \/>\n<meta property=\"og:image\" content=\"https:\/\/www.strassenweb.de\/nachrichten\/wp-content\/uploads\/2025\/02\/Die-Zukunft-der-geothermischen-Energie.jpg\" \/>\n\t<meta property=\"og:image:width\" content=\"1000\" \/>\n\t<meta property=\"og:image:height\" content=\"750\" \/>\n\t<meta property=\"og:image:type\" content=\"image\/jpeg\" \/>\n<meta name=\"author\" content=\"Robert Hoffmann\" \/>\n<meta name=\"twitter:card\" content=\"summary_large_image\" \/>\n<meta name=\"twitter:label1\" content=\"Verfasst von\" \/>\n\t<meta name=\"twitter:data1\" content=\"Robert Hoffmann\" \/>\n\t<meta name=\"twitter:label2\" content=\"Gesch\u00e4tzte Lesezeit\" \/>\n\t<meta name=\"twitter:data2\" content=\"2\u00a0Minuten\" \/>\n<script type=\"application\/ld+json\" class=\"yoast-schema-graph\">{\"@context\":\"https:\\\/\\\/schema.org\",\"@graph\":[{\"@type\":\"Article\",\"@id\":\"https:\\\/\\\/www.strassenweb.de\\\/nachrichten\\\/die-zukunft-der-geothermischen-energie\\\/#article\",\"isPartOf\":{\"@id\":\"https:\\\/\\\/www.strassenweb.de\\\/nachrichten\\\/die-zukunft-der-geothermischen-energie\\\/\"},\"author\":{\"name\":\"Robert Hoffmann\",\"@id\":\"https:\\\/\\\/www.strassenweb.de\\\/nachrichten\\\/#\\\/schema\\\/person\\\/87c9c9067f1211da429a744dc5a5aa41\"},\"headline\":\"Die Zukunft der geothermischen Energie\",\"datePublished\":\"2025-02-20T12:41:12+00:00\",\"dateModified\":\"2025-02-20T12:41:13+00:00\",\"mainEntityOfPage\":{\"@id\":\"https:\\\/\\\/www.strassenweb.de\\\/nachrichten\\\/die-zukunft-der-geothermischen-energie\\\/\"},\"wordCount\":484,\"publisher\":{\"@id\":\"https:\\\/\\\/www.strassenweb.de\\\/nachrichten\\\/#organization\"},\"image\":{\"@id\":\"https:\\\/\\\/www.strassenweb.de\\\/nachrichten\\\/die-zukunft-der-geothermischen-energie\\\/#primaryimage\"},\"thumbnailUrl\":\"https:\\\/\\\/www.strassenweb.de\\\/nachrichten\\\/wp-content\\\/uploads\\\/2025\\\/02\\\/Die-Zukunft-der-geothermischen-Energie.jpg\",\"keywords\":[\"der\",\"die\",\"Energie\",\"geothermischen\",\"Zukunft\"],\"articleSection\":[\"Energie\"],\"inLanguage\":\"de\"},{\"@type\":\"WebPage\",\"@id\":\"https:\\\/\\\/www.strassenweb.de\\\/nachrichten\\\/die-zukunft-der-geothermischen-energie\\\/\",\"url\":\"https:\\\/\\\/www.strassenweb.de\\\/nachrichten\\\/die-zukunft-der-geothermischen-energie\\\/\",\"name\":\"Die Zukunft der geothermischen Energie - Nachrichten - Stra\u00dfenweb\",\"isPartOf\":{\"@id\":\"https:\\\/\\\/www.strassenweb.de\\\/nachrichten\\\/#website\"},\"primaryImageOfPage\":{\"@id\":\"https:\\\/\\\/www.strassenweb.de\\\/nachrichten\\\/die-zukunft-der-geothermischen-energie\\\/#primaryimage\"},\"image\":{\"@id\":\"https:\\\/\\\/www.strassenweb.de\\\/nachrichten\\\/die-zukunft-der-geothermischen-energie\\\/#primaryimage\"},\"thumbnailUrl\":\"https:\\\/\\\/www.strassenweb.de\\\/nachrichten\\\/wp-content\\\/uploads\\\/2025\\\/02\\\/Die-Zukunft-der-geothermischen-Energie.jpg\",\"datePublished\":\"2025-02-20T12:41:12+00:00\",\"dateModified\":\"2025-02-20T12:41:13+00:00\",\"breadcrumb\":{\"@id\":\"https:\\\/\\\/www.strassenweb.de\\\/nachrichten\\\/die-zukunft-der-geothermischen-energie\\\/#breadcrumb\"},\"inLanguage\":\"de\",\"potentialAction\":[{\"@type\":\"ReadAction\",\"target\":[\"https:\\\/\\\/www.strassenweb.de\\\/nachrichten\\\/die-zukunft-der-geothermischen-energie\\\/\"]}]},{\"@type\":\"ImageObject\",\"inLanguage\":\"de\",\"@id\":\"https:\\\/\\\/www.strassenweb.de\\\/nachrichten\\\/die-zukunft-der-geothermischen-energie\\\/#primaryimage\",\"url\":\"https:\\\/\\\/www.strassenweb.de\\\/nachrichten\\\/wp-content\\\/uploads\\\/2025\\\/02\\\/Die-Zukunft-der-geothermischen-Energie.jpg\",\"contentUrl\":\"https:\\\/\\\/www.strassenweb.de\\\/nachrichten\\\/wp-content\\\/uploads\\\/2025\\\/02\\\/Die-Zukunft-der-geothermischen-Energie.jpg\",\"width\":1000,\"height\":750,\"caption\":\"Die Zukunft der geothermischen Energie\"},{\"@type\":\"BreadcrumbList\",\"@id\":\"https:\\\/\\\/www.strassenweb.de\\\/nachrichten\\\/die-zukunft-der-geothermischen-energie\\\/#breadcrumb\",\"itemListElement\":[{\"@type\":\"ListItem\",\"position\":1,\"name\":\"Home\",\"item\":\"https:\\\/\\\/www.strassenweb.de\\\/nachrichten\\\/\"},{\"@type\":\"ListItem\",\"position\":2,\"name\":\"Die Zukunft der geothermischen Energie\"}]},{\"@type\":\"WebSite\",\"@id\":\"https:\\\/\\\/www.strassenweb.de\\\/nachrichten\\\/#website\",\"url\":\"https:\\\/\\\/www.strassenweb.de\\\/nachrichten\\\/\",\"name\":\"Stra\u00dfenweb\",\"description\":\"Stra\u00dfenverzeichnis f\u00fcr Deutschland\",\"publisher\":{\"@id\":\"https:\\\/\\\/www.strassenweb.de\\\/nachrichten\\\/#organization\"},\"potentialAction\":[{\"@type\":\"SearchAction\",\"target\":{\"@type\":\"EntryPoint\",\"urlTemplate\":\"https:\\\/\\\/www.strassenweb.de\\\/nachrichten\\\/?s={search_term_string}\"},\"query-input\":{\"@type\":\"PropertyValueSpecification\",\"valueRequired\":true,\"valueName\":\"search_term_string\"}}],\"inLanguage\":\"de\"},{\"@type\":\"Organization\",\"@id\":\"https:\\\/\\\/www.strassenweb.de\\\/nachrichten\\\/#organization\",\"name\":\"Stra\u00dfenweb\",\"url\":\"https:\\\/\\\/www.strassenweb.de\\\/nachrichten\\\/\",\"logo\":{\"@type\":\"ImageObject\",\"inLanguage\":\"de\",\"@id\":\"https:\\\/\\\/www.strassenweb.de\\\/nachrichten\\\/#\\\/schema\\\/logo\\\/image\\\/\",\"url\":\"https:\\\/\\\/www.strassenweb.de\\\/nachrichten\\\/wp-content\\\/uploads\\\/2024\\\/09\\\/cropped-favicon.png\",\"contentUrl\":\"https:\\\/\\\/www.strassenweb.de\\\/nachrichten\\\/wp-content\\\/uploads\\\/2024\\\/09\\\/cropped-favicon.png\",\"width\":512,\"height\":512,\"caption\":\"Stra\u00dfenweb\"},\"image\":{\"@id\":\"https:\\\/\\\/www.strassenweb.de\\\/nachrichten\\\/#\\\/schema\\\/logo\\\/image\\\/\"},\"sameAs\":[\"https:\\\/\\\/www.facebook.com\\\/strassenweb\\\/\"]},{\"@type\":\"Person\",\"@id\":\"https:\\\/\\\/www.strassenweb.de\\\/nachrichten\\\/#\\\/schema\\\/person\\\/87c9c9067f1211da429a744dc5a5aa41\",\"name\":\"Robert Hoffmann\",\"image\":{\"@type\":\"ImageObject\",\"inLanguage\":\"de\",\"@id\":\"https:\\\/\\\/www.strassenweb.de\\\/nachrichten\\\/wp-content\\\/uploads\\\/2024\\\/09\\\/strassenweb-150x150.jpg\",\"url\":\"https:\\\/\\\/www.strassenweb.de\\\/nachrichten\\\/wp-content\\\/uploads\\\/2024\\\/09\\\/strassenweb-150x150.jpg\",\"contentUrl\":\"https:\\\/\\\/www.strassenweb.de\\\/nachrichten\\\/wp-content\\\/uploads\\\/2024\\\/09\\\/strassenweb-150x150.jpg\",\"caption\":\"Robert Hoffmann\"},\"description\":\"Ich hei\u00dfe Robert Hoffmann und ich bin ein leidenschaftlicher Verfechter von \u00d6kologie und Biodiversit\u00e4t. Seit meiner Kindheit in den W\u00e4ldern Bayerns f\u00fchle ich mich mit der Natur verbunden und bin entschlossen, sie zu sch\u00fctzen. Heute widme ich mein Leben der Sensibilisierung anderer f\u00fcr die Bedeutung des Umweltschutzes f\u00fcr zuk\u00fcnftige Generationen.\",\"sameAs\":[\"https:\\\/\\\/www.strassenweb.de\\\/\"]}]}<\/script>\n<!-- \/ Yoast SEO plugin. -->","yoast_head_json":{"title":"Die Zukunft der geothermischen Energie - Nachrichten - Stra\u00dfenweb","robots":{"index":"index","follow":"follow","max-snippet":"max-snippet:-1","max-image-preview":"max-image-preview:large","max-video-preview":"max-video-preview:-1"},"canonical":"https:\/\/www.strassenweb.de\/nachrichten\/die-zukunft-der-geothermischen-energie\/","og_locale":"de_DE","og_type":"article","og_title":"Die Zukunft der geothermischen Energie - Nachrichten - Stra\u00dfenweb","og_description":"Geothermische Energie heute Geothermische Energie &#8211; manchmal als eine der demokratischsten Quellen erneuerbarer Energien bezeichnet, da sie auf der ganzen Welt direkt unter der Erdoberfl\u00e4che","og_url":"https:\/\/www.strassenweb.de\/nachrichten\/die-zukunft-der-geothermischen-energie\/","og_site_name":"Stra\u00dfenweb","article_publisher":"https:\/\/www.facebook.com\/strassenweb\/","article_published_time":"2025-02-20T12:41:12+00:00","article_modified_time":"2025-02-20T12:41:13+00:00","og_image":[{"width":1000,"height":750,"url":"https:\/\/www.strassenweb.de\/nachrichten\/wp-content\/uploads\/2025\/02\/Die-Zukunft-der-geothermischen-Energie.jpg","type":"image\/jpeg"}],"author":"Robert Hoffmann","twitter_card":"summary_large_image","twitter_misc":{"Verfasst von":"Robert Hoffmann","Gesch\u00e4tzte Lesezeit":"2\u00a0Minuten"},"schema":{"@context":"https:\/\/schema.org","@graph":[{"@type":"Article","@id":"https:\/\/www.strassenweb.de\/nachrichten\/die-zukunft-der-geothermischen-energie\/#article","isPartOf":{"@id":"https:\/\/www.strassenweb.de\/nachrichten\/die-zukunft-der-geothermischen-energie\/"},"author":{"name":"Robert Hoffmann","@id":"https:\/\/www.strassenweb.de\/nachrichten\/#\/schema\/person\/87c9c9067f1211da429a744dc5a5aa41"},"headline":"Die Zukunft der geothermischen Energie","datePublished":"2025-02-20T12:41:12+00:00","dateModified":"2025-02-20T12:41:13+00:00","mainEntityOfPage":{"@id":"https:\/\/www.strassenweb.de\/nachrichten\/die-zukunft-der-geothermischen-energie\/"},"wordCount":484,"publisher":{"@id":"https:\/\/www.strassenweb.de\/nachrichten\/#organization"},"image":{"@id":"https:\/\/www.strassenweb.de\/nachrichten\/die-zukunft-der-geothermischen-energie\/#primaryimage"},"thumbnailUrl":"https:\/\/www.strassenweb.de\/nachrichten\/wp-content\/uploads\/2025\/02\/Die-Zukunft-der-geothermischen-Energie.jpg","keywords":["der","die","Energie","geothermischen","Zukunft"],"articleSection":["Energie"],"inLanguage":"de"},{"@type":"WebPage","@id":"https:\/\/www.strassenweb.de\/nachrichten\/die-zukunft-der-geothermischen-energie\/","url":"https:\/\/www.strassenweb.de\/nachrichten\/die-zukunft-der-geothermischen-energie\/","name":"Die Zukunft der geothermischen Energie - Nachrichten - Stra\u00dfenweb","isPartOf":{"@id":"https:\/\/www.strassenweb.de\/nachrichten\/#website"},"primaryImageOfPage":{"@id":"https:\/\/www.strassenweb.de\/nachrichten\/die-zukunft-der-geothermischen-energie\/#primaryimage"},"image":{"@id":"https:\/\/www.strassenweb.de\/nachrichten\/die-zukunft-der-geothermischen-energie\/#primaryimage"},"thumbnailUrl":"https:\/\/www.strassenweb.de\/nachrichten\/wp-content\/uploads\/2025\/02\/Die-Zukunft-der-geothermischen-Energie.jpg","datePublished":"2025-02-20T12:41:12+00:00","dateModified":"2025-02-20T12:41:13+00:00","breadcrumb":{"@id":"https:\/\/www.strassenweb.de\/nachrichten\/die-zukunft-der-geothermischen-energie\/#breadcrumb"},"inLanguage":"de","potentialAction":[{"@type":"ReadAction","target":["https:\/\/www.strassenweb.de\/nachrichten\/die-zukunft-der-geothermischen-energie\/"]}]},{"@type":"ImageObject","inLanguage":"de","@id":"https:\/\/www.strassenweb.de\/nachrichten\/die-zukunft-der-geothermischen-energie\/#primaryimage","url":"https:\/\/www.strassenweb.de\/nachrichten\/wp-content\/uploads\/2025\/02\/Die-Zukunft-der-geothermischen-Energie.jpg","contentUrl":"https:\/\/www.strassenweb.de\/nachrichten\/wp-content\/uploads\/2025\/02\/Die-Zukunft-der-geothermischen-Energie.jpg","width":1000,"height":750,"caption":"Die Zukunft der geothermischen Energie"},{"@type":"BreadcrumbList","@id":"https:\/\/www.strassenweb.de\/nachrichten\/die-zukunft-der-geothermischen-energie\/#breadcrumb","itemListElement":[{"@type":"ListItem","position":1,"name":"Home","item":"https:\/\/www.strassenweb.de\/nachrichten\/"},{"@type":"ListItem","position":2,"name":"Die Zukunft der geothermischen Energie"}]},{"@type":"WebSite","@id":"https:\/\/www.strassenweb.de\/nachrichten\/#website","url":"https:\/\/www.strassenweb.de\/nachrichten\/","name":"Stra\u00dfenweb","description":"Stra\u00dfenverzeichnis f\u00fcr Deutschland","publisher":{"@id":"https:\/\/www.strassenweb.de\/nachrichten\/#organization"},"potentialAction":[{"@type":"SearchAction","target":{"@type":"EntryPoint","urlTemplate":"https:\/\/www.strassenweb.de\/nachrichten\/?s={search_term_string}"},"query-input":{"@type":"PropertyValueSpecification","valueRequired":true,"valueName":"search_term_string"}}],"inLanguage":"de"},{"@type":"Organization","@id":"https:\/\/www.strassenweb.de\/nachrichten\/#organization","name":"Stra\u00dfenweb","url":"https:\/\/www.strassenweb.de\/nachrichten\/","logo":{"@type":"ImageObject","inLanguage":"de","@id":"https:\/\/www.strassenweb.de\/nachrichten\/#\/schema\/logo\/image\/","url":"https:\/\/www.strassenweb.de\/nachrichten\/wp-content\/uploads\/2024\/09\/cropped-favicon.png","contentUrl":"https:\/\/www.strassenweb.de\/nachrichten\/wp-content\/uploads\/2024\/09\/cropped-favicon.png","width":512,"height":512,"caption":"Stra\u00dfenweb"},"image":{"@id":"https:\/\/www.strassenweb.de\/nachrichten\/#\/schema\/logo\/image\/"},"sameAs":["https:\/\/www.facebook.com\/strassenweb\/"]},{"@type":"Person","@id":"https:\/\/www.strassenweb.de\/nachrichten\/#\/schema\/person\/87c9c9067f1211da429a744dc5a5aa41","name":"Robert Hoffmann","image":{"@type":"ImageObject","inLanguage":"de","@id":"https:\/\/www.strassenweb.de\/nachrichten\/wp-content\/uploads\/2024\/09\/strassenweb-150x150.jpg","url":"https:\/\/www.strassenweb.de\/nachrichten\/wp-content\/uploads\/2024\/09\/strassenweb-150x150.jpg","contentUrl":"https:\/\/www.strassenweb.de\/nachrichten\/wp-content\/uploads\/2024\/09\/strassenweb-150x150.jpg","caption":"Robert Hoffmann"},"description":"Ich hei\u00dfe Robert Hoffmann und ich bin ein leidenschaftlicher Verfechter von \u00d6kologie und Biodiversit\u00e4t. Seit meiner Kindheit in den W\u00e4ldern Bayerns f\u00fchle ich mich mit der Natur verbunden und bin entschlossen, sie zu sch\u00fctzen. Heute widme ich mein Leben der Sensibilisierung anderer f\u00fcr die Bedeutung des Umweltschutzes f\u00fcr zuk\u00fcnftige Generationen.","sameAs":["https:\/\/www.strassenweb.de\/"]}]}},"_links":{"self":[{"href":"https:\/\/www.strassenweb.de\/nachrichten\/wp-json\/wp\/v2\/posts\/3439","targetHints":{"allow":["GET"]}}],"collection":[{"href":"https:\/\/www.strassenweb.de\/nachrichten\/wp-json\/wp\/v2\/posts"}],"about":[{"href":"https:\/\/www.strassenweb.de\/nachrichten\/wp-json\/wp\/v2\/types\/post"}],"author":[{"embeddable":true,"href":"https:\/\/www.strassenweb.de\/nachrichten\/wp-json\/wp\/v2\/users\/1"}],"replies":[{"embeddable":true,"href":"https:\/\/www.strassenweb.de\/nachrichten\/wp-json\/wp\/v2\/comments?post=3439"}],"version-history":[{"count":0,"href":"https:\/\/www.strassenweb.de\/nachrichten\/wp-json\/wp\/v2\/posts\/3439\/revisions"}],"wp:featuredmedia":[{"embeddable":true,"href":"https:\/\/www.strassenweb.de\/nachrichten\/wp-json\/wp\/v2\/media\/3440"}],"wp:attachment":[{"href":"https:\/\/www.strassenweb.de\/nachrichten\/wp-json\/wp\/v2\/media?parent=3439"}],"wp:term":[{"taxonomy":"category","embeddable":true,"href":"https:\/\/www.strassenweb.de\/nachrichten\/wp-json\/wp\/v2\/categories?post=3439"},{"taxonomy":"post_tag","embeddable":true,"href":"https:\/\/www.strassenweb.de\/nachrichten\/wp-json\/wp\/v2\/tags?post=3439"}],"curies":[{"name":"wp","href":"https:\/\/api.w.org\/{rel}","templated":true}]}}