{"id":3433,"date":"2025-02-20T09:42:08","date_gmt":"2025-02-20T08:42:08","guid":{"rendered":"https:\/\/www.strassenweb.de\/nachrichten\/ist-eine-waermepumpeabdeckung-erforderlich\/"},"modified":"2025-02-20T09:42:09","modified_gmt":"2025-02-20T08:42:09","slug":"ist-eine-waermepumpeabdeckung-erforderlich","status":"publish","type":"post","link":"https:\/\/www.strassenweb.de\/nachrichten\/ist-eine-waermepumpeabdeckung-erforderlich\/","title":{"rendered":"Ist eine W\u00e4rmepumpeabdeckung erforderlich?"},"content":{"rendered":"<div style=\"\" data-v-30804b50=\"\"><!--(--><\/p>\n<div class=\"wordpress-paragraph\" style=\"--25ab227a:left;\" data-v-c0f9f52b=\"\">\n<p>Wenn sich der kalte Winter n\u00e4hert, \u00fcberlegen viele Hausbesitzer, ob sie ihre W\u00e4rmepumpe bedecken sollen oder nicht. Einige Immobilienbesitzer glauben, dass es unerl\u00e4sslich ist, ihre W\u00e4rmepumpen zu bedecken, um sie vor Schnee, Eis und anderen Tr\u00fcmmern zu sch\u00fctzen. Andere argumentieren, dass die Bedeckung einer W\u00e4rmepumpe mehr Schaden als Nutzen verursachen kann.<\/p>\n<\/div>\n<div class=\"wordpress-paragraph\" style=\"--25ab227a:left;\" data-v-c0f9f52b=\"\">\n<p>Dieser Blog -Beitrag untersucht die Vor- und Nachteile des Schutzes Ihrer W\u00e4rmepumpe und bietet Tipps, um sie im k\u00fchlen Winter sicher zu halten.<\/p>\n<\/div>\n<div class=\"wordpress-image\">\n<figure class=\"wp-block-image size-full No boarder\"><\/figure>\n<\/div>\n<h2 class=\"wp-block-heading\"><strong>Vorteile einer W\u00e4rmepumpenabdeckung<\/strong><\/h2>\n<div class=\"wordpress-paragraph\" style=\"--25ab227a:left;\" data-v-c0f9f52b=\"\">\n<p>W\u00e4rmepumpen sind eine effiziente und vielseitige Heizungs- und K\u00fchll\u00f6sung f\u00fcr H\u00e4user. Es ist wichtig zu beachten, dass nicht alle Arten von Air Source -W\u00e4rmepumpen abgedeckt werden m\u00fcssen, aber sie k\u00f6nnen verschiedene Formen von Vorteilen bieten. <\/p>\n<\/div>\n<div class=\"wordpress-paragraph\" style=\"--25ab227a:left;\" data-v-c0f9f52b=\"\">\n<p>Wenn Sie sicherstellen m\u00f6chten, dass die Langlebigkeit Ihrer W\u00e4rmepumpe eine Abdeckung vor Sch\u00e4den sch\u00fctzt. Eine Abdeckung kann Ihre Einheit effektiv vor rauen Wetterbedingungen und Ablagerungen sch\u00fctzen und die Ansammlung von Eis und Schnee verhindern. Laut IEA -Bericht verbessern W\u00e4rmepumpen die Effizienz Ihres Ger\u00e4ts und verl\u00e4ngern die Lebensdauer Ihrer W\u00e4rmepumpe.<\/p>\n<\/div>\n<div class=\"wordpress-paragraph\" style=\"--25ab227a:left;\" data-v-c0f9f52b=\"\">\n<p>W\u00e4hrend W\u00e4rmepumpenabdeckungen mehrere Vorteile bieten k\u00f6nnen, ist die korrekte Verwendung von entscheidender Bedeutung, um die Besch\u00e4digung Ihres Ger\u00e4ts zu vermeiden. Entfernen Sie die Abdeckung, bevor Sie Ihre W\u00e4rmepumpe oder Kondensatoreinheit erneut ausf\u00fchren. Suchen Sie nach einer atmungsaktiven Abdeckung, die Ihre Einheit vor Schnee, Eis und anderen harten Elementen sch\u00fctzt und gleichzeitig die richtige Funktionsweise erm\u00f6glicht.<\/p>\n<\/div>\n<h2 class=\"wp-block-heading\"><strong>F\u00fcr die Effizienz der W\u00e4rmepumpe<\/strong><\/h2>\n<ul class=\"wordpress-list\" style=\"--ebf5db5c:;\" data-v-2f7eb99b=\"\"><!--(--><!--(--><\/p>\n<li class=\"wordpress-list-item\">\n<strong>Bitte decken Sie die W\u00e4rmepumpe nicht direkt ab.<\/strong> Es ist jetzt unerl\u00e4sslich, es jetzt zu vermeiden, da es den Luftstrom erheblich beeinflussen kann, damit Ihr Ger\u00e4t korrekt funktioniert.\n<\/li>\n<p><!----><!--)--><!--(--><\/p>\n<li class=\"wordpress-list-item\">\n<strong>Verwenden Sie eine atmungsaktive Abdeckung: <\/strong>Suchen Sie nach einer Hitzepumpenabdeckung der Luftquelle, die langlebig, wetterfest und atmungsaktiv ist. Dies wird dazu beitragen, dass Ihr Ger\u00e4t vor Schnee, Eis und anderen harten Elementen sch\u00fctzt und gleichzeitig richtig funktionieren kann.\n<\/li>\n<p><!----><!--)--><!--(--><\/p>\n<li class=\"wordpress-list-item\">\n<strong>Entfernen Sie die Abdeckung, bevor Sie das Ger\u00e4t ausf\u00fchren: <\/strong>Denken Sie daran, die Abdeckung zu entfernen, bevor Sie Ihre Luftquelle W\u00e4rmepumpe oder Kondensatoreinheit erneut ausf\u00fchren, da dies nicht zu tun hat, um diese Heiz- oder K\u00fchlkomponenten \u00fcber die Reparatur hinaus zu besch\u00e4digen.\n<\/li>\n<p><!----><!--)--><!--(--><\/p>\n<li class=\"wordpress-list-item\">\n<strong>Betrachten Sie eine vor\u00fcbergehende Abdeckung: <\/strong>Erw\u00e4gen Sie, Ihre Luftquellenw\u00e4rmepumpe vor\u00fcbergehend zu decken, wenn ein Gefrierniederschlag in der Prognose ist. Dies kann Dellen oder andere physische Sch\u00e4den verhindern, die repariert werden m\u00fcssen, bevor er sicher verwendet werden kann.\n<\/li>\n<p><!----><!--)--><!--)--><\/ul>\n<\/p>\n<h2 class=\"wp-block-heading\"><strong>Der Fall, der eine W\u00e4rmepumpeabdeckung st\u00fctzt<\/strong><\/h2>\n<div class=\"wordpress-paragraph\" style=\"--25ab227a:left;\" data-v-c0f9f52b=\"\">\n<p>Laut einem Experten aus myhome.pro <strong>Luftquelle,<\/strong> <strong>Bodenquelle<\/strong>Anwesend <strong>Pool -W\u00e4rmepumpe<\/strong>Und <strong>Kanalloser Mini-Split<\/strong> Sollte ihre Luftquelle im Winter als Schutzma\u00dfnahme gegen die Elemente abdecken. Sie argumentieren, dass diese Praxis die Einheit vor starken Winden, Hagel und anderen Tr\u00fcmmern sch\u00fctzen kann, die Sch\u00e4den verursachen k\u00f6nnen. Dar\u00fcber hinaus kann das Abdecken der Pumpe den Aufbau von Schnee und Eis auf dem Ger\u00e4t verhindern, wodurch der Effizienz verringert und zu Besch\u00e4digungen f\u00fchren.<\/p>\n<\/div>\n<div class=\"wordpress-paragraph\" style=\"--25ab227a:left;\" data-v-c0f9f52b=\"\">\n<p>Einige glauben sogar, dass es die Lebensdauer der Einheit verl\u00e4ngern kann, indem sie Rost und Korrosion verhindern. Einige Branchenexperten sind sich jedoch nicht einig und behaupten, dass die Abdeckung einer W\u00e4rmepumpe mehr schaden als n\u00fctzt. <\/p>\n<\/div>\n<div class=\"wordpress-image\">\n<figure class=\"wp-block-image size-full No boarder\"><img decoding=\"async\" src=\"https:\/\/www.strassenweb.de\/nachrichten\/wp-content\/uploads\/2025\/02\/1740040928_943_Ist-eine-Waermepumpeabdeckung-erforderlich.png\" alt=\"W\u00e4rmepumpeabdeckung \" class=\"wp-image-75381\"><\/figure>\n<\/div>\n<h3 class=\"wp-block-heading\"><strong>Was tun um Ihre W\u00e4rmepumpe<\/strong><\/h3>\n<ol class=\"wordpress-list\" style=\"--ebf5db5c:;\" data-v-2f7eb99b=\"\"><!--(--><!--(--><\/p>\n<li class=\"wordpress-list-item\">\n<strong>L\u00f6schen Sie den Bereich um die W\u00e4rmepumpe:<\/strong> Stellen Sie sicher, dass es keine Schmutz, Bl\u00e4tter oder Schnee um die W\u00e4rmepumpe gibt. Dadurch wird sichergestellt, dass die W\u00e4rmepumpe ordnungsgem\u00e4\u00df und effizient funktionieren kann.\n<\/li>\n<p><!----><!--)--><!--(--><\/p>\n<li class=\"wordpress-list-item\">\n<strong>Installieren Sie eine Abdeckung f\u00fcr W\u00e4rmepumpen:<\/strong> Wenn Sie Ihre Luftquellen -W\u00e4rmepumpe abdecken m\u00f6chten, verwenden Sie eine speziell f\u00fcr W\u00e4rmepumpen ausgelegte Abdeckung. Dies wird dazu beitragen, es vor den Elementen zu sch\u00fctzen und gleichzeitig die richtige Funktionsweise zu erm\u00f6glichen.\n<\/li>\n<p><!----><!--)--><!--(--><\/p>\n<li class=\"wordpress-list-item\">\n<strong>\u00dcberpr\u00fcfen Sie regelm\u00e4\u00dfig die Abdeckung:<\/strong> Wenn Sie Ihre Luftquellen -W\u00e4rmepumpe abdecken, \u00fcberpr\u00fcfen Sie die Abdeckung auf Sch\u00e4den oder Verschlei\u00df. Eine besch\u00e4digte Abdeckung kann es Feuchtigkeit erm\u00f6glichen, einzusteigen und die W\u00e4rmepumpe zu besch\u00e4digen.\n<\/li>\n<p><!----><!--)--><!--(--><\/p>\n<li class=\"wordpress-list-item\">\n<strong>Einen Fachmann konsultieren:<\/strong> Wenn Sie eine Kl\u00e4rung f\u00fcr die Abdeckung Ihrer Luftquelle -W\u00e4rmepumpe ben\u00f6tigen oder sicherstellen m\u00f6chten, dass sie ausreichend gesch\u00fctzt ist, wenden Sie sich an einen Fachmann. Sie k\u00f6nnen Sie am besten zum Schutz Ihrer W\u00e4rmepumpe f\u00fchren und gleichzeitig effizient funktionieren.\n<\/li>\n<p><!----><!--)--><!--)--><\/ol>\n<div class=\"wordpress-paragraph\" style=\"--25ab227a:left;\" data-v-c0f9f52b=\"\">\n<p>  . Tatyana Dimitrova, fantastische Dienstleistungen<\/p>\n<\/div>\n<h2 class=\"wp-block-heading\"><strong>Das Geh\u00e4use gegen eine W\u00e4rmepumpeabdeckung<\/strong><\/h2>\n<div class=\"wordpress-paragraph\" style=\"--25ab227a:left;\" data-v-c0f9f52b=\"\">\n<p>Einige Personen glauben, dass die Abdeckung der Luftquellenw\u00e4rmepumpe nicht verwendet werden sollte, da sie Feuchtigkeit im Inneren fangen kann, was zum Wachstum von Schimmel und Mehltau f\u00fchrt. Dar\u00fcber hinaus wurde vermutet, dass Abdeckungen den Luftstrom behindern k\u00f6nnen, was dazu f\u00fchrt, dass die Einheit weniger effizient ist und zu erh\u00f6hten Energiekosten f\u00fchrt.<\/p>\n<\/div>\n<div class=\"wordpress-paragraph\" style=\"--25ab227a:left;\" data-v-c0f9f52b=\"\">\n<p>Schlie\u00dflich kann es schwieriger machen, eine Abdeckung des Ger\u00e4ts f\u00fcr Wartung und Reparaturen zug\u00e4nglich zu machen.<\/p>\n<\/div>\n<h3 class=\"wp-block-heading\">Fakten zu beachten<\/h3>\n<ol class=\"wordpress-list\" style=\"--ebf5db5c:;\" data-v-2f7eb99b=\"\"><!--(--><!--(--><\/p>\n<li class=\"wordpress-list-item\">\n<strong>Reduzierte Effizienz:<\/strong> Die Abdeckung einer Luftquelle -W\u00e4rmepumpe kann ihre Effizienz verringern und es schwieriger erm\u00f6glichen, die gew\u00fcnschte Temperatur aufrechtzuerhalten, was zu h\u00f6heren Energiekosten f\u00fchrt\n<\/li>\n<p><!----><!--)--><!--(--><\/p>\n<li class=\"wordpress-list-item\">\n<strong>Sch\u00e4digung der Einheit:<\/strong> Die Abdeckung einer Luftquelle -W\u00e4rmepumpe kann das Ger\u00e4t besch\u00e4digen, beispielsweise durch Einfangen von Feuchtigkeit im Inneren und Rost oder Korrosion\n<\/li>\n<p><!----><!--)--><!--(--><\/p>\n<li class=\"wordpress-list-item\">\n<strong>Sicherheitsrisiken:<\/strong> Die Abdeckung einer W\u00e4rmepumpe kann Sicherheitsrisiken verursachen, z.\n<\/li>\n<p><!----><!--)--><!--(--><\/p>\n<li class=\"wordpress-list-item\">\n<strong>St\u00f6rende Garantie:<\/strong> Die Abdeckung einer W\u00e4rmepumpe kann die Garantie des Herstellers entspannen, da sie als unsachgem\u00e4\u00dfe Verwendung oder Wartung angesehen werden kann\n<\/li>\n<p><!----><!--)--><!--(--><\/p>\n<li class=\"wordpress-list-item\">\n<strong>Reduzierte Lebensdauer:<\/strong> Die Abdeckung einer W\u00e4rmepumpe kann ihre Lebensdauer reduzieren, indem sie unn\u00f6tiges Verschlei\u00df am Ger\u00e4t verursacht\n<\/li>\n<p><!----><!--)--><!--(--><\/p>\n<li class=\"wordpress-list-item\">\n<strong>Reduzierte Heiz-\/K\u00fchlausgabe:<\/strong> Das Abdecken einer W\u00e4rmepumpe kann ihre Heizung oder K\u00fchlleistung verringern, wodurch die Aufrechterhaltung einer bequemen Temperatur im Haus weniger effektiv ist\n<\/li>\n<p><!----><!--)--><!--(--><\/p>\n<li class=\"wordpress-list-item\">\n<strong>Erh\u00f6htes Rauschen:<\/strong> Die Abdeckung einer W\u00e4rmepumpe kann den Ger\u00e4uschpegel des Ger\u00e4ts erh\u00f6hen, da die Abdeckung vibrieren oder andere Ger\u00e4uschprobleme verursachen kann\n<\/li>\n<p><!----><!--)--><!--)--><\/ol>\n<div class=\"wordpress-paragraph\" style=\"--25ab227a:left;\" data-v-c0f9f52b=\"\">\n<p>        Rick Sun, HLK -Techniker <\/p>\n<\/div>\n<h2 class=\"wp-block-heading\"><strong>Der Mittelweg<\/strong><\/h2>\n<div class=\"wordpress-paragraph\" style=\"--25ab227a:left;\" data-v-c0f9f52b=\"\">\n<p>W\u00e4hrend die Debatte \u00fcber die Air Source -W\u00e4rmepumpe eingeschaltet wird, k\u00f6nnen Hausbesitzer einige Kompromisse eingehen. Laut einem anderen Experten Mike Grijalva Sacramento Plumbing wird beispielsweise die W\u00e4rmepumpenabdeckung ausdr\u00fccklich gestaltet. Dies erm\u00f6glicht einen ordnungsgem\u00e4\u00dfen Luftstrom und kann ohne Einschr\u00e4nkung der Effizienz sch\u00fctzen.<\/p>\n<\/div>\n<div class=\"wordpress-paragraph\" style=\"--25ab227a:left;\" data-v-c0f9f52b=\"\">\n<p>Dar\u00fcber hinaus k\u00f6nnen Hausbesitzer Schritte unternehmen, um ihre Luftquellenw\u00e4rmepumpe ohne Abdeckung zu sch\u00fctzen. Dies kann durch die R\u00e4umung von Schnee und Tr\u00fcmmern um das Ger\u00e4t und das Trimmen der Vegetation in der N\u00e4he erfolgen.<\/p>\n<\/div>\n<div class=\"wordpress-paragraph\" style=\"--25ab227a:left;\" data-v-c0f9f52b=\"\">\n<p>Die W\u00e4rmepumpe funktioniert am besten und spart Energie, wenn sie sauber ist. Obwohl die meisten Pumpen der Hitzeluftquelle je nach Standort extremem Wetter standhalten, konsultieren Sie am besten einen Experten. <\/p>\n<\/div>\n<div class=\"wordpress-paragraph\" style=\"--25ab227a:left;\" data-v-c0f9f52b=\"\">\n<p>Hausbesitzer sollten sich f\u00fcr Covers entscheiden, die ausdr\u00fccklich f\u00fcr W\u00e4rmepumpen hergestellt wurden, um eine ordnungsgem\u00e4\u00dfe Bel\u00fcftung zu gew\u00e4hrleisten. Diese Abdeckungen umfassen h\u00e4ufig eingebaute Bel\u00fcftungs- oder Luftstroml\u00f6cher. Nach den Empfehlungen des Herstellers und der Vermeidung der Behinderung der Luftaufnahme und der Auslassorte ist entscheidend.<\/p>\n<\/div>\n<div class=\"wordpress-paragraph\" style=\"--25ab227a:left;\" data-v-c0f9f52b=\"\">\n<p>Schlie\u00dflich ist anzumerken, dass die meisten W\u00e4rmepumpenabdeckungen teuer sein k\u00f6nnen, mit typischen Kosten von von <strong>\u00a3 400 &#8211; \u00a3 1.000<\/strong>. Dies h\u00e4ngt von der Kapazit\u00e4t des Ger\u00e4ts ab, die vom Preis der W\u00e4rmepumpeneinheit selbst getrennt ist. Dies ist eine relativ kleine Investition und die potenziellen Reparaturkosten aufgrund von sch\u00e4den durch harten Wetterbedingungen.<\/p>\n<\/div>\n<div class=\"wordpress-paragraph\" style=\"--25ab227a:left;\" data-v-c0f9f52b=\"\">\n<p>Es ist entscheidend, eine langlebige, wetterfeste und atmungsaktive Abdeckung zu w\u00e4hlen, die Ihre Einheit sch\u00fctzt und gleichzeitig die richtige Funktionsweise korrekt erm\u00f6glicht.<\/p>\n<\/div>\n<div class=\"wordpress-image\">\n<figure class=\"wp-block-image size-full No boarder\"><img decoding=\"async\" src=\"https:\/\/www.strassenweb.de\/nachrichten\/wp-content\/uploads\/2025\/02\/1740040928_748_Ist-eine-Waermepumpeabdeckung-erforderlich.png\" alt=\"Sommer- und Winterw\u00e4rmepumpe \" class=\"wp-image-75388\"><\/figure>\n<\/div>\n<h2 class=\"wp-block-heading\"><strong>Tipps zum Schutz Ihrer W\u00e4rmepumpe im Winter<\/strong><\/h2>\n<div class=\"wordpress-paragraph\" style=\"--25ab227a:left;\" data-v-c0f9f52b=\"\">\n<p>Unabh\u00e4ngig davon, ob Sie sich f\u00fcr eine Abdeckung entscheiden oder nicht, k\u00f6nnen Sie mehrere Schritte unternehmen, um Ihre Luftquellenw\u00e4rmepumpe w\u00e4hrend der Wintermonate zu sch\u00fctzen. Dazu geh\u00f6ren:<\/p>\n<\/div>\n<ul class=\"wordpress-list\" style=\"--ebf5db5c:;\" data-v-2f7eb99b=\"\"><!--(--><!--(--><\/p>\n<li class=\"wordpress-list-item\">\n<p>Schnee und Tr\u00fcmmer aus der Einheit l\u00f6schen\n<\/li>\n<p><!----><!--)--><!--(--><\/p>\n<li class=\"wordpress-list-item\">\n<p>Vegetation in der N\u00e4he zur\u00fcckschneiden\n<\/li>\n<p><!----><!--)--><!--(--><\/p>\n<li class=\"wordpress-list-item\">\n<p>Luftzugs regelm\u00e4\u00dfig pr\u00fcfen und ersetzen\n<\/li>\n<p><!----><!--)--><!--(--><\/p>\n<li class=\"wordpress-list-item\">\n<p>Planen der regelm\u00e4\u00dfigen Wartung mit einem lizenzierten HLK -Fachmann\n<\/li>\n<p><!----><!--)--><!--)--><\/ul>\n<\/p>\n<h2 class=\"wp-block-heading\">Die notwendige Vorsichtsma\u00dfnahme einnehmen <\/h2>\n<div class=\"wordpress-paragraph\" style=\"--25ab227a:left;\" data-v-c0f9f52b=\"\">\n<p>Die Entscheidung, Ihre Luftquellen -W\u00e4rmepumpe abzudecken oder nicht, ist eine pers\u00f6nliche, die von mehreren Faktoren abh\u00e4ngt, wie z. B. das Klima, den Standort der Einheit und die Vorlieben des Hausbesitzers. W\u00e4hrend eine Deckung Vorteile wie Schutz vor Abf\u00e4llen und Wettersch\u00e4den bieten kann, kann sie auch Nachteile wie verringerte Effizienz und erh\u00f6hte Wartungskosten aufweisen.<\/p>\n<\/div>\n<div class=\"wordpress-paragraph\" style=\"--25ab227a:left;\" data-v-c0f9f52b=\"\">\n<p>Hausbesitzer sollten die Vor- und Nachteile abw\u00e4gen, bevor sie entscheiden, ob eine W\u00e4rmepumpenabdeckung verwendet werden soll oder nicht, und alternative Schutzmethoden in Betracht ziehen. Unabh\u00e4ngig davon, ob Sie eine Abdeckung verwenden oder nicht, ist es unerl\u00e4sslich, Schritte zum Schutz Ihrer W\u00e4rmepumpe im Winter zu unternehmen, um die Langlebigkeit und Effizienz zu gew\u00e4hrleisten.<\/p>\n<\/div>\n<p><!--)--><\/div>\n","protected":false},"excerpt":{"rendered":"<p>Wenn sich der kalte Winter n\u00e4hert, \u00fcberlegen viele Hausbesitzer, ob sie ihre W\u00e4rmepumpe bedecken sollen oder nicht. Einige Immobilienbesitzer glauben, dass es unerl\u00e4sslich ist, ihre<\/p>\n","protected":false},"author":1,"featured_media":3434,"comment_status":"closed","ping_status":"","sticky":false,"template":"","format":"standard","meta":{"footnotes":""},"categories":[87],"tags":[74,5371,15,5370],"class_list":["post-3433","post","type-post","status-publish","format-standard","has-post-thumbnail","hentry","category-energie","tag-eine","tag-erforderlich","tag-ist","tag-waermepumpeabdeckung","generate-columns","tablet-grid-50","mobile-grid-100","grid-parent","grid-50"],"yoast_head":"<!-- This site is optimized with the Yoast SEO plugin v27.3 - https:\/\/yoast.com\/product\/yoast-seo-wordpress\/ -->\n<title>Ist eine W\u00e4rmepumpeabdeckung erforderlich? - Nachrichten - Stra\u00dfenweb<\/title>\n<meta name=\"robots\" content=\"index, follow, max-snippet:-1, max-image-preview:large, max-video-preview:-1\" \/>\n<link rel=\"canonical\" href=\"https:\/\/www.strassenweb.de\/nachrichten\/ist-eine-waermepumpeabdeckung-erforderlich\/\" \/>\n<meta property=\"og:locale\" content=\"de_DE\" \/>\n<meta property=\"og:type\" content=\"article\" \/>\n<meta property=\"og:title\" content=\"Ist eine W\u00e4rmepumpeabdeckung erforderlich? - Nachrichten - Stra\u00dfenweb\" \/>\n<meta property=\"og:description\" content=\"Wenn sich der kalte Winter n\u00e4hert, \u00fcberlegen viele Hausbesitzer, ob sie ihre W\u00e4rmepumpe bedecken sollen oder nicht. Einige Immobilienbesitzer glauben, dass es unerl\u00e4sslich ist, ihre\" \/>\n<meta property=\"og:url\" content=\"https:\/\/www.strassenweb.de\/nachrichten\/ist-eine-waermepumpeabdeckung-erforderlich\/\" \/>\n<meta property=\"og:site_name\" content=\"Stra\u00dfenweb\" \/>\n<meta property=\"article:publisher\" content=\"https:\/\/www.facebook.com\/strassenweb\/\" \/>\n<meta property=\"article:published_time\" content=\"2025-02-20T08:42:08+00:00\" \/>\n<meta property=\"article:modified_time\" content=\"2025-02-20T08:42:09+00:00\" \/>\n<meta property=\"og:image\" content=\"https:\/\/www.strassenweb.de\/nachrichten\/wp-content\/uploads\/2025\/02\/Ist-eine-Waermepumpeabdeckung-erforderlich.png\" \/>\n\t<meta property=\"og:image:width\" content=\"730\" \/>\n\t<meta property=\"og:image:height\" content=\"330\" \/>\n\t<meta property=\"og:image:type\" content=\"image\/png\" \/>\n<meta name=\"author\" content=\"Robert Hoffmann\" \/>\n<meta name=\"twitter:card\" content=\"summary_large_image\" \/>\n<meta name=\"twitter:label1\" content=\"Verfasst von\" \/>\n\t<meta name=\"twitter:data1\" content=\"Robert Hoffmann\" \/>\n\t<meta name=\"twitter:label2\" content=\"Gesch\u00e4tzte Lesezeit\" \/>\n\t<meta name=\"twitter:data2\" content=\"7\u00a0Minuten\" \/>\n<script type=\"application\/ld+json\" class=\"yoast-schema-graph\">{\"@context\":\"https:\\\/\\\/schema.org\",\"@graph\":[{\"@type\":\"Article\",\"@id\":\"https:\\\/\\\/www.strassenweb.de\\\/nachrichten\\\/ist-eine-waermepumpeabdeckung-erforderlich\\\/#article\",\"isPartOf\":{\"@id\":\"https:\\\/\\\/www.strassenweb.de\\\/nachrichten\\\/ist-eine-waermepumpeabdeckung-erforderlich\\\/\"},\"author\":{\"name\":\"Robert Hoffmann\",\"@id\":\"https:\\\/\\\/www.strassenweb.de\\\/nachrichten\\\/#\\\/schema\\\/person\\\/87c9c9067f1211da429a744dc5a5aa41\"},\"headline\":\"Ist eine W\u00e4rmepumpeabdeckung erforderlich?\",\"datePublished\":\"2025-02-20T08:42:08+00:00\",\"dateModified\":\"2025-02-20T08:42:09+00:00\",\"mainEntityOfPage\":{\"@id\":\"https:\\\/\\\/www.strassenweb.de\\\/nachrichten\\\/ist-eine-waermepumpeabdeckung-erforderlich\\\/\"},\"wordCount\":1448,\"publisher\":{\"@id\":\"https:\\\/\\\/www.strassenweb.de\\\/nachrichten\\\/#organization\"},\"image\":{\"@id\":\"https:\\\/\\\/www.strassenweb.de\\\/nachrichten\\\/ist-eine-waermepumpeabdeckung-erforderlich\\\/#primaryimage\"},\"thumbnailUrl\":\"https:\\\/\\\/www.strassenweb.de\\\/nachrichten\\\/wp-content\\\/uploads\\\/2025\\\/02\\\/Ist-eine-Waermepumpeabdeckung-erforderlich.png\",\"keywords\":[\"eine\",\"erforderlich\",\"ist\",\"W\u00e4rmepumpeabdeckung\"],\"articleSection\":[\"Energie\"],\"inLanguage\":\"de\"},{\"@type\":\"WebPage\",\"@id\":\"https:\\\/\\\/www.strassenweb.de\\\/nachrichten\\\/ist-eine-waermepumpeabdeckung-erforderlich\\\/\",\"url\":\"https:\\\/\\\/www.strassenweb.de\\\/nachrichten\\\/ist-eine-waermepumpeabdeckung-erforderlich\\\/\",\"name\":\"Ist eine W\u00e4rmepumpeabdeckung erforderlich? - Nachrichten - Stra\u00dfenweb\",\"isPartOf\":{\"@id\":\"https:\\\/\\\/www.strassenweb.de\\\/nachrichten\\\/#website\"},\"primaryImageOfPage\":{\"@id\":\"https:\\\/\\\/www.strassenweb.de\\\/nachrichten\\\/ist-eine-waermepumpeabdeckung-erforderlich\\\/#primaryimage\"},\"image\":{\"@id\":\"https:\\\/\\\/www.strassenweb.de\\\/nachrichten\\\/ist-eine-waermepumpeabdeckung-erforderlich\\\/#primaryimage\"},\"thumbnailUrl\":\"https:\\\/\\\/www.strassenweb.de\\\/nachrichten\\\/wp-content\\\/uploads\\\/2025\\\/02\\\/Ist-eine-Waermepumpeabdeckung-erforderlich.png\",\"datePublished\":\"2025-02-20T08:42:08+00:00\",\"dateModified\":\"2025-02-20T08:42:09+00:00\",\"breadcrumb\":{\"@id\":\"https:\\\/\\\/www.strassenweb.de\\\/nachrichten\\\/ist-eine-waermepumpeabdeckung-erforderlich\\\/#breadcrumb\"},\"inLanguage\":\"de\",\"potentialAction\":[{\"@type\":\"ReadAction\",\"target\":[\"https:\\\/\\\/www.strassenweb.de\\\/nachrichten\\\/ist-eine-waermepumpeabdeckung-erforderlich\\\/\"]}]},{\"@type\":\"ImageObject\",\"inLanguage\":\"de\",\"@id\":\"https:\\\/\\\/www.strassenweb.de\\\/nachrichten\\\/ist-eine-waermepumpeabdeckung-erforderlich\\\/#primaryimage\",\"url\":\"https:\\\/\\\/www.strassenweb.de\\\/nachrichten\\\/wp-content\\\/uploads\\\/2025\\\/02\\\/Ist-eine-Waermepumpeabdeckung-erforderlich.png\",\"contentUrl\":\"https:\\\/\\\/www.strassenweb.de\\\/nachrichten\\\/wp-content\\\/uploads\\\/2025\\\/02\\\/Ist-eine-Waermepumpeabdeckung-erforderlich.png\",\"width\":730,\"height\":330,\"caption\":\"Ist eine W\u00e4rmepumpeabdeckung erforderlich?\"},{\"@type\":\"BreadcrumbList\",\"@id\":\"https:\\\/\\\/www.strassenweb.de\\\/nachrichten\\\/ist-eine-waermepumpeabdeckung-erforderlich\\\/#breadcrumb\",\"itemListElement\":[{\"@type\":\"ListItem\",\"position\":1,\"name\":\"Home\",\"item\":\"https:\\\/\\\/www.strassenweb.de\\\/nachrichten\\\/\"},{\"@type\":\"ListItem\",\"position\":2,\"name\":\"Ist eine W\u00e4rmepumpeabdeckung erforderlich?\"}]},{\"@type\":\"WebSite\",\"@id\":\"https:\\\/\\\/www.strassenweb.de\\\/nachrichten\\\/#website\",\"url\":\"https:\\\/\\\/www.strassenweb.de\\\/nachrichten\\\/\",\"name\":\"Stra\u00dfenweb\",\"description\":\"Stra\u00dfenverzeichnis f\u00fcr Deutschland\",\"publisher\":{\"@id\":\"https:\\\/\\\/www.strassenweb.de\\\/nachrichten\\\/#organization\"},\"potentialAction\":[{\"@type\":\"SearchAction\",\"target\":{\"@type\":\"EntryPoint\",\"urlTemplate\":\"https:\\\/\\\/www.strassenweb.de\\\/nachrichten\\\/?s={search_term_string}\"},\"query-input\":{\"@type\":\"PropertyValueSpecification\",\"valueRequired\":true,\"valueName\":\"search_term_string\"}}],\"inLanguage\":\"de\"},{\"@type\":\"Organization\",\"@id\":\"https:\\\/\\\/www.strassenweb.de\\\/nachrichten\\\/#organization\",\"name\":\"Stra\u00dfenweb\",\"url\":\"https:\\\/\\\/www.strassenweb.de\\\/nachrichten\\\/\",\"logo\":{\"@type\":\"ImageObject\",\"inLanguage\":\"de\",\"@id\":\"https:\\\/\\\/www.strassenweb.de\\\/nachrichten\\\/#\\\/schema\\\/logo\\\/image\\\/\",\"url\":\"https:\\\/\\\/www.strassenweb.de\\\/nachrichten\\\/wp-content\\\/uploads\\\/2024\\\/09\\\/cropped-favicon.png\",\"contentUrl\":\"https:\\\/\\\/www.strassenweb.de\\\/nachrichten\\\/wp-content\\\/uploads\\\/2024\\\/09\\\/cropped-favicon.png\",\"width\":512,\"height\":512,\"caption\":\"Stra\u00dfenweb\"},\"image\":{\"@id\":\"https:\\\/\\\/www.strassenweb.de\\\/nachrichten\\\/#\\\/schema\\\/logo\\\/image\\\/\"},\"sameAs\":[\"https:\\\/\\\/www.facebook.com\\\/strassenweb\\\/\"]},{\"@type\":\"Person\",\"@id\":\"https:\\\/\\\/www.strassenweb.de\\\/nachrichten\\\/#\\\/schema\\\/person\\\/87c9c9067f1211da429a744dc5a5aa41\",\"name\":\"Robert Hoffmann\",\"image\":{\"@type\":\"ImageObject\",\"inLanguage\":\"de\",\"@id\":\"https:\\\/\\\/www.strassenweb.de\\\/nachrichten\\\/wp-content\\\/uploads\\\/2024\\\/09\\\/strassenweb-150x150.jpg\",\"url\":\"https:\\\/\\\/www.strassenweb.de\\\/nachrichten\\\/wp-content\\\/uploads\\\/2024\\\/09\\\/strassenweb-150x150.jpg\",\"contentUrl\":\"https:\\\/\\\/www.strassenweb.de\\\/nachrichten\\\/wp-content\\\/uploads\\\/2024\\\/09\\\/strassenweb-150x150.jpg\",\"caption\":\"Robert Hoffmann\"},\"description\":\"Ich hei\u00dfe Robert Hoffmann und ich bin ein leidenschaftlicher Verfechter von \u00d6kologie und Biodiversit\u00e4t. Seit meiner Kindheit in den W\u00e4ldern Bayerns f\u00fchle ich mich mit der Natur verbunden und bin entschlossen, sie zu sch\u00fctzen. Heute widme ich mein Leben der Sensibilisierung anderer f\u00fcr die Bedeutung des Umweltschutzes f\u00fcr zuk\u00fcnftige Generationen.\",\"sameAs\":[\"https:\\\/\\\/www.strassenweb.de\\\/\"]}]}<\/script>\n<!-- \/ Yoast SEO plugin. -->","yoast_head_json":{"title":"Ist eine W\u00e4rmepumpeabdeckung erforderlich? - Nachrichten - Stra\u00dfenweb","robots":{"index":"index","follow":"follow","max-snippet":"max-snippet:-1","max-image-preview":"max-image-preview:large","max-video-preview":"max-video-preview:-1"},"canonical":"https:\/\/www.strassenweb.de\/nachrichten\/ist-eine-waermepumpeabdeckung-erforderlich\/","og_locale":"de_DE","og_type":"article","og_title":"Ist eine W\u00e4rmepumpeabdeckung erforderlich? - Nachrichten - Stra\u00dfenweb","og_description":"Wenn sich der kalte Winter n\u00e4hert, \u00fcberlegen viele Hausbesitzer, ob sie ihre W\u00e4rmepumpe bedecken sollen oder nicht. Einige Immobilienbesitzer glauben, dass es unerl\u00e4sslich ist, ihre","og_url":"https:\/\/www.strassenweb.de\/nachrichten\/ist-eine-waermepumpeabdeckung-erforderlich\/","og_site_name":"Stra\u00dfenweb","article_publisher":"https:\/\/www.facebook.com\/strassenweb\/","article_published_time":"2025-02-20T08:42:08+00:00","article_modified_time":"2025-02-20T08:42:09+00:00","og_image":[{"width":730,"height":330,"url":"https:\/\/www.strassenweb.de\/nachrichten\/wp-content\/uploads\/2025\/02\/Ist-eine-Waermepumpeabdeckung-erforderlich.png","type":"image\/png"}],"author":"Robert Hoffmann","twitter_card":"summary_large_image","twitter_misc":{"Verfasst von":"Robert Hoffmann","Gesch\u00e4tzte Lesezeit":"7\u00a0Minuten"},"schema":{"@context":"https:\/\/schema.org","@graph":[{"@type":"Article","@id":"https:\/\/www.strassenweb.de\/nachrichten\/ist-eine-waermepumpeabdeckung-erforderlich\/#article","isPartOf":{"@id":"https:\/\/www.strassenweb.de\/nachrichten\/ist-eine-waermepumpeabdeckung-erforderlich\/"},"author":{"name":"Robert Hoffmann","@id":"https:\/\/www.strassenweb.de\/nachrichten\/#\/schema\/person\/87c9c9067f1211da429a744dc5a5aa41"},"headline":"Ist eine W\u00e4rmepumpeabdeckung erforderlich?","datePublished":"2025-02-20T08:42:08+00:00","dateModified":"2025-02-20T08:42:09+00:00","mainEntityOfPage":{"@id":"https:\/\/www.strassenweb.de\/nachrichten\/ist-eine-waermepumpeabdeckung-erforderlich\/"},"wordCount":1448,"publisher":{"@id":"https:\/\/www.strassenweb.de\/nachrichten\/#organization"},"image":{"@id":"https:\/\/www.strassenweb.de\/nachrichten\/ist-eine-waermepumpeabdeckung-erforderlich\/#primaryimage"},"thumbnailUrl":"https:\/\/www.strassenweb.de\/nachrichten\/wp-content\/uploads\/2025\/02\/Ist-eine-Waermepumpeabdeckung-erforderlich.png","keywords":["eine","erforderlich","ist","W\u00e4rmepumpeabdeckung"],"articleSection":["Energie"],"inLanguage":"de"},{"@type":"WebPage","@id":"https:\/\/www.strassenweb.de\/nachrichten\/ist-eine-waermepumpeabdeckung-erforderlich\/","url":"https:\/\/www.strassenweb.de\/nachrichten\/ist-eine-waermepumpeabdeckung-erforderlich\/","name":"Ist eine W\u00e4rmepumpeabdeckung erforderlich? - Nachrichten - Stra\u00dfenweb","isPartOf":{"@id":"https:\/\/www.strassenweb.de\/nachrichten\/#website"},"primaryImageOfPage":{"@id":"https:\/\/www.strassenweb.de\/nachrichten\/ist-eine-waermepumpeabdeckung-erforderlich\/#primaryimage"},"image":{"@id":"https:\/\/www.strassenweb.de\/nachrichten\/ist-eine-waermepumpeabdeckung-erforderlich\/#primaryimage"},"thumbnailUrl":"https:\/\/www.strassenweb.de\/nachrichten\/wp-content\/uploads\/2025\/02\/Ist-eine-Waermepumpeabdeckung-erforderlich.png","datePublished":"2025-02-20T08:42:08+00:00","dateModified":"2025-02-20T08:42:09+00:00","breadcrumb":{"@id":"https:\/\/www.strassenweb.de\/nachrichten\/ist-eine-waermepumpeabdeckung-erforderlich\/#breadcrumb"},"inLanguage":"de","potentialAction":[{"@type":"ReadAction","target":["https:\/\/www.strassenweb.de\/nachrichten\/ist-eine-waermepumpeabdeckung-erforderlich\/"]}]},{"@type":"ImageObject","inLanguage":"de","@id":"https:\/\/www.strassenweb.de\/nachrichten\/ist-eine-waermepumpeabdeckung-erforderlich\/#primaryimage","url":"https:\/\/www.strassenweb.de\/nachrichten\/wp-content\/uploads\/2025\/02\/Ist-eine-Waermepumpeabdeckung-erforderlich.png","contentUrl":"https:\/\/www.strassenweb.de\/nachrichten\/wp-content\/uploads\/2025\/02\/Ist-eine-Waermepumpeabdeckung-erforderlich.png","width":730,"height":330,"caption":"Ist eine W\u00e4rmepumpeabdeckung erforderlich?"},{"@type":"BreadcrumbList","@id":"https:\/\/www.strassenweb.de\/nachrichten\/ist-eine-waermepumpeabdeckung-erforderlich\/#breadcrumb","itemListElement":[{"@type":"ListItem","position":1,"name":"Home","item":"https:\/\/www.strassenweb.de\/nachrichten\/"},{"@type":"ListItem","position":2,"name":"Ist eine W\u00e4rmepumpeabdeckung erforderlich?"}]},{"@type":"WebSite","@id":"https:\/\/www.strassenweb.de\/nachrichten\/#website","url":"https:\/\/www.strassenweb.de\/nachrichten\/","name":"Stra\u00dfenweb","description":"Stra\u00dfenverzeichnis f\u00fcr Deutschland","publisher":{"@id":"https:\/\/www.strassenweb.de\/nachrichten\/#organization"},"potentialAction":[{"@type":"SearchAction","target":{"@type":"EntryPoint","urlTemplate":"https:\/\/www.strassenweb.de\/nachrichten\/?s={search_term_string}"},"query-input":{"@type":"PropertyValueSpecification","valueRequired":true,"valueName":"search_term_string"}}],"inLanguage":"de"},{"@type":"Organization","@id":"https:\/\/www.strassenweb.de\/nachrichten\/#organization","name":"Stra\u00dfenweb","url":"https:\/\/www.strassenweb.de\/nachrichten\/","logo":{"@type":"ImageObject","inLanguage":"de","@id":"https:\/\/www.strassenweb.de\/nachrichten\/#\/schema\/logo\/image\/","url":"https:\/\/www.strassenweb.de\/nachrichten\/wp-content\/uploads\/2024\/09\/cropped-favicon.png","contentUrl":"https:\/\/www.strassenweb.de\/nachrichten\/wp-content\/uploads\/2024\/09\/cropped-favicon.png","width":512,"height":512,"caption":"Stra\u00dfenweb"},"image":{"@id":"https:\/\/www.strassenweb.de\/nachrichten\/#\/schema\/logo\/image\/"},"sameAs":["https:\/\/www.facebook.com\/strassenweb\/"]},{"@type":"Person","@id":"https:\/\/www.strassenweb.de\/nachrichten\/#\/schema\/person\/87c9c9067f1211da429a744dc5a5aa41","name":"Robert Hoffmann","image":{"@type":"ImageObject","inLanguage":"de","@id":"https:\/\/www.strassenweb.de\/nachrichten\/wp-content\/uploads\/2024\/09\/strassenweb-150x150.jpg","url":"https:\/\/www.strassenweb.de\/nachrichten\/wp-content\/uploads\/2024\/09\/strassenweb-150x150.jpg","contentUrl":"https:\/\/www.strassenweb.de\/nachrichten\/wp-content\/uploads\/2024\/09\/strassenweb-150x150.jpg","caption":"Robert Hoffmann"},"description":"Ich hei\u00dfe Robert Hoffmann und ich bin ein leidenschaftlicher Verfechter von \u00d6kologie und Biodiversit\u00e4t. Seit meiner Kindheit in den W\u00e4ldern Bayerns f\u00fchle ich mich mit der Natur verbunden und bin entschlossen, sie zu sch\u00fctzen. Heute widme ich mein Leben der Sensibilisierung anderer f\u00fcr die Bedeutung des Umweltschutzes f\u00fcr zuk\u00fcnftige Generationen.","sameAs":["https:\/\/www.strassenweb.de\/"]}]}},"_links":{"self":[{"href":"https:\/\/www.strassenweb.de\/nachrichten\/wp-json\/wp\/v2\/posts\/3433","targetHints":{"allow":["GET"]}}],"collection":[{"href":"https:\/\/www.strassenweb.de\/nachrichten\/wp-json\/wp\/v2\/posts"}],"about":[{"href":"https:\/\/www.strassenweb.de\/nachrichten\/wp-json\/wp\/v2\/types\/post"}],"author":[{"embeddable":true,"href":"https:\/\/www.strassenweb.de\/nachrichten\/wp-json\/wp\/v2\/users\/1"}],"replies":[{"embeddable":true,"href":"https:\/\/www.strassenweb.de\/nachrichten\/wp-json\/wp\/v2\/comments?post=3433"}],"version-history":[{"count":0,"href":"https:\/\/www.strassenweb.de\/nachrichten\/wp-json\/wp\/v2\/posts\/3433\/revisions"}],"wp:featuredmedia":[{"embeddable":true,"href":"https:\/\/www.strassenweb.de\/nachrichten\/wp-json\/wp\/v2\/media\/3434"}],"wp:attachment":[{"href":"https:\/\/www.strassenweb.de\/nachrichten\/wp-json\/wp\/v2\/media?parent=3433"}],"wp:term":[{"taxonomy":"category","embeddable":true,"href":"https:\/\/www.strassenweb.de\/nachrichten\/wp-json\/wp\/v2\/categories?post=3433"},{"taxonomy":"post_tag","embeddable":true,"href":"https:\/\/www.strassenweb.de\/nachrichten\/wp-json\/wp\/v2\/tags?post=3433"}],"curies":[{"name":"wp","href":"https:\/\/api.w.org\/{rel}","templated":true}]}}