{"id":3427,"date":"2025-02-20T05:40:32","date_gmt":"2025-02-20T04:40:32","guid":{"rendered":"https:\/\/www.strassenweb.de\/nachrichten\/6-tipps-um-ihren-wintergarten-in-diesem-sommer-kuehl-zu-halten\/"},"modified":"2025-02-20T05:40:32","modified_gmt":"2025-02-20T04:40:32","slug":"6-tipps-um-ihren-wintergarten-in-diesem-sommer-kuehl-zu-halten","status":"publish","type":"post","link":"https:\/\/www.strassenweb.de\/nachrichten\/6-tipps-um-ihren-wintergarten-in-diesem-sommer-kuehl-zu-halten\/","title":{"rendered":"6 Tipps, um Ihren Wintergarten in diesem Sommer k\u00fchl zu halten"},"content":{"rendered":"<div style=\"\" data-v-30804b50=\"\"><!--(--><\/p>\n<div class=\"wordpress-image\">\n<figure class=\"wp-block-image size-full no-cache\"><\/figure>\n<\/div>\n<div class=\"wordpress-paragraph\" style=\"--25ab227a:left;\" data-v-c0f9f52b=\"\">\n<p>Im Sommer k\u00f6nnen Konservatorien zu hei\u00df werden und verhindern, dass Sie sie genie\u00dfen.<\/p>\n<\/div>\n<div class=\"wordpress-paragraph\" style=\"--25ab227a:left;\" data-v-c0f9f52b=\"\">\n<p>Es gibt verschiedene M\u00f6glichkeiten, ein Wintergarten abzuk\u00fchlen, vom Einrichten von Jalousien bis hin zum Hinzuf\u00fcgen eines K\u00fchlfilms zum Glas, aber am effektivsten ist, dass ein neues Konservatoriumdach installiert ist.<\/p>\n<\/div>\n<div class=\"wordpress-paragraph\" style=\"--25ab227a:left;\" data-v-c0f9f52b=\"\">\n<p>Ein Ersatz -Konservatorium kann Ihr Wintergarten im Sommer nicht nur k\u00fchl halten, sondern im Winter w\u00e4rmer, was dazu beitr\u00e4gt, Ihre Energierechnungen infolgedessen niedrig zu halten.<\/p>\n<\/div>\n<div class=\"wordpress-paragraph\" style=\"--25ab227a:left;\" data-v-c0f9f52b=\"\">\n<p>In diesem Artikel geben wir Ihnen einige Tipps f\u00fcr die K\u00fchlung Ihres Wintergartens und sprechen Sie durch den Ersatz und die Preise f\u00fcr Dachdach. Wenn Sie jedoch nur die Verfolgungsjagd schneiden und mit einem professionellen Installateur sprechen m\u00f6chten, der Ihnen bei Ihrer spezifischen Situation helfen kann, haben wir Sie abgedeckt.<\/p>\n<\/div>\n<div class=\"wordpress-paragraph\" style=\"--25ab227a:left;\" data-v-c0f9f52b=\"\">\n<p>Es kann stressig sein, ein Installateur selbst zu finden, wenn Sie nicht wissen, wonach Sie suchen sollten, und Stunden Ihrer wertvollen Freizeit verschwenden. Hier kommt Strassenweb ins Spiel. Wir haben ein gro\u00dfes Netzwerk qualifizierter Konservatorien -Installateure in ganz Gro\u00dfbritannien. Wir k\u00f6nnen Ihnen schnell bis zu 4 kostenlose, nicht bindende Angebote von Installateuren in Ihrer N\u00e4he zur Verf\u00fcgung stellen. Klicken Sie einfach auf die Schaltfl\u00e4che unten, um jetzt Ihre kostenlosen Angebote zu erhalten, und w\u00e4hlen Sie das beste Angebot.<\/p>\n<\/div>\n<div class=\"cta-block\" style=\"background-image:linear-gradient(to right, #deeefa, #deeefa);--1554cd56:#000;--4f2215c8:#c3e0f3;--147220ca:rgb(68 68 68);--7b28d34a:rgb(255, 111, 0);--09347c9a:#ffffff;--3bc782e2:rgb(148, 148, 148);--67e53659:#deeefa;--e9b1b55c:#deeefa;--5c587492:#3daee2;--454f35ba:#535456;--20c6ad50:#000;--10fda644:#c3e0f3;--e8a5e7c6:rgb(68 68 68);--143b308c:rgb(255, 111, 0);--33169ddc:#ffffff;--947f57de:rgb(148, 148, 148);--388c8c7a:#5f6265;--224b6ae2:#fff;--90c71118:rgb(var(--base-400));--4c846620:rgb(var(--base-200));--70bbd5b2:rgb(var(--base-200));\" data-v-94877ae5=\"\"><\/div>\n<\/p>\n<h2>6 Tipps zum Abk\u00fchlen Ihres Konservatoriums<\/h2>\n<div class=\"wordpress-paragraph\" style=\"--25ab227a:left;\" data-v-c0f9f52b=\"\">\n<p>Wenn Ihr Konservatorium im Sommer zu hei\u00df ist, um sie bequem zu genie\u00dfen, helfen diese 6 coolen Konservatorien:<\/p>\n<\/div>\n<p><!----><\/p>\n<h2>1. Blinds aufstellen<\/h2>\n<div class=\"wordpress-paragraph\" style=\"--25ab227a:left;\" data-v-c0f9f52b=\"\">\n<p>Jalousien k\u00f6nnen nicht nur eine \u00e4sthetisch ansprechende Erg\u00e4nzung zu einem Konservatorium sein, sondern auch eine praktische. Das Blockieren des Sonnenlichts durch Eintritt in den Konservatorium hilft dabei, die Temperatur des Wintergartens erheblich zu senken.<\/p>\n<\/div>\n<div class=\"wordpress-paragraph\" style=\"--25ab227a:left;\" data-v-c0f9f52b=\"\">\n<p>Die Jalousien haben auch den zus\u00e4tzlichen Vorteil, dass im Winter ein wirksamer Isolator ist und das Wintergarten sch\u00f6n und warm h\u00e4lt.<\/p>\n<\/div>\n<h2>2. K\u00fchlfilm zu Glas hinzuf\u00fcgen<\/h2>\n<div class=\"wordpress-paragraph\" style=\"--25ab227a:left;\" data-v-c0f9f52b=\"\">\n<p>Der K\u00fchlfilm ist eine Klebstoffschicht, die zu Glas hinzugef\u00fcgt wird und rund 80% der Sonnenstrahlen vom Konservatorium entfernt ist. Der K\u00fchlfilm reflektiert nicht nur die W\u00e4rme, sondern auch das UV -Licht, was dazu beitr\u00e4gt, Ihre Haut und M\u00f6bel vor Sonnensch\u00e4den zu sch\u00fctzen.<\/p>\n<\/div>\n<div class=\"wordpress-paragraph\" style=\"--25ab227a:left;\" data-v-c0f9f52b=\"\">\n<p>Der K\u00fchlfilm ist eine kosteng\u00fcnstige Option (50 mm f\u00fcr nur 12 \u00a3), die zu bestehenden Wintergartenfenstern hinzugef\u00fcgt werden kann. Aufgrund der H\u00f6he einiger Konservatorien sollten Sie einen Fachmann beauftragen, den Film anzuwenden.<\/p>\n<\/div>\n<h2>3. Die Klimaanlage installieren<\/h2>\n<div class=\"wordpress-paragraph\" style=\"--25ab227a:left;\" data-v-c0f9f52b=\"\">\n<p>Eine der teureren L\u00f6sungen f\u00fcr einen zu hei\u00dfen Konservatorium ist die Einf\u00fchrung eines Klimaanlagensystems. Klimaanlagen sind von rund 400 bis 1.000 GBP erh\u00e4ltlich, und Sie m\u00f6chten m\u00f6glicherweise ein System mit einer doppelten Funktion in Betracht ziehen, was bedeutet, dass es im Winter auch das Wintergarten erhitzen und im Sommer abk\u00fchlen kann.<\/p>\n<\/div>\n<h2>4. W\u00e4hlen Sie weiche, leichte Einrichtungsgegenst\u00e4nde<\/h2>\n<div class=\"wordpress-paragraph\" style=\"--25ab227a:left;\" data-v-c0f9f52b=\"\">\n<p>Es mag \u00fcberraschend klingen, aber die Entscheidungen, die Sie treffen, wenn es um das Innenarchitektur Ihres Konservatoriums geht, wird eine gro\u00dfe Rolle bei der K\u00fchlung des Wintergartens spielen.<\/p>\n<\/div>\n<div class=\"wordpress-paragraph\" style=\"--25ab227a:left;\" data-v-c0f9f52b=\"\">\n<p>Betrachten Sie wei\u00dfe und pastellfarbene Farben an den W\u00e4nden, verwenden Sie leichte, weiche Stoffe und vermeiden Sie Lederm\u00f6bel.<\/p>\n<\/div>\n<h2>5. Bel\u00fcftung erh\u00f6hen<\/h2>\n<div class=\"wordpress-paragraph\" style=\"--25ab227a:left;\" data-v-c0f9f52b=\"\">\n<p>So einfach es auch klingen mag, das \u00d6ffnen der Fenster und T\u00fcren hilft dabei, die Luftzirkulation im Wintergarten zu erh\u00f6hen und es k\u00fchl zu halten.<\/p>\n<\/div>\n<div class=\"wordpress-paragraph\" style=\"--25ab227a:left;\" data-v-c0f9f52b=\"\">\n<p>Vielleicht m\u00f6chten Sie auch Ihre Aufmerksamkeit auf das Dach lenken. Wenn Ihr Konservatorium bereits gebaut wurde, kann die Hinzuf\u00fcgung eines traditionellen Konservatoriums, L\u00fcftungs\u00f6ffnungen oder einem Oberlicht effektive M\u00f6glichkeiten sein, Ihr Wintergarten k\u00fchl zu halten.<\/p>\n<\/div>\n<div class=\"wordpress-paragraph\" style=\"--25ab227a:left;\" data-v-c0f9f52b=\"\">\n<p>Das vollst\u00e4ndige Ersetzen des Daches ist jedoch m\u00f6glicherweise der beste Weg, um im Sommer einen Wintergartenk\u00fchl zu halten.<\/p>\n<\/div>\n<h2>6. Ersetzen Sie Ihr Wintergartendach<\/h2>\n<div class=\"wordpress-paragraph\" style=\"--25ab227a:left;\" data-v-c0f9f52b=\"\">\n<p>Wenn Sie all das ausprobiert haben und in den Sommermonaten immer noch nicht in Ihrem Wintergarten sitzen k\u00f6nnen, ohne zu hei\u00df zu werden, m\u00fcssen Sie m\u00f6glicherweise Ihre Aufmerksamkeit auf das Dach des Wintergartens wenden.<\/p>\n<\/div>\n<div class=\"wordpress-paragraph\" style=\"--25ab227a:left;\" data-v-c0f9f52b=\"\">\n<p>Das Ersetzen Ihres aktuellen Konservatoriumsdaches durch ein hochwertiges Dach, das thermische effiziente Materialien bietet, h\u00e4lt es im Sommer k\u00fchl und im Winter w\u00e4rmer.<\/p>\n<\/div>\n<h2>Dachersatz f\u00fcr Konservatorien<\/h2>\n<div class=\"wordpress-paragraph\" style=\"--25ab227a:left;\" data-v-c0f9f52b=\"\">\n<p>Das Ersetzen eines Wintergartendaches mag nach einer teuren M\u00f6glichkeit klingen, um die Temperatur niedrig zu halten, aber es ist erschwinglicher, als Sie vielleicht denken, und es gibt mehrere klare Vorteile:<\/p>\n<\/div>\n<p><!----><\/p>\n<h2>Arten des Wintergartendaches<\/h2>\n<div class=\"wordpress-paragraph\" style=\"--25ab227a:left;\" data-v-c0f9f52b=\"\">\n<p>Es gibt eine Reihe verschiedener Materialien zur Auswahl, wenn es darum geht, ein konservatorisches Dach zu finden, einschlie\u00dflich:<\/p>\n<\/div>\n<p><!----><\/p>\n<div class=\"wordpress-paragraph\" style=\"--25ab227a:left;\" data-v-c0f9f52b=\"\">\n<p>Wenn Ihr Wintergarten zu hei\u00df ist, kann das Wintergartendach wahrscheinlich entweder Glas oder Poly-Carbonat haben, da beide Sonnenlicht durchlaufen lassen.<\/p>\n<\/div>\n<div class=\"wordpress-paragraph\" style=\"--25ab227a:left;\" data-v-c0f9f52b=\"\">\n<p>Fliesen, Schiefer und Verbundplatten tragen dazu bei, das Sonnenlicht fernzuhalten und infolgedessen den Wintergartenk\u00fchler als ein Wintergartendach mit Glasscheiben zu machen.<\/p>\n<\/div>\n<h2>Dachpreise f\u00fcr konservatorische Dach<\/h2>\n<div class=\"wordpress-paragraph\" style=\"--25ab227a:left;\" data-v-c0f9f52b=\"\">\n<p>Das Ersetzen Ihres Winterg\u00e4rtungsdaches durch eine durch eine energieeffiziente Isolierung kann dazu beitragen, den Komfort zu erh\u00f6hen und gleichzeitig Ihre Energierechnungen zu reduzieren.<\/p>\n<\/div>\n<div class=\"wordpress-paragraph\" style=\"--25ab227a:left;\" data-v-c0f9f52b=\"\">\n<p>Der Preis f\u00fcr ein Wintergartendach h\u00e4ngt von der Art des Wintergartens, der Gr\u00f6\u00dfe des Konservatoriums und der Art des verwendeten Materials ab. All diese Faktoren k\u00f6nnten den Preis von rund 2.000 bis zu \u00a3 10.000 dehnen.<\/p>\n<\/div>\n<div class=\"wordpress-paragraph\" style=\"--25ab227a:left;\" data-v-c0f9f52b=\"\">\n<p>Zus\u00e4tzlich zum Preis des Konservatoriums selbst m\u00fcssen Sie die Installationskosten ber\u00fccksichtigen. Um den bestm\u00f6glichen Preis zu erhalten, empfehlen wir dringend, mehrere Angebote zu vergleichen, und wir k\u00f6nnen Ihnen helfen, sie zu finden.<\/p>\n<\/div>\n<h2>Kostenlose Zitate f\u00fcr konservatorische Dachinstallation<\/h2>\n<div class=\"wordpress-paragraph\" style=\"--25ab227a:left;\" data-v-c0f9f52b=\"\">\n<p>Um kostenlose Zitate ohne Unterbrechung f\u00fcr ein neues Konservatorium zu finden, ben\u00f6tigen Sie ein paar Minuten, um ein einfaches Online-Formular auszuf\u00fcllen. Sie werden von bis zu 3 erfahrenen und seri\u00f6sen Installateuren in Ihrer Region kontaktiert, die jeweils kostenlose Angebote bereitstellen. Sobald Sie die Zitate haben, k\u00f6nnen Sie sie vergleichen und das am meisten wettbewerbsf\u00e4hige Installateur einstellen.<\/p>\n<\/div>\n<div class=\"cta-block\" style=\"background-image:linear-gradient(to right, #deeefa, #deeefa);--1554cd56:#000;--4f2215c8:#c3e0f3;--147220ca:rgb(68 68 68);--7b28d34a:rgb(255, 111, 0);--09347c9a:#ffffff;--3bc782e2:rgb(148, 148, 148);--67e53659:#deeefa;--e9b1b55c:#deeefa;--5c587492:#3daee2;--454f35ba:#535456;--20c6ad50:#000;--10fda644:#c3e0f3;--e8a5e7c6:rgb(68 68 68);--143b308c:rgb(255, 111, 0);--33169ddc:#ffffff;--947f57de:rgb(148, 148, 148);--388c8c7a:#5f6265;--224b6ae2:#fff;--90c71118:rgb(var(--base-400));--4c846620:rgb(var(--base-200));--70bbd5b2:rgb(var(--base-200));\" data-v-94877ae5=\"\"><\/div>\n<p><!--)--><\/div>\n","protected":false},"excerpt":{"rendered":"<p>Im Sommer k\u00f6nnen Konservatorien zu hei\u00df werden und verhindern, dass Sie sie genie\u00dfen. Es gibt verschiedene M\u00f6glichkeiten, ein Wintergarten abzuk\u00fchlen, vom Einrichten von Jalousien bis<\/p>\n","protected":false},"author":1,"featured_media":3428,"comment_status":"closed","ping_status":"","sticky":false,"template":"","format":"standard","meta":{"footnotes":""},"categories":[87],"tags":[32,720,325,5366,385,1701,568],"class_list":["post-3427","post","type-post","status-publish","format-standard","has-post-thumbnail","hentry","category-energie","tag-diesem","tag-halten","tag-ihren","tag-kuehl","tag-sommer","tag-tipps","tag-wintergarten","generate-columns","tablet-grid-50","mobile-grid-100","grid-parent","grid-50"],"yoast_head":"<!-- This site is optimized with the Yoast SEO plugin v27.3 - https:\/\/yoast.com\/product\/yoast-seo-wordpress\/ -->\n<title>6 Tipps, um Ihren Wintergarten in diesem Sommer k\u00fchl zu halten - Nachrichten - Stra\u00dfenweb<\/title>\n<meta name=\"robots\" content=\"index, follow, max-snippet:-1, max-image-preview:large, max-video-preview:-1\" \/>\n<link rel=\"canonical\" href=\"https:\/\/www.strassenweb.de\/nachrichten\/6-tipps-um-ihren-wintergarten-in-diesem-sommer-kuehl-zu-halten\/\" \/>\n<meta property=\"og:locale\" content=\"de_DE\" \/>\n<meta property=\"og:type\" content=\"article\" \/>\n<meta property=\"og:title\" content=\"6 Tipps, um Ihren Wintergarten in diesem Sommer k\u00fchl zu halten - Nachrichten - Stra\u00dfenweb\" \/>\n<meta property=\"og:description\" content=\"Im Sommer k\u00f6nnen Konservatorien zu hei\u00df werden und verhindern, dass Sie sie genie\u00dfen. Es gibt verschiedene M\u00f6glichkeiten, ein Wintergarten abzuk\u00fchlen, vom Einrichten von Jalousien bis\" \/>\n<meta property=\"og:url\" content=\"https:\/\/www.strassenweb.de\/nachrichten\/6-tipps-um-ihren-wintergarten-in-diesem-sommer-kuehl-zu-halten\/\" \/>\n<meta property=\"og:site_name\" content=\"Stra\u00dfenweb\" \/>\n<meta property=\"article:publisher\" content=\"https:\/\/www.facebook.com\/strassenweb\/\" \/>\n<meta property=\"article:published_time\" content=\"2025-02-20T04:40:32+00:00\" \/>\n<meta property=\"og:image\" content=\"https:\/\/www.strassenweb.de\/nachrichten\/wp-content\/uploads\/2025\/02\/6-Tipps-um-Ihren-Wintergarten-in-diesem-Sommer-kuehl-zu.jpg\" \/>\n\t<meta property=\"og:image:width\" content=\"813\" \/>\n\t<meta property=\"og:image:height\" content=\"342\" \/>\n\t<meta property=\"og:image:type\" content=\"image\/jpeg\" \/>\n<meta name=\"author\" content=\"Robert Hoffmann\" \/>\n<meta name=\"twitter:card\" content=\"summary_large_image\" \/>\n<meta name=\"twitter:label1\" content=\"Verfasst von\" \/>\n\t<meta name=\"twitter:data1\" content=\"Robert Hoffmann\" \/>\n\t<meta name=\"twitter:label2\" content=\"Gesch\u00e4tzte Lesezeit\" \/>\n\t<meta name=\"twitter:data2\" content=\"5\u00a0Minuten\" \/>\n<script type=\"application\/ld+json\" class=\"yoast-schema-graph\">{\"@context\":\"https:\\\/\\\/schema.org\",\"@graph\":[{\"@type\":\"Article\",\"@id\":\"https:\\\/\\\/www.strassenweb.de\\\/nachrichten\\\/6-tipps-um-ihren-wintergarten-in-diesem-sommer-kuehl-zu-halten\\\/#article\",\"isPartOf\":{\"@id\":\"https:\\\/\\\/www.strassenweb.de\\\/nachrichten\\\/6-tipps-um-ihren-wintergarten-in-diesem-sommer-kuehl-zu-halten\\\/\"},\"author\":{\"name\":\"Robert Hoffmann\",\"@id\":\"https:\\\/\\\/www.strassenweb.de\\\/nachrichten\\\/#\\\/schema\\\/person\\\/87c9c9067f1211da429a744dc5a5aa41\"},\"headline\":\"6 Tipps, um Ihren Wintergarten in diesem Sommer k\u00fchl zu halten\",\"datePublished\":\"2025-02-20T04:40:32+00:00\",\"mainEntityOfPage\":{\"@id\":\"https:\\\/\\\/www.strassenweb.de\\\/nachrichten\\\/6-tipps-um-ihren-wintergarten-in-diesem-sommer-kuehl-zu-halten\\\/\"},\"wordCount\":948,\"publisher\":{\"@id\":\"https:\\\/\\\/www.strassenweb.de\\\/nachrichten\\\/#organization\"},\"image\":{\"@id\":\"https:\\\/\\\/www.strassenweb.de\\\/nachrichten\\\/6-tipps-um-ihren-wintergarten-in-diesem-sommer-kuehl-zu-halten\\\/#primaryimage\"},\"thumbnailUrl\":\"https:\\\/\\\/www.strassenweb.de\\\/nachrichten\\\/wp-content\\\/uploads\\\/2025\\\/02\\\/6-Tipps-um-Ihren-Wintergarten-in-diesem-Sommer-kuehl-zu.jpg\",\"keywords\":[\"diesem\",\"halten\",\"ihren\",\"k\u00fchl\",\"Sommer\",\"Tipps\",\"Wintergarten\"],\"articleSection\":[\"Energie\"],\"inLanguage\":\"de\"},{\"@type\":\"WebPage\",\"@id\":\"https:\\\/\\\/www.strassenweb.de\\\/nachrichten\\\/6-tipps-um-ihren-wintergarten-in-diesem-sommer-kuehl-zu-halten\\\/\",\"url\":\"https:\\\/\\\/www.strassenweb.de\\\/nachrichten\\\/6-tipps-um-ihren-wintergarten-in-diesem-sommer-kuehl-zu-halten\\\/\",\"name\":\"6 Tipps, um Ihren Wintergarten in diesem Sommer k\u00fchl zu halten - Nachrichten - Stra\u00dfenweb\",\"isPartOf\":{\"@id\":\"https:\\\/\\\/www.strassenweb.de\\\/nachrichten\\\/#website\"},\"primaryImageOfPage\":{\"@id\":\"https:\\\/\\\/www.strassenweb.de\\\/nachrichten\\\/6-tipps-um-ihren-wintergarten-in-diesem-sommer-kuehl-zu-halten\\\/#primaryimage\"},\"image\":{\"@id\":\"https:\\\/\\\/www.strassenweb.de\\\/nachrichten\\\/6-tipps-um-ihren-wintergarten-in-diesem-sommer-kuehl-zu-halten\\\/#primaryimage\"},\"thumbnailUrl\":\"https:\\\/\\\/www.strassenweb.de\\\/nachrichten\\\/wp-content\\\/uploads\\\/2025\\\/02\\\/6-Tipps-um-Ihren-Wintergarten-in-diesem-Sommer-kuehl-zu.jpg\",\"datePublished\":\"2025-02-20T04:40:32+00:00\",\"breadcrumb\":{\"@id\":\"https:\\\/\\\/www.strassenweb.de\\\/nachrichten\\\/6-tipps-um-ihren-wintergarten-in-diesem-sommer-kuehl-zu-halten\\\/#breadcrumb\"},\"inLanguage\":\"de\",\"potentialAction\":[{\"@type\":\"ReadAction\",\"target\":[\"https:\\\/\\\/www.strassenweb.de\\\/nachrichten\\\/6-tipps-um-ihren-wintergarten-in-diesem-sommer-kuehl-zu-halten\\\/\"]}]},{\"@type\":\"ImageObject\",\"inLanguage\":\"de\",\"@id\":\"https:\\\/\\\/www.strassenweb.de\\\/nachrichten\\\/6-tipps-um-ihren-wintergarten-in-diesem-sommer-kuehl-zu-halten\\\/#primaryimage\",\"url\":\"https:\\\/\\\/www.strassenweb.de\\\/nachrichten\\\/wp-content\\\/uploads\\\/2025\\\/02\\\/6-Tipps-um-Ihren-Wintergarten-in-diesem-Sommer-kuehl-zu.jpg\",\"contentUrl\":\"https:\\\/\\\/www.strassenweb.de\\\/nachrichten\\\/wp-content\\\/uploads\\\/2025\\\/02\\\/6-Tipps-um-Ihren-Wintergarten-in-diesem-Sommer-kuehl-zu.jpg\",\"width\":813,\"height\":342,\"caption\":\"Keeping your conservatory cool\"},{\"@type\":\"BreadcrumbList\",\"@id\":\"https:\\\/\\\/www.strassenweb.de\\\/nachrichten\\\/6-tipps-um-ihren-wintergarten-in-diesem-sommer-kuehl-zu-halten\\\/#breadcrumb\",\"itemListElement\":[{\"@type\":\"ListItem\",\"position\":1,\"name\":\"Home\",\"item\":\"https:\\\/\\\/www.strassenweb.de\\\/nachrichten\\\/\"},{\"@type\":\"ListItem\",\"position\":2,\"name\":\"6 Tipps, um Ihren Wintergarten in diesem Sommer k\u00fchl zu halten\"}]},{\"@type\":\"WebSite\",\"@id\":\"https:\\\/\\\/www.strassenweb.de\\\/nachrichten\\\/#website\",\"url\":\"https:\\\/\\\/www.strassenweb.de\\\/nachrichten\\\/\",\"name\":\"Stra\u00dfenweb\",\"description\":\"Stra\u00dfenverzeichnis f\u00fcr Deutschland\",\"publisher\":{\"@id\":\"https:\\\/\\\/www.strassenweb.de\\\/nachrichten\\\/#organization\"},\"potentialAction\":[{\"@type\":\"SearchAction\",\"target\":{\"@type\":\"EntryPoint\",\"urlTemplate\":\"https:\\\/\\\/www.strassenweb.de\\\/nachrichten\\\/?s={search_term_string}\"},\"query-input\":{\"@type\":\"PropertyValueSpecification\",\"valueRequired\":true,\"valueName\":\"search_term_string\"}}],\"inLanguage\":\"de\"},{\"@type\":\"Organization\",\"@id\":\"https:\\\/\\\/www.strassenweb.de\\\/nachrichten\\\/#organization\",\"name\":\"Stra\u00dfenweb\",\"url\":\"https:\\\/\\\/www.strassenweb.de\\\/nachrichten\\\/\",\"logo\":{\"@type\":\"ImageObject\",\"inLanguage\":\"de\",\"@id\":\"https:\\\/\\\/www.strassenweb.de\\\/nachrichten\\\/#\\\/schema\\\/logo\\\/image\\\/\",\"url\":\"https:\\\/\\\/www.strassenweb.de\\\/nachrichten\\\/wp-content\\\/uploads\\\/2024\\\/09\\\/cropped-favicon.png\",\"contentUrl\":\"https:\\\/\\\/www.strassenweb.de\\\/nachrichten\\\/wp-content\\\/uploads\\\/2024\\\/09\\\/cropped-favicon.png\",\"width\":512,\"height\":512,\"caption\":\"Stra\u00dfenweb\"},\"image\":{\"@id\":\"https:\\\/\\\/www.strassenweb.de\\\/nachrichten\\\/#\\\/schema\\\/logo\\\/image\\\/\"},\"sameAs\":[\"https:\\\/\\\/www.facebook.com\\\/strassenweb\\\/\"]},{\"@type\":\"Person\",\"@id\":\"https:\\\/\\\/www.strassenweb.de\\\/nachrichten\\\/#\\\/schema\\\/person\\\/87c9c9067f1211da429a744dc5a5aa41\",\"name\":\"Robert Hoffmann\",\"image\":{\"@type\":\"ImageObject\",\"inLanguage\":\"de\",\"@id\":\"https:\\\/\\\/www.strassenweb.de\\\/nachrichten\\\/wp-content\\\/uploads\\\/2024\\\/09\\\/strassenweb-150x150.jpg\",\"url\":\"https:\\\/\\\/www.strassenweb.de\\\/nachrichten\\\/wp-content\\\/uploads\\\/2024\\\/09\\\/strassenweb-150x150.jpg\",\"contentUrl\":\"https:\\\/\\\/www.strassenweb.de\\\/nachrichten\\\/wp-content\\\/uploads\\\/2024\\\/09\\\/strassenweb-150x150.jpg\",\"caption\":\"Robert Hoffmann\"},\"description\":\"Ich hei\u00dfe Robert Hoffmann und ich bin ein leidenschaftlicher Verfechter von \u00d6kologie und Biodiversit\u00e4t. Seit meiner Kindheit in den W\u00e4ldern Bayerns f\u00fchle ich mich mit der Natur verbunden und bin entschlossen, sie zu sch\u00fctzen. Heute widme ich mein Leben der Sensibilisierung anderer f\u00fcr die Bedeutung des Umweltschutzes f\u00fcr zuk\u00fcnftige Generationen.\",\"sameAs\":[\"https:\\\/\\\/www.strassenweb.de\\\/\"]}]}<\/script>\n<!-- \/ Yoast SEO plugin. -->","yoast_head_json":{"title":"6 Tipps, um Ihren Wintergarten in diesem Sommer k\u00fchl zu halten - Nachrichten - Stra\u00dfenweb","robots":{"index":"index","follow":"follow","max-snippet":"max-snippet:-1","max-image-preview":"max-image-preview:large","max-video-preview":"max-video-preview:-1"},"canonical":"https:\/\/www.strassenweb.de\/nachrichten\/6-tipps-um-ihren-wintergarten-in-diesem-sommer-kuehl-zu-halten\/","og_locale":"de_DE","og_type":"article","og_title":"6 Tipps, um Ihren Wintergarten in diesem Sommer k\u00fchl zu halten - Nachrichten - Stra\u00dfenweb","og_description":"Im Sommer k\u00f6nnen Konservatorien zu hei\u00df werden und verhindern, dass Sie sie genie\u00dfen. Es gibt verschiedene M\u00f6glichkeiten, ein Wintergarten abzuk\u00fchlen, vom Einrichten von Jalousien bis","og_url":"https:\/\/www.strassenweb.de\/nachrichten\/6-tipps-um-ihren-wintergarten-in-diesem-sommer-kuehl-zu-halten\/","og_site_name":"Stra\u00dfenweb","article_publisher":"https:\/\/www.facebook.com\/strassenweb\/","article_published_time":"2025-02-20T04:40:32+00:00","og_image":[{"width":813,"height":342,"url":"https:\/\/www.strassenweb.de\/nachrichten\/wp-content\/uploads\/2025\/02\/6-Tipps-um-Ihren-Wintergarten-in-diesem-Sommer-kuehl-zu.jpg","type":"image\/jpeg"}],"author":"Robert Hoffmann","twitter_card":"summary_large_image","twitter_misc":{"Verfasst von":"Robert Hoffmann","Gesch\u00e4tzte Lesezeit":"5\u00a0Minuten"},"schema":{"@context":"https:\/\/schema.org","@graph":[{"@type":"Article","@id":"https:\/\/www.strassenweb.de\/nachrichten\/6-tipps-um-ihren-wintergarten-in-diesem-sommer-kuehl-zu-halten\/#article","isPartOf":{"@id":"https:\/\/www.strassenweb.de\/nachrichten\/6-tipps-um-ihren-wintergarten-in-diesem-sommer-kuehl-zu-halten\/"},"author":{"name":"Robert Hoffmann","@id":"https:\/\/www.strassenweb.de\/nachrichten\/#\/schema\/person\/87c9c9067f1211da429a744dc5a5aa41"},"headline":"6 Tipps, um Ihren Wintergarten in diesem Sommer k\u00fchl zu halten","datePublished":"2025-02-20T04:40:32+00:00","mainEntityOfPage":{"@id":"https:\/\/www.strassenweb.de\/nachrichten\/6-tipps-um-ihren-wintergarten-in-diesem-sommer-kuehl-zu-halten\/"},"wordCount":948,"publisher":{"@id":"https:\/\/www.strassenweb.de\/nachrichten\/#organization"},"image":{"@id":"https:\/\/www.strassenweb.de\/nachrichten\/6-tipps-um-ihren-wintergarten-in-diesem-sommer-kuehl-zu-halten\/#primaryimage"},"thumbnailUrl":"https:\/\/www.strassenweb.de\/nachrichten\/wp-content\/uploads\/2025\/02\/6-Tipps-um-Ihren-Wintergarten-in-diesem-Sommer-kuehl-zu.jpg","keywords":["diesem","halten","ihren","k\u00fchl","Sommer","Tipps","Wintergarten"],"articleSection":["Energie"],"inLanguage":"de"},{"@type":"WebPage","@id":"https:\/\/www.strassenweb.de\/nachrichten\/6-tipps-um-ihren-wintergarten-in-diesem-sommer-kuehl-zu-halten\/","url":"https:\/\/www.strassenweb.de\/nachrichten\/6-tipps-um-ihren-wintergarten-in-diesem-sommer-kuehl-zu-halten\/","name":"6 Tipps, um Ihren Wintergarten in diesem Sommer k\u00fchl zu halten - Nachrichten - Stra\u00dfenweb","isPartOf":{"@id":"https:\/\/www.strassenweb.de\/nachrichten\/#website"},"primaryImageOfPage":{"@id":"https:\/\/www.strassenweb.de\/nachrichten\/6-tipps-um-ihren-wintergarten-in-diesem-sommer-kuehl-zu-halten\/#primaryimage"},"image":{"@id":"https:\/\/www.strassenweb.de\/nachrichten\/6-tipps-um-ihren-wintergarten-in-diesem-sommer-kuehl-zu-halten\/#primaryimage"},"thumbnailUrl":"https:\/\/www.strassenweb.de\/nachrichten\/wp-content\/uploads\/2025\/02\/6-Tipps-um-Ihren-Wintergarten-in-diesem-Sommer-kuehl-zu.jpg","datePublished":"2025-02-20T04:40:32+00:00","breadcrumb":{"@id":"https:\/\/www.strassenweb.de\/nachrichten\/6-tipps-um-ihren-wintergarten-in-diesem-sommer-kuehl-zu-halten\/#breadcrumb"},"inLanguage":"de","potentialAction":[{"@type":"ReadAction","target":["https:\/\/www.strassenweb.de\/nachrichten\/6-tipps-um-ihren-wintergarten-in-diesem-sommer-kuehl-zu-halten\/"]}]},{"@type":"ImageObject","inLanguage":"de","@id":"https:\/\/www.strassenweb.de\/nachrichten\/6-tipps-um-ihren-wintergarten-in-diesem-sommer-kuehl-zu-halten\/#primaryimage","url":"https:\/\/www.strassenweb.de\/nachrichten\/wp-content\/uploads\/2025\/02\/6-Tipps-um-Ihren-Wintergarten-in-diesem-Sommer-kuehl-zu.jpg","contentUrl":"https:\/\/www.strassenweb.de\/nachrichten\/wp-content\/uploads\/2025\/02\/6-Tipps-um-Ihren-Wintergarten-in-diesem-Sommer-kuehl-zu.jpg","width":813,"height":342,"caption":"Keeping your conservatory cool"},{"@type":"BreadcrumbList","@id":"https:\/\/www.strassenweb.de\/nachrichten\/6-tipps-um-ihren-wintergarten-in-diesem-sommer-kuehl-zu-halten\/#breadcrumb","itemListElement":[{"@type":"ListItem","position":1,"name":"Home","item":"https:\/\/www.strassenweb.de\/nachrichten\/"},{"@type":"ListItem","position":2,"name":"6 Tipps, um Ihren Wintergarten in diesem Sommer k\u00fchl zu halten"}]},{"@type":"WebSite","@id":"https:\/\/www.strassenweb.de\/nachrichten\/#website","url":"https:\/\/www.strassenweb.de\/nachrichten\/","name":"Stra\u00dfenweb","description":"Stra\u00dfenverzeichnis f\u00fcr Deutschland","publisher":{"@id":"https:\/\/www.strassenweb.de\/nachrichten\/#organization"},"potentialAction":[{"@type":"SearchAction","target":{"@type":"EntryPoint","urlTemplate":"https:\/\/www.strassenweb.de\/nachrichten\/?s={search_term_string}"},"query-input":{"@type":"PropertyValueSpecification","valueRequired":true,"valueName":"search_term_string"}}],"inLanguage":"de"},{"@type":"Organization","@id":"https:\/\/www.strassenweb.de\/nachrichten\/#organization","name":"Stra\u00dfenweb","url":"https:\/\/www.strassenweb.de\/nachrichten\/","logo":{"@type":"ImageObject","inLanguage":"de","@id":"https:\/\/www.strassenweb.de\/nachrichten\/#\/schema\/logo\/image\/","url":"https:\/\/www.strassenweb.de\/nachrichten\/wp-content\/uploads\/2024\/09\/cropped-favicon.png","contentUrl":"https:\/\/www.strassenweb.de\/nachrichten\/wp-content\/uploads\/2024\/09\/cropped-favicon.png","width":512,"height":512,"caption":"Stra\u00dfenweb"},"image":{"@id":"https:\/\/www.strassenweb.de\/nachrichten\/#\/schema\/logo\/image\/"},"sameAs":["https:\/\/www.facebook.com\/strassenweb\/"]},{"@type":"Person","@id":"https:\/\/www.strassenweb.de\/nachrichten\/#\/schema\/person\/87c9c9067f1211da429a744dc5a5aa41","name":"Robert Hoffmann","image":{"@type":"ImageObject","inLanguage":"de","@id":"https:\/\/www.strassenweb.de\/nachrichten\/wp-content\/uploads\/2024\/09\/strassenweb-150x150.jpg","url":"https:\/\/www.strassenweb.de\/nachrichten\/wp-content\/uploads\/2024\/09\/strassenweb-150x150.jpg","contentUrl":"https:\/\/www.strassenweb.de\/nachrichten\/wp-content\/uploads\/2024\/09\/strassenweb-150x150.jpg","caption":"Robert Hoffmann"},"description":"Ich hei\u00dfe Robert Hoffmann und ich bin ein leidenschaftlicher Verfechter von \u00d6kologie und Biodiversit\u00e4t. Seit meiner Kindheit in den W\u00e4ldern Bayerns f\u00fchle ich mich mit der Natur verbunden und bin entschlossen, sie zu sch\u00fctzen. Heute widme ich mein Leben der Sensibilisierung anderer f\u00fcr die Bedeutung des Umweltschutzes f\u00fcr zuk\u00fcnftige Generationen.","sameAs":["https:\/\/www.strassenweb.de\/"]}]}},"_links":{"self":[{"href":"https:\/\/www.strassenweb.de\/nachrichten\/wp-json\/wp\/v2\/posts\/3427","targetHints":{"allow":["GET"]}}],"collection":[{"href":"https:\/\/www.strassenweb.de\/nachrichten\/wp-json\/wp\/v2\/posts"}],"about":[{"href":"https:\/\/www.strassenweb.de\/nachrichten\/wp-json\/wp\/v2\/types\/post"}],"author":[{"embeddable":true,"href":"https:\/\/www.strassenweb.de\/nachrichten\/wp-json\/wp\/v2\/users\/1"}],"replies":[{"embeddable":true,"href":"https:\/\/www.strassenweb.de\/nachrichten\/wp-json\/wp\/v2\/comments?post=3427"}],"version-history":[{"count":0,"href":"https:\/\/www.strassenweb.de\/nachrichten\/wp-json\/wp\/v2\/posts\/3427\/revisions"}],"wp:featuredmedia":[{"embeddable":true,"href":"https:\/\/www.strassenweb.de\/nachrichten\/wp-json\/wp\/v2\/media\/3428"}],"wp:attachment":[{"href":"https:\/\/www.strassenweb.de\/nachrichten\/wp-json\/wp\/v2\/media?parent=3427"}],"wp:term":[{"taxonomy":"category","embeddable":true,"href":"https:\/\/www.strassenweb.de\/nachrichten\/wp-json\/wp\/v2\/categories?post=3427"},{"taxonomy":"post_tag","embeddable":true,"href":"https:\/\/www.strassenweb.de\/nachrichten\/wp-json\/wp\/v2\/tags?post=3427"}],"curies":[{"name":"wp","href":"https:\/\/api.w.org\/{rel}","templated":true}]}}