{"id":3415,"date":"2025-02-19T19:40:19","date_gmt":"2025-02-19T18:40:19","guid":{"rendered":"https:\/\/www.strassenweb.de\/nachrichten\/audrey-hepburns-geliebte-schweizer-villa-perfection-european-elegance-das-historische-eigentum-ist-fuer-21-millionen-us-dollar-auf-dem-markt\/"},"modified":"2025-02-19T19:40:21","modified_gmt":"2025-02-19T18:40:21","slug":"audrey-hepburns-geliebte-schweizer-villa-perfection-european-elegance-das-historische-eigentum-ist-fuer-21-millionen-us-dollar-auf-dem-markt","status":"publish","type":"post","link":"https:\/\/www.strassenweb.de\/nachrichten\/audrey-hepburns-geliebte-schweizer-villa-perfection-european-elegance-das-historische-eigentum-ist-fuer-21-millionen-us-dollar-auf-dem-markt\/","title":{"rendered":"Audrey Hepburns geliebte Schweizer Villa Perfection European Elegance &#8211; Das historische Eigentum ist f\u00fcr 21 Millionen US -Dollar auf dem Markt"},"content":{"rendered":"<p><\/p>\n<div id=\"article-body\" class=\"article__body \">\n<p>Die klassische Filmlegende Audrey Hepburn ist vielleicht ein Synonym f\u00fcr Hollywood, aber wenn es um ihr Immobilienportfolio geht, lebt ihr Verm\u00e4chtnis in Tolchenaz, Schweiz. Namens<em> La Paisible <\/em>(Das historische Haus in der N\u00e4he des Genfsees des Genfes diente mehr als 30 Jahre, bevor sie dort 1993 starb.<\/p>\n<div id=\"ad-unit-1\" class=\"ad-unit\"><\/div>\n<p>Die Villa aus dem 18. Jahrhundert ist ein architektonisches Juwel, das von Listing Agents Knight Frank als &#8222;eine herausragende Residenz ist eine Seltenheit unter au\u00dfergew\u00f6hnlichen Eigenschaften&#8220; beschrieben. Es enth\u00e4lt eine Auflistung der Klasse 2, was bedeutet, dass es kulturell von Bedeutung ist f\u00fcr sein Design und seine Geschichte &#8211; w\u00e4hrend der Innenraum eine europ\u00e4ische H\u00fctten\u00e4sthetik beherrscht.<\/p>\n<p>Das Hauptgeb\u00e4ude erhielt 2001 eine vollst\u00e4ndige Renovierung, aber \u00dcberreste von Hepburns Geist leben durch den Garten, wo ihr wei\u00dfer Rosenbusch (der ihr vom Modehaus Givenchy) noch heute w\u00e4chst.<\/p>\n<div id=\"desktop-in-article\" class=\"in-article ad-unit\">\n<div id=\"desktop-taboola-mid-article\"><\/div>\n<\/div>\n<div id=\"mobile-in-article\" class=\"in-article ad-unit\">\n<div id=\"mobile-taboola-mid-article\"><\/div>\n<\/div>\n<figure class=\"van-image-figure inline-layout \" data-bordeaux-image-check>\n<div class=\"image-full-width-wrapper\">\n<div class=\"image-widthsetter\" style=\"max-width:2000px;\"><\/div>\n<\/div>\n<\/figure>\n<p>Jenseits der Fassade des Hauses mit gekr\u00fcmmten Dachfliesen, Klettern Ivy und hellblauen Fensterl\u00e4den ist das Innenarchitektur genauso charmant. Das Wohnzimmer zum Beispiel verf\u00fcgt \u00fcber staubig-gr\u00fcn bemalten Holzpaneele, einen Holzkamin, einen gewebten Teppich und Parkettb\u00f6den, um den Raum in den kalten Schweizer Wintern warm zu halten.<\/p>\n<div class=\"van_vid_carousel\">\n<div class=\"van_vid_carousel__padding\">\n<div class=\"van_vid_carousel__container\"><\/div>\n<\/div>\n<\/div>\n<figure class=\"van-image-figure inline-layout \" data-bordeaux-image-check>\n<div class=\"image-full-width-wrapper\">\n<div class=\"image-widthsetter\" style=\"max-width:2000px;\"><\/div>\n<\/div>\n<\/figure>\n<p><u>Berichten zufolge<\/u>Hepburn, dessen Grab auf einem Friedhof in der N\u00e4he ist, dekorierte ihre Wohnr\u00e4ume mit einem gro\u00dfen Klavier und gerahmten Fotos von sich mit ber\u00fchmten Freunden wie Fred Astaire und Frank Sinatra. Sie mochte auch Kunstwerke vom franz\u00f6sischen Maler Balthus.<\/p>\n<div id=\"ad-unit-2\" class=\"ad-unit\"><\/div>\n<figure class=\"van-image-figure inline-layout \" data-bordeaux-image-check>\n<div class=\"image-full-width-wrapper\">\n<div class=\"image-widthsetter\" style=\"max-width:2000px;\"><\/div>\n<\/div>\n<\/figure>\n<p>Die Magenta und die verbrannte orangefarbene Bibliothek bieten einen weiteren Ort zum Entspannen, umgeben von terrakotta-Fliesen und ma\u00dfgeschneiderten wei\u00dfen B\u00fccherregalen, die sich ma\u00dfgeschneidert und doch pers\u00f6nlich anf\u00fchlen. Es erinnert daran, dass die besten Speicherideen auch die sch\u00f6nsten sein k\u00f6nnen, und B\u00fccher sind das einzigartigste Dekor.<\/p>\n<h2 id=\"shop-the-look-3\">Kaufen Sie den Look ein<\/h2>\n<figure class=\"van-image-figure inline-layout \" data-bordeaux-image-check>\n<div class=\"image-full-width-wrapper\">\n<div class=\"image-widthsetter\" style=\"max-width:2000px;\"><\/div>\n<\/div>\n<\/figure>\n<div class=\"product-container hero-product-container product-block-no-wrap\"><\/div>\n<p>Die Wohnk\u00fcche ist vielleicht der modernste Raum in der Villa. Es zeigt reichhaltige blaue Schr\u00e4nke mit deutlich klobigen silbernen Griffen und einer ruhig luxuri\u00f6sen Insel mit marblerischer Weise mit zahlreichen Sitzpl\u00e4tzen.<\/p>\n<div id=\"slice-container-newsletterForm-articleInbodyContent-aAXnHb36KCEathjpc85QDH\" class=\"slice-container newsletter-inbodyContent-slice newsletterForm-articleInbodyContent-aAXnHb36KCEathjpc85QDH slice-container-newsletterForm\"><\/div>\n<figure class=\"van-image-figure inline-layout \" data-bordeaux-image-check>\n<div class=\"image-full-width-wrapper\">\n<div class=\"image-widthsetter\" style=\"max-width:2000px;\"><\/div>\n<\/div>\n<\/figure>\n<p>Insgesamt verf\u00fcgt das Haus mit 21 Zimmern, darunter 12 Schlafzimmer mit einer wundersch\u00f6nen Hauptsuite und acht Badezimmern &#8211; perfekt f\u00fcr einen optimalen Familienkomfort oder jeden, der es liebt, zu veranstalten. In ihrem Schlafzimmer soll Hepburn cremefarbene Seitentische aufbewahren, und hatte ein wei\u00df-blaues Blumen-Baldachin-Bett. Seine ideale S\u00fcdostorientierung sorgt im ganzen Tag \u00fcber ein reichliches nat\u00fcrliches Licht, sieht aber am Morgen besonders atemberaubend aus.<\/p>\n<figure class=\"van-image-figure inline-layout \" data-bordeaux-image-check>\n<div class=\"image-full-width-wrapper\">\n<div class=\"image-widthsetter\" style=\"max-width:2000px;\"><\/div>\n<\/div>\n<\/figure>\n<p>Drau\u00dfen verf\u00fcgt das Anwesen \u00fcber einen pr\u00e4chtigen Park (\u00fcber 16.000 m\u00b2), der mit jahrhundertealten B\u00e4umen, einem beheizten Pool und Platz f\u00fcr Al-Fresco-Essg\u00fcter geschm\u00fcckt ist. Es gibt auch zwei Innenangestellte und Parkpl\u00e4tze im Freien f\u00fcr ungef\u00e4hr 15 Autos.<\/p>\n<figure class=\"van-image-figure inline-layout \" data-bordeaux-image-check>\n<div class=\"image-full-width-wrapper\">\n<div class=\"image-widthsetter\" style=\"max-width:2000px;\"><\/div>\n<\/div>\n<\/figure>\n<p>Alex Koch de Gooreynd, ein Agent bei Knight Frank, h\u00e4lt derzeit die Auflistung.<\/p>\n<hr>\n<aside class=\"hawk-nest\" data-block-type=\"embed\" data-render-type=\"fte\" data-skip=\"dealsy\" data-widget-type=\"seasonal\">\n<div class=\"hawk-master-widget-hawk-base-wrapper\"><\/div>\n<\/aside>\n<\/div>\n","protected":false},"excerpt":{"rendered":"<p>Die klassische Filmlegende Audrey Hepburn ist vielleicht ein Synonym f\u00fcr Hollywood, aber wenn es um ihr Immobilienportfolio geht, lebt ihr Verm\u00e4chtnis in Tolchenaz, Schweiz. Namens<\/p>\n","protected":false},"author":1,"featured_media":3416,"comment_status":"closed","ping_status":"","sticky":false,"template":"","format":"standard","meta":{"footnotes":""},"categories":[118],"tags":[4477,46,112,91,539,5355,5354,5353,55,2503,5349,547,15,567,85,5352,5350,5351],"class_list":["post-3415","post","type-post","status-publish","format-standard","has-post-thumbnail","hentry","category-haus-garten","tag-audrey","tag-auf","tag-das","tag-dem","tag-dollar","tag-eigentum","tag-elegance","tag-european","tag-fuer","tag-geliebte","tag-hepburns","tag-historische","tag-ist","tag-markt","tag-millionen","tag-perfection","tag-schweizer","tag-villa","generate-columns","tablet-grid-50","mobile-grid-100","grid-parent","grid-50"],"yoast_head":"<!-- This site is optimized with the Yoast SEO plugin v27.3 - https:\/\/yoast.com\/product\/yoast-seo-wordpress\/ -->\n<title>Audrey Hepburns geliebte Schweizer Villa Perfection European Elegance - Das historische Eigentum ist f\u00fcr 21 Millionen US -Dollar auf dem Markt - Nachrichten - Stra\u00dfenweb<\/title>\n<meta name=\"robots\" content=\"index, follow, max-snippet:-1, max-image-preview:large, max-video-preview:-1\" \/>\n<link rel=\"canonical\" href=\"https:\/\/www.strassenweb.de\/nachrichten\/audrey-hepburns-geliebte-schweizer-villa-perfection-european-elegance-das-historische-eigentum-ist-fuer-21-millionen-us-dollar-auf-dem-markt\/\" \/>\n<meta property=\"og:locale\" content=\"de_DE\" \/>\n<meta property=\"og:type\" content=\"article\" \/>\n<meta property=\"og:title\" content=\"Audrey Hepburns geliebte Schweizer Villa Perfection European Elegance - Das historische Eigentum ist f\u00fcr 21 Millionen US -Dollar auf dem Markt - Nachrichten - Stra\u00dfenweb\" \/>\n<meta property=\"og:description\" content=\"Die klassische Filmlegende Audrey Hepburn ist vielleicht ein Synonym f\u00fcr Hollywood, aber wenn es um ihr Immobilienportfolio geht, lebt ihr Verm\u00e4chtnis in Tolchenaz, Schweiz. Namens\" \/>\n<meta property=\"og:url\" content=\"https:\/\/www.strassenweb.de\/nachrichten\/audrey-hepburns-geliebte-schweizer-villa-perfection-european-elegance-das-historische-eigentum-ist-fuer-21-millionen-us-dollar-auf-dem-markt\/\" \/>\n<meta property=\"og:site_name\" content=\"Stra\u00dfenweb\" \/>\n<meta property=\"article:publisher\" content=\"https:\/\/www.facebook.com\/strassenweb\/\" \/>\n<meta property=\"article:published_time\" content=\"2025-02-19T18:40:19+00:00\" \/>\n<meta property=\"article:modified_time\" content=\"2025-02-19T18:40:21+00:00\" \/>\n<meta property=\"og:image\" content=\"https:\/\/www.strassenweb.de\/nachrichten\/wp-content\/uploads\/2025\/02\/Audrey-Hepburns-geliebte-Schweizer-Villa-Perfection-European-Elegance-Das.jpg\" \/>\n\t<meta property=\"og:image:width\" content=\"1200\" \/>\n\t<meta property=\"og:image:height\" content=\"1440\" \/>\n\t<meta property=\"og:image:type\" content=\"image\/jpeg\" \/>\n<meta name=\"author\" content=\"Robert Hoffmann\" \/>\n<meta name=\"twitter:card\" content=\"summary_large_image\" \/>\n<meta name=\"twitter:label1\" content=\"Verfasst von\" \/>\n\t<meta name=\"twitter:data1\" content=\"Robert Hoffmann\" \/>\n\t<meta name=\"twitter:label2\" content=\"Gesch\u00e4tzte Lesezeit\" \/>\n\t<meta name=\"twitter:data2\" content=\"2\u00a0Minuten\" \/>\n<script type=\"application\/ld+json\" class=\"yoast-schema-graph\">{\"@context\":\"https:\\\/\\\/schema.org\",\"@graph\":[{\"@type\":\"Article\",\"@id\":\"https:\\\/\\\/www.strassenweb.de\\\/nachrichten\\\/audrey-hepburns-geliebte-schweizer-villa-perfection-european-elegance-das-historische-eigentum-ist-fuer-21-millionen-us-dollar-auf-dem-markt\\\/#article\",\"isPartOf\":{\"@id\":\"https:\\\/\\\/www.strassenweb.de\\\/nachrichten\\\/audrey-hepburns-geliebte-schweizer-villa-perfection-european-elegance-das-historische-eigentum-ist-fuer-21-millionen-us-dollar-auf-dem-markt\\\/\"},\"author\":{\"name\":\"Robert Hoffmann\",\"@id\":\"https:\\\/\\\/www.strassenweb.de\\\/nachrichten\\\/#\\\/schema\\\/person\\\/87c9c9067f1211da429a744dc5a5aa41\"},\"headline\":\"Audrey Hepburns geliebte Schweizer Villa Perfection European Elegance &#8211; Das historische Eigentum ist f\u00fcr 21 Millionen US -Dollar auf dem Markt\",\"datePublished\":\"2025-02-19T18:40:19+00:00\",\"dateModified\":\"2025-02-19T18:40:21+00:00\",\"mainEntityOfPage\":{\"@id\":\"https:\\\/\\\/www.strassenweb.de\\\/nachrichten\\\/audrey-hepburns-geliebte-schweizer-villa-perfection-european-elegance-das-historische-eigentum-ist-fuer-21-millionen-us-dollar-auf-dem-markt\\\/\"},\"wordCount\":476,\"publisher\":{\"@id\":\"https:\\\/\\\/www.strassenweb.de\\\/nachrichten\\\/#organization\"},\"image\":{\"@id\":\"https:\\\/\\\/www.strassenweb.de\\\/nachrichten\\\/audrey-hepburns-geliebte-schweizer-villa-perfection-european-elegance-das-historische-eigentum-ist-fuer-21-millionen-us-dollar-auf-dem-markt\\\/#primaryimage\"},\"thumbnailUrl\":\"https:\\\/\\\/www.strassenweb.de\\\/nachrichten\\\/wp-content\\\/uploads\\\/2025\\\/02\\\/Audrey-Hepburns-geliebte-Schweizer-Villa-Perfection-European-Elegance-Das.jpg\",\"keywords\":[\"Audrey\",\"auf\",\"das\",\"dem\",\"Dollar\",\"Eigentum\",\"Elegance\",\"European\",\"f\u00fcr\",\"geliebte\",\"Hepburns\",\"historische\",\"ist\",\"Markt\",\"Millionen\",\"Perfection\",\"Schweizer\",\"Villa\"],\"articleSection\":[\"Haus &amp; Garten\"],\"inLanguage\":\"de\"},{\"@type\":\"WebPage\",\"@id\":\"https:\\\/\\\/www.strassenweb.de\\\/nachrichten\\\/audrey-hepburns-geliebte-schweizer-villa-perfection-european-elegance-das-historische-eigentum-ist-fuer-21-millionen-us-dollar-auf-dem-markt\\\/\",\"url\":\"https:\\\/\\\/www.strassenweb.de\\\/nachrichten\\\/audrey-hepburns-geliebte-schweizer-villa-perfection-european-elegance-das-historische-eigentum-ist-fuer-21-millionen-us-dollar-auf-dem-markt\\\/\",\"name\":\"Audrey Hepburns geliebte Schweizer Villa Perfection European Elegance - Das historische Eigentum ist f\u00fcr 21 Millionen US -Dollar auf dem Markt - Nachrichten - Stra\u00dfenweb\",\"isPartOf\":{\"@id\":\"https:\\\/\\\/www.strassenweb.de\\\/nachrichten\\\/#website\"},\"primaryImageOfPage\":{\"@id\":\"https:\\\/\\\/www.strassenweb.de\\\/nachrichten\\\/audrey-hepburns-geliebte-schweizer-villa-perfection-european-elegance-das-historische-eigentum-ist-fuer-21-millionen-us-dollar-auf-dem-markt\\\/#primaryimage\"},\"image\":{\"@id\":\"https:\\\/\\\/www.strassenweb.de\\\/nachrichten\\\/audrey-hepburns-geliebte-schweizer-villa-perfection-european-elegance-das-historische-eigentum-ist-fuer-21-millionen-us-dollar-auf-dem-markt\\\/#primaryimage\"},\"thumbnailUrl\":\"https:\\\/\\\/www.strassenweb.de\\\/nachrichten\\\/wp-content\\\/uploads\\\/2025\\\/02\\\/Audrey-Hepburns-geliebte-Schweizer-Villa-Perfection-European-Elegance-Das.jpg\",\"datePublished\":\"2025-02-19T18:40:19+00:00\",\"dateModified\":\"2025-02-19T18:40:21+00:00\",\"breadcrumb\":{\"@id\":\"https:\\\/\\\/www.strassenweb.de\\\/nachrichten\\\/audrey-hepburns-geliebte-schweizer-villa-perfection-european-elegance-das-historische-eigentum-ist-fuer-21-millionen-us-dollar-auf-dem-markt\\\/#breadcrumb\"},\"inLanguage\":\"de\",\"potentialAction\":[{\"@type\":\"ReadAction\",\"target\":[\"https:\\\/\\\/www.strassenweb.de\\\/nachrichten\\\/audrey-hepburns-geliebte-schweizer-villa-perfection-european-elegance-das-historische-eigentum-ist-fuer-21-millionen-us-dollar-auf-dem-markt\\\/\"]}]},{\"@type\":\"ImageObject\",\"inLanguage\":\"de\",\"@id\":\"https:\\\/\\\/www.strassenweb.de\\\/nachrichten\\\/audrey-hepburns-geliebte-schweizer-villa-perfection-european-elegance-das-historische-eigentum-ist-fuer-21-millionen-us-dollar-auf-dem-markt\\\/#primaryimage\",\"url\":\"https:\\\/\\\/www.strassenweb.de\\\/nachrichten\\\/wp-content\\\/uploads\\\/2025\\\/02\\\/Audrey-Hepburns-geliebte-Schweizer-Villa-Perfection-European-Elegance-Das.jpg\",\"contentUrl\":\"https:\\\/\\\/www.strassenweb.de\\\/nachrichten\\\/wp-content\\\/uploads\\\/2025\\\/02\\\/Audrey-Hepburns-geliebte-Schweizer-Villa-Perfection-European-Elegance-Das.jpg\",\"width\":1200,\"height\":1440,\"caption\":\"Audrey Hepburns geliebte Schweizer Villa Perfection European Elegance - Das historische Eigentum ist f\u00fcr 21 Millionen US -Dollar auf dem Markt\"},{\"@type\":\"BreadcrumbList\",\"@id\":\"https:\\\/\\\/www.strassenweb.de\\\/nachrichten\\\/audrey-hepburns-geliebte-schweizer-villa-perfection-european-elegance-das-historische-eigentum-ist-fuer-21-millionen-us-dollar-auf-dem-markt\\\/#breadcrumb\",\"itemListElement\":[{\"@type\":\"ListItem\",\"position\":1,\"name\":\"Home\",\"item\":\"https:\\\/\\\/www.strassenweb.de\\\/nachrichten\\\/\"},{\"@type\":\"ListItem\",\"position\":2,\"name\":\"Audrey Hepburns geliebte Schweizer Villa Perfection European Elegance &#8211; Das historische Eigentum ist f\u00fcr 21 Millionen US -Dollar auf dem Markt\"}]},{\"@type\":\"WebSite\",\"@id\":\"https:\\\/\\\/www.strassenweb.de\\\/nachrichten\\\/#website\",\"url\":\"https:\\\/\\\/www.strassenweb.de\\\/nachrichten\\\/\",\"name\":\"Stra\u00dfenweb\",\"description\":\"Stra\u00dfenverzeichnis f\u00fcr Deutschland\",\"publisher\":{\"@id\":\"https:\\\/\\\/www.strassenweb.de\\\/nachrichten\\\/#organization\"},\"potentialAction\":[{\"@type\":\"SearchAction\",\"target\":{\"@type\":\"EntryPoint\",\"urlTemplate\":\"https:\\\/\\\/www.strassenweb.de\\\/nachrichten\\\/?s={search_term_string}\"},\"query-input\":{\"@type\":\"PropertyValueSpecification\",\"valueRequired\":true,\"valueName\":\"search_term_string\"}}],\"inLanguage\":\"de\"},{\"@type\":\"Organization\",\"@id\":\"https:\\\/\\\/www.strassenweb.de\\\/nachrichten\\\/#organization\",\"name\":\"Stra\u00dfenweb\",\"url\":\"https:\\\/\\\/www.strassenweb.de\\\/nachrichten\\\/\",\"logo\":{\"@type\":\"ImageObject\",\"inLanguage\":\"de\",\"@id\":\"https:\\\/\\\/www.strassenweb.de\\\/nachrichten\\\/#\\\/schema\\\/logo\\\/image\\\/\",\"url\":\"https:\\\/\\\/www.strassenweb.de\\\/nachrichten\\\/wp-content\\\/uploads\\\/2024\\\/09\\\/cropped-favicon.png\",\"contentUrl\":\"https:\\\/\\\/www.strassenweb.de\\\/nachrichten\\\/wp-content\\\/uploads\\\/2024\\\/09\\\/cropped-favicon.png\",\"width\":512,\"height\":512,\"caption\":\"Stra\u00dfenweb\"},\"image\":{\"@id\":\"https:\\\/\\\/www.strassenweb.de\\\/nachrichten\\\/#\\\/schema\\\/logo\\\/image\\\/\"},\"sameAs\":[\"https:\\\/\\\/www.facebook.com\\\/strassenweb\\\/\"]},{\"@type\":\"Person\",\"@id\":\"https:\\\/\\\/www.strassenweb.de\\\/nachrichten\\\/#\\\/schema\\\/person\\\/87c9c9067f1211da429a744dc5a5aa41\",\"name\":\"Robert Hoffmann\",\"image\":{\"@type\":\"ImageObject\",\"inLanguage\":\"de\",\"@id\":\"https:\\\/\\\/www.strassenweb.de\\\/nachrichten\\\/wp-content\\\/uploads\\\/2024\\\/09\\\/strassenweb-150x150.jpg\",\"url\":\"https:\\\/\\\/www.strassenweb.de\\\/nachrichten\\\/wp-content\\\/uploads\\\/2024\\\/09\\\/strassenweb-150x150.jpg\",\"contentUrl\":\"https:\\\/\\\/www.strassenweb.de\\\/nachrichten\\\/wp-content\\\/uploads\\\/2024\\\/09\\\/strassenweb-150x150.jpg\",\"caption\":\"Robert Hoffmann\"},\"description\":\"Ich hei\u00dfe Robert Hoffmann und ich bin ein leidenschaftlicher Verfechter von \u00d6kologie und Biodiversit\u00e4t. Seit meiner Kindheit in den W\u00e4ldern Bayerns f\u00fchle ich mich mit der Natur verbunden und bin entschlossen, sie zu sch\u00fctzen. Heute widme ich mein Leben der Sensibilisierung anderer f\u00fcr die Bedeutung des Umweltschutzes f\u00fcr zuk\u00fcnftige Generationen.\",\"sameAs\":[\"https:\\\/\\\/www.strassenweb.de\\\/\"]}]}<\/script>\n<!-- \/ Yoast SEO plugin. -->","yoast_head_json":{"title":"Audrey Hepburns geliebte Schweizer Villa Perfection European Elegance - Das historische Eigentum ist f\u00fcr 21 Millionen US -Dollar auf dem Markt - Nachrichten - Stra\u00dfenweb","robots":{"index":"index","follow":"follow","max-snippet":"max-snippet:-1","max-image-preview":"max-image-preview:large","max-video-preview":"max-video-preview:-1"},"canonical":"https:\/\/www.strassenweb.de\/nachrichten\/audrey-hepburns-geliebte-schweizer-villa-perfection-european-elegance-das-historische-eigentum-ist-fuer-21-millionen-us-dollar-auf-dem-markt\/","og_locale":"de_DE","og_type":"article","og_title":"Audrey Hepburns geliebte Schweizer Villa Perfection European Elegance - Das historische Eigentum ist f\u00fcr 21 Millionen US -Dollar auf dem Markt - Nachrichten - Stra\u00dfenweb","og_description":"Die klassische Filmlegende Audrey Hepburn ist vielleicht ein Synonym f\u00fcr Hollywood, aber wenn es um ihr Immobilienportfolio geht, lebt ihr Verm\u00e4chtnis in Tolchenaz, Schweiz. Namens","og_url":"https:\/\/www.strassenweb.de\/nachrichten\/audrey-hepburns-geliebte-schweizer-villa-perfection-european-elegance-das-historische-eigentum-ist-fuer-21-millionen-us-dollar-auf-dem-markt\/","og_site_name":"Stra\u00dfenweb","article_publisher":"https:\/\/www.facebook.com\/strassenweb\/","article_published_time":"2025-02-19T18:40:19+00:00","article_modified_time":"2025-02-19T18:40:21+00:00","og_image":[{"width":1200,"height":1440,"url":"https:\/\/www.strassenweb.de\/nachrichten\/wp-content\/uploads\/2025\/02\/Audrey-Hepburns-geliebte-Schweizer-Villa-Perfection-European-Elegance-Das.jpg","type":"image\/jpeg"}],"author":"Robert Hoffmann","twitter_card":"summary_large_image","twitter_misc":{"Verfasst von":"Robert Hoffmann","Gesch\u00e4tzte Lesezeit":"2\u00a0Minuten"},"schema":{"@context":"https:\/\/schema.org","@graph":[{"@type":"Article","@id":"https:\/\/www.strassenweb.de\/nachrichten\/audrey-hepburns-geliebte-schweizer-villa-perfection-european-elegance-das-historische-eigentum-ist-fuer-21-millionen-us-dollar-auf-dem-markt\/#article","isPartOf":{"@id":"https:\/\/www.strassenweb.de\/nachrichten\/audrey-hepburns-geliebte-schweizer-villa-perfection-european-elegance-das-historische-eigentum-ist-fuer-21-millionen-us-dollar-auf-dem-markt\/"},"author":{"name":"Robert Hoffmann","@id":"https:\/\/www.strassenweb.de\/nachrichten\/#\/schema\/person\/87c9c9067f1211da429a744dc5a5aa41"},"headline":"Audrey Hepburns geliebte Schweizer Villa Perfection European Elegance &#8211; Das historische Eigentum ist f\u00fcr 21 Millionen US -Dollar auf dem Markt","datePublished":"2025-02-19T18:40:19+00:00","dateModified":"2025-02-19T18:40:21+00:00","mainEntityOfPage":{"@id":"https:\/\/www.strassenweb.de\/nachrichten\/audrey-hepburns-geliebte-schweizer-villa-perfection-european-elegance-das-historische-eigentum-ist-fuer-21-millionen-us-dollar-auf-dem-markt\/"},"wordCount":476,"publisher":{"@id":"https:\/\/www.strassenweb.de\/nachrichten\/#organization"},"image":{"@id":"https:\/\/www.strassenweb.de\/nachrichten\/audrey-hepburns-geliebte-schweizer-villa-perfection-european-elegance-das-historische-eigentum-ist-fuer-21-millionen-us-dollar-auf-dem-markt\/#primaryimage"},"thumbnailUrl":"https:\/\/www.strassenweb.de\/nachrichten\/wp-content\/uploads\/2025\/02\/Audrey-Hepburns-geliebte-Schweizer-Villa-Perfection-European-Elegance-Das.jpg","keywords":["Audrey","auf","das","dem","Dollar","Eigentum","Elegance","European","f\u00fcr","geliebte","Hepburns","historische","ist","Markt","Millionen","Perfection","Schweizer","Villa"],"articleSection":["Haus &amp; Garten"],"inLanguage":"de"},{"@type":"WebPage","@id":"https:\/\/www.strassenweb.de\/nachrichten\/audrey-hepburns-geliebte-schweizer-villa-perfection-european-elegance-das-historische-eigentum-ist-fuer-21-millionen-us-dollar-auf-dem-markt\/","url":"https:\/\/www.strassenweb.de\/nachrichten\/audrey-hepburns-geliebte-schweizer-villa-perfection-european-elegance-das-historische-eigentum-ist-fuer-21-millionen-us-dollar-auf-dem-markt\/","name":"Audrey Hepburns geliebte Schweizer Villa Perfection European Elegance - Das historische Eigentum ist f\u00fcr 21 Millionen US -Dollar auf dem Markt - Nachrichten - Stra\u00dfenweb","isPartOf":{"@id":"https:\/\/www.strassenweb.de\/nachrichten\/#website"},"primaryImageOfPage":{"@id":"https:\/\/www.strassenweb.de\/nachrichten\/audrey-hepburns-geliebte-schweizer-villa-perfection-european-elegance-das-historische-eigentum-ist-fuer-21-millionen-us-dollar-auf-dem-markt\/#primaryimage"},"image":{"@id":"https:\/\/www.strassenweb.de\/nachrichten\/audrey-hepburns-geliebte-schweizer-villa-perfection-european-elegance-das-historische-eigentum-ist-fuer-21-millionen-us-dollar-auf-dem-markt\/#primaryimage"},"thumbnailUrl":"https:\/\/www.strassenweb.de\/nachrichten\/wp-content\/uploads\/2025\/02\/Audrey-Hepburns-geliebte-Schweizer-Villa-Perfection-European-Elegance-Das.jpg","datePublished":"2025-02-19T18:40:19+00:00","dateModified":"2025-02-19T18:40:21+00:00","breadcrumb":{"@id":"https:\/\/www.strassenweb.de\/nachrichten\/audrey-hepburns-geliebte-schweizer-villa-perfection-european-elegance-das-historische-eigentum-ist-fuer-21-millionen-us-dollar-auf-dem-markt\/#breadcrumb"},"inLanguage":"de","potentialAction":[{"@type":"ReadAction","target":["https:\/\/www.strassenweb.de\/nachrichten\/audrey-hepburns-geliebte-schweizer-villa-perfection-european-elegance-das-historische-eigentum-ist-fuer-21-millionen-us-dollar-auf-dem-markt\/"]}]},{"@type":"ImageObject","inLanguage":"de","@id":"https:\/\/www.strassenweb.de\/nachrichten\/audrey-hepburns-geliebte-schweizer-villa-perfection-european-elegance-das-historische-eigentum-ist-fuer-21-millionen-us-dollar-auf-dem-markt\/#primaryimage","url":"https:\/\/www.strassenweb.de\/nachrichten\/wp-content\/uploads\/2025\/02\/Audrey-Hepburns-geliebte-Schweizer-Villa-Perfection-European-Elegance-Das.jpg","contentUrl":"https:\/\/www.strassenweb.de\/nachrichten\/wp-content\/uploads\/2025\/02\/Audrey-Hepburns-geliebte-Schweizer-Villa-Perfection-European-Elegance-Das.jpg","width":1200,"height":1440,"caption":"Audrey Hepburns geliebte Schweizer Villa Perfection European Elegance - Das historische Eigentum ist f\u00fcr 21 Millionen US -Dollar auf dem Markt"},{"@type":"BreadcrumbList","@id":"https:\/\/www.strassenweb.de\/nachrichten\/audrey-hepburns-geliebte-schweizer-villa-perfection-european-elegance-das-historische-eigentum-ist-fuer-21-millionen-us-dollar-auf-dem-markt\/#breadcrumb","itemListElement":[{"@type":"ListItem","position":1,"name":"Home","item":"https:\/\/www.strassenweb.de\/nachrichten\/"},{"@type":"ListItem","position":2,"name":"Audrey Hepburns geliebte Schweizer Villa Perfection European Elegance &#8211; Das historische Eigentum ist f\u00fcr 21 Millionen US -Dollar auf dem Markt"}]},{"@type":"WebSite","@id":"https:\/\/www.strassenweb.de\/nachrichten\/#website","url":"https:\/\/www.strassenweb.de\/nachrichten\/","name":"Stra\u00dfenweb","description":"Stra\u00dfenverzeichnis f\u00fcr Deutschland","publisher":{"@id":"https:\/\/www.strassenweb.de\/nachrichten\/#organization"},"potentialAction":[{"@type":"SearchAction","target":{"@type":"EntryPoint","urlTemplate":"https:\/\/www.strassenweb.de\/nachrichten\/?s={search_term_string}"},"query-input":{"@type":"PropertyValueSpecification","valueRequired":true,"valueName":"search_term_string"}}],"inLanguage":"de"},{"@type":"Organization","@id":"https:\/\/www.strassenweb.de\/nachrichten\/#organization","name":"Stra\u00dfenweb","url":"https:\/\/www.strassenweb.de\/nachrichten\/","logo":{"@type":"ImageObject","inLanguage":"de","@id":"https:\/\/www.strassenweb.de\/nachrichten\/#\/schema\/logo\/image\/","url":"https:\/\/www.strassenweb.de\/nachrichten\/wp-content\/uploads\/2024\/09\/cropped-favicon.png","contentUrl":"https:\/\/www.strassenweb.de\/nachrichten\/wp-content\/uploads\/2024\/09\/cropped-favicon.png","width":512,"height":512,"caption":"Stra\u00dfenweb"},"image":{"@id":"https:\/\/www.strassenweb.de\/nachrichten\/#\/schema\/logo\/image\/"},"sameAs":["https:\/\/www.facebook.com\/strassenweb\/"]},{"@type":"Person","@id":"https:\/\/www.strassenweb.de\/nachrichten\/#\/schema\/person\/87c9c9067f1211da429a744dc5a5aa41","name":"Robert Hoffmann","image":{"@type":"ImageObject","inLanguage":"de","@id":"https:\/\/www.strassenweb.de\/nachrichten\/wp-content\/uploads\/2024\/09\/strassenweb-150x150.jpg","url":"https:\/\/www.strassenweb.de\/nachrichten\/wp-content\/uploads\/2024\/09\/strassenweb-150x150.jpg","contentUrl":"https:\/\/www.strassenweb.de\/nachrichten\/wp-content\/uploads\/2024\/09\/strassenweb-150x150.jpg","caption":"Robert Hoffmann"},"description":"Ich hei\u00dfe Robert Hoffmann und ich bin ein leidenschaftlicher Verfechter von \u00d6kologie und Biodiversit\u00e4t. Seit meiner Kindheit in den W\u00e4ldern Bayerns f\u00fchle ich mich mit der Natur verbunden und bin entschlossen, sie zu sch\u00fctzen. Heute widme ich mein Leben der Sensibilisierung anderer f\u00fcr die Bedeutung des Umweltschutzes f\u00fcr zuk\u00fcnftige Generationen.","sameAs":["https:\/\/www.strassenweb.de\/"]}]}},"_links":{"self":[{"href":"https:\/\/www.strassenweb.de\/nachrichten\/wp-json\/wp\/v2\/posts\/3415","targetHints":{"allow":["GET"]}}],"collection":[{"href":"https:\/\/www.strassenweb.de\/nachrichten\/wp-json\/wp\/v2\/posts"}],"about":[{"href":"https:\/\/www.strassenweb.de\/nachrichten\/wp-json\/wp\/v2\/types\/post"}],"author":[{"embeddable":true,"href":"https:\/\/www.strassenweb.de\/nachrichten\/wp-json\/wp\/v2\/users\/1"}],"replies":[{"embeddable":true,"href":"https:\/\/www.strassenweb.de\/nachrichten\/wp-json\/wp\/v2\/comments?post=3415"}],"version-history":[{"count":0,"href":"https:\/\/www.strassenweb.de\/nachrichten\/wp-json\/wp\/v2\/posts\/3415\/revisions"}],"wp:featuredmedia":[{"embeddable":true,"href":"https:\/\/www.strassenweb.de\/nachrichten\/wp-json\/wp\/v2\/media\/3416"}],"wp:attachment":[{"href":"https:\/\/www.strassenweb.de\/nachrichten\/wp-json\/wp\/v2\/media?parent=3415"}],"wp:term":[{"taxonomy":"category","embeddable":true,"href":"https:\/\/www.strassenweb.de\/nachrichten\/wp-json\/wp\/v2\/categories?post=3415"},{"taxonomy":"post_tag","embeddable":true,"href":"https:\/\/www.strassenweb.de\/nachrichten\/wp-json\/wp\/v2\/tags?post=3415"}],"curies":[{"name":"wp","href":"https:\/\/api.w.org\/{rel}","templated":true}]}}