{"id":3398,"date":"2025-02-18T19:39:41","date_gmt":"2025-02-18T18:39:41","guid":{"rendered":"https:\/\/www.strassenweb.de\/nachrichten\/amber-lewis-teilt-ihre-drei-einfachen-schritte-fuer-muehelos-stilvolle-regale\/"},"modified":"2025-02-18T19:39:42","modified_gmt":"2025-02-18T18:39:42","slug":"amber-lewis-teilt-ihre-drei-einfachen-schritte-fuer-muehelos-stilvolle-regale","status":"publish","type":"post","link":"https:\/\/www.strassenweb.de\/nachrichten\/amber-lewis-teilt-ihre-drei-einfachen-schritte-fuer-muehelos-stilvolle-regale\/","title":{"rendered":"Amber Lewis teilt ihre drei einfachen Schritte f\u00fcr m\u00fchelos stilvolle Regale"},"content":{"rendered":"<p><\/p>\n<div id=\"article-body\" class=\"article__body \">\n<p>Eine der klassischsten M\u00f6glichkeiten, um ein Zuhause eklektisch zu f\u00fchlen, ist die Pr\u00e4sentation einer kuratierten Sammlung von St\u00fccken. Egal, ob es sich um eine Verbreitung von sinnvollen Ornamenten, einen Stapel B\u00fccher oder eine Gruppe alter Gem\u00e4lde handelt, die gesch\u00e4tzte St\u00fccke zeigen, ist eine ausfallsichere M\u00f6glichkeit, einen Raum charmant und einzigartig anf\u00fchlt.<\/p>\n<div id=\"ad-unit-1\" class=\"ad-unit\"><\/div>\n<p>Regale sind der beste Weg, um Ihre Lieblingsst\u00fccke zu pr\u00e4sentieren, da sie bequem aus dem Weg sind. W\u00e4hrend es viele M\u00f6glichkeiten gibt, Regale zu dekorieren, ist es nicht immer einfach, herauszufinden, wo man anfangen soll. Zum Gl\u00fcck hat die Innenarchitektin Amber Lewis k\u00fcrzlich ihre Anlaufstelle f\u00fcr die Erstellung eines wundersch\u00f6nen Regal-Displays geteilt, das sie &#8222;ein Regal&#8220; bezeichnet.<\/p>\n<aside class=\"hawk-nest\" data-block-type=\"embed\" data-render-type=\"fte\" data-skip=\"dealsy\" data-widget-type=\"seasonal\">\n<div class=\"hawk-master-widget-hawk-base-wrapper\"><\/div>\n<\/aside>\n<p>Amber enth\u00fcllt ihre drei Schritte und l\u00e4sst das Regal -Styling einfach und lustig aussehen.<\/p>\n<div id=\"desktop-in-article\" class=\"in-article ad-unit\">\n<div id=\"desktop-taboola-mid-article\"><\/div>\n<\/div>\n<div id=\"mobile-in-article\" class=\"in-article ad-unit\">\n<div id=\"mobile-taboola-mid-article\"><\/div>\n<\/div>\n<div class=\"instagram-embed\">\n<blockquote class=\"instagram-media\" data-instgrm-captioned data-instgrm-version=\"6\" style=\"width:99.375%; width:-webkit-calc(100% - 2px); width:calc(100% - 2px);\">\n<p>Ein Beitrag, der von Amber Lewis (@amberinteriors) geteilt wird<\/p>\n<p>Ein Foto von on <\/p>\n<\/blockquote>\n<\/div>\n<h3 class=\"article-body__section\" id=\"section-1-create-a-foundation-with-bigger-pieces\"><span>1. Erstellen Sie ein Fundament mit gr\u00f6\u00dferen St\u00fccken<\/span><\/h3>\n<div class=\"instagram-embed\">\n<blockquote class=\"instagram-media\" data-instgrm-captioned data-instgrm-version=\"6\" style=\"width:99.375%; width:-webkit-calc(100% - 2px); width:calc(100% - 2px);\">\n<p>Ein Beitrag, der von Amber Lewis (@amberinteriors) geteilt wird<\/p>\n<p>Ein Foto von on <\/p>\n<\/blockquote>\n<\/div>\n<p>Um ein zusammenh\u00e4ngendes, aber als Regal angesehenes Regal zu schaffen, ist es wichtig, Ihre Teile in Schichten zu gruppieren und sie Schritt f\u00fcr Schritt hinzuzuf\u00fcgen. Amber beginnt ihr Regal -Styling, indem sie sich zuerst f\u00fcr die gr\u00f6\u00dferen Objekte entscheidet und eine \u201egrundlegende\u201c Schicht f\u00fcr das sp\u00e4tere kleinere Dekor erstellt.<\/p>\n<div class=\"van_vid_carousel\">\n<div class=\"van_vid_carousel__padding\">\n<div class=\"van_vid_carousel__container\"><\/div>\n<\/div>\n<\/div>\n<p>Es ist wichtig, zuerst mit gr\u00f6\u00dferen Teilen zu beginnen, damit Sie sich keine Sorgen machen m\u00fcssen, dass es sp\u00e4ter genug Platz f\u00fcr sie gibt. Es ist viel einfacher, Ihre Ornamente hinzuzuf\u00fcgen, sobald dieser Schritt erreicht wurde. &#8222;Wir beginnen normalerweise, gr\u00f6\u00dfere Buchstapel und Kunstwerke als erste und wichtigste Grundschritt zu platzieren&#8220;, sagt Amber.<\/p>\n<div id=\"ad-unit-2\" class=\"ad-unit\"><\/div>\n<p>Amber platziert umrahmte Gem\u00e4lde im hinteren Teil der Regale und schafft eine Kulisse, die hinter den kleineren Teilen steht. Sie verbreitet ihre Bilder um und f\u00fcgt jedem einzelnen Regal eine hinzu. Sie platziert dann einen Stapel B\u00fccher am Ende einer der Reihen, die sich gut neben einem kleinen Verzierung kombinieren wird.<\/p>\n<div class=\"product-container hero-product-container product-block-no-wrap\"><\/div>\n<h3 class=\"article-body__section\" id=\"section-2-create-layers-with-smaller-pieces\"><span>2. Erstellen Sie Schichten mit kleineren Teilen<\/span><\/h3>\n<div class=\"instagram-embed\">\n<blockquote class=\"instagram-media\" data-instgrm-captioned data-instgrm-version=\"6\" style=\"width:99.375%; width:-webkit-calc(100% - 2px); width:calc(100% - 2px);\">\n<p>Ein Beitrag, der von Amber Lewis (@amberinteriors) geteilt wird<\/p>\n<p>Ein Foto von on <\/p>\n<\/blockquote>\n<\/div>\n<p>&#8222;Als n\u00e4chstes schichte ich es auf&#8220;, sagt Amber. \u201eIch mag es, mit kleineren, einzigartigeren St\u00fccken hineinzukommen. Ich achte darauf, Gegenst\u00e4nde unterschiedlicher Formen, H\u00f6hen und Texturen zu verwenden, die dem Augen -Brennpunkte zwischen dem oder wie ich es gepr\u00e4gt habe, das Auge kann durch die Regale pingen und \u00fcberall Harmonie finden. &#8218;<\/p>\n<div id=\"slice-container-newsletterForm-articleInbodyContent-BksM7UdKeAw7eyDJaaxA6L\" class=\"slice-container newsletter-inbodyContent-slice newsletterForm-articleInbodyContent-BksM7UdKeAw7eyDJaaxA6L slice-container-newsletterForm\"><\/div>\n<p>In diesem Schritt haben Sie den gr\u00f6\u00dften Spa\u00df, wenn der gr\u00f6\u00dfte Teil des Stylings passieren wird. Amber geht mit allen Arten von Dekorationen ein, wie z. B. eine Keramikvase, einen Rattankorb und eine Schmuckschachtel, um die L\u00fccken ihrer Regale zu f\u00fcllen und etwas W\u00e4rme und Interesse zu wecken. Hier finden Sie die Dekoration mit Vintage, da es darum geht, in sinnvollen Schmuckst\u00fccke mit Charakter und Individualit\u00e4t zu schlucken. &#8222;Hinzuf\u00fcgen von Vintage -Gef\u00e4\u00dfen, St\u00fchlen oder gr\u00f6\u00dferen Dekor -Objekten, die Tiefe und Dimension hinzuf\u00fcgen, ist, wie wir das Wow in unseren Regalen bekommen&#8220;, erkl\u00e4rt Amber.<\/p>\n<p>Amber nutzt die Koordination, um das Styling zu erleichtern, und f\u00fcgt ihr Dekor nach Gruppe hinzu. \u201eIch neige dazu, in dieser Schichtphase kleinere Gruppierungen zu erstellen. Ich gruppe Elemente \u00e4hnlicher Farben, Texturen oder Formen zusammen, um zus\u00e4tzliches visuelles Interesse und Auswirkungen zu haben \u201c, sagt sie.<\/p>\n<h3 class=\"article-body__section\" id=\"section-3-fill-in-the-gaps\"><span>3. F\u00fcllen Sie die L\u00fccken aus <\/span><\/h3>\n<div class=\"instagram-embed\">\n<blockquote class=\"instagram-media\" data-instgrm-captioned data-instgrm-version=\"6\" style=\"width:99.375%; width:-webkit-calc(100% - 2px); width:calc(100% - 2px);\">\n<p>Ein Beitrag, der von Amber Lewis (@amberinteriors) geteilt wird<\/p>\n<p>Ein Foto von on <\/p>\n<\/blockquote>\n<\/div>\n<p>Um den Look zu beenden, f\u00fcgen Sie kleinere St\u00fccke in die links ab. Diese kleinen Gegenst\u00e4nde f\u00fcllen die leeren Bereiche und achten die Regale und vereinen alle anderen Schichten.<\/p>\n<p>&#8222;Zuletzt f\u00fclle ich die L\u00fccken mit diesen letzten Schliffen wie Blumen und kleinen Schmuckst\u00fccken&#8220;, sagt Amber. Wenn Sie einen warmen, rustikalen Look wie Bernstein entscheiden, sagt sie, dass sie \u201edaran denken, sich daran zu erinnern, dass Farbpaletten neutral bleiben\u201c, da dies sicherstellt, dass der Look zusammenh\u00e4ngend ist.<\/p>\n<p>Egal, ob Sie mit Alcove -Regalen oder K\u00fcchenregalen arbeiten, unabh\u00e4ngig von Ihrem Stil, Amber sagt, es sei wichtig, interessante Gegenst\u00e4nde zu verwenden, die eine Geschichte erz\u00e4hlen, und nehmen Sie sie im Zweifelsfall aus. Im Allgemeinen ist es wahrscheinlich, wenn sich etwas nicht schafft. Denken Sie daran, ab und zu anzuhalten und zur\u00fcckzutreten und Ihre Arbeit zu bewundern. &#8218;<\/p>\n<div class=\"product-container hero-product-container product-block-no-wrap\"><\/div>\n<hr>\n<p>Der Schl\u00fcssel zu Ambers schicken Regalen ist ihre dreistufige Methode, die sich um Schichten dreht. Um ein \u00fcberlegtes, aber interessantes Regal zu erstellen, gruppieren Sie Ihr Dekor in Abschnitte und f\u00fcgen Sie sie gem\u00e4\u00df Gr\u00f6\u00dfe und Typ hinzu.<\/p>\n<\/div>\n<p><script async src=\"\/\/www.instagram.com\/embed.js\"><\/script><\/p>\n","protected":false},"excerpt":{"rendered":"<p>Eine der klassischsten M\u00f6glichkeiten, um ein Zuhause eklektisch zu f\u00fchlen, ist die Pr\u00e4sentation einer kuratierten Sammlung von St\u00fccken. Egal, ob es sich um eine Verbreitung<\/p>\n","protected":false},"author":1,"featured_media":3399,"comment_status":"closed","ping_status":"","sticky":false,"template":"","format":"standard","meta":{"footnotes":""},"categories":[118],"tags":[3386,851,1167,55,225,2533,1909,2911,839,1295,1577],"class_list":["post-3398","post","type-post","status-publish","format-standard","has-post-thumbnail","hentry","category-haus-garten","tag-amber","tag-drei","tag-einfachen","tag-fuer","tag-ihre","tag-lewis","tag-muehelos","tag-regale","tag-schritte","tag-stilvolle","tag-teilt","generate-columns","tablet-grid-50","mobile-grid-100","grid-parent","grid-50"],"yoast_head":"<!-- This site is optimized with the Yoast SEO plugin v27.3 - https:\/\/yoast.com\/product\/yoast-seo-wordpress\/ -->\n<title>Amber Lewis teilt ihre drei einfachen Schritte f\u00fcr m\u00fchelos stilvolle Regale - Nachrichten - Stra\u00dfenweb<\/title>\n<meta name=\"robots\" content=\"index, follow, max-snippet:-1, max-image-preview:large, max-video-preview:-1\" \/>\n<link rel=\"canonical\" href=\"https:\/\/www.strassenweb.de\/nachrichten\/amber-lewis-teilt-ihre-drei-einfachen-schritte-fuer-muehelos-stilvolle-regale\/\" \/>\n<meta property=\"og:locale\" content=\"de_DE\" \/>\n<meta property=\"og:type\" content=\"article\" \/>\n<meta property=\"og:title\" content=\"Amber Lewis teilt ihre drei einfachen Schritte f\u00fcr m\u00fchelos stilvolle Regale - Nachrichten - Stra\u00dfenweb\" \/>\n<meta property=\"og:description\" content=\"Eine der klassischsten M\u00f6glichkeiten, um ein Zuhause eklektisch zu f\u00fchlen, ist die Pr\u00e4sentation einer kuratierten Sammlung von St\u00fccken. Egal, ob es sich um eine Verbreitung\" \/>\n<meta property=\"og:url\" content=\"https:\/\/www.strassenweb.de\/nachrichten\/amber-lewis-teilt-ihre-drei-einfachen-schritte-fuer-muehelos-stilvolle-regale\/\" \/>\n<meta property=\"og:site_name\" content=\"Stra\u00dfenweb\" \/>\n<meta property=\"article:publisher\" content=\"https:\/\/www.facebook.com\/strassenweb\/\" \/>\n<meta property=\"article:published_time\" content=\"2025-02-18T18:39:41+00:00\" \/>\n<meta property=\"article:modified_time\" content=\"2025-02-18T18:39:42+00:00\" \/>\n<meta property=\"og:image\" content=\"https:\/\/www.strassenweb.de\/nachrichten\/wp-content\/uploads\/2025\/02\/Amber-Lewis-teilt-ihre-drei-einfachen-Schritte-fuer-muehelos-stilvolle.jpg\" \/>\n\t<meta property=\"og:image:width\" content=\"1200\" \/>\n\t<meta property=\"og:image:height\" content=\"1440\" \/>\n\t<meta property=\"og:image:type\" content=\"image\/jpeg\" \/>\n<meta name=\"author\" content=\"Robert Hoffmann\" \/>\n<meta name=\"twitter:card\" content=\"summary_large_image\" \/>\n<meta name=\"twitter:label1\" content=\"Verfasst von\" \/>\n\t<meta name=\"twitter:data1\" content=\"Robert Hoffmann\" \/>\n\t<meta name=\"twitter:label2\" content=\"Gesch\u00e4tzte Lesezeit\" \/>\n\t<meta name=\"twitter:data2\" content=\"4\u00a0Minuten\" \/>\n<script type=\"application\/ld+json\" class=\"yoast-schema-graph\">{\"@context\":\"https:\\\/\\\/schema.org\",\"@graph\":[{\"@type\":\"Article\",\"@id\":\"https:\\\/\\\/www.strassenweb.de\\\/nachrichten\\\/amber-lewis-teilt-ihre-drei-einfachen-schritte-fuer-muehelos-stilvolle-regale\\\/#article\",\"isPartOf\":{\"@id\":\"https:\\\/\\\/www.strassenweb.de\\\/nachrichten\\\/amber-lewis-teilt-ihre-drei-einfachen-schritte-fuer-muehelos-stilvolle-regale\\\/\"},\"author\":{\"name\":\"Robert Hoffmann\",\"@id\":\"https:\\\/\\\/www.strassenweb.de\\\/nachrichten\\\/#\\\/schema\\\/person\\\/87c9c9067f1211da429a744dc5a5aa41\"},\"headline\":\"Amber Lewis teilt ihre drei einfachen Schritte f\u00fcr m\u00fchelos stilvolle Regale\",\"datePublished\":\"2025-02-18T18:39:41+00:00\",\"dateModified\":\"2025-02-18T18:39:42+00:00\",\"mainEntityOfPage\":{\"@id\":\"https:\\\/\\\/www.strassenweb.de\\\/nachrichten\\\/amber-lewis-teilt-ihre-drei-einfachen-schritte-fuer-muehelos-stilvolle-regale\\\/\"},\"wordCount\":792,\"publisher\":{\"@id\":\"https:\\\/\\\/www.strassenweb.de\\\/nachrichten\\\/#organization\"},\"image\":{\"@id\":\"https:\\\/\\\/www.strassenweb.de\\\/nachrichten\\\/amber-lewis-teilt-ihre-drei-einfachen-schritte-fuer-muehelos-stilvolle-regale\\\/#primaryimage\"},\"thumbnailUrl\":\"https:\\\/\\\/www.strassenweb.de\\\/nachrichten\\\/wp-content\\\/uploads\\\/2025\\\/02\\\/Amber-Lewis-teilt-ihre-drei-einfachen-Schritte-fuer-muehelos-stilvolle.jpg\",\"keywords\":[\"Amber\",\"drei\",\"einfachen\",\"f\u00fcr\",\"ihre\",\"Lewis\",\"m\u00fchelos\",\"Regale\",\"Schritte\",\"stilvolle\",\"teilt\"],\"articleSection\":[\"Haus &amp; Garten\"],\"inLanguage\":\"de\"},{\"@type\":\"WebPage\",\"@id\":\"https:\\\/\\\/www.strassenweb.de\\\/nachrichten\\\/amber-lewis-teilt-ihre-drei-einfachen-schritte-fuer-muehelos-stilvolle-regale\\\/\",\"url\":\"https:\\\/\\\/www.strassenweb.de\\\/nachrichten\\\/amber-lewis-teilt-ihre-drei-einfachen-schritte-fuer-muehelos-stilvolle-regale\\\/\",\"name\":\"Amber Lewis teilt ihre drei einfachen Schritte f\u00fcr m\u00fchelos stilvolle Regale - Nachrichten - Stra\u00dfenweb\",\"isPartOf\":{\"@id\":\"https:\\\/\\\/www.strassenweb.de\\\/nachrichten\\\/#website\"},\"primaryImageOfPage\":{\"@id\":\"https:\\\/\\\/www.strassenweb.de\\\/nachrichten\\\/amber-lewis-teilt-ihre-drei-einfachen-schritte-fuer-muehelos-stilvolle-regale\\\/#primaryimage\"},\"image\":{\"@id\":\"https:\\\/\\\/www.strassenweb.de\\\/nachrichten\\\/amber-lewis-teilt-ihre-drei-einfachen-schritte-fuer-muehelos-stilvolle-regale\\\/#primaryimage\"},\"thumbnailUrl\":\"https:\\\/\\\/www.strassenweb.de\\\/nachrichten\\\/wp-content\\\/uploads\\\/2025\\\/02\\\/Amber-Lewis-teilt-ihre-drei-einfachen-Schritte-fuer-muehelos-stilvolle.jpg\",\"datePublished\":\"2025-02-18T18:39:41+00:00\",\"dateModified\":\"2025-02-18T18:39:42+00:00\",\"breadcrumb\":{\"@id\":\"https:\\\/\\\/www.strassenweb.de\\\/nachrichten\\\/amber-lewis-teilt-ihre-drei-einfachen-schritte-fuer-muehelos-stilvolle-regale\\\/#breadcrumb\"},\"inLanguage\":\"de\",\"potentialAction\":[{\"@type\":\"ReadAction\",\"target\":[\"https:\\\/\\\/www.strassenweb.de\\\/nachrichten\\\/amber-lewis-teilt-ihre-drei-einfachen-schritte-fuer-muehelos-stilvolle-regale\\\/\"]}]},{\"@type\":\"ImageObject\",\"inLanguage\":\"de\",\"@id\":\"https:\\\/\\\/www.strassenweb.de\\\/nachrichten\\\/amber-lewis-teilt-ihre-drei-einfachen-schritte-fuer-muehelos-stilvolle-regale\\\/#primaryimage\",\"url\":\"https:\\\/\\\/www.strassenweb.de\\\/nachrichten\\\/wp-content\\\/uploads\\\/2025\\\/02\\\/Amber-Lewis-teilt-ihre-drei-einfachen-Schritte-fuer-muehelos-stilvolle.jpg\",\"contentUrl\":\"https:\\\/\\\/www.strassenweb.de\\\/nachrichten\\\/wp-content\\\/uploads\\\/2025\\\/02\\\/Amber-Lewis-teilt-ihre-drei-einfachen-Schritte-fuer-muehelos-stilvolle.jpg\",\"width\":1200,\"height\":1440,\"caption\":\"Amber Lewis teilt ihre drei einfachen Schritte f\u00fcr m\u00fchelos stilvolle Regale\"},{\"@type\":\"BreadcrumbList\",\"@id\":\"https:\\\/\\\/www.strassenweb.de\\\/nachrichten\\\/amber-lewis-teilt-ihre-drei-einfachen-schritte-fuer-muehelos-stilvolle-regale\\\/#breadcrumb\",\"itemListElement\":[{\"@type\":\"ListItem\",\"position\":1,\"name\":\"Home\",\"item\":\"https:\\\/\\\/www.strassenweb.de\\\/nachrichten\\\/\"},{\"@type\":\"ListItem\",\"position\":2,\"name\":\"Amber Lewis teilt ihre drei einfachen Schritte f\u00fcr m\u00fchelos stilvolle Regale\"}]},{\"@type\":\"WebSite\",\"@id\":\"https:\\\/\\\/www.strassenweb.de\\\/nachrichten\\\/#website\",\"url\":\"https:\\\/\\\/www.strassenweb.de\\\/nachrichten\\\/\",\"name\":\"Stra\u00dfenweb\",\"description\":\"Stra\u00dfenverzeichnis f\u00fcr Deutschland\",\"publisher\":{\"@id\":\"https:\\\/\\\/www.strassenweb.de\\\/nachrichten\\\/#organization\"},\"potentialAction\":[{\"@type\":\"SearchAction\",\"target\":{\"@type\":\"EntryPoint\",\"urlTemplate\":\"https:\\\/\\\/www.strassenweb.de\\\/nachrichten\\\/?s={search_term_string}\"},\"query-input\":{\"@type\":\"PropertyValueSpecification\",\"valueRequired\":true,\"valueName\":\"search_term_string\"}}],\"inLanguage\":\"de\"},{\"@type\":\"Organization\",\"@id\":\"https:\\\/\\\/www.strassenweb.de\\\/nachrichten\\\/#organization\",\"name\":\"Stra\u00dfenweb\",\"url\":\"https:\\\/\\\/www.strassenweb.de\\\/nachrichten\\\/\",\"logo\":{\"@type\":\"ImageObject\",\"inLanguage\":\"de\",\"@id\":\"https:\\\/\\\/www.strassenweb.de\\\/nachrichten\\\/#\\\/schema\\\/logo\\\/image\\\/\",\"url\":\"https:\\\/\\\/www.strassenweb.de\\\/nachrichten\\\/wp-content\\\/uploads\\\/2024\\\/09\\\/cropped-favicon.png\",\"contentUrl\":\"https:\\\/\\\/www.strassenweb.de\\\/nachrichten\\\/wp-content\\\/uploads\\\/2024\\\/09\\\/cropped-favicon.png\",\"width\":512,\"height\":512,\"caption\":\"Stra\u00dfenweb\"},\"image\":{\"@id\":\"https:\\\/\\\/www.strassenweb.de\\\/nachrichten\\\/#\\\/schema\\\/logo\\\/image\\\/\"},\"sameAs\":[\"https:\\\/\\\/www.facebook.com\\\/strassenweb\\\/\"]},{\"@type\":\"Person\",\"@id\":\"https:\\\/\\\/www.strassenweb.de\\\/nachrichten\\\/#\\\/schema\\\/person\\\/87c9c9067f1211da429a744dc5a5aa41\",\"name\":\"Robert Hoffmann\",\"image\":{\"@type\":\"ImageObject\",\"inLanguage\":\"de\",\"@id\":\"https:\\\/\\\/www.strassenweb.de\\\/nachrichten\\\/wp-content\\\/uploads\\\/2024\\\/09\\\/strassenweb-150x150.jpg\",\"url\":\"https:\\\/\\\/www.strassenweb.de\\\/nachrichten\\\/wp-content\\\/uploads\\\/2024\\\/09\\\/strassenweb-150x150.jpg\",\"contentUrl\":\"https:\\\/\\\/www.strassenweb.de\\\/nachrichten\\\/wp-content\\\/uploads\\\/2024\\\/09\\\/strassenweb-150x150.jpg\",\"caption\":\"Robert Hoffmann\"},\"description\":\"Ich hei\u00dfe Robert Hoffmann und ich bin ein leidenschaftlicher Verfechter von \u00d6kologie und Biodiversit\u00e4t. Seit meiner Kindheit in den W\u00e4ldern Bayerns f\u00fchle ich mich mit der Natur verbunden und bin entschlossen, sie zu sch\u00fctzen. Heute widme ich mein Leben der Sensibilisierung anderer f\u00fcr die Bedeutung des Umweltschutzes f\u00fcr zuk\u00fcnftige Generationen.\",\"sameAs\":[\"https:\\\/\\\/www.strassenweb.de\\\/\"]}]}<\/script>\n<!-- \/ Yoast SEO plugin. -->","yoast_head_json":{"title":"Amber Lewis teilt ihre drei einfachen Schritte f\u00fcr m\u00fchelos stilvolle Regale - Nachrichten - Stra\u00dfenweb","robots":{"index":"index","follow":"follow","max-snippet":"max-snippet:-1","max-image-preview":"max-image-preview:large","max-video-preview":"max-video-preview:-1"},"canonical":"https:\/\/www.strassenweb.de\/nachrichten\/amber-lewis-teilt-ihre-drei-einfachen-schritte-fuer-muehelos-stilvolle-regale\/","og_locale":"de_DE","og_type":"article","og_title":"Amber Lewis teilt ihre drei einfachen Schritte f\u00fcr m\u00fchelos stilvolle Regale - Nachrichten - Stra\u00dfenweb","og_description":"Eine der klassischsten M\u00f6glichkeiten, um ein Zuhause eklektisch zu f\u00fchlen, ist die Pr\u00e4sentation einer kuratierten Sammlung von St\u00fccken. Egal, ob es sich um eine Verbreitung","og_url":"https:\/\/www.strassenweb.de\/nachrichten\/amber-lewis-teilt-ihre-drei-einfachen-schritte-fuer-muehelos-stilvolle-regale\/","og_site_name":"Stra\u00dfenweb","article_publisher":"https:\/\/www.facebook.com\/strassenweb\/","article_published_time":"2025-02-18T18:39:41+00:00","article_modified_time":"2025-02-18T18:39:42+00:00","og_image":[{"width":1200,"height":1440,"url":"https:\/\/www.strassenweb.de\/nachrichten\/wp-content\/uploads\/2025\/02\/Amber-Lewis-teilt-ihre-drei-einfachen-Schritte-fuer-muehelos-stilvolle.jpg","type":"image\/jpeg"}],"author":"Robert Hoffmann","twitter_card":"summary_large_image","twitter_misc":{"Verfasst von":"Robert Hoffmann","Gesch\u00e4tzte Lesezeit":"4\u00a0Minuten"},"schema":{"@context":"https:\/\/schema.org","@graph":[{"@type":"Article","@id":"https:\/\/www.strassenweb.de\/nachrichten\/amber-lewis-teilt-ihre-drei-einfachen-schritte-fuer-muehelos-stilvolle-regale\/#article","isPartOf":{"@id":"https:\/\/www.strassenweb.de\/nachrichten\/amber-lewis-teilt-ihre-drei-einfachen-schritte-fuer-muehelos-stilvolle-regale\/"},"author":{"name":"Robert Hoffmann","@id":"https:\/\/www.strassenweb.de\/nachrichten\/#\/schema\/person\/87c9c9067f1211da429a744dc5a5aa41"},"headline":"Amber Lewis teilt ihre drei einfachen Schritte f\u00fcr m\u00fchelos stilvolle Regale","datePublished":"2025-02-18T18:39:41+00:00","dateModified":"2025-02-18T18:39:42+00:00","mainEntityOfPage":{"@id":"https:\/\/www.strassenweb.de\/nachrichten\/amber-lewis-teilt-ihre-drei-einfachen-schritte-fuer-muehelos-stilvolle-regale\/"},"wordCount":792,"publisher":{"@id":"https:\/\/www.strassenweb.de\/nachrichten\/#organization"},"image":{"@id":"https:\/\/www.strassenweb.de\/nachrichten\/amber-lewis-teilt-ihre-drei-einfachen-schritte-fuer-muehelos-stilvolle-regale\/#primaryimage"},"thumbnailUrl":"https:\/\/www.strassenweb.de\/nachrichten\/wp-content\/uploads\/2025\/02\/Amber-Lewis-teilt-ihre-drei-einfachen-Schritte-fuer-muehelos-stilvolle.jpg","keywords":["Amber","drei","einfachen","f\u00fcr","ihre","Lewis","m\u00fchelos","Regale","Schritte","stilvolle","teilt"],"articleSection":["Haus &amp; Garten"],"inLanguage":"de"},{"@type":"WebPage","@id":"https:\/\/www.strassenweb.de\/nachrichten\/amber-lewis-teilt-ihre-drei-einfachen-schritte-fuer-muehelos-stilvolle-regale\/","url":"https:\/\/www.strassenweb.de\/nachrichten\/amber-lewis-teilt-ihre-drei-einfachen-schritte-fuer-muehelos-stilvolle-regale\/","name":"Amber Lewis teilt ihre drei einfachen Schritte f\u00fcr m\u00fchelos stilvolle Regale - Nachrichten - Stra\u00dfenweb","isPartOf":{"@id":"https:\/\/www.strassenweb.de\/nachrichten\/#website"},"primaryImageOfPage":{"@id":"https:\/\/www.strassenweb.de\/nachrichten\/amber-lewis-teilt-ihre-drei-einfachen-schritte-fuer-muehelos-stilvolle-regale\/#primaryimage"},"image":{"@id":"https:\/\/www.strassenweb.de\/nachrichten\/amber-lewis-teilt-ihre-drei-einfachen-schritte-fuer-muehelos-stilvolle-regale\/#primaryimage"},"thumbnailUrl":"https:\/\/www.strassenweb.de\/nachrichten\/wp-content\/uploads\/2025\/02\/Amber-Lewis-teilt-ihre-drei-einfachen-Schritte-fuer-muehelos-stilvolle.jpg","datePublished":"2025-02-18T18:39:41+00:00","dateModified":"2025-02-18T18:39:42+00:00","breadcrumb":{"@id":"https:\/\/www.strassenweb.de\/nachrichten\/amber-lewis-teilt-ihre-drei-einfachen-schritte-fuer-muehelos-stilvolle-regale\/#breadcrumb"},"inLanguage":"de","potentialAction":[{"@type":"ReadAction","target":["https:\/\/www.strassenweb.de\/nachrichten\/amber-lewis-teilt-ihre-drei-einfachen-schritte-fuer-muehelos-stilvolle-regale\/"]}]},{"@type":"ImageObject","inLanguage":"de","@id":"https:\/\/www.strassenweb.de\/nachrichten\/amber-lewis-teilt-ihre-drei-einfachen-schritte-fuer-muehelos-stilvolle-regale\/#primaryimage","url":"https:\/\/www.strassenweb.de\/nachrichten\/wp-content\/uploads\/2025\/02\/Amber-Lewis-teilt-ihre-drei-einfachen-Schritte-fuer-muehelos-stilvolle.jpg","contentUrl":"https:\/\/www.strassenweb.de\/nachrichten\/wp-content\/uploads\/2025\/02\/Amber-Lewis-teilt-ihre-drei-einfachen-Schritte-fuer-muehelos-stilvolle.jpg","width":1200,"height":1440,"caption":"Amber Lewis teilt ihre drei einfachen Schritte f\u00fcr m\u00fchelos stilvolle Regale"},{"@type":"BreadcrumbList","@id":"https:\/\/www.strassenweb.de\/nachrichten\/amber-lewis-teilt-ihre-drei-einfachen-schritte-fuer-muehelos-stilvolle-regale\/#breadcrumb","itemListElement":[{"@type":"ListItem","position":1,"name":"Home","item":"https:\/\/www.strassenweb.de\/nachrichten\/"},{"@type":"ListItem","position":2,"name":"Amber Lewis teilt ihre drei einfachen Schritte f\u00fcr m\u00fchelos stilvolle Regale"}]},{"@type":"WebSite","@id":"https:\/\/www.strassenweb.de\/nachrichten\/#website","url":"https:\/\/www.strassenweb.de\/nachrichten\/","name":"Stra\u00dfenweb","description":"Stra\u00dfenverzeichnis f\u00fcr Deutschland","publisher":{"@id":"https:\/\/www.strassenweb.de\/nachrichten\/#organization"},"potentialAction":[{"@type":"SearchAction","target":{"@type":"EntryPoint","urlTemplate":"https:\/\/www.strassenweb.de\/nachrichten\/?s={search_term_string}"},"query-input":{"@type":"PropertyValueSpecification","valueRequired":true,"valueName":"search_term_string"}}],"inLanguage":"de"},{"@type":"Organization","@id":"https:\/\/www.strassenweb.de\/nachrichten\/#organization","name":"Stra\u00dfenweb","url":"https:\/\/www.strassenweb.de\/nachrichten\/","logo":{"@type":"ImageObject","inLanguage":"de","@id":"https:\/\/www.strassenweb.de\/nachrichten\/#\/schema\/logo\/image\/","url":"https:\/\/www.strassenweb.de\/nachrichten\/wp-content\/uploads\/2024\/09\/cropped-favicon.png","contentUrl":"https:\/\/www.strassenweb.de\/nachrichten\/wp-content\/uploads\/2024\/09\/cropped-favicon.png","width":512,"height":512,"caption":"Stra\u00dfenweb"},"image":{"@id":"https:\/\/www.strassenweb.de\/nachrichten\/#\/schema\/logo\/image\/"},"sameAs":["https:\/\/www.facebook.com\/strassenweb\/"]},{"@type":"Person","@id":"https:\/\/www.strassenweb.de\/nachrichten\/#\/schema\/person\/87c9c9067f1211da429a744dc5a5aa41","name":"Robert Hoffmann","image":{"@type":"ImageObject","inLanguage":"de","@id":"https:\/\/www.strassenweb.de\/nachrichten\/wp-content\/uploads\/2024\/09\/strassenweb-150x150.jpg","url":"https:\/\/www.strassenweb.de\/nachrichten\/wp-content\/uploads\/2024\/09\/strassenweb-150x150.jpg","contentUrl":"https:\/\/www.strassenweb.de\/nachrichten\/wp-content\/uploads\/2024\/09\/strassenweb-150x150.jpg","caption":"Robert Hoffmann"},"description":"Ich hei\u00dfe Robert Hoffmann und ich bin ein leidenschaftlicher Verfechter von \u00d6kologie und Biodiversit\u00e4t. Seit meiner Kindheit in den W\u00e4ldern Bayerns f\u00fchle ich mich mit der Natur verbunden und bin entschlossen, sie zu sch\u00fctzen. Heute widme ich mein Leben der Sensibilisierung anderer f\u00fcr die Bedeutung des Umweltschutzes f\u00fcr zuk\u00fcnftige Generationen.","sameAs":["https:\/\/www.strassenweb.de\/"]}]}},"_links":{"self":[{"href":"https:\/\/www.strassenweb.de\/nachrichten\/wp-json\/wp\/v2\/posts\/3398","targetHints":{"allow":["GET"]}}],"collection":[{"href":"https:\/\/www.strassenweb.de\/nachrichten\/wp-json\/wp\/v2\/posts"}],"about":[{"href":"https:\/\/www.strassenweb.de\/nachrichten\/wp-json\/wp\/v2\/types\/post"}],"author":[{"embeddable":true,"href":"https:\/\/www.strassenweb.de\/nachrichten\/wp-json\/wp\/v2\/users\/1"}],"replies":[{"embeddable":true,"href":"https:\/\/www.strassenweb.de\/nachrichten\/wp-json\/wp\/v2\/comments?post=3398"}],"version-history":[{"count":0,"href":"https:\/\/www.strassenweb.de\/nachrichten\/wp-json\/wp\/v2\/posts\/3398\/revisions"}],"wp:featuredmedia":[{"embeddable":true,"href":"https:\/\/www.strassenweb.de\/nachrichten\/wp-json\/wp\/v2\/media\/3399"}],"wp:attachment":[{"href":"https:\/\/www.strassenweb.de\/nachrichten\/wp-json\/wp\/v2\/media?parent=3398"}],"wp:term":[{"taxonomy":"category","embeddable":true,"href":"https:\/\/www.strassenweb.de\/nachrichten\/wp-json\/wp\/v2\/categories?post=3398"},{"taxonomy":"post_tag","embeddable":true,"href":"https:\/\/www.strassenweb.de\/nachrichten\/wp-json\/wp\/v2\/tags?post=3398"}],"curies":[{"name":"wp","href":"https:\/\/api.w.org\/{rel}","templated":true}]}}