{"id":339,"date":"2024-09-27T19:10:07","date_gmt":"2024-09-27T17:10:07","guid":{"rendered":"https:\/\/www.strassenweb.de\/nachrichten\/so-schaerfen-sie-eine-gartenschere-fuer-sauberere-schnitte-bei-der-pflege-ihrer-pflanzen\/"},"modified":"2024-09-27T19:10:08","modified_gmt":"2024-09-27T17:10:08","slug":"so-schaerfen-sie-eine-gartenschere-fuer-sauberere-schnitte-bei-der-pflege-ihrer-pflanzen","status":"publish","type":"post","link":"https:\/\/www.strassenweb.de\/nachrichten\/so-schaerfen-sie-eine-gartenschere-fuer-sauberere-schnitte-bei-der-pflege-ihrer-pflanzen\/","title":{"rendered":"So sch\u00e4rfen Sie eine Gartenschere \u2013 f\u00fcr sauberere Schnitte bei der Pflege Ihrer Pflanzen"},"content":{"rendered":"<p><\/p>\n<div id=\"article-body\" class=\"article__body \">\n<p>Wenn Sie mit der Pflanzenpflege besch\u00e4ftigt sind, kann es leicht passieren, dass Sie vergessen, auch Ihren Gartenger\u00e4ten etwas Aufmerksamkeit zu schenken. Es ist unvermeidlich, dass Ihre Werkzeuge nach h\u00e4ufigem Gebrauch einige Abnutzungserscheinungen aufweisen. Daher ist die richtige Pflege f\u00fcr ihre Langlebigkeit wichtig.<\/p>\n<div id=\"ad-unit-1\" class=\"ad-unit\"><\/div>\n<p>Die Aufbewahrung Ihrer wichtigen Gartenger\u00e4te ist wichtig, um deren Zustand zu erhalten. Sie m\u00fcssen aber auch wissen, wie Sie bestimmte Werkzeuge pflegen. Wenn Sie beispielsweise eine Gartenschere nach jedem Gebrauch reinigen, bleibt sie wie neu aussehen und verhindert die Ausbreitung potenzieller Sch\u00e4dlinge und Krankheiten zwischen den Pflanzen. Dies reicht jedoch nicht aus, um Ihre Schere in makellosem Zustand zu halten.<\/p>\n<aside class=\"hawk-nest\" data-render-type=\"fte\" data-skip=\"dealsy\" data-widget-type=\"seasonal\">\n<div class=\"hawk-master-widget-hawk-base-wrapper\"><\/div>\n<\/aside>\n<p>Der wiederholte Gebrauch Ihrer Gartenschere f\u00fchrt dazu, dass sie stumpf wird, und wenn Sie bemerken, dass Ihre Schere nicht mehr so \u200b\u200bsaubere Schnitte macht wie fr\u00fcher, ist es an der Zeit, ihnen etwas Pflege zu g\u00f6nnen. Hier haben wir alles Wissenswerte zum Sch\u00e4rfen einer Gartenschere zusammengestellt.<\/p>\n<div id=\"desktop-in-article\" class=\"in-article ad-unit\">\n<div id=\"desktop-taboola-mid-article\"><\/div>\n<\/div>\n<div id=\"mobile-in-article\" class=\"in-article ad-unit\">\n<div id=\"mobile-taboola-mid-article\"><\/div>\n<\/div>\n<h3 class=\"article-body__section\" id=\"section-when-to-sharpen-pruning-shears\"><span>Wann sollte man die Gartenschere sch\u00e4rfen?<\/span><\/h3>\n<figure class=\"van-image-figure inline-layout \" data-bordeaux-image-check>\n<div class=\"image-full-width-wrapper\">\n<div class=\"image-widthsetter\" style=\"max-width:2400px;\"><\/div>\n<\/div>\n<\/figure>\n<p>Wenn Sie f\u00fcr alles dasselbe Tool verwenden, von <u>Obstb\u00e4ume beschneiden<\/u> Zu <u>Hortensien beschneiden<\/u>Es macht Sinn, dass eine sch\u00e4rfere Klinge einfacher zu bearbeiten ist. Au\u00dferdem sorgt eine Formklinge f\u00fcr einen saubereren Schnitt, weshalb Sie Ihre Schere regelm\u00e4\u00dfig sch\u00e4rfen sollten.<\/p>\n<div class=\"van_vid_carousel\">\n<div class=\"van_vid_carousel__padding\">\n<div class=\"van_vid_carousel__container\"><\/div>\n<\/div>\n<\/div>\n<p>\u201eEine Gartenschere sollte vor jeder gr\u00f6\u00dferen Gartenarbeit gesch\u00e4rft werden, bei h\u00e4ufigem Gebrauch sogar einmal im Monat. \u201eEs h\u00e4ngt davon ab, wie oft Sie sie verwenden\u201c, sagt <u>Lindsey Chastain<\/u>wachsender Experte und Gr\u00fcnder von The Waddle and Cluck.<\/p>\n<div id=\"ad-unit-2\" class=\"ad-unit\"><\/div>\n<p>\u201ePr\u00fcfen Sie einfach, ob sie stumpf sind, und sch\u00e4rfen Sie sie, sobald Quetschungen, Risse oder ein Mangel an sauberen Schnitten auftreten, damit sie in Form bleiben\u201c, f\u00fcgt sie hinzu.<\/p>\n<p>Sie k\u00f6nnen Ihre Gartenschere testen, indem Sie damit ein St\u00fcck Papier schneiden. Wenn ein sauberer Schnitt \u00fcber die gesamte L\u00e4nge der Klinge erfolgt, sind sie bereit f\u00fcr den Einsatz an Ihren Pflanzen.<\/p>\n<h3 class=\"article-body__section\" id=\"section-how-to-sharpen-pruning-shears\"><span>So sch\u00e4rfen Sie eine Gartenschere<\/span><\/h3>\n<figure class=\"van-image-figure inline-layout \" data-bordeaux-image-check>\n<div class=\"image-full-width-wrapper\">\n<div class=\"image-widthsetter\" style=\"max-width:2400px;\"><\/div>\n<\/div>\n<\/figure>\n<p>Das Sch\u00e4rfen Ihrer Gartenschere ist viel einfacher, als Sie vielleicht annehmen. Egal, ob Sie eine Bypass-Schere wie diese von Amazon oder eine Gartenschere wie diese von Amazon sch\u00e4rfen, alles, was Sie brauchen, ist ein einfaches Sch\u00e4rfwerkzeug.<\/p>\n<p>\u201eSie k\u00f6nnen Handscheren mit einem Schleifstein, einem Feilenset oder einem speziellen Schersch\u00e4rfer sch\u00e4rfen\u201c, sagt Lindsey.<\/p>\n<p>Sie sollten sich die Zeit nehmen, rostige Werkzeuge zu reinigen und alle R\u00fcckst\u00e4nde mit einem Tuch zu entfernen, bevor Sie sie sch\u00e4rfen. Ziehen Sie unbedingt auch Schutzhandschuhe an, um Ihre H\u00e4nde zu sch\u00fctzen.<\/p>\n<p>Abh\u00e4ngig von der Gartenschere, die Sie besitzen, unterscheidet sich die Methode zum Sch\u00e4rfen. Bypass-Scheren haben eine abgewinkelte Seite an der scharfen Klinge, w\u00e4hrend Amboss-Scheren an beiden Seiten ihrer scharfen Klinge abgewinkelt sind. Bedenken Sie, dass Sie alle abgewinkelten Seiten sch\u00e4rfen m\u00f6chten, was bedeutet, dass Ambossscheren auf beiden Seiten gesch\u00e4rft werden m\u00fcssen.<\/p>\n<p>Sie k\u00f6nnen mit dem Sch\u00e4rfen Ihrer Werkzeuge beginnen, indem Sie das Sch\u00e4rfwerkzeug gegen die abgewinkelte Seite Ihrer Schere ziehen. \u201eSch\u00e4rfen Sie die Au\u00dfenfase und achten Sie beim Arbeiten auf die richtigen Klingenwinkel\u201c, sagt Lindsey. Achten Sie auch darauf, beim Biegen des Werkzeugs entlang des Klingenwinkels einen gleichm\u00e4\u00dfigen Druck auszu\u00fcben.<\/p>\n<p>Wenn Sie eine Feile verwenden, kann der Sch\u00e4rfvorgang zu einem \u201eGrat\u201c entlang der flachen Kante der Schneidklinge f\u00fchren (hier faltet sich beim Sch\u00e4rfen ein d\u00fcnner Metallstreifen \u00fcber die Schneidkante). Dieser l\u00e4sst sich leicht entfernen, indem man mit der Feile einmal am Rand entlangf\u00e4hrt.<\/p>\n<p>Wenn Sie diesen Vorgang wiederholen, wird die Fase gl\u00e4nzend \u2013 ein Zeichen f\u00fcr ein erfolgreiches Sch\u00e4rfen. F\u00fchren Sie mit Ihrer Gartenschere einen weiteren Papiertest durch, um zu sehen, ob sie durchschneidet und dann scharf genug f\u00fcr den Einsatz ist.<\/p>\n<h2 id=\"shop-shear-sharpening-tools-3\">Kaufen Sie Werkzeuge zum Sch\u00e4rfen von Scheren<\/h2>\n<div class=\"product-container hero-product-container product-block-no-wrap\"><\/div>\n<h3 class=\"article-body__section\" id=\"section-faqs\"><span>FAQs<\/span><\/h3>\n<h2 id=\"how-do-i-make-my-pruning-shears-last-longer-3\">Wie sorge ich daf\u00fcr, dass meine Gartenschere l\u00e4nger h\u00e4lt?<\/h2>\n<p>Wenn Sie Ihre Gartenschere regelm\u00e4\u00dfig reinigen und sch\u00e4rfen, bleibt sie viel l\u00e4nger in makellosem Zustand und gew\u00e4hrleistet stets saubere Schnitte.<\/p>\n<p>\u201eSie sollten darauf achten, regelm\u00e4\u00dfig Saft und Schmutz zu entfernen, die Drehpunkte mit \u00d6l zu schmieren, die Spannschrauben einzustellen und alle losen, verbogenen oder gerissenen Teile sofort auszutauschen\u201c, r\u00e4t er <u>Lindsey Chastain<\/u>.<\/p>\n<hr>\n<p>\u201eStumpfe Klingen zerquetschen und zerrei\u00dfen die Pflanzen, verursachen Stress f\u00fcr die Pflanze und hinterlassen gezackte \u00d6ffnungen f\u00fcr Sch\u00e4dlinge und Infektionen\u201c, sagt Lindsey. \u201eWenn Sie Ihre Gartenschere scharf halten, k\u00f6nnen Sie sauber schneiden, ohne die Pflanzen zu besch\u00e4digen\u201c, f\u00fcgt sie hinzu.<\/p>\n<p>Sie sollten auch darauf achten, Ihre Gartenger\u00e4te \u00fcber den Winter richtig zu lagern, damit sie bei rauerem Wetter nicht besch\u00e4digt werden.<\/p>\n<\/div>\n","protected":false},"excerpt":{"rendered":"<p>Wenn Sie mit der Pflanzenpflege besch\u00e4ftigt sind, kann es leicht passieren, dass Sie vergessen, auch Ihren Gartenger\u00e4ten etwas Aufmerksamkeit zu schenken. Es ist unvermeidlich, dass<\/p>\n","protected":false},"author":1,"featured_media":340,"comment_status":"closed","ping_status":"","sticky":false,"template":"","format":"standard","meta":{"footnotes":""},"categories":[118],"tags":[152,81,74,55,701,11,246,704,702,700,703,165],"class_list":["post-339","post","type-post","status-publish","format-standard","has-post-thumbnail","hentry","category-haus-garten","tag-bei","tag-der","tag-eine","tag-fuer","tag-gartenschere","tag-ihrer","tag-pflanzen","tag-pflege","tag-sauberere","tag-schaerfen","tag-schnitte","tag-sie","generate-columns","tablet-grid-50","mobile-grid-100","grid-parent","grid-50"],"yoast_head":"<!-- This site is optimized with the Yoast SEO plugin v27.3 - https:\/\/yoast.com\/product\/yoast-seo-wordpress\/ -->\n<title>So sch\u00e4rfen Sie eine Gartenschere \u2013 f\u00fcr sauberere Schnitte bei der Pflege Ihrer Pflanzen - Nachrichten - Stra\u00dfenweb<\/title>\n<meta name=\"robots\" content=\"index, follow, max-snippet:-1, max-image-preview:large, max-video-preview:-1\" \/>\n<link rel=\"canonical\" href=\"https:\/\/www.strassenweb.de\/nachrichten\/so-schaerfen-sie-eine-gartenschere-fuer-sauberere-schnitte-bei-der-pflege-ihrer-pflanzen\/\" \/>\n<meta property=\"og:locale\" content=\"de_DE\" \/>\n<meta property=\"og:type\" content=\"article\" \/>\n<meta property=\"og:title\" content=\"So sch\u00e4rfen Sie eine Gartenschere \u2013 f\u00fcr sauberere Schnitte bei der Pflege Ihrer Pflanzen - Nachrichten - Stra\u00dfenweb\" \/>\n<meta property=\"og:description\" content=\"Wenn Sie mit der Pflanzenpflege besch\u00e4ftigt sind, kann es leicht passieren, dass Sie vergessen, auch Ihren Gartenger\u00e4ten etwas Aufmerksamkeit zu schenken. Es ist unvermeidlich, dass\" \/>\n<meta property=\"og:url\" content=\"https:\/\/www.strassenweb.de\/nachrichten\/so-schaerfen-sie-eine-gartenschere-fuer-sauberere-schnitte-bei-der-pflege-ihrer-pflanzen\/\" \/>\n<meta property=\"og:site_name\" content=\"Stra\u00dfenweb\" \/>\n<meta property=\"article:publisher\" content=\"https:\/\/www.facebook.com\/strassenweb\/\" \/>\n<meta property=\"article:published_time\" content=\"2024-09-27T17:10:07+00:00\" \/>\n<meta property=\"article:modified_time\" content=\"2024-09-27T17:10:08+00:00\" \/>\n<meta property=\"og:image\" content=\"https:\/\/www.strassenweb.de\/nachrichten\/wp-content\/uploads\/2024\/09\/So-schaerfen-Sie-eine-Gartenschere-\u2013-fuer-sauberere-Schnitte-bei.jpg\" \/>\n\t<meta property=\"og:image:width\" content=\"1200\" \/>\n\t<meta property=\"og:image:height\" content=\"675\" \/>\n\t<meta property=\"og:image:type\" content=\"image\/jpeg\" \/>\n<meta name=\"author\" content=\"Robert Hoffmann\" \/>\n<meta name=\"twitter:card\" content=\"summary_large_image\" \/>\n<meta name=\"twitter:label1\" content=\"Verfasst von\" \/>\n\t<meta name=\"twitter:data1\" content=\"Robert Hoffmann\" \/>\n\t<meta name=\"twitter:label2\" content=\"Gesch\u00e4tzte Lesezeit\" \/>\n\t<meta name=\"twitter:data2\" content=\"4\u00a0Minuten\" \/>\n<script type=\"application\/ld+json\" class=\"yoast-schema-graph\">{\"@context\":\"https:\\\/\\\/schema.org\",\"@graph\":[{\"@type\":\"Article\",\"@id\":\"https:\\\/\\\/www.strassenweb.de\\\/nachrichten\\\/so-schaerfen-sie-eine-gartenschere-fuer-sauberere-schnitte-bei-der-pflege-ihrer-pflanzen\\\/#article\",\"isPartOf\":{\"@id\":\"https:\\\/\\\/www.strassenweb.de\\\/nachrichten\\\/so-schaerfen-sie-eine-gartenschere-fuer-sauberere-schnitte-bei-der-pflege-ihrer-pflanzen\\\/\"},\"author\":{\"name\":\"Robert Hoffmann\",\"@id\":\"https:\\\/\\\/www.strassenweb.de\\\/nachrichten\\\/#\\\/schema\\\/person\\\/87c9c9067f1211da429a744dc5a5aa41\"},\"headline\":\"So sch\u00e4rfen Sie eine Gartenschere \u2013 f\u00fcr sauberere Schnitte bei der Pflege Ihrer Pflanzen\",\"datePublished\":\"2024-09-27T17:10:07+00:00\",\"dateModified\":\"2024-09-27T17:10:08+00:00\",\"mainEntityOfPage\":{\"@id\":\"https:\\\/\\\/www.strassenweb.de\\\/nachrichten\\\/so-schaerfen-sie-eine-gartenschere-fuer-sauberere-schnitte-bei-der-pflege-ihrer-pflanzen\\\/\"},\"wordCount\":791,\"publisher\":{\"@id\":\"https:\\\/\\\/www.strassenweb.de\\\/nachrichten\\\/#organization\"},\"image\":{\"@id\":\"https:\\\/\\\/www.strassenweb.de\\\/nachrichten\\\/so-schaerfen-sie-eine-gartenschere-fuer-sauberere-schnitte-bei-der-pflege-ihrer-pflanzen\\\/#primaryimage\"},\"thumbnailUrl\":\"https:\\\/\\\/www.strassenweb.de\\\/nachrichten\\\/wp-content\\\/uploads\\\/2024\\\/09\\\/So-schaerfen-Sie-eine-Gartenschere-\u2013-fuer-sauberere-Schnitte-bei.jpg\",\"keywords\":[\"Bei\",\"der\",\"eine\",\"f\u00fcr\",\"Gartenschere\",\"ihrer\",\"Pflanzen\",\"Pflege\",\"sauberere\",\"sch\u00e4rfen\",\"Schnitte\",\"Sie\"],\"articleSection\":[\"Haus &amp; Garten\"],\"inLanguage\":\"de\"},{\"@type\":\"WebPage\",\"@id\":\"https:\\\/\\\/www.strassenweb.de\\\/nachrichten\\\/so-schaerfen-sie-eine-gartenschere-fuer-sauberere-schnitte-bei-der-pflege-ihrer-pflanzen\\\/\",\"url\":\"https:\\\/\\\/www.strassenweb.de\\\/nachrichten\\\/so-schaerfen-sie-eine-gartenschere-fuer-sauberere-schnitte-bei-der-pflege-ihrer-pflanzen\\\/\",\"name\":\"So sch\u00e4rfen Sie eine Gartenschere \u2013 f\u00fcr sauberere Schnitte bei der Pflege Ihrer Pflanzen - Nachrichten - Stra\u00dfenweb\",\"isPartOf\":{\"@id\":\"https:\\\/\\\/www.strassenweb.de\\\/nachrichten\\\/#website\"},\"primaryImageOfPage\":{\"@id\":\"https:\\\/\\\/www.strassenweb.de\\\/nachrichten\\\/so-schaerfen-sie-eine-gartenschere-fuer-sauberere-schnitte-bei-der-pflege-ihrer-pflanzen\\\/#primaryimage\"},\"image\":{\"@id\":\"https:\\\/\\\/www.strassenweb.de\\\/nachrichten\\\/so-schaerfen-sie-eine-gartenschere-fuer-sauberere-schnitte-bei-der-pflege-ihrer-pflanzen\\\/#primaryimage\"},\"thumbnailUrl\":\"https:\\\/\\\/www.strassenweb.de\\\/nachrichten\\\/wp-content\\\/uploads\\\/2024\\\/09\\\/So-schaerfen-Sie-eine-Gartenschere-\u2013-fuer-sauberere-Schnitte-bei.jpg\",\"datePublished\":\"2024-09-27T17:10:07+00:00\",\"dateModified\":\"2024-09-27T17:10:08+00:00\",\"breadcrumb\":{\"@id\":\"https:\\\/\\\/www.strassenweb.de\\\/nachrichten\\\/so-schaerfen-sie-eine-gartenschere-fuer-sauberere-schnitte-bei-der-pflege-ihrer-pflanzen\\\/#breadcrumb\"},\"inLanguage\":\"de\",\"potentialAction\":[{\"@type\":\"ReadAction\",\"target\":[\"https:\\\/\\\/www.strassenweb.de\\\/nachrichten\\\/so-schaerfen-sie-eine-gartenschere-fuer-sauberere-schnitte-bei-der-pflege-ihrer-pflanzen\\\/\"]}]},{\"@type\":\"ImageObject\",\"inLanguage\":\"de\",\"@id\":\"https:\\\/\\\/www.strassenweb.de\\\/nachrichten\\\/so-schaerfen-sie-eine-gartenschere-fuer-sauberere-schnitte-bei-der-pflege-ihrer-pflanzen\\\/#primaryimage\",\"url\":\"https:\\\/\\\/www.strassenweb.de\\\/nachrichten\\\/wp-content\\\/uploads\\\/2024\\\/09\\\/So-schaerfen-Sie-eine-Gartenschere-\u2013-fuer-sauberere-Schnitte-bei.jpg\",\"contentUrl\":\"https:\\\/\\\/www.strassenweb.de\\\/nachrichten\\\/wp-content\\\/uploads\\\/2024\\\/09\\\/So-schaerfen-Sie-eine-Gartenschere-\u2013-fuer-sauberere-Schnitte-bei.jpg\",\"width\":1200,\"height\":675,\"caption\":\"So sch\u00e4rfen Sie eine Gartenschere \u2013 f\u00fcr sauberere Schnitte bei der Pflege Ihrer Pflanzen\"},{\"@type\":\"BreadcrumbList\",\"@id\":\"https:\\\/\\\/www.strassenweb.de\\\/nachrichten\\\/so-schaerfen-sie-eine-gartenschere-fuer-sauberere-schnitte-bei-der-pflege-ihrer-pflanzen\\\/#breadcrumb\",\"itemListElement\":[{\"@type\":\"ListItem\",\"position\":1,\"name\":\"Home\",\"item\":\"https:\\\/\\\/www.strassenweb.de\\\/nachrichten\\\/\"},{\"@type\":\"ListItem\",\"position\":2,\"name\":\"So sch\u00e4rfen Sie eine Gartenschere \u2013 f\u00fcr sauberere Schnitte bei der Pflege Ihrer Pflanzen\"}]},{\"@type\":\"WebSite\",\"@id\":\"https:\\\/\\\/www.strassenweb.de\\\/nachrichten\\\/#website\",\"url\":\"https:\\\/\\\/www.strassenweb.de\\\/nachrichten\\\/\",\"name\":\"Stra\u00dfenweb\",\"description\":\"Stra\u00dfenverzeichnis f\u00fcr Deutschland\",\"publisher\":{\"@id\":\"https:\\\/\\\/www.strassenweb.de\\\/nachrichten\\\/#organization\"},\"potentialAction\":[{\"@type\":\"SearchAction\",\"target\":{\"@type\":\"EntryPoint\",\"urlTemplate\":\"https:\\\/\\\/www.strassenweb.de\\\/nachrichten\\\/?s={search_term_string}\"},\"query-input\":{\"@type\":\"PropertyValueSpecification\",\"valueRequired\":true,\"valueName\":\"search_term_string\"}}],\"inLanguage\":\"de\"},{\"@type\":\"Organization\",\"@id\":\"https:\\\/\\\/www.strassenweb.de\\\/nachrichten\\\/#organization\",\"name\":\"Stra\u00dfenweb\",\"url\":\"https:\\\/\\\/www.strassenweb.de\\\/nachrichten\\\/\",\"logo\":{\"@type\":\"ImageObject\",\"inLanguage\":\"de\",\"@id\":\"https:\\\/\\\/www.strassenweb.de\\\/nachrichten\\\/#\\\/schema\\\/logo\\\/image\\\/\",\"url\":\"https:\\\/\\\/www.strassenweb.de\\\/nachrichten\\\/wp-content\\\/uploads\\\/2024\\\/09\\\/cropped-favicon.png\",\"contentUrl\":\"https:\\\/\\\/www.strassenweb.de\\\/nachrichten\\\/wp-content\\\/uploads\\\/2024\\\/09\\\/cropped-favicon.png\",\"width\":512,\"height\":512,\"caption\":\"Stra\u00dfenweb\"},\"image\":{\"@id\":\"https:\\\/\\\/www.strassenweb.de\\\/nachrichten\\\/#\\\/schema\\\/logo\\\/image\\\/\"},\"sameAs\":[\"https:\\\/\\\/www.facebook.com\\\/strassenweb\\\/\"]},{\"@type\":\"Person\",\"@id\":\"https:\\\/\\\/www.strassenweb.de\\\/nachrichten\\\/#\\\/schema\\\/person\\\/87c9c9067f1211da429a744dc5a5aa41\",\"name\":\"Robert Hoffmann\",\"image\":{\"@type\":\"ImageObject\",\"inLanguage\":\"de\",\"@id\":\"https:\\\/\\\/www.strassenweb.de\\\/nachrichten\\\/wp-content\\\/uploads\\\/2024\\\/09\\\/strassenweb-150x150.jpg\",\"url\":\"https:\\\/\\\/www.strassenweb.de\\\/nachrichten\\\/wp-content\\\/uploads\\\/2024\\\/09\\\/strassenweb-150x150.jpg\",\"contentUrl\":\"https:\\\/\\\/www.strassenweb.de\\\/nachrichten\\\/wp-content\\\/uploads\\\/2024\\\/09\\\/strassenweb-150x150.jpg\",\"caption\":\"Robert Hoffmann\"},\"description\":\"Ich hei\u00dfe Robert Hoffmann und ich bin ein leidenschaftlicher Verfechter von \u00d6kologie und Biodiversit\u00e4t. Seit meiner Kindheit in den W\u00e4ldern Bayerns f\u00fchle ich mich mit der Natur verbunden und bin entschlossen, sie zu sch\u00fctzen. Heute widme ich mein Leben der Sensibilisierung anderer f\u00fcr die Bedeutung des Umweltschutzes f\u00fcr zuk\u00fcnftige Generationen.\",\"sameAs\":[\"https:\\\/\\\/www.strassenweb.de\\\/\"]}]}<\/script>\n<!-- \/ Yoast SEO plugin. -->","yoast_head_json":{"title":"So sch\u00e4rfen Sie eine Gartenschere \u2013 f\u00fcr sauberere Schnitte bei der Pflege Ihrer Pflanzen - Nachrichten - Stra\u00dfenweb","robots":{"index":"index","follow":"follow","max-snippet":"max-snippet:-1","max-image-preview":"max-image-preview:large","max-video-preview":"max-video-preview:-1"},"canonical":"https:\/\/www.strassenweb.de\/nachrichten\/so-schaerfen-sie-eine-gartenschere-fuer-sauberere-schnitte-bei-der-pflege-ihrer-pflanzen\/","og_locale":"de_DE","og_type":"article","og_title":"So sch\u00e4rfen Sie eine Gartenschere \u2013 f\u00fcr sauberere Schnitte bei der Pflege Ihrer Pflanzen - Nachrichten - Stra\u00dfenweb","og_description":"Wenn Sie mit der Pflanzenpflege besch\u00e4ftigt sind, kann es leicht passieren, dass Sie vergessen, auch Ihren Gartenger\u00e4ten etwas Aufmerksamkeit zu schenken. Es ist unvermeidlich, dass","og_url":"https:\/\/www.strassenweb.de\/nachrichten\/so-schaerfen-sie-eine-gartenschere-fuer-sauberere-schnitte-bei-der-pflege-ihrer-pflanzen\/","og_site_name":"Stra\u00dfenweb","article_publisher":"https:\/\/www.facebook.com\/strassenweb\/","article_published_time":"2024-09-27T17:10:07+00:00","article_modified_time":"2024-09-27T17:10:08+00:00","og_image":[{"width":1200,"height":675,"url":"https:\/\/www.strassenweb.de\/nachrichten\/wp-content\/uploads\/2024\/09\/So-schaerfen-Sie-eine-Gartenschere-\u2013-fuer-sauberere-Schnitte-bei.jpg","type":"image\/jpeg"}],"author":"Robert Hoffmann","twitter_card":"summary_large_image","twitter_misc":{"Verfasst von":"Robert Hoffmann","Gesch\u00e4tzte Lesezeit":"4\u00a0Minuten"},"schema":{"@context":"https:\/\/schema.org","@graph":[{"@type":"Article","@id":"https:\/\/www.strassenweb.de\/nachrichten\/so-schaerfen-sie-eine-gartenschere-fuer-sauberere-schnitte-bei-der-pflege-ihrer-pflanzen\/#article","isPartOf":{"@id":"https:\/\/www.strassenweb.de\/nachrichten\/so-schaerfen-sie-eine-gartenschere-fuer-sauberere-schnitte-bei-der-pflege-ihrer-pflanzen\/"},"author":{"name":"Robert Hoffmann","@id":"https:\/\/www.strassenweb.de\/nachrichten\/#\/schema\/person\/87c9c9067f1211da429a744dc5a5aa41"},"headline":"So sch\u00e4rfen Sie eine Gartenschere \u2013 f\u00fcr sauberere Schnitte bei der Pflege Ihrer Pflanzen","datePublished":"2024-09-27T17:10:07+00:00","dateModified":"2024-09-27T17:10:08+00:00","mainEntityOfPage":{"@id":"https:\/\/www.strassenweb.de\/nachrichten\/so-schaerfen-sie-eine-gartenschere-fuer-sauberere-schnitte-bei-der-pflege-ihrer-pflanzen\/"},"wordCount":791,"publisher":{"@id":"https:\/\/www.strassenweb.de\/nachrichten\/#organization"},"image":{"@id":"https:\/\/www.strassenweb.de\/nachrichten\/so-schaerfen-sie-eine-gartenschere-fuer-sauberere-schnitte-bei-der-pflege-ihrer-pflanzen\/#primaryimage"},"thumbnailUrl":"https:\/\/www.strassenweb.de\/nachrichten\/wp-content\/uploads\/2024\/09\/So-schaerfen-Sie-eine-Gartenschere-\u2013-fuer-sauberere-Schnitte-bei.jpg","keywords":["Bei","der","eine","f\u00fcr","Gartenschere","ihrer","Pflanzen","Pflege","sauberere","sch\u00e4rfen","Schnitte","Sie"],"articleSection":["Haus &amp; Garten"],"inLanguage":"de"},{"@type":"WebPage","@id":"https:\/\/www.strassenweb.de\/nachrichten\/so-schaerfen-sie-eine-gartenschere-fuer-sauberere-schnitte-bei-der-pflege-ihrer-pflanzen\/","url":"https:\/\/www.strassenweb.de\/nachrichten\/so-schaerfen-sie-eine-gartenschere-fuer-sauberere-schnitte-bei-der-pflege-ihrer-pflanzen\/","name":"So sch\u00e4rfen Sie eine Gartenschere \u2013 f\u00fcr sauberere Schnitte bei der Pflege Ihrer Pflanzen - Nachrichten - Stra\u00dfenweb","isPartOf":{"@id":"https:\/\/www.strassenweb.de\/nachrichten\/#website"},"primaryImageOfPage":{"@id":"https:\/\/www.strassenweb.de\/nachrichten\/so-schaerfen-sie-eine-gartenschere-fuer-sauberere-schnitte-bei-der-pflege-ihrer-pflanzen\/#primaryimage"},"image":{"@id":"https:\/\/www.strassenweb.de\/nachrichten\/so-schaerfen-sie-eine-gartenschere-fuer-sauberere-schnitte-bei-der-pflege-ihrer-pflanzen\/#primaryimage"},"thumbnailUrl":"https:\/\/www.strassenweb.de\/nachrichten\/wp-content\/uploads\/2024\/09\/So-schaerfen-Sie-eine-Gartenschere-\u2013-fuer-sauberere-Schnitte-bei.jpg","datePublished":"2024-09-27T17:10:07+00:00","dateModified":"2024-09-27T17:10:08+00:00","breadcrumb":{"@id":"https:\/\/www.strassenweb.de\/nachrichten\/so-schaerfen-sie-eine-gartenschere-fuer-sauberere-schnitte-bei-der-pflege-ihrer-pflanzen\/#breadcrumb"},"inLanguage":"de","potentialAction":[{"@type":"ReadAction","target":["https:\/\/www.strassenweb.de\/nachrichten\/so-schaerfen-sie-eine-gartenschere-fuer-sauberere-schnitte-bei-der-pflege-ihrer-pflanzen\/"]}]},{"@type":"ImageObject","inLanguage":"de","@id":"https:\/\/www.strassenweb.de\/nachrichten\/so-schaerfen-sie-eine-gartenschere-fuer-sauberere-schnitte-bei-der-pflege-ihrer-pflanzen\/#primaryimage","url":"https:\/\/www.strassenweb.de\/nachrichten\/wp-content\/uploads\/2024\/09\/So-schaerfen-Sie-eine-Gartenschere-\u2013-fuer-sauberere-Schnitte-bei.jpg","contentUrl":"https:\/\/www.strassenweb.de\/nachrichten\/wp-content\/uploads\/2024\/09\/So-schaerfen-Sie-eine-Gartenschere-\u2013-fuer-sauberere-Schnitte-bei.jpg","width":1200,"height":675,"caption":"So sch\u00e4rfen Sie eine Gartenschere \u2013 f\u00fcr sauberere Schnitte bei der Pflege Ihrer Pflanzen"},{"@type":"BreadcrumbList","@id":"https:\/\/www.strassenweb.de\/nachrichten\/so-schaerfen-sie-eine-gartenschere-fuer-sauberere-schnitte-bei-der-pflege-ihrer-pflanzen\/#breadcrumb","itemListElement":[{"@type":"ListItem","position":1,"name":"Home","item":"https:\/\/www.strassenweb.de\/nachrichten\/"},{"@type":"ListItem","position":2,"name":"So sch\u00e4rfen Sie eine Gartenschere \u2013 f\u00fcr sauberere Schnitte bei der Pflege Ihrer Pflanzen"}]},{"@type":"WebSite","@id":"https:\/\/www.strassenweb.de\/nachrichten\/#website","url":"https:\/\/www.strassenweb.de\/nachrichten\/","name":"Stra\u00dfenweb","description":"Stra\u00dfenverzeichnis f\u00fcr Deutschland","publisher":{"@id":"https:\/\/www.strassenweb.de\/nachrichten\/#organization"},"potentialAction":[{"@type":"SearchAction","target":{"@type":"EntryPoint","urlTemplate":"https:\/\/www.strassenweb.de\/nachrichten\/?s={search_term_string}"},"query-input":{"@type":"PropertyValueSpecification","valueRequired":true,"valueName":"search_term_string"}}],"inLanguage":"de"},{"@type":"Organization","@id":"https:\/\/www.strassenweb.de\/nachrichten\/#organization","name":"Stra\u00dfenweb","url":"https:\/\/www.strassenweb.de\/nachrichten\/","logo":{"@type":"ImageObject","inLanguage":"de","@id":"https:\/\/www.strassenweb.de\/nachrichten\/#\/schema\/logo\/image\/","url":"https:\/\/www.strassenweb.de\/nachrichten\/wp-content\/uploads\/2024\/09\/cropped-favicon.png","contentUrl":"https:\/\/www.strassenweb.de\/nachrichten\/wp-content\/uploads\/2024\/09\/cropped-favicon.png","width":512,"height":512,"caption":"Stra\u00dfenweb"},"image":{"@id":"https:\/\/www.strassenweb.de\/nachrichten\/#\/schema\/logo\/image\/"},"sameAs":["https:\/\/www.facebook.com\/strassenweb\/"]},{"@type":"Person","@id":"https:\/\/www.strassenweb.de\/nachrichten\/#\/schema\/person\/87c9c9067f1211da429a744dc5a5aa41","name":"Robert Hoffmann","image":{"@type":"ImageObject","inLanguage":"de","@id":"https:\/\/www.strassenweb.de\/nachrichten\/wp-content\/uploads\/2024\/09\/strassenweb-150x150.jpg","url":"https:\/\/www.strassenweb.de\/nachrichten\/wp-content\/uploads\/2024\/09\/strassenweb-150x150.jpg","contentUrl":"https:\/\/www.strassenweb.de\/nachrichten\/wp-content\/uploads\/2024\/09\/strassenweb-150x150.jpg","caption":"Robert Hoffmann"},"description":"Ich hei\u00dfe Robert Hoffmann und ich bin ein leidenschaftlicher Verfechter von \u00d6kologie und Biodiversit\u00e4t. Seit meiner Kindheit in den W\u00e4ldern Bayerns f\u00fchle ich mich mit der Natur verbunden und bin entschlossen, sie zu sch\u00fctzen. Heute widme ich mein Leben der Sensibilisierung anderer f\u00fcr die Bedeutung des Umweltschutzes f\u00fcr zuk\u00fcnftige Generationen.","sameAs":["https:\/\/www.strassenweb.de\/"]}]}},"_links":{"self":[{"href":"https:\/\/www.strassenweb.de\/nachrichten\/wp-json\/wp\/v2\/posts\/339","targetHints":{"allow":["GET"]}}],"collection":[{"href":"https:\/\/www.strassenweb.de\/nachrichten\/wp-json\/wp\/v2\/posts"}],"about":[{"href":"https:\/\/www.strassenweb.de\/nachrichten\/wp-json\/wp\/v2\/types\/post"}],"author":[{"embeddable":true,"href":"https:\/\/www.strassenweb.de\/nachrichten\/wp-json\/wp\/v2\/users\/1"}],"replies":[{"embeddable":true,"href":"https:\/\/www.strassenweb.de\/nachrichten\/wp-json\/wp\/v2\/comments?post=339"}],"version-history":[{"count":0,"href":"https:\/\/www.strassenweb.de\/nachrichten\/wp-json\/wp\/v2\/posts\/339\/revisions"}],"wp:featuredmedia":[{"embeddable":true,"href":"https:\/\/www.strassenweb.de\/nachrichten\/wp-json\/wp\/v2\/media\/340"}],"wp:attachment":[{"href":"https:\/\/www.strassenweb.de\/nachrichten\/wp-json\/wp\/v2\/media?parent=339"}],"wp:term":[{"taxonomy":"category","embeddable":true,"href":"https:\/\/www.strassenweb.de\/nachrichten\/wp-json\/wp\/v2\/categories?post=339"},{"taxonomy":"post_tag","embeddable":true,"href":"https:\/\/www.strassenweb.de\/nachrichten\/wp-json\/wp\/v2\/tags?post=339"}],"curies":[{"name":"wp","href":"https:\/\/api.w.org\/{rel}","templated":true}]}}