{"id":3375,"date":"2025-02-17T15:39:35","date_gmt":"2025-02-17T14:39:35","guid":{"rendered":"https:\/\/www.strassenweb.de\/nachrichten\/ist-das-wellendekor-immer-noch-im-trend-so-halten-designer-die-kurven-fuer-2025-frisch\/"},"modified":"2025-02-17T15:39:36","modified_gmt":"2025-02-17T14:39:36","slug":"ist-das-wellendekor-immer-noch-im-trend-so-halten-designer-die-kurven-fuer-2025-frisch","status":"publish","type":"post","link":"https:\/\/www.strassenweb.de\/nachrichten\/ist-das-wellendekor-immer-noch-im-trend-so-halten-designer-die-kurven-fuer-2025-frisch\/","title":{"rendered":"Ist das Wellendekor immer noch im Trend? So halten Designer die Kurven f\u00fcr 2025 frisch."},"content":{"rendered":"<p><\/p>\n<div id=\"article-body\" class=\"article__body \">\n<p>Der wellige Dekor -Trend war f\u00fcr eine Weile der letzte Schrei. In den letzten Jahren h\u00e4tten Sie zweifellos irgendeine Form von welligem Spiegel, gekr\u00fcmmtem Sofa oder quietschenden Kerzen auf den Seiten eines Innenausstattungsmagazins und in H\u00e4usern im Internet gesehen.<\/p>\n<div id=\"ad-unit-1\" class=\"ad-unit\"><\/div>\n<p>W\u00e4hrend der gewellte Look m\u00f6glicherweise nicht so gro\u00df auf die Innenarchitektur -Trends wirkt wie fr\u00fcher, denken wir immer noch, dass welliges Dekor mehr als nur ein fl\u00fcchtiger Trend ist und dass es sehr viel hier ist, f\u00fcr 2025 und dar\u00fcber hinaus zu bleiben.<\/p>\n<aside class=\"hawk-nest\" data-block-type=\"embed\" data-render-type=\"fte\" data-skip=\"dealsy\" data-widget-type=\"seasonal\">\n<div class=\"hawk-master-widget-hawk-base-wrapper\"><\/div>\n<\/aside>\n<p>Es gibt viele M\u00f6glichkeiten, gekr\u00fcmmte St\u00fccke stilvoll und klassisch zu machen und einen unerwarteten Kontrast und ein Gef\u00fchl von Spa\u00df in Ihr Zuhause zu bringen. Um den Statement -Look zur\u00fcckzubringen, haben wir Designer gefragt, wie sie sein werden Verwenden Sie in diesem Jahr wellige Dekor im Inneren.<\/p>\n<div id=\"desktop-in-article\" class=\"in-article ad-unit\">\n<div id=\"desktop-taboola-mid-article\"><\/div>\n<\/div>\n<div id=\"mobile-in-article\" class=\"in-article ad-unit\">\n<div id=\"mobile-taboola-mid-article\"><\/div>\n<\/div>\n<h3 class=\"article-body__section\" id=\"section-1-less-is-always-more\"><span>1. weniger ist immer mehr<\/span><\/h3>\n<figure class=\"van-image-figure inline-layout \" data-bordeaux-image-check>\n<div class=\"image-full-width-wrapper\">\n<div class=\"image-widthsetter\" style=\"max-width:2000px;\"><\/div>\n<\/div>\n<\/figure>\n<p>Das Wichtigste, was Sie bei der Dekoration mit welligem Dekor ber\u00fccksichtigen sollten, ist, dass weniger immer mehr ist. Der Stil ist unterschiedlich, was bedeutet, dass nur ein St\u00fcck aufgrund seiner einzigartigen Form einen Raum mit reichlichem Interesse bieten kann.<\/p>\n<div class=\"van_vid_carousel\">\n<div class=\"van_vid_carousel__padding\">\n<div class=\"van_vid_carousel__container\"><\/div>\n<\/div>\n<\/div>\n<p>Wir lieben den skurrilen Dekor -Trend, aber Sie m\u00f6chten vermeiden, mit Ihren welligen St\u00fccken zu weit zu gehen. Nehmen Sie eine minimalere Denkweise ein und integrieren Sie weniger (aber immer noch wirkungsvolle) St\u00fccke. &#8222;Weniger ist definitiv mehr bei der Einbeziehung von Wellendekoration, verwenden Sie nicht zu viel, sondern entscheiden Sie sich f\u00fcr ein oder zwei Statement -St\u00fccke.&#8220; Sagt Ness, Gr\u00fcnder der Wavy Decor Line Maud Vaughan. &#8218;Die Menschen f\u00fchlen sich nat\u00fcrlich von gekr\u00fcmmten Formen angezogen, so dass ein einzelner welliger Kerzenhalter oder ein Satz welliger Haken an der Wand sehr wirkungsvoll ist. Die Wellen k\u00f6nnen Kontrast und Gleichgewicht bieten &#8211; kombinierte Fl\u00fcssigkeiten, wellige Formen mit strukturierteren architektonischen Elementen. &#8218;<\/p>\n<div id=\"ad-unit-2\" class=\"ad-unit\"><\/div>\n<p>Trotz der zeitgen\u00f6ssischen Konnotationen der Kurve sagt Jenna Kincaid, Creative Director von Lulu &#038; Georgia: \u201eBei Verwendung mit Zur\u00fcckhaltung kann ein Hauch von Welle ein wunderbares Vintage -Gef\u00fchl verleihen. Kurven, Jakobsmuscheln und Wellen sind eine gro\u00dfartige M\u00f6glichkeit, einem Raum einen spielerischen Hauch von Pers\u00f6nlichkeit zu verleihen. &#8218;<\/p>\n<h3 class=\"article-body__section\" id=\"section-2-incorporate-small-wavy-accents\"><span>2. Integrieren Sie kleine wellige Akzente<\/span><\/h3>\n<figure class=\"van-image-figure inline-layout \" data-bordeaux-image-check>\n<div class=\"image-full-width-wrapper\">\n<div class=\"image-widthsetter\" style=\"max-width:2000px;\"><\/div>\n<\/div>\n<\/figure>\n<p>Sie m\u00fcssen mit dem welligen Look nicht gro\u00df werden. Kleine gekr\u00fcmmte Akzente bieten eine gro\u00dfartige Arbeit, um Laune hinzuzuf\u00fcgen und einen ansonsten eindimensionalen Raum zu kontrastieren.<\/p>\n<p>Es gibt viele Beispiele f\u00fcr welliges Dekor. Maud sagt, ihre Sammlung &#8222;hat sich seitdem um Lampen, Marmortabletts, Candelabras und Hooks erweitert, die alle die Signaturwelle enthalten, und die Welle bleibt ein wichtiges Designelement sowohl in unserer Vintage-Kuration als auch in zeitgen\u00f6ssischen Inhouse-Designs.&#8220;<\/p>\n<p>Um Ihre Ideen f\u00fcr Couchtischdekoration zu nageln, integrieren Sie kleine, wellige Ornamente, um die Variation und das Interesse in den Bereich zu verleihen. &#8222;Wenn Sie auf der Suche nach einer subtileren M\u00f6glichkeit sind, welliges Dekor einzubauen, konzentrieren Sie sich auf kleine dekorative Objekte, die den Trend widerspiegeln.&#8220; sagt Innenarchitektin Nina Lichtenstein. &#8222;Eine gewellte Keramikschale auf Ihrem Couchtisch, eine skulpturale, wellige Vase auf einem Beistelltisch oder wellige Kerzenhalter k\u00f6nnen Ihrem Raum eine moderne Kante geben, ohne den Raum zu \u00fcberw\u00e4ltigen.&#8220;<\/p>\n<div class=\"product-container hero-product-container product-block-no-wrap\"><\/div>\n<h3 class=\"article-body__section\" id=\"section-3-go-big-with-a-statement-mirror\"><span>3.. Gehen Sie mit einem Statement -Spiegel gro\u00df<\/span><\/h3>\n<figure class=\"van-image-figure inline-layout \" data-bordeaux-image-check>\n<div class=\"image-full-width-wrapper\">\n<div class=\"image-widthsetter\" style=\"max-width:2000px;\"><\/div>\n<\/div>\n<\/figure>\n<p>Wenn wir an gebogenes Dekor denken, tritt ein ikonisches St\u00fcck in den Sinn &#8211; dem welligen Spiegel. Wellenspiegel sind in allen Formen und Gr\u00f6\u00dfen erh\u00e4ltlich und k\u00f6nnen aufgrund ihrer unerwarteten und unkonventionellen Form oft einen Raum vielseitig und einzigartig sein. Das Dekorieren mit Spiegeln ist eine ausfallsichere Technik, die fast immer einen Raum mit Drama und Opulenz bietet.<\/p>\n<p>&#8222;Einer meiner pers\u00f6nlichen Favoriten f\u00fcr die Einf\u00fchrung eines welligen Dekors ist ein welliger Spiegel&#8220;, sagt Nina. &#8218;Es ist sowohl funktional als auch skulptural und dient als Statement -St\u00fcck, das den Fluss eines beliebigen Raums verbessert. Wenn ein welliger Spiegel strategisch platziert wird, kann er auch Licht reflektieren und den Raum \u00f6ffnen, wodurch ein Gef\u00fchl der Dimension erzeugt wird und gleichzeitig das Gesamtdesign verbessert. &#8218;<\/p>\n<p>&#8218;Platzieren Sie einen welligen Spiegel \u00fcber eine einfache, stromlinienf\u00f6rmige Konsolentabelle. Der Kontrast zwischen einem zur\u00fcckhaltenden M\u00f6belst\u00fcck und der spielerischen Kurve des Spiegels f\u00fcgt Intrigen und Laune hinzu, was den Raum erh\u00f6ht, ohne seine Raffinesse zu beeintr\u00e4chtigen \u201c, f\u00fcgt Nina hinzu.<\/p>\n<div class=\"product-container hero-product-container product-block-no-wrap\"><\/div>\n<h3 class=\"article-body__section\" id=\"section-4-create-contrast\"><span>4. Erstellen Sie Kontrast<\/span><\/h3>\n<figure class=\"van-image-figure inline-layout \" data-bordeaux-image-check>\n<div class=\"image-full-width-wrapper\">\n<div class=\"image-widthsetter\" style=\"max-width:2000px;\"><\/div>\n<\/div>\n<\/figure>\n<p>Um es zu vermeiden, es zu \u00fcbertreiben, entscheiden Sie sich f\u00fcr eine Handvoll wellige St\u00fccke, um sparsam um einen Raum zu streuen. Dies erzeugt Kontrast und verbessert die geometrischeren Formen, wodurch ein interessantes Gleichgewicht zwischen gekr\u00fcmmten und scharfen Linien erzeugt wird.<\/p>\n<p>&#8222;\u00dcben Sie den Kontrast im Innenarchitektur&#8220;, sagt Jenna. &#8218;Mischen wellige St\u00fccke mit strukturierteren oder ma\u00dfgeschneiderten Silhouetten ist der beste Weg, um den Trend zu integrieren, ohne zu verspielt zu sein. Das Schichten in nat\u00fcrlichen Elementen wie Holz oder Stein kann auch die organischen Formen erg\u00e4nzen und dem Zuhause W\u00e4rme und Tiefe verleihen und gleichzeitig frisch halten. &#8218;<\/p>\n<p>&#8218;Eine der leistungsst\u00e4rksten M\u00f6glichkeiten, um welliges Dekor in Ihr Zuhause zu integrieren, besteht darin, es mit minimalistischen, sauber ausgestatteten M\u00f6beln zu kontrastieren. Im Jahr 2025 ist das Gleichgewicht im Innenarchitektur entscheidend. Erw\u00e4gen Sie zum Beispiel, wellige Kopfteilideen mit einem neutralen, schlanken Bettrahmen zu kombinieren. &#8218; sagt Nina. &#8218;Die subtilen Wellen im Kopfteil k\u00f6nnen Bewegung und Weichheit in den Raum einf\u00fchren, ohne den Raum zu \u00fcberw\u00e4ltigen. Indem Sie diese organischen, flie\u00dfenden Elemente mit minimalistischen M\u00f6beln mischen, behalten Sie ein Gef\u00fchl der Ger\u00e4umigkeit bei, w\u00e4hrend Sie sich dem Trend immer noch g\u00f6nnen. &#8218;<\/p>\n<h3 class=\"article-body__section\" id=\"section-5-opt-for-curved-furniture\"><span>5. Entscheiden Sie sich f\u00fcr gekr\u00fcmmte M\u00f6bel<\/span><\/h3>\n<figure class=\"van-image-figure inline-layout \" data-bordeaux-image-check>\n<div class=\"image-full-width-wrapper\">\n<div class=\"image-widthsetter\" style=\"max-width:2000px;\"><\/div>\n<\/div>\n<\/figure>\n<p>Sie m\u00fcssen auch nicht buchst\u00e4blich mit welligem Dekor sein. Kurven z\u00e4hlen als eine Form der Welle und k\u00f6nnen jedem Raum ein weiches, einladendes Gef\u00fchl bringen.<\/p>\n<p>Sie h\u00e4tten die beliebte gebogene Couch zweifellos gesehen. Curvacious Furniture ist beliebt f\u00fcr seine F\u00e4higkeit, Weichheit und W\u00e4rme zu bringen, und bietet das perfekte Statement. &#8218;Im Jahr 2025 \u00fcbernehmen gebogene und wellige Formen auch M\u00f6beltrends. W\u00e4hrend wir in den letzten Jahren abgerundete Kanten an Sofas und Sesseln gesehen haben, wird sich der Fokus auf Polsterung mit welligen, kontinuierlichen Linien verlagern. Ein welliger Abschnitt oder gekr\u00fcmmter Liebesseat kann ein unmittelbares Gef\u00fchl von Luxus und Komfort verleihen. Um die Dinge frisch zu halten, w\u00e4hlen Sie Stoffe in reichen, erdigen T\u00f6nen wie Terrakotta, Moosgr\u00fcn oder Ozeanblau &#8222;, sagt Nina<\/p>\n<p>\u201eUm diese gr\u00f6\u00dferen Teile zu erg\u00e4nzen, werfen Sie Kissen und Decken in weichen, taktilen Stoffen wie Boucle oder Samt mit einem welligen Muster ein Interesse. Betrachten Sie wellenf\u00f6rmige Osmanen oder gekr\u00fcmmte Fu\u00dfm\u00e4ngel, die die gewundenen Linien Ihrer gr\u00f6\u00dferen M\u00f6belst\u00fccke erg\u00e4nzen. &#8218;<\/p>\n<hr>\n<p>Haben Sie keine Angst vor den Wellen. Sie k\u00f6nnen mutig erscheinen, aber sie sind tats\u00e4chlich eine gro\u00dfartige M\u00f6glichkeit, Charakter und Form in einen Raum zu bringen, der ein wenig Kontrast ben\u00f6tigt.<\/p>\n<p>Weitere Styling -Tipps f\u00fcr die Dekoration mit welligem Dekor finden Sie unter Erkundung, wie Sie in unserer dedizierten Funktion Kontrast in der Innenausstattung schaffen.<\/p>\n<\/div>\n","protected":false},"excerpt":{"rendered":"<p>Der wellige Dekor -Trend war f\u00fcr eine Weile der letzte Schrei. In den letzten Jahren h\u00e4tten Sie zweifellos irgendeine Form von welligem Spiegel, gekr\u00fcmmtem Sofa<\/p>\n","protected":false},"author":1,"featured_media":3376,"comment_status":"closed","ping_status":"","sticky":false,"template":"","format":"standard","meta":{"footnotes":""},"categories":[118],"tags":[112,216,9,1432,55,720,175,15,947,2659,504,5301],"class_list":["post-3375","post","type-post","status-publish","format-standard","has-post-thumbnail","hentry","category-haus-garten","tag-das","tag-designer","tag-die","tag-frisch","tag-fuer","tag-halten","tag-immer","tag-ist","tag-kurven","tag-noch","tag-trend","tag-wellendekor","generate-columns","tablet-grid-50","mobile-grid-100","grid-parent","grid-50"],"yoast_head":"<!-- This site is optimized with the Yoast SEO plugin v27.3 - https:\/\/yoast.com\/product\/yoast-seo-wordpress\/ -->\n<title>Ist das Wellendekor immer noch im Trend? So halten Designer die Kurven f\u00fcr 2025 frisch. - Nachrichten - Stra\u00dfenweb<\/title>\n<meta name=\"robots\" content=\"index, follow, max-snippet:-1, max-image-preview:large, max-video-preview:-1\" \/>\n<link rel=\"canonical\" href=\"https:\/\/www.strassenweb.de\/nachrichten\/ist-das-wellendekor-immer-noch-im-trend-so-halten-designer-die-kurven-fuer-2025-frisch\/\" \/>\n<meta property=\"og:locale\" content=\"de_DE\" \/>\n<meta property=\"og:type\" content=\"article\" \/>\n<meta property=\"og:title\" content=\"Ist das Wellendekor immer noch im Trend? So halten Designer die Kurven f\u00fcr 2025 frisch. - Nachrichten - Stra\u00dfenweb\" \/>\n<meta property=\"og:description\" content=\"Der wellige Dekor -Trend war f\u00fcr eine Weile der letzte Schrei. In den letzten Jahren h\u00e4tten Sie zweifellos irgendeine Form von welligem Spiegel, gekr\u00fcmmtem Sofa\" \/>\n<meta property=\"og:url\" content=\"https:\/\/www.strassenweb.de\/nachrichten\/ist-das-wellendekor-immer-noch-im-trend-so-halten-designer-die-kurven-fuer-2025-frisch\/\" \/>\n<meta property=\"og:site_name\" content=\"Stra\u00dfenweb\" \/>\n<meta property=\"article:publisher\" content=\"https:\/\/www.facebook.com\/strassenweb\/\" \/>\n<meta property=\"article:published_time\" content=\"2025-02-17T14:39:35+00:00\" \/>\n<meta property=\"article:modified_time\" content=\"2025-02-17T14:39:36+00:00\" \/>\n<meta property=\"og:image\" content=\"https:\/\/www.strassenweb.de\/nachrichten\/wp-content\/uploads\/2025\/02\/Ist-das-Wellendekor-immer-noch-im-Trend-So-halten-Designer.jpg\" \/>\n\t<meta property=\"og:image:width\" content=\"1200\" \/>\n\t<meta property=\"og:image:height\" content=\"1440\" \/>\n\t<meta property=\"og:image:type\" content=\"image\/jpeg\" \/>\n<meta name=\"author\" content=\"Robert Hoffmann\" \/>\n<meta name=\"twitter:card\" content=\"summary_large_image\" \/>\n<meta name=\"twitter:label1\" content=\"Verfasst von\" \/>\n\t<meta name=\"twitter:data1\" content=\"Robert Hoffmann\" \/>\n\t<meta name=\"twitter:label2\" content=\"Gesch\u00e4tzte Lesezeit\" \/>\n\t<meta name=\"twitter:data2\" content=\"6\u00a0Minuten\" \/>\n<script type=\"application\/ld+json\" class=\"yoast-schema-graph\">{\"@context\":\"https:\\\/\\\/schema.org\",\"@graph\":[{\"@type\":\"Article\",\"@id\":\"https:\\\/\\\/www.strassenweb.de\\\/nachrichten\\\/ist-das-wellendekor-immer-noch-im-trend-so-halten-designer-die-kurven-fuer-2025-frisch\\\/#article\",\"isPartOf\":{\"@id\":\"https:\\\/\\\/www.strassenweb.de\\\/nachrichten\\\/ist-das-wellendekor-immer-noch-im-trend-so-halten-designer-die-kurven-fuer-2025-frisch\\\/\"},\"author\":{\"name\":\"Robert Hoffmann\",\"@id\":\"https:\\\/\\\/www.strassenweb.de\\\/nachrichten\\\/#\\\/schema\\\/person\\\/87c9c9067f1211da429a744dc5a5aa41\"},\"headline\":\"Ist das Wellendekor immer noch im Trend? So halten Designer die Kurven f\u00fcr 2025 frisch.\",\"datePublished\":\"2025-02-17T14:39:35+00:00\",\"dateModified\":\"2025-02-17T14:39:36+00:00\",\"mainEntityOfPage\":{\"@id\":\"https:\\\/\\\/www.strassenweb.de\\\/nachrichten\\\/ist-das-wellendekor-immer-noch-im-trend-so-halten-designer-die-kurven-fuer-2025-frisch\\\/\"},\"wordCount\":1183,\"publisher\":{\"@id\":\"https:\\\/\\\/www.strassenweb.de\\\/nachrichten\\\/#organization\"},\"image\":{\"@id\":\"https:\\\/\\\/www.strassenweb.de\\\/nachrichten\\\/ist-das-wellendekor-immer-noch-im-trend-so-halten-designer-die-kurven-fuer-2025-frisch\\\/#primaryimage\"},\"thumbnailUrl\":\"https:\\\/\\\/www.strassenweb.de\\\/nachrichten\\\/wp-content\\\/uploads\\\/2025\\\/02\\\/Ist-das-Wellendekor-immer-noch-im-Trend-So-halten-Designer.jpg\",\"keywords\":[\"das\",\"Designer\",\"die\",\"frisch\",\"f\u00fcr\",\"halten\",\"immer\",\"ist\",\"Kurven\",\"noch\",\"Trend\",\"Wellendekor\"],\"articleSection\":[\"Haus &amp; Garten\"],\"inLanguage\":\"de\"},{\"@type\":\"WebPage\",\"@id\":\"https:\\\/\\\/www.strassenweb.de\\\/nachrichten\\\/ist-das-wellendekor-immer-noch-im-trend-so-halten-designer-die-kurven-fuer-2025-frisch\\\/\",\"url\":\"https:\\\/\\\/www.strassenweb.de\\\/nachrichten\\\/ist-das-wellendekor-immer-noch-im-trend-so-halten-designer-die-kurven-fuer-2025-frisch\\\/\",\"name\":\"Ist das Wellendekor immer noch im Trend? So halten Designer die Kurven f\u00fcr 2025 frisch. - Nachrichten - Stra\u00dfenweb\",\"isPartOf\":{\"@id\":\"https:\\\/\\\/www.strassenweb.de\\\/nachrichten\\\/#website\"},\"primaryImageOfPage\":{\"@id\":\"https:\\\/\\\/www.strassenweb.de\\\/nachrichten\\\/ist-das-wellendekor-immer-noch-im-trend-so-halten-designer-die-kurven-fuer-2025-frisch\\\/#primaryimage\"},\"image\":{\"@id\":\"https:\\\/\\\/www.strassenweb.de\\\/nachrichten\\\/ist-das-wellendekor-immer-noch-im-trend-so-halten-designer-die-kurven-fuer-2025-frisch\\\/#primaryimage\"},\"thumbnailUrl\":\"https:\\\/\\\/www.strassenweb.de\\\/nachrichten\\\/wp-content\\\/uploads\\\/2025\\\/02\\\/Ist-das-Wellendekor-immer-noch-im-Trend-So-halten-Designer.jpg\",\"datePublished\":\"2025-02-17T14:39:35+00:00\",\"dateModified\":\"2025-02-17T14:39:36+00:00\",\"breadcrumb\":{\"@id\":\"https:\\\/\\\/www.strassenweb.de\\\/nachrichten\\\/ist-das-wellendekor-immer-noch-im-trend-so-halten-designer-die-kurven-fuer-2025-frisch\\\/#breadcrumb\"},\"inLanguage\":\"de\",\"potentialAction\":[{\"@type\":\"ReadAction\",\"target\":[\"https:\\\/\\\/www.strassenweb.de\\\/nachrichten\\\/ist-das-wellendekor-immer-noch-im-trend-so-halten-designer-die-kurven-fuer-2025-frisch\\\/\"]}]},{\"@type\":\"ImageObject\",\"inLanguage\":\"de\",\"@id\":\"https:\\\/\\\/www.strassenweb.de\\\/nachrichten\\\/ist-das-wellendekor-immer-noch-im-trend-so-halten-designer-die-kurven-fuer-2025-frisch\\\/#primaryimage\",\"url\":\"https:\\\/\\\/www.strassenweb.de\\\/nachrichten\\\/wp-content\\\/uploads\\\/2025\\\/02\\\/Ist-das-Wellendekor-immer-noch-im-Trend-So-halten-Designer.jpg\",\"contentUrl\":\"https:\\\/\\\/www.strassenweb.de\\\/nachrichten\\\/wp-content\\\/uploads\\\/2025\\\/02\\\/Ist-das-Wellendekor-immer-noch-im-Trend-So-halten-Designer.jpg\",\"width\":1200,\"height\":1440,\"caption\":\"Ist das Wellendekor immer noch im Trend? So halten Designer die Kurven f\u00fcr 2025 frisch.\"},{\"@type\":\"BreadcrumbList\",\"@id\":\"https:\\\/\\\/www.strassenweb.de\\\/nachrichten\\\/ist-das-wellendekor-immer-noch-im-trend-so-halten-designer-die-kurven-fuer-2025-frisch\\\/#breadcrumb\",\"itemListElement\":[{\"@type\":\"ListItem\",\"position\":1,\"name\":\"Home\",\"item\":\"https:\\\/\\\/www.strassenweb.de\\\/nachrichten\\\/\"},{\"@type\":\"ListItem\",\"position\":2,\"name\":\"Ist das Wellendekor immer noch im Trend? So halten Designer die Kurven f\u00fcr 2025 frisch.\"}]},{\"@type\":\"WebSite\",\"@id\":\"https:\\\/\\\/www.strassenweb.de\\\/nachrichten\\\/#website\",\"url\":\"https:\\\/\\\/www.strassenweb.de\\\/nachrichten\\\/\",\"name\":\"Stra\u00dfenweb\",\"description\":\"Stra\u00dfenverzeichnis f\u00fcr Deutschland\",\"publisher\":{\"@id\":\"https:\\\/\\\/www.strassenweb.de\\\/nachrichten\\\/#organization\"},\"potentialAction\":[{\"@type\":\"SearchAction\",\"target\":{\"@type\":\"EntryPoint\",\"urlTemplate\":\"https:\\\/\\\/www.strassenweb.de\\\/nachrichten\\\/?s={search_term_string}\"},\"query-input\":{\"@type\":\"PropertyValueSpecification\",\"valueRequired\":true,\"valueName\":\"search_term_string\"}}],\"inLanguage\":\"de\"},{\"@type\":\"Organization\",\"@id\":\"https:\\\/\\\/www.strassenweb.de\\\/nachrichten\\\/#organization\",\"name\":\"Stra\u00dfenweb\",\"url\":\"https:\\\/\\\/www.strassenweb.de\\\/nachrichten\\\/\",\"logo\":{\"@type\":\"ImageObject\",\"inLanguage\":\"de\",\"@id\":\"https:\\\/\\\/www.strassenweb.de\\\/nachrichten\\\/#\\\/schema\\\/logo\\\/image\\\/\",\"url\":\"https:\\\/\\\/www.strassenweb.de\\\/nachrichten\\\/wp-content\\\/uploads\\\/2024\\\/09\\\/cropped-favicon.png\",\"contentUrl\":\"https:\\\/\\\/www.strassenweb.de\\\/nachrichten\\\/wp-content\\\/uploads\\\/2024\\\/09\\\/cropped-favicon.png\",\"width\":512,\"height\":512,\"caption\":\"Stra\u00dfenweb\"},\"image\":{\"@id\":\"https:\\\/\\\/www.strassenweb.de\\\/nachrichten\\\/#\\\/schema\\\/logo\\\/image\\\/\"},\"sameAs\":[\"https:\\\/\\\/www.facebook.com\\\/strassenweb\\\/\"]},{\"@type\":\"Person\",\"@id\":\"https:\\\/\\\/www.strassenweb.de\\\/nachrichten\\\/#\\\/schema\\\/person\\\/87c9c9067f1211da429a744dc5a5aa41\",\"name\":\"Robert Hoffmann\",\"image\":{\"@type\":\"ImageObject\",\"inLanguage\":\"de\",\"@id\":\"https:\\\/\\\/www.strassenweb.de\\\/nachrichten\\\/wp-content\\\/uploads\\\/2024\\\/09\\\/strassenweb-150x150.jpg\",\"url\":\"https:\\\/\\\/www.strassenweb.de\\\/nachrichten\\\/wp-content\\\/uploads\\\/2024\\\/09\\\/strassenweb-150x150.jpg\",\"contentUrl\":\"https:\\\/\\\/www.strassenweb.de\\\/nachrichten\\\/wp-content\\\/uploads\\\/2024\\\/09\\\/strassenweb-150x150.jpg\",\"caption\":\"Robert Hoffmann\"},\"description\":\"Ich hei\u00dfe Robert Hoffmann und ich bin ein leidenschaftlicher Verfechter von \u00d6kologie und Biodiversit\u00e4t. Seit meiner Kindheit in den W\u00e4ldern Bayerns f\u00fchle ich mich mit der Natur verbunden und bin entschlossen, sie zu sch\u00fctzen. Heute widme ich mein Leben der Sensibilisierung anderer f\u00fcr die Bedeutung des Umweltschutzes f\u00fcr zuk\u00fcnftige Generationen.\",\"sameAs\":[\"https:\\\/\\\/www.strassenweb.de\\\/\"]}]}<\/script>\n<!-- \/ Yoast SEO plugin. -->","yoast_head_json":{"title":"Ist das Wellendekor immer noch im Trend? So halten Designer die Kurven f\u00fcr 2025 frisch. - Nachrichten - Stra\u00dfenweb","robots":{"index":"index","follow":"follow","max-snippet":"max-snippet:-1","max-image-preview":"max-image-preview:large","max-video-preview":"max-video-preview:-1"},"canonical":"https:\/\/www.strassenweb.de\/nachrichten\/ist-das-wellendekor-immer-noch-im-trend-so-halten-designer-die-kurven-fuer-2025-frisch\/","og_locale":"de_DE","og_type":"article","og_title":"Ist das Wellendekor immer noch im Trend? So halten Designer die Kurven f\u00fcr 2025 frisch. - Nachrichten - Stra\u00dfenweb","og_description":"Der wellige Dekor -Trend war f\u00fcr eine Weile der letzte Schrei. In den letzten Jahren h\u00e4tten Sie zweifellos irgendeine Form von welligem Spiegel, gekr\u00fcmmtem Sofa","og_url":"https:\/\/www.strassenweb.de\/nachrichten\/ist-das-wellendekor-immer-noch-im-trend-so-halten-designer-die-kurven-fuer-2025-frisch\/","og_site_name":"Stra\u00dfenweb","article_publisher":"https:\/\/www.facebook.com\/strassenweb\/","article_published_time":"2025-02-17T14:39:35+00:00","article_modified_time":"2025-02-17T14:39:36+00:00","og_image":[{"width":1200,"height":1440,"url":"https:\/\/www.strassenweb.de\/nachrichten\/wp-content\/uploads\/2025\/02\/Ist-das-Wellendekor-immer-noch-im-Trend-So-halten-Designer.jpg","type":"image\/jpeg"}],"author":"Robert Hoffmann","twitter_card":"summary_large_image","twitter_misc":{"Verfasst von":"Robert Hoffmann","Gesch\u00e4tzte Lesezeit":"6\u00a0Minuten"},"schema":{"@context":"https:\/\/schema.org","@graph":[{"@type":"Article","@id":"https:\/\/www.strassenweb.de\/nachrichten\/ist-das-wellendekor-immer-noch-im-trend-so-halten-designer-die-kurven-fuer-2025-frisch\/#article","isPartOf":{"@id":"https:\/\/www.strassenweb.de\/nachrichten\/ist-das-wellendekor-immer-noch-im-trend-so-halten-designer-die-kurven-fuer-2025-frisch\/"},"author":{"name":"Robert Hoffmann","@id":"https:\/\/www.strassenweb.de\/nachrichten\/#\/schema\/person\/87c9c9067f1211da429a744dc5a5aa41"},"headline":"Ist das Wellendekor immer noch im Trend? So halten Designer die Kurven f\u00fcr 2025 frisch.","datePublished":"2025-02-17T14:39:35+00:00","dateModified":"2025-02-17T14:39:36+00:00","mainEntityOfPage":{"@id":"https:\/\/www.strassenweb.de\/nachrichten\/ist-das-wellendekor-immer-noch-im-trend-so-halten-designer-die-kurven-fuer-2025-frisch\/"},"wordCount":1183,"publisher":{"@id":"https:\/\/www.strassenweb.de\/nachrichten\/#organization"},"image":{"@id":"https:\/\/www.strassenweb.de\/nachrichten\/ist-das-wellendekor-immer-noch-im-trend-so-halten-designer-die-kurven-fuer-2025-frisch\/#primaryimage"},"thumbnailUrl":"https:\/\/www.strassenweb.de\/nachrichten\/wp-content\/uploads\/2025\/02\/Ist-das-Wellendekor-immer-noch-im-Trend-So-halten-Designer.jpg","keywords":["das","Designer","die","frisch","f\u00fcr","halten","immer","ist","Kurven","noch","Trend","Wellendekor"],"articleSection":["Haus &amp; Garten"],"inLanguage":"de"},{"@type":"WebPage","@id":"https:\/\/www.strassenweb.de\/nachrichten\/ist-das-wellendekor-immer-noch-im-trend-so-halten-designer-die-kurven-fuer-2025-frisch\/","url":"https:\/\/www.strassenweb.de\/nachrichten\/ist-das-wellendekor-immer-noch-im-trend-so-halten-designer-die-kurven-fuer-2025-frisch\/","name":"Ist das Wellendekor immer noch im Trend? So halten Designer die Kurven f\u00fcr 2025 frisch. - Nachrichten - Stra\u00dfenweb","isPartOf":{"@id":"https:\/\/www.strassenweb.de\/nachrichten\/#website"},"primaryImageOfPage":{"@id":"https:\/\/www.strassenweb.de\/nachrichten\/ist-das-wellendekor-immer-noch-im-trend-so-halten-designer-die-kurven-fuer-2025-frisch\/#primaryimage"},"image":{"@id":"https:\/\/www.strassenweb.de\/nachrichten\/ist-das-wellendekor-immer-noch-im-trend-so-halten-designer-die-kurven-fuer-2025-frisch\/#primaryimage"},"thumbnailUrl":"https:\/\/www.strassenweb.de\/nachrichten\/wp-content\/uploads\/2025\/02\/Ist-das-Wellendekor-immer-noch-im-Trend-So-halten-Designer.jpg","datePublished":"2025-02-17T14:39:35+00:00","dateModified":"2025-02-17T14:39:36+00:00","breadcrumb":{"@id":"https:\/\/www.strassenweb.de\/nachrichten\/ist-das-wellendekor-immer-noch-im-trend-so-halten-designer-die-kurven-fuer-2025-frisch\/#breadcrumb"},"inLanguage":"de","potentialAction":[{"@type":"ReadAction","target":["https:\/\/www.strassenweb.de\/nachrichten\/ist-das-wellendekor-immer-noch-im-trend-so-halten-designer-die-kurven-fuer-2025-frisch\/"]}]},{"@type":"ImageObject","inLanguage":"de","@id":"https:\/\/www.strassenweb.de\/nachrichten\/ist-das-wellendekor-immer-noch-im-trend-so-halten-designer-die-kurven-fuer-2025-frisch\/#primaryimage","url":"https:\/\/www.strassenweb.de\/nachrichten\/wp-content\/uploads\/2025\/02\/Ist-das-Wellendekor-immer-noch-im-Trend-So-halten-Designer.jpg","contentUrl":"https:\/\/www.strassenweb.de\/nachrichten\/wp-content\/uploads\/2025\/02\/Ist-das-Wellendekor-immer-noch-im-Trend-So-halten-Designer.jpg","width":1200,"height":1440,"caption":"Ist das Wellendekor immer noch im Trend? So halten Designer die Kurven f\u00fcr 2025 frisch."},{"@type":"BreadcrumbList","@id":"https:\/\/www.strassenweb.de\/nachrichten\/ist-das-wellendekor-immer-noch-im-trend-so-halten-designer-die-kurven-fuer-2025-frisch\/#breadcrumb","itemListElement":[{"@type":"ListItem","position":1,"name":"Home","item":"https:\/\/www.strassenweb.de\/nachrichten\/"},{"@type":"ListItem","position":2,"name":"Ist das Wellendekor immer noch im Trend? So halten Designer die Kurven f\u00fcr 2025 frisch."}]},{"@type":"WebSite","@id":"https:\/\/www.strassenweb.de\/nachrichten\/#website","url":"https:\/\/www.strassenweb.de\/nachrichten\/","name":"Stra\u00dfenweb","description":"Stra\u00dfenverzeichnis f\u00fcr Deutschland","publisher":{"@id":"https:\/\/www.strassenweb.de\/nachrichten\/#organization"},"potentialAction":[{"@type":"SearchAction","target":{"@type":"EntryPoint","urlTemplate":"https:\/\/www.strassenweb.de\/nachrichten\/?s={search_term_string}"},"query-input":{"@type":"PropertyValueSpecification","valueRequired":true,"valueName":"search_term_string"}}],"inLanguage":"de"},{"@type":"Organization","@id":"https:\/\/www.strassenweb.de\/nachrichten\/#organization","name":"Stra\u00dfenweb","url":"https:\/\/www.strassenweb.de\/nachrichten\/","logo":{"@type":"ImageObject","inLanguage":"de","@id":"https:\/\/www.strassenweb.de\/nachrichten\/#\/schema\/logo\/image\/","url":"https:\/\/www.strassenweb.de\/nachrichten\/wp-content\/uploads\/2024\/09\/cropped-favicon.png","contentUrl":"https:\/\/www.strassenweb.de\/nachrichten\/wp-content\/uploads\/2024\/09\/cropped-favicon.png","width":512,"height":512,"caption":"Stra\u00dfenweb"},"image":{"@id":"https:\/\/www.strassenweb.de\/nachrichten\/#\/schema\/logo\/image\/"},"sameAs":["https:\/\/www.facebook.com\/strassenweb\/"]},{"@type":"Person","@id":"https:\/\/www.strassenweb.de\/nachrichten\/#\/schema\/person\/87c9c9067f1211da429a744dc5a5aa41","name":"Robert Hoffmann","image":{"@type":"ImageObject","inLanguage":"de","@id":"https:\/\/www.strassenweb.de\/nachrichten\/wp-content\/uploads\/2024\/09\/strassenweb-150x150.jpg","url":"https:\/\/www.strassenweb.de\/nachrichten\/wp-content\/uploads\/2024\/09\/strassenweb-150x150.jpg","contentUrl":"https:\/\/www.strassenweb.de\/nachrichten\/wp-content\/uploads\/2024\/09\/strassenweb-150x150.jpg","caption":"Robert Hoffmann"},"description":"Ich hei\u00dfe Robert Hoffmann und ich bin ein leidenschaftlicher Verfechter von \u00d6kologie und Biodiversit\u00e4t. Seit meiner Kindheit in den W\u00e4ldern Bayerns f\u00fchle ich mich mit der Natur verbunden und bin entschlossen, sie zu sch\u00fctzen. Heute widme ich mein Leben der Sensibilisierung anderer f\u00fcr die Bedeutung des Umweltschutzes f\u00fcr zuk\u00fcnftige Generationen.","sameAs":["https:\/\/www.strassenweb.de\/"]}]}},"_links":{"self":[{"href":"https:\/\/www.strassenweb.de\/nachrichten\/wp-json\/wp\/v2\/posts\/3375","targetHints":{"allow":["GET"]}}],"collection":[{"href":"https:\/\/www.strassenweb.de\/nachrichten\/wp-json\/wp\/v2\/posts"}],"about":[{"href":"https:\/\/www.strassenweb.de\/nachrichten\/wp-json\/wp\/v2\/types\/post"}],"author":[{"embeddable":true,"href":"https:\/\/www.strassenweb.de\/nachrichten\/wp-json\/wp\/v2\/users\/1"}],"replies":[{"embeddable":true,"href":"https:\/\/www.strassenweb.de\/nachrichten\/wp-json\/wp\/v2\/comments?post=3375"}],"version-history":[{"count":0,"href":"https:\/\/www.strassenweb.de\/nachrichten\/wp-json\/wp\/v2\/posts\/3375\/revisions"}],"wp:featuredmedia":[{"embeddable":true,"href":"https:\/\/www.strassenweb.de\/nachrichten\/wp-json\/wp\/v2\/media\/3376"}],"wp:attachment":[{"href":"https:\/\/www.strassenweb.de\/nachrichten\/wp-json\/wp\/v2\/media?parent=3375"}],"wp:term":[{"taxonomy":"category","embeddable":true,"href":"https:\/\/www.strassenweb.de\/nachrichten\/wp-json\/wp\/v2\/categories?post=3375"},{"taxonomy":"post_tag","embeddable":true,"href":"https:\/\/www.strassenweb.de\/nachrichten\/wp-json\/wp\/v2\/tags?post=3375"}],"curies":[{"name":"wp","href":"https:\/\/api.w.org\/{rel}","templated":true}]}}