{"id":3369,"date":"2025-02-17T07:40:19","date_gmt":"2025-02-17T06:40:19","guid":{"rendered":"https:\/\/www.strassenweb.de\/nachrichten\/wie-man-florida-anis-anzieht-fuer-einen-einheimischen-immergruenen-strauch-der-im-schatten-gedeiht\/"},"modified":"2025-02-17T07:40:20","modified_gmt":"2025-02-17T06:40:20","slug":"wie-man-florida-anis-anzieht-fuer-einen-einheimischen-immergruenen-strauch-der-im-schatten-gedeiht","status":"publish","type":"post","link":"https:\/\/www.strassenweb.de\/nachrichten\/wie-man-florida-anis-anzieht-fuer-einen-einheimischen-immergruenen-strauch-der-im-schatten-gedeiht\/","title":{"rendered":"Wie man Florida Anis anzieht &#8211; f\u00fcr einen einheimischen immergr\u00fcnen Strauch, der im Schatten gedeiht"},"content":{"rendered":"<p><\/p>\n<div id=\"article-body\" class=\"article__body \">\n<p>Florida Anis, oder <em>Illicium Floridanum<\/em>ist ein spektakul\u00e4rer immergr\u00fcner Strauch. Es stammt aus den S\u00fcdosten der Vereinigten Staaten und w\u00e4chst wild in Florida, Georgia, Alabama und South Carolina. Mit ledrigen immergr\u00fcnen Bl\u00e4ttern und tiefen, spinnenartigen Bl\u00fcten ist leicht zu erkennen, warum dieser einheimische Strauch sehr gesucht ist.<\/p>\n<div id=\"ad-unit-1\" class=\"ad-unit\"><\/div>\n<p>Als Waldart gedeiht Florida Anis partiell in vollen Schatten. Dunklere Grenzen, die unter dem Baldachin eines gro\u00dfen Baumes oder von nach Norden ausgerichteten Werken stehen, sind oft als problematisch, aber Florida Anis kann dazu beitragen, selbst den schattigsten Werften Farbe zu verleihen.<\/p>\n<p>Wenn Sie also in diesem Jahr Ihre Landschaft verbessern m\u00f6chten, \u00fcberlegen Sie, wie Sie Florida Anis anbauen k\u00f6nnen, als eines der besten immergr\u00fcnen Str\u00e4ucher, das das ganzj\u00e4hrige Interesse bietet. Hier enth\u00fcllt ein einheimischer Pflanzenexperte aus Florida alles, was Sie \u00fcber das Wachstum und die Pflege dieses einheimischen Strauchs wissen m\u00fcssen, einschlie\u00dflich Tipps zum Pflanzen, Beschneiden und F\u00fctterung.<\/p>\n<div id=\"desktop-in-article\" class=\"in-article ad-unit\">\n<div id=\"desktop-taboola-mid-article\"><\/div>\n<\/div>\n<div id=\"mobile-in-article\" class=\"in-article ad-unit\">\n<div id=\"mobile-taboola-mid-article\"><\/div>\n<\/div>\n<figure class=\"van-image-figure inline-layout \" data-bordeaux-image-check>\n<div class=\"image-full-width-wrapper\">\n<div class=\"image-widthsetter\" style=\"max-width:2400px;\"><\/div>\n<\/div>\n<\/figure>\n<h2 id=\"how-to-grow-florida-anise-3\">Wie man Florida Anis anzieht<\/h2>\n<aside class=\"hawk-nest\" data-block-type=\"embed\" data-render-type=\"fte\" data-skip=\"dealsy\" data-widget-type=\"seasonal\">\n<div class=\"hawk-master-widget-hawk-base-wrapper\"><\/div>\n<\/aside>\n<p>Florida Anis Str\u00e4ucher produzieren Massen von 1,5-Zoll-Bl\u00fcten, die dunkelrot bis rosa sind, wie in den Bildern hier zu sehen. Diese Bl\u00fcten \u00f6ffnen sich im Fr\u00fchling und werden oft als einige der besten einheimischen Fr\u00fchlingsblumen angesehen, um Kolibris, Schmetterlinge und Bienen anzuziehen.<\/p>\n<div class=\"van_vid_carousel\">\n<div class=\"van_vid_carousel__padding\">\n<div class=\"van_vid_carousel__container\"><\/div>\n<\/div>\n<\/div>\n<p>Wenn Sie also die Migration der Kolibri unterst\u00fctzen und andere Best\u00e4uber in diesem Jahr zu Ihrer Verschw\u00f6rung ermutigen m\u00f6chten, ist es eine vern\u00fcnftige Idee, zu lernen, wie man Florida Anis anzieht.<\/p>\n<div id=\"ad-unit-2\" class=\"ad-unit\"><\/div>\n<h3 class=\"article-body__section\" id=\"section-growing-habits-for-florida-anise\"><span>Wachsende Gewohnheiten f\u00fcr Florida Anis<\/span><\/h3>\n<figure class=\"van-image-figure inline-layout \" data-bordeaux-image-check>\n<div class=\"image-full-width-wrapper\">\n<div class=\"image-widthsetter\" style=\"max-width:2000px;\"><\/div>\n<\/div>\n<\/figure>\n<p>&#8218;Die sternenklaren Bl\u00fcten, die Florida Anis schm\u00fccken, oder <em>Illicium Floridanum<\/em>sind seine gr\u00f6\u00dfte Auslosung \u201c, sagt Lilly Anderson-Messec, Pflanzenexperte und Direktorin von Nordflorida-Programmen f\u00fcr die Florida Native Plant Society. &#8222;Diese bemerkenswerten Blumen sehen aus wie Weihnachtsdekorationen, wenn sie im Fr\u00fchling erscheinen.&#8220;<\/p>\n<p>Diese Art w\u00e4chst am besten aus der US -amerikanischen H\u00e4rtheit Zone 7 Plus und ist in Nordflorida in den Hangw\u00e4ldern und Creekside beheimatet, w\u00e4chst aber auch in Zentralflorida erfolgreich \u201c, f\u00fcgt Lilly hinzu. &#8218;Florida Anis bevorzugt dazu, Dappled oder teilweise Sonne zu bevorzugen, wird aber auch im vollen Schatten gedeihen, wenn auch mit einer lockeren, offeneren Gewohnheit.<\/p>\n<p>&#8222;Es hat auch duftende Laub mit Anis-duftend&#8220;, sagt Lilly &#8222;,&#8220; produziert ein s\u00fc\u00dfer und lakerattischer Duft, wenn er zerquetscht ist. &#8220; Auf die gro\u00dfen, tiefroten Bl\u00fcten folgen sternf\u00f6rmige Fr\u00fcchte, die genauso aussehen wie das vertraute Gew\u00fcrz, Sternanise, das sich in derselben Pflanzengattung befindet. Leider ist die Florida -Anisfrucht jedoch giftig, wenn sie aufgenommen werden und nicht beim Kochen verwendet werden k\u00f6nnen.<\/p>\n<p>&#8222;Florida Anis erreicht bei der Reife 10 bis 15 Fu\u00df, aber es gibt Zwergsorten&#8220;, r\u00e4t Lilly. Warum f\u00fcr einen kleinen Hof versuchen Sie nicht &#8222;Sumpfhobbit&#8220;, einer Zwergsorte, die nicht mehr als zwei Fu\u00df erreicht, was es zu einer guten Bodenbedeckungsanlage f\u00fcr Schatten macht.<\/p>\n<p>Florida Anis ist eine bedrohte Art im Bundesstaat Florida, sodass immer Pflanzen von einem seri\u00f6sen Lieferanten oder Kindergarten beziehen. Florida Anis Live -Pflanzen sind bei Amazon erh\u00e4ltlich.<\/p>\n<h3 class=\"article-body__section\" id=\"section-care-guide-for-florida-anise\"><span>Pflegest\u00fctze f\u00fcr Florida Anis<\/span><\/h3>\n<figure class=\"van-image-figure inline-layout \" data-bordeaux-image-check>\n<div class=\"image-full-width-wrapper\">\n<div class=\"image-widthsetter\" style=\"max-width:2400px;\"><\/div>\n<\/div>\n<\/figure>\n<ul>\n<li><strong>Boden: <\/strong>Florida Anis kann eine Reihe von B\u00f6den tolerieren, einschlie\u00dflich Ton und Lehm. Diese Waldpflanze bevorzugt jedoch leicht saure B\u00f6den, die Feuchtigkeit behalten, wie Sie es in einem Wald entlang eines Baches oder Flusses finden k\u00f6nnten. Wenn Sie sich Sorgen \u00fcber die Qualit\u00e4t Ihrer Grenzen machen, sollten Sie vor dem Pflanzen in Betracht ziehen und so etwas wie diese Kiefernrindenmulch von Walmart verwenden, die dazu beitragen sollte, die Bodenstruktur zu verbessern und Feuchtigkeit in den warmen Sommermonaten zu erhalten.<\/li>\n<li><strong>Licht:<\/strong> Florida Anis ist eine der besten Schattenpflanzen und w\u00e4chst in teilweise oder tiefer Schatten am besten. Wenn Sie in einem Teil des Teils teilt, schatten Sie in der Nachmittagssonne, die die Bl\u00e4tter versengen und Ihre Pflanze besch\u00e4digen kann, sch\u00fctzen.<\/li>\n<li><strong>Bew\u00e4sserung:<\/strong> Tiefe Bew\u00e4sserung ist eine gute Idee, wenn Sie zum ersten Mal Florida Anis pflanzen. Tun Sie dies mindestens alle zwei Wochen im ersten Fr\u00fchling und Sommer, w\u00e4hrend es sich in Ihren Garten niederl\u00e4sst. Nachdem es sich etabliert hat, kann Florida Anis D\u00fcrreperioden bew\u00e4ltigen, obwohl Sie m\u00f6glicherweise zus\u00e4tzliches Wasser bereitstellen m\u00fcssen, wenn es im Juli oder August viele Wochen ohne Regen gibt.<\/li>\n<li><strong>D\u00fcngung: <\/strong>F\u00fcr Florida Anis wird kein D\u00fcnger ben\u00f6tigt. In den meisten F\u00e4llen kann diese einheimische Pflanze herausfinden, was sie aus dem Boden ben\u00f6tigt, sodass es h\u00e4ufig nicht erforderlich ist, D\u00fcnger zu liefern. Wenn Sie in einer Region mit schlechtem Boden wohnen, k\u00f6nnen Sie eine sehr leichte Anwendung von D\u00fcngemitteln f\u00fcr s\u00e4urliebende Pflanzen in Betracht ziehen, aber ich w\u00fcrde empfehlen, eine sehr kleine Dosis zu verwenden.<\/li>\n<li><strong>Beschneidung:<\/strong> Florida Anis erfordert kein regelm\u00e4\u00dfiges Beschneiden. Es wird weitaus besser aussehen, wenn Sie viel Platz in einem gro\u00dfen Grenze bieten, an dem es wachsen und eine nat\u00fcrliche Form erzeugen kann. Wenn Sie den Strauch kompakt halten m\u00f6chten, k\u00f6nnen Sie im sp\u00e4ten Winter oder im fr\u00fchen Fr\u00fchling beschneiden, bevor ein neues Wachstum zu schie\u00dfen beginnt. Verwenden Sie beim Beschneiden saubere, scharfe Werkzeuge wie diese Felco -Snips, die bei Walmart erh\u00e4ltlich sind.<\/li>\n<li><strong>Toxizit\u00e4t:<\/strong> Wie Lilly erw\u00e4hnte, sind die Fr\u00fcchte von Florida Anis giftig und sollten nicht konsumiert werden. Es gibt auch giftige Verbindungen in den Bl\u00e4ttern, Fr\u00fcchten und Samen. Tragen Sie also beim Pflanzen oder Beschneiden Handschuhe.<\/li>\n<\/ul>\n<h3 class=\"article-body__section\" id=\"section-faqs\"><span>FAQs<\/span><\/h3>\n<h2 id=\"can-i-grow-florida-anise-in-a-pot-3\">Kann ich Florida Anis in einem Topf wachsen?<\/h2>\n<p>Florida Anis kann in T\u00f6pfen angebaut werden. Verwenden Sie jedoch unbedingt einen gro\u00dfen Pflanzer, um sich f\u00fcr Ihren Strauch viel zu entwickeln. Verwenden Sie einen Topf mit einem Entw\u00e4sserungsloch und positionieren Sie ihn an einem Ort mit Teilseilschatten, um w\u00e4hrend des Fr\u00fchlings und Sommers zu gie\u00dfen und zu f\u00fcttern. Sie m\u00fcssen Ihren Strauch alle zwei Jahre einmal umsetzen, was je nach Gr\u00f6\u00dfe schwierig sein kann.<\/p>\n<hr>\n<p>Der lateinische Name f\u00fcr Florida Anis, <em>Illicium Floridanum<\/em>gibt einen Hinweis auf seinen starken und verlockenden Duft. <em>Illicium<\/em> kann von lateinisch in englisch als Bedeutung &#8222;das, was verlangt&#8220; \u00fcbersetzt werden. Die Verwendung duftender Evergreens wie Florida Anis ist immer eine gute M\u00f6glichkeit, Ihren Garten in eine sensorische Flucht zu verwandeln.<\/p>\n<p>Weitere Inspirationen f\u00fcr einheimische Pflanzen finden Sie in unserem Leitfaden zum Anbau von Rosen in Kalifornien, um Ihren Garten mit romantischen Rosenbl\u00fcten im Sommer und lebendigen H\u00fcften im Herbst zu f\u00fcllen.<\/p>\n<\/div>\n","protected":false},"excerpt":{"rendered":"<p>Florida Anis, oder Illicium Floridanumist ein spektakul\u00e4rer immergr\u00fcner Strauch. Es stammt aus den S\u00fcdosten der Vereinigten Staaten und w\u00e4chst wild in Florida, Georgia, Alabama und<\/p>\n","protected":false},"author":1,"featured_media":3370,"comment_status":"closed","ping_status":"","sticky":false,"template":"","format":"standard","meta":{"footnotes":""},"categories":[118],"tags":[5295,5296,81,166,2677,5294,55,5298,2692,134,4752,5297,26],"class_list":["post-3369","post","type-post","status-publish","format-standard","has-post-thumbnail","hentry","category-haus-garten","tag-anis","tag-anzieht","tag-der","tag-einen","tag-einheimischen","tag-florida","tag-fuer","tag-gedeiht","tag-immergruenen","tag-man","tag-schatten","tag-strauch","tag-wie","generate-columns","tablet-grid-50","mobile-grid-100","grid-parent","grid-50"],"yoast_head":"<!-- This site is optimized with the Yoast SEO plugin v27.3 - https:\/\/yoast.com\/product\/yoast-seo-wordpress\/ -->\n<title>Wie man Florida Anis anzieht - f\u00fcr einen einheimischen immergr\u00fcnen Strauch, der im Schatten gedeiht - Nachrichten - Stra\u00dfenweb<\/title>\n<meta name=\"robots\" content=\"index, follow, max-snippet:-1, max-image-preview:large, max-video-preview:-1\" \/>\n<link rel=\"canonical\" href=\"https:\/\/www.strassenweb.de\/nachrichten\/wie-man-florida-anis-anzieht-fuer-einen-einheimischen-immergruenen-strauch-der-im-schatten-gedeiht\/\" \/>\n<meta property=\"og:locale\" content=\"de_DE\" \/>\n<meta property=\"og:type\" content=\"article\" \/>\n<meta property=\"og:title\" content=\"Wie man Florida Anis anzieht - f\u00fcr einen einheimischen immergr\u00fcnen Strauch, der im Schatten gedeiht - Nachrichten - Stra\u00dfenweb\" \/>\n<meta property=\"og:description\" content=\"Florida Anis, oder Illicium Floridanumist ein spektakul\u00e4rer immergr\u00fcner Strauch. Es stammt aus den S\u00fcdosten der Vereinigten Staaten und w\u00e4chst wild in Florida, Georgia, Alabama und\" \/>\n<meta property=\"og:url\" content=\"https:\/\/www.strassenweb.de\/nachrichten\/wie-man-florida-anis-anzieht-fuer-einen-einheimischen-immergruenen-strauch-der-im-schatten-gedeiht\/\" \/>\n<meta property=\"og:site_name\" content=\"Stra\u00dfenweb\" \/>\n<meta property=\"article:publisher\" content=\"https:\/\/www.facebook.com\/strassenweb\/\" \/>\n<meta property=\"article:published_time\" content=\"2025-02-17T06:40:19+00:00\" \/>\n<meta property=\"article:modified_time\" content=\"2025-02-17T06:40:20+00:00\" \/>\n<meta property=\"og:image\" content=\"https:\/\/www.strassenweb.de\/nachrichten\/wp-content\/uploads\/2025\/02\/Wie-man-Florida-Anis-anzieht-fuer-einen-einheimischen-immergruenen.jpg\" \/>\n\t<meta property=\"og:image:width\" content=\"1200\" \/>\n\t<meta property=\"og:image:height\" content=\"1440\" \/>\n\t<meta property=\"og:image:type\" content=\"image\/jpeg\" \/>\n<meta name=\"author\" content=\"Robert Hoffmann\" \/>\n<meta name=\"twitter:card\" content=\"summary_large_image\" \/>\n<meta name=\"twitter:label1\" content=\"Verfasst von\" \/>\n\t<meta name=\"twitter:data1\" content=\"Robert Hoffmann\" \/>\n\t<meta name=\"twitter:label2\" content=\"Gesch\u00e4tzte Lesezeit\" \/>\n\t<meta name=\"twitter:data2\" content=\"5\u00a0Minuten\" \/>\n<script type=\"application\/ld+json\" class=\"yoast-schema-graph\">{\"@context\":\"https:\\\/\\\/schema.org\",\"@graph\":[{\"@type\":\"Article\",\"@id\":\"https:\\\/\\\/www.strassenweb.de\\\/nachrichten\\\/wie-man-florida-anis-anzieht-fuer-einen-einheimischen-immergruenen-strauch-der-im-schatten-gedeiht\\\/#article\",\"isPartOf\":{\"@id\":\"https:\\\/\\\/www.strassenweb.de\\\/nachrichten\\\/wie-man-florida-anis-anzieht-fuer-einen-einheimischen-immergruenen-strauch-der-im-schatten-gedeiht\\\/\"},\"author\":{\"name\":\"Robert Hoffmann\",\"@id\":\"https:\\\/\\\/www.strassenweb.de\\\/nachrichten\\\/#\\\/schema\\\/person\\\/87c9c9067f1211da429a744dc5a5aa41\"},\"headline\":\"Wie man Florida Anis anzieht &#8211; f\u00fcr einen einheimischen immergr\u00fcnen Strauch, der im Schatten gedeiht\",\"datePublished\":\"2025-02-17T06:40:19+00:00\",\"dateModified\":\"2025-02-17T06:40:20+00:00\",\"mainEntityOfPage\":{\"@id\":\"https:\\\/\\\/www.strassenweb.de\\\/nachrichten\\\/wie-man-florida-anis-anzieht-fuer-einen-einheimischen-immergruenen-strauch-der-im-schatten-gedeiht\\\/\"},\"wordCount\":1090,\"publisher\":{\"@id\":\"https:\\\/\\\/www.strassenweb.de\\\/nachrichten\\\/#organization\"},\"image\":{\"@id\":\"https:\\\/\\\/www.strassenweb.de\\\/nachrichten\\\/wie-man-florida-anis-anzieht-fuer-einen-einheimischen-immergruenen-strauch-der-im-schatten-gedeiht\\\/#primaryimage\"},\"thumbnailUrl\":\"https:\\\/\\\/www.strassenweb.de\\\/nachrichten\\\/wp-content\\\/uploads\\\/2025\\\/02\\\/Wie-man-Florida-Anis-anzieht-fuer-einen-einheimischen-immergruenen.jpg\",\"keywords\":[\"Anis\",\"anzieht\",\"der\",\"einen\",\"einheimischen\",\"Florida\",\"f\u00fcr\",\"gedeiht\",\"immergr\u00fcnen\",\"man\",\"Schatten\",\"Strauch\",\"Wie\"],\"articleSection\":[\"Haus &amp; Garten\"],\"inLanguage\":\"de\"},{\"@type\":\"WebPage\",\"@id\":\"https:\\\/\\\/www.strassenweb.de\\\/nachrichten\\\/wie-man-florida-anis-anzieht-fuer-einen-einheimischen-immergruenen-strauch-der-im-schatten-gedeiht\\\/\",\"url\":\"https:\\\/\\\/www.strassenweb.de\\\/nachrichten\\\/wie-man-florida-anis-anzieht-fuer-einen-einheimischen-immergruenen-strauch-der-im-schatten-gedeiht\\\/\",\"name\":\"Wie man Florida Anis anzieht - f\u00fcr einen einheimischen immergr\u00fcnen Strauch, der im Schatten gedeiht - Nachrichten - Stra\u00dfenweb\",\"isPartOf\":{\"@id\":\"https:\\\/\\\/www.strassenweb.de\\\/nachrichten\\\/#website\"},\"primaryImageOfPage\":{\"@id\":\"https:\\\/\\\/www.strassenweb.de\\\/nachrichten\\\/wie-man-florida-anis-anzieht-fuer-einen-einheimischen-immergruenen-strauch-der-im-schatten-gedeiht\\\/#primaryimage\"},\"image\":{\"@id\":\"https:\\\/\\\/www.strassenweb.de\\\/nachrichten\\\/wie-man-florida-anis-anzieht-fuer-einen-einheimischen-immergruenen-strauch-der-im-schatten-gedeiht\\\/#primaryimage\"},\"thumbnailUrl\":\"https:\\\/\\\/www.strassenweb.de\\\/nachrichten\\\/wp-content\\\/uploads\\\/2025\\\/02\\\/Wie-man-Florida-Anis-anzieht-fuer-einen-einheimischen-immergruenen.jpg\",\"datePublished\":\"2025-02-17T06:40:19+00:00\",\"dateModified\":\"2025-02-17T06:40:20+00:00\",\"breadcrumb\":{\"@id\":\"https:\\\/\\\/www.strassenweb.de\\\/nachrichten\\\/wie-man-florida-anis-anzieht-fuer-einen-einheimischen-immergruenen-strauch-der-im-schatten-gedeiht\\\/#breadcrumb\"},\"inLanguage\":\"de\",\"potentialAction\":[{\"@type\":\"ReadAction\",\"target\":[\"https:\\\/\\\/www.strassenweb.de\\\/nachrichten\\\/wie-man-florida-anis-anzieht-fuer-einen-einheimischen-immergruenen-strauch-der-im-schatten-gedeiht\\\/\"]}]},{\"@type\":\"ImageObject\",\"inLanguage\":\"de\",\"@id\":\"https:\\\/\\\/www.strassenweb.de\\\/nachrichten\\\/wie-man-florida-anis-anzieht-fuer-einen-einheimischen-immergruenen-strauch-der-im-schatten-gedeiht\\\/#primaryimage\",\"url\":\"https:\\\/\\\/www.strassenweb.de\\\/nachrichten\\\/wp-content\\\/uploads\\\/2025\\\/02\\\/Wie-man-Florida-Anis-anzieht-fuer-einen-einheimischen-immergruenen.jpg\",\"contentUrl\":\"https:\\\/\\\/www.strassenweb.de\\\/nachrichten\\\/wp-content\\\/uploads\\\/2025\\\/02\\\/Wie-man-Florida-Anis-anzieht-fuer-einen-einheimischen-immergruenen.jpg\",\"width\":1200,\"height\":1440,\"caption\":\"Wie man Florida Anis anzieht - f\u00fcr einen einheimischen immergr\u00fcnen Strauch, der im Schatten gedeiht\"},{\"@type\":\"BreadcrumbList\",\"@id\":\"https:\\\/\\\/www.strassenweb.de\\\/nachrichten\\\/wie-man-florida-anis-anzieht-fuer-einen-einheimischen-immergruenen-strauch-der-im-schatten-gedeiht\\\/#breadcrumb\",\"itemListElement\":[{\"@type\":\"ListItem\",\"position\":1,\"name\":\"Home\",\"item\":\"https:\\\/\\\/www.strassenweb.de\\\/nachrichten\\\/\"},{\"@type\":\"ListItem\",\"position\":2,\"name\":\"Wie man Florida Anis anzieht &#8211; f\u00fcr einen einheimischen immergr\u00fcnen Strauch, der im Schatten gedeiht\"}]},{\"@type\":\"WebSite\",\"@id\":\"https:\\\/\\\/www.strassenweb.de\\\/nachrichten\\\/#website\",\"url\":\"https:\\\/\\\/www.strassenweb.de\\\/nachrichten\\\/\",\"name\":\"Stra\u00dfenweb\",\"description\":\"Stra\u00dfenverzeichnis f\u00fcr Deutschland\",\"publisher\":{\"@id\":\"https:\\\/\\\/www.strassenweb.de\\\/nachrichten\\\/#organization\"},\"potentialAction\":[{\"@type\":\"SearchAction\",\"target\":{\"@type\":\"EntryPoint\",\"urlTemplate\":\"https:\\\/\\\/www.strassenweb.de\\\/nachrichten\\\/?s={search_term_string}\"},\"query-input\":{\"@type\":\"PropertyValueSpecification\",\"valueRequired\":true,\"valueName\":\"search_term_string\"}}],\"inLanguage\":\"de\"},{\"@type\":\"Organization\",\"@id\":\"https:\\\/\\\/www.strassenweb.de\\\/nachrichten\\\/#organization\",\"name\":\"Stra\u00dfenweb\",\"url\":\"https:\\\/\\\/www.strassenweb.de\\\/nachrichten\\\/\",\"logo\":{\"@type\":\"ImageObject\",\"inLanguage\":\"de\",\"@id\":\"https:\\\/\\\/www.strassenweb.de\\\/nachrichten\\\/#\\\/schema\\\/logo\\\/image\\\/\",\"url\":\"https:\\\/\\\/www.strassenweb.de\\\/nachrichten\\\/wp-content\\\/uploads\\\/2024\\\/09\\\/cropped-favicon.png\",\"contentUrl\":\"https:\\\/\\\/www.strassenweb.de\\\/nachrichten\\\/wp-content\\\/uploads\\\/2024\\\/09\\\/cropped-favicon.png\",\"width\":512,\"height\":512,\"caption\":\"Stra\u00dfenweb\"},\"image\":{\"@id\":\"https:\\\/\\\/www.strassenweb.de\\\/nachrichten\\\/#\\\/schema\\\/logo\\\/image\\\/\"},\"sameAs\":[\"https:\\\/\\\/www.facebook.com\\\/strassenweb\\\/\"]},{\"@type\":\"Person\",\"@id\":\"https:\\\/\\\/www.strassenweb.de\\\/nachrichten\\\/#\\\/schema\\\/person\\\/87c9c9067f1211da429a744dc5a5aa41\",\"name\":\"Robert Hoffmann\",\"image\":{\"@type\":\"ImageObject\",\"inLanguage\":\"de\",\"@id\":\"https:\\\/\\\/www.strassenweb.de\\\/nachrichten\\\/wp-content\\\/uploads\\\/2024\\\/09\\\/strassenweb-150x150.jpg\",\"url\":\"https:\\\/\\\/www.strassenweb.de\\\/nachrichten\\\/wp-content\\\/uploads\\\/2024\\\/09\\\/strassenweb-150x150.jpg\",\"contentUrl\":\"https:\\\/\\\/www.strassenweb.de\\\/nachrichten\\\/wp-content\\\/uploads\\\/2024\\\/09\\\/strassenweb-150x150.jpg\",\"caption\":\"Robert Hoffmann\"},\"description\":\"Ich hei\u00dfe Robert Hoffmann und ich bin ein leidenschaftlicher Verfechter von \u00d6kologie und Biodiversit\u00e4t. Seit meiner Kindheit in den W\u00e4ldern Bayerns f\u00fchle ich mich mit der Natur verbunden und bin entschlossen, sie zu sch\u00fctzen. Heute widme ich mein Leben der Sensibilisierung anderer f\u00fcr die Bedeutung des Umweltschutzes f\u00fcr zuk\u00fcnftige Generationen.\",\"sameAs\":[\"https:\\\/\\\/www.strassenweb.de\\\/\"]}]}<\/script>\n<!-- \/ Yoast SEO plugin. -->","yoast_head_json":{"title":"Wie man Florida Anis anzieht - f\u00fcr einen einheimischen immergr\u00fcnen Strauch, der im Schatten gedeiht - Nachrichten - Stra\u00dfenweb","robots":{"index":"index","follow":"follow","max-snippet":"max-snippet:-1","max-image-preview":"max-image-preview:large","max-video-preview":"max-video-preview:-1"},"canonical":"https:\/\/www.strassenweb.de\/nachrichten\/wie-man-florida-anis-anzieht-fuer-einen-einheimischen-immergruenen-strauch-der-im-schatten-gedeiht\/","og_locale":"de_DE","og_type":"article","og_title":"Wie man Florida Anis anzieht - f\u00fcr einen einheimischen immergr\u00fcnen Strauch, der im Schatten gedeiht - Nachrichten - Stra\u00dfenweb","og_description":"Florida Anis, oder Illicium Floridanumist ein spektakul\u00e4rer immergr\u00fcner Strauch. Es stammt aus den S\u00fcdosten der Vereinigten Staaten und w\u00e4chst wild in Florida, Georgia, Alabama und","og_url":"https:\/\/www.strassenweb.de\/nachrichten\/wie-man-florida-anis-anzieht-fuer-einen-einheimischen-immergruenen-strauch-der-im-schatten-gedeiht\/","og_site_name":"Stra\u00dfenweb","article_publisher":"https:\/\/www.facebook.com\/strassenweb\/","article_published_time":"2025-02-17T06:40:19+00:00","article_modified_time":"2025-02-17T06:40:20+00:00","og_image":[{"width":1200,"height":1440,"url":"https:\/\/www.strassenweb.de\/nachrichten\/wp-content\/uploads\/2025\/02\/Wie-man-Florida-Anis-anzieht-fuer-einen-einheimischen-immergruenen.jpg","type":"image\/jpeg"}],"author":"Robert Hoffmann","twitter_card":"summary_large_image","twitter_misc":{"Verfasst von":"Robert Hoffmann","Gesch\u00e4tzte Lesezeit":"5\u00a0Minuten"},"schema":{"@context":"https:\/\/schema.org","@graph":[{"@type":"Article","@id":"https:\/\/www.strassenweb.de\/nachrichten\/wie-man-florida-anis-anzieht-fuer-einen-einheimischen-immergruenen-strauch-der-im-schatten-gedeiht\/#article","isPartOf":{"@id":"https:\/\/www.strassenweb.de\/nachrichten\/wie-man-florida-anis-anzieht-fuer-einen-einheimischen-immergruenen-strauch-der-im-schatten-gedeiht\/"},"author":{"name":"Robert Hoffmann","@id":"https:\/\/www.strassenweb.de\/nachrichten\/#\/schema\/person\/87c9c9067f1211da429a744dc5a5aa41"},"headline":"Wie man Florida Anis anzieht &#8211; f\u00fcr einen einheimischen immergr\u00fcnen Strauch, der im Schatten gedeiht","datePublished":"2025-02-17T06:40:19+00:00","dateModified":"2025-02-17T06:40:20+00:00","mainEntityOfPage":{"@id":"https:\/\/www.strassenweb.de\/nachrichten\/wie-man-florida-anis-anzieht-fuer-einen-einheimischen-immergruenen-strauch-der-im-schatten-gedeiht\/"},"wordCount":1090,"publisher":{"@id":"https:\/\/www.strassenweb.de\/nachrichten\/#organization"},"image":{"@id":"https:\/\/www.strassenweb.de\/nachrichten\/wie-man-florida-anis-anzieht-fuer-einen-einheimischen-immergruenen-strauch-der-im-schatten-gedeiht\/#primaryimage"},"thumbnailUrl":"https:\/\/www.strassenweb.de\/nachrichten\/wp-content\/uploads\/2025\/02\/Wie-man-Florida-Anis-anzieht-fuer-einen-einheimischen-immergruenen.jpg","keywords":["Anis","anzieht","der","einen","einheimischen","Florida","f\u00fcr","gedeiht","immergr\u00fcnen","man","Schatten","Strauch","Wie"],"articleSection":["Haus &amp; Garten"],"inLanguage":"de"},{"@type":"WebPage","@id":"https:\/\/www.strassenweb.de\/nachrichten\/wie-man-florida-anis-anzieht-fuer-einen-einheimischen-immergruenen-strauch-der-im-schatten-gedeiht\/","url":"https:\/\/www.strassenweb.de\/nachrichten\/wie-man-florida-anis-anzieht-fuer-einen-einheimischen-immergruenen-strauch-der-im-schatten-gedeiht\/","name":"Wie man Florida Anis anzieht - f\u00fcr einen einheimischen immergr\u00fcnen Strauch, der im Schatten gedeiht - Nachrichten - Stra\u00dfenweb","isPartOf":{"@id":"https:\/\/www.strassenweb.de\/nachrichten\/#website"},"primaryImageOfPage":{"@id":"https:\/\/www.strassenweb.de\/nachrichten\/wie-man-florida-anis-anzieht-fuer-einen-einheimischen-immergruenen-strauch-der-im-schatten-gedeiht\/#primaryimage"},"image":{"@id":"https:\/\/www.strassenweb.de\/nachrichten\/wie-man-florida-anis-anzieht-fuer-einen-einheimischen-immergruenen-strauch-der-im-schatten-gedeiht\/#primaryimage"},"thumbnailUrl":"https:\/\/www.strassenweb.de\/nachrichten\/wp-content\/uploads\/2025\/02\/Wie-man-Florida-Anis-anzieht-fuer-einen-einheimischen-immergruenen.jpg","datePublished":"2025-02-17T06:40:19+00:00","dateModified":"2025-02-17T06:40:20+00:00","breadcrumb":{"@id":"https:\/\/www.strassenweb.de\/nachrichten\/wie-man-florida-anis-anzieht-fuer-einen-einheimischen-immergruenen-strauch-der-im-schatten-gedeiht\/#breadcrumb"},"inLanguage":"de","potentialAction":[{"@type":"ReadAction","target":["https:\/\/www.strassenweb.de\/nachrichten\/wie-man-florida-anis-anzieht-fuer-einen-einheimischen-immergruenen-strauch-der-im-schatten-gedeiht\/"]}]},{"@type":"ImageObject","inLanguage":"de","@id":"https:\/\/www.strassenweb.de\/nachrichten\/wie-man-florida-anis-anzieht-fuer-einen-einheimischen-immergruenen-strauch-der-im-schatten-gedeiht\/#primaryimage","url":"https:\/\/www.strassenweb.de\/nachrichten\/wp-content\/uploads\/2025\/02\/Wie-man-Florida-Anis-anzieht-fuer-einen-einheimischen-immergruenen.jpg","contentUrl":"https:\/\/www.strassenweb.de\/nachrichten\/wp-content\/uploads\/2025\/02\/Wie-man-Florida-Anis-anzieht-fuer-einen-einheimischen-immergruenen.jpg","width":1200,"height":1440,"caption":"Wie man Florida Anis anzieht - f\u00fcr einen einheimischen immergr\u00fcnen Strauch, der im Schatten gedeiht"},{"@type":"BreadcrumbList","@id":"https:\/\/www.strassenweb.de\/nachrichten\/wie-man-florida-anis-anzieht-fuer-einen-einheimischen-immergruenen-strauch-der-im-schatten-gedeiht\/#breadcrumb","itemListElement":[{"@type":"ListItem","position":1,"name":"Home","item":"https:\/\/www.strassenweb.de\/nachrichten\/"},{"@type":"ListItem","position":2,"name":"Wie man Florida Anis anzieht &#8211; f\u00fcr einen einheimischen immergr\u00fcnen Strauch, der im Schatten gedeiht"}]},{"@type":"WebSite","@id":"https:\/\/www.strassenweb.de\/nachrichten\/#website","url":"https:\/\/www.strassenweb.de\/nachrichten\/","name":"Stra\u00dfenweb","description":"Stra\u00dfenverzeichnis f\u00fcr Deutschland","publisher":{"@id":"https:\/\/www.strassenweb.de\/nachrichten\/#organization"},"potentialAction":[{"@type":"SearchAction","target":{"@type":"EntryPoint","urlTemplate":"https:\/\/www.strassenweb.de\/nachrichten\/?s={search_term_string}"},"query-input":{"@type":"PropertyValueSpecification","valueRequired":true,"valueName":"search_term_string"}}],"inLanguage":"de"},{"@type":"Organization","@id":"https:\/\/www.strassenweb.de\/nachrichten\/#organization","name":"Stra\u00dfenweb","url":"https:\/\/www.strassenweb.de\/nachrichten\/","logo":{"@type":"ImageObject","inLanguage":"de","@id":"https:\/\/www.strassenweb.de\/nachrichten\/#\/schema\/logo\/image\/","url":"https:\/\/www.strassenweb.de\/nachrichten\/wp-content\/uploads\/2024\/09\/cropped-favicon.png","contentUrl":"https:\/\/www.strassenweb.de\/nachrichten\/wp-content\/uploads\/2024\/09\/cropped-favicon.png","width":512,"height":512,"caption":"Stra\u00dfenweb"},"image":{"@id":"https:\/\/www.strassenweb.de\/nachrichten\/#\/schema\/logo\/image\/"},"sameAs":["https:\/\/www.facebook.com\/strassenweb\/"]},{"@type":"Person","@id":"https:\/\/www.strassenweb.de\/nachrichten\/#\/schema\/person\/87c9c9067f1211da429a744dc5a5aa41","name":"Robert Hoffmann","image":{"@type":"ImageObject","inLanguage":"de","@id":"https:\/\/www.strassenweb.de\/nachrichten\/wp-content\/uploads\/2024\/09\/strassenweb-150x150.jpg","url":"https:\/\/www.strassenweb.de\/nachrichten\/wp-content\/uploads\/2024\/09\/strassenweb-150x150.jpg","contentUrl":"https:\/\/www.strassenweb.de\/nachrichten\/wp-content\/uploads\/2024\/09\/strassenweb-150x150.jpg","caption":"Robert Hoffmann"},"description":"Ich hei\u00dfe Robert Hoffmann und ich bin ein leidenschaftlicher Verfechter von \u00d6kologie und Biodiversit\u00e4t. Seit meiner Kindheit in den W\u00e4ldern Bayerns f\u00fchle ich mich mit der Natur verbunden und bin entschlossen, sie zu sch\u00fctzen. Heute widme ich mein Leben der Sensibilisierung anderer f\u00fcr die Bedeutung des Umweltschutzes f\u00fcr zuk\u00fcnftige Generationen.","sameAs":["https:\/\/www.strassenweb.de\/"]}]}},"_links":{"self":[{"href":"https:\/\/www.strassenweb.de\/nachrichten\/wp-json\/wp\/v2\/posts\/3369","targetHints":{"allow":["GET"]}}],"collection":[{"href":"https:\/\/www.strassenweb.de\/nachrichten\/wp-json\/wp\/v2\/posts"}],"about":[{"href":"https:\/\/www.strassenweb.de\/nachrichten\/wp-json\/wp\/v2\/types\/post"}],"author":[{"embeddable":true,"href":"https:\/\/www.strassenweb.de\/nachrichten\/wp-json\/wp\/v2\/users\/1"}],"replies":[{"embeddable":true,"href":"https:\/\/www.strassenweb.de\/nachrichten\/wp-json\/wp\/v2\/comments?post=3369"}],"version-history":[{"count":0,"href":"https:\/\/www.strassenweb.de\/nachrichten\/wp-json\/wp\/v2\/posts\/3369\/revisions"}],"wp:featuredmedia":[{"embeddable":true,"href":"https:\/\/www.strassenweb.de\/nachrichten\/wp-json\/wp\/v2\/media\/3370"}],"wp:attachment":[{"href":"https:\/\/www.strassenweb.de\/nachrichten\/wp-json\/wp\/v2\/media?parent=3369"}],"wp:term":[{"taxonomy":"category","embeddable":true,"href":"https:\/\/www.strassenweb.de\/nachrichten\/wp-json\/wp\/v2\/categories?post=3369"},{"taxonomy":"post_tag","embeddable":true,"href":"https:\/\/www.strassenweb.de\/nachrichten\/wp-json\/wp\/v2\/tags?post=3369"}],"curies":[{"name":"wp","href":"https:\/\/api.w.org\/{rel}","templated":true}]}}