{"id":3360,"date":"2025-02-16T19:41:12","date_gmt":"2025-02-16T18:41:12","guid":{"rendered":"https:\/\/www.strassenweb.de\/nachrichten\/3-uebersehene-farben-von-denen-sie-nie-gedacht-haben-dass-sie-in-ihrer-kueche-arbeiten-koennten-aber-innenarchitekten-schwoeren-auf-sie\/"},"modified":"2025-02-16T19:41:13","modified_gmt":"2025-02-16T18:41:13","slug":"3-uebersehene-farben-von-denen-sie-nie-gedacht-haben-dass-sie-in-ihrer-kueche-arbeiten-koennten-aber-innenarchitekten-schwoeren-auf-sie","status":"publish","type":"post","link":"https:\/\/www.strassenweb.de\/nachrichten\/3-uebersehene-farben-von-denen-sie-nie-gedacht-haben-dass-sie-in-ihrer-kueche-arbeiten-koennten-aber-innenarchitekten-schwoeren-auf-sie\/","title":{"rendered":"3 \u00fcbersehene Farben, von denen Sie nie gedacht haben, dass sie in Ihrer K\u00fcche arbeiten k\u00f6nnten &#8211; aber Innenarchitekten schw\u00f6ren auf sie"},"content":{"rendered":"<p><\/p>\n<div id=\"article-body\" class=\"article__body \">\n<p>Die Auswahl eines Farbschemas f\u00fcr Ihre K\u00fcche ist eine wichtige Entscheidung, um richtig zu werden. K\u00fcchen dient als Herzst\u00fcck des Hauses und sind oft die am h\u00e4ufigsten verwendeten R\u00e4ume, die so funktional wie sozial sind.<\/p>\n<div id=\"ad-unit-1\" class=\"ad-unit\"><\/div>\n<p>Und w\u00e4hrend eine Palette von weichen Neutralen Zeitlosigkeit bietet, lohnt es sich ebenso, abenteuerlustige Farbt\u00f6ne in der K\u00fcche zu erkunden. Unerwartete Ideen f\u00fcr die K\u00fcchenfarbe k\u00f6nnen sicher sein, was ben\u00f6tigt wird, um diesem n\u00fctzlichen Raum Designinteresse zu verleihen.<\/p>\n<aside class=\"hawk-nest\" data-block-type=\"embed\" data-render-type=\"fte\" data-skip=\"dealsy\" data-widget-type=\"seasonal\">\n<div class=\"hawk-master-widget-hawk-base-wrapper\"><\/div>\n<\/aside>\n<p>Im Folgenden haben wir drei K\u00fcchenfarben zusammengestellt, die oft \u00fcbersehen werden, aber Innenarchitekten empfehlen einen stilvollen Raum.<\/p>\n<div id=\"desktop-in-article\" class=\"in-article ad-unit\">\n<div id=\"desktop-taboola-mid-article\"><\/div>\n<\/div>\n<div id=\"mobile-in-article\" class=\"in-article ad-unit\">\n<div id=\"mobile-taboola-mid-article\"><\/div>\n<\/div>\n<h3 class=\"article-body__section\" id=\"section-1-teal\"><span>1. blaugr\u00fcn<\/span><\/h3>\n<figure class=\"van-image-figure inline-layout \" data-bordeaux-image-check>\n<div class=\"image-full-width-wrapper\">\n<div class=\"image-widthsetter\" style=\"max-width:2400px;\"><\/div>\n<\/div>\n<\/figure>\n<p>Es wird erwartet, dass Dekoration mit Teal im Jahr 2025 gro\u00df ist. Eine Zwischenfarbe, die Untert\u00f6ne von blau und gr\u00fcn enth\u00e4lt. Teal gibt eine Aussage ab und kann von mittleren T\u00f6nen variieren, die sich spielerisch bis dunklere Variationen anf\u00fchlen, die zu Hause Opulenz verleihen.<\/p>\n<div class=\"van_vid_carousel\">\n<div class=\"van_vid_carousel__padding\">\n<div class=\"van_vid_carousel__container\"><\/div>\n<\/div>\n<\/div>\n<p>Wenn es um K\u00fcchen geht, kanalisieren Designer diesen kr\u00e4ftigen Farbton, sei es als Wandfarbe oder \u00fcber K\u00fcchenschr\u00e4nke und verleiht dem Herzen des Hauses Interesse und Charakter. Im Folgenden wird der Innenarchitekt Natalia Miyar auf dieser Abkehr von leichteren Neutralen ausgestattet:<\/p>\n<div id=\"ad-unit-2\" class=\"ad-unit\"><\/div>\n<p>&#8218;K\u00fcchen haben sich traditionell zu neutralen Farben wie Wei\u00df, Grau und Beige gelehnt, aber das Hinzuf\u00fcgen von Farbe kann Pers\u00f6nlichkeit und W\u00e4rme wirklich in den Raum bringen &#8211; besonders wenn sie auch als Essbereich dient. Farbe kann die Stimmung setzen, visuelles Interesse wecken und den Raum einladender anf\u00fchlen. &#8218;<\/p>\n<p>Designer Tineke Triggs ist auch ein Fan von Teal in K\u00fcchen, insbesondere in geschickten T\u00f6nen, und f\u00fcgt hinzu: \u201eEine weniger ges\u00e4ttigte Teal f\u00fchlt sich historisch und doch frisch an und bringt Tiefe, ohne \u00fcberw\u00e4ltigend zu sein. Es ist gro\u00dfartig f\u00fcr Schr\u00e4nke, gepaart mit geschliffenen Kalkstein- oder Speisesteinplatten. &#8218;<\/p>\n<h3 class=\"article-body__section\" id=\"section-2-yellow\"><span>2. Gelb<\/span><\/h3>\n<figure class=\"van-image-figure inline-layout \" data-bordeaux-image-check>\n<div class=\"image-full-width-wrapper\">\n<div class=\"image-widthsetter\" style=\"max-width:2000px;\"><\/div>\n<\/div>\n<\/figure>\n<p>Gelbe K\u00fcchen sind oft mit datierten Innenarchitekten -Trends verbunden, aber es ist ein fr\u00f6hlicher Schatten, der in diesem sozialen Raum unglaublich gut funktionieren kann. Von Butter-Gelbs, die einen abgerissenen und neutralen Look zu viel lebendigeren orangefarbenen Gelben bieten, wie in dieser Bauernhause-K\u00fcche zu sehen ist, ist Yellow in vielen Formen als unerwartete Farbe, die Designer f\u00fcr 2025 ein Verfechter haben:<\/p>\n<p>&#8222;Yellow Ocker ist eine sch\u00f6ne Farbe in einer Landk\u00fcche, die oft als eine Sache der Vergangenheit \u00fcbersehen wird, aber wenn sie richtig gemacht wird, kann es so warm und einladend sein&#8220;, sagt Innenarchitektin Sarah Latham von Latham Interiors.<\/p>\n<p>&#8222;Wir haben k\u00fcrzlich K\u00fcchenschr\u00e4nke eine buttergelbe Farbe gestrichen, die Sie heutzutage nicht oft sehen&#8220;, f\u00fcgt Designerin Ann Wolf aus dem in Houston ans\u00e4ssigen Wolf Holden Design hinzu, der sich f\u00fcr Benjamin Moores Golden Tan entschied. &#8222;Es f\u00fchlt sich wie ein R\u00fcckfall in die 1950er Jahre an, aber es ist frisch und gl\u00fccklich.&#8220;<\/p>\n<h3 class=\"article-body__section\" id=\"section-3-olive-green\"><span>3. Olivengr\u00fcn<\/span><\/h3>\n<figure class=\"van-image-figure inline-layout \" data-bordeaux-image-check>\n<div class=\"image-full-width-wrapper\">\n<div class=\"image-widthsetter\" style=\"max-width:2000px;\"><\/div>\n<\/div>\n<\/figure>\n<p>W\u00e4hrend sich dunkelgr\u00fcne Farben an die neuesten Farbtrends ausrichten f\u00fchlen, sagen Designer, dass Olivengr\u00fcn -T\u00f6ne in K\u00fcchenfarben h\u00e4ufig \u00fcbersehen werden k\u00f6nnen.<\/p>\n<p>&#8222;Eine K\u00fcchenfarbe, die oft \u00fcbersehen wird, aber ich liebe absolut ein tiefes Olivengr\u00fcn&#8220;, sagt Innenarchitektin Jessika Gatewood von Gatewood Designs. \u201eEs hat ein Erdung, naturverpirchliches Gef\u00fchl und f\u00fchlt sich dennoch reich und raffiniert an. Im Gegensatz zu den h\u00e4ufigeren Weisengr\u00fcns hat Deep Olive ein bisschen W\u00e4rme, was es wunderbar mit nat\u00fcrlichen W\u00e4ldern, Messinghardware und cremigen Arbeitsplatten kombiniert. &#8218;<\/p>\n<p>Bei der Auswahl dieses mutigen Farbton f\u00fcr K\u00fcchenschr\u00e4nke empfiehlt Jessika, ihn mit einer leichten neutralen Farbe an den W\u00e4nden auszubalancieren und hinzuzuf\u00fcgen: \u201eKombinieren Sie es mit warmen wei\u00dfen W\u00e4nden (wie Benjamin Moores Schweizer Kaffee), damit es sich frisch und luftig anf\u00fchlt, w\u00e4hrend Sie sich frisch und luftig f\u00fchlen, &#8218; kann &#8217;nat\u00fcrliche Texturen &#8211; Holzbalken, gewebte Leuchten oder handgefertigte Fliesen &#8211; einbeziehen, um Tiefe und W\u00e4rme hinzuzuf\u00fcgen.&#8216;<\/p>\n<hr>\n<p>Wenn Sie dieses Jahr Ihr K\u00fcchenfarbenschema auffrischen m\u00f6chten, sind diese \u00fcbersehenen Farbt\u00f6ne es wert, erkundet zu werden. Egal, ob Sie einen fr\u00f6hlichen Raum mit einem gelben Farbschema schaffen m\u00f6chten oder sich in etwas Launischeres mit dunkelgr\u00fcnerem R\u00fccken lehnen, jede dieser Farben wird dem Herzen des Hauses Aufregung verleihen.<\/p>\n<\/div>\n","protected":false},"excerpt":{"rendered":"<p>Die Auswahl eines Farbschemas f\u00fcr Ihre K\u00fcche ist eine wichtige Entscheidung, um richtig zu werden. K\u00fcchen dient als Herzst\u00fcck des Hauses und sind oft die<\/p>\n","protected":false},"author":1,"featured_media":3361,"comment_status":"closed","ping_status":"","sticky":false,"template":"","format":"standard","meta":{"footnotes":""},"categories":[118],"tags":[357,310,46,51,2718,874,5284,469,11,717,674,468,460,1971,165,4966,21],"class_list":["post-3360","post","type-post","status-publish","format-standard","has-post-thumbnail","hentry","category-haus-garten","tag-aber","tag-arbeiten","tag-auf","tag-dass","tag-denen","tag-farben","tag-gedacht","tag-haben","tag-ihrer","tag-innenarchitekten","tag-koennten","tag-kueche","tag-nie","tag-schwoeren","tag-sie","tag-uebersehene","tag-von","generate-columns","tablet-grid-50","mobile-grid-100","grid-parent","grid-50"],"yoast_head":"<!-- This site is optimized with the Yoast SEO plugin v27.3 - https:\/\/yoast.com\/product\/yoast-seo-wordpress\/ -->\n<title>3 \u00fcbersehene Farben, von denen Sie nie gedacht haben, dass sie in Ihrer K\u00fcche arbeiten k\u00f6nnten - aber Innenarchitekten schw\u00f6ren auf sie - Nachrichten - Stra\u00dfenweb<\/title>\n<meta name=\"robots\" content=\"index, follow, max-snippet:-1, max-image-preview:large, max-video-preview:-1\" \/>\n<link rel=\"canonical\" href=\"https:\/\/www.strassenweb.de\/nachrichten\/3-uebersehene-farben-von-denen-sie-nie-gedacht-haben-dass-sie-in-ihrer-kueche-arbeiten-koennten-aber-innenarchitekten-schwoeren-auf-sie\/\" \/>\n<meta property=\"og:locale\" content=\"de_DE\" \/>\n<meta property=\"og:type\" content=\"article\" \/>\n<meta property=\"og:title\" content=\"3 \u00fcbersehene Farben, von denen Sie nie gedacht haben, dass sie in Ihrer K\u00fcche arbeiten k\u00f6nnten - aber Innenarchitekten schw\u00f6ren auf sie - Nachrichten - Stra\u00dfenweb\" \/>\n<meta property=\"og:description\" content=\"Die Auswahl eines Farbschemas f\u00fcr Ihre K\u00fcche ist eine wichtige Entscheidung, um richtig zu werden. K\u00fcchen dient als Herzst\u00fcck des Hauses und sind oft die\" \/>\n<meta property=\"og:url\" content=\"https:\/\/www.strassenweb.de\/nachrichten\/3-uebersehene-farben-von-denen-sie-nie-gedacht-haben-dass-sie-in-ihrer-kueche-arbeiten-koennten-aber-innenarchitekten-schwoeren-auf-sie\/\" \/>\n<meta property=\"og:site_name\" content=\"Stra\u00dfenweb\" \/>\n<meta property=\"article:publisher\" content=\"https:\/\/www.facebook.com\/strassenweb\/\" \/>\n<meta property=\"article:published_time\" content=\"2025-02-16T18:41:12+00:00\" \/>\n<meta property=\"article:modified_time\" content=\"2025-02-16T18:41:13+00:00\" \/>\n<meta property=\"og:image\" content=\"https:\/\/www.strassenweb.de\/nachrichten\/wp-content\/uploads\/2025\/02\/3-uebersehene-Farben-von-denen-Sie-nie-gedacht-haben-dass.jpg\" \/>\n\t<meta property=\"og:image:width\" content=\"1200\" \/>\n\t<meta property=\"og:image:height\" content=\"1440\" \/>\n\t<meta property=\"og:image:type\" content=\"image\/jpeg\" \/>\n<meta name=\"author\" content=\"Robert Hoffmann\" \/>\n<meta name=\"twitter:card\" content=\"summary_large_image\" \/>\n<meta name=\"twitter:label1\" content=\"Verfasst von\" \/>\n\t<meta name=\"twitter:data1\" content=\"Robert Hoffmann\" \/>\n\t<meta name=\"twitter:label2\" content=\"Gesch\u00e4tzte Lesezeit\" \/>\n\t<meta name=\"twitter:data2\" content=\"4\u00a0Minuten\" \/>\n<script type=\"application\/ld+json\" class=\"yoast-schema-graph\">{\"@context\":\"https:\\\/\\\/schema.org\",\"@graph\":[{\"@type\":\"Article\",\"@id\":\"https:\\\/\\\/www.strassenweb.de\\\/nachrichten\\\/3-uebersehene-farben-von-denen-sie-nie-gedacht-haben-dass-sie-in-ihrer-kueche-arbeiten-koennten-aber-innenarchitekten-schwoeren-auf-sie\\\/#article\",\"isPartOf\":{\"@id\":\"https:\\\/\\\/www.strassenweb.de\\\/nachrichten\\\/3-uebersehene-farben-von-denen-sie-nie-gedacht-haben-dass-sie-in-ihrer-kueche-arbeiten-koennten-aber-innenarchitekten-schwoeren-auf-sie\\\/\"},\"author\":{\"name\":\"Robert Hoffmann\",\"@id\":\"https:\\\/\\\/www.strassenweb.de\\\/nachrichten\\\/#\\\/schema\\\/person\\\/87c9c9067f1211da429a744dc5a5aa41\"},\"headline\":\"3 \u00fcbersehene Farben, von denen Sie nie gedacht haben, dass sie in Ihrer K\u00fcche arbeiten k\u00f6nnten &#8211; aber Innenarchitekten schw\u00f6ren auf sie\",\"datePublished\":\"2025-02-16T18:41:12+00:00\",\"dateModified\":\"2025-02-16T18:41:13+00:00\",\"mainEntityOfPage\":{\"@id\":\"https:\\\/\\\/www.strassenweb.de\\\/nachrichten\\\/3-uebersehene-farben-von-denen-sie-nie-gedacht-haben-dass-sie-in-ihrer-kueche-arbeiten-koennten-aber-innenarchitekten-schwoeren-auf-sie\\\/\"},\"wordCount\":727,\"publisher\":{\"@id\":\"https:\\\/\\\/www.strassenweb.de\\\/nachrichten\\\/#organization\"},\"image\":{\"@id\":\"https:\\\/\\\/www.strassenweb.de\\\/nachrichten\\\/3-uebersehene-farben-von-denen-sie-nie-gedacht-haben-dass-sie-in-ihrer-kueche-arbeiten-koennten-aber-innenarchitekten-schwoeren-auf-sie\\\/#primaryimage\"},\"thumbnailUrl\":\"https:\\\/\\\/www.strassenweb.de\\\/nachrichten\\\/wp-content\\\/uploads\\\/2025\\\/02\\\/3-uebersehene-Farben-von-denen-Sie-nie-gedacht-haben-dass.jpg\",\"keywords\":[\"aber\",\"arbeiten\",\"auf\",\"dass\",\"denen\",\"Farben\",\"gedacht\",\"haben\",\"ihrer\",\"Innenarchitekten\",\"k\u00f6nnten\",\"K\u00fcche\",\"nie\",\"schw\u00f6ren\",\"Sie\",\"\u00fcbersehene\",\"von\"],\"articleSection\":[\"Haus &amp; Garten\"],\"inLanguage\":\"de\"},{\"@type\":\"WebPage\",\"@id\":\"https:\\\/\\\/www.strassenweb.de\\\/nachrichten\\\/3-uebersehene-farben-von-denen-sie-nie-gedacht-haben-dass-sie-in-ihrer-kueche-arbeiten-koennten-aber-innenarchitekten-schwoeren-auf-sie\\\/\",\"url\":\"https:\\\/\\\/www.strassenweb.de\\\/nachrichten\\\/3-uebersehene-farben-von-denen-sie-nie-gedacht-haben-dass-sie-in-ihrer-kueche-arbeiten-koennten-aber-innenarchitekten-schwoeren-auf-sie\\\/\",\"name\":\"3 \u00fcbersehene Farben, von denen Sie nie gedacht haben, dass sie in Ihrer K\u00fcche arbeiten k\u00f6nnten - aber Innenarchitekten schw\u00f6ren auf sie - Nachrichten - Stra\u00dfenweb\",\"isPartOf\":{\"@id\":\"https:\\\/\\\/www.strassenweb.de\\\/nachrichten\\\/#website\"},\"primaryImageOfPage\":{\"@id\":\"https:\\\/\\\/www.strassenweb.de\\\/nachrichten\\\/3-uebersehene-farben-von-denen-sie-nie-gedacht-haben-dass-sie-in-ihrer-kueche-arbeiten-koennten-aber-innenarchitekten-schwoeren-auf-sie\\\/#primaryimage\"},\"image\":{\"@id\":\"https:\\\/\\\/www.strassenweb.de\\\/nachrichten\\\/3-uebersehene-farben-von-denen-sie-nie-gedacht-haben-dass-sie-in-ihrer-kueche-arbeiten-koennten-aber-innenarchitekten-schwoeren-auf-sie\\\/#primaryimage\"},\"thumbnailUrl\":\"https:\\\/\\\/www.strassenweb.de\\\/nachrichten\\\/wp-content\\\/uploads\\\/2025\\\/02\\\/3-uebersehene-Farben-von-denen-Sie-nie-gedacht-haben-dass.jpg\",\"datePublished\":\"2025-02-16T18:41:12+00:00\",\"dateModified\":\"2025-02-16T18:41:13+00:00\",\"breadcrumb\":{\"@id\":\"https:\\\/\\\/www.strassenweb.de\\\/nachrichten\\\/3-uebersehene-farben-von-denen-sie-nie-gedacht-haben-dass-sie-in-ihrer-kueche-arbeiten-koennten-aber-innenarchitekten-schwoeren-auf-sie\\\/#breadcrumb\"},\"inLanguage\":\"de\",\"potentialAction\":[{\"@type\":\"ReadAction\",\"target\":[\"https:\\\/\\\/www.strassenweb.de\\\/nachrichten\\\/3-uebersehene-farben-von-denen-sie-nie-gedacht-haben-dass-sie-in-ihrer-kueche-arbeiten-koennten-aber-innenarchitekten-schwoeren-auf-sie\\\/\"]}]},{\"@type\":\"ImageObject\",\"inLanguage\":\"de\",\"@id\":\"https:\\\/\\\/www.strassenweb.de\\\/nachrichten\\\/3-uebersehene-farben-von-denen-sie-nie-gedacht-haben-dass-sie-in-ihrer-kueche-arbeiten-koennten-aber-innenarchitekten-schwoeren-auf-sie\\\/#primaryimage\",\"url\":\"https:\\\/\\\/www.strassenweb.de\\\/nachrichten\\\/wp-content\\\/uploads\\\/2025\\\/02\\\/3-uebersehene-Farben-von-denen-Sie-nie-gedacht-haben-dass.jpg\",\"contentUrl\":\"https:\\\/\\\/www.strassenweb.de\\\/nachrichten\\\/wp-content\\\/uploads\\\/2025\\\/02\\\/3-uebersehene-Farben-von-denen-Sie-nie-gedacht-haben-dass.jpg\",\"width\":1200,\"height\":1440,\"caption\":\"3 \u00fcbersehene Farben, von denen Sie nie gedacht haben, dass sie in Ihrer K\u00fcche arbeiten k\u00f6nnten - aber Innenarchitekten schw\u00f6ren auf sie\"},{\"@type\":\"BreadcrumbList\",\"@id\":\"https:\\\/\\\/www.strassenweb.de\\\/nachrichten\\\/3-uebersehene-farben-von-denen-sie-nie-gedacht-haben-dass-sie-in-ihrer-kueche-arbeiten-koennten-aber-innenarchitekten-schwoeren-auf-sie\\\/#breadcrumb\",\"itemListElement\":[{\"@type\":\"ListItem\",\"position\":1,\"name\":\"Home\",\"item\":\"https:\\\/\\\/www.strassenweb.de\\\/nachrichten\\\/\"},{\"@type\":\"ListItem\",\"position\":2,\"name\":\"3 \u00fcbersehene Farben, von denen Sie nie gedacht haben, dass sie in Ihrer K\u00fcche arbeiten k\u00f6nnten &#8211; aber Innenarchitekten schw\u00f6ren auf sie\"}]},{\"@type\":\"WebSite\",\"@id\":\"https:\\\/\\\/www.strassenweb.de\\\/nachrichten\\\/#website\",\"url\":\"https:\\\/\\\/www.strassenweb.de\\\/nachrichten\\\/\",\"name\":\"Stra\u00dfenweb\",\"description\":\"Stra\u00dfenverzeichnis f\u00fcr Deutschland\",\"publisher\":{\"@id\":\"https:\\\/\\\/www.strassenweb.de\\\/nachrichten\\\/#organization\"},\"potentialAction\":[{\"@type\":\"SearchAction\",\"target\":{\"@type\":\"EntryPoint\",\"urlTemplate\":\"https:\\\/\\\/www.strassenweb.de\\\/nachrichten\\\/?s={search_term_string}\"},\"query-input\":{\"@type\":\"PropertyValueSpecification\",\"valueRequired\":true,\"valueName\":\"search_term_string\"}}],\"inLanguage\":\"de\"},{\"@type\":\"Organization\",\"@id\":\"https:\\\/\\\/www.strassenweb.de\\\/nachrichten\\\/#organization\",\"name\":\"Stra\u00dfenweb\",\"url\":\"https:\\\/\\\/www.strassenweb.de\\\/nachrichten\\\/\",\"logo\":{\"@type\":\"ImageObject\",\"inLanguage\":\"de\",\"@id\":\"https:\\\/\\\/www.strassenweb.de\\\/nachrichten\\\/#\\\/schema\\\/logo\\\/image\\\/\",\"url\":\"https:\\\/\\\/www.strassenweb.de\\\/nachrichten\\\/wp-content\\\/uploads\\\/2024\\\/09\\\/cropped-favicon.png\",\"contentUrl\":\"https:\\\/\\\/www.strassenweb.de\\\/nachrichten\\\/wp-content\\\/uploads\\\/2024\\\/09\\\/cropped-favicon.png\",\"width\":512,\"height\":512,\"caption\":\"Stra\u00dfenweb\"},\"image\":{\"@id\":\"https:\\\/\\\/www.strassenweb.de\\\/nachrichten\\\/#\\\/schema\\\/logo\\\/image\\\/\"},\"sameAs\":[\"https:\\\/\\\/www.facebook.com\\\/strassenweb\\\/\"]},{\"@type\":\"Person\",\"@id\":\"https:\\\/\\\/www.strassenweb.de\\\/nachrichten\\\/#\\\/schema\\\/person\\\/87c9c9067f1211da429a744dc5a5aa41\",\"name\":\"Robert Hoffmann\",\"image\":{\"@type\":\"ImageObject\",\"inLanguage\":\"de\",\"@id\":\"https:\\\/\\\/www.strassenweb.de\\\/nachrichten\\\/wp-content\\\/uploads\\\/2024\\\/09\\\/strassenweb-150x150.jpg\",\"url\":\"https:\\\/\\\/www.strassenweb.de\\\/nachrichten\\\/wp-content\\\/uploads\\\/2024\\\/09\\\/strassenweb-150x150.jpg\",\"contentUrl\":\"https:\\\/\\\/www.strassenweb.de\\\/nachrichten\\\/wp-content\\\/uploads\\\/2024\\\/09\\\/strassenweb-150x150.jpg\",\"caption\":\"Robert Hoffmann\"},\"description\":\"Ich hei\u00dfe Robert Hoffmann und ich bin ein leidenschaftlicher Verfechter von \u00d6kologie und Biodiversit\u00e4t. Seit meiner Kindheit in den W\u00e4ldern Bayerns f\u00fchle ich mich mit der Natur verbunden und bin entschlossen, sie zu sch\u00fctzen. Heute widme ich mein Leben der Sensibilisierung anderer f\u00fcr die Bedeutung des Umweltschutzes f\u00fcr zuk\u00fcnftige Generationen.\",\"sameAs\":[\"https:\\\/\\\/www.strassenweb.de\\\/\"]}]}<\/script>\n<!-- \/ Yoast SEO plugin. -->","yoast_head_json":{"title":"3 \u00fcbersehene Farben, von denen Sie nie gedacht haben, dass sie in Ihrer K\u00fcche arbeiten k\u00f6nnten - aber Innenarchitekten schw\u00f6ren auf sie - Nachrichten - Stra\u00dfenweb","robots":{"index":"index","follow":"follow","max-snippet":"max-snippet:-1","max-image-preview":"max-image-preview:large","max-video-preview":"max-video-preview:-1"},"canonical":"https:\/\/www.strassenweb.de\/nachrichten\/3-uebersehene-farben-von-denen-sie-nie-gedacht-haben-dass-sie-in-ihrer-kueche-arbeiten-koennten-aber-innenarchitekten-schwoeren-auf-sie\/","og_locale":"de_DE","og_type":"article","og_title":"3 \u00fcbersehene Farben, von denen Sie nie gedacht haben, dass sie in Ihrer K\u00fcche arbeiten k\u00f6nnten - aber Innenarchitekten schw\u00f6ren auf sie - Nachrichten - Stra\u00dfenweb","og_description":"Die Auswahl eines Farbschemas f\u00fcr Ihre K\u00fcche ist eine wichtige Entscheidung, um richtig zu werden. K\u00fcchen dient als Herzst\u00fcck des Hauses und sind oft die","og_url":"https:\/\/www.strassenweb.de\/nachrichten\/3-uebersehene-farben-von-denen-sie-nie-gedacht-haben-dass-sie-in-ihrer-kueche-arbeiten-koennten-aber-innenarchitekten-schwoeren-auf-sie\/","og_site_name":"Stra\u00dfenweb","article_publisher":"https:\/\/www.facebook.com\/strassenweb\/","article_published_time":"2025-02-16T18:41:12+00:00","article_modified_time":"2025-02-16T18:41:13+00:00","og_image":[{"width":1200,"height":1440,"url":"https:\/\/www.strassenweb.de\/nachrichten\/wp-content\/uploads\/2025\/02\/3-uebersehene-Farben-von-denen-Sie-nie-gedacht-haben-dass.jpg","type":"image\/jpeg"}],"author":"Robert Hoffmann","twitter_card":"summary_large_image","twitter_misc":{"Verfasst von":"Robert Hoffmann","Gesch\u00e4tzte Lesezeit":"4\u00a0Minuten"},"schema":{"@context":"https:\/\/schema.org","@graph":[{"@type":"Article","@id":"https:\/\/www.strassenweb.de\/nachrichten\/3-uebersehene-farben-von-denen-sie-nie-gedacht-haben-dass-sie-in-ihrer-kueche-arbeiten-koennten-aber-innenarchitekten-schwoeren-auf-sie\/#article","isPartOf":{"@id":"https:\/\/www.strassenweb.de\/nachrichten\/3-uebersehene-farben-von-denen-sie-nie-gedacht-haben-dass-sie-in-ihrer-kueche-arbeiten-koennten-aber-innenarchitekten-schwoeren-auf-sie\/"},"author":{"name":"Robert Hoffmann","@id":"https:\/\/www.strassenweb.de\/nachrichten\/#\/schema\/person\/87c9c9067f1211da429a744dc5a5aa41"},"headline":"3 \u00fcbersehene Farben, von denen Sie nie gedacht haben, dass sie in Ihrer K\u00fcche arbeiten k\u00f6nnten &#8211; aber Innenarchitekten schw\u00f6ren auf sie","datePublished":"2025-02-16T18:41:12+00:00","dateModified":"2025-02-16T18:41:13+00:00","mainEntityOfPage":{"@id":"https:\/\/www.strassenweb.de\/nachrichten\/3-uebersehene-farben-von-denen-sie-nie-gedacht-haben-dass-sie-in-ihrer-kueche-arbeiten-koennten-aber-innenarchitekten-schwoeren-auf-sie\/"},"wordCount":727,"publisher":{"@id":"https:\/\/www.strassenweb.de\/nachrichten\/#organization"},"image":{"@id":"https:\/\/www.strassenweb.de\/nachrichten\/3-uebersehene-farben-von-denen-sie-nie-gedacht-haben-dass-sie-in-ihrer-kueche-arbeiten-koennten-aber-innenarchitekten-schwoeren-auf-sie\/#primaryimage"},"thumbnailUrl":"https:\/\/www.strassenweb.de\/nachrichten\/wp-content\/uploads\/2025\/02\/3-uebersehene-Farben-von-denen-Sie-nie-gedacht-haben-dass.jpg","keywords":["aber","arbeiten","auf","dass","denen","Farben","gedacht","haben","ihrer","Innenarchitekten","k\u00f6nnten","K\u00fcche","nie","schw\u00f6ren","Sie","\u00fcbersehene","von"],"articleSection":["Haus &amp; Garten"],"inLanguage":"de"},{"@type":"WebPage","@id":"https:\/\/www.strassenweb.de\/nachrichten\/3-uebersehene-farben-von-denen-sie-nie-gedacht-haben-dass-sie-in-ihrer-kueche-arbeiten-koennten-aber-innenarchitekten-schwoeren-auf-sie\/","url":"https:\/\/www.strassenweb.de\/nachrichten\/3-uebersehene-farben-von-denen-sie-nie-gedacht-haben-dass-sie-in-ihrer-kueche-arbeiten-koennten-aber-innenarchitekten-schwoeren-auf-sie\/","name":"3 \u00fcbersehene Farben, von denen Sie nie gedacht haben, dass sie in Ihrer K\u00fcche arbeiten k\u00f6nnten - aber Innenarchitekten schw\u00f6ren auf sie - Nachrichten - Stra\u00dfenweb","isPartOf":{"@id":"https:\/\/www.strassenweb.de\/nachrichten\/#website"},"primaryImageOfPage":{"@id":"https:\/\/www.strassenweb.de\/nachrichten\/3-uebersehene-farben-von-denen-sie-nie-gedacht-haben-dass-sie-in-ihrer-kueche-arbeiten-koennten-aber-innenarchitekten-schwoeren-auf-sie\/#primaryimage"},"image":{"@id":"https:\/\/www.strassenweb.de\/nachrichten\/3-uebersehene-farben-von-denen-sie-nie-gedacht-haben-dass-sie-in-ihrer-kueche-arbeiten-koennten-aber-innenarchitekten-schwoeren-auf-sie\/#primaryimage"},"thumbnailUrl":"https:\/\/www.strassenweb.de\/nachrichten\/wp-content\/uploads\/2025\/02\/3-uebersehene-Farben-von-denen-Sie-nie-gedacht-haben-dass.jpg","datePublished":"2025-02-16T18:41:12+00:00","dateModified":"2025-02-16T18:41:13+00:00","breadcrumb":{"@id":"https:\/\/www.strassenweb.de\/nachrichten\/3-uebersehene-farben-von-denen-sie-nie-gedacht-haben-dass-sie-in-ihrer-kueche-arbeiten-koennten-aber-innenarchitekten-schwoeren-auf-sie\/#breadcrumb"},"inLanguage":"de","potentialAction":[{"@type":"ReadAction","target":["https:\/\/www.strassenweb.de\/nachrichten\/3-uebersehene-farben-von-denen-sie-nie-gedacht-haben-dass-sie-in-ihrer-kueche-arbeiten-koennten-aber-innenarchitekten-schwoeren-auf-sie\/"]}]},{"@type":"ImageObject","inLanguage":"de","@id":"https:\/\/www.strassenweb.de\/nachrichten\/3-uebersehene-farben-von-denen-sie-nie-gedacht-haben-dass-sie-in-ihrer-kueche-arbeiten-koennten-aber-innenarchitekten-schwoeren-auf-sie\/#primaryimage","url":"https:\/\/www.strassenweb.de\/nachrichten\/wp-content\/uploads\/2025\/02\/3-uebersehene-Farben-von-denen-Sie-nie-gedacht-haben-dass.jpg","contentUrl":"https:\/\/www.strassenweb.de\/nachrichten\/wp-content\/uploads\/2025\/02\/3-uebersehene-Farben-von-denen-Sie-nie-gedacht-haben-dass.jpg","width":1200,"height":1440,"caption":"3 \u00fcbersehene Farben, von denen Sie nie gedacht haben, dass sie in Ihrer K\u00fcche arbeiten k\u00f6nnten - aber Innenarchitekten schw\u00f6ren auf sie"},{"@type":"BreadcrumbList","@id":"https:\/\/www.strassenweb.de\/nachrichten\/3-uebersehene-farben-von-denen-sie-nie-gedacht-haben-dass-sie-in-ihrer-kueche-arbeiten-koennten-aber-innenarchitekten-schwoeren-auf-sie\/#breadcrumb","itemListElement":[{"@type":"ListItem","position":1,"name":"Home","item":"https:\/\/www.strassenweb.de\/nachrichten\/"},{"@type":"ListItem","position":2,"name":"3 \u00fcbersehene Farben, von denen Sie nie gedacht haben, dass sie in Ihrer K\u00fcche arbeiten k\u00f6nnten &#8211; aber Innenarchitekten schw\u00f6ren auf sie"}]},{"@type":"WebSite","@id":"https:\/\/www.strassenweb.de\/nachrichten\/#website","url":"https:\/\/www.strassenweb.de\/nachrichten\/","name":"Stra\u00dfenweb","description":"Stra\u00dfenverzeichnis f\u00fcr Deutschland","publisher":{"@id":"https:\/\/www.strassenweb.de\/nachrichten\/#organization"},"potentialAction":[{"@type":"SearchAction","target":{"@type":"EntryPoint","urlTemplate":"https:\/\/www.strassenweb.de\/nachrichten\/?s={search_term_string}"},"query-input":{"@type":"PropertyValueSpecification","valueRequired":true,"valueName":"search_term_string"}}],"inLanguage":"de"},{"@type":"Organization","@id":"https:\/\/www.strassenweb.de\/nachrichten\/#organization","name":"Stra\u00dfenweb","url":"https:\/\/www.strassenweb.de\/nachrichten\/","logo":{"@type":"ImageObject","inLanguage":"de","@id":"https:\/\/www.strassenweb.de\/nachrichten\/#\/schema\/logo\/image\/","url":"https:\/\/www.strassenweb.de\/nachrichten\/wp-content\/uploads\/2024\/09\/cropped-favicon.png","contentUrl":"https:\/\/www.strassenweb.de\/nachrichten\/wp-content\/uploads\/2024\/09\/cropped-favicon.png","width":512,"height":512,"caption":"Stra\u00dfenweb"},"image":{"@id":"https:\/\/www.strassenweb.de\/nachrichten\/#\/schema\/logo\/image\/"},"sameAs":["https:\/\/www.facebook.com\/strassenweb\/"]},{"@type":"Person","@id":"https:\/\/www.strassenweb.de\/nachrichten\/#\/schema\/person\/87c9c9067f1211da429a744dc5a5aa41","name":"Robert Hoffmann","image":{"@type":"ImageObject","inLanguage":"de","@id":"https:\/\/www.strassenweb.de\/nachrichten\/wp-content\/uploads\/2024\/09\/strassenweb-150x150.jpg","url":"https:\/\/www.strassenweb.de\/nachrichten\/wp-content\/uploads\/2024\/09\/strassenweb-150x150.jpg","contentUrl":"https:\/\/www.strassenweb.de\/nachrichten\/wp-content\/uploads\/2024\/09\/strassenweb-150x150.jpg","caption":"Robert Hoffmann"},"description":"Ich hei\u00dfe Robert Hoffmann und ich bin ein leidenschaftlicher Verfechter von \u00d6kologie und Biodiversit\u00e4t. Seit meiner Kindheit in den W\u00e4ldern Bayerns f\u00fchle ich mich mit der Natur verbunden und bin entschlossen, sie zu sch\u00fctzen. Heute widme ich mein Leben der Sensibilisierung anderer f\u00fcr die Bedeutung des Umweltschutzes f\u00fcr zuk\u00fcnftige Generationen.","sameAs":["https:\/\/www.strassenweb.de\/"]}]}},"_links":{"self":[{"href":"https:\/\/www.strassenweb.de\/nachrichten\/wp-json\/wp\/v2\/posts\/3360","targetHints":{"allow":["GET"]}}],"collection":[{"href":"https:\/\/www.strassenweb.de\/nachrichten\/wp-json\/wp\/v2\/posts"}],"about":[{"href":"https:\/\/www.strassenweb.de\/nachrichten\/wp-json\/wp\/v2\/types\/post"}],"author":[{"embeddable":true,"href":"https:\/\/www.strassenweb.de\/nachrichten\/wp-json\/wp\/v2\/users\/1"}],"replies":[{"embeddable":true,"href":"https:\/\/www.strassenweb.de\/nachrichten\/wp-json\/wp\/v2\/comments?post=3360"}],"version-history":[{"count":0,"href":"https:\/\/www.strassenweb.de\/nachrichten\/wp-json\/wp\/v2\/posts\/3360\/revisions"}],"wp:featuredmedia":[{"embeddable":true,"href":"https:\/\/www.strassenweb.de\/nachrichten\/wp-json\/wp\/v2\/media\/3361"}],"wp:attachment":[{"href":"https:\/\/www.strassenweb.de\/nachrichten\/wp-json\/wp\/v2\/media?parent=3360"}],"wp:term":[{"taxonomy":"category","embeddable":true,"href":"https:\/\/www.strassenweb.de\/nachrichten\/wp-json\/wp\/v2\/categories?post=3360"},{"taxonomy":"post_tag","embeddable":true,"href":"https:\/\/www.strassenweb.de\/nachrichten\/wp-json\/wp\/v2\/tags?post=3360"}],"curies":[{"name":"wp","href":"https:\/\/api.w.org\/{rel}","templated":true}]}}