{"id":3321,"date":"2025-02-15T01:48:06","date_gmt":"2025-02-15T00:48:06","guid":{"rendered":"https:\/\/www.strassenweb.de\/nachrichten\/die-haeufigsten-probleme-mit-zusammengesetzten-tueren-und-wie-man-sie-behebt\/"},"modified":"2025-02-15T01:48:06","modified_gmt":"2025-02-15T00:48:06","slug":"die-haeufigsten-probleme-mit-zusammengesetzten-tueren-und-wie-man-sie-behebt","status":"publish","type":"post","link":"https:\/\/www.strassenweb.de\/nachrichten\/die-haeufigsten-probleme-mit-zusammengesetzten-tueren-und-wie-man-sie-behebt\/","title":{"rendered":"Die h\u00e4ufigsten Probleme mit zusammengesetzten T\u00fcren und wie man sie behebt"},"content":{"rendered":"<div><!--(--><!----><\/p>\n<div class=\"wordpress-paragraph\" style=\"--25ab227a:left;\" data-v-c0f9f52b=\"\">\n<p>Verbundt\u00fcren werden jeden Tag immer beliebter. Sie sind eine gro\u00dfartige Alternative zu traditionellen Holzt\u00fcren und bieten viele Vorteile, die andere T\u00fcren nicht k\u00f6nnen. Wie bei jeder anderen Art von T\u00fcr k\u00f6nnen Verbundt\u00fcren von Zeit zu Zeit Probleme haben. In diesem Artikel werden wir die h\u00e4ufigsten Probleme mit zusammengesetzten T\u00fcren diskutieren und wie man sie behebt!<\/p>\n<\/div>\n<p><!----><\/p>\n<div class=\"wordpress-image\">\n<figure class=\"wp-block-image size-full\"><\/figure>\n<\/div>\n<p><!----><\/p>\n<h2 class=\"wp-block-heading\">Was ist eine zusammengesetzte T\u00fcr?<\/h2>\n<p><!----><\/p>\n<div class=\"wordpress-paragraph\" style=\"--25ab227a:left;\" data-v-c0f9f52b=\"\">\n<p>Wenn Sie dies lesen, haben Sie entweder bereits eine zusammengesetzte T\u00fcr oder untersuchen potenzielle Probleme, die m\u00f6glicherweise auftreten, wenn Sie eine kaufen. Wir werden uns in den h\u00e4ufigsten Problemen befassen und wie man sie in einem Moment behebt, aber wenn Sie nicht sicher sind, was eine zusammengesetzte T\u00fcr ist, finden Sie hier einen schnellen \u00dcberblick.<\/p>\n<\/div>\n<p><!----><\/p>\n<div class=\"wordpress-paragraph\" style=\"--25ab227a:left;\" data-v-c0f9f52b=\"\">\n<p>Eine zusammengesetzte T\u00fcr besteht aus verschiedenen Materialien wie Holz, organischen Fasern, PVC und Glasverst\u00e4rkungsstoff (GRP). Diese Materialien werden in Schichten zusammengestellt, um eine starke und sichere T\u00fcr zu schaffen, die eine hervorragende Isolierung und Sicherheit bietet.<\/p>\n<\/div>\n<p><!----><\/p>\n<div class=\"wordpress-paragraph\" style=\"--25ab227a:left;\" data-v-c0f9f52b=\"\">\n<p>Im Gegensatz zu einer UPVC -T\u00fcr erfordern sie keine zus\u00e4tzliche Wartung oder Malen, was es zu einer guten Wahl f\u00fcr gesch\u00e4ftige Haushalte mit einer zusammengesetzten Haust\u00fcr macht, die oft f\u00fcr viele Jahre dauern wird.<\/p>\n<\/div>\n<p><!----><\/p>\n<h2 class=\"wp-block-heading\">Kann eine Verbundt\u00fcr repariert oder repariert werden?<\/h2>\n<p><!----><\/p>\n<div class=\"wordpress-paragraph\" style=\"--25ab227a:left;\" data-v-c0f9f52b=\"\">\n<p>Ja, in den meisten F\u00e4llen. Die Mehrheit der geringf\u00fcgigen Verbundt\u00fcrprobleme kann relativ einfach behoben oder repariert werden, und wir werden jeweils detaillierter abdecken. H\u00e4ufige Probleme wie klebrige Schl\u00f6sser, Fehlausrichtung, geknackte T\u00fcrverkleidung oder Sch\u00e4den am T\u00fcrrahmen und Scharniere k\u00f6nnen h\u00e4ufig durch ein einfaches Reparaturverfahren behoben werden. Vermeiden Sie zus\u00e4tzliche Verbundt\u00fcrkosten, indem Sie unseren Rat befolgen!<\/p>\n<\/div>\n<p><!----><\/p>\n<h2 class=\"wp-block-heading\">Probleme mit dem Verbundt\u00fcrverriegelungsmechanismus:<\/h2>\n<p><!----><\/p>\n<div class=\"wordpress-paragraph\" style=\"--25ab227a:left;\" data-v-c0f9f52b=\"\">\n<p>Die meisten Probleme mit Verbundt\u00fcren sind auf einen besch\u00e4digten T\u00fcrverriegelungsmechanismus zur\u00fcckzuf\u00fchren. Wenn ein Teil des Mechanismus defekt ist, kann die T\u00fcr die T\u00fcr zum Verschlie\u00dfen oder damit die T\u00fcr herausfordern, die T\u00fcr richtig zu schlie\u00dfen, zu klebrigen Schl\u00f6ssern zu f\u00fchren und in einigen F\u00e4llen v\u00f6llig unbrauchbar zu machen!<\/p>\n<\/div>\n<p><!----><\/p>\n<div class=\"wordpress-paragraph\" style=\"--25ab227a:left;\" data-v-c0f9f52b=\"\">\n<p>Verbundt\u00fcrschl\u00f6sser k\u00f6nnen variieren, aber die typischsten T\u00fcrschl\u00f6sser, die f\u00fcr diese Arten oder T\u00fcren verwendet werden, sind: Einstiegsschl\u00f6sser, Euro -Zylinderschl\u00f6sser oder Nachtriegel.<\/p>\n<\/div>\n<p><!----><\/p>\n<div class=\"wordpress-paragraph\" style=\"--25ab227a:left;\" data-v-c0f9f52b=\"\">\n<p>Wenn Sie eine dieser Arten von T\u00fcrschloss haben, k\u00f6nnen Sie zun\u00e4chst die folgende L\u00f6sung ausprobieren. Wenn dies jedoch nicht funktioniert, kann sie bei Bedarf leicht zur Reparatur oder zum Austausch entfernt werden. Alles, was Sie tun m\u00fcssen, ist die Schrauben zu finden, die das Schloss einstellen und sie dann vorsichtig abschrauben, bevor sie das Schloss aus dem Rahmen herausnehmen.<\/p>\n<\/div>\n<p><!----><\/p>\n<h3 class=\"wp-block-heading\">L\u00f6sung:<\/h3>\n<p><!----><\/p>\n<div class=\"wordpress-paragraph\" style=\"--25ab227a:left;\" data-v-c0f9f52b=\"\">\n<p>Wenn die T\u00fcr klebt oder nicht richtig sperrt, m\u00fcssen Sie den Verriegelungsmechanismus schmieren und einstellen. Reinigen Sie mit einem weichen Tuch Schmutz oder Schmutz aus dem Mechanismus um den Mechanismus.<\/p>\n<\/div>\n<p><!----><\/p>\n<div class=\"wordpress-paragraph\" style=\"--25ab227a:left;\" data-v-c0f9f52b=\"\">\n<p>F\u00fcgen Sie dann allen beweglichen Teilen etwas Schmiermittel ein. Verwenden Sie unbedingt ein Produkt, das speziell f\u00fcr Schl\u00f6sser und T\u00fcren entwickelt wurde, da andere Alternativen zus\u00e4tzliche Sch\u00e4den verursachen k\u00f6nnen.<\/p>\n<\/div>\n<p><!----><\/p>\n<div class=\"wordpress-paragraph\" style=\"--25ab227a:left;\" data-v-c0f9f52b=\"\">\n<p>Sobald das Schmiermittel angewendet wurde, versuchen Sie, das Schloss einige Male zu betreiben, um sicherzustellen, dass sich es reibungslos und ohne Widerstand bewegt. Wenn es noch Probleme gibt, m\u00fcssen Sie m\u00f6glicherweise einige der internen Komponenten des Verriegelungsmechanismus anpassen, wie z. B. Riegel und Saft.<\/p>\n<\/div>\n<p><!----><\/p>\n<div class=\"wordpress-paragraph\" style=\"--25ab227a:left;\" data-v-c0f9f52b=\"\">\n<p>Wenn alles andere fehlschl\u00e4gt, m\u00fcssen Sie m\u00f6glicherweise einige oder alle Komponenten ersetzen, um Ihre Verbundt\u00fcr wieder korrekt in Betrieb zu bringen.<\/p>\n<\/div>\n<p><!----><\/p>\n<h2 class=\"wp-block-heading\">Cracked Verbundt\u00fcr:<\/h2>\n<p><!----><\/p>\n<div class=\"wordpress-paragraph\" style=\"--25ab227a:left;\" data-v-c0f9f52b=\"\">\n<p>In einigen F\u00e4llen kann eine zusammengesetzte T\u00fcr aufgrund allgemeiner Verschlei\u00df durch die Au\u00dfent\u00fcren geknackt werden. Dies kann durch Temperatur\u00e4nderungen oder sogar einen pl\u00f6tzlichen Einfluss auf die T\u00fcr selbst verursacht werden. UPVC -T\u00fcren sind anf\u00e4llig f\u00fcr Cracking, aber zusammengesetzte T\u00fcren k\u00f6nnen auch dieses Problem leiden.<\/p>\n<\/div>\n<p><!----><\/p>\n<h3 class=\"wp-block-heading\">L\u00f6sung:<\/h3>\n<p><!----><\/p>\n<div class=\"wordpress-paragraph\" style=\"--25ab227a:left;\" data-v-c0f9f52b=\"\">\n<p>Die L\u00f6sung hier h\u00e4ngt davon ab, wie schwerwiegend der Riss ist. Wenn es sich nur um einen kleinen Riss handelt, k\u00f6nnen Sie es m\u00f6glicherweise mit einigen einfachen DIY -Methoden beheben, z.<\/p>\n<\/div>\n<p><!----><\/p>\n<div class=\"wordpress-paragraph\" style=\"--25ab227a:left;\" data-v-c0f9f52b=\"\">\n<p>Wenn der Riss jedoch umfangreicher ist, m\u00fcssen Sie wahrscheinlich einen Teil der gesamten T\u00fcr aus Sicherheitsgr\u00fcnden ersetzen. Es ist wichtig, dass Sie einen Experten konsultieren, bevor Sie Reparaturen versuchen, da dies Ihre Sicherheit gew\u00e4hrleistet und auf lange Sicht weitere Sch\u00e4den an Ihrer T\u00fcr vermeiden!<\/p>\n<\/div>\n<p><!----><\/p>\n<h2 class=\"wp-block-heading\">Verbundt\u00fcrverzerrung, Verbeugung oder Schwellung:<\/h2>\n<p><!----><\/p>\n<div class=\"wordpress-paragraph\" style=\"--25ab227a:left;\" data-v-c0f9f52b=\"\">\n<p>In einigen F\u00e4llen kann eine zusammengesetzte T\u00fcr aufgrund von Temperatur- oder Feuchtigkeits\u00e4nderungen verziehen, sich verbeugen oder anschwellen. Dies kann zu L\u00fccken im Rahmen f\u00fchren und es schwierig machen, die T\u00fcr zu \u00f6ffnen und zu schlie\u00dfen.<\/p>\n<\/div>\n<p><!----><\/p>\n<h3 class=\"wp-block-heading\">L\u00f6sung:<\/h3>\n<p><!----><\/p>\n<div class=\"wordpress-paragraph\" style=\"--25ab227a:left;\" data-v-c0f9f52b=\"\">\n<p>Der beste Weg, um dieses Problem zu beheben, besteht darin, die Scharniere am T\u00fcrrahmen anzupassen. Entfernen Sie zun\u00e4chst alle vorhandenen Schrauben aus den Scharnieren und geben Sie dann neue, die etwas l\u00e4nger sind. Dies wird dazu beitragen, eine engere Passform f\u00fcr die T\u00fcr zu erzeugen, und sollte ein Verziehen oder Verbeugen stoppen. M\u00f6glicherweise m\u00fcssen Sie auch zus\u00e4tzliche Wetterfaktoren an den R\u00e4ndern der T\u00fcr hinzuf\u00fcgen, wenn nach der Einstellung der Scharniere noch L\u00fccken vorhanden sind.<\/p>\n<\/div>\n<p><!----><\/p>\n<h2 class=\"wp-block-heading\">Fallengelassene Scharniere:<\/h2>\n<p><!----><\/p>\n<div class=\"wordpress-paragraph\" style=\"--25ab227a:left;\" data-v-c0f9f52b=\"\">\n<p>Ein abgesetztes Verbundt\u00fcrscharnier kann ein weiteres h\u00e4ufiges Problem bei Verbundt\u00fcren sein und dazu f\u00fchren, dass die T\u00fcr falsch ausgerichtet wird. Dies kann es dann schwierig machen, die T\u00fcr richtig zu \u00f6ffnen und zu schlie\u00dfen.<\/p>\n<\/div>\n<p><!----><\/p>\n<h3 class=\"wp-block-heading\">L\u00f6sung:<\/h3>\n<p><!----><\/p>\n<div class=\"wordpress-paragraph\" style=\"--25ab227a:left;\" data-v-c0f9f52b=\"\">\n<p>Der beste Weg, dies zu beheben, besteht darin, die Scharnierschrauben am T\u00fcrrahmen anzupassen. Beginnen Sie damit, alle vorhandenen Schrauben zu lockern, bevor Sie l\u00e4nger an ihrer Stelle hinzuf\u00fcgen. Dies wird dazu beitragen, das Scharnier wieder in seine urspr\u00fcngliche Position zu bringen. M\u00f6glicherweise m\u00fcssen Sie jedoch auch zus\u00e4tzliche Wetterabstreife an den T\u00fcrkanten hinzuf\u00fcgen, wenn nach dem Anziehen der Schrauben noch L\u00fccken vorhanden sind.<\/p>\n<\/div>\n<p><!----><!----><\/p>\n<h2 class=\"wp-block-heading\">Abgenutzte Wetterdichtungen:<\/h2>\n<p><!----><\/p>\n<div class=\"wordpress-paragraph\" style=\"--25ab227a:left;\" data-v-c0f9f52b=\"\">\n<p>Abgenutzte Wetterdichtungen k\u00f6nnen ein weiteres h\u00e4ufiges Problem bei Verbundt\u00fcren sein, insbesondere wenn sie im Laufe der Zeit viel Verschlei\u00df ausgesetzt waren, was bei den meisten Au\u00dfent\u00fcren h\u00e4ufig der Fall ist. Dies kann zu L\u00fccken um den T\u00fcrrahmen f\u00fchren, die m\u00f6glicherweise Entw\u00fcrfe oder Regenwasser in das Haus lassen k\u00f6nnen.<\/p>\n<\/div>\n<p><!----><\/p>\n<h3 class=\"wp-block-heading\">L\u00f6sung:<\/h3>\n<p><!----><\/p>\n<div class=\"wordpress-paragraph\" style=\"--25ab227a:left;\" data-v-c0f9f52b=\"\">\n<p>Der beste Weg, dies zu beheben, besteht darin, die vorhandene Wetterdichtung durch eine neue zu ersetzen, die f\u00fcr Verbundt\u00fcren ausgelegt ist. Sie finden diese in den meisten Hardware -L\u00e4den oder Online -Einzelh\u00e4ndlern und m\u00fcssen auch sicherstellen, dass es die richtige Gr\u00f6\u00dfe f\u00fcr Ihre bestimmte T\u00fcr hat, bevor Sie sie kaufen. Sobald Sie das richtige Siegel an Ort und Stelle haben, verwenden Sie einen Klebstoff, um es fest am T\u00fcrrahmen zu sichern.<\/p>\n<\/div>\n<p><!----><\/p>\n<h2 class=\"wp-block-heading\">Eingebaute Ausgabe des Entw\u00e4sserungssystems:<\/h2>\n<p><!----><\/p>\n<div class=\"wordpress-paragraph\" style=\"--25ab227a:left;\" data-v-c0f9f52b=\"\">\n<p>Verbundt\u00fcren haben typischerweise auch ein eingebautes Entw\u00e4sserungssystem, mit dem das Innere der T\u00fcr trocken und frei von Kondensation bleibt. Dieses System kann jedoch manchmal mit Tr\u00fcmmern oder Bl\u00e4ttern blockiert werden, die dazu f\u00fchren k\u00f6nnen, dass sich Wasser an der Innenseite der T\u00fcr aufbaut.<\/p>\n<\/div>\n<p><!----><\/p>\n<h3 class=\"wp-block-heading\">L\u00f6sung:<\/h3>\n<p><!----><\/p>\n<div class=\"wordpress-paragraph\" style=\"--25ab227a:left;\" data-v-c0f9f52b=\"\">\n<p>Der beste Weg, um dieses Problem zu beheben, besteht darin, den internen Entw\u00e4sserungskanal Ihrer Verbundt\u00fcr zu reinigen. Sie m\u00fcssen alle Tr\u00fcmmer und alle Blockaden entfernen, die m\u00f6glicherweise vorhanden sein, bevor Sie das System testen, um sicherzustellen, dass es wieder korrekt funktioniert. Sobald Sie dies getan haben, sollten Sie in der Lage sein, Ihre zusammengesetzte T\u00fcr ohne Probleme zu \u00f6ffnen und zu schlie\u00dfen!<\/p>\n<\/div>\n<p><!----><\/p>\n<h2 class=\"wp-block-heading\">M\u00fcssen Sie Ihre Verbundt\u00fcr ersetzen?<\/h2>\n<p><!----><\/p>\n<div class=\"wordpress-paragraph\" style=\"--25ab227a:left;\" data-v-c0f9f52b=\"\">\n<p>In einigen F\u00e4llen k\u00f6nnen Sie feststellen, dass der Schaden an Ihrer Verbundt\u00fcr zu umfangreich ist, um sie selbst zu reparieren. Wenn dies der Fall ist, ist es m\u00f6glicherweise am besten, Ihre gesamte T\u00fcr zu ersetzen und stattdessen in eine neue T\u00fcr zu investieren. Dies sorgt daf\u00fcr, dass alle oben genannten Probleme betreut werden und dass Ihre T\u00fcr wieder so ist, wie sie sein sollte.<\/p>\n<\/div>\n<p><!----><\/p>\n<div class=\"wordpress-paragraph\" style=\"--25ab227a:left;\" data-v-c0f9f52b=\"\">\n<p>Wenn Sie sich also vor den oben aufgelisteten Problemen mit Ihrer zusammengesetzten T\u00fcr stellen und sie nicht selbst reparieren, sollten Sie stattdessen die gesamte T\u00fcr ersetzen. Dadurch m\u00fcssen Sie auf lange Sicht sich \u00fcber weitere Sch\u00e4den sorgen m\u00fcssen!<\/p>\n<\/div>\n<p><!----><\/p>\n<div class=\"wordpress-paragraph\" style=\"--25ab227a:left;\" data-v-c0f9f52b=\"\">\n<p>Ein paar Tipps, wenn Sie sich f\u00fcr diese Option entscheiden:<\/p>\n<\/div>\n<p><!----><\/p>\n<ul class=\"wordpress-list\" style=\"--ebf5db5c:;\" data-v-2f7eb99b=\"\"><!--(--><!--(--><\/p>\n<li class=\"wordpress-list-item\">\n<strong>Selbstschmierende Lager<\/strong>: Es ist wichtig sicherzustellen, dass die neue T\u00fcr, die Sie kaufen, mit selbstschmierenden Lagern ausgestattet sind. Dies wird dazu beitragen, die Reibung und den Abnutzung der Scharniere zu verringern und es Ihnen leichter zu machen, Ihre T\u00fcr jedes Mal zu \u00f6ffnen und zu schlie\u00dfen.\n<\/li>\n<p><!----><!--)--><!--(--><\/p>\n<li class=\"wordpress-list-item\">\n<strong>Wetterdichtungen: <\/strong>Sie sollten auch sicherstellen, dass wenn Sie eine neue Verbundt\u00fcr kaufen, sie mit einer Wetterdichtung enth\u00e4lt, die f\u00fcr Verbundt\u00fcren ausgelegt ist. Dies wird dazu beitragen, die T\u00fcr wetterfest zu halten und das Risiko von Entw\u00fcrfen oder Regenwasser in Ihr Zuhause zu verringern. Dort haben Sie es &#8211; die h\u00e4ufigsten Probleme mit zusammengesetzten T\u00fcren und wie man sie behebt!\n<\/li>\n<p><!----><!--)--><!--)--><\/ul>\n<p><!----><\/p>\n<h2 class=\"wp-block-heading\">Letzte Gedanken:<\/h2>\n<p><!----><\/p>\n<div class=\"wordpress-paragraph\" style=\"--25ab227a:left;\" data-v-c0f9f52b=\"\">\n<p>Verbundt\u00fcren werden aufgrund ihrer St\u00e4rke, Haltbarkeit und Isolationseigenschaften immer beliebter. Wie bei jeder anderen Art von T\u00fcr k\u00f6nnen sie jedoch von Zeit zu Zeit Probleme haben. Wir haben die h\u00e4ufigsten Probleme mit zusammengesetzten T\u00fcren besprochen und wie man sie in diesem Artikel behebt. Hoffentlich f\u00fchlen Sie sich jetzt sicherer, wenn Sie selbst Reparaturarbeiten angehen. Wenn Sie sich jedoch immer nicht sicher sind, k\u00f6nnen Sie einen Experten um Rat konsultieren, da er in der Lage ist, die beste L\u00f6sung f\u00fcr Ihre bestimmte T\u00fcr zu bieten.<\/p>\n<\/div>\n<p><!--)--><\/div>\n","protected":false},"excerpt":{"rendered":"<p>Verbundt\u00fcren werden jeden Tag immer beliebter. Sie sind eine gro\u00dfartige Alternative zu traditionellen Holzt\u00fcren und bieten viele Vorteile, die andere T\u00fcren nicht k\u00f6nnen. Wie bei<\/p>\n","protected":false},"author":1,"featured_media":3322,"comment_status":"closed","ping_status":"","sticky":false,"template":"","format":"standard","meta":{"footnotes":""},"categories":[87],"tags":[5227,9,1044,134,146,672,165,699,37,26,5226],"class_list":["post-3321","post","type-post","status-publish","format-standard","has-post-thumbnail","hentry","category-energie","tag-behebt","tag-die","tag-haeufigsten","tag-man","tag-mit","tag-probleme","tag-sie","tag-tueren","tag-und","tag-wie","tag-zusammengesetzten","generate-columns","tablet-grid-50","mobile-grid-100","grid-parent","grid-50"],"yoast_head":"<!-- This site is optimized with the Yoast SEO plugin v27.3 - https:\/\/yoast.com\/product\/yoast-seo-wordpress\/ -->\n<title>Die h\u00e4ufigsten Probleme mit zusammengesetzten T\u00fcren und wie man sie behebt - Nachrichten - Stra\u00dfenweb<\/title>\n<meta name=\"robots\" content=\"index, follow, max-snippet:-1, max-image-preview:large, max-video-preview:-1\" \/>\n<link rel=\"canonical\" href=\"https:\/\/www.strassenweb.de\/nachrichten\/die-haeufigsten-probleme-mit-zusammengesetzten-tueren-und-wie-man-sie-behebt\/\" \/>\n<meta property=\"og:locale\" content=\"de_DE\" \/>\n<meta property=\"og:type\" content=\"article\" \/>\n<meta property=\"og:title\" content=\"Die h\u00e4ufigsten Probleme mit zusammengesetzten T\u00fcren und wie man sie behebt - Nachrichten - Stra\u00dfenweb\" \/>\n<meta property=\"og:description\" content=\"Verbundt\u00fcren werden jeden Tag immer beliebter. Sie sind eine gro\u00dfartige Alternative zu traditionellen Holzt\u00fcren und bieten viele Vorteile, die andere T\u00fcren nicht k\u00f6nnen. Wie bei\" \/>\n<meta property=\"og:url\" content=\"https:\/\/www.strassenweb.de\/nachrichten\/die-haeufigsten-probleme-mit-zusammengesetzten-tueren-und-wie-man-sie-behebt\/\" \/>\n<meta property=\"og:site_name\" content=\"Stra\u00dfenweb\" \/>\n<meta property=\"article:publisher\" content=\"https:\/\/www.facebook.com\/strassenweb\/\" \/>\n<meta property=\"article:published_time\" content=\"2025-02-15T00:48:06+00:00\" \/>\n<meta property=\"og:image\" content=\"https:\/\/www.strassenweb.de\/nachrichten\/wp-content\/uploads\/2025\/02\/Die-haeufigsten-Probleme-mit-zusammengesetzten-Tueren-und-wie-man-sie.jpg\" \/>\n\t<meta property=\"og:image:width\" content=\"999\" \/>\n\t<meta property=\"og:image:height\" content=\"667\" \/>\n\t<meta property=\"og:image:type\" content=\"image\/jpeg\" \/>\n<meta name=\"author\" content=\"Robert Hoffmann\" \/>\n<meta name=\"twitter:card\" content=\"summary_large_image\" \/>\n<meta name=\"twitter:label1\" content=\"Verfasst von\" \/>\n\t<meta name=\"twitter:data1\" content=\"Robert Hoffmann\" \/>\n\t<meta name=\"twitter:label2\" content=\"Gesch\u00e4tzte Lesezeit\" \/>\n\t<meta name=\"twitter:data2\" content=\"8\u00a0Minuten\" \/>\n<script type=\"application\/ld+json\" class=\"yoast-schema-graph\">{\"@context\":\"https:\\\/\\\/schema.org\",\"@graph\":[{\"@type\":\"Article\",\"@id\":\"https:\\\/\\\/www.strassenweb.de\\\/nachrichten\\\/die-haeufigsten-probleme-mit-zusammengesetzten-tueren-und-wie-man-sie-behebt\\\/#article\",\"isPartOf\":{\"@id\":\"https:\\\/\\\/www.strassenweb.de\\\/nachrichten\\\/die-haeufigsten-probleme-mit-zusammengesetzten-tueren-und-wie-man-sie-behebt\\\/\"},\"author\":{\"name\":\"Robert Hoffmann\",\"@id\":\"https:\\\/\\\/www.strassenweb.de\\\/nachrichten\\\/#\\\/schema\\\/person\\\/87c9c9067f1211da429a744dc5a5aa41\"},\"headline\":\"Die h\u00e4ufigsten Probleme mit zusammengesetzten T\u00fcren und wie man sie behebt\",\"datePublished\":\"2025-02-15T00:48:06+00:00\",\"mainEntityOfPage\":{\"@id\":\"https:\\\/\\\/www.strassenweb.de\\\/nachrichten\\\/die-haeufigsten-probleme-mit-zusammengesetzten-tueren-und-wie-man-sie-behebt\\\/\"},\"wordCount\":1614,\"publisher\":{\"@id\":\"https:\\\/\\\/www.strassenweb.de\\\/nachrichten\\\/#organization\"},\"image\":{\"@id\":\"https:\\\/\\\/www.strassenweb.de\\\/nachrichten\\\/die-haeufigsten-probleme-mit-zusammengesetzten-tueren-und-wie-man-sie-behebt\\\/#primaryimage\"},\"thumbnailUrl\":\"https:\\\/\\\/www.strassenweb.de\\\/nachrichten\\\/wp-content\\\/uploads\\\/2025\\\/02\\\/Die-haeufigsten-Probleme-mit-zusammengesetzten-Tueren-und-wie-man-sie.jpg\",\"keywords\":[\"behebt\",\"die\",\"h\u00e4ufigsten\",\"man\",\"mit\",\"Probleme\",\"Sie\",\"T\u00fcren\",\"und\",\"Wie\",\"zusammengesetzten\"],\"articleSection\":[\"Energie\"],\"inLanguage\":\"de\"},{\"@type\":\"WebPage\",\"@id\":\"https:\\\/\\\/www.strassenweb.de\\\/nachrichten\\\/die-haeufigsten-probleme-mit-zusammengesetzten-tueren-und-wie-man-sie-behebt\\\/\",\"url\":\"https:\\\/\\\/www.strassenweb.de\\\/nachrichten\\\/die-haeufigsten-probleme-mit-zusammengesetzten-tueren-und-wie-man-sie-behebt\\\/\",\"name\":\"Die h\u00e4ufigsten Probleme mit zusammengesetzten T\u00fcren und wie man sie behebt - Nachrichten - Stra\u00dfenweb\",\"isPartOf\":{\"@id\":\"https:\\\/\\\/www.strassenweb.de\\\/nachrichten\\\/#website\"},\"primaryImageOfPage\":{\"@id\":\"https:\\\/\\\/www.strassenweb.de\\\/nachrichten\\\/die-haeufigsten-probleme-mit-zusammengesetzten-tueren-und-wie-man-sie-behebt\\\/#primaryimage\"},\"image\":{\"@id\":\"https:\\\/\\\/www.strassenweb.de\\\/nachrichten\\\/die-haeufigsten-probleme-mit-zusammengesetzten-tueren-und-wie-man-sie-behebt\\\/#primaryimage\"},\"thumbnailUrl\":\"https:\\\/\\\/www.strassenweb.de\\\/nachrichten\\\/wp-content\\\/uploads\\\/2025\\\/02\\\/Die-haeufigsten-Probleme-mit-zusammengesetzten-Tueren-und-wie-man-sie.jpg\",\"datePublished\":\"2025-02-15T00:48:06+00:00\",\"breadcrumb\":{\"@id\":\"https:\\\/\\\/www.strassenweb.de\\\/nachrichten\\\/die-haeufigsten-probleme-mit-zusammengesetzten-tueren-und-wie-man-sie-behebt\\\/#breadcrumb\"},\"inLanguage\":\"de\",\"potentialAction\":[{\"@type\":\"ReadAction\",\"target\":[\"https:\\\/\\\/www.strassenweb.de\\\/nachrichten\\\/die-haeufigsten-probleme-mit-zusammengesetzten-tueren-und-wie-man-sie-behebt\\\/\"]}]},{\"@type\":\"ImageObject\",\"inLanguage\":\"de\",\"@id\":\"https:\\\/\\\/www.strassenweb.de\\\/nachrichten\\\/die-haeufigsten-probleme-mit-zusammengesetzten-tueren-und-wie-man-sie-behebt\\\/#primaryimage\",\"url\":\"https:\\\/\\\/www.strassenweb.de\\\/nachrichten\\\/wp-content\\\/uploads\\\/2025\\\/02\\\/Die-haeufigsten-Probleme-mit-zusammengesetzten-Tueren-und-wie-man-sie.jpg\",\"contentUrl\":\"https:\\\/\\\/www.strassenweb.de\\\/nachrichten\\\/wp-content\\\/uploads\\\/2025\\\/02\\\/Die-haeufigsten-Probleme-mit-zusammengesetzten-Tueren-und-wie-man-sie.jpg\",\"width\":999,\"height\":667,\"caption\":\"fixing composite door.\"},{\"@type\":\"BreadcrumbList\",\"@id\":\"https:\\\/\\\/www.strassenweb.de\\\/nachrichten\\\/die-haeufigsten-probleme-mit-zusammengesetzten-tueren-und-wie-man-sie-behebt\\\/#breadcrumb\",\"itemListElement\":[{\"@type\":\"ListItem\",\"position\":1,\"name\":\"Home\",\"item\":\"https:\\\/\\\/www.strassenweb.de\\\/nachrichten\\\/\"},{\"@type\":\"ListItem\",\"position\":2,\"name\":\"Die h\u00e4ufigsten Probleme mit zusammengesetzten T\u00fcren und wie man sie behebt\"}]},{\"@type\":\"WebSite\",\"@id\":\"https:\\\/\\\/www.strassenweb.de\\\/nachrichten\\\/#website\",\"url\":\"https:\\\/\\\/www.strassenweb.de\\\/nachrichten\\\/\",\"name\":\"Stra\u00dfenweb\",\"description\":\"Stra\u00dfenverzeichnis f\u00fcr Deutschland\",\"publisher\":{\"@id\":\"https:\\\/\\\/www.strassenweb.de\\\/nachrichten\\\/#organization\"},\"potentialAction\":[{\"@type\":\"SearchAction\",\"target\":{\"@type\":\"EntryPoint\",\"urlTemplate\":\"https:\\\/\\\/www.strassenweb.de\\\/nachrichten\\\/?s={search_term_string}\"},\"query-input\":{\"@type\":\"PropertyValueSpecification\",\"valueRequired\":true,\"valueName\":\"search_term_string\"}}],\"inLanguage\":\"de\"},{\"@type\":\"Organization\",\"@id\":\"https:\\\/\\\/www.strassenweb.de\\\/nachrichten\\\/#organization\",\"name\":\"Stra\u00dfenweb\",\"url\":\"https:\\\/\\\/www.strassenweb.de\\\/nachrichten\\\/\",\"logo\":{\"@type\":\"ImageObject\",\"inLanguage\":\"de\",\"@id\":\"https:\\\/\\\/www.strassenweb.de\\\/nachrichten\\\/#\\\/schema\\\/logo\\\/image\\\/\",\"url\":\"https:\\\/\\\/www.strassenweb.de\\\/nachrichten\\\/wp-content\\\/uploads\\\/2024\\\/09\\\/cropped-favicon.png\",\"contentUrl\":\"https:\\\/\\\/www.strassenweb.de\\\/nachrichten\\\/wp-content\\\/uploads\\\/2024\\\/09\\\/cropped-favicon.png\",\"width\":512,\"height\":512,\"caption\":\"Stra\u00dfenweb\"},\"image\":{\"@id\":\"https:\\\/\\\/www.strassenweb.de\\\/nachrichten\\\/#\\\/schema\\\/logo\\\/image\\\/\"},\"sameAs\":[\"https:\\\/\\\/www.facebook.com\\\/strassenweb\\\/\"]},{\"@type\":\"Person\",\"@id\":\"https:\\\/\\\/www.strassenweb.de\\\/nachrichten\\\/#\\\/schema\\\/person\\\/87c9c9067f1211da429a744dc5a5aa41\",\"name\":\"Robert Hoffmann\",\"image\":{\"@type\":\"ImageObject\",\"inLanguage\":\"de\",\"@id\":\"https:\\\/\\\/www.strassenweb.de\\\/nachrichten\\\/wp-content\\\/uploads\\\/2024\\\/09\\\/strassenweb-150x150.jpg\",\"url\":\"https:\\\/\\\/www.strassenweb.de\\\/nachrichten\\\/wp-content\\\/uploads\\\/2024\\\/09\\\/strassenweb-150x150.jpg\",\"contentUrl\":\"https:\\\/\\\/www.strassenweb.de\\\/nachrichten\\\/wp-content\\\/uploads\\\/2024\\\/09\\\/strassenweb-150x150.jpg\",\"caption\":\"Robert Hoffmann\"},\"description\":\"Ich hei\u00dfe Robert Hoffmann und ich bin ein leidenschaftlicher Verfechter von \u00d6kologie und Biodiversit\u00e4t. Seit meiner Kindheit in den W\u00e4ldern Bayerns f\u00fchle ich mich mit der Natur verbunden und bin entschlossen, sie zu sch\u00fctzen. Heute widme ich mein Leben der Sensibilisierung anderer f\u00fcr die Bedeutung des Umweltschutzes f\u00fcr zuk\u00fcnftige Generationen.\",\"sameAs\":[\"https:\\\/\\\/www.strassenweb.de\\\/\"]}]}<\/script>\n<!-- \/ Yoast SEO plugin. -->","yoast_head_json":{"title":"Die h\u00e4ufigsten Probleme mit zusammengesetzten T\u00fcren und wie man sie behebt - Nachrichten - Stra\u00dfenweb","robots":{"index":"index","follow":"follow","max-snippet":"max-snippet:-1","max-image-preview":"max-image-preview:large","max-video-preview":"max-video-preview:-1"},"canonical":"https:\/\/www.strassenweb.de\/nachrichten\/die-haeufigsten-probleme-mit-zusammengesetzten-tueren-und-wie-man-sie-behebt\/","og_locale":"de_DE","og_type":"article","og_title":"Die h\u00e4ufigsten Probleme mit zusammengesetzten T\u00fcren und wie man sie behebt - Nachrichten - Stra\u00dfenweb","og_description":"Verbundt\u00fcren werden jeden Tag immer beliebter. Sie sind eine gro\u00dfartige Alternative zu traditionellen Holzt\u00fcren und bieten viele Vorteile, die andere T\u00fcren nicht k\u00f6nnen. Wie bei","og_url":"https:\/\/www.strassenweb.de\/nachrichten\/die-haeufigsten-probleme-mit-zusammengesetzten-tueren-und-wie-man-sie-behebt\/","og_site_name":"Stra\u00dfenweb","article_publisher":"https:\/\/www.facebook.com\/strassenweb\/","article_published_time":"2025-02-15T00:48:06+00:00","og_image":[{"width":999,"height":667,"url":"https:\/\/www.strassenweb.de\/nachrichten\/wp-content\/uploads\/2025\/02\/Die-haeufigsten-Probleme-mit-zusammengesetzten-Tueren-und-wie-man-sie.jpg","type":"image\/jpeg"}],"author":"Robert Hoffmann","twitter_card":"summary_large_image","twitter_misc":{"Verfasst von":"Robert Hoffmann","Gesch\u00e4tzte Lesezeit":"8\u00a0Minuten"},"schema":{"@context":"https:\/\/schema.org","@graph":[{"@type":"Article","@id":"https:\/\/www.strassenweb.de\/nachrichten\/die-haeufigsten-probleme-mit-zusammengesetzten-tueren-und-wie-man-sie-behebt\/#article","isPartOf":{"@id":"https:\/\/www.strassenweb.de\/nachrichten\/die-haeufigsten-probleme-mit-zusammengesetzten-tueren-und-wie-man-sie-behebt\/"},"author":{"name":"Robert Hoffmann","@id":"https:\/\/www.strassenweb.de\/nachrichten\/#\/schema\/person\/87c9c9067f1211da429a744dc5a5aa41"},"headline":"Die h\u00e4ufigsten Probleme mit zusammengesetzten T\u00fcren und wie man sie behebt","datePublished":"2025-02-15T00:48:06+00:00","mainEntityOfPage":{"@id":"https:\/\/www.strassenweb.de\/nachrichten\/die-haeufigsten-probleme-mit-zusammengesetzten-tueren-und-wie-man-sie-behebt\/"},"wordCount":1614,"publisher":{"@id":"https:\/\/www.strassenweb.de\/nachrichten\/#organization"},"image":{"@id":"https:\/\/www.strassenweb.de\/nachrichten\/die-haeufigsten-probleme-mit-zusammengesetzten-tueren-und-wie-man-sie-behebt\/#primaryimage"},"thumbnailUrl":"https:\/\/www.strassenweb.de\/nachrichten\/wp-content\/uploads\/2025\/02\/Die-haeufigsten-Probleme-mit-zusammengesetzten-Tueren-und-wie-man-sie.jpg","keywords":["behebt","die","h\u00e4ufigsten","man","mit","Probleme","Sie","T\u00fcren","und","Wie","zusammengesetzten"],"articleSection":["Energie"],"inLanguage":"de"},{"@type":"WebPage","@id":"https:\/\/www.strassenweb.de\/nachrichten\/die-haeufigsten-probleme-mit-zusammengesetzten-tueren-und-wie-man-sie-behebt\/","url":"https:\/\/www.strassenweb.de\/nachrichten\/die-haeufigsten-probleme-mit-zusammengesetzten-tueren-und-wie-man-sie-behebt\/","name":"Die h\u00e4ufigsten Probleme mit zusammengesetzten T\u00fcren und wie man sie behebt - Nachrichten - Stra\u00dfenweb","isPartOf":{"@id":"https:\/\/www.strassenweb.de\/nachrichten\/#website"},"primaryImageOfPage":{"@id":"https:\/\/www.strassenweb.de\/nachrichten\/die-haeufigsten-probleme-mit-zusammengesetzten-tueren-und-wie-man-sie-behebt\/#primaryimage"},"image":{"@id":"https:\/\/www.strassenweb.de\/nachrichten\/die-haeufigsten-probleme-mit-zusammengesetzten-tueren-und-wie-man-sie-behebt\/#primaryimage"},"thumbnailUrl":"https:\/\/www.strassenweb.de\/nachrichten\/wp-content\/uploads\/2025\/02\/Die-haeufigsten-Probleme-mit-zusammengesetzten-Tueren-und-wie-man-sie.jpg","datePublished":"2025-02-15T00:48:06+00:00","breadcrumb":{"@id":"https:\/\/www.strassenweb.de\/nachrichten\/die-haeufigsten-probleme-mit-zusammengesetzten-tueren-und-wie-man-sie-behebt\/#breadcrumb"},"inLanguage":"de","potentialAction":[{"@type":"ReadAction","target":["https:\/\/www.strassenweb.de\/nachrichten\/die-haeufigsten-probleme-mit-zusammengesetzten-tueren-und-wie-man-sie-behebt\/"]}]},{"@type":"ImageObject","inLanguage":"de","@id":"https:\/\/www.strassenweb.de\/nachrichten\/die-haeufigsten-probleme-mit-zusammengesetzten-tueren-und-wie-man-sie-behebt\/#primaryimage","url":"https:\/\/www.strassenweb.de\/nachrichten\/wp-content\/uploads\/2025\/02\/Die-haeufigsten-Probleme-mit-zusammengesetzten-Tueren-und-wie-man-sie.jpg","contentUrl":"https:\/\/www.strassenweb.de\/nachrichten\/wp-content\/uploads\/2025\/02\/Die-haeufigsten-Probleme-mit-zusammengesetzten-Tueren-und-wie-man-sie.jpg","width":999,"height":667,"caption":"fixing composite door."},{"@type":"BreadcrumbList","@id":"https:\/\/www.strassenweb.de\/nachrichten\/die-haeufigsten-probleme-mit-zusammengesetzten-tueren-und-wie-man-sie-behebt\/#breadcrumb","itemListElement":[{"@type":"ListItem","position":1,"name":"Home","item":"https:\/\/www.strassenweb.de\/nachrichten\/"},{"@type":"ListItem","position":2,"name":"Die h\u00e4ufigsten Probleme mit zusammengesetzten T\u00fcren und wie man sie behebt"}]},{"@type":"WebSite","@id":"https:\/\/www.strassenweb.de\/nachrichten\/#website","url":"https:\/\/www.strassenweb.de\/nachrichten\/","name":"Stra\u00dfenweb","description":"Stra\u00dfenverzeichnis f\u00fcr Deutschland","publisher":{"@id":"https:\/\/www.strassenweb.de\/nachrichten\/#organization"},"potentialAction":[{"@type":"SearchAction","target":{"@type":"EntryPoint","urlTemplate":"https:\/\/www.strassenweb.de\/nachrichten\/?s={search_term_string}"},"query-input":{"@type":"PropertyValueSpecification","valueRequired":true,"valueName":"search_term_string"}}],"inLanguage":"de"},{"@type":"Organization","@id":"https:\/\/www.strassenweb.de\/nachrichten\/#organization","name":"Stra\u00dfenweb","url":"https:\/\/www.strassenweb.de\/nachrichten\/","logo":{"@type":"ImageObject","inLanguage":"de","@id":"https:\/\/www.strassenweb.de\/nachrichten\/#\/schema\/logo\/image\/","url":"https:\/\/www.strassenweb.de\/nachrichten\/wp-content\/uploads\/2024\/09\/cropped-favicon.png","contentUrl":"https:\/\/www.strassenweb.de\/nachrichten\/wp-content\/uploads\/2024\/09\/cropped-favicon.png","width":512,"height":512,"caption":"Stra\u00dfenweb"},"image":{"@id":"https:\/\/www.strassenweb.de\/nachrichten\/#\/schema\/logo\/image\/"},"sameAs":["https:\/\/www.facebook.com\/strassenweb\/"]},{"@type":"Person","@id":"https:\/\/www.strassenweb.de\/nachrichten\/#\/schema\/person\/87c9c9067f1211da429a744dc5a5aa41","name":"Robert Hoffmann","image":{"@type":"ImageObject","inLanguage":"de","@id":"https:\/\/www.strassenweb.de\/nachrichten\/wp-content\/uploads\/2024\/09\/strassenweb-150x150.jpg","url":"https:\/\/www.strassenweb.de\/nachrichten\/wp-content\/uploads\/2024\/09\/strassenweb-150x150.jpg","contentUrl":"https:\/\/www.strassenweb.de\/nachrichten\/wp-content\/uploads\/2024\/09\/strassenweb-150x150.jpg","caption":"Robert Hoffmann"},"description":"Ich hei\u00dfe Robert Hoffmann und ich bin ein leidenschaftlicher Verfechter von \u00d6kologie und Biodiversit\u00e4t. Seit meiner Kindheit in den W\u00e4ldern Bayerns f\u00fchle ich mich mit der Natur verbunden und bin entschlossen, sie zu sch\u00fctzen. Heute widme ich mein Leben der Sensibilisierung anderer f\u00fcr die Bedeutung des Umweltschutzes f\u00fcr zuk\u00fcnftige Generationen.","sameAs":["https:\/\/www.strassenweb.de\/"]}]}},"_links":{"self":[{"href":"https:\/\/www.strassenweb.de\/nachrichten\/wp-json\/wp\/v2\/posts\/3321","targetHints":{"allow":["GET"]}}],"collection":[{"href":"https:\/\/www.strassenweb.de\/nachrichten\/wp-json\/wp\/v2\/posts"}],"about":[{"href":"https:\/\/www.strassenweb.de\/nachrichten\/wp-json\/wp\/v2\/types\/post"}],"author":[{"embeddable":true,"href":"https:\/\/www.strassenweb.de\/nachrichten\/wp-json\/wp\/v2\/users\/1"}],"replies":[{"embeddable":true,"href":"https:\/\/www.strassenweb.de\/nachrichten\/wp-json\/wp\/v2\/comments?post=3321"}],"version-history":[{"count":0,"href":"https:\/\/www.strassenweb.de\/nachrichten\/wp-json\/wp\/v2\/posts\/3321\/revisions"}],"wp:featuredmedia":[{"embeddable":true,"href":"https:\/\/www.strassenweb.de\/nachrichten\/wp-json\/wp\/v2\/media\/3322"}],"wp:attachment":[{"href":"https:\/\/www.strassenweb.de\/nachrichten\/wp-json\/wp\/v2\/media?parent=3321"}],"wp:term":[{"taxonomy":"category","embeddable":true,"href":"https:\/\/www.strassenweb.de\/nachrichten\/wp-json\/wp\/v2\/categories?post=3321"},{"taxonomy":"post_tag","embeddable":true,"href":"https:\/\/www.strassenweb.de\/nachrichten\/wp-json\/wp\/v2\/tags?post=3321"}],"curies":[{"name":"wp","href":"https:\/\/api.w.org\/{rel}","templated":true}]}}