{"id":3312,"date":"2025-02-14T19:39:35","date_gmt":"2025-02-14T18:39:35","guid":{"rendered":"https:\/\/www.strassenweb.de\/nachrichten\/3-gruende-aus-denen-ihr-farn-haengt-und-wie-sie-es-retten-koennen-laut-hausfreundexperten\/"},"modified":"2025-02-14T19:39:36","modified_gmt":"2025-02-14T18:39:36","slug":"3-gruende-aus-denen-ihr-farn-haengt-und-wie-sie-es-retten-koennen-laut-hausfreundexperten","status":"publish","type":"post","link":"https:\/\/www.strassenweb.de\/nachrichten\/3-gruende-aus-denen-ihr-farn-haengt-und-wie-sie-es-retten-koennen-laut-hausfreundexperten\/","title":{"rendered":"3 Gr\u00fcnde, aus denen Ihr Farn h\u00e4ngt und wie Sie es retten k\u00f6nnen, laut Hausfreundexperten"},"content":{"rendered":"<p><\/p>\n<div id=\"article-body\" class=\"article__body \">\n<p>Das Anbau von Farnen im Inneren bietet ein wundersch\u00f6nes, weiches Laub, um Ihre Innenr\u00e4ume zum Leben zu erwecken. Es ist eine geringe Wartung erforderlich, um ihre legend\u00e4ren Wedel gesund zu halten, und es kann nicht nur noch zu Ihrem Farnfest f\u00fchren.<\/p>\n<div id=\"ad-unit-1\" class=\"ad-unit\"><\/div>\n<p>Es spielt keine Rolle, welchen der besten Farne im Innenbereich Sie wachsen m\u00f6chten, und alle Arten von Farnen reagieren normalerweise mit Abfall, wenn etwas in ihrem wachsenden Umfeld nicht richtig ist. Sie m\u00fcssen auch schnell auf diese Art von Symptom reagieren, um Ihren Farn auf eine gute Gesundheit zur\u00fcckzugeben.<\/p>\n<p>W\u00e4hrend die Ursachen hinter einem abf\u00e4lligen Farn zwischen Sorten variieren k\u00f6nnen, sagen die Haustrofplantenexperten, dass es einige h\u00e4ufige Innenpflanzenfehler gibt, die sich dessen bewusst sind. Hier schauen wir uns diese genauer an und wie Sie einen herangenden Farn wiederbeleben k\u00f6nnen, damit Sie Ihre weiterhin gl\u00fccklich in Ihrem Zuhause wachsen k\u00f6nnen.<\/p>\n<div id=\"desktop-in-article\" class=\"in-article ad-unit\">\n<div id=\"desktop-taboola-mid-article\"><\/div>\n<\/div>\n<div id=\"mobile-in-article\" class=\"in-article ad-unit\">\n<div id=\"mobile-taboola-mid-article\"><\/div>\n<\/div>\n<figure class=\"van-image-figure inline-layout \" data-bordeaux-image-check>\n<div class=\"image-full-width-wrapper\">\n<div class=\"image-widthsetter\" style=\"max-width:2400px;\"><\/div>\n<\/div>\n<\/figure>\n<h3 class=\"article-body__section\" id=\"section-3-reasons-your-fern-is-drooping\"><span>3 Gr\u00fcnde, warum Ihr Farn h\u00e4ngt<\/span><\/h3>\n<aside class=\"hawk-nest\" data-block-type=\"embed\" data-render-type=\"fte\" data-skip=\"dealsy\" data-widget-type=\"seasonal\">\n<div class=\"hawk-master-widget-hawk-base-wrapper\"><\/div>\n<\/aside>\n<p>Sie werden nicht nur bemerken, dass Ihr Farn aufgrund dieser drei Fehler schlie\u00dft, sondern auch Ihren Farnbraun. Mach dir jedoch keine Sorgen, sie sind alle leicht zu vermeiden und richtig zu machen.<\/p>\n<div class=\"van_vid_carousel\">\n<div class=\"van_vid_carousel__padding\">\n<div class=\"van_vid_carousel__container\"><\/div>\n<\/div>\n<\/div>\n<h2 id=\"1-you-re-underwatering-your-fern-3\">1. Sie unterwachsen Ihren Farn<\/h2>\n<figure class=\"van-image-figure inline-layout \" data-bordeaux-image-check>\n<div class=\"image-full-width-wrapper\">\n<div class=\"image-widthsetter\" style=\"max-width:2400px;\"><\/div>\n<\/div>\n<\/figure>\n<p>&#8218;Der Hauptgrund f\u00fcr Farne zum Herstellen ist unter Wasser. Farne k\u00fcmmern sich nicht um gut mit der Auswahl \u201c, sagt Farben\u201c <u>Julie Bawden-Davis<\/u>Innenpflanzenexpertin bei gesunden Zimmerpflanzen.<\/p>\n<div id=\"ad-unit-2\" class=\"ad-unit\"><\/div>\n<p>Dies gilt insbesondere f\u00fcr Maidenhair -Farn -Pflege und Spargelfarnpflege unter anderem Farne -Sorten, die sich kr\u00e4useln, knusprig und schl\u00e4ngelt, wenn ihr Boden austrocknet. Deshalb ist es am besten, Ihren Farn immer auf einem konsequenten Feuchtigkeitsniveau zu halten, um seinen Wedeln zu helfen, das Gedeihen zu haben.<\/p>\n<p>&#8222;Es kann auch nur ein von Natur aus herstellender Farn sein&#8220;, bemerkt es <u>Lisa Eldred Steinchopf<\/u>Zimmerpflanzexpertin am Hausflugzeugguru. Zum Beispiel werden Boston Farne und Staghornfarne oft als h\u00e4ngende Pflanzen in Innenr\u00e4umen angebaut und haben ein leicht haltbares Aussehen. &#8222;Wenn es trocken ist, schlie\u00dft es nat\u00fcrlich mehr her&#8220;, f\u00fcgt Lisa hinzu.<\/p>\n<p>Um zu wissen, wann Sie Ihre Innenpflanzen gie\u00dfen, verwenden Sie dieses Bodenfeuchtigkeitsmessger\u00e4t von Amazon. In der Regel sollten Sie nicht zulassen, dass Ihr Farn weiter austrocknen als die oberen zwei Zoll.<\/p>\n<h2 id=\"2-your-fern-needs-higher-humidity-levels-3\">2. Ihr Farn braucht h\u00f6here Luftfeuchtigkeitsniveaus<\/h2>\n<figure class=\"van-image-figure inline-layout \" data-bordeaux-image-check>\n<div class=\"image-full-width-wrapper\">\n<div class=\"image-widthsetter\" style=\"max-width:2000px;\"><\/div>\n<\/div>\n<\/figure>\n<p>Farne geh\u00f6ren zu den Zimmerpflanzen, die hohe Luftfeuchtigkeit genie\u00dfen. Dies wird durch ihre einheimische Dschungelumgebung erkl\u00e4rt, in der sie in w\u00e4rmeren Temperaturen zwischen dichter Laub wachsen. Ein Mangel an Luftfeuchtigkeit im Haushalt kann sich daher negativ auf Farne auswirken.<\/p>\n<p>Es h\u00e4ngt von der Art des Farns ab, aber zum gr\u00f6\u00dften Teil genie\u00dfen sie die Luftfeuchtigkeit zwischen 40 und 50%. Einige Farne, die die Liste der Zimmerpflanzen f\u00fcr niedrige Luftfeuchtigkeit erstellen, umfassen den Blue Star Farn und der japanische Stechpalme, der f\u00fcr Ihr Zuhause besser geeignet ist, wenn es sich um eine trockenere Umgebung handelt.<\/p>\n<p>Zu wenig Luftfeuchtigkeit f\u00fchrt wahrscheinlich dazu, dass einige Arten des Farns schlugen und andere Probleme verursachen. Dies ist oft der Grund, warum ein Spargelfarn zum Beispiel gelb wird.<\/p>\n<p>Sie k\u00f6nnen die Luftfeuchtigkeit in Ihrem Zuhause mit diesem Luftfeuchtigkeitsmessger\u00e4t von Amazon verfolgen.<\/p>\n<h2 id=\"3-your-fern-needs-brighter-light-3\">3. Ihr Farn braucht ein helles Licht<\/h2>\n<figure class=\"van-image-figure inline-layout \" data-bordeaux-image-check>\n<div class=\"image-full-width-wrapper\">\n<div class=\"image-widthsetter\" style=\"max-width:2000px;\"><\/div>\n<\/div>\n<\/figure>\n<p>W\u00e4hrend es wahr ist, sind viele Farne in Innenleuchtanlagen, insbesondere in Boston Farne, aber zu wenig Licht kann auch dazu f\u00fchren, dass ein Farn eine dramatische Reaktion wie Herkunft hat.<\/p>\n<p>Farne sind schattenliebende Pflanzen, aber manchmal denken die Leute, das bedeutet, dass sie in einem sehr dunklen Bereich des Hauses gehen sollten. Sie brauchen immer noch Sonnenlicht, um zu \u00fcberleben \u201c <u>Jeannie Psomas<\/u>Pflanzenexperte und Eigent\u00fcmer der Anlage Lady: San Francisco.<\/p>\n<p>Es mag Sie \u00fcberraschen zu erfahren, dass Farne viel helles Licht genie\u00dfen und Teilschatten tolerieren. Sie sollten jedoch auch nicht l\u00e4ngerer Zeitr\u00e4ume der direkten Sonne ausgesetzt sein, da dies zu Blattbraten f\u00fchren und ihr Laub verf\u00e4rbt.<\/p>\n<p>&#8222;Eine M\u00f6glichkeit zu wissen, dass es ein Lichtmangel ist, der dazu f\u00fchrt, dass Ihr Farn schlaff ist, ist, dass es ein langsamerer Abfall sein wird als wenn er Wasser brauchte&#8220;, bemerkt Lisa.<\/p>\n<h3 class=\"article-body__section\" id=\"section-how-to-revive-a-drooping-fern\"><span>Wie man einen heraffenden Farn wiederbelebt<\/span><\/h3>\n<figure class=\"van-image-figure inline-layout \" data-bordeaux-image-check>\n<div class=\"image-full-width-wrapper\">\n<div class=\"image-widthsetter\" style=\"max-width:2400px;\"><\/div>\n<\/div>\n<\/figure>\n<p>F\u00fchlen Sie sich nicht zu entmutigt, wenn Sie Ihren Farne erkennen, es gibt M\u00f6glichkeiten, einen h\u00e4ngenden Farn leicht wiederzubeleben. Es h\u00e4ngt alles davon ab, was dieses Problem \u00fcberhaupt verursacht.<\/p>\n<p>Wenn es sich um ein Wasserproblem handelt, <u>Alex Kantor<\/u>Besitzer von Perfect Plants Nursery, empfiehlt: \u201eStellen Sie sicher, dass der Boden durchweg feucht ist, aber nicht verwatert ist. Tauchen Sie den Topf f\u00fcr einige Minuten in Wasser, um eine gr\u00fcndliche Bew\u00e4sserung zu gew\u00e4hrleisten. &#8218;<\/p>\n<p>Wenn Ihr Farn jedoch aus mangelnder Luftfeuchtigkeit abf\u00e4llt, m\u00fcssen Sie nach Wegen suchen, um die Luftfeuchtigkeit f\u00fcr Innenpflanzen zu erh\u00f6hen. \u00bbErh\u00f6hen Sie die Luftfeuchtigkeit, indem Sie die Pflanze verwandeln oder einen Luftbefeuchter in der N\u00e4he platzieren&#8220;, schl\u00e4gt Alex vor. Sie k\u00f6nnen auch ein Kieselschale f\u00fcr Pflanzen ausprobieren.<\/p>\n<p>Versuchen Sie, einen Farnabfall aufgrund eines Lichtmangels zu bewegt, und bewegen Sie ihn in Ihrem Zuhause an einen helleren Ort. Wenn Sie Schwierigkeiten haben, ausreichend Licht zu liefern, verwenden Sie Wachstumslichter f\u00fcr Zimmerpflanzen &#8211; wie diese wachsen Licht von Amazon.<\/p>\n<p>Es geht darum, die Ursache Ihres Farne zu identifizieren und die richtigen Anpassungen in der Pflege vorzunehmen, um den Wedel wieder zu helfen.<\/p>\n<h3 class=\"article-body__section\" id=\"section-faqs\"><span>FAQs<\/span><\/h3>\n<h2 id=\"should-you-cut-off-drooping-fern-fronds-3\">Sollten Sie abfallende Farnwedel abschneiden?<\/h2>\n<p>Nein, es ist nicht notwendig, abfallende Farnwedel abzuschneiden, wenn sie sonst intakt bleiben. Die Anpassung des wachsenden Umfelds Ihres Farns wird es wahrscheinlich wiederbeleben. Wenn sich jedoch eine l\u00e4ngere Zeit unangemessener Versorgung hinter dem Abfall befindet, kann Ihr Farn auch gelbbogen und braunen Laub haben. Dies wird nicht wieder gr\u00fcn, daher ist es am besten, sie mit wesentlichen Schnittwerkzeugen zu entfernen.<\/p>\n<p>&#8222;Schneiden Sie alle gelben oder verwelkten Wedel, um ein neues Wachstum zu f\u00f6rdern&#8220; <u>Alex Kantor<\/u>Eigent\u00fcmer von Perfect Plants Nursery. &#8222;Wenn der Farn auch wurzelnd ist, ist dies ein guter Zeitpunkt, um ihn in einen etwas gr\u00f6\u00dferen Beh\u00e4lter mit frischem Boden zu umzulassen&#8220;, f\u00fcgt er hinzu.<\/p>\n<hr>\n<p>&#8222;Sie sollten auch nach allgemeinen Zimmerpflanzen im Auge behalten&#8220;, warnt Jeannie. &#8218;Sch\u00e4dlinge k\u00f6nnen viel Schaden verursachen, bevor Sie sie tats\u00e4chlich bemerken. Eine allgemeine Wilde oder Deflation der Pflanze k\u00f6nnte durch Sch\u00e4dlinge wie Spinnenmilben, mehlige Insekten oder Blattl\u00e4use verursacht werden \u201c, erkl\u00e4rt sie.<\/p>\n<p>Wenn Sie feststellen, dass Ihr Farn Sch\u00e4dlinge hat, versuchen Sie, ein hausgemachtes Insektenspray zu erstellen und Methoden anzuwenden, um Spinnenmilben auf Zimmerpflanzen loszuwerden oder Blattl\u00e4use auf Hauspflanzen loszuwerden.<\/p>\n<\/div>\n","protected":false},"excerpt":{"rendered":"<p>Das Anbau von Farnen im Inneren bietet ein wundersch\u00f6nes, weiches Laub, um Ihre Innenr\u00e4ume zum Leben zu erwecken. Es ist eine geringe Wartung erforderlich, um<\/p>\n","protected":false},"author":1,"featured_media":3313,"comment_status":"closed","ping_status":"","sticky":false,"template":"","format":"standard","meta":{"footnotes":""},"categories":[118],"tags":[287,2718,5217,1056,755,5218,170,689,329,230,165,37,26],"class_list":["post-3312","post","type-post","status-publish","format-standard","has-post-thumbnail","hentry","category-haus-garten","tag-aus","tag-denen","tag-farn","tag-gruende","tag-haengt","tag-hausfreundexperten","tag-ihr","tag-koennen","tag-laut","tag-retten","tag-sie","tag-und","tag-wie","generate-columns","tablet-grid-50","mobile-grid-100","grid-parent","grid-50"],"yoast_head":"<!-- This site is optimized with the Yoast SEO plugin v27.3 - https:\/\/yoast.com\/product\/yoast-seo-wordpress\/ -->\n<title>3 Gr\u00fcnde, aus denen Ihr Farn h\u00e4ngt und wie Sie es retten k\u00f6nnen, laut Hausfreundexperten - Nachrichten - Stra\u00dfenweb<\/title>\n<meta name=\"robots\" content=\"index, follow, max-snippet:-1, max-image-preview:large, max-video-preview:-1\" \/>\n<link rel=\"canonical\" href=\"https:\/\/www.strassenweb.de\/nachrichten\/3-gruende-aus-denen-ihr-farn-haengt-und-wie-sie-es-retten-koennen-laut-hausfreundexperten\/\" \/>\n<meta property=\"og:locale\" content=\"de_DE\" \/>\n<meta property=\"og:type\" content=\"article\" \/>\n<meta property=\"og:title\" content=\"3 Gr\u00fcnde, aus denen Ihr Farn h\u00e4ngt und wie Sie es retten k\u00f6nnen, laut Hausfreundexperten - Nachrichten - Stra\u00dfenweb\" \/>\n<meta property=\"og:description\" content=\"Das Anbau von Farnen im Inneren bietet ein wundersch\u00f6nes, weiches Laub, um Ihre Innenr\u00e4ume zum Leben zu erwecken. Es ist eine geringe Wartung erforderlich, um\" \/>\n<meta property=\"og:url\" content=\"https:\/\/www.strassenweb.de\/nachrichten\/3-gruende-aus-denen-ihr-farn-haengt-und-wie-sie-es-retten-koennen-laut-hausfreundexperten\/\" \/>\n<meta property=\"og:site_name\" content=\"Stra\u00dfenweb\" \/>\n<meta property=\"article:publisher\" content=\"https:\/\/www.facebook.com\/strassenweb\/\" \/>\n<meta property=\"article:published_time\" content=\"2025-02-14T18:39:35+00:00\" \/>\n<meta property=\"article:modified_time\" content=\"2025-02-14T18:39:36+00:00\" \/>\n<meta property=\"og:image\" content=\"https:\/\/www.strassenweb.de\/nachrichten\/wp-content\/uploads\/2025\/02\/3-Gruende-aus-denen-Ihr-Farn-haengt-und-wie-Sie.jpg\" \/>\n\t<meta property=\"og:image:width\" content=\"1200\" \/>\n\t<meta property=\"og:image:height\" content=\"1440\" \/>\n\t<meta property=\"og:image:type\" content=\"image\/jpeg\" \/>\n<meta name=\"author\" content=\"Robert Hoffmann\" \/>\n<meta name=\"twitter:card\" content=\"summary_large_image\" \/>\n<meta name=\"twitter:label1\" content=\"Verfasst von\" \/>\n\t<meta name=\"twitter:data1\" content=\"Robert Hoffmann\" \/>\n\t<meta name=\"twitter:label2\" content=\"Gesch\u00e4tzte Lesezeit\" \/>\n\t<meta name=\"twitter:data2\" content=\"5\u00a0Minuten\" \/>\n<script type=\"application\/ld+json\" class=\"yoast-schema-graph\">{\"@context\":\"https:\\\/\\\/schema.org\",\"@graph\":[{\"@type\":\"Article\",\"@id\":\"https:\\\/\\\/www.strassenweb.de\\\/nachrichten\\\/3-gruende-aus-denen-ihr-farn-haengt-und-wie-sie-es-retten-koennen-laut-hausfreundexperten\\\/#article\",\"isPartOf\":{\"@id\":\"https:\\\/\\\/www.strassenweb.de\\\/nachrichten\\\/3-gruende-aus-denen-ihr-farn-haengt-und-wie-sie-es-retten-koennen-laut-hausfreundexperten\\\/\"},\"author\":{\"name\":\"Robert Hoffmann\",\"@id\":\"https:\\\/\\\/www.strassenweb.de\\\/nachrichten\\\/#\\\/schema\\\/person\\\/87c9c9067f1211da429a744dc5a5aa41\"},\"headline\":\"3 Gr\u00fcnde, aus denen Ihr Farn h\u00e4ngt und wie Sie es retten k\u00f6nnen, laut Hausfreundexperten\",\"datePublished\":\"2025-02-14T18:39:35+00:00\",\"dateModified\":\"2025-02-14T18:39:36+00:00\",\"mainEntityOfPage\":{\"@id\":\"https:\\\/\\\/www.strassenweb.de\\\/nachrichten\\\/3-gruende-aus-denen-ihr-farn-haengt-und-wie-sie-es-retten-koennen-laut-hausfreundexperten\\\/\"},\"wordCount\":1085,\"publisher\":{\"@id\":\"https:\\\/\\\/www.strassenweb.de\\\/nachrichten\\\/#organization\"},\"image\":{\"@id\":\"https:\\\/\\\/www.strassenweb.de\\\/nachrichten\\\/3-gruende-aus-denen-ihr-farn-haengt-und-wie-sie-es-retten-koennen-laut-hausfreundexperten\\\/#primaryimage\"},\"thumbnailUrl\":\"https:\\\/\\\/www.strassenweb.de\\\/nachrichten\\\/wp-content\\\/uploads\\\/2025\\\/02\\\/3-Gruende-aus-denen-Ihr-Farn-haengt-und-wie-Sie.jpg\",\"keywords\":[\"aus\",\"denen\",\"Farn\",\"Gr\u00fcnde\",\"h\u00e4ngt\",\"Hausfreundexperten\",\"Ihr\",\"k\u00f6nnen\",\"laut\",\"retten\",\"Sie\",\"und\",\"Wie\"],\"articleSection\":[\"Haus &amp; Garten\"],\"inLanguage\":\"de\"},{\"@type\":\"WebPage\",\"@id\":\"https:\\\/\\\/www.strassenweb.de\\\/nachrichten\\\/3-gruende-aus-denen-ihr-farn-haengt-und-wie-sie-es-retten-koennen-laut-hausfreundexperten\\\/\",\"url\":\"https:\\\/\\\/www.strassenweb.de\\\/nachrichten\\\/3-gruende-aus-denen-ihr-farn-haengt-und-wie-sie-es-retten-koennen-laut-hausfreundexperten\\\/\",\"name\":\"3 Gr\u00fcnde, aus denen Ihr Farn h\u00e4ngt und wie Sie es retten k\u00f6nnen, laut Hausfreundexperten - Nachrichten - Stra\u00dfenweb\",\"isPartOf\":{\"@id\":\"https:\\\/\\\/www.strassenweb.de\\\/nachrichten\\\/#website\"},\"primaryImageOfPage\":{\"@id\":\"https:\\\/\\\/www.strassenweb.de\\\/nachrichten\\\/3-gruende-aus-denen-ihr-farn-haengt-und-wie-sie-es-retten-koennen-laut-hausfreundexperten\\\/#primaryimage\"},\"image\":{\"@id\":\"https:\\\/\\\/www.strassenweb.de\\\/nachrichten\\\/3-gruende-aus-denen-ihr-farn-haengt-und-wie-sie-es-retten-koennen-laut-hausfreundexperten\\\/#primaryimage\"},\"thumbnailUrl\":\"https:\\\/\\\/www.strassenweb.de\\\/nachrichten\\\/wp-content\\\/uploads\\\/2025\\\/02\\\/3-Gruende-aus-denen-Ihr-Farn-haengt-und-wie-Sie.jpg\",\"datePublished\":\"2025-02-14T18:39:35+00:00\",\"dateModified\":\"2025-02-14T18:39:36+00:00\",\"breadcrumb\":{\"@id\":\"https:\\\/\\\/www.strassenweb.de\\\/nachrichten\\\/3-gruende-aus-denen-ihr-farn-haengt-und-wie-sie-es-retten-koennen-laut-hausfreundexperten\\\/#breadcrumb\"},\"inLanguage\":\"de\",\"potentialAction\":[{\"@type\":\"ReadAction\",\"target\":[\"https:\\\/\\\/www.strassenweb.de\\\/nachrichten\\\/3-gruende-aus-denen-ihr-farn-haengt-und-wie-sie-es-retten-koennen-laut-hausfreundexperten\\\/\"]}]},{\"@type\":\"ImageObject\",\"inLanguage\":\"de\",\"@id\":\"https:\\\/\\\/www.strassenweb.de\\\/nachrichten\\\/3-gruende-aus-denen-ihr-farn-haengt-und-wie-sie-es-retten-koennen-laut-hausfreundexperten\\\/#primaryimage\",\"url\":\"https:\\\/\\\/www.strassenweb.de\\\/nachrichten\\\/wp-content\\\/uploads\\\/2025\\\/02\\\/3-Gruende-aus-denen-Ihr-Farn-haengt-und-wie-Sie.jpg\",\"contentUrl\":\"https:\\\/\\\/www.strassenweb.de\\\/nachrichten\\\/wp-content\\\/uploads\\\/2025\\\/02\\\/3-Gruende-aus-denen-Ihr-Farn-haengt-und-wie-Sie.jpg\",\"width\":1200,\"height\":1440,\"caption\":\"3 Gr\u00fcnde, aus denen Ihr Farn h\u00e4ngt und wie Sie es retten k\u00f6nnen, laut Hausfreundexperten\"},{\"@type\":\"BreadcrumbList\",\"@id\":\"https:\\\/\\\/www.strassenweb.de\\\/nachrichten\\\/3-gruende-aus-denen-ihr-farn-haengt-und-wie-sie-es-retten-koennen-laut-hausfreundexperten\\\/#breadcrumb\",\"itemListElement\":[{\"@type\":\"ListItem\",\"position\":1,\"name\":\"Home\",\"item\":\"https:\\\/\\\/www.strassenweb.de\\\/nachrichten\\\/\"},{\"@type\":\"ListItem\",\"position\":2,\"name\":\"3 Gr\u00fcnde, aus denen Ihr Farn h\u00e4ngt und wie Sie es retten k\u00f6nnen, laut Hausfreundexperten\"}]},{\"@type\":\"WebSite\",\"@id\":\"https:\\\/\\\/www.strassenweb.de\\\/nachrichten\\\/#website\",\"url\":\"https:\\\/\\\/www.strassenweb.de\\\/nachrichten\\\/\",\"name\":\"Stra\u00dfenweb\",\"description\":\"Stra\u00dfenverzeichnis f\u00fcr Deutschland\",\"publisher\":{\"@id\":\"https:\\\/\\\/www.strassenweb.de\\\/nachrichten\\\/#organization\"},\"potentialAction\":[{\"@type\":\"SearchAction\",\"target\":{\"@type\":\"EntryPoint\",\"urlTemplate\":\"https:\\\/\\\/www.strassenweb.de\\\/nachrichten\\\/?s={search_term_string}\"},\"query-input\":{\"@type\":\"PropertyValueSpecification\",\"valueRequired\":true,\"valueName\":\"search_term_string\"}}],\"inLanguage\":\"de\"},{\"@type\":\"Organization\",\"@id\":\"https:\\\/\\\/www.strassenweb.de\\\/nachrichten\\\/#organization\",\"name\":\"Stra\u00dfenweb\",\"url\":\"https:\\\/\\\/www.strassenweb.de\\\/nachrichten\\\/\",\"logo\":{\"@type\":\"ImageObject\",\"inLanguage\":\"de\",\"@id\":\"https:\\\/\\\/www.strassenweb.de\\\/nachrichten\\\/#\\\/schema\\\/logo\\\/image\\\/\",\"url\":\"https:\\\/\\\/www.strassenweb.de\\\/nachrichten\\\/wp-content\\\/uploads\\\/2024\\\/09\\\/cropped-favicon.png\",\"contentUrl\":\"https:\\\/\\\/www.strassenweb.de\\\/nachrichten\\\/wp-content\\\/uploads\\\/2024\\\/09\\\/cropped-favicon.png\",\"width\":512,\"height\":512,\"caption\":\"Stra\u00dfenweb\"},\"image\":{\"@id\":\"https:\\\/\\\/www.strassenweb.de\\\/nachrichten\\\/#\\\/schema\\\/logo\\\/image\\\/\"},\"sameAs\":[\"https:\\\/\\\/www.facebook.com\\\/strassenweb\\\/\"]},{\"@type\":\"Person\",\"@id\":\"https:\\\/\\\/www.strassenweb.de\\\/nachrichten\\\/#\\\/schema\\\/person\\\/87c9c9067f1211da429a744dc5a5aa41\",\"name\":\"Robert Hoffmann\",\"image\":{\"@type\":\"ImageObject\",\"inLanguage\":\"de\",\"@id\":\"https:\\\/\\\/www.strassenweb.de\\\/nachrichten\\\/wp-content\\\/uploads\\\/2024\\\/09\\\/strassenweb-150x150.jpg\",\"url\":\"https:\\\/\\\/www.strassenweb.de\\\/nachrichten\\\/wp-content\\\/uploads\\\/2024\\\/09\\\/strassenweb-150x150.jpg\",\"contentUrl\":\"https:\\\/\\\/www.strassenweb.de\\\/nachrichten\\\/wp-content\\\/uploads\\\/2024\\\/09\\\/strassenweb-150x150.jpg\",\"caption\":\"Robert Hoffmann\"},\"description\":\"Ich hei\u00dfe Robert Hoffmann und ich bin ein leidenschaftlicher Verfechter von \u00d6kologie und Biodiversit\u00e4t. Seit meiner Kindheit in den W\u00e4ldern Bayerns f\u00fchle ich mich mit der Natur verbunden und bin entschlossen, sie zu sch\u00fctzen. Heute widme ich mein Leben der Sensibilisierung anderer f\u00fcr die Bedeutung des Umweltschutzes f\u00fcr zuk\u00fcnftige Generationen.\",\"sameAs\":[\"https:\\\/\\\/www.strassenweb.de\\\/\"]}]}<\/script>\n<!-- \/ Yoast SEO plugin. -->","yoast_head_json":{"title":"3 Gr\u00fcnde, aus denen Ihr Farn h\u00e4ngt und wie Sie es retten k\u00f6nnen, laut Hausfreundexperten - Nachrichten - Stra\u00dfenweb","robots":{"index":"index","follow":"follow","max-snippet":"max-snippet:-1","max-image-preview":"max-image-preview:large","max-video-preview":"max-video-preview:-1"},"canonical":"https:\/\/www.strassenweb.de\/nachrichten\/3-gruende-aus-denen-ihr-farn-haengt-und-wie-sie-es-retten-koennen-laut-hausfreundexperten\/","og_locale":"de_DE","og_type":"article","og_title":"3 Gr\u00fcnde, aus denen Ihr Farn h\u00e4ngt und wie Sie es retten k\u00f6nnen, laut Hausfreundexperten - Nachrichten - Stra\u00dfenweb","og_description":"Das Anbau von Farnen im Inneren bietet ein wundersch\u00f6nes, weiches Laub, um Ihre Innenr\u00e4ume zum Leben zu erwecken. Es ist eine geringe Wartung erforderlich, um","og_url":"https:\/\/www.strassenweb.de\/nachrichten\/3-gruende-aus-denen-ihr-farn-haengt-und-wie-sie-es-retten-koennen-laut-hausfreundexperten\/","og_site_name":"Stra\u00dfenweb","article_publisher":"https:\/\/www.facebook.com\/strassenweb\/","article_published_time":"2025-02-14T18:39:35+00:00","article_modified_time":"2025-02-14T18:39:36+00:00","og_image":[{"width":1200,"height":1440,"url":"https:\/\/www.strassenweb.de\/nachrichten\/wp-content\/uploads\/2025\/02\/3-Gruende-aus-denen-Ihr-Farn-haengt-und-wie-Sie.jpg","type":"image\/jpeg"}],"author":"Robert Hoffmann","twitter_card":"summary_large_image","twitter_misc":{"Verfasst von":"Robert Hoffmann","Gesch\u00e4tzte Lesezeit":"5\u00a0Minuten"},"schema":{"@context":"https:\/\/schema.org","@graph":[{"@type":"Article","@id":"https:\/\/www.strassenweb.de\/nachrichten\/3-gruende-aus-denen-ihr-farn-haengt-und-wie-sie-es-retten-koennen-laut-hausfreundexperten\/#article","isPartOf":{"@id":"https:\/\/www.strassenweb.de\/nachrichten\/3-gruende-aus-denen-ihr-farn-haengt-und-wie-sie-es-retten-koennen-laut-hausfreundexperten\/"},"author":{"name":"Robert Hoffmann","@id":"https:\/\/www.strassenweb.de\/nachrichten\/#\/schema\/person\/87c9c9067f1211da429a744dc5a5aa41"},"headline":"3 Gr\u00fcnde, aus denen Ihr Farn h\u00e4ngt und wie Sie es retten k\u00f6nnen, laut Hausfreundexperten","datePublished":"2025-02-14T18:39:35+00:00","dateModified":"2025-02-14T18:39:36+00:00","mainEntityOfPage":{"@id":"https:\/\/www.strassenweb.de\/nachrichten\/3-gruende-aus-denen-ihr-farn-haengt-und-wie-sie-es-retten-koennen-laut-hausfreundexperten\/"},"wordCount":1085,"publisher":{"@id":"https:\/\/www.strassenweb.de\/nachrichten\/#organization"},"image":{"@id":"https:\/\/www.strassenweb.de\/nachrichten\/3-gruende-aus-denen-ihr-farn-haengt-und-wie-sie-es-retten-koennen-laut-hausfreundexperten\/#primaryimage"},"thumbnailUrl":"https:\/\/www.strassenweb.de\/nachrichten\/wp-content\/uploads\/2025\/02\/3-Gruende-aus-denen-Ihr-Farn-haengt-und-wie-Sie.jpg","keywords":["aus","denen","Farn","Gr\u00fcnde","h\u00e4ngt","Hausfreundexperten","Ihr","k\u00f6nnen","laut","retten","Sie","und","Wie"],"articleSection":["Haus &amp; Garten"],"inLanguage":"de"},{"@type":"WebPage","@id":"https:\/\/www.strassenweb.de\/nachrichten\/3-gruende-aus-denen-ihr-farn-haengt-und-wie-sie-es-retten-koennen-laut-hausfreundexperten\/","url":"https:\/\/www.strassenweb.de\/nachrichten\/3-gruende-aus-denen-ihr-farn-haengt-und-wie-sie-es-retten-koennen-laut-hausfreundexperten\/","name":"3 Gr\u00fcnde, aus denen Ihr Farn h\u00e4ngt und wie Sie es retten k\u00f6nnen, laut Hausfreundexperten - Nachrichten - Stra\u00dfenweb","isPartOf":{"@id":"https:\/\/www.strassenweb.de\/nachrichten\/#website"},"primaryImageOfPage":{"@id":"https:\/\/www.strassenweb.de\/nachrichten\/3-gruende-aus-denen-ihr-farn-haengt-und-wie-sie-es-retten-koennen-laut-hausfreundexperten\/#primaryimage"},"image":{"@id":"https:\/\/www.strassenweb.de\/nachrichten\/3-gruende-aus-denen-ihr-farn-haengt-und-wie-sie-es-retten-koennen-laut-hausfreundexperten\/#primaryimage"},"thumbnailUrl":"https:\/\/www.strassenweb.de\/nachrichten\/wp-content\/uploads\/2025\/02\/3-Gruende-aus-denen-Ihr-Farn-haengt-und-wie-Sie.jpg","datePublished":"2025-02-14T18:39:35+00:00","dateModified":"2025-02-14T18:39:36+00:00","breadcrumb":{"@id":"https:\/\/www.strassenweb.de\/nachrichten\/3-gruende-aus-denen-ihr-farn-haengt-und-wie-sie-es-retten-koennen-laut-hausfreundexperten\/#breadcrumb"},"inLanguage":"de","potentialAction":[{"@type":"ReadAction","target":["https:\/\/www.strassenweb.de\/nachrichten\/3-gruende-aus-denen-ihr-farn-haengt-und-wie-sie-es-retten-koennen-laut-hausfreundexperten\/"]}]},{"@type":"ImageObject","inLanguage":"de","@id":"https:\/\/www.strassenweb.de\/nachrichten\/3-gruende-aus-denen-ihr-farn-haengt-und-wie-sie-es-retten-koennen-laut-hausfreundexperten\/#primaryimage","url":"https:\/\/www.strassenweb.de\/nachrichten\/wp-content\/uploads\/2025\/02\/3-Gruende-aus-denen-Ihr-Farn-haengt-und-wie-Sie.jpg","contentUrl":"https:\/\/www.strassenweb.de\/nachrichten\/wp-content\/uploads\/2025\/02\/3-Gruende-aus-denen-Ihr-Farn-haengt-und-wie-Sie.jpg","width":1200,"height":1440,"caption":"3 Gr\u00fcnde, aus denen Ihr Farn h\u00e4ngt und wie Sie es retten k\u00f6nnen, laut Hausfreundexperten"},{"@type":"BreadcrumbList","@id":"https:\/\/www.strassenweb.de\/nachrichten\/3-gruende-aus-denen-ihr-farn-haengt-und-wie-sie-es-retten-koennen-laut-hausfreundexperten\/#breadcrumb","itemListElement":[{"@type":"ListItem","position":1,"name":"Home","item":"https:\/\/www.strassenweb.de\/nachrichten\/"},{"@type":"ListItem","position":2,"name":"3 Gr\u00fcnde, aus denen Ihr Farn h\u00e4ngt und wie Sie es retten k\u00f6nnen, laut Hausfreundexperten"}]},{"@type":"WebSite","@id":"https:\/\/www.strassenweb.de\/nachrichten\/#website","url":"https:\/\/www.strassenweb.de\/nachrichten\/","name":"Stra\u00dfenweb","description":"Stra\u00dfenverzeichnis f\u00fcr Deutschland","publisher":{"@id":"https:\/\/www.strassenweb.de\/nachrichten\/#organization"},"potentialAction":[{"@type":"SearchAction","target":{"@type":"EntryPoint","urlTemplate":"https:\/\/www.strassenweb.de\/nachrichten\/?s={search_term_string}"},"query-input":{"@type":"PropertyValueSpecification","valueRequired":true,"valueName":"search_term_string"}}],"inLanguage":"de"},{"@type":"Organization","@id":"https:\/\/www.strassenweb.de\/nachrichten\/#organization","name":"Stra\u00dfenweb","url":"https:\/\/www.strassenweb.de\/nachrichten\/","logo":{"@type":"ImageObject","inLanguage":"de","@id":"https:\/\/www.strassenweb.de\/nachrichten\/#\/schema\/logo\/image\/","url":"https:\/\/www.strassenweb.de\/nachrichten\/wp-content\/uploads\/2024\/09\/cropped-favicon.png","contentUrl":"https:\/\/www.strassenweb.de\/nachrichten\/wp-content\/uploads\/2024\/09\/cropped-favicon.png","width":512,"height":512,"caption":"Stra\u00dfenweb"},"image":{"@id":"https:\/\/www.strassenweb.de\/nachrichten\/#\/schema\/logo\/image\/"},"sameAs":["https:\/\/www.facebook.com\/strassenweb\/"]},{"@type":"Person","@id":"https:\/\/www.strassenweb.de\/nachrichten\/#\/schema\/person\/87c9c9067f1211da429a744dc5a5aa41","name":"Robert Hoffmann","image":{"@type":"ImageObject","inLanguage":"de","@id":"https:\/\/www.strassenweb.de\/nachrichten\/wp-content\/uploads\/2024\/09\/strassenweb-150x150.jpg","url":"https:\/\/www.strassenweb.de\/nachrichten\/wp-content\/uploads\/2024\/09\/strassenweb-150x150.jpg","contentUrl":"https:\/\/www.strassenweb.de\/nachrichten\/wp-content\/uploads\/2024\/09\/strassenweb-150x150.jpg","caption":"Robert Hoffmann"},"description":"Ich hei\u00dfe Robert Hoffmann und ich bin ein leidenschaftlicher Verfechter von \u00d6kologie und Biodiversit\u00e4t. Seit meiner Kindheit in den W\u00e4ldern Bayerns f\u00fchle ich mich mit der Natur verbunden und bin entschlossen, sie zu sch\u00fctzen. Heute widme ich mein Leben der Sensibilisierung anderer f\u00fcr die Bedeutung des Umweltschutzes f\u00fcr zuk\u00fcnftige Generationen.","sameAs":["https:\/\/www.strassenweb.de\/"]}]}},"_links":{"self":[{"href":"https:\/\/www.strassenweb.de\/nachrichten\/wp-json\/wp\/v2\/posts\/3312","targetHints":{"allow":["GET"]}}],"collection":[{"href":"https:\/\/www.strassenweb.de\/nachrichten\/wp-json\/wp\/v2\/posts"}],"about":[{"href":"https:\/\/www.strassenweb.de\/nachrichten\/wp-json\/wp\/v2\/types\/post"}],"author":[{"embeddable":true,"href":"https:\/\/www.strassenweb.de\/nachrichten\/wp-json\/wp\/v2\/users\/1"}],"replies":[{"embeddable":true,"href":"https:\/\/www.strassenweb.de\/nachrichten\/wp-json\/wp\/v2\/comments?post=3312"}],"version-history":[{"count":0,"href":"https:\/\/www.strassenweb.de\/nachrichten\/wp-json\/wp\/v2\/posts\/3312\/revisions"}],"wp:featuredmedia":[{"embeddable":true,"href":"https:\/\/www.strassenweb.de\/nachrichten\/wp-json\/wp\/v2\/media\/3313"}],"wp:attachment":[{"href":"https:\/\/www.strassenweb.de\/nachrichten\/wp-json\/wp\/v2\/media?parent=3312"}],"wp:term":[{"taxonomy":"category","embeddable":true,"href":"https:\/\/www.strassenweb.de\/nachrichten\/wp-json\/wp\/v2\/categories?post=3312"},{"taxonomy":"post_tag","embeddable":true,"href":"https:\/\/www.strassenweb.de\/nachrichten\/wp-json\/wp\/v2\/tags?post=3312"}],"curies":[{"name":"wp","href":"https:\/\/api.w.org\/{rel}","templated":true}]}}