{"id":3306,"date":"2025-02-14T15:53:18","date_gmt":"2025-02-14T14:53:18","guid":{"rendered":"https:\/\/www.strassenweb.de\/nachrichten\/jennifer-aniston-hat-einige-dieser-schwedisch-entworfenen-kerzen-in-ihrem-ganzen-haus-sie-sagt-der-duft-verweilt-lange-nach-dem-ausstellen\/"},"modified":"2025-02-14T15:53:19","modified_gmt":"2025-02-14T14:53:19","slug":"jennifer-aniston-hat-einige-dieser-schwedisch-entworfenen-kerzen-in-ihrem-ganzen-haus-sie-sagt-der-duft-verweilt-lange-nach-dem-ausstellen","status":"publish","type":"post","link":"https:\/\/www.strassenweb.de\/nachrichten\/jennifer-aniston-hat-einige-dieser-schwedisch-entworfenen-kerzen-in-ihrem-ganzen-haus-sie-sagt-der-duft-verweilt-lange-nach-dem-ausstellen\/","title":{"rendered":"Jennifer Aniston hat einige dieser schwedisch entworfenen Kerzen in ihrem ganzen Haus-sie sagt, der Duft &#8222;verweilt&#8220; lange nach dem Ausstellen"},"content":{"rendered":"<p><\/p>\n<div id=\"article-body\" class=\"article__body \">\n<p>Jennifer Aniston ist immer der Trendsetter, wenn es um Sch\u00f6nheit und Mode geht (von Rachel lebe). Es ist also keine \u00dcberraschung, dass sich ihr Geschmack auf Haushaltszubeh\u00f6r erstreckt &#8211; insbesondere Luxusd\u00fcfte.<\/p>\n<div id=\"ad-unit-1\" class=\"ad-unit\"><\/div>\n<p>Diejenigen von uns, die nach unserem n\u00e4chsten Signature -Heimatgeruch suchen, k\u00f6nnen unweigerlich etwas von Aniston lernen. In einem Interview mit<em> Menschen<\/em>Die <em>Freunde <\/em>Star teilte mit, dass sie eine Fan von Burning Rose Candle von Cult Favorite Marke Byledo ist (erh\u00e4ltlich bei Bloomingdales). Und sie ist nicht die einzige Ber\u00fchmtheit, die ihre Bewunderung f\u00fcr das luxuri\u00f6se schwedische Label teilt.<\/p>\n<aside class=\"hawk-nest\" data-block-type=\"embed\" data-render-type=\"fte\" data-skip=\"dealsy\" data-widget-type=\"seasonal\">\n<div class=\"hawk-master-widget-hawk-base-wrapper\"><\/div>\n<\/aside>\n<p>&#8222;Ich habe einige davon \u00fcberall in meinem Haus &#8211; und meine Film -Trailer&#8220;, teilte sie mit <em>Menschen<\/em>. &#8222;Lange nachdem ich die Kerze herausgebracht habe, verweilt der Duft herum und hat beim Wiedereintritt in das Zimmer eine sch\u00f6ne florale Note, die sehr angenehm ist.&#8220;<\/p>\n<div id=\"desktop-in-article\" class=\"in-article ad-unit\">\n<div id=\"desktop-taboola-mid-article\"><\/div>\n<\/div>\n<div id=\"mobile-in-article\" class=\"in-article ad-unit\">\n<div id=\"mobile-taboola-mid-article\"><\/div>\n<\/div>\n<p>Dieser Duft wird als \u201etiefen Geruch von Rose Absolute in Kombination mit einem rauchigen Holzcharakter\u201c beschrieben und verf\u00fcgt \u00fcber eine herausragende Note von Rosenbl\u00e4ttern, mittleren Noten von Rose Absolute, Violett und Leder sowie Grundnoten von Birkenbaum und Ebenholzw\u00e4ldern. Kurz gesagt, es ist ein g\u00f6ttlicher Duft und einer der besten Kerzen auf dem Markt &#8211; aber wir w\u00fcrden nicht weniger von Aniston erwarten.<\/p>\n<div class=\"van_vid_carousel\">\n<div class=\"van_vid_carousel__padding\">\n<div class=\"van_vid_carousel__container\"><\/div>\n<\/div>\n<\/div>\n<p>Byredo ist ber\u00fchmt f\u00fcr seine einzigartigen und luxuri\u00f6sen D\u00fcfte, von Rose of No Man&#8217;s Land bis Bibliotheque. Ihre Kerzen nehmen jedoch ihre vielseitigen Mischungen in das Haus. Abgesehen von brennender Rose umfasst ihre Kerzengebiet andere Blumen, warme W\u00e4lder und sogar einige der gleichen D\u00fcfte, die im Parf\u00fcmformat enthalten sind.<\/p>\n<div id=\"ad-unit-2\" class=\"ad-unit\"><\/div>\n<p>Zus\u00e4tzlich zu seinem ansprechenden Duft sehen die in Frankreich produzierten Kerzen dank ihrer schwarzen Umh\u00fcllung auch super schick aus. W\u00e4hrend jede Kerze ein individuelles Wachs -Make -up hat, erh\u00e4lt sie alle in derselben schwarzen Verpackung mit einem bestimmten wei\u00dfen Etikett auf der Vorderseite.<\/p>\n<p>Es kann also keine \u00dcberraschung sein, dass Aniston nicht exklusiv in ihrer Liebe zur Marke Byredo ist. Zoe Saldana benutzt auch die <u>Byredo Fleur Fant\u00f4me Duft Kerze (erh\u00e4ltlich bei Amazon)<\/u> In ihrer Umkleidekabine und wie Woods ist dieser Duft der perfekte Weg, um einen Hauch von Luxus in jeden Raum zu bringen.<\/p>\n<div id=\"slice-container-newsletterForm-articleInbodyContent-6VaGxYGfN7sPWzjcbbavJ6\" class=\"slice-container newsletter-inbodyContent-slice newsletterForm-articleInbodyContent-6VaGxYGfN7sPWzjcbbavJ6 slice-container-newsletterForm\"><\/div>\n<p>Au\u00dferdem k\u00f6nnen Sie eine dieser Kerzen auf die n\u00e4chste Stufe bringen und versuchen, sie mit luxuri\u00f6sen Accessoires wie Docht -Trimmern, Kerzenschnupfern und Spezial -Matchboxen zu kombinieren. Diese St\u00fccke halten Ihre Kerze nicht nur gut gepflegt, sondern doppelt als Dekor, wenn Sie auf einem Nachttisch, K\u00fcchentheke oder Nachttisch platziert werden.<\/p>\n<p>Im Folgenden haben wir einige unserer Top -Picks zusammengefasst, um ein glamour\u00f6ses Kerzenbeleuchtungserlebnis zu erzielen.<\/p>\n<h2 id=\"shop-the-luxe-candle-accessory-edit-3\">Kaufen Sie das Luxe Candle Accessoire Edit ein<\/h2>\n<div class=\"product-container hero-product-container product-block-no-wrap\"><\/div>\n<hr>\n<\/div>\n","protected":false},"excerpt":{"rendered":"<p>Jennifer Aniston ist immer der Trendsetter, wenn es um Sch\u00f6nheit und Mode geht (von Rachel lebe). Es ist also keine \u00dcberraschung, dass sich ihr Geschmack<\/p>\n","protected":false},"author":1,"featured_media":3307,"comment_status":"closed","ping_status":"","sticky":false,"template":"","format":"standard","meta":{"footnotes":""},"categories":[118],"tags":[1244,5213,91,81,1554,4402,2740,5209,1608,189,5211,534,528,5210,3618,341,1175,5208,5212],"class_list":["post-3306","post","type-post","status-publish","format-standard","has-post-thumbnail","hentry","category-haus-garten","tag-aniston","tag-ausstellen","tag-dem","tag-der","tag-dieser","tag-duft","tag-einige","tag-entworfenen","tag-ganzen","tag-hat","tag-haussie","tag-ihrem","tag-jennifer","tag-kerzen","tag-lange","tag-nach","tag-sagt","tag-schwedisch","tag-verweilt","generate-columns","tablet-grid-50","mobile-grid-100","grid-parent","grid-50"],"yoast_head":"<!-- This site is optimized with the Yoast SEO plugin v27.3 - https:\/\/yoast.com\/product\/yoast-seo-wordpress\/ -->\n<title>Jennifer Aniston hat einige dieser schwedisch entworfenen Kerzen in ihrem ganzen Haus-sie sagt, der Duft &quot;verweilt&quot; lange nach dem Ausstellen - Nachrichten - Stra\u00dfenweb<\/title>\n<meta name=\"robots\" content=\"index, follow, max-snippet:-1, max-image-preview:large, max-video-preview:-1\" \/>\n<link rel=\"canonical\" href=\"https:\/\/www.strassenweb.de\/nachrichten\/jennifer-aniston-hat-einige-dieser-schwedisch-entworfenen-kerzen-in-ihrem-ganzen-haus-sie-sagt-der-duft-verweilt-lange-nach-dem-ausstellen\/\" \/>\n<meta property=\"og:locale\" content=\"de_DE\" \/>\n<meta property=\"og:type\" content=\"article\" \/>\n<meta property=\"og:title\" content=\"Jennifer Aniston hat einige dieser schwedisch entworfenen Kerzen in ihrem ganzen Haus-sie sagt, der Duft &quot;verweilt&quot; lange nach dem Ausstellen - Nachrichten - Stra\u00dfenweb\" \/>\n<meta property=\"og:description\" content=\"Jennifer Aniston ist immer der Trendsetter, wenn es um Sch\u00f6nheit und Mode geht (von Rachel lebe). Es ist also keine \u00dcberraschung, dass sich ihr Geschmack\" \/>\n<meta property=\"og:url\" content=\"https:\/\/www.strassenweb.de\/nachrichten\/jennifer-aniston-hat-einige-dieser-schwedisch-entworfenen-kerzen-in-ihrem-ganzen-haus-sie-sagt-der-duft-verweilt-lange-nach-dem-ausstellen\/\" \/>\n<meta property=\"og:site_name\" content=\"Stra\u00dfenweb\" \/>\n<meta property=\"article:publisher\" content=\"https:\/\/www.facebook.com\/strassenweb\/\" \/>\n<meta property=\"article:published_time\" content=\"2025-02-14T14:53:18+00:00\" \/>\n<meta property=\"article:modified_time\" content=\"2025-02-14T14:53:19+00:00\" \/>\n<meta property=\"og:image\" content=\"https:\/\/www.strassenweb.de\/nachrichten\/wp-content\/uploads\/2025\/02\/Jennifer-Aniston-hat-einige-dieser-schwedisch-entworfenen-Kerzen-in-ihrem.jpg\" \/>\n\t<meta property=\"og:image:width\" content=\"1200\" \/>\n\t<meta property=\"og:image:height\" content=\"1440\" \/>\n\t<meta property=\"og:image:type\" content=\"image\/jpeg\" \/>\n<meta name=\"author\" content=\"Robert Hoffmann\" \/>\n<meta name=\"twitter:card\" content=\"summary_large_image\" \/>\n<meta name=\"twitter:label1\" content=\"Verfasst von\" \/>\n\t<meta name=\"twitter:data1\" content=\"Robert Hoffmann\" \/>\n\t<meta name=\"twitter:label2\" content=\"Gesch\u00e4tzte Lesezeit\" \/>\n\t<meta name=\"twitter:data2\" content=\"2\u00a0Minuten\" \/>\n<script type=\"application\/ld+json\" class=\"yoast-schema-graph\">{\"@context\":\"https:\\\/\\\/schema.org\",\"@graph\":[{\"@type\":\"Article\",\"@id\":\"https:\\\/\\\/www.strassenweb.de\\\/nachrichten\\\/jennifer-aniston-hat-einige-dieser-schwedisch-entworfenen-kerzen-in-ihrem-ganzen-haus-sie-sagt-der-duft-verweilt-lange-nach-dem-ausstellen\\\/#article\",\"isPartOf\":{\"@id\":\"https:\\\/\\\/www.strassenweb.de\\\/nachrichten\\\/jennifer-aniston-hat-einige-dieser-schwedisch-entworfenen-kerzen-in-ihrem-ganzen-haus-sie-sagt-der-duft-verweilt-lange-nach-dem-ausstellen\\\/\"},\"author\":{\"name\":\"Robert Hoffmann\",\"@id\":\"https:\\\/\\\/www.strassenweb.de\\\/nachrichten\\\/#\\\/schema\\\/person\\\/87c9c9067f1211da429a744dc5a5aa41\"},\"headline\":\"Jennifer Aniston hat einige dieser schwedisch entworfenen Kerzen in ihrem ganzen Haus-sie sagt, der Duft &#8222;verweilt&#8220; lange nach dem Ausstellen\",\"datePublished\":\"2025-02-14T14:53:18+00:00\",\"dateModified\":\"2025-02-14T14:53:19+00:00\",\"mainEntityOfPage\":{\"@id\":\"https:\\\/\\\/www.strassenweb.de\\\/nachrichten\\\/jennifer-aniston-hat-einige-dieser-schwedisch-entworfenen-kerzen-in-ihrem-ganzen-haus-sie-sagt-der-duft-verweilt-lange-nach-dem-ausstellen\\\/\"},\"wordCount\":467,\"publisher\":{\"@id\":\"https:\\\/\\\/www.strassenweb.de\\\/nachrichten\\\/#organization\"},\"image\":{\"@id\":\"https:\\\/\\\/www.strassenweb.de\\\/nachrichten\\\/jennifer-aniston-hat-einige-dieser-schwedisch-entworfenen-kerzen-in-ihrem-ganzen-haus-sie-sagt-der-duft-verweilt-lange-nach-dem-ausstellen\\\/#primaryimage\"},\"thumbnailUrl\":\"https:\\\/\\\/www.strassenweb.de\\\/nachrichten\\\/wp-content\\\/uploads\\\/2025\\\/02\\\/Jennifer-Aniston-hat-einige-dieser-schwedisch-entworfenen-Kerzen-in-ihrem.jpg\",\"keywords\":[\"Aniston\",\"Ausstellen\",\"dem\",\"der\",\"dieser\",\"Duft\",\"einige\",\"entworfenen\",\"ganzen\",\"hat\",\"Haussie\",\"ihrem\",\"Jennifer\",\"Kerzen\",\"lange\",\"Nach\",\"sagt\",\"schwedisch\",\"verweilt\"],\"articleSection\":[\"Haus &amp; Garten\"],\"inLanguage\":\"de\"},{\"@type\":\"WebPage\",\"@id\":\"https:\\\/\\\/www.strassenweb.de\\\/nachrichten\\\/jennifer-aniston-hat-einige-dieser-schwedisch-entworfenen-kerzen-in-ihrem-ganzen-haus-sie-sagt-der-duft-verweilt-lange-nach-dem-ausstellen\\\/\",\"url\":\"https:\\\/\\\/www.strassenweb.de\\\/nachrichten\\\/jennifer-aniston-hat-einige-dieser-schwedisch-entworfenen-kerzen-in-ihrem-ganzen-haus-sie-sagt-der-duft-verweilt-lange-nach-dem-ausstellen\\\/\",\"name\":\"Jennifer Aniston hat einige dieser schwedisch entworfenen Kerzen in ihrem ganzen Haus-sie sagt, der Duft \\\"verweilt\\\" lange nach dem Ausstellen - Nachrichten - Stra\u00dfenweb\",\"isPartOf\":{\"@id\":\"https:\\\/\\\/www.strassenweb.de\\\/nachrichten\\\/#website\"},\"primaryImageOfPage\":{\"@id\":\"https:\\\/\\\/www.strassenweb.de\\\/nachrichten\\\/jennifer-aniston-hat-einige-dieser-schwedisch-entworfenen-kerzen-in-ihrem-ganzen-haus-sie-sagt-der-duft-verweilt-lange-nach-dem-ausstellen\\\/#primaryimage\"},\"image\":{\"@id\":\"https:\\\/\\\/www.strassenweb.de\\\/nachrichten\\\/jennifer-aniston-hat-einige-dieser-schwedisch-entworfenen-kerzen-in-ihrem-ganzen-haus-sie-sagt-der-duft-verweilt-lange-nach-dem-ausstellen\\\/#primaryimage\"},\"thumbnailUrl\":\"https:\\\/\\\/www.strassenweb.de\\\/nachrichten\\\/wp-content\\\/uploads\\\/2025\\\/02\\\/Jennifer-Aniston-hat-einige-dieser-schwedisch-entworfenen-Kerzen-in-ihrem.jpg\",\"datePublished\":\"2025-02-14T14:53:18+00:00\",\"dateModified\":\"2025-02-14T14:53:19+00:00\",\"breadcrumb\":{\"@id\":\"https:\\\/\\\/www.strassenweb.de\\\/nachrichten\\\/jennifer-aniston-hat-einige-dieser-schwedisch-entworfenen-kerzen-in-ihrem-ganzen-haus-sie-sagt-der-duft-verweilt-lange-nach-dem-ausstellen\\\/#breadcrumb\"},\"inLanguage\":\"de\",\"potentialAction\":[{\"@type\":\"ReadAction\",\"target\":[\"https:\\\/\\\/www.strassenweb.de\\\/nachrichten\\\/jennifer-aniston-hat-einige-dieser-schwedisch-entworfenen-kerzen-in-ihrem-ganzen-haus-sie-sagt-der-duft-verweilt-lange-nach-dem-ausstellen\\\/\"]}]},{\"@type\":\"ImageObject\",\"inLanguage\":\"de\",\"@id\":\"https:\\\/\\\/www.strassenweb.de\\\/nachrichten\\\/jennifer-aniston-hat-einige-dieser-schwedisch-entworfenen-kerzen-in-ihrem-ganzen-haus-sie-sagt-der-duft-verweilt-lange-nach-dem-ausstellen\\\/#primaryimage\",\"url\":\"https:\\\/\\\/www.strassenweb.de\\\/nachrichten\\\/wp-content\\\/uploads\\\/2025\\\/02\\\/Jennifer-Aniston-hat-einige-dieser-schwedisch-entworfenen-Kerzen-in-ihrem.jpg\",\"contentUrl\":\"https:\\\/\\\/www.strassenweb.de\\\/nachrichten\\\/wp-content\\\/uploads\\\/2025\\\/02\\\/Jennifer-Aniston-hat-einige-dieser-schwedisch-entworfenen-Kerzen-in-ihrem.jpg\",\"width\":1200,\"height\":1440,\"caption\":\"Jennifer Aniston hat einige dieser schwedisch entworfenen Kerzen in ihrem ganzen Haus-sie sagt, der Duft \\\"verweilt\\\" lange nach dem Ausstellen\"},{\"@type\":\"BreadcrumbList\",\"@id\":\"https:\\\/\\\/www.strassenweb.de\\\/nachrichten\\\/jennifer-aniston-hat-einige-dieser-schwedisch-entworfenen-kerzen-in-ihrem-ganzen-haus-sie-sagt-der-duft-verweilt-lange-nach-dem-ausstellen\\\/#breadcrumb\",\"itemListElement\":[{\"@type\":\"ListItem\",\"position\":1,\"name\":\"Home\",\"item\":\"https:\\\/\\\/www.strassenweb.de\\\/nachrichten\\\/\"},{\"@type\":\"ListItem\",\"position\":2,\"name\":\"Jennifer Aniston hat einige dieser schwedisch entworfenen Kerzen in ihrem ganzen Haus-sie sagt, der Duft &#8222;verweilt&#8220; lange nach dem Ausstellen\"}]},{\"@type\":\"WebSite\",\"@id\":\"https:\\\/\\\/www.strassenweb.de\\\/nachrichten\\\/#website\",\"url\":\"https:\\\/\\\/www.strassenweb.de\\\/nachrichten\\\/\",\"name\":\"Stra\u00dfenweb\",\"description\":\"Stra\u00dfenverzeichnis f\u00fcr Deutschland\",\"publisher\":{\"@id\":\"https:\\\/\\\/www.strassenweb.de\\\/nachrichten\\\/#organization\"},\"potentialAction\":[{\"@type\":\"SearchAction\",\"target\":{\"@type\":\"EntryPoint\",\"urlTemplate\":\"https:\\\/\\\/www.strassenweb.de\\\/nachrichten\\\/?s={search_term_string}\"},\"query-input\":{\"@type\":\"PropertyValueSpecification\",\"valueRequired\":true,\"valueName\":\"search_term_string\"}}],\"inLanguage\":\"de\"},{\"@type\":\"Organization\",\"@id\":\"https:\\\/\\\/www.strassenweb.de\\\/nachrichten\\\/#organization\",\"name\":\"Stra\u00dfenweb\",\"url\":\"https:\\\/\\\/www.strassenweb.de\\\/nachrichten\\\/\",\"logo\":{\"@type\":\"ImageObject\",\"inLanguage\":\"de\",\"@id\":\"https:\\\/\\\/www.strassenweb.de\\\/nachrichten\\\/#\\\/schema\\\/logo\\\/image\\\/\",\"url\":\"https:\\\/\\\/www.strassenweb.de\\\/nachrichten\\\/wp-content\\\/uploads\\\/2024\\\/09\\\/cropped-favicon.png\",\"contentUrl\":\"https:\\\/\\\/www.strassenweb.de\\\/nachrichten\\\/wp-content\\\/uploads\\\/2024\\\/09\\\/cropped-favicon.png\",\"width\":512,\"height\":512,\"caption\":\"Stra\u00dfenweb\"},\"image\":{\"@id\":\"https:\\\/\\\/www.strassenweb.de\\\/nachrichten\\\/#\\\/schema\\\/logo\\\/image\\\/\"},\"sameAs\":[\"https:\\\/\\\/www.facebook.com\\\/strassenweb\\\/\"]},{\"@type\":\"Person\",\"@id\":\"https:\\\/\\\/www.strassenweb.de\\\/nachrichten\\\/#\\\/schema\\\/person\\\/87c9c9067f1211da429a744dc5a5aa41\",\"name\":\"Robert Hoffmann\",\"image\":{\"@type\":\"ImageObject\",\"inLanguage\":\"de\",\"@id\":\"https:\\\/\\\/www.strassenweb.de\\\/nachrichten\\\/wp-content\\\/uploads\\\/2024\\\/09\\\/strassenweb-150x150.jpg\",\"url\":\"https:\\\/\\\/www.strassenweb.de\\\/nachrichten\\\/wp-content\\\/uploads\\\/2024\\\/09\\\/strassenweb-150x150.jpg\",\"contentUrl\":\"https:\\\/\\\/www.strassenweb.de\\\/nachrichten\\\/wp-content\\\/uploads\\\/2024\\\/09\\\/strassenweb-150x150.jpg\",\"caption\":\"Robert Hoffmann\"},\"description\":\"Ich hei\u00dfe Robert Hoffmann und ich bin ein leidenschaftlicher Verfechter von \u00d6kologie und Biodiversit\u00e4t. Seit meiner Kindheit in den W\u00e4ldern Bayerns f\u00fchle ich mich mit der Natur verbunden und bin entschlossen, sie zu sch\u00fctzen. Heute widme ich mein Leben der Sensibilisierung anderer f\u00fcr die Bedeutung des Umweltschutzes f\u00fcr zuk\u00fcnftige Generationen.\",\"sameAs\":[\"https:\\\/\\\/www.strassenweb.de\\\/\"]}]}<\/script>\n<!-- \/ Yoast SEO plugin. -->","yoast_head_json":{"title":"Jennifer Aniston hat einige dieser schwedisch entworfenen Kerzen in ihrem ganzen Haus-sie sagt, der Duft \"verweilt\" lange nach dem Ausstellen - Nachrichten - Stra\u00dfenweb","robots":{"index":"index","follow":"follow","max-snippet":"max-snippet:-1","max-image-preview":"max-image-preview:large","max-video-preview":"max-video-preview:-1"},"canonical":"https:\/\/www.strassenweb.de\/nachrichten\/jennifer-aniston-hat-einige-dieser-schwedisch-entworfenen-kerzen-in-ihrem-ganzen-haus-sie-sagt-der-duft-verweilt-lange-nach-dem-ausstellen\/","og_locale":"de_DE","og_type":"article","og_title":"Jennifer Aniston hat einige dieser schwedisch entworfenen Kerzen in ihrem ganzen Haus-sie sagt, der Duft \"verweilt\" lange nach dem Ausstellen - Nachrichten - Stra\u00dfenweb","og_description":"Jennifer Aniston ist immer der Trendsetter, wenn es um Sch\u00f6nheit und Mode geht (von Rachel lebe). Es ist also keine \u00dcberraschung, dass sich ihr Geschmack","og_url":"https:\/\/www.strassenweb.de\/nachrichten\/jennifer-aniston-hat-einige-dieser-schwedisch-entworfenen-kerzen-in-ihrem-ganzen-haus-sie-sagt-der-duft-verweilt-lange-nach-dem-ausstellen\/","og_site_name":"Stra\u00dfenweb","article_publisher":"https:\/\/www.facebook.com\/strassenweb\/","article_published_time":"2025-02-14T14:53:18+00:00","article_modified_time":"2025-02-14T14:53:19+00:00","og_image":[{"width":1200,"height":1440,"url":"https:\/\/www.strassenweb.de\/nachrichten\/wp-content\/uploads\/2025\/02\/Jennifer-Aniston-hat-einige-dieser-schwedisch-entworfenen-Kerzen-in-ihrem.jpg","type":"image\/jpeg"}],"author":"Robert Hoffmann","twitter_card":"summary_large_image","twitter_misc":{"Verfasst von":"Robert Hoffmann","Gesch\u00e4tzte Lesezeit":"2\u00a0Minuten"},"schema":{"@context":"https:\/\/schema.org","@graph":[{"@type":"Article","@id":"https:\/\/www.strassenweb.de\/nachrichten\/jennifer-aniston-hat-einige-dieser-schwedisch-entworfenen-kerzen-in-ihrem-ganzen-haus-sie-sagt-der-duft-verweilt-lange-nach-dem-ausstellen\/#article","isPartOf":{"@id":"https:\/\/www.strassenweb.de\/nachrichten\/jennifer-aniston-hat-einige-dieser-schwedisch-entworfenen-kerzen-in-ihrem-ganzen-haus-sie-sagt-der-duft-verweilt-lange-nach-dem-ausstellen\/"},"author":{"name":"Robert Hoffmann","@id":"https:\/\/www.strassenweb.de\/nachrichten\/#\/schema\/person\/87c9c9067f1211da429a744dc5a5aa41"},"headline":"Jennifer Aniston hat einige dieser schwedisch entworfenen Kerzen in ihrem ganzen Haus-sie sagt, der Duft &#8222;verweilt&#8220; lange nach dem Ausstellen","datePublished":"2025-02-14T14:53:18+00:00","dateModified":"2025-02-14T14:53:19+00:00","mainEntityOfPage":{"@id":"https:\/\/www.strassenweb.de\/nachrichten\/jennifer-aniston-hat-einige-dieser-schwedisch-entworfenen-kerzen-in-ihrem-ganzen-haus-sie-sagt-der-duft-verweilt-lange-nach-dem-ausstellen\/"},"wordCount":467,"publisher":{"@id":"https:\/\/www.strassenweb.de\/nachrichten\/#organization"},"image":{"@id":"https:\/\/www.strassenweb.de\/nachrichten\/jennifer-aniston-hat-einige-dieser-schwedisch-entworfenen-kerzen-in-ihrem-ganzen-haus-sie-sagt-der-duft-verweilt-lange-nach-dem-ausstellen\/#primaryimage"},"thumbnailUrl":"https:\/\/www.strassenweb.de\/nachrichten\/wp-content\/uploads\/2025\/02\/Jennifer-Aniston-hat-einige-dieser-schwedisch-entworfenen-Kerzen-in-ihrem.jpg","keywords":["Aniston","Ausstellen","dem","der","dieser","Duft","einige","entworfenen","ganzen","hat","Haussie","ihrem","Jennifer","Kerzen","lange","Nach","sagt","schwedisch","verweilt"],"articleSection":["Haus &amp; Garten"],"inLanguage":"de"},{"@type":"WebPage","@id":"https:\/\/www.strassenweb.de\/nachrichten\/jennifer-aniston-hat-einige-dieser-schwedisch-entworfenen-kerzen-in-ihrem-ganzen-haus-sie-sagt-der-duft-verweilt-lange-nach-dem-ausstellen\/","url":"https:\/\/www.strassenweb.de\/nachrichten\/jennifer-aniston-hat-einige-dieser-schwedisch-entworfenen-kerzen-in-ihrem-ganzen-haus-sie-sagt-der-duft-verweilt-lange-nach-dem-ausstellen\/","name":"Jennifer Aniston hat einige dieser schwedisch entworfenen Kerzen in ihrem ganzen Haus-sie sagt, der Duft \"verweilt\" lange nach dem Ausstellen - Nachrichten - Stra\u00dfenweb","isPartOf":{"@id":"https:\/\/www.strassenweb.de\/nachrichten\/#website"},"primaryImageOfPage":{"@id":"https:\/\/www.strassenweb.de\/nachrichten\/jennifer-aniston-hat-einige-dieser-schwedisch-entworfenen-kerzen-in-ihrem-ganzen-haus-sie-sagt-der-duft-verweilt-lange-nach-dem-ausstellen\/#primaryimage"},"image":{"@id":"https:\/\/www.strassenweb.de\/nachrichten\/jennifer-aniston-hat-einige-dieser-schwedisch-entworfenen-kerzen-in-ihrem-ganzen-haus-sie-sagt-der-duft-verweilt-lange-nach-dem-ausstellen\/#primaryimage"},"thumbnailUrl":"https:\/\/www.strassenweb.de\/nachrichten\/wp-content\/uploads\/2025\/02\/Jennifer-Aniston-hat-einige-dieser-schwedisch-entworfenen-Kerzen-in-ihrem.jpg","datePublished":"2025-02-14T14:53:18+00:00","dateModified":"2025-02-14T14:53:19+00:00","breadcrumb":{"@id":"https:\/\/www.strassenweb.de\/nachrichten\/jennifer-aniston-hat-einige-dieser-schwedisch-entworfenen-kerzen-in-ihrem-ganzen-haus-sie-sagt-der-duft-verweilt-lange-nach-dem-ausstellen\/#breadcrumb"},"inLanguage":"de","potentialAction":[{"@type":"ReadAction","target":["https:\/\/www.strassenweb.de\/nachrichten\/jennifer-aniston-hat-einige-dieser-schwedisch-entworfenen-kerzen-in-ihrem-ganzen-haus-sie-sagt-der-duft-verweilt-lange-nach-dem-ausstellen\/"]}]},{"@type":"ImageObject","inLanguage":"de","@id":"https:\/\/www.strassenweb.de\/nachrichten\/jennifer-aniston-hat-einige-dieser-schwedisch-entworfenen-kerzen-in-ihrem-ganzen-haus-sie-sagt-der-duft-verweilt-lange-nach-dem-ausstellen\/#primaryimage","url":"https:\/\/www.strassenweb.de\/nachrichten\/wp-content\/uploads\/2025\/02\/Jennifer-Aniston-hat-einige-dieser-schwedisch-entworfenen-Kerzen-in-ihrem.jpg","contentUrl":"https:\/\/www.strassenweb.de\/nachrichten\/wp-content\/uploads\/2025\/02\/Jennifer-Aniston-hat-einige-dieser-schwedisch-entworfenen-Kerzen-in-ihrem.jpg","width":1200,"height":1440,"caption":"Jennifer Aniston hat einige dieser schwedisch entworfenen Kerzen in ihrem ganzen Haus-sie sagt, der Duft \"verweilt\" lange nach dem Ausstellen"},{"@type":"BreadcrumbList","@id":"https:\/\/www.strassenweb.de\/nachrichten\/jennifer-aniston-hat-einige-dieser-schwedisch-entworfenen-kerzen-in-ihrem-ganzen-haus-sie-sagt-der-duft-verweilt-lange-nach-dem-ausstellen\/#breadcrumb","itemListElement":[{"@type":"ListItem","position":1,"name":"Home","item":"https:\/\/www.strassenweb.de\/nachrichten\/"},{"@type":"ListItem","position":2,"name":"Jennifer Aniston hat einige dieser schwedisch entworfenen Kerzen in ihrem ganzen Haus-sie sagt, der Duft &#8222;verweilt&#8220; lange nach dem Ausstellen"}]},{"@type":"WebSite","@id":"https:\/\/www.strassenweb.de\/nachrichten\/#website","url":"https:\/\/www.strassenweb.de\/nachrichten\/","name":"Stra\u00dfenweb","description":"Stra\u00dfenverzeichnis f\u00fcr Deutschland","publisher":{"@id":"https:\/\/www.strassenweb.de\/nachrichten\/#organization"},"potentialAction":[{"@type":"SearchAction","target":{"@type":"EntryPoint","urlTemplate":"https:\/\/www.strassenweb.de\/nachrichten\/?s={search_term_string}"},"query-input":{"@type":"PropertyValueSpecification","valueRequired":true,"valueName":"search_term_string"}}],"inLanguage":"de"},{"@type":"Organization","@id":"https:\/\/www.strassenweb.de\/nachrichten\/#organization","name":"Stra\u00dfenweb","url":"https:\/\/www.strassenweb.de\/nachrichten\/","logo":{"@type":"ImageObject","inLanguage":"de","@id":"https:\/\/www.strassenweb.de\/nachrichten\/#\/schema\/logo\/image\/","url":"https:\/\/www.strassenweb.de\/nachrichten\/wp-content\/uploads\/2024\/09\/cropped-favicon.png","contentUrl":"https:\/\/www.strassenweb.de\/nachrichten\/wp-content\/uploads\/2024\/09\/cropped-favicon.png","width":512,"height":512,"caption":"Stra\u00dfenweb"},"image":{"@id":"https:\/\/www.strassenweb.de\/nachrichten\/#\/schema\/logo\/image\/"},"sameAs":["https:\/\/www.facebook.com\/strassenweb\/"]},{"@type":"Person","@id":"https:\/\/www.strassenweb.de\/nachrichten\/#\/schema\/person\/87c9c9067f1211da429a744dc5a5aa41","name":"Robert Hoffmann","image":{"@type":"ImageObject","inLanguage":"de","@id":"https:\/\/www.strassenweb.de\/nachrichten\/wp-content\/uploads\/2024\/09\/strassenweb-150x150.jpg","url":"https:\/\/www.strassenweb.de\/nachrichten\/wp-content\/uploads\/2024\/09\/strassenweb-150x150.jpg","contentUrl":"https:\/\/www.strassenweb.de\/nachrichten\/wp-content\/uploads\/2024\/09\/strassenweb-150x150.jpg","caption":"Robert Hoffmann"},"description":"Ich hei\u00dfe Robert Hoffmann und ich bin ein leidenschaftlicher Verfechter von \u00d6kologie und Biodiversit\u00e4t. Seit meiner Kindheit in den W\u00e4ldern Bayerns f\u00fchle ich mich mit der Natur verbunden und bin entschlossen, sie zu sch\u00fctzen. Heute widme ich mein Leben der Sensibilisierung anderer f\u00fcr die Bedeutung des Umweltschutzes f\u00fcr zuk\u00fcnftige Generationen.","sameAs":["https:\/\/www.strassenweb.de\/"]}]}},"_links":{"self":[{"href":"https:\/\/www.strassenweb.de\/nachrichten\/wp-json\/wp\/v2\/posts\/3306","targetHints":{"allow":["GET"]}}],"collection":[{"href":"https:\/\/www.strassenweb.de\/nachrichten\/wp-json\/wp\/v2\/posts"}],"about":[{"href":"https:\/\/www.strassenweb.de\/nachrichten\/wp-json\/wp\/v2\/types\/post"}],"author":[{"embeddable":true,"href":"https:\/\/www.strassenweb.de\/nachrichten\/wp-json\/wp\/v2\/users\/1"}],"replies":[{"embeddable":true,"href":"https:\/\/www.strassenweb.de\/nachrichten\/wp-json\/wp\/v2\/comments?post=3306"}],"version-history":[{"count":0,"href":"https:\/\/www.strassenweb.de\/nachrichten\/wp-json\/wp\/v2\/posts\/3306\/revisions"}],"wp:featuredmedia":[{"embeddable":true,"href":"https:\/\/www.strassenweb.de\/nachrichten\/wp-json\/wp\/v2\/media\/3307"}],"wp:attachment":[{"href":"https:\/\/www.strassenweb.de\/nachrichten\/wp-json\/wp\/v2\/media?parent=3306"}],"wp:term":[{"taxonomy":"category","embeddable":true,"href":"https:\/\/www.strassenweb.de\/nachrichten\/wp-json\/wp\/v2\/categories?post=3306"},{"taxonomy":"post_tag","embeddable":true,"href":"https:\/\/www.strassenweb.de\/nachrichten\/wp-json\/wp\/v2\/tags?post=3306"}],"curies":[{"name":"wp","href":"https:\/\/api.w.org\/{rel}","templated":true}]}}