{"id":3285,"date":"2025-02-13T11:39:13","date_gmt":"2025-02-13T10:39:13","guid":{"rendered":"https:\/\/www.strassenweb.de\/nachrichten\/die-arbeitsplattenlampen-von-ina-garten-haben-sich-veraendert-wie-ich-die-kuechenbeleuchtung-betrachte-sie-sind-warm-umgebend-und-ueberraschend-praktisch\/"},"modified":"2025-02-13T11:39:14","modified_gmt":"2025-02-13T10:39:14","slug":"die-arbeitsplattenlampen-von-ina-garten-haben-sich-veraendert-wie-ich-die-kuechenbeleuchtung-betrachte-sie-sind-warm-umgebend-und-ueberraschend-praktisch","status":"publish","type":"post","link":"https:\/\/www.strassenweb.de\/nachrichten\/die-arbeitsplattenlampen-von-ina-garten-haben-sich-veraendert-wie-ich-die-kuechenbeleuchtung-betrachte-sie-sind-warm-umgebend-und-ueberraschend-praktisch\/","title":{"rendered":"Die Arbeitsplattenlampen von Ina Garten haben sich ver\u00e4ndert, wie ich die K\u00fcchenbeleuchtung betrachte &#8211; sie sind warm, umgebend und \u00fcberraschend praktisch"},"content":{"rendered":"<p><\/p>\n<div id=\"article-body\" class=\"article__body \">\n<p>Nur wenige K\u00fcchen sind so sofort erkennbar wie der monochromatische Raum von Ina Garten. Der <em>Barfu\u00df Contessa <\/em>Die Hintergrund in ihrem Haus in East Hampton hat den Standard f\u00fcr klassische amerikanische K\u00fcchen festgelegt, einschlie\u00dflich der kleinen Details &#8211; beginnend mit ihren Arbeitsplattenlampen.<\/p>\n<div id=\"ad-unit-1\" class=\"ad-unit\"><\/div>\n<p>Als Redakteur im Promi -Stil gebe zu, dass die K\u00fcchenbeleuchtung nicht das erste ist, wonach ich normalerweise suche, wenn ich das Haus einer Figur erkundete. In Gartens Fall fordern ihre Umgebungstischlampen jedoch Aufmerksamkeit. W\u00e4hrend ich normalerweise \u00fcber Arbeitsplatten oder intelligente Regale sprechen w\u00fcrde, sind diese Lampen nicht zuzuweisen.<\/p>\n<p>Die beiden Lampen, die auf der Coden Island -Arbeitsplatte zu sehen sind, haben das ver\u00e4ndert, was ich \u00fcber K\u00fcchenbeleuchtung dachte. Urspr\u00fcnglich dachte ich, dass die K\u00fcche ausschlie\u00dflich ein Ort f\u00fcr Scheinwerfer oder h\u00e4ngende Anh\u00e4nger war &#8211; beide bieten Licht von der Decke an. Auf diese Weise sind die Lichter und Vorrichtungen nicht im Wege Ihrer Lebensmittelzubereitung oder des Kochens. Gartens Lampen sind jedoch f\u00fcr ein atmosph\u00e4rischeres Leuchten &#8211; und sie nehmen nicht zu viel Platz f\u00fcr ihre Schalter.<\/p>\n<div id=\"desktop-in-article\" class=\"in-article ad-unit\">\n<div id=\"desktop-taboola-mid-article\"><\/div>\n<\/div>\n<div id=\"mobile-in-article\" class=\"in-article ad-unit\">\n<div id=\"mobile-taboola-mid-article\"><\/div>\n<\/div>\n<figure class=\"van-image-figure inline-layout \" data-bordeaux-image-check>\n<div class=\"image-full-width-wrapper\">\n<div class=\"image-widthsetter\" style=\"max-width:2400px;\"><\/div>\n<\/div>\n<\/figure>\n<p>Bevor ich Gartens Zuhause sah, nahm ich f\u00e4lschlicherweise an, dass Tischlampen keinen Platz in der Mitte einer K\u00fcche haben w\u00fcrden. Sicher, sie sind perfekt f\u00fcr kleinere Tische in Fr\u00fchst\u00fcckshallen oder Kaffeecken, aber sie f\u00fchlten sich auf eine Insel etwas unpraktisch an. Wenn mich jedoch jemand sonst \u00fcberzeugen kann, ist es Garten.<\/p>\n<div class=\"van_vid_carousel\">\n<div class=\"van_vid_carousel__padding\">\n<div class=\"van_vid_carousel__container\"><\/div>\n<\/div>\n<\/div>\n<aside class=\"hawk-nest\" data-block-type=\"embed\" data-render-type=\"fte\" data-skip=\"dealsy\" data-widget-type=\"seasonal\">\n<div class=\"hawk-master-widget-hawk-base-wrapper\"><\/div>\n<\/aside>\n<p>Der kulinarische Experte hat gepr\u00e4gt, wie das Land genau aus diesem Raum kocht &#8211; und kein Licht ist ihr in den Weg gekommen. Im Gegenteil, sie bringen ein w\u00e4rmendes, gem\u00fctlicheres Leuchten als hellere Deckenleuchten und sehen dabei raffiniert aus. Au\u00dferdem eignet sich die Aufgabenbeleuchtung ideal, um Licht in bestimmte Bereiche zu bringen, in denen Sie m\u00f6glicherweise zus\u00e4tzliche Helligkeit w\u00fcnschen &#8211; zum Beispiel den Raum, in dem Sie Ihr Essen hacken.<\/p>\n<div id=\"ad-unit-2\" class=\"ad-unit\"><\/div>\n<p>Um ihrem Beispiel am besten zu folgen, empfehle ich, zwei Lampen in \u00e4hnlichen Farben wie Ihre Insel oder Ihre Schr\u00e4nke auszuw\u00e4hlen &#8211; in Gartens Fall ist dies schwarz und wei\u00df. Ich liebe besonders die mehrj\u00e4hrige Buffetlampe (erh\u00e4ltlich in der Saks Fifth Avenue) f\u00fcr eine strukturierte Wendung der klassischen Auswahl von Garten. Das Basteln im Spulenstil bringt Eleganz in einen Teil Ihrer K\u00fcche.<\/p>\n<div class=\"product-container hero-product-container product-block-no-wrap\"><\/div>\n<p>Um die Dinge weiter zu bringen, Niki Wright und Scarlett Hampton, die Mitbegr\u00fcnder von <u>Lichter &#038; Lampen<\/u>F\u00fcgen Sie hinzu, dass Sie umgebende K\u00fcchenbeleuchtung mit einem einfachen Dimmerschalter erreichen k\u00f6nnen.<\/p>\n<div id=\"slice-container-newsletterForm-articleInbodyContent-6BumXadwMsiFkPggxPwoKH\" class=\"slice-container newsletter-inbodyContent-slice newsletterForm-articleInbodyContent-6BumXadwMsiFkPggxPwoKH slice-container-newsletterForm\"><\/div>\n<p>\u201eEs gibt einige M\u00f6glichkeiten (Sie k\u00f6nnen mit Beleuchtung in einer K\u00fcche Ambiente schaffen). Die Hauptmethode besteht darin, Leuchten zu w\u00e4hlen, bei denen die Lichtrichtung und die Helligkeitsniveau einstellbar sind. Durch die Erzeugung eines geschichteten Umgebungsbeleuchtungseffekts in einem dieser R\u00e4ume kann auch durch die Verwendung von Dimmerschaltern erreicht werden, mit denen Sie die Lichtpegel im Laufe des Tages einstellen k\u00f6nnen \u201c, sagen sie.<\/p>\n<p>&#8222;F\u00fcr K\u00fcchen erw\u00e4gen Sie, einen niedrig h\u00e4ngenden Anh\u00e4nger \u00fcber einem Esstisch zu verwenden, der einen weichen, warmen Farbton \u00fcber Ihren Essraum wirft.&#8220; Hat sich Gartens Beispiel ver\u00e4ndert, wie Sie das Licht in Ihrer K\u00fcche sehen?<\/p>\n<hr>\n<\/div>\n","protected":false},"excerpt":{"rendered":"<p>Nur wenige K\u00fcchen sind so sofort erkennbar wie der monochromatische Raum von Ina Garten. Der Barfu\u00df Contessa Die Hintergrund in ihrem Haus in East Hampton<\/p>\n","protected":false},"author":1,"featured_media":3286,"comment_status":"closed","ping_status":"","sticky":false,"template":"","format":"standard","meta":{"footnotes":""},"categories":[118],"tags":[5181,5182,9,320,469,129,1429,2531,5184,142,165,58,1641,5183,37,837,21,3473,26],"class_list":["post-3285","post","type-post","status-publish","format-standard","has-post-thumbnail","hentry","category-haus-garten","tag-arbeitsplattenlampen","tag-betrachte","tag-die","tag-garten","tag-haben","tag-ich","tag-ina","tag-kuechenbeleuchtung","tag-praktisch","tag-sich","tag-sie","tag-sind","tag-ueberraschend","tag-umgebend","tag-und","tag-veraendert","tag-von","tag-warm","tag-wie","generate-columns","tablet-grid-50","mobile-grid-100","grid-parent","grid-50"],"yoast_head":"<!-- This site is optimized with the Yoast SEO plugin v27.3 - https:\/\/yoast.com\/product\/yoast-seo-wordpress\/ -->\n<title>Die Arbeitsplattenlampen von Ina Garten haben sich ver\u00e4ndert, wie ich die K\u00fcchenbeleuchtung betrachte - sie sind warm, umgebend und \u00fcberraschend praktisch - Nachrichten - Stra\u00dfenweb<\/title>\n<meta name=\"robots\" content=\"index, follow, max-snippet:-1, max-image-preview:large, max-video-preview:-1\" \/>\n<link rel=\"canonical\" href=\"https:\/\/www.strassenweb.de\/nachrichten\/die-arbeitsplattenlampen-von-ina-garten-haben-sich-veraendert-wie-ich-die-kuechenbeleuchtung-betrachte-sie-sind-warm-umgebend-und-ueberraschend-praktisch\/\" \/>\n<meta property=\"og:locale\" content=\"de_DE\" \/>\n<meta property=\"og:type\" content=\"article\" \/>\n<meta property=\"og:title\" content=\"Die Arbeitsplattenlampen von Ina Garten haben sich ver\u00e4ndert, wie ich die K\u00fcchenbeleuchtung betrachte - sie sind warm, umgebend und \u00fcberraschend praktisch - Nachrichten - Stra\u00dfenweb\" \/>\n<meta property=\"og:description\" content=\"Nur wenige K\u00fcchen sind so sofort erkennbar wie der monochromatische Raum von Ina Garten. Der Barfu\u00df Contessa Die Hintergrund in ihrem Haus in East Hampton\" \/>\n<meta property=\"og:url\" content=\"https:\/\/www.strassenweb.de\/nachrichten\/die-arbeitsplattenlampen-von-ina-garten-haben-sich-veraendert-wie-ich-die-kuechenbeleuchtung-betrachte-sie-sind-warm-umgebend-und-ueberraschend-praktisch\/\" \/>\n<meta property=\"og:site_name\" content=\"Stra\u00dfenweb\" \/>\n<meta property=\"article:publisher\" content=\"https:\/\/www.facebook.com\/strassenweb\/\" \/>\n<meta property=\"article:published_time\" content=\"2025-02-13T10:39:13+00:00\" \/>\n<meta property=\"article:modified_time\" content=\"2025-02-13T10:39:14+00:00\" \/>\n<meta property=\"og:image\" content=\"https:\/\/www.strassenweb.de\/nachrichten\/wp-content\/uploads\/2025\/02\/Die-Arbeitsplattenlampen-von-Ina-Garten-haben-sich-veraendert-wie-ich.jpg\" \/>\n\t<meta property=\"og:image:width\" content=\"1200\" \/>\n\t<meta property=\"og:image:height\" content=\"675\" \/>\n\t<meta property=\"og:image:type\" content=\"image\/jpeg\" \/>\n<meta name=\"author\" content=\"Robert Hoffmann\" \/>\n<meta name=\"twitter:card\" content=\"summary_large_image\" \/>\n<meta name=\"twitter:label1\" content=\"Verfasst von\" \/>\n\t<meta name=\"twitter:data1\" content=\"Robert Hoffmann\" \/>\n\t<meta name=\"twitter:label2\" content=\"Gesch\u00e4tzte Lesezeit\" \/>\n\t<meta name=\"twitter:data2\" content=\"3\u00a0Minuten\" \/>\n<script type=\"application\/ld+json\" class=\"yoast-schema-graph\">{\"@context\":\"https:\\\/\\\/schema.org\",\"@graph\":[{\"@type\":\"Article\",\"@id\":\"https:\\\/\\\/www.strassenweb.de\\\/nachrichten\\\/die-arbeitsplattenlampen-von-ina-garten-haben-sich-veraendert-wie-ich-die-kuechenbeleuchtung-betrachte-sie-sind-warm-umgebend-und-ueberraschend-praktisch\\\/#article\",\"isPartOf\":{\"@id\":\"https:\\\/\\\/www.strassenweb.de\\\/nachrichten\\\/die-arbeitsplattenlampen-von-ina-garten-haben-sich-veraendert-wie-ich-die-kuechenbeleuchtung-betrachte-sie-sind-warm-umgebend-und-ueberraschend-praktisch\\\/\"},\"author\":{\"name\":\"Robert Hoffmann\",\"@id\":\"https:\\\/\\\/www.strassenweb.de\\\/nachrichten\\\/#\\\/schema\\\/person\\\/87c9c9067f1211da429a744dc5a5aa41\"},\"headline\":\"Die Arbeitsplattenlampen von Ina Garten haben sich ver\u00e4ndert, wie ich die K\u00fcchenbeleuchtung betrachte &#8211; sie sind warm, umgebend und \u00fcberraschend praktisch\",\"datePublished\":\"2025-02-13T10:39:13+00:00\",\"dateModified\":\"2025-02-13T10:39:14+00:00\",\"mainEntityOfPage\":{\"@id\":\"https:\\\/\\\/www.strassenweb.de\\\/nachrichten\\\/die-arbeitsplattenlampen-von-ina-garten-haben-sich-veraendert-wie-ich-die-kuechenbeleuchtung-betrachte-sie-sind-warm-umgebend-und-ueberraschend-praktisch\\\/\"},\"wordCount\":553,\"publisher\":{\"@id\":\"https:\\\/\\\/www.strassenweb.de\\\/nachrichten\\\/#organization\"},\"image\":{\"@id\":\"https:\\\/\\\/www.strassenweb.de\\\/nachrichten\\\/die-arbeitsplattenlampen-von-ina-garten-haben-sich-veraendert-wie-ich-die-kuechenbeleuchtung-betrachte-sie-sind-warm-umgebend-und-ueberraschend-praktisch\\\/#primaryimage\"},\"thumbnailUrl\":\"https:\\\/\\\/www.strassenweb.de\\\/nachrichten\\\/wp-content\\\/uploads\\\/2025\\\/02\\\/Die-Arbeitsplattenlampen-von-Ina-Garten-haben-sich-veraendert-wie-ich.jpg\",\"keywords\":[\"Arbeitsplattenlampen\",\"betrachte\",\"die\",\"Garten\",\"haben\",\"ich\",\"Ina\",\"K\u00fcchenbeleuchtung\",\"praktisch\",\"sich\",\"Sie\",\"sind\",\"\u00fcberraschend\",\"umgebend\",\"und\",\"ver\u00e4ndert\",\"von\",\"warm\",\"Wie\"],\"articleSection\":[\"Haus &amp; Garten\"],\"inLanguage\":\"de\"},{\"@type\":\"WebPage\",\"@id\":\"https:\\\/\\\/www.strassenweb.de\\\/nachrichten\\\/die-arbeitsplattenlampen-von-ina-garten-haben-sich-veraendert-wie-ich-die-kuechenbeleuchtung-betrachte-sie-sind-warm-umgebend-und-ueberraschend-praktisch\\\/\",\"url\":\"https:\\\/\\\/www.strassenweb.de\\\/nachrichten\\\/die-arbeitsplattenlampen-von-ina-garten-haben-sich-veraendert-wie-ich-die-kuechenbeleuchtung-betrachte-sie-sind-warm-umgebend-und-ueberraschend-praktisch\\\/\",\"name\":\"Die Arbeitsplattenlampen von Ina Garten haben sich ver\u00e4ndert, wie ich die K\u00fcchenbeleuchtung betrachte - sie sind warm, umgebend und \u00fcberraschend praktisch - Nachrichten - Stra\u00dfenweb\",\"isPartOf\":{\"@id\":\"https:\\\/\\\/www.strassenweb.de\\\/nachrichten\\\/#website\"},\"primaryImageOfPage\":{\"@id\":\"https:\\\/\\\/www.strassenweb.de\\\/nachrichten\\\/die-arbeitsplattenlampen-von-ina-garten-haben-sich-veraendert-wie-ich-die-kuechenbeleuchtung-betrachte-sie-sind-warm-umgebend-und-ueberraschend-praktisch\\\/#primaryimage\"},\"image\":{\"@id\":\"https:\\\/\\\/www.strassenweb.de\\\/nachrichten\\\/die-arbeitsplattenlampen-von-ina-garten-haben-sich-veraendert-wie-ich-die-kuechenbeleuchtung-betrachte-sie-sind-warm-umgebend-und-ueberraschend-praktisch\\\/#primaryimage\"},\"thumbnailUrl\":\"https:\\\/\\\/www.strassenweb.de\\\/nachrichten\\\/wp-content\\\/uploads\\\/2025\\\/02\\\/Die-Arbeitsplattenlampen-von-Ina-Garten-haben-sich-veraendert-wie-ich.jpg\",\"datePublished\":\"2025-02-13T10:39:13+00:00\",\"dateModified\":\"2025-02-13T10:39:14+00:00\",\"breadcrumb\":{\"@id\":\"https:\\\/\\\/www.strassenweb.de\\\/nachrichten\\\/die-arbeitsplattenlampen-von-ina-garten-haben-sich-veraendert-wie-ich-die-kuechenbeleuchtung-betrachte-sie-sind-warm-umgebend-und-ueberraschend-praktisch\\\/#breadcrumb\"},\"inLanguage\":\"de\",\"potentialAction\":[{\"@type\":\"ReadAction\",\"target\":[\"https:\\\/\\\/www.strassenweb.de\\\/nachrichten\\\/die-arbeitsplattenlampen-von-ina-garten-haben-sich-veraendert-wie-ich-die-kuechenbeleuchtung-betrachte-sie-sind-warm-umgebend-und-ueberraschend-praktisch\\\/\"]}]},{\"@type\":\"ImageObject\",\"inLanguage\":\"de\",\"@id\":\"https:\\\/\\\/www.strassenweb.de\\\/nachrichten\\\/die-arbeitsplattenlampen-von-ina-garten-haben-sich-veraendert-wie-ich-die-kuechenbeleuchtung-betrachte-sie-sind-warm-umgebend-und-ueberraschend-praktisch\\\/#primaryimage\",\"url\":\"https:\\\/\\\/www.strassenweb.de\\\/nachrichten\\\/wp-content\\\/uploads\\\/2025\\\/02\\\/Die-Arbeitsplattenlampen-von-Ina-Garten-haben-sich-veraendert-wie-ich.jpg\",\"contentUrl\":\"https:\\\/\\\/www.strassenweb.de\\\/nachrichten\\\/wp-content\\\/uploads\\\/2025\\\/02\\\/Die-Arbeitsplattenlampen-von-Ina-Garten-haben-sich-veraendert-wie-ich.jpg\",\"width\":1200,\"height\":675,\"caption\":\"Die Arbeitsplattenlampen von Ina Garten haben sich ver\u00e4ndert, wie ich die K\u00fcchenbeleuchtung betrachte - sie sind warm, umgebend und \u00fcberraschend praktisch\"},{\"@type\":\"BreadcrumbList\",\"@id\":\"https:\\\/\\\/www.strassenweb.de\\\/nachrichten\\\/die-arbeitsplattenlampen-von-ina-garten-haben-sich-veraendert-wie-ich-die-kuechenbeleuchtung-betrachte-sie-sind-warm-umgebend-und-ueberraschend-praktisch\\\/#breadcrumb\",\"itemListElement\":[{\"@type\":\"ListItem\",\"position\":1,\"name\":\"Home\",\"item\":\"https:\\\/\\\/www.strassenweb.de\\\/nachrichten\\\/\"},{\"@type\":\"ListItem\",\"position\":2,\"name\":\"Die Arbeitsplattenlampen von Ina Garten haben sich ver\u00e4ndert, wie ich die K\u00fcchenbeleuchtung betrachte &#8211; sie sind warm, umgebend und \u00fcberraschend praktisch\"}]},{\"@type\":\"WebSite\",\"@id\":\"https:\\\/\\\/www.strassenweb.de\\\/nachrichten\\\/#website\",\"url\":\"https:\\\/\\\/www.strassenweb.de\\\/nachrichten\\\/\",\"name\":\"Stra\u00dfenweb\",\"description\":\"Stra\u00dfenverzeichnis f\u00fcr Deutschland\",\"publisher\":{\"@id\":\"https:\\\/\\\/www.strassenweb.de\\\/nachrichten\\\/#organization\"},\"potentialAction\":[{\"@type\":\"SearchAction\",\"target\":{\"@type\":\"EntryPoint\",\"urlTemplate\":\"https:\\\/\\\/www.strassenweb.de\\\/nachrichten\\\/?s={search_term_string}\"},\"query-input\":{\"@type\":\"PropertyValueSpecification\",\"valueRequired\":true,\"valueName\":\"search_term_string\"}}],\"inLanguage\":\"de\"},{\"@type\":\"Organization\",\"@id\":\"https:\\\/\\\/www.strassenweb.de\\\/nachrichten\\\/#organization\",\"name\":\"Stra\u00dfenweb\",\"url\":\"https:\\\/\\\/www.strassenweb.de\\\/nachrichten\\\/\",\"logo\":{\"@type\":\"ImageObject\",\"inLanguage\":\"de\",\"@id\":\"https:\\\/\\\/www.strassenweb.de\\\/nachrichten\\\/#\\\/schema\\\/logo\\\/image\\\/\",\"url\":\"https:\\\/\\\/www.strassenweb.de\\\/nachrichten\\\/wp-content\\\/uploads\\\/2024\\\/09\\\/cropped-favicon.png\",\"contentUrl\":\"https:\\\/\\\/www.strassenweb.de\\\/nachrichten\\\/wp-content\\\/uploads\\\/2024\\\/09\\\/cropped-favicon.png\",\"width\":512,\"height\":512,\"caption\":\"Stra\u00dfenweb\"},\"image\":{\"@id\":\"https:\\\/\\\/www.strassenweb.de\\\/nachrichten\\\/#\\\/schema\\\/logo\\\/image\\\/\"},\"sameAs\":[\"https:\\\/\\\/www.facebook.com\\\/strassenweb\\\/\"]},{\"@type\":\"Person\",\"@id\":\"https:\\\/\\\/www.strassenweb.de\\\/nachrichten\\\/#\\\/schema\\\/person\\\/87c9c9067f1211da429a744dc5a5aa41\",\"name\":\"Robert Hoffmann\",\"image\":{\"@type\":\"ImageObject\",\"inLanguage\":\"de\",\"@id\":\"https:\\\/\\\/www.strassenweb.de\\\/nachrichten\\\/wp-content\\\/uploads\\\/2024\\\/09\\\/strassenweb-150x150.jpg\",\"url\":\"https:\\\/\\\/www.strassenweb.de\\\/nachrichten\\\/wp-content\\\/uploads\\\/2024\\\/09\\\/strassenweb-150x150.jpg\",\"contentUrl\":\"https:\\\/\\\/www.strassenweb.de\\\/nachrichten\\\/wp-content\\\/uploads\\\/2024\\\/09\\\/strassenweb-150x150.jpg\",\"caption\":\"Robert Hoffmann\"},\"description\":\"Ich hei\u00dfe Robert Hoffmann und ich bin ein leidenschaftlicher Verfechter von \u00d6kologie und Biodiversit\u00e4t. Seit meiner Kindheit in den W\u00e4ldern Bayerns f\u00fchle ich mich mit der Natur verbunden und bin entschlossen, sie zu sch\u00fctzen. Heute widme ich mein Leben der Sensibilisierung anderer f\u00fcr die Bedeutung des Umweltschutzes f\u00fcr zuk\u00fcnftige Generationen.\",\"sameAs\":[\"https:\\\/\\\/www.strassenweb.de\\\/\"]}]}<\/script>\n<!-- \/ Yoast SEO plugin. -->","yoast_head_json":{"title":"Die Arbeitsplattenlampen von Ina Garten haben sich ver\u00e4ndert, wie ich die K\u00fcchenbeleuchtung betrachte - sie sind warm, umgebend und \u00fcberraschend praktisch - Nachrichten - Stra\u00dfenweb","robots":{"index":"index","follow":"follow","max-snippet":"max-snippet:-1","max-image-preview":"max-image-preview:large","max-video-preview":"max-video-preview:-1"},"canonical":"https:\/\/www.strassenweb.de\/nachrichten\/die-arbeitsplattenlampen-von-ina-garten-haben-sich-veraendert-wie-ich-die-kuechenbeleuchtung-betrachte-sie-sind-warm-umgebend-und-ueberraschend-praktisch\/","og_locale":"de_DE","og_type":"article","og_title":"Die Arbeitsplattenlampen von Ina Garten haben sich ver\u00e4ndert, wie ich die K\u00fcchenbeleuchtung betrachte - sie sind warm, umgebend und \u00fcberraschend praktisch - Nachrichten - Stra\u00dfenweb","og_description":"Nur wenige K\u00fcchen sind so sofort erkennbar wie der monochromatische Raum von Ina Garten. Der Barfu\u00df Contessa Die Hintergrund in ihrem Haus in East Hampton","og_url":"https:\/\/www.strassenweb.de\/nachrichten\/die-arbeitsplattenlampen-von-ina-garten-haben-sich-veraendert-wie-ich-die-kuechenbeleuchtung-betrachte-sie-sind-warm-umgebend-und-ueberraschend-praktisch\/","og_site_name":"Stra\u00dfenweb","article_publisher":"https:\/\/www.facebook.com\/strassenweb\/","article_published_time":"2025-02-13T10:39:13+00:00","article_modified_time":"2025-02-13T10:39:14+00:00","og_image":[{"width":1200,"height":675,"url":"https:\/\/www.strassenweb.de\/nachrichten\/wp-content\/uploads\/2025\/02\/Die-Arbeitsplattenlampen-von-Ina-Garten-haben-sich-veraendert-wie-ich.jpg","type":"image\/jpeg"}],"author":"Robert Hoffmann","twitter_card":"summary_large_image","twitter_misc":{"Verfasst von":"Robert Hoffmann","Gesch\u00e4tzte Lesezeit":"3\u00a0Minuten"},"schema":{"@context":"https:\/\/schema.org","@graph":[{"@type":"Article","@id":"https:\/\/www.strassenweb.de\/nachrichten\/die-arbeitsplattenlampen-von-ina-garten-haben-sich-veraendert-wie-ich-die-kuechenbeleuchtung-betrachte-sie-sind-warm-umgebend-und-ueberraschend-praktisch\/#article","isPartOf":{"@id":"https:\/\/www.strassenweb.de\/nachrichten\/die-arbeitsplattenlampen-von-ina-garten-haben-sich-veraendert-wie-ich-die-kuechenbeleuchtung-betrachte-sie-sind-warm-umgebend-und-ueberraschend-praktisch\/"},"author":{"name":"Robert Hoffmann","@id":"https:\/\/www.strassenweb.de\/nachrichten\/#\/schema\/person\/87c9c9067f1211da429a744dc5a5aa41"},"headline":"Die Arbeitsplattenlampen von Ina Garten haben sich ver\u00e4ndert, wie ich die K\u00fcchenbeleuchtung betrachte &#8211; sie sind warm, umgebend und \u00fcberraschend praktisch","datePublished":"2025-02-13T10:39:13+00:00","dateModified":"2025-02-13T10:39:14+00:00","mainEntityOfPage":{"@id":"https:\/\/www.strassenweb.de\/nachrichten\/die-arbeitsplattenlampen-von-ina-garten-haben-sich-veraendert-wie-ich-die-kuechenbeleuchtung-betrachte-sie-sind-warm-umgebend-und-ueberraschend-praktisch\/"},"wordCount":553,"publisher":{"@id":"https:\/\/www.strassenweb.de\/nachrichten\/#organization"},"image":{"@id":"https:\/\/www.strassenweb.de\/nachrichten\/die-arbeitsplattenlampen-von-ina-garten-haben-sich-veraendert-wie-ich-die-kuechenbeleuchtung-betrachte-sie-sind-warm-umgebend-und-ueberraschend-praktisch\/#primaryimage"},"thumbnailUrl":"https:\/\/www.strassenweb.de\/nachrichten\/wp-content\/uploads\/2025\/02\/Die-Arbeitsplattenlampen-von-Ina-Garten-haben-sich-veraendert-wie-ich.jpg","keywords":["Arbeitsplattenlampen","betrachte","die","Garten","haben","ich","Ina","K\u00fcchenbeleuchtung","praktisch","sich","Sie","sind","\u00fcberraschend","umgebend","und","ver\u00e4ndert","von","warm","Wie"],"articleSection":["Haus &amp; Garten"],"inLanguage":"de"},{"@type":"WebPage","@id":"https:\/\/www.strassenweb.de\/nachrichten\/die-arbeitsplattenlampen-von-ina-garten-haben-sich-veraendert-wie-ich-die-kuechenbeleuchtung-betrachte-sie-sind-warm-umgebend-und-ueberraschend-praktisch\/","url":"https:\/\/www.strassenweb.de\/nachrichten\/die-arbeitsplattenlampen-von-ina-garten-haben-sich-veraendert-wie-ich-die-kuechenbeleuchtung-betrachte-sie-sind-warm-umgebend-und-ueberraschend-praktisch\/","name":"Die Arbeitsplattenlampen von Ina Garten haben sich ver\u00e4ndert, wie ich die K\u00fcchenbeleuchtung betrachte - sie sind warm, umgebend und \u00fcberraschend praktisch - Nachrichten - Stra\u00dfenweb","isPartOf":{"@id":"https:\/\/www.strassenweb.de\/nachrichten\/#website"},"primaryImageOfPage":{"@id":"https:\/\/www.strassenweb.de\/nachrichten\/die-arbeitsplattenlampen-von-ina-garten-haben-sich-veraendert-wie-ich-die-kuechenbeleuchtung-betrachte-sie-sind-warm-umgebend-und-ueberraschend-praktisch\/#primaryimage"},"image":{"@id":"https:\/\/www.strassenweb.de\/nachrichten\/die-arbeitsplattenlampen-von-ina-garten-haben-sich-veraendert-wie-ich-die-kuechenbeleuchtung-betrachte-sie-sind-warm-umgebend-und-ueberraschend-praktisch\/#primaryimage"},"thumbnailUrl":"https:\/\/www.strassenweb.de\/nachrichten\/wp-content\/uploads\/2025\/02\/Die-Arbeitsplattenlampen-von-Ina-Garten-haben-sich-veraendert-wie-ich.jpg","datePublished":"2025-02-13T10:39:13+00:00","dateModified":"2025-02-13T10:39:14+00:00","breadcrumb":{"@id":"https:\/\/www.strassenweb.de\/nachrichten\/die-arbeitsplattenlampen-von-ina-garten-haben-sich-veraendert-wie-ich-die-kuechenbeleuchtung-betrachte-sie-sind-warm-umgebend-und-ueberraschend-praktisch\/#breadcrumb"},"inLanguage":"de","potentialAction":[{"@type":"ReadAction","target":["https:\/\/www.strassenweb.de\/nachrichten\/die-arbeitsplattenlampen-von-ina-garten-haben-sich-veraendert-wie-ich-die-kuechenbeleuchtung-betrachte-sie-sind-warm-umgebend-und-ueberraschend-praktisch\/"]}]},{"@type":"ImageObject","inLanguage":"de","@id":"https:\/\/www.strassenweb.de\/nachrichten\/die-arbeitsplattenlampen-von-ina-garten-haben-sich-veraendert-wie-ich-die-kuechenbeleuchtung-betrachte-sie-sind-warm-umgebend-und-ueberraschend-praktisch\/#primaryimage","url":"https:\/\/www.strassenweb.de\/nachrichten\/wp-content\/uploads\/2025\/02\/Die-Arbeitsplattenlampen-von-Ina-Garten-haben-sich-veraendert-wie-ich.jpg","contentUrl":"https:\/\/www.strassenweb.de\/nachrichten\/wp-content\/uploads\/2025\/02\/Die-Arbeitsplattenlampen-von-Ina-Garten-haben-sich-veraendert-wie-ich.jpg","width":1200,"height":675,"caption":"Die Arbeitsplattenlampen von Ina Garten haben sich ver\u00e4ndert, wie ich die K\u00fcchenbeleuchtung betrachte - sie sind warm, umgebend und \u00fcberraschend praktisch"},{"@type":"BreadcrumbList","@id":"https:\/\/www.strassenweb.de\/nachrichten\/die-arbeitsplattenlampen-von-ina-garten-haben-sich-veraendert-wie-ich-die-kuechenbeleuchtung-betrachte-sie-sind-warm-umgebend-und-ueberraschend-praktisch\/#breadcrumb","itemListElement":[{"@type":"ListItem","position":1,"name":"Home","item":"https:\/\/www.strassenweb.de\/nachrichten\/"},{"@type":"ListItem","position":2,"name":"Die Arbeitsplattenlampen von Ina Garten haben sich ver\u00e4ndert, wie ich die K\u00fcchenbeleuchtung betrachte &#8211; sie sind warm, umgebend und \u00fcberraschend praktisch"}]},{"@type":"WebSite","@id":"https:\/\/www.strassenweb.de\/nachrichten\/#website","url":"https:\/\/www.strassenweb.de\/nachrichten\/","name":"Stra\u00dfenweb","description":"Stra\u00dfenverzeichnis f\u00fcr Deutschland","publisher":{"@id":"https:\/\/www.strassenweb.de\/nachrichten\/#organization"},"potentialAction":[{"@type":"SearchAction","target":{"@type":"EntryPoint","urlTemplate":"https:\/\/www.strassenweb.de\/nachrichten\/?s={search_term_string}"},"query-input":{"@type":"PropertyValueSpecification","valueRequired":true,"valueName":"search_term_string"}}],"inLanguage":"de"},{"@type":"Organization","@id":"https:\/\/www.strassenweb.de\/nachrichten\/#organization","name":"Stra\u00dfenweb","url":"https:\/\/www.strassenweb.de\/nachrichten\/","logo":{"@type":"ImageObject","inLanguage":"de","@id":"https:\/\/www.strassenweb.de\/nachrichten\/#\/schema\/logo\/image\/","url":"https:\/\/www.strassenweb.de\/nachrichten\/wp-content\/uploads\/2024\/09\/cropped-favicon.png","contentUrl":"https:\/\/www.strassenweb.de\/nachrichten\/wp-content\/uploads\/2024\/09\/cropped-favicon.png","width":512,"height":512,"caption":"Stra\u00dfenweb"},"image":{"@id":"https:\/\/www.strassenweb.de\/nachrichten\/#\/schema\/logo\/image\/"},"sameAs":["https:\/\/www.facebook.com\/strassenweb\/"]},{"@type":"Person","@id":"https:\/\/www.strassenweb.de\/nachrichten\/#\/schema\/person\/87c9c9067f1211da429a744dc5a5aa41","name":"Robert Hoffmann","image":{"@type":"ImageObject","inLanguage":"de","@id":"https:\/\/www.strassenweb.de\/nachrichten\/wp-content\/uploads\/2024\/09\/strassenweb-150x150.jpg","url":"https:\/\/www.strassenweb.de\/nachrichten\/wp-content\/uploads\/2024\/09\/strassenweb-150x150.jpg","contentUrl":"https:\/\/www.strassenweb.de\/nachrichten\/wp-content\/uploads\/2024\/09\/strassenweb-150x150.jpg","caption":"Robert Hoffmann"},"description":"Ich hei\u00dfe Robert Hoffmann und ich bin ein leidenschaftlicher Verfechter von \u00d6kologie und Biodiversit\u00e4t. Seit meiner Kindheit in den W\u00e4ldern Bayerns f\u00fchle ich mich mit der Natur verbunden und bin entschlossen, sie zu sch\u00fctzen. Heute widme ich mein Leben der Sensibilisierung anderer f\u00fcr die Bedeutung des Umweltschutzes f\u00fcr zuk\u00fcnftige Generationen.","sameAs":["https:\/\/www.strassenweb.de\/"]}]}},"_links":{"self":[{"href":"https:\/\/www.strassenweb.de\/nachrichten\/wp-json\/wp\/v2\/posts\/3285","targetHints":{"allow":["GET"]}}],"collection":[{"href":"https:\/\/www.strassenweb.de\/nachrichten\/wp-json\/wp\/v2\/posts"}],"about":[{"href":"https:\/\/www.strassenweb.de\/nachrichten\/wp-json\/wp\/v2\/types\/post"}],"author":[{"embeddable":true,"href":"https:\/\/www.strassenweb.de\/nachrichten\/wp-json\/wp\/v2\/users\/1"}],"replies":[{"embeddable":true,"href":"https:\/\/www.strassenweb.de\/nachrichten\/wp-json\/wp\/v2\/comments?post=3285"}],"version-history":[{"count":0,"href":"https:\/\/www.strassenweb.de\/nachrichten\/wp-json\/wp\/v2\/posts\/3285\/revisions"}],"wp:featuredmedia":[{"embeddable":true,"href":"https:\/\/www.strassenweb.de\/nachrichten\/wp-json\/wp\/v2\/media\/3286"}],"wp:attachment":[{"href":"https:\/\/www.strassenweb.de\/nachrichten\/wp-json\/wp\/v2\/media?parent=3285"}],"wp:term":[{"taxonomy":"category","embeddable":true,"href":"https:\/\/www.strassenweb.de\/nachrichten\/wp-json\/wp\/v2\/categories?post=3285"},{"taxonomy":"post_tag","embeddable":true,"href":"https:\/\/www.strassenweb.de\/nachrichten\/wp-json\/wp\/v2\/tags?post=3285"}],"curies":[{"name":"wp","href":"https:\/\/api.w.org\/{rel}","templated":true}]}}