{"id":3266,"date":"2025-02-12T11:39:24","date_gmt":"2025-02-12T10:39:24","guid":{"rendered":"https:\/\/www.strassenweb.de\/nachrichten\/ich-bin-farbredakteur-und-ich-hatte-noch-nie-von-diesen-benjamin-moore-farben-gehoert-worauf-die-innenarchitekten-schwoeren\/"},"modified":"2025-02-12T11:39:25","modified_gmt":"2025-02-12T10:39:25","slug":"ich-bin-farbredakteur-und-ich-hatte-noch-nie-von-diesen-benjamin-moore-farben-gehoert-worauf-die-innenarchitekten-schwoeren","status":"publish","type":"post","link":"https:\/\/www.strassenweb.de\/nachrichten\/ich-bin-farbredakteur-und-ich-hatte-noch-nie-von-diesen-benjamin-moore-farben-gehoert-worauf-die-innenarchitekten-schwoeren\/","title":{"rendered":"Ich bin Farbredakteur und ich hatte noch nie von diesen Benjamin Moore -Farben geh\u00f6rt, worauf die Innenarchitekten schw\u00f6ren"},"content":{"rendered":"<p><\/p>\n<div id=\"article-body\" class=\"article__body \">\n<p>Benjamin Moore ist bekannt f\u00fcr seine Vielzahl von Farben. Egal, ob Sie auf der Suche nach einer perfekt ausgewogenen neutralen Farbe oder einer mutigen Farbe, um Pers\u00f6nlichkeit in einen Raum zu verleihen, Sie k\u00f6nnen sicher sein, dass Sie etwas f\u00fcr Ihrem Raum entsprechen.<\/p>\n<div id=\"ad-unit-1\" class=\"ad-unit\"><\/div>\n<p>Und w\u00e4hrend viele Farben von Benjamin Moore in der Innenarchitektur-Welt zu Favoriten geworden sind, von der legend\u00e4ren Hale Navy bis zum universell schmeichelhaften Schweizer Kaffee, gibt es genauso viel zu sagen \u00fcber seine weniger entdeckten Farbt\u00f6ne.<\/p>\n<aside class=\"hawk-nest\" data-block-type=\"embed\" data-render-type=\"fte\" data-skip=\"dealsy\" data-widget-type=\"seasonal\">\n<div class=\"hawk-master-widget-hawk-base-wrapper\"><\/div>\n<\/aside>\n<p>Als Homes &#038; Gardens &#8218;Paint &#038; Color Editor habe ich Innenarchitekten konsultiert, um Benjamin Moores weniger bekannte Farben aufzudecken. Zu meiner \u00dcberraschung gab es eine Reihe von Farben, von denen Designer schw\u00e4rmten, dass ich noch nie zuvor begegnen w\u00fcrde, von dunklen Farben bis hin zu farbenfrohen Farbt\u00f6nen.<\/p>\n<div id=\"desktop-in-article\" class=\"in-article ad-unit\">\n<div id=\"desktop-taboola-mid-article\"><\/div>\n<\/div>\n<div id=\"mobile-in-article\" class=\"in-article ad-unit\">\n<div id=\"mobile-taboola-mid-article\"><\/div>\n<\/div>\n<p>Im Folgenden sprechen Innenarchitekten durch jede dieser Lackfarben (die auch neu f\u00fcr Sie sein k\u00f6nnen) durch, um einige frische Farbideen auszul\u00f6sen.<\/p>\n<div class=\"van_vid_carousel\">\n<div class=\"van_vid_carousel__padding\">\n<div class=\"van_vid_carousel__container\"><\/div>\n<\/div>\n<\/div>\n<h3 class=\"article-body__section\" id=\"section-1-salamander\"><span>1. Salamander<\/span><\/h3>\n<figure class=\"van-image-figure inline-layout \" data-bordeaux-image-check>\n<div class=\"image-full-width-wrapper\">\n<div class=\"image-widthsetter\" style=\"max-width:2000px;\"><\/div>\n<\/div>\n<\/figure>\n<p>&#8222;Salamander von Benjamin Moore ist eine reichhaltige, raffinierte gr\u00fcne Farbe, die ich einfach liebe&#8220;, erkl\u00e4rt Kate Pinney, Innenarchitektin bei Inside Stories. &#8218;Sein tiefes, aber lebendiger Ton erzeugt ein Gef\u00fchl von Ruhe und Fokus, was es zur perfekten Wahl f\u00fcr ein Heimb\u00fcro macht. Kombinieren Sie es mit neutralen Akzenten und warmen Holzt\u00f6nen, um die K\u00fchnheit auszugleichen. &#8218;<\/p>\n<div id=\"ad-unit-2\" class=\"ad-unit\"><\/div>\n<h3 class=\"article-body__section\" id=\"section-2-weimaraner\"><span>2. Weimaraner<\/span><\/h3>\n<figure class=\"van-image-figure inline-layout \" data-bordeaux-image-check>\n<div class=\"image-full-width-wrapper\">\n<div class=\"image-widthsetter\" style=\"max-width:2000px;\"><\/div>\n<\/div>\n<\/figure>\n<p>Eine beliebte Unter-der-Radar-Benjamin Moore-Farbe f\u00fcr Designerin Melissa Read, Creative Director bei Studio Burntwood ist Weimaraner, eine gem\u00fctliche neutrale Farbe:<\/p>\n<p>Weimaraner ist ein wundersch\u00f6n warmes Grau mit einem rauchbraunen Unterton &#8211; denken Sie an Vintage Leder und gealtertes Gips. Es ist perfekt f\u00fcr Wohnzimmer, Essr\u00e4ume und \u00fcberall, wo Sie einen ruhigen Luxus schaffen m\u00f6chten, ohne auf offensichtliche Neutrale zur\u00fcckzugreifen. Vermeiden Sie es, es mit hellem Wei\u00df zu kombinieren. Es braucht etwas Weichteres, wie klassisches Grau oder eine ged\u00e4mpfte Olive, um es gerecht zu werden. &#8218;<\/p>\n<h3 class=\"article-body__section\" id=\"section-3-terra-bella\"><span>3. Terra Bella<\/span><\/h3>\n<figure class=\"van-image-figure inline-layout \" data-bordeaux-image-check>\n<div class=\"image-full-width-wrapper\">\n<div class=\"image-widthsetter\" style=\"max-width:2000px;\"><\/div>\n<\/div>\n<\/figure>\n<p>Terra Bella ist eine weitere Top -Wahl f\u00fcr Melissa Read, eine leichte Terrakotta -Farbe, die sich erw\u00e4rmen und erhebend anf\u00fchlt, wie in diesem Wohnzimmer verwendet.<\/p>\n<p>&#8222;Terra Bella ist eine ged\u00e4mpfte Terrakotta, die irgendwo zwischen verwittertem Lehm und gealtertem Ziegel landet&#8220;, sagt Melissa. &#8218;Es ist ph\u00e4nomenal in get\u00e4felten Speises\u00e4len, in Schr\u00e4nken oder sogar als unerwartete Deckenfarbe. Kombiniert mit tiefen Gr\u00fcns wie Essex Green oder weiche, putzige Neutrale und schafft eine Atmosph\u00e4re, die sich ausdrucksstark anf\u00fchlt. Wenn Sie von einer b\u00f6hmischen, vielseitigen oder maximalistischen Atmosph\u00e4re hingezogen sind, ist diese Farbe die perfekte Wahl f\u00fcr Sie. &#8218;<\/p>\n<h3 class=\"article-body__section\" id=\"section-4-castleton-mist\"><span>4. Castleton Mist<\/span><\/h3>\n<figure class=\"van-image-figure inline-layout \" data-bordeaux-image-check>\n<div class=\"image-full-width-wrapper\">\n<div class=\"image-widthsetter\" style=\"max-width:2400px;\"><\/div>\n<\/div>\n<\/figure>\n<p>&#8222;Benjamin Moores Castleton Mist ist eine langj\u00e4hrige Lieblingsfarbe von mir&#8220;, teilt Liz Williams, Gr\u00fcnderin und Hauptdesignerin bei Liz Williams Interiors, die diese fr\u00f6hliche, gelbgr\u00fcne Farbe in diesem Badezimmer verwendet hat.<\/p>\n<p>&#8218;Es ist ein weiches und subtiles Gr\u00fcn in Benjamin Moores historischen Farben, die sich gut zu vielen Farben kombinieren &#8211; und in einer Vielzahl von R\u00e4umen Frische infundiert! Ich liebe es mit knuspriger wei\u00dfer Ausstattung, aber ich benutze es auch gerne an beiden W\u00e4nden und trimm in kleineren R\u00e4umen \u201c, f\u00fcgt Liz hinzu.<\/p>\n<h3 class=\"article-body__section\" id=\"section-5-hazy-skies\"><span>5. Dunst Himmel<\/span><\/h3>\n<figure class=\"van-image-figure inline-layout \" data-bordeaux-image-check>\n<div class=\"image-full-width-wrapper\">\n<div class=\"image-widthsetter\" style=\"max-width:2400px;\"><\/div>\n<\/div>\n<\/figure>\n<p>Benjamin Moore hat viele beliebte beruhigende neutrale Farben, aber dunstiger Himmel ist einer, auf den ich vorher nicht begegnen w\u00fcrde. Unten erkl\u00e4rt Designerin Kelly Sutherland von Kelly Sutherland Designs, warum es die perfekte Wahl f\u00fcr Kinderzimmer und G\u00e4stezimmer ist:<\/p>\n<p>\u201eDie Leute bleiben oft fest und w\u00e4hlen eine geschlechtsneutrale Kinderg\u00e4rten- oder G\u00e4stezimmerfarbe aus. Es kann eine Herausforderung sein, diese R\u00e4ume richtig zu machen, aber es ist nicht weiter ausgesehen, da der dunstige Himmel der perfekte Farbton ist. Dieser Kittgraugr\u00fcn schafft sofort eine ruhige und einladende Atmosph\u00e4re-Attribute, die Sie f\u00fcr ein Kind und G\u00e4ste gleicherma\u00dfen m\u00f6chten. &#8218;<\/p>\n<h3 class=\"article-body__section\" id=\"section-6-tate-olive\"><span>6. Tate Olive<\/span><\/h3>\n<figure class=\"van-image-figure inline-layout \" data-bordeaux-image-check>\n<div class=\"image-full-width-wrapper\">\n<div class=\"image-widthsetter\" style=\"max-width:2400px;\"><\/div>\n<\/div>\n<\/figure>\n<p>Benjamin Moores Tate Olive ist eine dunkelgr\u00fcne Farbe, die launisch und raffiniert aussieht, ein weiterer Favorit f\u00fcr Designerin Kelly Sutherland, der unten erkl\u00e4rt:<\/p>\n<p>&#8218;Tate Olive ist eine Farbfarbe, die viel mehr Anerkennung verdient. Wenn Sie ein stimmungsvolleres Aussehen haben, sind die Untert\u00f6ne eines Farbton besonders wichtig. Dieses tiefe, reichhaltige Gr\u00fcn hat genau die richtigen. Es ist w\u00e4rmer, was ihm einen Hauch von Raffinesse verleiht, und wie der Name sagt, f\u00fchlen sich die oliven Untert\u00f6ne zeitlos und organisch an. Kombinieren Sie es mit warmen Neutralen und Braun, um einen raffinierten Look zu erzielen. &#8218;<\/p>\n<h3 class=\"article-body__section\" id=\"section-7-marilyn-s-dress\"><span>7. Marilyns Kleid<\/span><\/h3>\n<figure class=\"van-image-figure inline-layout \" data-bordeaux-image-check>\n<div class=\"image-full-width-wrapper\">\n<div class=\"image-widthsetter\" style=\"max-width:2000px;\"><\/div>\n<\/div>\n<\/figure>\n<p>\u00bbEine Lackfarbe von Benjamin Moore ist Marilyns Kleid-ein cooles und luftiges Blau mit einem Hauch von Periwinkle\u00ab, erkl\u00e4rt Designer Bambi A&#8217;lynn Bratton von Bambi a&#8217;lynn Interieur. \u201eEs ist perfekt, um gro\u00df angelegte W\u00e4nde zu waschen, wie hier in unserem Prim\u00e4rschlafzimmer in Beverly zu sehen ist. Ich denke, die Mischung aus Farben (ist es nicht wei\u00df? Ist es blau?) Vermittelt ihr zus\u00e4tzliches Interesse und verleiht jedem Raum eine beruhigende und beruhigende Qualit\u00e4t. &#8218;<\/p>\n<h3 class=\"article-body__section\" id=\"section-8-mink\"><span>8. Nerz<\/span><\/h3>\n<figure class=\"van-image-figure inline-layout \" data-bordeaux-image-check>\n<div class=\"image-full-width-wrapper\">\n<div class=\"image-widthsetter\" style=\"max-width:2000px;\"><\/div>\n<\/div>\n<\/figure>\n<p>&#8222;Mink von Benjamin Moore ist diese perfekte braunschwarze Farbe&#8220;, sagt Innenarchitektin Nadia Watts. Es wird an der anderen Wand in diesem Raum verwendet.<\/p>\n<p>\u201eSchwarze Farbe kann Tiefe fehlen, also probieren Sie stattdessen ein schwarzbraunes wie Nerz. Es ist komplex: Eine interessantere Wahl als Schwarz und wird den Test der Zeit bestehen. In Nerken wirkt alles erh\u00f6ht, es funktioniert als neutral und sorgt w\u00e4hrend des Interesses und der Stimmung. Ich liebe es f\u00fcr Eitelkeiten, K\u00fcchenschr\u00e4nke und f\u00fcr farblich tapfere Pulverr\u00e4ume, Flure und Dens &#8218;, f\u00fcgt Nadia hinzu.<\/p>\n<h3 class=\"article-body__section\" id=\"section-9-hearthstone\"><span>9. Hearthstone<\/span><\/h3>\n<figure class=\"van-image-figure inline-layout \" data-bordeaux-image-check>\n<div class=\"image-full-width-wrapper\">\n<div class=\"image-widthsetter\" style=\"max-width:2000px;\"><\/div>\n<\/div>\n<\/figure>\n<p>&#8222;Einer unserer Lieblingsfarben von Benjamin Moore ist Hearthstone&#8220;, sagt Designer Andrea Goldman. &#8218;Es ist ein hellerer Graust\u00e4tten mit blauen Untert\u00f6nen. Wir verwenden es zum Malen von W\u00e4nden, Au\u00dfent\u00fcren und Trimm sowie ges\u00e4ttigten Schr\u00e4nken. Es ist eine perfekte Erg\u00e4nzung zu Benjamin Moores Meeresperle oder wei\u00dfer Taube. Diese Lackfarbe bietet einen perfekten Kontrast zu leichten Innenr\u00e4umen, w\u00e4hrend die W\u00e4rme und eine einladende Palette aufrechterhalten wird. &#8218;<\/p>\n<h3 class=\"article-body__section\" id=\"section-10-half-moon-crest\"><span>10. Halbmondkamm<\/span><\/h3>\n<figure class=\"van-image-figure inline-layout \" data-bordeaux-image-check>\n<div class=\"image-full-width-wrapper\">\n<div class=\"image-widthsetter\" style=\"max-width:2000px;\"><\/div>\n<\/div>\n<\/figure>\n<p>Ein Beispiel f\u00fcr eine von Benjamin Moores ruhige Farben, die nicht so bekannt ist, ist Half Moon Crest &#8211; eine graue Farbe, die ein Favorit von Designer Dana Wolter von Dana Wolter Interiors ist, die unten erkl\u00e4rt:<\/p>\n<p>&#8222;Half Moon Crest ist ein weiches, ruhiges Blau von Benjamin Moore, das perfekt f\u00fcr eine ruhige Atmosph\u00e4re geeignet ist, was es zu einer idealen Wahl f\u00fcr R\u00e4ume wie Schlafzimmer macht.&#8220;<\/p>\n<h3 class=\"article-body__section\" id=\"section-11-topeka-taupe\"><span>11. Topeka Taupe<\/span><\/h3>\n<figure class=\"van-image-figure inline-layout \" data-bordeaux-image-check>\n<div class=\"image-full-width-wrapper\">\n<div class=\"image-widthsetter\" style=\"max-width:2000px;\"><\/div>\n<\/div>\n<\/figure>\n<p>Topeka Taupe von Benjamin Moore ist eine trendige braune Farbe, die nicht zu dunkel oder intensiv ist. W\u00e4hrend ich h\u00e4ufig auf verschiedene braune Farben von Benjamin Moore wie Wenge sto\u00dfe, ist Topeka Taupe f\u00fcr mich neu.<\/p>\n<p>&#8222;Benjamin Moores Topeka Taupe ist eine ph\u00e4nomenale Farbe&#8220;, sagt Designer Amber Guyton von Seligen Little Bungalow. &#8222;Es ist ein warmes Braun mit einem Tropfen violett, perfekt f\u00fcr ein Wohnzimmer oder Schlafzimmer und sogar farblich von Wand zu Schnimm- zu Schr\u00e4nken in jedem Raum.&#8220;<\/p>\n<h3 class=\"article-body__section\" id=\"section-12-trout-gray\"><span>12. Forellengrau<\/span><\/h3>\n<figure class=\"van-image-figure inline-layout \" data-bordeaux-image-check>\n<div class=\"image-full-width-wrapper\">\n<div class=\"image-widthsetter\" style=\"max-width:2000px;\"><\/div>\n<\/div>\n<\/figure>\n<p>Wenn Sie nach einer klassischen, mittelgro\u00dfen Farbe suchen, ist Benjamin Moores Forellengrau eine zu erkunden. Die Innenarchitektin Janna McCalley von Janna McCalley Interiors beschreibt es als &#8222;ein gro\u00dfes Holzkohlegrau, das etwas Coolness hat&#8220;.<\/p>\n<p>&#8222;Ich mag den blauen Unterton f\u00fcr ein launisches, m\u00e4nnlicheres Gef\u00fchl&#8220;, f\u00fcgt der Designer hinzu, der es an den W\u00e4nden im Schlafzimmer oben verwendet hat. &#8222;Hier haben wir es auf einem Teil der Wand in diesem Kellerraum verwendet &#8211; eine kosteng\u00fcnstige M\u00f6glichkeit, Interesse zu verleihen und den Raum nicht zu dunkel zu machen.&#8220;<\/p>\n<h3 class=\"article-body__section\" id=\"section-13-dark-olive\"><span>13. Dunkle Olive<\/span><\/h3>\n<figure class=\"van-image-figure inline-layout \" data-bordeaux-image-check>\n<div class=\"image-full-width-wrapper\">\n<div class=\"image-widthsetter\" style=\"max-width:2000px;\"><\/div>\n<\/div>\n<\/figure>\n<p>Benjamin Moores dunkler Olive ist ein weiterer launischer Farbton, der sich mit den neuesten Farbtrends ausgerichtet f\u00fchlt. Hier benutzte Janna McCalley es auf den Spindeln dieses Bettrahmens.<\/p>\n<p>&#8222;Ich liebe es, diese Farbe in Semi-Gloss f\u00fcr Schr\u00e4nke, M\u00f6bel, M\u00fchlarbeiten und T\u00fcren zu verwenden&#8220;, sagt Janna. &#8222;Es funktioniert wie ein neutraler Ton, bringt aber bei Bedarf ein wenig Farbe in die Farbe.&#8220;<\/p>\n<h3 class=\"article-body__section\" id=\"section-14-gravel-gray\"><span>14. Kiesgrau<\/span><\/h3>\n<figure class=\"van-image-figure inline-layout \" data-bordeaux-image-check>\n<div class=\"image-full-width-wrapper\">\n<div class=\"image-widthsetter\" style=\"max-width:2000px;\"><\/div>\n<\/div>\n<\/figure>\n<p>Benjamin Moores Schottergrau wurde hier auf dem M\u00fchlenwerk verwendet, was dem neutralen Farbschema Tiefe und Interesse verleiht, ein weiterer Lieblingsfarbe von Benjamin Moore f\u00fcr Designerin Janna McCalley, der es als &#8222;fehlgeschlagene dunkle Farbe f\u00fcr hohe Kontrast&#8220; bezeichnet.<\/p>\n<p>\u00bbEs ist \u00fcberhaupt nicht grau, es hei\u00dft es als sehr tiefe, inky blau-schwarze. Dies l\u00e4sst wundersch\u00f6ne M\u00fchlenarbeit hervorstechen und passt gut zu Grastuch in einem B\u00fcro, Schlafzimmer oder einer H\u00f6hle \u201c, sagt Janna.<\/p>\n<hr>\n<p>Welche dieser Benjamin Moore -Farben ist Ihr Favorit? Obwohl sie vielleicht nicht die bekanntesten sind, sind sie stilvolle Farben, die zeitlose Zimmerfarbe Ideen erm\u00f6glichen k\u00f6nnen.<\/p>\n<\/div>\n","protected":false},"excerpt":{"rendered":"<p>Benjamin Moore ist bekannt f\u00fcr seine Vielzahl von Farben. Egal, ob Sie auf der Suche nach einer perfekt ausgewogenen neutralen Farbe oder einer mutigen Farbe,<\/p>\n","protected":false},"author":1,"featured_media":3267,"comment_status":"closed","ping_status":"","sticky":false,"template":"","format":"standard","meta":{"footnotes":""},"categories":[118],"tags":[4312,1210,9,208,874,4045,1810,1533,129,717,4313,460,2659,1971,37,21,5163],"class_list":["post-3266","post","type-post","status-publish","format-standard","has-post-thumbnail","hentry","category-haus-garten","tag-benjamin","tag-bin","tag-die","tag-diesen","tag-farben","tag-farbredakteur","tag-gehoert","tag-haette","tag-ich","tag-innenarchitekten","tag-moore","tag-nie","tag-noch","tag-schwoeren","tag-und","tag-von","tag-worauf","generate-columns","tablet-grid-50","mobile-grid-100","grid-parent","grid-50"],"yoast_head":"<!-- This site is optimized with the Yoast SEO plugin v27.3 - https:\/\/yoast.com\/product\/yoast-seo-wordpress\/ -->\n<title>Ich bin Farbredakteur und ich hatte noch nie von diesen Benjamin Moore -Farben geh\u00f6rt, worauf die Innenarchitekten schw\u00f6ren - Nachrichten - Stra\u00dfenweb<\/title>\n<meta name=\"robots\" content=\"index, follow, max-snippet:-1, max-image-preview:large, max-video-preview:-1\" \/>\n<link rel=\"canonical\" href=\"https:\/\/www.strassenweb.de\/nachrichten\/ich-bin-farbredakteur-und-ich-hatte-noch-nie-von-diesen-benjamin-moore-farben-gehoert-worauf-die-innenarchitekten-schwoeren\/\" \/>\n<meta property=\"og:locale\" content=\"de_DE\" \/>\n<meta property=\"og:type\" content=\"article\" \/>\n<meta property=\"og:title\" content=\"Ich bin Farbredakteur und ich hatte noch nie von diesen Benjamin Moore -Farben geh\u00f6rt, worauf die Innenarchitekten schw\u00f6ren - Nachrichten - Stra\u00dfenweb\" \/>\n<meta property=\"og:description\" content=\"Benjamin Moore ist bekannt f\u00fcr seine Vielzahl von Farben. Egal, ob Sie auf der Suche nach einer perfekt ausgewogenen neutralen Farbe oder einer mutigen Farbe,\" \/>\n<meta property=\"og:url\" content=\"https:\/\/www.strassenweb.de\/nachrichten\/ich-bin-farbredakteur-und-ich-hatte-noch-nie-von-diesen-benjamin-moore-farben-gehoert-worauf-die-innenarchitekten-schwoeren\/\" \/>\n<meta property=\"og:site_name\" content=\"Stra\u00dfenweb\" \/>\n<meta property=\"article:publisher\" content=\"https:\/\/www.facebook.com\/strassenweb\/\" \/>\n<meta property=\"article:published_time\" content=\"2025-02-12T10:39:24+00:00\" \/>\n<meta property=\"article:modified_time\" content=\"2025-02-12T10:39:25+00:00\" \/>\n<meta property=\"og:image\" content=\"https:\/\/www.strassenweb.de\/nachrichten\/wp-content\/uploads\/2025\/02\/Ich-bin-Farbredakteur-und-ich-hatte-noch-nie-von-diesen.jpg\" \/>\n\t<meta property=\"og:image:width\" content=\"1200\" \/>\n\t<meta property=\"og:image:height\" content=\"675\" \/>\n\t<meta property=\"og:image:type\" content=\"image\/jpeg\" \/>\n<meta name=\"author\" content=\"Robert Hoffmann\" \/>\n<meta name=\"twitter:card\" content=\"summary_large_image\" \/>\n<meta name=\"twitter:label1\" content=\"Verfasst von\" \/>\n\t<meta name=\"twitter:data1\" content=\"Robert Hoffmann\" \/>\n\t<meta name=\"twitter:label2\" content=\"Gesch\u00e4tzte Lesezeit\" \/>\n\t<meta name=\"twitter:data2\" content=\"7\u00a0Minuten\" \/>\n<script type=\"application\/ld+json\" class=\"yoast-schema-graph\">{\"@context\":\"https:\\\/\\\/schema.org\",\"@graph\":[{\"@type\":\"Article\",\"@id\":\"https:\\\/\\\/www.strassenweb.de\\\/nachrichten\\\/ich-bin-farbredakteur-und-ich-hatte-noch-nie-von-diesen-benjamin-moore-farben-gehoert-worauf-die-innenarchitekten-schwoeren\\\/#article\",\"isPartOf\":{\"@id\":\"https:\\\/\\\/www.strassenweb.de\\\/nachrichten\\\/ich-bin-farbredakteur-und-ich-hatte-noch-nie-von-diesen-benjamin-moore-farben-gehoert-worauf-die-innenarchitekten-schwoeren\\\/\"},\"author\":{\"name\":\"Robert Hoffmann\",\"@id\":\"https:\\\/\\\/www.strassenweb.de\\\/nachrichten\\\/#\\\/schema\\\/person\\\/87c9c9067f1211da429a744dc5a5aa41\"},\"headline\":\"Ich bin Farbredakteur und ich hatte noch nie von diesen Benjamin Moore -Farben geh\u00f6rt, worauf die Innenarchitekten schw\u00f6ren\",\"datePublished\":\"2025-02-12T10:39:24+00:00\",\"dateModified\":\"2025-02-12T10:39:25+00:00\",\"mainEntityOfPage\":{\"@id\":\"https:\\\/\\\/www.strassenweb.de\\\/nachrichten\\\/ich-bin-farbredakteur-und-ich-hatte-noch-nie-von-diesen-benjamin-moore-farben-gehoert-worauf-die-innenarchitekten-schwoeren\\\/\"},\"wordCount\":1429,\"publisher\":{\"@id\":\"https:\\\/\\\/www.strassenweb.de\\\/nachrichten\\\/#organization\"},\"image\":{\"@id\":\"https:\\\/\\\/www.strassenweb.de\\\/nachrichten\\\/ich-bin-farbredakteur-und-ich-hatte-noch-nie-von-diesen-benjamin-moore-farben-gehoert-worauf-die-innenarchitekten-schwoeren\\\/#primaryimage\"},\"thumbnailUrl\":\"https:\\\/\\\/www.strassenweb.de\\\/nachrichten\\\/wp-content\\\/uploads\\\/2025\\\/02\\\/Ich-bin-Farbredakteur-und-ich-hatte-noch-nie-von-diesen.jpg\",\"keywords\":[\"Benjamin\",\"bin\",\"die\",\"diesen\",\"Farben\",\"Farbredakteur\",\"geh\u00f6rt\",\"h\u00e4tte\",\"ich\",\"Innenarchitekten\",\"Moore\",\"nie\",\"noch\",\"schw\u00f6ren\",\"und\",\"von\",\"worauf\"],\"articleSection\":[\"Haus &amp; Garten\"],\"inLanguage\":\"de\"},{\"@type\":\"WebPage\",\"@id\":\"https:\\\/\\\/www.strassenweb.de\\\/nachrichten\\\/ich-bin-farbredakteur-und-ich-hatte-noch-nie-von-diesen-benjamin-moore-farben-gehoert-worauf-die-innenarchitekten-schwoeren\\\/\",\"url\":\"https:\\\/\\\/www.strassenweb.de\\\/nachrichten\\\/ich-bin-farbredakteur-und-ich-hatte-noch-nie-von-diesen-benjamin-moore-farben-gehoert-worauf-die-innenarchitekten-schwoeren\\\/\",\"name\":\"Ich bin Farbredakteur und ich hatte noch nie von diesen Benjamin Moore -Farben geh\u00f6rt, worauf die Innenarchitekten schw\u00f6ren - Nachrichten - Stra\u00dfenweb\",\"isPartOf\":{\"@id\":\"https:\\\/\\\/www.strassenweb.de\\\/nachrichten\\\/#website\"},\"primaryImageOfPage\":{\"@id\":\"https:\\\/\\\/www.strassenweb.de\\\/nachrichten\\\/ich-bin-farbredakteur-und-ich-hatte-noch-nie-von-diesen-benjamin-moore-farben-gehoert-worauf-die-innenarchitekten-schwoeren\\\/#primaryimage\"},\"image\":{\"@id\":\"https:\\\/\\\/www.strassenweb.de\\\/nachrichten\\\/ich-bin-farbredakteur-und-ich-hatte-noch-nie-von-diesen-benjamin-moore-farben-gehoert-worauf-die-innenarchitekten-schwoeren\\\/#primaryimage\"},\"thumbnailUrl\":\"https:\\\/\\\/www.strassenweb.de\\\/nachrichten\\\/wp-content\\\/uploads\\\/2025\\\/02\\\/Ich-bin-Farbredakteur-und-ich-hatte-noch-nie-von-diesen.jpg\",\"datePublished\":\"2025-02-12T10:39:24+00:00\",\"dateModified\":\"2025-02-12T10:39:25+00:00\",\"breadcrumb\":{\"@id\":\"https:\\\/\\\/www.strassenweb.de\\\/nachrichten\\\/ich-bin-farbredakteur-und-ich-hatte-noch-nie-von-diesen-benjamin-moore-farben-gehoert-worauf-die-innenarchitekten-schwoeren\\\/#breadcrumb\"},\"inLanguage\":\"de\",\"potentialAction\":[{\"@type\":\"ReadAction\",\"target\":[\"https:\\\/\\\/www.strassenweb.de\\\/nachrichten\\\/ich-bin-farbredakteur-und-ich-hatte-noch-nie-von-diesen-benjamin-moore-farben-gehoert-worauf-die-innenarchitekten-schwoeren\\\/\"]}]},{\"@type\":\"ImageObject\",\"inLanguage\":\"de\",\"@id\":\"https:\\\/\\\/www.strassenweb.de\\\/nachrichten\\\/ich-bin-farbredakteur-und-ich-hatte-noch-nie-von-diesen-benjamin-moore-farben-gehoert-worauf-die-innenarchitekten-schwoeren\\\/#primaryimage\",\"url\":\"https:\\\/\\\/www.strassenweb.de\\\/nachrichten\\\/wp-content\\\/uploads\\\/2025\\\/02\\\/Ich-bin-Farbredakteur-und-ich-hatte-noch-nie-von-diesen.jpg\",\"contentUrl\":\"https:\\\/\\\/www.strassenweb.de\\\/nachrichten\\\/wp-content\\\/uploads\\\/2025\\\/02\\\/Ich-bin-Farbredakteur-und-ich-hatte-noch-nie-von-diesen.jpg\",\"width\":1200,\"height\":675,\"caption\":\"Ich bin Farbredakteur und ich hatte noch nie von diesen Benjamin Moore -Farben geh\u00f6rt, worauf die Innenarchitekten schw\u00f6ren\"},{\"@type\":\"BreadcrumbList\",\"@id\":\"https:\\\/\\\/www.strassenweb.de\\\/nachrichten\\\/ich-bin-farbredakteur-und-ich-hatte-noch-nie-von-diesen-benjamin-moore-farben-gehoert-worauf-die-innenarchitekten-schwoeren\\\/#breadcrumb\",\"itemListElement\":[{\"@type\":\"ListItem\",\"position\":1,\"name\":\"Home\",\"item\":\"https:\\\/\\\/www.strassenweb.de\\\/nachrichten\\\/\"},{\"@type\":\"ListItem\",\"position\":2,\"name\":\"Ich bin Farbredakteur und ich hatte noch nie von diesen Benjamin Moore -Farben geh\u00f6rt, worauf die Innenarchitekten schw\u00f6ren\"}]},{\"@type\":\"WebSite\",\"@id\":\"https:\\\/\\\/www.strassenweb.de\\\/nachrichten\\\/#website\",\"url\":\"https:\\\/\\\/www.strassenweb.de\\\/nachrichten\\\/\",\"name\":\"Stra\u00dfenweb\",\"description\":\"Stra\u00dfenverzeichnis f\u00fcr Deutschland\",\"publisher\":{\"@id\":\"https:\\\/\\\/www.strassenweb.de\\\/nachrichten\\\/#organization\"},\"potentialAction\":[{\"@type\":\"SearchAction\",\"target\":{\"@type\":\"EntryPoint\",\"urlTemplate\":\"https:\\\/\\\/www.strassenweb.de\\\/nachrichten\\\/?s={search_term_string}\"},\"query-input\":{\"@type\":\"PropertyValueSpecification\",\"valueRequired\":true,\"valueName\":\"search_term_string\"}}],\"inLanguage\":\"de\"},{\"@type\":\"Organization\",\"@id\":\"https:\\\/\\\/www.strassenweb.de\\\/nachrichten\\\/#organization\",\"name\":\"Stra\u00dfenweb\",\"url\":\"https:\\\/\\\/www.strassenweb.de\\\/nachrichten\\\/\",\"logo\":{\"@type\":\"ImageObject\",\"inLanguage\":\"de\",\"@id\":\"https:\\\/\\\/www.strassenweb.de\\\/nachrichten\\\/#\\\/schema\\\/logo\\\/image\\\/\",\"url\":\"https:\\\/\\\/www.strassenweb.de\\\/nachrichten\\\/wp-content\\\/uploads\\\/2024\\\/09\\\/cropped-favicon.png\",\"contentUrl\":\"https:\\\/\\\/www.strassenweb.de\\\/nachrichten\\\/wp-content\\\/uploads\\\/2024\\\/09\\\/cropped-favicon.png\",\"width\":512,\"height\":512,\"caption\":\"Stra\u00dfenweb\"},\"image\":{\"@id\":\"https:\\\/\\\/www.strassenweb.de\\\/nachrichten\\\/#\\\/schema\\\/logo\\\/image\\\/\"},\"sameAs\":[\"https:\\\/\\\/www.facebook.com\\\/strassenweb\\\/\"]},{\"@type\":\"Person\",\"@id\":\"https:\\\/\\\/www.strassenweb.de\\\/nachrichten\\\/#\\\/schema\\\/person\\\/87c9c9067f1211da429a744dc5a5aa41\",\"name\":\"Robert Hoffmann\",\"image\":{\"@type\":\"ImageObject\",\"inLanguage\":\"de\",\"@id\":\"https:\\\/\\\/www.strassenweb.de\\\/nachrichten\\\/wp-content\\\/uploads\\\/2024\\\/09\\\/strassenweb-150x150.jpg\",\"url\":\"https:\\\/\\\/www.strassenweb.de\\\/nachrichten\\\/wp-content\\\/uploads\\\/2024\\\/09\\\/strassenweb-150x150.jpg\",\"contentUrl\":\"https:\\\/\\\/www.strassenweb.de\\\/nachrichten\\\/wp-content\\\/uploads\\\/2024\\\/09\\\/strassenweb-150x150.jpg\",\"caption\":\"Robert Hoffmann\"},\"description\":\"Ich hei\u00dfe Robert Hoffmann und ich bin ein leidenschaftlicher Verfechter von \u00d6kologie und Biodiversit\u00e4t. Seit meiner Kindheit in den W\u00e4ldern Bayerns f\u00fchle ich mich mit der Natur verbunden und bin entschlossen, sie zu sch\u00fctzen. Heute widme ich mein Leben der Sensibilisierung anderer f\u00fcr die Bedeutung des Umweltschutzes f\u00fcr zuk\u00fcnftige Generationen.\",\"sameAs\":[\"https:\\\/\\\/www.strassenweb.de\\\/\"]}]}<\/script>\n<!-- \/ Yoast SEO plugin. -->","yoast_head_json":{"title":"Ich bin Farbredakteur und ich hatte noch nie von diesen Benjamin Moore -Farben geh\u00f6rt, worauf die Innenarchitekten schw\u00f6ren - Nachrichten - Stra\u00dfenweb","robots":{"index":"index","follow":"follow","max-snippet":"max-snippet:-1","max-image-preview":"max-image-preview:large","max-video-preview":"max-video-preview:-1"},"canonical":"https:\/\/www.strassenweb.de\/nachrichten\/ich-bin-farbredakteur-und-ich-hatte-noch-nie-von-diesen-benjamin-moore-farben-gehoert-worauf-die-innenarchitekten-schwoeren\/","og_locale":"de_DE","og_type":"article","og_title":"Ich bin Farbredakteur und ich hatte noch nie von diesen Benjamin Moore -Farben geh\u00f6rt, worauf die Innenarchitekten schw\u00f6ren - Nachrichten - Stra\u00dfenweb","og_description":"Benjamin Moore ist bekannt f\u00fcr seine Vielzahl von Farben. Egal, ob Sie auf der Suche nach einer perfekt ausgewogenen neutralen Farbe oder einer mutigen Farbe,","og_url":"https:\/\/www.strassenweb.de\/nachrichten\/ich-bin-farbredakteur-und-ich-hatte-noch-nie-von-diesen-benjamin-moore-farben-gehoert-worauf-die-innenarchitekten-schwoeren\/","og_site_name":"Stra\u00dfenweb","article_publisher":"https:\/\/www.facebook.com\/strassenweb\/","article_published_time":"2025-02-12T10:39:24+00:00","article_modified_time":"2025-02-12T10:39:25+00:00","og_image":[{"width":1200,"height":675,"url":"https:\/\/www.strassenweb.de\/nachrichten\/wp-content\/uploads\/2025\/02\/Ich-bin-Farbredakteur-und-ich-hatte-noch-nie-von-diesen.jpg","type":"image\/jpeg"}],"author":"Robert Hoffmann","twitter_card":"summary_large_image","twitter_misc":{"Verfasst von":"Robert Hoffmann","Gesch\u00e4tzte Lesezeit":"7\u00a0Minuten"},"schema":{"@context":"https:\/\/schema.org","@graph":[{"@type":"Article","@id":"https:\/\/www.strassenweb.de\/nachrichten\/ich-bin-farbredakteur-und-ich-hatte-noch-nie-von-diesen-benjamin-moore-farben-gehoert-worauf-die-innenarchitekten-schwoeren\/#article","isPartOf":{"@id":"https:\/\/www.strassenweb.de\/nachrichten\/ich-bin-farbredakteur-und-ich-hatte-noch-nie-von-diesen-benjamin-moore-farben-gehoert-worauf-die-innenarchitekten-schwoeren\/"},"author":{"name":"Robert Hoffmann","@id":"https:\/\/www.strassenweb.de\/nachrichten\/#\/schema\/person\/87c9c9067f1211da429a744dc5a5aa41"},"headline":"Ich bin Farbredakteur und ich hatte noch nie von diesen Benjamin Moore -Farben geh\u00f6rt, worauf die Innenarchitekten schw\u00f6ren","datePublished":"2025-02-12T10:39:24+00:00","dateModified":"2025-02-12T10:39:25+00:00","mainEntityOfPage":{"@id":"https:\/\/www.strassenweb.de\/nachrichten\/ich-bin-farbredakteur-und-ich-hatte-noch-nie-von-diesen-benjamin-moore-farben-gehoert-worauf-die-innenarchitekten-schwoeren\/"},"wordCount":1429,"publisher":{"@id":"https:\/\/www.strassenweb.de\/nachrichten\/#organization"},"image":{"@id":"https:\/\/www.strassenweb.de\/nachrichten\/ich-bin-farbredakteur-und-ich-hatte-noch-nie-von-diesen-benjamin-moore-farben-gehoert-worauf-die-innenarchitekten-schwoeren\/#primaryimage"},"thumbnailUrl":"https:\/\/www.strassenweb.de\/nachrichten\/wp-content\/uploads\/2025\/02\/Ich-bin-Farbredakteur-und-ich-hatte-noch-nie-von-diesen.jpg","keywords":["Benjamin","bin","die","diesen","Farben","Farbredakteur","geh\u00f6rt","h\u00e4tte","ich","Innenarchitekten","Moore","nie","noch","schw\u00f6ren","und","von","worauf"],"articleSection":["Haus &amp; Garten"],"inLanguage":"de"},{"@type":"WebPage","@id":"https:\/\/www.strassenweb.de\/nachrichten\/ich-bin-farbredakteur-und-ich-hatte-noch-nie-von-diesen-benjamin-moore-farben-gehoert-worauf-die-innenarchitekten-schwoeren\/","url":"https:\/\/www.strassenweb.de\/nachrichten\/ich-bin-farbredakteur-und-ich-hatte-noch-nie-von-diesen-benjamin-moore-farben-gehoert-worauf-die-innenarchitekten-schwoeren\/","name":"Ich bin Farbredakteur und ich hatte noch nie von diesen Benjamin Moore -Farben geh\u00f6rt, worauf die Innenarchitekten schw\u00f6ren - Nachrichten - Stra\u00dfenweb","isPartOf":{"@id":"https:\/\/www.strassenweb.de\/nachrichten\/#website"},"primaryImageOfPage":{"@id":"https:\/\/www.strassenweb.de\/nachrichten\/ich-bin-farbredakteur-und-ich-hatte-noch-nie-von-diesen-benjamin-moore-farben-gehoert-worauf-die-innenarchitekten-schwoeren\/#primaryimage"},"image":{"@id":"https:\/\/www.strassenweb.de\/nachrichten\/ich-bin-farbredakteur-und-ich-hatte-noch-nie-von-diesen-benjamin-moore-farben-gehoert-worauf-die-innenarchitekten-schwoeren\/#primaryimage"},"thumbnailUrl":"https:\/\/www.strassenweb.de\/nachrichten\/wp-content\/uploads\/2025\/02\/Ich-bin-Farbredakteur-und-ich-hatte-noch-nie-von-diesen.jpg","datePublished":"2025-02-12T10:39:24+00:00","dateModified":"2025-02-12T10:39:25+00:00","breadcrumb":{"@id":"https:\/\/www.strassenweb.de\/nachrichten\/ich-bin-farbredakteur-und-ich-hatte-noch-nie-von-diesen-benjamin-moore-farben-gehoert-worauf-die-innenarchitekten-schwoeren\/#breadcrumb"},"inLanguage":"de","potentialAction":[{"@type":"ReadAction","target":["https:\/\/www.strassenweb.de\/nachrichten\/ich-bin-farbredakteur-und-ich-hatte-noch-nie-von-diesen-benjamin-moore-farben-gehoert-worauf-die-innenarchitekten-schwoeren\/"]}]},{"@type":"ImageObject","inLanguage":"de","@id":"https:\/\/www.strassenweb.de\/nachrichten\/ich-bin-farbredakteur-und-ich-hatte-noch-nie-von-diesen-benjamin-moore-farben-gehoert-worauf-die-innenarchitekten-schwoeren\/#primaryimage","url":"https:\/\/www.strassenweb.de\/nachrichten\/wp-content\/uploads\/2025\/02\/Ich-bin-Farbredakteur-und-ich-hatte-noch-nie-von-diesen.jpg","contentUrl":"https:\/\/www.strassenweb.de\/nachrichten\/wp-content\/uploads\/2025\/02\/Ich-bin-Farbredakteur-und-ich-hatte-noch-nie-von-diesen.jpg","width":1200,"height":675,"caption":"Ich bin Farbredakteur und ich hatte noch nie von diesen Benjamin Moore -Farben geh\u00f6rt, worauf die Innenarchitekten schw\u00f6ren"},{"@type":"BreadcrumbList","@id":"https:\/\/www.strassenweb.de\/nachrichten\/ich-bin-farbredakteur-und-ich-hatte-noch-nie-von-diesen-benjamin-moore-farben-gehoert-worauf-die-innenarchitekten-schwoeren\/#breadcrumb","itemListElement":[{"@type":"ListItem","position":1,"name":"Home","item":"https:\/\/www.strassenweb.de\/nachrichten\/"},{"@type":"ListItem","position":2,"name":"Ich bin Farbredakteur und ich hatte noch nie von diesen Benjamin Moore -Farben geh\u00f6rt, worauf die Innenarchitekten schw\u00f6ren"}]},{"@type":"WebSite","@id":"https:\/\/www.strassenweb.de\/nachrichten\/#website","url":"https:\/\/www.strassenweb.de\/nachrichten\/","name":"Stra\u00dfenweb","description":"Stra\u00dfenverzeichnis f\u00fcr Deutschland","publisher":{"@id":"https:\/\/www.strassenweb.de\/nachrichten\/#organization"},"potentialAction":[{"@type":"SearchAction","target":{"@type":"EntryPoint","urlTemplate":"https:\/\/www.strassenweb.de\/nachrichten\/?s={search_term_string}"},"query-input":{"@type":"PropertyValueSpecification","valueRequired":true,"valueName":"search_term_string"}}],"inLanguage":"de"},{"@type":"Organization","@id":"https:\/\/www.strassenweb.de\/nachrichten\/#organization","name":"Stra\u00dfenweb","url":"https:\/\/www.strassenweb.de\/nachrichten\/","logo":{"@type":"ImageObject","inLanguage":"de","@id":"https:\/\/www.strassenweb.de\/nachrichten\/#\/schema\/logo\/image\/","url":"https:\/\/www.strassenweb.de\/nachrichten\/wp-content\/uploads\/2024\/09\/cropped-favicon.png","contentUrl":"https:\/\/www.strassenweb.de\/nachrichten\/wp-content\/uploads\/2024\/09\/cropped-favicon.png","width":512,"height":512,"caption":"Stra\u00dfenweb"},"image":{"@id":"https:\/\/www.strassenweb.de\/nachrichten\/#\/schema\/logo\/image\/"},"sameAs":["https:\/\/www.facebook.com\/strassenweb\/"]},{"@type":"Person","@id":"https:\/\/www.strassenweb.de\/nachrichten\/#\/schema\/person\/87c9c9067f1211da429a744dc5a5aa41","name":"Robert Hoffmann","image":{"@type":"ImageObject","inLanguage":"de","@id":"https:\/\/www.strassenweb.de\/nachrichten\/wp-content\/uploads\/2024\/09\/strassenweb-150x150.jpg","url":"https:\/\/www.strassenweb.de\/nachrichten\/wp-content\/uploads\/2024\/09\/strassenweb-150x150.jpg","contentUrl":"https:\/\/www.strassenweb.de\/nachrichten\/wp-content\/uploads\/2024\/09\/strassenweb-150x150.jpg","caption":"Robert Hoffmann"},"description":"Ich hei\u00dfe Robert Hoffmann und ich bin ein leidenschaftlicher Verfechter von \u00d6kologie und Biodiversit\u00e4t. Seit meiner Kindheit in den W\u00e4ldern Bayerns f\u00fchle ich mich mit der Natur verbunden und bin entschlossen, sie zu sch\u00fctzen. Heute widme ich mein Leben der Sensibilisierung anderer f\u00fcr die Bedeutung des Umweltschutzes f\u00fcr zuk\u00fcnftige Generationen.","sameAs":["https:\/\/www.strassenweb.de\/"]}]}},"_links":{"self":[{"href":"https:\/\/www.strassenweb.de\/nachrichten\/wp-json\/wp\/v2\/posts\/3266","targetHints":{"allow":["GET"]}}],"collection":[{"href":"https:\/\/www.strassenweb.de\/nachrichten\/wp-json\/wp\/v2\/posts"}],"about":[{"href":"https:\/\/www.strassenweb.de\/nachrichten\/wp-json\/wp\/v2\/types\/post"}],"author":[{"embeddable":true,"href":"https:\/\/www.strassenweb.de\/nachrichten\/wp-json\/wp\/v2\/users\/1"}],"replies":[{"embeddable":true,"href":"https:\/\/www.strassenweb.de\/nachrichten\/wp-json\/wp\/v2\/comments?post=3266"}],"version-history":[{"count":0,"href":"https:\/\/www.strassenweb.de\/nachrichten\/wp-json\/wp\/v2\/posts\/3266\/revisions"}],"wp:featuredmedia":[{"embeddable":true,"href":"https:\/\/www.strassenweb.de\/nachrichten\/wp-json\/wp\/v2\/media\/3267"}],"wp:attachment":[{"href":"https:\/\/www.strassenweb.de\/nachrichten\/wp-json\/wp\/v2\/media?parent=3266"}],"wp:term":[{"taxonomy":"category","embeddable":true,"href":"https:\/\/www.strassenweb.de\/nachrichten\/wp-json\/wp\/v2\/categories?post=3266"},{"taxonomy":"post_tag","embeddable":true,"href":"https:\/\/www.strassenweb.de\/nachrichten\/wp-json\/wp\/v2\/tags?post=3266"}],"curies":[{"name":"wp","href":"https:\/\/api.w.org\/{rel}","templated":true}]}}