{"id":3263,"date":"2025-02-12T07:52:11","date_gmt":"2025-02-12T06:52:11","guid":{"rendered":"https:\/\/www.strassenweb.de\/nachrichten\/rick-steves-atemberaubendes-veranda-accessoire-zieht-kolibris-in-seinen-garten-an-es-kostet-weniger-als-25-us\/"},"modified":"2025-02-12T07:52:11","modified_gmt":"2025-02-12T06:52:11","slug":"rick-steves-atemberaubendes-veranda-accessoire-zieht-kolibris-in-seinen-garten-an-es-kostet-weniger-als-25-us","status":"publish","type":"post","link":"https:\/\/www.strassenweb.de\/nachrichten\/rick-steves-atemberaubendes-veranda-accessoire-zieht-kolibris-in-seinen-garten-an-es-kostet-weniger-als-25-us\/","title":{"rendered":"Rick Steves &#8218;atemberaubendes Veranda-Accessoire zieht Kolibris in seinen Garten an-es kostet weniger als 25 US"},"content":{"rendered":"<p><\/p>\n<div id=\"article-body\" class=\"article__body \">\n<p>Es ist unm\u00f6glich, nicht von einem Kolibri bezaubert zu werden. Von ihren schnell besiegten Fl\u00fcgeln bis zu ihren schillernden Federn und ihren winzigen Schn\u00e4beln ist alles an den Miniaturkreaturen auffallend sch\u00f6n und faszinierend. Zum Gl\u00fcck gibt es einfache M\u00f6glichkeiten, die V\u00f6gel in Ihren Garten einzuladen. Zum Beispiel war die Reiseschreiberin Rick Steves w\u00e4hrend seiner Reisen in Europa ein ber\u00fchmter Naturliebhaber und h\u00e4lt dieses Interesse zu Hause mit einem Glas -Hummingbird -Feeder am Leben.<\/p>\n<div id=\"ad-unit-1\" class=\"ad-unit\"><\/div>\n<p>Er erkl\u00e4rte, wie er in einem Interview mit dem Stratege Kolibris zu seinem Hof \u200b\u200banzieht. Steves erkl\u00e4rte: &#8222;Wir leben hier in Seattle in Chihuly Country, und alles in Glass will nett und kunstvoll sein&#8220;, verweist der ber\u00fchmte Glask\u00fcnstler Dale Chihuly. Er fuhr fort: \u201eAls die Sonne untergeht, schneidet die Sonne das sch\u00f6ne orange-rot-Glas mit diesem s\u00fc\u00dfen Wasser f\u00fcr die Kolibris. Es ist einfach wundersch\u00f6n. &#8218;<\/p>\n<aside class=\"hawk-nest\" data-block-type=\"embed\" data-render-type=\"fte\" data-skip=\"dealsy\" data-widget-type=\"seasonal\">\n<div class=\"hawk-master-widget-hawk-base-wrapper\"><\/div>\n<\/aside>\n<p>Wie Steves betont, ist sein Hummiingbird-At-A-A-A-A-A-A-A-A-A-A-A-A-A-A-A-A-A-A-A-A-A-A-A-A-A-A-A-A-A-A-A-A-A-A-A-A-A-A-A-A-A-A-A-A-A-A-A-A-A-A-A-A-A-A-A-A-A-A-A-A-A-A-A-A-Ger\u00e4t &#8222;wundersch\u00f6n. Die verschiedenen Glasfarben kommen in einem Kaleidoskop aus T\u00f6nen zusammen, die die Sonne reflektieren und brechen. Dies macht es zu einer gro\u00dfartigen Wahl, wenn Sie sich fragen, wo Sie einen Kolibri -Feeder platzieren sollen. Experten empfehlen Ihnen, Ihren Feeder in die L\u00e4nge der Arme zu legen, und dies ist definitiv einer, das Sie in der N\u00e4he halten m\u00f6chten.<\/p>\n<div id=\"desktop-in-article\" class=\"in-article ad-unit\">\n<div id=\"desktop-taboola-mid-article\"><\/div>\n<\/div>\n<div id=\"mobile-in-article\" class=\"in-article ad-unit\">\n<div id=\"mobile-taboola-mid-article\"><\/div>\n<\/div>\n<p>Dar\u00fcber hinaus vermeidet Steves einen gemeinsamen Kolibri -Feeder -Fehler, indem er den Boden frisch h\u00e4lt. Er erkl\u00e4rt: \u201eDie Basis wird irgendwie dreckig und schimmelig, wenn Sie sie nicht waschen, und im Laufe der Zeit muss sie ersetzt werden. Und ich ging eines Tages zur Arbeit, und es gab einen winzigen, kleinen Flohmarkt, und ich trat in den Garagenverkauf ein und fand die Basis dieses Kolibri -Feeders &#8211; nicht den Feeder, nur die Basis &#8211; genau das Teil, den ich brauchte. Es war wie eine g\u00f6ttliche Intervention. Es hat mich einen Dollar gekostet. &#8218;<\/p>\n<div class=\"van_vid_carousel\">\n<div class=\"van_vid_carousel__padding\">\n<div class=\"van_vid_carousel__container\"><\/div>\n<\/div>\n<\/div>\n<h2 id=\"editor-s-picks-of-hummingbird-feeders-3\">Hummingbird -Feeder des Herausgebers des Herausgebers<\/h2>\n<div class=\"product-container hero-product-container product-block-no-wrap\"><\/div>\n<hr>\n<p>Mehr Best\u00e4uber sind nie eine schlechte Sache und umso besser, wenn sie wundersch\u00f6ne kleine V\u00f6gel sind. Es ist eine einfache Wahl, wenn der Kolibri -Feeder so sch\u00f6n ist wie Rick Steves.<\/p>\n<div id=\"ad-unit-2\" class=\"ad-unit\"><\/div>\n<hr>\n<div id=\"slice-container-newsletterForm-articleInbodyContent-UNGJuZUph6PwRFpjDvyN9M\" class=\"slice-container newsletter-inbodyContent-slice newsletterForm-articleInbodyContent-UNGJuZUph6PwRFpjDvyN9M slice-container-newsletterForm\"><\/div>\n<\/div>\n","protected":false},"excerpt":{"rendered":"<p>Es ist unm\u00f6glich, nicht von einem Kolibri bezaubert zu werden. Von ihren schnell besiegten Fl\u00fcgeln bis zu ihren schillernden Federn und ihren winzigen Schn\u00e4beln ist<\/p>\n","protected":false},"author":1,"featured_media":3264,"comment_status":"closed","ping_status":"","sticky":false,"template":"","format":"standard","meta":{"footnotes":""},"categories":[118],"tags":[935,5162,2441,320,2858,1474,5158,41,5159,5160,648,5161],"class_list":["post-3263","post","type-post","status-publish","format-standard","has-post-thumbnail","hentry","category-haus-garten","tag-als","tag-anes","tag-atemberaubendes","tag-garten","tag-kolibris","tag-kostet","tag-rick","tag-seinen","tag-steves","tag-verandaaccessoire","tag-weniger","tag-zieht","generate-columns","tablet-grid-50","mobile-grid-100","grid-parent","grid-50"],"yoast_head":"<!-- This site is optimized with the Yoast SEO plugin v27.3 - https:\/\/yoast.com\/product\/yoast-seo-wordpress\/ -->\n<title>Rick Steves &#039;atemberaubendes Veranda-Accessoire zieht Kolibris in seinen Garten an-es kostet weniger als 25 US - Nachrichten - Stra\u00dfenweb<\/title>\n<meta name=\"robots\" content=\"index, follow, max-snippet:-1, max-image-preview:large, max-video-preview:-1\" \/>\n<link rel=\"canonical\" href=\"https:\/\/www.strassenweb.de\/nachrichten\/rick-steves-atemberaubendes-veranda-accessoire-zieht-kolibris-in-seinen-garten-an-es-kostet-weniger-als-25-us\/\" \/>\n<meta property=\"og:locale\" content=\"de_DE\" \/>\n<meta property=\"og:type\" content=\"article\" \/>\n<meta property=\"og:title\" content=\"Rick Steves &#039;atemberaubendes Veranda-Accessoire zieht Kolibris in seinen Garten an-es kostet weniger als 25 US - Nachrichten - Stra\u00dfenweb\" \/>\n<meta property=\"og:description\" content=\"Es ist unm\u00f6glich, nicht von einem Kolibri bezaubert zu werden. Von ihren schnell besiegten Fl\u00fcgeln bis zu ihren schillernden Federn und ihren winzigen Schn\u00e4beln ist\" \/>\n<meta property=\"og:url\" content=\"https:\/\/www.strassenweb.de\/nachrichten\/rick-steves-atemberaubendes-veranda-accessoire-zieht-kolibris-in-seinen-garten-an-es-kostet-weniger-als-25-us\/\" \/>\n<meta property=\"og:site_name\" content=\"Stra\u00dfenweb\" \/>\n<meta property=\"article:publisher\" content=\"https:\/\/www.facebook.com\/strassenweb\/\" \/>\n<meta property=\"article:published_time\" content=\"2025-02-12T06:52:11+00:00\" \/>\n<meta property=\"og:image\" content=\"https:\/\/www.strassenweb.de\/nachrichten\/wp-content\/uploads\/2025\/02\/Rick-Steves-atemberaubendes-Veranda-Accessoire-zieht-Kolibris-in-seinen-Garten-an-es.jpg\" \/>\n\t<meta property=\"og:image:width\" content=\"1200\" \/>\n\t<meta property=\"og:image:height\" content=\"675\" \/>\n\t<meta property=\"og:image:type\" content=\"image\/jpeg\" \/>\n<meta name=\"author\" content=\"Robert Hoffmann\" \/>\n<meta name=\"twitter:card\" content=\"summary_large_image\" \/>\n<meta name=\"twitter:label1\" content=\"Verfasst von\" \/>\n\t<meta name=\"twitter:data1\" content=\"Robert Hoffmann\" \/>\n\t<meta name=\"twitter:label2\" content=\"Gesch\u00e4tzte Lesezeit\" \/>\n\t<meta name=\"twitter:data2\" content=\"2\u00a0Minuten\" \/>\n<script type=\"application\/ld+json\" class=\"yoast-schema-graph\">{\"@context\":\"https:\\\/\\\/schema.org\",\"@graph\":[{\"@type\":\"Article\",\"@id\":\"https:\\\/\\\/www.strassenweb.de\\\/nachrichten\\\/rick-steves-atemberaubendes-veranda-accessoire-zieht-kolibris-in-seinen-garten-an-es-kostet-weniger-als-25-us\\\/#article\",\"isPartOf\":{\"@id\":\"https:\\\/\\\/www.strassenweb.de\\\/nachrichten\\\/rick-steves-atemberaubendes-veranda-accessoire-zieht-kolibris-in-seinen-garten-an-es-kostet-weniger-als-25-us\\\/\"},\"author\":{\"name\":\"Robert Hoffmann\",\"@id\":\"https:\\\/\\\/www.strassenweb.de\\\/nachrichten\\\/#\\\/schema\\\/person\\\/87c9c9067f1211da429a744dc5a5aa41\"},\"headline\":\"Rick Steves &#8218;atemberaubendes Veranda-Accessoire zieht Kolibris in seinen Garten an-es kostet weniger als 25 US\",\"datePublished\":\"2025-02-12T06:52:11+00:00\",\"mainEntityOfPage\":{\"@id\":\"https:\\\/\\\/www.strassenweb.de\\\/nachrichten\\\/rick-steves-atemberaubendes-veranda-accessoire-zieht-kolibris-in-seinen-garten-an-es-kostet-weniger-als-25-us\\\/\"},\"wordCount\":378,\"publisher\":{\"@id\":\"https:\\\/\\\/www.strassenweb.de\\\/nachrichten\\\/#organization\"},\"image\":{\"@id\":\"https:\\\/\\\/www.strassenweb.de\\\/nachrichten\\\/rick-steves-atemberaubendes-veranda-accessoire-zieht-kolibris-in-seinen-garten-an-es-kostet-weniger-als-25-us\\\/#primaryimage\"},\"thumbnailUrl\":\"https:\\\/\\\/www.strassenweb.de\\\/nachrichten\\\/wp-content\\\/uploads\\\/2025\\\/02\\\/Rick-Steves-atemberaubendes-Veranda-Accessoire-zieht-Kolibris-in-seinen-Garten-an-es.jpg\",\"keywords\":[\"als\",\"anes\",\"atemberaubendes\",\"Garten\",\"Kolibris\",\"kostet\",\"Rick\",\"seinen\",\"Steves\",\"VerandaAccessoire\",\"weniger\",\"zieht\"],\"articleSection\":[\"Haus &amp; Garten\"],\"inLanguage\":\"de\"},{\"@type\":\"WebPage\",\"@id\":\"https:\\\/\\\/www.strassenweb.de\\\/nachrichten\\\/rick-steves-atemberaubendes-veranda-accessoire-zieht-kolibris-in-seinen-garten-an-es-kostet-weniger-als-25-us\\\/\",\"url\":\"https:\\\/\\\/www.strassenweb.de\\\/nachrichten\\\/rick-steves-atemberaubendes-veranda-accessoire-zieht-kolibris-in-seinen-garten-an-es-kostet-weniger-als-25-us\\\/\",\"name\":\"Rick Steves 'atemberaubendes Veranda-Accessoire zieht Kolibris in seinen Garten an-es kostet weniger als 25 US - Nachrichten - Stra\u00dfenweb\",\"isPartOf\":{\"@id\":\"https:\\\/\\\/www.strassenweb.de\\\/nachrichten\\\/#website\"},\"primaryImageOfPage\":{\"@id\":\"https:\\\/\\\/www.strassenweb.de\\\/nachrichten\\\/rick-steves-atemberaubendes-veranda-accessoire-zieht-kolibris-in-seinen-garten-an-es-kostet-weniger-als-25-us\\\/#primaryimage\"},\"image\":{\"@id\":\"https:\\\/\\\/www.strassenweb.de\\\/nachrichten\\\/rick-steves-atemberaubendes-veranda-accessoire-zieht-kolibris-in-seinen-garten-an-es-kostet-weniger-als-25-us\\\/#primaryimage\"},\"thumbnailUrl\":\"https:\\\/\\\/www.strassenweb.de\\\/nachrichten\\\/wp-content\\\/uploads\\\/2025\\\/02\\\/Rick-Steves-atemberaubendes-Veranda-Accessoire-zieht-Kolibris-in-seinen-Garten-an-es.jpg\",\"datePublished\":\"2025-02-12T06:52:11+00:00\",\"breadcrumb\":{\"@id\":\"https:\\\/\\\/www.strassenweb.de\\\/nachrichten\\\/rick-steves-atemberaubendes-veranda-accessoire-zieht-kolibris-in-seinen-garten-an-es-kostet-weniger-als-25-us\\\/#breadcrumb\"},\"inLanguage\":\"de\",\"potentialAction\":[{\"@type\":\"ReadAction\",\"target\":[\"https:\\\/\\\/www.strassenweb.de\\\/nachrichten\\\/rick-steves-atemberaubendes-veranda-accessoire-zieht-kolibris-in-seinen-garten-an-es-kostet-weniger-als-25-us\\\/\"]}]},{\"@type\":\"ImageObject\",\"inLanguage\":\"de\",\"@id\":\"https:\\\/\\\/www.strassenweb.de\\\/nachrichten\\\/rick-steves-atemberaubendes-veranda-accessoire-zieht-kolibris-in-seinen-garten-an-es-kostet-weniger-als-25-us\\\/#primaryimage\",\"url\":\"https:\\\/\\\/www.strassenweb.de\\\/nachrichten\\\/wp-content\\\/uploads\\\/2025\\\/02\\\/Rick-Steves-atemberaubendes-Veranda-Accessoire-zieht-Kolibris-in-seinen-Garten-an-es.jpg\",\"contentUrl\":\"https:\\\/\\\/www.strassenweb.de\\\/nachrichten\\\/wp-content\\\/uploads\\\/2025\\\/02\\\/Rick-Steves-atemberaubendes-Veranda-Accessoire-zieht-Kolibris-in-seinen-Garten-an-es.jpg\",\"width\":1200,\"height\":675,\"caption\":\"Rick Steves 'atemberaubendes Veranda-Accessoire zieht Kolibris in seinen Garten an-es kostet weniger als 25 US\"},{\"@type\":\"BreadcrumbList\",\"@id\":\"https:\\\/\\\/www.strassenweb.de\\\/nachrichten\\\/rick-steves-atemberaubendes-veranda-accessoire-zieht-kolibris-in-seinen-garten-an-es-kostet-weniger-als-25-us\\\/#breadcrumb\",\"itemListElement\":[{\"@type\":\"ListItem\",\"position\":1,\"name\":\"Home\",\"item\":\"https:\\\/\\\/www.strassenweb.de\\\/nachrichten\\\/\"},{\"@type\":\"ListItem\",\"position\":2,\"name\":\"Rick Steves &#8218;atemberaubendes Veranda-Accessoire zieht Kolibris in seinen Garten an-es kostet weniger als 25 US\"}]},{\"@type\":\"WebSite\",\"@id\":\"https:\\\/\\\/www.strassenweb.de\\\/nachrichten\\\/#website\",\"url\":\"https:\\\/\\\/www.strassenweb.de\\\/nachrichten\\\/\",\"name\":\"Stra\u00dfenweb\",\"description\":\"Stra\u00dfenverzeichnis f\u00fcr Deutschland\",\"publisher\":{\"@id\":\"https:\\\/\\\/www.strassenweb.de\\\/nachrichten\\\/#organization\"},\"potentialAction\":[{\"@type\":\"SearchAction\",\"target\":{\"@type\":\"EntryPoint\",\"urlTemplate\":\"https:\\\/\\\/www.strassenweb.de\\\/nachrichten\\\/?s={search_term_string}\"},\"query-input\":{\"@type\":\"PropertyValueSpecification\",\"valueRequired\":true,\"valueName\":\"search_term_string\"}}],\"inLanguage\":\"de\"},{\"@type\":\"Organization\",\"@id\":\"https:\\\/\\\/www.strassenweb.de\\\/nachrichten\\\/#organization\",\"name\":\"Stra\u00dfenweb\",\"url\":\"https:\\\/\\\/www.strassenweb.de\\\/nachrichten\\\/\",\"logo\":{\"@type\":\"ImageObject\",\"inLanguage\":\"de\",\"@id\":\"https:\\\/\\\/www.strassenweb.de\\\/nachrichten\\\/#\\\/schema\\\/logo\\\/image\\\/\",\"url\":\"https:\\\/\\\/www.strassenweb.de\\\/nachrichten\\\/wp-content\\\/uploads\\\/2024\\\/09\\\/cropped-favicon.png\",\"contentUrl\":\"https:\\\/\\\/www.strassenweb.de\\\/nachrichten\\\/wp-content\\\/uploads\\\/2024\\\/09\\\/cropped-favicon.png\",\"width\":512,\"height\":512,\"caption\":\"Stra\u00dfenweb\"},\"image\":{\"@id\":\"https:\\\/\\\/www.strassenweb.de\\\/nachrichten\\\/#\\\/schema\\\/logo\\\/image\\\/\"},\"sameAs\":[\"https:\\\/\\\/www.facebook.com\\\/strassenweb\\\/\"]},{\"@type\":\"Person\",\"@id\":\"https:\\\/\\\/www.strassenweb.de\\\/nachrichten\\\/#\\\/schema\\\/person\\\/87c9c9067f1211da429a744dc5a5aa41\",\"name\":\"Robert Hoffmann\",\"image\":{\"@type\":\"ImageObject\",\"inLanguage\":\"de\",\"@id\":\"https:\\\/\\\/www.strassenweb.de\\\/nachrichten\\\/wp-content\\\/uploads\\\/2024\\\/09\\\/strassenweb-150x150.jpg\",\"url\":\"https:\\\/\\\/www.strassenweb.de\\\/nachrichten\\\/wp-content\\\/uploads\\\/2024\\\/09\\\/strassenweb-150x150.jpg\",\"contentUrl\":\"https:\\\/\\\/www.strassenweb.de\\\/nachrichten\\\/wp-content\\\/uploads\\\/2024\\\/09\\\/strassenweb-150x150.jpg\",\"caption\":\"Robert Hoffmann\"},\"description\":\"Ich hei\u00dfe Robert Hoffmann und ich bin ein leidenschaftlicher Verfechter von \u00d6kologie und Biodiversit\u00e4t. Seit meiner Kindheit in den W\u00e4ldern Bayerns f\u00fchle ich mich mit der Natur verbunden und bin entschlossen, sie zu sch\u00fctzen. Heute widme ich mein Leben der Sensibilisierung anderer f\u00fcr die Bedeutung des Umweltschutzes f\u00fcr zuk\u00fcnftige Generationen.\",\"sameAs\":[\"https:\\\/\\\/www.strassenweb.de\\\/\"]}]}<\/script>\n<!-- \/ Yoast SEO plugin. -->","yoast_head_json":{"title":"Rick Steves 'atemberaubendes Veranda-Accessoire zieht Kolibris in seinen Garten an-es kostet weniger als 25 US - Nachrichten - Stra\u00dfenweb","robots":{"index":"index","follow":"follow","max-snippet":"max-snippet:-1","max-image-preview":"max-image-preview:large","max-video-preview":"max-video-preview:-1"},"canonical":"https:\/\/www.strassenweb.de\/nachrichten\/rick-steves-atemberaubendes-veranda-accessoire-zieht-kolibris-in-seinen-garten-an-es-kostet-weniger-als-25-us\/","og_locale":"de_DE","og_type":"article","og_title":"Rick Steves 'atemberaubendes Veranda-Accessoire zieht Kolibris in seinen Garten an-es kostet weniger als 25 US - Nachrichten - Stra\u00dfenweb","og_description":"Es ist unm\u00f6glich, nicht von einem Kolibri bezaubert zu werden. Von ihren schnell besiegten Fl\u00fcgeln bis zu ihren schillernden Federn und ihren winzigen Schn\u00e4beln ist","og_url":"https:\/\/www.strassenweb.de\/nachrichten\/rick-steves-atemberaubendes-veranda-accessoire-zieht-kolibris-in-seinen-garten-an-es-kostet-weniger-als-25-us\/","og_site_name":"Stra\u00dfenweb","article_publisher":"https:\/\/www.facebook.com\/strassenweb\/","article_published_time":"2025-02-12T06:52:11+00:00","og_image":[{"width":1200,"height":675,"url":"https:\/\/www.strassenweb.de\/nachrichten\/wp-content\/uploads\/2025\/02\/Rick-Steves-atemberaubendes-Veranda-Accessoire-zieht-Kolibris-in-seinen-Garten-an-es.jpg","type":"image\/jpeg"}],"author":"Robert Hoffmann","twitter_card":"summary_large_image","twitter_misc":{"Verfasst von":"Robert Hoffmann","Gesch\u00e4tzte Lesezeit":"2\u00a0Minuten"},"schema":{"@context":"https:\/\/schema.org","@graph":[{"@type":"Article","@id":"https:\/\/www.strassenweb.de\/nachrichten\/rick-steves-atemberaubendes-veranda-accessoire-zieht-kolibris-in-seinen-garten-an-es-kostet-weniger-als-25-us\/#article","isPartOf":{"@id":"https:\/\/www.strassenweb.de\/nachrichten\/rick-steves-atemberaubendes-veranda-accessoire-zieht-kolibris-in-seinen-garten-an-es-kostet-weniger-als-25-us\/"},"author":{"name":"Robert Hoffmann","@id":"https:\/\/www.strassenweb.de\/nachrichten\/#\/schema\/person\/87c9c9067f1211da429a744dc5a5aa41"},"headline":"Rick Steves &#8218;atemberaubendes Veranda-Accessoire zieht Kolibris in seinen Garten an-es kostet weniger als 25 US","datePublished":"2025-02-12T06:52:11+00:00","mainEntityOfPage":{"@id":"https:\/\/www.strassenweb.de\/nachrichten\/rick-steves-atemberaubendes-veranda-accessoire-zieht-kolibris-in-seinen-garten-an-es-kostet-weniger-als-25-us\/"},"wordCount":378,"publisher":{"@id":"https:\/\/www.strassenweb.de\/nachrichten\/#organization"},"image":{"@id":"https:\/\/www.strassenweb.de\/nachrichten\/rick-steves-atemberaubendes-veranda-accessoire-zieht-kolibris-in-seinen-garten-an-es-kostet-weniger-als-25-us\/#primaryimage"},"thumbnailUrl":"https:\/\/www.strassenweb.de\/nachrichten\/wp-content\/uploads\/2025\/02\/Rick-Steves-atemberaubendes-Veranda-Accessoire-zieht-Kolibris-in-seinen-Garten-an-es.jpg","keywords":["als","anes","atemberaubendes","Garten","Kolibris","kostet","Rick","seinen","Steves","VerandaAccessoire","weniger","zieht"],"articleSection":["Haus &amp; Garten"],"inLanguage":"de"},{"@type":"WebPage","@id":"https:\/\/www.strassenweb.de\/nachrichten\/rick-steves-atemberaubendes-veranda-accessoire-zieht-kolibris-in-seinen-garten-an-es-kostet-weniger-als-25-us\/","url":"https:\/\/www.strassenweb.de\/nachrichten\/rick-steves-atemberaubendes-veranda-accessoire-zieht-kolibris-in-seinen-garten-an-es-kostet-weniger-als-25-us\/","name":"Rick Steves 'atemberaubendes Veranda-Accessoire zieht Kolibris in seinen Garten an-es kostet weniger als 25 US - Nachrichten - Stra\u00dfenweb","isPartOf":{"@id":"https:\/\/www.strassenweb.de\/nachrichten\/#website"},"primaryImageOfPage":{"@id":"https:\/\/www.strassenweb.de\/nachrichten\/rick-steves-atemberaubendes-veranda-accessoire-zieht-kolibris-in-seinen-garten-an-es-kostet-weniger-als-25-us\/#primaryimage"},"image":{"@id":"https:\/\/www.strassenweb.de\/nachrichten\/rick-steves-atemberaubendes-veranda-accessoire-zieht-kolibris-in-seinen-garten-an-es-kostet-weniger-als-25-us\/#primaryimage"},"thumbnailUrl":"https:\/\/www.strassenweb.de\/nachrichten\/wp-content\/uploads\/2025\/02\/Rick-Steves-atemberaubendes-Veranda-Accessoire-zieht-Kolibris-in-seinen-Garten-an-es.jpg","datePublished":"2025-02-12T06:52:11+00:00","breadcrumb":{"@id":"https:\/\/www.strassenweb.de\/nachrichten\/rick-steves-atemberaubendes-veranda-accessoire-zieht-kolibris-in-seinen-garten-an-es-kostet-weniger-als-25-us\/#breadcrumb"},"inLanguage":"de","potentialAction":[{"@type":"ReadAction","target":["https:\/\/www.strassenweb.de\/nachrichten\/rick-steves-atemberaubendes-veranda-accessoire-zieht-kolibris-in-seinen-garten-an-es-kostet-weniger-als-25-us\/"]}]},{"@type":"ImageObject","inLanguage":"de","@id":"https:\/\/www.strassenweb.de\/nachrichten\/rick-steves-atemberaubendes-veranda-accessoire-zieht-kolibris-in-seinen-garten-an-es-kostet-weniger-als-25-us\/#primaryimage","url":"https:\/\/www.strassenweb.de\/nachrichten\/wp-content\/uploads\/2025\/02\/Rick-Steves-atemberaubendes-Veranda-Accessoire-zieht-Kolibris-in-seinen-Garten-an-es.jpg","contentUrl":"https:\/\/www.strassenweb.de\/nachrichten\/wp-content\/uploads\/2025\/02\/Rick-Steves-atemberaubendes-Veranda-Accessoire-zieht-Kolibris-in-seinen-Garten-an-es.jpg","width":1200,"height":675,"caption":"Rick Steves 'atemberaubendes Veranda-Accessoire zieht Kolibris in seinen Garten an-es kostet weniger als 25 US"},{"@type":"BreadcrumbList","@id":"https:\/\/www.strassenweb.de\/nachrichten\/rick-steves-atemberaubendes-veranda-accessoire-zieht-kolibris-in-seinen-garten-an-es-kostet-weniger-als-25-us\/#breadcrumb","itemListElement":[{"@type":"ListItem","position":1,"name":"Home","item":"https:\/\/www.strassenweb.de\/nachrichten\/"},{"@type":"ListItem","position":2,"name":"Rick Steves &#8218;atemberaubendes Veranda-Accessoire zieht Kolibris in seinen Garten an-es kostet weniger als 25 US"}]},{"@type":"WebSite","@id":"https:\/\/www.strassenweb.de\/nachrichten\/#website","url":"https:\/\/www.strassenweb.de\/nachrichten\/","name":"Stra\u00dfenweb","description":"Stra\u00dfenverzeichnis f\u00fcr Deutschland","publisher":{"@id":"https:\/\/www.strassenweb.de\/nachrichten\/#organization"},"potentialAction":[{"@type":"SearchAction","target":{"@type":"EntryPoint","urlTemplate":"https:\/\/www.strassenweb.de\/nachrichten\/?s={search_term_string}"},"query-input":{"@type":"PropertyValueSpecification","valueRequired":true,"valueName":"search_term_string"}}],"inLanguage":"de"},{"@type":"Organization","@id":"https:\/\/www.strassenweb.de\/nachrichten\/#organization","name":"Stra\u00dfenweb","url":"https:\/\/www.strassenweb.de\/nachrichten\/","logo":{"@type":"ImageObject","inLanguage":"de","@id":"https:\/\/www.strassenweb.de\/nachrichten\/#\/schema\/logo\/image\/","url":"https:\/\/www.strassenweb.de\/nachrichten\/wp-content\/uploads\/2024\/09\/cropped-favicon.png","contentUrl":"https:\/\/www.strassenweb.de\/nachrichten\/wp-content\/uploads\/2024\/09\/cropped-favicon.png","width":512,"height":512,"caption":"Stra\u00dfenweb"},"image":{"@id":"https:\/\/www.strassenweb.de\/nachrichten\/#\/schema\/logo\/image\/"},"sameAs":["https:\/\/www.facebook.com\/strassenweb\/"]},{"@type":"Person","@id":"https:\/\/www.strassenweb.de\/nachrichten\/#\/schema\/person\/87c9c9067f1211da429a744dc5a5aa41","name":"Robert Hoffmann","image":{"@type":"ImageObject","inLanguage":"de","@id":"https:\/\/www.strassenweb.de\/nachrichten\/wp-content\/uploads\/2024\/09\/strassenweb-150x150.jpg","url":"https:\/\/www.strassenweb.de\/nachrichten\/wp-content\/uploads\/2024\/09\/strassenweb-150x150.jpg","contentUrl":"https:\/\/www.strassenweb.de\/nachrichten\/wp-content\/uploads\/2024\/09\/strassenweb-150x150.jpg","caption":"Robert Hoffmann"},"description":"Ich hei\u00dfe Robert Hoffmann und ich bin ein leidenschaftlicher Verfechter von \u00d6kologie und Biodiversit\u00e4t. Seit meiner Kindheit in den W\u00e4ldern Bayerns f\u00fchle ich mich mit der Natur verbunden und bin entschlossen, sie zu sch\u00fctzen. Heute widme ich mein Leben der Sensibilisierung anderer f\u00fcr die Bedeutung des Umweltschutzes f\u00fcr zuk\u00fcnftige Generationen.","sameAs":["https:\/\/www.strassenweb.de\/"]}]}},"_links":{"self":[{"href":"https:\/\/www.strassenweb.de\/nachrichten\/wp-json\/wp\/v2\/posts\/3263","targetHints":{"allow":["GET"]}}],"collection":[{"href":"https:\/\/www.strassenweb.de\/nachrichten\/wp-json\/wp\/v2\/posts"}],"about":[{"href":"https:\/\/www.strassenweb.de\/nachrichten\/wp-json\/wp\/v2\/types\/post"}],"author":[{"embeddable":true,"href":"https:\/\/www.strassenweb.de\/nachrichten\/wp-json\/wp\/v2\/users\/1"}],"replies":[{"embeddable":true,"href":"https:\/\/www.strassenweb.de\/nachrichten\/wp-json\/wp\/v2\/comments?post=3263"}],"version-history":[{"count":0,"href":"https:\/\/www.strassenweb.de\/nachrichten\/wp-json\/wp\/v2\/posts\/3263\/revisions"}],"wp:featuredmedia":[{"embeddable":true,"href":"https:\/\/www.strassenweb.de\/nachrichten\/wp-json\/wp\/v2\/media\/3264"}],"wp:attachment":[{"href":"https:\/\/www.strassenweb.de\/nachrichten\/wp-json\/wp\/v2\/media?parent=3263"}],"wp:term":[{"taxonomy":"category","embeddable":true,"href":"https:\/\/www.strassenweb.de\/nachrichten\/wp-json\/wp\/v2\/categories?post=3263"},{"taxonomy":"post_tag","embeddable":true,"href":"https:\/\/www.strassenweb.de\/nachrichten\/wp-json\/wp\/v2\/tags?post=3263"}],"curies":[{"name":"wp","href":"https:\/\/api.w.org\/{rel}","templated":true}]}}