{"id":3254,"date":"2025-02-11T20:10:53","date_gmt":"2025-02-11T19:10:53","guid":{"rendered":"https:\/\/www.strassenweb.de\/nachrichten\/kendall-jenners-vertikaler-kuechenaufbewahrung-ist-eine-einzigartige-nutzung-des-toten-raums-und-es-verleiht-ihrem-lebendigen-design-einen-klassischen-charakter\/"},"modified":"2025-02-11T20:10:54","modified_gmt":"2025-02-11T19:10:54","slug":"kendall-jenners-vertikaler-kuechenaufbewahrung-ist-eine-einzigartige-nutzung-des-toten-raums-und-es-verleiht-ihrem-lebendigen-design-einen-klassischen-charakter","status":"publish","type":"post","link":"https:\/\/www.strassenweb.de\/nachrichten\/kendall-jenners-vertikaler-kuechenaufbewahrung-ist-eine-einzigartige-nutzung-des-toten-raums-und-es-verleiht-ihrem-lebendigen-design-einen-klassischen-charakter\/","title":{"rendered":"Kendall Jenners vertikaler K\u00fcchenaufbewahrung ist eine einzigartige Nutzung des toten Raums &#8211; und es verleiht ihrem lebendigen Design einen klassischen Charakter"},"content":{"rendered":"<p><\/p>\n<div id=\"article-body\" class=\"article__body \">\n<p>Das Aufh\u00e4ngen von T\u00f6pfen und Pfannen ist eine zeit alte Tradition, um das Kochen zu erleichtern und die Schr\u00e4nke un\u00fcbertroffen zu halten. Die Technik ist in einigen der stilvollsten Promi -H\u00e4user der Welt erschienen, von Jennifer Lopez bis Victoria Beckham. Jetzt pr\u00e4sentiert Kendall Jenner eine neue Einstellung der Speichermethode.<\/p>\n<div id=\"ad-unit-1\" class=\"ad-unit\"><\/div>\n<p>Die K\u00fcchenvorstellung des Modells enth\u00e4lt eine Bar, die auf einem Quadrat um ihre zentrale Leuchte \u00fcber ihrer Insel h\u00e4ngt. Haken h\u00e4ngen von der Stange und halten eine Vielzahl von Kupfert\u00f6pfen und Pfannen. Diese h\u00e4ngende Aufbewahrungsidee, die sich zweifellos von ihrem talentierten Team bei Clements Design und Waldos Design ausgedacht hat, ist brillant. Es nutzt nicht nur den leeren Raum \u00fcber der Insel, der sonst nicht genutzt werden w\u00fcrde, sondern f\u00fchrt auch ein Element des charakteristischen, traditionellen Designs in die moderne K\u00fcche ein.<\/p>\n<aside class=\"hawk-nest\" data-block-type=\"embed\" data-render-type=\"fte\" data-skip=\"dealsy\" data-widget-type=\"seasonal\">\n<div class=\"hawk-master-widget-hawk-base-wrapper\"><\/div>\n<\/aside>\n<p>Experten bevorzugen die Methode von Jenner, die Lagerung des K\u00fcchens f\u00fcr das Gleichgewicht zwischen Stil und Funktionalit\u00e4t zu maximieren. Zum Beispiel empfiehlt Laura Watson, Design -Expertin bei IKEA, immer f\u00fcr kleine K\u00fcchen. Sie erkl\u00e4rt: \u201eschwimmende Regale und Haken k\u00f6nnen sowohl funktional als auch visuell ansprechend sein. Vertikale Speicherl\u00f6sungen verwenden ansonsten verschwendete Wandraum, w\u00e4hrend Elemente angezeigt werden, die Ihre Pers\u00f6nlichkeit widerspiegeln. Dies hilft auch, die Bodenfl\u00e4che klar zu halten und sich zu vermeiden, dass sich der Raum \u00fcberf\u00fcllt f\u00fchlt. &#8218;<\/p>\n<div id=\"desktop-in-article\" class=\"in-article ad-unit\">\n<div id=\"desktop-taboola-mid-article\"><\/div>\n<\/div>\n<div id=\"mobile-in-article\" class=\"in-article ad-unit\">\n<div id=\"mobile-taboola-mid-article\"><\/div>\n<\/div>\n<div class=\"instagram-embed\">\n<blockquote class=\"instagram-media\" data-instgrm-captioned data-instgrm-version=\"6\" style=\"width:99.375%; width:-webkit-calc(100% - 2px); width:calc(100% - 2px);\">\n<p>Ein Beitrag, der von Shade Degges Photography (@ShadeDegegePhotography) geteilt wird<\/p>\n<p>Ein Foto von on <\/p>\n<\/blockquote>\n<\/div>\n<div class=\"product-container hero-product-container product-block-no-wrap\"><\/div>\n<p>Um ihre Methode zu replizieren, beginnen Sie mit einer Schiene. Wenn Sie einen offenen Raum \u00fcber Ihrer Insel haben, k\u00f6nnen Sie das Gel\u00e4nder auf die gleiche Weise wie ein Quadrat an der Decke montieren. Wenn Sie eine andere K\u00fcchenform haben, ist ein Wandgel\u00e4nder eine sch\u00f6ne Alternative. Ich liebe das Aussehen eines Topfh\u00e4ngers \u00fcber einem Herd oder \u00fcber einer Arbeitsplatte. Um die Schienen f\u00fcr Funktionen zu aktualisieren, k\u00f6nnen Sie den Schienen einen &#8222;s&#8220; -Fapierhaken hinzuf\u00fcgen, um die T\u00f6pfe abzuh\u00e4ngen. Wie Kendall k\u00f6nnen Sie Kupfer -T\u00f6pfe ausw\u00e4hlen, um dem Gel\u00e4nder einen Country -K\u00fcchen -Look hinzuzuf\u00fcgen. H\u00e4mmerte Kupfert\u00f6pfe k\u00f6nnten auch gut sein, um eine interessante Textur hinzuzuf\u00fcgen. Alternativ w\u00fcrden Chromsilbert\u00f6pfe ein moderneres Aussehen schaffen.<\/p>\n<div class=\"van_vid_carousel\">\n<div class=\"van_vid_carousel__padding\">\n<div class=\"van_vid_carousel__container\"><\/div>\n<\/div>\n<\/div>\n<hr>\n<p>Die vertikale Aufbewahrung ist eine wunderbare M\u00f6glichkeit, totzug Platz zu nutzen und das Design einer K\u00fcche zu verbessern. Kendall Jenners Raum ist das perfekte Beispiel.<\/p>\n<div id=\"ad-unit-2\" class=\"ad-unit\"><\/div>\n<hr>\n<div id=\"slice-container-newsletterForm-articleInbodyContent-LacFrvd4h7SYiToge5zztZ\" class=\"slice-container newsletter-inbodyContent-slice newsletterForm-articleInbodyContent-LacFrvd4h7SYiToge5zztZ slice-container-newsletterForm\"><\/div>\n<\/div>\n<p><script async src=\"\/\/www.instagram.com\/embed.js\"><\/script><\/p>\n","protected":false},"excerpt":{"rendered":"<p>Das Aufh\u00e4ngen von T\u00f6pfen und Pfannen ist eine zeit alte Tradition, um das Kochen zu erleichtern und die Schr\u00e4nke un\u00fcbertroffen zu halten. Die Technik ist<\/p>\n","protected":false},"author":1,"featured_media":3255,"comment_status":"closed","ping_status":"","sticky":false,"template":"","format":"standard","meta":{"footnotes":""},"categories":[118],"tags":[1800,281,679,74,166,2301,534,15,3145,4204,1239,1380,5154,5153,3565,1713,37,958,5152],"class_list":["post-3254","post","type-post","status-publish","format-standard","has-post-thumbnail","hentry","category-haus-garten","tag-charakter","tag-des","tag-design","tag-eine","tag-einen","tag-einzigartige","tag-ihrem","tag-ist","tag-jenners","tag-kendall","tag-klassischen","tag-kuechenaufbewahrung","tag-lebendigen","tag-nutzung","tag-raums","tag-toten","tag-und","tag-verleiht","tag-vertikaler","generate-columns","tablet-grid-50","mobile-grid-100","grid-parent","grid-50"],"yoast_head":"<!-- This site is optimized with the Yoast SEO plugin v27.3 - https:\/\/yoast.com\/product\/yoast-seo-wordpress\/ -->\n<title>Kendall Jenners vertikaler K\u00fcchenaufbewahrung ist eine einzigartige Nutzung des toten Raums - und es verleiht ihrem lebendigen Design einen klassischen Charakter - Nachrichten - Stra\u00dfenweb<\/title>\n<meta name=\"robots\" content=\"index, follow, max-snippet:-1, max-image-preview:large, max-video-preview:-1\" \/>\n<link rel=\"canonical\" href=\"https:\/\/www.strassenweb.de\/nachrichten\/kendall-jenners-vertikaler-kuechenaufbewahrung-ist-eine-einzigartige-nutzung-des-toten-raums-und-es-verleiht-ihrem-lebendigen-design-einen-klassischen-charakter\/\" \/>\n<meta property=\"og:locale\" content=\"de_DE\" \/>\n<meta property=\"og:type\" content=\"article\" \/>\n<meta property=\"og:title\" content=\"Kendall Jenners vertikaler K\u00fcchenaufbewahrung ist eine einzigartige Nutzung des toten Raums - und es verleiht ihrem lebendigen Design einen klassischen Charakter - Nachrichten - Stra\u00dfenweb\" \/>\n<meta property=\"og:description\" content=\"Das Aufh\u00e4ngen von T\u00f6pfen und Pfannen ist eine zeit alte Tradition, um das Kochen zu erleichtern und die Schr\u00e4nke un\u00fcbertroffen zu halten. Die Technik ist\" \/>\n<meta property=\"og:url\" content=\"https:\/\/www.strassenweb.de\/nachrichten\/kendall-jenners-vertikaler-kuechenaufbewahrung-ist-eine-einzigartige-nutzung-des-toten-raums-und-es-verleiht-ihrem-lebendigen-design-einen-klassischen-charakter\/\" \/>\n<meta property=\"og:site_name\" content=\"Stra\u00dfenweb\" \/>\n<meta property=\"article:publisher\" content=\"https:\/\/www.facebook.com\/strassenweb\/\" \/>\n<meta property=\"article:published_time\" content=\"2025-02-11T19:10:53+00:00\" \/>\n<meta property=\"article:modified_time\" content=\"2025-02-11T19:10:54+00:00\" \/>\n<meta property=\"og:image\" content=\"https:\/\/www.strassenweb.de\/nachrichten\/wp-content\/uploads\/2025\/02\/Kendall-Jenners-vertikaler-Kuechenaufbewahrung-ist-eine-einzigartige-Nutzung-des-toten.jpg\" \/>\n\t<meta property=\"og:image:width\" content=\"1200\" \/>\n\t<meta property=\"og:image:height\" content=\"675\" \/>\n\t<meta property=\"og:image:type\" content=\"image\/jpeg\" \/>\n<meta name=\"author\" content=\"Robert Hoffmann\" \/>\n<meta name=\"twitter:card\" content=\"summary_large_image\" \/>\n<meta name=\"twitter:label1\" content=\"Verfasst von\" \/>\n\t<meta name=\"twitter:data1\" content=\"Robert Hoffmann\" \/>\n\t<meta name=\"twitter:label2\" content=\"Gesch\u00e4tzte Lesezeit\" \/>\n\t<meta name=\"twitter:data2\" content=\"2\u00a0Minuten\" \/>\n<script type=\"application\/ld+json\" class=\"yoast-schema-graph\">{\"@context\":\"https:\\\/\\\/schema.org\",\"@graph\":[{\"@type\":\"Article\",\"@id\":\"https:\\\/\\\/www.strassenweb.de\\\/nachrichten\\\/kendall-jenners-vertikaler-kuechenaufbewahrung-ist-eine-einzigartige-nutzung-des-toten-raums-und-es-verleiht-ihrem-lebendigen-design-einen-klassischen-charakter\\\/#article\",\"isPartOf\":{\"@id\":\"https:\\\/\\\/www.strassenweb.de\\\/nachrichten\\\/kendall-jenners-vertikaler-kuechenaufbewahrung-ist-eine-einzigartige-nutzung-des-toten-raums-und-es-verleiht-ihrem-lebendigen-design-einen-klassischen-charakter\\\/\"},\"author\":{\"name\":\"Robert Hoffmann\",\"@id\":\"https:\\\/\\\/www.strassenweb.de\\\/nachrichten\\\/#\\\/schema\\\/person\\\/87c9c9067f1211da429a744dc5a5aa41\"},\"headline\":\"Kendall Jenners vertikaler K\u00fcchenaufbewahrung ist eine einzigartige Nutzung des toten Raums &#8211; und es verleiht ihrem lebendigen Design einen klassischen Charakter\",\"datePublished\":\"2025-02-11T19:10:53+00:00\",\"dateModified\":\"2025-02-11T19:10:54+00:00\",\"mainEntityOfPage\":{\"@id\":\"https:\\\/\\\/www.strassenweb.de\\\/nachrichten\\\/kendall-jenners-vertikaler-kuechenaufbewahrung-ist-eine-einzigartige-nutzung-des-toten-raums-und-es-verleiht-ihrem-lebendigen-design-einen-klassischen-charakter\\\/\"},\"wordCount\":434,\"publisher\":{\"@id\":\"https:\\\/\\\/www.strassenweb.de\\\/nachrichten\\\/#organization\"},\"image\":{\"@id\":\"https:\\\/\\\/www.strassenweb.de\\\/nachrichten\\\/kendall-jenners-vertikaler-kuechenaufbewahrung-ist-eine-einzigartige-nutzung-des-toten-raums-und-es-verleiht-ihrem-lebendigen-design-einen-klassischen-charakter\\\/#primaryimage\"},\"thumbnailUrl\":\"https:\\\/\\\/www.strassenweb.de\\\/nachrichten\\\/wp-content\\\/uploads\\\/2025\\\/02\\\/Kendall-Jenners-vertikaler-Kuechenaufbewahrung-ist-eine-einzigartige-Nutzung-des-toten.jpg\",\"keywords\":[\"Charakter\",\"des\",\"Design\",\"eine\",\"einen\",\"einzigartige\",\"ihrem\",\"ist\",\"Jenners\",\"Kendall\",\"klassischen\",\"K\u00fcchenaufbewahrung\",\"lebendigen\",\"Nutzung\",\"Raums\",\"toten\",\"und\",\"verleiht\",\"vertikaler\"],\"articleSection\":[\"Haus &amp; Garten\"],\"inLanguage\":\"de\"},{\"@type\":\"WebPage\",\"@id\":\"https:\\\/\\\/www.strassenweb.de\\\/nachrichten\\\/kendall-jenners-vertikaler-kuechenaufbewahrung-ist-eine-einzigartige-nutzung-des-toten-raums-und-es-verleiht-ihrem-lebendigen-design-einen-klassischen-charakter\\\/\",\"url\":\"https:\\\/\\\/www.strassenweb.de\\\/nachrichten\\\/kendall-jenners-vertikaler-kuechenaufbewahrung-ist-eine-einzigartige-nutzung-des-toten-raums-und-es-verleiht-ihrem-lebendigen-design-einen-klassischen-charakter\\\/\",\"name\":\"Kendall Jenners vertikaler K\u00fcchenaufbewahrung ist eine einzigartige Nutzung des toten Raums - und es verleiht ihrem lebendigen Design einen klassischen Charakter - Nachrichten - Stra\u00dfenweb\",\"isPartOf\":{\"@id\":\"https:\\\/\\\/www.strassenweb.de\\\/nachrichten\\\/#website\"},\"primaryImageOfPage\":{\"@id\":\"https:\\\/\\\/www.strassenweb.de\\\/nachrichten\\\/kendall-jenners-vertikaler-kuechenaufbewahrung-ist-eine-einzigartige-nutzung-des-toten-raums-und-es-verleiht-ihrem-lebendigen-design-einen-klassischen-charakter\\\/#primaryimage\"},\"image\":{\"@id\":\"https:\\\/\\\/www.strassenweb.de\\\/nachrichten\\\/kendall-jenners-vertikaler-kuechenaufbewahrung-ist-eine-einzigartige-nutzung-des-toten-raums-und-es-verleiht-ihrem-lebendigen-design-einen-klassischen-charakter\\\/#primaryimage\"},\"thumbnailUrl\":\"https:\\\/\\\/www.strassenweb.de\\\/nachrichten\\\/wp-content\\\/uploads\\\/2025\\\/02\\\/Kendall-Jenners-vertikaler-Kuechenaufbewahrung-ist-eine-einzigartige-Nutzung-des-toten.jpg\",\"datePublished\":\"2025-02-11T19:10:53+00:00\",\"dateModified\":\"2025-02-11T19:10:54+00:00\",\"breadcrumb\":{\"@id\":\"https:\\\/\\\/www.strassenweb.de\\\/nachrichten\\\/kendall-jenners-vertikaler-kuechenaufbewahrung-ist-eine-einzigartige-nutzung-des-toten-raums-und-es-verleiht-ihrem-lebendigen-design-einen-klassischen-charakter\\\/#breadcrumb\"},\"inLanguage\":\"de\",\"potentialAction\":[{\"@type\":\"ReadAction\",\"target\":[\"https:\\\/\\\/www.strassenweb.de\\\/nachrichten\\\/kendall-jenners-vertikaler-kuechenaufbewahrung-ist-eine-einzigartige-nutzung-des-toten-raums-und-es-verleiht-ihrem-lebendigen-design-einen-klassischen-charakter\\\/\"]}]},{\"@type\":\"ImageObject\",\"inLanguage\":\"de\",\"@id\":\"https:\\\/\\\/www.strassenweb.de\\\/nachrichten\\\/kendall-jenners-vertikaler-kuechenaufbewahrung-ist-eine-einzigartige-nutzung-des-toten-raums-und-es-verleiht-ihrem-lebendigen-design-einen-klassischen-charakter\\\/#primaryimage\",\"url\":\"https:\\\/\\\/www.strassenweb.de\\\/nachrichten\\\/wp-content\\\/uploads\\\/2025\\\/02\\\/Kendall-Jenners-vertikaler-Kuechenaufbewahrung-ist-eine-einzigartige-Nutzung-des-toten.jpg\",\"contentUrl\":\"https:\\\/\\\/www.strassenweb.de\\\/nachrichten\\\/wp-content\\\/uploads\\\/2025\\\/02\\\/Kendall-Jenners-vertikaler-Kuechenaufbewahrung-ist-eine-einzigartige-Nutzung-des-toten.jpg\",\"width\":1200,\"height\":675,\"caption\":\"Kendall Jenners vertikaler K\u00fcchenaufbewahrung ist eine einzigartige Nutzung des toten Raums - und es verleiht ihrem lebendigen Design einen klassischen Charakter\"},{\"@type\":\"BreadcrumbList\",\"@id\":\"https:\\\/\\\/www.strassenweb.de\\\/nachrichten\\\/kendall-jenners-vertikaler-kuechenaufbewahrung-ist-eine-einzigartige-nutzung-des-toten-raums-und-es-verleiht-ihrem-lebendigen-design-einen-klassischen-charakter\\\/#breadcrumb\",\"itemListElement\":[{\"@type\":\"ListItem\",\"position\":1,\"name\":\"Home\",\"item\":\"https:\\\/\\\/www.strassenweb.de\\\/nachrichten\\\/\"},{\"@type\":\"ListItem\",\"position\":2,\"name\":\"Kendall Jenners vertikaler K\u00fcchenaufbewahrung ist eine einzigartige Nutzung des toten Raums &#8211; und es verleiht ihrem lebendigen Design einen klassischen Charakter\"}]},{\"@type\":\"WebSite\",\"@id\":\"https:\\\/\\\/www.strassenweb.de\\\/nachrichten\\\/#website\",\"url\":\"https:\\\/\\\/www.strassenweb.de\\\/nachrichten\\\/\",\"name\":\"Stra\u00dfenweb\",\"description\":\"Stra\u00dfenverzeichnis f\u00fcr Deutschland\",\"publisher\":{\"@id\":\"https:\\\/\\\/www.strassenweb.de\\\/nachrichten\\\/#organization\"},\"potentialAction\":[{\"@type\":\"SearchAction\",\"target\":{\"@type\":\"EntryPoint\",\"urlTemplate\":\"https:\\\/\\\/www.strassenweb.de\\\/nachrichten\\\/?s={search_term_string}\"},\"query-input\":{\"@type\":\"PropertyValueSpecification\",\"valueRequired\":true,\"valueName\":\"search_term_string\"}}],\"inLanguage\":\"de\"},{\"@type\":\"Organization\",\"@id\":\"https:\\\/\\\/www.strassenweb.de\\\/nachrichten\\\/#organization\",\"name\":\"Stra\u00dfenweb\",\"url\":\"https:\\\/\\\/www.strassenweb.de\\\/nachrichten\\\/\",\"logo\":{\"@type\":\"ImageObject\",\"inLanguage\":\"de\",\"@id\":\"https:\\\/\\\/www.strassenweb.de\\\/nachrichten\\\/#\\\/schema\\\/logo\\\/image\\\/\",\"url\":\"https:\\\/\\\/www.strassenweb.de\\\/nachrichten\\\/wp-content\\\/uploads\\\/2024\\\/09\\\/cropped-favicon.png\",\"contentUrl\":\"https:\\\/\\\/www.strassenweb.de\\\/nachrichten\\\/wp-content\\\/uploads\\\/2024\\\/09\\\/cropped-favicon.png\",\"width\":512,\"height\":512,\"caption\":\"Stra\u00dfenweb\"},\"image\":{\"@id\":\"https:\\\/\\\/www.strassenweb.de\\\/nachrichten\\\/#\\\/schema\\\/logo\\\/image\\\/\"},\"sameAs\":[\"https:\\\/\\\/www.facebook.com\\\/strassenweb\\\/\"]},{\"@type\":\"Person\",\"@id\":\"https:\\\/\\\/www.strassenweb.de\\\/nachrichten\\\/#\\\/schema\\\/person\\\/87c9c9067f1211da429a744dc5a5aa41\",\"name\":\"Robert Hoffmann\",\"image\":{\"@type\":\"ImageObject\",\"inLanguage\":\"de\",\"@id\":\"https:\\\/\\\/www.strassenweb.de\\\/nachrichten\\\/wp-content\\\/uploads\\\/2024\\\/09\\\/strassenweb-150x150.jpg\",\"url\":\"https:\\\/\\\/www.strassenweb.de\\\/nachrichten\\\/wp-content\\\/uploads\\\/2024\\\/09\\\/strassenweb-150x150.jpg\",\"contentUrl\":\"https:\\\/\\\/www.strassenweb.de\\\/nachrichten\\\/wp-content\\\/uploads\\\/2024\\\/09\\\/strassenweb-150x150.jpg\",\"caption\":\"Robert Hoffmann\"},\"description\":\"Ich hei\u00dfe Robert Hoffmann und ich bin ein leidenschaftlicher Verfechter von \u00d6kologie und Biodiversit\u00e4t. Seit meiner Kindheit in den W\u00e4ldern Bayerns f\u00fchle ich mich mit der Natur verbunden und bin entschlossen, sie zu sch\u00fctzen. Heute widme ich mein Leben der Sensibilisierung anderer f\u00fcr die Bedeutung des Umweltschutzes f\u00fcr zuk\u00fcnftige Generationen.\",\"sameAs\":[\"https:\\\/\\\/www.strassenweb.de\\\/\"]}]}<\/script>\n<!-- \/ Yoast SEO plugin. -->","yoast_head_json":{"title":"Kendall Jenners vertikaler K\u00fcchenaufbewahrung ist eine einzigartige Nutzung des toten Raums - und es verleiht ihrem lebendigen Design einen klassischen Charakter - Nachrichten - Stra\u00dfenweb","robots":{"index":"index","follow":"follow","max-snippet":"max-snippet:-1","max-image-preview":"max-image-preview:large","max-video-preview":"max-video-preview:-1"},"canonical":"https:\/\/www.strassenweb.de\/nachrichten\/kendall-jenners-vertikaler-kuechenaufbewahrung-ist-eine-einzigartige-nutzung-des-toten-raums-und-es-verleiht-ihrem-lebendigen-design-einen-klassischen-charakter\/","og_locale":"de_DE","og_type":"article","og_title":"Kendall Jenners vertikaler K\u00fcchenaufbewahrung ist eine einzigartige Nutzung des toten Raums - und es verleiht ihrem lebendigen Design einen klassischen Charakter - Nachrichten - Stra\u00dfenweb","og_description":"Das Aufh\u00e4ngen von T\u00f6pfen und Pfannen ist eine zeit alte Tradition, um das Kochen zu erleichtern und die Schr\u00e4nke un\u00fcbertroffen zu halten. Die Technik ist","og_url":"https:\/\/www.strassenweb.de\/nachrichten\/kendall-jenners-vertikaler-kuechenaufbewahrung-ist-eine-einzigartige-nutzung-des-toten-raums-und-es-verleiht-ihrem-lebendigen-design-einen-klassischen-charakter\/","og_site_name":"Stra\u00dfenweb","article_publisher":"https:\/\/www.facebook.com\/strassenweb\/","article_published_time":"2025-02-11T19:10:53+00:00","article_modified_time":"2025-02-11T19:10:54+00:00","og_image":[{"width":1200,"height":675,"url":"https:\/\/www.strassenweb.de\/nachrichten\/wp-content\/uploads\/2025\/02\/Kendall-Jenners-vertikaler-Kuechenaufbewahrung-ist-eine-einzigartige-Nutzung-des-toten.jpg","type":"image\/jpeg"}],"author":"Robert Hoffmann","twitter_card":"summary_large_image","twitter_misc":{"Verfasst von":"Robert Hoffmann","Gesch\u00e4tzte Lesezeit":"2\u00a0Minuten"},"schema":{"@context":"https:\/\/schema.org","@graph":[{"@type":"Article","@id":"https:\/\/www.strassenweb.de\/nachrichten\/kendall-jenners-vertikaler-kuechenaufbewahrung-ist-eine-einzigartige-nutzung-des-toten-raums-und-es-verleiht-ihrem-lebendigen-design-einen-klassischen-charakter\/#article","isPartOf":{"@id":"https:\/\/www.strassenweb.de\/nachrichten\/kendall-jenners-vertikaler-kuechenaufbewahrung-ist-eine-einzigartige-nutzung-des-toten-raums-und-es-verleiht-ihrem-lebendigen-design-einen-klassischen-charakter\/"},"author":{"name":"Robert Hoffmann","@id":"https:\/\/www.strassenweb.de\/nachrichten\/#\/schema\/person\/87c9c9067f1211da429a744dc5a5aa41"},"headline":"Kendall Jenners vertikaler K\u00fcchenaufbewahrung ist eine einzigartige Nutzung des toten Raums &#8211; und es verleiht ihrem lebendigen Design einen klassischen Charakter","datePublished":"2025-02-11T19:10:53+00:00","dateModified":"2025-02-11T19:10:54+00:00","mainEntityOfPage":{"@id":"https:\/\/www.strassenweb.de\/nachrichten\/kendall-jenners-vertikaler-kuechenaufbewahrung-ist-eine-einzigartige-nutzung-des-toten-raums-und-es-verleiht-ihrem-lebendigen-design-einen-klassischen-charakter\/"},"wordCount":434,"publisher":{"@id":"https:\/\/www.strassenweb.de\/nachrichten\/#organization"},"image":{"@id":"https:\/\/www.strassenweb.de\/nachrichten\/kendall-jenners-vertikaler-kuechenaufbewahrung-ist-eine-einzigartige-nutzung-des-toten-raums-und-es-verleiht-ihrem-lebendigen-design-einen-klassischen-charakter\/#primaryimage"},"thumbnailUrl":"https:\/\/www.strassenweb.de\/nachrichten\/wp-content\/uploads\/2025\/02\/Kendall-Jenners-vertikaler-Kuechenaufbewahrung-ist-eine-einzigartige-Nutzung-des-toten.jpg","keywords":["Charakter","des","Design","eine","einen","einzigartige","ihrem","ist","Jenners","Kendall","klassischen","K\u00fcchenaufbewahrung","lebendigen","Nutzung","Raums","toten","und","verleiht","vertikaler"],"articleSection":["Haus &amp; Garten"],"inLanguage":"de"},{"@type":"WebPage","@id":"https:\/\/www.strassenweb.de\/nachrichten\/kendall-jenners-vertikaler-kuechenaufbewahrung-ist-eine-einzigartige-nutzung-des-toten-raums-und-es-verleiht-ihrem-lebendigen-design-einen-klassischen-charakter\/","url":"https:\/\/www.strassenweb.de\/nachrichten\/kendall-jenners-vertikaler-kuechenaufbewahrung-ist-eine-einzigartige-nutzung-des-toten-raums-und-es-verleiht-ihrem-lebendigen-design-einen-klassischen-charakter\/","name":"Kendall Jenners vertikaler K\u00fcchenaufbewahrung ist eine einzigartige Nutzung des toten Raums - und es verleiht ihrem lebendigen Design einen klassischen Charakter - Nachrichten - Stra\u00dfenweb","isPartOf":{"@id":"https:\/\/www.strassenweb.de\/nachrichten\/#website"},"primaryImageOfPage":{"@id":"https:\/\/www.strassenweb.de\/nachrichten\/kendall-jenners-vertikaler-kuechenaufbewahrung-ist-eine-einzigartige-nutzung-des-toten-raums-und-es-verleiht-ihrem-lebendigen-design-einen-klassischen-charakter\/#primaryimage"},"image":{"@id":"https:\/\/www.strassenweb.de\/nachrichten\/kendall-jenners-vertikaler-kuechenaufbewahrung-ist-eine-einzigartige-nutzung-des-toten-raums-und-es-verleiht-ihrem-lebendigen-design-einen-klassischen-charakter\/#primaryimage"},"thumbnailUrl":"https:\/\/www.strassenweb.de\/nachrichten\/wp-content\/uploads\/2025\/02\/Kendall-Jenners-vertikaler-Kuechenaufbewahrung-ist-eine-einzigartige-Nutzung-des-toten.jpg","datePublished":"2025-02-11T19:10:53+00:00","dateModified":"2025-02-11T19:10:54+00:00","breadcrumb":{"@id":"https:\/\/www.strassenweb.de\/nachrichten\/kendall-jenners-vertikaler-kuechenaufbewahrung-ist-eine-einzigartige-nutzung-des-toten-raums-und-es-verleiht-ihrem-lebendigen-design-einen-klassischen-charakter\/#breadcrumb"},"inLanguage":"de","potentialAction":[{"@type":"ReadAction","target":["https:\/\/www.strassenweb.de\/nachrichten\/kendall-jenners-vertikaler-kuechenaufbewahrung-ist-eine-einzigartige-nutzung-des-toten-raums-und-es-verleiht-ihrem-lebendigen-design-einen-klassischen-charakter\/"]}]},{"@type":"ImageObject","inLanguage":"de","@id":"https:\/\/www.strassenweb.de\/nachrichten\/kendall-jenners-vertikaler-kuechenaufbewahrung-ist-eine-einzigartige-nutzung-des-toten-raums-und-es-verleiht-ihrem-lebendigen-design-einen-klassischen-charakter\/#primaryimage","url":"https:\/\/www.strassenweb.de\/nachrichten\/wp-content\/uploads\/2025\/02\/Kendall-Jenners-vertikaler-Kuechenaufbewahrung-ist-eine-einzigartige-Nutzung-des-toten.jpg","contentUrl":"https:\/\/www.strassenweb.de\/nachrichten\/wp-content\/uploads\/2025\/02\/Kendall-Jenners-vertikaler-Kuechenaufbewahrung-ist-eine-einzigartige-Nutzung-des-toten.jpg","width":1200,"height":675,"caption":"Kendall Jenners vertikaler K\u00fcchenaufbewahrung ist eine einzigartige Nutzung des toten Raums - und es verleiht ihrem lebendigen Design einen klassischen Charakter"},{"@type":"BreadcrumbList","@id":"https:\/\/www.strassenweb.de\/nachrichten\/kendall-jenners-vertikaler-kuechenaufbewahrung-ist-eine-einzigartige-nutzung-des-toten-raums-und-es-verleiht-ihrem-lebendigen-design-einen-klassischen-charakter\/#breadcrumb","itemListElement":[{"@type":"ListItem","position":1,"name":"Home","item":"https:\/\/www.strassenweb.de\/nachrichten\/"},{"@type":"ListItem","position":2,"name":"Kendall Jenners vertikaler K\u00fcchenaufbewahrung ist eine einzigartige Nutzung des toten Raums &#8211; und es verleiht ihrem lebendigen Design einen klassischen Charakter"}]},{"@type":"WebSite","@id":"https:\/\/www.strassenweb.de\/nachrichten\/#website","url":"https:\/\/www.strassenweb.de\/nachrichten\/","name":"Stra\u00dfenweb","description":"Stra\u00dfenverzeichnis f\u00fcr Deutschland","publisher":{"@id":"https:\/\/www.strassenweb.de\/nachrichten\/#organization"},"potentialAction":[{"@type":"SearchAction","target":{"@type":"EntryPoint","urlTemplate":"https:\/\/www.strassenweb.de\/nachrichten\/?s={search_term_string}"},"query-input":{"@type":"PropertyValueSpecification","valueRequired":true,"valueName":"search_term_string"}}],"inLanguage":"de"},{"@type":"Organization","@id":"https:\/\/www.strassenweb.de\/nachrichten\/#organization","name":"Stra\u00dfenweb","url":"https:\/\/www.strassenweb.de\/nachrichten\/","logo":{"@type":"ImageObject","inLanguage":"de","@id":"https:\/\/www.strassenweb.de\/nachrichten\/#\/schema\/logo\/image\/","url":"https:\/\/www.strassenweb.de\/nachrichten\/wp-content\/uploads\/2024\/09\/cropped-favicon.png","contentUrl":"https:\/\/www.strassenweb.de\/nachrichten\/wp-content\/uploads\/2024\/09\/cropped-favicon.png","width":512,"height":512,"caption":"Stra\u00dfenweb"},"image":{"@id":"https:\/\/www.strassenweb.de\/nachrichten\/#\/schema\/logo\/image\/"},"sameAs":["https:\/\/www.facebook.com\/strassenweb\/"]},{"@type":"Person","@id":"https:\/\/www.strassenweb.de\/nachrichten\/#\/schema\/person\/87c9c9067f1211da429a744dc5a5aa41","name":"Robert Hoffmann","image":{"@type":"ImageObject","inLanguage":"de","@id":"https:\/\/www.strassenweb.de\/nachrichten\/wp-content\/uploads\/2024\/09\/strassenweb-150x150.jpg","url":"https:\/\/www.strassenweb.de\/nachrichten\/wp-content\/uploads\/2024\/09\/strassenweb-150x150.jpg","contentUrl":"https:\/\/www.strassenweb.de\/nachrichten\/wp-content\/uploads\/2024\/09\/strassenweb-150x150.jpg","caption":"Robert Hoffmann"},"description":"Ich hei\u00dfe Robert Hoffmann und ich bin ein leidenschaftlicher Verfechter von \u00d6kologie und Biodiversit\u00e4t. Seit meiner Kindheit in den W\u00e4ldern Bayerns f\u00fchle ich mich mit der Natur verbunden und bin entschlossen, sie zu sch\u00fctzen. Heute widme ich mein Leben der Sensibilisierung anderer f\u00fcr die Bedeutung des Umweltschutzes f\u00fcr zuk\u00fcnftige Generationen.","sameAs":["https:\/\/www.strassenweb.de\/"]}]}},"_links":{"self":[{"href":"https:\/\/www.strassenweb.de\/nachrichten\/wp-json\/wp\/v2\/posts\/3254","targetHints":{"allow":["GET"]}}],"collection":[{"href":"https:\/\/www.strassenweb.de\/nachrichten\/wp-json\/wp\/v2\/posts"}],"about":[{"href":"https:\/\/www.strassenweb.de\/nachrichten\/wp-json\/wp\/v2\/types\/post"}],"author":[{"embeddable":true,"href":"https:\/\/www.strassenweb.de\/nachrichten\/wp-json\/wp\/v2\/users\/1"}],"replies":[{"embeddable":true,"href":"https:\/\/www.strassenweb.de\/nachrichten\/wp-json\/wp\/v2\/comments?post=3254"}],"version-history":[{"count":0,"href":"https:\/\/www.strassenweb.de\/nachrichten\/wp-json\/wp\/v2\/posts\/3254\/revisions"}],"wp:featuredmedia":[{"embeddable":true,"href":"https:\/\/www.strassenweb.de\/nachrichten\/wp-json\/wp\/v2\/media\/3255"}],"wp:attachment":[{"href":"https:\/\/www.strassenweb.de\/nachrichten\/wp-json\/wp\/v2\/media?parent=3254"}],"wp:term":[{"taxonomy":"category","embeddable":true,"href":"https:\/\/www.strassenweb.de\/nachrichten\/wp-json\/wp\/v2\/categories?post=3254"},{"taxonomy":"post_tag","embeddable":true,"href":"https:\/\/www.strassenweb.de\/nachrichten\/wp-json\/wp\/v2\/tags?post=3254"}],"curies":[{"name":"wp","href":"https:\/\/api.w.org\/{rel}","templated":true}]}}