{"id":3245,"date":"2025-02-11T07:39:34","date_gmt":"2025-02-11T06:39:34","guid":{"rendered":"https:\/\/www.strassenweb.de\/nachrichten\/diese-urspruengliche-kueche-aus-den-1950er-jahren-wurde-sensibel-in-ein-zeitloses-uebergangsschema-umgebaut\/"},"modified":"2025-02-11T07:39:35","modified_gmt":"2025-02-11T06:39:35","slug":"diese-urspruengliche-kueche-aus-den-1950er-jahren-wurde-sensibel-in-ein-zeitloses-uebergangsschema-umgebaut","status":"publish","type":"post","link":"https:\/\/www.strassenweb.de\/nachrichten\/diese-urspruengliche-kueche-aus-den-1950er-jahren-wurde-sensibel-in-ein-zeitloses-uebergangsschema-umgebaut\/","title":{"rendered":"Diese urspr\u00fcngliche K\u00fcche aus den 1950er Jahren wurde sensibel in ein zeitloses \u00dcbergangsschema umgebaut"},"content":{"rendered":"<p><\/p>\n<div id=\"article-body\" class=\"article__body \">\n<p>K\u00fcchen sind eines dieser R\u00e4ume, die sich leicht veraltet f\u00fchlen k\u00f6nnen. Alles, was es braucht, ist ein Kabinettsdesign, das in Ungnade gefallen ist, oder ein Farbschema, das sich zu synonym f\u00fcr eine vergangene \u00c4ra anf\u00fchlt, um Sie sofort satt zu machen.<\/p>\n<div id=\"ad-unit-1\" class=\"ad-unit\"><\/div>\n<p>Aber so oft feiern die Trends der K\u00fcche, sobald datiert, ein Comeback, und bestimmte Merkmale, die einst als veraltet angesehen wurden, werden nostalgisch und geben Ihren K\u00fcchenideen sofort ein Retro -Feature. Es kann es jedoch schwierig machen, den besten Ansatz f\u00fcr die Aktualisierung Ihres Raums zu kennen.<\/p>\n<p>Als die Hausbesitzer dieser urspr\u00fcnglichen K\u00fcche aus den 1950er Jahren entschieden, dass es Zeit f\u00fcr einen Umbau war, nahmen sie vor dem vollst\u00e4ndigen Umbau die vern\u00fcnftige Herangehensweise an eine kleine \u00dcberarbeitung, damit sie ein Gef\u00fchl f\u00fcr das K\u00fcchendesign bekommen konnten, das wirklich f\u00fcr sie funktioniert. Hier werfen wir einen Blick auf das letzte Schema.<\/p>\n<div id=\"desktop-in-article\" class=\"in-article ad-unit\">\n<div id=\"desktop-taboola-mid-article\"><\/div>\n<\/div>\n<div id=\"mobile-in-article\" class=\"in-article ad-unit\">\n<div id=\"mobile-taboola-mid-article\"><\/div>\n<\/div>\n<figure class=\"van-image-figure inline-layout \" data-bordeaux-image-check>\n<div class=\"image-full-width-wrapper\">\n<div class=\"image-widthsetter\" style=\"max-width:2400px;\"><\/div>\n<\/div>\n<\/figure>\n<p>&#8222;Bereits im Jahr 2020 beschlossen die Hausbesitzer nach etwa einem Jahr des Lebens in der Wohnung, der urspr\u00fcnglichen K\u00fcche aus den 1950er Jahren eine kleine \u00dcberarbeitung zu geben, w\u00e4hrend sie einen vollst\u00e4ndigen Umbau retten und geplant haben&#8220; , der mit den Hausbesitzern zusammengearbeitet hat, um die K\u00fcche zu verwandeln.<\/p>\n<div class=\"van_vid_carousel\">\n<div class=\"van_vid_carousel__padding\">\n<div class=\"van_vid_carousel__container\"><\/div>\n<\/div>\n<\/div>\n<aside class=\"hawk-nest\" data-block-type=\"embed\" data-render-type=\"fte\" data-skip=\"dealsy\" data-widget-type=\"seasonal\">\n<div class=\"hawk-master-widget-hawk-base-wrapper\"><\/div>\n<\/aside>\n<p>&#8222;Sie haben die Schr\u00e4nke gemalt, die Hardware aktualisiert, den Boden gestrichen, neue Formica auf den Arbeitsplatten hinzugef\u00fcgt, ein neues Waschbecken installiert und einige Schr\u00e4nke entfernt, um eine Mini -Kaffee zu erstellen&#8220;, erkl\u00e4rt sie.<\/p>\n<div id=\"ad-unit-2\" class=\"ad-unit\"><\/div>\n<p>Dieser Ansatz bedeutete, dass die Hausbesitzer mit den verschiedenen Farben und Materialien leben konnten, um wirklich ein Gef\u00fchl f\u00fcr das zu bekommen, was sie m\u00f6gen und nicht m\u00f6gen, und wenn eines der Funktionen im Laufe der Zeit m\u00fcde.<\/p>\n<figure class=\"van-image-figure inline-layout \" data-bordeaux-image-check>\n<div class=\"image-full-width-wrapper\">\n<div class=\"image-widthsetter\" style=\"max-width:2000px;\"><\/div>\n<\/div>\n<\/figure>\n<p>&#8222;Der Hausbesitzer liebte die Farbe der blauen Basisschr\u00e4nke aus dem Umbau der Phase 1, so dass ein gleichgesinnter Schatten in die Basisschr\u00e4nke des sp\u00e4teren vollst\u00e4ndigen Umbauten integriert wurde&#8220;, sagt Tanya.<\/p>\n<p>In den ersten Phasen einer K\u00fcchenrenovierung gibt es immer Bedenken hinsichtlich aller Probleme, die auftreten k\u00f6nnten. Und obwohl dieses Projekt keine zugrunde liegenden Probleme begegnete, die den Verlauf des Umbaues ver\u00e4nderten, gab es einige unerwartete Probleme, die korrigieren mussten.<\/p>\n<p>&#8218;Die Auftragnehmer erfuhren, dass die Au\u00dfenw\u00e4nde nicht isoliert waren und anschlie\u00dfend die W\u00e4nde, die auf Stollen gebracht wurden, Isolierung hinzugef\u00fcgt wurden. Infolgedessen sind die K\u00fcche und das Esszimmer jetzt w\u00e4rmer als der Rest des Hauses, obwohl der Gro\u00dfteil der Wand Fenster oder franz\u00f6sische T\u00fcren ist \u201c, erkl\u00e4rt Tanya.<\/p>\n<figure class=\"van-image-figure inline-layout \" data-bordeaux-image-check>\n<div class=\"image-full-width-wrapper\">\n<div class=\"image-widthsetter\" style=\"max-width:2000px;\"><\/div>\n<\/div>\n<\/figure>\n<p>&#8218;Die vorhandene K\u00fcche hatte Schotte \u00fcber den Schr\u00e4nken, und unsere Kunden waren ein bisschen besorgt dar\u00fcber, was sie finden w\u00fcrden. Gl\u00fccklicherweise versteckte nur eine Ecke einen Installationsstapel aus dem zweiten Stock \u201c, f\u00fcgt sie hinzu.<\/p>\n<p>\u201eWir haben beschlossen, nicht zu riskieren, an einem 70-j\u00e4hrigen Stapel zu arbeiten und es zu verlassen. Die wunderbaren Auftragnehmer haben es eingepackt, und dank der Hinzuf\u00fcgung der Tapete w\u00fcrden Sie den Unterschied nie erfahren. &#8218;<\/p>\n<p>Der Umbau enthielt einige relativ gro\u00dfe \u00c4nderungen, darunter ein \u00fcberarbeitetes Layout, das Hinzuf\u00fcgen einer K\u00fccheninsel, neue Panel-f\u00e4hige Ger\u00e4te und eine neue, gem\u00fctliche Kaffeebar mit offenem Regal, um eine sch\u00f6ne Funktion zu schaffen.<\/p>\n<p>Das K\u00fcchenlayout war ein wesentlicher Aspekt der Neugestaltung, mit Funktion und dem Fluss des Raums eine Priorit\u00e4t. &#8222;Der Hausbesitzer benutzt ihre K\u00fcche ziemlich viel, was bedeutete, dass wir wirklich Funktion und Fluss priorisieren mussten &#8211; egal ob das Kochen Abendessen oder die Ausrichtung ihres Buchclubs&#8220;, erkl\u00e4rt Tanya.<\/p>\n<figure class=\"van-image-figure inline-layout \" data-bordeaux-image-check>\n<div class=\"image-full-width-wrapper\">\n<div class=\"image-widthsetter\" style=\"max-width:2400px;\"><\/div>\n<\/div>\n<\/figure>\n<p>Der neu gestaltete Raum ist voller auff\u00e4lliger Merkmale und nachdenklichen Designdetails. Das Weichpuderblau -Basisschrank bildet den Raum und f\u00fcgt einen subtilen Farbtupfer hinzu, w\u00e4hrend nat\u00fcrliche wei\u00dfe Eichenschr\u00e4nke an den T\u00fcrmen und der Insel ein organischeres, zeitloseres Detail verleihen.<\/p>\n<p>&#8218;Die K\u00fcche ist jetzt klassisch, strukturell, geschichtet und gelebt. Wir haben mit hochwertigen Oberfl\u00e4chen und zeitlosen Materialien gearbeitet, damit das Design viele Jahre lang frisch aussieht. Unser Klientin wollte, dass die K\u00fcche ein tiefes Gef\u00fchl der gelebten W\u00e4rme vermittelt und ein zentraler Landeplatz f\u00fcr die Menschen sammelt \u201c, beschreibt Tanya.<\/p>\n<p>Eine der herausragenden Funktionen ist die neue Kaffeestation. Erstellt mit off-wei\u00dfen Schr\u00e4nken und Wandverkleidungen und mit \u00e4therischem Blumen-Tapeten umrahmt, wurde eine zeitlose, beruhigende Ecke f\u00fcr Morgenrituale erstellt. Die h\u00f6lzernen Arbeitsplatten und offenen Regale verleihen dem Raum Reichtum und verbinden die Kaffee -Ecke mit dem Rest der K\u00fcche.<\/p>\n<figure class=\"van-image-figure inline-layout \" data-bordeaux-image-check>\n<div class=\"image-full-width-wrapper\">\n<div class=\"image-widthsetter\" style=\"max-width:2000px;\"><\/div>\n<\/div>\n<\/figure>\n<p>Die Details und der Abschluss der letzten sind auch entscheidend f\u00fcr das allgemeine Erscheinungsbild der K\u00fcche. Im gesamten Raum wurden warme Metalle verwendet, von der gealterten Messingk\u00fcchenschrank-Hardware bis hin zu goldenen Leuchten, die ein Gef\u00fchl von Eleganz und Zeitlosigkeit verleihen.<\/p>\n<p>Der geflieste Backsplash trifft einen der gr\u00f6\u00dften K\u00fcchentrends dieses Jahres &#8211; die Kacheln bis zur Decke schafft mehr Funktionen und verleihen viel Textur, was oft ein flacher, kalter Bereich des Raums sein kann.<\/p>\n<p>Die gewebten Theken Stuhl verleihen dem Programm eine weitere Textur, die der K\u00fccheninsel einen gem\u00fctlichen, weicheren Anziehungskraft verleiht, perfekt f\u00fcr Hosting und Geselligkeit. Der Teppich f\u00fcgt auch dieses Gef\u00fchl von W\u00e4rme und Komfort hinzu, perfekt f\u00fcr Hausbesitzer, die viel Zeit in der K\u00fcche verbringen.<\/p>\n<p>Diese Kombination von Farben und Materialien ist ein Beweis f\u00fcr die Umbaumethode der Hausbesitzer. Die Ann\u00e4herung an die \u00dcberarbeitung in zwei Phasen hat zu einem K\u00fcchendesign gef\u00fchrt, von dem sie wissen, dass sie in den kommenden Jahren lieben werden, und eine zeitlose, charakteristische K\u00fcche bietet, die perfekt f\u00fcr ihre Bed\u00fcrfnisse funktioniert.<\/p>\n<hr>\n<p>Dieser Remodel der K\u00fcche ist ein Beweis daf\u00fcr, dass Sie eine alte K\u00fcche geschmackvoll aktualisieren k\u00f6nnen und gleichzeitig ihren Charme und Charakter behalten. Es ist ein wunderbarer Bezugspunkt, wie man Holzk\u00fcchenschr\u00e4nke auf trendige Weise entwirft und einer K\u00fcche der 50er Jahre einen neuen Lebensvertrag verleiht.<\/p>\n<\/div>\n","protected":false},"excerpt":{"rendered":"<p>K\u00fcchen sind eines dieser R\u00e4ume, die sich leicht veraltet f\u00fchlen k\u00f6nnen. Alles, was es braucht, ist ein Kabinettsdesign, das in Ungnade gefallen ist, oder ein<\/p>\n","protected":false},"author":1,"featured_media":3246,"comment_status":"closed","ping_status":"","sticky":false,"template":"","format":"standard","meta":{"footnotes":""},"categories":[118],"tags":[4873,287,78,143,43,608,468,5143,5145,5146,5142,1529,5144],"class_list":["post-3245","post","type-post","status-publish","format-standard","has-post-thumbnail","hentry","category-haus-garten","tag-1950er","tag-aus","tag-den","tag-diese","tag-ein","tag-jahren","tag-kueche","tag-sensibel","tag-uebergangsschema","tag-umgebaut","tag-urspruengliche","tag-wuerde","tag-zeitloses","generate-columns","tablet-grid-50","mobile-grid-100","grid-parent","grid-50"],"yoast_head":"<!-- This site is optimized with the Yoast SEO plugin v27.3 - https:\/\/yoast.com\/product\/yoast-seo-wordpress\/ -->\n<title>Diese urspr\u00fcngliche K\u00fcche aus den 1950er Jahren wurde sensibel in ein zeitloses \u00dcbergangsschema umgebaut - Nachrichten - Stra\u00dfenweb<\/title>\n<meta name=\"robots\" content=\"index, follow, max-snippet:-1, max-image-preview:large, max-video-preview:-1\" \/>\n<link rel=\"canonical\" href=\"https:\/\/www.strassenweb.de\/nachrichten\/diese-urspruengliche-kueche-aus-den-1950er-jahren-wurde-sensibel-in-ein-zeitloses-uebergangsschema-umgebaut\/\" \/>\n<meta property=\"og:locale\" content=\"de_DE\" \/>\n<meta property=\"og:type\" content=\"article\" \/>\n<meta property=\"og:title\" content=\"Diese urspr\u00fcngliche K\u00fcche aus den 1950er Jahren wurde sensibel in ein zeitloses \u00dcbergangsschema umgebaut - Nachrichten - Stra\u00dfenweb\" \/>\n<meta property=\"og:description\" content=\"K\u00fcchen sind eines dieser R\u00e4ume, die sich leicht veraltet f\u00fchlen k\u00f6nnen. Alles, was es braucht, ist ein Kabinettsdesign, das in Ungnade gefallen ist, oder ein\" \/>\n<meta property=\"og:url\" content=\"https:\/\/www.strassenweb.de\/nachrichten\/diese-urspruengliche-kueche-aus-den-1950er-jahren-wurde-sensibel-in-ein-zeitloses-uebergangsschema-umgebaut\/\" \/>\n<meta property=\"og:site_name\" content=\"Stra\u00dfenweb\" \/>\n<meta property=\"article:publisher\" content=\"https:\/\/www.facebook.com\/strassenweb\/\" \/>\n<meta property=\"article:published_time\" content=\"2025-02-11T06:39:34+00:00\" \/>\n<meta property=\"article:modified_time\" content=\"2025-02-11T06:39:35+00:00\" \/>\n<meta property=\"og:image\" content=\"https:\/\/www.strassenweb.de\/nachrichten\/wp-content\/uploads\/2025\/02\/Diese-urspruengliche-Kueche-aus-den-1950er-Jahren-wurde-sensibel-in.jpg\" \/>\n\t<meta property=\"og:image:width\" content=\"1200\" \/>\n\t<meta property=\"og:image:height\" content=\"675\" \/>\n\t<meta property=\"og:image:type\" content=\"image\/jpeg\" \/>\n<meta name=\"author\" content=\"Robert Hoffmann\" \/>\n<meta name=\"twitter:card\" content=\"summary_large_image\" \/>\n<meta name=\"twitter:label1\" content=\"Verfasst von\" \/>\n\t<meta name=\"twitter:data1\" content=\"Robert Hoffmann\" \/>\n\t<meta name=\"twitter:label2\" content=\"Gesch\u00e4tzte Lesezeit\" \/>\n\t<meta name=\"twitter:data2\" content=\"5\u00a0Minuten\" \/>\n<script type=\"application\/ld+json\" class=\"yoast-schema-graph\">{\"@context\":\"https:\\\/\\\/schema.org\",\"@graph\":[{\"@type\":\"Article\",\"@id\":\"https:\\\/\\\/www.strassenweb.de\\\/nachrichten\\\/diese-urspruengliche-kueche-aus-den-1950er-jahren-wurde-sensibel-in-ein-zeitloses-uebergangsschema-umgebaut\\\/#article\",\"isPartOf\":{\"@id\":\"https:\\\/\\\/www.strassenweb.de\\\/nachrichten\\\/diese-urspruengliche-kueche-aus-den-1950er-jahren-wurde-sensibel-in-ein-zeitloses-uebergangsschema-umgebaut\\\/\"},\"author\":{\"name\":\"Robert Hoffmann\",\"@id\":\"https:\\\/\\\/www.strassenweb.de\\\/nachrichten\\\/#\\\/schema\\\/person\\\/87c9c9067f1211da429a744dc5a5aa41\"},\"headline\":\"Diese urspr\u00fcngliche K\u00fcche aus den 1950er Jahren wurde sensibel in ein zeitloses \u00dcbergangsschema umgebaut\",\"datePublished\":\"2025-02-11T06:39:34+00:00\",\"dateModified\":\"2025-02-11T06:39:35+00:00\",\"mainEntityOfPage\":{\"@id\":\"https:\\\/\\\/www.strassenweb.de\\\/nachrichten\\\/diese-urspruengliche-kueche-aus-den-1950er-jahren-wurde-sensibel-in-ein-zeitloses-uebergangsschema-umgebaut\\\/\"},\"wordCount\":1001,\"publisher\":{\"@id\":\"https:\\\/\\\/www.strassenweb.de\\\/nachrichten\\\/#organization\"},\"image\":{\"@id\":\"https:\\\/\\\/www.strassenweb.de\\\/nachrichten\\\/diese-urspruengliche-kueche-aus-den-1950er-jahren-wurde-sensibel-in-ein-zeitloses-uebergangsschema-umgebaut\\\/#primaryimage\"},\"thumbnailUrl\":\"https:\\\/\\\/www.strassenweb.de\\\/nachrichten\\\/wp-content\\\/uploads\\\/2025\\\/02\\\/Diese-urspruengliche-Kueche-aus-den-1950er-Jahren-wurde-sensibel-in.jpg\",\"keywords\":[\"1950er\",\"aus\",\"den\",\"diese\",\"ein\",\"Jahren\",\"K\u00fcche\",\"sensibel\",\"\u00dcbergangsschema\",\"umgebaut\",\"urspr\u00fcngliche\",\"w\u00fcrde\",\"zeitloses\"],\"articleSection\":[\"Haus &amp; Garten\"],\"inLanguage\":\"de\"},{\"@type\":\"WebPage\",\"@id\":\"https:\\\/\\\/www.strassenweb.de\\\/nachrichten\\\/diese-urspruengliche-kueche-aus-den-1950er-jahren-wurde-sensibel-in-ein-zeitloses-uebergangsschema-umgebaut\\\/\",\"url\":\"https:\\\/\\\/www.strassenweb.de\\\/nachrichten\\\/diese-urspruengliche-kueche-aus-den-1950er-jahren-wurde-sensibel-in-ein-zeitloses-uebergangsschema-umgebaut\\\/\",\"name\":\"Diese urspr\u00fcngliche K\u00fcche aus den 1950er Jahren wurde sensibel in ein zeitloses \u00dcbergangsschema umgebaut - Nachrichten - Stra\u00dfenweb\",\"isPartOf\":{\"@id\":\"https:\\\/\\\/www.strassenweb.de\\\/nachrichten\\\/#website\"},\"primaryImageOfPage\":{\"@id\":\"https:\\\/\\\/www.strassenweb.de\\\/nachrichten\\\/diese-urspruengliche-kueche-aus-den-1950er-jahren-wurde-sensibel-in-ein-zeitloses-uebergangsschema-umgebaut\\\/#primaryimage\"},\"image\":{\"@id\":\"https:\\\/\\\/www.strassenweb.de\\\/nachrichten\\\/diese-urspruengliche-kueche-aus-den-1950er-jahren-wurde-sensibel-in-ein-zeitloses-uebergangsschema-umgebaut\\\/#primaryimage\"},\"thumbnailUrl\":\"https:\\\/\\\/www.strassenweb.de\\\/nachrichten\\\/wp-content\\\/uploads\\\/2025\\\/02\\\/Diese-urspruengliche-Kueche-aus-den-1950er-Jahren-wurde-sensibel-in.jpg\",\"datePublished\":\"2025-02-11T06:39:34+00:00\",\"dateModified\":\"2025-02-11T06:39:35+00:00\",\"breadcrumb\":{\"@id\":\"https:\\\/\\\/www.strassenweb.de\\\/nachrichten\\\/diese-urspruengliche-kueche-aus-den-1950er-jahren-wurde-sensibel-in-ein-zeitloses-uebergangsschema-umgebaut\\\/#breadcrumb\"},\"inLanguage\":\"de\",\"potentialAction\":[{\"@type\":\"ReadAction\",\"target\":[\"https:\\\/\\\/www.strassenweb.de\\\/nachrichten\\\/diese-urspruengliche-kueche-aus-den-1950er-jahren-wurde-sensibel-in-ein-zeitloses-uebergangsschema-umgebaut\\\/\"]}]},{\"@type\":\"ImageObject\",\"inLanguage\":\"de\",\"@id\":\"https:\\\/\\\/www.strassenweb.de\\\/nachrichten\\\/diese-urspruengliche-kueche-aus-den-1950er-jahren-wurde-sensibel-in-ein-zeitloses-uebergangsschema-umgebaut\\\/#primaryimage\",\"url\":\"https:\\\/\\\/www.strassenweb.de\\\/nachrichten\\\/wp-content\\\/uploads\\\/2025\\\/02\\\/Diese-urspruengliche-Kueche-aus-den-1950er-Jahren-wurde-sensibel-in.jpg\",\"contentUrl\":\"https:\\\/\\\/www.strassenweb.de\\\/nachrichten\\\/wp-content\\\/uploads\\\/2025\\\/02\\\/Diese-urspruengliche-Kueche-aus-den-1950er-Jahren-wurde-sensibel-in.jpg\",\"width\":1200,\"height\":675,\"caption\":\"Diese urspr\u00fcngliche K\u00fcche aus den 1950er Jahren wurde sensibel in ein zeitloses \u00dcbergangsschema umgebaut\"},{\"@type\":\"BreadcrumbList\",\"@id\":\"https:\\\/\\\/www.strassenweb.de\\\/nachrichten\\\/diese-urspruengliche-kueche-aus-den-1950er-jahren-wurde-sensibel-in-ein-zeitloses-uebergangsschema-umgebaut\\\/#breadcrumb\",\"itemListElement\":[{\"@type\":\"ListItem\",\"position\":1,\"name\":\"Home\",\"item\":\"https:\\\/\\\/www.strassenweb.de\\\/nachrichten\\\/\"},{\"@type\":\"ListItem\",\"position\":2,\"name\":\"Diese urspr\u00fcngliche K\u00fcche aus den 1950er Jahren wurde sensibel in ein zeitloses \u00dcbergangsschema umgebaut\"}]},{\"@type\":\"WebSite\",\"@id\":\"https:\\\/\\\/www.strassenweb.de\\\/nachrichten\\\/#website\",\"url\":\"https:\\\/\\\/www.strassenweb.de\\\/nachrichten\\\/\",\"name\":\"Stra\u00dfenweb\",\"description\":\"Stra\u00dfenverzeichnis f\u00fcr Deutschland\",\"publisher\":{\"@id\":\"https:\\\/\\\/www.strassenweb.de\\\/nachrichten\\\/#organization\"},\"potentialAction\":[{\"@type\":\"SearchAction\",\"target\":{\"@type\":\"EntryPoint\",\"urlTemplate\":\"https:\\\/\\\/www.strassenweb.de\\\/nachrichten\\\/?s={search_term_string}\"},\"query-input\":{\"@type\":\"PropertyValueSpecification\",\"valueRequired\":true,\"valueName\":\"search_term_string\"}}],\"inLanguage\":\"de\"},{\"@type\":\"Organization\",\"@id\":\"https:\\\/\\\/www.strassenweb.de\\\/nachrichten\\\/#organization\",\"name\":\"Stra\u00dfenweb\",\"url\":\"https:\\\/\\\/www.strassenweb.de\\\/nachrichten\\\/\",\"logo\":{\"@type\":\"ImageObject\",\"inLanguage\":\"de\",\"@id\":\"https:\\\/\\\/www.strassenweb.de\\\/nachrichten\\\/#\\\/schema\\\/logo\\\/image\\\/\",\"url\":\"https:\\\/\\\/www.strassenweb.de\\\/nachrichten\\\/wp-content\\\/uploads\\\/2024\\\/09\\\/cropped-favicon.png\",\"contentUrl\":\"https:\\\/\\\/www.strassenweb.de\\\/nachrichten\\\/wp-content\\\/uploads\\\/2024\\\/09\\\/cropped-favicon.png\",\"width\":512,\"height\":512,\"caption\":\"Stra\u00dfenweb\"},\"image\":{\"@id\":\"https:\\\/\\\/www.strassenweb.de\\\/nachrichten\\\/#\\\/schema\\\/logo\\\/image\\\/\"},\"sameAs\":[\"https:\\\/\\\/www.facebook.com\\\/strassenweb\\\/\"]},{\"@type\":\"Person\",\"@id\":\"https:\\\/\\\/www.strassenweb.de\\\/nachrichten\\\/#\\\/schema\\\/person\\\/87c9c9067f1211da429a744dc5a5aa41\",\"name\":\"Robert Hoffmann\",\"image\":{\"@type\":\"ImageObject\",\"inLanguage\":\"de\",\"@id\":\"https:\\\/\\\/www.strassenweb.de\\\/nachrichten\\\/wp-content\\\/uploads\\\/2024\\\/09\\\/strassenweb-150x150.jpg\",\"url\":\"https:\\\/\\\/www.strassenweb.de\\\/nachrichten\\\/wp-content\\\/uploads\\\/2024\\\/09\\\/strassenweb-150x150.jpg\",\"contentUrl\":\"https:\\\/\\\/www.strassenweb.de\\\/nachrichten\\\/wp-content\\\/uploads\\\/2024\\\/09\\\/strassenweb-150x150.jpg\",\"caption\":\"Robert Hoffmann\"},\"description\":\"Ich hei\u00dfe Robert Hoffmann und ich bin ein leidenschaftlicher Verfechter von \u00d6kologie und Biodiversit\u00e4t. Seit meiner Kindheit in den W\u00e4ldern Bayerns f\u00fchle ich mich mit der Natur verbunden und bin entschlossen, sie zu sch\u00fctzen. Heute widme ich mein Leben der Sensibilisierung anderer f\u00fcr die Bedeutung des Umweltschutzes f\u00fcr zuk\u00fcnftige Generationen.\",\"sameAs\":[\"https:\\\/\\\/www.strassenweb.de\\\/\"]}]}<\/script>\n<!-- \/ Yoast SEO plugin. -->","yoast_head_json":{"title":"Diese urspr\u00fcngliche K\u00fcche aus den 1950er Jahren wurde sensibel in ein zeitloses \u00dcbergangsschema umgebaut - Nachrichten - Stra\u00dfenweb","robots":{"index":"index","follow":"follow","max-snippet":"max-snippet:-1","max-image-preview":"max-image-preview:large","max-video-preview":"max-video-preview:-1"},"canonical":"https:\/\/www.strassenweb.de\/nachrichten\/diese-urspruengliche-kueche-aus-den-1950er-jahren-wurde-sensibel-in-ein-zeitloses-uebergangsschema-umgebaut\/","og_locale":"de_DE","og_type":"article","og_title":"Diese urspr\u00fcngliche K\u00fcche aus den 1950er Jahren wurde sensibel in ein zeitloses \u00dcbergangsschema umgebaut - Nachrichten - Stra\u00dfenweb","og_description":"K\u00fcchen sind eines dieser R\u00e4ume, die sich leicht veraltet f\u00fchlen k\u00f6nnen. Alles, was es braucht, ist ein Kabinettsdesign, das in Ungnade gefallen ist, oder ein","og_url":"https:\/\/www.strassenweb.de\/nachrichten\/diese-urspruengliche-kueche-aus-den-1950er-jahren-wurde-sensibel-in-ein-zeitloses-uebergangsschema-umgebaut\/","og_site_name":"Stra\u00dfenweb","article_publisher":"https:\/\/www.facebook.com\/strassenweb\/","article_published_time":"2025-02-11T06:39:34+00:00","article_modified_time":"2025-02-11T06:39:35+00:00","og_image":[{"width":1200,"height":675,"url":"https:\/\/www.strassenweb.de\/nachrichten\/wp-content\/uploads\/2025\/02\/Diese-urspruengliche-Kueche-aus-den-1950er-Jahren-wurde-sensibel-in.jpg","type":"image\/jpeg"}],"author":"Robert Hoffmann","twitter_card":"summary_large_image","twitter_misc":{"Verfasst von":"Robert Hoffmann","Gesch\u00e4tzte Lesezeit":"5\u00a0Minuten"},"schema":{"@context":"https:\/\/schema.org","@graph":[{"@type":"Article","@id":"https:\/\/www.strassenweb.de\/nachrichten\/diese-urspruengliche-kueche-aus-den-1950er-jahren-wurde-sensibel-in-ein-zeitloses-uebergangsschema-umgebaut\/#article","isPartOf":{"@id":"https:\/\/www.strassenweb.de\/nachrichten\/diese-urspruengliche-kueche-aus-den-1950er-jahren-wurde-sensibel-in-ein-zeitloses-uebergangsschema-umgebaut\/"},"author":{"name":"Robert Hoffmann","@id":"https:\/\/www.strassenweb.de\/nachrichten\/#\/schema\/person\/87c9c9067f1211da429a744dc5a5aa41"},"headline":"Diese urspr\u00fcngliche K\u00fcche aus den 1950er Jahren wurde sensibel in ein zeitloses \u00dcbergangsschema umgebaut","datePublished":"2025-02-11T06:39:34+00:00","dateModified":"2025-02-11T06:39:35+00:00","mainEntityOfPage":{"@id":"https:\/\/www.strassenweb.de\/nachrichten\/diese-urspruengliche-kueche-aus-den-1950er-jahren-wurde-sensibel-in-ein-zeitloses-uebergangsschema-umgebaut\/"},"wordCount":1001,"publisher":{"@id":"https:\/\/www.strassenweb.de\/nachrichten\/#organization"},"image":{"@id":"https:\/\/www.strassenweb.de\/nachrichten\/diese-urspruengliche-kueche-aus-den-1950er-jahren-wurde-sensibel-in-ein-zeitloses-uebergangsschema-umgebaut\/#primaryimage"},"thumbnailUrl":"https:\/\/www.strassenweb.de\/nachrichten\/wp-content\/uploads\/2025\/02\/Diese-urspruengliche-Kueche-aus-den-1950er-Jahren-wurde-sensibel-in.jpg","keywords":["1950er","aus","den","diese","ein","Jahren","K\u00fcche","sensibel","\u00dcbergangsschema","umgebaut","urspr\u00fcngliche","w\u00fcrde","zeitloses"],"articleSection":["Haus &amp; Garten"],"inLanguage":"de"},{"@type":"WebPage","@id":"https:\/\/www.strassenweb.de\/nachrichten\/diese-urspruengliche-kueche-aus-den-1950er-jahren-wurde-sensibel-in-ein-zeitloses-uebergangsschema-umgebaut\/","url":"https:\/\/www.strassenweb.de\/nachrichten\/diese-urspruengliche-kueche-aus-den-1950er-jahren-wurde-sensibel-in-ein-zeitloses-uebergangsschema-umgebaut\/","name":"Diese urspr\u00fcngliche K\u00fcche aus den 1950er Jahren wurde sensibel in ein zeitloses \u00dcbergangsschema umgebaut - Nachrichten - Stra\u00dfenweb","isPartOf":{"@id":"https:\/\/www.strassenweb.de\/nachrichten\/#website"},"primaryImageOfPage":{"@id":"https:\/\/www.strassenweb.de\/nachrichten\/diese-urspruengliche-kueche-aus-den-1950er-jahren-wurde-sensibel-in-ein-zeitloses-uebergangsschema-umgebaut\/#primaryimage"},"image":{"@id":"https:\/\/www.strassenweb.de\/nachrichten\/diese-urspruengliche-kueche-aus-den-1950er-jahren-wurde-sensibel-in-ein-zeitloses-uebergangsschema-umgebaut\/#primaryimage"},"thumbnailUrl":"https:\/\/www.strassenweb.de\/nachrichten\/wp-content\/uploads\/2025\/02\/Diese-urspruengliche-Kueche-aus-den-1950er-Jahren-wurde-sensibel-in.jpg","datePublished":"2025-02-11T06:39:34+00:00","dateModified":"2025-02-11T06:39:35+00:00","breadcrumb":{"@id":"https:\/\/www.strassenweb.de\/nachrichten\/diese-urspruengliche-kueche-aus-den-1950er-jahren-wurde-sensibel-in-ein-zeitloses-uebergangsschema-umgebaut\/#breadcrumb"},"inLanguage":"de","potentialAction":[{"@type":"ReadAction","target":["https:\/\/www.strassenweb.de\/nachrichten\/diese-urspruengliche-kueche-aus-den-1950er-jahren-wurde-sensibel-in-ein-zeitloses-uebergangsschema-umgebaut\/"]}]},{"@type":"ImageObject","inLanguage":"de","@id":"https:\/\/www.strassenweb.de\/nachrichten\/diese-urspruengliche-kueche-aus-den-1950er-jahren-wurde-sensibel-in-ein-zeitloses-uebergangsschema-umgebaut\/#primaryimage","url":"https:\/\/www.strassenweb.de\/nachrichten\/wp-content\/uploads\/2025\/02\/Diese-urspruengliche-Kueche-aus-den-1950er-Jahren-wurde-sensibel-in.jpg","contentUrl":"https:\/\/www.strassenweb.de\/nachrichten\/wp-content\/uploads\/2025\/02\/Diese-urspruengliche-Kueche-aus-den-1950er-Jahren-wurde-sensibel-in.jpg","width":1200,"height":675,"caption":"Diese urspr\u00fcngliche K\u00fcche aus den 1950er Jahren wurde sensibel in ein zeitloses \u00dcbergangsschema umgebaut"},{"@type":"BreadcrumbList","@id":"https:\/\/www.strassenweb.de\/nachrichten\/diese-urspruengliche-kueche-aus-den-1950er-jahren-wurde-sensibel-in-ein-zeitloses-uebergangsschema-umgebaut\/#breadcrumb","itemListElement":[{"@type":"ListItem","position":1,"name":"Home","item":"https:\/\/www.strassenweb.de\/nachrichten\/"},{"@type":"ListItem","position":2,"name":"Diese urspr\u00fcngliche K\u00fcche aus den 1950er Jahren wurde sensibel in ein zeitloses \u00dcbergangsschema umgebaut"}]},{"@type":"WebSite","@id":"https:\/\/www.strassenweb.de\/nachrichten\/#website","url":"https:\/\/www.strassenweb.de\/nachrichten\/","name":"Stra\u00dfenweb","description":"Stra\u00dfenverzeichnis f\u00fcr Deutschland","publisher":{"@id":"https:\/\/www.strassenweb.de\/nachrichten\/#organization"},"potentialAction":[{"@type":"SearchAction","target":{"@type":"EntryPoint","urlTemplate":"https:\/\/www.strassenweb.de\/nachrichten\/?s={search_term_string}"},"query-input":{"@type":"PropertyValueSpecification","valueRequired":true,"valueName":"search_term_string"}}],"inLanguage":"de"},{"@type":"Organization","@id":"https:\/\/www.strassenweb.de\/nachrichten\/#organization","name":"Stra\u00dfenweb","url":"https:\/\/www.strassenweb.de\/nachrichten\/","logo":{"@type":"ImageObject","inLanguage":"de","@id":"https:\/\/www.strassenweb.de\/nachrichten\/#\/schema\/logo\/image\/","url":"https:\/\/www.strassenweb.de\/nachrichten\/wp-content\/uploads\/2024\/09\/cropped-favicon.png","contentUrl":"https:\/\/www.strassenweb.de\/nachrichten\/wp-content\/uploads\/2024\/09\/cropped-favicon.png","width":512,"height":512,"caption":"Stra\u00dfenweb"},"image":{"@id":"https:\/\/www.strassenweb.de\/nachrichten\/#\/schema\/logo\/image\/"},"sameAs":["https:\/\/www.facebook.com\/strassenweb\/"]},{"@type":"Person","@id":"https:\/\/www.strassenweb.de\/nachrichten\/#\/schema\/person\/87c9c9067f1211da429a744dc5a5aa41","name":"Robert Hoffmann","image":{"@type":"ImageObject","inLanguage":"de","@id":"https:\/\/www.strassenweb.de\/nachrichten\/wp-content\/uploads\/2024\/09\/strassenweb-150x150.jpg","url":"https:\/\/www.strassenweb.de\/nachrichten\/wp-content\/uploads\/2024\/09\/strassenweb-150x150.jpg","contentUrl":"https:\/\/www.strassenweb.de\/nachrichten\/wp-content\/uploads\/2024\/09\/strassenweb-150x150.jpg","caption":"Robert Hoffmann"},"description":"Ich hei\u00dfe Robert Hoffmann und ich bin ein leidenschaftlicher Verfechter von \u00d6kologie und Biodiversit\u00e4t. Seit meiner Kindheit in den W\u00e4ldern Bayerns f\u00fchle ich mich mit der Natur verbunden und bin entschlossen, sie zu sch\u00fctzen. Heute widme ich mein Leben der Sensibilisierung anderer f\u00fcr die Bedeutung des Umweltschutzes f\u00fcr zuk\u00fcnftige Generationen.","sameAs":["https:\/\/www.strassenweb.de\/"]}]}},"_links":{"self":[{"href":"https:\/\/www.strassenweb.de\/nachrichten\/wp-json\/wp\/v2\/posts\/3245","targetHints":{"allow":["GET"]}}],"collection":[{"href":"https:\/\/www.strassenweb.de\/nachrichten\/wp-json\/wp\/v2\/posts"}],"about":[{"href":"https:\/\/www.strassenweb.de\/nachrichten\/wp-json\/wp\/v2\/types\/post"}],"author":[{"embeddable":true,"href":"https:\/\/www.strassenweb.de\/nachrichten\/wp-json\/wp\/v2\/users\/1"}],"replies":[{"embeddable":true,"href":"https:\/\/www.strassenweb.de\/nachrichten\/wp-json\/wp\/v2\/comments?post=3245"}],"version-history":[{"count":0,"href":"https:\/\/www.strassenweb.de\/nachrichten\/wp-json\/wp\/v2\/posts\/3245\/revisions"}],"wp:featuredmedia":[{"embeddable":true,"href":"https:\/\/www.strassenweb.de\/nachrichten\/wp-json\/wp\/v2\/media\/3246"}],"wp:attachment":[{"href":"https:\/\/www.strassenweb.de\/nachrichten\/wp-json\/wp\/v2\/media?parent=3245"}],"wp:term":[{"taxonomy":"category","embeddable":true,"href":"https:\/\/www.strassenweb.de\/nachrichten\/wp-json\/wp\/v2\/categories?post=3245"},{"taxonomy":"post_tag","embeddable":true,"href":"https:\/\/www.strassenweb.de\/nachrichten\/wp-json\/wp\/v2\/tags?post=3245"}],"curies":[{"name":"wp","href":"https:\/\/api.w.org\/{rel}","templated":true}]}}