{"id":324,"date":"2024-09-27T11:42:34","date_gmt":"2024-09-27T09:42:34","guid":{"rendered":"https:\/\/www.strassenweb.de\/nachrichten\/zur-verteidigung-von-schnecken\/"},"modified":"2024-09-27T11:42:34","modified_gmt":"2024-09-27T09:42:34","slug":"zur-verteidigung-von-schnecken","status":"publish","type":"post","link":"https:\/\/www.strassenweb.de\/nachrichten\/zur-verteidigung-von-schnecken\/","title":{"rendered":"Zur Verteidigung von Schnecken"},"content":{"rendered":"<p>Schnecken. Sie fressen Ihren Salat, kauen Ihren Kohl, entlauben Ihre Dahlien und ermorden Ihre Astern. Schon der Name \u201eSchnecke\u201c ist unangenehm. Es kommt aus dem Mittelenglischen <em>\u201eSchnecke\u201c<\/em>von einem norwegischen Wort f\u00fcr eine schwere, sich langsam bewegende oder tr\u00e4ge Person. Schnecken haben eindeutig ein PR-Problem, also versuchen wir, Abhilfe zu schaffen.<\/p>\n<p>Erstens haben sie einen wilderen Lebensstil, den manche Menschen ihnen zuschreiben. Die meisten an Land lebenden Schnecken (eine Klasse von Weichtieren, zu der Nacktschnecken geh\u00f6ren) sind Hermaphroditen, was bedeutet, dass ein Austausch von Spermien beide Partner befruchtet. Sie haben auch einige au\u00dfergew\u00f6hnliche Paarungsrituale. Leopardenschnecken zum Beispiel steigen an einem Schleimseil von einem Ast herab und umschlingen ihre K\u00f6rper beim Kopulieren.<\/p>\n<p>Dieser Schleim erm\u00f6glicht es ihnen, wie Meisterkletterer an senkrechten Oberfl\u00e4chen aufzusteigen und sich daran festzuhalten. Schleim besteht gr\u00f6\u00dftenteils aus Wasser, enth\u00e4lt aber auch Kohlenhydrate und ein absorbierendes Protein. Es nimmt Feuchtigkeit aus der Luft auf und verhindert so deren Verdunstung. Schleim wird vom Fu\u00df abgesondert und wirkt im Ruhezustand wie ein Klebstoff, verfl\u00fcssigt sich jedoch, wenn w\u00e4hrend der Bewegung der Schnecke Muskelspannung ausge\u00fcbt wird. Wenn der Stress beseitigt wird, verfestigt sich der Schleim wieder.<\/p>\n<p>Die Schleimspur bleibt bestehen, da das Protein das Austrocknen verhindert und die Schnecke damit ihren Weg zur\u00fcck zur Basis finden kann. Leider k\u00f6nnen andere Nacktschnecken der Spur folgen, und r\u00e4uberische Leopardenschnecken (<em>Limax maximus<\/em>) kann sie jagen und fressen (H\u00f6chstgeschwindigkeit 0,25 cm pro Sekunde).<\/p>\n<p>Schleim ist eine ziemlich erstaunliche Substanz, da er das Austrocknen von Schnecken verhindert, es Raubtieren erschwert, sie zu greifen, und einen komplexen Cocktail aus sch\u00fctzenden Molek\u00fclen enth\u00e4lt. Diese versorgen das Gewebe mit Feuchtigkeit, sch\u00fctzen vor Mikroben und bilden bei manchen Arten eine Schutzschicht f\u00fcr ihre Eier.<\/p>\n<p>Dieser schleimige Schleim hat auch f\u00fcr uns Vorteile, da er Zellprozesse wie Geweberegeneration und Wundheilung zu beschleunigen scheint. Es wurde als superklebriger Klebstoff (Hydrogele) f\u00fcr den Einsatz in der Chirurgie entwickelt und einige Wissenschaftler glauben, dass es Potenzial f\u00fcr die Behandlung neurologischer Erkrankungen hat.<\/p>\n<h2 class=\"wp-block-heading\">Die Entwicklung der Schnecke<\/h2>\n<p>Zu den Schnecken geh\u00f6ren Meeresschnecken wie Nacktschnecken, und eine Nacktschneckengattung lebt im S\u00fc\u00dfwasser. Einige Schnecken haben eine stark reduzierte Au\u00dfenh\u00fclle, in den meisten F\u00e4llen ist sie jedoch im Inneren vorhanden. Die heutigen Nacktschnecken haben sich also wahrscheinlich aus an Land lebenden Schnecken entwickelt, die \u00fcber ein Geh\u00e4use verf\u00fcgten. Da einige Meeresschnecken teilweise reduzierte Schalen haben, scheint das Gleiche auch im Ozean passiert zu sein, wo sich schalenlose Schnecken aus Vorfahren mit Schalen in einem Prozess entwickelt haben, der als \u201eSluginisierung\u201c bezeichnet wird.<\/p>\n<p>Bei Schnecken sind Geh\u00e4use Teil des Tierk\u00f6rpers. Sie dienen als Befestigung f\u00fcr den Columellamuskel, der sich zusammenzieht, um die Schnecke in ihr Schneckenhaus zu ziehen. Muscheln bieten Schutz vor Besch\u00e4digung, Fressfeinden und Austrocknung (wichtig f\u00fcr Landschnecken). Dennoch haben sich mehr als ein Dutzend Mal geh\u00e4uselose Nacktschnecken aus Schnecken entwickelt. Ein Hinweis darauf ist, dass einige Nacktschneckenfamilien den Schnecken n\u00e4her stehen als anderen Nacktschnecken.<\/p>\n<p>Schnecken sind unglaublich alt. In einem Artikel vom August 2024 wurde eine chinesische fossile Nacktschnecke aus der Zeit vor etwa 514 Millionen Jahren untersucht, die kein Geh\u00e4use hatte. Es ist also m\u00f6glich, dass sich zuerst ein Nacktschneckenk\u00f6rper entwickelt hat und dass sp\u00e4ter Weichtiere mit Panzern hinzukamen. Dann verloren einige Schnecken ihr \u00e4u\u00dferes Geh\u00e4use, als sie neue Lebensr\u00e4ume, einschlie\u00dflich des Landes, besiedelten. Fossile Beweise zeigen beispielsweise eine starke Ausbreitung der Schnecken nach dem Asteroideneinschlag, der vor 65 Millionen Jahren fast alle Dinosaurier ausl\u00f6schte. Dies deutet darauf hin, dass sich Weichtiere angepasst und ver\u00e4ndert haben, obwohl viele Tierarten ausgestorben sind.<\/p>\n<p>Schnecken k\u00f6nnen uns etwas \u00fcber die Evolution lehren. Sie sind ein hervorragendes Beispiel f\u00fcr sich wiederholende Erfindungen. Dabei entwickelt sich die gleiche K\u00f6rperform oder -struktur oft in v\u00f6llig unabh\u00e4ngigen Gruppen von Organismen viele Male separat weiter, weil sie so gut funktioniert. Es ist als konvergente Evolution bekannt.<\/p>\n<figure class=\"wp-block-image\"><\/figure>\n<p>Im Vereinigten K\u00f6nigreich gibt es etwa 40 Nacktschneckenarten, obwohl die molekulare Analyse darauf hindeutet, dass es noch mehr zu entdecken gibt. Nur wenige wie die Graue Ackerschnecke (<em>Deroceras reticulatum<\/em>) sind ernstzunehmende Sch\u00e4dlinge.<\/p>\n<p>Die meisten fressen verrottende Vegetation und helfen beim Recycling, ohne das ein \u00d6kosystem zu zerfallen und sich zu ver\u00e4ndern beginnt. In W\u00e4ldern werden jedes Jahr mehr als 80 % des Pflanzenwachstums als tote organische Substanz zersetzt. W\u00e4hrend sie fressen, tragen Schnecken zur Verbesserung des Bodens bei, indem sie die N\u00e4hrstoffe erh\u00f6hen. Durch das Eingraben k\u00f6nnen sie auch die Bel\u00fcftung erh\u00f6hen, wodurch Pflanzenwurzeln kr\u00e4ftiger wachsen k\u00f6nnen.<\/p>\n<p>Schnecken unterst\u00fctzen auch die Best\u00e4ubung, da Pollen an ihrem Schleim haften bleiben. Wenn sie beispielsweise Farne fressen, nehmen sie Sporen auf, die sp\u00e4ter ausgeschieden werden und zu Farns\u00e4mlingen keimen.<\/p>\n<p>Sie sind Nahrung f\u00fcr viele Arten. Igel, F\u00fcchse, Spitzm\u00e4use, M\u00e4use, Maulw\u00fcrfe, Eichh\u00f6rnchen, Amseln, Drosseln und Dohlen fressen sie ebenso wie K\u00e4fer, darunter auch Gl\u00fchw\u00fcrmchenlarven, weshalb Schneckenkorn so verheerende Folgen f\u00fcr das \u00d6kosystem haben kann.<\/p>\n<p>Einige Schneckenarten kommen nur in bestimmten Gebieten vor. Das bedeutet, dass sie uns etwas \u00fcber die Gesundheit eines Lebensraums verraten k\u00f6nnen, denn Schnecken w\u00e4ren nur dann dort, wenn dieser ihren besonderen Vorlieben entspr\u00e4che. Bei einer k\u00fcrzlich durchgef\u00fchrten Molluskenuntersuchung in einem alten Waldgebiet im S\u00fcden von Nottinghamshire, Gro\u00dfbritannien, identifizierte einer meiner Studenten acht Nacktschneckenarten, darunter die pilzfressende Zitronenschnecke, die nur in alten Laub- oder Nadelw\u00e4ldern lebt. Das Vorkommen der Art deutet also darauf hin, dass der Wald von hoher Qualit\u00e4t ist.<\/p>\n<p>Immer noch nicht \u00fcberzeugt, dass Schnecken gut sein k\u00f6nnen? Sie k\u00f6nnen kontrolliert werden. Laufk\u00e4fer werden zur Schneckenbek\u00e4mpfung in der konservierenden Landwirtschaft eingesetzt. Um die Schnecken in Ihrem Garten zu bek\u00e4mpfen, locken Sie Raubtiere wie Laufk\u00e4fer an, indem Sie wilde Gebiete verlassen und Lebensr\u00e4ume mit Holzhaufen, Schnittgut und verrottendem Laub anlegen.<\/p>\n<p>Es gibt zahlreiche Ratschl\u00e4ge zum Umgang mit Schnecken, darunter auch Anleitungen der Henry Doubleday Research Association. Legen Sie also die Schneckenk\u00f6rner ab und erkunden Sie die umweltfreundlicheren M\u00f6glichkeiten, Ihre Pflanzen zu sch\u00fctzen.<\/p>\n<hr class=\"wp-block-separator has-alpha-channel-opacity\">\n<p>Christopher Terrell Nield, Hauptdozent, Biowissenschaften, <em>Nottingham Trent University<\/em><\/p>\n<p>  wird von The Conversation unter einer Creative Commons-Lizenz erneut ver\u00f6ffentlicht. <\/p>\n","protected":false},"excerpt":{"rendered":"<p>Schnecken. Sie fressen Ihren Salat, kauen Ihren Kohl, entlauben Ihre Dahlien und ermorden Ihre Astern. Schon der Name \u201eSchnecke\u201c ist unangenehm. Es kommt aus dem<\/p>\n","protected":false},"author":1,"featured_media":325,"comment_status":"closed","ping_status":"","sticky":false,"template":"","format":"standard","meta":{"footnotes":""},"categories":[101],"tags":[683,682,21,99],"class_list":["post-324","post","type-post","status-publish","format-standard","has-post-thumbnail","hentry","category-oekologie","tag-schnecken","tag-verteidigung","tag-von","tag-zur","generate-columns","tablet-grid-50","mobile-grid-100","grid-parent","grid-50"],"yoast_head":"<!-- This site is optimized with the Yoast SEO plugin v27.3 - https:\/\/yoast.com\/product\/yoast-seo-wordpress\/ -->\n<title>Zur Verteidigung von Schnecken - Nachrichten - Stra\u00dfenweb<\/title>\n<meta name=\"robots\" content=\"index, follow, max-snippet:-1, max-image-preview:large, max-video-preview:-1\" \/>\n<link rel=\"canonical\" href=\"https:\/\/www.strassenweb.de\/nachrichten\/zur-verteidigung-von-schnecken\/\" \/>\n<meta property=\"og:locale\" content=\"de_DE\" \/>\n<meta property=\"og:type\" content=\"article\" \/>\n<meta property=\"og:title\" content=\"Zur Verteidigung von Schnecken - Nachrichten - Stra\u00dfenweb\" \/>\n<meta property=\"og:description\" content=\"Schnecken. Sie fressen Ihren Salat, kauen Ihren Kohl, entlauben Ihre Dahlien und ermorden Ihre Astern. Schon der Name \u201eSchnecke\u201c ist unangenehm. Es kommt aus dem\" \/>\n<meta property=\"og:url\" content=\"https:\/\/www.strassenweb.de\/nachrichten\/zur-verteidigung-von-schnecken\/\" \/>\n<meta property=\"og:site_name\" content=\"Stra\u00dfenweb\" \/>\n<meta property=\"article:publisher\" content=\"https:\/\/www.facebook.com\/strassenweb\/\" \/>\n<meta property=\"article:published_time\" content=\"2024-09-27T09:42:34+00:00\" \/>\n<meta property=\"og:image\" content=\"https:\/\/www.strassenweb.de\/nachrichten\/wp-content\/uploads\/2024\/09\/Zur-Verteidigung-von-Schnecken.jpg\" \/>\n\t<meta property=\"og:image:width\" content=\"752\" \/>\n\t<meta property=\"og:image:height\" content=\"488\" \/>\n\t<meta property=\"og:image:type\" content=\"image\/jpeg\" \/>\n<meta name=\"author\" content=\"Robert Hoffmann\" \/>\n<meta name=\"twitter:card\" content=\"summary_large_image\" \/>\n<meta name=\"twitter:label1\" content=\"Verfasst von\" \/>\n\t<meta name=\"twitter:data1\" content=\"Robert Hoffmann\" \/>\n\t<meta name=\"twitter:label2\" content=\"Gesch\u00e4tzte Lesezeit\" \/>\n\t<meta name=\"twitter:data2\" content=\"5\u00a0Minuten\" \/>\n<script type=\"application\/ld+json\" class=\"yoast-schema-graph\">{\"@context\":\"https:\\\/\\\/schema.org\",\"@graph\":[{\"@type\":\"Article\",\"@id\":\"https:\\\/\\\/www.strassenweb.de\\\/nachrichten\\\/zur-verteidigung-von-schnecken\\\/#article\",\"isPartOf\":{\"@id\":\"https:\\\/\\\/www.strassenweb.de\\\/nachrichten\\\/zur-verteidigung-von-schnecken\\\/\"},\"author\":{\"name\":\"Robert Hoffmann\",\"@id\":\"https:\\\/\\\/www.strassenweb.de\\\/nachrichten\\\/#\\\/schema\\\/person\\\/87c9c9067f1211da429a744dc5a5aa41\"},\"headline\":\"Zur Verteidigung von Schnecken\",\"datePublished\":\"2024-09-27T09:42:34+00:00\",\"mainEntityOfPage\":{\"@id\":\"https:\\\/\\\/www.strassenweb.de\\\/nachrichten\\\/zur-verteidigung-von-schnecken\\\/\"},\"wordCount\":1050,\"publisher\":{\"@id\":\"https:\\\/\\\/www.strassenweb.de\\\/nachrichten\\\/#organization\"},\"image\":{\"@id\":\"https:\\\/\\\/www.strassenweb.de\\\/nachrichten\\\/zur-verteidigung-von-schnecken\\\/#primaryimage\"},\"thumbnailUrl\":\"https:\\\/\\\/www.strassenweb.de\\\/nachrichten\\\/wp-content\\\/uploads\\\/2024\\\/09\\\/Zur-Verteidigung-von-Schnecken.jpg\",\"keywords\":[\"Schnecken\",\"Verteidigung\",\"von\",\"zur\"],\"articleSection\":[\"\u00d6kologie\"],\"inLanguage\":\"de\"},{\"@type\":\"WebPage\",\"@id\":\"https:\\\/\\\/www.strassenweb.de\\\/nachrichten\\\/zur-verteidigung-von-schnecken\\\/\",\"url\":\"https:\\\/\\\/www.strassenweb.de\\\/nachrichten\\\/zur-verteidigung-von-schnecken\\\/\",\"name\":\"Zur Verteidigung von Schnecken - Nachrichten - Stra\u00dfenweb\",\"isPartOf\":{\"@id\":\"https:\\\/\\\/www.strassenweb.de\\\/nachrichten\\\/#website\"},\"primaryImageOfPage\":{\"@id\":\"https:\\\/\\\/www.strassenweb.de\\\/nachrichten\\\/zur-verteidigung-von-schnecken\\\/#primaryimage\"},\"image\":{\"@id\":\"https:\\\/\\\/www.strassenweb.de\\\/nachrichten\\\/zur-verteidigung-von-schnecken\\\/#primaryimage\"},\"thumbnailUrl\":\"https:\\\/\\\/www.strassenweb.de\\\/nachrichten\\\/wp-content\\\/uploads\\\/2024\\\/09\\\/Zur-Verteidigung-von-Schnecken.jpg\",\"datePublished\":\"2024-09-27T09:42:34+00:00\",\"breadcrumb\":{\"@id\":\"https:\\\/\\\/www.strassenweb.de\\\/nachrichten\\\/zur-verteidigung-von-schnecken\\\/#breadcrumb\"},\"inLanguage\":\"de\",\"potentialAction\":[{\"@type\":\"ReadAction\",\"target\":[\"https:\\\/\\\/www.strassenweb.de\\\/nachrichten\\\/zur-verteidigung-von-schnecken\\\/\"]}]},{\"@type\":\"ImageObject\",\"inLanguage\":\"de\",\"@id\":\"https:\\\/\\\/www.strassenweb.de\\\/nachrichten\\\/zur-verteidigung-von-schnecken\\\/#primaryimage\",\"url\":\"https:\\\/\\\/www.strassenweb.de\\\/nachrichten\\\/wp-content\\\/uploads\\\/2024\\\/09\\\/Zur-Verteidigung-von-Schnecken.jpg\",\"contentUrl\":\"https:\\\/\\\/www.strassenweb.de\\\/nachrichten\\\/wp-content\\\/uploads\\\/2024\\\/09\\\/Zur-Verteidigung-von-Schnecken.jpg\",\"width\":752,\"height\":488,\"caption\":\"In defence of\u00a0slugs\"},{\"@type\":\"BreadcrumbList\",\"@id\":\"https:\\\/\\\/www.strassenweb.de\\\/nachrichten\\\/zur-verteidigung-von-schnecken\\\/#breadcrumb\",\"itemListElement\":[{\"@type\":\"ListItem\",\"position\":1,\"name\":\"Home\",\"item\":\"https:\\\/\\\/www.strassenweb.de\\\/nachrichten\\\/\"},{\"@type\":\"ListItem\",\"position\":2,\"name\":\"Zur Verteidigung von Schnecken\"}]},{\"@type\":\"WebSite\",\"@id\":\"https:\\\/\\\/www.strassenweb.de\\\/nachrichten\\\/#website\",\"url\":\"https:\\\/\\\/www.strassenweb.de\\\/nachrichten\\\/\",\"name\":\"Stra\u00dfenweb\",\"description\":\"Stra\u00dfenverzeichnis f\u00fcr Deutschland\",\"publisher\":{\"@id\":\"https:\\\/\\\/www.strassenweb.de\\\/nachrichten\\\/#organization\"},\"potentialAction\":[{\"@type\":\"SearchAction\",\"target\":{\"@type\":\"EntryPoint\",\"urlTemplate\":\"https:\\\/\\\/www.strassenweb.de\\\/nachrichten\\\/?s={search_term_string}\"},\"query-input\":{\"@type\":\"PropertyValueSpecification\",\"valueRequired\":true,\"valueName\":\"search_term_string\"}}],\"inLanguage\":\"de\"},{\"@type\":\"Organization\",\"@id\":\"https:\\\/\\\/www.strassenweb.de\\\/nachrichten\\\/#organization\",\"name\":\"Stra\u00dfenweb\",\"url\":\"https:\\\/\\\/www.strassenweb.de\\\/nachrichten\\\/\",\"logo\":{\"@type\":\"ImageObject\",\"inLanguage\":\"de\",\"@id\":\"https:\\\/\\\/www.strassenweb.de\\\/nachrichten\\\/#\\\/schema\\\/logo\\\/image\\\/\",\"url\":\"https:\\\/\\\/www.strassenweb.de\\\/nachrichten\\\/wp-content\\\/uploads\\\/2024\\\/09\\\/cropped-favicon.png\",\"contentUrl\":\"https:\\\/\\\/www.strassenweb.de\\\/nachrichten\\\/wp-content\\\/uploads\\\/2024\\\/09\\\/cropped-favicon.png\",\"width\":512,\"height\":512,\"caption\":\"Stra\u00dfenweb\"},\"image\":{\"@id\":\"https:\\\/\\\/www.strassenweb.de\\\/nachrichten\\\/#\\\/schema\\\/logo\\\/image\\\/\"},\"sameAs\":[\"https:\\\/\\\/www.facebook.com\\\/strassenweb\\\/\"]},{\"@type\":\"Person\",\"@id\":\"https:\\\/\\\/www.strassenweb.de\\\/nachrichten\\\/#\\\/schema\\\/person\\\/87c9c9067f1211da429a744dc5a5aa41\",\"name\":\"Robert Hoffmann\",\"image\":{\"@type\":\"ImageObject\",\"inLanguage\":\"de\",\"@id\":\"https:\\\/\\\/www.strassenweb.de\\\/nachrichten\\\/wp-content\\\/uploads\\\/2024\\\/09\\\/strassenweb-150x150.jpg\",\"url\":\"https:\\\/\\\/www.strassenweb.de\\\/nachrichten\\\/wp-content\\\/uploads\\\/2024\\\/09\\\/strassenweb-150x150.jpg\",\"contentUrl\":\"https:\\\/\\\/www.strassenweb.de\\\/nachrichten\\\/wp-content\\\/uploads\\\/2024\\\/09\\\/strassenweb-150x150.jpg\",\"caption\":\"Robert Hoffmann\"},\"description\":\"Ich hei\u00dfe Robert Hoffmann und ich bin ein leidenschaftlicher Verfechter von \u00d6kologie und Biodiversit\u00e4t. Seit meiner Kindheit in den W\u00e4ldern Bayerns f\u00fchle ich mich mit der Natur verbunden und bin entschlossen, sie zu sch\u00fctzen. Heute widme ich mein Leben der Sensibilisierung anderer f\u00fcr die Bedeutung des Umweltschutzes f\u00fcr zuk\u00fcnftige Generationen.\",\"sameAs\":[\"https:\\\/\\\/www.strassenweb.de\\\/\"]}]}<\/script>\n<!-- \/ Yoast SEO plugin. -->","yoast_head_json":{"title":"Zur Verteidigung von Schnecken - Nachrichten - Stra\u00dfenweb","robots":{"index":"index","follow":"follow","max-snippet":"max-snippet:-1","max-image-preview":"max-image-preview:large","max-video-preview":"max-video-preview:-1"},"canonical":"https:\/\/www.strassenweb.de\/nachrichten\/zur-verteidigung-von-schnecken\/","og_locale":"de_DE","og_type":"article","og_title":"Zur Verteidigung von Schnecken - Nachrichten - Stra\u00dfenweb","og_description":"Schnecken. Sie fressen Ihren Salat, kauen Ihren Kohl, entlauben Ihre Dahlien und ermorden Ihre Astern. Schon der Name \u201eSchnecke\u201c ist unangenehm. Es kommt aus dem","og_url":"https:\/\/www.strassenweb.de\/nachrichten\/zur-verteidigung-von-schnecken\/","og_site_name":"Stra\u00dfenweb","article_publisher":"https:\/\/www.facebook.com\/strassenweb\/","article_published_time":"2024-09-27T09:42:34+00:00","og_image":[{"width":752,"height":488,"url":"https:\/\/www.strassenweb.de\/nachrichten\/wp-content\/uploads\/2024\/09\/Zur-Verteidigung-von-Schnecken.jpg","type":"image\/jpeg"}],"author":"Robert Hoffmann","twitter_card":"summary_large_image","twitter_misc":{"Verfasst von":"Robert Hoffmann","Gesch\u00e4tzte Lesezeit":"5\u00a0Minuten"},"schema":{"@context":"https:\/\/schema.org","@graph":[{"@type":"Article","@id":"https:\/\/www.strassenweb.de\/nachrichten\/zur-verteidigung-von-schnecken\/#article","isPartOf":{"@id":"https:\/\/www.strassenweb.de\/nachrichten\/zur-verteidigung-von-schnecken\/"},"author":{"name":"Robert Hoffmann","@id":"https:\/\/www.strassenweb.de\/nachrichten\/#\/schema\/person\/87c9c9067f1211da429a744dc5a5aa41"},"headline":"Zur Verteidigung von Schnecken","datePublished":"2024-09-27T09:42:34+00:00","mainEntityOfPage":{"@id":"https:\/\/www.strassenweb.de\/nachrichten\/zur-verteidigung-von-schnecken\/"},"wordCount":1050,"publisher":{"@id":"https:\/\/www.strassenweb.de\/nachrichten\/#organization"},"image":{"@id":"https:\/\/www.strassenweb.de\/nachrichten\/zur-verteidigung-von-schnecken\/#primaryimage"},"thumbnailUrl":"https:\/\/www.strassenweb.de\/nachrichten\/wp-content\/uploads\/2024\/09\/Zur-Verteidigung-von-Schnecken.jpg","keywords":["Schnecken","Verteidigung","von","zur"],"articleSection":["\u00d6kologie"],"inLanguage":"de"},{"@type":"WebPage","@id":"https:\/\/www.strassenweb.de\/nachrichten\/zur-verteidigung-von-schnecken\/","url":"https:\/\/www.strassenweb.de\/nachrichten\/zur-verteidigung-von-schnecken\/","name":"Zur Verteidigung von Schnecken - Nachrichten - Stra\u00dfenweb","isPartOf":{"@id":"https:\/\/www.strassenweb.de\/nachrichten\/#website"},"primaryImageOfPage":{"@id":"https:\/\/www.strassenweb.de\/nachrichten\/zur-verteidigung-von-schnecken\/#primaryimage"},"image":{"@id":"https:\/\/www.strassenweb.de\/nachrichten\/zur-verteidigung-von-schnecken\/#primaryimage"},"thumbnailUrl":"https:\/\/www.strassenweb.de\/nachrichten\/wp-content\/uploads\/2024\/09\/Zur-Verteidigung-von-Schnecken.jpg","datePublished":"2024-09-27T09:42:34+00:00","breadcrumb":{"@id":"https:\/\/www.strassenweb.de\/nachrichten\/zur-verteidigung-von-schnecken\/#breadcrumb"},"inLanguage":"de","potentialAction":[{"@type":"ReadAction","target":["https:\/\/www.strassenweb.de\/nachrichten\/zur-verteidigung-von-schnecken\/"]}]},{"@type":"ImageObject","inLanguage":"de","@id":"https:\/\/www.strassenweb.de\/nachrichten\/zur-verteidigung-von-schnecken\/#primaryimage","url":"https:\/\/www.strassenweb.de\/nachrichten\/wp-content\/uploads\/2024\/09\/Zur-Verteidigung-von-Schnecken.jpg","contentUrl":"https:\/\/www.strassenweb.de\/nachrichten\/wp-content\/uploads\/2024\/09\/Zur-Verteidigung-von-Schnecken.jpg","width":752,"height":488,"caption":"In defence of\u00a0slugs"},{"@type":"BreadcrumbList","@id":"https:\/\/www.strassenweb.de\/nachrichten\/zur-verteidigung-von-schnecken\/#breadcrumb","itemListElement":[{"@type":"ListItem","position":1,"name":"Home","item":"https:\/\/www.strassenweb.de\/nachrichten\/"},{"@type":"ListItem","position":2,"name":"Zur Verteidigung von Schnecken"}]},{"@type":"WebSite","@id":"https:\/\/www.strassenweb.de\/nachrichten\/#website","url":"https:\/\/www.strassenweb.de\/nachrichten\/","name":"Stra\u00dfenweb","description":"Stra\u00dfenverzeichnis f\u00fcr Deutschland","publisher":{"@id":"https:\/\/www.strassenweb.de\/nachrichten\/#organization"},"potentialAction":[{"@type":"SearchAction","target":{"@type":"EntryPoint","urlTemplate":"https:\/\/www.strassenweb.de\/nachrichten\/?s={search_term_string}"},"query-input":{"@type":"PropertyValueSpecification","valueRequired":true,"valueName":"search_term_string"}}],"inLanguage":"de"},{"@type":"Organization","@id":"https:\/\/www.strassenweb.de\/nachrichten\/#organization","name":"Stra\u00dfenweb","url":"https:\/\/www.strassenweb.de\/nachrichten\/","logo":{"@type":"ImageObject","inLanguage":"de","@id":"https:\/\/www.strassenweb.de\/nachrichten\/#\/schema\/logo\/image\/","url":"https:\/\/www.strassenweb.de\/nachrichten\/wp-content\/uploads\/2024\/09\/cropped-favicon.png","contentUrl":"https:\/\/www.strassenweb.de\/nachrichten\/wp-content\/uploads\/2024\/09\/cropped-favicon.png","width":512,"height":512,"caption":"Stra\u00dfenweb"},"image":{"@id":"https:\/\/www.strassenweb.de\/nachrichten\/#\/schema\/logo\/image\/"},"sameAs":["https:\/\/www.facebook.com\/strassenweb\/"]},{"@type":"Person","@id":"https:\/\/www.strassenweb.de\/nachrichten\/#\/schema\/person\/87c9c9067f1211da429a744dc5a5aa41","name":"Robert Hoffmann","image":{"@type":"ImageObject","inLanguage":"de","@id":"https:\/\/www.strassenweb.de\/nachrichten\/wp-content\/uploads\/2024\/09\/strassenweb-150x150.jpg","url":"https:\/\/www.strassenweb.de\/nachrichten\/wp-content\/uploads\/2024\/09\/strassenweb-150x150.jpg","contentUrl":"https:\/\/www.strassenweb.de\/nachrichten\/wp-content\/uploads\/2024\/09\/strassenweb-150x150.jpg","caption":"Robert Hoffmann"},"description":"Ich hei\u00dfe Robert Hoffmann und ich bin ein leidenschaftlicher Verfechter von \u00d6kologie und Biodiversit\u00e4t. Seit meiner Kindheit in den W\u00e4ldern Bayerns f\u00fchle ich mich mit der Natur verbunden und bin entschlossen, sie zu sch\u00fctzen. Heute widme ich mein Leben der Sensibilisierung anderer f\u00fcr die Bedeutung des Umweltschutzes f\u00fcr zuk\u00fcnftige Generationen.","sameAs":["https:\/\/www.strassenweb.de\/"]}]}},"_links":{"self":[{"href":"https:\/\/www.strassenweb.de\/nachrichten\/wp-json\/wp\/v2\/posts\/324","targetHints":{"allow":["GET"]}}],"collection":[{"href":"https:\/\/www.strassenweb.de\/nachrichten\/wp-json\/wp\/v2\/posts"}],"about":[{"href":"https:\/\/www.strassenweb.de\/nachrichten\/wp-json\/wp\/v2\/types\/post"}],"author":[{"embeddable":true,"href":"https:\/\/www.strassenweb.de\/nachrichten\/wp-json\/wp\/v2\/users\/1"}],"replies":[{"embeddable":true,"href":"https:\/\/www.strassenweb.de\/nachrichten\/wp-json\/wp\/v2\/comments?post=324"}],"version-history":[{"count":0,"href":"https:\/\/www.strassenweb.de\/nachrichten\/wp-json\/wp\/v2\/posts\/324\/revisions"}],"wp:featuredmedia":[{"embeddable":true,"href":"https:\/\/www.strassenweb.de\/nachrichten\/wp-json\/wp\/v2\/media\/325"}],"wp:attachment":[{"href":"https:\/\/www.strassenweb.de\/nachrichten\/wp-json\/wp\/v2\/media?parent=324"}],"wp:term":[{"taxonomy":"category","embeddable":true,"href":"https:\/\/www.strassenweb.de\/nachrichten\/wp-json\/wp\/v2\/categories?post=324"},{"taxonomy":"post_tag","embeddable":true,"href":"https:\/\/www.strassenweb.de\/nachrichten\/wp-json\/wp\/v2\/tags?post=324"}],"curies":[{"name":"wp","href":"https:\/\/api.w.org\/{rel}","templated":true}]}}