{"id":3235,"date":"2025-02-10T20:41:02","date_gmt":"2025-02-10T19:41:02","guid":{"rendered":"https:\/\/www.strassenweb.de\/nachrichten\/rette-die-seegras-eine-globale-kampagne-zum-schutz-der-meereswiesen\/"},"modified":"2025-02-10T20:41:02","modified_gmt":"2025-02-10T19:41:02","slug":"rette-die-seegras-eine-globale-kampagne-zum-schutz-der-meereswiesen","status":"publish","type":"post","link":"https:\/\/www.strassenweb.de\/nachrichten\/rette-die-seegras-eine-globale-kampagne-zum-schutz-der-meereswiesen\/","title":{"rendered":"Rette die Seegras: Eine globale Kampagne zum Schutz der Meereswiesen"},"content":{"rendered":"<p>Die World Sustainability Foundation startet eine bedeutende Initiative, um einen der wertvollsten \u00d6kosysteme des Planeten zu sch\u00fctzen.<\/p>\n<p>Seegraswiesen, die tats\u00e4chlichen Lungen des Meeres, verschwinden mit alarmierender Geschwindigkeit. Seit dem 19. Jahrhundert haben wir 30% der Gesamtfl\u00e4che dieser wichtigen Lebensr\u00e4ume verloren, wobei 14% der Arten des Aussterbens ausgesetzt sind. Um diesem Trend entgegenzuwirken, hat die World Sustainability Foundation die Kampagne \u201eSave the Seegrasses\u201c initiiert, ein ehrgeiziges Projekt zur Erhaltung dieser entscheidenden \u00d6kosysteme, einem Eckpfeiler der marinen Biodiversit\u00e4t.<\/p>\n<p>Ein einzigartiges und unersetzliches \u00d6kosystem<\/p>\n<p>Seegras sind die einzigen bl\u00fchenden Pflanzen, die in Meeresumgebungen vollst\u00e4ndig gedeihen k\u00f6nnen, wobei 72 Arten weltweit gefunden werden. Diese au\u00dfergew\u00f6hnlichen Pflanzen haben sich von ihren terrestrischen Verwandten entwickelt, um sonnenbeschienene Meereszonen zu kolonisieren und einzigartige Merkmale zu entwickeln, einschlie\u00dflich der bemerkenswerten F\u00e4higkeit, unter Wasser best\u00e4ubt zu werden.<\/p>\n<p>Seegraswiesen geh\u00f6ren zu den produktivsten \u00d6kosystemen der Erde und erf\u00fcllen wesentliche Funktionen f\u00fcr die Meeresumwelt. Ihre Rolle beim K\u00fcstenschutz ist kritisch:<\/p>\n<p>Sie verringern die Erosion, indem sie Sedimente stabilisieren, die Welleneinfluss auf Ufer mildern und Meeresboden stabilisieren.<\/p>\n<p>Sie bieten wesentliche Lebensr\u00e4ume f\u00fcr zahlreiche Meeresarten, die als Kinderg\u00e4rten f\u00fcr jugendliche Fische fungieren und prim\u00e4re Nahrungsquellen f\u00fcr gesch\u00fctzte Arten wie Seek\u00e4pste und gr\u00fcne Schildkr\u00f6ten anbieten.<\/p>\n<p>Sie verbessern die Wasserqualit\u00e4t, indem sie Filtern, Sauerstoffversorgung der Meeresumgebung und die Sequestrate von Kohlenstoff aus der Atmosph\u00e4re.<\/p>\n<p>Bedrohungen und Herausforderungen<\/p>\n<p>Seegraswiesen stehen derzeit mit zahlreichen Bedrohungen aus, die ihr \u00dcberleben gef\u00e4hrden:<\/p>\n<p>K\u00fcstenentwicklung, Freizeitbootung und Schleppt\u00e4tigkeit zerst\u00f6ren Seegraswiesen oder erh\u00f6hen die Wassertr\u00fcbung und behindern die Photosynthese.<\/p>\n<p>Steigende Temperaturen, Anstieg des Meeresspiegels und die Intensivierung von Wetterereignissen wie Hurrikanen und St\u00fcrmen beeintr\u00e4chtigen das Wachstum und die Fortpflanzung der Pflanzen.<\/p>\n<p>Die Verschmutzung durch unbehandelte Abwasserentladungen f\u00fchrt zu Eutrophierung und erh\u00f6hten Stickstoff- und Phosphorspiegeln, was zu \u00fcberm\u00e4\u00dfigem Algenwachstum f\u00fchrt, das die Photosynthese blockiert.<\/p>\n<p>Sozio\u00f6konomische Auswirkungen<\/p>\n<p>Der Verlust von Seegraswiesen f\u00fchrt zu Konsequenzen, die weit \u00fcber die nat\u00fcrliche Umwelt hinausgehen:<\/p>\n<p>Im Fischereisektor gibt es eine signifikante Verringerung der Brutst\u00e4tten f\u00fcr kommerziell wichtige Arten, die sich direkt sowohl handwerkliche als auch industrielle Fischerei und Ern\u00e4hrungssicherheit f\u00fcr K\u00fcstengemeinschaften auswirken.<\/p>\n<p>Die Reduzierung der \u00d6kotourismus -Chancen und die Verschlechterung der K\u00fcstenwasserqualit\u00e4t wirkt sich negativ auf den Tourismus aus.<\/p>\n<p>Der K\u00fcstenschutz wird beeintr\u00e4chtigt, was die Kosten f\u00fcr die K\u00fcstenverteidigung und die Anf\u00e4lligkeit f\u00fcr extreme Wetterereignisse erh\u00f6ht.<\/p>\n<p>Strategische Partnerschaft: Der Sea Ranger Service<\/p>\n<p>Im Rahmen der Kampagne \u201eSave the Seegrass\u201c unterst\u00fctzt die World Sustainability Foundation den Sea Ranger Service, eine innovative Organisation, die in den Niederlanden t\u00e4tig ist. Es bietet jungen Menschen in K\u00fcstengebieten maritime Ausbildung, Besch\u00e4ftigung und Coaching -M\u00f6glichkeiten. Gleichzeitig bieten sie Offshore -Dienste an, um Regierungen bei der Verwaltung, Erhaltung und Wiederherstellung von Ozeanen zu unterst\u00fctzen.<\/p>\n<p>Derzeit ist das Projekt in sechs europ\u00e4ischen L\u00e4ndern (D\u00e4nemark, Deutschland, Frankreich, den Niederlanden, Spanien und dem Vereinigten K\u00f6nigreich) mit bedeutenden Restaurierungsinitiativen wie:<\/p>\n<p>Arcachon Bay (Frankreich) und Ostscheldt (Niederlande): Plantierte Seegrasdiagramme sind derzeit auf 18,3 Hektar verteilt. Dies wird in Zusammenarbeit mit der University of Groningen und dem B\u00fcro Fran\u00e7ais de la Biodiversit\u00e9 zwischen 16 Hektar im \u00f6stlichen Schelnen und 2,3 Hektar in Arcachon aufgeteilt.<\/p>\n<p>\u00c9tang de Berre (Frankreich): In Zusammenarbeit mit Gipreb und der University of Groningen rund 1500 Seegrasskerne in einer 1 -ha -Deckung gepflanzt. Hier hat sich die tats\u00e4chliche Oberfl\u00e4che von Seegras im September von 7,8 m2 im Mai auf 430 m2 erweitert.<\/p>\n<p>Ein Aufruf zum Handeln<\/p>\n<p>Die Kampagne \u201eSave the Seegrass\u201c erfordert kollektive Ma\u00dfnahmen aller Gesellschaftssektoren:<\/p>\n<p>Die B\u00fcrger k\u00f6nnen einen Beitrag leisten, indem sie sich ausbilden und das Bewusstsein f\u00fcr die Bedeutung von Seegraswiesen, die Unterst\u00fctzung von Naturschutzinitiativen und die Auswahl nachhaltiger Fischprodukte sch\u00e4rfen.<\/p>\n<p>Institutionen m\u00fcssen strengere Vorschriften zum Schutz der Meeresr\u00e4ume und zur Verbesserung der Abwasserbehandlungssysteme umsetzen.<\/p>\n<p>Der private Sektor kann seine Rolle spielen, indem er nachhaltige Praktiken bei marinen Aktivit\u00e4ten einnimmt und in Technologien investiert, die die Auswirkungen auf die Umwelt verringern.<\/p>\n<p>\u201eSeegraswiesen sind viel mehr als nur ein nat\u00fcrlicher Lebensraum: Sie sind das schlagende Herz unserer K\u00fcsten\u00f6kosysteme und spielen eine entscheidende Rolle im Kampf gegen den Klimawandel\u201c, sagt Paolo Bray, Gr\u00fcnder und Direktor der World Sustainability Foundation. \u201eMit der Kampagne&#8220; Save the Seegrass &#8222;sch\u00fctzen wir nicht nur Meerespflanzen. Wir sch\u00fctzen die Zukunft unserer K\u00fcsten, der von ihnen abh\u00e4ngigen Gemeinden und unz\u00e4hligen Meeresarten. Jeder Hektar von Seegras, den wir sparen, ist eine Investition in zuk\u00fcnftige Generationen. \u201c<\/p>\n","protected":false},"excerpt":{"rendered":"<p>Die World Sustainability Foundation startet eine bedeutende Initiative, um einen der wertvollsten \u00d6kosysteme des Planeten zu sch\u00fctzen. Seegraswiesen, die tats\u00e4chlichen Lungen des Meeres, verschwinden mit<\/p>\n","protected":false},"author":1,"featured_media":3236,"comment_status":"closed","ping_status":"","sticky":false,"template":"","format":"standard","meta":{"footnotes":""},"categories":[101],"tags":[81,9,74,96,5130,5131,5128,1161,5129,67],"class_list":["post-3235","post","type-post","status-publish","format-standard","has-post-thumbnail","hentry","category-oekologie","tag-der","tag-die","tag-eine","tag-globale","tag-kampagne","tag-meereswiesen","tag-rette","tag-schutz","tag-seegras","tag-zum","generate-columns","tablet-grid-50","mobile-grid-100","grid-parent","grid-50"],"yoast_head":"<!-- This site is optimized with the Yoast SEO plugin v27.3 - https:\/\/yoast.com\/product\/yoast-seo-wordpress\/ -->\n<title>Rette die Seegras: Eine globale Kampagne zum Schutz der Meereswiesen - Nachrichten - Stra\u00dfenweb<\/title>\n<meta name=\"robots\" content=\"index, follow, max-snippet:-1, max-image-preview:large, max-video-preview:-1\" \/>\n<link rel=\"canonical\" href=\"https:\/\/www.strassenweb.de\/nachrichten\/rette-die-seegras-eine-globale-kampagne-zum-schutz-der-meereswiesen\/\" \/>\n<meta property=\"og:locale\" content=\"de_DE\" \/>\n<meta property=\"og:type\" content=\"article\" \/>\n<meta property=\"og:title\" content=\"Rette die Seegras: Eine globale Kampagne zum Schutz der Meereswiesen - Nachrichten - Stra\u00dfenweb\" \/>\n<meta property=\"og:description\" content=\"Die World Sustainability Foundation startet eine bedeutende Initiative, um einen der wertvollsten \u00d6kosysteme des Planeten zu sch\u00fctzen. Seegraswiesen, die tats\u00e4chlichen Lungen des Meeres, verschwinden mit\" \/>\n<meta property=\"og:url\" content=\"https:\/\/www.strassenweb.de\/nachrichten\/rette-die-seegras-eine-globale-kampagne-zum-schutz-der-meereswiesen\/\" \/>\n<meta property=\"og:site_name\" content=\"Stra\u00dfenweb\" \/>\n<meta property=\"article:publisher\" content=\"https:\/\/www.facebook.com\/strassenweb\/\" \/>\n<meta property=\"article:published_time\" content=\"2025-02-10T19:41:02+00:00\" \/>\n<meta property=\"og:image\" content=\"https:\/\/www.strassenweb.de\/nachrichten\/wp-content\/uploads\/2025\/02\/Rette-die-Seegras-Eine-globale-Kampagne-zum-Schutz-der-Meereswiesen.jpg\" \/>\n\t<meta property=\"og:image:width\" content=\"900\" \/>\n\t<meta property=\"og:image:height\" content=\"675\" \/>\n\t<meta property=\"og:image:type\" content=\"image\/jpeg\" \/>\n<meta name=\"author\" content=\"Robert Hoffmann\" \/>\n<meta name=\"twitter:card\" content=\"summary_large_image\" \/>\n<meta name=\"twitter:label1\" content=\"Verfasst von\" \/>\n\t<meta name=\"twitter:data1\" content=\"Robert Hoffmann\" \/>\n\t<meta name=\"twitter:label2\" content=\"Gesch\u00e4tzte Lesezeit\" \/>\n\t<meta name=\"twitter:data2\" content=\"4\u00a0Minuten\" \/>\n<script type=\"application\/ld+json\" class=\"yoast-schema-graph\">{\"@context\":\"https:\\\/\\\/schema.org\",\"@graph\":[{\"@type\":\"Article\",\"@id\":\"https:\\\/\\\/www.strassenweb.de\\\/nachrichten\\\/rette-die-seegras-eine-globale-kampagne-zum-schutz-der-meereswiesen\\\/#article\",\"isPartOf\":{\"@id\":\"https:\\\/\\\/www.strassenweb.de\\\/nachrichten\\\/rette-die-seegras-eine-globale-kampagne-zum-schutz-der-meereswiesen\\\/\"},\"author\":{\"name\":\"Robert Hoffmann\",\"@id\":\"https:\\\/\\\/www.strassenweb.de\\\/nachrichten\\\/#\\\/schema\\\/person\\\/87c9c9067f1211da429a744dc5a5aa41\"},\"headline\":\"Rette die Seegras: Eine globale Kampagne zum Schutz der Meereswiesen\",\"datePublished\":\"2025-02-10T19:41:02+00:00\",\"mainEntityOfPage\":{\"@id\":\"https:\\\/\\\/www.strassenweb.de\\\/nachrichten\\\/rette-die-seegras-eine-globale-kampagne-zum-schutz-der-meereswiesen\\\/\"},\"wordCount\":770,\"publisher\":{\"@id\":\"https:\\\/\\\/www.strassenweb.de\\\/nachrichten\\\/#organization\"},\"image\":{\"@id\":\"https:\\\/\\\/www.strassenweb.de\\\/nachrichten\\\/rette-die-seegras-eine-globale-kampagne-zum-schutz-der-meereswiesen\\\/#primaryimage\"},\"thumbnailUrl\":\"https:\\\/\\\/www.strassenweb.de\\\/nachrichten\\\/wp-content\\\/uploads\\\/2025\\\/02\\\/Rette-die-Seegras-Eine-globale-Kampagne-zum-Schutz-der-Meereswiesen.jpg\",\"keywords\":[\"der\",\"die\",\"eine\",\"Globale\",\"Kampagne\",\"Meereswiesen\",\"Rette\",\"Schutz\",\"Seegras\",\"zum\"],\"articleSection\":[\"\u00d6kologie\"],\"inLanguage\":\"de\"},{\"@type\":\"WebPage\",\"@id\":\"https:\\\/\\\/www.strassenweb.de\\\/nachrichten\\\/rette-die-seegras-eine-globale-kampagne-zum-schutz-der-meereswiesen\\\/\",\"url\":\"https:\\\/\\\/www.strassenweb.de\\\/nachrichten\\\/rette-die-seegras-eine-globale-kampagne-zum-schutz-der-meereswiesen\\\/\",\"name\":\"Rette die Seegras: Eine globale Kampagne zum Schutz der Meereswiesen - Nachrichten - Stra\u00dfenweb\",\"isPartOf\":{\"@id\":\"https:\\\/\\\/www.strassenweb.de\\\/nachrichten\\\/#website\"},\"primaryImageOfPage\":{\"@id\":\"https:\\\/\\\/www.strassenweb.de\\\/nachrichten\\\/rette-die-seegras-eine-globale-kampagne-zum-schutz-der-meereswiesen\\\/#primaryimage\"},\"image\":{\"@id\":\"https:\\\/\\\/www.strassenweb.de\\\/nachrichten\\\/rette-die-seegras-eine-globale-kampagne-zum-schutz-der-meereswiesen\\\/#primaryimage\"},\"thumbnailUrl\":\"https:\\\/\\\/www.strassenweb.de\\\/nachrichten\\\/wp-content\\\/uploads\\\/2025\\\/02\\\/Rette-die-Seegras-Eine-globale-Kampagne-zum-Schutz-der-Meereswiesen.jpg\",\"datePublished\":\"2025-02-10T19:41:02+00:00\",\"breadcrumb\":{\"@id\":\"https:\\\/\\\/www.strassenweb.de\\\/nachrichten\\\/rette-die-seegras-eine-globale-kampagne-zum-schutz-der-meereswiesen\\\/#breadcrumb\"},\"inLanguage\":\"de\",\"potentialAction\":[{\"@type\":\"ReadAction\",\"target\":[\"https:\\\/\\\/www.strassenweb.de\\\/nachrichten\\\/rette-die-seegras-eine-globale-kampagne-zum-schutz-der-meereswiesen\\\/\"]}]},{\"@type\":\"ImageObject\",\"inLanguage\":\"de\",\"@id\":\"https:\\\/\\\/www.strassenweb.de\\\/nachrichten\\\/rette-die-seegras-eine-globale-kampagne-zum-schutz-der-meereswiesen\\\/#primaryimage\",\"url\":\"https:\\\/\\\/www.strassenweb.de\\\/nachrichten\\\/wp-content\\\/uploads\\\/2025\\\/02\\\/Rette-die-Seegras-Eine-globale-Kampagne-zum-Schutz-der-Meereswiesen.jpg\",\"contentUrl\":\"https:\\\/\\\/www.strassenweb.de\\\/nachrichten\\\/wp-content\\\/uploads\\\/2025\\\/02\\\/Rette-die-Seegras-Eine-globale-Kampagne-zum-Schutz-der-Meereswiesen.jpg\",\"width\":900,\"height\":675,\"caption\":\"Save the Seagrasses: A Global Campaign to Protect Marine Meadows\"},{\"@type\":\"BreadcrumbList\",\"@id\":\"https:\\\/\\\/www.strassenweb.de\\\/nachrichten\\\/rette-die-seegras-eine-globale-kampagne-zum-schutz-der-meereswiesen\\\/#breadcrumb\",\"itemListElement\":[{\"@type\":\"ListItem\",\"position\":1,\"name\":\"Home\",\"item\":\"https:\\\/\\\/www.strassenweb.de\\\/nachrichten\\\/\"},{\"@type\":\"ListItem\",\"position\":2,\"name\":\"Rette die Seegras: Eine globale Kampagne zum Schutz der Meereswiesen\"}]},{\"@type\":\"WebSite\",\"@id\":\"https:\\\/\\\/www.strassenweb.de\\\/nachrichten\\\/#website\",\"url\":\"https:\\\/\\\/www.strassenweb.de\\\/nachrichten\\\/\",\"name\":\"Stra\u00dfenweb\",\"description\":\"Stra\u00dfenverzeichnis f\u00fcr Deutschland\",\"publisher\":{\"@id\":\"https:\\\/\\\/www.strassenweb.de\\\/nachrichten\\\/#organization\"},\"potentialAction\":[{\"@type\":\"SearchAction\",\"target\":{\"@type\":\"EntryPoint\",\"urlTemplate\":\"https:\\\/\\\/www.strassenweb.de\\\/nachrichten\\\/?s={search_term_string}\"},\"query-input\":{\"@type\":\"PropertyValueSpecification\",\"valueRequired\":true,\"valueName\":\"search_term_string\"}}],\"inLanguage\":\"de\"},{\"@type\":\"Organization\",\"@id\":\"https:\\\/\\\/www.strassenweb.de\\\/nachrichten\\\/#organization\",\"name\":\"Stra\u00dfenweb\",\"url\":\"https:\\\/\\\/www.strassenweb.de\\\/nachrichten\\\/\",\"logo\":{\"@type\":\"ImageObject\",\"inLanguage\":\"de\",\"@id\":\"https:\\\/\\\/www.strassenweb.de\\\/nachrichten\\\/#\\\/schema\\\/logo\\\/image\\\/\",\"url\":\"https:\\\/\\\/www.strassenweb.de\\\/nachrichten\\\/wp-content\\\/uploads\\\/2024\\\/09\\\/cropped-favicon.png\",\"contentUrl\":\"https:\\\/\\\/www.strassenweb.de\\\/nachrichten\\\/wp-content\\\/uploads\\\/2024\\\/09\\\/cropped-favicon.png\",\"width\":512,\"height\":512,\"caption\":\"Stra\u00dfenweb\"},\"image\":{\"@id\":\"https:\\\/\\\/www.strassenweb.de\\\/nachrichten\\\/#\\\/schema\\\/logo\\\/image\\\/\"},\"sameAs\":[\"https:\\\/\\\/www.facebook.com\\\/strassenweb\\\/\"]},{\"@type\":\"Person\",\"@id\":\"https:\\\/\\\/www.strassenweb.de\\\/nachrichten\\\/#\\\/schema\\\/person\\\/87c9c9067f1211da429a744dc5a5aa41\",\"name\":\"Robert Hoffmann\",\"image\":{\"@type\":\"ImageObject\",\"inLanguage\":\"de\",\"@id\":\"https:\\\/\\\/www.strassenweb.de\\\/nachrichten\\\/wp-content\\\/uploads\\\/2024\\\/09\\\/strassenweb-150x150.jpg\",\"url\":\"https:\\\/\\\/www.strassenweb.de\\\/nachrichten\\\/wp-content\\\/uploads\\\/2024\\\/09\\\/strassenweb-150x150.jpg\",\"contentUrl\":\"https:\\\/\\\/www.strassenweb.de\\\/nachrichten\\\/wp-content\\\/uploads\\\/2024\\\/09\\\/strassenweb-150x150.jpg\",\"caption\":\"Robert Hoffmann\"},\"description\":\"Ich hei\u00dfe Robert Hoffmann und ich bin ein leidenschaftlicher Verfechter von \u00d6kologie und Biodiversit\u00e4t. Seit meiner Kindheit in den W\u00e4ldern Bayerns f\u00fchle ich mich mit der Natur verbunden und bin entschlossen, sie zu sch\u00fctzen. Heute widme ich mein Leben der Sensibilisierung anderer f\u00fcr die Bedeutung des Umweltschutzes f\u00fcr zuk\u00fcnftige Generationen.\",\"sameAs\":[\"https:\\\/\\\/www.strassenweb.de\\\/\"]}]}<\/script>\n<!-- \/ Yoast SEO plugin. -->","yoast_head_json":{"title":"Rette die Seegras: Eine globale Kampagne zum Schutz der Meereswiesen - Nachrichten - Stra\u00dfenweb","robots":{"index":"index","follow":"follow","max-snippet":"max-snippet:-1","max-image-preview":"max-image-preview:large","max-video-preview":"max-video-preview:-1"},"canonical":"https:\/\/www.strassenweb.de\/nachrichten\/rette-die-seegras-eine-globale-kampagne-zum-schutz-der-meereswiesen\/","og_locale":"de_DE","og_type":"article","og_title":"Rette die Seegras: Eine globale Kampagne zum Schutz der Meereswiesen - Nachrichten - Stra\u00dfenweb","og_description":"Die World Sustainability Foundation startet eine bedeutende Initiative, um einen der wertvollsten \u00d6kosysteme des Planeten zu sch\u00fctzen. Seegraswiesen, die tats\u00e4chlichen Lungen des Meeres, verschwinden mit","og_url":"https:\/\/www.strassenweb.de\/nachrichten\/rette-die-seegras-eine-globale-kampagne-zum-schutz-der-meereswiesen\/","og_site_name":"Stra\u00dfenweb","article_publisher":"https:\/\/www.facebook.com\/strassenweb\/","article_published_time":"2025-02-10T19:41:02+00:00","og_image":[{"width":900,"height":675,"url":"https:\/\/www.strassenweb.de\/nachrichten\/wp-content\/uploads\/2025\/02\/Rette-die-Seegras-Eine-globale-Kampagne-zum-Schutz-der-Meereswiesen.jpg","type":"image\/jpeg"}],"author":"Robert Hoffmann","twitter_card":"summary_large_image","twitter_misc":{"Verfasst von":"Robert Hoffmann","Gesch\u00e4tzte Lesezeit":"4\u00a0Minuten"},"schema":{"@context":"https:\/\/schema.org","@graph":[{"@type":"Article","@id":"https:\/\/www.strassenweb.de\/nachrichten\/rette-die-seegras-eine-globale-kampagne-zum-schutz-der-meereswiesen\/#article","isPartOf":{"@id":"https:\/\/www.strassenweb.de\/nachrichten\/rette-die-seegras-eine-globale-kampagne-zum-schutz-der-meereswiesen\/"},"author":{"name":"Robert Hoffmann","@id":"https:\/\/www.strassenweb.de\/nachrichten\/#\/schema\/person\/87c9c9067f1211da429a744dc5a5aa41"},"headline":"Rette die Seegras: Eine globale Kampagne zum Schutz der Meereswiesen","datePublished":"2025-02-10T19:41:02+00:00","mainEntityOfPage":{"@id":"https:\/\/www.strassenweb.de\/nachrichten\/rette-die-seegras-eine-globale-kampagne-zum-schutz-der-meereswiesen\/"},"wordCount":770,"publisher":{"@id":"https:\/\/www.strassenweb.de\/nachrichten\/#organization"},"image":{"@id":"https:\/\/www.strassenweb.de\/nachrichten\/rette-die-seegras-eine-globale-kampagne-zum-schutz-der-meereswiesen\/#primaryimage"},"thumbnailUrl":"https:\/\/www.strassenweb.de\/nachrichten\/wp-content\/uploads\/2025\/02\/Rette-die-Seegras-Eine-globale-Kampagne-zum-Schutz-der-Meereswiesen.jpg","keywords":["der","die","eine","Globale","Kampagne","Meereswiesen","Rette","Schutz","Seegras","zum"],"articleSection":["\u00d6kologie"],"inLanguage":"de"},{"@type":"WebPage","@id":"https:\/\/www.strassenweb.de\/nachrichten\/rette-die-seegras-eine-globale-kampagne-zum-schutz-der-meereswiesen\/","url":"https:\/\/www.strassenweb.de\/nachrichten\/rette-die-seegras-eine-globale-kampagne-zum-schutz-der-meereswiesen\/","name":"Rette die Seegras: Eine globale Kampagne zum Schutz der Meereswiesen - Nachrichten - Stra\u00dfenweb","isPartOf":{"@id":"https:\/\/www.strassenweb.de\/nachrichten\/#website"},"primaryImageOfPage":{"@id":"https:\/\/www.strassenweb.de\/nachrichten\/rette-die-seegras-eine-globale-kampagne-zum-schutz-der-meereswiesen\/#primaryimage"},"image":{"@id":"https:\/\/www.strassenweb.de\/nachrichten\/rette-die-seegras-eine-globale-kampagne-zum-schutz-der-meereswiesen\/#primaryimage"},"thumbnailUrl":"https:\/\/www.strassenweb.de\/nachrichten\/wp-content\/uploads\/2025\/02\/Rette-die-Seegras-Eine-globale-Kampagne-zum-Schutz-der-Meereswiesen.jpg","datePublished":"2025-02-10T19:41:02+00:00","breadcrumb":{"@id":"https:\/\/www.strassenweb.de\/nachrichten\/rette-die-seegras-eine-globale-kampagne-zum-schutz-der-meereswiesen\/#breadcrumb"},"inLanguage":"de","potentialAction":[{"@type":"ReadAction","target":["https:\/\/www.strassenweb.de\/nachrichten\/rette-die-seegras-eine-globale-kampagne-zum-schutz-der-meereswiesen\/"]}]},{"@type":"ImageObject","inLanguage":"de","@id":"https:\/\/www.strassenweb.de\/nachrichten\/rette-die-seegras-eine-globale-kampagne-zum-schutz-der-meereswiesen\/#primaryimage","url":"https:\/\/www.strassenweb.de\/nachrichten\/wp-content\/uploads\/2025\/02\/Rette-die-Seegras-Eine-globale-Kampagne-zum-Schutz-der-Meereswiesen.jpg","contentUrl":"https:\/\/www.strassenweb.de\/nachrichten\/wp-content\/uploads\/2025\/02\/Rette-die-Seegras-Eine-globale-Kampagne-zum-Schutz-der-Meereswiesen.jpg","width":900,"height":675,"caption":"Save the Seagrasses: A Global Campaign to Protect Marine Meadows"},{"@type":"BreadcrumbList","@id":"https:\/\/www.strassenweb.de\/nachrichten\/rette-die-seegras-eine-globale-kampagne-zum-schutz-der-meereswiesen\/#breadcrumb","itemListElement":[{"@type":"ListItem","position":1,"name":"Home","item":"https:\/\/www.strassenweb.de\/nachrichten\/"},{"@type":"ListItem","position":2,"name":"Rette die Seegras: Eine globale Kampagne zum Schutz der Meereswiesen"}]},{"@type":"WebSite","@id":"https:\/\/www.strassenweb.de\/nachrichten\/#website","url":"https:\/\/www.strassenweb.de\/nachrichten\/","name":"Stra\u00dfenweb","description":"Stra\u00dfenverzeichnis f\u00fcr Deutschland","publisher":{"@id":"https:\/\/www.strassenweb.de\/nachrichten\/#organization"},"potentialAction":[{"@type":"SearchAction","target":{"@type":"EntryPoint","urlTemplate":"https:\/\/www.strassenweb.de\/nachrichten\/?s={search_term_string}"},"query-input":{"@type":"PropertyValueSpecification","valueRequired":true,"valueName":"search_term_string"}}],"inLanguage":"de"},{"@type":"Organization","@id":"https:\/\/www.strassenweb.de\/nachrichten\/#organization","name":"Stra\u00dfenweb","url":"https:\/\/www.strassenweb.de\/nachrichten\/","logo":{"@type":"ImageObject","inLanguage":"de","@id":"https:\/\/www.strassenweb.de\/nachrichten\/#\/schema\/logo\/image\/","url":"https:\/\/www.strassenweb.de\/nachrichten\/wp-content\/uploads\/2024\/09\/cropped-favicon.png","contentUrl":"https:\/\/www.strassenweb.de\/nachrichten\/wp-content\/uploads\/2024\/09\/cropped-favicon.png","width":512,"height":512,"caption":"Stra\u00dfenweb"},"image":{"@id":"https:\/\/www.strassenweb.de\/nachrichten\/#\/schema\/logo\/image\/"},"sameAs":["https:\/\/www.facebook.com\/strassenweb\/"]},{"@type":"Person","@id":"https:\/\/www.strassenweb.de\/nachrichten\/#\/schema\/person\/87c9c9067f1211da429a744dc5a5aa41","name":"Robert Hoffmann","image":{"@type":"ImageObject","inLanguage":"de","@id":"https:\/\/www.strassenweb.de\/nachrichten\/wp-content\/uploads\/2024\/09\/strassenweb-150x150.jpg","url":"https:\/\/www.strassenweb.de\/nachrichten\/wp-content\/uploads\/2024\/09\/strassenweb-150x150.jpg","contentUrl":"https:\/\/www.strassenweb.de\/nachrichten\/wp-content\/uploads\/2024\/09\/strassenweb-150x150.jpg","caption":"Robert Hoffmann"},"description":"Ich hei\u00dfe Robert Hoffmann und ich bin ein leidenschaftlicher Verfechter von \u00d6kologie und Biodiversit\u00e4t. Seit meiner Kindheit in den W\u00e4ldern Bayerns f\u00fchle ich mich mit der Natur verbunden und bin entschlossen, sie zu sch\u00fctzen. Heute widme ich mein Leben der Sensibilisierung anderer f\u00fcr die Bedeutung des Umweltschutzes f\u00fcr zuk\u00fcnftige Generationen.","sameAs":["https:\/\/www.strassenweb.de\/"]}]}},"_links":{"self":[{"href":"https:\/\/www.strassenweb.de\/nachrichten\/wp-json\/wp\/v2\/posts\/3235","targetHints":{"allow":["GET"]}}],"collection":[{"href":"https:\/\/www.strassenweb.de\/nachrichten\/wp-json\/wp\/v2\/posts"}],"about":[{"href":"https:\/\/www.strassenweb.de\/nachrichten\/wp-json\/wp\/v2\/types\/post"}],"author":[{"embeddable":true,"href":"https:\/\/www.strassenweb.de\/nachrichten\/wp-json\/wp\/v2\/users\/1"}],"replies":[{"embeddable":true,"href":"https:\/\/www.strassenweb.de\/nachrichten\/wp-json\/wp\/v2\/comments?post=3235"}],"version-history":[{"count":0,"href":"https:\/\/www.strassenweb.de\/nachrichten\/wp-json\/wp\/v2\/posts\/3235\/revisions"}],"wp:featuredmedia":[{"embeddable":true,"href":"https:\/\/www.strassenweb.de\/nachrichten\/wp-json\/wp\/v2\/media\/3236"}],"wp:attachment":[{"href":"https:\/\/www.strassenweb.de\/nachrichten\/wp-json\/wp\/v2\/media?parent=3235"}],"wp:term":[{"taxonomy":"category","embeddable":true,"href":"https:\/\/www.strassenweb.de\/nachrichten\/wp-json\/wp\/v2\/categories?post=3235"},{"taxonomy":"post_tag","embeddable":true,"href":"https:\/\/www.strassenweb.de\/nachrichten\/wp-json\/wp\/v2\/tags?post=3235"}],"curies":[{"name":"wp","href":"https:\/\/api.w.org\/{rel}","templated":true}]}}