{"id":3232,"date":"2025-02-10T19:39:28","date_gmt":"2025-02-10T18:39:28","guid":{"rendered":"https:\/\/www.strassenweb.de\/nachrichten\/kitchenaid-hat-gerade-seine-farbe-des-jahres-enthuellt-und-es-spaltet-unser-team-hier-ist-was-wir-ueber-dieses-unerwartete-butter-bege-denken\/"},"modified":"2025-02-10T19:39:31","modified_gmt":"2025-02-10T18:39:31","slug":"kitchenaid-hat-gerade-seine-farbe-des-jahres-enthuellt-und-es-spaltet-unser-team-hier-ist-was-wir-ueber-dieses-unerwartete-butter-bege-denken","status":"publish","type":"post","link":"https:\/\/www.strassenweb.de\/nachrichten\/kitchenaid-hat-gerade-seine-farbe-des-jahres-enthuellt-und-es-spaltet-unser-team-hier-ist-was-wir-ueber-dieses-unerwartete-butter-bege-denken\/","title":{"rendered":"KitchenAid hat gerade seine Farbe des Jahres enth\u00fcllt und es spaltet unser Team &#8211; hier ist, was wir \u00fcber dieses unerwartete &#8222;Butter&#8220; -Bege denken"},"content":{"rendered":"<div id=\"article-body\" class=\"article__body \">\n<p>Zu Beginn eines jeden Jahres taucht Kitchenaid in globale Designtrends ein, um den kulturellen Zeitgeist mit seiner mit Spannung erwarteten Farbe des Jahres festzuhalten.<\/p>\n<div id=\"ad-unit-1\" class=\"ad-unit\"><\/div>\n<p>Der KitchenAid -Standmixer ist mehr als nur ein Ger\u00e4t und ist ein Arbeitsplatten -Symbol. Eine gesch\u00e4tzte K\u00fcchenerbst\u00fcck und oft der Schwerpunkt eines gut gestalteten Raums. Viele Hausbesitzer bauen sogar ihre K\u00fcchen um sie herum und nutzen sie als mutiges Statement-St\u00fcck sowie als Zeitspur in der K\u00fcche-sie machen wirklich einige der besten Standmixer auf dem Markt. Deshalb war ich genauso aufgeregt wie Kollegen K\u00fcchenprofis und Design -Enthusiasten, als ich das KitchenAid -Team einen dramatischen Samtvorhang zur\u00fcckzog, um die Farbe des Jahres f\u00fcr 2025 zu enth\u00fcllen.<\/p>\n<aside class=\"hawk-nest\" data-block-type=\"embed\" data-render-type=\"fte\" data-skip=\"dealsy\" data-widget-type=\"seasonal\">\n<div class=\"hawk-master-widget-hawk-base-wrapper\"><\/div>\n<\/aside>\n<p>Aber als der Moment ankam, war die Farbe nichts, was ich mir vorgestellt hatte. Bei <em>H\u00e4user &#038; G\u00e4rten<\/em>Wir diskutieren seit Tagen dar\u00fcber und es hat unsere Meinung geteilt. Um die Diskussion beizulegen, wandte ich mich an unsere Experten, darunter Paint &#038; Color Editor und Leiter der Innenr\u00e4ume. Folgendes haben wir zu sagen.<\/p>\n<div id=\"desktop-in-article\" class=\"in-article ad-unit\">\n<div id=\"desktop-taboola-mid-article\"><\/div>\n<\/div>\n<div id=\"mobile-in-article\" class=\"in-article ad-unit\">\n<div id=\"mobile-taboola-mid-article\"><\/div>\n<\/div>\n<h2 class=\"article-body__section\" id=\"section-kitchenaid-color-of-the-year-2025-butter\"><span>Kitchenaid Farbe des Jahres 2025: Butter <\/span><\/h2>\n<figure class=\"van-image-figure inline-layout \" data-bordeaux-image-check>\n<div class=\"image-full-width-wrapper\">\n<div class=\"image-widthsetter\" style=\"max-width:2400px;\"><\/div>\n<\/div>\n<\/figure>\n<p>KitchenAid erkl\u00e4rt, dass der Schatten des Jahres von jedem Baker -besten Freund inspiriert ist: Butter. Sie f\u00fcgen hinzu: &#8222;Die Nostalgie, die mit gelbem W\u00e4rme und gesch\u00e4tzten Erinnerungen verbunden ist und eine herzerw\u00e4rmende Atmosph\u00e4re wie geschmolzene Butter am Toast erzeugt.&#8220;<\/p>\n<div class=\"van_vid_carousel\">\n<div class=\"van_vid_carousel__padding\">\n<div class=\"van_vid_carousel__container\"><\/div>\n<\/div>\n<\/div>\n<p>Unser Farbredakteur Emily Moorman stimmt zu, dass der Retro -Farbton von Kitchenaid eine energiegeladene Wahl ist. Das ist nicht zu weit von Dulux &#8218;Sonnenschein des Jahres: wahre Freude. Emily sagt: &#8222;Es k\u00f6nnte den perfekten Stimmungsfarben in einer neutralen K\u00fcche verleihen.&#8220;<\/p>\n<div id=\"ad-unit-2\" class=\"ad-unit\"><\/div>\n<div class=\"hawk-nest\" data-image=\"https:\/\/www.strassenweb.de\/nachrichten\/wp-content\/uploads\/2025\/02\/EifhicpTkqTswQmQecpRpX-200-100.png\" data-link=\"https:\/\/williams-sonoma.pdy5.net\/c\/221109\/265127\/4291?subId1=hawk-custom-tracking&amp;sharedId=hawk&amp;u=https%3A%2F%2Fwww.williams-sonoma.com%2Fproducts%2Fkitchenaid-artisan-stand-mixer-butter-coty%2F%3FcatalogId%3D79%26sku%3D8185024%26cm_ven%3DPLA%26cm_cat%3DGoogle%26cm_pla%3DElectrics%2520%253E%2520Mixers%2520%2526%2520Attachments%26cm_ite%3D8185024_14571727833_pla-1465946725892%26gad_source%3D4%26gclid%3DEAIaIQobChMI7smR_pu5iwMVPJHuAR1I0DMWEAQYAiABEgLalPD_BwE\" data-link-merchant=\"Williams-Sonoma\" data-link-text=\"View Deal\" data-merchant-id=\"325022\" data-merchant-name=\"Williams-Sonoma\" data-merchant-network=\"ImpactRad\" data-merchant-url=\"williams-sonoma.com\" data-model-name=\"KitchenAid 2025 Color of the Year Stand Mixer: Butter | $499.95 at Williams Sonoma\" data-webp-image=\"https:\/\/www.strassenweb.de\/nachrichten\/wp-content\/uploads\/2025\/02\/EifhicpTkqTswQmQecpRpX-200-100.png.webp\" data-widget-introduction=\"&lt;p&gt;&lt;strong&gt;KitchenAid 2025 Color of the Year Stand Mixer: Butter | &lt;\/strong&gt;&lt;a href=&quot;https:\/\/williams-sonoma.pdy5.net\/c\/221109\/265127\/4291?subId1=hawk-custom-tracking&amp;sharedId=hawk&amp;u=https%3A%2F%2Fwww.williams-sonoma.com%2Fproducts%2Fkitchenaid-artisan-stand-mixer-butter-coty%2F%3FcatalogId%3D79%26sku%3D8185024%26cm_ven%3DPLA%26cm_cat%3DGoogle%26cm_pla%3DElectrics%2520%253E%2520Mixers%2520%2526%2520Attachments%26cm_ite%3D8185024_14571727833_pla-1465946725892%26gad_source%3D4%26gclid%3DEAIaIQobChMI7smR_pu5iwMVPJHuAR1I0DMWEAQYAiABEgLalPD_BwE&quot; data-merchant-url=&quot;williams-sonoma.com&quot; data-merchant-network=&quot;ImpactRad&quot; data-merchant-id=&quot;325022&quot; data-merchant-name=&quot;Williams-Sonoma&quot; data-link-merchant=&quot;Williams-Sonoma&quot; target=&quot;_blank&quot; rel=&quot;nofollow&quot;&gt;&lt;strong&gt;$499.95 at Williams Sonoma&lt;\/strong&gt;&lt;\/a&gt;&lt;\/p&gt;&lt;p&gt;With 10-speed settings, there's enough power to mix perfect cake batter, cookie dough, or even homemade butter. The new Butter shade has already sold out at KitchenAid USA, but we've found it's still available on the UK site and at Williams Sonoma.&lt;\/p&gt;\" data-widget-type=\"deal\" data-render-type=\"editorial\">\n<div class=\"hawk-master-widget-hawk-base-wrapper\">\n<div class=\"hawk-deal-widget-container\">\n<div class=\"hawk-deal-widget-wrap\">\n<div class=\"hawk-deal-widget-image-container\"><\/div>\n<div class=\"hawk-deal-widget-main hawk-deal-widget-progressive\">\n<p xmlns=\"http:\/\/www.w3.org\/1999\/xhtml\"><strong>KitchenAid 2025 Farbe des Jahres Standmixer: Butter | <\/strong><strong>499,95 USD bei Williams Sonoma<\/strong><\/p>\n<p>Mit 10-Gang-Einstellungen gibt es gen\u00fcgend Kraft, um perfekten Kuchen-Teig, Keksteig oder sogar hausgemachte Butter zu mischen. Der neue Butter -Farbton ist bereits bei Kitchenaid USA ausverkauft, aber wir haben festgestellt, dass er noch auf dem britischen Gel\u00e4nde und bei Williams Sonoma erh\u00e4ltlich ist.<\/p>\n<\/div>\n<\/div>\n<div class=\"hawk-deal-widget-footer\">\n<div class=\"hawk-deal-widget-button-wrapper\">\n<div class=\"hawk-deal-widget-preferred-partner-wrapper\"><\/div>\n<\/div>\n<\/div>\n<\/div>\n<\/div>\n<\/div>\n<p>Unsere Innenausstattung, Hebe Hatton, sagte jedoch, sie habe erwartet, dass ein Schatten namens &#8222;Butter&#8220; viel blasser und weicher ist. Ich muss zustimmen; Auch die Helligkeit dieses Gelbens hat mich wirklich \u00fcberrascht.<\/p>\n<p>Ich neige dazu, die pastellfarbenen, butterartigen Farbt\u00f6ne von nordischen K\u00fcchenmarken wie Hay zu bevorzugen. Die Farbe von Kitchenaid ist viel zu Zitrusy und mutig f\u00fcr meinen Geschmack. Unser Farbredakteur Emily r\u00e4umt ein, dass KitchenAids Interpretation von Buttergelb ein wenig \u201ezu verspielt\u201c ist, wenn Sie ein traditionelleres K\u00fcchensystem haben.<\/p>\n<div id=\"slice-container-newsletterForm-articleInbodyContent-EKbzLpytR5yr5vyPByeWS7\" class=\"slice-container newsletter-inbodyContent-slice newsletterForm-articleInbodyContent-EKbzLpytR5yr5vyPByeWS7 slice-container-newsletterForm\"><\/div>\n<figure class=\"van-image-figure inline-layout \" data-bordeaux-image-check>\n<div class=\"image-full-width-wrapper\">\n<div class=\"image-widthsetter\" style=\"max-width:2000px;\"><\/div>\n<\/div>\n<\/figure>\n<p>Hebe f\u00e4hrt fort, dass, obwohl sie den Charme des Retro -gelben Schattens sehen kann, &#8218;wenn es um alles in meiner K\u00fcche geht, m\u00f6chte ich, dass er zeitlos ist, und ja, das bedeutet oft neutral. Ich bin alles daf\u00fcr, dass ich meinen Raum farb, aber sie sind tendenziell subtilere, reichhaltigere T\u00f6ne wie ein tiefroter, dunkelbrauner oder ein blasser, senfloserer Farbton. Ich kann mir definitiv vorstellen, dass dieses Gelb in einer K\u00fcche arbeitet, in der jemand mit Farbe viel mutiger war als ich. Gegen einen gl\u00e4nzenden Backsplash von Olivengeschnittenen w\u00fcrde der Butterton von Kitchenaid so schick aussehen. Aber leider bin ich ein selbstbekannter ColorPhobe und werde mich an meiner langlebigen Mandelcreme halten. &#8218;<\/p>\n<h3 class=\"article-body__section\" id=\"section-our-favorite-pale-yellow-picks\"><span>Unsere Lieblingspicke f\u00fcr hellgelbe Favorit<\/span><\/h3>\n<p>Wenn Sie sich f\u00fcr den Butterfarben -Trend interessieren, denken wir, dass diese blasser gelben T\u00f6ne in den kommenden Jahren m\u00f6glicherweise mehr Ausdauer haben<\/p>\n<div class=\"product-container hero-product-container product-block-no-wrap\"><\/div>\n<p>Wenn es um meine pers\u00f6nliche Meinung geht (als <em>H\u00e4user &#038; G\u00e4rten<\/em>Ich habe das Gef\u00fchl von Tausenden von Social -Media -Fans, die Kommentare zu KitchenAids Posts hinterlassen haben, um zu sagen, dass sie auf einen schokoladigen Brown -Mixer in diesem Jahr gehofft h\u00e4tten, das Gef\u00fchl von Tausenden von Social -Media -Fans hinterlassen.<\/p>\n<p>Genau das haben wir von Marken wie Our Place gesehen, die k\u00fcrzlich das sch\u00f6nste Espresso -Brown -Duo von T\u00f6pfen und Pfannen fallen lassen &#8211; die von Beyonc\u00e9s Innenarchitekten Brigette Romanek kuratiert. Das limitierte Set in limitierter Auflage ist gerade in meiner K\u00fcche zum Testen angekommen-und ich muss zugeben, dass der schicke braune Ton bereits zeitlose Klasse und Raffinesse in meinen Herd bringt.<\/p>\n<h3 class=\"article-body__section\" id=\"section-my-favorite-kitchenaid-colors\"><span>Meine Lieblingsfarben KitchenAid<\/span><\/h3>\n<p>Dies sind meine Top -drei neutralen Farbt\u00f6ne von KitchenAid; zeitlose Farbt\u00f6ne, die Ihren Raum erh\u00f6hen, ohne ihn zu \u00fcberw\u00e4ltigen.<\/p>\n<div class=\"product-container hero-product-container product-block-no-wrap\"><\/div>\n<hr>\n<p>Welchen Farbton auch immer Sie bevorzugen, eines ist sicher: Shades, die von unseren Lieblingsspeisen und -getr\u00e4nken inspiriert sind, sind ein gro\u00dfer Trend f\u00fcr dieses Jahr. Es kommt nur darauf an, ob Sie eine freudige Platte Butter, ein subtiles Spritzer Mandelcreme entscheiden oder ob Sie darauf warten, dass KitchenAid ihren Fans mit einem scharfen Schuss Espresso beantwortet.<\/p>\n<\/div>\n","protected":false},"excerpt":{"rendered":"<p>Zu Beginn eines jeden Jahres taucht Kitchenaid in globale Designtrends ein, um den kulturellen Zeitgeist mit seiner mit Spannung erwarteten Farbe des Jahres festzuhalten. Der<\/p>\n","protected":false},"author":1,"featured_media":3233,"comment_status":"closed","ping_status":"","sticky":false,"template":"","format":"standard","meta":{"footnotes":""},"categories":[118],"tags":[5127,5126,502,281,531,1035,1202,495,189,163,15,282,5123,186,5124,5125,260,37,532,1384,411],"class_list":["post-3232","post","type-post","status-publish","format-standard","has-post-thumbnail","hentry","category-haus-garten","tag-bege","tag-butter","tag-denken","tag-des","tag-dieses","tag-enthuellt","tag-farbe","tag-gerade","tag-hat","tag-hier","tag-ist","tag-jahres","tag-kitchenaid","tag-seine","tag-spaltet","tag-team","tag-ueber","tag-und","tag-unerwartete","tag-unser","tag-wir","generate-columns","tablet-grid-50","mobile-grid-100","grid-parent","grid-50"],"yoast_head":"<!-- This site is optimized with the Yoast SEO plugin v27.3 - https:\/\/yoast.com\/product\/yoast-seo-wordpress\/ -->\n<title>KitchenAid hat gerade seine Farbe des Jahres enth\u00fcllt und es spaltet unser Team - hier ist, was wir \u00fcber dieses unerwartete &quot;Butter&quot; -Bege denken - Nachrichten - Stra\u00dfenweb<\/title>\n<meta name=\"robots\" content=\"index, follow, max-snippet:-1, max-image-preview:large, max-video-preview:-1\" \/>\n<link rel=\"canonical\" href=\"https:\/\/www.strassenweb.de\/nachrichten\/kitchenaid-hat-gerade-seine-farbe-des-jahres-enthuellt-und-es-spaltet-unser-team-hier-ist-was-wir-ueber-dieses-unerwartete-butter-bege-denken\/\" \/>\n<meta property=\"og:locale\" content=\"de_DE\" \/>\n<meta property=\"og:type\" content=\"article\" \/>\n<meta property=\"og:title\" content=\"KitchenAid hat gerade seine Farbe des Jahres enth\u00fcllt und es spaltet unser Team - hier ist, was wir \u00fcber dieses unerwartete &quot;Butter&quot; -Bege denken - Nachrichten - Stra\u00dfenweb\" \/>\n<meta property=\"og:description\" content=\"Zu Beginn eines jeden Jahres taucht Kitchenaid in globale Designtrends ein, um den kulturellen Zeitgeist mit seiner mit Spannung erwarteten Farbe des Jahres festzuhalten. Der\" \/>\n<meta property=\"og:url\" content=\"https:\/\/www.strassenweb.de\/nachrichten\/kitchenaid-hat-gerade-seine-farbe-des-jahres-enthuellt-und-es-spaltet-unser-team-hier-ist-was-wir-ueber-dieses-unerwartete-butter-bege-denken\/\" \/>\n<meta property=\"og:site_name\" content=\"Stra\u00dfenweb\" \/>\n<meta property=\"article:publisher\" content=\"https:\/\/www.facebook.com\/strassenweb\/\" \/>\n<meta property=\"article:published_time\" content=\"2025-02-10T18:39:28+00:00\" \/>\n<meta property=\"article:modified_time\" content=\"2025-02-10T18:39:31+00:00\" \/>\n<meta property=\"og:image\" content=\"https:\/\/www.strassenweb.de\/nachrichten\/wp-content\/uploads\/2025\/02\/KitchenAid-hat-gerade-seine-Farbe-des-Jahres-enthuellt-und-es.png\" \/>\n\t<meta property=\"og:image:width\" content=\"1200\" \/>\n\t<meta property=\"og:image:height\" content=\"675\" \/>\n\t<meta property=\"og:image:type\" content=\"image\/png\" \/>\n<meta name=\"author\" content=\"Robert Hoffmann\" \/>\n<meta name=\"twitter:card\" content=\"summary_large_image\" \/>\n<meta name=\"twitter:label1\" content=\"Verfasst von\" \/>\n\t<meta name=\"twitter:data1\" content=\"Robert Hoffmann\" \/>\n\t<meta name=\"twitter:label2\" content=\"Gesch\u00e4tzte Lesezeit\" \/>\n\t<meta name=\"twitter:data2\" content=\"4\u00a0Minuten\" \/>\n<script type=\"application\/ld+json\" class=\"yoast-schema-graph\">{\"@context\":\"https:\\\/\\\/schema.org\",\"@graph\":[{\"@type\":\"Article\",\"@id\":\"https:\\\/\\\/www.strassenweb.de\\\/nachrichten\\\/kitchenaid-hat-gerade-seine-farbe-des-jahres-enthuellt-und-es-spaltet-unser-team-hier-ist-was-wir-ueber-dieses-unerwartete-butter-bege-denken\\\/#article\",\"isPartOf\":{\"@id\":\"https:\\\/\\\/www.strassenweb.de\\\/nachrichten\\\/kitchenaid-hat-gerade-seine-farbe-des-jahres-enthuellt-und-es-spaltet-unser-team-hier-ist-was-wir-ueber-dieses-unerwartete-butter-bege-denken\\\/\"},\"author\":{\"name\":\"Robert Hoffmann\",\"@id\":\"https:\\\/\\\/www.strassenweb.de\\\/nachrichten\\\/#\\\/schema\\\/person\\\/87c9c9067f1211da429a744dc5a5aa41\"},\"headline\":\"KitchenAid hat gerade seine Farbe des Jahres enth\u00fcllt und es spaltet unser Team &#8211; hier ist, was wir \u00fcber dieses unerwartete &#8222;Butter&#8220; -Bege denken\",\"datePublished\":\"2025-02-10T18:39:28+00:00\",\"dateModified\":\"2025-02-10T18:39:31+00:00\",\"mainEntityOfPage\":{\"@id\":\"https:\\\/\\\/www.strassenweb.de\\\/nachrichten\\\/kitchenaid-hat-gerade-seine-farbe-des-jahres-enthuellt-und-es-spaltet-unser-team-hier-ist-was-wir-ueber-dieses-unerwartete-butter-bege-denken\\\/\"},\"wordCount\":787,\"publisher\":{\"@id\":\"https:\\\/\\\/www.strassenweb.de\\\/nachrichten\\\/#organization\"},\"image\":{\"@id\":\"https:\\\/\\\/www.strassenweb.de\\\/nachrichten\\\/kitchenaid-hat-gerade-seine-farbe-des-jahres-enthuellt-und-es-spaltet-unser-team-hier-ist-was-wir-ueber-dieses-unerwartete-butter-bege-denken\\\/#primaryimage\"},\"thumbnailUrl\":\"https:\\\/\\\/www.strassenweb.de\\\/nachrichten\\\/wp-content\\\/uploads\\\/2025\\\/02\\\/KitchenAid-hat-gerade-seine-Farbe-des-Jahres-enthuellt-und-es.png\",\"keywords\":[\"Bege\",\"Butter\",\"denken\",\"des\",\"dieses\",\"enth\u00fcllt\",\"Farbe\",\"gerade\",\"hat\",\"hier\",\"ist\",\"Jahres\",\"KitchenAid\",\"seine\",\"spaltet\",\"Team\",\"\u00fcber\",\"und\",\"unerwartete\",\"Unser\",\"wir\"],\"articleSection\":[\"Haus &amp; Garten\"],\"inLanguage\":\"de\"},{\"@type\":\"WebPage\",\"@id\":\"https:\\\/\\\/www.strassenweb.de\\\/nachrichten\\\/kitchenaid-hat-gerade-seine-farbe-des-jahres-enthuellt-und-es-spaltet-unser-team-hier-ist-was-wir-ueber-dieses-unerwartete-butter-bege-denken\\\/\",\"url\":\"https:\\\/\\\/www.strassenweb.de\\\/nachrichten\\\/kitchenaid-hat-gerade-seine-farbe-des-jahres-enthuellt-und-es-spaltet-unser-team-hier-ist-was-wir-ueber-dieses-unerwartete-butter-bege-denken\\\/\",\"name\":\"KitchenAid hat gerade seine Farbe des Jahres enth\u00fcllt und es spaltet unser Team - hier ist, was wir \u00fcber dieses unerwartete \\\"Butter\\\" -Bege denken - Nachrichten - Stra\u00dfenweb\",\"isPartOf\":{\"@id\":\"https:\\\/\\\/www.strassenweb.de\\\/nachrichten\\\/#website\"},\"primaryImageOfPage\":{\"@id\":\"https:\\\/\\\/www.strassenweb.de\\\/nachrichten\\\/kitchenaid-hat-gerade-seine-farbe-des-jahres-enthuellt-und-es-spaltet-unser-team-hier-ist-was-wir-ueber-dieses-unerwartete-butter-bege-denken\\\/#primaryimage\"},\"image\":{\"@id\":\"https:\\\/\\\/www.strassenweb.de\\\/nachrichten\\\/kitchenaid-hat-gerade-seine-farbe-des-jahres-enthuellt-und-es-spaltet-unser-team-hier-ist-was-wir-ueber-dieses-unerwartete-butter-bege-denken\\\/#primaryimage\"},\"thumbnailUrl\":\"https:\\\/\\\/www.strassenweb.de\\\/nachrichten\\\/wp-content\\\/uploads\\\/2025\\\/02\\\/KitchenAid-hat-gerade-seine-Farbe-des-Jahres-enthuellt-und-es.png\",\"datePublished\":\"2025-02-10T18:39:28+00:00\",\"dateModified\":\"2025-02-10T18:39:31+00:00\",\"breadcrumb\":{\"@id\":\"https:\\\/\\\/www.strassenweb.de\\\/nachrichten\\\/kitchenaid-hat-gerade-seine-farbe-des-jahres-enthuellt-und-es-spaltet-unser-team-hier-ist-was-wir-ueber-dieses-unerwartete-butter-bege-denken\\\/#breadcrumb\"},\"inLanguage\":\"de\",\"potentialAction\":[{\"@type\":\"ReadAction\",\"target\":[\"https:\\\/\\\/www.strassenweb.de\\\/nachrichten\\\/kitchenaid-hat-gerade-seine-farbe-des-jahres-enthuellt-und-es-spaltet-unser-team-hier-ist-was-wir-ueber-dieses-unerwartete-butter-bege-denken\\\/\"]}]},{\"@type\":\"ImageObject\",\"inLanguage\":\"de\",\"@id\":\"https:\\\/\\\/www.strassenweb.de\\\/nachrichten\\\/kitchenaid-hat-gerade-seine-farbe-des-jahres-enthuellt-und-es-spaltet-unser-team-hier-ist-was-wir-ueber-dieses-unerwartete-butter-bege-denken\\\/#primaryimage\",\"url\":\"https:\\\/\\\/www.strassenweb.de\\\/nachrichten\\\/wp-content\\\/uploads\\\/2025\\\/02\\\/KitchenAid-hat-gerade-seine-Farbe-des-Jahres-enthuellt-und-es.png\",\"contentUrl\":\"https:\\\/\\\/www.strassenweb.de\\\/nachrichten\\\/wp-content\\\/uploads\\\/2025\\\/02\\\/KitchenAid-hat-gerade-seine-Farbe-des-Jahres-enthuellt-und-es.png\",\"width\":1200,\"height\":675,\"caption\":\"KitchenAid hat gerade seine Farbe des Jahres enth\u00fcllt und es spaltet unser Team - hier ist, was wir \u00fcber dieses unerwartete \\\"Butter\\\" -Bege denken\"},{\"@type\":\"BreadcrumbList\",\"@id\":\"https:\\\/\\\/www.strassenweb.de\\\/nachrichten\\\/kitchenaid-hat-gerade-seine-farbe-des-jahres-enthuellt-und-es-spaltet-unser-team-hier-ist-was-wir-ueber-dieses-unerwartete-butter-bege-denken\\\/#breadcrumb\",\"itemListElement\":[{\"@type\":\"ListItem\",\"position\":1,\"name\":\"Home\",\"item\":\"https:\\\/\\\/www.strassenweb.de\\\/nachrichten\\\/\"},{\"@type\":\"ListItem\",\"position\":2,\"name\":\"KitchenAid hat gerade seine Farbe des Jahres enth\u00fcllt und es spaltet unser Team &#8211; hier ist, was wir \u00fcber dieses unerwartete &#8222;Butter&#8220; -Bege denken\"}]},{\"@type\":\"WebSite\",\"@id\":\"https:\\\/\\\/www.strassenweb.de\\\/nachrichten\\\/#website\",\"url\":\"https:\\\/\\\/www.strassenweb.de\\\/nachrichten\\\/\",\"name\":\"Stra\u00dfenweb\",\"description\":\"Stra\u00dfenverzeichnis f\u00fcr Deutschland\",\"publisher\":{\"@id\":\"https:\\\/\\\/www.strassenweb.de\\\/nachrichten\\\/#organization\"},\"potentialAction\":[{\"@type\":\"SearchAction\",\"target\":{\"@type\":\"EntryPoint\",\"urlTemplate\":\"https:\\\/\\\/www.strassenweb.de\\\/nachrichten\\\/?s={search_term_string}\"},\"query-input\":{\"@type\":\"PropertyValueSpecification\",\"valueRequired\":true,\"valueName\":\"search_term_string\"}}],\"inLanguage\":\"de\"},{\"@type\":\"Organization\",\"@id\":\"https:\\\/\\\/www.strassenweb.de\\\/nachrichten\\\/#organization\",\"name\":\"Stra\u00dfenweb\",\"url\":\"https:\\\/\\\/www.strassenweb.de\\\/nachrichten\\\/\",\"logo\":{\"@type\":\"ImageObject\",\"inLanguage\":\"de\",\"@id\":\"https:\\\/\\\/www.strassenweb.de\\\/nachrichten\\\/#\\\/schema\\\/logo\\\/image\\\/\",\"url\":\"https:\\\/\\\/www.strassenweb.de\\\/nachrichten\\\/wp-content\\\/uploads\\\/2024\\\/09\\\/cropped-favicon.png\",\"contentUrl\":\"https:\\\/\\\/www.strassenweb.de\\\/nachrichten\\\/wp-content\\\/uploads\\\/2024\\\/09\\\/cropped-favicon.png\",\"width\":512,\"height\":512,\"caption\":\"Stra\u00dfenweb\"},\"image\":{\"@id\":\"https:\\\/\\\/www.strassenweb.de\\\/nachrichten\\\/#\\\/schema\\\/logo\\\/image\\\/\"},\"sameAs\":[\"https:\\\/\\\/www.facebook.com\\\/strassenweb\\\/\"]},{\"@type\":\"Person\",\"@id\":\"https:\\\/\\\/www.strassenweb.de\\\/nachrichten\\\/#\\\/schema\\\/person\\\/87c9c9067f1211da429a744dc5a5aa41\",\"name\":\"Robert Hoffmann\",\"image\":{\"@type\":\"ImageObject\",\"inLanguage\":\"de\",\"@id\":\"https:\\\/\\\/www.strassenweb.de\\\/nachrichten\\\/wp-content\\\/uploads\\\/2024\\\/09\\\/strassenweb-150x150.jpg\",\"url\":\"https:\\\/\\\/www.strassenweb.de\\\/nachrichten\\\/wp-content\\\/uploads\\\/2024\\\/09\\\/strassenweb-150x150.jpg\",\"contentUrl\":\"https:\\\/\\\/www.strassenweb.de\\\/nachrichten\\\/wp-content\\\/uploads\\\/2024\\\/09\\\/strassenweb-150x150.jpg\",\"caption\":\"Robert Hoffmann\"},\"description\":\"Ich hei\u00dfe Robert Hoffmann und ich bin ein leidenschaftlicher Verfechter von \u00d6kologie und Biodiversit\u00e4t. Seit meiner Kindheit in den W\u00e4ldern Bayerns f\u00fchle ich mich mit der Natur verbunden und bin entschlossen, sie zu sch\u00fctzen. Heute widme ich mein Leben der Sensibilisierung anderer f\u00fcr die Bedeutung des Umweltschutzes f\u00fcr zuk\u00fcnftige Generationen.\",\"sameAs\":[\"https:\\\/\\\/www.strassenweb.de\\\/\"]}]}<\/script>\n<!-- \/ Yoast SEO plugin. -->","yoast_head_json":{"title":"KitchenAid hat gerade seine Farbe des Jahres enth\u00fcllt und es spaltet unser Team - hier ist, was wir \u00fcber dieses unerwartete \"Butter\" -Bege denken - Nachrichten - Stra\u00dfenweb","robots":{"index":"index","follow":"follow","max-snippet":"max-snippet:-1","max-image-preview":"max-image-preview:large","max-video-preview":"max-video-preview:-1"},"canonical":"https:\/\/www.strassenweb.de\/nachrichten\/kitchenaid-hat-gerade-seine-farbe-des-jahres-enthuellt-und-es-spaltet-unser-team-hier-ist-was-wir-ueber-dieses-unerwartete-butter-bege-denken\/","og_locale":"de_DE","og_type":"article","og_title":"KitchenAid hat gerade seine Farbe des Jahres enth\u00fcllt und es spaltet unser Team - hier ist, was wir \u00fcber dieses unerwartete \"Butter\" -Bege denken - Nachrichten - Stra\u00dfenweb","og_description":"Zu Beginn eines jeden Jahres taucht Kitchenaid in globale Designtrends ein, um den kulturellen Zeitgeist mit seiner mit Spannung erwarteten Farbe des Jahres festzuhalten. Der","og_url":"https:\/\/www.strassenweb.de\/nachrichten\/kitchenaid-hat-gerade-seine-farbe-des-jahres-enthuellt-und-es-spaltet-unser-team-hier-ist-was-wir-ueber-dieses-unerwartete-butter-bege-denken\/","og_site_name":"Stra\u00dfenweb","article_publisher":"https:\/\/www.facebook.com\/strassenweb\/","article_published_time":"2025-02-10T18:39:28+00:00","article_modified_time":"2025-02-10T18:39:31+00:00","og_image":[{"width":1200,"height":675,"url":"https:\/\/www.strassenweb.de\/nachrichten\/wp-content\/uploads\/2025\/02\/KitchenAid-hat-gerade-seine-Farbe-des-Jahres-enthuellt-und-es.png","type":"image\/png"}],"author":"Robert Hoffmann","twitter_card":"summary_large_image","twitter_misc":{"Verfasst von":"Robert Hoffmann","Gesch\u00e4tzte Lesezeit":"4\u00a0Minuten"},"schema":{"@context":"https:\/\/schema.org","@graph":[{"@type":"Article","@id":"https:\/\/www.strassenweb.de\/nachrichten\/kitchenaid-hat-gerade-seine-farbe-des-jahres-enthuellt-und-es-spaltet-unser-team-hier-ist-was-wir-ueber-dieses-unerwartete-butter-bege-denken\/#article","isPartOf":{"@id":"https:\/\/www.strassenweb.de\/nachrichten\/kitchenaid-hat-gerade-seine-farbe-des-jahres-enthuellt-und-es-spaltet-unser-team-hier-ist-was-wir-ueber-dieses-unerwartete-butter-bege-denken\/"},"author":{"name":"Robert Hoffmann","@id":"https:\/\/www.strassenweb.de\/nachrichten\/#\/schema\/person\/87c9c9067f1211da429a744dc5a5aa41"},"headline":"KitchenAid hat gerade seine Farbe des Jahres enth\u00fcllt und es spaltet unser Team &#8211; hier ist, was wir \u00fcber dieses unerwartete &#8222;Butter&#8220; -Bege denken","datePublished":"2025-02-10T18:39:28+00:00","dateModified":"2025-02-10T18:39:31+00:00","mainEntityOfPage":{"@id":"https:\/\/www.strassenweb.de\/nachrichten\/kitchenaid-hat-gerade-seine-farbe-des-jahres-enthuellt-und-es-spaltet-unser-team-hier-ist-was-wir-ueber-dieses-unerwartete-butter-bege-denken\/"},"wordCount":787,"publisher":{"@id":"https:\/\/www.strassenweb.de\/nachrichten\/#organization"},"image":{"@id":"https:\/\/www.strassenweb.de\/nachrichten\/kitchenaid-hat-gerade-seine-farbe-des-jahres-enthuellt-und-es-spaltet-unser-team-hier-ist-was-wir-ueber-dieses-unerwartete-butter-bege-denken\/#primaryimage"},"thumbnailUrl":"https:\/\/www.strassenweb.de\/nachrichten\/wp-content\/uploads\/2025\/02\/KitchenAid-hat-gerade-seine-Farbe-des-Jahres-enthuellt-und-es.png","keywords":["Bege","Butter","denken","des","dieses","enth\u00fcllt","Farbe","gerade","hat","hier","ist","Jahres","KitchenAid","seine","spaltet","Team","\u00fcber","und","unerwartete","Unser","wir"],"articleSection":["Haus &amp; Garten"],"inLanguage":"de"},{"@type":"WebPage","@id":"https:\/\/www.strassenweb.de\/nachrichten\/kitchenaid-hat-gerade-seine-farbe-des-jahres-enthuellt-und-es-spaltet-unser-team-hier-ist-was-wir-ueber-dieses-unerwartete-butter-bege-denken\/","url":"https:\/\/www.strassenweb.de\/nachrichten\/kitchenaid-hat-gerade-seine-farbe-des-jahres-enthuellt-und-es-spaltet-unser-team-hier-ist-was-wir-ueber-dieses-unerwartete-butter-bege-denken\/","name":"KitchenAid hat gerade seine Farbe des Jahres enth\u00fcllt und es spaltet unser Team - hier ist, was wir \u00fcber dieses unerwartete \"Butter\" -Bege denken - Nachrichten - Stra\u00dfenweb","isPartOf":{"@id":"https:\/\/www.strassenweb.de\/nachrichten\/#website"},"primaryImageOfPage":{"@id":"https:\/\/www.strassenweb.de\/nachrichten\/kitchenaid-hat-gerade-seine-farbe-des-jahres-enthuellt-und-es-spaltet-unser-team-hier-ist-was-wir-ueber-dieses-unerwartete-butter-bege-denken\/#primaryimage"},"image":{"@id":"https:\/\/www.strassenweb.de\/nachrichten\/kitchenaid-hat-gerade-seine-farbe-des-jahres-enthuellt-und-es-spaltet-unser-team-hier-ist-was-wir-ueber-dieses-unerwartete-butter-bege-denken\/#primaryimage"},"thumbnailUrl":"https:\/\/www.strassenweb.de\/nachrichten\/wp-content\/uploads\/2025\/02\/KitchenAid-hat-gerade-seine-Farbe-des-Jahres-enthuellt-und-es.png","datePublished":"2025-02-10T18:39:28+00:00","dateModified":"2025-02-10T18:39:31+00:00","breadcrumb":{"@id":"https:\/\/www.strassenweb.de\/nachrichten\/kitchenaid-hat-gerade-seine-farbe-des-jahres-enthuellt-und-es-spaltet-unser-team-hier-ist-was-wir-ueber-dieses-unerwartete-butter-bege-denken\/#breadcrumb"},"inLanguage":"de","potentialAction":[{"@type":"ReadAction","target":["https:\/\/www.strassenweb.de\/nachrichten\/kitchenaid-hat-gerade-seine-farbe-des-jahres-enthuellt-und-es-spaltet-unser-team-hier-ist-was-wir-ueber-dieses-unerwartete-butter-bege-denken\/"]}]},{"@type":"ImageObject","inLanguage":"de","@id":"https:\/\/www.strassenweb.de\/nachrichten\/kitchenaid-hat-gerade-seine-farbe-des-jahres-enthuellt-und-es-spaltet-unser-team-hier-ist-was-wir-ueber-dieses-unerwartete-butter-bege-denken\/#primaryimage","url":"https:\/\/www.strassenweb.de\/nachrichten\/wp-content\/uploads\/2025\/02\/KitchenAid-hat-gerade-seine-Farbe-des-Jahres-enthuellt-und-es.png","contentUrl":"https:\/\/www.strassenweb.de\/nachrichten\/wp-content\/uploads\/2025\/02\/KitchenAid-hat-gerade-seine-Farbe-des-Jahres-enthuellt-und-es.png","width":1200,"height":675,"caption":"KitchenAid hat gerade seine Farbe des Jahres enth\u00fcllt und es spaltet unser Team - hier ist, was wir \u00fcber dieses unerwartete \"Butter\" -Bege denken"},{"@type":"BreadcrumbList","@id":"https:\/\/www.strassenweb.de\/nachrichten\/kitchenaid-hat-gerade-seine-farbe-des-jahres-enthuellt-und-es-spaltet-unser-team-hier-ist-was-wir-ueber-dieses-unerwartete-butter-bege-denken\/#breadcrumb","itemListElement":[{"@type":"ListItem","position":1,"name":"Home","item":"https:\/\/www.strassenweb.de\/nachrichten\/"},{"@type":"ListItem","position":2,"name":"KitchenAid hat gerade seine Farbe des Jahres enth\u00fcllt und es spaltet unser Team &#8211; hier ist, was wir \u00fcber dieses unerwartete &#8222;Butter&#8220; -Bege denken"}]},{"@type":"WebSite","@id":"https:\/\/www.strassenweb.de\/nachrichten\/#website","url":"https:\/\/www.strassenweb.de\/nachrichten\/","name":"Stra\u00dfenweb","description":"Stra\u00dfenverzeichnis f\u00fcr Deutschland","publisher":{"@id":"https:\/\/www.strassenweb.de\/nachrichten\/#organization"},"potentialAction":[{"@type":"SearchAction","target":{"@type":"EntryPoint","urlTemplate":"https:\/\/www.strassenweb.de\/nachrichten\/?s={search_term_string}"},"query-input":{"@type":"PropertyValueSpecification","valueRequired":true,"valueName":"search_term_string"}}],"inLanguage":"de"},{"@type":"Organization","@id":"https:\/\/www.strassenweb.de\/nachrichten\/#organization","name":"Stra\u00dfenweb","url":"https:\/\/www.strassenweb.de\/nachrichten\/","logo":{"@type":"ImageObject","inLanguage":"de","@id":"https:\/\/www.strassenweb.de\/nachrichten\/#\/schema\/logo\/image\/","url":"https:\/\/www.strassenweb.de\/nachrichten\/wp-content\/uploads\/2024\/09\/cropped-favicon.png","contentUrl":"https:\/\/www.strassenweb.de\/nachrichten\/wp-content\/uploads\/2024\/09\/cropped-favicon.png","width":512,"height":512,"caption":"Stra\u00dfenweb"},"image":{"@id":"https:\/\/www.strassenweb.de\/nachrichten\/#\/schema\/logo\/image\/"},"sameAs":["https:\/\/www.facebook.com\/strassenweb\/"]},{"@type":"Person","@id":"https:\/\/www.strassenweb.de\/nachrichten\/#\/schema\/person\/87c9c9067f1211da429a744dc5a5aa41","name":"Robert Hoffmann","image":{"@type":"ImageObject","inLanguage":"de","@id":"https:\/\/www.strassenweb.de\/nachrichten\/wp-content\/uploads\/2024\/09\/strassenweb-150x150.jpg","url":"https:\/\/www.strassenweb.de\/nachrichten\/wp-content\/uploads\/2024\/09\/strassenweb-150x150.jpg","contentUrl":"https:\/\/www.strassenweb.de\/nachrichten\/wp-content\/uploads\/2024\/09\/strassenweb-150x150.jpg","caption":"Robert Hoffmann"},"description":"Ich hei\u00dfe Robert Hoffmann und ich bin ein leidenschaftlicher Verfechter von \u00d6kologie und Biodiversit\u00e4t. Seit meiner Kindheit in den W\u00e4ldern Bayerns f\u00fchle ich mich mit der Natur verbunden und bin entschlossen, sie zu sch\u00fctzen. Heute widme ich mein Leben der Sensibilisierung anderer f\u00fcr die Bedeutung des Umweltschutzes f\u00fcr zuk\u00fcnftige Generationen.","sameAs":["https:\/\/www.strassenweb.de\/"]}]}},"_links":{"self":[{"href":"https:\/\/www.strassenweb.de\/nachrichten\/wp-json\/wp\/v2\/posts\/3232","targetHints":{"allow":["GET"]}}],"collection":[{"href":"https:\/\/www.strassenweb.de\/nachrichten\/wp-json\/wp\/v2\/posts"}],"about":[{"href":"https:\/\/www.strassenweb.de\/nachrichten\/wp-json\/wp\/v2\/types\/post"}],"author":[{"embeddable":true,"href":"https:\/\/www.strassenweb.de\/nachrichten\/wp-json\/wp\/v2\/users\/1"}],"replies":[{"embeddable":true,"href":"https:\/\/www.strassenweb.de\/nachrichten\/wp-json\/wp\/v2\/comments?post=3232"}],"version-history":[{"count":0,"href":"https:\/\/www.strassenweb.de\/nachrichten\/wp-json\/wp\/v2\/posts\/3232\/revisions"}],"wp:featuredmedia":[{"embeddable":true,"href":"https:\/\/www.strassenweb.de\/nachrichten\/wp-json\/wp\/v2\/media\/3233"}],"wp:attachment":[{"href":"https:\/\/www.strassenweb.de\/nachrichten\/wp-json\/wp\/v2\/media?parent=3232"}],"wp:term":[{"taxonomy":"category","embeddable":true,"href":"https:\/\/www.strassenweb.de\/nachrichten\/wp-json\/wp\/v2\/categories?post=3232"},{"taxonomy":"post_tag","embeddable":true,"href":"https:\/\/www.strassenweb.de\/nachrichten\/wp-json\/wp\/v2\/tags?post=3232"}],"curies":[{"name":"wp","href":"https:\/\/api.w.org\/{rel}","templated":true}]}}