{"id":3223,"date":"2025-02-10T12:39:25","date_gmt":"2025-02-10T11:39:25","guid":{"rendered":"https:\/\/www.strassenweb.de\/nachrichten\/die-haushalte-baten-darum-den-valentinstag-liebe-zu-den-voegeln-zu-zeigen\/"},"modified":"2025-02-10T12:39:25","modified_gmt":"2025-02-10T11:39:25","slug":"die-haushalte-baten-darum-den-valentinstag-liebe-zu-den-voegeln-zu-zeigen","status":"publish","type":"post","link":"https:\/\/www.strassenweb.de\/nachrichten\/die-haushalte-baten-darum-den-valentinstag-liebe-zu-den-voegeln-zu-zeigen\/","title":{"rendered":"Die Haushalte baten darum, den Valentinstag Liebe zu den V\u00f6geln zu zeigen"},"content":{"rendered":"<p><strong>Wenn wir uns dem Valentinstag n\u00e4hern und die Liebesv\u00f6gel der Nationen damit besch\u00e4ftigt sind, strafrechtliche Pl\u00e4ne zu erstellen, markiert der gefeierte Saint&#8217;s Day auch den Beginn der nationalen Nest Box Week.<\/strong><\/p>\n<p><strong>Mitte Februar ist auch, wenn viele wilde V\u00f6gel anfangen, sich f\u00fcr die bevorstehende Brutzeit zu kombinieren und geeignete Standorte zu suchen. Jetzt ist jetzt eine gro\u00dfartige Zeit, um neue Nistk\u00e4sten aufzubauen oder Ihre alten zu feilen, sagt der britische Vertrauen f\u00fcr Ornithologie (BTO).<\/strong><\/p>\n<p>Unsere G\u00e4rten und gr\u00fcnen R\u00e4ume bieten ein perfektes Zuhause f\u00fcr viele unserer bekanntesten und beliebtesten V\u00f6gel, wie sie <strong>Blue Meise<\/strong>Anwesend <strong>Haussperling<\/strong>Anwesend <strong>Star<\/strong> Und <strong>Robin<\/strong>. Und w\u00e4hrend einige Personen m\u00f6glicherweise einen sicheren Ort finden, an dem sie in gepflanzten Gebieten oder in der Umgebung von Geb\u00e4uden nisten k\u00f6nnen, gibt es immer noch einen Mangel an w\u00fcnschenswerten Nistpl\u00e4tzen, insbesondere in st\u00e4dtischen und vorst\u00e4dtischen Gebieten.<\/p>\n<p>Der Verlust eines angemessenen Lebensraums, \u00c4nderungen der Landnutzung, der ordentlichen G\u00e4rten und anderer Faktoren haben sich negativ auf viele der Zuchtv\u00f6gel Gro\u00dfbritanniens ausgewirkt, und es ist immer wichtiger, dass wir einen Hafen bereitstellen, in dem unsere gefiederten Nachbarn ihre Bruten erh\u00f6hen k\u00f6nnen. Durch die Bereitstellung von Nistk\u00e4sten k\u00f6nnen wir vielen unserer Gartenbesucher helfen.<\/p>\n<p>Es gibt eine erstaunliche Auswahl an Kisten. Von blauen Titten bis <strong>Scheunen -Eulen<\/strong>Es gibt Kisten, die f\u00fcr eine Reihe verschiedener Arten ausgelegt sind. Egal, ob Sie Ihre Nistkiste bauen oder eine fertige Kauf kaufen, \u00fcberlegen Sie, welche V\u00f6gel Sie anziehen m\u00f6chten. Notieren Sie sich die V\u00f6gel, die Sie in Ihrem Garten sehen, um festzustellen, welche Arten dort am wahrscheinlichsten nisten. Gr\u00f6\u00dfere G\u00e4rten sollten ein breiteres Spektrum von V\u00f6geln anziehen, w\u00e4hrend kleinere R\u00e4ume m\u00f6glicherweise nur begrenzte, aber ebenso wertvolle M\u00f6glichkeiten bieten.<\/p>\n<p>Wie bei unseren eigenen H\u00e4usern ist auch der Ort eine wichtige Funktion. Kisten f\u00fcr die meisten g\u00e4ngigen Gartenv\u00f6gel sollten zwischen 1 und 3 Metern vom Boden entfernt sein, von Vogelh\u00e4uschen entfernt, und wo der Eingang vor dem vorherrschenden Wind, Regen und starkem Sonnenlicht gesch\u00fctzt ist.<\/p>\n<p>Ein anderer Vogel, der auch leicht zu k\u00fcnstlichen Nistpl\u00e4tzen f\u00fchrt, aber kein Gartenvogel ist, ist der <strong>Schnell<\/strong>. Diese erstaunlichen Luftakrobaten haben in den letzten Jahrzehnten einen gr\u00f6\u00dferen R\u00fcckgang der Bev\u00f6lkerung erlitten, und viele Hausbesitzer bieten jetzt spezielle Kisten f\u00fcr diese dynamischen Reisenden an, deren unverwechselbare Schreiber Anruf in unseren St\u00e4dten und St\u00e4dten einst ein vertrauter Sommer -Sound waren. Swifts bevorzugen in der Regel \u00e4ltere Geb\u00e4ude f\u00fcr die Nistung, wo sie ihre K\u00fcken unter den Traufe erheben, aber moderne Verbesserungen und Renovierungsarbeiten f\u00fcr Haushalte haben geeignete Nistpl\u00e4tze reduziert.<\/p>\n<p>Nestboxen bieten nicht nur ein unsch\u00e4tzbares Zuhause f\u00fcr unsere Gartenv\u00f6gel und geben den Haushalten einen seltenen Einblick in ihr Privatleben. Sie k\u00f6nnen auch dazu beitragen, wichtige wissenschaftliche Daten zu liefern. BTO NEST -\u00dcberwachungssysteme bieten den Menschen eine fabelhafte M\u00f6glichkeit, die Gesundheit unserer Nistvogelpopulationen zu \u00fcberwachen, indem sie ihre Aufzeichnungen einsenden und wichtige Informationen zu unserem Verst\u00e4ndnis des Zuchterfolgs der V\u00f6gel beitragen.<br \/>Um mehr zu erfahren, gehen Sie zu: www.bto.org\/nest-monitoring<\/p>\n<p>Die BTO -Website verf\u00fcgt au\u00dferdem \u00fcber eine spezielle Nistbox -Seite, die Informationen und Ratschl\u00e4ge zum Erstellen, Kauf und Positionieren von Nistk\u00e4sten und den verschiedenen V\u00f6geln enth\u00e4lt, die angezogen werden k\u00f6nnen.<br \/>F\u00fcr Details besuchen Sie: www.bto.org\/nest-boxes<\/p>\n<p><strong>BTO Nisting Neighbors Survey Organizer Hazel McCambridge, sagt<\/strong> \u201eIndem Sie eine Nistkiste in Ihrem Garten aufstellen, bieten Sie nicht nur einen Platz f\u00fcr V\u00f6gel an, um ihre Familie zu erziehen, sondern auch eine Gelegenheit, Ihre Beziehung zur Tierwelt vor Ihrer Haust\u00fcr zu vertiefen. Wenn Sie in Ihre Nistkiste schauen oder eine Kamera in der Box haben, haben Sie die M\u00f6glichkeit, etwas \u00fcber die V\u00f6gel um Sie herum zu erfahren, und indem Sie die Details des Nestes einreichen, k\u00f6nnen Sie uns helfen, zu verstehen, wie sich Lebensr\u00e4ume und Klimawandel auf V\u00f6gel auswirken. \u201d<\/p>\n<p>: Blue Tit Chick von Tom Streeter BTO<\/p>\n","protected":false},"excerpt":{"rendered":"<p>Wenn wir uns dem Valentinstag n\u00e4hern und die Liebesv\u00f6gel der Nationen damit besch\u00e4ftigt sind, strafrechtliche Pl\u00e4ne zu erstellen, markiert der gefeierte Saint&#8217;s Day auch den<\/p>\n","protected":false},"author":1,"featured_media":3224,"comment_status":"closed","ping_status":"","sticky":false,"template":"","format":"standard","meta":{"footnotes":""},"categories":[101],"tags":[5112,3634,78,9,5111,2931,4610,479,706],"class_list":["post-3223","post","type-post","status-publish","format-standard","has-post-thumbnail","hentry","category-oekologie","tag-baten","tag-darum","tag-den","tag-die","tag-haushalte","tag-liebe","tag-valentinstag","tag-voegeln","tag-zeigen","generate-columns","tablet-grid-50","mobile-grid-100","grid-parent","grid-50"],"yoast_head":"<!-- This site is optimized with the Yoast SEO plugin v27.3 - https:\/\/yoast.com\/product\/yoast-seo-wordpress\/ -->\n<title>Die Haushalte baten darum, den Valentinstag Liebe zu den V\u00f6geln zu zeigen - Nachrichten - Stra\u00dfenweb<\/title>\n<meta name=\"robots\" content=\"index, follow, max-snippet:-1, max-image-preview:large, max-video-preview:-1\" \/>\n<link rel=\"canonical\" href=\"https:\/\/www.strassenweb.de\/nachrichten\/die-haushalte-baten-darum-den-valentinstag-liebe-zu-den-voegeln-zu-zeigen\/\" \/>\n<meta property=\"og:locale\" content=\"de_DE\" \/>\n<meta property=\"og:type\" content=\"article\" \/>\n<meta property=\"og:title\" content=\"Die Haushalte baten darum, den Valentinstag Liebe zu den V\u00f6geln zu zeigen - Nachrichten - Stra\u00dfenweb\" \/>\n<meta property=\"og:description\" content=\"Wenn wir uns dem Valentinstag n\u00e4hern und die Liebesv\u00f6gel der Nationen damit besch\u00e4ftigt sind, strafrechtliche Pl\u00e4ne zu erstellen, markiert der gefeierte Saint&#8217;s Day auch den\" \/>\n<meta property=\"og:url\" content=\"https:\/\/www.strassenweb.de\/nachrichten\/die-haushalte-baten-darum-den-valentinstag-liebe-zu-den-voegeln-zu-zeigen\/\" \/>\n<meta property=\"og:site_name\" content=\"Stra\u00dfenweb\" \/>\n<meta property=\"article:publisher\" content=\"https:\/\/www.facebook.com\/strassenweb\/\" \/>\n<meta property=\"article:published_time\" content=\"2025-02-10T11:39:25+00:00\" \/>\n<meta property=\"og:image\" content=\"https:\/\/www.strassenweb.de\/nachrichten\/wp-content\/uploads\/2025\/02\/Die-Haushalte-baten-darum-den-Valentinstag-Liebe-zu-den-Voegeln.jpg\" \/>\n\t<meta property=\"og:image:width\" content=\"900\" \/>\n\t<meta property=\"og:image:height\" content=\"695\" \/>\n\t<meta property=\"og:image:type\" content=\"image\/jpeg\" \/>\n<meta name=\"author\" content=\"Robert Hoffmann\" \/>\n<meta name=\"twitter:card\" content=\"summary_large_image\" \/>\n<meta name=\"twitter:label1\" content=\"Verfasst von\" \/>\n\t<meta name=\"twitter:data1\" content=\"Robert Hoffmann\" \/>\n\t<meta name=\"twitter:label2\" content=\"Gesch\u00e4tzte Lesezeit\" \/>\n\t<meta name=\"twitter:data2\" content=\"3\u00a0Minuten\" \/>\n<script type=\"application\/ld+json\" class=\"yoast-schema-graph\">{\"@context\":\"https:\\\/\\\/schema.org\",\"@graph\":[{\"@type\":\"Article\",\"@id\":\"https:\\\/\\\/www.strassenweb.de\\\/nachrichten\\\/die-haushalte-baten-darum-den-valentinstag-liebe-zu-den-voegeln-zu-zeigen\\\/#article\",\"isPartOf\":{\"@id\":\"https:\\\/\\\/www.strassenweb.de\\\/nachrichten\\\/die-haushalte-baten-darum-den-valentinstag-liebe-zu-den-voegeln-zu-zeigen\\\/\"},\"author\":{\"name\":\"Robert Hoffmann\",\"@id\":\"https:\\\/\\\/www.strassenweb.de\\\/nachrichten\\\/#\\\/schema\\\/person\\\/87c9c9067f1211da429a744dc5a5aa41\"},\"headline\":\"Die Haushalte baten darum, den Valentinstag Liebe zu den V\u00f6geln zu zeigen\",\"datePublished\":\"2025-02-10T11:39:25+00:00\",\"mainEntityOfPage\":{\"@id\":\"https:\\\/\\\/www.strassenweb.de\\\/nachrichten\\\/die-haushalte-baten-darum-den-valentinstag-liebe-zu-den-voegeln-zu-zeigen\\\/\"},\"wordCount\":705,\"publisher\":{\"@id\":\"https:\\\/\\\/www.strassenweb.de\\\/nachrichten\\\/#organization\"},\"image\":{\"@id\":\"https:\\\/\\\/www.strassenweb.de\\\/nachrichten\\\/die-haushalte-baten-darum-den-valentinstag-liebe-zu-den-voegeln-zu-zeigen\\\/#primaryimage\"},\"thumbnailUrl\":\"https:\\\/\\\/www.strassenweb.de\\\/nachrichten\\\/wp-content\\\/uploads\\\/2025\\\/02\\\/Die-Haushalte-baten-darum-den-Valentinstag-Liebe-zu-den-Voegeln.jpg\",\"keywords\":[\"baten\",\"darum\",\"den\",\"die\",\"Haushalte\",\"liebe\",\"Valentinstag\",\"V\u00f6geln\",\"zeigen\"],\"articleSection\":[\"\u00d6kologie\"],\"inLanguage\":\"de\"},{\"@type\":\"WebPage\",\"@id\":\"https:\\\/\\\/www.strassenweb.de\\\/nachrichten\\\/die-haushalte-baten-darum-den-valentinstag-liebe-zu-den-voegeln-zu-zeigen\\\/\",\"url\":\"https:\\\/\\\/www.strassenweb.de\\\/nachrichten\\\/die-haushalte-baten-darum-den-valentinstag-liebe-zu-den-voegeln-zu-zeigen\\\/\",\"name\":\"Die Haushalte baten darum, den Valentinstag Liebe zu den V\u00f6geln zu zeigen - Nachrichten - Stra\u00dfenweb\",\"isPartOf\":{\"@id\":\"https:\\\/\\\/www.strassenweb.de\\\/nachrichten\\\/#website\"},\"primaryImageOfPage\":{\"@id\":\"https:\\\/\\\/www.strassenweb.de\\\/nachrichten\\\/die-haushalte-baten-darum-den-valentinstag-liebe-zu-den-voegeln-zu-zeigen\\\/#primaryimage\"},\"image\":{\"@id\":\"https:\\\/\\\/www.strassenweb.de\\\/nachrichten\\\/die-haushalte-baten-darum-den-valentinstag-liebe-zu-den-voegeln-zu-zeigen\\\/#primaryimage\"},\"thumbnailUrl\":\"https:\\\/\\\/www.strassenweb.de\\\/nachrichten\\\/wp-content\\\/uploads\\\/2025\\\/02\\\/Die-Haushalte-baten-darum-den-Valentinstag-Liebe-zu-den-Voegeln.jpg\",\"datePublished\":\"2025-02-10T11:39:25+00:00\",\"breadcrumb\":{\"@id\":\"https:\\\/\\\/www.strassenweb.de\\\/nachrichten\\\/die-haushalte-baten-darum-den-valentinstag-liebe-zu-den-voegeln-zu-zeigen\\\/#breadcrumb\"},\"inLanguage\":\"de\",\"potentialAction\":[{\"@type\":\"ReadAction\",\"target\":[\"https:\\\/\\\/www.strassenweb.de\\\/nachrichten\\\/die-haushalte-baten-darum-den-valentinstag-liebe-zu-den-voegeln-zu-zeigen\\\/\"]}]},{\"@type\":\"ImageObject\",\"inLanguage\":\"de\",\"@id\":\"https:\\\/\\\/www.strassenweb.de\\\/nachrichten\\\/die-haushalte-baten-darum-den-valentinstag-liebe-zu-den-voegeln-zu-zeigen\\\/#primaryimage\",\"url\":\"https:\\\/\\\/www.strassenweb.de\\\/nachrichten\\\/wp-content\\\/uploads\\\/2025\\\/02\\\/Die-Haushalte-baten-darum-den-Valentinstag-Liebe-zu-den-Voegeln.jpg\",\"contentUrl\":\"https:\\\/\\\/www.strassenweb.de\\\/nachrichten\\\/wp-content\\\/uploads\\\/2025\\\/02\\\/Die-Haushalte-baten-darum-den-Valentinstag-Liebe-zu-den-Voegeln.jpg\",\"width\":900,\"height\":695,\"caption\":\"Householders asked to show love for the birds this Valentine\u2019s Day\"},{\"@type\":\"BreadcrumbList\",\"@id\":\"https:\\\/\\\/www.strassenweb.de\\\/nachrichten\\\/die-haushalte-baten-darum-den-valentinstag-liebe-zu-den-voegeln-zu-zeigen\\\/#breadcrumb\",\"itemListElement\":[{\"@type\":\"ListItem\",\"position\":1,\"name\":\"Home\",\"item\":\"https:\\\/\\\/www.strassenweb.de\\\/nachrichten\\\/\"},{\"@type\":\"ListItem\",\"position\":2,\"name\":\"Die Haushalte baten darum, den Valentinstag Liebe zu den V\u00f6geln zu zeigen\"}]},{\"@type\":\"WebSite\",\"@id\":\"https:\\\/\\\/www.strassenweb.de\\\/nachrichten\\\/#website\",\"url\":\"https:\\\/\\\/www.strassenweb.de\\\/nachrichten\\\/\",\"name\":\"Stra\u00dfenweb\",\"description\":\"Stra\u00dfenverzeichnis f\u00fcr Deutschland\",\"publisher\":{\"@id\":\"https:\\\/\\\/www.strassenweb.de\\\/nachrichten\\\/#organization\"},\"potentialAction\":[{\"@type\":\"SearchAction\",\"target\":{\"@type\":\"EntryPoint\",\"urlTemplate\":\"https:\\\/\\\/www.strassenweb.de\\\/nachrichten\\\/?s={search_term_string}\"},\"query-input\":{\"@type\":\"PropertyValueSpecification\",\"valueRequired\":true,\"valueName\":\"search_term_string\"}}],\"inLanguage\":\"de\"},{\"@type\":\"Organization\",\"@id\":\"https:\\\/\\\/www.strassenweb.de\\\/nachrichten\\\/#organization\",\"name\":\"Stra\u00dfenweb\",\"url\":\"https:\\\/\\\/www.strassenweb.de\\\/nachrichten\\\/\",\"logo\":{\"@type\":\"ImageObject\",\"inLanguage\":\"de\",\"@id\":\"https:\\\/\\\/www.strassenweb.de\\\/nachrichten\\\/#\\\/schema\\\/logo\\\/image\\\/\",\"url\":\"https:\\\/\\\/www.strassenweb.de\\\/nachrichten\\\/wp-content\\\/uploads\\\/2024\\\/09\\\/cropped-favicon.png\",\"contentUrl\":\"https:\\\/\\\/www.strassenweb.de\\\/nachrichten\\\/wp-content\\\/uploads\\\/2024\\\/09\\\/cropped-favicon.png\",\"width\":512,\"height\":512,\"caption\":\"Stra\u00dfenweb\"},\"image\":{\"@id\":\"https:\\\/\\\/www.strassenweb.de\\\/nachrichten\\\/#\\\/schema\\\/logo\\\/image\\\/\"},\"sameAs\":[\"https:\\\/\\\/www.facebook.com\\\/strassenweb\\\/\"]},{\"@type\":\"Person\",\"@id\":\"https:\\\/\\\/www.strassenweb.de\\\/nachrichten\\\/#\\\/schema\\\/person\\\/87c9c9067f1211da429a744dc5a5aa41\",\"name\":\"Robert Hoffmann\",\"image\":{\"@type\":\"ImageObject\",\"inLanguage\":\"de\",\"@id\":\"https:\\\/\\\/www.strassenweb.de\\\/nachrichten\\\/wp-content\\\/uploads\\\/2024\\\/09\\\/strassenweb-150x150.jpg\",\"url\":\"https:\\\/\\\/www.strassenweb.de\\\/nachrichten\\\/wp-content\\\/uploads\\\/2024\\\/09\\\/strassenweb-150x150.jpg\",\"contentUrl\":\"https:\\\/\\\/www.strassenweb.de\\\/nachrichten\\\/wp-content\\\/uploads\\\/2024\\\/09\\\/strassenweb-150x150.jpg\",\"caption\":\"Robert Hoffmann\"},\"description\":\"Ich hei\u00dfe Robert Hoffmann und ich bin ein leidenschaftlicher Verfechter von \u00d6kologie und Biodiversit\u00e4t. Seit meiner Kindheit in den W\u00e4ldern Bayerns f\u00fchle ich mich mit der Natur verbunden und bin entschlossen, sie zu sch\u00fctzen. Heute widme ich mein Leben der Sensibilisierung anderer f\u00fcr die Bedeutung des Umweltschutzes f\u00fcr zuk\u00fcnftige Generationen.\",\"sameAs\":[\"https:\\\/\\\/www.strassenweb.de\\\/\"]}]}<\/script>\n<!-- \/ Yoast SEO plugin. -->","yoast_head_json":{"title":"Die Haushalte baten darum, den Valentinstag Liebe zu den V\u00f6geln zu zeigen - Nachrichten - Stra\u00dfenweb","robots":{"index":"index","follow":"follow","max-snippet":"max-snippet:-1","max-image-preview":"max-image-preview:large","max-video-preview":"max-video-preview:-1"},"canonical":"https:\/\/www.strassenweb.de\/nachrichten\/die-haushalte-baten-darum-den-valentinstag-liebe-zu-den-voegeln-zu-zeigen\/","og_locale":"de_DE","og_type":"article","og_title":"Die Haushalte baten darum, den Valentinstag Liebe zu den V\u00f6geln zu zeigen - Nachrichten - Stra\u00dfenweb","og_description":"Wenn wir uns dem Valentinstag n\u00e4hern und die Liebesv\u00f6gel der Nationen damit besch\u00e4ftigt sind, strafrechtliche Pl\u00e4ne zu erstellen, markiert der gefeierte Saint&#8217;s Day auch den","og_url":"https:\/\/www.strassenweb.de\/nachrichten\/die-haushalte-baten-darum-den-valentinstag-liebe-zu-den-voegeln-zu-zeigen\/","og_site_name":"Stra\u00dfenweb","article_publisher":"https:\/\/www.facebook.com\/strassenweb\/","article_published_time":"2025-02-10T11:39:25+00:00","og_image":[{"width":900,"height":695,"url":"https:\/\/www.strassenweb.de\/nachrichten\/wp-content\/uploads\/2025\/02\/Die-Haushalte-baten-darum-den-Valentinstag-Liebe-zu-den-Voegeln.jpg","type":"image\/jpeg"}],"author":"Robert Hoffmann","twitter_card":"summary_large_image","twitter_misc":{"Verfasst von":"Robert Hoffmann","Gesch\u00e4tzte Lesezeit":"3\u00a0Minuten"},"schema":{"@context":"https:\/\/schema.org","@graph":[{"@type":"Article","@id":"https:\/\/www.strassenweb.de\/nachrichten\/die-haushalte-baten-darum-den-valentinstag-liebe-zu-den-voegeln-zu-zeigen\/#article","isPartOf":{"@id":"https:\/\/www.strassenweb.de\/nachrichten\/die-haushalte-baten-darum-den-valentinstag-liebe-zu-den-voegeln-zu-zeigen\/"},"author":{"name":"Robert Hoffmann","@id":"https:\/\/www.strassenweb.de\/nachrichten\/#\/schema\/person\/87c9c9067f1211da429a744dc5a5aa41"},"headline":"Die Haushalte baten darum, den Valentinstag Liebe zu den V\u00f6geln zu zeigen","datePublished":"2025-02-10T11:39:25+00:00","mainEntityOfPage":{"@id":"https:\/\/www.strassenweb.de\/nachrichten\/die-haushalte-baten-darum-den-valentinstag-liebe-zu-den-voegeln-zu-zeigen\/"},"wordCount":705,"publisher":{"@id":"https:\/\/www.strassenweb.de\/nachrichten\/#organization"},"image":{"@id":"https:\/\/www.strassenweb.de\/nachrichten\/die-haushalte-baten-darum-den-valentinstag-liebe-zu-den-voegeln-zu-zeigen\/#primaryimage"},"thumbnailUrl":"https:\/\/www.strassenweb.de\/nachrichten\/wp-content\/uploads\/2025\/02\/Die-Haushalte-baten-darum-den-Valentinstag-Liebe-zu-den-Voegeln.jpg","keywords":["baten","darum","den","die","Haushalte","liebe","Valentinstag","V\u00f6geln","zeigen"],"articleSection":["\u00d6kologie"],"inLanguage":"de"},{"@type":"WebPage","@id":"https:\/\/www.strassenweb.de\/nachrichten\/die-haushalte-baten-darum-den-valentinstag-liebe-zu-den-voegeln-zu-zeigen\/","url":"https:\/\/www.strassenweb.de\/nachrichten\/die-haushalte-baten-darum-den-valentinstag-liebe-zu-den-voegeln-zu-zeigen\/","name":"Die Haushalte baten darum, den Valentinstag Liebe zu den V\u00f6geln zu zeigen - Nachrichten - Stra\u00dfenweb","isPartOf":{"@id":"https:\/\/www.strassenweb.de\/nachrichten\/#website"},"primaryImageOfPage":{"@id":"https:\/\/www.strassenweb.de\/nachrichten\/die-haushalte-baten-darum-den-valentinstag-liebe-zu-den-voegeln-zu-zeigen\/#primaryimage"},"image":{"@id":"https:\/\/www.strassenweb.de\/nachrichten\/die-haushalte-baten-darum-den-valentinstag-liebe-zu-den-voegeln-zu-zeigen\/#primaryimage"},"thumbnailUrl":"https:\/\/www.strassenweb.de\/nachrichten\/wp-content\/uploads\/2025\/02\/Die-Haushalte-baten-darum-den-Valentinstag-Liebe-zu-den-Voegeln.jpg","datePublished":"2025-02-10T11:39:25+00:00","breadcrumb":{"@id":"https:\/\/www.strassenweb.de\/nachrichten\/die-haushalte-baten-darum-den-valentinstag-liebe-zu-den-voegeln-zu-zeigen\/#breadcrumb"},"inLanguage":"de","potentialAction":[{"@type":"ReadAction","target":["https:\/\/www.strassenweb.de\/nachrichten\/die-haushalte-baten-darum-den-valentinstag-liebe-zu-den-voegeln-zu-zeigen\/"]}]},{"@type":"ImageObject","inLanguage":"de","@id":"https:\/\/www.strassenweb.de\/nachrichten\/die-haushalte-baten-darum-den-valentinstag-liebe-zu-den-voegeln-zu-zeigen\/#primaryimage","url":"https:\/\/www.strassenweb.de\/nachrichten\/wp-content\/uploads\/2025\/02\/Die-Haushalte-baten-darum-den-Valentinstag-Liebe-zu-den-Voegeln.jpg","contentUrl":"https:\/\/www.strassenweb.de\/nachrichten\/wp-content\/uploads\/2025\/02\/Die-Haushalte-baten-darum-den-Valentinstag-Liebe-zu-den-Voegeln.jpg","width":900,"height":695,"caption":"Householders asked to show love for the birds this Valentine\u2019s Day"},{"@type":"BreadcrumbList","@id":"https:\/\/www.strassenweb.de\/nachrichten\/die-haushalte-baten-darum-den-valentinstag-liebe-zu-den-voegeln-zu-zeigen\/#breadcrumb","itemListElement":[{"@type":"ListItem","position":1,"name":"Home","item":"https:\/\/www.strassenweb.de\/nachrichten\/"},{"@type":"ListItem","position":2,"name":"Die Haushalte baten darum, den Valentinstag Liebe zu den V\u00f6geln zu zeigen"}]},{"@type":"WebSite","@id":"https:\/\/www.strassenweb.de\/nachrichten\/#website","url":"https:\/\/www.strassenweb.de\/nachrichten\/","name":"Stra\u00dfenweb","description":"Stra\u00dfenverzeichnis f\u00fcr Deutschland","publisher":{"@id":"https:\/\/www.strassenweb.de\/nachrichten\/#organization"},"potentialAction":[{"@type":"SearchAction","target":{"@type":"EntryPoint","urlTemplate":"https:\/\/www.strassenweb.de\/nachrichten\/?s={search_term_string}"},"query-input":{"@type":"PropertyValueSpecification","valueRequired":true,"valueName":"search_term_string"}}],"inLanguage":"de"},{"@type":"Organization","@id":"https:\/\/www.strassenweb.de\/nachrichten\/#organization","name":"Stra\u00dfenweb","url":"https:\/\/www.strassenweb.de\/nachrichten\/","logo":{"@type":"ImageObject","inLanguage":"de","@id":"https:\/\/www.strassenweb.de\/nachrichten\/#\/schema\/logo\/image\/","url":"https:\/\/www.strassenweb.de\/nachrichten\/wp-content\/uploads\/2024\/09\/cropped-favicon.png","contentUrl":"https:\/\/www.strassenweb.de\/nachrichten\/wp-content\/uploads\/2024\/09\/cropped-favicon.png","width":512,"height":512,"caption":"Stra\u00dfenweb"},"image":{"@id":"https:\/\/www.strassenweb.de\/nachrichten\/#\/schema\/logo\/image\/"},"sameAs":["https:\/\/www.facebook.com\/strassenweb\/"]},{"@type":"Person","@id":"https:\/\/www.strassenweb.de\/nachrichten\/#\/schema\/person\/87c9c9067f1211da429a744dc5a5aa41","name":"Robert Hoffmann","image":{"@type":"ImageObject","inLanguage":"de","@id":"https:\/\/www.strassenweb.de\/nachrichten\/wp-content\/uploads\/2024\/09\/strassenweb-150x150.jpg","url":"https:\/\/www.strassenweb.de\/nachrichten\/wp-content\/uploads\/2024\/09\/strassenweb-150x150.jpg","contentUrl":"https:\/\/www.strassenweb.de\/nachrichten\/wp-content\/uploads\/2024\/09\/strassenweb-150x150.jpg","caption":"Robert Hoffmann"},"description":"Ich hei\u00dfe Robert Hoffmann und ich bin ein leidenschaftlicher Verfechter von \u00d6kologie und Biodiversit\u00e4t. Seit meiner Kindheit in den W\u00e4ldern Bayerns f\u00fchle ich mich mit der Natur verbunden und bin entschlossen, sie zu sch\u00fctzen. Heute widme ich mein Leben der Sensibilisierung anderer f\u00fcr die Bedeutung des Umweltschutzes f\u00fcr zuk\u00fcnftige Generationen.","sameAs":["https:\/\/www.strassenweb.de\/"]}]}},"_links":{"self":[{"href":"https:\/\/www.strassenweb.de\/nachrichten\/wp-json\/wp\/v2\/posts\/3223","targetHints":{"allow":["GET"]}}],"collection":[{"href":"https:\/\/www.strassenweb.de\/nachrichten\/wp-json\/wp\/v2\/posts"}],"about":[{"href":"https:\/\/www.strassenweb.de\/nachrichten\/wp-json\/wp\/v2\/types\/post"}],"author":[{"embeddable":true,"href":"https:\/\/www.strassenweb.de\/nachrichten\/wp-json\/wp\/v2\/users\/1"}],"replies":[{"embeddable":true,"href":"https:\/\/www.strassenweb.de\/nachrichten\/wp-json\/wp\/v2\/comments?post=3223"}],"version-history":[{"count":0,"href":"https:\/\/www.strassenweb.de\/nachrichten\/wp-json\/wp\/v2\/posts\/3223\/revisions"}],"wp:featuredmedia":[{"embeddable":true,"href":"https:\/\/www.strassenweb.de\/nachrichten\/wp-json\/wp\/v2\/media\/3224"}],"wp:attachment":[{"href":"https:\/\/www.strassenweb.de\/nachrichten\/wp-json\/wp\/v2\/media?parent=3223"}],"wp:term":[{"taxonomy":"category","embeddable":true,"href":"https:\/\/www.strassenweb.de\/nachrichten\/wp-json\/wp\/v2\/categories?post=3223"},{"taxonomy":"post_tag","embeddable":true,"href":"https:\/\/www.strassenweb.de\/nachrichten\/wp-json\/wp\/v2\/tags?post=3223"}],"curies":[{"name":"wp","href":"https:\/\/api.w.org\/{rel}","templated":true}]}}